{"id":132659,"date":"2025-07-01T17:43:21","date_gmt":"2025-07-01T14:43:21","guid":{"rendered":"https:\/\/denizcankizil.tr\/uncategorized-tr\/otizmin-farkinda-cocuklarin-yaninda-baskan-cercioglundan-anlamli-destek\/"},"modified":"2025-07-01T17:43:21","modified_gmt":"2025-07-01T14:43:21","slug":"otizmin-farkinda-cocuklarin-yaninda-baskan-cercioglundan-anlamli-destek","status":"publish","type":"post","link":"https:\/\/denizcankizil.tr\/uk\/haberler\/gundem\/otizmin-farkinda-cocuklarin-yaninda-baskan-cercioglundan-anlamli-destek\/","title":{"rendered":"Otizmin Fark\u0131nda, \u00c7ocuklar\u0131n Yan\u0131nda: Ba\u015fkan \u00c7er\u00e7io\u011flu\u2019ndan Anlaml\u0131 Destek"},"content":{"rendered":"<p>Ayd\u0131n B\u00fcy\u00fck\u015fehir Belediyesi, t\u00fcm T\u00fcrkiye\u2019de \u00f6rnek g\u00f6sterilen otizmli bireylere y\u00f6nelik hayata ge\u00e7irilen projelerine h\u0131z kesmeden s\u00fcrd\u00fcr\u00fcyor.<\/p>\n<p>\u200bAyd\u0131n B\u00fcy\u00fck\u015fehir Belediyesi, t\u00fcm T\u00fcrkiye\u2019de \u00f6rnek g\u00f6sterilen otizmli bireylere y\u00f6nelik hayata ge\u00e7irilen projelerine h\u0131z kesmeden s\u00fcrd\u00fcr\u00fcyor.\u00a0<\/p>\n<p>\u200bHaberin Al\u0131nt\u0131land\u0131\u011f\u0131 Kaynak: www.iskenderun.org<\/p>","protected":false},"excerpt":{"rendered":"<p>Ayd\u0131n B\u00fcy\u00fck\u015fehir Belediyesi, t\u00fcm T\u00fcrkiye\u2019de \u00f6rnek g\u00f6sterilen otizmli bireylere y\u00f6nelik hayata ge\u00e7irilen projelerine h\u0131z kesmeden s\u00fcrd\u00fcr\u00fcyor. \u200bAyd\u0131n B\u00fcy\u00fck\u015fehir Belediyesi, t\u00fcm T\u00fcrkiye\u2019de \u00f6rnek g\u00f6sterilen otizmli bireylere y\u00f6nelik hayata ge\u00e7irilen projelerine h\u0131z kesmeden s\u00fcrd\u00fcr\u00fcyor.\u00a0 \u200bHaberin Al\u0131nt\u0131land\u0131\u011f\u0131 Kaynak: www.iskenderun.org<\/p>","protected":false},"author":1,"featured_media":0,"comment_status":"","ping_status":"open","sticky":false,"template":"","format":"standard","meta":{"_acf_changed":false,"footnotes":""},"categories":[24],"tags":[],"class_list":["post-132659","post","type-post","status-publish","format-standard","has-post-thumbnail","hentry","category-gundem"],"acf":[],"yoast_head":"<!-- This site is optimized with the Yoast SEO Premium plugin v26.6 (Yoast SEO v27.1.1) - https:\/\/yoast.com\/product\/yoast-seo-premium-wordpress\/ -->\n<title>Otizmin Fark\u0131nda, \u00c7ocuklar\u0131n Yan\u0131nda: Ba\u015fkan \u00c7er\u00e7io\u011flu\u2019ndan Anlaml\u0131 Destek - Av. Deniz Can K\u0131z\u0131l<\/title>\n<meta name=\"robots\" content=\"index, follow, max-snippet:-1, max-image-preview:large, max-video-preview:-1\" \/>\n<link rel=\"canonical\" href=\"https:\/\/denizcankizil.tr\/uk\/haberler\/gundem\/otizmin-farkinda-cocuklarin-yaninda-baskan-cercioglundan-anlamli-destek\/\" \/>\n<meta property=\"og:locale\" content=\"uk_UA\" \/>\n<meta property=\"og:type\" content=\"article\" \/>\n<meta property=\"og:title\" content=\"Otizmin Fark\u0131nda, \u00c7ocuklar\u0131n Yan\u0131nda: Ba\u015fkan \u00c7er\u00e7io\u011flu\u2019ndan Anlaml\u0131 Destek\" \/>\n<meta property=\"og:description\" content=\"Ayd\u0131n B\u00fcy\u00fck\u015fehir Belediyesi, t\u00fcm T\u00fcrkiye\u2019de \u00f6rnek g\u00f6sterilen otizmli bireylere y\u00f6nelik hayata ge\u00e7irilen projelerine h\u0131z kesmeden s\u00fcrd\u00fcr\u00fcyor. \u200bAyd\u0131n B\u00fcy\u00fck\u015fehir Belediyesi, t\u00fcm T\u00fcrkiye\u2019de \u00f6rnek g\u00f6sterilen otizmli bireylere y\u00f6nelik hayata ge\u00e7irilen projelerine h\u0131z kesmeden s\u00fcrd\u00fcr\u00fcyor.\u00a0 \u200bHaberin Al\u0131nt\u0131land\u0131\u011f\u0131 Kaynak: www.iskenderun.org\" \/>\n<meta property=\"og:url\" content=\"https:\/\/denizcankizil.tr\/uk\/haberler\/gundem\/otizmin-farkinda-cocuklarin-yaninda-baskan-cercioglundan-anlamli-destek\/\" \/>\n<meta property=\"og:site_name\" content=\"Av. Deniz Can K\u0131z\u0131l\" \/>\n<meta property=\"article:published_time\" content=\"2025-07-01T14:43:21+00:00\" \/>\n<meta name=\"author\" content=\"admin\" \/>\n<meta name=\"twitter:card\" content=\"summary_large_image\" \/>\n<meta name=\"twitter:label1\" content=\"\u041d\u0430\u043f\u0438\u0441\u0430\u043d\u043e\" \/>\n\t<meta name=\"twitter:data1\" content=\"admin\" \/>\n<script type=\"application\/ld+json\" class=\"yoast-schema-graph\">{\"@context\":\"https:\/\/schema.org\",\"@graph\":[{\"@type\":\"Article\",\"@id\":\"https:\/\/denizcankizil.tr\/uk\/haberler\/gundem\/otizmin-farkinda-cocuklarin-yaninda-baskan-cercioglundan-anlamli-destek\/#article\",\"isPartOf\":{\"@id\":\"https:\/\/denizcankizil.tr\/uk\/haberler\/gundem\/otizmin-farkinda-cocuklarin-yaninda-baskan-cercioglundan-anlamli-destek\/\"},\"author\":{\"name\":\"admin\",\"@id\":\"https:\/\/denizcankizil.tr\/#\/schema\/person\/be3c05fe6a12686905512445d8185489\"},\"headline\":\"Otizmin Fark\u0131nda, \u00c7ocuklar\u0131n Yan\u0131nda: Ba\u015fkan \u00c7er\u00e7io\u011flu\u2019ndan Anlaml\u0131 Destek\",\"datePublished\":\"2025-07-01T14:43:21+00:00\",\"mainEntityOfPage\":{\"@id\":\"https:\/\/denizcankizil.tr\/uk\/haberler\/gundem\/otizmin-farkinda-cocuklarin-yaninda-baskan-cercioglundan-anlamli-destek\/\"},\"wordCount\":83,\"publisher\":{\"@id\":\"https:\/\/denizcankizil.tr\/#organization\"},\"articleSection\":[\"G\u00fcndem\"],\"inLanguage\":\"uk\"},{\"@type\":\"WebPage\",\"@id\":\"https:\/\/denizcankizil.tr\/uk\/haberler\/gundem\/otizmin-farkinda-cocuklarin-yaninda-baskan-cercioglundan-anlamli-destek\/\",\"url\":\"https:\/\/denizcankizil.tr\/uk\/haberler\/gundem\/otizmin-farkinda-cocuklarin-yaninda-baskan-cercioglundan-anlamli-destek\/\",\"name\":\"Otizmin Fark\u0131nda, \u00c7ocuklar\u0131n Yan\u0131nda: Ba\u015fkan \u00c7er\u00e7io\u011flu\u2019ndan Anlaml\u0131 Destek - Av. Deniz Can K\u0131z\u0131l\",\"isPartOf\":{\"@id\":\"https:\/\/denizcankizil.tr\/#website\"},\"datePublished\":\"2025-07-01T14:43:21+00:00\",\"breadcrumb\":{\"@id\":\"https:\/\/denizcankizil.tr\/uk\/haberler\/gundem\/otizmin-farkinda-cocuklarin-yaninda-baskan-cercioglundan-anlamli-destek\/#breadcrumb\"},\"inLanguage\":\"uk\",\"potentialAction\":[{\"@type\":\"ReadAction\",\"target\":[\"https:\/\/denizcankizil.tr\/uk\/haberler\/gundem\/otizmin-farkinda-cocuklarin-yaninda-baskan-cercioglundan-anlamli-destek\/\"]}]},{\"@type\":\"BreadcrumbList\",\"@id\":\"https:\/\/denizcankizil.tr\/uk\/haberler\/gundem\/otizmin-farkinda-cocuklarin-yaninda-baskan-cercioglundan-anlamli-destek\/#breadcrumb\",\"itemListElement\":[{\"@type\":\"ListItem\",\"position\":1,\"name\":\"Home\",\"item\":\"https:\/\/denizcankizil.tr\/de\/\"},{\"@type\":\"ListItem\",\"position\":2,\"name\":\"Otizmin Fark\u0131nda, \u00c7ocuklar\u0131n Yan\u0131nda: Ba\u015fkan \u00c7er\u00e7io\u011flu\u2019ndan Anlaml\u0131 Destek\"}]},{\"@type\":\"WebSite\",\"@id\":\"https:\/\/denizcankizil.tr\/#website\",\"url\":\"https:\/\/denizcankizil.tr\/\",\"name\":\"Av. Deniz Can K\u0131z\u0131l\",\"description\":\"Avukat Deniz Can K\u0131z\u0131l Antalya Barosu\",\"publisher\":{\"@id\":\"https:\/\/denizcankizil.tr\/#organization\"},\"potentialAction\":[{\"@type\":\"SearchAction\",\"target\":{\"@type\":\"EntryPoint\",\"urlTemplate\":\"https:\/\/denizcankizil.tr\/?s={search_term_string}\"},\"query-input\":{\"@type\":\"PropertyValueSpecification\",\"valueRequired\":true,\"valueName\":\"search_term_string\"}}],\"inLanguage\":\"uk\"},{\"@type\":\"Organization\",\"@id\":\"https:\/\/denizcankizil.tr\/#organization\",\"name\":\"Av. Deniz Can K\u0131z\u0131l\",\"url\":\"https:\/\/denizcankizil.tr\/\",\"logo\":{\"@type\":\"ImageObject\",\"inLanguage\":\"uk\",\"@id\":\"https:\/\/denizcankizil.tr\/#\/schema\/logo\/image\/\",\"url\":\"https:\/\/denizcankizil.tr\/wp-content\/uploads\/2024\/10\/siyah-logo-svg.svg\",\"contentUrl\":\"https:\/\/denizcankizil.tr\/wp-content\/uploads\/2024\/10\/siyah-logo-svg.svg\",\"width\":1080,\"height\":1080,\"caption\":\"Av. Deniz Can K\u0131z\u0131l\"},\"image\":{\"@id\":\"https:\/\/denizcankizil.tr\/#\/schema\/logo\/image\/\"}},{\"@type\":\"Person\",\"@id\":\"https:\/\/denizcankizil.tr\/#\/schema\/person\/be3c05fe6a12686905512445d8185489\",\"name\":\"admin\",\"image\":{\"@type\":\"ImageObject\",\"inLanguage\":\"uk\",\"@id\":\"https:\/\/denizcankizil.tr\/#\/schema\/person\/image\/\",\"url\":\"https:\/\/secure.gravatar.com\/avatar\/c1fce94c830dc79107e174f890d7210541c4a63e8e5d816341794a2151c9d58c?s=96&d=mm&r=g\",\"contentUrl\":\"https:\/\/secure.gravatar.com\/avatar\/c1fce94c830dc79107e174f890d7210541c4a63e8e5d816341794a2151c9d58c?s=96&d=mm&r=g\",\"caption\":\"admin\"},\"sameAs\":[\"http:\/\/denizcankizil.tr\"],\"url\":\"https:\/\/www.iskenderun.org\/otizmin-farkinda-cocuklarin-yaninda-baskan-cercioglundan-anlamli-destek\"}]}<\/script>\n<!-- \/ Yoast SEO Premium plugin. -->","yoast_head_json":{"title":"Otizmin Fark\u0131nda, \u00c7ocuklar\u0131n Yan\u0131nda: Ba\u015fkan \u00c7er\u00e7io\u011flu\u2019ndan Anlaml\u0131 Destek - Av. Deniz Can K\u0131z\u0131l","robots":{"index":"index","follow":"follow","max-snippet":"max-snippet:-1","max-image-preview":"max-image-preview:large","max-video-preview":"max-video-preview:-1"},"canonical":"https:\/\/denizcankizil.tr\/uk\/haberler\/gundem\/otizmin-farkinda-cocuklarin-yaninda-baskan-cercioglundan-anlamli-destek\/","og_locale":"uk_UA","og_type":"article","og_title":"Otizmin Fark\u0131nda, \u00c7ocuklar\u0131n Yan\u0131nda: Ba\u015fkan \u00c7er\u00e7io\u011flu\u2019ndan Anlaml\u0131 Destek","og_description":"Ayd\u0131n B\u00fcy\u00fck\u015fehir Belediyesi, t\u00fcm T\u00fcrkiye\u2019de \u00f6rnek g\u00f6sterilen otizmli bireylere y\u00f6nelik hayata ge\u00e7irilen projelerine h\u0131z kesmeden s\u00fcrd\u00fcr\u00fcyor. \u200bAyd\u0131n B\u00fcy\u00fck\u015fehir Belediyesi, t\u00fcm T\u00fcrkiye\u2019de \u00f6rnek g\u00f6sterilen otizmli bireylere y\u00f6nelik hayata ge\u00e7irilen projelerine h\u0131z kesmeden s\u00fcrd\u00fcr\u00fcyor.\u00a0 \u200bHaberin Al\u0131nt\u0131land\u0131\u011f\u0131 Kaynak: www.iskenderun.org","og_url":"https:\/\/denizcankizil.tr\/uk\/haberler\/gundem\/otizmin-farkinda-cocuklarin-yaninda-baskan-cercioglundan-anlamli-destek\/","og_site_name":"Av. Deniz Can K\u0131z\u0131l","article_published_time":"2025-07-01T14:43:21+00:00","author":"admin","twitter_card":"summary_large_image","twitter_misc":{"\u041d\u0430\u043f\u0438\u0441\u0430\u043d\u043e":"admin"},"schema":{"@context":"https:\/\/schema.org","@graph":[{"@type":"Article","@id":"https:\/\/denizcankizil.tr\/uk\/haberler\/gundem\/otizmin-farkinda-cocuklarin-yaninda-baskan-cercioglundan-anlamli-destek\/#article","isPartOf":{"@id":"https:\/\/denizcankizil.tr\/uk\/haberler\/gundem\/otizmin-farkinda-cocuklarin-yaninda-baskan-cercioglundan-anlamli-destek\/"},"author":{"name":"admin","@id":"https:\/\/denizcankizil.tr\/#\/schema\/person\/be3c05fe6a12686905512445d8185489"},"headline":"Otizmin Fark\u0131nda, \u00c7ocuklar\u0131n Yan\u0131nda: Ba\u015fkan \u00c7er\u00e7io\u011flu\u2019ndan Anlaml\u0131 Destek","datePublished":"2025-07-01T14:43:21+00:00","mainEntityOfPage":{"@id":"https:\/\/denizcankizil.tr\/uk\/haberler\/gundem\/otizmin-farkinda-cocuklarin-yaninda-baskan-cercioglundan-anlamli-destek\/"},"wordCount":83,"publisher":{"@id":"https:\/\/denizcankizil.tr\/#organization"},"articleSection":["G\u00fcndem"],"inLanguage":"uk"},{"@type":"WebPage","@id":"https:\/\/denizcankizil.tr\/uk\/haberler\/gundem\/otizmin-farkinda-cocuklarin-yaninda-baskan-cercioglundan-anlamli-destek\/","url":"https:\/\/denizcankizil.tr\/uk\/haberler\/gundem\/otizmin-farkinda-cocuklarin-yaninda-baskan-cercioglundan-anlamli-destek\/","name":"Otizmin Fark\u0131nda, \u00c7ocuklar\u0131n Yan\u0131nda: Ba\u015fkan \u00c7er\u00e7io\u011flu\u2019ndan Anlaml\u0131 Destek - Av. Deniz Can K\u0131z\u0131l","isPartOf":{"@id":"https:\/\/denizcankizil.tr\/#website"},"datePublished":"2025-07-01T14:43:21+00:00","breadcrumb":{"@id":"https:\/\/denizcankizil.tr\/uk\/haberler\/gundem\/otizmin-farkinda-cocuklarin-yaninda-baskan-cercioglundan-anlamli-destek\/#breadcrumb"},"inLanguage":"uk","potentialAction":[{"@type":"ReadAction","target":["https:\/\/denizcankizil.tr\/uk\/haberler\/gundem\/otizmin-farkinda-cocuklarin-yaninda-baskan-cercioglundan-anlamli-destek\/"]}]},{"@type":"BreadcrumbList","@id":"https:\/\/denizcankizil.tr\/uk\/haberler\/gundem\/otizmin-farkinda-cocuklarin-yaninda-baskan-cercioglundan-anlamli-destek\/#breadcrumb","itemListElement":[{"@type":"ListItem","position":1,"name":"Home","item":"https:\/\/denizcankizil.tr\/de\/"},{"@type":"ListItem","position":2,"name":"Otizmin Fark\u0131nda, \u00c7ocuklar\u0131n Yan\u0131nda: Ba\u015fkan \u00c7er\u00e7io\u011flu\u2019ndan Anlaml\u0131 Destek"}]},{"@type":"WebSite","@id":"https:\/\/denizcankizil.tr\/#website","url":"https:\/\/denizcankizil.tr\/","name":"Av. Deniz Can K\u0131z\u0131l","description":"Avukat Deniz Can K\u0131z\u0131l Antalya Barosu","publisher":{"@id":"https:\/\/denizcankizil.tr\/#organization"},"potentialAction":[{"@type":"SearchAction","target":{"@type":"EntryPoint","urlTemplate":"https:\/\/denizcankizil.tr\/?s={search_term_string}"},"query-input":{"@type":"PropertyValueSpecification","valueRequired":true,"valueName":"search_term_string"}}],"inLanguage":"uk"},{"@type":"Organization","@id":"https:\/\/denizcankizil.tr\/#organization","name":"Av. Deniz Can K\u0131z\u0131l","url":"https:\/\/denizcankizil.tr\/","logo":{"@type":"ImageObject","inLanguage":"uk","@id":"https:\/\/denizcankizil.tr\/#\/schema\/logo\/image\/","url":"https:\/\/denizcankizil.tr\/wp-content\/uploads\/2024\/10\/siyah-logo-svg.svg","contentUrl":"https:\/\/denizcankizil.tr\/wp-content\/uploads\/2024\/10\/siyah-logo-svg.svg","width":1080,"height":1080,"caption":"Av. Deniz Can K\u0131z\u0131l"},"image":{"@id":"https:\/\/denizcankizil.tr\/#\/schema\/logo\/image\/"}},{"@type":"Person","@id":"https:\/\/denizcankizil.tr\/#\/schema\/person\/be3c05fe6a12686905512445d8185489","name":"\u0430\u0434\u043c\u0456\u043d","image":{"@type":"ImageObject","inLanguage":"uk","@id":"https:\/\/denizcankizil.tr\/#\/schema\/person\/image\/","url":"https:\/\/secure.gravatar.com\/avatar\/c1fce94c830dc79107e174f890d7210541c4a63e8e5d816341794a2151c9d58c?s=96&d=mm&r=g","contentUrl":"https:\/\/secure.gravatar.com\/avatar\/c1fce94c830dc79107e174f890d7210541c4a63e8e5d816341794a2151c9d58c?s=96&d=mm&r=g","caption":"admin"},"sameAs":["http:\/\/denizcankizil.tr"],"url":"https:\/\/www.iskenderun.org\/otizmin-farkinda-cocuklarin-yaninda-baskan-cercioglundan-anlamli-destek"}]}},"_links":{"self":[{"href":"https:\/\/denizcankizil.tr\/uk\/wp-json\/wp\/v2\/posts\/132659","targetHints":{"allow":["GET"]}}],"collection":[{"href":"https:\/\/denizcankizil.tr\/uk\/wp-json\/wp\/v2\/posts"}],"about":[{"href":"https:\/\/denizcankizil.tr\/uk\/wp-json\/wp\/v2\/types\/post"}],"author":[{"embeddable":true,"href":"https:\/\/denizcankizil.tr\/uk\/wp-json\/wp\/v2\/users\/1"}],"replies":[{"embeddable":true,"href":"https:\/\/denizcankizil.tr\/uk\/wp-json\/wp\/v2\/comments?post=132659"}],"version-history":[{"count":0,"href":"https:\/\/denizcankizil.tr\/uk\/wp-json\/wp\/v2\/posts\/132659\/revisions"}],"wp:attachment":[{"href":"https:\/\/denizcankizil.tr\/uk\/wp-json\/wp\/v2\/media?parent=132659"}],"wp:term":[{"taxonomy":"category","embeddable":true,"href":"https:\/\/denizcankizil.tr\/uk\/wp-json\/wp\/v2\/categories?post=132659"},{"taxonomy":"post_tag","embeddable":true,"href":"https:\/\/denizcankizil.tr\/uk\/wp-json\/wp\/v2\/tags?post=132659"}],"curies":[{"name":"wp","href":"https:\/\/api.w.org\/{rel}","templated":true}]}}