{"id":132499,"date":"2025-06-28T10:45:00","date_gmt":"2025-06-28T07:45:00","guid":{"rendered":"https:\/\/denizcankizil.tr\/uncategorized-tr\/chp-genel-kurul-kayyum\/"},"modified":"2025-06-28T10:45:00","modified_gmt":"2025-06-28T07:45:00","slug":"chp-genel-kurul-kayyum","status":"publish","type":"post","link":"https:\/\/denizcankizil.tr\/uk\/hukukihaber\/chp-genel-kurul-kayyum\/","title":{"rendered":"CHP &#8211; GENEL KURUL &#8211; KAYYUM"},"content":{"rendered":"<p>Cumhuriyet halk Partisi Genel Kurul\u2019unun iptali i\u00e7in a\u00e7\u0131lan davada bir\u00e7ok bilinmeyen var. Hangi tarihli Genel Kurul\u2019un iptali isteminin, kimin taraf\u0131ndan, hangi nedenle istendi\u011fi, a\u00e7\u0131lan davan\u0131n yasalara ve hukuka uygun olup olmad\u0131\u011f\u0131 bilinmeden ve tart\u0131\u015f\u0131lmadan, sanki iptal karar\u0131 verilmi\u015f gibi, kimin kayyum veya ge\u00e7ici Genel Ba\u015fkan olaca\u011f\u0131 tart\u0131\u015f\u0131l\u0131yor. Dava kabul edilmese dahi, yap\u0131lan bu tart\u0131\u015fmalar, Partiye ve demokrasiye, davan\u0131n kabul\u00fcnden daha fazla zarar veriyor.<\/p>\n<p>CHP\u2019nin 4-5 Kas\u0131m 2023 tarihinde ger\u00e7ekle\u015fen 38. Ola\u011fan Kurultay\u2019\u0131n\u0131n iptali i\u00e7in, Cumhuriyet Savc\u0131l\u0131\u011f\u0131\u2019na yap\u0131lan su\u00e7 ihbar\u0131 ve ba\u015fvuru sonras\u0131nda, kurultaya kat\u0131lan bir ka\u00e7 CHP\u2019li taraf\u0131ndan Genel Kurul\u2019un iptali davas\u0131 a\u00e7\u0131ld\u0131. Dava, Ankara 42. Asliye Hukuk Mahkemesinde g\u00f6r\u00fclmekte idi.<\/p>\n<p>Bu davan\u0131n kabul\u00fc halinde, Partinin zarar g\u00f6rmemesi i\u00e7in, 6 Nisan 2025 tarihinde 21. Ola\u011fan\u00fcst\u00fc Genel Kurul yap\u0131ld\u0131 ve \u00f6nceki Ola\u011fan Genel Kurul\u2019da se\u00e7ilen Genel Ba\u015fkan ve Y\u00f6netim tekrar se\u00e7ildi. Bu Ola\u011fan\u00fcst\u00fc Genel Kurul\u2019un iptali i\u00e7in de Ankara 41. Asliye Hukuk Mahkemesinde bir dava daha a\u00e7\u0131ld\u0131.<\/p>\n<p>Her iki dava Ankara 42. Asliye Hukuk Mahkemesinde birle\u015ftirildi. \u0130lk duru\u015fma 17 Nisan 2025 tarihinde yap\u0131ld\u0131 ve eksik evrak ve belgeler istendi. 26 May\u0131s 2025 tarihindeki ikinci duru\u015fmada, evraklar\u0131n istemi ile ilgili s\u00fcre\u00e7 uzat\u0131larak duru\u015fma 30 Haziran tarihine b\u0131rak\u0131ld\u0131.<\/p>\n<p>Normal olarak ilk duru\u015fman\u0131n ve sonraki duru\u015fmalar\u0131n aylar sonras\u0131na b\u0131rak\u0131lmas\u0131na al\u0131\u015f\u0131lan yarg\u0131lama s\u00fcrecinde, duru\u015fmalar\u0131n bu kadar k\u0131sa s\u00fcrelere s\u0131k\u0131\u015ft\u0131r\u0131lmas\u0131 da, ilgi ve endi\u015fe yaratan unsurlar aras\u0131nda yer ald\u0131.<\/p>\n<p>Duru\u015fman\u0131n b\u0131rak\u0131ld\u0131\u011f\u0131 bu son tarihte yani 30 Haziran g\u00fcn\u00fcnde bir karar verilmesi ihtimaline kar\u015f\u0131 tart\u0131\u015fmalar; davan\u0131n hukuka uygun veya hakl\u0131 veya haks\u0131z oldu\u011fu bir yana b\u0131rak\u0131larak, kimin kayyum veya ge\u00e7ici Genel Ba\u015fkan olaca\u011f\u0131 tarz\u0131nda, partiye ve demokratik d\u00fczene zarar verecek bir y\u00f6ne e\u011frildi.<\/p>\n<p>Genel Kurul\u2019un iptali ve partiye, se\u00e7imle gelmeyen, d\u0131\u015far\u0131dan bir y\u00f6netici atanmas\u0131 istemini ta\u015f\u0131yan bu dava, davay\u0131 a\u00e7an birka\u00e7 partilinin de\u011fil, daha b\u00fcy\u00fck ve karma\u015f\u0131k bir \u00f6rg\u00fct\u00fcn i\u015fi olabilir. Ancak davan\u0131n hukuki boyutunu ve savunmay\u0131 bir tarafa b\u0131rakarak, ad\u0131 ge\u00e7en eski ve y\u00f6neticilere sata\u015fmak, arka planda d\u00fczenlemeyi yapan ekibin i\u015fine yarayacak, partiye ve demokratik d\u00fczene zarar verecektir.<\/p>\n<p>Genel Kurul\u2019un iptali i\u00e7in \u00f6ne s\u00fcr\u00fclen gerek\u00e7eler de net ve a\u00e7\u0131k de\u011fil.<\/p>\n<p>Genel Ba\u015fkanl\u0131\u011fa aday olanlar\u0131n az olmas\u0131 yan\u0131nda; aday olan mevcut y\u00f6netime oy veren \u00fcyelerin baz\u0131 g\u00f6revlere getirilece\u011fi y\u00f6n\u00fcnde vaatlerde bulunuldu\u011fu \u00f6ne s\u00fcr\u00fcl\u00fcyor. Y\u00f6netime ve Genel Ba\u015fkanl\u0131\u011fa aday olanlar\u0131n say\u0131s\u0131n az olmas\u0131, bir usuls\u00fczl\u00fck ve iptal gerek\u00e7esi olamaz. Kamu g\u00f6revlisi olmayan delegelere kar\u015f\u0131, kendilerine oy vermeleri halinde, parti i\u00e7inde veya y\u00f6netimde baz\u0131 g\u00f6revlere getirilece\u011fi y\u00f6n\u00fcndeki vaatler, genel team\u00fcle uygun olmasa bile su\u00e7 te\u015fkil edici nitelikte de\u011fildir. Bunun, \u00fclke genelinde \u00e7ok daha vahim ve \u00fcst uygulamalar\u0131 varken, parti i\u00e7indeki bir se\u00e7ime uygulanmas\u0131 da do\u011fru de\u011fildir. Bu, her se\u00e7imde ve \u00f6zellikle bizim se\u00e7imlerimizde al\u0131\u015f\u0131lan ve uygulanan bir vaat \u015feklidir. \u00dcyeler, d\u00fc\u015f\u00fcncelerine uygun ve i\u00e7inde g\u00f6rev alacaklar\u0131 gurup ve ki\u015filere oy verirler.<\/p>\n<p>Ayr\u0131ca dava gerek\u00e7esi \u201cMutlak butlan\u201d yani kesin ge\u00e7ersizlik \u015feklinde yorumlanacak bir hukuki tabir ile s\u00fcslenmi\u015ftir. Neye g\u00f6re ve nas\u0131l bir mutlak butlan oldu\u011fu belirsizdir. B\u00fct\u00fcn bu tart\u0131\u015fmalar\u0131n k\u00f6keninde yatan endi\u015fe ise, yarg\u0131lama sistemine ve \u201c\u00dclkenin Temeli Olan Adalet\u2019e\u201d kar\u015f\u0131 duyulan endi\u015fede ve yarg\u0131ya yap\u0131ld\u0131\u011f\u0131 ileri s\u00fcr\u00fclen siyasi bask\u0131larda yatmaktad\u0131r.<\/p>\n<p>Yarg\u0131lama s\u00fcreci ve dava konusu ile ilgili g\u00f6r\u00fc\u015fler yan\u0131nda, yasal savunma ve hukuki g\u00f6r\u00fc\u015flerin ileri s\u00fcr\u00fclmesi gerekirken, sanki mahkeme iptal karar\u0131 vermi\u015f ve hukuki s\u00fcre\u00e7 kesinle\u015fmi\u015f gibi, kimin kayyum veya genel ba\u015fkan olaca\u011f\u0131 \u015feklinde, ki\u015filere y\u00f6nelik ve a\u011f\u0131r su\u00e7lay\u0131c\u0131 ifadeler ta\u015f\u0131yan ithamlar, demokratik sisteme zarar verici nitelikte olmaktad\u0131r. Yarg\u0131ya duyulan g\u00fcven, her t\u00fcrl\u00fc endi\u015fenin d\u0131\u015f\u0131nda olsa idi, bu tart\u0131\u015fmalar\u0131n hi\u00e7biri olmayacakt\u0131 ama gene de tart\u0131\u015fma ortam\u0131n\u0131, ki\u015fisel h\u00fccum ve su\u00e7lamalara y\u00f6neltmek hi\u00e7 kimseye, hi\u00e7bir kuruma ve demokratik sisteme yarar sa\u011flamayacakt\u0131r. Yap\u0131\u015fan tart\u0131\u015fmalar ve kar\u015f\u0131l\u0131kl\u0131 su\u00e7lamalar, partiye ve demokratik d\u00fczene zarar vermektedir.<\/p>\n<p>Tart\u0131\u015f\u0131lmas\u0131 ve korunmas\u0131 gereken \u015feyler; T\u00fcrkiye Cumhuriyeti\u2019nin temel de\u011fer ve ilkeleri, adalet ve yarg\u0131laman\u0131n tarafs\u0131zl\u0131\u011f\u0131 ve g\u00fcvenilirli\u011fi olmal\u0131d\u0131r.<\/p>\n<p>Avukat Ahmet Erdem AKY\u00dcZ<\/p>\n<p>\u200bCumhuriyet halk Partisi Genel Kurul\u2019unun iptali i\u00e7in a\u00e7\u0131lan davada bir\u00e7ok bilinmeyen var. Hangi tarihli Genel Kurul\u2019un iptali isteminin, kimin taraf\u0131ndan, hangi nedenle istendi\u011fi, a\u00e7\u0131lan davan\u0131n yasalara ve hukuka uygun olup olmad\u0131\u011f\u0131 bilinmeden ve tart\u0131\u015f\u0131lmadan, sanki iptal karar\u0131 verilmi\u015f gibi, kimin kayyum veya ge\u00e7ici Genel Ba\u015fkan olaca\u011f\u0131 tart\u0131\u015f\u0131l\u0131yor. Dava kabul edilmese dahi, yap\u0131lan bu tart\u0131\u015fmalar, Partiye ve demokrasiye, davan\u0131n kabul\u00fcnden daha fazla zarar veriyor.<\/p>\n<p>CHP\u2019nin 4-5 Kas\u0131m 2023 tarihinde ger\u00e7ekle\u015fen 38. Ola\u011fan Kurultay\u2019\u0131n\u0131n iptali i\u00e7in, Cumhuriyet Savc\u0131l\u0131\u011f\u0131\u2019na yap\u0131lan su\u00e7 ihbar\u0131 ve ba\u015fvuru sonras\u0131nda, kurultaya kat\u0131lan bir ka\u00e7 CHP\u2019li taraf\u0131ndan Genel Kurul\u2019un iptali davas\u0131 a\u00e7\u0131ld\u0131. Dava, Ankara 42. Asliye Hukuk Mahkemesinde g\u00f6r\u00fclmekte idi.<\/p>\n<p>Bu davan\u0131n kabul\u00fc halinde, Partinin zarar g\u00f6rmemesi i\u00e7in, 6 Nisan 2025 tarihinde 21. Ola\u011fan\u00fcst\u00fc Genel Kurul yap\u0131ld\u0131 ve \u00f6nceki Ola\u011fan Genel Kurul\u2019da se\u00e7ilen Genel Ba\u015fkan ve Y\u00f6netim tekrar se\u00e7ildi. Bu Ola\u011fan\u00fcst\u00fc Genel Kurul\u2019un iptali i\u00e7in de Ankara 41. Asliye Hukuk Mahkemesinde bir dava daha a\u00e7\u0131ld\u0131.<\/p>\n<p>Her iki dava Ankara 42. Asliye Hukuk Mahkemesinde birle\u015ftirildi. \u0130lk duru\u015fma 17 Nisan 2025 tarihinde yap\u0131ld\u0131 ve eksik evrak ve belgeler istendi. 26 May\u0131s 2025 tarihindeki ikinci duru\u015fmada, evraklar\u0131n istemi ile ilgili s\u00fcre\u00e7 uzat\u0131larak duru\u015fma 30 Haziran tarihine b\u0131rak\u0131ld\u0131.<\/p>\n<p>Normal olarak ilk duru\u015fman\u0131n ve sonraki duru\u015fmalar\u0131n aylar sonras\u0131na b\u0131rak\u0131lmas\u0131na al\u0131\u015f\u0131lan yarg\u0131lama s\u00fcrecinde, duru\u015fmalar\u0131n bu kadar k\u0131sa s\u00fcrelere s\u0131k\u0131\u015ft\u0131r\u0131lmas\u0131 da, ilgi ve endi\u015fe yaratan unsurlar aras\u0131nda yer ald\u0131.<\/p>\n<p>Duru\u015fman\u0131n b\u0131rak\u0131ld\u0131\u011f\u0131 bu son tarihte yani 30 Haziran g\u00fcn\u00fcnde bir karar verilmesi ihtimaline kar\u015f\u0131 tart\u0131\u015fmalar; davan\u0131n hukuka uygun veya hakl\u0131 veya haks\u0131z oldu\u011fu bir yana b\u0131rak\u0131larak, kimin kayyum veya ge\u00e7ici Genel Ba\u015fkan olaca\u011f\u0131 tarz\u0131nda, partiye ve demokratik d\u00fczene zarar verecek bir y\u00f6ne e\u011frildi.<\/p>\n<p>Genel Kurul\u2019un iptali ve partiye, se\u00e7imle gelmeyen, d\u0131\u015far\u0131dan bir y\u00f6netici atanmas\u0131 istemini ta\u015f\u0131yan bu dava, davay\u0131 a\u00e7an birka\u00e7 partilinin de\u011fil, daha b\u00fcy\u00fck ve karma\u015f\u0131k bir \u00f6rg\u00fct\u00fcn i\u015fi olabilir. Ancak davan\u0131n hukuki boyutunu ve savunmay\u0131 bir tarafa b\u0131rakarak, ad\u0131 ge\u00e7en eski ve y\u00f6neticilere sata\u015fmak, arka planda d\u00fczenlemeyi yapan ekibin i\u015fine yarayacak, partiye ve demokratik d\u00fczene zarar verecektir.<\/p>\n<p>Genel Kurul\u2019un iptali i\u00e7in \u00f6ne s\u00fcr\u00fclen gerek\u00e7eler de net ve a\u00e7\u0131k de\u011fil.<\/p>\n<p>Genel Ba\u015fkanl\u0131\u011fa aday olanlar\u0131n az olmas\u0131 yan\u0131nda; aday olan mevcut y\u00f6netime oy veren \u00fcyelerin baz\u0131 g\u00f6revlere getirilece\u011fi y\u00f6n\u00fcnde vaatlerde bulunuldu\u011fu \u00f6ne s\u00fcr\u00fcl\u00fcyor. Y\u00f6netime ve Genel Ba\u015fkanl\u0131\u011fa aday olanlar\u0131n say\u0131s\u0131n az olmas\u0131, bir usuls\u00fczl\u00fck ve iptal gerek\u00e7esi olamaz. Kamu g\u00f6revlisi olmayan delegelere kar\u015f\u0131, kendilerine oy vermeleri halinde, parti i\u00e7inde veya y\u00f6netimde baz\u0131 g\u00f6revlere getirilece\u011fi y\u00f6n\u00fcndeki vaatler, genel team\u00fcle uygun olmasa bile su\u00e7 te\u015fkil edici nitelikte de\u011fildir. Bunun, \u00fclke genelinde \u00e7ok daha vahim ve \u00fcst uygulamalar\u0131 varken, parti i\u00e7indeki bir se\u00e7ime uygulanmas\u0131 da do\u011fru de\u011fildir. Bu, her se\u00e7imde ve \u00f6zellikle bizim se\u00e7imlerimizde al\u0131\u015f\u0131lan ve uygulanan bir vaat \u015feklidir. \u00dcyeler, d\u00fc\u015f\u00fcncelerine uygun ve i\u00e7inde g\u00f6rev alacaklar\u0131 gurup ve ki\u015filere oy verirler.<\/p>\n<p>Ayr\u0131ca dava gerek\u00e7esi \u201cMutlak butlan\u201d yani kesin ge\u00e7ersizlik \u015feklinde yorumlanacak bir hukuki tabir ile s\u00fcslenmi\u015ftir. Neye g\u00f6re ve nas\u0131l bir mutlak butlan oldu\u011fu belirsizdir. B\u00fct\u00fcn bu tart\u0131\u015fmalar\u0131n k\u00f6keninde yatan endi\u015fe ise, yarg\u0131lama sistemine ve \u201c\u00dclkenin Temeli Olan Adalet\u2019e\u201d kar\u015f\u0131 duyulan endi\u015fede ve yarg\u0131ya yap\u0131ld\u0131\u011f\u0131 ileri s\u00fcr\u00fclen siyasi bask\u0131larda yatmaktad\u0131r.<\/p>\n<p>Yarg\u0131lama s\u00fcreci ve dava konusu ile ilgili g\u00f6r\u00fc\u015fler yan\u0131nda, yasal savunma ve hukuki g\u00f6r\u00fc\u015flerin ileri s\u00fcr\u00fclmesi gerekirken, sanki mahkeme iptal karar\u0131 vermi\u015f ve hukuki s\u00fcre\u00e7 kesinle\u015fmi\u015f gibi, kimin kayyum veya genel ba\u015fkan olaca\u011f\u0131 \u015feklinde, ki\u015filere y\u00f6nelik ve a\u011f\u0131r su\u00e7lay\u0131c\u0131 ifadeler ta\u015f\u0131yan ithamlar, demokratik sisteme zarar verici nitelikte olmaktad\u0131r. Yarg\u0131ya duyulan g\u00fcven, her t\u00fcrl\u00fc endi\u015fenin d\u0131\u015f\u0131nda olsa idi, bu tart\u0131\u015fmalar\u0131n hi\u00e7biri olmayacakt\u0131 ama gene de tart\u0131\u015fma ortam\u0131n\u0131, ki\u015fisel h\u00fccum ve su\u00e7lamalara y\u00f6neltmek hi\u00e7 kimseye, hi\u00e7bir kuruma ve demokratik sisteme yarar sa\u011flamayacakt\u0131r. Yap\u0131\u015fan tart\u0131\u015fmalar ve kar\u015f\u0131l\u0131kl\u0131 su\u00e7lamalar, partiye ve demokratik d\u00fczene zarar vermektedir.<\/p>\n<p>Tart\u0131\u015f\u0131lmas\u0131 ve korunmas\u0131 gereken \u015feyler; T\u00fcrkiye Cumhuriyeti\u2019nin temel de\u011fer ve ilkeleri, adalet ve yarg\u0131laman\u0131n tarafs\u0131zl\u0131\u011f\u0131 ve g\u00fcvenilirli\u011fi olmal\u0131d\u0131r.<\/p>\n<p>Avukat Ahmet Erdem AKY\u00dcZ\u00a0Hukuki Haber<\/p>\n<p>Haberin Al\u0131nt\u0131land\u0131\u011f\u0131 Kaynak: www.hukukihaber.net<\/p>","protected":false},"excerpt":{"rendered":"<p>Cumhuriyet halk Partisi Genel Kurul\u2019unun iptali i\u00e7in a\u00e7\u0131lan davada bir\u00e7ok bilinmeyen var. Hangi tarihli Genel Kurul\u2019un iptali isteminin, kimin taraf\u0131ndan, hangi nedenle istendi\u011fi, a\u00e7\u0131lan davan\u0131n yasalara ve hukuka uygun olup olmad\u0131\u011f\u0131 bilinmeden ve tart\u0131\u015f\u0131lmadan, sanki iptal karar\u0131 verilmi\u015f gibi, kimin kayyum veya ge\u00e7ici Genel Ba\u015fkan olaca\u011f\u0131 tart\u0131\u015f\u0131l\u0131yor. Dava kabul edilmese dahi, yap\u0131lan bu tart\u0131\u015fmalar, Partiye ve demokrasiye, davan\u0131n kabul\u00fcnden daha fazla zarar veriyor. CHP\u2019nin 4-5 Kas\u0131m 2023 tarihinde ger\u00e7ekle\u015fen 38. Ola\u011fan Kurultay\u2019\u0131n\u0131n iptali i\u00e7in, Cumhuriyet Savc\u0131l\u0131\u011f\u0131\u2019na yap\u0131lan su\u00e7 ihbar\u0131 ve ba\u015fvuru sonras\u0131nda, kurultaya kat\u0131lan bir ka\u00e7 CHP\u2019li taraf\u0131ndan Genel Kurul\u2019un iptali davas\u0131 a\u00e7\u0131ld\u0131. Dava, Ankara 42. Asliye Hukuk Mahkemesinde g\u00f6r\u00fclmekte idi. Bu davan\u0131n kabul\u00fc halinde, Partinin zarar g\u00f6rmemesi i\u00e7in, 6 Nisan 2025 tarihinde 21. Ola\u011fan\u00fcst\u00fc Genel Kurul yap\u0131ld\u0131 ve \u00f6nceki Ola\u011fan Genel Kurul\u2019da se\u00e7ilen Genel Ba\u015fkan ve Y\u00f6netim tekrar se\u00e7ildi. Bu Ola\u011fan\u00fcst\u00fc Genel Kurul\u2019un iptali i\u00e7in de Ankara 41. Asliye Hukuk Mahkemesinde bir dava daha a\u00e7\u0131ld\u0131. Her iki dava Ankara 42. Asliye Hukuk Mahkemesinde birle\u015ftirildi. \u0130lk duru\u015fma 17 Nisan 2025 tarihinde yap\u0131ld\u0131 ve eksik evrak ve belgeler istendi. 26 May\u0131s 2025 tarihindeki ikinci duru\u015fmada, evraklar\u0131n istemi ile ilgili s\u00fcre\u00e7 uzat\u0131larak duru\u015fma 30 Haziran tarihine b\u0131rak\u0131ld\u0131. Normal olarak ilk duru\u015fman\u0131n ve sonraki duru\u015fmalar\u0131n aylar sonras\u0131na b\u0131rak\u0131lmas\u0131na al\u0131\u015f\u0131lan yarg\u0131lama s\u00fcrecinde, duru\u015fmalar\u0131n bu &hellip;<\/p>","protected":false},"author":3,"featured_media":0,"comment_status":"","ping_status":"open","sticky":false,"template":"","format":"standard","meta":{"_acf_changed":false,"footnotes":""},"categories":[27],"tags":[],"class_list":["post-132499","post","type-post","status-publish","format-standard","has-post-thumbnail","hentry","category-hukukihaber"],"acf":[],"yoast_head":"<!-- This site is optimized with the Yoast SEO Premium plugin v26.6 (Yoast SEO v27.1.1) - https:\/\/yoast.com\/product\/yoast-seo-premium-wordpress\/ -->\n<title>CHP - GENEL KURUL - KAYYUM - Av. Deniz Can K\u0131z\u0131l<\/title>\n<meta name=\"robots\" content=\"index, follow, max-snippet:-1, max-image-preview:large, max-video-preview:-1\" \/>\n<link rel=\"canonical\" href=\"https:\/\/denizcankizil.tr\/uk\/hukukihaber\/chp-genel-kurul-kayyum\/\" \/>\n<meta property=\"og:locale\" content=\"uk_UA\" \/>\n<meta property=\"og:type\" content=\"article\" \/>\n<meta property=\"og:title\" content=\"CHP - GENEL KURUL - KAYYUM\" \/>\n<meta property=\"og:description\" content=\"Cumhuriyet halk Partisi Genel Kurul\u2019unun iptali i\u00e7in a\u00e7\u0131lan davada bir\u00e7ok bilinmeyen var. Hangi tarihli Genel Kurul\u2019un iptali isteminin, kimin taraf\u0131ndan, hangi nedenle istendi\u011fi, a\u00e7\u0131lan davan\u0131n yasalara ve hukuka uygun olup olmad\u0131\u011f\u0131 bilinmeden ve tart\u0131\u015f\u0131lmadan, sanki iptal karar\u0131 verilmi\u015f gibi, kimin kayyum veya ge\u00e7ici Genel Ba\u015fkan olaca\u011f\u0131 tart\u0131\u015f\u0131l\u0131yor. Dava kabul edilmese dahi, yap\u0131lan bu tart\u0131\u015fmalar, Partiye ve demokrasiye, davan\u0131n kabul\u00fcnden daha fazla zarar veriyor. CHP\u2019nin 4-5 Kas\u0131m 2023 tarihinde ger\u00e7ekle\u015fen 38. Ola\u011fan Kurultay\u2019\u0131n\u0131n iptali i\u00e7in, Cumhuriyet Savc\u0131l\u0131\u011f\u0131\u2019na yap\u0131lan su\u00e7 ihbar\u0131 ve ba\u015fvuru sonras\u0131nda, kurultaya kat\u0131lan bir ka\u00e7 CHP\u2019li taraf\u0131ndan Genel Kurul\u2019un iptali davas\u0131 a\u00e7\u0131ld\u0131. Dava, Ankara 42. Asliye Hukuk Mahkemesinde g\u00f6r\u00fclmekte idi. Bu davan\u0131n kabul\u00fc halinde, Partinin zarar g\u00f6rmemesi i\u00e7in, 6 Nisan 2025 tarihinde 21. Ola\u011fan\u00fcst\u00fc Genel Kurul yap\u0131ld\u0131 ve \u00f6nceki Ola\u011fan Genel Kurul\u2019da se\u00e7ilen Genel Ba\u015fkan ve Y\u00f6netim tekrar se\u00e7ildi. Bu Ola\u011fan\u00fcst\u00fc Genel Kurul\u2019un iptali i\u00e7in de Ankara 41. Asliye Hukuk Mahkemesinde bir dava daha a\u00e7\u0131ld\u0131. Her iki dava Ankara 42. Asliye Hukuk Mahkemesinde birle\u015ftirildi. \u0130lk duru\u015fma 17 Nisan 2025 tarihinde yap\u0131ld\u0131 ve eksik evrak ve belgeler istendi. 26 May\u0131s 2025 tarihindeki ikinci duru\u015fmada, evraklar\u0131n istemi ile ilgili s\u00fcre\u00e7 uzat\u0131larak duru\u015fma 30 Haziran tarihine b\u0131rak\u0131ld\u0131. Normal olarak ilk duru\u015fman\u0131n ve sonraki duru\u015fmalar\u0131n aylar sonras\u0131na b\u0131rak\u0131lmas\u0131na al\u0131\u015f\u0131lan yarg\u0131lama s\u00fcrecinde, duru\u015fmalar\u0131n bu &hellip;\" \/>\n<meta property=\"og:url\" content=\"https:\/\/denizcankizil.tr\/uk\/hukukihaber\/chp-genel-kurul-kayyum\/\" \/>\n<meta property=\"og:site_name\" content=\"Av. Deniz Can K\u0131z\u0131l\" \/>\n<meta property=\"article:published_time\" content=\"2025-06-28T07:45:00+00:00\" \/>\n<meta name=\"author\" content=\"Hukuki Haber.net\" \/>\n<meta name=\"twitter:card\" content=\"summary_large_image\" \/>\n<meta name=\"twitter:label1\" content=\"\u041d\u0430\u043f\u0438\u0441\u0430\u043d\u043e\" \/>\n\t<meta name=\"twitter:data1\" content=\"Hukuki Haber.net\" \/>\n\t<meta name=\"twitter:label2\" content=\"\u041f\u0440\u0438\u0431\u043b. \u0447\u0430\u0441 \u0447\u0438\u0442\u0430\u043d\u043d\u044f\" \/>\n\t<meta name=\"twitter:data2\" content=\"8 \u0445\u0432\u0438\u043b\u0438\u043d\" \/>\n<script type=\"application\/ld+json\" class=\"yoast-schema-graph\">{\"@context\":\"https:\/\/schema.org\",\"@graph\":[{\"@type\":\"Article\",\"@id\":\"https:\/\/denizcankizil.tr\/uk\/hukukihaber\/chp-genel-kurul-kayyum\/#article\",\"isPartOf\":{\"@id\":\"https:\/\/denizcankizil.tr\/uk\/hukukihaber\/chp-genel-kurul-kayyum\/\"},\"author\":{\"name\":\"Hukuki Haber.net\",\"@id\":\"https:\/\/denizcankizil.tr\/#\/schema\/person\/001a271de994a0aa3f90eea084424822\"},\"headline\":\"CHP &#8211; GENEL KURUL &#8211; KAYYUM\",\"datePublished\":\"2025-06-28T07:45:00+00:00\",\"mainEntityOfPage\":{\"@id\":\"https:\/\/denizcankizil.tr\/uk\/hukukihaber\/chp-genel-kurul-kayyum\/\"},\"wordCount\":1684,\"publisher\":{\"@id\":\"https:\/\/denizcankizil.tr\/#organization\"},\"articleSection\":[\"Hukuki Haberler\"],\"inLanguage\":\"uk\"},{\"@type\":\"WebPage\",\"@id\":\"https:\/\/denizcankizil.tr\/uk\/hukukihaber\/chp-genel-kurul-kayyum\/\",\"url\":\"https:\/\/denizcankizil.tr\/uk\/hukukihaber\/chp-genel-kurul-kayyum\/\",\"name\":\"CHP - GENEL KURUL - KAYYUM - Av. Deniz Can K\u0131z\u0131l\",\"isPartOf\":{\"@id\":\"https:\/\/denizcankizil.tr\/#website\"},\"datePublished\":\"2025-06-28T07:45:00+00:00\",\"breadcrumb\":{\"@id\":\"https:\/\/denizcankizil.tr\/uk\/hukukihaber\/chp-genel-kurul-kayyum\/#breadcrumb\"},\"inLanguage\":\"uk\",\"potentialAction\":[{\"@type\":\"ReadAction\",\"target\":[\"https:\/\/denizcankizil.tr\/uk\/hukukihaber\/chp-genel-kurul-kayyum\/\"]}]},{\"@type\":\"BreadcrumbList\",\"@id\":\"https:\/\/denizcankizil.tr\/uk\/hukukihaber\/chp-genel-kurul-kayyum\/#breadcrumb\",\"itemListElement\":[{\"@type\":\"ListItem\",\"position\":1,\"name\":\"Home\",\"item\":\"https:\/\/denizcankizil.tr\/de\/\"},{\"@type\":\"ListItem\",\"position\":2,\"name\":\"CHP &#8211; GENEL KURUL &#8211; KAYYUM\"}]},{\"@type\":\"WebSite\",\"@id\":\"https:\/\/denizcankizil.tr\/#website\",\"url\":\"https:\/\/denizcankizil.tr\/\",\"name\":\"Av. Deniz Can K\u0131z\u0131l\",\"description\":\"Avukat Deniz Can K\u0131z\u0131l Antalya Barosu\",\"publisher\":{\"@id\":\"https:\/\/denizcankizil.tr\/#organization\"},\"potentialAction\":[{\"@type\":\"SearchAction\",\"target\":{\"@type\":\"EntryPoint\",\"urlTemplate\":\"https:\/\/denizcankizil.tr\/?s={search_term_string}\"},\"query-input\":{\"@type\":\"PropertyValueSpecification\",\"valueRequired\":true,\"valueName\":\"search_term_string\"}}],\"inLanguage\":\"uk\"},{\"@type\":\"Organization\",\"@id\":\"https:\/\/denizcankizil.tr\/#organization\",\"name\":\"Av. Deniz Can K\u0131z\u0131l\",\"url\":\"https:\/\/denizcankizil.tr\/\",\"logo\":{\"@type\":\"ImageObject\",\"inLanguage\":\"uk\",\"@id\":\"https:\/\/denizcankizil.tr\/#\/schema\/logo\/image\/\",\"url\":\"https:\/\/denizcankizil.tr\/wp-content\/uploads\/2024\/10\/siyah-logo-svg.svg\",\"contentUrl\":\"https:\/\/denizcankizil.tr\/wp-content\/uploads\/2024\/10\/siyah-logo-svg.svg\",\"width\":1080,\"height\":1080,\"caption\":\"Av. Deniz Can K\u0131z\u0131l\"},\"image\":{\"@id\":\"https:\/\/denizcankizil.tr\/#\/schema\/logo\/image\/\"}},{\"@type\":\"Person\",\"@id\":\"https:\/\/denizcankizil.tr\/#\/schema\/person\/001a271de994a0aa3f90eea084424822\",\"name\":\"Hukuki Haber.net\",\"image\":{\"@type\":\"ImageObject\",\"inLanguage\":\"uk\",\"@id\":\"https:\/\/denizcankizil.tr\/#\/schema\/person\/image\/\",\"url\":\"https:\/\/secure.gravatar.com\/avatar\/57d8a49151495586611a149d29fc42865b951dc053a84709a3172ccb5abf3118?s=96&d=mm&r=g\",\"contentUrl\":\"https:\/\/secure.gravatar.com\/avatar\/57d8a49151495586611a149d29fc42865b951dc053a84709a3172ccb5abf3118?s=96&d=mm&r=g\",\"caption\":\"Hukuki Haber.net\"},\"sameAs\":[\"http:\/\/www.hukukihaber.net\"],\"url\":\"https:\/\/www.hukukihaber.net\/chp-genel-kurul-kayyum\"}]}<\/script>\n<!-- \/ Yoast SEO Premium plugin. -->","yoast_head_json":{"title":"CHP - GENEL KURUL - KAYYUM - Av. Deniz Can K\u0131z\u0131l","robots":{"index":"index","follow":"follow","max-snippet":"max-snippet:-1","max-image-preview":"max-image-preview:large","max-video-preview":"max-video-preview:-1"},"canonical":"https:\/\/denizcankizil.tr\/uk\/hukukihaber\/chp-genel-kurul-kayyum\/","og_locale":"uk_UA","og_type":"article","og_title":"CHP - GENEL KURUL - KAYYUM","og_description":"Cumhuriyet halk Partisi Genel Kurul\u2019unun iptali i\u00e7in a\u00e7\u0131lan davada bir\u00e7ok bilinmeyen var. Hangi tarihli Genel Kurul\u2019un iptali isteminin, kimin taraf\u0131ndan, hangi nedenle istendi\u011fi, a\u00e7\u0131lan davan\u0131n yasalara ve hukuka uygun olup olmad\u0131\u011f\u0131 bilinmeden ve tart\u0131\u015f\u0131lmadan, sanki iptal karar\u0131 verilmi\u015f gibi, kimin kayyum veya ge\u00e7ici Genel Ba\u015fkan olaca\u011f\u0131 tart\u0131\u015f\u0131l\u0131yor. Dava kabul edilmese dahi, yap\u0131lan bu tart\u0131\u015fmalar, Partiye ve demokrasiye, davan\u0131n kabul\u00fcnden daha fazla zarar veriyor. CHP\u2019nin 4-5 Kas\u0131m 2023 tarihinde ger\u00e7ekle\u015fen 38. Ola\u011fan Kurultay\u2019\u0131n\u0131n iptali i\u00e7in, Cumhuriyet Savc\u0131l\u0131\u011f\u0131\u2019na yap\u0131lan su\u00e7 ihbar\u0131 ve ba\u015fvuru sonras\u0131nda, kurultaya kat\u0131lan bir ka\u00e7 CHP\u2019li taraf\u0131ndan Genel Kurul\u2019un iptali davas\u0131 a\u00e7\u0131ld\u0131. Dava, Ankara 42. Asliye Hukuk Mahkemesinde g\u00f6r\u00fclmekte idi. Bu davan\u0131n kabul\u00fc halinde, Partinin zarar g\u00f6rmemesi i\u00e7in, 6 Nisan 2025 tarihinde 21. Ola\u011fan\u00fcst\u00fc Genel Kurul yap\u0131ld\u0131 ve \u00f6nceki Ola\u011fan Genel Kurul\u2019da se\u00e7ilen Genel Ba\u015fkan ve Y\u00f6netim tekrar se\u00e7ildi. Bu Ola\u011fan\u00fcst\u00fc Genel Kurul\u2019un iptali i\u00e7in de Ankara 41. Asliye Hukuk Mahkemesinde bir dava daha a\u00e7\u0131ld\u0131. Her iki dava Ankara 42. Asliye Hukuk Mahkemesinde birle\u015ftirildi. \u0130lk duru\u015fma 17 Nisan 2025 tarihinde yap\u0131ld\u0131 ve eksik evrak ve belgeler istendi. 26 May\u0131s 2025 tarihindeki ikinci duru\u015fmada, evraklar\u0131n istemi ile ilgili s\u00fcre\u00e7 uzat\u0131larak duru\u015fma 30 Haziran tarihine b\u0131rak\u0131ld\u0131. Normal olarak ilk duru\u015fman\u0131n ve sonraki duru\u015fmalar\u0131n aylar sonras\u0131na b\u0131rak\u0131lmas\u0131na al\u0131\u015f\u0131lan yarg\u0131lama s\u00fcrecinde, duru\u015fmalar\u0131n bu &hellip;","og_url":"https:\/\/denizcankizil.tr\/uk\/hukukihaber\/chp-genel-kurul-kayyum\/","og_site_name":"Av. Deniz Can K\u0131z\u0131l","article_published_time":"2025-06-28T07:45:00+00:00","author":"Hukuki Haber.net","twitter_card":"summary_large_image","twitter_misc":{"\u041d\u0430\u043f\u0438\u0441\u0430\u043d\u043e":"Hukuki Haber.net","\u041f\u0440\u0438\u0431\u043b. \u0447\u0430\u0441 \u0447\u0438\u0442\u0430\u043d\u043d\u044f":"8 \u0445\u0432\u0438\u043b\u0438\u043d"},"schema":{"@context":"https:\/\/schema.org","@graph":[{"@type":"Article","@id":"https:\/\/denizcankizil.tr\/uk\/hukukihaber\/chp-genel-kurul-kayyum\/#article","isPartOf":{"@id":"https:\/\/denizcankizil.tr\/uk\/hukukihaber\/chp-genel-kurul-kayyum\/"},"author":{"name":"Hukuki Haber.net","@id":"https:\/\/denizcankizil.tr\/#\/schema\/person\/001a271de994a0aa3f90eea084424822"},"headline":"CHP &#8211; GENEL KURUL &#8211; KAYYUM","datePublished":"2025-06-28T07:45:00+00:00","mainEntityOfPage":{"@id":"https:\/\/denizcankizil.tr\/uk\/hukukihaber\/chp-genel-kurul-kayyum\/"},"wordCount":1684,"publisher":{"@id":"https:\/\/denizcankizil.tr\/#organization"},"articleSection":["Hukuki Haberler"],"inLanguage":"uk"},{"@type":"WebPage","@id":"https:\/\/denizcankizil.tr\/uk\/hukukihaber\/chp-genel-kurul-kayyum\/","url":"https:\/\/denizcankizil.tr\/uk\/hukukihaber\/chp-genel-kurul-kayyum\/","name":"CHP - GENEL KURUL - KAYYUM - Av. Deniz Can K\u0131z\u0131l","isPartOf":{"@id":"https:\/\/denizcankizil.tr\/#website"},"datePublished":"2025-06-28T07:45:00+00:00","breadcrumb":{"@id":"https:\/\/denizcankizil.tr\/uk\/hukukihaber\/chp-genel-kurul-kayyum\/#breadcrumb"},"inLanguage":"uk","potentialAction":[{"@type":"ReadAction","target":["https:\/\/denizcankizil.tr\/uk\/hukukihaber\/chp-genel-kurul-kayyum\/"]}]},{"@type":"BreadcrumbList","@id":"https:\/\/denizcankizil.tr\/uk\/hukukihaber\/chp-genel-kurul-kayyum\/#breadcrumb","itemListElement":[{"@type":"ListItem","position":1,"name":"Home","item":"https:\/\/denizcankizil.tr\/de\/"},{"@type":"ListItem","position":2,"name":"CHP &#8211; GENEL KURUL &#8211; KAYYUM"}]},{"@type":"WebSite","@id":"https:\/\/denizcankizil.tr\/#website","url":"https:\/\/denizcankizil.tr\/","name":"Av. Deniz Can K\u0131z\u0131l","description":"Avukat Deniz Can K\u0131z\u0131l Antalya Barosu","publisher":{"@id":"https:\/\/denizcankizil.tr\/#organization"},"potentialAction":[{"@type":"SearchAction","target":{"@type":"EntryPoint","urlTemplate":"https:\/\/denizcankizil.tr\/?s={search_term_string}"},"query-input":{"@type":"PropertyValueSpecification","valueRequired":true,"valueName":"search_term_string"}}],"inLanguage":"uk"},{"@type":"Organization","@id":"https:\/\/denizcankizil.tr\/#organization","name":"Av. Deniz Can K\u0131z\u0131l","url":"https:\/\/denizcankizil.tr\/","logo":{"@type":"ImageObject","inLanguage":"uk","@id":"https:\/\/denizcankizil.tr\/#\/schema\/logo\/image\/","url":"https:\/\/denizcankizil.tr\/wp-content\/uploads\/2024\/10\/siyah-logo-svg.svg","contentUrl":"https:\/\/denizcankizil.tr\/wp-content\/uploads\/2024\/10\/siyah-logo-svg.svg","width":1080,"height":1080,"caption":"Av. Deniz Can K\u0131z\u0131l"},"image":{"@id":"https:\/\/denizcankizil.tr\/#\/schema\/logo\/image\/"}},{"@type":"Person","@id":"https:\/\/denizcankizil.tr\/#\/schema\/person\/001a271de994a0aa3f90eea084424822","name":"Hukuki Haber.net","image":{"@type":"ImageObject","inLanguage":"uk","@id":"https:\/\/denizcankizil.tr\/#\/schema\/person\/image\/","url":"https:\/\/secure.gravatar.com\/avatar\/57d8a49151495586611a149d29fc42865b951dc053a84709a3172ccb5abf3118?s=96&d=mm&r=g","contentUrl":"https:\/\/secure.gravatar.com\/avatar\/57d8a49151495586611a149d29fc42865b951dc053a84709a3172ccb5abf3118?s=96&d=mm&r=g","caption":"Hukuki Haber.net"},"sameAs":["http:\/\/www.hukukihaber.net"],"url":"https:\/\/www.hukukihaber.net\/chp-genel-kurul-kayyum"}]}},"_links":{"self":[{"href":"https:\/\/denizcankizil.tr\/uk\/wp-json\/wp\/v2\/posts\/132499","targetHints":{"allow":["GET"]}}],"collection":[{"href":"https:\/\/denizcankizil.tr\/uk\/wp-json\/wp\/v2\/posts"}],"about":[{"href":"https:\/\/denizcankizil.tr\/uk\/wp-json\/wp\/v2\/types\/post"}],"author":[{"embeddable":true,"href":"https:\/\/denizcankizil.tr\/uk\/wp-json\/wp\/v2\/users\/3"}],"replies":[{"embeddable":true,"href":"https:\/\/denizcankizil.tr\/uk\/wp-json\/wp\/v2\/comments?post=132499"}],"version-history":[{"count":0,"href":"https:\/\/denizcankizil.tr\/uk\/wp-json\/wp\/v2\/posts\/132499\/revisions"}],"wp:attachment":[{"href":"https:\/\/denizcankizil.tr\/uk\/wp-json\/wp\/v2\/media?parent=132499"}],"wp:term":[{"taxonomy":"category","embeddable":true,"href":"https:\/\/denizcankizil.tr\/uk\/wp-json\/wp\/v2\/categories?post=132499"},{"taxonomy":"post_tag","embeddable":true,"href":"https:\/\/denizcankizil.tr\/uk\/wp-json\/wp\/v2\/tags?post=132499"}],"curies":[{"name":"wp","href":"https:\/\/api.w.org\/{rel}","templated":true}]}}