{"id":132470,"date":"2025-07-01T13:42:43","date_gmt":"2025-07-01T10:42:43","guid":{"rendered":"https:\/\/denizcankizil.tr\/uncategorized-tr\/iskenderunda-kabotaj-bayrami-kutlandi\/"},"modified":"2025-07-01T13:42:43","modified_gmt":"2025-07-01T10:42:43","slug":"iskenderunda-kabotaj-bayrami-kutlandi","status":"publish","type":"post","link":"https:\/\/denizcankizil.tr\/uk\/haberler\/gundem\/iskenderunda-kabotaj-bayrami-kutlandi\/","title":{"rendered":"\u0130skenderun\u2019da Kabotaj Bayram\u0131 kutland\u0131&#8230;"},"content":{"rendered":"<p>1926 y\u0131l\u0131nda y\u00fcr\u00fcrl\u00fc\u011fe giren Kabotaj Kanunu ile T\u00fcrk karasular\u0131nda tam ba\u011f\u0131ms\u0131zl\u0131k kazan\u0131lan bu \u00f6zel g\u00fcnde, Mavi Vatan\u2019\u0131n g\u00fcc\u00fcn\u00fc ve denizcili\u011fin \u00f6nemi d\u00fczenlenen t\u00f6renlerde bir kez daha hat\u0131rlat\u0131l\u0131yor.<\/p>\n<p>1 Temmuz Denizcilik ve Kabotaj Bayram\u0131 dolay\u0131s\u0131yla \u0130skenderun\u2019da \u00e7e\u015fitli etkinlikler d\u00fczenlendi. \u0130skenderun Liman Ba\u015fkanl\u0131\u011f\u0131 ve Deniz Ticaret Odas\u0131 \u00f6nc\u00fcl\u00fc\u011f\u00fcnde ger\u00e7ekle\u015ftirilen t\u00f6ren, Hanife Uysal Okulu bah\u00e7esinde \u00e7elenk sunma program\u0131yla ba\u015flad\u0131.<\/p>\n<p>T\u00f6rene; \u0130skenderun Liman Ba\u015fkan\u0131 Atilla Piralio\u011flu, \u0130skenderun Belediye Ba\u015fkan Yard\u0131mc\u0131s\u0131 Cihan Aky\u00fcreko\u011flu, \u0130MEAK Deniz Ticaret Odas\u0131 \u0130skenderun \u015eube Ba\u015fkan\u0131 Kemal Kutlu, Meclis Ba\u015fkan\u0131 Suphi \u015ea\u015fati, Sahil G\u00fcvenlik Do\u011fu Akdeniz Grup Komutan\u0131 Yarbay Onur Emir, \u0130l\u00e7e Jandarma Komutan\u0131 Binba\u015f\u0131 Mustafa A\u00e7\u0131k, \u0130skenderun \u0130l\u00e7e Emniyet M\u00fcd\u00fcr Yard\u0131mc\u0131s\u0131 Ba\u015fkomiser \u015eeyma Cevizo\u011flu, \u0130skenderun Teknik \u00dcniversitesi \u00f6\u011frencileri ile \u00e7ok say\u0131da sivil toplum kurulu\u015fu temsilcisi kat\u0131ld\u0131.<\/p>\n<p>Program, sayg\u0131 duru\u015fu ve \u0130stiklal Mar\u015f\u0131\u2019n\u0131n okunmas\u0131yla ba\u015flad\u0131. G\u00fcn\u00fcn \u00f6nem ve anlam\u0131n\u0131 belirten bir konu\u015fma yapan \u0130skenderun Liman Ba\u015fkan\u0131 Atilla Piralio\u011flu \u201c1 Temmuz, T\u00fcrkiye Cumhuriyeti&#8217;nin denizlerdeki egemenlik hakk\u0131n\u0131 ilan etti\u011fi \u00f6nemli bir g\u00fcn, Kabotaj Bayram\u0131m\u0131z\u0131n 99. y\u0131l\u0131n\u0131 gururla kutluyoruz\u201d dedi.<\/p>\n<p>Program \u00e7er\u00e7evesinde \u0130skenderun Teknik \u00dcniversitesi \u00f6\u011frencileri, Sahil G\u00fcvenlik ekipleri, bando e\u015fli\u011finde Bal\u0131k\u00e7\u0131 Bar\u0131na\u011f\u0131\u2019na kadar y\u00fcr\u00fcy\u00fc\u015f ger\u00e7ekle\u015ftirdi. Kutlama etkinlikleri burada da devam etti. \u0130skenderun Kaymakam\u0131 Muhammet \u00d6nder ve protokol \u00fcyeleri, tekne ile denize a\u00e7\u0131larak deniz \u015fehitleri an\u0131s\u0131na Mavi Vatana \u00e7elenk b\u0131rakt\u0131.<\/p>\n<p>\u200bMavi Vatan\u2019\u0131n tam ba\u011f\u0131ms\u0131zl\u0131\u011f\u0131n\u0131n doksan dokuzuncu y\u0131ld\u00f6n\u00fcm\u00fc, T\u00fcrkiye\u2019nin denizlerdeki ba\u011f\u0131ms\u0131zl\u0131\u011f\u0131n\u0131n ve egemenli\u011finin sembol\u00fc olan 1 Temmuz Denizcilik ve Kabotaj Bayram\u0131 Hatay\u2019\u0131n \u0130skenderun il\u00e7esinde de b\u00fcy\u00fck bir co\u015fkuyla kutland\u0131.\u00a0<\/p>\n<p>\u200bHaberin Al\u0131nt\u0131land\u0131\u011f\u0131 Kaynak: www.iskenderun.org<\/p>","protected":false},"excerpt":{"rendered":"<p>1926 y\u0131l\u0131nda y\u00fcr\u00fcrl\u00fc\u011fe giren Kabotaj Kanunu ile T\u00fcrk karasular\u0131nda tam ba\u011f\u0131ms\u0131zl\u0131k kazan\u0131lan bu \u00f6zel g\u00fcnde, Mavi Vatan\u2019\u0131n g\u00fcc\u00fcn\u00fc ve denizcili\u011fin \u00f6nemi d\u00fczenlenen t\u00f6renlerde bir kez daha hat\u0131rlat\u0131l\u0131yor. 1 Temmuz Denizcilik ve Kabotaj Bayram\u0131 dolay\u0131s\u0131yla \u0130skenderun\u2019da \u00e7e\u015fitli etkinlikler d\u00fczenlendi. \u0130skenderun Liman Ba\u015fkanl\u0131\u011f\u0131 ve Deniz Ticaret Odas\u0131 \u00f6nc\u00fcl\u00fc\u011f\u00fcnde ger\u00e7ekle\u015ftirilen t\u00f6ren, Hanife Uysal Okulu bah\u00e7esinde \u00e7elenk sunma program\u0131yla ba\u015flad\u0131. T\u00f6rene; \u0130skenderun Liman Ba\u015fkan\u0131 Atilla Piralio\u011flu, \u0130skenderun Belediye Ba\u015fkan Yard\u0131mc\u0131s\u0131 Cihan Aky\u00fcreko\u011flu, \u0130MEAK Deniz Ticaret Odas\u0131 \u0130skenderun \u015eube Ba\u015fkan\u0131 Kemal Kutlu, Meclis Ba\u015fkan\u0131 Suphi \u015ea\u015fati, Sahil G\u00fcvenlik Do\u011fu Akdeniz Grup Komutan\u0131 Yarbay Onur Emir, \u0130l\u00e7e Jandarma Komutan\u0131 Binba\u015f\u0131 Mustafa A\u00e7\u0131k, \u0130skenderun \u0130l\u00e7e Emniyet M\u00fcd\u00fcr Yard\u0131mc\u0131s\u0131 Ba\u015fkomiser \u015eeyma Cevizo\u011flu, \u0130skenderun Teknik \u00dcniversitesi \u00f6\u011frencileri ile \u00e7ok say\u0131da sivil toplum kurulu\u015fu temsilcisi kat\u0131ld\u0131. Program, sayg\u0131 duru\u015fu ve \u0130stiklal Mar\u015f\u0131\u2019n\u0131n okunmas\u0131yla ba\u015flad\u0131. G\u00fcn\u00fcn \u00f6nem ve anlam\u0131n\u0131 belirten bir konu\u015fma yapan \u0130skenderun Liman Ba\u015fkan\u0131 Atilla Piralio\u011flu \u201c1 Temmuz, T\u00fcrkiye Cumhuriyeti&#8217;nin denizlerdeki egemenlik hakk\u0131n\u0131 ilan etti\u011fi \u00f6nemli bir g\u00fcn, Kabotaj Bayram\u0131m\u0131z\u0131n 99. y\u0131l\u0131n\u0131 gururla kutluyoruz\u201d dedi. Program \u00e7er\u00e7evesinde \u0130skenderun Teknik \u00dcniversitesi \u00f6\u011frencileri, Sahil G\u00fcvenlik ekipleri, bando e\u015fli\u011finde Bal\u0131k\u00e7\u0131 Bar\u0131na\u011f\u0131\u2019na kadar y\u00fcr\u00fcy\u00fc\u015f ger\u00e7ekle\u015ftirdi. Kutlama etkinlikleri burada da devam etti. \u0130skenderun Kaymakam\u0131 Muhammet \u00d6nder ve protokol \u00fcyeleri, tekne ile denize a\u00e7\u0131larak deniz \u015fehitleri an\u0131s\u0131na Mavi Vatana \u00e7elenk b\u0131rakt\u0131. \u200bMavi Vatan\u2019\u0131n tam ba\u011f\u0131ms\u0131zl\u0131\u011f\u0131n\u0131n &hellip;<\/p>","protected":false},"author":1,"featured_media":0,"comment_status":"","ping_status":"open","sticky":false,"template":"","format":"standard","meta":{"_acf_changed":false,"footnotes":""},"categories":[24],"tags":[],"class_list":["post-132470","post","type-post","status-publish","format-standard","has-post-thumbnail","hentry","category-gundem"],"acf":[],"yoast_head":"<!-- This site is optimized with the Yoast SEO Premium plugin v26.6 (Yoast SEO v27.1.1) - https:\/\/yoast.com\/product\/yoast-seo-premium-wordpress\/ -->\n<title>\u0130skenderun\u2019da Kabotaj Bayram\u0131 kutland\u0131... - Av. Deniz Can K\u0131z\u0131l<\/title>\n<meta name=\"robots\" content=\"index, follow, max-snippet:-1, max-image-preview:large, max-video-preview:-1\" \/>\n<link rel=\"canonical\" href=\"https:\/\/denizcankizil.tr\/uk\/haberler\/gundem\/iskenderunda-kabotaj-bayrami-kutlandi\/\" \/>\n<meta property=\"og:locale\" content=\"uk_UA\" \/>\n<meta property=\"og:type\" content=\"article\" \/>\n<meta property=\"og:title\" content=\"\u0130skenderun\u2019da Kabotaj Bayram\u0131 kutland\u0131...\" \/>\n<meta property=\"og:description\" content=\"1926 y\u0131l\u0131nda y\u00fcr\u00fcrl\u00fc\u011fe giren Kabotaj Kanunu ile T\u00fcrk karasular\u0131nda tam ba\u011f\u0131ms\u0131zl\u0131k kazan\u0131lan bu \u00f6zel g\u00fcnde, Mavi Vatan\u2019\u0131n g\u00fcc\u00fcn\u00fc ve denizcili\u011fin \u00f6nemi d\u00fczenlenen t\u00f6renlerde bir kez daha hat\u0131rlat\u0131l\u0131yor. 1 Temmuz Denizcilik ve Kabotaj Bayram\u0131 dolay\u0131s\u0131yla \u0130skenderun\u2019da \u00e7e\u015fitli etkinlikler d\u00fczenlendi. \u0130skenderun Liman Ba\u015fkanl\u0131\u011f\u0131 ve Deniz Ticaret Odas\u0131 \u00f6nc\u00fcl\u00fc\u011f\u00fcnde ger\u00e7ekle\u015ftirilen t\u00f6ren, Hanife Uysal Okulu bah\u00e7esinde \u00e7elenk sunma program\u0131yla ba\u015flad\u0131. T\u00f6rene; \u0130skenderun Liman Ba\u015fkan\u0131 Atilla Piralio\u011flu, \u0130skenderun Belediye Ba\u015fkan Yard\u0131mc\u0131s\u0131 Cihan Aky\u00fcreko\u011flu, \u0130MEAK Deniz Ticaret Odas\u0131 \u0130skenderun \u015eube Ba\u015fkan\u0131 Kemal Kutlu, Meclis Ba\u015fkan\u0131 Suphi \u015ea\u015fati, Sahil G\u00fcvenlik Do\u011fu Akdeniz Grup Komutan\u0131 Yarbay Onur Emir, \u0130l\u00e7e Jandarma Komutan\u0131 Binba\u015f\u0131 Mustafa A\u00e7\u0131k, \u0130skenderun \u0130l\u00e7e Emniyet M\u00fcd\u00fcr Yard\u0131mc\u0131s\u0131 Ba\u015fkomiser \u015eeyma Cevizo\u011flu, \u0130skenderun Teknik \u00dcniversitesi \u00f6\u011frencileri ile \u00e7ok say\u0131da sivil toplum kurulu\u015fu temsilcisi kat\u0131ld\u0131. Program, sayg\u0131 duru\u015fu ve \u0130stiklal Mar\u015f\u0131\u2019n\u0131n okunmas\u0131yla ba\u015flad\u0131. G\u00fcn\u00fcn \u00f6nem ve anlam\u0131n\u0131 belirten bir konu\u015fma yapan \u0130skenderun Liman Ba\u015fkan\u0131 Atilla Piralio\u011flu \u201c1 Temmuz, T\u00fcrkiye Cumhuriyeti&#8217;nin denizlerdeki egemenlik hakk\u0131n\u0131 ilan etti\u011fi \u00f6nemli bir g\u00fcn, Kabotaj Bayram\u0131m\u0131z\u0131n 99. y\u0131l\u0131n\u0131 gururla kutluyoruz\u201d dedi. Program \u00e7er\u00e7evesinde \u0130skenderun Teknik \u00dcniversitesi \u00f6\u011frencileri, Sahil G\u00fcvenlik ekipleri, bando e\u015fli\u011finde Bal\u0131k\u00e7\u0131 Bar\u0131na\u011f\u0131\u2019na kadar y\u00fcr\u00fcy\u00fc\u015f ger\u00e7ekle\u015ftirdi. Kutlama etkinlikleri burada da devam etti. \u0130skenderun Kaymakam\u0131 Muhammet \u00d6nder ve protokol \u00fcyeleri, tekne ile denize a\u00e7\u0131larak deniz \u015fehitleri an\u0131s\u0131na Mavi Vatana \u00e7elenk b\u0131rakt\u0131. \u200bMavi Vatan\u2019\u0131n tam ba\u011f\u0131ms\u0131zl\u0131\u011f\u0131n\u0131n &hellip;\" \/>\n<meta property=\"og:url\" content=\"https:\/\/denizcankizil.tr\/uk\/haberler\/gundem\/iskenderunda-kabotaj-bayrami-kutlandi\/\" \/>\n<meta property=\"og:site_name\" content=\"Av. Deniz Can K\u0131z\u0131l\" \/>\n<meta property=\"article:published_time\" content=\"2025-07-01T10:42:43+00:00\" \/>\n<meta name=\"author\" content=\"admin\" \/>\n<meta name=\"twitter:card\" content=\"summary_large_image\" \/>\n<meta name=\"twitter:label1\" content=\"\u041d\u0430\u043f\u0438\u0441\u0430\u043d\u043e\" \/>\n\t<meta name=\"twitter:data1\" content=\"admin\" \/>\n\t<meta name=\"twitter:label2\" content=\"\u041f\u0440\u0438\u0431\u043b. \u0447\u0430\u0441 \u0447\u0438\u0442\u0430\u043d\u043d\u044f\" \/>\n\t<meta name=\"twitter:data2\" content=\"2 \u0445\u0432\u0438\u043b\u0438\u043d\u0438\" \/>\n<script type=\"application\/ld+json\" class=\"yoast-schema-graph\">{\"@context\":\"https:\/\/schema.org\",\"@graph\":[{\"@type\":\"Article\",\"@id\":\"https:\/\/denizcankizil.tr\/uk\/haberler\/gundem\/iskenderunda-kabotaj-bayrami-kutlandi\/#article\",\"isPartOf\":{\"@id\":\"https:\/\/denizcankizil.tr\/uk\/haberler\/gundem\/iskenderunda-kabotaj-bayrami-kutlandi\/\"},\"author\":{\"name\":\"admin\",\"@id\":\"https:\/\/denizcankizil.tr\/#\/schema\/person\/be3c05fe6a12686905512445d8185489\"},\"headline\":\"\u0130skenderun\u2019da Kabotaj Bayram\u0131 kutland\u0131&#8230;\",\"datePublished\":\"2025-07-01T10:42:43+00:00\",\"mainEntityOfPage\":{\"@id\":\"https:\/\/denizcankizil.tr\/uk\/haberler\/gundem\/iskenderunda-kabotaj-bayrami-kutlandi\/\"},\"wordCount\":348,\"publisher\":{\"@id\":\"https:\/\/denizcankizil.tr\/#organization\"},\"articleSection\":[\"G\u00fcndem\"],\"inLanguage\":\"uk\"},{\"@type\":\"WebPage\",\"@id\":\"https:\/\/denizcankizil.tr\/uk\/haberler\/gundem\/iskenderunda-kabotaj-bayrami-kutlandi\/\",\"url\":\"https:\/\/denizcankizil.tr\/uk\/haberler\/gundem\/iskenderunda-kabotaj-bayrami-kutlandi\/\",\"name\":\"\u0130skenderun\u2019da Kabotaj Bayram\u0131 kutland\u0131... - Av. Deniz Can K\u0131z\u0131l\",\"isPartOf\":{\"@id\":\"https:\/\/denizcankizil.tr\/#website\"},\"datePublished\":\"2025-07-01T10:42:43+00:00\",\"breadcrumb\":{\"@id\":\"https:\/\/denizcankizil.tr\/uk\/haberler\/gundem\/iskenderunda-kabotaj-bayrami-kutlandi\/#breadcrumb\"},\"inLanguage\":\"uk\",\"potentialAction\":[{\"@type\":\"ReadAction\",\"target\":[\"https:\/\/denizcankizil.tr\/uk\/haberler\/gundem\/iskenderunda-kabotaj-bayrami-kutlandi\/\"]}]},{\"@type\":\"BreadcrumbList\",\"@id\":\"https:\/\/denizcankizil.tr\/uk\/haberler\/gundem\/iskenderunda-kabotaj-bayrami-kutlandi\/#breadcrumb\",\"itemListElement\":[{\"@type\":\"ListItem\",\"position\":1,\"name\":\"Home\",\"item\":\"https:\/\/denizcankizil.tr\/de\/\"},{\"@type\":\"ListItem\",\"position\":2,\"name\":\"\u0130skenderun\u2019da Kabotaj Bayram\u0131 kutland\u0131&#8230;\"}]},{\"@type\":\"WebSite\",\"@id\":\"https:\/\/denizcankizil.tr\/#website\",\"url\":\"https:\/\/denizcankizil.tr\/\",\"name\":\"Av. Deniz Can K\u0131z\u0131l\",\"description\":\"Avukat Deniz Can K\u0131z\u0131l Antalya Barosu\",\"publisher\":{\"@id\":\"https:\/\/denizcankizil.tr\/#organization\"},\"potentialAction\":[{\"@type\":\"SearchAction\",\"target\":{\"@type\":\"EntryPoint\",\"urlTemplate\":\"https:\/\/denizcankizil.tr\/?s={search_term_string}\"},\"query-input\":{\"@type\":\"PropertyValueSpecification\",\"valueRequired\":true,\"valueName\":\"search_term_string\"}}],\"inLanguage\":\"uk\"},{\"@type\":\"Organization\",\"@id\":\"https:\/\/denizcankizil.tr\/#organization\",\"name\":\"Av. Deniz Can K\u0131z\u0131l\",\"url\":\"https:\/\/denizcankizil.tr\/\",\"logo\":{\"@type\":\"ImageObject\",\"inLanguage\":\"uk\",\"@id\":\"https:\/\/denizcankizil.tr\/#\/schema\/logo\/image\/\",\"url\":\"https:\/\/denizcankizil.tr\/wp-content\/uploads\/2024\/10\/siyah-logo-svg.svg\",\"contentUrl\":\"https:\/\/denizcankizil.tr\/wp-content\/uploads\/2024\/10\/siyah-logo-svg.svg\",\"width\":1080,\"height\":1080,\"caption\":\"Av. Deniz Can K\u0131z\u0131l\"},\"image\":{\"@id\":\"https:\/\/denizcankizil.tr\/#\/schema\/logo\/image\/\"}},{\"@type\":\"Person\",\"@id\":\"https:\/\/denizcankizil.tr\/#\/schema\/person\/be3c05fe6a12686905512445d8185489\",\"name\":\"admin\",\"image\":{\"@type\":\"ImageObject\",\"inLanguage\":\"uk\",\"@id\":\"https:\/\/denizcankizil.tr\/#\/schema\/person\/image\/\",\"url\":\"https:\/\/secure.gravatar.com\/avatar\/c1fce94c830dc79107e174f890d7210541c4a63e8e5d816341794a2151c9d58c?s=96&d=mm&r=g\",\"contentUrl\":\"https:\/\/secure.gravatar.com\/avatar\/c1fce94c830dc79107e174f890d7210541c4a63e8e5d816341794a2151c9d58c?s=96&d=mm&r=g\",\"caption\":\"admin\"},\"sameAs\":[\"http:\/\/denizcankizil.tr\"],\"url\":\"https:\/\/www.iskenderun.org\/iskenderunda-kabotaj-bayrami-kutlandi\"}]}<\/script>\n<!-- \/ Yoast SEO Premium plugin. -->","yoast_head_json":{"title":"\u0130skenderun\u2019da Kabotaj Bayram\u0131 kutland\u0131... - Av. Deniz Can K\u0131z\u0131l","robots":{"index":"index","follow":"follow","max-snippet":"max-snippet:-1","max-image-preview":"max-image-preview:large","max-video-preview":"max-video-preview:-1"},"canonical":"https:\/\/denizcankizil.tr\/uk\/haberler\/gundem\/iskenderunda-kabotaj-bayrami-kutlandi\/","og_locale":"uk_UA","og_type":"article","og_title":"\u0130skenderun\u2019da Kabotaj Bayram\u0131 kutland\u0131...","og_description":"1926 y\u0131l\u0131nda y\u00fcr\u00fcrl\u00fc\u011fe giren Kabotaj Kanunu ile T\u00fcrk karasular\u0131nda tam ba\u011f\u0131ms\u0131zl\u0131k kazan\u0131lan bu \u00f6zel g\u00fcnde, Mavi Vatan\u2019\u0131n g\u00fcc\u00fcn\u00fc ve denizcili\u011fin \u00f6nemi d\u00fczenlenen t\u00f6renlerde bir kez daha hat\u0131rlat\u0131l\u0131yor. 1 Temmuz Denizcilik ve Kabotaj Bayram\u0131 dolay\u0131s\u0131yla \u0130skenderun\u2019da \u00e7e\u015fitli etkinlikler d\u00fczenlendi. \u0130skenderun Liman Ba\u015fkanl\u0131\u011f\u0131 ve Deniz Ticaret Odas\u0131 \u00f6nc\u00fcl\u00fc\u011f\u00fcnde ger\u00e7ekle\u015ftirilen t\u00f6ren, Hanife Uysal Okulu bah\u00e7esinde \u00e7elenk sunma program\u0131yla ba\u015flad\u0131. T\u00f6rene; \u0130skenderun Liman Ba\u015fkan\u0131 Atilla Piralio\u011flu, \u0130skenderun Belediye Ba\u015fkan Yard\u0131mc\u0131s\u0131 Cihan Aky\u00fcreko\u011flu, \u0130MEAK Deniz Ticaret Odas\u0131 \u0130skenderun \u015eube Ba\u015fkan\u0131 Kemal Kutlu, Meclis Ba\u015fkan\u0131 Suphi \u015ea\u015fati, Sahil G\u00fcvenlik Do\u011fu Akdeniz Grup Komutan\u0131 Yarbay Onur Emir, \u0130l\u00e7e Jandarma Komutan\u0131 Binba\u015f\u0131 Mustafa A\u00e7\u0131k, \u0130skenderun \u0130l\u00e7e Emniyet M\u00fcd\u00fcr Yard\u0131mc\u0131s\u0131 Ba\u015fkomiser \u015eeyma Cevizo\u011flu, \u0130skenderun Teknik \u00dcniversitesi \u00f6\u011frencileri ile \u00e7ok say\u0131da sivil toplum kurulu\u015fu temsilcisi kat\u0131ld\u0131. Program, sayg\u0131 duru\u015fu ve \u0130stiklal Mar\u015f\u0131\u2019n\u0131n okunmas\u0131yla ba\u015flad\u0131. G\u00fcn\u00fcn \u00f6nem ve anlam\u0131n\u0131 belirten bir konu\u015fma yapan \u0130skenderun Liman Ba\u015fkan\u0131 Atilla Piralio\u011flu \u201c1 Temmuz, T\u00fcrkiye Cumhuriyeti&#8217;nin denizlerdeki egemenlik hakk\u0131n\u0131 ilan etti\u011fi \u00f6nemli bir g\u00fcn, Kabotaj Bayram\u0131m\u0131z\u0131n 99. y\u0131l\u0131n\u0131 gururla kutluyoruz\u201d dedi. Program \u00e7er\u00e7evesinde \u0130skenderun Teknik \u00dcniversitesi \u00f6\u011frencileri, Sahil G\u00fcvenlik ekipleri, bando e\u015fli\u011finde Bal\u0131k\u00e7\u0131 Bar\u0131na\u011f\u0131\u2019na kadar y\u00fcr\u00fcy\u00fc\u015f ger\u00e7ekle\u015ftirdi. Kutlama etkinlikleri burada da devam etti. \u0130skenderun Kaymakam\u0131 Muhammet \u00d6nder ve protokol \u00fcyeleri, tekne ile denize a\u00e7\u0131larak deniz \u015fehitleri an\u0131s\u0131na Mavi Vatana \u00e7elenk b\u0131rakt\u0131. \u200bMavi Vatan\u2019\u0131n tam ba\u011f\u0131ms\u0131zl\u0131\u011f\u0131n\u0131n &hellip;","og_url":"https:\/\/denizcankizil.tr\/uk\/haberler\/gundem\/iskenderunda-kabotaj-bayrami-kutlandi\/","og_site_name":"Av. Deniz Can K\u0131z\u0131l","article_published_time":"2025-07-01T10:42:43+00:00","author":"admin","twitter_card":"summary_large_image","twitter_misc":{"\u041d\u0430\u043f\u0438\u0441\u0430\u043d\u043e":"admin","\u041f\u0440\u0438\u0431\u043b. \u0447\u0430\u0441 \u0447\u0438\u0442\u0430\u043d\u043d\u044f":"2 \u0445\u0432\u0438\u043b\u0438\u043d\u0438"},"schema":{"@context":"https:\/\/schema.org","@graph":[{"@type":"Article","@id":"https:\/\/denizcankizil.tr\/uk\/haberler\/gundem\/iskenderunda-kabotaj-bayrami-kutlandi\/#article","isPartOf":{"@id":"https:\/\/denizcankizil.tr\/uk\/haberler\/gundem\/iskenderunda-kabotaj-bayrami-kutlandi\/"},"author":{"name":"admin","@id":"https:\/\/denizcankizil.tr\/#\/schema\/person\/be3c05fe6a12686905512445d8185489"},"headline":"\u0130skenderun\u2019da Kabotaj Bayram\u0131 kutland\u0131&#8230;","datePublished":"2025-07-01T10:42:43+00:00","mainEntityOfPage":{"@id":"https:\/\/denizcankizil.tr\/uk\/haberler\/gundem\/iskenderunda-kabotaj-bayrami-kutlandi\/"},"wordCount":348,"publisher":{"@id":"https:\/\/denizcankizil.tr\/#organization"},"articleSection":["G\u00fcndem"],"inLanguage":"uk"},{"@type":"WebPage","@id":"https:\/\/denizcankizil.tr\/uk\/haberler\/gundem\/iskenderunda-kabotaj-bayrami-kutlandi\/","url":"https:\/\/denizcankizil.tr\/uk\/haberler\/gundem\/iskenderunda-kabotaj-bayrami-kutlandi\/","name":"\u0130skenderun\u2019da Kabotaj Bayram\u0131 kutland\u0131... - Av. Deniz Can K\u0131z\u0131l","isPartOf":{"@id":"https:\/\/denizcankizil.tr\/#website"},"datePublished":"2025-07-01T10:42:43+00:00","breadcrumb":{"@id":"https:\/\/denizcankizil.tr\/uk\/haberler\/gundem\/iskenderunda-kabotaj-bayrami-kutlandi\/#breadcrumb"},"inLanguage":"uk","potentialAction":[{"@type":"ReadAction","target":["https:\/\/denizcankizil.tr\/uk\/haberler\/gundem\/iskenderunda-kabotaj-bayrami-kutlandi\/"]}]},{"@type":"BreadcrumbList","@id":"https:\/\/denizcankizil.tr\/uk\/haberler\/gundem\/iskenderunda-kabotaj-bayrami-kutlandi\/#breadcrumb","itemListElement":[{"@type":"ListItem","position":1,"name":"Home","item":"https:\/\/denizcankizil.tr\/de\/"},{"@type":"ListItem","position":2,"name":"\u0130skenderun\u2019da Kabotaj Bayram\u0131 kutland\u0131&#8230;"}]},{"@type":"WebSite","@id":"https:\/\/denizcankizil.tr\/#website","url":"https:\/\/denizcankizil.tr\/","name":"Av. Deniz Can K\u0131z\u0131l","description":"Avukat Deniz Can K\u0131z\u0131l Antalya Barosu","publisher":{"@id":"https:\/\/denizcankizil.tr\/#organization"},"potentialAction":[{"@type":"SearchAction","target":{"@type":"EntryPoint","urlTemplate":"https:\/\/denizcankizil.tr\/?s={search_term_string}"},"query-input":{"@type":"PropertyValueSpecification","valueRequired":true,"valueName":"search_term_string"}}],"inLanguage":"uk"},{"@type":"Organization","@id":"https:\/\/denizcankizil.tr\/#organization","name":"Av. Deniz Can K\u0131z\u0131l","url":"https:\/\/denizcankizil.tr\/","logo":{"@type":"ImageObject","inLanguage":"uk","@id":"https:\/\/denizcankizil.tr\/#\/schema\/logo\/image\/","url":"https:\/\/denizcankizil.tr\/wp-content\/uploads\/2024\/10\/siyah-logo-svg.svg","contentUrl":"https:\/\/denizcankizil.tr\/wp-content\/uploads\/2024\/10\/siyah-logo-svg.svg","width":1080,"height":1080,"caption":"Av. Deniz Can K\u0131z\u0131l"},"image":{"@id":"https:\/\/denizcankizil.tr\/#\/schema\/logo\/image\/"}},{"@type":"Person","@id":"https:\/\/denizcankizil.tr\/#\/schema\/person\/be3c05fe6a12686905512445d8185489","name":"\u0430\u0434\u043c\u0456\u043d","image":{"@type":"ImageObject","inLanguage":"uk","@id":"https:\/\/denizcankizil.tr\/#\/schema\/person\/image\/","url":"https:\/\/secure.gravatar.com\/avatar\/c1fce94c830dc79107e174f890d7210541c4a63e8e5d816341794a2151c9d58c?s=96&d=mm&r=g","contentUrl":"https:\/\/secure.gravatar.com\/avatar\/c1fce94c830dc79107e174f890d7210541c4a63e8e5d816341794a2151c9d58c?s=96&d=mm&r=g","caption":"admin"},"sameAs":["http:\/\/denizcankizil.tr"],"url":"https:\/\/www.iskenderun.org\/iskenderunda-kabotaj-bayrami-kutlandi"}]}},"_links":{"self":[{"href":"https:\/\/denizcankizil.tr\/uk\/wp-json\/wp\/v2\/posts\/132470","targetHints":{"allow":["GET"]}}],"collection":[{"href":"https:\/\/denizcankizil.tr\/uk\/wp-json\/wp\/v2\/posts"}],"about":[{"href":"https:\/\/denizcankizil.tr\/uk\/wp-json\/wp\/v2\/types\/post"}],"author":[{"embeddable":true,"href":"https:\/\/denizcankizil.tr\/uk\/wp-json\/wp\/v2\/users\/1"}],"replies":[{"embeddable":true,"href":"https:\/\/denizcankizil.tr\/uk\/wp-json\/wp\/v2\/comments?post=132470"}],"version-history":[{"count":0,"href":"https:\/\/denizcankizil.tr\/uk\/wp-json\/wp\/v2\/posts\/132470\/revisions"}],"wp:attachment":[{"href":"https:\/\/denizcankizil.tr\/uk\/wp-json\/wp\/v2\/media?parent=132470"}],"wp:term":[{"taxonomy":"category","embeddable":true,"href":"https:\/\/denizcankizil.tr\/uk\/wp-json\/wp\/v2\/categories?post=132470"},{"taxonomy":"post_tag","embeddable":true,"href":"https:\/\/denizcankizil.tr\/uk\/wp-json\/wp\/v2\/tags?post=132470"}],"curies":[{"name":"wp","href":"https:\/\/api.w.org\/{rel}","templated":true}]}}