{"id":132322,"date":"2025-07-01T10:42:28","date_gmt":"2025-07-01T07:42:28","guid":{"rendered":"https:\/\/denizcankizil.tr\/uncategorized-tr\/leman-dergisinden-karikatur-tartismalarina-yanit\/"},"modified":"2025-07-01T10:42:28","modified_gmt":"2025-07-01T07:42:28","slug":"leman-dergisinden-karikatur-tartismalarina-yanit","status":"publish","type":"post","link":"https:\/\/denizcankizil.tr\/uk\/haberler\/gundem\/leman-dergisinden-karikatur-tartismalarina-yanit\/","title":{"rendered":"Leman Dergisi&#8217;nden karikat\u00fcr tart\u0131\u015fmalar\u0131na yan\u0131t"},"content":{"rendered":"<p>Leman Dergisi, karikat\u00fcr tart\u0131\u015fmalar\u0131na y\u00f6nelik \u00e7arp\u0131tmalar\u0131 reddederek, Filistin davas\u0131na verdi\u011fi deste\u011fi vurgulad\u0131 ve provokat\u00f6rleri k\u0131nad\u0131.\u0130STANBUL (\u0130GFA) &#8211; Leman Dergisi, son say\u0131s\u0131nda yer alan bir karikat\u00fcr\u00fcn yanl\u0131\u015f anla\u015f\u0131lmalara yol a\u00e7t\u0131\u011f\u0131 iddialar\u0131na ili\u015fkin \u00e7arp\u0131c\u0131 bir a\u00e7\u0131klama yapt\u0131.<br \/>\nDergi, karikat\u00fcr\u00fcn \u0130srail taraf\u0131ndan \u00f6ld\u00fcr\u00fclen bir M\u00fcsl\u00fcman\u0131 konu alarak mazlum Filistin halk\u0131n\u0131n hakl\u0131l\u0131\u011f\u0131n\u0131 ortaya koymay\u0131 ama\u00e7lad\u0131\u011f\u0131n\u0131 belirtirken, dini de\u011ferleri a\u015fa\u011f\u0131lama gibi bir niyetin asla olmad\u0131\u011f\u0131n\u0131 vurgulad\u0131.<br \/>\nA\u00e7\u0131klamada, \u201cD\u00fcnyada 200 milyon ki\u015finin ta\u015f\u0131d\u0131\u011f\u0131 Muhammed, Mehmet, Mamadu gibi isimler, Peygamber Efendimizin ismini ya\u015fatmak i\u00e7in M\u00fcsl\u00fcmanlar taraf\u0131ndan konulmaktad\u0131r. T\u00fcrk askeri Mehmet\u00e7ik\u2019tir, peygamber oca\u011f\u0131ndan gelir. Bu hassasiyeti biliyor ve anl\u0131yoruz. Karikat\u00fcr\u00fcm\u00fczde Peygamber Efendimizin tasviri yoktur. Bunu \u00e7arp\u0131tmak i\u00e7in k\u00f6t\u00fc niyetli olmak gerekir. Bize s\u00fcr\u00fclen lekeyi kabul etmiyoruz\u201d ifadelerine yer verildi.<\/p>\n<p><blockquote class=\"twitter-tweet\" data-width=\"550\" data-dnt=\"true\"><p lang=\"tr\" dir=\"ltr\">D\u00fcnyada en \u00e7ok konulan ve n\u00fcfus olarak en y\u00fcksek say\u0131da isim Muhammed, Mehmet, Mamadu ( hepsi peygamber efendimizin ismini ya\u015fatmak i\u00e7in m\u00fcsl\u00fcmanlar taraf\u0131ndan konulur. ) ismidir. \u015eu anda Muhammed ismi ta\u015f\u0131yan 200 milyon ki\u015fi var.Burada karikat\u00fcr\u00fcn \u00e7izeri \u0130srail taraf\u0131ndan+<\/p>&mdash; LeMan (@lemandergisi) <a href=\"https:\/\/twitter.com\/lemandergisi\/status\/1939774797623566642?ref_src=twsrc%5Etfw\">June 30, 2025<\/a><\/blockquote><script async src=\"https:\/\/platform.twitter.com\/widgets.js\" charset=\"utf-8\"><\/script><\/p>\n<p>Ge\u00e7mi\u015fte 5 adet Filistin \u00d6zel Say\u0131s\u0131 ve Mavi Marmara dahil y\u00fczlerce kapakla Filistin davas\u0131na destek verdi\u011fini an\u0131msatan Leman Dergisi, vicdan ve inan\u00e7lar\u0131n\u0131n yanl\u0131\u015f bi\u00e7imde sorgulanmas\u0131n\u0131 reddetti. Provokatif yakla\u015f\u0131mlar\u0131 k\u0131nayan dergi, iyi niyetli okurlar\u0131ndan gelen tepkileri anlay\u0131\u015fla kar\u015f\u0131lad\u0131\u011f\u0131n\u0131 belirterek, yanl\u0131\u015f anla\u015f\u0131lmalardan dolay\u0131 \u00f6z\u00fcr diledi.<br \/>\nDergi, a\u00e7\u0131klamas\u0131nda T\u00fcrkiye\u2019nin hassas bir d\u00f6nemden ge\u00e7ti\u011fine dikkat \u00e7ekerek, Adalet Bakanl\u0131\u011f\u0131 ve g\u00fcvenlik birimlerini provokasyon pe\u015finde olanlara kar\u015f\u0131 g\u00f6reve \u00e7a\u011f\u0131rd\u0131.<\/p>\n<p>\u200bLeman Dergisi, karikat\u00fcr tart\u0131\u015fmalar\u0131na y\u00f6nelik \u00e7arp\u0131tmalar\u0131 reddederek, Filistin davas\u0131na verdi\u011fi deste\u011fi vurgulad\u0131 ve provokat\u00f6rleri k\u0131nad\u0131.\u0130STANBUL (\u0130GFA) &#8211; Leman Dergisi, son say\u0131s\u0131nda yer alan bir karikat\u00fcr\u00fcn yanl\u0131\u015f anla\u015f\u0131lmalara yol a\u00e7t\u0131\u011f\u0131 iddialar\u0131na ili\u015fkin \u00e7arp\u0131c\u0131 bir a\u00e7\u0131klama yapt\u0131.<br \/>\nDergi, karikat\u00fcr\u00fcn \u0130srail taraf\u0131ndan \u00f6ld\u00fcr\u00fclen bir M\u00fcsl\u00fcman\u0131 konu alarak mazlum Filistin halk\u0131n\u0131n hakl\u0131l\u0131\u011f\u0131n\u0131 ortaya koymay\u0131 ama\u00e7lad\u0131\u011f\u0131n\u0131 belirtirken, dini de\u011ferleri a\u015fa\u011f\u0131lama gibi bir niyetin asla olmad\u0131\u011f\u0131n\u0131 vurgulad\u0131.<br \/>\nA\u00e7\u0131klamada, \u201cD\u00fcnyada 200 milyon ki\u015finin ta\u015f\u0131d\u0131\u011f\u0131 Muhammed, Mehmet, Mamadu gibi isimler, Peygamber Efendimizin ismini ya\u015fatmak i\u00e7in M\u00fcsl\u00fcmanlar taraf\u0131ndan konulmaktad\u0131r. T\u00fcrk askeri Mehmet\u00e7ik\u2019tir, peygamber oca\u011f\u0131ndan gelir. Bu hassasiyeti biliyor ve anl\u0131yoruz. Karikat\u00fcr\u00fcm\u00fczde Peygamber Efendimizin tasviri yoktur. Bunu \u00e7arp\u0131tmak i\u00e7in k\u00f6t\u00fc niyetli olmak gerekir. Bize s\u00fcr\u00fclen lekeyi kabul etmiyoruz\u201d ifadelerine yer verildi.<\/p>\n<p><blockquote class=\"twitter-tweet\" data-width=\"550\" data-dnt=\"true\"><p lang=\"tr\" dir=\"ltr\">D\u00fcnyada en \u00e7ok konulan ve n\u00fcfus olarak en y\u00fcksek say\u0131da isim Muhammed, Mehmet, Mamadu ( hepsi peygamber efendimizin ismini ya\u015fatmak i\u00e7in m\u00fcsl\u00fcmanlar taraf\u0131ndan konulur. ) ismidir. \u015eu anda Muhammed ismi ta\u015f\u0131yan 200 milyon ki\u015fi var.Burada karikat\u00fcr\u00fcn \u00e7izeri \u0130srail taraf\u0131ndan+<\/p>&mdash; LeMan (@lemandergisi) <a href=\"https:\/\/twitter.com\/lemandergisi\/status\/1939774797623566642?ref_src=twsrc%5Etfw\">June 30, 2025<\/a><\/blockquote><script async src=\"https:\/\/platform.twitter.com\/widgets.js\" charset=\"utf-8\"><\/script><\/p>\n<p>Ge\u00e7mi\u015fte 5 adet Filistin \u00d6zel Say\u0131s\u0131 ve Mavi Marmara dahil y\u00fczlerce kapakla Filistin davas\u0131na destek verdi\u011fini an\u0131msatan Leman Dergisi, vicdan ve inan\u00e7lar\u0131n\u0131n yanl\u0131\u015f bi\u00e7imde sorgulanmas\u0131n\u0131 reddetti. Provokatif yakla\u015f\u0131mlar\u0131 k\u0131nayan dergi, iyi niyetli okurlar\u0131ndan gelen tepkileri anlay\u0131\u015fla kar\u015f\u0131lad\u0131\u011f\u0131n\u0131 belirterek, yanl\u0131\u015f anla\u015f\u0131lmalardan dolay\u0131 \u00f6z\u00fcr diledi.<br \/>\nDergi, a\u00e7\u0131klamas\u0131nda T\u00fcrkiye\u2019nin hassas bir d\u00f6nemden ge\u00e7ti\u011fine dikkat \u00e7ekerek, Adalet Bakanl\u0131\u011f\u0131 ve g\u00fcvenlik birimlerini provokasyon pe\u015finde olanlara kar\u015f\u0131 g\u00f6reve \u00e7a\u011f\u0131rd\u0131.\u00a0<\/p>\n<p>\u200bHaberin Al\u0131nt\u0131land\u0131\u011f\u0131 Kaynak: www.iskenderun.org<\/p>","protected":false},"excerpt":{"rendered":"<p>Leman Dergisi, karikat\u00fcr tart\u0131\u015fmalar\u0131na y\u00f6nelik \u00e7arp\u0131tmalar\u0131 reddederek, Filistin davas\u0131na verdi\u011fi deste\u011fi vurgulad\u0131 ve provokat\u00f6rleri k\u0131nad\u0131.\u0130STANBUL (\u0130GFA) &#8211; Leman Dergisi, son say\u0131s\u0131nda yer alan bir karikat\u00fcr\u00fcn yanl\u0131\u015f anla\u015f\u0131lmalara yol a\u00e7t\u0131\u011f\u0131 iddialar\u0131na ili\u015fkin \u00e7arp\u0131c\u0131 bir a\u00e7\u0131klama yapt\u0131. Dergi, karikat\u00fcr\u00fcn \u0130srail taraf\u0131ndan \u00f6ld\u00fcr\u00fclen bir M\u00fcsl\u00fcman\u0131 konu alarak mazlum Filistin halk\u0131n\u0131n hakl\u0131l\u0131\u011f\u0131n\u0131 ortaya koymay\u0131 ama\u00e7lad\u0131\u011f\u0131n\u0131 belirtirken, dini de\u011ferleri a\u015fa\u011f\u0131lama gibi bir niyetin asla olmad\u0131\u011f\u0131n\u0131 vurgulad\u0131. A\u00e7\u0131klamada, \u201cD\u00fcnyada 200 milyon ki\u015finin ta\u015f\u0131d\u0131\u011f\u0131 Muhammed, Mehmet, Mamadu gibi isimler, Peygamber Efendimizin ismini ya\u015fatmak i\u00e7in M\u00fcsl\u00fcmanlar taraf\u0131ndan konulmaktad\u0131r. T\u00fcrk askeri Mehmet\u00e7ik\u2019tir, peygamber oca\u011f\u0131ndan gelir. Bu hassasiyeti biliyor ve anl\u0131yoruz. Karikat\u00fcr\u00fcm\u00fczde Peygamber Efendimizin tasviri yoktur. Bunu \u00e7arp\u0131tmak i\u00e7in k\u00f6t\u00fc niyetli olmak gerekir. Bize s\u00fcr\u00fclen lekeyi kabul etmiyoruz\u201d ifadelerine yer verildi. D\u00fcnyada en \u00e7ok konulan ve n\u00fcfus olarak en y\u00fcksek say\u0131da isim Muhammed, Mehmet, Mamadu ( hepsi peygamber efendimizin ismini ya\u015fatmak i\u00e7in m\u00fcsl\u00fcmanlar taraf\u0131ndan konulur. ) ismidir. \u015eu anda Muhammed ismi ta\u015f\u0131yan 200 milyon ki\u015fi var.Burada karikat\u00fcr\u00fcn \u00e7izeri \u0130srail taraf\u0131ndan+ &mdash; LeMan (@lemandergisi) June 30, 2025 Ge\u00e7mi\u015fte 5 adet Filistin \u00d6zel Say\u0131s\u0131 ve Mavi Marmara dahil y\u00fczlerce kapakla Filistin davas\u0131na destek verdi\u011fini an\u0131msatan Leman Dergisi, vicdan ve inan\u00e7lar\u0131n\u0131n yanl\u0131\u015f bi\u00e7imde sorgulanmas\u0131n\u0131 reddetti. Provokatif yakla\u015f\u0131mlar\u0131 k\u0131nayan dergi, iyi niyetli okurlar\u0131ndan gelen tepkileri anlay\u0131\u015fla kar\u015f\u0131lad\u0131\u011f\u0131n\u0131 belirterek, yanl\u0131\u015f anla\u015f\u0131lmalardan dolay\u0131 \u00f6z\u00fcr diledi. Dergi, &hellip;<\/p>","protected":false},"author":1,"featured_media":0,"comment_status":"","ping_status":"open","sticky":false,"template":"","format":"standard","meta":{"_acf_changed":false,"footnotes":""},"categories":[24],"tags":[],"class_list":["post-132322","post","type-post","status-publish","format-standard","has-post-thumbnail","hentry","category-gundem"],"acf":[],"yoast_head":"<!-- This site is optimized with the Yoast SEO Premium plugin v26.6 (Yoast SEO v27.1.1) - https:\/\/yoast.com\/product\/yoast-seo-premium-wordpress\/ -->\n<title>Leman Dergisi&#039;nden karikat\u00fcr tart\u0131\u015fmalar\u0131na yan\u0131t - Av. Deniz Can K\u0131z\u0131l<\/title>\n<meta name=\"robots\" content=\"index, follow, max-snippet:-1, max-image-preview:large, max-video-preview:-1\" \/>\n<link rel=\"canonical\" href=\"https:\/\/denizcankizil.tr\/uk\/haberler\/gundem\/leman-dergisinden-karikatur-tartismalarina-yanit\/\" \/>\n<meta property=\"og:locale\" content=\"uk_UA\" \/>\n<meta property=\"og:type\" content=\"article\" \/>\n<meta property=\"og:title\" content=\"Leman Dergisi&#039;nden karikat\u00fcr tart\u0131\u015fmalar\u0131na yan\u0131t\" \/>\n<meta property=\"og:description\" content=\"Leman Dergisi, karikat\u00fcr tart\u0131\u015fmalar\u0131na y\u00f6nelik \u00e7arp\u0131tmalar\u0131 reddederek, Filistin davas\u0131na verdi\u011fi deste\u011fi vurgulad\u0131 ve provokat\u00f6rleri k\u0131nad\u0131.\u0130STANBUL (\u0130GFA) &#8211; Leman Dergisi, son say\u0131s\u0131nda yer alan bir karikat\u00fcr\u00fcn yanl\u0131\u015f anla\u015f\u0131lmalara yol a\u00e7t\u0131\u011f\u0131 iddialar\u0131na ili\u015fkin \u00e7arp\u0131c\u0131 bir a\u00e7\u0131klama yapt\u0131. Dergi, karikat\u00fcr\u00fcn \u0130srail taraf\u0131ndan \u00f6ld\u00fcr\u00fclen bir M\u00fcsl\u00fcman\u0131 konu alarak mazlum Filistin halk\u0131n\u0131n hakl\u0131l\u0131\u011f\u0131n\u0131 ortaya koymay\u0131 ama\u00e7lad\u0131\u011f\u0131n\u0131 belirtirken, dini de\u011ferleri a\u015fa\u011f\u0131lama gibi bir niyetin asla olmad\u0131\u011f\u0131n\u0131 vurgulad\u0131. A\u00e7\u0131klamada, \u201cD\u00fcnyada 200 milyon ki\u015finin ta\u015f\u0131d\u0131\u011f\u0131 Muhammed, Mehmet, Mamadu gibi isimler, Peygamber Efendimizin ismini ya\u015fatmak i\u00e7in M\u00fcsl\u00fcmanlar taraf\u0131ndan konulmaktad\u0131r. T\u00fcrk askeri Mehmet\u00e7ik\u2019tir, peygamber oca\u011f\u0131ndan gelir. Bu hassasiyeti biliyor ve anl\u0131yoruz. Karikat\u00fcr\u00fcm\u00fczde Peygamber Efendimizin tasviri yoktur. Bunu \u00e7arp\u0131tmak i\u00e7in k\u00f6t\u00fc niyetli olmak gerekir. Bize s\u00fcr\u00fclen lekeyi kabul etmiyoruz\u201d ifadelerine yer verildi. D\u00fcnyada en \u00e7ok konulan ve n\u00fcfus olarak en y\u00fcksek say\u0131da isim Muhammed, Mehmet, Mamadu ( hepsi peygamber efendimizin ismini ya\u015fatmak i\u00e7in m\u00fcsl\u00fcmanlar taraf\u0131ndan konulur. ) ismidir. \u015eu anda Muhammed ismi ta\u015f\u0131yan 200 milyon ki\u015fi var.Burada karikat\u00fcr\u00fcn \u00e7izeri \u0130srail taraf\u0131ndan+ &mdash; LeMan (@lemandergisi) June 30, 2025 Ge\u00e7mi\u015fte 5 adet Filistin \u00d6zel Say\u0131s\u0131 ve Mavi Marmara dahil y\u00fczlerce kapakla Filistin davas\u0131na destek verdi\u011fini an\u0131msatan Leman Dergisi, vicdan ve inan\u00e7lar\u0131n\u0131n yanl\u0131\u015f bi\u00e7imde sorgulanmas\u0131n\u0131 reddetti. Provokatif yakla\u015f\u0131mlar\u0131 k\u0131nayan dergi, iyi niyetli okurlar\u0131ndan gelen tepkileri anlay\u0131\u015fla kar\u015f\u0131lad\u0131\u011f\u0131n\u0131 belirterek, yanl\u0131\u015f anla\u015f\u0131lmalardan dolay\u0131 \u00f6z\u00fcr diledi. Dergi, &hellip;\" \/>\n<meta property=\"og:url\" content=\"https:\/\/denizcankizil.tr\/uk\/haberler\/gundem\/leman-dergisinden-karikatur-tartismalarina-yanit\/\" \/>\n<meta property=\"og:site_name\" content=\"Av. Deniz Can K\u0131z\u0131l\" \/>\n<meta property=\"article:published_time\" content=\"2025-07-01T07:42:28+00:00\" \/>\n<meta name=\"author\" content=\"admin\" \/>\n<meta name=\"twitter:card\" content=\"summary_large_image\" \/>\n<meta name=\"twitter:label1\" content=\"\u041d\u0430\u043f\u0438\u0441\u0430\u043d\u043e\" \/>\n\t<meta name=\"twitter:data1\" content=\"admin\" \/>\n\t<meta name=\"twitter:label2\" content=\"\u041f\u0440\u0438\u0431\u043b. \u0447\u0430\u0441 \u0447\u0438\u0442\u0430\u043d\u043d\u044f\" \/>\n\t<meta name=\"twitter:data2\" content=\"3 \u0445\u0432\u0438\u043b\u0438\u043d\u0438\" \/>\n<script type=\"application\/ld+json\" class=\"yoast-schema-graph\">{\"@context\":\"https:\/\/schema.org\",\"@graph\":[{\"@type\":\"Article\",\"@id\":\"https:\/\/denizcankizil.tr\/en\/haberler\/gundem\/leman-dergisinden-karikatur-tartismalarina-yanit\/#article\",\"isPartOf\":{\"@id\":\"https:\/\/denizcankizil.tr\/en\/haberler\/gundem\/leman-dergisinden-karikatur-tartismalarina-yanit\/\"},\"author\":{\"name\":\"admin\",\"@id\":\"https:\/\/denizcankizil.tr\/de\/#\/schema\/person\/be3c05fe6a12686905512445d8185489\"},\"headline\":\"Leman Dergisi&#8217;nden karikat\u00fcr tart\u0131\u015fmalar\u0131na yan\u0131t\",\"datePublished\":\"2025-07-01T07:42:28+00:00\",\"mainEntityOfPage\":{\"@id\":\"https:\/\/denizcankizil.tr\/en\/haberler\/gundem\/leman-dergisinden-karikatur-tartismalarina-yanit\/\"},\"wordCount\":556,\"publisher\":{\"@id\":\"https:\/\/denizcankizil.tr\/de\/#organization\"},\"articleSection\":[\"G\u00fcndem\"],\"inLanguage\":\"uk\"},{\"@type\":\"WebPage\",\"@id\":\"https:\/\/denizcankizil.tr\/en\/haberler\/gundem\/leman-dergisinden-karikatur-tartismalarina-yanit\/\",\"url\":\"https:\/\/denizcankizil.tr\/en\/haberler\/gundem\/leman-dergisinden-karikatur-tartismalarina-yanit\/\",\"name\":\"Leman Dergisi'nden karikat\u00fcr tart\u0131\u015fmalar\u0131na yan\u0131t - Av. Deniz Can K\u0131z\u0131l\",\"isPartOf\":{\"@id\":\"https:\/\/denizcankizil.tr\/de\/#website\"},\"datePublished\":\"2025-07-01T07:42:28+00:00\",\"breadcrumb\":{\"@id\":\"https:\/\/denizcankizil.tr\/en\/haberler\/gundem\/leman-dergisinden-karikatur-tartismalarina-yanit\/#breadcrumb\"},\"inLanguage\":\"uk\",\"potentialAction\":[{\"@type\":\"ReadAction\",\"target\":[\"https:\/\/denizcankizil.tr\/en\/haberler\/gundem\/leman-dergisinden-karikatur-tartismalarina-yanit\/\"]}]},{\"@type\":\"BreadcrumbList\",\"@id\":\"https:\/\/denizcankizil.tr\/en\/haberler\/gundem\/leman-dergisinden-karikatur-tartismalarina-yanit\/#breadcrumb\",\"itemListElement\":[{\"@type\":\"ListItem\",\"position\":1,\"name\":\"Home\",\"item\":\"https:\/\/denizcankizil.tr\/de\/\"},{\"@type\":\"ListItem\",\"position\":2,\"name\":\"Leman Dergisi&#8217;nden karikat\u00fcr tart\u0131\u015fmalar\u0131na yan\u0131t\"}]},{\"@type\":\"WebSite\",\"@id\":\"https:\/\/denizcankizil.tr\/de\/#website\",\"url\":\"https:\/\/denizcankizil.tr\/de\/\",\"name\":\"Av. Deniz Can K\u0131z\u0131l\",\"description\":\"Avukat Deniz Can K\u0131z\u0131l Antalya Barosu\",\"publisher\":{\"@id\":\"https:\/\/denizcankizil.tr\/de\/#organization\"},\"potentialAction\":[{\"@type\":\"SearchAction\",\"target\":{\"@type\":\"EntryPoint\",\"urlTemplate\":\"https:\/\/denizcankizil.tr\/de\/?s={search_term_string}\"},\"query-input\":{\"@type\":\"PropertyValueSpecification\",\"valueRequired\":true,\"valueName\":\"search_term_string\"}}],\"inLanguage\":\"uk\"},{\"@type\":\"Organization\",\"@id\":\"https:\/\/denizcankizil.tr\/de\/#organization\",\"name\":\"Av. Deniz Can K\u0131z\u0131l\",\"url\":\"https:\/\/denizcankizil.tr\/de\/\",\"logo\":{\"@type\":\"ImageObject\",\"inLanguage\":\"uk\",\"@id\":\"https:\/\/denizcankizil.tr\/de\/#\/schema\/logo\/image\/\",\"url\":\"https:\/\/denizcankizil.tr\/wp-content\/uploads\/2024\/10\/siyah-logo-svg.svg\",\"contentUrl\":\"https:\/\/denizcankizil.tr\/wp-content\/uploads\/2024\/10\/siyah-logo-svg.svg\",\"width\":1080,\"height\":1080,\"caption\":\"Av. Deniz Can K\u0131z\u0131l\"},\"image\":{\"@id\":\"https:\/\/denizcankizil.tr\/de\/#\/schema\/logo\/image\/\"}},{\"@type\":\"Person\",\"@id\":\"https:\/\/denizcankizil.tr\/de\/#\/schema\/person\/be3c05fe6a12686905512445d8185489\",\"name\":\"admin\",\"image\":{\"@type\":\"ImageObject\",\"inLanguage\":\"uk\",\"@id\":\"https:\/\/denizcankizil.tr\/de\/#\/schema\/person\/image\/\",\"url\":\"https:\/\/secure.gravatar.com\/avatar\/c1fce94c830dc79107e174f890d7210541c4a63e8e5d816341794a2151c9d58c?s=96&d=mm&r=g\",\"contentUrl\":\"https:\/\/secure.gravatar.com\/avatar\/c1fce94c830dc79107e174f890d7210541c4a63e8e5d816341794a2151c9d58c?s=96&d=mm&r=g\",\"caption\":\"admin\"},\"sameAs\":[\"http:\/\/denizcankizil.tr\"],\"url\":\"https:\/\/www.iskenderun.org\/leman-dergisinden-karikatur-tartismalarina-yanit\"}]}<\/script>\n<!-- \/ Yoast SEO Premium plugin. -->","yoast_head_json":{"title":"Leman Dergisi'nden karikat\u00fcr tart\u0131\u015fmalar\u0131na yan\u0131t - Av. Deniz Can K\u0131z\u0131l","robots":{"index":"index","follow":"follow","max-snippet":"max-snippet:-1","max-image-preview":"max-image-preview:large","max-video-preview":"max-video-preview:-1"},"canonical":"https:\/\/denizcankizil.tr\/uk\/haberler\/gundem\/leman-dergisinden-karikatur-tartismalarina-yanit\/","og_locale":"uk_UA","og_type":"article","og_title":"Leman Dergisi'nden karikat\u00fcr tart\u0131\u015fmalar\u0131na yan\u0131t","og_description":"Leman Dergisi, karikat\u00fcr tart\u0131\u015fmalar\u0131na y\u00f6nelik \u00e7arp\u0131tmalar\u0131 reddederek, Filistin davas\u0131na verdi\u011fi deste\u011fi vurgulad\u0131 ve provokat\u00f6rleri k\u0131nad\u0131.\u0130STANBUL (\u0130GFA) &#8211; Leman Dergisi, son say\u0131s\u0131nda yer alan bir karikat\u00fcr\u00fcn yanl\u0131\u015f anla\u015f\u0131lmalara yol a\u00e7t\u0131\u011f\u0131 iddialar\u0131na ili\u015fkin \u00e7arp\u0131c\u0131 bir a\u00e7\u0131klama yapt\u0131. Dergi, karikat\u00fcr\u00fcn \u0130srail taraf\u0131ndan \u00f6ld\u00fcr\u00fclen bir M\u00fcsl\u00fcman\u0131 konu alarak mazlum Filistin halk\u0131n\u0131n hakl\u0131l\u0131\u011f\u0131n\u0131 ortaya koymay\u0131 ama\u00e7lad\u0131\u011f\u0131n\u0131 belirtirken, dini de\u011ferleri a\u015fa\u011f\u0131lama gibi bir niyetin asla olmad\u0131\u011f\u0131n\u0131 vurgulad\u0131. A\u00e7\u0131klamada, \u201cD\u00fcnyada 200 milyon ki\u015finin ta\u015f\u0131d\u0131\u011f\u0131 Muhammed, Mehmet, Mamadu gibi isimler, Peygamber Efendimizin ismini ya\u015fatmak i\u00e7in M\u00fcsl\u00fcmanlar taraf\u0131ndan konulmaktad\u0131r. T\u00fcrk askeri Mehmet\u00e7ik\u2019tir, peygamber oca\u011f\u0131ndan gelir. Bu hassasiyeti biliyor ve anl\u0131yoruz. Karikat\u00fcr\u00fcm\u00fczde Peygamber Efendimizin tasviri yoktur. Bunu \u00e7arp\u0131tmak i\u00e7in k\u00f6t\u00fc niyetli olmak gerekir. Bize s\u00fcr\u00fclen lekeyi kabul etmiyoruz\u201d ifadelerine yer verildi. D\u00fcnyada en \u00e7ok konulan ve n\u00fcfus olarak en y\u00fcksek say\u0131da isim Muhammed, Mehmet, Mamadu ( hepsi peygamber efendimizin ismini ya\u015fatmak i\u00e7in m\u00fcsl\u00fcmanlar taraf\u0131ndan konulur. ) ismidir. \u015eu anda Muhammed ismi ta\u015f\u0131yan 200 milyon ki\u015fi var.Burada karikat\u00fcr\u00fcn \u00e7izeri \u0130srail taraf\u0131ndan+ &mdash; LeMan (@lemandergisi) June 30, 2025 Ge\u00e7mi\u015fte 5 adet Filistin \u00d6zel Say\u0131s\u0131 ve Mavi Marmara dahil y\u00fczlerce kapakla Filistin davas\u0131na destek verdi\u011fini an\u0131msatan Leman Dergisi, vicdan ve inan\u00e7lar\u0131n\u0131n yanl\u0131\u015f bi\u00e7imde sorgulanmas\u0131n\u0131 reddetti. Provokatif yakla\u015f\u0131mlar\u0131 k\u0131nayan dergi, iyi niyetli okurlar\u0131ndan gelen tepkileri anlay\u0131\u015fla kar\u015f\u0131lad\u0131\u011f\u0131n\u0131 belirterek, yanl\u0131\u015f anla\u015f\u0131lmalardan dolay\u0131 \u00f6z\u00fcr diledi. Dergi, &hellip;","og_url":"https:\/\/denizcankizil.tr\/uk\/haberler\/gundem\/leman-dergisinden-karikatur-tartismalarina-yanit\/","og_site_name":"Av. Deniz Can K\u0131z\u0131l","article_published_time":"2025-07-01T07:42:28+00:00","author":"admin","twitter_card":"summary_large_image","twitter_misc":{"\u041d\u0430\u043f\u0438\u0441\u0430\u043d\u043e":"admin","\u041f\u0440\u0438\u0431\u043b. \u0447\u0430\u0441 \u0447\u0438\u0442\u0430\u043d\u043d\u044f":"3 \u0445\u0432\u0438\u043b\u0438\u043d\u0438"},"schema":{"@context":"https:\/\/schema.org","@graph":[{"@type":"Article","@id":"https:\/\/denizcankizil.tr\/en\/haberler\/gundem\/leman-dergisinden-karikatur-tartismalarina-yanit\/#article","isPartOf":{"@id":"https:\/\/denizcankizil.tr\/en\/haberler\/gundem\/leman-dergisinden-karikatur-tartismalarina-yanit\/"},"author":{"name":"admin","@id":"https:\/\/denizcankizil.tr\/de\/#\/schema\/person\/be3c05fe6a12686905512445d8185489"},"headline":"Leman Dergisi&#8217;nden karikat\u00fcr tart\u0131\u015fmalar\u0131na yan\u0131t","datePublished":"2025-07-01T07:42:28+00:00","mainEntityOfPage":{"@id":"https:\/\/denizcankizil.tr\/en\/haberler\/gundem\/leman-dergisinden-karikatur-tartismalarina-yanit\/"},"wordCount":556,"publisher":{"@id":"https:\/\/denizcankizil.tr\/de\/#organization"},"articleSection":["G\u00fcndem"],"inLanguage":"uk"},{"@type":"WebPage","@id":"https:\/\/denizcankizil.tr\/en\/haberler\/gundem\/leman-dergisinden-karikatur-tartismalarina-yanit\/","url":"https:\/\/denizcankizil.tr\/en\/haberler\/gundem\/leman-dergisinden-karikatur-tartismalarina-yanit\/","name":"Leman Dergisi'nden karikat\u00fcr tart\u0131\u015fmalar\u0131na yan\u0131t - Av. Deniz Can K\u0131z\u0131l","isPartOf":{"@id":"https:\/\/denizcankizil.tr\/de\/#website"},"datePublished":"2025-07-01T07:42:28+00:00","breadcrumb":{"@id":"https:\/\/denizcankizil.tr\/en\/haberler\/gundem\/leman-dergisinden-karikatur-tartismalarina-yanit\/#breadcrumb"},"inLanguage":"uk","potentialAction":[{"@type":"ReadAction","target":["https:\/\/denizcankizil.tr\/en\/haberler\/gundem\/leman-dergisinden-karikatur-tartismalarina-yanit\/"]}]},{"@type":"BreadcrumbList","@id":"https:\/\/denizcankizil.tr\/en\/haberler\/gundem\/leman-dergisinden-karikatur-tartismalarina-yanit\/#breadcrumb","itemListElement":[{"@type":"ListItem","position":1,"name":"Home","item":"https:\/\/denizcankizil.tr\/de\/"},{"@type":"ListItem","position":2,"name":"Leman Dergisi&#8217;nden karikat\u00fcr tart\u0131\u015fmalar\u0131na yan\u0131t"}]},{"@type":"WebSite","@id":"https:\/\/denizcankizil.tr\/de\/#website","url":"https:\/\/denizcankizil.tr\/de\/","name":"Av. Deniz Can K\u0131z\u0131l","description":"Avukat Deniz Can K\u0131z\u0131l Antalya Barosu","publisher":{"@id":"https:\/\/denizcankizil.tr\/de\/#organization"},"potentialAction":[{"@type":"SearchAction","target":{"@type":"EntryPoint","urlTemplate":"https:\/\/denizcankizil.tr\/de\/?s={search_term_string}"},"query-input":{"@type":"PropertyValueSpecification","valueRequired":true,"valueName":"search_term_string"}}],"inLanguage":"uk"},{"@type":"Organization","@id":"https:\/\/denizcankizil.tr\/de\/#organization","name":"Av. Deniz Can K\u0131z\u0131l","url":"https:\/\/denizcankizil.tr\/de\/","logo":{"@type":"ImageObject","inLanguage":"uk","@id":"https:\/\/denizcankizil.tr\/de\/#\/schema\/logo\/image\/","url":"https:\/\/denizcankizil.tr\/wp-content\/uploads\/2024\/10\/siyah-logo-svg.svg","contentUrl":"https:\/\/denizcankizil.tr\/wp-content\/uploads\/2024\/10\/siyah-logo-svg.svg","width":1080,"height":1080,"caption":"Av. Deniz Can K\u0131z\u0131l"},"image":{"@id":"https:\/\/denizcankizil.tr\/de\/#\/schema\/logo\/image\/"}},{"@type":"Person","@id":"https:\/\/denizcankizil.tr\/de\/#\/schema\/person\/be3c05fe6a12686905512445d8185489","name":"\u0430\u0434\u043c\u0456\u043d","image":{"@type":"ImageObject","inLanguage":"uk","@id":"https:\/\/denizcankizil.tr\/de\/#\/schema\/person\/image\/","url":"https:\/\/secure.gravatar.com\/avatar\/c1fce94c830dc79107e174f890d7210541c4a63e8e5d816341794a2151c9d58c?s=96&d=mm&r=g","contentUrl":"https:\/\/secure.gravatar.com\/avatar\/c1fce94c830dc79107e174f890d7210541c4a63e8e5d816341794a2151c9d58c?s=96&d=mm&r=g","caption":"admin"},"sameAs":["http:\/\/denizcankizil.tr"],"url":"https:\/\/www.iskenderun.org\/leman-dergisinden-karikatur-tartismalarina-yanit"}]}},"_links":{"self":[{"href":"https:\/\/denizcankizil.tr\/uk\/wp-json\/wp\/v2\/posts\/132322","targetHints":{"allow":["GET"]}}],"collection":[{"href":"https:\/\/denizcankizil.tr\/uk\/wp-json\/wp\/v2\/posts"}],"about":[{"href":"https:\/\/denizcankizil.tr\/uk\/wp-json\/wp\/v2\/types\/post"}],"author":[{"embeddable":true,"href":"https:\/\/denizcankizil.tr\/uk\/wp-json\/wp\/v2\/users\/1"}],"replies":[{"embeddable":true,"href":"https:\/\/denizcankizil.tr\/uk\/wp-json\/wp\/v2\/comments?post=132322"}],"version-history":[{"count":0,"href":"https:\/\/denizcankizil.tr\/uk\/wp-json\/wp\/v2\/posts\/132322\/revisions"}],"wp:attachment":[{"href":"https:\/\/denizcankizil.tr\/uk\/wp-json\/wp\/v2\/media?parent=132322"}],"wp:term":[{"taxonomy":"category","embeddable":true,"href":"https:\/\/denizcankizil.tr\/uk\/wp-json\/wp\/v2\/categories?post=132322"},{"taxonomy":"post_tag","embeddable":true,"href":"https:\/\/denizcankizil.tr\/uk\/wp-json\/wp\/v2\/tags?post=132322"}],"curies":[{"name":"wp","href":"https:\/\/api.w.org\/{rel}","templated":true}]}}