{"id":132275,"date":"2025-07-01T10:41:16","date_gmt":"2025-07-01T07:41:16","guid":{"rendered":"https:\/\/denizcankizil.tr\/uncategorized-tr\/bolu-yanginin-ardindan-gundeme-gelmisti-binalar-icin-o-sure-uzatildi\/"},"modified":"2025-07-01T10:41:16","modified_gmt":"2025-07-01T07:41:16","slug":"bolu-yanginin-ardindan-gundeme-gelmisti-binalar-icin-o-sure-uzatildi","status":"publish","type":"post","link":"https:\/\/denizcankizil.tr\/uk\/haberler\/gundem\/bolu-yanginin-ardindan-gundeme-gelmisti-binalar-icin-o-sure-uzatildi\/","title":{"rendered":"Bolu yang\u0131n\u0131n ard\u0131ndan g\u00fcndeme gelmi\u015fti: Binalar i\u00e7in o s\u00fcre uzat\u0131ld\u0131"},"content":{"rendered":"<p>Antalya Ticaret ve Sanayi Odas\u0131 (ATSO), \u00fcyelerine y\u00f6nelik yapt\u0131\u011f\u0131 a\u00e7\u0131klamayla mevcut binalarda yang\u0131na kar\u015f\u0131 al\u0131nmas\u0131 gereken tedbirlerin uygulanma s\u00fcresinin 31 Aral\u0131k 2025 tarihine kadar uzat\u0131ld\u0131\u011f\u0131n\u0131 bildirdi.<\/p>\n<p>EK S\u00dcRE TANINDI <\/p>\n<p>1 Temmuz 2025 tarihli 32943 say\u0131l\u0131 Resmi Gazete&#8217;de yay\u0131mlanan &#8220;Binalar\u0131n Yang\u0131ndan Korunmas\u0131 Hakk\u0131nda Y\u00f6netmelikte De\u011fi\u015fiklik Yap\u0131lmas\u0131na Dair Y\u00f6netmelik&#8221; uyar\u0131nca, uygulanma s\u00fcresi; malzeme teminindeki zorluklar ve benzeri nedenler g\u00f6z \u00f6n\u00fcnde bulundurularak y\u0131l sonuna kadar ertelendi.<\/p>\n<p>Y\u00f6netmelik de\u011fi\u015fikli\u011fiyle birlikte bina sahipleri ve y\u00f6neticilerine eksiklikleri gidermek i\u00e7in ek s\u00fcre tan\u0131nd\u0131\u011f\u0131 belirtilirken, ATSO \u00fcyelerini gerekli d\u00fczenlemeleri zaman\u0131nda yapmalar\u0131 konusunda uyard\u0131.<\/p>\n<p>\u200bAntalya Ticaret ve Sanayi Odas\u0131, mevcut binalarda uygulanmas\u0131 gereken yang\u0131n \u00f6nlemlerinin s\u00fcresinin y\u0131l sonuna kadar uzat\u0131ld\u0131\u011f\u0131n\u0131 duyurdu. Karar, Resmi Gazete&#8217;de yay\u0131mlanarak y\u00fcr\u00fcrl\u00fc\u011fe girdi. Binalar\u0131n yang\u0131n g\u00fcvenli\u011fi, Bolu&#8217;da 78 ki\u015finin can verdi\u011fi yang\u0131n sonras\u0131 g\u00fcndeme gelmi\u015fti\u00a0<\/p>\n<p>\u200bHaberin Al\u0131nt\u0131land\u0131\u011f\u0131 Kaynak: www.antalyakorfez.com<\/p>","protected":false},"excerpt":{"rendered":"<p>Antalya Ticaret ve Sanayi Odas\u0131 (ATSO), \u00fcyelerine y\u00f6nelik yapt\u0131\u011f\u0131 a\u00e7\u0131klamayla mevcut binalarda yang\u0131na kar\u015f\u0131 al\u0131nmas\u0131 gereken tedbirlerin uygulanma s\u00fcresinin 31 Aral\u0131k 2025 tarihine kadar uzat\u0131ld\u0131\u011f\u0131n\u0131 bildirdi. EK S\u00dcRE TANINDI 1 Temmuz 2025 tarihli 32943 say\u0131l\u0131 Resmi Gazete&#8217;de yay\u0131mlanan &#8220;Binalar\u0131n Yang\u0131ndan Korunmas\u0131 Hakk\u0131nda Y\u00f6netmelikte De\u011fi\u015fiklik Yap\u0131lmas\u0131na Dair Y\u00f6netmelik&#8221; uyar\u0131nca, uygulanma s\u00fcresi; malzeme teminindeki zorluklar ve benzeri nedenler g\u00f6z \u00f6n\u00fcnde bulundurularak y\u0131l sonuna kadar ertelendi. Y\u00f6netmelik de\u011fi\u015fikli\u011fiyle birlikte bina sahipleri ve y\u00f6neticilerine eksiklikleri gidermek i\u00e7in ek s\u00fcre tan\u0131nd\u0131\u011f\u0131 belirtilirken, ATSO \u00fcyelerini gerekli d\u00fczenlemeleri zaman\u0131nda yapmalar\u0131 konusunda uyard\u0131. \u200bAntalya Ticaret ve Sanayi Odas\u0131, mevcut binalarda uygulanmas\u0131 gereken yang\u0131n \u00f6nlemlerinin s\u00fcresinin y\u0131l sonuna kadar uzat\u0131ld\u0131\u011f\u0131n\u0131 duyurdu. Karar, Resmi Gazete&#8217;de yay\u0131mlanarak y\u00fcr\u00fcrl\u00fc\u011fe girdi. Binalar\u0131n yang\u0131n g\u00fcvenli\u011fi, Bolu&#8217;da 78 ki\u015finin can verdi\u011fi yang\u0131n sonras\u0131 g\u00fcndeme gelmi\u015fti\u00a0 \u200bHaberin Al\u0131nt\u0131land\u0131\u011f\u0131 Kaynak: www.antalyakorfez.com<\/p>","protected":false},"author":5,"featured_media":0,"comment_status":"","ping_status":"open","sticky":false,"template":"","format":"standard","meta":{"_acf_changed":false,"footnotes":""},"categories":[24],"tags":[],"class_list":["post-132275","post","type-post","status-publish","format-standard","has-post-thumbnail","hentry","category-gundem"],"acf":[],"yoast_head":"<!-- This site is optimized with the Yoast SEO Premium plugin v26.6 (Yoast SEO v27.1.1) - https:\/\/yoast.com\/product\/yoast-seo-premium-wordpress\/ -->\n<title>Bolu yang\u0131n\u0131n ard\u0131ndan g\u00fcndeme gelmi\u015fti: Binalar i\u00e7in o s\u00fcre uzat\u0131ld\u0131 - Av. Deniz Can K\u0131z\u0131l<\/title>\n<meta name=\"robots\" content=\"index, follow, max-snippet:-1, max-image-preview:large, max-video-preview:-1\" \/>\n<link rel=\"canonical\" href=\"http:\/\/denizcankizil.tr\/uk\/haberler\/gundem\/bolu-yanginin-ardindan-gundeme-gelmisti-binalar-icin-o-sure-uzatildi\/\" \/>\n<meta property=\"og:locale\" content=\"uk_UA\" \/>\n<meta property=\"og:type\" content=\"article\" \/>\n<meta property=\"og:title\" content=\"Bolu yang\u0131n\u0131n ard\u0131ndan g\u00fcndeme gelmi\u015fti: Binalar i\u00e7in o s\u00fcre uzat\u0131ld\u0131\" \/>\n<meta property=\"og:description\" content=\"Antalya Ticaret ve Sanayi Odas\u0131 (ATSO), \u00fcyelerine y\u00f6nelik yapt\u0131\u011f\u0131 a\u00e7\u0131klamayla mevcut binalarda yang\u0131na kar\u015f\u0131 al\u0131nmas\u0131 gereken tedbirlerin uygulanma s\u00fcresinin 31 Aral\u0131k 2025 tarihine kadar uzat\u0131ld\u0131\u011f\u0131n\u0131 bildirdi. EK S\u00dcRE TANINDI 1 Temmuz 2025 tarihli 32943 say\u0131l\u0131 Resmi Gazete&#8217;de yay\u0131mlanan &#8220;Binalar\u0131n Yang\u0131ndan Korunmas\u0131 Hakk\u0131nda Y\u00f6netmelikte De\u011fi\u015fiklik Yap\u0131lmas\u0131na Dair Y\u00f6netmelik&#8221; uyar\u0131nca, uygulanma s\u00fcresi; malzeme teminindeki zorluklar ve benzeri nedenler g\u00f6z \u00f6n\u00fcnde bulundurularak y\u0131l sonuna kadar ertelendi. Y\u00f6netmelik de\u011fi\u015fikli\u011fiyle birlikte bina sahipleri ve y\u00f6neticilerine eksiklikleri gidermek i\u00e7in ek s\u00fcre tan\u0131nd\u0131\u011f\u0131 belirtilirken, ATSO \u00fcyelerini gerekli d\u00fczenlemeleri zaman\u0131nda yapmalar\u0131 konusunda uyard\u0131. \u200bAntalya Ticaret ve Sanayi Odas\u0131, mevcut binalarda uygulanmas\u0131 gereken yang\u0131n \u00f6nlemlerinin s\u00fcresinin y\u0131l sonuna kadar uzat\u0131ld\u0131\u011f\u0131n\u0131 duyurdu. Karar, Resmi Gazete&#8217;de yay\u0131mlanarak y\u00fcr\u00fcrl\u00fc\u011fe girdi. Binalar\u0131n yang\u0131n g\u00fcvenli\u011fi, Bolu&#8217;da 78 ki\u015finin can verdi\u011fi yang\u0131n sonras\u0131 g\u00fcndeme gelmi\u015fti\u00a0 \u200bHaberin Al\u0131nt\u0131land\u0131\u011f\u0131 Kaynak: www.antalyakorfez.com\" \/>\n<meta property=\"og:url\" content=\"http:\/\/denizcankizil.tr\/uk\/haberler\/gundem\/bolu-yanginin-ardindan-gundeme-gelmisti-binalar-icin-o-sure-uzatildi\/\" \/>\n<meta property=\"og:site_name\" content=\"Av. Deniz Can K\u0131z\u0131l\" \/>\n<meta property=\"article:published_time\" content=\"2025-07-01T07:41:16+00:00\" \/>\n<meta name=\"author\" content=\"Antalya K\u00f6rfez\" \/>\n<meta name=\"twitter:card\" content=\"summary_large_image\" \/>\n<meta name=\"twitter:label1\" content=\"\u041d\u0430\u043f\u0438\u0441\u0430\u043d\u043e\" \/>\n\t<meta name=\"twitter:data1\" content=\"Antalya K\u00f6rfez\" \/>\n\t<meta name=\"twitter:label2\" content=\"\u041f\u0440\u0438\u0431\u043b. \u0447\u0430\u0441 \u0447\u0438\u0442\u0430\u043d\u043d\u044f\" \/>\n\t<meta name=\"twitter:data2\" content=\"1 \u0445\u0432\u0438\u043b\u0438\u043d\u0430\" \/>\n<script type=\"application\/ld+json\" class=\"yoast-schema-graph\">{\"@context\":\"https:\/\/schema.org\",\"@graph\":[{\"@type\":\"Article\",\"@id\":\"http:\/\/denizcankizil.tr\/de\/haberler\/gundem\/bolu-yanginin-ardindan-gundeme-gelmisti-binalar-icin-o-sure-uzatildi\/#article\",\"isPartOf\":{\"@id\":\"http:\/\/denizcankizil.tr\/de\/haberler\/gundem\/bolu-yanginin-ardindan-gundeme-gelmisti-binalar-icin-o-sure-uzatildi\/\"},\"author\":{\"name\":\"Antalya K\u00f6rfez\",\"@id\":\"https:\/\/denizcankizil.tr\/de\/#\/schema\/person\/e1eb71bb4dd684d46563f0af307e1234\"},\"headline\":\"Bolu yang\u0131n\u0131n ard\u0131ndan g\u00fcndeme gelmi\u015fti: Binalar i\u00e7in o s\u00fcre uzat\u0131ld\u0131\",\"datePublished\":\"2025-07-01T07:41:16+00:00\",\"mainEntityOfPage\":{\"@id\":\"http:\/\/denizcankizil.tr\/de\/haberler\/gundem\/bolu-yanginin-ardindan-gundeme-gelmisti-binalar-icin-o-sure-uzatildi\/\"},\"wordCount\":196,\"publisher\":{\"@id\":\"https:\/\/denizcankizil.tr\/de\/#organization\"},\"articleSection\":[\"G\u00fcndem\"],\"inLanguage\":\"uk\"},{\"@type\":\"WebPage\",\"@id\":\"http:\/\/denizcankizil.tr\/de\/haberler\/gundem\/bolu-yanginin-ardindan-gundeme-gelmisti-binalar-icin-o-sure-uzatildi\/\",\"url\":\"http:\/\/denizcankizil.tr\/de\/haberler\/gundem\/bolu-yanginin-ardindan-gundeme-gelmisti-binalar-icin-o-sure-uzatildi\/\",\"name\":\"Bolu yang\u0131n\u0131n ard\u0131ndan g\u00fcndeme gelmi\u015fti: Binalar i\u00e7in o s\u00fcre uzat\u0131ld\u0131 - Av. Deniz Can K\u0131z\u0131l\",\"isPartOf\":{\"@id\":\"https:\/\/denizcankizil.tr\/de\/#website\"},\"datePublished\":\"2025-07-01T07:41:16+00:00\",\"breadcrumb\":{\"@id\":\"http:\/\/denizcankizil.tr\/de\/haberler\/gundem\/bolu-yanginin-ardindan-gundeme-gelmisti-binalar-icin-o-sure-uzatildi\/#breadcrumb\"},\"inLanguage\":\"uk\",\"potentialAction\":[{\"@type\":\"ReadAction\",\"target\":[\"http:\/\/denizcankizil.tr\/de\/haberler\/gundem\/bolu-yanginin-ardindan-gundeme-gelmisti-binalar-icin-o-sure-uzatildi\/\"]}]},{\"@type\":\"BreadcrumbList\",\"@id\":\"http:\/\/denizcankizil.tr\/de\/haberler\/gundem\/bolu-yanginin-ardindan-gundeme-gelmisti-binalar-icin-o-sure-uzatildi\/#breadcrumb\",\"itemListElement\":[{\"@type\":\"ListItem\",\"position\":1,\"name\":\"Home\",\"item\":\"https:\/\/denizcankizil.tr\/de\/\"},{\"@type\":\"ListItem\",\"position\":2,\"name\":\"Bolu yang\u0131n\u0131n ard\u0131ndan g\u00fcndeme gelmi\u015fti: Binalar i\u00e7in o s\u00fcre uzat\u0131ld\u0131\"}]},{\"@type\":\"WebSite\",\"@id\":\"https:\/\/denizcankizil.tr\/de\/#website\",\"url\":\"https:\/\/denizcankizil.tr\/de\/\",\"name\":\"Av. Deniz Can K\u0131z\u0131l\",\"description\":\"Avukat Deniz Can K\u0131z\u0131l Antalya Barosu\",\"publisher\":{\"@id\":\"https:\/\/denizcankizil.tr\/de\/#organization\"},\"potentialAction\":[{\"@type\":\"SearchAction\",\"target\":{\"@type\":\"EntryPoint\",\"urlTemplate\":\"https:\/\/denizcankizil.tr\/de\/?s={search_term_string}\"},\"query-input\":{\"@type\":\"PropertyValueSpecification\",\"valueRequired\":true,\"valueName\":\"search_term_string\"}}],\"inLanguage\":\"uk\"},{\"@type\":\"Organization\",\"@id\":\"https:\/\/denizcankizil.tr\/de\/#organization\",\"name\":\"Av. Deniz Can K\u0131z\u0131l\",\"url\":\"https:\/\/denizcankizil.tr\/de\/\",\"logo\":{\"@type\":\"ImageObject\",\"inLanguage\":\"uk\",\"@id\":\"https:\/\/denizcankizil.tr\/de\/#\/schema\/logo\/image\/\",\"url\":\"https:\/\/denizcankizil.tr\/wp-content\/uploads\/2024\/10\/siyah-logo-svg.svg\",\"contentUrl\":\"https:\/\/denizcankizil.tr\/wp-content\/uploads\/2024\/10\/siyah-logo-svg.svg\",\"width\":1080,\"height\":1080,\"caption\":\"Av. Deniz Can K\u0131z\u0131l\"},\"image\":{\"@id\":\"https:\/\/denizcankizil.tr\/de\/#\/schema\/logo\/image\/\"}},{\"@type\":\"Person\",\"@id\":\"https:\/\/denizcankizil.tr\/de\/#\/schema\/person\/e1eb71bb4dd684d46563f0af307e1234\",\"name\":\"Antalya K\u00f6rfez\",\"image\":{\"@type\":\"ImageObject\",\"inLanguage\":\"uk\",\"@id\":\"https:\/\/denizcankizil.tr\/de\/#\/schema\/person\/image\/\",\"url\":\"https:\/\/secure.gravatar.com\/avatar\/42b01982558a48a0b501fdcab6a408d3717ea5919095ee2e67b0e521799c5905?s=96&d=mm&r=g\",\"contentUrl\":\"https:\/\/secure.gravatar.com\/avatar\/42b01982558a48a0b501fdcab6a408d3717ea5919095ee2e67b0e521799c5905?s=96&d=mm&r=g\",\"caption\":\"Antalya K\u00f6rfez\"},\"sameAs\":[\"http:\/\/www.antalyakorfez.com\"],\"url\":\"https:\/\/www.antalyakorfez.com\/bolu-yanginin-ardindan-gundeme-gelmisti-binalar-icin-o-sure-uzatildi\"}]}<\/script>\n<!-- \/ Yoast SEO Premium plugin. -->","yoast_head_json":{"title":"Bolu yang\u0131n\u0131n ard\u0131ndan g\u00fcndeme gelmi\u015fti: Binalar i\u00e7in o s\u00fcre uzat\u0131ld\u0131 - Av. Deniz Can K\u0131z\u0131l","robots":{"index":"index","follow":"follow","max-snippet":"max-snippet:-1","max-image-preview":"max-image-preview:large","max-video-preview":"max-video-preview:-1"},"canonical":"http:\/\/denizcankizil.tr\/uk\/haberler\/gundem\/bolu-yanginin-ardindan-gundeme-gelmisti-binalar-icin-o-sure-uzatildi\/","og_locale":"uk_UA","og_type":"article","og_title":"Bolu yang\u0131n\u0131n ard\u0131ndan g\u00fcndeme gelmi\u015fti: Binalar i\u00e7in o s\u00fcre uzat\u0131ld\u0131","og_description":"Antalya Ticaret ve Sanayi Odas\u0131 (ATSO), \u00fcyelerine y\u00f6nelik yapt\u0131\u011f\u0131 a\u00e7\u0131klamayla mevcut binalarda yang\u0131na kar\u015f\u0131 al\u0131nmas\u0131 gereken tedbirlerin uygulanma s\u00fcresinin 31 Aral\u0131k 2025 tarihine kadar uzat\u0131ld\u0131\u011f\u0131n\u0131 bildirdi. EK S\u00dcRE TANINDI 1 Temmuz 2025 tarihli 32943 say\u0131l\u0131 Resmi Gazete&#8217;de yay\u0131mlanan &#8220;Binalar\u0131n Yang\u0131ndan Korunmas\u0131 Hakk\u0131nda Y\u00f6netmelikte De\u011fi\u015fiklik Yap\u0131lmas\u0131na Dair Y\u00f6netmelik&#8221; uyar\u0131nca, uygulanma s\u00fcresi; malzeme teminindeki zorluklar ve benzeri nedenler g\u00f6z \u00f6n\u00fcnde bulundurularak y\u0131l sonuna kadar ertelendi. Y\u00f6netmelik de\u011fi\u015fikli\u011fiyle birlikte bina sahipleri ve y\u00f6neticilerine eksiklikleri gidermek i\u00e7in ek s\u00fcre tan\u0131nd\u0131\u011f\u0131 belirtilirken, ATSO \u00fcyelerini gerekli d\u00fczenlemeleri zaman\u0131nda yapmalar\u0131 konusunda uyard\u0131. \u200bAntalya Ticaret ve Sanayi Odas\u0131, mevcut binalarda uygulanmas\u0131 gereken yang\u0131n \u00f6nlemlerinin s\u00fcresinin y\u0131l sonuna kadar uzat\u0131ld\u0131\u011f\u0131n\u0131 duyurdu. Karar, Resmi Gazete&#8217;de yay\u0131mlanarak y\u00fcr\u00fcrl\u00fc\u011fe girdi. Binalar\u0131n yang\u0131n g\u00fcvenli\u011fi, Bolu&#8217;da 78 ki\u015finin can verdi\u011fi yang\u0131n sonras\u0131 g\u00fcndeme gelmi\u015fti\u00a0 \u200bHaberin Al\u0131nt\u0131land\u0131\u011f\u0131 Kaynak: www.antalyakorfez.com","og_url":"http:\/\/denizcankizil.tr\/uk\/haberler\/gundem\/bolu-yanginin-ardindan-gundeme-gelmisti-binalar-icin-o-sure-uzatildi\/","og_site_name":"Av. Deniz Can K\u0131z\u0131l","article_published_time":"2025-07-01T07:41:16+00:00","author":"Antalya K\u00f6rfez","twitter_card":"summary_large_image","twitter_misc":{"\u041d\u0430\u043f\u0438\u0441\u0430\u043d\u043e":"Antalya K\u00f6rfez","\u041f\u0440\u0438\u0431\u043b. \u0447\u0430\u0441 \u0447\u0438\u0442\u0430\u043d\u043d\u044f":"1 \u0445\u0432\u0438\u043b\u0438\u043d\u0430"},"schema":{"@context":"https:\/\/schema.org","@graph":[{"@type":"Article","@id":"http:\/\/denizcankizil.tr\/de\/haberler\/gundem\/bolu-yanginin-ardindan-gundeme-gelmisti-binalar-icin-o-sure-uzatildi\/#article","isPartOf":{"@id":"http:\/\/denizcankizil.tr\/de\/haberler\/gundem\/bolu-yanginin-ardindan-gundeme-gelmisti-binalar-icin-o-sure-uzatildi\/"},"author":{"name":"Antalya K\u00f6rfez","@id":"https:\/\/denizcankizil.tr\/de\/#\/schema\/person\/e1eb71bb4dd684d46563f0af307e1234"},"headline":"Bolu yang\u0131n\u0131n ard\u0131ndan g\u00fcndeme gelmi\u015fti: Binalar i\u00e7in o s\u00fcre uzat\u0131ld\u0131","datePublished":"2025-07-01T07:41:16+00:00","mainEntityOfPage":{"@id":"http:\/\/denizcankizil.tr\/de\/haberler\/gundem\/bolu-yanginin-ardindan-gundeme-gelmisti-binalar-icin-o-sure-uzatildi\/"},"wordCount":196,"publisher":{"@id":"https:\/\/denizcankizil.tr\/de\/#organization"},"articleSection":["G\u00fcndem"],"inLanguage":"uk"},{"@type":"WebPage","@id":"http:\/\/denizcankizil.tr\/de\/haberler\/gundem\/bolu-yanginin-ardindan-gundeme-gelmisti-binalar-icin-o-sure-uzatildi\/","url":"http:\/\/denizcankizil.tr\/de\/haberler\/gundem\/bolu-yanginin-ardindan-gundeme-gelmisti-binalar-icin-o-sure-uzatildi\/","name":"Bolu yang\u0131n\u0131n ard\u0131ndan g\u00fcndeme gelmi\u015fti: Binalar i\u00e7in o s\u00fcre uzat\u0131ld\u0131 - Av. Deniz Can K\u0131z\u0131l","isPartOf":{"@id":"https:\/\/denizcankizil.tr\/de\/#website"},"datePublished":"2025-07-01T07:41:16+00:00","breadcrumb":{"@id":"http:\/\/denizcankizil.tr\/de\/haberler\/gundem\/bolu-yanginin-ardindan-gundeme-gelmisti-binalar-icin-o-sure-uzatildi\/#breadcrumb"},"inLanguage":"uk","potentialAction":[{"@type":"ReadAction","target":["http:\/\/denizcankizil.tr\/de\/haberler\/gundem\/bolu-yanginin-ardindan-gundeme-gelmisti-binalar-icin-o-sure-uzatildi\/"]}]},{"@type":"BreadcrumbList","@id":"http:\/\/denizcankizil.tr\/de\/haberler\/gundem\/bolu-yanginin-ardindan-gundeme-gelmisti-binalar-icin-o-sure-uzatildi\/#breadcrumb","itemListElement":[{"@type":"ListItem","position":1,"name":"Home","item":"https:\/\/denizcankizil.tr\/de\/"},{"@type":"ListItem","position":2,"name":"Bolu yang\u0131n\u0131n ard\u0131ndan g\u00fcndeme gelmi\u015fti: Binalar i\u00e7in o s\u00fcre uzat\u0131ld\u0131"}]},{"@type":"WebSite","@id":"https:\/\/denizcankizil.tr\/de\/#website","url":"https:\/\/denizcankizil.tr\/de\/","name":"Av. Deniz Can K\u0131z\u0131l","description":"Avukat Deniz Can K\u0131z\u0131l Antalya Barosu","publisher":{"@id":"https:\/\/denizcankizil.tr\/de\/#organization"},"potentialAction":[{"@type":"SearchAction","target":{"@type":"EntryPoint","urlTemplate":"https:\/\/denizcankizil.tr\/de\/?s={search_term_string}"},"query-input":{"@type":"PropertyValueSpecification","valueRequired":true,"valueName":"search_term_string"}}],"inLanguage":"uk"},{"@type":"Organization","@id":"https:\/\/denizcankizil.tr\/de\/#organization","name":"Av. Deniz Can K\u0131z\u0131l","url":"https:\/\/denizcankizil.tr\/de\/","logo":{"@type":"ImageObject","inLanguage":"uk","@id":"https:\/\/denizcankizil.tr\/de\/#\/schema\/logo\/image\/","url":"https:\/\/denizcankizil.tr\/wp-content\/uploads\/2024\/10\/siyah-logo-svg.svg","contentUrl":"https:\/\/denizcankizil.tr\/wp-content\/uploads\/2024\/10\/siyah-logo-svg.svg","width":1080,"height":1080,"caption":"Av. Deniz Can K\u0131z\u0131l"},"image":{"@id":"https:\/\/denizcankizil.tr\/de\/#\/schema\/logo\/image\/"}},{"@type":"Person","@id":"https:\/\/denizcankizil.tr\/de\/#\/schema\/person\/e1eb71bb4dd684d46563f0af307e1234","name":"Antalya K\u00f6rfez","image":{"@type":"ImageObject","inLanguage":"uk","@id":"https:\/\/denizcankizil.tr\/de\/#\/schema\/person\/image\/","url":"https:\/\/secure.gravatar.com\/avatar\/42b01982558a48a0b501fdcab6a408d3717ea5919095ee2e67b0e521799c5905?s=96&d=mm&r=g","contentUrl":"https:\/\/secure.gravatar.com\/avatar\/42b01982558a48a0b501fdcab6a408d3717ea5919095ee2e67b0e521799c5905?s=96&d=mm&r=g","caption":"Antalya K\u00f6rfez"},"sameAs":["http:\/\/www.antalyakorfez.com"],"url":"https:\/\/www.antalyakorfez.com\/bolu-yanginin-ardindan-gundeme-gelmisti-binalar-icin-o-sure-uzatildi"}]}},"_links":{"self":[{"href":"https:\/\/denizcankizil.tr\/uk\/wp-json\/wp\/v2\/posts\/132275","targetHints":{"allow":["GET"]}}],"collection":[{"href":"https:\/\/denizcankizil.tr\/uk\/wp-json\/wp\/v2\/posts"}],"about":[{"href":"https:\/\/denizcankizil.tr\/uk\/wp-json\/wp\/v2\/types\/post"}],"author":[{"embeddable":true,"href":"https:\/\/denizcankizil.tr\/uk\/wp-json\/wp\/v2\/users\/5"}],"replies":[{"embeddable":true,"href":"https:\/\/denizcankizil.tr\/uk\/wp-json\/wp\/v2\/comments?post=132275"}],"version-history":[{"count":0,"href":"https:\/\/denizcankizil.tr\/uk\/wp-json\/wp\/v2\/posts\/132275\/revisions"}],"wp:attachment":[{"href":"https:\/\/denizcankizil.tr\/uk\/wp-json\/wp\/v2\/media?parent=132275"}],"wp:term":[{"taxonomy":"category","embeddable":true,"href":"https:\/\/denizcankizil.tr\/uk\/wp-json\/wp\/v2\/categories?post=132275"},{"taxonomy":"post_tag","embeddable":true,"href":"https:\/\/denizcankizil.tr\/uk\/wp-json\/wp\/v2\/tags?post=132275"}],"curies":[{"name":"wp","href":"https:\/\/api.w.org\/{rel}","templated":true}]}}