{"id":131426,"date":"2025-06-30T14:42:27","date_gmt":"2025-06-30T11:42:27","guid":{"rendered":"https:\/\/denizcankizil.tr\/uncategorized-tr\/bakan-yumakli-son-durumu-acikladi-4-koy-2-mahalle-tahliye-edildi\/"},"modified":"2025-06-30T14:42:27","modified_gmt":"2025-06-30T11:42:27","slug":"bakan-yumakli-son-durumu-acikladi-4-koy-2-mahalle-tahliye-edildi","status":"publish","type":"post","link":"https:\/\/denizcankizil.tr\/uk\/haberler\/gundem\/bakan-yumakli-son-durumu-acikladi-4-koy-2-mahalle-tahliye-edildi\/","title":{"rendered":"Bakan Yumakl\u0131 son durumu a\u00e7\u0131klad\u0131: 4 k\u00f6y, 2 mahalle tahliye edildi"},"content":{"rendered":"<p>Tar\u0131m ve Orman Bakan\u0131 \u0130brahim Yumakl\u0131, \u0130zmir\u2019deki orman yang\u0131nlar\u0131na ili\u015fkin son durumu payla\u015ft\u0131. Bakan Yumakl\u0131, 4 k\u00f6y ve 2 mahallenin tahliye edildi\u011fini, 21 ki\u015finin dumandan etkilendi\u011fini ve ayakta tedaviyle evlerine d\u00f6nd\u00fc\u011f\u00fcn\u00fc s\u00f6yledi. Orman yang\u0131nlar\u0131nda Manisa Akhisar&#8217;daki yang\u0131n\u0131n ise enerjisinin d\u00fc\u015f\u00fcr\u00fcld\u00fc\u011f\u00fc a\u00e7\u0131klad\u0131.\u0130ZM\u0130R (\u0130GFA) &#8211; Tar\u0131m ve Orman Bakan\u0131 \u0130brahim Yumakl\u0131, \u0130zmir\u2019de devam eden orman yang\u0131nlar\u0131yla ilgili son durumu de\u011ferlendirmek \u00fczere bas\u0131n a\u00e7\u0131klamas\u0131 yapt\u0131.<br \/>\nBakan Yumakl\u0131, yang\u0131nlar\u0131n kontrol alt\u0131na al\u0131nmas\u0131 i\u00e7in yo\u011fun bir m\u00fccadele y\u00fcr\u00fct\u00fcld\u00fc\u011f\u00fcn\u00fc belirtti.<br \/>\nYumakl\u0131, \u0130zmir\u2019in Menderes, Seferihisar, \u00c7e\u015fme, Sel\u00e7uk, Torbal\u0131 ve Menemen b\u00f6lgelerinde \u00e7\u0131kan yang\u0131nlara 11 u\u00e7ak, 27 helikopter, 171 araz\u00f6z ve i\u015f makinesi ile 972 personelin m\u00fcdahale etti\u011fini a\u00e7\u0131klad\u0131.<\/p>\n<p><blockquote class=\"twitter-tweet\" data-width=\"550\" data-dnt=\"true\"><p lang=\"tr\" dir=\"ltr\"><a href=\"https:\/\/twitter.com\/hashtag\/CANLI?src=hash&amp;ref_src=twsrc%5Etfw\">#CANLI<\/a> \ud83d\udce1<br><br>Bakan\u0131m\u0131z Say\u0131n <a href=\"https:\/\/twitter.com\/ibrahimyumakli?ref_src=twsrc%5Etfw\">@ibrahimyumakli<\/a>, orman yang\u0131nlar\u0131ndaki son duruma ili\u015fkin bas\u0131n a\u00e7\u0131klamas\u0131 ger\u00e7ekle\u015ftiriyor.<br><br>\ud83d\udccd \u0130zmir <a href=\"https:\/\/t.co\/5ATG9dAMW1\">https:\/\/t.co\/5ATG9dAMW1<\/a><\/p>&mdash; T.C. Tar\u0131m ve Orman Bakanl\u0131\u011f\u0131 (@TCTarim) <a href=\"https:\/\/twitter.com\/TCTarim\/status\/1939598853432311875?ref_src=twsrc%5Etfw\">June 30, 2025<\/a><\/blockquote><script async src=\"https:\/\/platform.twitter.com\/widgets.js\" charset=\"utf-8\"><\/script><\/p>\n<p>Yang\u0131nlar dolay\u0131s\u0131yla 4 k\u00f6y ve 2 mahallenin tedbir ama\u00e7l\u0131 tahliye edildi\u011fini, 21 ki\u015finin dumandan etkilenerek hastanede tedavi alt\u0131na al\u0131nd\u0131\u011f\u0131n\u0131 ve hayati tehlikelerinin bulunmad\u0131\u011f\u0131n\u0131 ifade etti.<br \/>\nBakan Yumakl\u0131, 29 Haziran 2025\u2019te \u00fclke genelinde 77 yang\u0131n\u0131n meydana geldi\u011fini, bunlardan 9\u2019unun b\u00fcy\u00fck \u00f6l\u00e7ekli oldu\u011funu ve \u0130zmir, Denizli, Ayd\u0131n ile Manisa\u2019da yo\u011funla\u015ft\u0131\u011f\u0131n\u0131 belirtti.<br \/>\nBu arada, 1 Haziran\u2019dan bu yana 569\u2019u ormanda, 890\u2019\u0131 orman d\u0131\u015f\u0131nda toplam 1459 yang\u0131na m\u00fcdahale edildi\u011fini, hava ara\u00e7lar\u0131n\u0131n 9 bin 297 sorti yapt\u0131\u011f\u0131n\u0131 vurgulayan Bakan Yumakl\u0131, yang\u0131nlar\u0131n sorumlular\u0131na y\u00f6nelik kolluk kuvvetlerinin titiz bir \u00e7al\u0131\u015fma y\u00fcr\u00fctt\u00fc\u011f\u00fcn\u00fc, su\u00e7lular\u0131n en a\u011f\u0131r \u015fekilde cezaland\u0131r\u0131laca\u011f\u0131n\u0131 ifade etti.<br \/>\nBakan Yumakl\u0131, \u201cOrman te\u015fkilat\u0131m\u0131z ve destek veren t\u00fcm ekipler, Ye\u015fil Vatan\u2019\u0131 korumak i\u00e7in gece g\u00fcnd\u00fcz \u00e7al\u0131\u015f\u0131yor\u201d diyerek, yang\u0131ndan etkilenen vatanda\u015flara ge\u00e7mi\u015f olsun dileklerini iletti.<\/p>\n<p>\u200bTar\u0131m ve Orman Bakan\u0131 \u0130brahim Yumakl\u0131, \u0130zmir\u2019deki orman yang\u0131nlar\u0131na ili\u015fkin son durumu payla\u015ft\u0131. Bakan Yumakl\u0131, 4 k\u00f6y ve 2 mahallenin tahliye edildi\u011fini, 21 ki\u015finin dumandan etkilendi\u011fini ve ayakta tedaviyle evlerine d\u00f6nd\u00fc\u011f\u00fcn\u00fc s\u00f6yledi. Orman yang\u0131nlar\u0131nda Manisa Akhisar&#8217;daki yang\u0131n\u0131n ise enerjisinin d\u00fc\u015f\u00fcr\u00fcld\u00fc\u011f\u00fc a\u00e7\u0131klad\u0131.\u0130ZM\u0130R (\u0130GFA) &#8211; Tar\u0131m ve Orman Bakan\u0131 \u0130brahim Yumakl\u0131, \u0130zmir\u2019de devam eden orman yang\u0131nlar\u0131yla ilgili son durumu de\u011ferlendirmek \u00fczere bas\u0131n a\u00e7\u0131klamas\u0131 yapt\u0131.<br \/>\nBakan Yumakl\u0131, yang\u0131nlar\u0131n kontrol alt\u0131na al\u0131nmas\u0131 i\u00e7in yo\u011fun bir m\u00fccadele y\u00fcr\u00fct\u00fcld\u00fc\u011f\u00fcn\u00fc belirtti.<br \/>\nYumakl\u0131, \u0130zmir\u2019in Menderes, Seferihisar, \u00c7e\u015fme, Sel\u00e7uk, Torbal\u0131 ve Menemen b\u00f6lgelerinde \u00e7\u0131kan yang\u0131nlara 11 u\u00e7ak, 27 helikopter, 171 araz\u00f6z ve i\u015f makinesi ile 972 personelin m\u00fcdahale etti\u011fini a\u00e7\u0131klad\u0131.<\/p>\n<p><blockquote class=\"twitter-tweet\" data-width=\"550\" data-dnt=\"true\"><p lang=\"tr\" dir=\"ltr\"><a href=\"https:\/\/twitter.com\/hashtag\/CANLI?src=hash&amp;ref_src=twsrc%5Etfw\">#CANLI<\/a> \ud83d\udce1<br><br>Bakan\u0131m\u0131z Say\u0131n <a href=\"https:\/\/twitter.com\/ibrahimyumakli?ref_src=twsrc%5Etfw\">@ibrahimyumakli<\/a>, orman yang\u0131nlar\u0131ndaki son duruma ili\u015fkin bas\u0131n a\u00e7\u0131klamas\u0131 ger\u00e7ekle\u015ftiriyor.<br><br>\ud83d\udccd \u0130zmir <a href=\"https:\/\/t.co\/5ATG9dAMW1\">https:\/\/t.co\/5ATG9dAMW1<\/a><\/p>&mdash; T.C. Tar\u0131m ve Orman Bakanl\u0131\u011f\u0131 (@TCTarim) <a href=\"https:\/\/twitter.com\/TCTarim\/status\/1939598853432311875?ref_src=twsrc%5Etfw\">June 30, 2025<\/a><\/blockquote><script async src=\"https:\/\/platform.twitter.com\/widgets.js\" charset=\"utf-8\"><\/script><\/p>\n<p>Yang\u0131nlar dolay\u0131s\u0131yla 4 k\u00f6y ve 2 mahallenin tedbir ama\u00e7l\u0131 tahliye edildi\u011fini, 21 ki\u015finin dumandan etkilenerek hastanede tedavi alt\u0131na al\u0131nd\u0131\u011f\u0131n\u0131 ve hayati tehlikelerinin bulunmad\u0131\u011f\u0131n\u0131 ifade etti.<br \/>\nBakan Yumakl\u0131, 29 Haziran 2025\u2019te \u00fclke genelinde 77 yang\u0131n\u0131n meydana geldi\u011fini, bunlardan 9\u2019unun b\u00fcy\u00fck \u00f6l\u00e7ekli oldu\u011funu ve \u0130zmir, Denizli, Ayd\u0131n ile Manisa\u2019da yo\u011funla\u015ft\u0131\u011f\u0131n\u0131 belirtti.<br \/>\nBu arada, 1 Haziran\u2019dan bu yana 569\u2019u ormanda, 890\u2019\u0131 orman d\u0131\u015f\u0131nda toplam 1459 yang\u0131na m\u00fcdahale edildi\u011fini, hava ara\u00e7lar\u0131n\u0131n 9 bin 297 sorti yapt\u0131\u011f\u0131n\u0131 vurgulayan Bakan Yumakl\u0131, yang\u0131nlar\u0131n sorumlular\u0131na y\u00f6nelik kolluk kuvvetlerinin titiz bir \u00e7al\u0131\u015fma y\u00fcr\u00fctt\u00fc\u011f\u00fcn\u00fc, su\u00e7lular\u0131n en a\u011f\u0131r \u015fekilde cezaland\u0131r\u0131laca\u011f\u0131n\u0131 ifade etti.<br \/>\nBakan Yumakl\u0131, \u201cOrman te\u015fkilat\u0131m\u0131z ve destek veren t\u00fcm ekipler, Ye\u015fil Vatan\u2019\u0131 korumak i\u00e7in gece g\u00fcnd\u00fcz \u00e7al\u0131\u015f\u0131yor\u201d diyerek, yang\u0131ndan etkilenen vatanda\u015flara ge\u00e7mi\u015f olsun dileklerini iletti.\u00a0<\/p>\n<p>\u200bHaberin Al\u0131nt\u0131land\u0131\u011f\u0131 Kaynak: www.iskenderun.org<\/p>","protected":false},"excerpt":{"rendered":"<p>Tar\u0131m ve Orman Bakan\u0131 \u0130brahim Yumakl\u0131, \u0130zmir\u2019deki orman yang\u0131nlar\u0131na ili\u015fkin son durumu payla\u015ft\u0131. Bakan Yumakl\u0131, 4 k\u00f6y ve 2 mahallenin tahliye edildi\u011fini, 21 ki\u015finin dumandan etkilendi\u011fini ve ayakta tedaviyle evlerine d\u00f6nd\u00fc\u011f\u00fcn\u00fc s\u00f6yledi. Orman yang\u0131nlar\u0131nda Manisa Akhisar&#8217;daki yang\u0131n\u0131n ise enerjisinin d\u00fc\u015f\u00fcr\u00fcld\u00fc\u011f\u00fc a\u00e7\u0131klad\u0131.\u0130ZM\u0130R (\u0130GFA) &#8211; Tar\u0131m ve Orman Bakan\u0131 \u0130brahim Yumakl\u0131, \u0130zmir\u2019de devam eden orman yang\u0131nlar\u0131yla ilgili son durumu de\u011ferlendirmek \u00fczere bas\u0131n a\u00e7\u0131klamas\u0131 yapt\u0131. Bakan Yumakl\u0131, yang\u0131nlar\u0131n kontrol alt\u0131na al\u0131nmas\u0131 i\u00e7in yo\u011fun bir m\u00fccadele y\u00fcr\u00fct\u00fcld\u00fc\u011f\u00fcn\u00fc belirtti. Yumakl\u0131, \u0130zmir\u2019in Menderes, Seferihisar, \u00c7e\u015fme, Sel\u00e7uk, Torbal\u0131 ve Menemen b\u00f6lgelerinde \u00e7\u0131kan yang\u0131nlara 11 u\u00e7ak, 27 helikopter, 171 araz\u00f6z ve i\u015f makinesi ile 972 personelin m\u00fcdahale etti\u011fini a\u00e7\u0131klad\u0131. #CANLI \ud83d\udce1 Bakan\u0131m\u0131z Say\u0131n @ibrahimyumakli, orman yang\u0131nlar\u0131ndaki son duruma ili\u015fkin bas\u0131n a\u00e7\u0131klamas\u0131 ger\u00e7ekle\u015ftiriyor. \ud83d\udccd \u0130zmir https:\/\/t.co\/5ATG9dAMW1 &mdash; T.C. Tar\u0131m ve Orman Bakanl\u0131\u011f\u0131 (@TCTarim) June 30, 2025 Yang\u0131nlar dolay\u0131s\u0131yla 4 k\u00f6y ve 2 mahallenin tedbir ama\u00e7l\u0131 tahliye edildi\u011fini, 21 ki\u015finin dumandan etkilenerek hastanede tedavi alt\u0131na al\u0131nd\u0131\u011f\u0131n\u0131 ve hayati tehlikelerinin bulunmad\u0131\u011f\u0131n\u0131 ifade etti. Bakan Yumakl\u0131, 29 Haziran 2025\u2019te \u00fclke genelinde 77 yang\u0131n\u0131n meydana geldi\u011fini, bunlardan 9\u2019unun b\u00fcy\u00fck \u00f6l\u00e7ekli oldu\u011funu ve \u0130zmir, Denizli, Ayd\u0131n ile Manisa\u2019da yo\u011funla\u015ft\u0131\u011f\u0131n\u0131 belirtti. Bu arada, 1 Haziran\u2019dan bu yana 569\u2019u ormanda, 890\u2019\u0131 orman d\u0131\u015f\u0131nda toplam 1459 yang\u0131na m\u00fcdahale edildi\u011fini, hava ara\u00e7lar\u0131n\u0131n 9 bin 297 sorti yapt\u0131\u011f\u0131n\u0131 vurgulayan &hellip;<\/p>","protected":false},"author":1,"featured_media":0,"comment_status":"","ping_status":"open","sticky":false,"template":"","format":"standard","meta":{"_acf_changed":false,"footnotes":""},"categories":[24],"tags":[],"class_list":["post-131426","post","type-post","status-publish","format-standard","has-post-thumbnail","hentry","category-gundem"],"acf":[],"yoast_head":"<!-- This site is optimized with the Yoast SEO Premium plugin v26.6 (Yoast SEO v27.1.1) - https:\/\/yoast.com\/product\/yoast-seo-premium-wordpress\/ -->\n<title>Bakan Yumakl\u0131 son durumu a\u00e7\u0131klad\u0131: 4 k\u00f6y, 2 mahalle tahliye edildi - Av. Deniz Can K\u0131z\u0131l<\/title>\n<meta name=\"robots\" content=\"index, follow, max-snippet:-1, max-image-preview:large, max-video-preview:-1\" \/>\n<link rel=\"canonical\" href=\"https:\/\/denizcankizil.tr\/uk\/haberler\/gundem\/bakan-yumakli-son-durumu-acikladi-4-koy-2-mahalle-tahliye-edildi\/\" \/>\n<meta property=\"og:locale\" content=\"uk_UA\" \/>\n<meta property=\"og:type\" content=\"article\" \/>\n<meta property=\"og:title\" content=\"Bakan Yumakl\u0131 son durumu a\u00e7\u0131klad\u0131: 4 k\u00f6y, 2 mahalle tahliye edildi\" \/>\n<meta property=\"og:description\" content=\"Tar\u0131m ve Orman Bakan\u0131 \u0130brahim Yumakl\u0131, \u0130zmir\u2019deki orman yang\u0131nlar\u0131na ili\u015fkin son durumu payla\u015ft\u0131. Bakan Yumakl\u0131, 4 k\u00f6y ve 2 mahallenin tahliye edildi\u011fini, 21 ki\u015finin dumandan etkilendi\u011fini ve ayakta tedaviyle evlerine d\u00f6nd\u00fc\u011f\u00fcn\u00fc s\u00f6yledi. Orman yang\u0131nlar\u0131nda Manisa Akhisar&#8217;daki yang\u0131n\u0131n ise enerjisinin d\u00fc\u015f\u00fcr\u00fcld\u00fc\u011f\u00fc a\u00e7\u0131klad\u0131.\u0130ZM\u0130R (\u0130GFA) &#8211; Tar\u0131m ve Orman Bakan\u0131 \u0130brahim Yumakl\u0131, \u0130zmir\u2019de devam eden orman yang\u0131nlar\u0131yla ilgili son durumu de\u011ferlendirmek \u00fczere bas\u0131n a\u00e7\u0131klamas\u0131 yapt\u0131. Bakan Yumakl\u0131, yang\u0131nlar\u0131n kontrol alt\u0131na al\u0131nmas\u0131 i\u00e7in yo\u011fun bir m\u00fccadele y\u00fcr\u00fct\u00fcld\u00fc\u011f\u00fcn\u00fc belirtti. Yumakl\u0131, \u0130zmir\u2019in Menderes, Seferihisar, \u00c7e\u015fme, Sel\u00e7uk, Torbal\u0131 ve Menemen b\u00f6lgelerinde \u00e7\u0131kan yang\u0131nlara 11 u\u00e7ak, 27 helikopter, 171 araz\u00f6z ve i\u015f makinesi ile 972 personelin m\u00fcdahale etti\u011fini a\u00e7\u0131klad\u0131. #CANLI \ud83d\udce1 Bakan\u0131m\u0131z Say\u0131n @ibrahimyumakli, orman yang\u0131nlar\u0131ndaki son duruma ili\u015fkin bas\u0131n a\u00e7\u0131klamas\u0131 ger\u00e7ekle\u015ftiriyor. \ud83d\udccd \u0130zmir https:\/\/t.co\/5ATG9dAMW1 &mdash; T.C. Tar\u0131m ve Orman Bakanl\u0131\u011f\u0131 (@TCTarim) June 30, 2025 Yang\u0131nlar dolay\u0131s\u0131yla 4 k\u00f6y ve 2 mahallenin tedbir ama\u00e7l\u0131 tahliye edildi\u011fini, 21 ki\u015finin dumandan etkilenerek hastanede tedavi alt\u0131na al\u0131nd\u0131\u011f\u0131n\u0131 ve hayati tehlikelerinin bulunmad\u0131\u011f\u0131n\u0131 ifade etti. Bakan Yumakl\u0131, 29 Haziran 2025\u2019te \u00fclke genelinde 77 yang\u0131n\u0131n meydana geldi\u011fini, bunlardan 9\u2019unun b\u00fcy\u00fck \u00f6l\u00e7ekli oldu\u011funu ve \u0130zmir, Denizli, Ayd\u0131n ile Manisa\u2019da yo\u011funla\u015ft\u0131\u011f\u0131n\u0131 belirtti. Bu arada, 1 Haziran\u2019dan bu yana 569\u2019u ormanda, 890\u2019\u0131 orman d\u0131\u015f\u0131nda toplam 1459 yang\u0131na m\u00fcdahale edildi\u011fini, hava ara\u00e7lar\u0131n\u0131n 9 bin 297 sorti yapt\u0131\u011f\u0131n\u0131 vurgulayan &hellip;\" \/>\n<meta property=\"og:url\" content=\"https:\/\/denizcankizil.tr\/uk\/haberler\/gundem\/bakan-yumakli-son-durumu-acikladi-4-koy-2-mahalle-tahliye-edildi\/\" \/>\n<meta property=\"og:site_name\" content=\"Av. Deniz Can K\u0131z\u0131l\" \/>\n<meta property=\"article:published_time\" content=\"2025-06-30T11:42:27+00:00\" \/>\n<meta name=\"author\" content=\"admin\" \/>\n<meta name=\"twitter:card\" content=\"summary_large_image\" \/>\n<meta name=\"twitter:label1\" content=\"\u041d\u0430\u043f\u0438\u0441\u0430\u043d\u043e\" \/>\n\t<meta name=\"twitter:data1\" content=\"admin\" \/>\n\t<meta name=\"twitter:label2\" content=\"\u041f\u0440\u0438\u0431\u043b. \u0447\u0430\u0441 \u0447\u0438\u0442\u0430\u043d\u043d\u044f\" \/>\n\t<meta name=\"twitter:data2\" content=\"3 \u0445\u0432\u0438\u043b\u0438\u043d\u0438\" \/>\n<script type=\"application\/ld+json\" class=\"yoast-schema-graph\">{\"@context\":\"https:\/\/schema.org\",\"@graph\":[{\"@type\":\"Article\",\"@id\":\"https:\/\/denizcankizil.tr\/de\/haberler\/gundem\/bakan-yumakli-son-durumu-acikladi-4-koy-2-mahalle-tahliye-edildi\/#article\",\"isPartOf\":{\"@id\":\"https:\/\/denizcankizil.tr\/de\/haberler\/gundem\/bakan-yumakli-son-durumu-acikladi-4-koy-2-mahalle-tahliye-edildi\/\"},\"author\":{\"name\":\"admin\",\"@id\":\"https:\/\/denizcankizil.tr\/#\/schema\/person\/be3c05fe6a12686905512445d8185489\"},\"headline\":\"Bakan Yumakl\u0131 son durumu a\u00e7\u0131klad\u0131: 4 k\u00f6y, 2 mahalle tahliye edildi\",\"datePublished\":\"2025-06-30T11:42:27+00:00\",\"mainEntityOfPage\":{\"@id\":\"https:\/\/denizcankizil.tr\/de\/haberler\/gundem\/bakan-yumakli-son-durumu-acikladi-4-koy-2-mahalle-tahliye-edildi\/\"},\"wordCount\":645,\"publisher\":{\"@id\":\"https:\/\/denizcankizil.tr\/#organization\"},\"articleSection\":[\"G\u00fcndem\"],\"inLanguage\":\"uk\"},{\"@type\":\"WebPage\",\"@id\":\"https:\/\/denizcankizil.tr\/de\/haberler\/gundem\/bakan-yumakli-son-durumu-acikladi-4-koy-2-mahalle-tahliye-edildi\/\",\"url\":\"https:\/\/denizcankizil.tr\/de\/haberler\/gundem\/bakan-yumakli-son-durumu-acikladi-4-koy-2-mahalle-tahliye-edildi\/\",\"name\":\"Bakan Yumakl\u0131 son durumu a\u00e7\u0131klad\u0131: 4 k\u00f6y, 2 mahalle tahliye edildi - Av. Deniz Can K\u0131z\u0131l\",\"isPartOf\":{\"@id\":\"https:\/\/denizcankizil.tr\/#website\"},\"datePublished\":\"2025-06-30T11:42:27+00:00\",\"breadcrumb\":{\"@id\":\"https:\/\/denizcankizil.tr\/de\/haberler\/gundem\/bakan-yumakli-son-durumu-acikladi-4-koy-2-mahalle-tahliye-edildi\/#breadcrumb\"},\"inLanguage\":\"uk\",\"potentialAction\":[{\"@type\":\"ReadAction\",\"target\":[\"https:\/\/denizcankizil.tr\/de\/haberler\/gundem\/bakan-yumakli-son-durumu-acikladi-4-koy-2-mahalle-tahliye-edildi\/\"]}]},{\"@type\":\"BreadcrumbList\",\"@id\":\"https:\/\/denizcankizil.tr\/de\/haberler\/gundem\/bakan-yumakli-son-durumu-acikladi-4-koy-2-mahalle-tahliye-edildi\/#breadcrumb\",\"itemListElement\":[{\"@type\":\"ListItem\",\"position\":1,\"name\":\"Home\",\"item\":\"https:\/\/denizcankizil.tr\/de\/\"},{\"@type\":\"ListItem\",\"position\":2,\"name\":\"Bakan Yumakl\u0131 son durumu a\u00e7\u0131klad\u0131: 4 k\u00f6y, 2 mahalle tahliye edildi\"}]},{\"@type\":\"WebSite\",\"@id\":\"https:\/\/denizcankizil.tr\/#website\",\"url\":\"https:\/\/denizcankizil.tr\/\",\"name\":\"Av. Deniz Can K\u0131z\u0131l\",\"description\":\"Avukat Deniz Can K\u0131z\u0131l Antalya Barosu\",\"publisher\":{\"@id\":\"https:\/\/denizcankizil.tr\/#organization\"},\"potentialAction\":[{\"@type\":\"SearchAction\",\"target\":{\"@type\":\"EntryPoint\",\"urlTemplate\":\"https:\/\/denizcankizil.tr\/?s={search_term_string}\"},\"query-input\":{\"@type\":\"PropertyValueSpecification\",\"valueRequired\":true,\"valueName\":\"search_term_string\"}}],\"inLanguage\":\"uk\"},{\"@type\":\"Organization\",\"@id\":\"https:\/\/denizcankizil.tr\/#organization\",\"name\":\"Av. Deniz Can K\u0131z\u0131l\",\"url\":\"https:\/\/denizcankizil.tr\/\",\"logo\":{\"@type\":\"ImageObject\",\"inLanguage\":\"uk\",\"@id\":\"https:\/\/denizcankizil.tr\/#\/schema\/logo\/image\/\",\"url\":\"https:\/\/denizcankizil.tr\/wp-content\/uploads\/2024\/10\/siyah-logo-svg.svg\",\"contentUrl\":\"https:\/\/denizcankizil.tr\/wp-content\/uploads\/2024\/10\/siyah-logo-svg.svg\",\"width\":1080,\"height\":1080,\"caption\":\"Av. Deniz Can K\u0131z\u0131l\"},\"image\":{\"@id\":\"https:\/\/denizcankizil.tr\/#\/schema\/logo\/image\/\"}},{\"@type\":\"Person\",\"@id\":\"https:\/\/denizcankizil.tr\/#\/schema\/person\/be3c05fe6a12686905512445d8185489\",\"name\":\"admin\",\"image\":{\"@type\":\"ImageObject\",\"inLanguage\":\"uk\",\"@id\":\"https:\/\/denizcankizil.tr\/#\/schema\/person\/image\/\",\"url\":\"https:\/\/secure.gravatar.com\/avatar\/c1fce94c830dc79107e174f890d7210541c4a63e8e5d816341794a2151c9d58c?s=96&d=mm&r=g\",\"contentUrl\":\"https:\/\/secure.gravatar.com\/avatar\/c1fce94c830dc79107e174f890d7210541c4a63e8e5d816341794a2151c9d58c?s=96&d=mm&r=g\",\"caption\":\"admin\"},\"sameAs\":[\"http:\/\/denizcankizil.tr\"],\"url\":\"https:\/\/www.iskenderun.org\/bakan-yumakli-son-durumu-acikladi-4-koy-2-mahalle-tahliye-edildi\"}]}<\/script>\n<!-- \/ Yoast SEO Premium plugin. -->","yoast_head_json":{"title":"Bakan Yumakl\u0131 son durumu a\u00e7\u0131klad\u0131: 4 k\u00f6y, 2 mahalle tahliye edildi - Av. Deniz Can K\u0131z\u0131l","robots":{"index":"index","follow":"follow","max-snippet":"max-snippet:-1","max-image-preview":"max-image-preview:large","max-video-preview":"max-video-preview:-1"},"canonical":"https:\/\/denizcankizil.tr\/uk\/haberler\/gundem\/bakan-yumakli-son-durumu-acikladi-4-koy-2-mahalle-tahliye-edildi\/","og_locale":"uk_UA","og_type":"article","og_title":"Bakan Yumakl\u0131 son durumu a\u00e7\u0131klad\u0131: 4 k\u00f6y, 2 mahalle tahliye edildi","og_description":"Tar\u0131m ve Orman Bakan\u0131 \u0130brahim Yumakl\u0131, \u0130zmir\u2019deki orman yang\u0131nlar\u0131na ili\u015fkin son durumu payla\u015ft\u0131. Bakan Yumakl\u0131, 4 k\u00f6y ve 2 mahallenin tahliye edildi\u011fini, 21 ki\u015finin dumandan etkilendi\u011fini ve ayakta tedaviyle evlerine d\u00f6nd\u00fc\u011f\u00fcn\u00fc s\u00f6yledi. Orman yang\u0131nlar\u0131nda Manisa Akhisar&#8217;daki yang\u0131n\u0131n ise enerjisinin d\u00fc\u015f\u00fcr\u00fcld\u00fc\u011f\u00fc a\u00e7\u0131klad\u0131.\u0130ZM\u0130R (\u0130GFA) &#8211; Tar\u0131m ve Orman Bakan\u0131 \u0130brahim Yumakl\u0131, \u0130zmir\u2019de devam eden orman yang\u0131nlar\u0131yla ilgili son durumu de\u011ferlendirmek \u00fczere bas\u0131n a\u00e7\u0131klamas\u0131 yapt\u0131. Bakan Yumakl\u0131, yang\u0131nlar\u0131n kontrol alt\u0131na al\u0131nmas\u0131 i\u00e7in yo\u011fun bir m\u00fccadele y\u00fcr\u00fct\u00fcld\u00fc\u011f\u00fcn\u00fc belirtti. Yumakl\u0131, \u0130zmir\u2019in Menderes, Seferihisar, \u00c7e\u015fme, Sel\u00e7uk, Torbal\u0131 ve Menemen b\u00f6lgelerinde \u00e7\u0131kan yang\u0131nlara 11 u\u00e7ak, 27 helikopter, 171 araz\u00f6z ve i\u015f makinesi ile 972 personelin m\u00fcdahale etti\u011fini a\u00e7\u0131klad\u0131. #CANLI \ud83d\udce1 Bakan\u0131m\u0131z Say\u0131n @ibrahimyumakli, orman yang\u0131nlar\u0131ndaki son duruma ili\u015fkin bas\u0131n a\u00e7\u0131klamas\u0131 ger\u00e7ekle\u015ftiriyor. \ud83d\udccd \u0130zmir https:\/\/t.co\/5ATG9dAMW1 &mdash; T.C. Tar\u0131m ve Orman Bakanl\u0131\u011f\u0131 (@TCTarim) June 30, 2025 Yang\u0131nlar dolay\u0131s\u0131yla 4 k\u00f6y ve 2 mahallenin tedbir ama\u00e7l\u0131 tahliye edildi\u011fini, 21 ki\u015finin dumandan etkilenerek hastanede tedavi alt\u0131na al\u0131nd\u0131\u011f\u0131n\u0131 ve hayati tehlikelerinin bulunmad\u0131\u011f\u0131n\u0131 ifade etti. Bakan Yumakl\u0131, 29 Haziran 2025\u2019te \u00fclke genelinde 77 yang\u0131n\u0131n meydana geldi\u011fini, bunlardan 9\u2019unun b\u00fcy\u00fck \u00f6l\u00e7ekli oldu\u011funu ve \u0130zmir, Denizli, Ayd\u0131n ile Manisa\u2019da yo\u011funla\u015ft\u0131\u011f\u0131n\u0131 belirtti. Bu arada, 1 Haziran\u2019dan bu yana 569\u2019u ormanda, 890\u2019\u0131 orman d\u0131\u015f\u0131nda toplam 1459 yang\u0131na m\u00fcdahale edildi\u011fini, hava ara\u00e7lar\u0131n\u0131n 9 bin 297 sorti yapt\u0131\u011f\u0131n\u0131 vurgulayan &hellip;","og_url":"https:\/\/denizcankizil.tr\/uk\/haberler\/gundem\/bakan-yumakli-son-durumu-acikladi-4-koy-2-mahalle-tahliye-edildi\/","og_site_name":"Av. Deniz Can K\u0131z\u0131l","article_published_time":"2025-06-30T11:42:27+00:00","author":"admin","twitter_card":"summary_large_image","twitter_misc":{"\u041d\u0430\u043f\u0438\u0441\u0430\u043d\u043e":"admin","\u041f\u0440\u0438\u0431\u043b. \u0447\u0430\u0441 \u0447\u0438\u0442\u0430\u043d\u043d\u044f":"3 \u0445\u0432\u0438\u043b\u0438\u043d\u0438"},"schema":{"@context":"https:\/\/schema.org","@graph":[{"@type":"Article","@id":"https:\/\/denizcankizil.tr\/de\/haberler\/gundem\/bakan-yumakli-son-durumu-acikladi-4-koy-2-mahalle-tahliye-edildi\/#article","isPartOf":{"@id":"https:\/\/denizcankizil.tr\/de\/haberler\/gundem\/bakan-yumakli-son-durumu-acikladi-4-koy-2-mahalle-tahliye-edildi\/"},"author":{"name":"admin","@id":"https:\/\/denizcankizil.tr\/#\/schema\/person\/be3c05fe6a12686905512445d8185489"},"headline":"Bakan Yumakl\u0131 son durumu a\u00e7\u0131klad\u0131: 4 k\u00f6y, 2 mahalle tahliye edildi","datePublished":"2025-06-30T11:42:27+00:00","mainEntityOfPage":{"@id":"https:\/\/denizcankizil.tr\/de\/haberler\/gundem\/bakan-yumakli-son-durumu-acikladi-4-koy-2-mahalle-tahliye-edildi\/"},"wordCount":645,"publisher":{"@id":"https:\/\/denizcankizil.tr\/#organization"},"articleSection":["G\u00fcndem"],"inLanguage":"uk"},{"@type":"WebPage","@id":"https:\/\/denizcankizil.tr\/de\/haberler\/gundem\/bakan-yumakli-son-durumu-acikladi-4-koy-2-mahalle-tahliye-edildi\/","url":"https:\/\/denizcankizil.tr\/de\/haberler\/gundem\/bakan-yumakli-son-durumu-acikladi-4-koy-2-mahalle-tahliye-edildi\/","name":"Bakan Yumakl\u0131 son durumu a\u00e7\u0131klad\u0131: 4 k\u00f6y, 2 mahalle tahliye edildi - Av. Deniz Can K\u0131z\u0131l","isPartOf":{"@id":"https:\/\/denizcankizil.tr\/#website"},"datePublished":"2025-06-30T11:42:27+00:00","breadcrumb":{"@id":"https:\/\/denizcankizil.tr\/de\/haberler\/gundem\/bakan-yumakli-son-durumu-acikladi-4-koy-2-mahalle-tahliye-edildi\/#breadcrumb"},"inLanguage":"uk","potentialAction":[{"@type":"ReadAction","target":["https:\/\/denizcankizil.tr\/de\/haberler\/gundem\/bakan-yumakli-son-durumu-acikladi-4-koy-2-mahalle-tahliye-edildi\/"]}]},{"@type":"BreadcrumbList","@id":"https:\/\/denizcankizil.tr\/de\/haberler\/gundem\/bakan-yumakli-son-durumu-acikladi-4-koy-2-mahalle-tahliye-edildi\/#breadcrumb","itemListElement":[{"@type":"ListItem","position":1,"name":"Home","item":"https:\/\/denizcankizil.tr\/de\/"},{"@type":"ListItem","position":2,"name":"Bakan Yumakl\u0131 son durumu a\u00e7\u0131klad\u0131: 4 k\u00f6y, 2 mahalle tahliye edildi"}]},{"@type":"WebSite","@id":"https:\/\/denizcankizil.tr\/#website","url":"https:\/\/denizcankizil.tr\/","name":"Av. Deniz Can K\u0131z\u0131l","description":"Avukat Deniz Can K\u0131z\u0131l Antalya Barosu","publisher":{"@id":"https:\/\/denizcankizil.tr\/#organization"},"potentialAction":[{"@type":"SearchAction","target":{"@type":"EntryPoint","urlTemplate":"https:\/\/denizcankizil.tr\/?s={search_term_string}"},"query-input":{"@type":"PropertyValueSpecification","valueRequired":true,"valueName":"search_term_string"}}],"inLanguage":"uk"},{"@type":"Organization","@id":"https:\/\/denizcankizil.tr\/#organization","name":"Av. Deniz Can K\u0131z\u0131l","url":"https:\/\/denizcankizil.tr\/","logo":{"@type":"ImageObject","inLanguage":"uk","@id":"https:\/\/denizcankizil.tr\/#\/schema\/logo\/image\/","url":"https:\/\/denizcankizil.tr\/wp-content\/uploads\/2024\/10\/siyah-logo-svg.svg","contentUrl":"https:\/\/denizcankizil.tr\/wp-content\/uploads\/2024\/10\/siyah-logo-svg.svg","width":1080,"height":1080,"caption":"Av. Deniz Can K\u0131z\u0131l"},"image":{"@id":"https:\/\/denizcankizil.tr\/#\/schema\/logo\/image\/"}},{"@type":"Person","@id":"https:\/\/denizcankizil.tr\/#\/schema\/person\/be3c05fe6a12686905512445d8185489","name":"\u0430\u0434\u043c\u0456\u043d","image":{"@type":"ImageObject","inLanguage":"uk","@id":"https:\/\/denizcankizil.tr\/#\/schema\/person\/image\/","url":"https:\/\/secure.gravatar.com\/avatar\/c1fce94c830dc79107e174f890d7210541c4a63e8e5d816341794a2151c9d58c?s=96&d=mm&r=g","contentUrl":"https:\/\/secure.gravatar.com\/avatar\/c1fce94c830dc79107e174f890d7210541c4a63e8e5d816341794a2151c9d58c?s=96&d=mm&r=g","caption":"admin"},"sameAs":["http:\/\/denizcankizil.tr"],"url":"https:\/\/www.iskenderun.org\/bakan-yumakli-son-durumu-acikladi-4-koy-2-mahalle-tahliye-edildi"}]}},"_links":{"self":[{"href":"https:\/\/denizcankizil.tr\/uk\/wp-json\/wp\/v2\/posts\/131426","targetHints":{"allow":["GET"]}}],"collection":[{"href":"https:\/\/denizcankizil.tr\/uk\/wp-json\/wp\/v2\/posts"}],"about":[{"href":"https:\/\/denizcankizil.tr\/uk\/wp-json\/wp\/v2\/types\/post"}],"author":[{"embeddable":true,"href":"https:\/\/denizcankizil.tr\/uk\/wp-json\/wp\/v2\/users\/1"}],"replies":[{"embeddable":true,"href":"https:\/\/denizcankizil.tr\/uk\/wp-json\/wp\/v2\/comments?post=131426"}],"version-history":[{"count":0,"href":"https:\/\/denizcankizil.tr\/uk\/wp-json\/wp\/v2\/posts\/131426\/revisions"}],"wp:attachment":[{"href":"https:\/\/denizcankizil.tr\/uk\/wp-json\/wp\/v2\/media?parent=131426"}],"wp:term":[{"taxonomy":"category","embeddable":true,"href":"https:\/\/denizcankizil.tr\/uk\/wp-json\/wp\/v2\/categories?post=131426"},{"taxonomy":"post_tag","embeddable":true,"href":"https:\/\/denizcankizil.tr\/uk\/wp-json\/wp\/v2\/tags?post=131426"}],"curies":[{"name":"wp","href":"https:\/\/api.w.org\/{rel}","templated":true}]}}