{"id":131217,"date":"2025-06-30T10:41:41","date_gmt":"2025-06-30T07:41:41","guid":{"rendered":"https:\/\/denizcankizil.tr\/uncategorized-tr\/antalya-sahil-yasam-parkta-yeni-duzenlemeler-buyuksehir-belediyesi-harekete-gecti\/"},"modified":"2025-06-30T10:41:41","modified_gmt":"2025-06-30T07:41:41","slug":"antalya-sahil-yasam-parkta-yeni-duzenlemeler-buyuksehir-belediyesi-harekete-gecti","status":"publish","type":"post","link":"https:\/\/denizcankizil.tr\/uk\/haberler\/gundem\/antalya-sahil-yasam-parkta-yeni-duzenlemeler-buyuksehir-belediyesi-harekete-gecti\/","title":{"rendered":"Antalya Sahil Ya\u015fam Park\u2019ta yeni d\u00fczenlemeler! B\u00fcy\u00fck\u015fehir Belediyesi harekete ge\u00e7ti"},"content":{"rendered":"<p>Sahil Antalya Ya\u015fam Park\u0131\u2019nda transit ge\u00e7i\u015fin kald\u0131r\u0131lmas\u0131 ve \u00fccretsiz otopark uygulamas\u0131n\u0131n sona ermesiyle trafik yo\u011funlu\u011fu artt\u0131. Vatanda\u015flar saatlerce beklemek zorunda kald\u0131klar\u0131n\u0131 belirterek belediyeden \u00e7\u00f6z\u00fcm talep ediyordu. Bu talep kar\u015f\u0131s\u0131nda B\u00fcy\u00fck\u015fehir Belediyesi harekete ge\u00e7ti. Ara\u00e7 ge\u00e7i\u015f gi\u015felerinin yetersiz olmas\u0131 nedeniyle belediye bu sorun kar\u015f\u0131s\u0131nda ad\u0131m att\u0131.<\/p>\n<p>S\u00dcR\u00dcC\u00dcLER \u0130SYAN ED\u0130YORDU!<\/p>\n<p>Vatanda\u015flar, gi\u015felerde sadece iki ki\u015finin \u00e7al\u0131\u015ft\u0131\u011f\u0131n\u0131 ve belediyeye yap\u0131lan \u015fikayetlere d\u00f6n\u00fc\u015f alamad\u0131klar\u0131n\u0131 belirterek tepki g\u00f6steriyordu. Kimi vatanda\u015flar, \u201cUzun s\u00fcre bekliyoruz. Yaz\u0131n burada konserler oluyor ve trafik daha da s\u0131k\u0131\u015f\u0131yor. Kuyruk o kadar uzun oluyor ki saatlerce bekledi\u011fimizi biliyorum. Buna nas\u0131l bir \u00e7\u00f6z\u00fcm getirecekler?\u201d diyerek belediyeye \u00e7a\u011fr\u0131da bulundu.<\/p>\n<p>B\u00dcY\u00dcK\u015eEH\u0130R BELED\u0130YES\u0130 RAD\u0130KAL KARARLAR ALMI\u015eTI<\/p>\n<p>Ya\u015fanan bu sorun kar\u015f\u0131s\u0131nda B\u00fcy\u00fck\u015fehir Belediye Ula\u015f\u0131m Koordinasyon Merkezi bir karar alarak, transit ge\u00e7i\u015fi ve 0-1 saat \u00fccretsiz otopark uygulamas\u0131n\u0131 24 Mart itibar\u0131yla kald\u0131rma karar\u0131 ald\u0131. B\u00fcy\u00fck\u015fehir Belediyesi taraf\u0131ndan yap\u0131lan duyuruda \u015fu ifadelere yer verililmi\u015fti:<\/p>\n<p>\u201cUKOME&#8217;nin 2025\/02-168 say\u0131l\u0131 karar\u0131 do\u011frultusunda, b\u00f6lgede artan trafik yo\u011funlu\u011funu azaltmak amac\u0131yla Sahil Ya\u015fam Park\u0131 Transit Ge\u00e7i\u015f Uygulamas\u0131 kald\u0131r\u0131lacakt\u0131r. 24 Mart 2025 itibar\u0131yla Sahil Ya\u015fam Park\u0131 Transit Ge\u00e7i\u015fi uygulamas\u0131 sona erecektir. Ayr\u0131ca, 0-1 saat \u00fccretsiz otopark uygulamas\u0131 da kald\u0131r\u0131lacakt\u0131r. Vatanda\u015flar\u0131m\u0131z\u0131n trafik d\u00fczenlemelerine uyum sa\u011flamalar\u0131n\u0131 ve alternatif g\u00fczergahlar\u0131 de\u011ferlendirmelerini rica ederiz.\u201d<\/p>\n<p>\u200bAntalya B\u00fcy\u00fck\u015fehir Belediyesi, Konyaalt\u0131 Sahil Ya\u015fam Park\u2019\u0131nda artan trafik kar\u015f\u0131s\u0131nda yeni \u00f6nlemler almaya ba\u015flad\u0131. Al\u0131nan \u00f6nlemlerin ba\u015f\u0131nda yeni bir ara\u00e7 ge\u00e7i\u015f gi\u015fesi yer al\u0131yor. Yeni gi\u015fe tamamland\u0131\u011f\u0131nda b\u00f6lgede trafik ak\u0131\u015f\u0131n\u0131n daha ak\u0131c\u0131 olaca\u011f\u0131 a\u00e7\u0131kland\u0131.\u00a0<\/p>\n<p>\u200bHaberin Al\u0131nt\u0131land\u0131\u011f\u0131 Kaynak: www.antalyakorfez.com<\/p>","protected":false},"excerpt":{"rendered":"<p>Sahil Antalya Ya\u015fam Park\u0131\u2019nda transit ge\u00e7i\u015fin kald\u0131r\u0131lmas\u0131 ve \u00fccretsiz otopark uygulamas\u0131n\u0131n sona ermesiyle trafik yo\u011funlu\u011fu artt\u0131. Vatanda\u015flar saatlerce beklemek zorunda kald\u0131klar\u0131n\u0131 belirterek belediyeden \u00e7\u00f6z\u00fcm talep ediyordu. Bu talep kar\u015f\u0131s\u0131nda B\u00fcy\u00fck\u015fehir Belediyesi harekete ge\u00e7ti. Ara\u00e7 ge\u00e7i\u015f gi\u015felerinin yetersiz olmas\u0131 nedeniyle belediye bu sorun kar\u015f\u0131s\u0131nda ad\u0131m att\u0131. S\u00dcR\u00dcC\u00dcLER \u0130SYAN ED\u0130YORDU! Vatanda\u015flar, gi\u015felerde sadece iki ki\u015finin \u00e7al\u0131\u015ft\u0131\u011f\u0131n\u0131 ve belediyeye yap\u0131lan \u015fikayetlere d\u00f6n\u00fc\u015f alamad\u0131klar\u0131n\u0131 belirterek tepki g\u00f6steriyordu. Kimi vatanda\u015flar, \u201cUzun s\u00fcre bekliyoruz. Yaz\u0131n burada konserler oluyor ve trafik daha da s\u0131k\u0131\u015f\u0131yor. Kuyruk o kadar uzun oluyor ki saatlerce bekledi\u011fimizi biliyorum. Buna nas\u0131l bir \u00e7\u00f6z\u00fcm getirecekler?\u201d diyerek belediyeye \u00e7a\u011fr\u0131da bulundu. B\u00dcY\u00dcK\u015eEH\u0130R BELED\u0130YES\u0130 RAD\u0130KAL KARARLAR ALMI\u015eTI Ya\u015fanan bu sorun kar\u015f\u0131s\u0131nda B\u00fcy\u00fck\u015fehir Belediye Ula\u015f\u0131m Koordinasyon Merkezi bir karar alarak, transit ge\u00e7i\u015fi ve 0-1 saat \u00fccretsiz otopark uygulamas\u0131n\u0131 24 Mart itibar\u0131yla kald\u0131rma karar\u0131 ald\u0131. B\u00fcy\u00fck\u015fehir Belediyesi taraf\u0131ndan yap\u0131lan duyuruda \u015fu ifadelere yer verililmi\u015fti: \u201cUKOME&#8217;nin 2025\/02-168 say\u0131l\u0131 karar\u0131 do\u011frultusunda, b\u00f6lgede artan trafik yo\u011funlu\u011funu azaltmak amac\u0131yla Sahil Ya\u015fam Park\u0131 Transit Ge\u00e7i\u015f Uygulamas\u0131 kald\u0131r\u0131lacakt\u0131r. 24 Mart 2025 itibar\u0131yla Sahil Ya\u015fam Park\u0131 Transit Ge\u00e7i\u015fi uygulamas\u0131 sona erecektir. Ayr\u0131ca, 0-1 saat \u00fccretsiz otopark uygulamas\u0131 da kald\u0131r\u0131lacakt\u0131r. Vatanda\u015flar\u0131m\u0131z\u0131n trafik d\u00fczenlemelerine uyum sa\u011flamalar\u0131n\u0131 ve alternatif g\u00fczergahlar\u0131 de\u011ferlendirmelerini rica ederiz.\u201d \u200bAntalya B\u00fcy\u00fck\u015fehir Belediyesi, Konyaalt\u0131 Sahil Ya\u015fam Park\u2019\u0131nda artan trafik kar\u015f\u0131s\u0131nda yeni \u00f6nlemler almaya ba\u015flad\u0131. Al\u0131nan \u00f6nlemlerin &hellip;<\/p>","protected":false},"author":5,"featured_media":0,"comment_status":"","ping_status":"open","sticky":false,"template":"","format":"standard","meta":{"_acf_changed":false,"footnotes":""},"categories":[24],"tags":[],"class_list":["post-131217","post","type-post","status-publish","format-standard","has-post-thumbnail","hentry","category-gundem"],"acf":[],"yoast_head":"<!-- This site is optimized with the Yoast SEO Premium plugin v26.6 (Yoast SEO v27.1.1) - https:\/\/yoast.com\/product\/yoast-seo-premium-wordpress\/ -->\n<title>Antalya Sahil Ya\u015fam Park\u2019ta yeni d\u00fczenlemeler! B\u00fcy\u00fck\u015fehir Belediyesi harekete ge\u00e7ti - Av. Deniz Can K\u0131z\u0131l<\/title>\n<meta name=\"robots\" content=\"index, follow, max-snippet:-1, max-image-preview:large, max-video-preview:-1\" \/>\n<link rel=\"canonical\" href=\"http:\/\/denizcankizil.tr\/uk\/haberler\/gundem\/antalya-sahil-yasam-parkta-yeni-duzenlemeler-buyuksehir-belediyesi-harekete-gecti\/\" \/>\n<meta property=\"og:locale\" content=\"uk_UA\" \/>\n<meta property=\"og:type\" content=\"article\" \/>\n<meta property=\"og:title\" content=\"Antalya Sahil Ya\u015fam Park\u2019ta yeni d\u00fczenlemeler! B\u00fcy\u00fck\u015fehir Belediyesi harekete ge\u00e7ti\" \/>\n<meta property=\"og:description\" content=\"Sahil Antalya Ya\u015fam Park\u0131\u2019nda transit ge\u00e7i\u015fin kald\u0131r\u0131lmas\u0131 ve \u00fccretsiz otopark uygulamas\u0131n\u0131n sona ermesiyle trafik yo\u011funlu\u011fu artt\u0131. Vatanda\u015flar saatlerce beklemek zorunda kald\u0131klar\u0131n\u0131 belirterek belediyeden \u00e7\u00f6z\u00fcm talep ediyordu. Bu talep kar\u015f\u0131s\u0131nda B\u00fcy\u00fck\u015fehir Belediyesi harekete ge\u00e7ti. Ara\u00e7 ge\u00e7i\u015f gi\u015felerinin yetersiz olmas\u0131 nedeniyle belediye bu sorun kar\u015f\u0131s\u0131nda ad\u0131m att\u0131. S\u00dcR\u00dcC\u00dcLER \u0130SYAN ED\u0130YORDU! Vatanda\u015flar, gi\u015felerde sadece iki ki\u015finin \u00e7al\u0131\u015ft\u0131\u011f\u0131n\u0131 ve belediyeye yap\u0131lan \u015fikayetlere d\u00f6n\u00fc\u015f alamad\u0131klar\u0131n\u0131 belirterek tepki g\u00f6steriyordu. Kimi vatanda\u015flar, \u201cUzun s\u00fcre bekliyoruz. Yaz\u0131n burada konserler oluyor ve trafik daha da s\u0131k\u0131\u015f\u0131yor. Kuyruk o kadar uzun oluyor ki saatlerce bekledi\u011fimizi biliyorum. Buna nas\u0131l bir \u00e7\u00f6z\u00fcm getirecekler?\u201d diyerek belediyeye \u00e7a\u011fr\u0131da bulundu. B\u00dcY\u00dcK\u015eEH\u0130R BELED\u0130YES\u0130 RAD\u0130KAL KARARLAR ALMI\u015eTI Ya\u015fanan bu sorun kar\u015f\u0131s\u0131nda B\u00fcy\u00fck\u015fehir Belediye Ula\u015f\u0131m Koordinasyon Merkezi bir karar alarak, transit ge\u00e7i\u015fi ve 0-1 saat \u00fccretsiz otopark uygulamas\u0131n\u0131 24 Mart itibar\u0131yla kald\u0131rma karar\u0131 ald\u0131. B\u00fcy\u00fck\u015fehir Belediyesi taraf\u0131ndan yap\u0131lan duyuruda \u015fu ifadelere yer verililmi\u015fti: \u201cUKOME&#8217;nin 2025\/02-168 say\u0131l\u0131 karar\u0131 do\u011frultusunda, b\u00f6lgede artan trafik yo\u011funlu\u011funu azaltmak amac\u0131yla Sahil Ya\u015fam Park\u0131 Transit Ge\u00e7i\u015f Uygulamas\u0131 kald\u0131r\u0131lacakt\u0131r. 24 Mart 2025 itibar\u0131yla Sahil Ya\u015fam Park\u0131 Transit Ge\u00e7i\u015fi uygulamas\u0131 sona erecektir. Ayr\u0131ca, 0-1 saat \u00fccretsiz otopark uygulamas\u0131 da kald\u0131r\u0131lacakt\u0131r. Vatanda\u015flar\u0131m\u0131z\u0131n trafik d\u00fczenlemelerine uyum sa\u011flamalar\u0131n\u0131 ve alternatif g\u00fczergahlar\u0131 de\u011ferlendirmelerini rica ederiz.\u201d \u200bAntalya B\u00fcy\u00fck\u015fehir Belediyesi, Konyaalt\u0131 Sahil Ya\u015fam Park\u2019\u0131nda artan trafik kar\u015f\u0131s\u0131nda yeni \u00f6nlemler almaya ba\u015flad\u0131. Al\u0131nan \u00f6nlemlerin &hellip;\" \/>\n<meta property=\"og:url\" content=\"http:\/\/denizcankizil.tr\/uk\/haberler\/gundem\/antalya-sahil-yasam-parkta-yeni-duzenlemeler-buyuksehir-belediyesi-harekete-gecti\/\" \/>\n<meta property=\"og:site_name\" content=\"Av. Deniz Can K\u0131z\u0131l\" \/>\n<meta property=\"article:published_time\" content=\"2025-06-30T07:41:41+00:00\" \/>\n<meta name=\"author\" content=\"Antalya K\u00f6rfez\" \/>\n<meta name=\"twitter:card\" content=\"summary_large_image\" \/>\n<meta name=\"twitter:label1\" content=\"\u041d\u0430\u043f\u0438\u0441\u0430\u043d\u043e\" \/>\n\t<meta name=\"twitter:data1\" content=\"Antalya K\u00f6rfez\" \/>\n\t<meta name=\"twitter:label2\" content=\"\u041f\u0440\u0438\u0431\u043b. \u0447\u0430\u0441 \u0447\u0438\u0442\u0430\u043d\u043d\u044f\" \/>\n\t<meta name=\"twitter:data2\" content=\"2 \u0445\u0432\u0438\u043b\u0438\u043d\u0438\" \/>\n<script type=\"application\/ld+json\" class=\"yoast-schema-graph\">{\"@context\":\"https:\/\/schema.org\",\"@graph\":[{\"@type\":\"Article\",\"@id\":\"http:\/\/denizcankizil.tr\/de\/haberler\/gundem\/antalya-sahil-yasam-parkta-yeni-duzenlemeler-buyuksehir-belediyesi-harekete-gecti\/#article\",\"isPartOf\":{\"@id\":\"http:\/\/denizcankizil.tr\/de\/haberler\/gundem\/antalya-sahil-yasam-parkta-yeni-duzenlemeler-buyuksehir-belediyesi-harekete-gecti\/\"},\"author\":{\"name\":\"Antalya K\u00f6rfez\",\"@id\":\"https:\/\/denizcankizil.tr\/de\/#\/schema\/person\/e1eb71bb4dd684d46563f0af307e1234\"},\"headline\":\"Antalya Sahil Ya\u015fam Park\u2019ta yeni d\u00fczenlemeler! B\u00fcy\u00fck\u015fehir Belediyesi harekete ge\u00e7ti\",\"datePublished\":\"2025-06-30T07:41:41+00:00\",\"mainEntityOfPage\":{\"@id\":\"http:\/\/denizcankizil.tr\/de\/haberler\/gundem\/antalya-sahil-yasam-parkta-yeni-duzenlemeler-buyuksehir-belediyesi-harekete-gecti\/\"},\"wordCount\":363,\"publisher\":{\"@id\":\"https:\/\/denizcankizil.tr\/de\/#organization\"},\"articleSection\":[\"G\u00fcndem\"],\"inLanguage\":\"uk\"},{\"@type\":\"WebPage\",\"@id\":\"http:\/\/denizcankizil.tr\/de\/haberler\/gundem\/antalya-sahil-yasam-parkta-yeni-duzenlemeler-buyuksehir-belediyesi-harekete-gecti\/\",\"url\":\"http:\/\/denizcankizil.tr\/de\/haberler\/gundem\/antalya-sahil-yasam-parkta-yeni-duzenlemeler-buyuksehir-belediyesi-harekete-gecti\/\",\"name\":\"Antalya Sahil Ya\u015fam Park\u2019ta yeni d\u00fczenlemeler! B\u00fcy\u00fck\u015fehir Belediyesi harekete ge\u00e7ti - Av. Deniz Can K\u0131z\u0131l\",\"isPartOf\":{\"@id\":\"https:\/\/denizcankizil.tr\/de\/#website\"},\"datePublished\":\"2025-06-30T07:41:41+00:00\",\"breadcrumb\":{\"@id\":\"http:\/\/denizcankizil.tr\/de\/haberler\/gundem\/antalya-sahil-yasam-parkta-yeni-duzenlemeler-buyuksehir-belediyesi-harekete-gecti\/#breadcrumb\"},\"inLanguage\":\"uk\",\"potentialAction\":[{\"@type\":\"ReadAction\",\"target\":[\"http:\/\/denizcankizil.tr\/de\/haberler\/gundem\/antalya-sahil-yasam-parkta-yeni-duzenlemeler-buyuksehir-belediyesi-harekete-gecti\/\"]}]},{\"@type\":\"BreadcrumbList\",\"@id\":\"http:\/\/denizcankizil.tr\/de\/haberler\/gundem\/antalya-sahil-yasam-parkta-yeni-duzenlemeler-buyuksehir-belediyesi-harekete-gecti\/#breadcrumb\",\"itemListElement\":[{\"@type\":\"ListItem\",\"position\":1,\"name\":\"Home\",\"item\":\"https:\/\/denizcankizil.tr\/de\/\"},{\"@type\":\"ListItem\",\"position\":2,\"name\":\"Antalya Sahil Ya\u015fam Park\u2019ta yeni d\u00fczenlemeler! B\u00fcy\u00fck\u015fehir Belediyesi harekete ge\u00e7ti\"}]},{\"@type\":\"WebSite\",\"@id\":\"https:\/\/denizcankizil.tr\/de\/#website\",\"url\":\"https:\/\/denizcankizil.tr\/de\/\",\"name\":\"Av. Deniz Can K\u0131z\u0131l\",\"description\":\"Avukat Deniz Can K\u0131z\u0131l Antalya Barosu\",\"publisher\":{\"@id\":\"https:\/\/denizcankizil.tr\/de\/#organization\"},\"potentialAction\":[{\"@type\":\"SearchAction\",\"target\":{\"@type\":\"EntryPoint\",\"urlTemplate\":\"https:\/\/denizcankizil.tr\/de\/?s={search_term_string}\"},\"query-input\":{\"@type\":\"PropertyValueSpecification\",\"valueRequired\":true,\"valueName\":\"search_term_string\"}}],\"inLanguage\":\"uk\"},{\"@type\":\"Organization\",\"@id\":\"https:\/\/denizcankizil.tr\/de\/#organization\",\"name\":\"Av. Deniz Can K\u0131z\u0131l\",\"url\":\"https:\/\/denizcankizil.tr\/de\/\",\"logo\":{\"@type\":\"ImageObject\",\"inLanguage\":\"uk\",\"@id\":\"https:\/\/denizcankizil.tr\/de\/#\/schema\/logo\/image\/\",\"url\":\"https:\/\/denizcankizil.tr\/wp-content\/uploads\/2024\/10\/siyah-logo-svg.svg\",\"contentUrl\":\"https:\/\/denizcankizil.tr\/wp-content\/uploads\/2024\/10\/siyah-logo-svg.svg\",\"width\":1080,\"height\":1080,\"caption\":\"Av. Deniz Can K\u0131z\u0131l\"},\"image\":{\"@id\":\"https:\/\/denizcankizil.tr\/de\/#\/schema\/logo\/image\/\"}},{\"@type\":\"Person\",\"@id\":\"https:\/\/denizcankizil.tr\/de\/#\/schema\/person\/e1eb71bb4dd684d46563f0af307e1234\",\"name\":\"Antalya K\u00f6rfez\",\"image\":{\"@type\":\"ImageObject\",\"inLanguage\":\"uk\",\"@id\":\"https:\/\/denizcankizil.tr\/de\/#\/schema\/person\/image\/\",\"url\":\"https:\/\/secure.gravatar.com\/avatar\/42b01982558a48a0b501fdcab6a408d3717ea5919095ee2e67b0e521799c5905?s=96&d=mm&r=g\",\"contentUrl\":\"https:\/\/secure.gravatar.com\/avatar\/42b01982558a48a0b501fdcab6a408d3717ea5919095ee2e67b0e521799c5905?s=96&d=mm&r=g\",\"caption\":\"Antalya K\u00f6rfez\"},\"sameAs\":[\"http:\/\/www.antalyakorfez.com\"],\"url\":\"https:\/\/www.antalyakorfez.com\/antalya-sahil-yasam-parkta-yeni-duzenlemeler-buyuksehir-belediyesi-harekete-gecti\"}]}<\/script>\n<!-- \/ Yoast SEO Premium plugin. -->","yoast_head_json":{"title":"Antalya Sahil Ya\u015fam Park\u2019ta yeni d\u00fczenlemeler! B\u00fcy\u00fck\u015fehir Belediyesi harekete ge\u00e7ti - Av. Deniz Can K\u0131z\u0131l","robots":{"index":"index","follow":"follow","max-snippet":"max-snippet:-1","max-image-preview":"max-image-preview:large","max-video-preview":"max-video-preview:-1"},"canonical":"http:\/\/denizcankizil.tr\/uk\/haberler\/gundem\/antalya-sahil-yasam-parkta-yeni-duzenlemeler-buyuksehir-belediyesi-harekete-gecti\/","og_locale":"uk_UA","og_type":"article","og_title":"Antalya Sahil Ya\u015fam Park\u2019ta yeni d\u00fczenlemeler! B\u00fcy\u00fck\u015fehir Belediyesi harekete ge\u00e7ti","og_description":"Sahil Antalya Ya\u015fam Park\u0131\u2019nda transit ge\u00e7i\u015fin kald\u0131r\u0131lmas\u0131 ve \u00fccretsiz otopark uygulamas\u0131n\u0131n sona ermesiyle trafik yo\u011funlu\u011fu artt\u0131. Vatanda\u015flar saatlerce beklemek zorunda kald\u0131klar\u0131n\u0131 belirterek belediyeden \u00e7\u00f6z\u00fcm talep ediyordu. Bu talep kar\u015f\u0131s\u0131nda B\u00fcy\u00fck\u015fehir Belediyesi harekete ge\u00e7ti. Ara\u00e7 ge\u00e7i\u015f gi\u015felerinin yetersiz olmas\u0131 nedeniyle belediye bu sorun kar\u015f\u0131s\u0131nda ad\u0131m att\u0131. S\u00dcR\u00dcC\u00dcLER \u0130SYAN ED\u0130YORDU! Vatanda\u015flar, gi\u015felerde sadece iki ki\u015finin \u00e7al\u0131\u015ft\u0131\u011f\u0131n\u0131 ve belediyeye yap\u0131lan \u015fikayetlere d\u00f6n\u00fc\u015f alamad\u0131klar\u0131n\u0131 belirterek tepki g\u00f6steriyordu. Kimi vatanda\u015flar, \u201cUzun s\u00fcre bekliyoruz. Yaz\u0131n burada konserler oluyor ve trafik daha da s\u0131k\u0131\u015f\u0131yor. Kuyruk o kadar uzun oluyor ki saatlerce bekledi\u011fimizi biliyorum. Buna nas\u0131l bir \u00e7\u00f6z\u00fcm getirecekler?\u201d diyerek belediyeye \u00e7a\u011fr\u0131da bulundu. B\u00dcY\u00dcK\u015eEH\u0130R BELED\u0130YES\u0130 RAD\u0130KAL KARARLAR ALMI\u015eTI Ya\u015fanan bu sorun kar\u015f\u0131s\u0131nda B\u00fcy\u00fck\u015fehir Belediye Ula\u015f\u0131m Koordinasyon Merkezi bir karar alarak, transit ge\u00e7i\u015fi ve 0-1 saat \u00fccretsiz otopark uygulamas\u0131n\u0131 24 Mart itibar\u0131yla kald\u0131rma karar\u0131 ald\u0131. B\u00fcy\u00fck\u015fehir Belediyesi taraf\u0131ndan yap\u0131lan duyuruda \u015fu ifadelere yer verililmi\u015fti: \u201cUKOME&#8217;nin 2025\/02-168 say\u0131l\u0131 karar\u0131 do\u011frultusunda, b\u00f6lgede artan trafik yo\u011funlu\u011funu azaltmak amac\u0131yla Sahil Ya\u015fam Park\u0131 Transit Ge\u00e7i\u015f Uygulamas\u0131 kald\u0131r\u0131lacakt\u0131r. 24 Mart 2025 itibar\u0131yla Sahil Ya\u015fam Park\u0131 Transit Ge\u00e7i\u015fi uygulamas\u0131 sona erecektir. Ayr\u0131ca, 0-1 saat \u00fccretsiz otopark uygulamas\u0131 da kald\u0131r\u0131lacakt\u0131r. Vatanda\u015flar\u0131m\u0131z\u0131n trafik d\u00fczenlemelerine uyum sa\u011flamalar\u0131n\u0131 ve alternatif g\u00fczergahlar\u0131 de\u011ferlendirmelerini rica ederiz.\u201d \u200bAntalya B\u00fcy\u00fck\u015fehir Belediyesi, Konyaalt\u0131 Sahil Ya\u015fam Park\u2019\u0131nda artan trafik kar\u015f\u0131s\u0131nda yeni \u00f6nlemler almaya ba\u015flad\u0131. Al\u0131nan \u00f6nlemlerin &hellip;","og_url":"http:\/\/denizcankizil.tr\/uk\/haberler\/gundem\/antalya-sahil-yasam-parkta-yeni-duzenlemeler-buyuksehir-belediyesi-harekete-gecti\/","og_site_name":"Av. Deniz Can K\u0131z\u0131l","article_published_time":"2025-06-30T07:41:41+00:00","author":"Antalya K\u00f6rfez","twitter_card":"summary_large_image","twitter_misc":{"\u041d\u0430\u043f\u0438\u0441\u0430\u043d\u043e":"Antalya K\u00f6rfez","\u041f\u0440\u0438\u0431\u043b. \u0447\u0430\u0441 \u0447\u0438\u0442\u0430\u043d\u043d\u044f":"2 \u0445\u0432\u0438\u043b\u0438\u043d\u0438"},"schema":{"@context":"https:\/\/schema.org","@graph":[{"@type":"Article","@id":"http:\/\/denizcankizil.tr\/de\/haberler\/gundem\/antalya-sahil-yasam-parkta-yeni-duzenlemeler-buyuksehir-belediyesi-harekete-gecti\/#article","isPartOf":{"@id":"http:\/\/denizcankizil.tr\/de\/haberler\/gundem\/antalya-sahil-yasam-parkta-yeni-duzenlemeler-buyuksehir-belediyesi-harekete-gecti\/"},"author":{"name":"Antalya K\u00f6rfez","@id":"https:\/\/denizcankizil.tr\/de\/#\/schema\/person\/e1eb71bb4dd684d46563f0af307e1234"},"headline":"Antalya Sahil Ya\u015fam Park\u2019ta yeni d\u00fczenlemeler! B\u00fcy\u00fck\u015fehir Belediyesi harekete ge\u00e7ti","datePublished":"2025-06-30T07:41:41+00:00","mainEntityOfPage":{"@id":"http:\/\/denizcankizil.tr\/de\/haberler\/gundem\/antalya-sahil-yasam-parkta-yeni-duzenlemeler-buyuksehir-belediyesi-harekete-gecti\/"},"wordCount":363,"publisher":{"@id":"https:\/\/denizcankizil.tr\/de\/#organization"},"articleSection":["G\u00fcndem"],"inLanguage":"uk"},{"@type":"WebPage","@id":"http:\/\/denizcankizil.tr\/de\/haberler\/gundem\/antalya-sahil-yasam-parkta-yeni-duzenlemeler-buyuksehir-belediyesi-harekete-gecti\/","url":"http:\/\/denizcankizil.tr\/de\/haberler\/gundem\/antalya-sahil-yasam-parkta-yeni-duzenlemeler-buyuksehir-belediyesi-harekete-gecti\/","name":"Antalya Sahil Ya\u015fam Park\u2019ta yeni d\u00fczenlemeler! B\u00fcy\u00fck\u015fehir Belediyesi harekete ge\u00e7ti - Av. Deniz Can K\u0131z\u0131l","isPartOf":{"@id":"https:\/\/denizcankizil.tr\/de\/#website"},"datePublished":"2025-06-30T07:41:41+00:00","breadcrumb":{"@id":"http:\/\/denizcankizil.tr\/de\/haberler\/gundem\/antalya-sahil-yasam-parkta-yeni-duzenlemeler-buyuksehir-belediyesi-harekete-gecti\/#breadcrumb"},"inLanguage":"uk","potentialAction":[{"@type":"ReadAction","target":["http:\/\/denizcankizil.tr\/de\/haberler\/gundem\/antalya-sahil-yasam-parkta-yeni-duzenlemeler-buyuksehir-belediyesi-harekete-gecti\/"]}]},{"@type":"BreadcrumbList","@id":"http:\/\/denizcankizil.tr\/de\/haberler\/gundem\/antalya-sahil-yasam-parkta-yeni-duzenlemeler-buyuksehir-belediyesi-harekete-gecti\/#breadcrumb","itemListElement":[{"@type":"ListItem","position":1,"name":"Home","item":"https:\/\/denizcankizil.tr\/de\/"},{"@type":"ListItem","position":2,"name":"Antalya Sahil Ya\u015fam Park\u2019ta yeni d\u00fczenlemeler! B\u00fcy\u00fck\u015fehir Belediyesi harekete ge\u00e7ti"}]},{"@type":"WebSite","@id":"https:\/\/denizcankizil.tr\/de\/#website","url":"https:\/\/denizcankizil.tr\/de\/","name":"Av. Deniz Can K\u0131z\u0131l","description":"Avukat Deniz Can K\u0131z\u0131l Antalya Barosu","publisher":{"@id":"https:\/\/denizcankizil.tr\/de\/#organization"},"potentialAction":[{"@type":"SearchAction","target":{"@type":"EntryPoint","urlTemplate":"https:\/\/denizcankizil.tr\/de\/?s={search_term_string}"},"query-input":{"@type":"PropertyValueSpecification","valueRequired":true,"valueName":"search_term_string"}}],"inLanguage":"uk"},{"@type":"Organization","@id":"https:\/\/denizcankizil.tr\/de\/#organization","name":"Av. Deniz Can K\u0131z\u0131l","url":"https:\/\/denizcankizil.tr\/de\/","logo":{"@type":"ImageObject","inLanguage":"uk","@id":"https:\/\/denizcankizil.tr\/de\/#\/schema\/logo\/image\/","url":"https:\/\/denizcankizil.tr\/wp-content\/uploads\/2024\/10\/siyah-logo-svg.svg","contentUrl":"https:\/\/denizcankizil.tr\/wp-content\/uploads\/2024\/10\/siyah-logo-svg.svg","width":1080,"height":1080,"caption":"Av. Deniz Can K\u0131z\u0131l"},"image":{"@id":"https:\/\/denizcankizil.tr\/de\/#\/schema\/logo\/image\/"}},{"@type":"Person","@id":"https:\/\/denizcankizil.tr\/de\/#\/schema\/person\/e1eb71bb4dd684d46563f0af307e1234","name":"Antalya K\u00f6rfez","image":{"@type":"ImageObject","inLanguage":"uk","@id":"https:\/\/denizcankizil.tr\/de\/#\/schema\/person\/image\/","url":"https:\/\/secure.gravatar.com\/avatar\/42b01982558a48a0b501fdcab6a408d3717ea5919095ee2e67b0e521799c5905?s=96&d=mm&r=g","contentUrl":"https:\/\/secure.gravatar.com\/avatar\/42b01982558a48a0b501fdcab6a408d3717ea5919095ee2e67b0e521799c5905?s=96&d=mm&r=g","caption":"Antalya K\u00f6rfez"},"sameAs":["http:\/\/www.antalyakorfez.com"],"url":"https:\/\/www.antalyakorfez.com\/antalya-sahil-yasam-parkta-yeni-duzenlemeler-buyuksehir-belediyesi-harekete-gecti"}]}},"_links":{"self":[{"href":"https:\/\/denizcankizil.tr\/uk\/wp-json\/wp\/v2\/posts\/131217","targetHints":{"allow":["GET"]}}],"collection":[{"href":"https:\/\/denizcankizil.tr\/uk\/wp-json\/wp\/v2\/posts"}],"about":[{"href":"https:\/\/denizcankizil.tr\/uk\/wp-json\/wp\/v2\/types\/post"}],"author":[{"embeddable":true,"href":"https:\/\/denizcankizil.tr\/uk\/wp-json\/wp\/v2\/users\/5"}],"replies":[{"embeddable":true,"href":"https:\/\/denizcankizil.tr\/uk\/wp-json\/wp\/v2\/comments?post=131217"}],"version-history":[{"count":0,"href":"https:\/\/denizcankizil.tr\/uk\/wp-json\/wp\/v2\/posts\/131217\/revisions"}],"wp:attachment":[{"href":"https:\/\/denizcankizil.tr\/uk\/wp-json\/wp\/v2\/media?parent=131217"}],"wp:term":[{"taxonomy":"category","embeddable":true,"href":"https:\/\/denizcankizil.tr\/uk\/wp-json\/wp\/v2\/categories?post=131217"},{"taxonomy":"post_tag","embeddable":true,"href":"https:\/\/denizcankizil.tr\/uk\/wp-json\/wp\/v2\/tags?post=131217"}],"curies":[{"name":"wp","href":"https:\/\/api.w.org\/{rel}","templated":true}]}}