{"id":131216,"date":"2025-06-30T10:41:39","date_gmt":"2025-06-30T07:41:39","guid":{"rendered":"https:\/\/denizcankizil.tr\/uncategorized-tr\/antalyada-orman-yanginlarina-karsi-cami-hoparlorunden-acil-duyuru-yapildi\/"},"modified":"2025-06-30T10:41:39","modified_gmt":"2025-06-30T07:41:39","slug":"antalyada-orman-yanginlarina-karsi-cami-hoparlorunden-acil-duyuru-yapildi","status":"publish","type":"post","link":"https:\/\/denizcankizil.tr\/uk\/haberler\/gundem\/antalyada-orman-yanginlarina-karsi-cami-hoparlorunden-acil-duyuru-yapildi\/","title":{"rendered":"Antalya\u2019da orman yang\u0131nlar\u0131na kar\u015f\u0131 cami hoparl\u00f6r\u00fcnden acil duyuru yap\u0131ld\u0131"},"content":{"rendered":"<p>Antalya Orman \u0130\u015fletme M\u00fcd\u00fcrl\u00fc\u011f\u00fc, orman yang\u0131nlar\u0131n\u0131n \u00fclkeye verdi\u011fi zarar ve an\u0131z yang\u0131nlar\u0131 konusunda, \u00e7e\u015fitli g\u00fcnlerde \u00f6zellikle orman i\u00e7i ve yak\u0131nlar\u0131ndaki yerle\u015fim yerlerindeki camilerden bilgilendirme yap\u0131lmas\u0131 y\u00f6n\u00fcnde \u0130l M\u00fcft\u00fcl\u00fc\u011f\u00fcnden yard\u0131m talebinde bulundu.<\/p>\n<p>ORMAN YANGINLARINA KAR\u015eI DUYARLI OLALIM<\/p>\n<p>Antalya\u2019da M\u00fcft\u00fcl\u00fck arac\u0131l\u0131\u011f\u0131 ile camilere g\u00f6nderilen uyar\u0131 metinleri anonslarla vatanda\u015flara duyurular yap\u0131ld\u0131. Anonslarda, \u201cOrman \u0130\u015fletme M\u00fcd\u00fcrl\u00fc\u011f\u00fcnden yasal uyar\u0131d\u0131r. Orman i\u00e7i ve biti\u015fi\u011finde piknik ate\u015fi, an\u0131z yakmak yasakt\u0131r. Bu t\u00fcr eylemlerde bulunanlar hakk\u0131nda yasal i\u015flem ba\u015flat\u0131lacakt\u0131r. Antalya Orman \u0130\u015fletme M\u00fcd\u00fcrl\u00fc\u011f\u00fcn\u00fcn yasal uyar\u0131s\u0131d\u0131r\u201d denildi. Ayr\u0131ca vatanda\u015flar\u0131n, piknik alanlar\u0131n\u0131 kulland\u0131ktan sonra yak\u0131lan ate\u015fleri mutlaka s\u00f6nd\u00fcrmeleri ve herhangi bir yang\u0131n\u0131n g\u00f6r\u00fclmesi durumunda 112 Acil \u00c7a\u011fr\u0131 Merkezini durumu bildirilmesi istendi.<\/p>\n<p>GAZ\u0130PA\u015eA\u2019DA SABAH SAATLER\u0130NDE ORMAN YANGINI BA\u015eLADI<\/p>\n<p>Gazipa\u015fa\u2019ya ba\u011fl\u0131 Beyobas\u0131 Mahallesi ve Cumhuriyet Mahallesindeki Karada\u011f mevkiinde bulunan ormanl\u0131kta, saat 06.00 s\u0131ralar\u0131nda yang\u0131n \u00e7\u0131kt\u0131. B\u00f6lgeden \u00e7\u0131kan kara dumanlar\u0131 g\u00f6ren vatanda\u015flar durumu 112 Acil \u00c7a\u011fr\u0131 Merkezi\u2019ne haber vermesi \u00fczerine b\u00f6lgeye yang\u0131n s\u00f6nd\u00fcrme ekipleri sevk edildi. Yang\u0131na Gazipa\u015fa Orman \u0130\u015fletme M\u00fcd\u00fcrl\u00fc\u011f\u00fc ekipleri ve Antalya B\u00fcy\u00fck\u015fehir Belediyesi Gazipa\u015fa \u0130tfaiye Birimi ekipleri karadan m\u00fcdahale ederken, helikopter de s\u00f6nd\u00fcrme \u00e7al\u0131\u015fmas\u0131na yard\u0131mc\u0131 oluyor.<\/p>\n<p>\u200bAntalya Orman \u0130\u015fletme M\u00fcd\u00fcrl\u00fc\u011f\u00fc, T\u00fcrkiye&#8217;nin bir\u00e7ok \u015fehrinde ba\u015flayan orman yang\u0131nlar\u0131na kar\u015f\u0131 \u00f6nlem al\u0131nmas\u0131 i\u00e7in dikkat \u00e7eken bir eyleme imza att\u0131. M\u00fcd\u00fcrl\u00fck, Antalya\u2019da ormanl\u0131k alanlar\u0131n yo\u011fun oldu\u011fu yerle\u015fim alanlar\u0131nda cami hoparl\u00f6rlerinden anons yaparak vatanda\u015flara uyar\u0131larda bulundu.\u00a0<\/p>\n<p>\u200bHaberin Al\u0131nt\u0131land\u0131\u011f\u0131 Kaynak: www.antalyakorfez.com<\/p>","protected":false},"excerpt":{"rendered":"<p>Antalya Orman \u0130\u015fletme M\u00fcd\u00fcrl\u00fc\u011f\u00fc, orman yang\u0131nlar\u0131n\u0131n \u00fclkeye verdi\u011fi zarar ve an\u0131z yang\u0131nlar\u0131 konusunda, \u00e7e\u015fitli g\u00fcnlerde \u00f6zellikle orman i\u00e7i ve yak\u0131nlar\u0131ndaki yerle\u015fim yerlerindeki camilerden bilgilendirme yap\u0131lmas\u0131 y\u00f6n\u00fcnde \u0130l M\u00fcft\u00fcl\u00fc\u011f\u00fcnden yard\u0131m talebinde bulundu. ORMAN YANGINLARINA KAR\u015eI DUYARLI OLALIM Antalya\u2019da M\u00fcft\u00fcl\u00fck arac\u0131l\u0131\u011f\u0131 ile camilere g\u00f6nderilen uyar\u0131 metinleri anonslarla vatanda\u015flara duyurular yap\u0131ld\u0131. Anonslarda, \u201cOrman \u0130\u015fletme M\u00fcd\u00fcrl\u00fc\u011f\u00fcnden yasal uyar\u0131d\u0131r. Orman i\u00e7i ve biti\u015fi\u011finde piknik ate\u015fi, an\u0131z yakmak yasakt\u0131r. Bu t\u00fcr eylemlerde bulunanlar hakk\u0131nda yasal i\u015flem ba\u015flat\u0131lacakt\u0131r. Antalya Orman \u0130\u015fletme M\u00fcd\u00fcrl\u00fc\u011f\u00fcn\u00fcn yasal uyar\u0131s\u0131d\u0131r\u201d denildi. Ayr\u0131ca vatanda\u015flar\u0131n, piknik alanlar\u0131n\u0131 kulland\u0131ktan sonra yak\u0131lan ate\u015fleri mutlaka s\u00f6nd\u00fcrmeleri ve herhangi bir yang\u0131n\u0131n g\u00f6r\u00fclmesi durumunda 112 Acil \u00c7a\u011fr\u0131 Merkezini durumu bildirilmesi istendi. GAZ\u0130PA\u015eA\u2019DA SABAH SAATLER\u0130NDE ORMAN YANGINI BA\u015eLADI Gazipa\u015fa\u2019ya ba\u011fl\u0131 Beyobas\u0131 Mahallesi ve Cumhuriyet Mahallesindeki Karada\u011f mevkiinde bulunan ormanl\u0131kta, saat 06.00 s\u0131ralar\u0131nda yang\u0131n \u00e7\u0131kt\u0131. B\u00f6lgeden \u00e7\u0131kan kara dumanlar\u0131 g\u00f6ren vatanda\u015flar durumu 112 Acil \u00c7a\u011fr\u0131 Merkezi\u2019ne haber vermesi \u00fczerine b\u00f6lgeye yang\u0131n s\u00f6nd\u00fcrme ekipleri sevk edildi. Yang\u0131na Gazipa\u015fa Orman \u0130\u015fletme M\u00fcd\u00fcrl\u00fc\u011f\u00fc ekipleri ve Antalya B\u00fcy\u00fck\u015fehir Belediyesi Gazipa\u015fa \u0130tfaiye Birimi ekipleri karadan m\u00fcdahale ederken, helikopter de s\u00f6nd\u00fcrme \u00e7al\u0131\u015fmas\u0131na yard\u0131mc\u0131 oluyor. \u200bAntalya Orman \u0130\u015fletme M\u00fcd\u00fcrl\u00fc\u011f\u00fc, T\u00fcrkiye&#8217;nin bir\u00e7ok \u015fehrinde ba\u015flayan orman yang\u0131nlar\u0131na kar\u015f\u0131 \u00f6nlem al\u0131nmas\u0131 i\u00e7in dikkat \u00e7eken bir eyleme imza att\u0131. M\u00fcd\u00fcrl\u00fck, Antalya\u2019da ormanl\u0131k alanlar\u0131n yo\u011fun oldu\u011fu yerle\u015fim alanlar\u0131nda cami hoparl\u00f6rlerinden anons yaparak vatanda\u015flara uyar\u0131larda &hellip;<\/p>","protected":false},"author":5,"featured_media":0,"comment_status":"","ping_status":"open","sticky":false,"template":"","format":"standard","meta":{"_acf_changed":false,"footnotes":""},"categories":[24],"tags":[],"class_list":["post-131216","post","type-post","status-publish","format-standard","has-post-thumbnail","hentry","category-gundem"],"acf":[],"yoast_head":"<!-- This site is optimized with the Yoast SEO Premium plugin v26.6 (Yoast SEO v27.1.1) - https:\/\/yoast.com\/product\/yoast-seo-premium-wordpress\/ -->\n<title>Antalya\u2019da orman yang\u0131nlar\u0131na kar\u015f\u0131 cami hoparl\u00f6r\u00fcnden acil duyuru yap\u0131ld\u0131 - Av. Deniz Can K\u0131z\u0131l<\/title>\n<meta name=\"robots\" content=\"index, follow, max-snippet:-1, max-image-preview:large, max-video-preview:-1\" \/>\n<link rel=\"canonical\" href=\"http:\/\/denizcankizil.tr\/uk\/haberler\/gundem\/antalyada-orman-yanginlarina-karsi-cami-hoparlorunden-acil-duyuru-yapildi\/\" \/>\n<meta property=\"og:locale\" content=\"uk_UA\" \/>\n<meta property=\"og:type\" content=\"article\" \/>\n<meta property=\"og:title\" content=\"Antalya\u2019da orman yang\u0131nlar\u0131na kar\u015f\u0131 cami hoparl\u00f6r\u00fcnden acil duyuru yap\u0131ld\u0131\" \/>\n<meta property=\"og:description\" content=\"Antalya Orman \u0130\u015fletme M\u00fcd\u00fcrl\u00fc\u011f\u00fc, orman yang\u0131nlar\u0131n\u0131n \u00fclkeye verdi\u011fi zarar ve an\u0131z yang\u0131nlar\u0131 konusunda, \u00e7e\u015fitli g\u00fcnlerde \u00f6zellikle orman i\u00e7i ve yak\u0131nlar\u0131ndaki yerle\u015fim yerlerindeki camilerden bilgilendirme yap\u0131lmas\u0131 y\u00f6n\u00fcnde \u0130l M\u00fcft\u00fcl\u00fc\u011f\u00fcnden yard\u0131m talebinde bulundu. ORMAN YANGINLARINA KAR\u015eI DUYARLI OLALIM Antalya\u2019da M\u00fcft\u00fcl\u00fck arac\u0131l\u0131\u011f\u0131 ile camilere g\u00f6nderilen uyar\u0131 metinleri anonslarla vatanda\u015flara duyurular yap\u0131ld\u0131. Anonslarda, \u201cOrman \u0130\u015fletme M\u00fcd\u00fcrl\u00fc\u011f\u00fcnden yasal uyar\u0131d\u0131r. Orman i\u00e7i ve biti\u015fi\u011finde piknik ate\u015fi, an\u0131z yakmak yasakt\u0131r. Bu t\u00fcr eylemlerde bulunanlar hakk\u0131nda yasal i\u015flem ba\u015flat\u0131lacakt\u0131r. Antalya Orman \u0130\u015fletme M\u00fcd\u00fcrl\u00fc\u011f\u00fcn\u00fcn yasal uyar\u0131s\u0131d\u0131r\u201d denildi. Ayr\u0131ca vatanda\u015flar\u0131n, piknik alanlar\u0131n\u0131 kulland\u0131ktan sonra yak\u0131lan ate\u015fleri mutlaka s\u00f6nd\u00fcrmeleri ve herhangi bir yang\u0131n\u0131n g\u00f6r\u00fclmesi durumunda 112 Acil \u00c7a\u011fr\u0131 Merkezini durumu bildirilmesi istendi. GAZ\u0130PA\u015eA\u2019DA SABAH SAATLER\u0130NDE ORMAN YANGINI BA\u015eLADI Gazipa\u015fa\u2019ya ba\u011fl\u0131 Beyobas\u0131 Mahallesi ve Cumhuriyet Mahallesindeki Karada\u011f mevkiinde bulunan ormanl\u0131kta, saat 06.00 s\u0131ralar\u0131nda yang\u0131n \u00e7\u0131kt\u0131. B\u00f6lgeden \u00e7\u0131kan kara dumanlar\u0131 g\u00f6ren vatanda\u015flar durumu 112 Acil \u00c7a\u011fr\u0131 Merkezi\u2019ne haber vermesi \u00fczerine b\u00f6lgeye yang\u0131n s\u00f6nd\u00fcrme ekipleri sevk edildi. Yang\u0131na Gazipa\u015fa Orman \u0130\u015fletme M\u00fcd\u00fcrl\u00fc\u011f\u00fc ekipleri ve Antalya B\u00fcy\u00fck\u015fehir Belediyesi Gazipa\u015fa \u0130tfaiye Birimi ekipleri karadan m\u00fcdahale ederken, helikopter de s\u00f6nd\u00fcrme \u00e7al\u0131\u015fmas\u0131na yard\u0131mc\u0131 oluyor. \u200bAntalya Orman \u0130\u015fletme M\u00fcd\u00fcrl\u00fc\u011f\u00fc, T\u00fcrkiye&#8217;nin bir\u00e7ok \u015fehrinde ba\u015flayan orman yang\u0131nlar\u0131na kar\u015f\u0131 \u00f6nlem al\u0131nmas\u0131 i\u00e7in dikkat \u00e7eken bir eyleme imza att\u0131. M\u00fcd\u00fcrl\u00fck, Antalya\u2019da ormanl\u0131k alanlar\u0131n yo\u011fun oldu\u011fu yerle\u015fim alanlar\u0131nda cami hoparl\u00f6rlerinden anons yaparak vatanda\u015flara uyar\u0131larda &hellip;\" \/>\n<meta property=\"og:url\" content=\"http:\/\/denizcankizil.tr\/uk\/haberler\/gundem\/antalyada-orman-yanginlarina-karsi-cami-hoparlorunden-acil-duyuru-yapildi\/\" \/>\n<meta property=\"og:site_name\" content=\"Av. Deniz Can K\u0131z\u0131l\" \/>\n<meta property=\"article:published_time\" content=\"2025-06-30T07:41:39+00:00\" \/>\n<meta name=\"author\" content=\"Antalya K\u00f6rfez\" \/>\n<meta name=\"twitter:card\" content=\"summary_large_image\" \/>\n<meta name=\"twitter:label1\" content=\"\u041d\u0430\u043f\u0438\u0441\u0430\u043d\u043e\" \/>\n\t<meta name=\"twitter:data1\" content=\"Antalya K\u00f6rfez\" \/>\n\t<meta name=\"twitter:label2\" content=\"\u041f\u0440\u0438\u0431\u043b. \u0447\u0430\u0441 \u0447\u0438\u0442\u0430\u043d\u043d\u044f\" \/>\n\t<meta name=\"twitter:data2\" content=\"2 \u0445\u0432\u0438\u043b\u0438\u043d\u0438\" \/>\n<script type=\"application\/ld+json\" class=\"yoast-schema-graph\">{\"@context\":\"https:\/\/schema.org\",\"@graph\":[{\"@type\":\"Article\",\"@id\":\"http:\/\/denizcankizil.tr\/de\/haberler\/gundem\/antalyada-orman-yanginlarina-karsi-cami-hoparlorunden-acil-duyuru-yapildi\/#article\",\"isPartOf\":{\"@id\":\"http:\/\/denizcankizil.tr\/de\/haberler\/gundem\/antalyada-orman-yanginlarina-karsi-cami-hoparlorunden-acil-duyuru-yapildi\/\"},\"author\":{\"name\":\"Antalya K\u00f6rfez\",\"@id\":\"https:\/\/denizcankizil.tr\/de\/#\/schema\/person\/e1eb71bb4dd684d46563f0af307e1234\"},\"headline\":\"Antalya\u2019da orman yang\u0131nlar\u0131na kar\u015f\u0131 cami hoparl\u00f6r\u00fcnden acil duyuru yap\u0131ld\u0131\",\"datePublished\":\"2025-06-30T07:41:39+00:00\",\"mainEntityOfPage\":{\"@id\":\"http:\/\/denizcankizil.tr\/de\/haberler\/gundem\/antalyada-orman-yanginlarina-karsi-cami-hoparlorunden-acil-duyuru-yapildi\/\"},\"wordCount\":347,\"publisher\":{\"@id\":\"https:\/\/denizcankizil.tr\/de\/#organization\"},\"articleSection\":[\"G\u00fcndem\"],\"inLanguage\":\"uk\"},{\"@type\":\"WebPage\",\"@id\":\"http:\/\/denizcankizil.tr\/de\/haberler\/gundem\/antalyada-orman-yanginlarina-karsi-cami-hoparlorunden-acil-duyuru-yapildi\/\",\"url\":\"http:\/\/denizcankizil.tr\/de\/haberler\/gundem\/antalyada-orman-yanginlarina-karsi-cami-hoparlorunden-acil-duyuru-yapildi\/\",\"name\":\"Antalya\u2019da orman yang\u0131nlar\u0131na kar\u015f\u0131 cami hoparl\u00f6r\u00fcnden acil duyuru yap\u0131ld\u0131 - Av. Deniz Can K\u0131z\u0131l\",\"isPartOf\":{\"@id\":\"https:\/\/denizcankizil.tr\/de\/#website\"},\"datePublished\":\"2025-06-30T07:41:39+00:00\",\"breadcrumb\":{\"@id\":\"http:\/\/denizcankizil.tr\/de\/haberler\/gundem\/antalyada-orman-yanginlarina-karsi-cami-hoparlorunden-acil-duyuru-yapildi\/#breadcrumb\"},\"inLanguage\":\"uk\",\"potentialAction\":[{\"@type\":\"ReadAction\",\"target\":[\"http:\/\/denizcankizil.tr\/de\/haberler\/gundem\/antalyada-orman-yanginlarina-karsi-cami-hoparlorunden-acil-duyuru-yapildi\/\"]}]},{\"@type\":\"BreadcrumbList\",\"@id\":\"http:\/\/denizcankizil.tr\/de\/haberler\/gundem\/antalyada-orman-yanginlarina-karsi-cami-hoparlorunden-acil-duyuru-yapildi\/#breadcrumb\",\"itemListElement\":[{\"@type\":\"ListItem\",\"position\":1,\"name\":\"Home\",\"item\":\"https:\/\/denizcankizil.tr\/de\/\"},{\"@type\":\"ListItem\",\"position\":2,\"name\":\"Antalya\u2019da orman yang\u0131nlar\u0131na kar\u015f\u0131 cami hoparl\u00f6r\u00fcnden acil duyuru yap\u0131ld\u0131\"}]},{\"@type\":\"WebSite\",\"@id\":\"https:\/\/denizcankizil.tr\/de\/#website\",\"url\":\"https:\/\/denizcankizil.tr\/de\/\",\"name\":\"Av. Deniz Can K\u0131z\u0131l\",\"description\":\"Avukat Deniz Can K\u0131z\u0131l Antalya Barosu\",\"publisher\":{\"@id\":\"https:\/\/denizcankizil.tr\/de\/#organization\"},\"potentialAction\":[{\"@type\":\"SearchAction\",\"target\":{\"@type\":\"EntryPoint\",\"urlTemplate\":\"https:\/\/denizcankizil.tr\/de\/?s={search_term_string}\"},\"query-input\":{\"@type\":\"PropertyValueSpecification\",\"valueRequired\":true,\"valueName\":\"search_term_string\"}}],\"inLanguage\":\"uk\"},{\"@type\":\"Organization\",\"@id\":\"https:\/\/denizcankizil.tr\/de\/#organization\",\"name\":\"Av. Deniz Can K\u0131z\u0131l\",\"url\":\"https:\/\/denizcankizil.tr\/de\/\",\"logo\":{\"@type\":\"ImageObject\",\"inLanguage\":\"uk\",\"@id\":\"https:\/\/denizcankizil.tr\/de\/#\/schema\/logo\/image\/\",\"url\":\"https:\/\/denizcankizil.tr\/wp-content\/uploads\/2024\/10\/siyah-logo-svg.svg\",\"contentUrl\":\"https:\/\/denizcankizil.tr\/wp-content\/uploads\/2024\/10\/siyah-logo-svg.svg\",\"width\":1080,\"height\":1080,\"caption\":\"Av. Deniz Can K\u0131z\u0131l\"},\"image\":{\"@id\":\"https:\/\/denizcankizil.tr\/de\/#\/schema\/logo\/image\/\"}},{\"@type\":\"Person\",\"@id\":\"https:\/\/denizcankizil.tr\/de\/#\/schema\/person\/e1eb71bb4dd684d46563f0af307e1234\",\"name\":\"Antalya K\u00f6rfez\",\"image\":{\"@type\":\"ImageObject\",\"inLanguage\":\"uk\",\"@id\":\"https:\/\/denizcankizil.tr\/de\/#\/schema\/person\/image\/\",\"url\":\"https:\/\/secure.gravatar.com\/avatar\/42b01982558a48a0b501fdcab6a408d3717ea5919095ee2e67b0e521799c5905?s=96&d=mm&r=g\",\"contentUrl\":\"https:\/\/secure.gravatar.com\/avatar\/42b01982558a48a0b501fdcab6a408d3717ea5919095ee2e67b0e521799c5905?s=96&d=mm&r=g\",\"caption\":\"Antalya K\u00f6rfez\"},\"sameAs\":[\"http:\/\/www.antalyakorfez.com\"],\"url\":\"https:\/\/www.antalyakorfez.com\/antalyada-orman-yanginlarina-karsi-cami-hoparlorunden-acil-duyuru-yapildi\"}]}<\/script>\n<!-- \/ Yoast SEO Premium plugin. -->","yoast_head_json":{"title":"Antalya\u2019da orman yang\u0131nlar\u0131na kar\u015f\u0131 cami hoparl\u00f6r\u00fcnden acil duyuru yap\u0131ld\u0131 - Av. Deniz Can K\u0131z\u0131l","robots":{"index":"index","follow":"follow","max-snippet":"max-snippet:-1","max-image-preview":"max-image-preview:large","max-video-preview":"max-video-preview:-1"},"canonical":"http:\/\/denizcankizil.tr\/uk\/haberler\/gundem\/antalyada-orman-yanginlarina-karsi-cami-hoparlorunden-acil-duyuru-yapildi\/","og_locale":"uk_UA","og_type":"article","og_title":"Antalya\u2019da orman yang\u0131nlar\u0131na kar\u015f\u0131 cami hoparl\u00f6r\u00fcnden acil duyuru yap\u0131ld\u0131","og_description":"Antalya Orman \u0130\u015fletme M\u00fcd\u00fcrl\u00fc\u011f\u00fc, orman yang\u0131nlar\u0131n\u0131n \u00fclkeye verdi\u011fi zarar ve an\u0131z yang\u0131nlar\u0131 konusunda, \u00e7e\u015fitli g\u00fcnlerde \u00f6zellikle orman i\u00e7i ve yak\u0131nlar\u0131ndaki yerle\u015fim yerlerindeki camilerden bilgilendirme yap\u0131lmas\u0131 y\u00f6n\u00fcnde \u0130l M\u00fcft\u00fcl\u00fc\u011f\u00fcnden yard\u0131m talebinde bulundu. ORMAN YANGINLARINA KAR\u015eI DUYARLI OLALIM Antalya\u2019da M\u00fcft\u00fcl\u00fck arac\u0131l\u0131\u011f\u0131 ile camilere g\u00f6nderilen uyar\u0131 metinleri anonslarla vatanda\u015flara duyurular yap\u0131ld\u0131. Anonslarda, \u201cOrman \u0130\u015fletme M\u00fcd\u00fcrl\u00fc\u011f\u00fcnden yasal uyar\u0131d\u0131r. Orman i\u00e7i ve biti\u015fi\u011finde piknik ate\u015fi, an\u0131z yakmak yasakt\u0131r. Bu t\u00fcr eylemlerde bulunanlar hakk\u0131nda yasal i\u015flem ba\u015flat\u0131lacakt\u0131r. Antalya Orman \u0130\u015fletme M\u00fcd\u00fcrl\u00fc\u011f\u00fcn\u00fcn yasal uyar\u0131s\u0131d\u0131r\u201d denildi. Ayr\u0131ca vatanda\u015flar\u0131n, piknik alanlar\u0131n\u0131 kulland\u0131ktan sonra yak\u0131lan ate\u015fleri mutlaka s\u00f6nd\u00fcrmeleri ve herhangi bir yang\u0131n\u0131n g\u00f6r\u00fclmesi durumunda 112 Acil \u00c7a\u011fr\u0131 Merkezini durumu bildirilmesi istendi. GAZ\u0130PA\u015eA\u2019DA SABAH SAATLER\u0130NDE ORMAN YANGINI BA\u015eLADI Gazipa\u015fa\u2019ya ba\u011fl\u0131 Beyobas\u0131 Mahallesi ve Cumhuriyet Mahallesindeki Karada\u011f mevkiinde bulunan ormanl\u0131kta, saat 06.00 s\u0131ralar\u0131nda yang\u0131n \u00e7\u0131kt\u0131. B\u00f6lgeden \u00e7\u0131kan kara dumanlar\u0131 g\u00f6ren vatanda\u015flar durumu 112 Acil \u00c7a\u011fr\u0131 Merkezi\u2019ne haber vermesi \u00fczerine b\u00f6lgeye yang\u0131n s\u00f6nd\u00fcrme ekipleri sevk edildi. Yang\u0131na Gazipa\u015fa Orman \u0130\u015fletme M\u00fcd\u00fcrl\u00fc\u011f\u00fc ekipleri ve Antalya B\u00fcy\u00fck\u015fehir Belediyesi Gazipa\u015fa \u0130tfaiye Birimi ekipleri karadan m\u00fcdahale ederken, helikopter de s\u00f6nd\u00fcrme \u00e7al\u0131\u015fmas\u0131na yard\u0131mc\u0131 oluyor. \u200bAntalya Orman \u0130\u015fletme M\u00fcd\u00fcrl\u00fc\u011f\u00fc, T\u00fcrkiye&#8217;nin bir\u00e7ok \u015fehrinde ba\u015flayan orman yang\u0131nlar\u0131na kar\u015f\u0131 \u00f6nlem al\u0131nmas\u0131 i\u00e7in dikkat \u00e7eken bir eyleme imza att\u0131. M\u00fcd\u00fcrl\u00fck, Antalya\u2019da ormanl\u0131k alanlar\u0131n yo\u011fun oldu\u011fu yerle\u015fim alanlar\u0131nda cami hoparl\u00f6rlerinden anons yaparak vatanda\u015flara uyar\u0131larda &hellip;","og_url":"http:\/\/denizcankizil.tr\/uk\/haberler\/gundem\/antalyada-orman-yanginlarina-karsi-cami-hoparlorunden-acil-duyuru-yapildi\/","og_site_name":"Av. Deniz Can K\u0131z\u0131l","article_published_time":"2025-06-30T07:41:39+00:00","author":"Antalya K\u00f6rfez","twitter_card":"summary_large_image","twitter_misc":{"\u041d\u0430\u043f\u0438\u0441\u0430\u043d\u043e":"Antalya K\u00f6rfez","\u041f\u0440\u0438\u0431\u043b. \u0447\u0430\u0441 \u0447\u0438\u0442\u0430\u043d\u043d\u044f":"2 \u0445\u0432\u0438\u043b\u0438\u043d\u0438"},"schema":{"@context":"https:\/\/schema.org","@graph":[{"@type":"Article","@id":"http:\/\/denizcankizil.tr\/de\/haberler\/gundem\/antalyada-orman-yanginlarina-karsi-cami-hoparlorunden-acil-duyuru-yapildi\/#article","isPartOf":{"@id":"http:\/\/denizcankizil.tr\/de\/haberler\/gundem\/antalyada-orman-yanginlarina-karsi-cami-hoparlorunden-acil-duyuru-yapildi\/"},"author":{"name":"Antalya K\u00f6rfez","@id":"https:\/\/denizcankizil.tr\/de\/#\/schema\/person\/e1eb71bb4dd684d46563f0af307e1234"},"headline":"Antalya\u2019da orman yang\u0131nlar\u0131na kar\u015f\u0131 cami hoparl\u00f6r\u00fcnden acil duyuru yap\u0131ld\u0131","datePublished":"2025-06-30T07:41:39+00:00","mainEntityOfPage":{"@id":"http:\/\/denizcankizil.tr\/de\/haberler\/gundem\/antalyada-orman-yanginlarina-karsi-cami-hoparlorunden-acil-duyuru-yapildi\/"},"wordCount":347,"publisher":{"@id":"https:\/\/denizcankizil.tr\/de\/#organization"},"articleSection":["G\u00fcndem"],"inLanguage":"uk"},{"@type":"WebPage","@id":"http:\/\/denizcankizil.tr\/de\/haberler\/gundem\/antalyada-orman-yanginlarina-karsi-cami-hoparlorunden-acil-duyuru-yapildi\/","url":"http:\/\/denizcankizil.tr\/de\/haberler\/gundem\/antalyada-orman-yanginlarina-karsi-cami-hoparlorunden-acil-duyuru-yapildi\/","name":"Antalya\u2019da orman yang\u0131nlar\u0131na kar\u015f\u0131 cami hoparl\u00f6r\u00fcnden acil duyuru yap\u0131ld\u0131 - Av. Deniz Can K\u0131z\u0131l","isPartOf":{"@id":"https:\/\/denizcankizil.tr\/de\/#website"},"datePublished":"2025-06-30T07:41:39+00:00","breadcrumb":{"@id":"http:\/\/denizcankizil.tr\/de\/haberler\/gundem\/antalyada-orman-yanginlarina-karsi-cami-hoparlorunden-acil-duyuru-yapildi\/#breadcrumb"},"inLanguage":"uk","potentialAction":[{"@type":"ReadAction","target":["http:\/\/denizcankizil.tr\/de\/haberler\/gundem\/antalyada-orman-yanginlarina-karsi-cami-hoparlorunden-acil-duyuru-yapildi\/"]}]},{"@type":"BreadcrumbList","@id":"http:\/\/denizcankizil.tr\/de\/haberler\/gundem\/antalyada-orman-yanginlarina-karsi-cami-hoparlorunden-acil-duyuru-yapildi\/#breadcrumb","itemListElement":[{"@type":"ListItem","position":1,"name":"Home","item":"https:\/\/denizcankizil.tr\/de\/"},{"@type":"ListItem","position":2,"name":"Antalya\u2019da orman yang\u0131nlar\u0131na kar\u015f\u0131 cami hoparl\u00f6r\u00fcnden acil duyuru yap\u0131ld\u0131"}]},{"@type":"WebSite","@id":"https:\/\/denizcankizil.tr\/de\/#website","url":"https:\/\/denizcankizil.tr\/de\/","name":"Av. Deniz Can K\u0131z\u0131l","description":"Avukat Deniz Can K\u0131z\u0131l Antalya Barosu","publisher":{"@id":"https:\/\/denizcankizil.tr\/de\/#organization"},"potentialAction":[{"@type":"SearchAction","target":{"@type":"EntryPoint","urlTemplate":"https:\/\/denizcankizil.tr\/de\/?s={search_term_string}"},"query-input":{"@type":"PropertyValueSpecification","valueRequired":true,"valueName":"search_term_string"}}],"inLanguage":"uk"},{"@type":"Organization","@id":"https:\/\/denizcankizil.tr\/de\/#organization","name":"Av. Deniz Can K\u0131z\u0131l","url":"https:\/\/denizcankizil.tr\/de\/","logo":{"@type":"ImageObject","inLanguage":"uk","@id":"https:\/\/denizcankizil.tr\/de\/#\/schema\/logo\/image\/","url":"https:\/\/denizcankizil.tr\/wp-content\/uploads\/2024\/10\/siyah-logo-svg.svg","contentUrl":"https:\/\/denizcankizil.tr\/wp-content\/uploads\/2024\/10\/siyah-logo-svg.svg","width":1080,"height":1080,"caption":"Av. Deniz Can K\u0131z\u0131l"},"image":{"@id":"https:\/\/denizcankizil.tr\/de\/#\/schema\/logo\/image\/"}},{"@type":"Person","@id":"https:\/\/denizcankizil.tr\/de\/#\/schema\/person\/e1eb71bb4dd684d46563f0af307e1234","name":"Antalya K\u00f6rfez","image":{"@type":"ImageObject","inLanguage":"uk","@id":"https:\/\/denizcankizil.tr\/de\/#\/schema\/person\/image\/","url":"https:\/\/secure.gravatar.com\/avatar\/42b01982558a48a0b501fdcab6a408d3717ea5919095ee2e67b0e521799c5905?s=96&d=mm&r=g","contentUrl":"https:\/\/secure.gravatar.com\/avatar\/42b01982558a48a0b501fdcab6a408d3717ea5919095ee2e67b0e521799c5905?s=96&d=mm&r=g","caption":"Antalya K\u00f6rfez"},"sameAs":["http:\/\/www.antalyakorfez.com"],"url":"https:\/\/www.antalyakorfez.com\/antalyada-orman-yanginlarina-karsi-cami-hoparlorunden-acil-duyuru-yapildi"}]}},"_links":{"self":[{"href":"https:\/\/denizcankizil.tr\/uk\/wp-json\/wp\/v2\/posts\/131216","targetHints":{"allow":["GET"]}}],"collection":[{"href":"https:\/\/denizcankizil.tr\/uk\/wp-json\/wp\/v2\/posts"}],"about":[{"href":"https:\/\/denizcankizil.tr\/uk\/wp-json\/wp\/v2\/types\/post"}],"author":[{"embeddable":true,"href":"https:\/\/denizcankizil.tr\/uk\/wp-json\/wp\/v2\/users\/5"}],"replies":[{"embeddable":true,"href":"https:\/\/denizcankizil.tr\/uk\/wp-json\/wp\/v2\/comments?post=131216"}],"version-history":[{"count":0,"href":"https:\/\/denizcankizil.tr\/uk\/wp-json\/wp\/v2\/posts\/131216\/revisions"}],"wp:attachment":[{"href":"https:\/\/denizcankizil.tr\/uk\/wp-json\/wp\/v2\/media?parent=131216"}],"wp:term":[{"taxonomy":"category","embeddable":true,"href":"https:\/\/denizcankizil.tr\/uk\/wp-json\/wp\/v2\/categories?post=131216"},{"taxonomy":"post_tag","embeddable":true,"href":"https:\/\/denizcankizil.tr\/uk\/wp-json\/wp\/v2\/tags?post=131216"}],"curies":[{"name":"wp","href":"https:\/\/api.w.org\/{rel}","templated":true}]}}