{"id":130692,"date":"2025-06-29T22:41:16","date_gmt":"2025-06-29T19:41:16","guid":{"rendered":"https:\/\/denizcankizil.tr\/uncategorized-tr\/turkiyede-yangin-alarmi-2-gunde-113-yangin-ucaklar-yetersiz-kaldi\/"},"modified":"2025-06-29T22:41:16","modified_gmt":"2025-06-29T19:41:16","slug":"turkiyede-yangin-alarmi-2-gunde-113-yangin-ucaklar-yetersiz-kaldi","status":"publish","type":"post","link":"https:\/\/denizcankizil.tr\/uk\/haberler\/gundem\/turkiyede-yangin-alarmi-2-gunde-113-yangin-ucaklar-yetersiz-kaldi\/","title":{"rendered":"T\u00fcrkiye\u2019de yang\u0131n alarm\u0131: 2 g\u00fcnde 113 yang\u0131n! U\u00e7aklar yetersiz kald\u0131"},"content":{"rendered":"<p>T\u00fcrkiye, son iki g\u00fcnde adeta yang\u0131nlarla m\u00fccadele ediyor. Tar\u0131m ve Orman Bakan\u0131&#8217;n\u0131n a\u00e7\u0131klamas\u0131na g\u00f6re, sadece 48 saat i\u00e7inde \u00fclke genelinde tam 113 orman yang\u0131n\u0131 \u00e7\u0131kt\u0131. Bursa, Bilecik, Mu\u011fla, Ayd\u0131n, \u00c7anakkale ve Antalya ba\u015fta olmak \u00fczere bir\u00e7ok ilde yang\u0131nlara m\u00fcdahale \u00e7al\u0131\u015fmalar\u0131 aral\u0131ks\u0131z s\u00fcr\u00fcyor.<\/p>\n<p>SADECE 4 U\u00c7AK ALINDI<\/p>\n<p>Ancak yang\u0131nlara m\u00fcdahalede kullan\u0131lan hava filosunun kapasitesi yeniden tart\u0131\u015fma konusu oldu. T\u00fcrkiye, ge\u00e7ti\u011fimiz y\u0131l sadece 4 adet yang\u0131n s\u00f6nd\u00fcrme u\u00e7a\u011f\u0131 sat\u0131n ald\u0131. Bu u\u00e7aklar\u0131n 2 milyon dolarl\u0131k k\u00fc\u00e7\u00fck ve s\u0131n\u0131rl\u0131 kapasiteli modeller oldu\u011fu belirtiliyor. Ayn\u0131 d\u00f6nemde, T\u00fcrkiye gibi y\u00fcksek yang\u0131n riski ta\u015f\u0131yan Akdeniz \u00fclkeleri olan Yunanistan, \u0130talya, Fransa, Portekiz ve \u0130spanya, 30 milyon dolarl\u0131k y\u00fcksek kapasiteli u\u00e7aklar kullan\u0131rken, Yunanistan\u2019\u0131n 45 milyon dolarl\u0131k yeni nesil yang\u0131n s\u00f6nd\u00fcrme u\u00e7aklar\u0131 sipari\u015f etmesi dikkat \u00e7ekti.<\/p>\n<p>SATI\u015eA \u00c7IKARILAN U\u00c7AKLARA TAL\u0130P \u00c7IKMADI<\/p>\n<p>T\u00fcrk Hava Kurumu\u2019na ait, ge\u00e7mi\u015fte yang\u0131n s\u00f6nd\u00fcrme g\u00f6revlerinde kullan\u0131lan ve uzun s\u00fcredir at\u0131l durumda olan 8 u\u00e7ak ise ge\u00e7ti\u011fimiz ay sat\u0131\u015fa \u00e7\u0131kar\u0131ld\u0131. Toplam 37.6 milyon dolar muhammen bedelle ihaleye \u00e7\u0131kar\u0131lan u\u00e7aklara hi\u00e7bir teklif verilmedi. B\u00f6ylece bu u\u00e7aklar hangarlarda \u00e7\u00fcr\u00fcmeye terk edilmi\u015f durumda.<\/p>\n<p>20 YILDA 110 B\u0130N HEKTAR ORMAN K\u00dcL OLDU<\/p>\n<p>Global Forest Watch verilerine g\u00f6re, 2001 y\u0131l\u0131ndan bu yana T\u00fcrkiye\u2019de 110 bin hektardan fazla ormanl\u0131k alan k\u00fcl oldu. En \u00e7ok yang\u0131n\u0131n ya\u015fand\u0131\u011f\u0131 iller aras\u0131nda Mu\u011fla, Antalya ve \u0130zmir ba\u015f\u0131 \u00e7ekiyor. Uzmanlar, her y\u0131l artan yang\u0131n tehdidi kar\u015f\u0131s\u0131nda al\u0131nan \u00f6nlemlerin ve hava filosunun yetersiz kald\u0131\u011f\u0131n\u0131 vurguluyor.<\/p>\n<p>YANGIN U\u00c7AKLARI G\u00dcNDEM OLDU<\/p>\n<p>Y\u0131lda ortalama binin \u00fczerinde yang\u0131n\u0131n \u00e7\u0131kt\u0131\u011f\u0131 bir \u00fclkede, sadece 4 yeni u\u00e7a\u011f\u0131n al\u0131nmas\u0131 yetersizlik ve haz\u0131rl\u0131ks\u0131zl\u0131k ele\u015ftirilerine neden oldu. Yang\u0131nlarla m\u00fccadelede daha g\u00fc\u00e7l\u00fc, modern ve etkili ara\u00e7lar\u0131n gereklili\u011fi her ge\u00e7en g\u00fcn daha da netle\u015fiyor.<\/p>\n<p>\u200bTar\u0131m ve Orman Bakanl\u0131\u011f\u0131&#8217;n\u0131n a\u00e7\u0131klamas\u0131na g\u00f6re, sadece 2 g\u00fcnde \u00fclke genelinde tam 113 orman yang\u0131n\u0131 \u00e7\u0131kt\u0131. Bursa, Bilecik, Mu\u011fla, Ayd\u0131n, \u00c7anakkale ve Antalya ba\u015fta olmak \u00fczere yang\u0131n s\u00f6nd\u00fcrme \u00e7al\u0131\u015fmalar\u0131 s\u00fcr\u00fcyor ancak yang\u0131n s\u00f6nd\u00fcrme u\u00e7aklar\u0131n\u0131n yetersiz kalmas\u0131 tekrar g\u00fcndem oldu. \u0130\u015fte ayr\u0131nt\u0131lar\u2026\u00a0<\/p>\n<p>\u200bHaberin Al\u0131nt\u0131land\u0131\u011f\u0131 Kaynak: www.antalyakorfez.com<\/p>","protected":false},"excerpt":{"rendered":"<p>T\u00fcrkiye, son iki g\u00fcnde adeta yang\u0131nlarla m\u00fccadele ediyor. Tar\u0131m ve Orman Bakan\u0131&#8217;n\u0131n a\u00e7\u0131klamas\u0131na g\u00f6re, sadece 48 saat i\u00e7inde \u00fclke genelinde tam 113 orman yang\u0131n\u0131 \u00e7\u0131kt\u0131. Bursa, Bilecik, Mu\u011fla, Ayd\u0131n, \u00c7anakkale ve Antalya ba\u015fta olmak \u00fczere bir\u00e7ok ilde yang\u0131nlara m\u00fcdahale \u00e7al\u0131\u015fmalar\u0131 aral\u0131ks\u0131z s\u00fcr\u00fcyor. SADECE 4 U\u00c7AK ALINDI Ancak yang\u0131nlara m\u00fcdahalede kullan\u0131lan hava filosunun kapasitesi yeniden tart\u0131\u015fma konusu oldu. T\u00fcrkiye, ge\u00e7ti\u011fimiz y\u0131l sadece 4 adet yang\u0131n s\u00f6nd\u00fcrme u\u00e7a\u011f\u0131 sat\u0131n ald\u0131. Bu u\u00e7aklar\u0131n 2 milyon dolarl\u0131k k\u00fc\u00e7\u00fck ve s\u0131n\u0131rl\u0131 kapasiteli modeller oldu\u011fu belirtiliyor. Ayn\u0131 d\u00f6nemde, T\u00fcrkiye gibi y\u00fcksek yang\u0131n riski ta\u015f\u0131yan Akdeniz \u00fclkeleri olan Yunanistan, \u0130talya, Fransa, Portekiz ve \u0130spanya, 30 milyon dolarl\u0131k y\u00fcksek kapasiteli u\u00e7aklar kullan\u0131rken, Yunanistan\u2019\u0131n 45 milyon dolarl\u0131k yeni nesil yang\u0131n s\u00f6nd\u00fcrme u\u00e7aklar\u0131 sipari\u015f etmesi dikkat \u00e7ekti. SATI\u015eA \u00c7IKARILAN U\u00c7AKLARA TAL\u0130P \u00c7IKMADI T\u00fcrk Hava Kurumu\u2019na ait, ge\u00e7mi\u015fte yang\u0131n s\u00f6nd\u00fcrme g\u00f6revlerinde kullan\u0131lan ve uzun s\u00fcredir at\u0131l durumda olan 8 u\u00e7ak ise ge\u00e7ti\u011fimiz ay sat\u0131\u015fa \u00e7\u0131kar\u0131ld\u0131. Toplam 37.6 milyon dolar muhammen bedelle ihaleye \u00e7\u0131kar\u0131lan u\u00e7aklara hi\u00e7bir teklif verilmedi. B\u00f6ylece bu u\u00e7aklar hangarlarda \u00e7\u00fcr\u00fcmeye terk edilmi\u015f durumda. 20 YILDA 110 B\u0130N HEKTAR ORMAN K\u00dcL OLDU Global Forest Watch verilerine g\u00f6re, 2001 y\u0131l\u0131ndan bu yana T\u00fcrkiye\u2019de 110 bin hektardan fazla ormanl\u0131k alan k\u00fcl oldu. En \u00e7ok yang\u0131n\u0131n ya\u015fand\u0131\u011f\u0131 iller aras\u0131nda Mu\u011fla, Antalya ve \u0130zmir &hellip;<\/p>","protected":false},"author":5,"featured_media":0,"comment_status":"","ping_status":"open","sticky":false,"template":"","format":"standard","meta":{"_acf_changed":false,"footnotes":""},"categories":[24],"tags":[],"class_list":["post-130692","post","type-post","status-publish","format-standard","has-post-thumbnail","hentry","category-gundem"],"acf":[],"yoast_head":"<!-- This site is optimized with the Yoast SEO Premium plugin v26.6 (Yoast SEO v27.1.1) - https:\/\/yoast.com\/product\/yoast-seo-premium-wordpress\/ -->\n<title>T\u00fcrkiye\u2019de yang\u0131n alarm\u0131: 2 g\u00fcnde 113 yang\u0131n! U\u00e7aklar yetersiz kald\u0131 - Av. Deniz Can K\u0131z\u0131l<\/title>\n<meta name=\"robots\" content=\"index, follow, max-snippet:-1, max-image-preview:large, max-video-preview:-1\" \/>\n<link rel=\"canonical\" href=\"https:\/\/denizcankizil.tr\/uk\/haberler\/gundem\/turkiyede-yangin-alarmi-2-gunde-113-yangin-ucaklar-yetersiz-kaldi\/\" \/>\n<meta property=\"og:locale\" content=\"uk_UA\" \/>\n<meta property=\"og:type\" content=\"article\" \/>\n<meta property=\"og:title\" content=\"T\u00fcrkiye\u2019de yang\u0131n alarm\u0131: 2 g\u00fcnde 113 yang\u0131n! U\u00e7aklar yetersiz kald\u0131\" \/>\n<meta property=\"og:description\" content=\"T\u00fcrkiye, son iki g\u00fcnde adeta yang\u0131nlarla m\u00fccadele ediyor. Tar\u0131m ve Orman Bakan\u0131&#8217;n\u0131n a\u00e7\u0131klamas\u0131na g\u00f6re, sadece 48 saat i\u00e7inde \u00fclke genelinde tam 113 orman yang\u0131n\u0131 \u00e7\u0131kt\u0131. Bursa, Bilecik, Mu\u011fla, Ayd\u0131n, \u00c7anakkale ve Antalya ba\u015fta olmak \u00fczere bir\u00e7ok ilde yang\u0131nlara m\u00fcdahale \u00e7al\u0131\u015fmalar\u0131 aral\u0131ks\u0131z s\u00fcr\u00fcyor. SADECE 4 U\u00c7AK ALINDI Ancak yang\u0131nlara m\u00fcdahalede kullan\u0131lan hava filosunun kapasitesi yeniden tart\u0131\u015fma konusu oldu. T\u00fcrkiye, ge\u00e7ti\u011fimiz y\u0131l sadece 4 adet yang\u0131n s\u00f6nd\u00fcrme u\u00e7a\u011f\u0131 sat\u0131n ald\u0131. Bu u\u00e7aklar\u0131n 2 milyon dolarl\u0131k k\u00fc\u00e7\u00fck ve s\u0131n\u0131rl\u0131 kapasiteli modeller oldu\u011fu belirtiliyor. Ayn\u0131 d\u00f6nemde, T\u00fcrkiye gibi y\u00fcksek yang\u0131n riski ta\u015f\u0131yan Akdeniz \u00fclkeleri olan Yunanistan, \u0130talya, Fransa, Portekiz ve \u0130spanya, 30 milyon dolarl\u0131k y\u00fcksek kapasiteli u\u00e7aklar kullan\u0131rken, Yunanistan\u2019\u0131n 45 milyon dolarl\u0131k yeni nesil yang\u0131n s\u00f6nd\u00fcrme u\u00e7aklar\u0131 sipari\u015f etmesi dikkat \u00e7ekti. SATI\u015eA \u00c7IKARILAN U\u00c7AKLARA TAL\u0130P \u00c7IKMADI T\u00fcrk Hava Kurumu\u2019na ait, ge\u00e7mi\u015fte yang\u0131n s\u00f6nd\u00fcrme g\u00f6revlerinde kullan\u0131lan ve uzun s\u00fcredir at\u0131l durumda olan 8 u\u00e7ak ise ge\u00e7ti\u011fimiz ay sat\u0131\u015fa \u00e7\u0131kar\u0131ld\u0131. Toplam 37.6 milyon dolar muhammen bedelle ihaleye \u00e7\u0131kar\u0131lan u\u00e7aklara hi\u00e7bir teklif verilmedi. B\u00f6ylece bu u\u00e7aklar hangarlarda \u00e7\u00fcr\u00fcmeye terk edilmi\u015f durumda. 20 YILDA 110 B\u0130N HEKTAR ORMAN K\u00dcL OLDU Global Forest Watch verilerine g\u00f6re, 2001 y\u0131l\u0131ndan bu yana T\u00fcrkiye\u2019de 110 bin hektardan fazla ormanl\u0131k alan k\u00fcl oldu. En \u00e7ok yang\u0131n\u0131n ya\u015fand\u0131\u011f\u0131 iller aras\u0131nda Mu\u011fla, Antalya ve \u0130zmir &hellip;\" \/>\n<meta property=\"og:url\" content=\"https:\/\/denizcankizil.tr\/uk\/haberler\/gundem\/turkiyede-yangin-alarmi-2-gunde-113-yangin-ucaklar-yetersiz-kaldi\/\" \/>\n<meta property=\"og:site_name\" content=\"Av. Deniz Can K\u0131z\u0131l\" \/>\n<meta property=\"article:published_time\" content=\"2025-06-29T19:41:16+00:00\" \/>\n<meta name=\"author\" content=\"Antalya K\u00f6rfez\" \/>\n<meta name=\"twitter:card\" content=\"summary_large_image\" \/>\n<meta name=\"twitter:label1\" content=\"\u041d\u0430\u043f\u0438\u0441\u0430\u043d\u043e\" \/>\n\t<meta name=\"twitter:data1\" content=\"Antalya K\u00f6rfez\" \/>\n\t<meta name=\"twitter:label2\" content=\"\u041f\u0440\u0438\u0431\u043b. \u0447\u0430\u0441 \u0447\u0438\u0442\u0430\u043d\u043d\u044f\" \/>\n\t<meta name=\"twitter:data2\" content=\"2 \u0445\u0432\u0438\u043b\u0438\u043d\u0438\" \/>\n<script type=\"application\/ld+json\" class=\"yoast-schema-graph\">{\"@context\":\"https:\/\/schema.org\",\"@graph\":[{\"@type\":\"Article\",\"@id\":\"https:\/\/denizcankizil.tr\/uk\/haberler\/gundem\/turkiyede-yangin-alarmi-2-gunde-113-yangin-ucaklar-yetersiz-kaldi\/#article\",\"isPartOf\":{\"@id\":\"https:\/\/denizcankizil.tr\/uk\/haberler\/gundem\/turkiyede-yangin-alarmi-2-gunde-113-yangin-ucaklar-yetersiz-kaldi\/\"},\"author\":{\"name\":\"Antalya K\u00f6rfez\",\"@id\":\"https:\/\/denizcankizil.tr\/#\/schema\/person\/e1eb71bb4dd684d46563f0af307e1234\"},\"headline\":\"T\u00fcrkiye\u2019de yang\u0131n alarm\u0131: 2 g\u00fcnde 113 yang\u0131n! U\u00e7aklar yetersiz kald\u0131\",\"datePublished\":\"2025-06-29T19:41:16+00:00\",\"mainEntityOfPage\":{\"@id\":\"https:\/\/denizcankizil.tr\/uk\/haberler\/gundem\/turkiyede-yangin-alarmi-2-gunde-113-yangin-ucaklar-yetersiz-kaldi\/\"},\"wordCount\":454,\"publisher\":{\"@id\":\"https:\/\/denizcankizil.tr\/#organization\"},\"articleSection\":[\"G\u00fcndem\"],\"inLanguage\":\"uk\"},{\"@type\":\"WebPage\",\"@id\":\"https:\/\/denizcankizil.tr\/uk\/haberler\/gundem\/turkiyede-yangin-alarmi-2-gunde-113-yangin-ucaklar-yetersiz-kaldi\/\",\"url\":\"https:\/\/denizcankizil.tr\/uk\/haberler\/gundem\/turkiyede-yangin-alarmi-2-gunde-113-yangin-ucaklar-yetersiz-kaldi\/\",\"name\":\"T\u00fcrkiye\u2019de yang\u0131n alarm\u0131: 2 g\u00fcnde 113 yang\u0131n! U\u00e7aklar yetersiz kald\u0131 - Av. Deniz Can K\u0131z\u0131l\",\"isPartOf\":{\"@id\":\"https:\/\/denizcankizil.tr\/#website\"},\"datePublished\":\"2025-06-29T19:41:16+00:00\",\"breadcrumb\":{\"@id\":\"https:\/\/denizcankizil.tr\/uk\/haberler\/gundem\/turkiyede-yangin-alarmi-2-gunde-113-yangin-ucaklar-yetersiz-kaldi\/#breadcrumb\"},\"inLanguage\":\"uk\",\"potentialAction\":[{\"@type\":\"ReadAction\",\"target\":[\"https:\/\/denizcankizil.tr\/uk\/haberler\/gundem\/turkiyede-yangin-alarmi-2-gunde-113-yangin-ucaklar-yetersiz-kaldi\/\"]}]},{\"@type\":\"BreadcrumbList\",\"@id\":\"https:\/\/denizcankizil.tr\/uk\/haberler\/gundem\/turkiyede-yangin-alarmi-2-gunde-113-yangin-ucaklar-yetersiz-kaldi\/#breadcrumb\",\"itemListElement\":[{\"@type\":\"ListItem\",\"position\":1,\"name\":\"Home\",\"item\":\"https:\/\/denizcankizil.tr\/de\/\"},{\"@type\":\"ListItem\",\"position\":2,\"name\":\"T\u00fcrkiye\u2019de yang\u0131n alarm\u0131: 2 g\u00fcnde 113 yang\u0131n! U\u00e7aklar yetersiz kald\u0131\"}]},{\"@type\":\"WebSite\",\"@id\":\"https:\/\/denizcankizil.tr\/#website\",\"url\":\"https:\/\/denizcankizil.tr\/\",\"name\":\"Av. Deniz Can K\u0131z\u0131l\",\"description\":\"Avukat Deniz Can K\u0131z\u0131l Antalya Barosu\",\"publisher\":{\"@id\":\"https:\/\/denizcankizil.tr\/#organization\"},\"potentialAction\":[{\"@type\":\"SearchAction\",\"target\":{\"@type\":\"EntryPoint\",\"urlTemplate\":\"https:\/\/denizcankizil.tr\/?s={search_term_string}\"},\"query-input\":{\"@type\":\"PropertyValueSpecification\",\"valueRequired\":true,\"valueName\":\"search_term_string\"}}],\"inLanguage\":\"uk\"},{\"@type\":\"Organization\",\"@id\":\"https:\/\/denizcankizil.tr\/#organization\",\"name\":\"Av. Deniz Can K\u0131z\u0131l\",\"url\":\"https:\/\/denizcankizil.tr\/\",\"logo\":{\"@type\":\"ImageObject\",\"inLanguage\":\"uk\",\"@id\":\"https:\/\/denizcankizil.tr\/#\/schema\/logo\/image\/\",\"url\":\"https:\/\/denizcankizil.tr\/wp-content\/uploads\/2024\/10\/siyah-logo-svg.svg\",\"contentUrl\":\"https:\/\/denizcankizil.tr\/wp-content\/uploads\/2024\/10\/siyah-logo-svg.svg\",\"width\":1080,\"height\":1080,\"caption\":\"Av. Deniz Can K\u0131z\u0131l\"},\"image\":{\"@id\":\"https:\/\/denizcankizil.tr\/#\/schema\/logo\/image\/\"}},{\"@type\":\"Person\",\"@id\":\"https:\/\/denizcankizil.tr\/#\/schema\/person\/e1eb71bb4dd684d46563f0af307e1234\",\"name\":\"Antalya K\u00f6rfez\",\"image\":{\"@type\":\"ImageObject\",\"inLanguage\":\"uk\",\"@id\":\"https:\/\/denizcankizil.tr\/#\/schema\/person\/image\/\",\"url\":\"https:\/\/secure.gravatar.com\/avatar\/42b01982558a48a0b501fdcab6a408d3717ea5919095ee2e67b0e521799c5905?s=96&d=mm&r=g\",\"contentUrl\":\"https:\/\/secure.gravatar.com\/avatar\/42b01982558a48a0b501fdcab6a408d3717ea5919095ee2e67b0e521799c5905?s=96&d=mm&r=g\",\"caption\":\"Antalya K\u00f6rfez\"},\"sameAs\":[\"http:\/\/www.antalyakorfez.com\"],\"url\":\"https:\/\/www.antalyakorfez.com\/turkiyede-yangin-alarmi-2-gunde-113-yangin-ucaklar-yetersiz-kaldi\"}]}<\/script>\n<!-- \/ Yoast SEO Premium plugin. -->","yoast_head_json":{"title":"T\u00fcrkiye\u2019de yang\u0131n alarm\u0131: 2 g\u00fcnde 113 yang\u0131n! U\u00e7aklar yetersiz kald\u0131 - Av. Deniz Can K\u0131z\u0131l","robots":{"index":"index","follow":"follow","max-snippet":"max-snippet:-1","max-image-preview":"max-image-preview:large","max-video-preview":"max-video-preview:-1"},"canonical":"https:\/\/denizcankizil.tr\/uk\/haberler\/gundem\/turkiyede-yangin-alarmi-2-gunde-113-yangin-ucaklar-yetersiz-kaldi\/","og_locale":"uk_UA","og_type":"article","og_title":"T\u00fcrkiye\u2019de yang\u0131n alarm\u0131: 2 g\u00fcnde 113 yang\u0131n! U\u00e7aklar yetersiz kald\u0131","og_description":"T\u00fcrkiye, son iki g\u00fcnde adeta yang\u0131nlarla m\u00fccadele ediyor. Tar\u0131m ve Orman Bakan\u0131&#8217;n\u0131n a\u00e7\u0131klamas\u0131na g\u00f6re, sadece 48 saat i\u00e7inde \u00fclke genelinde tam 113 orman yang\u0131n\u0131 \u00e7\u0131kt\u0131. Bursa, Bilecik, Mu\u011fla, Ayd\u0131n, \u00c7anakkale ve Antalya ba\u015fta olmak \u00fczere bir\u00e7ok ilde yang\u0131nlara m\u00fcdahale \u00e7al\u0131\u015fmalar\u0131 aral\u0131ks\u0131z s\u00fcr\u00fcyor. SADECE 4 U\u00c7AK ALINDI Ancak yang\u0131nlara m\u00fcdahalede kullan\u0131lan hava filosunun kapasitesi yeniden tart\u0131\u015fma konusu oldu. T\u00fcrkiye, ge\u00e7ti\u011fimiz y\u0131l sadece 4 adet yang\u0131n s\u00f6nd\u00fcrme u\u00e7a\u011f\u0131 sat\u0131n ald\u0131. Bu u\u00e7aklar\u0131n 2 milyon dolarl\u0131k k\u00fc\u00e7\u00fck ve s\u0131n\u0131rl\u0131 kapasiteli modeller oldu\u011fu belirtiliyor. Ayn\u0131 d\u00f6nemde, T\u00fcrkiye gibi y\u00fcksek yang\u0131n riski ta\u015f\u0131yan Akdeniz \u00fclkeleri olan Yunanistan, \u0130talya, Fransa, Portekiz ve \u0130spanya, 30 milyon dolarl\u0131k y\u00fcksek kapasiteli u\u00e7aklar kullan\u0131rken, Yunanistan\u2019\u0131n 45 milyon dolarl\u0131k yeni nesil yang\u0131n s\u00f6nd\u00fcrme u\u00e7aklar\u0131 sipari\u015f etmesi dikkat \u00e7ekti. SATI\u015eA \u00c7IKARILAN U\u00c7AKLARA TAL\u0130P \u00c7IKMADI T\u00fcrk Hava Kurumu\u2019na ait, ge\u00e7mi\u015fte yang\u0131n s\u00f6nd\u00fcrme g\u00f6revlerinde kullan\u0131lan ve uzun s\u00fcredir at\u0131l durumda olan 8 u\u00e7ak ise ge\u00e7ti\u011fimiz ay sat\u0131\u015fa \u00e7\u0131kar\u0131ld\u0131. Toplam 37.6 milyon dolar muhammen bedelle ihaleye \u00e7\u0131kar\u0131lan u\u00e7aklara hi\u00e7bir teklif verilmedi. B\u00f6ylece bu u\u00e7aklar hangarlarda \u00e7\u00fcr\u00fcmeye terk edilmi\u015f durumda. 20 YILDA 110 B\u0130N HEKTAR ORMAN K\u00dcL OLDU Global Forest Watch verilerine g\u00f6re, 2001 y\u0131l\u0131ndan bu yana T\u00fcrkiye\u2019de 110 bin hektardan fazla ormanl\u0131k alan k\u00fcl oldu. En \u00e7ok yang\u0131n\u0131n ya\u015fand\u0131\u011f\u0131 iller aras\u0131nda Mu\u011fla, Antalya ve \u0130zmir &hellip;","og_url":"https:\/\/denizcankizil.tr\/uk\/haberler\/gundem\/turkiyede-yangin-alarmi-2-gunde-113-yangin-ucaklar-yetersiz-kaldi\/","og_site_name":"Av. Deniz Can K\u0131z\u0131l","article_published_time":"2025-06-29T19:41:16+00:00","author":"Antalya K\u00f6rfez","twitter_card":"summary_large_image","twitter_misc":{"\u041d\u0430\u043f\u0438\u0441\u0430\u043d\u043e":"Antalya K\u00f6rfez","\u041f\u0440\u0438\u0431\u043b. \u0447\u0430\u0441 \u0447\u0438\u0442\u0430\u043d\u043d\u044f":"2 \u0445\u0432\u0438\u043b\u0438\u043d\u0438"},"schema":{"@context":"https:\/\/schema.org","@graph":[{"@type":"Article","@id":"https:\/\/denizcankizil.tr\/uk\/haberler\/gundem\/turkiyede-yangin-alarmi-2-gunde-113-yangin-ucaklar-yetersiz-kaldi\/#article","isPartOf":{"@id":"https:\/\/denizcankizil.tr\/uk\/haberler\/gundem\/turkiyede-yangin-alarmi-2-gunde-113-yangin-ucaklar-yetersiz-kaldi\/"},"author":{"name":"Antalya K\u00f6rfez","@id":"https:\/\/denizcankizil.tr\/#\/schema\/person\/e1eb71bb4dd684d46563f0af307e1234"},"headline":"T\u00fcrkiye\u2019de yang\u0131n alarm\u0131: 2 g\u00fcnde 113 yang\u0131n! U\u00e7aklar yetersiz kald\u0131","datePublished":"2025-06-29T19:41:16+00:00","mainEntityOfPage":{"@id":"https:\/\/denizcankizil.tr\/uk\/haberler\/gundem\/turkiyede-yangin-alarmi-2-gunde-113-yangin-ucaklar-yetersiz-kaldi\/"},"wordCount":454,"publisher":{"@id":"https:\/\/denizcankizil.tr\/#organization"},"articleSection":["G\u00fcndem"],"inLanguage":"uk"},{"@type":"WebPage","@id":"https:\/\/denizcankizil.tr\/uk\/haberler\/gundem\/turkiyede-yangin-alarmi-2-gunde-113-yangin-ucaklar-yetersiz-kaldi\/","url":"https:\/\/denizcankizil.tr\/uk\/haberler\/gundem\/turkiyede-yangin-alarmi-2-gunde-113-yangin-ucaklar-yetersiz-kaldi\/","name":"T\u00fcrkiye\u2019de yang\u0131n alarm\u0131: 2 g\u00fcnde 113 yang\u0131n! U\u00e7aklar yetersiz kald\u0131 - Av. Deniz Can K\u0131z\u0131l","isPartOf":{"@id":"https:\/\/denizcankizil.tr\/#website"},"datePublished":"2025-06-29T19:41:16+00:00","breadcrumb":{"@id":"https:\/\/denizcankizil.tr\/uk\/haberler\/gundem\/turkiyede-yangin-alarmi-2-gunde-113-yangin-ucaklar-yetersiz-kaldi\/#breadcrumb"},"inLanguage":"uk","potentialAction":[{"@type":"ReadAction","target":["https:\/\/denizcankizil.tr\/uk\/haberler\/gundem\/turkiyede-yangin-alarmi-2-gunde-113-yangin-ucaklar-yetersiz-kaldi\/"]}]},{"@type":"BreadcrumbList","@id":"https:\/\/denizcankizil.tr\/uk\/haberler\/gundem\/turkiyede-yangin-alarmi-2-gunde-113-yangin-ucaklar-yetersiz-kaldi\/#breadcrumb","itemListElement":[{"@type":"ListItem","position":1,"name":"Home","item":"https:\/\/denizcankizil.tr\/de\/"},{"@type":"ListItem","position":2,"name":"T\u00fcrkiye\u2019de yang\u0131n alarm\u0131: 2 g\u00fcnde 113 yang\u0131n! U\u00e7aklar yetersiz kald\u0131"}]},{"@type":"WebSite","@id":"https:\/\/denizcankizil.tr\/#website","url":"https:\/\/denizcankizil.tr\/","name":"Av. Deniz Can K\u0131z\u0131l","description":"Avukat Deniz Can K\u0131z\u0131l Antalya Barosu","publisher":{"@id":"https:\/\/denizcankizil.tr\/#organization"},"potentialAction":[{"@type":"SearchAction","target":{"@type":"EntryPoint","urlTemplate":"https:\/\/denizcankizil.tr\/?s={search_term_string}"},"query-input":{"@type":"PropertyValueSpecification","valueRequired":true,"valueName":"search_term_string"}}],"inLanguage":"uk"},{"@type":"Organization","@id":"https:\/\/denizcankizil.tr\/#organization","name":"Av. Deniz Can K\u0131z\u0131l","url":"https:\/\/denizcankizil.tr\/","logo":{"@type":"ImageObject","inLanguage":"uk","@id":"https:\/\/denizcankizil.tr\/#\/schema\/logo\/image\/","url":"https:\/\/denizcankizil.tr\/wp-content\/uploads\/2024\/10\/siyah-logo-svg.svg","contentUrl":"https:\/\/denizcankizil.tr\/wp-content\/uploads\/2024\/10\/siyah-logo-svg.svg","width":1080,"height":1080,"caption":"Av. Deniz Can K\u0131z\u0131l"},"image":{"@id":"https:\/\/denizcankizil.tr\/#\/schema\/logo\/image\/"}},{"@type":"Person","@id":"https:\/\/denizcankizil.tr\/#\/schema\/person\/e1eb71bb4dd684d46563f0af307e1234","name":"Antalya K\u00f6rfez","image":{"@type":"ImageObject","inLanguage":"uk","@id":"https:\/\/denizcankizil.tr\/#\/schema\/person\/image\/","url":"https:\/\/secure.gravatar.com\/avatar\/42b01982558a48a0b501fdcab6a408d3717ea5919095ee2e67b0e521799c5905?s=96&d=mm&r=g","contentUrl":"https:\/\/secure.gravatar.com\/avatar\/42b01982558a48a0b501fdcab6a408d3717ea5919095ee2e67b0e521799c5905?s=96&d=mm&r=g","caption":"Antalya K\u00f6rfez"},"sameAs":["http:\/\/www.antalyakorfez.com"],"url":"https:\/\/www.antalyakorfez.com\/turkiyede-yangin-alarmi-2-gunde-113-yangin-ucaklar-yetersiz-kaldi"}]}},"_links":{"self":[{"href":"https:\/\/denizcankizil.tr\/uk\/wp-json\/wp\/v2\/posts\/130692","targetHints":{"allow":["GET"]}}],"collection":[{"href":"https:\/\/denizcankizil.tr\/uk\/wp-json\/wp\/v2\/posts"}],"about":[{"href":"https:\/\/denizcankizil.tr\/uk\/wp-json\/wp\/v2\/types\/post"}],"author":[{"embeddable":true,"href":"https:\/\/denizcankizil.tr\/uk\/wp-json\/wp\/v2\/users\/5"}],"replies":[{"embeddable":true,"href":"https:\/\/denizcankizil.tr\/uk\/wp-json\/wp\/v2\/comments?post=130692"}],"version-history":[{"count":0,"href":"https:\/\/denizcankizil.tr\/uk\/wp-json\/wp\/v2\/posts\/130692\/revisions"}],"wp:attachment":[{"href":"https:\/\/denizcankizil.tr\/uk\/wp-json\/wp\/v2\/media?parent=130692"}],"wp:term":[{"taxonomy":"category","embeddable":true,"href":"https:\/\/denizcankizil.tr\/uk\/wp-json\/wp\/v2\/categories?post=130692"},{"taxonomy":"post_tag","embeddable":true,"href":"https:\/\/denizcankizil.tr\/uk\/wp-json\/wp\/v2\/tags?post=130692"}],"curies":[{"name":"wp","href":"https:\/\/api.w.org\/{rel}","templated":true}]}}