{"id":130177,"date":"2025-06-29T10:41:27","date_gmt":"2025-06-29T07:41:27","guid":{"rendered":"https:\/\/denizcankizil.tr\/uncategorized-tr\/antalyada-siyasetin-gundemi-sivrisinek-iste-ak-partinin-sivrisinek-kombini\/"},"modified":"2025-06-29T10:41:27","modified_gmt":"2025-06-29T07:41:27","slug":"antalyada-siyasetin-gundemi-sivrisinek-iste-ak-partinin-sivrisinek-kombini","status":"publish","type":"post","link":"https:\/\/denizcankizil.tr\/uk\/haberler\/gundem\/antalyada-siyasetin-gundemi-sivrisinek-iste-ak-partinin-sivrisinek-kombini\/","title":{"rendered":"Antalya\u2019da siyasetin g\u00fcndemi sivrisinek: \u0130\u015fte AK Parti\u2019nin sivrisinek kombini!"},"content":{"rendered":"<p>Turizm kenti Antalya\u2019da yaz aylar\u0131n\u0131n gelmesi ile birlikte sivrisinek \u015fikayetleri artmaya ba\u015flad\u0131. Her yaz d\u00f6neminde siyasi polemiklere konu olan sivrisinekler bir kez daha siyasetinde g\u00fcndeminde yer ald\u0131. AK Parti Antalya Milletvekili \u0130brahim Ethem Ta\u015f, halk\u0131n \u00e7ekti\u011fi \u00e7ileye dikkatleri \u00e7ekmek i\u00e7in mizah i\u00e7eren bir ele\u015ftiriye imza att\u0131.<\/p>\n<p>HEDEFTE B\u00dcY\u00dcK\u015eEH\u0130R VAR<\/p>\n<p>Turizm kenti Antalya\u2019da s\u0131cak havalar\u0131n etkisini art\u0131rmas\u0131yla birlikte sivrisinek sorunu da giderek b\u00fcy\u00fcyor. \u00d6zellikle ak\u015fam saatlerinde vatanda\u015flar\u0131n a\u00e7\u0131k alanlarda oturmas\u0131n\u0131 neredeyse imk\u00e2ns\u0131z hale getiren yo\u011fun sivrisinek \u015fik\u00e2yetleri, sosyal medyada g\u00fcndemden d\u00fc\u015fmedi. Her yaz sezonunda oldu\u011fu gibi bu y\u0131l da kentte sivrisineklerle ilgili tart\u0131\u015fmalar\u0131n hedefinde Antalya B\u00fcy\u00fck\u015fehir Belediyesi yer ald\u0131.<\/p>\n<p>SOSYAL MEDYADA G\u00dcNDEM OLDU<\/p>\n<p>AK Parti Antalya Milletvekili \u0130brahim Ethem Ta\u015f, sosyal medyada dikkat \u00e7eken ve esprili bir dille yapt\u0131\u011f\u0131 payla\u015f\u0131m\u0131yla bu soruna dikkat \u00e7ekti. Ta\u015f, payla\u015f\u0131m\u0131nda sivrisineklerden korunman\u0131n neredeyse imk\u00e2ns\u0131z hale geldi\u011fini vurgulayarak, \u201cAntalya\u2019da bu yaz\u0131n kombini: Ar\u0131c\u0131l\u0131k giysisi\u201d ifadesini kulland\u0131. Bir ar\u0131c\u0131l\u0131k k\u0131yafeti foto\u011fraf\u0131yla birlikte yap\u0131lan payla\u015f\u0131m k\u0131sa s\u00fcrede sosyal medyada geni\u015f yank\u0131 buldu.<\/p>\n<p>MALUM CHP Z\u0130HN\u0130YET\u0130<\/p>\n<p>Antalya K\u00f6rfez Gazetesi muhabiri Ertu\u011frul G\u00fcn&#8217;\u00fcn haberine g\u00f6re; payla\u015f\u0131m i\u00e7in Cam Piramit Fuar ve Kongre Merkezi\u2019nde bulunan g\u00f6leti se\u00e7en Ta\u015f, \u201cAntalyal\u0131 hem\u015firelerimizin sivrisinekten korunmak i\u00e7in haz\u0131rlam\u0131\u015f oldu\u011fu 2025 yaz kombinini g\u00f6r\u00fcyoruz. Bir adet ar\u0131c\u0131 elbisesi, bir adet sinek kovucu, bir adet de sineklik. Malum CHP zihniyeti\u201d dedi.<\/p>\n<p>\u200bAntalya\u2019da her yaz d\u00f6neminde siyasi polemiklere konu olan sivrisinekler, bir kez daha siyasetinde g\u00fcndeminde yer ald\u0131. AK Parti Antalya Milletvekili \u0130brahim Ethem Ta\u015f, kentin \u00f6nde gelen park\u0131na giderek mizah i\u00e7eren bir ele\u015ftiriye imza att\u0131. Ta\u015f, sineklerden korunmak i\u00e7in yeni bir kombinin tan\u0131t\u0131m\u0131n\u0131 yapt\u0131.\u00a0<\/p>\n<p>\u200bHaberin Al\u0131nt\u0131land\u0131\u011f\u0131 Kaynak: www.antalyakorfez.com<\/p>","protected":false},"excerpt":{"rendered":"<p>Turizm kenti Antalya\u2019da yaz aylar\u0131n\u0131n gelmesi ile birlikte sivrisinek \u015fikayetleri artmaya ba\u015flad\u0131. Her yaz d\u00f6neminde siyasi polemiklere konu olan sivrisinekler bir kez daha siyasetinde g\u00fcndeminde yer ald\u0131. AK Parti Antalya Milletvekili \u0130brahim Ethem Ta\u015f, halk\u0131n \u00e7ekti\u011fi \u00e7ileye dikkatleri \u00e7ekmek i\u00e7in mizah i\u00e7eren bir ele\u015ftiriye imza att\u0131. HEDEFTE B\u00dcY\u00dcK\u015eEH\u0130R VAR Turizm kenti Antalya\u2019da s\u0131cak havalar\u0131n etkisini art\u0131rmas\u0131yla birlikte sivrisinek sorunu da giderek b\u00fcy\u00fcyor. \u00d6zellikle ak\u015fam saatlerinde vatanda\u015flar\u0131n a\u00e7\u0131k alanlarda oturmas\u0131n\u0131 neredeyse imk\u00e2ns\u0131z hale getiren yo\u011fun sivrisinek \u015fik\u00e2yetleri, sosyal medyada g\u00fcndemden d\u00fc\u015fmedi. Her yaz sezonunda oldu\u011fu gibi bu y\u0131l da kentte sivrisineklerle ilgili tart\u0131\u015fmalar\u0131n hedefinde Antalya B\u00fcy\u00fck\u015fehir Belediyesi yer ald\u0131. SOSYAL MEDYADA G\u00dcNDEM OLDU AK Parti Antalya Milletvekili \u0130brahim Ethem Ta\u015f, sosyal medyada dikkat \u00e7eken ve esprili bir dille yapt\u0131\u011f\u0131 payla\u015f\u0131m\u0131yla bu soruna dikkat \u00e7ekti. Ta\u015f, payla\u015f\u0131m\u0131nda sivrisineklerden korunman\u0131n neredeyse imk\u00e2ns\u0131z hale geldi\u011fini vurgulayarak, \u201cAntalya\u2019da bu yaz\u0131n kombini: Ar\u0131c\u0131l\u0131k giysisi\u201d ifadesini kulland\u0131. Bir ar\u0131c\u0131l\u0131k k\u0131yafeti foto\u011fraf\u0131yla birlikte yap\u0131lan payla\u015f\u0131m k\u0131sa s\u00fcrede sosyal medyada geni\u015f yank\u0131 buldu. MALUM CHP Z\u0130HN\u0130YET\u0130 Antalya K\u00f6rfez Gazetesi muhabiri Ertu\u011frul G\u00fcn&#8217;\u00fcn haberine g\u00f6re; payla\u015f\u0131m i\u00e7in Cam Piramit Fuar ve Kongre Merkezi\u2019nde bulunan g\u00f6leti se\u00e7en Ta\u015f, \u201cAntalyal\u0131 hem\u015firelerimizin sivrisinekten korunmak i\u00e7in haz\u0131rlam\u0131\u015f oldu\u011fu 2025 yaz kombinini g\u00f6r\u00fcyoruz. Bir adet ar\u0131c\u0131 elbisesi, bir adet sinek kovucu, bir adet de sineklik. &hellip;<\/p>","protected":false},"author":5,"featured_media":0,"comment_status":"","ping_status":"open","sticky":false,"template":"","format":"standard","meta":{"_acf_changed":false,"footnotes":""},"categories":[24],"tags":[],"class_list":["post-130177","post","type-post","status-publish","format-standard","has-post-thumbnail","hentry","category-gundem"],"acf":[],"yoast_head":"<!-- This site is optimized with the Yoast SEO Premium plugin v26.6 (Yoast SEO v27.1.1) - https:\/\/yoast.com\/product\/yoast-seo-premium-wordpress\/ -->\n<title>Antalya\u2019da siyasetin g\u00fcndemi sivrisinek: \u0130\u015fte AK Parti\u2019nin sivrisinek kombini! - Av. Deniz Can K\u0131z\u0131l<\/title>\n<meta name=\"robots\" content=\"index, follow, max-snippet:-1, max-image-preview:large, max-video-preview:-1\" \/>\n<link rel=\"canonical\" href=\"https:\/\/denizcankizil.tr\/uk\/haberler\/gundem\/antalyada-siyasetin-gundemi-sivrisinek-iste-ak-partinin-sivrisinek-kombini\/\" \/>\n<meta property=\"og:locale\" content=\"uk_UA\" \/>\n<meta property=\"og:type\" content=\"article\" \/>\n<meta property=\"og:title\" content=\"Antalya\u2019da siyasetin g\u00fcndemi sivrisinek: \u0130\u015fte AK Parti\u2019nin sivrisinek kombini!\" \/>\n<meta property=\"og:description\" content=\"Turizm kenti Antalya\u2019da yaz aylar\u0131n\u0131n gelmesi ile birlikte sivrisinek \u015fikayetleri artmaya ba\u015flad\u0131. Her yaz d\u00f6neminde siyasi polemiklere konu olan sivrisinekler bir kez daha siyasetinde g\u00fcndeminde yer ald\u0131. AK Parti Antalya Milletvekili \u0130brahim Ethem Ta\u015f, halk\u0131n \u00e7ekti\u011fi \u00e7ileye dikkatleri \u00e7ekmek i\u00e7in mizah i\u00e7eren bir ele\u015ftiriye imza att\u0131. HEDEFTE B\u00dcY\u00dcK\u015eEH\u0130R VAR Turizm kenti Antalya\u2019da s\u0131cak havalar\u0131n etkisini art\u0131rmas\u0131yla birlikte sivrisinek sorunu da giderek b\u00fcy\u00fcyor. \u00d6zellikle ak\u015fam saatlerinde vatanda\u015flar\u0131n a\u00e7\u0131k alanlarda oturmas\u0131n\u0131 neredeyse imk\u00e2ns\u0131z hale getiren yo\u011fun sivrisinek \u015fik\u00e2yetleri, sosyal medyada g\u00fcndemden d\u00fc\u015fmedi. Her yaz sezonunda oldu\u011fu gibi bu y\u0131l da kentte sivrisineklerle ilgili tart\u0131\u015fmalar\u0131n hedefinde Antalya B\u00fcy\u00fck\u015fehir Belediyesi yer ald\u0131. SOSYAL MEDYADA G\u00dcNDEM OLDU AK Parti Antalya Milletvekili \u0130brahim Ethem Ta\u015f, sosyal medyada dikkat \u00e7eken ve esprili bir dille yapt\u0131\u011f\u0131 payla\u015f\u0131m\u0131yla bu soruna dikkat \u00e7ekti. Ta\u015f, payla\u015f\u0131m\u0131nda sivrisineklerden korunman\u0131n neredeyse imk\u00e2ns\u0131z hale geldi\u011fini vurgulayarak, \u201cAntalya\u2019da bu yaz\u0131n kombini: Ar\u0131c\u0131l\u0131k giysisi\u201d ifadesini kulland\u0131. Bir ar\u0131c\u0131l\u0131k k\u0131yafeti foto\u011fraf\u0131yla birlikte yap\u0131lan payla\u015f\u0131m k\u0131sa s\u00fcrede sosyal medyada geni\u015f yank\u0131 buldu. MALUM CHP Z\u0130HN\u0130YET\u0130 Antalya K\u00f6rfez Gazetesi muhabiri Ertu\u011frul G\u00fcn&#8217;\u00fcn haberine g\u00f6re; payla\u015f\u0131m i\u00e7in Cam Piramit Fuar ve Kongre Merkezi\u2019nde bulunan g\u00f6leti se\u00e7en Ta\u015f, \u201cAntalyal\u0131 hem\u015firelerimizin sivrisinekten korunmak i\u00e7in haz\u0131rlam\u0131\u015f oldu\u011fu 2025 yaz kombinini g\u00f6r\u00fcyoruz. Bir adet ar\u0131c\u0131 elbisesi, bir adet sinek kovucu, bir adet de sineklik. &hellip;\" \/>\n<meta property=\"og:url\" content=\"https:\/\/denizcankizil.tr\/uk\/haberler\/gundem\/antalyada-siyasetin-gundemi-sivrisinek-iste-ak-partinin-sivrisinek-kombini\/\" \/>\n<meta property=\"og:site_name\" content=\"Av. Deniz Can K\u0131z\u0131l\" \/>\n<meta property=\"article:published_time\" content=\"2025-06-29T07:41:27+00:00\" \/>\n<meta name=\"author\" content=\"Antalya K\u00f6rfez\" \/>\n<meta name=\"twitter:card\" content=\"summary_large_image\" \/>\n<meta name=\"twitter:label1\" content=\"\u041d\u0430\u043f\u0438\u0441\u0430\u043d\u043e\" \/>\n\t<meta name=\"twitter:data1\" content=\"Antalya K\u00f6rfez\" \/>\n\t<meta name=\"twitter:label2\" content=\"\u041f\u0440\u0438\u0431\u043b. \u0447\u0430\u0441 \u0447\u0438\u0442\u0430\u043d\u043d\u044f\" \/>\n\t<meta name=\"twitter:data2\" content=\"2 \u0445\u0432\u0438\u043b\u0438\u043d\u0438\" \/>\n<script type=\"application\/ld+json\" class=\"yoast-schema-graph\">{\"@context\":\"https:\/\/schema.org\",\"@graph\":[{\"@type\":\"Article\",\"@id\":\"https:\/\/denizcankizil.tr\/uk\/haberler\/gundem\/antalyada-siyasetin-gundemi-sivrisinek-iste-ak-partinin-sivrisinek-kombini\/#article\",\"isPartOf\":{\"@id\":\"https:\/\/denizcankizil.tr\/uk\/haberler\/gundem\/antalyada-siyasetin-gundemi-sivrisinek-iste-ak-partinin-sivrisinek-kombini\/\"},\"author\":{\"name\":\"Antalya K\u00f6rfez\",\"@id\":\"https:\/\/denizcankizil.tr\/#\/schema\/person\/e1eb71bb4dd684d46563f0af307e1234\"},\"headline\":\"Antalya\u2019da siyasetin g\u00fcndemi sivrisinek: \u0130\u015fte AK Parti\u2019nin sivrisinek kombini!\",\"datePublished\":\"2025-06-29T07:41:27+00:00\",\"mainEntityOfPage\":{\"@id\":\"https:\/\/denizcankizil.tr\/uk\/haberler\/gundem\/antalyada-siyasetin-gundemi-sivrisinek-iste-ak-partinin-sivrisinek-kombini\/\"},\"wordCount\":359,\"publisher\":{\"@id\":\"https:\/\/denizcankizil.tr\/#organization\"},\"articleSection\":[\"G\u00fcndem\"],\"inLanguage\":\"uk\"},{\"@type\":\"WebPage\",\"@id\":\"https:\/\/denizcankizil.tr\/uk\/haberler\/gundem\/antalyada-siyasetin-gundemi-sivrisinek-iste-ak-partinin-sivrisinek-kombini\/\",\"url\":\"https:\/\/denizcankizil.tr\/uk\/haberler\/gundem\/antalyada-siyasetin-gundemi-sivrisinek-iste-ak-partinin-sivrisinek-kombini\/\",\"name\":\"Antalya\u2019da siyasetin g\u00fcndemi sivrisinek: \u0130\u015fte AK Parti\u2019nin sivrisinek kombini! - Av. Deniz Can K\u0131z\u0131l\",\"isPartOf\":{\"@id\":\"https:\/\/denizcankizil.tr\/#website\"},\"datePublished\":\"2025-06-29T07:41:27+00:00\",\"breadcrumb\":{\"@id\":\"https:\/\/denizcankizil.tr\/uk\/haberler\/gundem\/antalyada-siyasetin-gundemi-sivrisinek-iste-ak-partinin-sivrisinek-kombini\/#breadcrumb\"},\"inLanguage\":\"uk\",\"potentialAction\":[{\"@type\":\"ReadAction\",\"target\":[\"https:\/\/denizcankizil.tr\/uk\/haberler\/gundem\/antalyada-siyasetin-gundemi-sivrisinek-iste-ak-partinin-sivrisinek-kombini\/\"]}]},{\"@type\":\"BreadcrumbList\",\"@id\":\"https:\/\/denizcankizil.tr\/uk\/haberler\/gundem\/antalyada-siyasetin-gundemi-sivrisinek-iste-ak-partinin-sivrisinek-kombini\/#breadcrumb\",\"itemListElement\":[{\"@type\":\"ListItem\",\"position\":1,\"name\":\"Home\",\"item\":\"https:\/\/denizcankizil.tr\/de\/\"},{\"@type\":\"ListItem\",\"position\":2,\"name\":\"Antalya\u2019da siyasetin g\u00fcndemi sivrisinek: \u0130\u015fte AK Parti\u2019nin sivrisinek kombini!\"}]},{\"@type\":\"WebSite\",\"@id\":\"https:\/\/denizcankizil.tr\/#website\",\"url\":\"https:\/\/denizcankizil.tr\/\",\"name\":\"Av. Deniz Can K\u0131z\u0131l\",\"description\":\"Avukat Deniz Can K\u0131z\u0131l Antalya Barosu\",\"publisher\":{\"@id\":\"https:\/\/denizcankizil.tr\/#organization\"},\"potentialAction\":[{\"@type\":\"SearchAction\",\"target\":{\"@type\":\"EntryPoint\",\"urlTemplate\":\"https:\/\/denizcankizil.tr\/?s={search_term_string}\"},\"query-input\":{\"@type\":\"PropertyValueSpecification\",\"valueRequired\":true,\"valueName\":\"search_term_string\"}}],\"inLanguage\":\"uk\"},{\"@type\":\"Organization\",\"@id\":\"https:\/\/denizcankizil.tr\/#organization\",\"name\":\"Av. Deniz Can K\u0131z\u0131l\",\"url\":\"https:\/\/denizcankizil.tr\/\",\"logo\":{\"@type\":\"ImageObject\",\"inLanguage\":\"uk\",\"@id\":\"https:\/\/denizcankizil.tr\/#\/schema\/logo\/image\/\",\"url\":\"https:\/\/denizcankizil.tr\/wp-content\/uploads\/2024\/10\/siyah-logo-svg.svg\",\"contentUrl\":\"https:\/\/denizcankizil.tr\/wp-content\/uploads\/2024\/10\/siyah-logo-svg.svg\",\"width\":1080,\"height\":1080,\"caption\":\"Av. Deniz Can K\u0131z\u0131l\"},\"image\":{\"@id\":\"https:\/\/denizcankizil.tr\/#\/schema\/logo\/image\/\"}},{\"@type\":\"Person\",\"@id\":\"https:\/\/denizcankizil.tr\/#\/schema\/person\/e1eb71bb4dd684d46563f0af307e1234\",\"name\":\"Antalya K\u00f6rfez\",\"image\":{\"@type\":\"ImageObject\",\"inLanguage\":\"uk\",\"@id\":\"https:\/\/denizcankizil.tr\/#\/schema\/person\/image\/\",\"url\":\"https:\/\/secure.gravatar.com\/avatar\/42b01982558a48a0b501fdcab6a408d3717ea5919095ee2e67b0e521799c5905?s=96&d=mm&r=g\",\"contentUrl\":\"https:\/\/secure.gravatar.com\/avatar\/42b01982558a48a0b501fdcab6a408d3717ea5919095ee2e67b0e521799c5905?s=96&d=mm&r=g\",\"caption\":\"Antalya K\u00f6rfez\"},\"sameAs\":[\"http:\/\/www.antalyakorfez.com\"],\"url\":\"https:\/\/www.antalyakorfez.com\/antalyada-siyasetin-gundemi-sivrisinek-iste-ak-partinin-sivrisinek-kombini\"}]}<\/script>\n<!-- \/ Yoast SEO Premium plugin. -->","yoast_head_json":{"title":"Antalya\u2019da siyasetin g\u00fcndemi sivrisinek: \u0130\u015fte AK Parti\u2019nin sivrisinek kombini! - Av. Deniz Can K\u0131z\u0131l","robots":{"index":"index","follow":"follow","max-snippet":"max-snippet:-1","max-image-preview":"max-image-preview:large","max-video-preview":"max-video-preview:-1"},"canonical":"https:\/\/denizcankizil.tr\/uk\/haberler\/gundem\/antalyada-siyasetin-gundemi-sivrisinek-iste-ak-partinin-sivrisinek-kombini\/","og_locale":"uk_UA","og_type":"article","og_title":"Antalya\u2019da siyasetin g\u00fcndemi sivrisinek: \u0130\u015fte AK Parti\u2019nin sivrisinek kombini!","og_description":"Turizm kenti Antalya\u2019da yaz aylar\u0131n\u0131n gelmesi ile birlikte sivrisinek \u015fikayetleri artmaya ba\u015flad\u0131. Her yaz d\u00f6neminde siyasi polemiklere konu olan sivrisinekler bir kez daha siyasetinde g\u00fcndeminde yer ald\u0131. AK Parti Antalya Milletvekili \u0130brahim Ethem Ta\u015f, halk\u0131n \u00e7ekti\u011fi \u00e7ileye dikkatleri \u00e7ekmek i\u00e7in mizah i\u00e7eren bir ele\u015ftiriye imza att\u0131. HEDEFTE B\u00dcY\u00dcK\u015eEH\u0130R VAR Turizm kenti Antalya\u2019da s\u0131cak havalar\u0131n etkisini art\u0131rmas\u0131yla birlikte sivrisinek sorunu da giderek b\u00fcy\u00fcyor. \u00d6zellikle ak\u015fam saatlerinde vatanda\u015flar\u0131n a\u00e7\u0131k alanlarda oturmas\u0131n\u0131 neredeyse imk\u00e2ns\u0131z hale getiren yo\u011fun sivrisinek \u015fik\u00e2yetleri, sosyal medyada g\u00fcndemden d\u00fc\u015fmedi. Her yaz sezonunda oldu\u011fu gibi bu y\u0131l da kentte sivrisineklerle ilgili tart\u0131\u015fmalar\u0131n hedefinde Antalya B\u00fcy\u00fck\u015fehir Belediyesi yer ald\u0131. SOSYAL MEDYADA G\u00dcNDEM OLDU AK Parti Antalya Milletvekili \u0130brahim Ethem Ta\u015f, sosyal medyada dikkat \u00e7eken ve esprili bir dille yapt\u0131\u011f\u0131 payla\u015f\u0131m\u0131yla bu soruna dikkat \u00e7ekti. Ta\u015f, payla\u015f\u0131m\u0131nda sivrisineklerden korunman\u0131n neredeyse imk\u00e2ns\u0131z hale geldi\u011fini vurgulayarak, \u201cAntalya\u2019da bu yaz\u0131n kombini: Ar\u0131c\u0131l\u0131k giysisi\u201d ifadesini kulland\u0131. Bir ar\u0131c\u0131l\u0131k k\u0131yafeti foto\u011fraf\u0131yla birlikte yap\u0131lan payla\u015f\u0131m k\u0131sa s\u00fcrede sosyal medyada geni\u015f yank\u0131 buldu. MALUM CHP Z\u0130HN\u0130YET\u0130 Antalya K\u00f6rfez Gazetesi muhabiri Ertu\u011frul G\u00fcn&#8217;\u00fcn haberine g\u00f6re; payla\u015f\u0131m i\u00e7in Cam Piramit Fuar ve Kongre Merkezi\u2019nde bulunan g\u00f6leti se\u00e7en Ta\u015f, \u201cAntalyal\u0131 hem\u015firelerimizin sivrisinekten korunmak i\u00e7in haz\u0131rlam\u0131\u015f oldu\u011fu 2025 yaz kombinini g\u00f6r\u00fcyoruz. Bir adet ar\u0131c\u0131 elbisesi, bir adet sinek kovucu, bir adet de sineklik. &hellip;","og_url":"https:\/\/denizcankizil.tr\/uk\/haberler\/gundem\/antalyada-siyasetin-gundemi-sivrisinek-iste-ak-partinin-sivrisinek-kombini\/","og_site_name":"Av. Deniz Can K\u0131z\u0131l","article_published_time":"2025-06-29T07:41:27+00:00","author":"Antalya K\u00f6rfez","twitter_card":"summary_large_image","twitter_misc":{"\u041d\u0430\u043f\u0438\u0441\u0430\u043d\u043e":"Antalya K\u00f6rfez","\u041f\u0440\u0438\u0431\u043b. \u0447\u0430\u0441 \u0447\u0438\u0442\u0430\u043d\u043d\u044f":"2 \u0445\u0432\u0438\u043b\u0438\u043d\u0438"},"schema":{"@context":"https:\/\/schema.org","@graph":[{"@type":"Article","@id":"https:\/\/denizcankizil.tr\/uk\/haberler\/gundem\/antalyada-siyasetin-gundemi-sivrisinek-iste-ak-partinin-sivrisinek-kombini\/#article","isPartOf":{"@id":"https:\/\/denizcankizil.tr\/uk\/haberler\/gundem\/antalyada-siyasetin-gundemi-sivrisinek-iste-ak-partinin-sivrisinek-kombini\/"},"author":{"name":"Antalya K\u00f6rfez","@id":"https:\/\/denizcankizil.tr\/#\/schema\/person\/e1eb71bb4dd684d46563f0af307e1234"},"headline":"Antalya\u2019da siyasetin g\u00fcndemi sivrisinek: \u0130\u015fte AK Parti\u2019nin sivrisinek kombini!","datePublished":"2025-06-29T07:41:27+00:00","mainEntityOfPage":{"@id":"https:\/\/denizcankizil.tr\/uk\/haberler\/gundem\/antalyada-siyasetin-gundemi-sivrisinek-iste-ak-partinin-sivrisinek-kombini\/"},"wordCount":359,"publisher":{"@id":"https:\/\/denizcankizil.tr\/#organization"},"articleSection":["G\u00fcndem"],"inLanguage":"uk"},{"@type":"WebPage","@id":"https:\/\/denizcankizil.tr\/uk\/haberler\/gundem\/antalyada-siyasetin-gundemi-sivrisinek-iste-ak-partinin-sivrisinek-kombini\/","url":"https:\/\/denizcankizil.tr\/uk\/haberler\/gundem\/antalyada-siyasetin-gundemi-sivrisinek-iste-ak-partinin-sivrisinek-kombini\/","name":"Antalya\u2019da siyasetin g\u00fcndemi sivrisinek: \u0130\u015fte AK Parti\u2019nin sivrisinek kombini! - Av. Deniz Can K\u0131z\u0131l","isPartOf":{"@id":"https:\/\/denizcankizil.tr\/#website"},"datePublished":"2025-06-29T07:41:27+00:00","breadcrumb":{"@id":"https:\/\/denizcankizil.tr\/uk\/haberler\/gundem\/antalyada-siyasetin-gundemi-sivrisinek-iste-ak-partinin-sivrisinek-kombini\/#breadcrumb"},"inLanguage":"uk","potentialAction":[{"@type":"ReadAction","target":["https:\/\/denizcankizil.tr\/uk\/haberler\/gundem\/antalyada-siyasetin-gundemi-sivrisinek-iste-ak-partinin-sivrisinek-kombini\/"]}]},{"@type":"BreadcrumbList","@id":"https:\/\/denizcankizil.tr\/uk\/haberler\/gundem\/antalyada-siyasetin-gundemi-sivrisinek-iste-ak-partinin-sivrisinek-kombini\/#breadcrumb","itemListElement":[{"@type":"ListItem","position":1,"name":"Home","item":"https:\/\/denizcankizil.tr\/de\/"},{"@type":"ListItem","position":2,"name":"Antalya\u2019da siyasetin g\u00fcndemi sivrisinek: \u0130\u015fte AK Parti\u2019nin sivrisinek kombini!"}]},{"@type":"WebSite","@id":"https:\/\/denizcankizil.tr\/#website","url":"https:\/\/denizcankizil.tr\/","name":"Av. Deniz Can K\u0131z\u0131l","description":"Avukat Deniz Can K\u0131z\u0131l Antalya Barosu","publisher":{"@id":"https:\/\/denizcankizil.tr\/#organization"},"potentialAction":[{"@type":"SearchAction","target":{"@type":"EntryPoint","urlTemplate":"https:\/\/denizcankizil.tr\/?s={search_term_string}"},"query-input":{"@type":"PropertyValueSpecification","valueRequired":true,"valueName":"search_term_string"}}],"inLanguage":"uk"},{"@type":"Organization","@id":"https:\/\/denizcankizil.tr\/#organization","name":"Av. Deniz Can K\u0131z\u0131l","url":"https:\/\/denizcankizil.tr\/","logo":{"@type":"ImageObject","inLanguage":"uk","@id":"https:\/\/denizcankizil.tr\/#\/schema\/logo\/image\/","url":"https:\/\/denizcankizil.tr\/wp-content\/uploads\/2024\/10\/siyah-logo-svg.svg","contentUrl":"https:\/\/denizcankizil.tr\/wp-content\/uploads\/2024\/10\/siyah-logo-svg.svg","width":1080,"height":1080,"caption":"Av. Deniz Can K\u0131z\u0131l"},"image":{"@id":"https:\/\/denizcankizil.tr\/#\/schema\/logo\/image\/"}},{"@type":"Person","@id":"https:\/\/denizcankizil.tr\/#\/schema\/person\/e1eb71bb4dd684d46563f0af307e1234","name":"Antalya K\u00f6rfez","image":{"@type":"ImageObject","inLanguage":"uk","@id":"https:\/\/denizcankizil.tr\/#\/schema\/person\/image\/","url":"https:\/\/secure.gravatar.com\/avatar\/42b01982558a48a0b501fdcab6a408d3717ea5919095ee2e67b0e521799c5905?s=96&d=mm&r=g","contentUrl":"https:\/\/secure.gravatar.com\/avatar\/42b01982558a48a0b501fdcab6a408d3717ea5919095ee2e67b0e521799c5905?s=96&d=mm&r=g","caption":"Antalya K\u00f6rfez"},"sameAs":["http:\/\/www.antalyakorfez.com"],"url":"https:\/\/www.antalyakorfez.com\/antalyada-siyasetin-gundemi-sivrisinek-iste-ak-partinin-sivrisinek-kombini"}]}},"_links":{"self":[{"href":"https:\/\/denizcankizil.tr\/uk\/wp-json\/wp\/v2\/posts\/130177","targetHints":{"allow":["GET"]}}],"collection":[{"href":"https:\/\/denizcankizil.tr\/uk\/wp-json\/wp\/v2\/posts"}],"about":[{"href":"https:\/\/denizcankizil.tr\/uk\/wp-json\/wp\/v2\/types\/post"}],"author":[{"embeddable":true,"href":"https:\/\/denizcankizil.tr\/uk\/wp-json\/wp\/v2\/users\/5"}],"replies":[{"embeddable":true,"href":"https:\/\/denizcankizil.tr\/uk\/wp-json\/wp\/v2\/comments?post=130177"}],"version-history":[{"count":0,"href":"https:\/\/denizcankizil.tr\/uk\/wp-json\/wp\/v2\/posts\/130177\/revisions"}],"wp:attachment":[{"href":"https:\/\/denizcankizil.tr\/uk\/wp-json\/wp\/v2\/media?parent=130177"}],"wp:term":[{"taxonomy":"category","embeddable":true,"href":"https:\/\/denizcankizil.tr\/uk\/wp-json\/wp\/v2\/categories?post=130177"},{"taxonomy":"post_tag","embeddable":true,"href":"https:\/\/denizcankizil.tr\/uk\/wp-json\/wp\/v2\/tags?post=130177"}],"curies":[{"name":"wp","href":"https:\/\/api.w.org\/{rel}","templated":true}]}}