{"id":130053,"date":"2025-06-29T06:42:27","date_gmt":"2025-06-29T03:42:27","guid":{"rendered":"https:\/\/denizcankizil.tr\/uncategorized-tr\/bursa-mudanya-yolunda-alevler-yukseldi-cagrisanda-yangin-panigi\/"},"modified":"2025-06-29T06:42:27","modified_gmt":"2025-06-29T03:42:27","slug":"bursa-mudanya-yolunda-alevler-yukseldi-cagrisanda-yangin-panigi","status":"publish","type":"post","link":"https:\/\/denizcankizil.tr\/uk\/haberler\/gundem\/bursa-mudanya-yolunda-alevler-yukseldi-cagrisanda-yangin-panigi\/","title":{"rendered":"Bursa Mudanya Yolu&#8217;nda alevler y\u00fckseldi! \u00c7a\u011fr\u0131\u015fan&#8217;da yang\u0131n pani\u011fi!"},"content":{"rendered":"<p>Bursa&#8217;da Mudanya Yolu \u00fczerinde \u00c7a\u011fr\u0131\u015fan mevkiinde otluk alanda ba\u015flayan yang\u0131n, r\u00fczgar\u0131n etkisiyle h\u0131zla b\u00fcy\u00fcd\u00fc. \u00c7\u0131ra\u011fan Bademli ile Kalam\u0131\u015f Ya\u015fl\u0131 Bak\u0131mevi aras\u0131ndaki b\u00f6lgede \u00e7\u0131kan yang\u0131na itfaiye ekipleri m\u00fcdahale ediyor.BURSA (\u0130GFA) &#8211;  Bursa\u2019n\u0131n Mudanya Yolu \u00c7a\u011fr\u0131\u015fan mevkiinde, hen\u00fcz belirlenemeyen bir nedenle otluk alanda yang\u0131n \u00e7\u0131kt\u0131.<br \/>\n\u00c7\u0131ra\u011fan Bademli ile Kalam\u0131\u015f Ya\u015fl\u0131 Bak\u0131mevi aras\u0131ndaki yol kenar\u0131nda ba\u015flayan alevler, r\u00fczgar\u0131n da etkisiyle k\u0131sa s\u00fcrede b\u00fcy\u00fcyerek \u00e7evreye yay\u0131lmaya ba\u015flad\u0131.<br \/>\nYang\u0131n\u0131 fark eden vatanda\u015flar\u0131n ihbar\u0131 \u00fczerine olay yerine \u00e7ok say\u0131da itfaiye ekibi sevk edildi.<\/p>\n<p>Ekipler, alevleri kontrol alt\u0131na almak i\u00e7in yo\u011fun \u00e7aba sarf ederken, b\u00f6lgede g\u00fcvenlik \u00f6nlemleri al\u0131nd\u0131.<br \/>\nD\u00fc\u011f\u00fcn salonu g\u00fcvenlik kapsam\u0131nda bo\u015falt\u0131ld\u0131.<\/p>\n<p>Yang\u0131n\u0131n \u00e7\u0131k\u0131\u015f nedeni ve hasar durumuyla ilgili incelemeler devam ediyor.<\/p>\n<p>\u200bBursa&#8217;da Mudanya Yolu \u00fczerinde \u00c7a\u011fr\u0131\u015fan mevkiinde otluk alanda ba\u015flayan yang\u0131n, r\u00fczgar\u0131n etkisiyle h\u0131zla b\u00fcy\u00fcd\u00fc. \u00c7\u0131ra\u011fan Bademli ile Kalam\u0131\u015f Ya\u015fl\u0131 Bak\u0131mevi aras\u0131ndaki b\u00f6lgede \u00e7\u0131kan yang\u0131na itfaiye ekipleri m\u00fcdahale ediyor.BURSA (\u0130GFA) &#8211;  Bursa\u2019n\u0131n Mudanya Yolu \u00c7a\u011fr\u0131\u015fan mevkiinde, hen\u00fcz belirlenemeyen bir nedenle otluk alanda yang\u0131n \u00e7\u0131kt\u0131.<br \/>\n\u00c7\u0131ra\u011fan Bademli ile Kalam\u0131\u015f Ya\u015fl\u0131 Bak\u0131mevi aras\u0131ndaki yol kenar\u0131nda ba\u015flayan alevler, r\u00fczgar\u0131n da etkisiyle k\u0131sa s\u00fcrede b\u00fcy\u00fcyerek \u00e7evreye yay\u0131lmaya ba\u015flad\u0131.<br \/>\nYang\u0131n\u0131 fark eden vatanda\u015flar\u0131n ihbar\u0131 \u00fczerine olay yerine \u00e7ok say\u0131da itfaiye ekibi sevk edildi.<\/p>\n<p>Ekipler, alevleri kontrol alt\u0131na almak i\u00e7in yo\u011fun \u00e7aba sarf ederken, b\u00f6lgede g\u00fcvenlik \u00f6nlemleri al\u0131nd\u0131.<br \/>\nD\u00fc\u011f\u00fcn salonu g\u00fcvenlik kapsam\u0131nda bo\u015falt\u0131ld\u0131.<\/p>\n<p>Yang\u0131n\u0131n \u00e7\u0131k\u0131\u015f nedeni ve hasar durumuyla ilgili incelemeler devam ediyor.\u00a0<\/p>\n<p>\u200bHaberin Al\u0131nt\u0131land\u0131\u011f\u0131 Kaynak: www.iskenderun.org<\/p>","protected":false},"excerpt":{"rendered":"<p>Bursa&#8217;da Mudanya Yolu \u00fczerinde \u00c7a\u011fr\u0131\u015fan mevkiinde otluk alanda ba\u015flayan yang\u0131n, r\u00fczgar\u0131n etkisiyle h\u0131zla b\u00fcy\u00fcd\u00fc. \u00c7\u0131ra\u011fan Bademli ile Kalam\u0131\u015f Ya\u015fl\u0131 Bak\u0131mevi aras\u0131ndaki b\u00f6lgede \u00e7\u0131kan yang\u0131na itfaiye ekipleri m\u00fcdahale ediyor.BURSA (\u0130GFA) &#8211; Bursa\u2019n\u0131n Mudanya Yolu \u00c7a\u011fr\u0131\u015fan mevkiinde, hen\u00fcz belirlenemeyen bir nedenle otluk alanda yang\u0131n \u00e7\u0131kt\u0131. \u00c7\u0131ra\u011fan Bademli ile Kalam\u0131\u015f Ya\u015fl\u0131 Bak\u0131mevi aras\u0131ndaki yol kenar\u0131nda ba\u015flayan alevler, r\u00fczgar\u0131n da etkisiyle k\u0131sa s\u00fcrede b\u00fcy\u00fcyerek \u00e7evreye yay\u0131lmaya ba\u015flad\u0131. Yang\u0131n\u0131 fark eden vatanda\u015flar\u0131n ihbar\u0131 \u00fczerine olay yerine \u00e7ok say\u0131da itfaiye ekibi sevk edildi. Ekipler, alevleri kontrol alt\u0131na almak i\u00e7in yo\u011fun \u00e7aba sarf ederken, b\u00f6lgede g\u00fcvenlik \u00f6nlemleri al\u0131nd\u0131. D\u00fc\u011f\u00fcn salonu g\u00fcvenlik kapsam\u0131nda bo\u015falt\u0131ld\u0131. Yang\u0131n\u0131n \u00e7\u0131k\u0131\u015f nedeni ve hasar durumuyla ilgili incelemeler devam ediyor. \u200bBursa&#8217;da Mudanya Yolu \u00fczerinde \u00c7a\u011fr\u0131\u015fan mevkiinde otluk alanda ba\u015flayan yang\u0131n, r\u00fczgar\u0131n etkisiyle h\u0131zla b\u00fcy\u00fcd\u00fc. \u00c7\u0131ra\u011fan Bademli ile Kalam\u0131\u015f Ya\u015fl\u0131 Bak\u0131mevi aras\u0131ndaki b\u00f6lgede \u00e7\u0131kan yang\u0131na itfaiye ekipleri m\u00fcdahale ediyor.BURSA (\u0130GFA) &#8211; Bursa\u2019n\u0131n Mudanya Yolu \u00c7a\u011fr\u0131\u015fan mevkiinde, hen\u00fcz belirlenemeyen bir nedenle otluk alanda yang\u0131n \u00e7\u0131kt\u0131. \u00c7\u0131ra\u011fan Bademli ile Kalam\u0131\u015f Ya\u015fl\u0131 Bak\u0131mevi aras\u0131ndaki yol kenar\u0131nda ba\u015flayan alevler, r\u00fczgar\u0131n da etkisiyle k\u0131sa s\u00fcrede b\u00fcy\u00fcyerek \u00e7evreye yay\u0131lmaya ba\u015flad\u0131. Yang\u0131n\u0131 fark eden vatanda\u015flar\u0131n ihbar\u0131 \u00fczerine olay yerine \u00e7ok say\u0131da itfaiye ekibi sevk edildi. Ekipler, alevleri kontrol alt\u0131na almak i\u00e7in yo\u011fun \u00e7aba sarf ederken, b\u00f6lgede g\u00fcvenlik \u00f6nlemleri al\u0131nd\u0131. D\u00fc\u011f\u00fcn salonu g\u00fcvenlik &hellip;<\/p>","protected":false},"author":1,"featured_media":0,"comment_status":"","ping_status":"open","sticky":false,"template":"","format":"standard","meta":{"_acf_changed":false,"footnotes":""},"categories":[24],"tags":[],"class_list":["post-130053","post","type-post","status-publish","format-standard","has-post-thumbnail","hentry","category-gundem"],"acf":[],"yoast_head":"<!-- This site is optimized with the Yoast SEO Premium plugin v26.6 (Yoast SEO v27.1.1) - https:\/\/yoast.com\/product\/yoast-seo-premium-wordpress\/ -->\n<title>Bursa Mudanya Yolu&#039;nda alevler y\u00fckseldi! \u00c7a\u011fr\u0131\u015fan&#039;da yang\u0131n pani\u011fi! - Av. Deniz Can K\u0131z\u0131l<\/title>\n<meta name=\"robots\" content=\"index, follow, max-snippet:-1, max-image-preview:large, max-video-preview:-1\" \/>\n<link rel=\"canonical\" href=\"https:\/\/denizcankizil.tr\/uk\/haberler\/gundem\/bursa-mudanya-yolunda-alevler-yukseldi-cagrisanda-yangin-panigi\/\" \/>\n<meta property=\"og:locale\" content=\"uk_UA\" \/>\n<meta property=\"og:type\" content=\"article\" \/>\n<meta property=\"og:title\" content=\"Bursa Mudanya Yolu&#039;nda alevler y\u00fckseldi! \u00c7a\u011fr\u0131\u015fan&#039;da yang\u0131n pani\u011fi!\" \/>\n<meta property=\"og:description\" content=\"Bursa&#8217;da Mudanya Yolu \u00fczerinde \u00c7a\u011fr\u0131\u015fan mevkiinde otluk alanda ba\u015flayan yang\u0131n, r\u00fczgar\u0131n etkisiyle h\u0131zla b\u00fcy\u00fcd\u00fc. \u00c7\u0131ra\u011fan Bademli ile Kalam\u0131\u015f Ya\u015fl\u0131 Bak\u0131mevi aras\u0131ndaki b\u00f6lgede \u00e7\u0131kan yang\u0131na itfaiye ekipleri m\u00fcdahale ediyor.BURSA (\u0130GFA) &#8211; Bursa\u2019n\u0131n Mudanya Yolu \u00c7a\u011fr\u0131\u015fan mevkiinde, hen\u00fcz belirlenemeyen bir nedenle otluk alanda yang\u0131n \u00e7\u0131kt\u0131. \u00c7\u0131ra\u011fan Bademli ile Kalam\u0131\u015f Ya\u015fl\u0131 Bak\u0131mevi aras\u0131ndaki yol kenar\u0131nda ba\u015flayan alevler, r\u00fczgar\u0131n da etkisiyle k\u0131sa s\u00fcrede b\u00fcy\u00fcyerek \u00e7evreye yay\u0131lmaya ba\u015flad\u0131. Yang\u0131n\u0131 fark eden vatanda\u015flar\u0131n ihbar\u0131 \u00fczerine olay yerine \u00e7ok say\u0131da itfaiye ekibi sevk edildi. Ekipler, alevleri kontrol alt\u0131na almak i\u00e7in yo\u011fun \u00e7aba sarf ederken, b\u00f6lgede g\u00fcvenlik \u00f6nlemleri al\u0131nd\u0131. D\u00fc\u011f\u00fcn salonu g\u00fcvenlik kapsam\u0131nda bo\u015falt\u0131ld\u0131. Yang\u0131n\u0131n \u00e7\u0131k\u0131\u015f nedeni ve hasar durumuyla ilgili incelemeler devam ediyor. \u200bBursa&#8217;da Mudanya Yolu \u00fczerinde \u00c7a\u011fr\u0131\u015fan mevkiinde otluk alanda ba\u015flayan yang\u0131n, r\u00fczgar\u0131n etkisiyle h\u0131zla b\u00fcy\u00fcd\u00fc. \u00c7\u0131ra\u011fan Bademli ile Kalam\u0131\u015f Ya\u015fl\u0131 Bak\u0131mevi aras\u0131ndaki b\u00f6lgede \u00e7\u0131kan yang\u0131na itfaiye ekipleri m\u00fcdahale ediyor.BURSA (\u0130GFA) &#8211; Bursa\u2019n\u0131n Mudanya Yolu \u00c7a\u011fr\u0131\u015fan mevkiinde, hen\u00fcz belirlenemeyen bir nedenle otluk alanda yang\u0131n \u00e7\u0131kt\u0131. \u00c7\u0131ra\u011fan Bademli ile Kalam\u0131\u015f Ya\u015fl\u0131 Bak\u0131mevi aras\u0131ndaki yol kenar\u0131nda ba\u015flayan alevler, r\u00fczgar\u0131n da etkisiyle k\u0131sa s\u00fcrede b\u00fcy\u00fcyerek \u00e7evreye yay\u0131lmaya ba\u015flad\u0131. Yang\u0131n\u0131 fark eden vatanda\u015flar\u0131n ihbar\u0131 \u00fczerine olay yerine \u00e7ok say\u0131da itfaiye ekibi sevk edildi. Ekipler, alevleri kontrol alt\u0131na almak i\u00e7in yo\u011fun \u00e7aba sarf ederken, b\u00f6lgede g\u00fcvenlik \u00f6nlemleri al\u0131nd\u0131. D\u00fc\u011f\u00fcn salonu g\u00fcvenlik &hellip;\" \/>\n<meta property=\"og:url\" content=\"https:\/\/denizcankizil.tr\/uk\/haberler\/gundem\/bursa-mudanya-yolunda-alevler-yukseldi-cagrisanda-yangin-panigi\/\" \/>\n<meta property=\"og:site_name\" content=\"Av. Deniz Can K\u0131z\u0131l\" \/>\n<meta property=\"article:published_time\" content=\"2025-06-29T03:42:27+00:00\" \/>\n<meta name=\"author\" content=\"admin\" \/>\n<meta name=\"twitter:card\" content=\"summary_large_image\" \/>\n<meta name=\"twitter:label1\" content=\"\u041d\u0430\u043f\u0438\u0441\u0430\u043d\u043e\" \/>\n\t<meta name=\"twitter:data1\" content=\"admin\" \/>\n\t<meta name=\"twitter:label2\" content=\"\u041f\u0440\u0438\u0431\u043b. \u0447\u0430\u0441 \u0447\u0438\u0442\u0430\u043d\u043d\u044f\" \/>\n\t<meta name=\"twitter:data2\" content=\"2 \u0445\u0432\u0438\u043b\u0438\u043d\u0438\" \/>\n<script type=\"application\/ld+json\" class=\"yoast-schema-graph\">{\"@context\":\"https:\/\/schema.org\",\"@graph\":[{\"@type\":\"Article\",\"@id\":\"https:\/\/denizcankizil.tr\/uk\/haberler\/gundem\/bursa-mudanya-yolunda-alevler-yukseldi-cagrisanda-yangin-panigi\/#article\",\"isPartOf\":{\"@id\":\"https:\/\/denizcankizil.tr\/uk\/haberler\/gundem\/bursa-mudanya-yolunda-alevler-yukseldi-cagrisanda-yangin-panigi\/\"},\"author\":{\"name\":\"admin\",\"@id\":\"https:\/\/denizcankizil.tr\/#\/schema\/person\/be3c05fe6a12686905512445d8185489\"},\"headline\":\"Bursa Mudanya Yolu&#8217;nda alevler y\u00fckseldi! \u00c7a\u011fr\u0131\u015fan&#8217;da yang\u0131n pani\u011fi!\",\"datePublished\":\"2025-06-29T03:42:27+00:00\",\"mainEntityOfPage\":{\"@id\":\"https:\/\/denizcankizil.tr\/uk\/haberler\/gundem\/bursa-mudanya-yolunda-alevler-yukseldi-cagrisanda-yangin-panigi\/\"},\"wordCount\":345,\"publisher\":{\"@id\":\"https:\/\/denizcankizil.tr\/#organization\"},\"articleSection\":[\"G\u00fcndem\"],\"inLanguage\":\"uk\"},{\"@type\":\"WebPage\",\"@id\":\"https:\/\/denizcankizil.tr\/uk\/haberler\/gundem\/bursa-mudanya-yolunda-alevler-yukseldi-cagrisanda-yangin-panigi\/\",\"url\":\"https:\/\/denizcankizil.tr\/uk\/haberler\/gundem\/bursa-mudanya-yolunda-alevler-yukseldi-cagrisanda-yangin-panigi\/\",\"name\":\"Bursa Mudanya Yolu'nda alevler y\u00fckseldi! \u00c7a\u011fr\u0131\u015fan'da yang\u0131n pani\u011fi! - Av. Deniz Can K\u0131z\u0131l\",\"isPartOf\":{\"@id\":\"https:\/\/denizcankizil.tr\/#website\"},\"datePublished\":\"2025-06-29T03:42:27+00:00\",\"breadcrumb\":{\"@id\":\"https:\/\/denizcankizil.tr\/uk\/haberler\/gundem\/bursa-mudanya-yolunda-alevler-yukseldi-cagrisanda-yangin-panigi\/#breadcrumb\"},\"inLanguage\":\"uk\",\"potentialAction\":[{\"@type\":\"ReadAction\",\"target\":[\"https:\/\/denizcankizil.tr\/uk\/haberler\/gundem\/bursa-mudanya-yolunda-alevler-yukseldi-cagrisanda-yangin-panigi\/\"]}]},{\"@type\":\"BreadcrumbList\",\"@id\":\"https:\/\/denizcankizil.tr\/uk\/haberler\/gundem\/bursa-mudanya-yolunda-alevler-yukseldi-cagrisanda-yangin-panigi\/#breadcrumb\",\"itemListElement\":[{\"@type\":\"ListItem\",\"position\":1,\"name\":\"Home\",\"item\":\"https:\/\/denizcankizil.tr\/de\/\"},{\"@type\":\"ListItem\",\"position\":2,\"name\":\"Bursa Mudanya Yolu&#8217;nda alevler y\u00fckseldi! \u00c7a\u011fr\u0131\u015fan&#8217;da yang\u0131n pani\u011fi!\"}]},{\"@type\":\"WebSite\",\"@id\":\"https:\/\/denizcankizil.tr\/#website\",\"url\":\"https:\/\/denizcankizil.tr\/\",\"name\":\"Av. Deniz Can K\u0131z\u0131l\",\"description\":\"Avukat Deniz Can K\u0131z\u0131l Antalya Barosu\",\"publisher\":{\"@id\":\"https:\/\/denizcankizil.tr\/#organization\"},\"potentialAction\":[{\"@type\":\"SearchAction\",\"target\":{\"@type\":\"EntryPoint\",\"urlTemplate\":\"https:\/\/denizcankizil.tr\/?s={search_term_string}\"},\"query-input\":{\"@type\":\"PropertyValueSpecification\",\"valueRequired\":true,\"valueName\":\"search_term_string\"}}],\"inLanguage\":\"uk\"},{\"@type\":\"Organization\",\"@id\":\"https:\/\/denizcankizil.tr\/#organization\",\"name\":\"Av. Deniz Can K\u0131z\u0131l\",\"url\":\"https:\/\/denizcankizil.tr\/\",\"logo\":{\"@type\":\"ImageObject\",\"inLanguage\":\"uk\",\"@id\":\"https:\/\/denizcankizil.tr\/#\/schema\/logo\/image\/\",\"url\":\"https:\/\/denizcankizil.tr\/wp-content\/uploads\/2024\/10\/siyah-logo-svg.svg\",\"contentUrl\":\"https:\/\/denizcankizil.tr\/wp-content\/uploads\/2024\/10\/siyah-logo-svg.svg\",\"width\":1080,\"height\":1080,\"caption\":\"Av. Deniz Can K\u0131z\u0131l\"},\"image\":{\"@id\":\"https:\/\/denizcankizil.tr\/#\/schema\/logo\/image\/\"}},{\"@type\":\"Person\",\"@id\":\"https:\/\/denizcankizil.tr\/#\/schema\/person\/be3c05fe6a12686905512445d8185489\",\"name\":\"admin\",\"image\":{\"@type\":\"ImageObject\",\"inLanguage\":\"uk\",\"@id\":\"https:\/\/denizcankizil.tr\/#\/schema\/person\/image\/\",\"url\":\"https:\/\/secure.gravatar.com\/avatar\/c1fce94c830dc79107e174f890d7210541c4a63e8e5d816341794a2151c9d58c?s=96&d=mm&r=g\",\"contentUrl\":\"https:\/\/secure.gravatar.com\/avatar\/c1fce94c830dc79107e174f890d7210541c4a63e8e5d816341794a2151c9d58c?s=96&d=mm&r=g\",\"caption\":\"admin\"},\"sameAs\":[\"http:\/\/denizcankizil.tr\"],\"url\":\"https:\/\/www.iskenderun.org\/bursa-mudanya-yolunda-alevler-yukseldi-cagrisanda-yangin-panigi\"}]}<\/script>\n<!-- \/ Yoast SEO Premium plugin. -->","yoast_head_json":{"title":"Bursa Mudanya Yolu'nda alevler y\u00fckseldi! \u00c7a\u011fr\u0131\u015fan'da yang\u0131n pani\u011fi! - Av. Deniz Can K\u0131z\u0131l","robots":{"index":"index","follow":"follow","max-snippet":"max-snippet:-1","max-image-preview":"max-image-preview:large","max-video-preview":"max-video-preview:-1"},"canonical":"https:\/\/denizcankizil.tr\/uk\/haberler\/gundem\/bursa-mudanya-yolunda-alevler-yukseldi-cagrisanda-yangin-panigi\/","og_locale":"uk_UA","og_type":"article","og_title":"Bursa Mudanya Yolu'nda alevler y\u00fckseldi! \u00c7a\u011fr\u0131\u015fan'da yang\u0131n pani\u011fi!","og_description":"Bursa&#8217;da Mudanya Yolu \u00fczerinde \u00c7a\u011fr\u0131\u015fan mevkiinde otluk alanda ba\u015flayan yang\u0131n, r\u00fczgar\u0131n etkisiyle h\u0131zla b\u00fcy\u00fcd\u00fc. \u00c7\u0131ra\u011fan Bademli ile Kalam\u0131\u015f Ya\u015fl\u0131 Bak\u0131mevi aras\u0131ndaki b\u00f6lgede \u00e7\u0131kan yang\u0131na itfaiye ekipleri m\u00fcdahale ediyor.BURSA (\u0130GFA) &#8211; Bursa\u2019n\u0131n Mudanya Yolu \u00c7a\u011fr\u0131\u015fan mevkiinde, hen\u00fcz belirlenemeyen bir nedenle otluk alanda yang\u0131n \u00e7\u0131kt\u0131. \u00c7\u0131ra\u011fan Bademli ile Kalam\u0131\u015f Ya\u015fl\u0131 Bak\u0131mevi aras\u0131ndaki yol kenar\u0131nda ba\u015flayan alevler, r\u00fczgar\u0131n da etkisiyle k\u0131sa s\u00fcrede b\u00fcy\u00fcyerek \u00e7evreye yay\u0131lmaya ba\u015flad\u0131. Yang\u0131n\u0131 fark eden vatanda\u015flar\u0131n ihbar\u0131 \u00fczerine olay yerine \u00e7ok say\u0131da itfaiye ekibi sevk edildi. Ekipler, alevleri kontrol alt\u0131na almak i\u00e7in yo\u011fun \u00e7aba sarf ederken, b\u00f6lgede g\u00fcvenlik \u00f6nlemleri al\u0131nd\u0131. D\u00fc\u011f\u00fcn salonu g\u00fcvenlik kapsam\u0131nda bo\u015falt\u0131ld\u0131. Yang\u0131n\u0131n \u00e7\u0131k\u0131\u015f nedeni ve hasar durumuyla ilgili incelemeler devam ediyor. \u200bBursa&#8217;da Mudanya Yolu \u00fczerinde \u00c7a\u011fr\u0131\u015fan mevkiinde otluk alanda ba\u015flayan yang\u0131n, r\u00fczgar\u0131n etkisiyle h\u0131zla b\u00fcy\u00fcd\u00fc. \u00c7\u0131ra\u011fan Bademli ile Kalam\u0131\u015f Ya\u015fl\u0131 Bak\u0131mevi aras\u0131ndaki b\u00f6lgede \u00e7\u0131kan yang\u0131na itfaiye ekipleri m\u00fcdahale ediyor.BURSA (\u0130GFA) &#8211; Bursa\u2019n\u0131n Mudanya Yolu \u00c7a\u011fr\u0131\u015fan mevkiinde, hen\u00fcz belirlenemeyen bir nedenle otluk alanda yang\u0131n \u00e7\u0131kt\u0131. \u00c7\u0131ra\u011fan Bademli ile Kalam\u0131\u015f Ya\u015fl\u0131 Bak\u0131mevi aras\u0131ndaki yol kenar\u0131nda ba\u015flayan alevler, r\u00fczgar\u0131n da etkisiyle k\u0131sa s\u00fcrede b\u00fcy\u00fcyerek \u00e7evreye yay\u0131lmaya ba\u015flad\u0131. Yang\u0131n\u0131 fark eden vatanda\u015flar\u0131n ihbar\u0131 \u00fczerine olay yerine \u00e7ok say\u0131da itfaiye ekibi sevk edildi. Ekipler, alevleri kontrol alt\u0131na almak i\u00e7in yo\u011fun \u00e7aba sarf ederken, b\u00f6lgede g\u00fcvenlik \u00f6nlemleri al\u0131nd\u0131. D\u00fc\u011f\u00fcn salonu g\u00fcvenlik &hellip;","og_url":"https:\/\/denizcankizil.tr\/uk\/haberler\/gundem\/bursa-mudanya-yolunda-alevler-yukseldi-cagrisanda-yangin-panigi\/","og_site_name":"Av. Deniz Can K\u0131z\u0131l","article_published_time":"2025-06-29T03:42:27+00:00","author":"admin","twitter_card":"summary_large_image","twitter_misc":{"\u041d\u0430\u043f\u0438\u0441\u0430\u043d\u043e":"admin","\u041f\u0440\u0438\u0431\u043b. \u0447\u0430\u0441 \u0447\u0438\u0442\u0430\u043d\u043d\u044f":"2 \u0445\u0432\u0438\u043b\u0438\u043d\u0438"},"schema":{"@context":"https:\/\/schema.org","@graph":[{"@type":"Article","@id":"https:\/\/denizcankizil.tr\/uk\/haberler\/gundem\/bursa-mudanya-yolunda-alevler-yukseldi-cagrisanda-yangin-panigi\/#article","isPartOf":{"@id":"https:\/\/denizcankizil.tr\/uk\/haberler\/gundem\/bursa-mudanya-yolunda-alevler-yukseldi-cagrisanda-yangin-panigi\/"},"author":{"name":"admin","@id":"https:\/\/denizcankizil.tr\/#\/schema\/person\/be3c05fe6a12686905512445d8185489"},"headline":"Bursa Mudanya Yolu&#8217;nda alevler y\u00fckseldi! \u00c7a\u011fr\u0131\u015fan&#8217;da yang\u0131n pani\u011fi!","datePublished":"2025-06-29T03:42:27+00:00","mainEntityOfPage":{"@id":"https:\/\/denizcankizil.tr\/uk\/haberler\/gundem\/bursa-mudanya-yolunda-alevler-yukseldi-cagrisanda-yangin-panigi\/"},"wordCount":345,"publisher":{"@id":"https:\/\/denizcankizil.tr\/#organization"},"articleSection":["G\u00fcndem"],"inLanguage":"uk"},{"@type":"WebPage","@id":"https:\/\/denizcankizil.tr\/uk\/haberler\/gundem\/bursa-mudanya-yolunda-alevler-yukseldi-cagrisanda-yangin-panigi\/","url":"https:\/\/denizcankizil.tr\/uk\/haberler\/gundem\/bursa-mudanya-yolunda-alevler-yukseldi-cagrisanda-yangin-panigi\/","name":"Bursa Mudanya Yolu'nda alevler y\u00fckseldi! \u00c7a\u011fr\u0131\u015fan'da yang\u0131n pani\u011fi! - Av. Deniz Can K\u0131z\u0131l","isPartOf":{"@id":"https:\/\/denizcankizil.tr\/#website"},"datePublished":"2025-06-29T03:42:27+00:00","breadcrumb":{"@id":"https:\/\/denizcankizil.tr\/uk\/haberler\/gundem\/bursa-mudanya-yolunda-alevler-yukseldi-cagrisanda-yangin-panigi\/#breadcrumb"},"inLanguage":"uk","potentialAction":[{"@type":"ReadAction","target":["https:\/\/denizcankizil.tr\/uk\/haberler\/gundem\/bursa-mudanya-yolunda-alevler-yukseldi-cagrisanda-yangin-panigi\/"]}]},{"@type":"BreadcrumbList","@id":"https:\/\/denizcankizil.tr\/uk\/haberler\/gundem\/bursa-mudanya-yolunda-alevler-yukseldi-cagrisanda-yangin-panigi\/#breadcrumb","itemListElement":[{"@type":"ListItem","position":1,"name":"Home","item":"https:\/\/denizcankizil.tr\/de\/"},{"@type":"ListItem","position":2,"name":"Bursa Mudanya Yolu&#8217;nda alevler y\u00fckseldi! \u00c7a\u011fr\u0131\u015fan&#8217;da yang\u0131n pani\u011fi!"}]},{"@type":"WebSite","@id":"https:\/\/denizcankizil.tr\/#website","url":"https:\/\/denizcankizil.tr\/","name":"Av. Deniz Can K\u0131z\u0131l","description":"Avukat Deniz Can K\u0131z\u0131l Antalya Barosu","publisher":{"@id":"https:\/\/denizcankizil.tr\/#organization"},"potentialAction":[{"@type":"SearchAction","target":{"@type":"EntryPoint","urlTemplate":"https:\/\/denizcankizil.tr\/?s={search_term_string}"},"query-input":{"@type":"PropertyValueSpecification","valueRequired":true,"valueName":"search_term_string"}}],"inLanguage":"uk"},{"@type":"Organization","@id":"https:\/\/denizcankizil.tr\/#organization","name":"Av. Deniz Can K\u0131z\u0131l","url":"https:\/\/denizcankizil.tr\/","logo":{"@type":"ImageObject","inLanguage":"uk","@id":"https:\/\/denizcankizil.tr\/#\/schema\/logo\/image\/","url":"https:\/\/denizcankizil.tr\/wp-content\/uploads\/2024\/10\/siyah-logo-svg.svg","contentUrl":"https:\/\/denizcankizil.tr\/wp-content\/uploads\/2024\/10\/siyah-logo-svg.svg","width":1080,"height":1080,"caption":"Av. Deniz Can K\u0131z\u0131l"},"image":{"@id":"https:\/\/denizcankizil.tr\/#\/schema\/logo\/image\/"}},{"@type":"Person","@id":"https:\/\/denizcankizil.tr\/#\/schema\/person\/be3c05fe6a12686905512445d8185489","name":"\u0430\u0434\u043c\u0456\u043d","image":{"@type":"ImageObject","inLanguage":"uk","@id":"https:\/\/denizcankizil.tr\/#\/schema\/person\/image\/","url":"https:\/\/secure.gravatar.com\/avatar\/c1fce94c830dc79107e174f890d7210541c4a63e8e5d816341794a2151c9d58c?s=96&d=mm&r=g","contentUrl":"https:\/\/secure.gravatar.com\/avatar\/c1fce94c830dc79107e174f890d7210541c4a63e8e5d816341794a2151c9d58c?s=96&d=mm&r=g","caption":"admin"},"sameAs":["http:\/\/denizcankizil.tr"],"url":"https:\/\/www.iskenderun.org\/bursa-mudanya-yolunda-alevler-yukseldi-cagrisanda-yangin-panigi"}]}},"_links":{"self":[{"href":"https:\/\/denizcankizil.tr\/uk\/wp-json\/wp\/v2\/posts\/130053","targetHints":{"allow":["GET"]}}],"collection":[{"href":"https:\/\/denizcankizil.tr\/uk\/wp-json\/wp\/v2\/posts"}],"about":[{"href":"https:\/\/denizcankizil.tr\/uk\/wp-json\/wp\/v2\/types\/post"}],"author":[{"embeddable":true,"href":"https:\/\/denizcankizil.tr\/uk\/wp-json\/wp\/v2\/users\/1"}],"replies":[{"embeddable":true,"href":"https:\/\/denizcankizil.tr\/uk\/wp-json\/wp\/v2\/comments?post=130053"}],"version-history":[{"count":0,"href":"https:\/\/denizcankizil.tr\/uk\/wp-json\/wp\/v2\/posts\/130053\/revisions"}],"wp:attachment":[{"href":"https:\/\/denizcankizil.tr\/uk\/wp-json\/wp\/v2\/media?parent=130053"}],"wp:term":[{"taxonomy":"category","embeddable":true,"href":"https:\/\/denizcankizil.tr\/uk\/wp-json\/wp\/v2\/categories?post=130053"},{"taxonomy":"post_tag","embeddable":true,"href":"https:\/\/denizcankizil.tr\/uk\/wp-json\/wp\/v2\/tags?post=130053"}],"curies":[{"name":"wp","href":"https:\/\/api.w.org\/{rel}","templated":true}]}}