{"id":129442,"date":"2025-06-28T16:42:23","date_gmt":"2025-06-28T13:42:23","guid":{"rendered":"https:\/\/denizcankizil.tr\/uncategorized-tr\/antalya-kumlucada-feci-kaza-1-olu-1-yarali\/"},"modified":"2025-06-28T16:42:23","modified_gmt":"2025-06-28T13:42:23","slug":"antalya-kumlucada-feci-kaza-1-olu-1-yarali","status":"publish","type":"post","link":"https:\/\/denizcankizil.tr\/uk\/haberler\/gundem\/antalya-kumlucada-feci-kaza-1-olu-1-yarali\/","title":{"rendered":"Antalya Kumluca\u2019da feci kaza: 1 \u00f6l\u00fc, 1 yaral\u0131"},"content":{"rendered":"<p>Antalya\u2019n\u0131n Kumluca il\u00e7esinde otomobilin kamyonete \u00e7arpmas\u0131 sonucu meydana gelen trafik kazas\u0131nda 1 ki\u015fi hayat\u0131n\u0131 kaybetti, 1 ki\u015fi yaraland\u0131. Kaza, Mavikent Mahallesi\u2019nde sabah saatlerinde ger\u00e7ekle\u015fti.Mehmet \u015eENT\u00dcRK \/ ANTALYA (\u0130GFA) &#8211;  Kumluca\u2019ya ba\u011fl\u0131 Mavikent Mahallesi Yenicep\u0131nar mevkisinde trajik bir trafik kazas\u0131 meydana geldi.<br \/>\n\u0130smail Ate\u015f\u2019in kulland\u0131\u011f\u0131 07 VBH 77 plakal\u0131 otomobil, ayn\u0131 y\u00f6nde seyreden A.A. idaresindeki 07 BDE 460 plakal\u0131 kamyonete arkadan \u00e7arpt\u0131.<br \/>\n\u00c7arpman\u0131n \u015fiddetiyle otomobil s\u00fcr\u00fcc\u00fcs\u00fc \u0130smail Ate\u015f ve kamyonette yolcu olarak bulunan D.A. yaraland\u0131.<br \/>\n\u0130hbar \u00fczerine olay yerine h\u0131zla sa\u011fl\u0131k ve jandarma ekipleri sevk edildi. Yaral\u0131lar, 112 Acil Servis ekiplerince Kumluca Devlet Hastanesi\u2019ne kald\u0131r\u0131ld\u0131. Ancak, kalp rahats\u0131zl\u0131\u011f\u0131 nedeniyle tedavi g\u00f6rd\u00fc\u011f\u00fc \u00f6\u011frenilen \u0130smail Ate\u015f, hastanede yap\u0131lan t\u00fcm m\u00fcdahalelere ra\u011fmen kurtar\u0131lamayarak hayat\u0131n\u0131 kaybetti. Kamyonetteki yaral\u0131 D.A.\u2019n\u0131n tedavisi ise s\u00fcr\u00fcyor.<br \/>\nKazayla ilgili detayl\u0131 inceleme ba\u015flat\u0131ld\u0131.<\/p>\n<p>\u200bAntalya\u2019n\u0131n Kumluca il\u00e7esinde otomobilin kamyonete \u00e7arpmas\u0131 sonucu meydana gelen trafik kazas\u0131nda 1 ki\u015fi hayat\u0131n\u0131 kaybetti, 1 ki\u015fi yaraland\u0131. Kaza, Mavikent Mahallesi\u2019nde sabah saatlerinde ger\u00e7ekle\u015fti.Mehmet \u015eENT\u00dcRK \/ ANTALYA (\u0130GFA) &#8211;  Kumluca\u2019ya ba\u011fl\u0131 Mavikent Mahallesi Yenicep\u0131nar mevkisinde trajik bir trafik kazas\u0131 meydana geldi.<br \/>\n\u0130smail Ate\u015f\u2019in kulland\u0131\u011f\u0131 07 VBH 77 plakal\u0131 otomobil, ayn\u0131 y\u00f6nde seyreden A.A. idaresindeki 07 BDE 460 plakal\u0131 kamyonete arkadan \u00e7arpt\u0131.<br \/>\n\u00c7arpman\u0131n \u015fiddetiyle otomobil s\u00fcr\u00fcc\u00fcs\u00fc \u0130smail Ate\u015f ve kamyonette yolcu olarak bulunan D.A. yaraland\u0131.<br \/>\n\u0130hbar \u00fczerine olay yerine h\u0131zla sa\u011fl\u0131k ve jandarma ekipleri sevk edildi. Yaral\u0131lar, 112 Acil Servis ekiplerince Kumluca Devlet Hastanesi\u2019ne kald\u0131r\u0131ld\u0131. Ancak, kalp rahats\u0131zl\u0131\u011f\u0131 nedeniyle tedavi g\u00f6rd\u00fc\u011f\u00fc \u00f6\u011frenilen \u0130smail Ate\u015f, hastanede yap\u0131lan t\u00fcm m\u00fcdahalelere ra\u011fmen kurtar\u0131lamayarak hayat\u0131n\u0131 kaybetti. Kamyonetteki yaral\u0131 D.A.\u2019n\u0131n tedavisi ise s\u00fcr\u00fcyor.<br \/>\nKazayla ilgili detayl\u0131 inceleme ba\u015flat\u0131ld\u0131.\u00a0<\/p>\n<p>\u200bHaberin Al\u0131nt\u0131land\u0131\u011f\u0131 Kaynak: www.iskenderun.org<\/p>","protected":false},"excerpt":{"rendered":"<p>Antalya\u2019n\u0131n Kumluca il\u00e7esinde otomobilin kamyonete \u00e7arpmas\u0131 sonucu meydana gelen trafik kazas\u0131nda 1 ki\u015fi hayat\u0131n\u0131 kaybetti, 1 ki\u015fi yaraland\u0131. Kaza, Mavikent Mahallesi\u2019nde sabah saatlerinde ger\u00e7ekle\u015fti.Mehmet \u015eENT\u00dcRK \/ ANTALYA (\u0130GFA) &#8211; Kumluca\u2019ya ba\u011fl\u0131 Mavikent Mahallesi Yenicep\u0131nar mevkisinde trajik bir trafik kazas\u0131 meydana geldi. \u0130smail Ate\u015f\u2019in kulland\u0131\u011f\u0131 07 VBH 77 plakal\u0131 otomobil, ayn\u0131 y\u00f6nde seyreden A.A. idaresindeki 07 BDE 460 plakal\u0131 kamyonete arkadan \u00e7arpt\u0131. \u00c7arpman\u0131n \u015fiddetiyle otomobil s\u00fcr\u00fcc\u00fcs\u00fc \u0130smail Ate\u015f ve kamyonette yolcu olarak bulunan D.A. yaraland\u0131. \u0130hbar \u00fczerine olay yerine h\u0131zla sa\u011fl\u0131k ve jandarma ekipleri sevk edildi. Yaral\u0131lar, 112 Acil Servis ekiplerince Kumluca Devlet Hastanesi\u2019ne kald\u0131r\u0131ld\u0131. Ancak, kalp rahats\u0131zl\u0131\u011f\u0131 nedeniyle tedavi g\u00f6rd\u00fc\u011f\u00fc \u00f6\u011frenilen \u0130smail Ate\u015f, hastanede yap\u0131lan t\u00fcm m\u00fcdahalelere ra\u011fmen kurtar\u0131lamayarak hayat\u0131n\u0131 kaybetti. Kamyonetteki yaral\u0131 D.A.\u2019n\u0131n tedavisi ise s\u00fcr\u00fcyor. Kazayla ilgili detayl\u0131 inceleme ba\u015flat\u0131ld\u0131. \u200bAntalya\u2019n\u0131n Kumluca il\u00e7esinde otomobilin kamyonete \u00e7arpmas\u0131 sonucu meydana gelen trafik kazas\u0131nda 1 ki\u015fi hayat\u0131n\u0131 kaybetti, 1 ki\u015fi yaraland\u0131. Kaza, Mavikent Mahallesi\u2019nde sabah saatlerinde ger\u00e7ekle\u015fti.Mehmet \u015eENT\u00dcRK \/ ANTALYA (\u0130GFA) &#8211; Kumluca\u2019ya ba\u011fl\u0131 Mavikent Mahallesi Yenicep\u0131nar mevkisinde trajik bir trafik kazas\u0131 meydana geldi. \u0130smail Ate\u015f\u2019in kulland\u0131\u011f\u0131 07 VBH 77 plakal\u0131 otomobil, ayn\u0131 y\u00f6nde seyreden A.A. idaresindeki 07 BDE 460 plakal\u0131 kamyonete arkadan \u00e7arpt\u0131. \u00c7arpman\u0131n \u015fiddetiyle otomobil s\u00fcr\u00fcc\u00fcs\u00fc \u0130smail Ate\u015f ve kamyonette yolcu olarak bulunan D.A. yaraland\u0131. \u0130hbar \u00fczerine olay yerine &hellip;<\/p>","protected":false},"author":1,"featured_media":0,"comment_status":"","ping_status":"open","sticky":false,"template":"","format":"standard","meta":{"_acf_changed":false,"footnotes":""},"categories":[24],"tags":[],"class_list":["post-129442","post","type-post","status-publish","format-standard","has-post-thumbnail","hentry","category-gundem"],"acf":[],"yoast_head":"<!-- This site is optimized with the Yoast SEO Premium plugin v26.6 (Yoast SEO v27.1.1) - https:\/\/yoast.com\/product\/yoast-seo-premium-wordpress\/ -->\n<title>Antalya Kumluca\u2019da feci kaza: 1 \u00f6l\u00fc, 1 yaral\u0131 - Av. Deniz Can K\u0131z\u0131l<\/title>\n<meta name=\"robots\" content=\"index, follow, max-snippet:-1, max-image-preview:large, max-video-preview:-1\" \/>\n<link rel=\"canonical\" href=\"https:\/\/denizcankizil.tr\/uk\/haberler\/gundem\/antalya-kumlucada-feci-kaza-1-olu-1-yarali\/\" \/>\n<meta property=\"og:locale\" content=\"uk_UA\" \/>\n<meta property=\"og:type\" content=\"article\" \/>\n<meta property=\"og:title\" content=\"Antalya Kumluca\u2019da feci kaza: 1 \u00f6l\u00fc, 1 yaral\u0131\" \/>\n<meta property=\"og:description\" content=\"Antalya\u2019n\u0131n Kumluca il\u00e7esinde otomobilin kamyonete \u00e7arpmas\u0131 sonucu meydana gelen trafik kazas\u0131nda 1 ki\u015fi hayat\u0131n\u0131 kaybetti, 1 ki\u015fi yaraland\u0131. Kaza, Mavikent Mahallesi\u2019nde sabah saatlerinde ger\u00e7ekle\u015fti.Mehmet \u015eENT\u00dcRK \/ ANTALYA (\u0130GFA) &#8211; Kumluca\u2019ya ba\u011fl\u0131 Mavikent Mahallesi Yenicep\u0131nar mevkisinde trajik bir trafik kazas\u0131 meydana geldi. \u0130smail Ate\u015f\u2019in kulland\u0131\u011f\u0131 07 VBH 77 plakal\u0131 otomobil, ayn\u0131 y\u00f6nde seyreden A.A. idaresindeki 07 BDE 460 plakal\u0131 kamyonete arkadan \u00e7arpt\u0131. \u00c7arpman\u0131n \u015fiddetiyle otomobil s\u00fcr\u00fcc\u00fcs\u00fc \u0130smail Ate\u015f ve kamyonette yolcu olarak bulunan D.A. yaraland\u0131. \u0130hbar \u00fczerine olay yerine h\u0131zla sa\u011fl\u0131k ve jandarma ekipleri sevk edildi. Yaral\u0131lar, 112 Acil Servis ekiplerince Kumluca Devlet Hastanesi\u2019ne kald\u0131r\u0131ld\u0131. Ancak, kalp rahats\u0131zl\u0131\u011f\u0131 nedeniyle tedavi g\u00f6rd\u00fc\u011f\u00fc \u00f6\u011frenilen \u0130smail Ate\u015f, hastanede yap\u0131lan t\u00fcm m\u00fcdahalelere ra\u011fmen kurtar\u0131lamayarak hayat\u0131n\u0131 kaybetti. Kamyonetteki yaral\u0131 D.A.\u2019n\u0131n tedavisi ise s\u00fcr\u00fcyor. Kazayla ilgili detayl\u0131 inceleme ba\u015flat\u0131ld\u0131. \u200bAntalya\u2019n\u0131n Kumluca il\u00e7esinde otomobilin kamyonete \u00e7arpmas\u0131 sonucu meydana gelen trafik kazas\u0131nda 1 ki\u015fi hayat\u0131n\u0131 kaybetti, 1 ki\u015fi yaraland\u0131. Kaza, Mavikent Mahallesi\u2019nde sabah saatlerinde ger\u00e7ekle\u015fti.Mehmet \u015eENT\u00dcRK \/ ANTALYA (\u0130GFA) &#8211; Kumluca\u2019ya ba\u011fl\u0131 Mavikent Mahallesi Yenicep\u0131nar mevkisinde trajik bir trafik kazas\u0131 meydana geldi. \u0130smail Ate\u015f\u2019in kulland\u0131\u011f\u0131 07 VBH 77 plakal\u0131 otomobil, ayn\u0131 y\u00f6nde seyreden A.A. idaresindeki 07 BDE 460 plakal\u0131 kamyonete arkadan \u00e7arpt\u0131. \u00c7arpman\u0131n \u015fiddetiyle otomobil s\u00fcr\u00fcc\u00fcs\u00fc \u0130smail Ate\u015f ve kamyonette yolcu olarak bulunan D.A. yaraland\u0131. \u0130hbar \u00fczerine olay yerine &hellip;\" \/>\n<meta property=\"og:url\" content=\"https:\/\/denizcankizil.tr\/uk\/haberler\/gundem\/antalya-kumlucada-feci-kaza-1-olu-1-yarali\/\" \/>\n<meta property=\"og:site_name\" content=\"Av. Deniz Can K\u0131z\u0131l\" \/>\n<meta property=\"article:published_time\" content=\"2025-06-28T13:42:23+00:00\" \/>\n<meta name=\"author\" content=\"admin\" \/>\n<meta name=\"twitter:card\" content=\"summary_large_image\" \/>\n<meta name=\"twitter:label1\" content=\"\u041d\u0430\u043f\u0438\u0441\u0430\u043d\u043e\" \/>\n\t<meta name=\"twitter:data1\" content=\"admin\" \/>\n\t<meta name=\"twitter:label2\" content=\"\u041f\u0440\u0438\u0431\u043b. \u0447\u0430\u0441 \u0447\u0438\u0442\u0430\u043d\u043d\u044f\" \/>\n\t<meta name=\"twitter:data2\" content=\"2 \u0445\u0432\u0438\u043b\u0438\u043d\u0438\" \/>\n<script type=\"application\/ld+json\" class=\"yoast-schema-graph\">{\"@context\":\"https:\/\/schema.org\",\"@graph\":[{\"@type\":\"Article\",\"@id\":\"https:\/\/denizcankizil.tr\/de\/haberler\/gundem\/antalya-kumlucada-feci-kaza-1-olu-1-yarali\/#article\",\"isPartOf\":{\"@id\":\"https:\/\/denizcankizil.tr\/de\/haberler\/gundem\/antalya-kumlucada-feci-kaza-1-olu-1-yarali\/\"},\"author\":{\"name\":\"admin\",\"@id\":\"https:\/\/denizcankizil.tr\/#\/schema\/person\/be3c05fe6a12686905512445d8185489\"},\"headline\":\"Antalya Kumluca\u2019da feci kaza: 1 \u00f6l\u00fc, 1 yaral\u0131\",\"datePublished\":\"2025-06-28T13:42:23+00:00\",\"mainEntityOfPage\":{\"@id\":\"https:\/\/denizcankizil.tr\/de\/haberler\/gundem\/antalya-kumlucada-feci-kaza-1-olu-1-yarali\/\"},\"wordCount\":333,\"publisher\":{\"@id\":\"https:\/\/denizcankizil.tr\/#organization\"},\"articleSection\":[\"G\u00fcndem\"],\"inLanguage\":\"uk\"},{\"@type\":\"WebPage\",\"@id\":\"https:\/\/denizcankizil.tr\/de\/haberler\/gundem\/antalya-kumlucada-feci-kaza-1-olu-1-yarali\/\",\"url\":\"https:\/\/denizcankizil.tr\/de\/haberler\/gundem\/antalya-kumlucada-feci-kaza-1-olu-1-yarali\/\",\"name\":\"Antalya Kumluca\u2019da feci kaza: 1 \u00f6l\u00fc, 1 yaral\u0131 - Av. Deniz Can K\u0131z\u0131l\",\"isPartOf\":{\"@id\":\"https:\/\/denizcankizil.tr\/#website\"},\"datePublished\":\"2025-06-28T13:42:23+00:00\",\"breadcrumb\":{\"@id\":\"https:\/\/denizcankizil.tr\/de\/haberler\/gundem\/antalya-kumlucada-feci-kaza-1-olu-1-yarali\/#breadcrumb\"},\"inLanguage\":\"uk\",\"potentialAction\":[{\"@type\":\"ReadAction\",\"target\":[\"https:\/\/denizcankizil.tr\/de\/haberler\/gundem\/antalya-kumlucada-feci-kaza-1-olu-1-yarali\/\"]}]},{\"@type\":\"BreadcrumbList\",\"@id\":\"https:\/\/denizcankizil.tr\/de\/haberler\/gundem\/antalya-kumlucada-feci-kaza-1-olu-1-yarali\/#breadcrumb\",\"itemListElement\":[{\"@type\":\"ListItem\",\"position\":1,\"name\":\"Home\",\"item\":\"https:\/\/denizcankizil.tr\/de\/\"},{\"@type\":\"ListItem\",\"position\":2,\"name\":\"Antalya Kumluca\u2019da feci kaza: 1 \u00f6l\u00fc, 1 yaral\u0131\"}]},{\"@type\":\"WebSite\",\"@id\":\"https:\/\/denizcankizil.tr\/#website\",\"url\":\"https:\/\/denizcankizil.tr\/\",\"name\":\"Av. Deniz Can K\u0131z\u0131l\",\"description\":\"Avukat Deniz Can K\u0131z\u0131l Antalya Barosu\",\"publisher\":{\"@id\":\"https:\/\/denizcankizil.tr\/#organization\"},\"potentialAction\":[{\"@type\":\"SearchAction\",\"target\":{\"@type\":\"EntryPoint\",\"urlTemplate\":\"https:\/\/denizcankizil.tr\/?s={search_term_string}\"},\"query-input\":{\"@type\":\"PropertyValueSpecification\",\"valueRequired\":true,\"valueName\":\"search_term_string\"}}],\"inLanguage\":\"uk\"},{\"@type\":\"Organization\",\"@id\":\"https:\/\/denizcankizil.tr\/#organization\",\"name\":\"Av. Deniz Can K\u0131z\u0131l\",\"url\":\"https:\/\/denizcankizil.tr\/\",\"logo\":{\"@type\":\"ImageObject\",\"inLanguage\":\"uk\",\"@id\":\"https:\/\/denizcankizil.tr\/#\/schema\/logo\/image\/\",\"url\":\"https:\/\/denizcankizil.tr\/wp-content\/uploads\/2024\/10\/siyah-logo-svg.svg\",\"contentUrl\":\"https:\/\/denizcankizil.tr\/wp-content\/uploads\/2024\/10\/siyah-logo-svg.svg\",\"width\":1080,\"height\":1080,\"caption\":\"Av. Deniz Can K\u0131z\u0131l\"},\"image\":{\"@id\":\"https:\/\/denizcankizil.tr\/#\/schema\/logo\/image\/\"}},{\"@type\":\"Person\",\"@id\":\"https:\/\/denizcankizil.tr\/#\/schema\/person\/be3c05fe6a12686905512445d8185489\",\"name\":\"admin\",\"image\":{\"@type\":\"ImageObject\",\"inLanguage\":\"uk\",\"@id\":\"https:\/\/denizcankizil.tr\/#\/schema\/person\/image\/\",\"url\":\"https:\/\/secure.gravatar.com\/avatar\/c1fce94c830dc79107e174f890d7210541c4a63e8e5d816341794a2151c9d58c?s=96&d=mm&r=g\",\"contentUrl\":\"https:\/\/secure.gravatar.com\/avatar\/c1fce94c830dc79107e174f890d7210541c4a63e8e5d816341794a2151c9d58c?s=96&d=mm&r=g\",\"caption\":\"admin\"},\"sameAs\":[\"http:\/\/denizcankizil.tr\"],\"url\":\"https:\/\/www.iskenderun.org\/antalya-kumlucada-feci-kaza-1-olu-1-yarali\"}]}<\/script>\n<!-- \/ Yoast SEO Premium plugin. -->","yoast_head_json":{"title":"Antalya Kumluca\u2019da feci kaza: 1 \u00f6l\u00fc, 1 yaral\u0131 - Av. Deniz Can K\u0131z\u0131l","robots":{"index":"index","follow":"follow","max-snippet":"max-snippet:-1","max-image-preview":"max-image-preview:large","max-video-preview":"max-video-preview:-1"},"canonical":"https:\/\/denizcankizil.tr\/uk\/haberler\/gundem\/antalya-kumlucada-feci-kaza-1-olu-1-yarali\/","og_locale":"uk_UA","og_type":"article","og_title":"Antalya Kumluca\u2019da feci kaza: 1 \u00f6l\u00fc, 1 yaral\u0131","og_description":"Antalya\u2019n\u0131n Kumluca il\u00e7esinde otomobilin kamyonete \u00e7arpmas\u0131 sonucu meydana gelen trafik kazas\u0131nda 1 ki\u015fi hayat\u0131n\u0131 kaybetti, 1 ki\u015fi yaraland\u0131. Kaza, Mavikent Mahallesi\u2019nde sabah saatlerinde ger\u00e7ekle\u015fti.Mehmet \u015eENT\u00dcRK \/ ANTALYA (\u0130GFA) &#8211; Kumluca\u2019ya ba\u011fl\u0131 Mavikent Mahallesi Yenicep\u0131nar mevkisinde trajik bir trafik kazas\u0131 meydana geldi. \u0130smail Ate\u015f\u2019in kulland\u0131\u011f\u0131 07 VBH 77 plakal\u0131 otomobil, ayn\u0131 y\u00f6nde seyreden A.A. idaresindeki 07 BDE 460 plakal\u0131 kamyonete arkadan \u00e7arpt\u0131. \u00c7arpman\u0131n \u015fiddetiyle otomobil s\u00fcr\u00fcc\u00fcs\u00fc \u0130smail Ate\u015f ve kamyonette yolcu olarak bulunan D.A. yaraland\u0131. \u0130hbar \u00fczerine olay yerine h\u0131zla sa\u011fl\u0131k ve jandarma ekipleri sevk edildi. Yaral\u0131lar, 112 Acil Servis ekiplerince Kumluca Devlet Hastanesi\u2019ne kald\u0131r\u0131ld\u0131. Ancak, kalp rahats\u0131zl\u0131\u011f\u0131 nedeniyle tedavi g\u00f6rd\u00fc\u011f\u00fc \u00f6\u011frenilen \u0130smail Ate\u015f, hastanede yap\u0131lan t\u00fcm m\u00fcdahalelere ra\u011fmen kurtar\u0131lamayarak hayat\u0131n\u0131 kaybetti. Kamyonetteki yaral\u0131 D.A.\u2019n\u0131n tedavisi ise s\u00fcr\u00fcyor. Kazayla ilgili detayl\u0131 inceleme ba\u015flat\u0131ld\u0131. \u200bAntalya\u2019n\u0131n Kumluca il\u00e7esinde otomobilin kamyonete \u00e7arpmas\u0131 sonucu meydana gelen trafik kazas\u0131nda 1 ki\u015fi hayat\u0131n\u0131 kaybetti, 1 ki\u015fi yaraland\u0131. Kaza, Mavikent Mahallesi\u2019nde sabah saatlerinde ger\u00e7ekle\u015fti.Mehmet \u015eENT\u00dcRK \/ ANTALYA (\u0130GFA) &#8211; Kumluca\u2019ya ba\u011fl\u0131 Mavikent Mahallesi Yenicep\u0131nar mevkisinde trajik bir trafik kazas\u0131 meydana geldi. \u0130smail Ate\u015f\u2019in kulland\u0131\u011f\u0131 07 VBH 77 plakal\u0131 otomobil, ayn\u0131 y\u00f6nde seyreden A.A. idaresindeki 07 BDE 460 plakal\u0131 kamyonete arkadan \u00e7arpt\u0131. \u00c7arpman\u0131n \u015fiddetiyle otomobil s\u00fcr\u00fcc\u00fcs\u00fc \u0130smail Ate\u015f ve kamyonette yolcu olarak bulunan D.A. yaraland\u0131. \u0130hbar \u00fczerine olay yerine &hellip;","og_url":"https:\/\/denizcankizil.tr\/uk\/haberler\/gundem\/antalya-kumlucada-feci-kaza-1-olu-1-yarali\/","og_site_name":"Av. Deniz Can K\u0131z\u0131l","article_published_time":"2025-06-28T13:42:23+00:00","author":"admin","twitter_card":"summary_large_image","twitter_misc":{"\u041d\u0430\u043f\u0438\u0441\u0430\u043d\u043e":"admin","\u041f\u0440\u0438\u0431\u043b. \u0447\u0430\u0441 \u0447\u0438\u0442\u0430\u043d\u043d\u044f":"2 \u0445\u0432\u0438\u043b\u0438\u043d\u0438"},"schema":{"@context":"https:\/\/schema.org","@graph":[{"@type":"Article","@id":"https:\/\/denizcankizil.tr\/de\/haberler\/gundem\/antalya-kumlucada-feci-kaza-1-olu-1-yarali\/#article","isPartOf":{"@id":"https:\/\/denizcankizil.tr\/de\/haberler\/gundem\/antalya-kumlucada-feci-kaza-1-olu-1-yarali\/"},"author":{"name":"admin","@id":"https:\/\/denizcankizil.tr\/#\/schema\/person\/be3c05fe6a12686905512445d8185489"},"headline":"Antalya Kumluca\u2019da feci kaza: 1 \u00f6l\u00fc, 1 yaral\u0131","datePublished":"2025-06-28T13:42:23+00:00","mainEntityOfPage":{"@id":"https:\/\/denizcankizil.tr\/de\/haberler\/gundem\/antalya-kumlucada-feci-kaza-1-olu-1-yarali\/"},"wordCount":333,"publisher":{"@id":"https:\/\/denizcankizil.tr\/#organization"},"articleSection":["G\u00fcndem"],"inLanguage":"uk"},{"@type":"WebPage","@id":"https:\/\/denizcankizil.tr\/de\/haberler\/gundem\/antalya-kumlucada-feci-kaza-1-olu-1-yarali\/","url":"https:\/\/denizcankizil.tr\/de\/haberler\/gundem\/antalya-kumlucada-feci-kaza-1-olu-1-yarali\/","name":"Antalya Kumluca\u2019da feci kaza: 1 \u00f6l\u00fc, 1 yaral\u0131 - Av. Deniz Can K\u0131z\u0131l","isPartOf":{"@id":"https:\/\/denizcankizil.tr\/#website"},"datePublished":"2025-06-28T13:42:23+00:00","breadcrumb":{"@id":"https:\/\/denizcankizil.tr\/de\/haberler\/gundem\/antalya-kumlucada-feci-kaza-1-olu-1-yarali\/#breadcrumb"},"inLanguage":"uk","potentialAction":[{"@type":"ReadAction","target":["https:\/\/denizcankizil.tr\/de\/haberler\/gundem\/antalya-kumlucada-feci-kaza-1-olu-1-yarali\/"]}]},{"@type":"BreadcrumbList","@id":"https:\/\/denizcankizil.tr\/de\/haberler\/gundem\/antalya-kumlucada-feci-kaza-1-olu-1-yarali\/#breadcrumb","itemListElement":[{"@type":"ListItem","position":1,"name":"Home","item":"https:\/\/denizcankizil.tr\/de\/"},{"@type":"ListItem","position":2,"name":"Antalya Kumluca\u2019da feci kaza: 1 \u00f6l\u00fc, 1 yaral\u0131"}]},{"@type":"WebSite","@id":"https:\/\/denizcankizil.tr\/#website","url":"https:\/\/denizcankizil.tr\/","name":"Av. Deniz Can K\u0131z\u0131l","description":"Avukat Deniz Can K\u0131z\u0131l Antalya Barosu","publisher":{"@id":"https:\/\/denizcankizil.tr\/#organization"},"potentialAction":[{"@type":"SearchAction","target":{"@type":"EntryPoint","urlTemplate":"https:\/\/denizcankizil.tr\/?s={search_term_string}"},"query-input":{"@type":"PropertyValueSpecification","valueRequired":true,"valueName":"search_term_string"}}],"inLanguage":"uk"},{"@type":"Organization","@id":"https:\/\/denizcankizil.tr\/#organization","name":"Av. Deniz Can K\u0131z\u0131l","url":"https:\/\/denizcankizil.tr\/","logo":{"@type":"ImageObject","inLanguage":"uk","@id":"https:\/\/denizcankizil.tr\/#\/schema\/logo\/image\/","url":"https:\/\/denizcankizil.tr\/wp-content\/uploads\/2024\/10\/siyah-logo-svg.svg","contentUrl":"https:\/\/denizcankizil.tr\/wp-content\/uploads\/2024\/10\/siyah-logo-svg.svg","width":1080,"height":1080,"caption":"Av. Deniz Can K\u0131z\u0131l"},"image":{"@id":"https:\/\/denizcankizil.tr\/#\/schema\/logo\/image\/"}},{"@type":"Person","@id":"https:\/\/denizcankizil.tr\/#\/schema\/person\/be3c05fe6a12686905512445d8185489","name":"\u0430\u0434\u043c\u0456\u043d","image":{"@type":"ImageObject","inLanguage":"uk","@id":"https:\/\/denizcankizil.tr\/#\/schema\/person\/image\/","url":"https:\/\/secure.gravatar.com\/avatar\/c1fce94c830dc79107e174f890d7210541c4a63e8e5d816341794a2151c9d58c?s=96&d=mm&r=g","contentUrl":"https:\/\/secure.gravatar.com\/avatar\/c1fce94c830dc79107e174f890d7210541c4a63e8e5d816341794a2151c9d58c?s=96&d=mm&r=g","caption":"admin"},"sameAs":["http:\/\/denizcankizil.tr"],"url":"https:\/\/www.iskenderun.org\/antalya-kumlucada-feci-kaza-1-olu-1-yarali"}]}},"_links":{"self":[{"href":"https:\/\/denizcankizil.tr\/uk\/wp-json\/wp\/v2\/posts\/129442","targetHints":{"allow":["GET"]}}],"collection":[{"href":"https:\/\/denizcankizil.tr\/uk\/wp-json\/wp\/v2\/posts"}],"about":[{"href":"https:\/\/denizcankizil.tr\/uk\/wp-json\/wp\/v2\/types\/post"}],"author":[{"embeddable":true,"href":"https:\/\/denizcankizil.tr\/uk\/wp-json\/wp\/v2\/users\/1"}],"replies":[{"embeddable":true,"href":"https:\/\/denizcankizil.tr\/uk\/wp-json\/wp\/v2\/comments?post=129442"}],"version-history":[{"count":0,"href":"https:\/\/denizcankizil.tr\/uk\/wp-json\/wp\/v2\/posts\/129442\/revisions"}],"wp:attachment":[{"href":"https:\/\/denizcankizil.tr\/uk\/wp-json\/wp\/v2\/media?parent=129442"}],"wp:term":[{"taxonomy":"category","embeddable":true,"href":"https:\/\/denizcankizil.tr\/uk\/wp-json\/wp\/v2\/categories?post=129442"},{"taxonomy":"post_tag","embeddable":true,"href":"https:\/\/denizcankizil.tr\/uk\/wp-json\/wp\/v2\/tags?post=129442"}],"curies":[{"name":"wp","href":"https:\/\/api.w.org\/{rel}","templated":true}]}}