{"id":129183,"date":"2025-06-28T11:41:21","date_gmt":"2025-06-28T08:41:21","guid":{"rendered":"https:\/\/denizcankizil.tr\/uncategorized-tr\/adalet-bakani-yilmaz-tunc-acikladi-antalyaya-savci-ve-hakim-atamalari\/"},"modified":"2025-06-28T11:41:21","modified_gmt":"2025-06-28T08:41:21","slug":"adalet-bakani-yilmaz-tunc-acikladi-antalyaya-savci-ve-hakim-atamalari","status":"publish","type":"post","link":"https:\/\/denizcankizil.tr\/uk\/haberler\/gundem\/adalet-bakani-yilmaz-tunc-acikladi-antalyaya-savci-ve-hakim-atamalari\/","title":{"rendered":"Adalet Bakan\u0131 Y\u0131lmaz Tun\u00e7 a\u00e7\u0131klad\u0131: Antalya&#8217;ya savc\u0131 ve hakim atamalar\u0131"},"content":{"rendered":"<p>Adalet Bakan\u0131 Y\u0131lmaz Tun\u00e7 sosyal medya hesab\u0131ndan yapt\u0131\u011f\u0131 payla\u015f\u0131mda, \u201cHakimler ve Savc\u0131lar Kurulumuz taraf\u0131ndan yap\u0131lan adli yarg\u0131 hakim ve Cumhuriyet savc\u0131lar\u0131 atama kararlar\u0131 Resmi Gazete&#8217;de yay\u0131mland\u0131. Yarg\u0131 camiam\u0131za ve \u00fclkemize hay\u0131rl\u0131 olmas\u0131n\u0131 temenni ediyor, hakim ve Cumhuriyet savc\u0131lar\u0131m\u0131za yeni g\u00f6rev yerlerinde ba\u015far\u0131lar diliyorum\u201d ifadelerini kulland\u0131.<\/p>\n<p>ANTALYA CUMHUR\u0130YET BA\u015eSAVCI VEK\u0130L\u0130 B\u00d6LGE ADL\u0130YE MAHKEMES\u0130NE ATANDI<\/p>\n<p>28 Haziran tarihli 32940 say\u0131l\u0131 Resmi Gazete atamalar\u0131 ve kararlar\u0131 belli oldu. Resmi Gazetede bug\u00fcn, Hakimler ve Savc\u0131lar Kurulunun (HSK), adli ve idari yarg\u0131daki atama kararnamesi yay\u0131mland\u0131. Bu kapsamda, adli yarg\u0131 ve idari yarg\u0131da, 4 binden fazla hakim ve savc\u0131n\u0131n g\u00f6rev yeri de\u011fi\u015fti. Antalya Cumhuriyet Ba\u015fsavc\u0131 Vekili \u00d6mer Yurdusev, Antalya B\u00f6lge Adliyesi Cumhuriyet Savc\u0131l\u0131\u011f\u0131na atand\u0131.<\/p>\n<p>ANTALYA ADL\u0130YELER\u0130NE K\u0130MLER GELD\u0130 K\u0130MLER G\u0130TT\u0130?<\/p>\n<p>\u015eanl\u0131urfa A\u011f\u0131r Ceza Mahkemesi Ba\u015fkan\u0131 Ramazan Bak, Antalya B\u00f6lge Adliye Mahkemesi \u00fcyeli\u011fine, Mersin Hakimi Ay\u015feg\u00fcl Y\u0131ld\u0131z Y\u0131ld\u0131r\u0131m Antalya B\u00f6lge Adliye Mahkemesi \u00dcyeli\u011fine, Aksaray Cumhuriyet savc\u0131s\u0131 Muhammet \u0130nan Antalya Cumhuriyet Savc\u0131l\u0131\u011f\u0131na, Antalya Hakimi G\u00fcl Harika Yaz\u0131c\u0131 Antalya B\u00f6lge Adliye Mahkemesi \u00dcyeli\u011fine, Gaziantep B\u00f6lge Adliye Mahkemesi \u00dcyesi Saliha Tuncer \u015eahin Antalya B\u00f6lge Adliye Mahkemesi \u00dcyeli\u011fine, Antalya Hakimi \u015eule \u015eim\u015fek Arslan Antalya B\u00f6lge Adliye Mahkemesi \u00dcyeli\u011fine, Diyarbak\u0131r B\u00f6lge Adliye Mahkemesi Daire Ba\u015fkan\u0131 Nur K\u00fct\u00fck\u00e7\u00fc Antalya B\u00f6lge Adliye Mahkemesi \u00dcyeli\u011fine, \u0130stanbul A\u011f\u0131r Ceza Mahkeme Ba\u015fkan\u0131 \u0130lkay Yeter Antalya B\u00f6lge Adliye Mahkemesi \u00dcyeli\u011fine, Antalya B\u00f6lge Adliye Mahkemesi \u00dcyesi \u0130lker Seyhan Denizli B\u00f6lge Adliye Mahkemesi \u00dcyeli\u011fine, Antalya A\u011f\u0131r Ceza Mahkemesi Ba\u015fkan\u0131 Habibe Erturhan Antalya B\u00f6lge Adliye Mahkemesi \u00dcyeli\u011fine, Gaziantep B\u00f6lge Adliye Cumhuriyet Savc\u0131s\u0131 \u00d6zlem Yam\u00e7\u0131 Antalya Cumhuriyet Savc\u0131l\u0131\u011f\u0131na, Antalya B\u00f6lge Adliye Mahkemesi \u00dcyesi Dilek Y\u0131lmaz Antalya B\u00f6lge Adliye Mahkemesi Daire Ba\u015fkanl\u0131\u011f\u0131na, Antalya B\u00f6lge Adliye Mahkemesi Daire Ba\u015fkan\u0131 Fatma Banu Kuzu \u0130stanbul Ticaret Mahkemesi Ba\u015fkanl\u0131\u011f\u0131 g\u00f6revlerine atand\u0131. T\u00fcm atamalar https:\/\/resmigazete.gov.tr\/eskiler\/2025\/06\/20250628-1.pdf adresinde g\u00f6r\u00fclebilecek.<\/p>\n<p>\u200bHakimler ve Savc\u0131lar Kurulu&#8217;nun adli yarg\u0131 Hakim ve Cumhuriyet savc\u0131lar\u0131 atama kararlar\u0131 Resmi Gazetede yay\u0131mland\u0131. Adalet Bakan\u0131 Y\u0131lmaz Tun\u00e7, yeni g\u00f6rev yerlerinde ba\u015far\u0131l\u0131 olmalar\u0131 dile\u011finde bulundu. Antalya Adliyesi ile B\u00f6lge Adliye Mahkemesi\u2019nde \u00e7ok say\u0131da atama ger\u00e7ekle\u015ftirdi.\u00a0<\/p>\n<p>\u200bHaberin Al\u0131nt\u0131land\u0131\u011f\u0131 Kaynak: www.antalyakorfez.com<\/p>","protected":false},"excerpt":{"rendered":"<p>Adalet Bakan\u0131 Y\u0131lmaz Tun\u00e7 sosyal medya hesab\u0131ndan yapt\u0131\u011f\u0131 payla\u015f\u0131mda, \u201cHakimler ve Savc\u0131lar Kurulumuz taraf\u0131ndan yap\u0131lan adli yarg\u0131 hakim ve Cumhuriyet savc\u0131lar\u0131 atama kararlar\u0131 Resmi Gazete&#8217;de yay\u0131mland\u0131. Yarg\u0131 camiam\u0131za ve \u00fclkemize hay\u0131rl\u0131 olmas\u0131n\u0131 temenni ediyor, hakim ve Cumhuriyet savc\u0131lar\u0131m\u0131za yeni g\u00f6rev yerlerinde ba\u015far\u0131lar diliyorum\u201d ifadelerini kulland\u0131. ANTALYA CUMHUR\u0130YET BA\u015eSAVCI VEK\u0130L\u0130 B\u00d6LGE ADL\u0130YE MAHKEMES\u0130NE ATANDI 28 Haziran tarihli 32940 say\u0131l\u0131 Resmi Gazete atamalar\u0131 ve kararlar\u0131 belli oldu. Resmi Gazetede bug\u00fcn, Hakimler ve Savc\u0131lar Kurulunun (HSK), adli ve idari yarg\u0131daki atama kararnamesi yay\u0131mland\u0131. Bu kapsamda, adli yarg\u0131 ve idari yarg\u0131da, 4 binden fazla hakim ve savc\u0131n\u0131n g\u00f6rev yeri de\u011fi\u015fti. Antalya Cumhuriyet Ba\u015fsavc\u0131 Vekili \u00d6mer Yurdusev, Antalya B\u00f6lge Adliyesi Cumhuriyet Savc\u0131l\u0131\u011f\u0131na atand\u0131. ANTALYA ADL\u0130YELER\u0130NE K\u0130MLER GELD\u0130 K\u0130MLER G\u0130TT\u0130? \u015eanl\u0131urfa A\u011f\u0131r Ceza Mahkemesi Ba\u015fkan\u0131 Ramazan Bak, Antalya B\u00f6lge Adliye Mahkemesi \u00fcyeli\u011fine, Mersin Hakimi Ay\u015feg\u00fcl Y\u0131ld\u0131z Y\u0131ld\u0131r\u0131m Antalya B\u00f6lge Adliye Mahkemesi \u00dcyeli\u011fine, Aksaray Cumhuriyet savc\u0131s\u0131 Muhammet \u0130nan Antalya Cumhuriyet Savc\u0131l\u0131\u011f\u0131na, Antalya Hakimi G\u00fcl Harika Yaz\u0131c\u0131 Antalya B\u00f6lge Adliye Mahkemesi \u00dcyeli\u011fine, Gaziantep B\u00f6lge Adliye Mahkemesi \u00dcyesi Saliha Tuncer \u015eahin Antalya B\u00f6lge Adliye Mahkemesi \u00dcyeli\u011fine, Antalya Hakimi \u015eule \u015eim\u015fek Arslan Antalya B\u00f6lge Adliye Mahkemesi \u00dcyeli\u011fine, Diyarbak\u0131r B\u00f6lge Adliye Mahkemesi Daire Ba\u015fkan\u0131 Nur K\u00fct\u00fck\u00e7\u00fc Antalya B\u00f6lge Adliye Mahkemesi \u00dcyeli\u011fine, \u0130stanbul A\u011f\u0131r Ceza Mahkeme Ba\u015fkan\u0131 \u0130lkay Yeter Antalya B\u00f6lge Adliye &hellip;<\/p>","protected":false},"author":5,"featured_media":0,"comment_status":"","ping_status":"open","sticky":false,"template":"","format":"standard","meta":{"_acf_changed":false,"footnotes":""},"categories":[24],"tags":[],"class_list":["post-129183","post","type-post","status-publish","format-standard","has-post-thumbnail","hentry","category-gundem"],"acf":[],"yoast_head":"<!-- This site is optimized with the Yoast SEO Premium plugin v26.6 (Yoast SEO v27.1.1) - https:\/\/yoast.com\/product\/yoast-seo-premium-wordpress\/ -->\n<title>Adalet Bakan\u0131 Y\u0131lmaz Tun\u00e7 a\u00e7\u0131klad\u0131: Antalya&#039;ya savc\u0131 ve hakim atamalar\u0131 - Av. Deniz Can K\u0131z\u0131l<\/title>\n<meta name=\"robots\" content=\"index, follow, max-snippet:-1, max-image-preview:large, max-video-preview:-1\" \/>\n<link rel=\"canonical\" href=\"https:\/\/denizcankizil.tr\/uk\/haberler\/gundem\/adalet-bakani-yilmaz-tunc-acikladi-antalyaya-savci-ve-hakim-atamalari\/\" \/>\n<meta property=\"og:locale\" content=\"uk_UA\" \/>\n<meta property=\"og:type\" content=\"article\" \/>\n<meta property=\"og:title\" content=\"Adalet Bakan\u0131 Y\u0131lmaz Tun\u00e7 a\u00e7\u0131klad\u0131: Antalya&#039;ya savc\u0131 ve hakim atamalar\u0131\" \/>\n<meta property=\"og:description\" content=\"Adalet Bakan\u0131 Y\u0131lmaz Tun\u00e7 sosyal medya hesab\u0131ndan yapt\u0131\u011f\u0131 payla\u015f\u0131mda, \u201cHakimler ve Savc\u0131lar Kurulumuz taraf\u0131ndan yap\u0131lan adli yarg\u0131 hakim ve Cumhuriyet savc\u0131lar\u0131 atama kararlar\u0131 Resmi Gazete&#8217;de yay\u0131mland\u0131. Yarg\u0131 camiam\u0131za ve \u00fclkemize hay\u0131rl\u0131 olmas\u0131n\u0131 temenni ediyor, hakim ve Cumhuriyet savc\u0131lar\u0131m\u0131za yeni g\u00f6rev yerlerinde ba\u015far\u0131lar diliyorum\u201d ifadelerini kulland\u0131. ANTALYA CUMHUR\u0130YET BA\u015eSAVCI VEK\u0130L\u0130 B\u00d6LGE ADL\u0130YE MAHKEMES\u0130NE ATANDI 28 Haziran tarihli 32940 say\u0131l\u0131 Resmi Gazete atamalar\u0131 ve kararlar\u0131 belli oldu. Resmi Gazetede bug\u00fcn, Hakimler ve Savc\u0131lar Kurulunun (HSK), adli ve idari yarg\u0131daki atama kararnamesi yay\u0131mland\u0131. Bu kapsamda, adli yarg\u0131 ve idari yarg\u0131da, 4 binden fazla hakim ve savc\u0131n\u0131n g\u00f6rev yeri de\u011fi\u015fti. Antalya Cumhuriyet Ba\u015fsavc\u0131 Vekili \u00d6mer Yurdusev, Antalya B\u00f6lge Adliyesi Cumhuriyet Savc\u0131l\u0131\u011f\u0131na atand\u0131. ANTALYA ADL\u0130YELER\u0130NE K\u0130MLER GELD\u0130 K\u0130MLER G\u0130TT\u0130? \u015eanl\u0131urfa A\u011f\u0131r Ceza Mahkemesi Ba\u015fkan\u0131 Ramazan Bak, Antalya B\u00f6lge Adliye Mahkemesi \u00fcyeli\u011fine, Mersin Hakimi Ay\u015feg\u00fcl Y\u0131ld\u0131z Y\u0131ld\u0131r\u0131m Antalya B\u00f6lge Adliye Mahkemesi \u00dcyeli\u011fine, Aksaray Cumhuriyet savc\u0131s\u0131 Muhammet \u0130nan Antalya Cumhuriyet Savc\u0131l\u0131\u011f\u0131na, Antalya Hakimi G\u00fcl Harika Yaz\u0131c\u0131 Antalya B\u00f6lge Adliye Mahkemesi \u00dcyeli\u011fine, Gaziantep B\u00f6lge Adliye Mahkemesi \u00dcyesi Saliha Tuncer \u015eahin Antalya B\u00f6lge Adliye Mahkemesi \u00dcyeli\u011fine, Antalya Hakimi \u015eule \u015eim\u015fek Arslan Antalya B\u00f6lge Adliye Mahkemesi \u00dcyeli\u011fine, Diyarbak\u0131r B\u00f6lge Adliye Mahkemesi Daire Ba\u015fkan\u0131 Nur K\u00fct\u00fck\u00e7\u00fc Antalya B\u00f6lge Adliye Mahkemesi \u00dcyeli\u011fine, \u0130stanbul A\u011f\u0131r Ceza Mahkeme Ba\u015fkan\u0131 \u0130lkay Yeter Antalya B\u00f6lge Adliye &hellip;\" \/>\n<meta property=\"og:url\" content=\"https:\/\/denizcankizil.tr\/uk\/haberler\/gundem\/adalet-bakani-yilmaz-tunc-acikladi-antalyaya-savci-ve-hakim-atamalari\/\" \/>\n<meta property=\"og:site_name\" content=\"Av. Deniz Can K\u0131z\u0131l\" \/>\n<meta property=\"article:published_time\" content=\"2025-06-28T08:41:21+00:00\" \/>\n<meta name=\"author\" content=\"Antalya K\u00f6rfez\" \/>\n<meta name=\"twitter:card\" content=\"summary_large_image\" \/>\n<meta name=\"twitter:label1\" content=\"\u041d\u0430\u043f\u0438\u0441\u0430\u043d\u043e\" \/>\n\t<meta name=\"twitter:data1\" content=\"Antalya K\u00f6rfez\" \/>\n\t<meta name=\"twitter:label2\" content=\"\u041f\u0440\u0438\u0431\u043b. \u0447\u0430\u0441 \u0447\u0438\u0442\u0430\u043d\u043d\u044f\" \/>\n\t<meta name=\"twitter:data2\" content=\"2 \u0445\u0432\u0438\u043b\u0438\u043d\u0438\" \/>\n<script type=\"application\/ld+json\" class=\"yoast-schema-graph\">{\"@context\":\"https:\/\/schema.org\",\"@graph\":[{\"@type\":\"Article\",\"@id\":\"https:\/\/denizcankizil.tr\/uk\/haberler\/gundem\/adalet-bakani-yilmaz-tunc-acikladi-antalyaya-savci-ve-hakim-atamalari\/#article\",\"isPartOf\":{\"@id\":\"https:\/\/denizcankizil.tr\/uk\/haberler\/gundem\/adalet-bakani-yilmaz-tunc-acikladi-antalyaya-savci-ve-hakim-atamalari\/\"},\"author\":{\"name\":\"Antalya K\u00f6rfez\",\"@id\":\"https:\/\/denizcankizil.tr\/#\/schema\/person\/e1eb71bb4dd684d46563f0af307e1234\"},\"headline\":\"Adalet Bakan\u0131 Y\u0131lmaz Tun\u00e7 a\u00e7\u0131klad\u0131: Antalya&#8217;ya savc\u0131 ve hakim atamalar\u0131\",\"datePublished\":\"2025-06-28T08:41:21+00:00\",\"mainEntityOfPage\":{\"@id\":\"https:\/\/denizcankizil.tr\/uk\/haberler\/gundem\/adalet-bakani-yilmaz-tunc-acikladi-antalyaya-savci-ve-hakim-atamalari\/\"},\"wordCount\":448,\"publisher\":{\"@id\":\"https:\/\/denizcankizil.tr\/#organization\"},\"articleSection\":[\"G\u00fcndem\"],\"inLanguage\":\"uk\"},{\"@type\":\"WebPage\",\"@id\":\"https:\/\/denizcankizil.tr\/uk\/haberler\/gundem\/adalet-bakani-yilmaz-tunc-acikladi-antalyaya-savci-ve-hakim-atamalari\/\",\"url\":\"https:\/\/denizcankizil.tr\/uk\/haberler\/gundem\/adalet-bakani-yilmaz-tunc-acikladi-antalyaya-savci-ve-hakim-atamalari\/\",\"name\":\"Adalet Bakan\u0131 Y\u0131lmaz Tun\u00e7 a\u00e7\u0131klad\u0131: Antalya'ya savc\u0131 ve hakim atamalar\u0131 - Av. Deniz Can K\u0131z\u0131l\",\"isPartOf\":{\"@id\":\"https:\/\/denizcankizil.tr\/#website\"},\"datePublished\":\"2025-06-28T08:41:21+00:00\",\"breadcrumb\":{\"@id\":\"https:\/\/denizcankizil.tr\/uk\/haberler\/gundem\/adalet-bakani-yilmaz-tunc-acikladi-antalyaya-savci-ve-hakim-atamalari\/#breadcrumb\"},\"inLanguage\":\"uk\",\"potentialAction\":[{\"@type\":\"ReadAction\",\"target\":[\"https:\/\/denizcankizil.tr\/uk\/haberler\/gundem\/adalet-bakani-yilmaz-tunc-acikladi-antalyaya-savci-ve-hakim-atamalari\/\"]}]},{\"@type\":\"BreadcrumbList\",\"@id\":\"https:\/\/denizcankizil.tr\/uk\/haberler\/gundem\/adalet-bakani-yilmaz-tunc-acikladi-antalyaya-savci-ve-hakim-atamalari\/#breadcrumb\",\"itemListElement\":[{\"@type\":\"ListItem\",\"position\":1,\"name\":\"Home\",\"item\":\"https:\/\/denizcankizil.tr\/uk\/\"},{\"@type\":\"ListItem\",\"position\":2,\"name\":\"Adalet Bakan\u0131 Y\u0131lmaz Tun\u00e7 a\u00e7\u0131klad\u0131: Antalya&#8217;ya savc\u0131 ve hakim atamalar\u0131\"}]},{\"@type\":\"WebSite\",\"@id\":\"https:\/\/denizcankizil.tr\/#website\",\"url\":\"https:\/\/denizcankizil.tr\/\",\"name\":\"Av. Deniz Can K\u0131z\u0131l\",\"description\":\"Avukat Deniz Can K\u0131z\u0131l Antalya Barosu\",\"publisher\":{\"@id\":\"https:\/\/denizcankizil.tr\/#organization\"},\"potentialAction\":[{\"@type\":\"SearchAction\",\"target\":{\"@type\":\"EntryPoint\",\"urlTemplate\":\"https:\/\/denizcankizil.tr\/?s={search_term_string}\"},\"query-input\":{\"@type\":\"PropertyValueSpecification\",\"valueRequired\":true,\"valueName\":\"search_term_string\"}}],\"inLanguage\":\"uk\"},{\"@type\":\"Organization\",\"@id\":\"https:\/\/denizcankizil.tr\/#organization\",\"name\":\"Av. Deniz Can K\u0131z\u0131l\",\"url\":\"https:\/\/denizcankizil.tr\/\",\"logo\":{\"@type\":\"ImageObject\",\"inLanguage\":\"uk\",\"@id\":\"https:\/\/denizcankizil.tr\/#\/schema\/logo\/image\/\",\"url\":\"https:\/\/denizcankizil.tr\/wp-content\/uploads\/2024\/10\/siyah-logo-svg.svg\",\"contentUrl\":\"https:\/\/denizcankizil.tr\/wp-content\/uploads\/2024\/10\/siyah-logo-svg.svg\",\"width\":1080,\"height\":1080,\"caption\":\"Av. Deniz Can K\u0131z\u0131l\"},\"image\":{\"@id\":\"https:\/\/denizcankizil.tr\/#\/schema\/logo\/image\/\"}},{\"@type\":\"Person\",\"@id\":\"https:\/\/denizcankizil.tr\/#\/schema\/person\/e1eb71bb4dd684d46563f0af307e1234\",\"name\":\"Antalya K\u00f6rfez\",\"image\":{\"@type\":\"ImageObject\",\"inLanguage\":\"uk\",\"@id\":\"https:\/\/denizcankizil.tr\/#\/schema\/person\/image\/\",\"url\":\"https:\/\/secure.gravatar.com\/avatar\/42b01982558a48a0b501fdcab6a408d3717ea5919095ee2e67b0e521799c5905?s=96&d=mm&r=g\",\"contentUrl\":\"https:\/\/secure.gravatar.com\/avatar\/42b01982558a48a0b501fdcab6a408d3717ea5919095ee2e67b0e521799c5905?s=96&d=mm&r=g\",\"caption\":\"Antalya K\u00f6rfez\"},\"sameAs\":[\"http:\/\/www.antalyakorfez.com\"],\"url\":\"https:\/\/www.antalyakorfez.com\/adalet-bakani-yilmaz-tunc-acikladi-antalyaya-savci-ve-hakim-atamalari\"}]}<\/script>\n<!-- \/ Yoast SEO Premium plugin. -->","yoast_head_json":{"title":"Adalet Bakan\u0131 Y\u0131lmaz Tun\u00e7 a\u00e7\u0131klad\u0131: Antalya'ya savc\u0131 ve hakim atamalar\u0131 - Av. Deniz Can K\u0131z\u0131l","robots":{"index":"index","follow":"follow","max-snippet":"max-snippet:-1","max-image-preview":"max-image-preview:large","max-video-preview":"max-video-preview:-1"},"canonical":"https:\/\/denizcankizil.tr\/uk\/haberler\/gundem\/adalet-bakani-yilmaz-tunc-acikladi-antalyaya-savci-ve-hakim-atamalari\/","og_locale":"uk_UA","og_type":"article","og_title":"Adalet Bakan\u0131 Y\u0131lmaz Tun\u00e7 a\u00e7\u0131klad\u0131: Antalya'ya savc\u0131 ve hakim atamalar\u0131","og_description":"Adalet Bakan\u0131 Y\u0131lmaz Tun\u00e7 sosyal medya hesab\u0131ndan yapt\u0131\u011f\u0131 payla\u015f\u0131mda, \u201cHakimler ve Savc\u0131lar Kurulumuz taraf\u0131ndan yap\u0131lan adli yarg\u0131 hakim ve Cumhuriyet savc\u0131lar\u0131 atama kararlar\u0131 Resmi Gazete&#8217;de yay\u0131mland\u0131. Yarg\u0131 camiam\u0131za ve \u00fclkemize hay\u0131rl\u0131 olmas\u0131n\u0131 temenni ediyor, hakim ve Cumhuriyet savc\u0131lar\u0131m\u0131za yeni g\u00f6rev yerlerinde ba\u015far\u0131lar diliyorum\u201d ifadelerini kulland\u0131. ANTALYA CUMHUR\u0130YET BA\u015eSAVCI VEK\u0130L\u0130 B\u00d6LGE ADL\u0130YE MAHKEMES\u0130NE ATANDI 28 Haziran tarihli 32940 say\u0131l\u0131 Resmi Gazete atamalar\u0131 ve kararlar\u0131 belli oldu. Resmi Gazetede bug\u00fcn, Hakimler ve Savc\u0131lar Kurulunun (HSK), adli ve idari yarg\u0131daki atama kararnamesi yay\u0131mland\u0131. Bu kapsamda, adli yarg\u0131 ve idari yarg\u0131da, 4 binden fazla hakim ve savc\u0131n\u0131n g\u00f6rev yeri de\u011fi\u015fti. Antalya Cumhuriyet Ba\u015fsavc\u0131 Vekili \u00d6mer Yurdusev, Antalya B\u00f6lge Adliyesi Cumhuriyet Savc\u0131l\u0131\u011f\u0131na atand\u0131. ANTALYA ADL\u0130YELER\u0130NE K\u0130MLER GELD\u0130 K\u0130MLER G\u0130TT\u0130? \u015eanl\u0131urfa A\u011f\u0131r Ceza Mahkemesi Ba\u015fkan\u0131 Ramazan Bak, Antalya B\u00f6lge Adliye Mahkemesi \u00fcyeli\u011fine, Mersin Hakimi Ay\u015feg\u00fcl Y\u0131ld\u0131z Y\u0131ld\u0131r\u0131m Antalya B\u00f6lge Adliye Mahkemesi \u00dcyeli\u011fine, Aksaray Cumhuriyet savc\u0131s\u0131 Muhammet \u0130nan Antalya Cumhuriyet Savc\u0131l\u0131\u011f\u0131na, Antalya Hakimi G\u00fcl Harika Yaz\u0131c\u0131 Antalya B\u00f6lge Adliye Mahkemesi \u00dcyeli\u011fine, Gaziantep B\u00f6lge Adliye Mahkemesi \u00dcyesi Saliha Tuncer \u015eahin Antalya B\u00f6lge Adliye Mahkemesi \u00dcyeli\u011fine, Antalya Hakimi \u015eule \u015eim\u015fek Arslan Antalya B\u00f6lge Adliye Mahkemesi \u00dcyeli\u011fine, Diyarbak\u0131r B\u00f6lge Adliye Mahkemesi Daire Ba\u015fkan\u0131 Nur K\u00fct\u00fck\u00e7\u00fc Antalya B\u00f6lge Adliye Mahkemesi \u00dcyeli\u011fine, \u0130stanbul A\u011f\u0131r Ceza Mahkeme Ba\u015fkan\u0131 \u0130lkay Yeter Antalya B\u00f6lge Adliye &hellip;","og_url":"https:\/\/denizcankizil.tr\/uk\/haberler\/gundem\/adalet-bakani-yilmaz-tunc-acikladi-antalyaya-savci-ve-hakim-atamalari\/","og_site_name":"Av. Deniz Can K\u0131z\u0131l","article_published_time":"2025-06-28T08:41:21+00:00","author":"Antalya K\u00f6rfez","twitter_card":"summary_large_image","twitter_misc":{"\u041d\u0430\u043f\u0438\u0441\u0430\u043d\u043e":"Antalya K\u00f6rfez","\u041f\u0440\u0438\u0431\u043b. \u0447\u0430\u0441 \u0447\u0438\u0442\u0430\u043d\u043d\u044f":"2 \u0445\u0432\u0438\u043b\u0438\u043d\u0438"},"schema":{"@context":"https:\/\/schema.org","@graph":[{"@type":"Article","@id":"https:\/\/denizcankizil.tr\/uk\/haberler\/gundem\/adalet-bakani-yilmaz-tunc-acikladi-antalyaya-savci-ve-hakim-atamalari\/#article","isPartOf":{"@id":"https:\/\/denizcankizil.tr\/uk\/haberler\/gundem\/adalet-bakani-yilmaz-tunc-acikladi-antalyaya-savci-ve-hakim-atamalari\/"},"author":{"name":"Antalya K\u00f6rfez","@id":"https:\/\/denizcankizil.tr\/#\/schema\/person\/e1eb71bb4dd684d46563f0af307e1234"},"headline":"Adalet Bakan\u0131 Y\u0131lmaz Tun\u00e7 a\u00e7\u0131klad\u0131: Antalya&#8217;ya savc\u0131 ve hakim atamalar\u0131","datePublished":"2025-06-28T08:41:21+00:00","mainEntityOfPage":{"@id":"https:\/\/denizcankizil.tr\/uk\/haberler\/gundem\/adalet-bakani-yilmaz-tunc-acikladi-antalyaya-savci-ve-hakim-atamalari\/"},"wordCount":448,"publisher":{"@id":"https:\/\/denizcankizil.tr\/#organization"},"articleSection":["G\u00fcndem"],"inLanguage":"uk"},{"@type":"WebPage","@id":"https:\/\/denizcankizil.tr\/uk\/haberler\/gundem\/adalet-bakani-yilmaz-tunc-acikladi-antalyaya-savci-ve-hakim-atamalari\/","url":"https:\/\/denizcankizil.tr\/uk\/haberler\/gundem\/adalet-bakani-yilmaz-tunc-acikladi-antalyaya-savci-ve-hakim-atamalari\/","name":"Adalet Bakan\u0131 Y\u0131lmaz Tun\u00e7 a\u00e7\u0131klad\u0131: Antalya'ya savc\u0131 ve hakim atamalar\u0131 - Av. Deniz Can K\u0131z\u0131l","isPartOf":{"@id":"https:\/\/denizcankizil.tr\/#website"},"datePublished":"2025-06-28T08:41:21+00:00","breadcrumb":{"@id":"https:\/\/denizcankizil.tr\/uk\/haberler\/gundem\/adalet-bakani-yilmaz-tunc-acikladi-antalyaya-savci-ve-hakim-atamalari\/#breadcrumb"},"inLanguage":"uk","potentialAction":[{"@type":"ReadAction","target":["https:\/\/denizcankizil.tr\/uk\/haberler\/gundem\/adalet-bakani-yilmaz-tunc-acikladi-antalyaya-savci-ve-hakim-atamalari\/"]}]},{"@type":"BreadcrumbList","@id":"https:\/\/denizcankizil.tr\/uk\/haberler\/gundem\/adalet-bakani-yilmaz-tunc-acikladi-antalyaya-savci-ve-hakim-atamalari\/#breadcrumb","itemListElement":[{"@type":"ListItem","position":1,"name":"Home","item":"https:\/\/denizcankizil.tr\/uk\/"},{"@type":"ListItem","position":2,"name":"Adalet Bakan\u0131 Y\u0131lmaz Tun\u00e7 a\u00e7\u0131klad\u0131: Antalya&#8217;ya savc\u0131 ve hakim atamalar\u0131"}]},{"@type":"WebSite","@id":"https:\/\/denizcankizil.tr\/#website","url":"https:\/\/denizcankizil.tr\/","name":"Av. Deniz Can K\u0131z\u0131l","description":"Avukat Deniz Can K\u0131z\u0131l Antalya Barosu","publisher":{"@id":"https:\/\/denizcankizil.tr\/#organization"},"potentialAction":[{"@type":"SearchAction","target":{"@type":"EntryPoint","urlTemplate":"https:\/\/denizcankizil.tr\/?s={search_term_string}"},"query-input":{"@type":"PropertyValueSpecification","valueRequired":true,"valueName":"search_term_string"}}],"inLanguage":"uk"},{"@type":"Organization","@id":"https:\/\/denizcankizil.tr\/#organization","name":"Av. Deniz Can K\u0131z\u0131l","url":"https:\/\/denizcankizil.tr\/","logo":{"@type":"ImageObject","inLanguage":"uk","@id":"https:\/\/denizcankizil.tr\/#\/schema\/logo\/image\/","url":"https:\/\/denizcankizil.tr\/wp-content\/uploads\/2024\/10\/siyah-logo-svg.svg","contentUrl":"https:\/\/denizcankizil.tr\/wp-content\/uploads\/2024\/10\/siyah-logo-svg.svg","width":1080,"height":1080,"caption":"Av. Deniz Can K\u0131z\u0131l"},"image":{"@id":"https:\/\/denizcankizil.tr\/#\/schema\/logo\/image\/"}},{"@type":"Person","@id":"https:\/\/denizcankizil.tr\/#\/schema\/person\/e1eb71bb4dd684d46563f0af307e1234","name":"Antalya K\u00f6rfez","image":{"@type":"ImageObject","inLanguage":"uk","@id":"https:\/\/denizcankizil.tr\/#\/schema\/person\/image\/","url":"https:\/\/secure.gravatar.com\/avatar\/42b01982558a48a0b501fdcab6a408d3717ea5919095ee2e67b0e521799c5905?s=96&d=mm&r=g","contentUrl":"https:\/\/secure.gravatar.com\/avatar\/42b01982558a48a0b501fdcab6a408d3717ea5919095ee2e67b0e521799c5905?s=96&d=mm&r=g","caption":"Antalya K\u00f6rfez"},"sameAs":["http:\/\/www.antalyakorfez.com"],"url":"https:\/\/www.antalyakorfez.com\/adalet-bakani-yilmaz-tunc-acikladi-antalyaya-savci-ve-hakim-atamalari"}]}},"_links":{"self":[{"href":"https:\/\/denizcankizil.tr\/uk\/wp-json\/wp\/v2\/posts\/129183","targetHints":{"allow":["GET"]}}],"collection":[{"href":"https:\/\/denizcankizil.tr\/uk\/wp-json\/wp\/v2\/posts"}],"about":[{"href":"https:\/\/denizcankizil.tr\/uk\/wp-json\/wp\/v2\/types\/post"}],"author":[{"embeddable":true,"href":"https:\/\/denizcankizil.tr\/uk\/wp-json\/wp\/v2\/users\/5"}],"replies":[{"embeddable":true,"href":"https:\/\/denizcankizil.tr\/uk\/wp-json\/wp\/v2\/comments?post=129183"}],"version-history":[{"count":0,"href":"https:\/\/denizcankizil.tr\/uk\/wp-json\/wp\/v2\/posts\/129183\/revisions"}],"wp:attachment":[{"href":"https:\/\/denizcankizil.tr\/uk\/wp-json\/wp\/v2\/media?parent=129183"}],"wp:term":[{"taxonomy":"category","embeddable":true,"href":"https:\/\/denizcankizil.tr\/uk\/wp-json\/wp\/v2\/categories?post=129183"},{"taxonomy":"post_tag","embeddable":true,"href":"https:\/\/denizcankizil.tr\/uk\/wp-json\/wp\/v2\/tags?post=129183"}],"curies":[{"name":"wp","href":"https:\/\/api.w.org\/{rel}","templated":true}]}}