{"id":129097,"date":"2025-06-28T08:42:24","date_gmt":"2025-06-28T05:42:24","guid":{"rendered":"https:\/\/denizcankizil.tr\/uncategorized-tr\/sakaryadaki-orman-yangini-20-saattir-devam-ediyor\/"},"modified":"2025-06-28T08:42:24","modified_gmt":"2025-06-28T05:42:24","slug":"sakaryadaki-orman-yangini-20-saattir-devam-ediyor","status":"publish","type":"post","link":"https:\/\/denizcankizil.tr\/uk\/haberler\/gundem\/sakaryadaki-orman-yangini-20-saattir-devam-ediyor\/","title":{"rendered":"Sakarya&#8217;daki orman yang\u0131n\u0131 20 Saattir Devam Ediyor"},"content":{"rendered":"<p>Sakarya&#8217;da 20 saattir s\u00fcren orman yang\u0131n\u0131, Bilecik&#8217;in G\u00f6lpazar\u0131 il\u00e7esine s\u0131\u00e7rad\u0131. Orman B\u00f6lge M\u00fcd\u00fcrl\u00fc\u011f\u00fc ekipleri, yang\u0131n\u0131 s\u00f6nd\u00fcrmek i\u00e7in havadan ve karadan m\u00fcdahale ediyor. Sakarya Valili\u011fi, yang\u0131n\u0131n \u00e7evre yerle\u015fim yerlerine yakla\u015fmas\u0131 sebebiyle Ayd\u0131nlar ve \u00c7aml\u0131k mahallelerindeki vatanda\u015flar\u0131 tahliye etti. Alevlerle m\u00fccadeleye T\u00fcrk Silahl\u0131 Kuvvetleri de destek veriyor.<\/p>\n<p>\u200bSakarya&#8217;da 20 saattir s\u00fcren orman yang\u0131n\u0131, Bilecik&#8217;in G\u00f6lpazar\u0131 il\u00e7esine s\u0131\u00e7rad\u0131. Orman B\u00f6lge M\u00fcd\u00fcrl\u00fc\u011f\u00fc ekipleri, yang\u0131n\u0131 s\u00f6nd\u00fcrmek i\u00e7in havadan ve karadan m\u00fcdahale ediyor. Sakarya Valili\u011fi, yang\u0131n\u0131n \u00e7evre yerle\u015fim yerlerine yakla\u015fmas\u0131 sebebiyle Ayd\u0131nlar ve \u00c7aml\u0131k mahallelerindeki vatanda\u015flar\u0131 tahliye etti. Alevlerle m\u00fccadeleye T\u00fcrk Silahl\u0131 Kuvvetleri de destek veriyor.\u00a0<\/p>\n<p>\u200bHaberin Al\u0131nt\u0131land\u0131\u011f\u0131 Kaynak: www.iskenderun.org<\/p>","protected":false},"excerpt":{"rendered":"<p>Sakarya&#8217;da 20 saattir s\u00fcren orman yang\u0131n\u0131, Bilecik&#8217;in G\u00f6lpazar\u0131 il\u00e7esine s\u0131\u00e7rad\u0131. Orman B\u00f6lge M\u00fcd\u00fcrl\u00fc\u011f\u00fc ekipleri, yang\u0131n\u0131 s\u00f6nd\u00fcrmek i\u00e7in havadan ve karadan m\u00fcdahale ediyor. Sakarya Valili\u011fi, yang\u0131n\u0131n \u00e7evre yerle\u015fim yerlerine yakla\u015fmas\u0131 sebebiyle Ayd\u0131nlar ve \u00c7aml\u0131k mahallelerindeki vatanda\u015flar\u0131 tahliye etti. Alevlerle m\u00fccadeleye T\u00fcrk Silahl\u0131 Kuvvetleri de destek veriyor. \u200bSakarya&#8217;da 20 saattir s\u00fcren orman yang\u0131n\u0131, Bilecik&#8217;in G\u00f6lpazar\u0131 il\u00e7esine s\u0131\u00e7rad\u0131. Orman B\u00f6lge M\u00fcd\u00fcrl\u00fc\u011f\u00fc ekipleri, yang\u0131n\u0131 s\u00f6nd\u00fcrmek i\u00e7in havadan ve karadan m\u00fcdahale ediyor. Sakarya Valili\u011fi, yang\u0131n\u0131n \u00e7evre yerle\u015fim yerlerine yakla\u015fmas\u0131 sebebiyle Ayd\u0131nlar ve \u00c7aml\u0131k mahallelerindeki vatanda\u015flar\u0131 tahliye etti. Alevlerle m\u00fccadeleye T\u00fcrk Silahl\u0131 Kuvvetleri de destek veriyor.\u00a0 \u200bHaberin Al\u0131nt\u0131land\u0131\u011f\u0131 Kaynak: www.iskenderun.org<\/p>","protected":false},"author":1,"featured_media":0,"comment_status":"","ping_status":"open","sticky":false,"template":"","format":"standard","meta":{"_acf_changed":false,"footnotes":""},"categories":[24],"tags":[],"class_list":["post-129097","post","type-post","status-publish","format-standard","has-post-thumbnail","hentry","category-gundem"],"acf":[],"yoast_head":"<!-- This site is optimized with the Yoast SEO Premium plugin v26.6 (Yoast SEO v27.1.1) - https:\/\/yoast.com\/product\/yoast-seo-premium-wordpress\/ -->\n<title>Sakarya&#039;daki orman yang\u0131n\u0131 20 Saattir Devam Ediyor - Av. Deniz Can K\u0131z\u0131l<\/title>\n<meta name=\"robots\" content=\"index, follow, max-snippet:-1, max-image-preview:large, max-video-preview:-1\" \/>\n<link rel=\"canonical\" href=\"https:\/\/denizcankizil.tr\/uk\/haberler\/gundem\/sakaryadaki-orman-yangini-20-saattir-devam-ediyor\/\" \/>\n<meta property=\"og:locale\" content=\"uk_UA\" \/>\n<meta property=\"og:type\" content=\"article\" \/>\n<meta property=\"og:title\" content=\"Sakarya&#039;daki orman yang\u0131n\u0131 20 Saattir Devam Ediyor\" \/>\n<meta property=\"og:description\" content=\"Sakarya&#8217;da 20 saattir s\u00fcren orman yang\u0131n\u0131, Bilecik&#8217;in G\u00f6lpazar\u0131 il\u00e7esine s\u0131\u00e7rad\u0131. Orman B\u00f6lge M\u00fcd\u00fcrl\u00fc\u011f\u00fc ekipleri, yang\u0131n\u0131 s\u00f6nd\u00fcrmek i\u00e7in havadan ve karadan m\u00fcdahale ediyor. Sakarya Valili\u011fi, yang\u0131n\u0131n \u00e7evre yerle\u015fim yerlerine yakla\u015fmas\u0131 sebebiyle Ayd\u0131nlar ve \u00c7aml\u0131k mahallelerindeki vatanda\u015flar\u0131 tahliye etti. Alevlerle m\u00fccadeleye T\u00fcrk Silahl\u0131 Kuvvetleri de destek veriyor. \u200bSakarya&#8217;da 20 saattir s\u00fcren orman yang\u0131n\u0131, Bilecik&#8217;in G\u00f6lpazar\u0131 il\u00e7esine s\u0131\u00e7rad\u0131. Orman B\u00f6lge M\u00fcd\u00fcrl\u00fc\u011f\u00fc ekipleri, yang\u0131n\u0131 s\u00f6nd\u00fcrmek i\u00e7in havadan ve karadan m\u00fcdahale ediyor. Sakarya Valili\u011fi, yang\u0131n\u0131n \u00e7evre yerle\u015fim yerlerine yakla\u015fmas\u0131 sebebiyle Ayd\u0131nlar ve \u00c7aml\u0131k mahallelerindeki vatanda\u015flar\u0131 tahliye etti. Alevlerle m\u00fccadeleye T\u00fcrk Silahl\u0131 Kuvvetleri de destek veriyor.\u00a0 \u200bHaberin Al\u0131nt\u0131land\u0131\u011f\u0131 Kaynak: www.iskenderun.org\" \/>\n<meta property=\"og:url\" content=\"https:\/\/denizcankizil.tr\/uk\/haberler\/gundem\/sakaryadaki-orman-yangini-20-saattir-devam-ediyor\/\" \/>\n<meta property=\"og:site_name\" content=\"Av. Deniz Can K\u0131z\u0131l\" \/>\n<meta property=\"article:published_time\" content=\"2025-06-28T05:42:24+00:00\" \/>\n<meta name=\"author\" content=\"admin\" \/>\n<meta name=\"twitter:card\" content=\"summary_large_image\" \/>\n<meta name=\"twitter:label1\" content=\"\u041d\u0430\u043f\u0438\u0441\u0430\u043d\u043e\" \/>\n\t<meta name=\"twitter:data1\" content=\"admin\" \/>\n\t<meta name=\"twitter:label2\" content=\"\u041f\u0440\u0438\u0431\u043b. \u0447\u0430\u0441 \u0447\u0438\u0442\u0430\u043d\u043d\u044f\" \/>\n\t<meta name=\"twitter:data2\" content=\"1 \u0445\u0432\u0438\u043b\u0438\u043d\u0430\" \/>\n<script type=\"application\/ld+json\" class=\"yoast-schema-graph\">{\"@context\":\"https:\/\/schema.org\",\"@graph\":[{\"@type\":\"Article\",\"@id\":\"https:\/\/denizcankizil.tr\/uk\/haberler\/gundem\/sakaryadaki-orman-yangini-20-saattir-devam-ediyor\/#article\",\"isPartOf\":{\"@id\":\"https:\/\/denizcankizil.tr\/uk\/haberler\/gundem\/sakaryadaki-orman-yangini-20-saattir-devam-ediyor\/\"},\"author\":{\"name\":\"admin\",\"@id\":\"https:\/\/denizcankizil.tr\/de\/#\/schema\/person\/be3c05fe6a12686905512445d8185489\"},\"headline\":\"Sakarya&#8217;daki orman yang\u0131n\u0131 20 Saattir Devam Ediyor\",\"datePublished\":\"2025-06-28T05:42:24+00:00\",\"mainEntityOfPage\":{\"@id\":\"https:\/\/denizcankizil.tr\/uk\/haberler\/gundem\/sakaryadaki-orman-yangini-20-saattir-devam-ediyor\/\"},\"wordCount\":154,\"publisher\":{\"@id\":\"https:\/\/denizcankizil.tr\/de\/#organization\"},\"articleSection\":[\"G\u00fcndem\"],\"inLanguage\":\"uk\"},{\"@type\":\"WebPage\",\"@id\":\"https:\/\/denizcankizil.tr\/uk\/haberler\/gundem\/sakaryadaki-orman-yangini-20-saattir-devam-ediyor\/\",\"url\":\"https:\/\/denizcankizil.tr\/uk\/haberler\/gundem\/sakaryadaki-orman-yangini-20-saattir-devam-ediyor\/\",\"name\":\"Sakarya'daki orman yang\u0131n\u0131 20 Saattir Devam Ediyor - Av. Deniz Can K\u0131z\u0131l\",\"isPartOf\":{\"@id\":\"https:\/\/denizcankizil.tr\/de\/#website\"},\"datePublished\":\"2025-06-28T05:42:24+00:00\",\"breadcrumb\":{\"@id\":\"https:\/\/denizcankizil.tr\/uk\/haberler\/gundem\/sakaryadaki-orman-yangini-20-saattir-devam-ediyor\/#breadcrumb\"},\"inLanguage\":\"uk\",\"potentialAction\":[{\"@type\":\"ReadAction\",\"target\":[\"https:\/\/denizcankizil.tr\/uk\/haberler\/gundem\/sakaryadaki-orman-yangini-20-saattir-devam-ediyor\/\"]}]},{\"@type\":\"BreadcrumbList\",\"@id\":\"https:\/\/denizcankizil.tr\/uk\/haberler\/gundem\/sakaryadaki-orman-yangini-20-saattir-devam-ediyor\/#breadcrumb\",\"itemListElement\":[{\"@type\":\"ListItem\",\"position\":1,\"name\":\"Home\",\"item\":\"https:\/\/denizcankizil.tr\/de\/\"},{\"@type\":\"ListItem\",\"position\":2,\"name\":\"Sakarya&#8217;daki orman yang\u0131n\u0131 20 Saattir Devam Ediyor\"}]},{\"@type\":\"WebSite\",\"@id\":\"https:\/\/denizcankizil.tr\/de\/#website\",\"url\":\"https:\/\/denizcankizil.tr\/de\/\",\"name\":\"Av. Deniz Can K\u0131z\u0131l\",\"description\":\"Avukat Deniz Can K\u0131z\u0131l Antalya Barosu\",\"publisher\":{\"@id\":\"https:\/\/denizcankizil.tr\/de\/#organization\"},\"potentialAction\":[{\"@type\":\"SearchAction\",\"target\":{\"@type\":\"EntryPoint\",\"urlTemplate\":\"https:\/\/denizcankizil.tr\/de\/?s={search_term_string}\"},\"query-input\":{\"@type\":\"PropertyValueSpecification\",\"valueRequired\":true,\"valueName\":\"search_term_string\"}}],\"inLanguage\":\"uk\"},{\"@type\":\"Organization\",\"@id\":\"https:\/\/denizcankizil.tr\/de\/#organization\",\"name\":\"Av. Deniz Can K\u0131z\u0131l\",\"url\":\"https:\/\/denizcankizil.tr\/de\/\",\"logo\":{\"@type\":\"ImageObject\",\"inLanguage\":\"uk\",\"@id\":\"https:\/\/denizcankizil.tr\/de\/#\/schema\/logo\/image\/\",\"url\":\"https:\/\/denizcankizil.tr\/wp-content\/uploads\/2024\/10\/siyah-logo-svg.svg\",\"contentUrl\":\"https:\/\/denizcankizil.tr\/wp-content\/uploads\/2024\/10\/siyah-logo-svg.svg\",\"width\":1080,\"height\":1080,\"caption\":\"Av. Deniz Can K\u0131z\u0131l\"},\"image\":{\"@id\":\"https:\/\/denizcankizil.tr\/de\/#\/schema\/logo\/image\/\"}},{\"@type\":\"Person\",\"@id\":\"https:\/\/denizcankizil.tr\/de\/#\/schema\/person\/be3c05fe6a12686905512445d8185489\",\"name\":\"admin\",\"image\":{\"@type\":\"ImageObject\",\"inLanguage\":\"uk\",\"@id\":\"https:\/\/denizcankizil.tr\/de\/#\/schema\/person\/image\/\",\"url\":\"https:\/\/secure.gravatar.com\/avatar\/c1fce94c830dc79107e174f890d7210541c4a63e8e5d816341794a2151c9d58c?s=96&d=mm&r=g\",\"contentUrl\":\"https:\/\/secure.gravatar.com\/avatar\/c1fce94c830dc79107e174f890d7210541c4a63e8e5d816341794a2151c9d58c?s=96&d=mm&r=g\",\"caption\":\"admin\"},\"sameAs\":[\"http:\/\/denizcankizil.tr\"],\"url\":\"https:\/\/www.iskenderun.org\/sakaryadaki-orman-yangini-20-saattir-devam-ediyor\"}]}<\/script>\n<!-- \/ Yoast SEO Premium plugin. -->","yoast_head_json":{"title":"Sakarya'daki orman yang\u0131n\u0131 20 Saattir Devam Ediyor - Av. Deniz Can K\u0131z\u0131l","robots":{"index":"index","follow":"follow","max-snippet":"max-snippet:-1","max-image-preview":"max-image-preview:large","max-video-preview":"max-video-preview:-1"},"canonical":"https:\/\/denizcankizil.tr\/uk\/haberler\/gundem\/sakaryadaki-orman-yangini-20-saattir-devam-ediyor\/","og_locale":"uk_UA","og_type":"article","og_title":"Sakarya'daki orman yang\u0131n\u0131 20 Saattir Devam Ediyor","og_description":"Sakarya&#8217;da 20 saattir s\u00fcren orman yang\u0131n\u0131, Bilecik&#8217;in G\u00f6lpazar\u0131 il\u00e7esine s\u0131\u00e7rad\u0131. Orman B\u00f6lge M\u00fcd\u00fcrl\u00fc\u011f\u00fc ekipleri, yang\u0131n\u0131 s\u00f6nd\u00fcrmek i\u00e7in havadan ve karadan m\u00fcdahale ediyor. Sakarya Valili\u011fi, yang\u0131n\u0131n \u00e7evre yerle\u015fim yerlerine yakla\u015fmas\u0131 sebebiyle Ayd\u0131nlar ve \u00c7aml\u0131k mahallelerindeki vatanda\u015flar\u0131 tahliye etti. Alevlerle m\u00fccadeleye T\u00fcrk Silahl\u0131 Kuvvetleri de destek veriyor. \u200bSakarya&#8217;da 20 saattir s\u00fcren orman yang\u0131n\u0131, Bilecik&#8217;in G\u00f6lpazar\u0131 il\u00e7esine s\u0131\u00e7rad\u0131. Orman B\u00f6lge M\u00fcd\u00fcrl\u00fc\u011f\u00fc ekipleri, yang\u0131n\u0131 s\u00f6nd\u00fcrmek i\u00e7in havadan ve karadan m\u00fcdahale ediyor. Sakarya Valili\u011fi, yang\u0131n\u0131n \u00e7evre yerle\u015fim yerlerine yakla\u015fmas\u0131 sebebiyle Ayd\u0131nlar ve \u00c7aml\u0131k mahallelerindeki vatanda\u015flar\u0131 tahliye etti. Alevlerle m\u00fccadeleye T\u00fcrk Silahl\u0131 Kuvvetleri de destek veriyor.\u00a0 \u200bHaberin Al\u0131nt\u0131land\u0131\u011f\u0131 Kaynak: www.iskenderun.org","og_url":"https:\/\/denizcankizil.tr\/uk\/haberler\/gundem\/sakaryadaki-orman-yangini-20-saattir-devam-ediyor\/","og_site_name":"Av. Deniz Can K\u0131z\u0131l","article_published_time":"2025-06-28T05:42:24+00:00","author":"admin","twitter_card":"summary_large_image","twitter_misc":{"\u041d\u0430\u043f\u0438\u0441\u0430\u043d\u043e":"admin","\u041f\u0440\u0438\u0431\u043b. \u0447\u0430\u0441 \u0447\u0438\u0442\u0430\u043d\u043d\u044f":"1 \u0445\u0432\u0438\u043b\u0438\u043d\u0430"},"schema":{"@context":"https:\/\/schema.org","@graph":[{"@type":"Article","@id":"https:\/\/denizcankizil.tr\/uk\/haberler\/gundem\/sakaryadaki-orman-yangini-20-saattir-devam-ediyor\/#article","isPartOf":{"@id":"https:\/\/denizcankizil.tr\/uk\/haberler\/gundem\/sakaryadaki-orman-yangini-20-saattir-devam-ediyor\/"},"author":{"name":"admin","@id":"https:\/\/denizcankizil.tr\/de\/#\/schema\/person\/be3c05fe6a12686905512445d8185489"},"headline":"Sakarya&#8217;daki orman yang\u0131n\u0131 20 Saattir Devam Ediyor","datePublished":"2025-06-28T05:42:24+00:00","mainEntityOfPage":{"@id":"https:\/\/denizcankizil.tr\/uk\/haberler\/gundem\/sakaryadaki-orman-yangini-20-saattir-devam-ediyor\/"},"wordCount":154,"publisher":{"@id":"https:\/\/denizcankizil.tr\/de\/#organization"},"articleSection":["G\u00fcndem"],"inLanguage":"uk"},{"@type":"WebPage","@id":"https:\/\/denizcankizil.tr\/uk\/haberler\/gundem\/sakaryadaki-orman-yangini-20-saattir-devam-ediyor\/","url":"https:\/\/denizcankizil.tr\/uk\/haberler\/gundem\/sakaryadaki-orman-yangini-20-saattir-devam-ediyor\/","name":"Sakarya'daki orman yang\u0131n\u0131 20 Saattir Devam Ediyor - Av. Deniz Can K\u0131z\u0131l","isPartOf":{"@id":"https:\/\/denizcankizil.tr\/de\/#website"},"datePublished":"2025-06-28T05:42:24+00:00","breadcrumb":{"@id":"https:\/\/denizcankizil.tr\/uk\/haberler\/gundem\/sakaryadaki-orman-yangini-20-saattir-devam-ediyor\/#breadcrumb"},"inLanguage":"uk","potentialAction":[{"@type":"ReadAction","target":["https:\/\/denizcankizil.tr\/uk\/haberler\/gundem\/sakaryadaki-orman-yangini-20-saattir-devam-ediyor\/"]}]},{"@type":"BreadcrumbList","@id":"https:\/\/denizcankizil.tr\/uk\/haberler\/gundem\/sakaryadaki-orman-yangini-20-saattir-devam-ediyor\/#breadcrumb","itemListElement":[{"@type":"ListItem","position":1,"name":"Home","item":"https:\/\/denizcankizil.tr\/de\/"},{"@type":"ListItem","position":2,"name":"Sakarya&#8217;daki orman yang\u0131n\u0131 20 Saattir Devam Ediyor"}]},{"@type":"WebSite","@id":"https:\/\/denizcankizil.tr\/de\/#website","url":"https:\/\/denizcankizil.tr\/de\/","name":"Av. Deniz Can K\u0131z\u0131l","description":"Avukat Deniz Can K\u0131z\u0131l Antalya Barosu","publisher":{"@id":"https:\/\/denizcankizil.tr\/de\/#organization"},"potentialAction":[{"@type":"SearchAction","target":{"@type":"EntryPoint","urlTemplate":"https:\/\/denizcankizil.tr\/de\/?s={search_term_string}"},"query-input":{"@type":"PropertyValueSpecification","valueRequired":true,"valueName":"search_term_string"}}],"inLanguage":"uk"},{"@type":"Organization","@id":"https:\/\/denizcankizil.tr\/de\/#organization","name":"Av. Deniz Can K\u0131z\u0131l","url":"https:\/\/denizcankizil.tr\/de\/","logo":{"@type":"ImageObject","inLanguage":"uk","@id":"https:\/\/denizcankizil.tr\/de\/#\/schema\/logo\/image\/","url":"https:\/\/denizcankizil.tr\/wp-content\/uploads\/2024\/10\/siyah-logo-svg.svg","contentUrl":"https:\/\/denizcankizil.tr\/wp-content\/uploads\/2024\/10\/siyah-logo-svg.svg","width":1080,"height":1080,"caption":"Av. Deniz Can K\u0131z\u0131l"},"image":{"@id":"https:\/\/denizcankizil.tr\/de\/#\/schema\/logo\/image\/"}},{"@type":"Person","@id":"https:\/\/denizcankizil.tr\/de\/#\/schema\/person\/be3c05fe6a12686905512445d8185489","name":"\u0430\u0434\u043c\u0456\u043d","image":{"@type":"ImageObject","inLanguage":"uk","@id":"https:\/\/denizcankizil.tr\/de\/#\/schema\/person\/image\/","url":"https:\/\/secure.gravatar.com\/avatar\/c1fce94c830dc79107e174f890d7210541c4a63e8e5d816341794a2151c9d58c?s=96&d=mm&r=g","contentUrl":"https:\/\/secure.gravatar.com\/avatar\/c1fce94c830dc79107e174f890d7210541c4a63e8e5d816341794a2151c9d58c?s=96&d=mm&r=g","caption":"admin"},"sameAs":["http:\/\/denizcankizil.tr"],"url":"https:\/\/www.iskenderun.org\/sakaryadaki-orman-yangini-20-saattir-devam-ediyor"}]}},"_links":{"self":[{"href":"https:\/\/denizcankizil.tr\/uk\/wp-json\/wp\/v2\/posts\/129097","targetHints":{"allow":["GET"]}}],"collection":[{"href":"https:\/\/denizcankizil.tr\/uk\/wp-json\/wp\/v2\/posts"}],"about":[{"href":"https:\/\/denizcankizil.tr\/uk\/wp-json\/wp\/v2\/types\/post"}],"author":[{"embeddable":true,"href":"https:\/\/denizcankizil.tr\/uk\/wp-json\/wp\/v2\/users\/1"}],"replies":[{"embeddable":true,"href":"https:\/\/denizcankizil.tr\/uk\/wp-json\/wp\/v2\/comments?post=129097"}],"version-history":[{"count":0,"href":"https:\/\/denizcankizil.tr\/uk\/wp-json\/wp\/v2\/posts\/129097\/revisions"}],"wp:attachment":[{"href":"https:\/\/denizcankizil.tr\/uk\/wp-json\/wp\/v2\/media?parent=129097"}],"wp:term":[{"taxonomy":"category","embeddable":true,"href":"https:\/\/denizcankizil.tr\/uk\/wp-json\/wp\/v2\/categories?post=129097"},{"taxonomy":"post_tag","embeddable":true,"href":"https:\/\/denizcankizil.tr\/uk\/wp-json\/wp\/v2\/tags?post=129097"}],"curies":[{"name":"wp","href":"https:\/\/api.w.org\/{rel}","templated":true}]}}