{"id":128301,"date":"2025-06-27T14:42:43","date_gmt":"2025-06-27T11:42:43","guid":{"rendered":"https:\/\/denizcankizil.tr\/uncategorized-tr\/yol-kenarina-atilan-izmaritler-yangina-davetiye-cikariyor\/"},"modified":"2025-06-27T14:42:43","modified_gmt":"2025-06-27T11:42:43","slug":"yol-kenarina-atilan-izmaritler-yangina-davetiye-cikariyor","status":"publish","type":"post","link":"https:\/\/denizcankizil.tr\/uk\/haberler\/gundem\/yol-kenarina-atilan-izmaritler-yangina-davetiye-cikariyor\/","title":{"rendered":"Yol kenar\u0131na at\u0131lan izmaritler yang\u0131na davetiye \u00e7\u0131kar\u0131yor"},"content":{"rendered":"<p>Kocaeli B\u00fcy\u00fck\u015fehir \u0130tfaiyesi, yol kenarlar\u0131na sigara izmariti at\u0131lmamas\u0131 ve an\u0131z yang\u0131nlar\u0131na sebep olunmamas\u0131 konusunda vatanda\u015flar\u0131 uyar\u0131yor.KOCAEL\u0130 (\u0130GFA) &#8211; B\u00fcy\u00fck\u015fehir Belediyesi \u0130tfaiyesi her y\u0131l yol kenarlar\u0131na at\u0131lan sigara izmaritlerinden kaynakl\u0131 onlarca yang\u0131n ihbar\u0131na gidiyor. At\u0131lan bu izmaritler, olu\u015fturdu\u011fu yang\u0131nlar\u0131n yan\u0131 s\u0131ra do\u011faya zarar veriyor ve \u00e7evresel kirlilik de olu\u015fturuyor. Kocaeli \u0130tfaiyesi yol kenarlar\u0131na sigara izmaritinin at\u0131lmamas\u0131 konusunda vatanda\u015flardan daha \u00f6zenli davran\u0131\u015f bekliyor.<br \/>\n\u0130ZMAR\u0130T YANGIN \u00c7IKARAB\u0130L\u0130YOR<br \/>\n\u00d6zellikle k\u0131rsal kesimdeki yollarda seyahat ederken ara\u00e7lardan yol kenarlar\u0131na at\u0131lan s\u00f6nd\u00fcr\u00fclmemi\u015f sigara izmaritleri tarla ve ormanl\u0131k alanlarda yang\u0131n \u00e7\u0131karabiliyor. \u00c7\u0131kan yang\u0131nlara h\u0131zl\u0131 bir \u015fekilde m\u00fcdahale eden Kocaeli \u0130tfaiyesi bu duruma kar\u015f\u0131 vatanda\u015flar\u0131 uyar\u0131yor. Yol kenar\u0131 yang\u0131nlar\u0131nda bir\u00e7ok canl\u0131 zarar g\u00f6rebildi\u011fi gibi do\u011fal bitki \u00f6rt\u00fcs\u00fc de bu yang\u0131nlardan etkilenebiliyor. Yaz aylar\u0131na girdi\u011fimiz ve hava s\u0131cakl\u0131klar\u0131n\u0131n y\u00fckseldi\u011fi bu d\u00f6nemde vatanda\u015flar\u0131n sigara izmaritini yere atmamalar\u0131 konusunda g\u00f6sterece\u011fi hassasiyet; mal, can, do\u011fal ya\u015fam\u0131n korunmas\u0131 ve temiz bir \u00e7evrenin devaml\u0131l\u0131\u011f\u0131 konusunda b\u00fcy\u00fck bir \u00f6nem ta\u015f\u0131yor.<br \/>\nANIZ YANGINLARINA D\u0130KKAT<br \/>\n\u00d6zellikle hububat hasad\u0131ndan sonra ikinci \u00fcr\u00fcn ekimi i\u00e7in k\u0131sa s\u00fcrede toprak haz\u0131rl\u0131\u011f\u0131n\u0131 tamamlamak, toprak i\u015flemede kolayl\u0131k sa\u011flamak, hastal\u0131k ve zararl\u0131larla m\u00fccadele edilmesi, yabanc\u0131 ot kontrol\u00fc gibi sebeplerle yasak oldu\u011fu halde an\u0131z yakma olaylar\u0131yla kar\u015f\u0131la\u015f\u0131l\u0131yor. Hububat hasad\u0131 sonras\u0131nda geriye kalan an\u0131z\u0131n yak\u0131lmas\u0131 orman yang\u0131nlar\u0131, telefon ve enerji iletim hatlar\u0131n\u0131n yanmas\u0131, sis olu\u015fumu nedeniyle \u00e7e\u015fitli trafik kazalar\u0131na yol a\u00e7mas\u0131, hasat edilmemi\u015f kom\u015fu tarlalara yang\u0131n s\u0131\u00e7ramas\u0131, yak\u0131n k\u00f6ylerdeki hayvan bar\u0131naklar\u0131n\u0131n ve yerle\u015fim birimlerinin yanmas\u0131 gibi bir\u00e7ok riskleri ortaya \u00e7\u0131kar\u0131yor.<br \/>\nANIZ YANGININA SEBEP OLANLARA YASAL \u0130\u015eLEM<br \/>\nKocaeli B\u00fcy\u00fck\u015fehir Belediyesi, can ve mal kayb\u0131na neden olan an\u0131z yang\u0131nlar\u0131 noktas\u0131nda olumsuz durumlar\u0131n ya\u015fanmamas\u0131 i\u00e7in vatanda\u015flar\u0131 uyar\u0131yor. An\u0131z yang\u0131n\u0131na sebebiyet verenler hakk\u0131nda 2872 say\u0131l\u0131 \u00c7evre Kanunu uyar\u0131nca yasal i\u015flem uygulan\u0131yor.<\/p>\n<p>\u200bKocaeli B\u00fcy\u00fck\u015fehir \u0130tfaiyesi, yol kenarlar\u0131na sigara izmariti at\u0131lmamas\u0131 ve an\u0131z yang\u0131nlar\u0131na sebep olunmamas\u0131 konusunda vatanda\u015flar\u0131 uyar\u0131yor.KOCAEL\u0130 (\u0130GFA) &#8211; B\u00fcy\u00fck\u015fehir Belediyesi \u0130tfaiyesi her y\u0131l yol kenarlar\u0131na at\u0131lan sigara izmaritlerinden kaynakl\u0131 onlarca yang\u0131n ihbar\u0131na gidiyor. At\u0131lan bu izmaritler, olu\u015fturdu\u011fu yang\u0131nlar\u0131n yan\u0131 s\u0131ra do\u011faya zarar veriyor ve \u00e7evresel kirlilik de olu\u015fturuyor. Kocaeli \u0130tfaiyesi yol kenarlar\u0131na sigara izmaritinin at\u0131lmamas\u0131 konusunda vatanda\u015flardan daha \u00f6zenli davran\u0131\u015f bekliyor.<br \/>\n\u0130ZMAR\u0130T YANGIN \u00c7IKARAB\u0130L\u0130YOR<br \/>\n\u00d6zellikle k\u0131rsal kesimdeki yollarda seyahat ederken ara\u00e7lardan yol kenarlar\u0131na at\u0131lan s\u00f6nd\u00fcr\u00fclmemi\u015f sigara izmaritleri tarla ve ormanl\u0131k alanlarda yang\u0131n \u00e7\u0131karabiliyor. \u00c7\u0131kan yang\u0131nlara h\u0131zl\u0131 bir \u015fekilde m\u00fcdahale eden Kocaeli \u0130tfaiyesi bu duruma kar\u015f\u0131 vatanda\u015flar\u0131 uyar\u0131yor. Yol kenar\u0131 yang\u0131nlar\u0131nda bir\u00e7ok canl\u0131 zarar g\u00f6rebildi\u011fi gibi do\u011fal bitki \u00f6rt\u00fcs\u00fc de bu yang\u0131nlardan etkilenebiliyor. Yaz aylar\u0131na girdi\u011fimiz ve hava s\u0131cakl\u0131klar\u0131n\u0131n y\u00fckseldi\u011fi bu d\u00f6nemde vatanda\u015flar\u0131n sigara izmaritini yere atmamalar\u0131 konusunda g\u00f6sterece\u011fi hassasiyet; mal, can, do\u011fal ya\u015fam\u0131n korunmas\u0131 ve temiz bir \u00e7evrenin devaml\u0131l\u0131\u011f\u0131 konusunda b\u00fcy\u00fck bir \u00f6nem ta\u015f\u0131yor.<br \/>\nANIZ YANGINLARINA D\u0130KKAT<br \/>\n\u00d6zellikle hububat hasad\u0131ndan sonra ikinci \u00fcr\u00fcn ekimi i\u00e7in k\u0131sa s\u00fcrede toprak haz\u0131rl\u0131\u011f\u0131n\u0131 tamamlamak, toprak i\u015flemede kolayl\u0131k sa\u011flamak, hastal\u0131k ve zararl\u0131larla m\u00fccadele edilmesi, yabanc\u0131 ot kontrol\u00fc gibi sebeplerle yasak oldu\u011fu halde an\u0131z yakma olaylar\u0131yla kar\u015f\u0131la\u015f\u0131l\u0131yor. Hububat hasad\u0131 sonras\u0131nda geriye kalan an\u0131z\u0131n yak\u0131lmas\u0131 orman yang\u0131nlar\u0131, telefon ve enerji iletim hatlar\u0131n\u0131n yanmas\u0131, sis olu\u015fumu nedeniyle \u00e7e\u015fitli trafik kazalar\u0131na yol a\u00e7mas\u0131, hasat edilmemi\u015f kom\u015fu tarlalara yang\u0131n s\u0131\u00e7ramas\u0131, yak\u0131n k\u00f6ylerdeki hayvan bar\u0131naklar\u0131n\u0131n ve yerle\u015fim birimlerinin yanmas\u0131 gibi bir\u00e7ok riskleri ortaya \u00e7\u0131kar\u0131yor.<br \/>\nANIZ YANGININA SEBEP OLANLARA YASAL \u0130\u015eLEM<br \/>\nKocaeli B\u00fcy\u00fck\u015fehir Belediyesi, can ve mal kayb\u0131na neden olan an\u0131z yang\u0131nlar\u0131 noktas\u0131nda olumsuz durumlar\u0131n ya\u015fanmamas\u0131 i\u00e7in vatanda\u015flar\u0131 uyar\u0131yor. An\u0131z yang\u0131n\u0131na sebebiyet verenler hakk\u0131nda 2872 say\u0131l\u0131 \u00c7evre Kanunu uyar\u0131nca yasal i\u015flem uygulan\u0131yor.\u00a0<\/p>\n<p>\u200bHaberin Al\u0131nt\u0131land\u0131\u011f\u0131 Kaynak: www.iskenderun.org<\/p>","protected":false},"excerpt":{"rendered":"<p>Kocaeli B\u00fcy\u00fck\u015fehir \u0130tfaiyesi, yol kenarlar\u0131na sigara izmariti at\u0131lmamas\u0131 ve an\u0131z yang\u0131nlar\u0131na sebep olunmamas\u0131 konusunda vatanda\u015flar\u0131 uyar\u0131yor.KOCAEL\u0130 (\u0130GFA) &#8211; B\u00fcy\u00fck\u015fehir Belediyesi \u0130tfaiyesi her y\u0131l yol kenarlar\u0131na at\u0131lan sigara izmaritlerinden kaynakl\u0131 onlarca yang\u0131n ihbar\u0131na gidiyor. At\u0131lan bu izmaritler, olu\u015fturdu\u011fu yang\u0131nlar\u0131n yan\u0131 s\u0131ra do\u011faya zarar veriyor ve \u00e7evresel kirlilik de olu\u015fturuyor. Kocaeli \u0130tfaiyesi yol kenarlar\u0131na sigara izmaritinin at\u0131lmamas\u0131 konusunda vatanda\u015flardan daha \u00f6zenli davran\u0131\u015f bekliyor. \u0130ZMAR\u0130T YANGIN \u00c7IKARAB\u0130L\u0130YOR \u00d6zellikle k\u0131rsal kesimdeki yollarda seyahat ederken ara\u00e7lardan yol kenarlar\u0131na at\u0131lan s\u00f6nd\u00fcr\u00fclmemi\u015f sigara izmaritleri tarla ve ormanl\u0131k alanlarda yang\u0131n \u00e7\u0131karabiliyor. \u00c7\u0131kan yang\u0131nlara h\u0131zl\u0131 bir \u015fekilde m\u00fcdahale eden Kocaeli \u0130tfaiyesi bu duruma kar\u015f\u0131 vatanda\u015flar\u0131 uyar\u0131yor. Yol kenar\u0131 yang\u0131nlar\u0131nda bir\u00e7ok canl\u0131 zarar g\u00f6rebildi\u011fi gibi do\u011fal bitki \u00f6rt\u00fcs\u00fc de bu yang\u0131nlardan etkilenebiliyor. Yaz aylar\u0131na girdi\u011fimiz ve hava s\u0131cakl\u0131klar\u0131n\u0131n y\u00fckseldi\u011fi bu d\u00f6nemde vatanda\u015flar\u0131n sigara izmaritini yere atmamalar\u0131 konusunda g\u00f6sterece\u011fi hassasiyet; mal, can, do\u011fal ya\u015fam\u0131n korunmas\u0131 ve temiz bir \u00e7evrenin devaml\u0131l\u0131\u011f\u0131 konusunda b\u00fcy\u00fck bir \u00f6nem ta\u015f\u0131yor. ANIZ YANGINLARINA D\u0130KKAT \u00d6zellikle hububat hasad\u0131ndan sonra ikinci \u00fcr\u00fcn ekimi i\u00e7in k\u0131sa s\u00fcrede toprak haz\u0131rl\u0131\u011f\u0131n\u0131 tamamlamak, toprak i\u015flemede kolayl\u0131k sa\u011flamak, hastal\u0131k ve zararl\u0131larla m\u00fccadele edilmesi, yabanc\u0131 ot kontrol\u00fc gibi sebeplerle yasak oldu\u011fu halde an\u0131z yakma olaylar\u0131yla kar\u015f\u0131la\u015f\u0131l\u0131yor. Hububat hasad\u0131 sonras\u0131nda geriye kalan an\u0131z\u0131n yak\u0131lmas\u0131 orman yang\u0131nlar\u0131, telefon ve enerji iletim hatlar\u0131n\u0131n yanmas\u0131, sis olu\u015fumu nedeniyle \u00e7e\u015fitli &hellip;<\/p>","protected":false},"author":1,"featured_media":0,"comment_status":"","ping_status":"open","sticky":false,"template":"","format":"standard","meta":{"_acf_changed":false,"footnotes":""},"categories":[24],"tags":[],"class_list":["post-128301","post","type-post","status-publish","format-standard","has-post-thumbnail","hentry","category-gundem"],"acf":[],"yoast_head":"<!-- This site is optimized with the Yoast SEO Premium plugin v26.6 (Yoast SEO v27.1.1) - https:\/\/yoast.com\/product\/yoast-seo-premium-wordpress\/ -->\n<title>Yol kenar\u0131na at\u0131lan izmaritler yang\u0131na davetiye \u00e7\u0131kar\u0131yor - Av. Deniz Can K\u0131z\u0131l<\/title>\n<meta name=\"robots\" content=\"index, follow, max-snippet:-1, max-image-preview:large, max-video-preview:-1\" \/>\n<link rel=\"canonical\" href=\"https:\/\/denizcankizil.tr\/uk\/haberler\/gundem\/yol-kenarina-atilan-izmaritler-yangina-davetiye-cikariyor\/\" \/>\n<meta property=\"og:locale\" content=\"uk_UA\" \/>\n<meta property=\"og:type\" content=\"article\" \/>\n<meta property=\"og:title\" content=\"Yol kenar\u0131na at\u0131lan izmaritler yang\u0131na davetiye \u00e7\u0131kar\u0131yor\" \/>\n<meta property=\"og:description\" content=\"Kocaeli B\u00fcy\u00fck\u015fehir \u0130tfaiyesi, yol kenarlar\u0131na sigara izmariti at\u0131lmamas\u0131 ve an\u0131z yang\u0131nlar\u0131na sebep olunmamas\u0131 konusunda vatanda\u015flar\u0131 uyar\u0131yor.KOCAEL\u0130 (\u0130GFA) &#8211; B\u00fcy\u00fck\u015fehir Belediyesi \u0130tfaiyesi her y\u0131l yol kenarlar\u0131na at\u0131lan sigara izmaritlerinden kaynakl\u0131 onlarca yang\u0131n ihbar\u0131na gidiyor. At\u0131lan bu izmaritler, olu\u015fturdu\u011fu yang\u0131nlar\u0131n yan\u0131 s\u0131ra do\u011faya zarar veriyor ve \u00e7evresel kirlilik de olu\u015fturuyor. Kocaeli \u0130tfaiyesi yol kenarlar\u0131na sigara izmaritinin at\u0131lmamas\u0131 konusunda vatanda\u015flardan daha \u00f6zenli davran\u0131\u015f bekliyor. \u0130ZMAR\u0130T YANGIN \u00c7IKARAB\u0130L\u0130YOR \u00d6zellikle k\u0131rsal kesimdeki yollarda seyahat ederken ara\u00e7lardan yol kenarlar\u0131na at\u0131lan s\u00f6nd\u00fcr\u00fclmemi\u015f sigara izmaritleri tarla ve ormanl\u0131k alanlarda yang\u0131n \u00e7\u0131karabiliyor. \u00c7\u0131kan yang\u0131nlara h\u0131zl\u0131 bir \u015fekilde m\u00fcdahale eden Kocaeli \u0130tfaiyesi bu duruma kar\u015f\u0131 vatanda\u015flar\u0131 uyar\u0131yor. Yol kenar\u0131 yang\u0131nlar\u0131nda bir\u00e7ok canl\u0131 zarar g\u00f6rebildi\u011fi gibi do\u011fal bitki \u00f6rt\u00fcs\u00fc de bu yang\u0131nlardan etkilenebiliyor. Yaz aylar\u0131na girdi\u011fimiz ve hava s\u0131cakl\u0131klar\u0131n\u0131n y\u00fckseldi\u011fi bu d\u00f6nemde vatanda\u015flar\u0131n sigara izmaritini yere atmamalar\u0131 konusunda g\u00f6sterece\u011fi hassasiyet; mal, can, do\u011fal ya\u015fam\u0131n korunmas\u0131 ve temiz bir \u00e7evrenin devaml\u0131l\u0131\u011f\u0131 konusunda b\u00fcy\u00fck bir \u00f6nem ta\u015f\u0131yor. ANIZ YANGINLARINA D\u0130KKAT \u00d6zellikle hububat hasad\u0131ndan sonra ikinci \u00fcr\u00fcn ekimi i\u00e7in k\u0131sa s\u00fcrede toprak haz\u0131rl\u0131\u011f\u0131n\u0131 tamamlamak, toprak i\u015flemede kolayl\u0131k sa\u011flamak, hastal\u0131k ve zararl\u0131larla m\u00fccadele edilmesi, yabanc\u0131 ot kontrol\u00fc gibi sebeplerle yasak oldu\u011fu halde an\u0131z yakma olaylar\u0131yla kar\u015f\u0131la\u015f\u0131l\u0131yor. Hububat hasad\u0131 sonras\u0131nda geriye kalan an\u0131z\u0131n yak\u0131lmas\u0131 orman yang\u0131nlar\u0131, telefon ve enerji iletim hatlar\u0131n\u0131n yanmas\u0131, sis olu\u015fumu nedeniyle \u00e7e\u015fitli &hellip;\" \/>\n<meta property=\"og:url\" content=\"https:\/\/denizcankizil.tr\/uk\/haberler\/gundem\/yol-kenarina-atilan-izmaritler-yangina-davetiye-cikariyor\/\" \/>\n<meta property=\"og:site_name\" content=\"Av. Deniz Can K\u0131z\u0131l\" \/>\n<meta property=\"article:published_time\" content=\"2025-06-27T11:42:43+00:00\" \/>\n<meta name=\"author\" content=\"admin\" \/>\n<meta name=\"twitter:card\" content=\"summary_large_image\" \/>\n<meta name=\"twitter:label1\" content=\"\u041d\u0430\u043f\u0438\u0441\u0430\u043d\u043e\" \/>\n\t<meta name=\"twitter:data1\" content=\"admin\" \/>\n\t<meta name=\"twitter:label2\" content=\"\u041f\u0440\u0438\u0431\u043b. \u0447\u0430\u0441 \u0447\u0438\u0442\u0430\u043d\u043d\u044f\" \/>\n\t<meta name=\"twitter:data2\" content=\"4 \u0445\u0432\u0438\u043b\u0438\u043d\u0438\" \/>\n<script type=\"application\/ld+json\" class=\"yoast-schema-graph\">{\"@context\":\"https:\/\/schema.org\",\"@graph\":[{\"@type\":\"Article\",\"@id\":\"https:\/\/denizcankizil.tr\/ru\/haberler\/gundem\/yol-kenarina-atilan-izmaritler-yangina-davetiye-cikariyor\/#article\",\"isPartOf\":{\"@id\":\"https:\/\/denizcankizil.tr\/ru\/haberler\/gundem\/yol-kenarina-atilan-izmaritler-yangina-davetiye-cikariyor\/\"},\"author\":{\"name\":\"admin\",\"@id\":\"https:\/\/denizcankizil.tr\/#\/schema\/person\/be3c05fe6a12686905512445d8185489\"},\"headline\":\"Yol kenar\u0131na at\u0131lan izmaritler yang\u0131na davetiye \u00e7\u0131kar\u0131yor\",\"datePublished\":\"2025-06-27T11:42:43+00:00\",\"mainEntityOfPage\":{\"@id\":\"https:\/\/denizcankizil.tr\/ru\/haberler\/gundem\/yol-kenarina-atilan-izmaritler-yangina-davetiye-cikariyor\/\"},\"wordCount\":811,\"publisher\":{\"@id\":\"https:\/\/denizcankizil.tr\/#organization\"},\"articleSection\":[\"G\u00fcndem\"],\"inLanguage\":\"uk\"},{\"@type\":\"WebPage\",\"@id\":\"https:\/\/denizcankizil.tr\/ru\/haberler\/gundem\/yol-kenarina-atilan-izmaritler-yangina-davetiye-cikariyor\/\",\"url\":\"https:\/\/denizcankizil.tr\/ru\/haberler\/gundem\/yol-kenarina-atilan-izmaritler-yangina-davetiye-cikariyor\/\",\"name\":\"Yol kenar\u0131na at\u0131lan izmaritler yang\u0131na davetiye \u00e7\u0131kar\u0131yor - Av. Deniz Can K\u0131z\u0131l\",\"isPartOf\":{\"@id\":\"https:\/\/denizcankizil.tr\/#website\"},\"datePublished\":\"2025-06-27T11:42:43+00:00\",\"breadcrumb\":{\"@id\":\"https:\/\/denizcankizil.tr\/ru\/haberler\/gundem\/yol-kenarina-atilan-izmaritler-yangina-davetiye-cikariyor\/#breadcrumb\"},\"inLanguage\":\"uk\",\"potentialAction\":[{\"@type\":\"ReadAction\",\"target\":[\"https:\/\/denizcankizil.tr\/ru\/haberler\/gundem\/yol-kenarina-atilan-izmaritler-yangina-davetiye-cikariyor\/\"]}]},{\"@type\":\"BreadcrumbList\",\"@id\":\"https:\/\/denizcankizil.tr\/ru\/haberler\/gundem\/yol-kenarina-atilan-izmaritler-yangina-davetiye-cikariyor\/#breadcrumb\",\"itemListElement\":[{\"@type\":\"ListItem\",\"position\":1,\"name\":\"Home\",\"item\":\"https:\/\/denizcankizil.tr\/de\/\"},{\"@type\":\"ListItem\",\"position\":2,\"name\":\"Yol kenar\u0131na at\u0131lan izmaritler yang\u0131na davetiye \u00e7\u0131kar\u0131yor\"}]},{\"@type\":\"WebSite\",\"@id\":\"https:\/\/denizcankizil.tr\/#website\",\"url\":\"https:\/\/denizcankizil.tr\/\",\"name\":\"Av. Deniz Can K\u0131z\u0131l\",\"description\":\"Avukat Deniz Can K\u0131z\u0131l Antalya Barosu\",\"publisher\":{\"@id\":\"https:\/\/denizcankizil.tr\/#organization\"},\"potentialAction\":[{\"@type\":\"SearchAction\",\"target\":{\"@type\":\"EntryPoint\",\"urlTemplate\":\"https:\/\/denizcankizil.tr\/?s={search_term_string}\"},\"query-input\":{\"@type\":\"PropertyValueSpecification\",\"valueRequired\":true,\"valueName\":\"search_term_string\"}}],\"inLanguage\":\"uk\"},{\"@type\":\"Organization\",\"@id\":\"https:\/\/denizcankizil.tr\/#organization\",\"name\":\"Av. Deniz Can K\u0131z\u0131l\",\"url\":\"https:\/\/denizcankizil.tr\/\",\"logo\":{\"@type\":\"ImageObject\",\"inLanguage\":\"uk\",\"@id\":\"https:\/\/denizcankizil.tr\/#\/schema\/logo\/image\/\",\"url\":\"https:\/\/denizcankizil.tr\/wp-content\/uploads\/2024\/10\/siyah-logo-svg.svg\",\"contentUrl\":\"https:\/\/denizcankizil.tr\/wp-content\/uploads\/2024\/10\/siyah-logo-svg.svg\",\"width\":1080,\"height\":1080,\"caption\":\"Av. Deniz Can K\u0131z\u0131l\"},\"image\":{\"@id\":\"https:\/\/denizcankizil.tr\/#\/schema\/logo\/image\/\"}},{\"@type\":\"Person\",\"@id\":\"https:\/\/denizcankizil.tr\/#\/schema\/person\/be3c05fe6a12686905512445d8185489\",\"name\":\"admin\",\"image\":{\"@type\":\"ImageObject\",\"inLanguage\":\"uk\",\"@id\":\"https:\/\/denizcankizil.tr\/#\/schema\/person\/image\/\",\"url\":\"https:\/\/secure.gravatar.com\/avatar\/c1fce94c830dc79107e174f890d7210541c4a63e8e5d816341794a2151c9d58c?s=96&d=mm&r=g\",\"contentUrl\":\"https:\/\/secure.gravatar.com\/avatar\/c1fce94c830dc79107e174f890d7210541c4a63e8e5d816341794a2151c9d58c?s=96&d=mm&r=g\",\"caption\":\"admin\"},\"sameAs\":[\"http:\/\/denizcankizil.tr\"],\"url\":\"https:\/\/www.iskenderun.org\/yol-kenarina-atilan-izmaritler-yangina-davetiye-cikariyor\"}]}<\/script>\n<!-- \/ Yoast SEO Premium plugin. -->","yoast_head_json":{"title":"Yol kenar\u0131na at\u0131lan izmaritler yang\u0131na davetiye \u00e7\u0131kar\u0131yor - Av. Deniz Can K\u0131z\u0131l","robots":{"index":"index","follow":"follow","max-snippet":"max-snippet:-1","max-image-preview":"max-image-preview:large","max-video-preview":"max-video-preview:-1"},"canonical":"https:\/\/denizcankizil.tr\/uk\/haberler\/gundem\/yol-kenarina-atilan-izmaritler-yangina-davetiye-cikariyor\/","og_locale":"uk_UA","og_type":"article","og_title":"Yol kenar\u0131na at\u0131lan izmaritler yang\u0131na davetiye \u00e7\u0131kar\u0131yor","og_description":"Kocaeli B\u00fcy\u00fck\u015fehir \u0130tfaiyesi, yol kenarlar\u0131na sigara izmariti at\u0131lmamas\u0131 ve an\u0131z yang\u0131nlar\u0131na sebep olunmamas\u0131 konusunda vatanda\u015flar\u0131 uyar\u0131yor.KOCAEL\u0130 (\u0130GFA) &#8211; B\u00fcy\u00fck\u015fehir Belediyesi \u0130tfaiyesi her y\u0131l yol kenarlar\u0131na at\u0131lan sigara izmaritlerinden kaynakl\u0131 onlarca yang\u0131n ihbar\u0131na gidiyor. At\u0131lan bu izmaritler, olu\u015fturdu\u011fu yang\u0131nlar\u0131n yan\u0131 s\u0131ra do\u011faya zarar veriyor ve \u00e7evresel kirlilik de olu\u015fturuyor. Kocaeli \u0130tfaiyesi yol kenarlar\u0131na sigara izmaritinin at\u0131lmamas\u0131 konusunda vatanda\u015flardan daha \u00f6zenli davran\u0131\u015f bekliyor. \u0130ZMAR\u0130T YANGIN \u00c7IKARAB\u0130L\u0130YOR \u00d6zellikle k\u0131rsal kesimdeki yollarda seyahat ederken ara\u00e7lardan yol kenarlar\u0131na at\u0131lan s\u00f6nd\u00fcr\u00fclmemi\u015f sigara izmaritleri tarla ve ormanl\u0131k alanlarda yang\u0131n \u00e7\u0131karabiliyor. \u00c7\u0131kan yang\u0131nlara h\u0131zl\u0131 bir \u015fekilde m\u00fcdahale eden Kocaeli \u0130tfaiyesi bu duruma kar\u015f\u0131 vatanda\u015flar\u0131 uyar\u0131yor. Yol kenar\u0131 yang\u0131nlar\u0131nda bir\u00e7ok canl\u0131 zarar g\u00f6rebildi\u011fi gibi do\u011fal bitki \u00f6rt\u00fcs\u00fc de bu yang\u0131nlardan etkilenebiliyor. Yaz aylar\u0131na girdi\u011fimiz ve hava s\u0131cakl\u0131klar\u0131n\u0131n y\u00fckseldi\u011fi bu d\u00f6nemde vatanda\u015flar\u0131n sigara izmaritini yere atmamalar\u0131 konusunda g\u00f6sterece\u011fi hassasiyet; mal, can, do\u011fal ya\u015fam\u0131n korunmas\u0131 ve temiz bir \u00e7evrenin devaml\u0131l\u0131\u011f\u0131 konusunda b\u00fcy\u00fck bir \u00f6nem ta\u015f\u0131yor. ANIZ YANGINLARINA D\u0130KKAT \u00d6zellikle hububat hasad\u0131ndan sonra ikinci \u00fcr\u00fcn ekimi i\u00e7in k\u0131sa s\u00fcrede toprak haz\u0131rl\u0131\u011f\u0131n\u0131 tamamlamak, toprak i\u015flemede kolayl\u0131k sa\u011flamak, hastal\u0131k ve zararl\u0131larla m\u00fccadele edilmesi, yabanc\u0131 ot kontrol\u00fc gibi sebeplerle yasak oldu\u011fu halde an\u0131z yakma olaylar\u0131yla kar\u015f\u0131la\u015f\u0131l\u0131yor. Hububat hasad\u0131 sonras\u0131nda geriye kalan an\u0131z\u0131n yak\u0131lmas\u0131 orman yang\u0131nlar\u0131, telefon ve enerji iletim hatlar\u0131n\u0131n yanmas\u0131, sis olu\u015fumu nedeniyle \u00e7e\u015fitli &hellip;","og_url":"https:\/\/denizcankizil.tr\/uk\/haberler\/gundem\/yol-kenarina-atilan-izmaritler-yangina-davetiye-cikariyor\/","og_site_name":"Av. Deniz Can K\u0131z\u0131l","article_published_time":"2025-06-27T11:42:43+00:00","author":"admin","twitter_card":"summary_large_image","twitter_misc":{"\u041d\u0430\u043f\u0438\u0441\u0430\u043d\u043e":"admin","\u041f\u0440\u0438\u0431\u043b. \u0447\u0430\u0441 \u0447\u0438\u0442\u0430\u043d\u043d\u044f":"4 \u0445\u0432\u0438\u043b\u0438\u043d\u0438"},"schema":{"@context":"https:\/\/schema.org","@graph":[{"@type":"Article","@id":"https:\/\/denizcankizil.tr\/ru\/haberler\/gundem\/yol-kenarina-atilan-izmaritler-yangina-davetiye-cikariyor\/#article","isPartOf":{"@id":"https:\/\/denizcankizil.tr\/ru\/haberler\/gundem\/yol-kenarina-atilan-izmaritler-yangina-davetiye-cikariyor\/"},"author":{"name":"admin","@id":"https:\/\/denizcankizil.tr\/#\/schema\/person\/be3c05fe6a12686905512445d8185489"},"headline":"Yol kenar\u0131na at\u0131lan izmaritler yang\u0131na davetiye \u00e7\u0131kar\u0131yor","datePublished":"2025-06-27T11:42:43+00:00","mainEntityOfPage":{"@id":"https:\/\/denizcankizil.tr\/ru\/haberler\/gundem\/yol-kenarina-atilan-izmaritler-yangina-davetiye-cikariyor\/"},"wordCount":811,"publisher":{"@id":"https:\/\/denizcankizil.tr\/#organization"},"articleSection":["G\u00fcndem"],"inLanguage":"uk"},{"@type":"WebPage","@id":"https:\/\/denizcankizil.tr\/ru\/haberler\/gundem\/yol-kenarina-atilan-izmaritler-yangina-davetiye-cikariyor\/","url":"https:\/\/denizcankizil.tr\/ru\/haberler\/gundem\/yol-kenarina-atilan-izmaritler-yangina-davetiye-cikariyor\/","name":"Yol kenar\u0131na at\u0131lan izmaritler yang\u0131na davetiye \u00e7\u0131kar\u0131yor - Av. Deniz Can K\u0131z\u0131l","isPartOf":{"@id":"https:\/\/denizcankizil.tr\/#website"},"datePublished":"2025-06-27T11:42:43+00:00","breadcrumb":{"@id":"https:\/\/denizcankizil.tr\/ru\/haberler\/gundem\/yol-kenarina-atilan-izmaritler-yangina-davetiye-cikariyor\/#breadcrumb"},"inLanguage":"uk","potentialAction":[{"@type":"ReadAction","target":["https:\/\/denizcankizil.tr\/ru\/haberler\/gundem\/yol-kenarina-atilan-izmaritler-yangina-davetiye-cikariyor\/"]}]},{"@type":"BreadcrumbList","@id":"https:\/\/denizcankizil.tr\/ru\/haberler\/gundem\/yol-kenarina-atilan-izmaritler-yangina-davetiye-cikariyor\/#breadcrumb","itemListElement":[{"@type":"ListItem","position":1,"name":"Home","item":"https:\/\/denizcankizil.tr\/de\/"},{"@type":"ListItem","position":2,"name":"Yol kenar\u0131na at\u0131lan izmaritler yang\u0131na davetiye \u00e7\u0131kar\u0131yor"}]},{"@type":"WebSite","@id":"https:\/\/denizcankizil.tr\/#website","url":"https:\/\/denizcankizil.tr\/","name":"Av. Deniz Can K\u0131z\u0131l","description":"Avukat Deniz Can K\u0131z\u0131l Antalya Barosu","publisher":{"@id":"https:\/\/denizcankizil.tr\/#organization"},"potentialAction":[{"@type":"SearchAction","target":{"@type":"EntryPoint","urlTemplate":"https:\/\/denizcankizil.tr\/?s={search_term_string}"},"query-input":{"@type":"PropertyValueSpecification","valueRequired":true,"valueName":"search_term_string"}}],"inLanguage":"uk"},{"@type":"Organization","@id":"https:\/\/denizcankizil.tr\/#organization","name":"Av. Deniz Can K\u0131z\u0131l","url":"https:\/\/denizcankizil.tr\/","logo":{"@type":"ImageObject","inLanguage":"uk","@id":"https:\/\/denizcankizil.tr\/#\/schema\/logo\/image\/","url":"https:\/\/denizcankizil.tr\/wp-content\/uploads\/2024\/10\/siyah-logo-svg.svg","contentUrl":"https:\/\/denizcankizil.tr\/wp-content\/uploads\/2024\/10\/siyah-logo-svg.svg","width":1080,"height":1080,"caption":"Av. Deniz Can K\u0131z\u0131l"},"image":{"@id":"https:\/\/denizcankizil.tr\/#\/schema\/logo\/image\/"}},{"@type":"Person","@id":"https:\/\/denizcankizil.tr\/#\/schema\/person\/be3c05fe6a12686905512445d8185489","name":"\u0430\u0434\u043c\u0456\u043d","image":{"@type":"ImageObject","inLanguage":"uk","@id":"https:\/\/denizcankizil.tr\/#\/schema\/person\/image\/","url":"https:\/\/secure.gravatar.com\/avatar\/c1fce94c830dc79107e174f890d7210541c4a63e8e5d816341794a2151c9d58c?s=96&d=mm&r=g","contentUrl":"https:\/\/secure.gravatar.com\/avatar\/c1fce94c830dc79107e174f890d7210541c4a63e8e5d816341794a2151c9d58c?s=96&d=mm&r=g","caption":"admin"},"sameAs":["http:\/\/denizcankizil.tr"],"url":"https:\/\/www.iskenderun.org\/yol-kenarina-atilan-izmaritler-yangina-davetiye-cikariyor"}]}},"_links":{"self":[{"href":"https:\/\/denizcankizil.tr\/uk\/wp-json\/wp\/v2\/posts\/128301","targetHints":{"allow":["GET"]}}],"collection":[{"href":"https:\/\/denizcankizil.tr\/uk\/wp-json\/wp\/v2\/posts"}],"about":[{"href":"https:\/\/denizcankizil.tr\/uk\/wp-json\/wp\/v2\/types\/post"}],"author":[{"embeddable":true,"href":"https:\/\/denizcankizil.tr\/uk\/wp-json\/wp\/v2\/users\/1"}],"replies":[{"embeddable":true,"href":"https:\/\/denizcankizil.tr\/uk\/wp-json\/wp\/v2\/comments?post=128301"}],"version-history":[{"count":0,"href":"https:\/\/denizcankizil.tr\/uk\/wp-json\/wp\/v2\/posts\/128301\/revisions"}],"wp:attachment":[{"href":"https:\/\/denizcankizil.tr\/uk\/wp-json\/wp\/v2\/media?parent=128301"}],"wp:term":[{"taxonomy":"category","embeddable":true,"href":"https:\/\/denizcankizil.tr\/uk\/wp-json\/wp\/v2\/categories?post=128301"},{"taxonomy":"post_tag","embeddable":true,"href":"https:\/\/denizcankizil.tr\/uk\/wp-json\/wp\/v2\/tags?post=128301"}],"curies":[{"name":"wp","href":"https:\/\/api.w.org\/{rel}","templated":true}]}}