{"id":128160,"date":"2025-06-27T12:41:16","date_gmt":"2025-06-27T09:41:16","guid":{"rendered":"https:\/\/denizcankizil.tr\/uncategorized-tr\/kizlarinin-intiharina-inanamayan-aile-karari-istinafa-tasiyor\/"},"modified":"2025-06-27T12:41:16","modified_gmt":"2025-06-27T09:41:16","slug":"kizlarinin-intiharina-inanamayan-aile-karari-istinafa-tasiyor","status":"publish","type":"post","link":"https:\/\/denizcankizil.tr\/uk\/haberler\/antalya\/kizlarinin-intiharina-inanamayan-aile-karari-istinafa-tasiyor\/","title":{"rendered":"K\u0131zlar\u0131n\u0131n intihar\u0131na inanamayan aile karar\u0131 istinafa ta\u015f\u0131yor"},"content":{"rendered":"<p>Antalya&#8217;n\u0131n Aksu il\u00e7esi Alt\u0131nta\u015f Mahallesi&#8217;nde 14 \u015eubat sabah\u0131 26 ya\u015f\u0131ndaki D\u00fcriye \u00c7i\u011fdem K., evinde t\u00fcfekle vurulmu\u015f halde \u00f6l\u00fc bulundu. E\u015fi H\u00fcsamettin K., sabah eve geldi\u011finde e\u015finin cans\u0131z bedeniyle kar\u015f\u0131la\u015ft\u0131\u011f\u0131n\u0131 belirterek 112 Acil \u00c7a\u011fr\u0131 Merkezi&#8217;ni arad\u0131. Olay yerine gelen sa\u011fl\u0131k ekipleri, gen\u00e7 kad\u0131n\u0131n hayat\u0131n\u0131 kaybetti\u011fini belirledi. Sehpa \u00fczerinde, el yaz\u0131s\u0131yla yaz\u0131ld\u0131\u011f\u0131 de\u011ferlendirilen ve intihara i\u015faret eden bir mektup bulundu.<br \/>\nAntalya Cumhuriyet Ba\u015fsavc\u0131l\u0131\u011f\u0131 taraf\u0131ndan haz\u0131rlanan iddianamede, H\u00fcsamettin K.&#8217;nin &#8220;e\u015fe kar\u015f\u0131 kasten \u00f6ld\u00fcrme&#8221; su\u00e7undan a\u011f\u0131rla\u015ft\u0131r\u0131lm\u0131\u015f m\u00fcebbet hapis cezas\u0131 istemiyle yarg\u0131lanmas\u0131 talep edildi. Mektup \u00fczerinde san\u0131\u011f\u0131n parmak izinin bulundu\u011fu, ancak el yaz\u0131s\u0131n\u0131n maktule ait oldu\u011funun kriminal raporla belirlendi\u011fi belirtildi.<br \/>\nAntalya 3. A\u011f\u0131r Ceza Mahkemesi&#8217;nde 23 Haziran&#8217;da g\u00f6r\u00fclen ilk duru\u015fmada savc\u0131l\u0131k, san\u0131\u011f\u0131n su\u00e7u i\u015fledi\u011fine dair \u015f\u00fcpheden uzak, kesin delil bulunmad\u0131\u011f\u0131 gerek\u00e7esiyle beraat m\u00fctalaas\u0131 sundu. Mahkeme heyeti, H\u00fcsamettin K.&#8217;nin beraatine ve tahliyesine karar verdi.<\/p>\n<p>&#8220;Evlili\u011fi \u00f6l\u00fcm i\u00e7in mi se\u00e7ti?&#8221;<br \/>\nDuru\u015fman\u0131n ard\u0131ndan konu\u015fan anne Dudu Karacan, k\u0131z\u0131n\u0131n intihar etti\u011fine inanamad\u0131\u011f\u0131n\u0131 belirterek ya\u015fad\u0131klar\u0131 s\u00fcreci \u015f\u00f6yle anlatt\u0131: &#8220;14 \u015eubat sabah\u0131 e\u015fim i\u015f yerine gitti\u011finde bir arkada\u015f\u0131ndan telefon geliyor. \u2018K\u0131z\u0131n\u0131z, damad\u0131n\u0131z kavga etmi\u015f \u00e7ok b\u00fcy\u00fck bir \u015fekilde. Gelir misiniz?&#8217; diyor. E\u015fim beni arad\u0131, \u2018K\u0131z\u0131 arar m\u0131s\u0131n&#8217; dedi. Arad\u0131m, telefon a\u00e7\u0131lmad\u0131. En sonunda biri \u00e7\u0131kt\u0131 telefona, gelmemiz gerekti\u011fini s\u00f6yledi. E\u015fim geldi, k\u0131z\u0131m\u0131z\u0131 da ald\u0131k, beraber gittik. Gitti\u011fimizde jandarma, olay yeri inceleme, ambulans herkes oradayd\u0131. Bizden 10 dakika sonra savc\u0131 geldi. Olay bitmi\u015f, benim k\u0131z\u0131m bitmi\u015f.&#8221;<br \/>\nK\u0131z\u0131n\u0131n hen\u00fcz 5 bu\u00e7uk ayl\u0131k evliyken vefat etti\u011fine dikkat \u00e7eken Karacan, &#8220;Be\u015f bu\u00e7uk ayl\u0131k evliydi benim k\u0131z\u0131m. Bu arada ne ya\u015fad\u0131, neyi ya\u015fad\u0131? Benim k\u0131z\u0131m hayat dolu bir insand\u0131. Ufak tefek \u015feylerden kendini mutlu eden bir insand\u0131. Evlili\u011fi \u00f6l\u00fcm i\u00e7in mi se\u00e7ti? Be\u015f bu\u00e7uk ayda ne ya\u015fad\u0131? \u0130nsan, evlili\u011fi yaparken, be\u015f bu\u00e7uk ay sonra \u2018annem babam gelsin cenazemi als\u0131n&#8217; m\u0131 der?&#8221; \u00fcz\u00fcnt\u00fcs\u00fcn\u00fc dile getirdi.<br \/>\nK\u0131z\u0131n\u0131n ki\u015fili\u011fine de vurgu yapan Karacan, &#8220;K\u0131z\u0131m hayvanlar\u0131 seven, insanlar\u0131 seven, \u00e7ocuklar\u0131 seven, ya\u015fam dolu bir insand\u0131. Arkada\u015f \u00e7evresine de sorabilirsiniz. B\u00f6yle ki\u015fili\u011fe sahip de\u011fildi. Bu be\u015f bu\u00e7uk ayda ne ya\u015fad\u0131ysa bu noktaya nas\u0131l geldiyse ara\u015ft\u0131r\u0131ls\u0131n istiyorum &#8221; diye konu\u015ftu.<\/p>\n<p>&#8220;Bu i\u015fin pe\u015fini b\u0131rakmayaca\u011f\u0131m&#8221;<br \/>\nBaba Ekrem Karacan ise, &#8220;Mahkemeye b\u00fcy\u00fck \u00fcmitlerle gitmi\u015ftik. \u00c7ok k\u0131sa s\u00fcren bir mahkeme tek celsede bitti. Bize \u2018\u015fikayet\u00e7i misiniz&#8217; diye sordular. \u2018\u015eikayet\u00e7iyiz&#8217; dedik&#8221; dedi.<br \/>\nOlay\u0131 \u00f6\u011frendikleri an\u0131 anlatan Karacan, &#8220;14 \u015eubat sabah\u0131 i\u015fe gitmi\u015ftim. Sual etme i\u015fi yap\u0131yorum. Saat 9-10 civar\u0131 bir arkada\u015f\u0131m aray\u0131p k\u0131z\u0131mla damad\u0131m\u0131n kavga etti\u011fini s\u00f6yledi. Sesi pek i\u00e7 a\u00e7\u0131c\u0131 de\u011fildi. \u2018Bana ger\u00e7ekleri s\u00f6yle, ne oldu?&#8217; dedim. \u2018Gel&#8217; deyip kapatt\u0131. E\u015fim, k\u00fc\u00e7\u00fck k\u0131z\u0131m, \u00fc\u00e7\u00fcm\u00fcz birlikte gittik. Jandarma oray\u0131 sarm\u0131\u015ft\u0131. Bizi i\u00e7eri bile almad\u0131lar. Jandarmayla konu\u015furken k\u0131z\u0131m\u0131n \u00f6ld\u00fc\u011f\u00fcn\u00fc s\u00f6ylediler. \u2018Ba\u015f\u0131n\u0131z sa\u011f olsun&#8217; dediler. Biz zaten orada bittik&#8221; ifadelerini kulland\u0131.<br \/>\nBaba Karacan, \u015f\u00f6yle devam etti: &#8220;Bir k\u0131z\u0131m kald\u0131 geriye. G\u00f6z\u00fcm gibi bak\u0131yorum. Ama ne yapal\u0131m? \u00c7ok b\u00fcy\u00fck ac\u0131lar ya\u015fad\u0131k. Allah d\u00fc\u015fman\u0131ma bile ya\u015fatmas\u0131n. Kimseye ya\u015fatmas\u0131n. A\u011flamakta g\u00f6z\u00fcm\u00fczde ya\u015f kalmad\u0131. Ben topra\u011fa girinceye kadar bu i\u015fin pe\u015fini b\u0131rakmayaca\u011f\u0131m.&#8221;<\/p>\n<p>&#8220;\u0130stinaf s\u00fcreci ba\u015flad\u0131&#8221;<br \/>\nMa\u011fdurun avukat\u0131 Erdem Ate\u015f, karar\u0131n ard\u0131ndan yapt\u0131\u011f\u0131 a\u00e7\u0131klamada, &#8220;\u0130ddianame, kad\u0131na ve e\u015fe y\u00f6nelik kasten \u00f6ld\u00fcrme nedeniyle a\u011f\u0131rla\u015ft\u0131r\u0131lm\u0131\u015f m\u00fcebbet sistemiyle a\u00e7\u0131ld\u0131. Savc\u0131 beraat m\u00fctalaas\u0131 verdi. Biz yaz\u0131l\u0131 savunmam\u0131z i\u00e7in s\u00fcre istedik ancak reddedilerek beraat karar\u0131 verildi&#8221; dedi.<br \/>\nKarar\u0131n istinafa ta\u015f\u0131nd\u0131\u011f\u0131n\u0131 belirten Ate\u015f, &#8220;Acele bir karar oldu\u011funu de\u011ferlendiriyoruz. B\u00f6lge adliye mahkemesinden bir sonu\u00e7 alaca\u011f\u0131m\u0131z\u0131 d\u00fc\u015f\u00fcn\u00fcyoruz. \u00c7\u00fcnk\u00fc ger\u00e7ekten \u00e7ok ciddi, i\u00e7erikleri yo\u011fun bir dosya&#8221; diye konu\u015ftu.<br \/>\nAte\u015f son olarak, &#8220;Adli t\u0131p profes\u00f6rleri ve a\u011f\u0131r ceza alan\u0131nda \u00e7al\u0131\u015fan hocalar\u0131m\u0131zla birlikte cevap dilek\u00e7emizi haz\u0131rl\u0131yoruz. \u00c7i\u011fdem geri gelmeyecek ama en az\u0131ndan bu sadece bu dosya de\u011fil, t\u00fcm kad\u0131nlar i\u00e7in de \u00f6nemli bir s\u00fcre\u00e7&#8221; ifadelerini kulland\u0131.<\/p>\n<p>Kaynak: www.kanalv.com.tr Haber Sitesinden Al\u0131nm\u0131\u015ft\u0131r.<\/p>","protected":false},"excerpt":{"rendered":"<p>Antalya&#8217;n\u0131n Aksu il\u00e7esi Alt\u0131nta\u015f Mahallesi&#8217;nde 14 \u015eubat sabah\u0131 26 ya\u015f\u0131ndaki D\u00fcriye \u00c7i\u011fdem K., evinde t\u00fcfekle vurulmu\u015f halde \u00f6l\u00fc bulundu. E\u015fi H\u00fcsamettin K., sabah eve geldi\u011finde e\u015finin cans\u0131z bedeniyle kar\u015f\u0131la\u015ft\u0131\u011f\u0131n\u0131 belirterek 112 Acil \u00c7a\u011fr\u0131 Merkezi&#8217;ni arad\u0131. Olay yerine gelen sa\u011fl\u0131k ekipleri, gen\u00e7 kad\u0131n\u0131n hayat\u0131n\u0131 kaybetti\u011fini belirledi. Sehpa \u00fczerinde, el yaz\u0131s\u0131yla yaz\u0131ld\u0131\u011f\u0131 de\u011ferlendirilen ve intihara i\u015faret eden bir mektup bulundu. Antalya Cumhuriyet Ba\u015fsavc\u0131l\u0131\u011f\u0131 taraf\u0131ndan haz\u0131rlanan iddianamede, H\u00fcsamettin K.&#8217;nin &#8220;e\u015fe kar\u015f\u0131 kasten \u00f6ld\u00fcrme&#8221; su\u00e7undan a\u011f\u0131rla\u015ft\u0131r\u0131lm\u0131\u015f m\u00fcebbet hapis cezas\u0131 istemiyle yarg\u0131lanmas\u0131 talep edildi. Mektup \u00fczerinde san\u0131\u011f\u0131n parmak izinin bulundu\u011fu, ancak el yaz\u0131s\u0131n\u0131n maktule ait oldu\u011funun kriminal raporla belirlendi\u011fi belirtildi. Antalya 3. A\u011f\u0131r Ceza Mahkemesi&#8217;nde 23 Haziran&#8217;da g\u00f6r\u00fclen ilk duru\u015fmada savc\u0131l\u0131k, san\u0131\u011f\u0131n su\u00e7u i\u015fledi\u011fine dair \u015f\u00fcpheden uzak, kesin delil bulunmad\u0131\u011f\u0131 gerek\u00e7esiyle beraat m\u00fctalaas\u0131 sundu. Mahkeme heyeti, H\u00fcsamettin K.&#8217;nin beraatine ve tahliyesine karar verdi. &#8220;Evlili\u011fi \u00f6l\u00fcm i\u00e7in mi se\u00e7ti?&#8221; Duru\u015fman\u0131n ard\u0131ndan konu\u015fan anne Dudu Karacan, k\u0131z\u0131n\u0131n intihar etti\u011fine inanamad\u0131\u011f\u0131n\u0131 belirterek ya\u015fad\u0131klar\u0131 s\u00fcreci \u015f\u00f6yle anlatt\u0131: &#8220;14 \u015eubat sabah\u0131 e\u015fim i\u015f yerine gitti\u011finde bir arkada\u015f\u0131ndan telefon geliyor. \u2018K\u0131z\u0131n\u0131z, damad\u0131n\u0131z kavga etmi\u015f \u00e7ok b\u00fcy\u00fck bir \u015fekilde. Gelir misiniz?&#8217; diyor. E\u015fim beni arad\u0131, \u2018K\u0131z\u0131 arar m\u0131s\u0131n&#8217; dedi. Arad\u0131m, telefon a\u00e7\u0131lmad\u0131. En sonunda biri \u00e7\u0131kt\u0131 telefona, gelmemiz gerekti\u011fini s\u00f6yledi. E\u015fim geldi, k\u0131z\u0131m\u0131z\u0131 da ald\u0131k, beraber gittik. Gitti\u011fimizde jandarma, olay yeri inceleme, &hellip;<\/p>","protected":false},"author":4,"featured_media":0,"comment_status":"","ping_status":"open","sticky":false,"template":"","format":"standard","meta":{"_acf_changed":false,"footnotes":""},"categories":[26],"tags":[],"class_list":["post-128160","post","type-post","status-publish","format-standard","hentry","category-antalya"],"acf":[],"yoast_head":"<!-- This site is optimized with the Yoast SEO Premium plugin v26.6 (Yoast SEO v27.1.1) - https:\/\/yoast.com\/product\/yoast-seo-premium-wordpress\/ -->\n<title>K\u0131zlar\u0131n\u0131n intihar\u0131na inanamayan aile karar\u0131 istinafa ta\u015f\u0131yor - Av. Deniz Can K\u0131z\u0131l<\/title>\n<meta name=\"robots\" content=\"index, follow, max-snippet:-1, max-image-preview:large, max-video-preview:-1\" \/>\n<link rel=\"canonical\" href=\"https:\/\/denizcankizil.tr\/uk\/haberler\/antalya\/kizlarinin-intiharina-inanamayan-aile-karari-istinafa-tasiyor\/\" \/>\n<meta property=\"og:locale\" content=\"uk_UA\" \/>\n<meta property=\"og:type\" content=\"article\" \/>\n<meta property=\"og:title\" content=\"K\u0131zlar\u0131n\u0131n intihar\u0131na inanamayan aile karar\u0131 istinafa ta\u015f\u0131yor\" \/>\n<meta property=\"og:description\" content=\"Antalya&#8217;n\u0131n Aksu il\u00e7esi Alt\u0131nta\u015f Mahallesi&#8217;nde 14 \u015eubat sabah\u0131 26 ya\u015f\u0131ndaki D\u00fcriye \u00c7i\u011fdem K., evinde t\u00fcfekle vurulmu\u015f halde \u00f6l\u00fc bulundu. E\u015fi H\u00fcsamettin K., sabah eve geldi\u011finde e\u015finin cans\u0131z bedeniyle kar\u015f\u0131la\u015ft\u0131\u011f\u0131n\u0131 belirterek 112 Acil \u00c7a\u011fr\u0131 Merkezi&#8217;ni arad\u0131. Olay yerine gelen sa\u011fl\u0131k ekipleri, gen\u00e7 kad\u0131n\u0131n hayat\u0131n\u0131 kaybetti\u011fini belirledi. Sehpa \u00fczerinde, el yaz\u0131s\u0131yla yaz\u0131ld\u0131\u011f\u0131 de\u011ferlendirilen ve intihara i\u015faret eden bir mektup bulundu. Antalya Cumhuriyet Ba\u015fsavc\u0131l\u0131\u011f\u0131 taraf\u0131ndan haz\u0131rlanan iddianamede, H\u00fcsamettin K.&#8217;nin &#8220;e\u015fe kar\u015f\u0131 kasten \u00f6ld\u00fcrme&#8221; su\u00e7undan a\u011f\u0131rla\u015ft\u0131r\u0131lm\u0131\u015f m\u00fcebbet hapis cezas\u0131 istemiyle yarg\u0131lanmas\u0131 talep edildi. Mektup \u00fczerinde san\u0131\u011f\u0131n parmak izinin bulundu\u011fu, ancak el yaz\u0131s\u0131n\u0131n maktule ait oldu\u011funun kriminal raporla belirlendi\u011fi belirtildi. Antalya 3. A\u011f\u0131r Ceza Mahkemesi&#8217;nde 23 Haziran&#8217;da g\u00f6r\u00fclen ilk duru\u015fmada savc\u0131l\u0131k, san\u0131\u011f\u0131n su\u00e7u i\u015fledi\u011fine dair \u015f\u00fcpheden uzak, kesin delil bulunmad\u0131\u011f\u0131 gerek\u00e7esiyle beraat m\u00fctalaas\u0131 sundu. Mahkeme heyeti, H\u00fcsamettin K.&#8217;nin beraatine ve tahliyesine karar verdi. &#8220;Evlili\u011fi \u00f6l\u00fcm i\u00e7in mi se\u00e7ti?&#8221; Duru\u015fman\u0131n ard\u0131ndan konu\u015fan anne Dudu Karacan, k\u0131z\u0131n\u0131n intihar etti\u011fine inanamad\u0131\u011f\u0131n\u0131 belirterek ya\u015fad\u0131klar\u0131 s\u00fcreci \u015f\u00f6yle anlatt\u0131: &#8220;14 \u015eubat sabah\u0131 e\u015fim i\u015f yerine gitti\u011finde bir arkada\u015f\u0131ndan telefon geliyor. \u2018K\u0131z\u0131n\u0131z, damad\u0131n\u0131z kavga etmi\u015f \u00e7ok b\u00fcy\u00fck bir \u015fekilde. Gelir misiniz?&#8217; diyor. E\u015fim beni arad\u0131, \u2018K\u0131z\u0131 arar m\u0131s\u0131n&#8217; dedi. Arad\u0131m, telefon a\u00e7\u0131lmad\u0131. En sonunda biri \u00e7\u0131kt\u0131 telefona, gelmemiz gerekti\u011fini s\u00f6yledi. E\u015fim geldi, k\u0131z\u0131m\u0131z\u0131 da ald\u0131k, beraber gittik. Gitti\u011fimizde jandarma, olay yeri inceleme, &hellip;\" \/>\n<meta property=\"og:url\" content=\"https:\/\/denizcankizil.tr\/uk\/haberler\/antalya\/kizlarinin-intiharina-inanamayan-aile-karari-istinafa-tasiyor\/\" \/>\n<meta property=\"og:site_name\" content=\"Av. Deniz Can K\u0131z\u0131l\" \/>\n<meta property=\"article:published_time\" content=\"2025-06-27T09:41:16+00:00\" \/>\n<meta name=\"author\" content=\"Av. Deniz Can K\u0131z\u0131l\" \/>\n<meta name=\"twitter:card\" content=\"summary_large_image\" \/>\n<meta name=\"twitter:label1\" content=\"\u041d\u0430\u043f\u0438\u0441\u0430\u043d\u043e\" \/>\n\t<meta name=\"twitter:data1\" content=\"Av. Deniz Can K\u0131z\u0131l\" \/>\n\t<meta name=\"twitter:label2\" content=\"\u041f\u0440\u0438\u0431\u043b. \u0447\u0430\u0441 \u0447\u0438\u0442\u0430\u043d\u043d\u044f\" \/>\n\t<meta name=\"twitter:data2\" content=\"4 \u0445\u0432\u0438\u043b\u0438\u043d\u0438\" \/>\n<script type=\"application\/ld+json\" class=\"yoast-schema-graph\">{\"@context\":\"https:\/\/schema.org\",\"@graph\":[{\"@type\":\"Article\",\"@id\":\"https:\/\/denizcankizil.tr\/uk\/haberler\/antalya\/kizlarinin-intiharina-inanamayan-aile-karari-istinafa-tasiyor\/#article\",\"isPartOf\":{\"@id\":\"https:\/\/denizcankizil.tr\/uk\/haberler\/antalya\/kizlarinin-intiharina-inanamayan-aile-karari-istinafa-tasiyor\/\"},\"author\":{\"name\":\"Av. Deniz Can K\u0131z\u0131l\",\"@id\":\"https:\/\/denizcankizil.tr\/#\/schema\/person\/5dc1b22991bd7ac833867c10afc9b0ff\"},\"headline\":\"K\u0131zlar\u0131n\u0131n intihar\u0131na inanamayan aile karar\u0131 istinafa ta\u015f\u0131yor\",\"datePublished\":\"2025-06-27T09:41:16+00:00\",\"mainEntityOfPage\":{\"@id\":\"https:\/\/denizcankizil.tr\/uk\/haberler\/antalya\/kizlarinin-intiharina-inanamayan-aile-karari-istinafa-tasiyor\/\"},\"wordCount\":844,\"publisher\":{\"@id\":\"https:\/\/denizcankizil.tr\/#organization\"},\"articleSection\":[\"Antalya\"],\"inLanguage\":\"uk\"},{\"@type\":\"WebPage\",\"@id\":\"https:\/\/denizcankizil.tr\/uk\/haberler\/antalya\/kizlarinin-intiharina-inanamayan-aile-karari-istinafa-tasiyor\/\",\"url\":\"https:\/\/denizcankizil.tr\/uk\/haberler\/antalya\/kizlarinin-intiharina-inanamayan-aile-karari-istinafa-tasiyor\/\",\"name\":\"K\u0131zlar\u0131n\u0131n intihar\u0131na inanamayan aile karar\u0131 istinafa ta\u015f\u0131yor - Av. Deniz Can K\u0131z\u0131l\",\"isPartOf\":{\"@id\":\"https:\/\/denizcankizil.tr\/#website\"},\"datePublished\":\"2025-06-27T09:41:16+00:00\",\"breadcrumb\":{\"@id\":\"https:\/\/denizcankizil.tr\/uk\/haberler\/antalya\/kizlarinin-intiharina-inanamayan-aile-karari-istinafa-tasiyor\/#breadcrumb\"},\"inLanguage\":\"uk\",\"potentialAction\":[{\"@type\":\"ReadAction\",\"target\":[\"https:\/\/denizcankizil.tr\/uk\/haberler\/antalya\/kizlarinin-intiharina-inanamayan-aile-karari-istinafa-tasiyor\/\"]}]},{\"@type\":\"BreadcrumbList\",\"@id\":\"https:\/\/denizcankizil.tr\/uk\/haberler\/antalya\/kizlarinin-intiharina-inanamayan-aile-karari-istinafa-tasiyor\/#breadcrumb\",\"itemListElement\":[{\"@type\":\"ListItem\",\"position\":1,\"name\":\"Home\",\"item\":\"https:\/\/denizcankizil.tr\/de\/\"},{\"@type\":\"ListItem\",\"position\":2,\"name\":\"K\u0131zlar\u0131n\u0131n intihar\u0131na inanamayan aile karar\u0131 istinafa ta\u015f\u0131yor\"}]},{\"@type\":\"WebSite\",\"@id\":\"https:\/\/denizcankizil.tr\/#website\",\"url\":\"https:\/\/denizcankizil.tr\/\",\"name\":\"Av. Deniz Can K\u0131z\u0131l\",\"description\":\"Avukat Deniz Can K\u0131z\u0131l Antalya Barosu\",\"publisher\":{\"@id\":\"https:\/\/denizcankizil.tr\/#organization\"},\"potentialAction\":[{\"@type\":\"SearchAction\",\"target\":{\"@type\":\"EntryPoint\",\"urlTemplate\":\"https:\/\/denizcankizil.tr\/?s={search_term_string}\"},\"query-input\":{\"@type\":\"PropertyValueSpecification\",\"valueRequired\":true,\"valueName\":\"search_term_string\"}}],\"inLanguage\":\"uk\"},{\"@type\":\"Organization\",\"@id\":\"https:\/\/denizcankizil.tr\/#organization\",\"name\":\"Av. Deniz Can K\u0131z\u0131l\",\"url\":\"https:\/\/denizcankizil.tr\/\",\"logo\":{\"@type\":\"ImageObject\",\"inLanguage\":\"uk\",\"@id\":\"https:\/\/denizcankizil.tr\/#\/schema\/logo\/image\/\",\"url\":\"https:\/\/denizcankizil.tr\/wp-content\/uploads\/2024\/10\/siyah-logo-svg.svg\",\"contentUrl\":\"https:\/\/denizcankizil.tr\/wp-content\/uploads\/2024\/10\/siyah-logo-svg.svg\",\"width\":1080,\"height\":1080,\"caption\":\"Av. Deniz Can K\u0131z\u0131l\"},\"image\":{\"@id\":\"https:\/\/denizcankizil.tr\/#\/schema\/logo\/image\/\"}},{\"@type\":\"Person\",\"@id\":\"https:\/\/denizcankizil.tr\/#\/schema\/person\/5dc1b22991bd7ac833867c10afc9b0ff\",\"name\":\"Av. Deniz Can K\u0131z\u0131l\",\"image\":{\"@type\":\"ImageObject\",\"inLanguage\":\"uk\",\"@id\":\"https:\/\/denizcankizil.tr\/#\/schema\/person\/image\/\",\"url\":\"https:\/\/secure.gravatar.com\/avatar\/a0b128fb9855c79efc976d5640eedb31dc35ec297594d6016d2cf7c60e975bb6?s=96&d=mm&r=g\",\"contentUrl\":\"https:\/\/secure.gravatar.com\/avatar\/a0b128fb9855c79efc976d5640eedb31dc35ec297594d6016d2cf7c60e975bb6?s=96&d=mm&r=g\",\"caption\":\"Av. Deniz Can K\u0131z\u0131l\"},\"sameAs\":[\"http:\/\/www.denizcankizil.tr\"],\"url\":\"https:\/\/denizcankizil.tr\/uk\/author\/denizcankizil\/\"}]}<\/script>\n<!-- \/ Yoast SEO Premium plugin. -->","yoast_head_json":{"title":"K\u0131zlar\u0131n\u0131n intihar\u0131na inanamayan aile karar\u0131 istinafa ta\u015f\u0131yor - Av. Deniz Can K\u0131z\u0131l","robots":{"index":"index","follow":"follow","max-snippet":"max-snippet:-1","max-image-preview":"max-image-preview:large","max-video-preview":"max-video-preview:-1"},"canonical":"https:\/\/denizcankizil.tr\/uk\/haberler\/antalya\/kizlarinin-intiharina-inanamayan-aile-karari-istinafa-tasiyor\/","og_locale":"uk_UA","og_type":"article","og_title":"K\u0131zlar\u0131n\u0131n intihar\u0131na inanamayan aile karar\u0131 istinafa ta\u015f\u0131yor","og_description":"Antalya&#8217;n\u0131n Aksu il\u00e7esi Alt\u0131nta\u015f Mahallesi&#8217;nde 14 \u015eubat sabah\u0131 26 ya\u015f\u0131ndaki D\u00fcriye \u00c7i\u011fdem K., evinde t\u00fcfekle vurulmu\u015f halde \u00f6l\u00fc bulundu. E\u015fi H\u00fcsamettin K., sabah eve geldi\u011finde e\u015finin cans\u0131z bedeniyle kar\u015f\u0131la\u015ft\u0131\u011f\u0131n\u0131 belirterek 112 Acil \u00c7a\u011fr\u0131 Merkezi&#8217;ni arad\u0131. Olay yerine gelen sa\u011fl\u0131k ekipleri, gen\u00e7 kad\u0131n\u0131n hayat\u0131n\u0131 kaybetti\u011fini belirledi. Sehpa \u00fczerinde, el yaz\u0131s\u0131yla yaz\u0131ld\u0131\u011f\u0131 de\u011ferlendirilen ve intihara i\u015faret eden bir mektup bulundu. Antalya Cumhuriyet Ba\u015fsavc\u0131l\u0131\u011f\u0131 taraf\u0131ndan haz\u0131rlanan iddianamede, H\u00fcsamettin K.&#8217;nin &#8220;e\u015fe kar\u015f\u0131 kasten \u00f6ld\u00fcrme&#8221; su\u00e7undan a\u011f\u0131rla\u015ft\u0131r\u0131lm\u0131\u015f m\u00fcebbet hapis cezas\u0131 istemiyle yarg\u0131lanmas\u0131 talep edildi. Mektup \u00fczerinde san\u0131\u011f\u0131n parmak izinin bulundu\u011fu, ancak el yaz\u0131s\u0131n\u0131n maktule ait oldu\u011funun kriminal raporla belirlendi\u011fi belirtildi. Antalya 3. A\u011f\u0131r Ceza Mahkemesi&#8217;nde 23 Haziran&#8217;da g\u00f6r\u00fclen ilk duru\u015fmada savc\u0131l\u0131k, san\u0131\u011f\u0131n su\u00e7u i\u015fledi\u011fine dair \u015f\u00fcpheden uzak, kesin delil bulunmad\u0131\u011f\u0131 gerek\u00e7esiyle beraat m\u00fctalaas\u0131 sundu. Mahkeme heyeti, H\u00fcsamettin K.&#8217;nin beraatine ve tahliyesine karar verdi. &#8220;Evlili\u011fi \u00f6l\u00fcm i\u00e7in mi se\u00e7ti?&#8221; Duru\u015fman\u0131n ard\u0131ndan konu\u015fan anne Dudu Karacan, k\u0131z\u0131n\u0131n intihar etti\u011fine inanamad\u0131\u011f\u0131n\u0131 belirterek ya\u015fad\u0131klar\u0131 s\u00fcreci \u015f\u00f6yle anlatt\u0131: &#8220;14 \u015eubat sabah\u0131 e\u015fim i\u015f yerine gitti\u011finde bir arkada\u015f\u0131ndan telefon geliyor. \u2018K\u0131z\u0131n\u0131z, damad\u0131n\u0131z kavga etmi\u015f \u00e7ok b\u00fcy\u00fck bir \u015fekilde. Gelir misiniz?&#8217; diyor. E\u015fim beni arad\u0131, \u2018K\u0131z\u0131 arar m\u0131s\u0131n&#8217; dedi. Arad\u0131m, telefon a\u00e7\u0131lmad\u0131. En sonunda biri \u00e7\u0131kt\u0131 telefona, gelmemiz gerekti\u011fini s\u00f6yledi. E\u015fim geldi, k\u0131z\u0131m\u0131z\u0131 da ald\u0131k, beraber gittik. Gitti\u011fimizde jandarma, olay yeri inceleme, &hellip;","og_url":"https:\/\/denizcankizil.tr\/uk\/haberler\/antalya\/kizlarinin-intiharina-inanamayan-aile-karari-istinafa-tasiyor\/","og_site_name":"Av. Deniz Can K\u0131z\u0131l","article_published_time":"2025-06-27T09:41:16+00:00","author":"Av. Deniz Can K\u0131z\u0131l","twitter_card":"summary_large_image","twitter_misc":{"\u041d\u0430\u043f\u0438\u0441\u0430\u043d\u043e":"Av. Deniz Can K\u0131z\u0131l","\u041f\u0440\u0438\u0431\u043b. \u0447\u0430\u0441 \u0447\u0438\u0442\u0430\u043d\u043d\u044f":"4 \u0445\u0432\u0438\u043b\u0438\u043d\u0438"},"schema":{"@context":"https:\/\/schema.org","@graph":[{"@type":"Article","@id":"https:\/\/denizcankizil.tr\/uk\/haberler\/antalya\/kizlarinin-intiharina-inanamayan-aile-karari-istinafa-tasiyor\/#article","isPartOf":{"@id":"https:\/\/denizcankizil.tr\/uk\/haberler\/antalya\/kizlarinin-intiharina-inanamayan-aile-karari-istinafa-tasiyor\/"},"author":{"name":"Av. Deniz Can K\u0131z\u0131l","@id":"https:\/\/denizcankizil.tr\/#\/schema\/person\/5dc1b22991bd7ac833867c10afc9b0ff"},"headline":"K\u0131zlar\u0131n\u0131n intihar\u0131na inanamayan aile karar\u0131 istinafa ta\u015f\u0131yor","datePublished":"2025-06-27T09:41:16+00:00","mainEntityOfPage":{"@id":"https:\/\/denizcankizil.tr\/uk\/haberler\/antalya\/kizlarinin-intiharina-inanamayan-aile-karari-istinafa-tasiyor\/"},"wordCount":844,"publisher":{"@id":"https:\/\/denizcankizil.tr\/#organization"},"articleSection":["Antalya"],"inLanguage":"uk"},{"@type":"WebPage","@id":"https:\/\/denizcankizil.tr\/uk\/haberler\/antalya\/kizlarinin-intiharina-inanamayan-aile-karari-istinafa-tasiyor\/","url":"https:\/\/denizcankizil.tr\/uk\/haberler\/antalya\/kizlarinin-intiharina-inanamayan-aile-karari-istinafa-tasiyor\/","name":"K\u0131zlar\u0131n\u0131n intihar\u0131na inanamayan aile karar\u0131 istinafa ta\u015f\u0131yor - Av. Deniz Can K\u0131z\u0131l","isPartOf":{"@id":"https:\/\/denizcankizil.tr\/#website"},"datePublished":"2025-06-27T09:41:16+00:00","breadcrumb":{"@id":"https:\/\/denizcankizil.tr\/uk\/haberler\/antalya\/kizlarinin-intiharina-inanamayan-aile-karari-istinafa-tasiyor\/#breadcrumb"},"inLanguage":"uk","potentialAction":[{"@type":"ReadAction","target":["https:\/\/denizcankizil.tr\/uk\/haberler\/antalya\/kizlarinin-intiharina-inanamayan-aile-karari-istinafa-tasiyor\/"]}]},{"@type":"BreadcrumbList","@id":"https:\/\/denizcankizil.tr\/uk\/haberler\/antalya\/kizlarinin-intiharina-inanamayan-aile-karari-istinafa-tasiyor\/#breadcrumb","itemListElement":[{"@type":"ListItem","position":1,"name":"Home","item":"https:\/\/denizcankizil.tr\/de\/"},{"@type":"ListItem","position":2,"name":"K\u0131zlar\u0131n\u0131n intihar\u0131na inanamayan aile karar\u0131 istinafa ta\u015f\u0131yor"}]},{"@type":"WebSite","@id":"https:\/\/denizcankizil.tr\/#website","url":"https:\/\/denizcankizil.tr\/","name":"Av. Deniz Can K\u0131z\u0131l","description":"Avukat Deniz Can K\u0131z\u0131l Antalya Barosu","publisher":{"@id":"https:\/\/denizcankizil.tr\/#organization"},"potentialAction":[{"@type":"SearchAction","target":{"@type":"EntryPoint","urlTemplate":"https:\/\/denizcankizil.tr\/?s={search_term_string}"},"query-input":{"@type":"PropertyValueSpecification","valueRequired":true,"valueName":"search_term_string"}}],"inLanguage":"uk"},{"@type":"Organization","@id":"https:\/\/denizcankizil.tr\/#organization","name":"Av. Deniz Can K\u0131z\u0131l","url":"https:\/\/denizcankizil.tr\/","logo":{"@type":"ImageObject","inLanguage":"uk","@id":"https:\/\/denizcankizil.tr\/#\/schema\/logo\/image\/","url":"https:\/\/denizcankizil.tr\/wp-content\/uploads\/2024\/10\/siyah-logo-svg.svg","contentUrl":"https:\/\/denizcankizil.tr\/wp-content\/uploads\/2024\/10\/siyah-logo-svg.svg","width":1080,"height":1080,"caption":"Av. Deniz Can K\u0131z\u0131l"},"image":{"@id":"https:\/\/denizcankizil.tr\/#\/schema\/logo\/image\/"}},{"@type":"Person","@id":"https:\/\/denizcankizil.tr\/#\/schema\/person\/5dc1b22991bd7ac833867c10afc9b0ff","name":"Av. Deniz Can K\u0131z\u0131l","image":{"@type":"ImageObject","inLanguage":"uk","@id":"https:\/\/denizcankizil.tr\/#\/schema\/person\/image\/","url":"https:\/\/secure.gravatar.com\/avatar\/a0b128fb9855c79efc976d5640eedb31dc35ec297594d6016d2cf7c60e975bb6?s=96&d=mm&r=g","contentUrl":"https:\/\/secure.gravatar.com\/avatar\/a0b128fb9855c79efc976d5640eedb31dc35ec297594d6016d2cf7c60e975bb6?s=96&d=mm&r=g","caption":"Av. Deniz Can K\u0131z\u0131l"},"sameAs":["http:\/\/www.denizcankizil.tr"],"url":"https:\/\/denizcankizil.tr\/uk\/author\/denizcankizil\/"}]}},"_links":{"self":[{"href":"https:\/\/denizcankizil.tr\/uk\/wp-json\/wp\/v2\/posts\/128160","targetHints":{"allow":["GET"]}}],"collection":[{"href":"https:\/\/denizcankizil.tr\/uk\/wp-json\/wp\/v2\/posts"}],"about":[{"href":"https:\/\/denizcankizil.tr\/uk\/wp-json\/wp\/v2\/types\/post"}],"author":[{"embeddable":true,"href":"https:\/\/denizcankizil.tr\/uk\/wp-json\/wp\/v2\/users\/4"}],"replies":[{"embeddable":true,"href":"https:\/\/denizcankizil.tr\/uk\/wp-json\/wp\/v2\/comments?post=128160"}],"version-history":[{"count":0,"href":"https:\/\/denizcankizil.tr\/uk\/wp-json\/wp\/v2\/posts\/128160\/revisions"}],"wp:attachment":[{"href":"https:\/\/denizcankizil.tr\/uk\/wp-json\/wp\/v2\/media?parent=128160"}],"wp:term":[{"taxonomy":"category","embeddable":true,"href":"https:\/\/denizcankizil.tr\/uk\/wp-json\/wp\/v2\/categories?post=128160"},{"taxonomy":"post_tag","embeddable":true,"href":"https:\/\/denizcankizil.tr\/uk\/wp-json\/wp\/v2\/tags?post=128160"}],"curies":[{"name":"wp","href":"https:\/\/api.w.org\/{rel}","templated":true}]}}