{"id":127108,"date":"2025-06-26T12:42:46","date_gmt":"2025-06-26T09:42:46","guid":{"rendered":"https:\/\/denizcankizil.tr\/uncategorized-tr\/ced-surecinde-yeni-kriterler-enerji-ve-madencilik-projelerine-yeni-kurallar\/"},"modified":"2025-06-26T12:42:46","modified_gmt":"2025-06-26T09:42:46","slug":"ced-surecinde-yeni-kriterler-enerji-ve-madencilik-projelerine-yeni-kurallar","status":"publish","type":"post","link":"https:\/\/denizcankizil.tr\/uk\/haberler\/gundem\/ced-surecinde-yeni-kriterler-enerji-ve-madencilik-projelerine-yeni-kurallar\/","title":{"rendered":"\u00c7ED s\u00fcrecinde yeni kriterler&#8230; Enerji ve madencilik projelerine yeni kurallar"},"content":{"rendered":"<p>\u00c7evre, \u015eehircilik ve \u0130klim De\u011fi\u015fikli\u011fi Bakanl\u0131\u011f\u0131, \u00c7evresel Etki De\u011ferlendirmesi Y\u00f6netmeli\u011fi\u2019nde de\u011fi\u015fiklik yapt\u0131. R\u00fczg\u00e2r, g\u00fcne\u015f enerjisi ve jeotermal projeler i\u00e7in yeni kriterlerin getirildi\u011fi de\u011fi\u015fikliklik y\u00f6netmeli\u011fi ile halk\u0131n bilgilendirilmesi s\u00fcreci g\u00fc\u00e7lendirildi.ANKARA (\u0130GFA) &#8211; \u00c7evre, \u015eehircilik ve \u0130klim De\u011fi\u015fikli\u011fi Bakanl\u0131\u011f\u0131, \u00c7evresel Etki De\u011ferlendirmesi (\u00c7ED) Y\u00f6netmeli\u011fi\u2019nde de\u011fi\u015fiklik yapt\u0131.<br \/>\nBug\u00fcnk\u00fc Resmi Gazete&#8217;de yay\u0131mlanarak y\u00fcr\u00fcrl\u00fc\u011fe giren d\u00fczenlemeler, halk\u0131n \u00c7ED s\u00fcrecine kat\u0131l\u0131m\u0131n\u0131 art\u0131rmak i\u00e7in duyurular\u0131n internette ve yerel alanlarda yap\u0131lmas\u0131n\u0131 zorunlu k\u0131ld\u0131.<br \/>\nY\u00f6netmeli\u011fin 8\u2019inci maddesinde yap\u0131lan de\u011fi\u015fiklikle, \u00c7ED s\u00fcrecine ili\u015fkin duyurular\u0131n Bakanl\u0131k ve il m\u00fcd\u00fcrl\u00fc\u011f\u00fc internet sitelerinde yay\u0131mlanmas\u0131 zorunlu hale getirildi. Ayr\u0131ca, projeden etkilenebilecek halk\u0131n ya\u015fad\u0131\u011f\u0131 yerlerde ask\u0131da ilan, anons ve benzeri y\u00f6ntemlerle bilgilendirme yap\u0131lmas\u0131 kararla\u015ft\u0131r\u0131ld\u0131. B\u00f6ylece, halk\u0131n \u00c7ED s\u00fcrecine kat\u0131l\u0131m\u0131 ve g\u00f6r\u00fc\u015f bildirme imk\u00e2n\u0131 g\u00fc\u00e7lendirildi.<br \/>\nR\u00fczg\u00e2r (15+ t\u00fcrbin ve deniz\u00fcst\u00fc), g\u00fcne\u015f (25 hektar+), jeotermal, madencilik (400.000 ton\/y\u0131l+ k\u0131rma-eleme), baraj (1 milyon m\u00b3+), yeralt\u0131 suyu (300.000 m\u00b3+) ve elektrik iletim hatlar\u0131 (154 kV+, 50 km+) projeleri i\u00e7in yeni \u00c7ED kriterleri belirlendi.<br \/>\nY\u00f6netmelik, \u00e7evre denetimlerini g\u00fc\u00e7lendirmeyi ve yat\u0131r\u0131mlar\u0131n \u00e7evresel etkilerini d\u00fczenlemeyi hedefliyor.<br \/>\nS\u00f6z konusu y\u00f6netmeli\u011fin detaylar\u0131na ula\u015fmak i\u00e7in t\u0131klayabilirsiniz<\/p>\n<p>\u200b\u00c7evre, \u015eehircilik ve \u0130klim De\u011fi\u015fikli\u011fi Bakanl\u0131\u011f\u0131, \u00c7evresel Etki De\u011ferlendirmesi Y\u00f6netmeli\u011fi\u2019nde de\u011fi\u015fiklik yapt\u0131. R\u00fczg\u00e2r, g\u00fcne\u015f enerjisi ve jeotermal projeler i\u00e7in yeni kriterlerin getirildi\u011fi de\u011fi\u015fikliklik y\u00f6netmeli\u011fi ile halk\u0131n bilgilendirilmesi s\u00fcreci g\u00fc\u00e7lendirildi.ANKARA (\u0130GFA) &#8211; \u00c7evre, \u015eehircilik ve \u0130klim De\u011fi\u015fikli\u011fi Bakanl\u0131\u011f\u0131, \u00c7evresel Etki De\u011ferlendirmesi (\u00c7ED) Y\u00f6netmeli\u011fi\u2019nde de\u011fi\u015fiklik yapt\u0131.<br \/>\nBug\u00fcnk\u00fc Resmi Gazete&#8217;de yay\u0131mlanarak y\u00fcr\u00fcrl\u00fc\u011fe giren d\u00fczenlemeler, halk\u0131n \u00c7ED s\u00fcrecine kat\u0131l\u0131m\u0131n\u0131 art\u0131rmak i\u00e7in duyurular\u0131n internette ve yerel alanlarda yap\u0131lmas\u0131n\u0131 zorunlu k\u0131ld\u0131.<br \/>\nY\u00f6netmeli\u011fin 8\u2019inci maddesinde yap\u0131lan de\u011fi\u015fiklikle, \u00c7ED s\u00fcrecine ili\u015fkin duyurular\u0131n Bakanl\u0131k ve il m\u00fcd\u00fcrl\u00fc\u011f\u00fc internet sitelerinde yay\u0131mlanmas\u0131 zorunlu hale getirildi. Ayr\u0131ca, projeden etkilenebilecek halk\u0131n ya\u015fad\u0131\u011f\u0131 yerlerde ask\u0131da ilan, anons ve benzeri y\u00f6ntemlerle bilgilendirme yap\u0131lmas\u0131 kararla\u015ft\u0131r\u0131ld\u0131. B\u00f6ylece, halk\u0131n \u00c7ED s\u00fcrecine kat\u0131l\u0131m\u0131 ve g\u00f6r\u00fc\u015f bildirme imk\u00e2n\u0131 g\u00fc\u00e7lendirildi.<br \/>\nR\u00fczg\u00e2r (15+ t\u00fcrbin ve deniz\u00fcst\u00fc), g\u00fcne\u015f (25 hektar+), jeotermal, madencilik (400.000 ton\/y\u0131l+ k\u0131rma-eleme), baraj (1 milyon m\u00b3+), yeralt\u0131 suyu (300.000 m\u00b3+) ve elektrik iletim hatlar\u0131 (154 kV+, 50 km+) projeleri i\u00e7in yeni \u00c7ED kriterleri belirlendi.<br \/>\nY\u00f6netmelik, \u00e7evre denetimlerini g\u00fc\u00e7lendirmeyi ve yat\u0131r\u0131mlar\u0131n \u00e7evresel etkilerini d\u00fczenlemeyi hedefliyor.<br \/>\nS\u00f6z konusu y\u00f6netmeli\u011fin detaylar\u0131na ula\u015fmak i\u00e7in t\u0131klayabilirsiniz\u00a0<\/p>\n<p>\u200bHaberin Al\u0131nt\u0131land\u0131\u011f\u0131 Kaynak: www.iskenderun.org<\/p>","protected":false},"excerpt":{"rendered":"<p>\u00c7evre, \u015eehircilik ve \u0130klim De\u011fi\u015fikli\u011fi Bakanl\u0131\u011f\u0131, \u00c7evresel Etki De\u011ferlendirmesi Y\u00f6netmeli\u011fi\u2019nde de\u011fi\u015fiklik yapt\u0131. R\u00fczg\u00e2r, g\u00fcne\u015f enerjisi ve jeotermal projeler i\u00e7in yeni kriterlerin getirildi\u011fi de\u011fi\u015fikliklik y\u00f6netmeli\u011fi ile halk\u0131n bilgilendirilmesi s\u00fcreci g\u00fc\u00e7lendirildi.ANKARA (\u0130GFA) &#8211; \u00c7evre, \u015eehircilik ve \u0130klim De\u011fi\u015fikli\u011fi Bakanl\u0131\u011f\u0131, \u00c7evresel Etki De\u011ferlendirmesi (\u00c7ED) Y\u00f6netmeli\u011fi\u2019nde de\u011fi\u015fiklik yapt\u0131. Bug\u00fcnk\u00fc Resmi Gazete&#8217;de yay\u0131mlanarak y\u00fcr\u00fcrl\u00fc\u011fe giren d\u00fczenlemeler, halk\u0131n \u00c7ED s\u00fcrecine kat\u0131l\u0131m\u0131n\u0131 art\u0131rmak i\u00e7in duyurular\u0131n internette ve yerel alanlarda yap\u0131lmas\u0131n\u0131 zorunlu k\u0131ld\u0131. Y\u00f6netmeli\u011fin 8\u2019inci maddesinde yap\u0131lan de\u011fi\u015fiklikle, \u00c7ED s\u00fcrecine ili\u015fkin duyurular\u0131n Bakanl\u0131k ve il m\u00fcd\u00fcrl\u00fc\u011f\u00fc internet sitelerinde yay\u0131mlanmas\u0131 zorunlu hale getirildi. Ayr\u0131ca, projeden etkilenebilecek halk\u0131n ya\u015fad\u0131\u011f\u0131 yerlerde ask\u0131da ilan, anons ve benzeri y\u00f6ntemlerle bilgilendirme yap\u0131lmas\u0131 kararla\u015ft\u0131r\u0131ld\u0131. B\u00f6ylece, halk\u0131n \u00c7ED s\u00fcrecine kat\u0131l\u0131m\u0131 ve g\u00f6r\u00fc\u015f bildirme imk\u00e2n\u0131 g\u00fc\u00e7lendirildi. R\u00fczg\u00e2r (15+ t\u00fcrbin ve deniz\u00fcst\u00fc), g\u00fcne\u015f (25 hektar+), jeotermal, madencilik (400.000 ton\/y\u0131l+ k\u0131rma-eleme), baraj (1 milyon m\u00b3+), yeralt\u0131 suyu (300.000 m\u00b3+) ve elektrik iletim hatlar\u0131 (154 kV+, 50 km+) projeleri i\u00e7in yeni \u00c7ED kriterleri belirlendi. Y\u00f6netmelik, \u00e7evre denetimlerini g\u00fc\u00e7lendirmeyi ve yat\u0131r\u0131mlar\u0131n \u00e7evresel etkilerini d\u00fczenlemeyi hedefliyor. S\u00f6z konusu y\u00f6netmeli\u011fin detaylar\u0131na ula\u015fmak i\u00e7in t\u0131klayabilirsiniz \u200b\u00c7evre, \u015eehircilik ve \u0130klim De\u011fi\u015fikli\u011fi Bakanl\u0131\u011f\u0131, \u00c7evresel Etki De\u011ferlendirmesi Y\u00f6netmeli\u011fi\u2019nde de\u011fi\u015fiklik yapt\u0131. R\u00fczg\u00e2r, g\u00fcne\u015f enerjisi ve jeotermal projeler i\u00e7in yeni kriterlerin getirildi\u011fi de\u011fi\u015fikliklik y\u00f6netmeli\u011fi ile halk\u0131n bilgilendirilmesi s\u00fcreci g\u00fc\u00e7lendirildi.ANKARA (\u0130GFA) &#8211; \u00c7evre, \u015eehircilik ve \u0130klim De\u011fi\u015fikli\u011fi Bakanl\u0131\u011f\u0131, \u00c7evresel Etki &hellip;<\/p>","protected":false},"author":1,"featured_media":0,"comment_status":"","ping_status":"open","sticky":false,"template":"","format":"standard","meta":{"_acf_changed":false,"footnotes":""},"categories":[24],"tags":[],"class_list":["post-127108","post","type-post","status-publish","format-standard","has-post-thumbnail","hentry","category-gundem"],"acf":[],"yoast_head":"<!-- This site is optimized with the Yoast SEO Premium plugin v26.6 (Yoast SEO v27.1.1) - https:\/\/yoast.com\/product\/yoast-seo-premium-wordpress\/ -->\n<title>\u00c7ED s\u00fcrecinde yeni kriterler... Enerji ve madencilik projelerine yeni kurallar - Av. Deniz Can K\u0131z\u0131l<\/title>\n<meta name=\"robots\" content=\"index, follow, max-snippet:-1, max-image-preview:large, max-video-preview:-1\" \/>\n<link rel=\"canonical\" href=\"https:\/\/denizcankizil.tr\/uk\/haberler\/gundem\/ced-surecinde-yeni-kriterler-enerji-ve-madencilik-projelerine-yeni-kurallar\/\" \/>\n<meta property=\"og:locale\" content=\"uk_UA\" \/>\n<meta property=\"og:type\" content=\"article\" \/>\n<meta property=\"og:title\" content=\"\u00c7ED s\u00fcrecinde yeni kriterler... Enerji ve madencilik projelerine yeni kurallar\" \/>\n<meta property=\"og:description\" content=\"\u00c7evre, \u015eehircilik ve \u0130klim De\u011fi\u015fikli\u011fi Bakanl\u0131\u011f\u0131, \u00c7evresel Etki De\u011ferlendirmesi Y\u00f6netmeli\u011fi\u2019nde de\u011fi\u015fiklik yapt\u0131. R\u00fczg\u00e2r, g\u00fcne\u015f enerjisi ve jeotermal projeler i\u00e7in yeni kriterlerin getirildi\u011fi de\u011fi\u015fikliklik y\u00f6netmeli\u011fi ile halk\u0131n bilgilendirilmesi s\u00fcreci g\u00fc\u00e7lendirildi.ANKARA (\u0130GFA) &#8211; \u00c7evre, \u015eehircilik ve \u0130klim De\u011fi\u015fikli\u011fi Bakanl\u0131\u011f\u0131, \u00c7evresel Etki De\u011ferlendirmesi (\u00c7ED) Y\u00f6netmeli\u011fi\u2019nde de\u011fi\u015fiklik yapt\u0131. Bug\u00fcnk\u00fc Resmi Gazete&#8217;de yay\u0131mlanarak y\u00fcr\u00fcrl\u00fc\u011fe giren d\u00fczenlemeler, halk\u0131n \u00c7ED s\u00fcrecine kat\u0131l\u0131m\u0131n\u0131 art\u0131rmak i\u00e7in duyurular\u0131n internette ve yerel alanlarda yap\u0131lmas\u0131n\u0131 zorunlu k\u0131ld\u0131. Y\u00f6netmeli\u011fin 8\u2019inci maddesinde yap\u0131lan de\u011fi\u015fiklikle, \u00c7ED s\u00fcrecine ili\u015fkin duyurular\u0131n Bakanl\u0131k ve il m\u00fcd\u00fcrl\u00fc\u011f\u00fc internet sitelerinde yay\u0131mlanmas\u0131 zorunlu hale getirildi. Ayr\u0131ca, projeden etkilenebilecek halk\u0131n ya\u015fad\u0131\u011f\u0131 yerlerde ask\u0131da ilan, anons ve benzeri y\u00f6ntemlerle bilgilendirme yap\u0131lmas\u0131 kararla\u015ft\u0131r\u0131ld\u0131. B\u00f6ylece, halk\u0131n \u00c7ED s\u00fcrecine kat\u0131l\u0131m\u0131 ve g\u00f6r\u00fc\u015f bildirme imk\u00e2n\u0131 g\u00fc\u00e7lendirildi. R\u00fczg\u00e2r (15+ t\u00fcrbin ve deniz\u00fcst\u00fc), g\u00fcne\u015f (25 hektar+), jeotermal, madencilik (400.000 ton\/y\u0131l+ k\u0131rma-eleme), baraj (1 milyon m\u00b3+), yeralt\u0131 suyu (300.000 m\u00b3+) ve elektrik iletim hatlar\u0131 (154 kV+, 50 km+) projeleri i\u00e7in yeni \u00c7ED kriterleri belirlendi. Y\u00f6netmelik, \u00e7evre denetimlerini g\u00fc\u00e7lendirmeyi ve yat\u0131r\u0131mlar\u0131n \u00e7evresel etkilerini d\u00fczenlemeyi hedefliyor. S\u00f6z konusu y\u00f6netmeli\u011fin detaylar\u0131na ula\u015fmak i\u00e7in t\u0131klayabilirsiniz \u200b\u00c7evre, \u015eehircilik ve \u0130klim De\u011fi\u015fikli\u011fi Bakanl\u0131\u011f\u0131, \u00c7evresel Etki De\u011ferlendirmesi Y\u00f6netmeli\u011fi\u2019nde de\u011fi\u015fiklik yapt\u0131. R\u00fczg\u00e2r, g\u00fcne\u015f enerjisi ve jeotermal projeler i\u00e7in yeni kriterlerin getirildi\u011fi de\u011fi\u015fikliklik y\u00f6netmeli\u011fi ile halk\u0131n bilgilendirilmesi s\u00fcreci g\u00fc\u00e7lendirildi.ANKARA (\u0130GFA) &#8211; \u00c7evre, \u015eehircilik ve \u0130klim De\u011fi\u015fikli\u011fi Bakanl\u0131\u011f\u0131, \u00c7evresel Etki &hellip;\" \/>\n<meta property=\"og:url\" content=\"https:\/\/denizcankizil.tr\/uk\/haberler\/gundem\/ced-surecinde-yeni-kriterler-enerji-ve-madencilik-projelerine-yeni-kurallar\/\" \/>\n<meta property=\"og:site_name\" content=\"Av. Deniz Can K\u0131z\u0131l\" \/>\n<meta property=\"article:published_time\" content=\"2025-06-26T09:42:46+00:00\" \/>\n<meta name=\"author\" content=\"admin\" \/>\n<meta name=\"twitter:card\" content=\"summary_large_image\" \/>\n<meta name=\"twitter:label1\" content=\"\u041d\u0430\u043f\u0438\u0441\u0430\u043d\u043e\" \/>\n\t<meta name=\"twitter:data1\" content=\"admin\" \/>\n\t<meta name=\"twitter:label2\" content=\"\u041f\u0440\u0438\u0431\u043b. \u0447\u0430\u0441 \u0447\u0438\u0442\u0430\u043d\u043d\u044f\" \/>\n\t<meta name=\"twitter:data2\" content=\"3 \u0445\u0432\u0438\u043b\u0438\u043d\u0438\" \/>\n<script type=\"application\/ld+json\" class=\"yoast-schema-graph\">{\"@context\":\"https:\/\/schema.org\",\"@graph\":[{\"@type\":\"Article\",\"@id\":\"https:\/\/denizcankizil.tr\/uk\/haberler\/gundem\/ced-surecinde-yeni-kriterler-enerji-ve-madencilik-projelerine-yeni-kurallar\/#article\",\"isPartOf\":{\"@id\":\"https:\/\/denizcankizil.tr\/uk\/haberler\/gundem\/ced-surecinde-yeni-kriterler-enerji-ve-madencilik-projelerine-yeni-kurallar\/\"},\"author\":{\"name\":\"admin\",\"@id\":\"https:\/\/denizcankizil.tr\/de\/#\/schema\/person\/be3c05fe6a12686905512445d8185489\"},\"headline\":\"\u00c7ED s\u00fcrecinde yeni kriterler&#8230; Enerji ve madencilik projelerine yeni kurallar\",\"datePublished\":\"2025-06-26T09:42:46+00:00\",\"mainEntityOfPage\":{\"@id\":\"https:\/\/denizcankizil.tr\/uk\/haberler\/gundem\/ced-surecinde-yeni-kriterler-enerji-ve-madencilik-projelerine-yeni-kurallar\/\"},\"wordCount\":527,\"publisher\":{\"@id\":\"https:\/\/denizcankizil.tr\/de\/#organization\"},\"articleSection\":[\"G\u00fcndem\"],\"inLanguage\":\"uk\"},{\"@type\":\"WebPage\",\"@id\":\"https:\/\/denizcankizil.tr\/uk\/haberler\/gundem\/ced-surecinde-yeni-kriterler-enerji-ve-madencilik-projelerine-yeni-kurallar\/\",\"url\":\"https:\/\/denizcankizil.tr\/uk\/haberler\/gundem\/ced-surecinde-yeni-kriterler-enerji-ve-madencilik-projelerine-yeni-kurallar\/\",\"name\":\"\u00c7ED s\u00fcrecinde yeni kriterler... Enerji ve madencilik projelerine yeni kurallar - Av. Deniz Can K\u0131z\u0131l\",\"isPartOf\":{\"@id\":\"https:\/\/denizcankizil.tr\/de\/#website\"},\"datePublished\":\"2025-06-26T09:42:46+00:00\",\"breadcrumb\":{\"@id\":\"https:\/\/denizcankizil.tr\/uk\/haberler\/gundem\/ced-surecinde-yeni-kriterler-enerji-ve-madencilik-projelerine-yeni-kurallar\/#breadcrumb\"},\"inLanguage\":\"uk\",\"potentialAction\":[{\"@type\":\"ReadAction\",\"target\":[\"https:\/\/denizcankizil.tr\/uk\/haberler\/gundem\/ced-surecinde-yeni-kriterler-enerji-ve-madencilik-projelerine-yeni-kurallar\/\"]}]},{\"@type\":\"BreadcrumbList\",\"@id\":\"https:\/\/denizcankizil.tr\/uk\/haberler\/gundem\/ced-surecinde-yeni-kriterler-enerji-ve-madencilik-projelerine-yeni-kurallar\/#breadcrumb\",\"itemListElement\":[{\"@type\":\"ListItem\",\"position\":1,\"name\":\"Home\",\"item\":\"https:\/\/denizcankizil.tr\/de\/\"},{\"@type\":\"ListItem\",\"position\":2,\"name\":\"\u00c7ED s\u00fcrecinde yeni kriterler&#8230; Enerji ve madencilik projelerine yeni kurallar\"}]},{\"@type\":\"WebSite\",\"@id\":\"https:\/\/denizcankizil.tr\/de\/#website\",\"url\":\"https:\/\/denizcankizil.tr\/de\/\",\"name\":\"Av. Deniz Can K\u0131z\u0131l\",\"description\":\"Avukat Deniz Can K\u0131z\u0131l Antalya Barosu\",\"publisher\":{\"@id\":\"https:\/\/denizcankizil.tr\/de\/#organization\"},\"potentialAction\":[{\"@type\":\"SearchAction\",\"target\":{\"@type\":\"EntryPoint\",\"urlTemplate\":\"https:\/\/denizcankizil.tr\/de\/?s={search_term_string}\"},\"query-input\":{\"@type\":\"PropertyValueSpecification\",\"valueRequired\":true,\"valueName\":\"search_term_string\"}}],\"inLanguage\":\"uk\"},{\"@type\":\"Organization\",\"@id\":\"https:\/\/denizcankizil.tr\/de\/#organization\",\"name\":\"Av. Deniz Can K\u0131z\u0131l\",\"url\":\"https:\/\/denizcankizil.tr\/de\/\",\"logo\":{\"@type\":\"ImageObject\",\"inLanguage\":\"uk\",\"@id\":\"https:\/\/denizcankizil.tr\/de\/#\/schema\/logo\/image\/\",\"url\":\"https:\/\/denizcankizil.tr\/wp-content\/uploads\/2024\/10\/siyah-logo-svg.svg\",\"contentUrl\":\"https:\/\/denizcankizil.tr\/wp-content\/uploads\/2024\/10\/siyah-logo-svg.svg\",\"width\":1080,\"height\":1080,\"caption\":\"Av. Deniz Can K\u0131z\u0131l\"},\"image\":{\"@id\":\"https:\/\/denizcankizil.tr\/de\/#\/schema\/logo\/image\/\"}},{\"@type\":\"Person\",\"@id\":\"https:\/\/denizcankizil.tr\/de\/#\/schema\/person\/be3c05fe6a12686905512445d8185489\",\"name\":\"admin\",\"image\":{\"@type\":\"ImageObject\",\"inLanguage\":\"uk\",\"@id\":\"https:\/\/denizcankizil.tr\/de\/#\/schema\/person\/image\/\",\"url\":\"https:\/\/secure.gravatar.com\/avatar\/c1fce94c830dc79107e174f890d7210541c4a63e8e5d816341794a2151c9d58c?s=96&d=mm&r=g\",\"contentUrl\":\"https:\/\/secure.gravatar.com\/avatar\/c1fce94c830dc79107e174f890d7210541c4a63e8e5d816341794a2151c9d58c?s=96&d=mm&r=g\",\"caption\":\"admin\"},\"sameAs\":[\"http:\/\/denizcankizil.tr\"],\"url\":\"https:\/\/www.iskenderun.org\/ced-surecinde-yeni-kriterler-enerji-ve-madencilik-projelerine-yeni-kurallar\"}]}<\/script>\n<!-- \/ Yoast SEO Premium plugin. -->","yoast_head_json":{"title":"\u00c7ED s\u00fcrecinde yeni kriterler... Enerji ve madencilik projelerine yeni kurallar - Av. Deniz Can K\u0131z\u0131l","robots":{"index":"index","follow":"follow","max-snippet":"max-snippet:-1","max-image-preview":"max-image-preview:large","max-video-preview":"max-video-preview:-1"},"canonical":"https:\/\/denizcankizil.tr\/uk\/haberler\/gundem\/ced-surecinde-yeni-kriterler-enerji-ve-madencilik-projelerine-yeni-kurallar\/","og_locale":"uk_UA","og_type":"article","og_title":"\u00c7ED s\u00fcrecinde yeni kriterler... Enerji ve madencilik projelerine yeni kurallar","og_description":"\u00c7evre, \u015eehircilik ve \u0130klim De\u011fi\u015fikli\u011fi Bakanl\u0131\u011f\u0131, \u00c7evresel Etki De\u011ferlendirmesi Y\u00f6netmeli\u011fi\u2019nde de\u011fi\u015fiklik yapt\u0131. R\u00fczg\u00e2r, g\u00fcne\u015f enerjisi ve jeotermal projeler i\u00e7in yeni kriterlerin getirildi\u011fi de\u011fi\u015fikliklik y\u00f6netmeli\u011fi ile halk\u0131n bilgilendirilmesi s\u00fcreci g\u00fc\u00e7lendirildi.ANKARA (\u0130GFA) &#8211; \u00c7evre, \u015eehircilik ve \u0130klim De\u011fi\u015fikli\u011fi Bakanl\u0131\u011f\u0131, \u00c7evresel Etki De\u011ferlendirmesi (\u00c7ED) Y\u00f6netmeli\u011fi\u2019nde de\u011fi\u015fiklik yapt\u0131. Bug\u00fcnk\u00fc Resmi Gazete&#8217;de yay\u0131mlanarak y\u00fcr\u00fcrl\u00fc\u011fe giren d\u00fczenlemeler, halk\u0131n \u00c7ED s\u00fcrecine kat\u0131l\u0131m\u0131n\u0131 art\u0131rmak i\u00e7in duyurular\u0131n internette ve yerel alanlarda yap\u0131lmas\u0131n\u0131 zorunlu k\u0131ld\u0131. Y\u00f6netmeli\u011fin 8\u2019inci maddesinde yap\u0131lan de\u011fi\u015fiklikle, \u00c7ED s\u00fcrecine ili\u015fkin duyurular\u0131n Bakanl\u0131k ve il m\u00fcd\u00fcrl\u00fc\u011f\u00fc internet sitelerinde yay\u0131mlanmas\u0131 zorunlu hale getirildi. Ayr\u0131ca, projeden etkilenebilecek halk\u0131n ya\u015fad\u0131\u011f\u0131 yerlerde ask\u0131da ilan, anons ve benzeri y\u00f6ntemlerle bilgilendirme yap\u0131lmas\u0131 kararla\u015ft\u0131r\u0131ld\u0131. B\u00f6ylece, halk\u0131n \u00c7ED s\u00fcrecine kat\u0131l\u0131m\u0131 ve g\u00f6r\u00fc\u015f bildirme imk\u00e2n\u0131 g\u00fc\u00e7lendirildi. R\u00fczg\u00e2r (15+ t\u00fcrbin ve deniz\u00fcst\u00fc), g\u00fcne\u015f (25 hektar+), jeotermal, madencilik (400.000 ton\/y\u0131l+ k\u0131rma-eleme), baraj (1 milyon m\u00b3+), yeralt\u0131 suyu (300.000 m\u00b3+) ve elektrik iletim hatlar\u0131 (154 kV+, 50 km+) projeleri i\u00e7in yeni \u00c7ED kriterleri belirlendi. Y\u00f6netmelik, \u00e7evre denetimlerini g\u00fc\u00e7lendirmeyi ve yat\u0131r\u0131mlar\u0131n \u00e7evresel etkilerini d\u00fczenlemeyi hedefliyor. S\u00f6z konusu y\u00f6netmeli\u011fin detaylar\u0131na ula\u015fmak i\u00e7in t\u0131klayabilirsiniz \u200b\u00c7evre, \u015eehircilik ve \u0130klim De\u011fi\u015fikli\u011fi Bakanl\u0131\u011f\u0131, \u00c7evresel Etki De\u011ferlendirmesi Y\u00f6netmeli\u011fi\u2019nde de\u011fi\u015fiklik yapt\u0131. R\u00fczg\u00e2r, g\u00fcne\u015f enerjisi ve jeotermal projeler i\u00e7in yeni kriterlerin getirildi\u011fi de\u011fi\u015fikliklik y\u00f6netmeli\u011fi ile halk\u0131n bilgilendirilmesi s\u00fcreci g\u00fc\u00e7lendirildi.ANKARA (\u0130GFA) &#8211; \u00c7evre, \u015eehircilik ve \u0130klim De\u011fi\u015fikli\u011fi Bakanl\u0131\u011f\u0131, \u00c7evresel Etki &hellip;","og_url":"https:\/\/denizcankizil.tr\/uk\/haberler\/gundem\/ced-surecinde-yeni-kriterler-enerji-ve-madencilik-projelerine-yeni-kurallar\/","og_site_name":"Av. Deniz Can K\u0131z\u0131l","article_published_time":"2025-06-26T09:42:46+00:00","author":"admin","twitter_card":"summary_large_image","twitter_misc":{"\u041d\u0430\u043f\u0438\u0441\u0430\u043d\u043e":"admin","\u041f\u0440\u0438\u0431\u043b. \u0447\u0430\u0441 \u0447\u0438\u0442\u0430\u043d\u043d\u044f":"3 \u0445\u0432\u0438\u043b\u0438\u043d\u0438"},"schema":{"@context":"https:\/\/schema.org","@graph":[{"@type":"Article","@id":"https:\/\/denizcankizil.tr\/uk\/haberler\/gundem\/ced-surecinde-yeni-kriterler-enerji-ve-madencilik-projelerine-yeni-kurallar\/#article","isPartOf":{"@id":"https:\/\/denizcankizil.tr\/uk\/haberler\/gundem\/ced-surecinde-yeni-kriterler-enerji-ve-madencilik-projelerine-yeni-kurallar\/"},"author":{"name":"admin","@id":"https:\/\/denizcankizil.tr\/de\/#\/schema\/person\/be3c05fe6a12686905512445d8185489"},"headline":"\u00c7ED s\u00fcrecinde yeni kriterler&#8230; Enerji ve madencilik projelerine yeni kurallar","datePublished":"2025-06-26T09:42:46+00:00","mainEntityOfPage":{"@id":"https:\/\/denizcankizil.tr\/uk\/haberler\/gundem\/ced-surecinde-yeni-kriterler-enerji-ve-madencilik-projelerine-yeni-kurallar\/"},"wordCount":527,"publisher":{"@id":"https:\/\/denizcankizil.tr\/de\/#organization"},"articleSection":["G\u00fcndem"],"inLanguage":"uk"},{"@type":"WebPage","@id":"https:\/\/denizcankizil.tr\/uk\/haberler\/gundem\/ced-surecinde-yeni-kriterler-enerji-ve-madencilik-projelerine-yeni-kurallar\/","url":"https:\/\/denizcankizil.tr\/uk\/haberler\/gundem\/ced-surecinde-yeni-kriterler-enerji-ve-madencilik-projelerine-yeni-kurallar\/","name":"\u00c7ED s\u00fcrecinde yeni kriterler... Enerji ve madencilik projelerine yeni kurallar - Av. Deniz Can K\u0131z\u0131l","isPartOf":{"@id":"https:\/\/denizcankizil.tr\/de\/#website"},"datePublished":"2025-06-26T09:42:46+00:00","breadcrumb":{"@id":"https:\/\/denizcankizil.tr\/uk\/haberler\/gundem\/ced-surecinde-yeni-kriterler-enerji-ve-madencilik-projelerine-yeni-kurallar\/#breadcrumb"},"inLanguage":"uk","potentialAction":[{"@type":"ReadAction","target":["https:\/\/denizcankizil.tr\/uk\/haberler\/gundem\/ced-surecinde-yeni-kriterler-enerji-ve-madencilik-projelerine-yeni-kurallar\/"]}]},{"@type":"BreadcrumbList","@id":"https:\/\/denizcankizil.tr\/uk\/haberler\/gundem\/ced-surecinde-yeni-kriterler-enerji-ve-madencilik-projelerine-yeni-kurallar\/#breadcrumb","itemListElement":[{"@type":"ListItem","position":1,"name":"Home","item":"https:\/\/denizcankizil.tr\/de\/"},{"@type":"ListItem","position":2,"name":"\u00c7ED s\u00fcrecinde yeni kriterler&#8230; Enerji ve madencilik projelerine yeni kurallar"}]},{"@type":"WebSite","@id":"https:\/\/denizcankizil.tr\/de\/#website","url":"https:\/\/denizcankizil.tr\/de\/","name":"Av. Deniz Can K\u0131z\u0131l","description":"Avukat Deniz Can K\u0131z\u0131l Antalya Barosu","publisher":{"@id":"https:\/\/denizcankizil.tr\/de\/#organization"},"potentialAction":[{"@type":"SearchAction","target":{"@type":"EntryPoint","urlTemplate":"https:\/\/denizcankizil.tr\/de\/?s={search_term_string}"},"query-input":{"@type":"PropertyValueSpecification","valueRequired":true,"valueName":"search_term_string"}}],"inLanguage":"uk"},{"@type":"Organization","@id":"https:\/\/denizcankizil.tr\/de\/#organization","name":"Av. Deniz Can K\u0131z\u0131l","url":"https:\/\/denizcankizil.tr\/de\/","logo":{"@type":"ImageObject","inLanguage":"uk","@id":"https:\/\/denizcankizil.tr\/de\/#\/schema\/logo\/image\/","url":"https:\/\/denizcankizil.tr\/wp-content\/uploads\/2024\/10\/siyah-logo-svg.svg","contentUrl":"https:\/\/denizcankizil.tr\/wp-content\/uploads\/2024\/10\/siyah-logo-svg.svg","width":1080,"height":1080,"caption":"Av. Deniz Can K\u0131z\u0131l"},"image":{"@id":"https:\/\/denizcankizil.tr\/de\/#\/schema\/logo\/image\/"}},{"@type":"Person","@id":"https:\/\/denizcankizil.tr\/de\/#\/schema\/person\/be3c05fe6a12686905512445d8185489","name":"\u0430\u0434\u043c\u0456\u043d","image":{"@type":"ImageObject","inLanguage":"uk","@id":"https:\/\/denizcankizil.tr\/de\/#\/schema\/person\/image\/","url":"https:\/\/secure.gravatar.com\/avatar\/c1fce94c830dc79107e174f890d7210541c4a63e8e5d816341794a2151c9d58c?s=96&d=mm&r=g","contentUrl":"https:\/\/secure.gravatar.com\/avatar\/c1fce94c830dc79107e174f890d7210541c4a63e8e5d816341794a2151c9d58c?s=96&d=mm&r=g","caption":"admin"},"sameAs":["http:\/\/denizcankizil.tr"],"url":"https:\/\/www.iskenderun.org\/ced-surecinde-yeni-kriterler-enerji-ve-madencilik-projelerine-yeni-kurallar"}]}},"_links":{"self":[{"href":"https:\/\/denizcankizil.tr\/uk\/wp-json\/wp\/v2\/posts\/127108","targetHints":{"allow":["GET"]}}],"collection":[{"href":"https:\/\/denizcankizil.tr\/uk\/wp-json\/wp\/v2\/posts"}],"about":[{"href":"https:\/\/denizcankizil.tr\/uk\/wp-json\/wp\/v2\/types\/post"}],"author":[{"embeddable":true,"href":"https:\/\/denizcankizil.tr\/uk\/wp-json\/wp\/v2\/users\/1"}],"replies":[{"embeddable":true,"href":"https:\/\/denizcankizil.tr\/uk\/wp-json\/wp\/v2\/comments?post=127108"}],"version-history":[{"count":0,"href":"https:\/\/denizcankizil.tr\/uk\/wp-json\/wp\/v2\/posts\/127108\/revisions"}],"wp:attachment":[{"href":"https:\/\/denizcankizil.tr\/uk\/wp-json\/wp\/v2\/media?parent=127108"}],"wp:term":[{"taxonomy":"category","embeddable":true,"href":"https:\/\/denizcankizil.tr\/uk\/wp-json\/wp\/v2\/categories?post=127108"},{"taxonomy":"post_tag","embeddable":true,"href":"https:\/\/denizcankizil.tr\/uk\/wp-json\/wp\/v2\/tags?post=127108"}],"curies":[{"name":"wp","href":"https:\/\/api.w.org\/{rel}","templated":true}]}}