{"id":127068,"date":"2025-06-26T12:41:22","date_gmt":"2025-06-26T09:41:22","guid":{"rendered":"https:\/\/denizcankizil.tr\/uncategorized-tr\/bakan-uraloglu-tarih-verdi-mersin-adana-osmaniye-hizli-tren-projesinde-sona-geliniyor\/"},"modified":"2025-06-26T12:41:22","modified_gmt":"2025-06-26T09:41:22","slug":"bakan-uraloglu-tarih-verdi-mersin-adana-osmaniye-hizli-tren-projesinde-sona-geliniyor","status":"publish","type":"post","link":"https:\/\/denizcankizil.tr\/uk\/haberler\/gundem\/bakan-uraloglu-tarih-verdi-mersin-adana-osmaniye-hizli-tren-projesinde-sona-geliniyor\/","title":{"rendered":"Bakan Uralo\u011flu tarih verdi: Mersin-Adana-Osmaniye H\u0131zl\u0131 Tren Projesi\u2019nde sona geliniyor"},"content":{"rendered":"<p>Ula\u015ft\u0131rma ve Altyap\u0131 Bakan\u0131 Abdulkadir Uralo\u011flu, NTV kanal\u0131nda yay\u0131nlanan haber program\u0131n\u0131n bu haftaki konu\u011fu oldu. Bakan Uralo\u011flu, kat\u0131ld\u0131\u011f\u0131 programda ula\u015f\u0131m, 5G altyap\u0131s\u0131 ve \u0130stanbul ile Ankara aras\u0131nda yap\u0131lacak olan yeni h\u0131zl\u0131 tren ile otoyol projesi hakk\u0131nda \u00f6nemli bilgiler payla\u015ft\u0131.<\/p>\n<p>MERS\u0130N-ADANA-OSMAN\u0130YE HIZLI TREN PROJES\u0130<\/p>\n<p>Yap\u0131m\u0131 devam eden ve herkesin b\u00fcy\u00fck bir merakla bitirilmesini bekledi\u011fi Mersin-Adana-Osmaniye H\u0131zl\u0131 Tren Projesi\u2019nde sona gelindi\u011fini ve 2 y\u0131l i\u00e7inde demiryolunun a\u00e7\u0131laca\u011f\u0131n\u0131 belirten Bakan Uralo\u00fc\u011flu, \u201cMersin-Adana-Osmaniye H\u0131zlr\u0131 Tren Projesi\u2019ni 2 y\u0131l i\u00e7erisinde bitirece\u011fiz. Karaman-Ulu K\u0131\u015fla 2 sene i\u00e7erisinde bitirece\u011fiz. Kap\u0131kule-\u00c7erkez-K\u00f6y-Halkal\u0131 2 sene i\u00e7erisinde bitirilecek. Bizim tren hatlar\u0131m\u0131z 250 kilometre h\u0131za sahip. Biz art\u0131k yeni hatlar\u0131m\u0131zla bunu 200 kilometre saate d\u00fc\u015f\u00fcrd\u00fck. Biz bunu hem yolcu hem de y\u00fck ta\u015f\u0131mac\u0131l\u0131\u011f\u0131nda kullanaca\u011f\u0131z. Y\u00fckte h\u0131z saatte 120 kilometreye kadar d\u00fc\u015fecek\u201d dedi.<\/p>\n<p>\u0130NTERNET HIZI 10 KAT ARATACAK<\/p>\n<p>T\u00fcrkiye\u2019nin \u00f6nemli bir teknoloji g\u00fcndemi olan 5G\u2019nin ne zaman hayata ge\u00e7ece\u011fi ve vatanda\u015flar\u0131 ne gibi faydalar sa\u011flayaca\u011f\u0131na y\u00f6nelik \u00f6nemli bilgiler payla\u015fan Bakan Uralo\u011flu, \u201cB\u00fct\u00fcn operat\u00f6rl\u00fclerle, bakanlar\u0131m\u0131zla yap\u0131lan toplant\u0131lar sonucu 5G ihalesini bu yaz i\u00e7erisinde yapmay\u0131 planl\u0131yoruz. Muhtemelen a\u011fustos ay\u0131 i\u00e7erisinde ihaleyi yapm\u0131\u015f oluruz. \u00d6n\u00fcm\u00fczdeki y\u0131l 5G ile \u00fclkemizi tan\u0131\u015ft\u0131rmay\u0131 hedefliyoruz. \u015eu anda 34-35 lokasyonda 5G\u2019yi deneyimleyebiliyoruz. Bir tanesi \u0130stanbul Havaliman\u0131\u2019nda 4 tanesi 4 b\u00fcy\u00fck futbol tak\u0131m\u0131z stad\u0131nda. 5G\u2019yi kulland\u0131\u011f\u0131n\u0131z b\u00fct\u00fcn cihazlarda sizin internet h\u0131z\u0131n\u0131z 10 kat artacak. Buradaki esas ama\u00e7 etkin bir \u015fekilde veri aktar\u0131m\u0131n\u0131 sa\u011flamak ve \u00fcretim tesirlerinden makinelerin y\u00f6netilmesi. U\u00e7 bir \u00f6rnek olacak ama bir doktorun binlerce kilometre uzaktan makinelereler y\u00f6neterek ameliyat yapabiliyor olacak\u201d diye konu\u015ftu.<\/p>\n<p>MAL\u0130YET NEDEN\u0130YLE 5G\u2019YE GE\u00c7 GE\u00c7\u0130LD\u0130<\/p>\n<p>5G ihalesinin maliyetlerden \u00f6t\u00fcr\u00fc bu kadar ge\u00e7 yap\u0131ld\u0131\u011f\u0131na de\u011finen Bakan Uralo\u011flu, \u201cBiz 4.5G\u2019ye ge\u00e7tik. \u00d6nemli bir yat\u0131r\u0131m yapt\u0131k. Bunun \u00f6nemli bir b\u00f6l\u00fcm\u00fc ithal etti\u011fimiz \u00fcr\u00fcnlerle oldu. O y\u00fczden yerlilik oran\u0131n\u0131 ne kadar geli\u015ftirebilirsek diye bir gayretimiz var. Bir de ilk \u00e7\u0131kan \u00fcr\u00fcn en pahal\u0131 \u00fcr\u00fcn\u00fcd\u00fcr. Bunu ekipmanlar\u0131 da d\u00fcnyada makul fiyata gelmi\u015f durumda. \u00dclkemizin de buna ihtiyac\u0131n\u0131n oldu\u011funu d\u00fc\u015f\u00fcn\u00fcyoruz bu y\u00fczden 2026 y\u0131l\u0131n\u0131 tercih ettik\u201d ifadelerini kulland\u0131.<\/p>\n<p>\u0130STANBUL VE ANKARA ARASI YEN\u0130 HIZLI TREN<\/p>\n<p>\u0130stanbul ve Ankara i\u00e7in yeni bir h\u0131zl\u0131 tren yap\u0131laca\u011f\u0131 ve bu sayede iki il aras\u0131ndaki mesafenin 80 dakikaya inece\u011fini ifade eden Bakan Abdulkadir Uralo\u011flu, \u201cAnkara-\u0130stanbul aras\u0131 bug\u00fcn 25-30 milyonluk bir insan\u0131 kaps\u0131yor. Hali haz\u0131rda bir h\u0131zl\u0131 trenimiz var. Eski\u015fehir-Bilecek \u00fczerinde 4 saat 20 dakikada gelen bir tren. Onu 3 saat 50 diktalara d\u00fc\u015f\u00fcrmeye \u00e7al\u0131\u015faca\u011f\u0131z. Havayolu ve var, devlet yolu var, Bolu Da\u011f\u0131 T\u00fcneli var. Bolu Da\u011f\u0131 T\u00fcneli\u2019nde ge\u00e7en ara\u00e7 say\u0131s\u0131 50 bine yakla\u015ft\u0131. 80 bine geldi\u011fi zaman trafik iyice s\u0131k\u0131\u015facakt\u0131r. Bu y\u00fczden \u0130stanbul-Ankara aras\u0131nda yeni bir otoyol yap\u0131lmas\u0131 gerekiyor. Akyaz\u0131\u2019dan ge\u00e7meden Beypazar\u0131 \u00fczeri do\u011frudan yeni bir otoyol d\u00fc\u015f\u00fcn\u00fcyoruz. Ayn\u0131 g\u00fczergah i\u00e7in bir de s\u00fcper h\u0131zl\u0131 bir tren hatt\u0131 d\u00fc\u015f\u00fcn\u00fcyoruz. Sadece 80 dakikada iki ili birbirine ba\u011flam\u0131\u015f olaca\u011f\u0131z. Proje 10 y\u0131l s\u00fcrecek. 2035 y\u0131l\u0131nda sona erecek\u201d dedi.<\/p>\n<p>\u200bUla\u015ft\u0131rma ve Altyap\u0131 Bakan\u0131 Abdulkadir Uralo\u011flu, kat\u0131ld\u0131\u011f\u0131 bir televizyon program\u0131nda \u00f6nemli a\u00e7\u0131klamalarda bulundu. Uralo\u011flu, yap\u0131m\u0131 uzun zamand\u0131r devam eden Mersin-Adana-Osmaniye h\u0131zl\u0131 tren projesinin 2 y\u0131l i\u00e7inde bitirilece\u011fini a\u00e7\u0131klad\u0131.\u00a0<\/p>\n<p>\u200bHaberin Al\u0131nt\u0131land\u0131\u011f\u0131 Kaynak: www.antalyakorfez.com<\/p>","protected":false},"excerpt":{"rendered":"<p>Ula\u015ft\u0131rma ve Altyap\u0131 Bakan\u0131 Abdulkadir Uralo\u011flu, NTV kanal\u0131nda yay\u0131nlanan haber program\u0131n\u0131n bu haftaki konu\u011fu oldu. Bakan Uralo\u011flu, kat\u0131ld\u0131\u011f\u0131 programda ula\u015f\u0131m, 5G altyap\u0131s\u0131 ve \u0130stanbul ile Ankara aras\u0131nda yap\u0131lacak olan yeni h\u0131zl\u0131 tren ile otoyol projesi hakk\u0131nda \u00f6nemli bilgiler payla\u015ft\u0131. MERS\u0130N-ADANA-OSMAN\u0130YE HIZLI TREN PROJES\u0130 Yap\u0131m\u0131 devam eden ve herkesin b\u00fcy\u00fck bir merakla bitirilmesini bekledi\u011fi Mersin-Adana-Osmaniye H\u0131zl\u0131 Tren Projesi\u2019nde sona gelindi\u011fini ve 2 y\u0131l i\u00e7inde demiryolunun a\u00e7\u0131laca\u011f\u0131n\u0131 belirten Bakan Uralo\u00fc\u011flu, \u201cMersin-Adana-Osmaniye H\u0131zlr\u0131 Tren Projesi\u2019ni 2 y\u0131l i\u00e7erisinde bitirece\u011fiz. Karaman-Ulu K\u0131\u015fla 2 sene i\u00e7erisinde bitirece\u011fiz. Kap\u0131kule-\u00c7erkez-K\u00f6y-Halkal\u0131 2 sene i\u00e7erisinde bitirilecek. Bizim tren hatlar\u0131m\u0131z 250 kilometre h\u0131za sahip. Biz art\u0131k yeni hatlar\u0131m\u0131zla bunu 200 kilometre saate d\u00fc\u015f\u00fcrd\u00fck. Biz bunu hem yolcu hem de y\u00fck ta\u015f\u0131mac\u0131l\u0131\u011f\u0131nda kullanaca\u011f\u0131z. Y\u00fckte h\u0131z saatte 120 kilometreye kadar d\u00fc\u015fecek\u201d dedi. \u0130NTERNET HIZI 10 KAT ARATACAK T\u00fcrkiye\u2019nin \u00f6nemli bir teknoloji g\u00fcndemi olan 5G\u2019nin ne zaman hayata ge\u00e7ece\u011fi ve vatanda\u015flar\u0131 ne gibi faydalar sa\u011flayaca\u011f\u0131na y\u00f6nelik \u00f6nemli bilgiler payla\u015fan Bakan Uralo\u011flu, \u201cB\u00fct\u00fcn operat\u00f6rl\u00fclerle, bakanlar\u0131m\u0131zla yap\u0131lan toplant\u0131lar sonucu 5G ihalesini bu yaz i\u00e7erisinde yapmay\u0131 planl\u0131yoruz. Muhtemelen a\u011fustos ay\u0131 i\u00e7erisinde ihaleyi yapm\u0131\u015f oluruz. \u00d6n\u00fcm\u00fczdeki y\u0131l 5G ile \u00fclkemizi tan\u0131\u015ft\u0131rmay\u0131 hedefliyoruz. \u015eu anda 34-35 lokasyonda 5G\u2019yi deneyimleyebiliyoruz. Bir tanesi \u0130stanbul Havaliman\u0131\u2019nda 4 tanesi 4 b\u00fcy\u00fck futbol tak\u0131m\u0131z stad\u0131nda. 5G\u2019yi kulland\u0131\u011f\u0131n\u0131z b\u00fct\u00fcn cihazlarda sizin internet h\u0131z\u0131n\u0131z 10 &hellip;<\/p>","protected":false},"author":5,"featured_media":0,"comment_status":"","ping_status":"open","sticky":false,"template":"","format":"standard","meta":{"_acf_changed":false,"footnotes":""},"categories":[24],"tags":[],"class_list":["post-127068","post","type-post","status-publish","format-standard","has-post-thumbnail","hentry","category-gundem"],"acf":[],"yoast_head":"<!-- This site is optimized with the Yoast SEO Premium plugin v26.6 (Yoast SEO v27.1.1) - https:\/\/yoast.com\/product\/yoast-seo-premium-wordpress\/ -->\n<title>Bakan Uralo\u011flu tarih verdi: Mersin-Adana-Osmaniye H\u0131zl\u0131 Tren Projesi\u2019nde sona geliniyor - Av. Deniz Can K\u0131z\u0131l<\/title>\n<meta name=\"robots\" content=\"index, follow, max-snippet:-1, max-image-preview:large, max-video-preview:-1\" \/>\n<link rel=\"canonical\" href=\"https:\/\/denizcankizil.tr\/uk\/haberler\/gundem\/bakan-uraloglu-tarih-verdi-mersin-adana-osmaniye-hizli-tren-projesinde-sona-geliniyor\/\" \/>\n<meta property=\"og:locale\" content=\"uk_UA\" \/>\n<meta property=\"og:type\" content=\"article\" \/>\n<meta property=\"og:title\" content=\"Bakan Uralo\u011flu tarih verdi: Mersin-Adana-Osmaniye H\u0131zl\u0131 Tren Projesi\u2019nde sona geliniyor\" \/>\n<meta property=\"og:description\" content=\"Ula\u015ft\u0131rma ve Altyap\u0131 Bakan\u0131 Abdulkadir Uralo\u011flu, NTV kanal\u0131nda yay\u0131nlanan haber program\u0131n\u0131n bu haftaki konu\u011fu oldu. Bakan Uralo\u011flu, kat\u0131ld\u0131\u011f\u0131 programda ula\u015f\u0131m, 5G altyap\u0131s\u0131 ve \u0130stanbul ile Ankara aras\u0131nda yap\u0131lacak olan yeni h\u0131zl\u0131 tren ile otoyol projesi hakk\u0131nda \u00f6nemli bilgiler payla\u015ft\u0131. MERS\u0130N-ADANA-OSMAN\u0130YE HIZLI TREN PROJES\u0130 Yap\u0131m\u0131 devam eden ve herkesin b\u00fcy\u00fck bir merakla bitirilmesini bekledi\u011fi Mersin-Adana-Osmaniye H\u0131zl\u0131 Tren Projesi\u2019nde sona gelindi\u011fini ve 2 y\u0131l i\u00e7inde demiryolunun a\u00e7\u0131laca\u011f\u0131n\u0131 belirten Bakan Uralo\u00fc\u011flu, \u201cMersin-Adana-Osmaniye H\u0131zlr\u0131 Tren Projesi\u2019ni 2 y\u0131l i\u00e7erisinde bitirece\u011fiz. Karaman-Ulu K\u0131\u015fla 2 sene i\u00e7erisinde bitirece\u011fiz. Kap\u0131kule-\u00c7erkez-K\u00f6y-Halkal\u0131 2 sene i\u00e7erisinde bitirilecek. Bizim tren hatlar\u0131m\u0131z 250 kilometre h\u0131za sahip. Biz art\u0131k yeni hatlar\u0131m\u0131zla bunu 200 kilometre saate d\u00fc\u015f\u00fcrd\u00fck. Biz bunu hem yolcu hem de y\u00fck ta\u015f\u0131mac\u0131l\u0131\u011f\u0131nda kullanaca\u011f\u0131z. Y\u00fckte h\u0131z saatte 120 kilometreye kadar d\u00fc\u015fecek\u201d dedi. \u0130NTERNET HIZI 10 KAT ARATACAK T\u00fcrkiye\u2019nin \u00f6nemli bir teknoloji g\u00fcndemi olan 5G\u2019nin ne zaman hayata ge\u00e7ece\u011fi ve vatanda\u015flar\u0131 ne gibi faydalar sa\u011flayaca\u011f\u0131na y\u00f6nelik \u00f6nemli bilgiler payla\u015fan Bakan Uralo\u011flu, \u201cB\u00fct\u00fcn operat\u00f6rl\u00fclerle, bakanlar\u0131m\u0131zla yap\u0131lan toplant\u0131lar sonucu 5G ihalesini bu yaz i\u00e7erisinde yapmay\u0131 planl\u0131yoruz. Muhtemelen a\u011fustos ay\u0131 i\u00e7erisinde ihaleyi yapm\u0131\u015f oluruz. \u00d6n\u00fcm\u00fczdeki y\u0131l 5G ile \u00fclkemizi tan\u0131\u015ft\u0131rmay\u0131 hedefliyoruz. \u015eu anda 34-35 lokasyonda 5G\u2019yi deneyimleyebiliyoruz. Bir tanesi \u0130stanbul Havaliman\u0131\u2019nda 4 tanesi 4 b\u00fcy\u00fck futbol tak\u0131m\u0131z stad\u0131nda. 5G\u2019yi kulland\u0131\u011f\u0131n\u0131z b\u00fct\u00fcn cihazlarda sizin internet h\u0131z\u0131n\u0131z 10 &hellip;\" \/>\n<meta property=\"og:url\" content=\"https:\/\/denizcankizil.tr\/uk\/haberler\/gundem\/bakan-uraloglu-tarih-verdi-mersin-adana-osmaniye-hizli-tren-projesinde-sona-geliniyor\/\" \/>\n<meta property=\"og:site_name\" content=\"Av. Deniz Can K\u0131z\u0131l\" \/>\n<meta property=\"article:published_time\" content=\"2025-06-26T09:41:22+00:00\" \/>\n<meta name=\"author\" content=\"Antalya K\u00f6rfez\" \/>\n<meta name=\"twitter:card\" content=\"summary_large_image\" \/>\n<meta name=\"twitter:label1\" content=\"\u041d\u0430\u043f\u0438\u0441\u0430\u043d\u043e\" \/>\n\t<meta name=\"twitter:data1\" content=\"Antalya K\u00f6rfez\" \/>\n\t<meta name=\"twitter:label2\" content=\"\u041f\u0440\u0438\u0431\u043b. \u0447\u0430\u0441 \u0447\u0438\u0442\u0430\u043d\u043d\u044f\" \/>\n\t<meta name=\"twitter:data2\" content=\"3 \u0445\u0432\u0438\u043b\u0438\u043d\u0438\" \/>\n<script type=\"application\/ld+json\" class=\"yoast-schema-graph\">{\"@context\":\"https:\/\/schema.org\",\"@graph\":[{\"@type\":\"Article\",\"@id\":\"https:\/\/denizcankizil.tr\/uk\/haberler\/gundem\/bakan-uraloglu-tarih-verdi-mersin-adana-osmaniye-hizli-tren-projesinde-sona-geliniyor\/#article\",\"isPartOf\":{\"@id\":\"https:\/\/denizcankizil.tr\/uk\/haberler\/gundem\/bakan-uraloglu-tarih-verdi-mersin-adana-osmaniye-hizli-tren-projesinde-sona-geliniyor\/\"},\"author\":{\"name\":\"Antalya K\u00f6rfez\",\"@id\":\"https:\/\/denizcankizil.tr\/#\/schema\/person\/e1eb71bb4dd684d46563f0af307e1234\"},\"headline\":\"Bakan Uralo\u011flu tarih verdi: Mersin-Adana-Osmaniye H\u0131zl\u0131 Tren Projesi\u2019nde sona geliniyor\",\"datePublished\":\"2025-06-26T09:41:22+00:00\",\"mainEntityOfPage\":{\"@id\":\"https:\/\/denizcankizil.tr\/uk\/haberler\/gundem\/bakan-uraloglu-tarih-verdi-mersin-adana-osmaniye-hizli-tren-projesinde-sona-geliniyor\/\"},\"wordCount\":666,\"publisher\":{\"@id\":\"https:\/\/denizcankizil.tr\/#organization\"},\"articleSection\":[\"G\u00fcndem\"],\"inLanguage\":\"uk\"},{\"@type\":\"WebPage\",\"@id\":\"https:\/\/denizcankizil.tr\/uk\/haberler\/gundem\/bakan-uraloglu-tarih-verdi-mersin-adana-osmaniye-hizli-tren-projesinde-sona-geliniyor\/\",\"url\":\"https:\/\/denizcankizil.tr\/uk\/haberler\/gundem\/bakan-uraloglu-tarih-verdi-mersin-adana-osmaniye-hizli-tren-projesinde-sona-geliniyor\/\",\"name\":\"Bakan Uralo\u011flu tarih verdi: Mersin-Adana-Osmaniye H\u0131zl\u0131 Tren Projesi\u2019nde sona geliniyor - Av. Deniz Can K\u0131z\u0131l\",\"isPartOf\":{\"@id\":\"https:\/\/denizcankizil.tr\/#website\"},\"datePublished\":\"2025-06-26T09:41:22+00:00\",\"breadcrumb\":{\"@id\":\"https:\/\/denizcankizil.tr\/uk\/haberler\/gundem\/bakan-uraloglu-tarih-verdi-mersin-adana-osmaniye-hizli-tren-projesinde-sona-geliniyor\/#breadcrumb\"},\"inLanguage\":\"uk\",\"potentialAction\":[{\"@type\":\"ReadAction\",\"target\":[\"https:\/\/denizcankizil.tr\/uk\/haberler\/gundem\/bakan-uraloglu-tarih-verdi-mersin-adana-osmaniye-hizli-tren-projesinde-sona-geliniyor\/\"]}]},{\"@type\":\"BreadcrumbList\",\"@id\":\"https:\/\/denizcankizil.tr\/uk\/haberler\/gundem\/bakan-uraloglu-tarih-verdi-mersin-adana-osmaniye-hizli-tren-projesinde-sona-geliniyor\/#breadcrumb\",\"itemListElement\":[{\"@type\":\"ListItem\",\"position\":1,\"name\":\"Home\",\"item\":\"https:\/\/denizcankizil.tr\/uk\/\"},{\"@type\":\"ListItem\",\"position\":2,\"name\":\"Bakan Uralo\u011flu tarih verdi: Mersin-Adana-Osmaniye H\u0131zl\u0131 Tren Projesi\u2019nde sona geliniyor\"}]},{\"@type\":\"WebSite\",\"@id\":\"https:\/\/denizcankizil.tr\/#website\",\"url\":\"https:\/\/denizcankizil.tr\/\",\"name\":\"Av. Deniz Can K\u0131z\u0131l\",\"description\":\"Avukat Deniz Can K\u0131z\u0131l Antalya Barosu\",\"publisher\":{\"@id\":\"https:\/\/denizcankizil.tr\/#organization\"},\"potentialAction\":[{\"@type\":\"SearchAction\",\"target\":{\"@type\":\"EntryPoint\",\"urlTemplate\":\"https:\/\/denizcankizil.tr\/?s={search_term_string}\"},\"query-input\":{\"@type\":\"PropertyValueSpecification\",\"valueRequired\":true,\"valueName\":\"search_term_string\"}}],\"inLanguage\":\"uk\"},{\"@type\":\"Organization\",\"@id\":\"https:\/\/denizcankizil.tr\/#organization\",\"name\":\"Av. Deniz Can K\u0131z\u0131l\",\"url\":\"https:\/\/denizcankizil.tr\/\",\"logo\":{\"@type\":\"ImageObject\",\"inLanguage\":\"uk\",\"@id\":\"https:\/\/denizcankizil.tr\/#\/schema\/logo\/image\/\",\"url\":\"https:\/\/denizcankizil.tr\/wp-content\/uploads\/2024\/10\/siyah-logo-svg.svg\",\"contentUrl\":\"https:\/\/denizcankizil.tr\/wp-content\/uploads\/2024\/10\/siyah-logo-svg.svg\",\"width\":1080,\"height\":1080,\"caption\":\"Av. Deniz Can K\u0131z\u0131l\"},\"image\":{\"@id\":\"https:\/\/denizcankizil.tr\/#\/schema\/logo\/image\/\"}},{\"@type\":\"Person\",\"@id\":\"https:\/\/denizcankizil.tr\/#\/schema\/person\/e1eb71bb4dd684d46563f0af307e1234\",\"name\":\"Antalya K\u00f6rfez\",\"image\":{\"@type\":\"ImageObject\",\"inLanguage\":\"uk\",\"@id\":\"https:\/\/denizcankizil.tr\/#\/schema\/person\/image\/\",\"url\":\"https:\/\/secure.gravatar.com\/avatar\/42b01982558a48a0b501fdcab6a408d3717ea5919095ee2e67b0e521799c5905?s=96&d=mm&r=g\",\"contentUrl\":\"https:\/\/secure.gravatar.com\/avatar\/42b01982558a48a0b501fdcab6a408d3717ea5919095ee2e67b0e521799c5905?s=96&d=mm&r=g\",\"caption\":\"Antalya K\u00f6rfez\"},\"sameAs\":[\"http:\/\/www.antalyakorfez.com\"],\"url\":\"https:\/\/www.antalyakorfez.com\/bakan-uraloglu-tarih-verdi-mersin-adana-osmaniye-hizli-tren-projesinde-sona-geliniyor\"}]}<\/script>\n<!-- \/ Yoast SEO Premium plugin. -->","yoast_head_json":{"title":"Bakan Uralo\u011flu tarih verdi: Mersin-Adana-Osmaniye H\u0131zl\u0131 Tren Projesi\u2019nde sona geliniyor - Av. Deniz Can K\u0131z\u0131l","robots":{"index":"index","follow":"follow","max-snippet":"max-snippet:-1","max-image-preview":"max-image-preview:large","max-video-preview":"max-video-preview:-1"},"canonical":"https:\/\/denizcankizil.tr\/uk\/haberler\/gundem\/bakan-uraloglu-tarih-verdi-mersin-adana-osmaniye-hizli-tren-projesinde-sona-geliniyor\/","og_locale":"uk_UA","og_type":"article","og_title":"Bakan Uralo\u011flu tarih verdi: Mersin-Adana-Osmaniye H\u0131zl\u0131 Tren Projesi\u2019nde sona geliniyor","og_description":"Ula\u015ft\u0131rma ve Altyap\u0131 Bakan\u0131 Abdulkadir Uralo\u011flu, NTV kanal\u0131nda yay\u0131nlanan haber program\u0131n\u0131n bu haftaki konu\u011fu oldu. Bakan Uralo\u011flu, kat\u0131ld\u0131\u011f\u0131 programda ula\u015f\u0131m, 5G altyap\u0131s\u0131 ve \u0130stanbul ile Ankara aras\u0131nda yap\u0131lacak olan yeni h\u0131zl\u0131 tren ile otoyol projesi hakk\u0131nda \u00f6nemli bilgiler payla\u015ft\u0131. MERS\u0130N-ADANA-OSMAN\u0130YE HIZLI TREN PROJES\u0130 Yap\u0131m\u0131 devam eden ve herkesin b\u00fcy\u00fck bir merakla bitirilmesini bekledi\u011fi Mersin-Adana-Osmaniye H\u0131zl\u0131 Tren Projesi\u2019nde sona gelindi\u011fini ve 2 y\u0131l i\u00e7inde demiryolunun a\u00e7\u0131laca\u011f\u0131n\u0131 belirten Bakan Uralo\u00fc\u011flu, \u201cMersin-Adana-Osmaniye H\u0131zlr\u0131 Tren Projesi\u2019ni 2 y\u0131l i\u00e7erisinde bitirece\u011fiz. Karaman-Ulu K\u0131\u015fla 2 sene i\u00e7erisinde bitirece\u011fiz. Kap\u0131kule-\u00c7erkez-K\u00f6y-Halkal\u0131 2 sene i\u00e7erisinde bitirilecek. Bizim tren hatlar\u0131m\u0131z 250 kilometre h\u0131za sahip. Biz art\u0131k yeni hatlar\u0131m\u0131zla bunu 200 kilometre saate d\u00fc\u015f\u00fcrd\u00fck. Biz bunu hem yolcu hem de y\u00fck ta\u015f\u0131mac\u0131l\u0131\u011f\u0131nda kullanaca\u011f\u0131z. Y\u00fckte h\u0131z saatte 120 kilometreye kadar d\u00fc\u015fecek\u201d dedi. \u0130NTERNET HIZI 10 KAT ARATACAK T\u00fcrkiye\u2019nin \u00f6nemli bir teknoloji g\u00fcndemi olan 5G\u2019nin ne zaman hayata ge\u00e7ece\u011fi ve vatanda\u015flar\u0131 ne gibi faydalar sa\u011flayaca\u011f\u0131na y\u00f6nelik \u00f6nemli bilgiler payla\u015fan Bakan Uralo\u011flu, \u201cB\u00fct\u00fcn operat\u00f6rl\u00fclerle, bakanlar\u0131m\u0131zla yap\u0131lan toplant\u0131lar sonucu 5G ihalesini bu yaz i\u00e7erisinde yapmay\u0131 planl\u0131yoruz. Muhtemelen a\u011fustos ay\u0131 i\u00e7erisinde ihaleyi yapm\u0131\u015f oluruz. \u00d6n\u00fcm\u00fczdeki y\u0131l 5G ile \u00fclkemizi tan\u0131\u015ft\u0131rmay\u0131 hedefliyoruz. \u015eu anda 34-35 lokasyonda 5G\u2019yi deneyimleyebiliyoruz. Bir tanesi \u0130stanbul Havaliman\u0131\u2019nda 4 tanesi 4 b\u00fcy\u00fck futbol tak\u0131m\u0131z stad\u0131nda. 5G\u2019yi kulland\u0131\u011f\u0131n\u0131z b\u00fct\u00fcn cihazlarda sizin internet h\u0131z\u0131n\u0131z 10 &hellip;","og_url":"https:\/\/denizcankizil.tr\/uk\/haberler\/gundem\/bakan-uraloglu-tarih-verdi-mersin-adana-osmaniye-hizli-tren-projesinde-sona-geliniyor\/","og_site_name":"Av. Deniz Can K\u0131z\u0131l","article_published_time":"2025-06-26T09:41:22+00:00","author":"Antalya K\u00f6rfez","twitter_card":"summary_large_image","twitter_misc":{"\u041d\u0430\u043f\u0438\u0441\u0430\u043d\u043e":"Antalya K\u00f6rfez","\u041f\u0440\u0438\u0431\u043b. \u0447\u0430\u0441 \u0447\u0438\u0442\u0430\u043d\u043d\u044f":"3 \u0445\u0432\u0438\u043b\u0438\u043d\u0438"},"schema":{"@context":"https:\/\/schema.org","@graph":[{"@type":"Article","@id":"https:\/\/denizcankizil.tr\/uk\/haberler\/gundem\/bakan-uraloglu-tarih-verdi-mersin-adana-osmaniye-hizli-tren-projesinde-sona-geliniyor\/#article","isPartOf":{"@id":"https:\/\/denizcankizil.tr\/uk\/haberler\/gundem\/bakan-uraloglu-tarih-verdi-mersin-adana-osmaniye-hizli-tren-projesinde-sona-geliniyor\/"},"author":{"name":"Antalya K\u00f6rfez","@id":"https:\/\/denizcankizil.tr\/#\/schema\/person\/e1eb71bb4dd684d46563f0af307e1234"},"headline":"Bakan Uralo\u011flu tarih verdi: Mersin-Adana-Osmaniye H\u0131zl\u0131 Tren Projesi\u2019nde sona geliniyor","datePublished":"2025-06-26T09:41:22+00:00","mainEntityOfPage":{"@id":"https:\/\/denizcankizil.tr\/uk\/haberler\/gundem\/bakan-uraloglu-tarih-verdi-mersin-adana-osmaniye-hizli-tren-projesinde-sona-geliniyor\/"},"wordCount":666,"publisher":{"@id":"https:\/\/denizcankizil.tr\/#organization"},"articleSection":["G\u00fcndem"],"inLanguage":"uk"},{"@type":"WebPage","@id":"https:\/\/denizcankizil.tr\/uk\/haberler\/gundem\/bakan-uraloglu-tarih-verdi-mersin-adana-osmaniye-hizli-tren-projesinde-sona-geliniyor\/","url":"https:\/\/denizcankizil.tr\/uk\/haberler\/gundem\/bakan-uraloglu-tarih-verdi-mersin-adana-osmaniye-hizli-tren-projesinde-sona-geliniyor\/","name":"Bakan Uralo\u011flu tarih verdi: Mersin-Adana-Osmaniye H\u0131zl\u0131 Tren Projesi\u2019nde sona geliniyor - Av. Deniz Can K\u0131z\u0131l","isPartOf":{"@id":"https:\/\/denizcankizil.tr\/#website"},"datePublished":"2025-06-26T09:41:22+00:00","breadcrumb":{"@id":"https:\/\/denizcankizil.tr\/uk\/haberler\/gundem\/bakan-uraloglu-tarih-verdi-mersin-adana-osmaniye-hizli-tren-projesinde-sona-geliniyor\/#breadcrumb"},"inLanguage":"uk","potentialAction":[{"@type":"ReadAction","target":["https:\/\/denizcankizil.tr\/uk\/haberler\/gundem\/bakan-uraloglu-tarih-verdi-mersin-adana-osmaniye-hizli-tren-projesinde-sona-geliniyor\/"]}]},{"@type":"BreadcrumbList","@id":"https:\/\/denizcankizil.tr\/uk\/haberler\/gundem\/bakan-uraloglu-tarih-verdi-mersin-adana-osmaniye-hizli-tren-projesinde-sona-geliniyor\/#breadcrumb","itemListElement":[{"@type":"ListItem","position":1,"name":"Home","item":"https:\/\/denizcankizil.tr\/uk\/"},{"@type":"ListItem","position":2,"name":"Bakan Uralo\u011flu tarih verdi: Mersin-Adana-Osmaniye H\u0131zl\u0131 Tren Projesi\u2019nde sona geliniyor"}]},{"@type":"WebSite","@id":"https:\/\/denizcankizil.tr\/#website","url":"https:\/\/denizcankizil.tr\/","name":"Av. Deniz Can K\u0131z\u0131l","description":"Avukat Deniz Can K\u0131z\u0131l Antalya Barosu","publisher":{"@id":"https:\/\/denizcankizil.tr\/#organization"},"potentialAction":[{"@type":"SearchAction","target":{"@type":"EntryPoint","urlTemplate":"https:\/\/denizcankizil.tr\/?s={search_term_string}"},"query-input":{"@type":"PropertyValueSpecification","valueRequired":true,"valueName":"search_term_string"}}],"inLanguage":"uk"},{"@type":"Organization","@id":"https:\/\/denizcankizil.tr\/#organization","name":"Av. Deniz Can K\u0131z\u0131l","url":"https:\/\/denizcankizil.tr\/","logo":{"@type":"ImageObject","inLanguage":"uk","@id":"https:\/\/denizcankizil.tr\/#\/schema\/logo\/image\/","url":"https:\/\/denizcankizil.tr\/wp-content\/uploads\/2024\/10\/siyah-logo-svg.svg","contentUrl":"https:\/\/denizcankizil.tr\/wp-content\/uploads\/2024\/10\/siyah-logo-svg.svg","width":1080,"height":1080,"caption":"Av. Deniz Can K\u0131z\u0131l"},"image":{"@id":"https:\/\/denizcankizil.tr\/#\/schema\/logo\/image\/"}},{"@type":"Person","@id":"https:\/\/denizcankizil.tr\/#\/schema\/person\/e1eb71bb4dd684d46563f0af307e1234","name":"Antalya K\u00f6rfez","image":{"@type":"ImageObject","inLanguage":"uk","@id":"https:\/\/denizcankizil.tr\/#\/schema\/person\/image\/","url":"https:\/\/secure.gravatar.com\/avatar\/42b01982558a48a0b501fdcab6a408d3717ea5919095ee2e67b0e521799c5905?s=96&d=mm&r=g","contentUrl":"https:\/\/secure.gravatar.com\/avatar\/42b01982558a48a0b501fdcab6a408d3717ea5919095ee2e67b0e521799c5905?s=96&d=mm&r=g","caption":"Antalya K\u00f6rfez"},"sameAs":["http:\/\/www.antalyakorfez.com"],"url":"https:\/\/www.antalyakorfez.com\/bakan-uraloglu-tarih-verdi-mersin-adana-osmaniye-hizli-tren-projesinde-sona-geliniyor"}]}},"_links":{"self":[{"href":"https:\/\/denizcankizil.tr\/uk\/wp-json\/wp\/v2\/posts\/127068","targetHints":{"allow":["GET"]}}],"collection":[{"href":"https:\/\/denizcankizil.tr\/uk\/wp-json\/wp\/v2\/posts"}],"about":[{"href":"https:\/\/denizcankizil.tr\/uk\/wp-json\/wp\/v2\/types\/post"}],"author":[{"embeddable":true,"href":"https:\/\/denizcankizil.tr\/uk\/wp-json\/wp\/v2\/users\/5"}],"replies":[{"embeddable":true,"href":"https:\/\/denizcankizil.tr\/uk\/wp-json\/wp\/v2\/comments?post=127068"}],"version-history":[{"count":0,"href":"https:\/\/denizcankizil.tr\/uk\/wp-json\/wp\/v2\/posts\/127068\/revisions"}],"wp:attachment":[{"href":"https:\/\/denizcankizil.tr\/uk\/wp-json\/wp\/v2\/media?parent=127068"}],"wp:term":[{"taxonomy":"category","embeddable":true,"href":"https:\/\/denizcankizil.tr\/uk\/wp-json\/wp\/v2\/categories?post=127068"},{"taxonomy":"post_tag","embeddable":true,"href":"https:\/\/denizcankizil.tr\/uk\/wp-json\/wp\/v2\/tags?post=127068"}],"curies":[{"name":"wp","href":"https:\/\/api.w.org\/{rel}","templated":true}]}}