{"id":127022,"date":"2025-06-26T11:41:28","date_gmt":"2025-06-26T08:41:28","guid":{"rendered":"https:\/\/denizcankizil.tr\/uncategorized-tr\/45-yildir-kekik-bitkisi-uzerinde-calisiyor\/"},"modified":"2025-06-26T11:41:28","modified_gmt":"2025-06-26T08:41:28","slug":"45-yildir-kekik-bitkisi-uzerinde-calisiyor","status":"publish","type":"post","link":"https:\/\/denizcankizil.tr\/uk\/haberler\/antalya\/45-yildir-kekik-bitkisi-uzerinde-calisiyor\/","title":{"rendered":"45 y\u0131ld\u0131r kekik bitkisi \u00fczerinde \u00e7al\u0131\u015f\u0131yor"},"content":{"rendered":"<p>&#8220;Fitopatoloji&#8221;, &#8220;Yabanc\u0131otlar ve M\u00fccadelesi&#8221;, &#8220;Bitki Fungal Hastal\u0131klar\u0131&#8221; ve &#8220;Bah\u00e7e Bitkileri Hastal\u0131klar\u0131&#8221; isimli kitaplar\u0131 ve yurti\u00e7inde ve yurtd\u0131\u015f\u0131nda bilimsel dergilerde yay\u0131nlanm\u0131\u015f k\u0131rktan fazla makale ve tebli\u011fi bulunan Ye\u011fen, 1984 y\u0131l\u0131nda Akdeniz \u00dcniversitesi Ziraat Fak\u00fcltesi Fitopatoloji Anabilim Dal\u0131&#8217;na Profes\u00f6r olarak atand\u0131, 1985-1996 y\u0131llar\u0131 aras\u0131nda kesintisiz 11 y\u0131l\u0131 a\u015fk\u0131n bir s\u00fcre Akdeniz \u00dcniversitesi&#8217;nde Rekt\u00f6r Yard\u0131mc\u0131l\u0131\u011f\u0131 g\u00f6revini \u00fcstlendi. Akdeniz \u00dcniversitesi Ziraat Fak\u00fcltesi Bitki Koruma B\u00f6l\u00fcm Ba\u015fkanl\u0131\u011f\u0131 ve Fitopatoloji Anabilim Dal\u0131 Ba\u015fkanl\u0131\u011f\u0131 g\u00f6revini s\u00fcrd\u00fcrd\u00fckten sonra 2009 y\u0131l\u0131nda emekli olan Prof. Dr. Oktay Ye\u011fen, emekli olmas\u0131na ra\u011fmen Antalya&#8217;n\u0131n Kepez \u0130l\u00e7esi Masa Da\u011f\u0131&#8217;ndaki dairesinin bir odas\u0131n\u0131 laboratuvara \u00e7evirdi. \u0130lerlemi\u015f ya\u015f\u0131na ra\u011fmen 45 y\u0131ld\u0131r kekik bitkisi \u00fczerinde \u00e7al\u0131\u015fmalar\u0131n\u0131 s\u00fcrd\u00fcrerek insanl\u0131\u011fa hizmet etmenin mutlulu\u011funu ya\u015f\u0131yor.<\/p>\n<p>&#8220;\u00c7ocukken hastaland\u0131\u011f\u0131m\u0131zda b\u00fcy\u00fcklerimiz bizi tabi maddelerle iyile\u015ftirirdi&#8221;<br \/>\n\u00c7ocukluk y\u0131llar\u0131nda hasta olduklar\u0131nda b\u00fcy\u00fcklerinin kendilerini tabi maddelerle iyile\u015ftirdi\u011fini dikkat \u00e7eken Ye\u011fen, &#8220;Aksekili olmam nedeniyle ortaokula kadar Akseki&#8217;de okudum. O zamanlar insan hastal\u0131klar\u0131yla nas\u0131l m\u00fccadele edildi\u011fini g\u00f6rd\u00fcm. O d\u00f6nemlerde Akseki&#8217;de ne doktor, nede hastane vard\u0131. Hasta oldu\u011fumuz zaman b\u00fcy\u00fcklerimiz bizi tabi maddelerle bizi iyile\u015ftirirlerdi. Bunlardan esinlenerek ben ziraat fak\u00fcltesi okumaya karar verdim ve tabii maddelerin, \u00f6zellikle Akseki&#8217;de yeti\u015fen kekiklerin nas\u0131l etkili oldu\u011funu g\u00f6rd\u00fcm ve doktora yaparken kekik ya\u011f\u0131n\u0131 Almanya&#8217;ya g\u00f6t\u00fcrd\u00fcm. O zamanlar Almanlar tabii maddeleri bilmiyorlard\u0131. Sentetikler kullan\u0131yorlard\u0131. Bende onun \u00fczerine \u00e7al\u0131\u015fmak mecburiyetinde kald\u0131m. Fakat ben kekik \u00fczerinde \u00e7al\u0131\u015fmalar\u0131ma devam ettim. Almanya&#8217;da Laboratuvarda \u00e7al\u0131\u015f\u0131rken kekik ya\u011f\u0131n\u0131n kapa\u011f\u0131n\u0131 a\u00e7\u0131k b\u0131rakt\u0131m. Daha sonra kekik ya\u011f\u0131 buharla\u015ft\u0131 ve kokusunun bile ne kadar etkili oldu\u011funu g\u00f6rd\u00fcler. Daha sonra Almanlarla birlikte b\u00fct\u00fcn Akdeniz B\u00f6lgesini ve \u00f6zellikle Akseki&#8217;yi Alman ara\u015ft\u0131r\u0131c\u0131 Dr. Berger ile birlikte Akseki&#8217;de yeti\u015fen kekiklerin ne kadar etkili oldu\u011funu saptad\u0131k&#8221; dedi.<\/p>\n<p>&#8220;D\u00fcnya \u00fczerinde 50&#8217;ye yak\u0131n bitkiye kekik diyoruz&#8221;<br \/>\nD\u00fcnya \u00fczerinde elliye yak\u0131n bitkiye kekik bitkisi denildi\u011fini dikkat \u00e7eken Ye\u011fen, &#8220;Ama hepsinin de\u011ferleri ayr\u0131d\u0131r. Fakat Akseki&#8217;de yeti\u015fen kekik \u00e7ok \u00f6nemlidir. Onun i\u00e7in kekik bitkileri y\u00f6n\u00fcnden Akseki anavatan\u0131d\u0131r. Akseki&#8217;de yeti\u015fen kekik ile elde edilen ya\u011flardan ise &#8220;zirai m\u00fccadele preparatlar\u0131, biyolojik zirai g\u00fcbre preparatlar\u0131, silaj katk\u0131 maddesi, aflatoksin&#8217;e kar\u015f\u0131 \u00fcr\u00fcnleri kurutma katk\u0131 maddesi, ev hayvanlar\u0131 parazitlerine kar\u015f\u0131 preparatlar, kenelere kar\u015f\u0131 preparatlar, at parazitlerine kar\u015f\u0131 preparatlar, sivrisinek m\u00fccadelesi preparatlar, ar\u0131 zararl\u0131 ve hastal\u0131klar\u0131na kar\u015f\u0131 preparatlar&#8221; \u0131n yap\u0131m\u0131nda Akseki keki\u011fi \u00e7ok \u00f6nemlidir. Fakat, son g\u00fcnlerde corona pandemisine etkisi nedeniyle kekikya\u011f\u0131 talebi artm\u0131\u015ft\u0131r. Bu nedenle, kekikya\u011f\u0131na her t\u00fcr ya\u011f kar\u0131\u015ft\u0131r\u0131l\u0131r olmu\u015f. Bu da Akseki kekik ya\u011f\u0131n\u0131n de\u011ferini negatif y\u00f6nde etkilemi\u015ftir&#8221; dedi.<\/p>\n<p>Kaynak: www.kanalv.com.tr Haber Sitesinden Al\u0131nm\u0131\u015ft\u0131r.<\/p>","protected":false},"excerpt":{"rendered":"<p>&#8220;Fitopatoloji&#8221;, &#8220;Yabanc\u0131otlar ve M\u00fccadelesi&#8221;, &#8220;Bitki Fungal Hastal\u0131klar\u0131&#8221; ve &#8220;Bah\u00e7e Bitkileri Hastal\u0131klar\u0131&#8221; isimli kitaplar\u0131 ve yurti\u00e7inde ve yurtd\u0131\u015f\u0131nda bilimsel dergilerde yay\u0131nlanm\u0131\u015f k\u0131rktan fazla makale ve tebli\u011fi bulunan Ye\u011fen, 1984 y\u0131l\u0131nda Akdeniz \u00dcniversitesi Ziraat Fak\u00fcltesi Fitopatoloji Anabilim Dal\u0131&#8217;na Profes\u00f6r olarak atand\u0131, 1985-1996 y\u0131llar\u0131 aras\u0131nda kesintisiz 11 y\u0131l\u0131 a\u015fk\u0131n bir s\u00fcre Akdeniz \u00dcniversitesi&#8217;nde Rekt\u00f6r Yard\u0131mc\u0131l\u0131\u011f\u0131 g\u00f6revini \u00fcstlendi. Akdeniz \u00dcniversitesi Ziraat Fak\u00fcltesi Bitki Koruma B\u00f6l\u00fcm Ba\u015fkanl\u0131\u011f\u0131 ve Fitopatoloji Anabilim Dal\u0131 Ba\u015fkanl\u0131\u011f\u0131 g\u00f6revini s\u00fcrd\u00fcrd\u00fckten sonra 2009 y\u0131l\u0131nda emekli olan Prof. Dr. Oktay Ye\u011fen, emekli olmas\u0131na ra\u011fmen Antalya&#8217;n\u0131n Kepez \u0130l\u00e7esi Masa Da\u011f\u0131&#8217;ndaki dairesinin bir odas\u0131n\u0131 laboratuvara \u00e7evirdi. \u0130lerlemi\u015f ya\u015f\u0131na ra\u011fmen 45 y\u0131ld\u0131r kekik bitkisi \u00fczerinde \u00e7al\u0131\u015fmalar\u0131n\u0131 s\u00fcrd\u00fcrerek insanl\u0131\u011fa hizmet etmenin mutlulu\u011funu ya\u015f\u0131yor. &#8220;\u00c7ocukken hastaland\u0131\u011f\u0131m\u0131zda b\u00fcy\u00fcklerimiz bizi tabi maddelerle iyile\u015ftirirdi&#8221; \u00c7ocukluk y\u0131llar\u0131nda hasta olduklar\u0131nda b\u00fcy\u00fcklerinin kendilerini tabi maddelerle iyile\u015ftirdi\u011fini dikkat \u00e7eken Ye\u011fen, &#8220;Aksekili olmam nedeniyle ortaokula kadar Akseki&#8217;de okudum. O zamanlar insan hastal\u0131klar\u0131yla nas\u0131l m\u00fccadele edildi\u011fini g\u00f6rd\u00fcm. O d\u00f6nemlerde Akseki&#8217;de ne doktor, nede hastane vard\u0131. Hasta oldu\u011fumuz zaman b\u00fcy\u00fcklerimiz bizi tabi maddelerle bizi iyile\u015ftirirlerdi. Bunlardan esinlenerek ben ziraat fak\u00fcltesi okumaya karar verdim ve tabii maddelerin, \u00f6zellikle Akseki&#8217;de yeti\u015fen kekiklerin nas\u0131l etkili oldu\u011funu g\u00f6rd\u00fcm ve doktora yaparken kekik ya\u011f\u0131n\u0131 Almanya&#8217;ya g\u00f6t\u00fcrd\u00fcm. O zamanlar Almanlar tabii maddeleri bilmiyorlard\u0131. Sentetikler kullan\u0131yorlard\u0131. Bende onun \u00fczerine \u00e7al\u0131\u015fmak mecburiyetinde kald\u0131m. Fakat ben kekik &hellip;<\/p>","protected":false},"author":4,"featured_media":0,"comment_status":"","ping_status":"open","sticky":false,"template":"","format":"standard","meta":{"_acf_changed":false,"footnotes":""},"categories":[26],"tags":[],"class_list":["post-127022","post","type-post","status-publish","format-standard","hentry","category-antalya"],"acf":[],"yoast_head":"<!-- This site is optimized with the Yoast SEO Premium plugin v26.6 (Yoast SEO v27.1.1) - https:\/\/yoast.com\/product\/yoast-seo-premium-wordpress\/ -->\n<title>45 y\u0131ld\u0131r kekik bitkisi \u00fczerinde \u00e7al\u0131\u015f\u0131yor - Av. Deniz Can K\u0131z\u0131l<\/title>\n<meta name=\"robots\" content=\"index, follow, max-snippet:-1, max-image-preview:large, max-video-preview:-1\" \/>\n<link rel=\"canonical\" href=\"https:\/\/denizcankizil.tr\/uk\/haberler\/antalya\/45-yildir-kekik-bitkisi-uzerinde-calisiyor\/\" \/>\n<meta property=\"og:locale\" content=\"uk_UA\" \/>\n<meta property=\"og:type\" content=\"article\" \/>\n<meta property=\"og:title\" content=\"45 y\u0131ld\u0131r kekik bitkisi \u00fczerinde \u00e7al\u0131\u015f\u0131yor\" \/>\n<meta property=\"og:description\" content=\"&#8220;Fitopatoloji&#8221;, &#8220;Yabanc\u0131otlar ve M\u00fccadelesi&#8221;, &#8220;Bitki Fungal Hastal\u0131klar\u0131&#8221; ve &#8220;Bah\u00e7e Bitkileri Hastal\u0131klar\u0131&#8221; isimli kitaplar\u0131 ve yurti\u00e7inde ve yurtd\u0131\u015f\u0131nda bilimsel dergilerde yay\u0131nlanm\u0131\u015f k\u0131rktan fazla makale ve tebli\u011fi bulunan Ye\u011fen, 1984 y\u0131l\u0131nda Akdeniz \u00dcniversitesi Ziraat Fak\u00fcltesi Fitopatoloji Anabilim Dal\u0131&#8217;na Profes\u00f6r olarak atand\u0131, 1985-1996 y\u0131llar\u0131 aras\u0131nda kesintisiz 11 y\u0131l\u0131 a\u015fk\u0131n bir s\u00fcre Akdeniz \u00dcniversitesi&#8217;nde Rekt\u00f6r Yard\u0131mc\u0131l\u0131\u011f\u0131 g\u00f6revini \u00fcstlendi. Akdeniz \u00dcniversitesi Ziraat Fak\u00fcltesi Bitki Koruma B\u00f6l\u00fcm Ba\u015fkanl\u0131\u011f\u0131 ve Fitopatoloji Anabilim Dal\u0131 Ba\u015fkanl\u0131\u011f\u0131 g\u00f6revini s\u00fcrd\u00fcrd\u00fckten sonra 2009 y\u0131l\u0131nda emekli olan Prof. Dr. Oktay Ye\u011fen, emekli olmas\u0131na ra\u011fmen Antalya&#8217;n\u0131n Kepez \u0130l\u00e7esi Masa Da\u011f\u0131&#8217;ndaki dairesinin bir odas\u0131n\u0131 laboratuvara \u00e7evirdi. \u0130lerlemi\u015f ya\u015f\u0131na ra\u011fmen 45 y\u0131ld\u0131r kekik bitkisi \u00fczerinde \u00e7al\u0131\u015fmalar\u0131n\u0131 s\u00fcrd\u00fcrerek insanl\u0131\u011fa hizmet etmenin mutlulu\u011funu ya\u015f\u0131yor. &#8220;\u00c7ocukken hastaland\u0131\u011f\u0131m\u0131zda b\u00fcy\u00fcklerimiz bizi tabi maddelerle iyile\u015ftirirdi&#8221; \u00c7ocukluk y\u0131llar\u0131nda hasta olduklar\u0131nda b\u00fcy\u00fcklerinin kendilerini tabi maddelerle iyile\u015ftirdi\u011fini dikkat \u00e7eken Ye\u011fen, &#8220;Aksekili olmam nedeniyle ortaokula kadar Akseki&#8217;de okudum. O zamanlar insan hastal\u0131klar\u0131yla nas\u0131l m\u00fccadele edildi\u011fini g\u00f6rd\u00fcm. O d\u00f6nemlerde Akseki&#8217;de ne doktor, nede hastane vard\u0131. Hasta oldu\u011fumuz zaman b\u00fcy\u00fcklerimiz bizi tabi maddelerle bizi iyile\u015ftirirlerdi. Bunlardan esinlenerek ben ziraat fak\u00fcltesi okumaya karar verdim ve tabii maddelerin, \u00f6zellikle Akseki&#8217;de yeti\u015fen kekiklerin nas\u0131l etkili oldu\u011funu g\u00f6rd\u00fcm ve doktora yaparken kekik ya\u011f\u0131n\u0131 Almanya&#8217;ya g\u00f6t\u00fcrd\u00fcm. O zamanlar Almanlar tabii maddeleri bilmiyorlard\u0131. Sentetikler kullan\u0131yorlard\u0131. Bende onun \u00fczerine \u00e7al\u0131\u015fmak mecburiyetinde kald\u0131m. Fakat ben kekik &hellip;\" \/>\n<meta property=\"og:url\" content=\"https:\/\/denizcankizil.tr\/uk\/haberler\/antalya\/45-yildir-kekik-bitkisi-uzerinde-calisiyor\/\" \/>\n<meta property=\"og:site_name\" content=\"Av. Deniz Can K\u0131z\u0131l\" \/>\n<meta property=\"article:published_time\" content=\"2025-06-26T08:41:28+00:00\" \/>\n<meta name=\"author\" content=\"Av. Deniz Can K\u0131z\u0131l\" \/>\n<meta name=\"twitter:card\" content=\"summary_large_image\" \/>\n<meta name=\"twitter:label1\" content=\"\u041d\u0430\u043f\u0438\u0441\u0430\u043d\u043e\" \/>\n\t<meta name=\"twitter:data1\" content=\"Av. Deniz Can K\u0131z\u0131l\" \/>\n\t<meta name=\"twitter:label2\" content=\"\u041f\u0440\u0438\u0431\u043b. \u0447\u0430\u0441 \u0447\u0438\u0442\u0430\u043d\u043d\u044f\" \/>\n\t<meta name=\"twitter:data2\" content=\"3 \u0445\u0432\u0438\u043b\u0438\u043d\u0438\" \/>\n<script type=\"application\/ld+json\" class=\"yoast-schema-graph\">{\"@context\":\"https:\/\/schema.org\",\"@graph\":[{\"@type\":\"Article\",\"@id\":\"https:\/\/denizcankizil.tr\/uk\/haberler\/antalya\/45-yildir-kekik-bitkisi-uzerinde-calisiyor\/#article\",\"isPartOf\":{\"@id\":\"https:\/\/denizcankizil.tr\/uk\/haberler\/antalya\/45-yildir-kekik-bitkisi-uzerinde-calisiyor\/\"},\"author\":{\"name\":\"Av. Deniz Can K\u0131z\u0131l\",\"@id\":\"https:\/\/denizcankizil.tr\/de\/#\/schema\/person\/5dc1b22991bd7ac833867c10afc9b0ff\"},\"headline\":\"45 y\u0131ld\u0131r kekik bitkisi \u00fczerinde \u00e7al\u0131\u015f\u0131yor\",\"datePublished\":\"2025-06-26T08:41:28+00:00\",\"mainEntityOfPage\":{\"@id\":\"https:\/\/denizcankizil.tr\/uk\/haberler\/antalya\/45-yildir-kekik-bitkisi-uzerinde-calisiyor\/\"},\"wordCount\":546,\"publisher\":{\"@id\":\"https:\/\/denizcankizil.tr\/de\/#organization\"},\"articleSection\":[\"Antalya\"],\"inLanguage\":\"uk\"},{\"@type\":\"WebPage\",\"@id\":\"https:\/\/denizcankizil.tr\/uk\/haberler\/antalya\/45-yildir-kekik-bitkisi-uzerinde-calisiyor\/\",\"url\":\"https:\/\/denizcankizil.tr\/uk\/haberler\/antalya\/45-yildir-kekik-bitkisi-uzerinde-calisiyor\/\",\"name\":\"45 y\u0131ld\u0131r kekik bitkisi \u00fczerinde \u00e7al\u0131\u015f\u0131yor - Av. Deniz Can K\u0131z\u0131l\",\"isPartOf\":{\"@id\":\"https:\/\/denizcankizil.tr\/de\/#website\"},\"datePublished\":\"2025-06-26T08:41:28+00:00\",\"breadcrumb\":{\"@id\":\"https:\/\/denizcankizil.tr\/uk\/haberler\/antalya\/45-yildir-kekik-bitkisi-uzerinde-calisiyor\/#breadcrumb\"},\"inLanguage\":\"uk\",\"potentialAction\":[{\"@type\":\"ReadAction\",\"target\":[\"https:\/\/denizcankizil.tr\/uk\/haberler\/antalya\/45-yildir-kekik-bitkisi-uzerinde-calisiyor\/\"]}]},{\"@type\":\"BreadcrumbList\",\"@id\":\"https:\/\/denizcankizil.tr\/uk\/haberler\/antalya\/45-yildir-kekik-bitkisi-uzerinde-calisiyor\/#breadcrumb\",\"itemListElement\":[{\"@type\":\"ListItem\",\"position\":1,\"name\":\"Home\",\"item\":\"https:\/\/denizcankizil.tr\/de\/\"},{\"@type\":\"ListItem\",\"position\":2,\"name\":\"45 y\u0131ld\u0131r kekik bitkisi \u00fczerinde \u00e7al\u0131\u015f\u0131yor\"}]},{\"@type\":\"WebSite\",\"@id\":\"https:\/\/denizcankizil.tr\/de\/#website\",\"url\":\"https:\/\/denizcankizil.tr\/de\/\",\"name\":\"Av. Deniz Can K\u0131z\u0131l\",\"description\":\"Avukat Deniz Can K\u0131z\u0131l Antalya Barosu\",\"publisher\":{\"@id\":\"https:\/\/denizcankizil.tr\/de\/#organization\"},\"potentialAction\":[{\"@type\":\"SearchAction\",\"target\":{\"@type\":\"EntryPoint\",\"urlTemplate\":\"https:\/\/denizcankizil.tr\/de\/?s={search_term_string}\"},\"query-input\":{\"@type\":\"PropertyValueSpecification\",\"valueRequired\":true,\"valueName\":\"search_term_string\"}}],\"inLanguage\":\"uk\"},{\"@type\":\"Organization\",\"@id\":\"https:\/\/denizcankizil.tr\/de\/#organization\",\"name\":\"Av. Deniz Can K\u0131z\u0131l\",\"url\":\"https:\/\/denizcankizil.tr\/de\/\",\"logo\":{\"@type\":\"ImageObject\",\"inLanguage\":\"uk\",\"@id\":\"https:\/\/denizcankizil.tr\/de\/#\/schema\/logo\/image\/\",\"url\":\"https:\/\/denizcankizil.tr\/wp-content\/uploads\/2024\/10\/siyah-logo-svg.svg\",\"contentUrl\":\"https:\/\/denizcankizil.tr\/wp-content\/uploads\/2024\/10\/siyah-logo-svg.svg\",\"width\":1080,\"height\":1080,\"caption\":\"Av. Deniz Can K\u0131z\u0131l\"},\"image\":{\"@id\":\"https:\/\/denizcankizil.tr\/de\/#\/schema\/logo\/image\/\"}},{\"@type\":\"Person\",\"@id\":\"https:\/\/denizcankizil.tr\/de\/#\/schema\/person\/5dc1b22991bd7ac833867c10afc9b0ff\",\"name\":\"Av. Deniz Can K\u0131z\u0131l\",\"image\":{\"@type\":\"ImageObject\",\"inLanguage\":\"uk\",\"@id\":\"https:\/\/denizcankizil.tr\/de\/#\/schema\/person\/image\/\",\"url\":\"https:\/\/secure.gravatar.com\/avatar\/a0b128fb9855c79efc976d5640eedb31dc35ec297594d6016d2cf7c60e975bb6?s=96&d=mm&r=g\",\"contentUrl\":\"https:\/\/secure.gravatar.com\/avatar\/a0b128fb9855c79efc976d5640eedb31dc35ec297594d6016d2cf7c60e975bb6?s=96&d=mm&r=g\",\"caption\":\"Av. Deniz Can K\u0131z\u0131l\"},\"sameAs\":[\"http:\/\/www.denizcankizil.tr\"],\"url\":\"https:\/\/denizcankizil.tr\/uk\/author\/denizcankizil\/\"}]}<\/script>\n<!-- \/ Yoast SEO Premium plugin. -->","yoast_head_json":{"title":"45 y\u0131ld\u0131r kekik bitkisi \u00fczerinde \u00e7al\u0131\u015f\u0131yor - Av. Deniz Can K\u0131z\u0131l","robots":{"index":"index","follow":"follow","max-snippet":"max-snippet:-1","max-image-preview":"max-image-preview:large","max-video-preview":"max-video-preview:-1"},"canonical":"https:\/\/denizcankizil.tr\/uk\/haberler\/antalya\/45-yildir-kekik-bitkisi-uzerinde-calisiyor\/","og_locale":"uk_UA","og_type":"article","og_title":"45 y\u0131ld\u0131r kekik bitkisi \u00fczerinde \u00e7al\u0131\u015f\u0131yor","og_description":"&#8220;Fitopatoloji&#8221;, &#8220;Yabanc\u0131otlar ve M\u00fccadelesi&#8221;, &#8220;Bitki Fungal Hastal\u0131klar\u0131&#8221; ve &#8220;Bah\u00e7e Bitkileri Hastal\u0131klar\u0131&#8221; isimli kitaplar\u0131 ve yurti\u00e7inde ve yurtd\u0131\u015f\u0131nda bilimsel dergilerde yay\u0131nlanm\u0131\u015f k\u0131rktan fazla makale ve tebli\u011fi bulunan Ye\u011fen, 1984 y\u0131l\u0131nda Akdeniz \u00dcniversitesi Ziraat Fak\u00fcltesi Fitopatoloji Anabilim Dal\u0131&#8217;na Profes\u00f6r olarak atand\u0131, 1985-1996 y\u0131llar\u0131 aras\u0131nda kesintisiz 11 y\u0131l\u0131 a\u015fk\u0131n bir s\u00fcre Akdeniz \u00dcniversitesi&#8217;nde Rekt\u00f6r Yard\u0131mc\u0131l\u0131\u011f\u0131 g\u00f6revini \u00fcstlendi. Akdeniz \u00dcniversitesi Ziraat Fak\u00fcltesi Bitki Koruma B\u00f6l\u00fcm Ba\u015fkanl\u0131\u011f\u0131 ve Fitopatoloji Anabilim Dal\u0131 Ba\u015fkanl\u0131\u011f\u0131 g\u00f6revini s\u00fcrd\u00fcrd\u00fckten sonra 2009 y\u0131l\u0131nda emekli olan Prof. Dr. Oktay Ye\u011fen, emekli olmas\u0131na ra\u011fmen Antalya&#8217;n\u0131n Kepez \u0130l\u00e7esi Masa Da\u011f\u0131&#8217;ndaki dairesinin bir odas\u0131n\u0131 laboratuvara \u00e7evirdi. \u0130lerlemi\u015f ya\u015f\u0131na ra\u011fmen 45 y\u0131ld\u0131r kekik bitkisi \u00fczerinde \u00e7al\u0131\u015fmalar\u0131n\u0131 s\u00fcrd\u00fcrerek insanl\u0131\u011fa hizmet etmenin mutlulu\u011funu ya\u015f\u0131yor. &#8220;\u00c7ocukken hastaland\u0131\u011f\u0131m\u0131zda b\u00fcy\u00fcklerimiz bizi tabi maddelerle iyile\u015ftirirdi&#8221; \u00c7ocukluk y\u0131llar\u0131nda hasta olduklar\u0131nda b\u00fcy\u00fcklerinin kendilerini tabi maddelerle iyile\u015ftirdi\u011fini dikkat \u00e7eken Ye\u011fen, &#8220;Aksekili olmam nedeniyle ortaokula kadar Akseki&#8217;de okudum. O zamanlar insan hastal\u0131klar\u0131yla nas\u0131l m\u00fccadele edildi\u011fini g\u00f6rd\u00fcm. O d\u00f6nemlerde Akseki&#8217;de ne doktor, nede hastane vard\u0131. Hasta oldu\u011fumuz zaman b\u00fcy\u00fcklerimiz bizi tabi maddelerle bizi iyile\u015ftirirlerdi. Bunlardan esinlenerek ben ziraat fak\u00fcltesi okumaya karar verdim ve tabii maddelerin, \u00f6zellikle Akseki&#8217;de yeti\u015fen kekiklerin nas\u0131l etkili oldu\u011funu g\u00f6rd\u00fcm ve doktora yaparken kekik ya\u011f\u0131n\u0131 Almanya&#8217;ya g\u00f6t\u00fcrd\u00fcm. O zamanlar Almanlar tabii maddeleri bilmiyorlard\u0131. Sentetikler kullan\u0131yorlard\u0131. Bende onun \u00fczerine \u00e7al\u0131\u015fmak mecburiyetinde kald\u0131m. Fakat ben kekik &hellip;","og_url":"https:\/\/denizcankizil.tr\/uk\/haberler\/antalya\/45-yildir-kekik-bitkisi-uzerinde-calisiyor\/","og_site_name":"Av. Deniz Can K\u0131z\u0131l","article_published_time":"2025-06-26T08:41:28+00:00","author":"Av. Deniz Can K\u0131z\u0131l","twitter_card":"summary_large_image","twitter_misc":{"\u041d\u0430\u043f\u0438\u0441\u0430\u043d\u043e":"Av. Deniz Can K\u0131z\u0131l","\u041f\u0440\u0438\u0431\u043b. \u0447\u0430\u0441 \u0447\u0438\u0442\u0430\u043d\u043d\u044f":"3 \u0445\u0432\u0438\u043b\u0438\u043d\u0438"},"schema":{"@context":"https:\/\/schema.org","@graph":[{"@type":"Article","@id":"https:\/\/denizcankizil.tr\/uk\/haberler\/antalya\/45-yildir-kekik-bitkisi-uzerinde-calisiyor\/#article","isPartOf":{"@id":"https:\/\/denizcankizil.tr\/uk\/haberler\/antalya\/45-yildir-kekik-bitkisi-uzerinde-calisiyor\/"},"author":{"name":"Av. Deniz Can K\u0131z\u0131l","@id":"https:\/\/denizcankizil.tr\/de\/#\/schema\/person\/5dc1b22991bd7ac833867c10afc9b0ff"},"headline":"45 y\u0131ld\u0131r kekik bitkisi \u00fczerinde \u00e7al\u0131\u015f\u0131yor","datePublished":"2025-06-26T08:41:28+00:00","mainEntityOfPage":{"@id":"https:\/\/denizcankizil.tr\/uk\/haberler\/antalya\/45-yildir-kekik-bitkisi-uzerinde-calisiyor\/"},"wordCount":546,"publisher":{"@id":"https:\/\/denizcankizil.tr\/de\/#organization"},"articleSection":["Antalya"],"inLanguage":"uk"},{"@type":"WebPage","@id":"https:\/\/denizcankizil.tr\/uk\/haberler\/antalya\/45-yildir-kekik-bitkisi-uzerinde-calisiyor\/","url":"https:\/\/denizcankizil.tr\/uk\/haberler\/antalya\/45-yildir-kekik-bitkisi-uzerinde-calisiyor\/","name":"45 y\u0131ld\u0131r kekik bitkisi \u00fczerinde \u00e7al\u0131\u015f\u0131yor - Av. Deniz Can K\u0131z\u0131l","isPartOf":{"@id":"https:\/\/denizcankizil.tr\/de\/#website"},"datePublished":"2025-06-26T08:41:28+00:00","breadcrumb":{"@id":"https:\/\/denizcankizil.tr\/uk\/haberler\/antalya\/45-yildir-kekik-bitkisi-uzerinde-calisiyor\/#breadcrumb"},"inLanguage":"uk","potentialAction":[{"@type":"ReadAction","target":["https:\/\/denizcankizil.tr\/uk\/haberler\/antalya\/45-yildir-kekik-bitkisi-uzerinde-calisiyor\/"]}]},{"@type":"BreadcrumbList","@id":"https:\/\/denizcankizil.tr\/uk\/haberler\/antalya\/45-yildir-kekik-bitkisi-uzerinde-calisiyor\/#breadcrumb","itemListElement":[{"@type":"ListItem","position":1,"name":"Home","item":"https:\/\/denizcankizil.tr\/de\/"},{"@type":"ListItem","position":2,"name":"45 y\u0131ld\u0131r kekik bitkisi \u00fczerinde \u00e7al\u0131\u015f\u0131yor"}]},{"@type":"WebSite","@id":"https:\/\/denizcankizil.tr\/de\/#website","url":"https:\/\/denizcankizil.tr\/de\/","name":"Av. Deniz Can K\u0131z\u0131l","description":"Avukat Deniz Can K\u0131z\u0131l Antalya Barosu","publisher":{"@id":"https:\/\/denizcankizil.tr\/de\/#organization"},"potentialAction":[{"@type":"SearchAction","target":{"@type":"EntryPoint","urlTemplate":"https:\/\/denizcankizil.tr\/de\/?s={search_term_string}"},"query-input":{"@type":"PropertyValueSpecification","valueRequired":true,"valueName":"search_term_string"}}],"inLanguage":"uk"},{"@type":"Organization","@id":"https:\/\/denizcankizil.tr\/de\/#organization","name":"Av. Deniz Can K\u0131z\u0131l","url":"https:\/\/denizcankizil.tr\/de\/","logo":{"@type":"ImageObject","inLanguage":"uk","@id":"https:\/\/denizcankizil.tr\/de\/#\/schema\/logo\/image\/","url":"https:\/\/denizcankizil.tr\/wp-content\/uploads\/2024\/10\/siyah-logo-svg.svg","contentUrl":"https:\/\/denizcankizil.tr\/wp-content\/uploads\/2024\/10\/siyah-logo-svg.svg","width":1080,"height":1080,"caption":"Av. Deniz Can K\u0131z\u0131l"},"image":{"@id":"https:\/\/denizcankizil.tr\/de\/#\/schema\/logo\/image\/"}},{"@type":"Person","@id":"https:\/\/denizcankizil.tr\/de\/#\/schema\/person\/5dc1b22991bd7ac833867c10afc9b0ff","name":"Av. Deniz Can K\u0131z\u0131l","image":{"@type":"ImageObject","inLanguage":"uk","@id":"https:\/\/denizcankizil.tr\/de\/#\/schema\/person\/image\/","url":"https:\/\/secure.gravatar.com\/avatar\/a0b128fb9855c79efc976d5640eedb31dc35ec297594d6016d2cf7c60e975bb6?s=96&d=mm&r=g","contentUrl":"https:\/\/secure.gravatar.com\/avatar\/a0b128fb9855c79efc976d5640eedb31dc35ec297594d6016d2cf7c60e975bb6?s=96&d=mm&r=g","caption":"Av. Deniz Can K\u0131z\u0131l"},"sameAs":["http:\/\/www.denizcankizil.tr"],"url":"https:\/\/denizcankizil.tr\/uk\/author\/denizcankizil\/"}]}},"_links":{"self":[{"href":"https:\/\/denizcankizil.tr\/uk\/wp-json\/wp\/v2\/posts\/127022","targetHints":{"allow":["GET"]}}],"collection":[{"href":"https:\/\/denizcankizil.tr\/uk\/wp-json\/wp\/v2\/posts"}],"about":[{"href":"https:\/\/denizcankizil.tr\/uk\/wp-json\/wp\/v2\/types\/post"}],"author":[{"embeddable":true,"href":"https:\/\/denizcankizil.tr\/uk\/wp-json\/wp\/v2\/users\/4"}],"replies":[{"embeddable":true,"href":"https:\/\/denizcankizil.tr\/uk\/wp-json\/wp\/v2\/comments?post=127022"}],"version-history":[{"count":0,"href":"https:\/\/denizcankizil.tr\/uk\/wp-json\/wp\/v2\/posts\/127022\/revisions"}],"wp:attachment":[{"href":"https:\/\/denizcankizil.tr\/uk\/wp-json\/wp\/v2\/media?parent=127022"}],"wp:term":[{"taxonomy":"category","embeddable":true,"href":"https:\/\/denizcankizil.tr\/uk\/wp-json\/wp\/v2\/categories?post=127022"},{"taxonomy":"post_tag","embeddable":true,"href":"https:\/\/denizcankizil.tr\/uk\/wp-json\/wp\/v2\/tags?post=127022"}],"curies":[{"name":"wp","href":"https:\/\/api.w.org\/{rel}","templated":true}]}}