{"id":126978,"date":"2025-06-26T10:41:19","date_gmt":"2025-06-26T07:41:19","guid":{"rendered":"https:\/\/denizcankizil.tr\/uncategorized-tr\/turizmde-yeni-trend-ucaklariyla-gelip-tatil-yapiyorlar\/"},"modified":"2025-06-26T10:41:19","modified_gmt":"2025-06-26T07:41:19","slug":"turizmde-yeni-trend-ucaklariyla-gelip-tatil-yapiyorlar","status":"publish","type":"post","link":"https:\/\/denizcankizil.tr\/uk\/haberler\/antalya\/turizmde-yeni-trend-ucaklariyla-gelip-tatil-yapiyorlar\/","title":{"rendered":"Turizmde yeni trend; u\u00e7aklar\u0131yla gelip tatil yap\u0131yorlar"},"content":{"rendered":"<p>Avrupa&#8217;n\u0131n farkl\u0131 \u00fclkelerinden \u00f6zel u\u00e7ak sahiplerinin T\u00fcrkiye&#8217;ye ilgisini ve yeni havac\u0131l\u0131k rotalar\u0131yla turizm \u00e7e\u015fitlili\u011fini art\u0131rma hedefiyle d\u00fczenlenen turlar yayg\u0131nla\u015ft\u0131. K\u00fclt\u00fcrel mirasa ilgi duyan, ke\u015ffetmeyi seven ve seyahatlerinde \u00f6zg\u00fcrl\u00fc\u011f\u00fc tercih eden varl\u0131kl\u0131 turistlerin \u00f6zel u\u00e7aklar\u0131yla T\u00fcrkiye&#8217;ye do\u011frudan ula\u015f\u0131m\u0131n\u0131n sa\u011fland\u0131\u011f\u0131 turlar ilgi g\u00f6rmeye ba\u015flad\u0131.<\/p>\n<p>TUR\u0130ZMDE YEN\u0130 TREND<\/p>\n<p>Avrupa \u00fclkelerinden sportif u\u00e7aklar\u0131yla T\u00fcrkiye&#8217;ye gelenler, ba\u015fta \u0130stanbul, \u00c7anakkale, Konya, Nev\u015fehir, Antalya, Mu\u011fla gibi kentlerin yer ald\u0131\u011f\u0131 rotalarda gezme f\u0131rsat\u0131 buluyor. Son d\u00fczenlenen turla 6 sportif u\u00e7ak sahibi, T\u00fcrkiye turuna ba\u015flad\u0131. Almanya, Avusturya, \u0130svi\u00e7re ve di\u011fer Avrupa \u00fclkelerinden kendilerine ait sportif u\u00e7aklarla kalk\u0131\u015f yapan pilotlar, aile ya da arkada\u015flar\u0131yla ger\u00e7ekle\u015ftirdi\u011fi turda 2 bin 600 kilometre u\u00e7tu. \u0130lk defa T\u00fcrkiye&#8217;ye gelen pilotlar u\u00e7u\u015flar\u0131n\u0131 VL3, Columbia 400, DA42, Vision Jet, Tecnam P2010, Cerva CE43, Piper Cheyenne gibi modern ve farkl\u0131 s\u0131n\u0131flardaki u\u00e7aklarla ger\u00e7ekle\u015ftirdi. T\u00fcrkiye turuna \u00c7anakkale&#8217;deki Troya Antik Kenti ve Troya M\u00fczesi gezisiyle ba\u015flayan pilotlar ard\u0131ndan Nev\u015fehir&#8217;de Kapadokya&#8217;y\u0131 ziyaret etti.<\/p>\n<p>U\u00c7AKLARIYLA GEL\u0130P TAT\u0130L YAPIYORLAR<\/p>\n<p>Balon u\u00e7u\u015fu yapan, Derinkuyu ve Pa\u015faba\u011flar\u0131&#8217;n\u0131 gezen pilotlar ard\u0131ndan Konya&#8217;da \u00c7atalh\u00f6y\u00fck, sonras\u0131nda \u0130stanbul&#8217;da Sultanahmet, Yerebatan Sarn\u0131c\u0131, Topkap\u0131 Saray\u0131 ve Kapal\u0131\u00e7ar\u015f\u0131 ziyareti yapt\u0131. U\u00e7aklar\u0131yla Antalya&#8217;ya gelen pilotlar, beraberindekilerle Kemer il\u00e7esindeki 5 g\u00fcnl\u00fck konaklama s\u00fcre\u00e7lerinde tekne turu, dal\u0131\u015f, kanyon gezisi, zipline gibi aktivitilerle k\u00fclt\u00fcrel ziyaretlere kat\u0131ld\u0131. Kemer&#8217;in ard\u0131ndan Bodrum&#8217;a giden pilotlar, u\u00e7aklar\u0131yla tatil rotas\u0131na devam edecek.<\/p>\n<p>&#8216;AVRUPA&#8217;DA 160 B\u0130N SPORT\u0130F U\u00c7AK P\u0130LOTU VAR&#8217;<\/p>\n<p>Almanya&#8217;da ya\u015fayan ve T\u00fcrkiye&#8217;ye sportif u\u00e7akla seyahat d\u00fczenleyen Zafer Ertem, &#8220;Sportif u\u00e7ak pilotuyum ve hobi olarak geziyorum. Almanya&#8217;y\u0131 ve Avrupa&#8217;y\u0131 geziyorum. T\u00fcrkiye&#8217;de daha \u00f6nce yap\u0131lmad\u0131\u011f\u0131 i\u00e7in ilk olarak 2024 y\u0131l\u0131nda 18 u\u00e7akla T\u00fcrkiye turu yapt\u0131k. Tur, 42 pilotla 18 g\u00fcn s\u00fcrd\u00fc. \u00c7anakkale, Kapadokya, Konya, Trabzon, Gaziantep, Antalya ve Efes gibi yerleri gezdik. Seyahat edenler hayran kald\u0131. Ba\u015fka grupla tekrar geldik. Bu y\u0131l 8 u\u00e7akla sonra da 6 u\u00e7akla geldik. Eyl\u00fcl ay\u0131nda tekrar gelece\u011fiz. Bu y\u0131l toplam 18 u\u00e7ak olacak. T\u00fcrkiye i\u00e7in b\u00fcy\u00fck bir \u015fans do\u011fuyor. Bu turizm T\u00fcrkiye&#8217;de geli\u015fmemi\u015f, yap\u0131lmam\u0131\u015f bir genel havac\u0131l\u0131k turizmi diyebiliriz&#8221; dedi.<\/p>\n<p>AVRUPA&#8217;DA K\u00dc\u00c7\u00dcK U\u00c7AKLA SEYAHATE \u0130LG\u0130<\/p>\n<p>Avrupa&#8217;da son y\u0131llarda sportif u\u00e7akla seyahatin artt\u0131\u011f\u0131na de\u011finen Ertem, &#8220;Sportif u\u00e7aklar daha uygun fiyata olmaya ba\u015flad\u0131. Az yak\u0131t t\u00fcketimi var ve uzun menzilli. G\u00fcndo\u011fumumunda Almanya&#8217;dan \u00e7\u0131k\u0131yorsunuz, g\u00fcne\u015f batmadan Antalya&#8217;ya inebiliyorsunuz. Bu inan\u0131lmaz bir \u015fey. U\u00e7aklar 2 ki\u015filik. T\u00fcrkiye i\u00e7in b\u00fcy\u00fck bir \u015fans. Gelenlerin ortalama 800 ila 1000 avro g\u00fcnl\u00fck harcamas\u0131 var. Kira, yak\u0131t, ini\u015f, kalk\u0131\u015f paras\u0131, konaklama yeme- i\u00e7me gibi masraflarla turistlerin harcamas\u0131 \u00e7ok fazla oluyor. Di\u011fer turistlerden 4 ya da 5 kat fazla para harcan\u0131yor. T\u00fcrkiye&#8217;de turizm \u00e7e\u015fitlili\u011fi a\u00e7\u0131s\u0131nda \u00f6nemli bir sekt\u00f6r. Turizme ek gelir kayna\u011f\u0131 olacak. Avrupa&#8217;da 160 binden fazla pilot var gezen, seyahat eden. \u015eu ana kadar 65 pilotu ben getirdim. T\u00fcrkiye&#8217;ye ilk defa geldiler&#8221; diye konu\u015ftu.<\/p>\n<p>&#8216;K\u00dc\u00c7\u00dcK U\u00c7AKLA AL\u00c7AKTAN U\u00c7U\u015e YAPARAK \u00dcLKEY\u0130 G\u00d6RMEK MUHTE\u015eEM&#8217;<\/p>\n<p>Sportif u\u00e7a\u011f\u0131yla T\u00fcrkiye&#8217;ye tatile gelen G\u00fcnter Wastian (58), &#8220;Gezimiz, yolculu\u011fumuz m\u00fckemmel. Bu kadar g\u00fczel olaca\u011f\u0131n\u0131 beklemiyordum. K\u00fclt\u00fcr\u00fc, do\u011fas\u0131yla, insanlar\u0131yla muhte\u015fem gezi oldu. \u0130lk defa geldim. K\u00fc\u00e7\u00fck u\u00e7akla al\u00e7aktan u\u00e7u\u015f yaparak, \u00fclkeyi g\u00f6rmek \u00e7ok muhte\u015fem. Troya&#8217;y\u0131, Kapadokya&#8217;y\u0131 g\u00f6rmek, s\u0131cak balonla u\u00e7mak, do\u011fas\u0131n\u0131, k\u00fclt\u00fcr\u00fc yak\u0131ndan tan\u0131mak muhte\u015fem&#8221; dedi.<\/p>\n<p>KEMER TUR\u0130ZM\u0130NE KATKI<\/p>\n<p>Kemer ve Y\u00f6resi Tan\u0131t\u0131m Vakf\u0131 (KETAV) Y\u00f6netim Kurulu Ba\u015fkan\u0131 Volkan Yorulmaz, Kemer&#8217;in sportif u\u00e7ak pilotlar\u0131n\u0131n yeni rotas\u0131 olmas\u0131 i\u00e7in \u00e7al\u0131\u015fma yapt\u0131klar\u0131ndan bahsetti. Yorulmaz, &#8220;Almanya&#8217;dan a\u011f\u0131rlad\u0131\u011f\u0131m\u0131z \u00f6zel bir grubumuz var. Amat\u00f6r pilotlar. Almanya, Avusturya, \u0130svi\u00e7re gibi Avrupa \u00fclkelerinde amat\u00f6r pilotluk yapan ve bunu hobi olarak ger\u00e7ekle\u015ftiren yakla\u015f\u0131k 160 bin ki\u015filik kitle var. Biz bu kitleyi T\u00fcrkiye genelinde en b\u00fcy\u00fck baca\u011f\u0131n\u0131 da Kemer olarak \u00e7ektik. Al\u0131m g\u00fcc\u00fc y\u00fcksek turist profil, otellerden \u00e7\u0131k\u0131p tekne turuna, kanyona giden, aktivitelere kat\u0131lan, para harcayan bir kitle. Turizme katk\u0131s\u0131n\u0131n olaca\u011f\u0131n\u0131 d\u00fc\u015f\u00fcn\u00fcyoruz&#8221; diye konu\u015ftu.<\/p>\n<p>Kaynak: www.kanalv.com.tr Haber Sitesinden Al\u0131nm\u0131\u015ft\u0131r.<\/p>","protected":false},"excerpt":{"rendered":"<p>Avrupa&#8217;n\u0131n farkl\u0131 \u00fclkelerinden \u00f6zel u\u00e7ak sahiplerinin T\u00fcrkiye&#8217;ye ilgisini ve yeni havac\u0131l\u0131k rotalar\u0131yla turizm \u00e7e\u015fitlili\u011fini art\u0131rma hedefiyle d\u00fczenlenen turlar yayg\u0131nla\u015ft\u0131. K\u00fclt\u00fcrel mirasa ilgi duyan, ke\u015ffetmeyi seven ve seyahatlerinde \u00f6zg\u00fcrl\u00fc\u011f\u00fc tercih eden varl\u0131kl\u0131 turistlerin \u00f6zel u\u00e7aklar\u0131yla T\u00fcrkiye&#8217;ye do\u011frudan ula\u015f\u0131m\u0131n\u0131n sa\u011fland\u0131\u011f\u0131 turlar ilgi g\u00f6rmeye ba\u015flad\u0131. TUR\u0130ZMDE YEN\u0130 TREND Avrupa \u00fclkelerinden sportif u\u00e7aklar\u0131yla T\u00fcrkiye&#8217;ye gelenler, ba\u015fta \u0130stanbul, \u00c7anakkale, Konya, Nev\u015fehir, Antalya, Mu\u011fla gibi kentlerin yer ald\u0131\u011f\u0131 rotalarda gezme f\u0131rsat\u0131 buluyor. Son d\u00fczenlenen turla 6 sportif u\u00e7ak sahibi, T\u00fcrkiye turuna ba\u015flad\u0131. Almanya, Avusturya, \u0130svi\u00e7re ve di\u011fer Avrupa \u00fclkelerinden kendilerine ait sportif u\u00e7aklarla kalk\u0131\u015f yapan pilotlar, aile ya da arkada\u015flar\u0131yla ger\u00e7ekle\u015ftirdi\u011fi turda 2 bin 600 kilometre u\u00e7tu. \u0130lk defa T\u00fcrkiye&#8217;ye gelen pilotlar u\u00e7u\u015flar\u0131n\u0131 VL3, Columbia 400, DA42, Vision Jet, Tecnam P2010, Cerva CE43, Piper Cheyenne gibi modern ve farkl\u0131 s\u0131n\u0131flardaki u\u00e7aklarla ger\u00e7ekle\u015ftirdi. T\u00fcrkiye turuna \u00c7anakkale&#8217;deki Troya Antik Kenti ve Troya M\u00fczesi gezisiyle ba\u015flayan pilotlar ard\u0131ndan Nev\u015fehir&#8217;de Kapadokya&#8217;y\u0131 ziyaret etti. U\u00c7AKLARIYLA GEL\u0130P TAT\u0130L YAPIYORLAR Balon u\u00e7u\u015fu yapan, Derinkuyu ve Pa\u015faba\u011flar\u0131&#8217;n\u0131 gezen pilotlar ard\u0131ndan Konya&#8217;da \u00c7atalh\u00f6y\u00fck, sonras\u0131nda \u0130stanbul&#8217;da Sultanahmet, Yerebatan Sarn\u0131c\u0131, Topkap\u0131 Saray\u0131 ve Kapal\u0131\u00e7ar\u015f\u0131 ziyareti yapt\u0131. U\u00e7aklar\u0131yla Antalya&#8217;ya gelen pilotlar, beraberindekilerle Kemer il\u00e7esindeki 5 g\u00fcnl\u00fck konaklama s\u00fcre\u00e7lerinde tekne turu, dal\u0131\u015f, kanyon gezisi, zipline gibi aktivitilerle k\u00fclt\u00fcrel ziyaretlere kat\u0131ld\u0131. Kemer&#8217;in ard\u0131ndan Bodrum&#8217;a giden pilotlar, u\u00e7aklar\u0131yla tatil rotas\u0131na devam &hellip;<\/p>","protected":false},"author":4,"featured_media":0,"comment_status":"","ping_status":"open","sticky":false,"template":"","format":"standard","meta":{"_acf_changed":false,"footnotes":""},"categories":[26],"tags":[],"class_list":["post-126978","post","type-post","status-publish","format-standard","hentry","category-antalya"],"acf":[],"yoast_head":"<!-- This site is optimized with the Yoast SEO Premium plugin v26.6 (Yoast SEO v27.1.1) - https:\/\/yoast.com\/product\/yoast-seo-premium-wordpress\/ -->\n<title>Turizmde yeni trend; u\u00e7aklar\u0131yla gelip tatil yap\u0131yorlar - Av. Deniz Can K\u0131z\u0131l<\/title>\n<meta name=\"robots\" content=\"index, follow, max-snippet:-1, max-image-preview:large, max-video-preview:-1\" \/>\n<link rel=\"canonical\" href=\"https:\/\/denizcankizil.tr\/uk\/haberler\/antalya\/turizmde-yeni-trend-ucaklariyla-gelip-tatil-yapiyorlar\/\" \/>\n<meta property=\"og:locale\" content=\"uk_UA\" \/>\n<meta property=\"og:type\" content=\"article\" \/>\n<meta property=\"og:title\" content=\"Turizmde yeni trend; u\u00e7aklar\u0131yla gelip tatil yap\u0131yorlar\" \/>\n<meta property=\"og:description\" content=\"Avrupa&#8217;n\u0131n farkl\u0131 \u00fclkelerinden \u00f6zel u\u00e7ak sahiplerinin T\u00fcrkiye&#8217;ye ilgisini ve yeni havac\u0131l\u0131k rotalar\u0131yla turizm \u00e7e\u015fitlili\u011fini art\u0131rma hedefiyle d\u00fczenlenen turlar yayg\u0131nla\u015ft\u0131. K\u00fclt\u00fcrel mirasa ilgi duyan, ke\u015ffetmeyi seven ve seyahatlerinde \u00f6zg\u00fcrl\u00fc\u011f\u00fc tercih eden varl\u0131kl\u0131 turistlerin \u00f6zel u\u00e7aklar\u0131yla T\u00fcrkiye&#8217;ye do\u011frudan ula\u015f\u0131m\u0131n\u0131n sa\u011fland\u0131\u011f\u0131 turlar ilgi g\u00f6rmeye ba\u015flad\u0131. TUR\u0130ZMDE YEN\u0130 TREND Avrupa \u00fclkelerinden sportif u\u00e7aklar\u0131yla T\u00fcrkiye&#8217;ye gelenler, ba\u015fta \u0130stanbul, \u00c7anakkale, Konya, Nev\u015fehir, Antalya, Mu\u011fla gibi kentlerin yer ald\u0131\u011f\u0131 rotalarda gezme f\u0131rsat\u0131 buluyor. Son d\u00fczenlenen turla 6 sportif u\u00e7ak sahibi, T\u00fcrkiye turuna ba\u015flad\u0131. Almanya, Avusturya, \u0130svi\u00e7re ve di\u011fer Avrupa \u00fclkelerinden kendilerine ait sportif u\u00e7aklarla kalk\u0131\u015f yapan pilotlar, aile ya da arkada\u015flar\u0131yla ger\u00e7ekle\u015ftirdi\u011fi turda 2 bin 600 kilometre u\u00e7tu. \u0130lk defa T\u00fcrkiye&#8217;ye gelen pilotlar u\u00e7u\u015flar\u0131n\u0131 VL3, Columbia 400, DA42, Vision Jet, Tecnam P2010, Cerva CE43, Piper Cheyenne gibi modern ve farkl\u0131 s\u0131n\u0131flardaki u\u00e7aklarla ger\u00e7ekle\u015ftirdi. T\u00fcrkiye turuna \u00c7anakkale&#8217;deki Troya Antik Kenti ve Troya M\u00fczesi gezisiyle ba\u015flayan pilotlar ard\u0131ndan Nev\u015fehir&#8217;de Kapadokya&#8217;y\u0131 ziyaret etti. U\u00c7AKLARIYLA GEL\u0130P TAT\u0130L YAPIYORLAR Balon u\u00e7u\u015fu yapan, Derinkuyu ve Pa\u015faba\u011flar\u0131&#8217;n\u0131 gezen pilotlar ard\u0131ndan Konya&#8217;da \u00c7atalh\u00f6y\u00fck, sonras\u0131nda \u0130stanbul&#8217;da Sultanahmet, Yerebatan Sarn\u0131c\u0131, Topkap\u0131 Saray\u0131 ve Kapal\u0131\u00e7ar\u015f\u0131 ziyareti yapt\u0131. U\u00e7aklar\u0131yla Antalya&#8217;ya gelen pilotlar, beraberindekilerle Kemer il\u00e7esindeki 5 g\u00fcnl\u00fck konaklama s\u00fcre\u00e7lerinde tekne turu, dal\u0131\u015f, kanyon gezisi, zipline gibi aktivitilerle k\u00fclt\u00fcrel ziyaretlere kat\u0131ld\u0131. Kemer&#8217;in ard\u0131ndan Bodrum&#8217;a giden pilotlar, u\u00e7aklar\u0131yla tatil rotas\u0131na devam &hellip;\" \/>\n<meta property=\"og:url\" content=\"https:\/\/denizcankizil.tr\/uk\/haberler\/antalya\/turizmde-yeni-trend-ucaklariyla-gelip-tatil-yapiyorlar\/\" \/>\n<meta property=\"og:site_name\" content=\"Av. Deniz Can K\u0131z\u0131l\" \/>\n<meta property=\"article:published_time\" content=\"2025-06-26T07:41:19+00:00\" \/>\n<meta name=\"author\" content=\"Av. Deniz Can K\u0131z\u0131l\" \/>\n<meta name=\"twitter:card\" content=\"summary_large_image\" \/>\n<meta name=\"twitter:label1\" content=\"\u041d\u0430\u043f\u0438\u0441\u0430\u043d\u043e\" \/>\n\t<meta name=\"twitter:data1\" content=\"Av. Deniz Can K\u0131z\u0131l\" \/>\n\t<meta name=\"twitter:label2\" content=\"\u041f\u0440\u0438\u0431\u043b. \u0447\u0430\u0441 \u0447\u0438\u0442\u0430\u043d\u043d\u044f\" \/>\n\t<meta name=\"twitter:data2\" content=\"4 \u0445\u0432\u0438\u043b\u0438\u043d\u0438\" \/>\n<script type=\"application\/ld+json\" class=\"yoast-schema-graph\">{\"@context\":\"https:\/\/schema.org\",\"@graph\":[{\"@type\":\"Article\",\"@id\":\"https:\/\/denizcankizil.tr\/ru\/haberler\/antalya\/turizmde-yeni-trend-ucaklariyla-gelip-tatil-yapiyorlar\/#article\",\"isPartOf\":{\"@id\":\"https:\/\/denizcankizil.tr\/ru\/haberler\/antalya\/turizmde-yeni-trend-ucaklariyla-gelip-tatil-yapiyorlar\/\"},\"author\":{\"name\":\"Av. Deniz Can K\u0131z\u0131l\",\"@id\":\"https:\/\/denizcankizil.tr\/de\/#\/schema\/person\/5dc1b22991bd7ac833867c10afc9b0ff\"},\"headline\":\"Turizmde yeni trend; u\u00e7aklar\u0131yla gelip tatil yap\u0131yorlar\",\"datePublished\":\"2025-06-26T07:41:19+00:00\",\"mainEntityOfPage\":{\"@id\":\"https:\/\/denizcankizil.tr\/ru\/haberler\/antalya\/turizmde-yeni-trend-ucaklariyla-gelip-tatil-yapiyorlar\/\"},\"wordCount\":832,\"publisher\":{\"@id\":\"https:\/\/denizcankizil.tr\/de\/#organization\"},\"articleSection\":[\"Antalya\"],\"inLanguage\":\"uk\"},{\"@type\":\"WebPage\",\"@id\":\"https:\/\/denizcankizil.tr\/ru\/haberler\/antalya\/turizmde-yeni-trend-ucaklariyla-gelip-tatil-yapiyorlar\/\",\"url\":\"https:\/\/denizcankizil.tr\/ru\/haberler\/antalya\/turizmde-yeni-trend-ucaklariyla-gelip-tatil-yapiyorlar\/\",\"name\":\"Turizmde yeni trend; u\u00e7aklar\u0131yla gelip tatil yap\u0131yorlar - Av. Deniz Can K\u0131z\u0131l\",\"isPartOf\":{\"@id\":\"https:\/\/denizcankizil.tr\/de\/#website\"},\"datePublished\":\"2025-06-26T07:41:19+00:00\",\"breadcrumb\":{\"@id\":\"https:\/\/denizcankizil.tr\/ru\/haberler\/antalya\/turizmde-yeni-trend-ucaklariyla-gelip-tatil-yapiyorlar\/#breadcrumb\"},\"inLanguage\":\"uk\",\"potentialAction\":[{\"@type\":\"ReadAction\",\"target\":[\"https:\/\/denizcankizil.tr\/ru\/haberler\/antalya\/turizmde-yeni-trend-ucaklariyla-gelip-tatil-yapiyorlar\/\"]}]},{\"@type\":\"BreadcrumbList\",\"@id\":\"https:\/\/denizcankizil.tr\/ru\/haberler\/antalya\/turizmde-yeni-trend-ucaklariyla-gelip-tatil-yapiyorlar\/#breadcrumb\",\"itemListElement\":[{\"@type\":\"ListItem\",\"position\":1,\"name\":\"Home\",\"item\":\"https:\/\/denizcankizil.tr\/de\/\"},{\"@type\":\"ListItem\",\"position\":2,\"name\":\"Turizmde yeni trend; u\u00e7aklar\u0131yla gelip tatil yap\u0131yorlar\"}]},{\"@type\":\"WebSite\",\"@id\":\"https:\/\/denizcankizil.tr\/de\/#website\",\"url\":\"https:\/\/denizcankizil.tr\/de\/\",\"name\":\"Av. Deniz Can K\u0131z\u0131l\",\"description\":\"Avukat Deniz Can K\u0131z\u0131l Antalya Barosu\",\"publisher\":{\"@id\":\"https:\/\/denizcankizil.tr\/de\/#organization\"},\"potentialAction\":[{\"@type\":\"SearchAction\",\"target\":{\"@type\":\"EntryPoint\",\"urlTemplate\":\"https:\/\/denizcankizil.tr\/de\/?s={search_term_string}\"},\"query-input\":{\"@type\":\"PropertyValueSpecification\",\"valueRequired\":true,\"valueName\":\"search_term_string\"}}],\"inLanguage\":\"uk\"},{\"@type\":\"Organization\",\"@id\":\"https:\/\/denizcankizil.tr\/de\/#organization\",\"name\":\"Av. Deniz Can K\u0131z\u0131l\",\"url\":\"https:\/\/denizcankizil.tr\/de\/\",\"logo\":{\"@type\":\"ImageObject\",\"inLanguage\":\"uk\",\"@id\":\"https:\/\/denizcankizil.tr\/de\/#\/schema\/logo\/image\/\",\"url\":\"https:\/\/denizcankizil.tr\/wp-content\/uploads\/2024\/10\/siyah-logo-svg.svg\",\"contentUrl\":\"https:\/\/denizcankizil.tr\/wp-content\/uploads\/2024\/10\/siyah-logo-svg.svg\",\"width\":1080,\"height\":1080,\"caption\":\"Av. Deniz Can K\u0131z\u0131l\"},\"image\":{\"@id\":\"https:\/\/denizcankizil.tr\/de\/#\/schema\/logo\/image\/\"}},{\"@type\":\"Person\",\"@id\":\"https:\/\/denizcankizil.tr\/de\/#\/schema\/person\/5dc1b22991bd7ac833867c10afc9b0ff\",\"name\":\"Av. Deniz Can K\u0131z\u0131l\",\"image\":{\"@type\":\"ImageObject\",\"inLanguage\":\"uk\",\"@id\":\"https:\/\/denizcankizil.tr\/de\/#\/schema\/person\/image\/\",\"url\":\"https:\/\/secure.gravatar.com\/avatar\/a0b128fb9855c79efc976d5640eedb31dc35ec297594d6016d2cf7c60e975bb6?s=96&d=mm&r=g\",\"contentUrl\":\"https:\/\/secure.gravatar.com\/avatar\/a0b128fb9855c79efc976d5640eedb31dc35ec297594d6016d2cf7c60e975bb6?s=96&d=mm&r=g\",\"caption\":\"Av. Deniz Can K\u0131z\u0131l\"},\"sameAs\":[\"http:\/\/www.denizcankizil.tr\"],\"url\":\"https:\/\/denizcankizil.tr\/uk\/author\/denizcankizil\/\"}]}<\/script>\n<!-- \/ Yoast SEO Premium plugin. -->","yoast_head_json":{"title":"Turizmde yeni trend; u\u00e7aklar\u0131yla gelip tatil yap\u0131yorlar - Av. Deniz Can K\u0131z\u0131l","robots":{"index":"index","follow":"follow","max-snippet":"max-snippet:-1","max-image-preview":"max-image-preview:large","max-video-preview":"max-video-preview:-1"},"canonical":"https:\/\/denizcankizil.tr\/uk\/haberler\/antalya\/turizmde-yeni-trend-ucaklariyla-gelip-tatil-yapiyorlar\/","og_locale":"uk_UA","og_type":"article","og_title":"Turizmde yeni trend; u\u00e7aklar\u0131yla gelip tatil yap\u0131yorlar","og_description":"Avrupa&#8217;n\u0131n farkl\u0131 \u00fclkelerinden \u00f6zel u\u00e7ak sahiplerinin T\u00fcrkiye&#8217;ye ilgisini ve yeni havac\u0131l\u0131k rotalar\u0131yla turizm \u00e7e\u015fitlili\u011fini art\u0131rma hedefiyle d\u00fczenlenen turlar yayg\u0131nla\u015ft\u0131. K\u00fclt\u00fcrel mirasa ilgi duyan, ke\u015ffetmeyi seven ve seyahatlerinde \u00f6zg\u00fcrl\u00fc\u011f\u00fc tercih eden varl\u0131kl\u0131 turistlerin \u00f6zel u\u00e7aklar\u0131yla T\u00fcrkiye&#8217;ye do\u011frudan ula\u015f\u0131m\u0131n\u0131n sa\u011fland\u0131\u011f\u0131 turlar ilgi g\u00f6rmeye ba\u015flad\u0131. TUR\u0130ZMDE YEN\u0130 TREND Avrupa \u00fclkelerinden sportif u\u00e7aklar\u0131yla T\u00fcrkiye&#8217;ye gelenler, ba\u015fta \u0130stanbul, \u00c7anakkale, Konya, Nev\u015fehir, Antalya, Mu\u011fla gibi kentlerin yer ald\u0131\u011f\u0131 rotalarda gezme f\u0131rsat\u0131 buluyor. Son d\u00fczenlenen turla 6 sportif u\u00e7ak sahibi, T\u00fcrkiye turuna ba\u015flad\u0131. Almanya, Avusturya, \u0130svi\u00e7re ve di\u011fer Avrupa \u00fclkelerinden kendilerine ait sportif u\u00e7aklarla kalk\u0131\u015f yapan pilotlar, aile ya da arkada\u015flar\u0131yla ger\u00e7ekle\u015ftirdi\u011fi turda 2 bin 600 kilometre u\u00e7tu. \u0130lk defa T\u00fcrkiye&#8217;ye gelen pilotlar u\u00e7u\u015flar\u0131n\u0131 VL3, Columbia 400, DA42, Vision Jet, Tecnam P2010, Cerva CE43, Piper Cheyenne gibi modern ve farkl\u0131 s\u0131n\u0131flardaki u\u00e7aklarla ger\u00e7ekle\u015ftirdi. T\u00fcrkiye turuna \u00c7anakkale&#8217;deki Troya Antik Kenti ve Troya M\u00fczesi gezisiyle ba\u015flayan pilotlar ard\u0131ndan Nev\u015fehir&#8217;de Kapadokya&#8217;y\u0131 ziyaret etti. U\u00c7AKLARIYLA GEL\u0130P TAT\u0130L YAPIYORLAR Balon u\u00e7u\u015fu yapan, Derinkuyu ve Pa\u015faba\u011flar\u0131&#8217;n\u0131 gezen pilotlar ard\u0131ndan Konya&#8217;da \u00c7atalh\u00f6y\u00fck, sonras\u0131nda \u0130stanbul&#8217;da Sultanahmet, Yerebatan Sarn\u0131c\u0131, Topkap\u0131 Saray\u0131 ve Kapal\u0131\u00e7ar\u015f\u0131 ziyareti yapt\u0131. U\u00e7aklar\u0131yla Antalya&#8217;ya gelen pilotlar, beraberindekilerle Kemer il\u00e7esindeki 5 g\u00fcnl\u00fck konaklama s\u00fcre\u00e7lerinde tekne turu, dal\u0131\u015f, kanyon gezisi, zipline gibi aktivitilerle k\u00fclt\u00fcrel ziyaretlere kat\u0131ld\u0131. Kemer&#8217;in ard\u0131ndan Bodrum&#8217;a giden pilotlar, u\u00e7aklar\u0131yla tatil rotas\u0131na devam &hellip;","og_url":"https:\/\/denizcankizil.tr\/uk\/haberler\/antalya\/turizmde-yeni-trend-ucaklariyla-gelip-tatil-yapiyorlar\/","og_site_name":"Av. Deniz Can K\u0131z\u0131l","article_published_time":"2025-06-26T07:41:19+00:00","author":"Av. Deniz Can K\u0131z\u0131l","twitter_card":"summary_large_image","twitter_misc":{"\u041d\u0430\u043f\u0438\u0441\u0430\u043d\u043e":"Av. Deniz Can K\u0131z\u0131l","\u041f\u0440\u0438\u0431\u043b. \u0447\u0430\u0441 \u0447\u0438\u0442\u0430\u043d\u043d\u044f":"4 \u0445\u0432\u0438\u043b\u0438\u043d\u0438"},"schema":{"@context":"https:\/\/schema.org","@graph":[{"@type":"Article","@id":"https:\/\/denizcankizil.tr\/ru\/haberler\/antalya\/turizmde-yeni-trend-ucaklariyla-gelip-tatil-yapiyorlar\/#article","isPartOf":{"@id":"https:\/\/denizcankizil.tr\/ru\/haberler\/antalya\/turizmde-yeni-trend-ucaklariyla-gelip-tatil-yapiyorlar\/"},"author":{"name":"Av. Deniz Can K\u0131z\u0131l","@id":"https:\/\/denizcankizil.tr\/de\/#\/schema\/person\/5dc1b22991bd7ac833867c10afc9b0ff"},"headline":"Turizmde yeni trend; u\u00e7aklar\u0131yla gelip tatil yap\u0131yorlar","datePublished":"2025-06-26T07:41:19+00:00","mainEntityOfPage":{"@id":"https:\/\/denizcankizil.tr\/ru\/haberler\/antalya\/turizmde-yeni-trend-ucaklariyla-gelip-tatil-yapiyorlar\/"},"wordCount":832,"publisher":{"@id":"https:\/\/denizcankizil.tr\/de\/#organization"},"articleSection":["Antalya"],"inLanguage":"uk"},{"@type":"WebPage","@id":"https:\/\/denizcankizil.tr\/ru\/haberler\/antalya\/turizmde-yeni-trend-ucaklariyla-gelip-tatil-yapiyorlar\/","url":"https:\/\/denizcankizil.tr\/ru\/haberler\/antalya\/turizmde-yeni-trend-ucaklariyla-gelip-tatil-yapiyorlar\/","name":"Turizmde yeni trend; u\u00e7aklar\u0131yla gelip tatil yap\u0131yorlar - Av. Deniz Can K\u0131z\u0131l","isPartOf":{"@id":"https:\/\/denizcankizil.tr\/de\/#website"},"datePublished":"2025-06-26T07:41:19+00:00","breadcrumb":{"@id":"https:\/\/denizcankizil.tr\/ru\/haberler\/antalya\/turizmde-yeni-trend-ucaklariyla-gelip-tatil-yapiyorlar\/#breadcrumb"},"inLanguage":"uk","potentialAction":[{"@type":"ReadAction","target":["https:\/\/denizcankizil.tr\/ru\/haberler\/antalya\/turizmde-yeni-trend-ucaklariyla-gelip-tatil-yapiyorlar\/"]}]},{"@type":"BreadcrumbList","@id":"https:\/\/denizcankizil.tr\/ru\/haberler\/antalya\/turizmde-yeni-trend-ucaklariyla-gelip-tatil-yapiyorlar\/#breadcrumb","itemListElement":[{"@type":"ListItem","position":1,"name":"Home","item":"https:\/\/denizcankizil.tr\/de\/"},{"@type":"ListItem","position":2,"name":"Turizmde yeni trend; u\u00e7aklar\u0131yla gelip tatil yap\u0131yorlar"}]},{"@type":"WebSite","@id":"https:\/\/denizcankizil.tr\/de\/#website","url":"https:\/\/denizcankizil.tr\/de\/","name":"Av. Deniz Can K\u0131z\u0131l","description":"Avukat Deniz Can K\u0131z\u0131l Antalya Barosu","publisher":{"@id":"https:\/\/denizcankizil.tr\/de\/#organization"},"potentialAction":[{"@type":"SearchAction","target":{"@type":"EntryPoint","urlTemplate":"https:\/\/denizcankizil.tr\/de\/?s={search_term_string}"},"query-input":{"@type":"PropertyValueSpecification","valueRequired":true,"valueName":"search_term_string"}}],"inLanguage":"uk"},{"@type":"Organization","@id":"https:\/\/denizcankizil.tr\/de\/#organization","name":"Av. Deniz Can K\u0131z\u0131l","url":"https:\/\/denizcankizil.tr\/de\/","logo":{"@type":"ImageObject","inLanguage":"uk","@id":"https:\/\/denizcankizil.tr\/de\/#\/schema\/logo\/image\/","url":"https:\/\/denizcankizil.tr\/wp-content\/uploads\/2024\/10\/siyah-logo-svg.svg","contentUrl":"https:\/\/denizcankizil.tr\/wp-content\/uploads\/2024\/10\/siyah-logo-svg.svg","width":1080,"height":1080,"caption":"Av. Deniz Can K\u0131z\u0131l"},"image":{"@id":"https:\/\/denizcankizil.tr\/de\/#\/schema\/logo\/image\/"}},{"@type":"Person","@id":"https:\/\/denizcankizil.tr\/de\/#\/schema\/person\/5dc1b22991bd7ac833867c10afc9b0ff","name":"Av. Deniz Can K\u0131z\u0131l","image":{"@type":"ImageObject","inLanguage":"uk","@id":"https:\/\/denizcankizil.tr\/de\/#\/schema\/person\/image\/","url":"https:\/\/secure.gravatar.com\/avatar\/a0b128fb9855c79efc976d5640eedb31dc35ec297594d6016d2cf7c60e975bb6?s=96&d=mm&r=g","contentUrl":"https:\/\/secure.gravatar.com\/avatar\/a0b128fb9855c79efc976d5640eedb31dc35ec297594d6016d2cf7c60e975bb6?s=96&d=mm&r=g","caption":"Av. Deniz Can K\u0131z\u0131l"},"sameAs":["http:\/\/www.denizcankizil.tr"],"url":"https:\/\/denizcankizil.tr\/uk\/author\/denizcankizil\/"}]}},"_links":{"self":[{"href":"https:\/\/denizcankizil.tr\/uk\/wp-json\/wp\/v2\/posts\/126978","targetHints":{"allow":["GET"]}}],"collection":[{"href":"https:\/\/denizcankizil.tr\/uk\/wp-json\/wp\/v2\/posts"}],"about":[{"href":"https:\/\/denizcankizil.tr\/uk\/wp-json\/wp\/v2\/types\/post"}],"author":[{"embeddable":true,"href":"https:\/\/denizcankizil.tr\/uk\/wp-json\/wp\/v2\/users\/4"}],"replies":[{"embeddable":true,"href":"https:\/\/denizcankizil.tr\/uk\/wp-json\/wp\/v2\/comments?post=126978"}],"version-history":[{"count":0,"href":"https:\/\/denizcankizil.tr\/uk\/wp-json\/wp\/v2\/posts\/126978\/revisions"}],"wp:attachment":[{"href":"https:\/\/denizcankizil.tr\/uk\/wp-json\/wp\/v2\/media?parent=126978"}],"wp:term":[{"taxonomy":"category","embeddable":true,"href":"https:\/\/denizcankizil.tr\/uk\/wp-json\/wp\/v2\/categories?post=126978"},{"taxonomy":"post_tag","embeddable":true,"href":"https:\/\/denizcankizil.tr\/uk\/wp-json\/wp\/v2\/tags?post=126978"}],"curies":[{"name":"wp","href":"https:\/\/api.w.org\/{rel}","templated":true}]}}