{"id":126390,"date":"2025-06-25T18:42:14","date_gmt":"2025-06-25T15:42:14","guid":{"rendered":"https:\/\/denizcankizil.tr\/uncategorized-tr\/izmir-aliagada-orman-yangini-havadan-ve-karadan-mudahale-suruyor\/"},"modified":"2025-06-25T18:42:14","modified_gmt":"2025-06-25T15:42:14","slug":"izmir-aliagada-orman-yangini-havadan-ve-karadan-mudahale-suruyor","status":"publish","type":"post","link":"https:\/\/denizcankizil.tr\/uk\/haberler\/gundem\/izmir-aliagada-orman-yangini-havadan-ve-karadan-mudahale-suruyor\/","title":{"rendered":"\u0130zmir Alia\u011fa\u2019da orman yang\u0131n\u0131! Havadan ve karadan m\u00fcdahale s\u00fcr\u00fcyor"},"content":{"rendered":"<p>Orman Genel M\u00fcd\u00fcrl\u00fc\u011f\u00fc, \u0130zmir\u2019in Alia\u011fa il\u00e7esi Bozk\u00f6y mevkiinde \u00e7\u0131kan orman yang\u0131n\u0131na havadan ve karadan m\u00fcdahale edildi\u011fini duyurdu. Yang\u0131n\u0131 kontrol alt\u0131na alma \u00e7al\u0131\u015fmalar\u0131 devam ediyor.\u0130ZM\u0130R (\u0130GFA) &#8211; \u0130zmir\u2019in Alia\u011fa il\u00e7esi Bozk\u00f6y Mahallesi\u2019nde bug\u00fcn saat 12:30 s\u0131ralar\u0131nda ba\u015flayan orman yang\u0131n\u0131na, Orman Genel M\u00fcd\u00fcrl\u00fc\u011f\u00fc ekipleri taraf\u0131ndan yo\u011fun bir \u015fekilde m\u00fcdahale ediliyor.<br \/>\nOrman Genel M\u00fcd\u00fcrl\u00fc\u011f\u00fc\u2019n\u00fcn resmi sosyal medya hesab\u0131ndan yap\u0131lan a\u00e7\u0131klamada, yang\u0131n\u0131n kontrol alt\u0131na al\u0131nmas\u0131 i\u00e7in havadan ve karadan m\u00fccadelenin s\u00fcrd\u00fcr\u00fcld\u00fc\u011f\u00fc belirtildi.<br \/>\nYang\u0131na, Orman Genel M\u00fcd\u00fcrl\u00fc\u011f\u00fc\u2019ne ait 11 u\u00e7ak, 13 helikopter, 32 araz\u00f6z, 10 su ikmal arac\u0131, 5 dozer ve 450 ki\u015filik bir ekiple m\u00fcdahale ediliyor.<br \/>\n???? \u0130zmir \/ Alia\u011faAlia\u011fa Bozk\u00f6y mevkiinde meydana gelen orman yang\u0131n\u0131na havadan ve karadan m\u00fcdahale ediyoruz. Yang\u0131n\u0131 en k\u0131sa s\u00fcrede kontrol alt\u0131na almak i\u00e7in m\u00fccadelemiz devam ediyor. #Ye\u015filVatan#Orman\u0131Koru#Yang\u0131n\u0131\u00d6nle pic.twitter.com\/Q64CEurBLw\u2014 Orman Genel M\u00fcd\u00fcrl\u00fc\u011f\u00fc (@OGMgovtr) June 25, 2025<br \/>\nR\u00fczgar\u0131n etkisiyle yay\u0131lan alevlerin, Fo\u00e7a il\u00e7esi Il\u0131p\u0131nar Mahallesi y\u00f6n\u00fcne ilerledi\u011fi ve b\u00f6lgedeki baz\u0131 evlerin tedbir ama\u00e7l\u0131 tahliye edildi\u011fi bildirildi.<br \/>\nOrman Genel M\u00fcd\u00fcrl\u00fc\u011f\u00fc, \u201cYe\u015fil Vatan\u2019\u0131 koruma\u201d hedefiyle yang\u0131n\u0131 en k\u0131sa s\u00fcrede kontrol alt\u0131na almak i\u00e7in \u00e7al\u0131\u015fmalar\u0131n aral\u0131ks\u0131z devam etti\u011fini vurgulad\u0131.<br \/>\nYang\u0131n\u0131n \u00e7\u0131k\u0131\u015f nedeni hen\u00fcz belirlenemezken, ekiplerin yo\u011fun \u00e7abas\u0131 s\u00fcr\u00fcyor.<\/p>\n<p>\u200bOrman Genel M\u00fcd\u00fcrl\u00fc\u011f\u00fc, \u0130zmir\u2019in Alia\u011fa il\u00e7esi Bozk\u00f6y mevkiinde \u00e7\u0131kan orman yang\u0131n\u0131na havadan ve karadan m\u00fcdahale edildi\u011fini duyurdu. Yang\u0131n\u0131 kontrol alt\u0131na alma \u00e7al\u0131\u015fmalar\u0131 devam ediyor.\u0130ZM\u0130R (\u0130GFA) &#8211; \u0130zmir\u2019in Alia\u011fa il\u00e7esi Bozk\u00f6y Mahallesi\u2019nde bug\u00fcn saat 12:30 s\u0131ralar\u0131nda ba\u015flayan orman yang\u0131n\u0131na, Orman Genel M\u00fcd\u00fcrl\u00fc\u011f\u00fc ekipleri taraf\u0131ndan yo\u011fun bir \u015fekilde m\u00fcdahale ediliyor.<br \/>\nOrman Genel M\u00fcd\u00fcrl\u00fc\u011f\u00fc\u2019n\u00fcn resmi sosyal medya hesab\u0131ndan yap\u0131lan a\u00e7\u0131klamada, yang\u0131n\u0131n kontrol alt\u0131na al\u0131nmas\u0131 i\u00e7in havadan ve karadan m\u00fccadelenin s\u00fcrd\u00fcr\u00fcld\u00fc\u011f\u00fc belirtildi.<br \/>\nYang\u0131na, Orman Genel M\u00fcd\u00fcrl\u00fc\u011f\u00fc\u2019ne ait 11 u\u00e7ak, 13 helikopter, 32 araz\u00f6z, 10 su ikmal arac\u0131, 5 dozer ve 450 ki\u015filik bir ekiple m\u00fcdahale ediliyor.<br \/>\n???? \u0130zmir \/ Alia\u011faAlia\u011fa Bozk\u00f6y mevkiinde meydana gelen orman yang\u0131n\u0131na havadan ve karadan m\u00fcdahale ediyoruz. Yang\u0131n\u0131 en k\u0131sa s\u00fcrede kontrol alt\u0131na almak i\u00e7in m\u00fccadelemiz devam ediyor. #Ye\u015filVatan#Orman\u0131Koru#Yang\u0131n\u0131\u00d6nle pic.twitter.com\/Q64CEurBLw\u2014 Orman Genel M\u00fcd\u00fcrl\u00fc\u011f\u00fc (@OGMgovtr) June 25, 2025<br \/>\nR\u00fczgar\u0131n etkisiyle yay\u0131lan alevlerin, Fo\u00e7a il\u00e7esi Il\u0131p\u0131nar Mahallesi y\u00f6n\u00fcne ilerledi\u011fi ve b\u00f6lgedeki baz\u0131 evlerin tedbir ama\u00e7l\u0131 tahliye edildi\u011fi bildirildi.<br \/>\nOrman Genel M\u00fcd\u00fcrl\u00fc\u011f\u00fc, \u201cYe\u015fil Vatan\u2019\u0131 koruma\u201d hedefiyle yang\u0131n\u0131 en k\u0131sa s\u00fcrede kontrol alt\u0131na almak i\u00e7in \u00e7al\u0131\u015fmalar\u0131n aral\u0131ks\u0131z devam etti\u011fini vurgulad\u0131.<br \/>\nYang\u0131n\u0131n \u00e7\u0131k\u0131\u015f nedeni hen\u00fcz belirlenemezken, ekiplerin yo\u011fun \u00e7abas\u0131 s\u00fcr\u00fcyor.\u00a0<\/p>\n<p>\u200bHaberin Al\u0131nt\u0131land\u0131\u011f\u0131 Kaynak: www.iskenderun.org<\/p>","protected":false},"excerpt":{"rendered":"<p>Orman Genel M\u00fcd\u00fcrl\u00fc\u011f\u00fc, \u0130zmir\u2019in Alia\u011fa il\u00e7esi Bozk\u00f6y mevkiinde \u00e7\u0131kan orman yang\u0131n\u0131na havadan ve karadan m\u00fcdahale edildi\u011fini duyurdu. Yang\u0131n\u0131 kontrol alt\u0131na alma \u00e7al\u0131\u015fmalar\u0131 devam ediyor.\u0130ZM\u0130R (\u0130GFA) &#8211; \u0130zmir\u2019in Alia\u011fa il\u00e7esi Bozk\u00f6y Mahallesi\u2019nde bug\u00fcn saat 12:30 s\u0131ralar\u0131nda ba\u015flayan orman yang\u0131n\u0131na, Orman Genel M\u00fcd\u00fcrl\u00fc\u011f\u00fc ekipleri taraf\u0131ndan yo\u011fun bir \u015fekilde m\u00fcdahale ediliyor. Orman Genel M\u00fcd\u00fcrl\u00fc\u011f\u00fc\u2019n\u00fcn resmi sosyal medya hesab\u0131ndan yap\u0131lan a\u00e7\u0131klamada, yang\u0131n\u0131n kontrol alt\u0131na al\u0131nmas\u0131 i\u00e7in havadan ve karadan m\u00fccadelenin s\u00fcrd\u00fcr\u00fcld\u00fc\u011f\u00fc belirtildi. Yang\u0131na, Orman Genel M\u00fcd\u00fcrl\u00fc\u011f\u00fc\u2019ne ait 11 u\u00e7ak, 13 helikopter, 32 araz\u00f6z, 10 su ikmal arac\u0131, 5 dozer ve 450 ki\u015filik bir ekiple m\u00fcdahale ediliyor. ???? \u0130zmir \/ Alia\u011faAlia\u011fa Bozk\u00f6y mevkiinde meydana gelen orman yang\u0131n\u0131na havadan ve karadan m\u00fcdahale ediyoruz. Yang\u0131n\u0131 en k\u0131sa s\u00fcrede kontrol alt\u0131na almak i\u00e7in m\u00fccadelemiz devam ediyor. #Ye\u015filVatan#Orman\u0131Koru#Yang\u0131n\u0131\u00d6nle pic.twitter.com\/Q64CEurBLw\u2014 Orman Genel M\u00fcd\u00fcrl\u00fc\u011f\u00fc (@OGMgovtr) June 25, 2025 R\u00fczgar\u0131n etkisiyle yay\u0131lan alevlerin, Fo\u00e7a il\u00e7esi Il\u0131p\u0131nar Mahallesi y\u00f6n\u00fcne ilerledi\u011fi ve b\u00f6lgedeki baz\u0131 evlerin tedbir ama\u00e7l\u0131 tahliye edildi\u011fi bildirildi. Orman Genel M\u00fcd\u00fcrl\u00fc\u011f\u00fc, \u201cYe\u015fil Vatan\u2019\u0131 koruma\u201d hedefiyle yang\u0131n\u0131 en k\u0131sa s\u00fcrede kontrol alt\u0131na almak i\u00e7in \u00e7al\u0131\u015fmalar\u0131n aral\u0131ks\u0131z devam etti\u011fini vurgulad\u0131. Yang\u0131n\u0131n \u00e7\u0131k\u0131\u015f nedeni hen\u00fcz belirlenemezken, ekiplerin yo\u011fun \u00e7abas\u0131 s\u00fcr\u00fcyor. \u200bOrman Genel M\u00fcd\u00fcrl\u00fc\u011f\u00fc, \u0130zmir\u2019in Alia\u011fa il\u00e7esi Bozk\u00f6y mevkiinde \u00e7\u0131kan orman yang\u0131n\u0131na havadan ve karadan m\u00fcdahale edildi\u011fini duyurdu. Yang\u0131n\u0131 kontrol alt\u0131na alma \u00e7al\u0131\u015fmalar\u0131 devam ediyor.\u0130ZM\u0130R (\u0130GFA) &hellip;<\/p>","protected":false},"author":1,"featured_media":0,"comment_status":"","ping_status":"open","sticky":false,"template":"","format":"standard","meta":{"_acf_changed":false,"footnotes":""},"categories":[24],"tags":[],"class_list":["post-126390","post","type-post","status-publish","format-standard","has-post-thumbnail","hentry","category-gundem"],"acf":[],"yoast_head":"<!-- This site is optimized with the Yoast SEO Premium plugin v26.6 (Yoast SEO v27.1.1) - https:\/\/yoast.com\/product\/yoast-seo-premium-wordpress\/ -->\n<title>\u0130zmir Alia\u011fa\u2019da orman yang\u0131n\u0131! Havadan ve karadan m\u00fcdahale s\u00fcr\u00fcyor - Av. Deniz Can K\u0131z\u0131l<\/title>\n<meta name=\"robots\" content=\"index, follow, max-snippet:-1, max-image-preview:large, max-video-preview:-1\" \/>\n<link rel=\"canonical\" href=\"https:\/\/denizcankizil.tr\/uk\/haberler\/gundem\/izmir-aliagada-orman-yangini-havadan-ve-karadan-mudahale-suruyor\/\" \/>\n<meta property=\"og:locale\" content=\"uk_UA\" \/>\n<meta property=\"og:type\" content=\"article\" \/>\n<meta property=\"og:title\" content=\"\u0130zmir Alia\u011fa\u2019da orman yang\u0131n\u0131! Havadan ve karadan m\u00fcdahale s\u00fcr\u00fcyor\" \/>\n<meta property=\"og:description\" content=\"Orman Genel M\u00fcd\u00fcrl\u00fc\u011f\u00fc, \u0130zmir\u2019in Alia\u011fa il\u00e7esi Bozk\u00f6y mevkiinde \u00e7\u0131kan orman yang\u0131n\u0131na havadan ve karadan m\u00fcdahale edildi\u011fini duyurdu. Yang\u0131n\u0131 kontrol alt\u0131na alma \u00e7al\u0131\u015fmalar\u0131 devam ediyor.\u0130ZM\u0130R (\u0130GFA) &#8211; \u0130zmir\u2019in Alia\u011fa il\u00e7esi Bozk\u00f6y Mahallesi\u2019nde bug\u00fcn saat 12:30 s\u0131ralar\u0131nda ba\u015flayan orman yang\u0131n\u0131na, Orman Genel M\u00fcd\u00fcrl\u00fc\u011f\u00fc ekipleri taraf\u0131ndan yo\u011fun bir \u015fekilde m\u00fcdahale ediliyor. Orman Genel M\u00fcd\u00fcrl\u00fc\u011f\u00fc\u2019n\u00fcn resmi sosyal medya hesab\u0131ndan yap\u0131lan a\u00e7\u0131klamada, yang\u0131n\u0131n kontrol alt\u0131na al\u0131nmas\u0131 i\u00e7in havadan ve karadan m\u00fccadelenin s\u00fcrd\u00fcr\u00fcld\u00fc\u011f\u00fc belirtildi. Yang\u0131na, Orman Genel M\u00fcd\u00fcrl\u00fc\u011f\u00fc\u2019ne ait 11 u\u00e7ak, 13 helikopter, 32 araz\u00f6z, 10 su ikmal arac\u0131, 5 dozer ve 450 ki\u015filik bir ekiple m\u00fcdahale ediliyor. ???? \u0130zmir \/ Alia\u011faAlia\u011fa Bozk\u00f6y mevkiinde meydana gelen orman yang\u0131n\u0131na havadan ve karadan m\u00fcdahale ediyoruz. Yang\u0131n\u0131 en k\u0131sa s\u00fcrede kontrol alt\u0131na almak i\u00e7in m\u00fccadelemiz devam ediyor. #Ye\u015filVatan#Orman\u0131Koru#Yang\u0131n\u0131\u00d6nle pic.twitter.com\/Q64CEurBLw\u2014 Orman Genel M\u00fcd\u00fcrl\u00fc\u011f\u00fc (@OGMgovtr) June 25, 2025 R\u00fczgar\u0131n etkisiyle yay\u0131lan alevlerin, Fo\u00e7a il\u00e7esi Il\u0131p\u0131nar Mahallesi y\u00f6n\u00fcne ilerledi\u011fi ve b\u00f6lgedeki baz\u0131 evlerin tedbir ama\u00e7l\u0131 tahliye edildi\u011fi bildirildi. Orman Genel M\u00fcd\u00fcrl\u00fc\u011f\u00fc, \u201cYe\u015fil Vatan\u2019\u0131 koruma\u201d hedefiyle yang\u0131n\u0131 en k\u0131sa s\u00fcrede kontrol alt\u0131na almak i\u00e7in \u00e7al\u0131\u015fmalar\u0131n aral\u0131ks\u0131z devam etti\u011fini vurgulad\u0131. Yang\u0131n\u0131n \u00e7\u0131k\u0131\u015f nedeni hen\u00fcz belirlenemezken, ekiplerin yo\u011fun \u00e7abas\u0131 s\u00fcr\u00fcyor. \u200bOrman Genel M\u00fcd\u00fcrl\u00fc\u011f\u00fc, \u0130zmir\u2019in Alia\u011fa il\u00e7esi Bozk\u00f6y mevkiinde \u00e7\u0131kan orman yang\u0131n\u0131na havadan ve karadan m\u00fcdahale edildi\u011fini duyurdu. Yang\u0131n\u0131 kontrol alt\u0131na alma \u00e7al\u0131\u015fmalar\u0131 devam ediyor.\u0130ZM\u0130R (\u0130GFA) &hellip;\" \/>\n<meta property=\"og:url\" content=\"https:\/\/denizcankizil.tr\/uk\/haberler\/gundem\/izmir-aliagada-orman-yangini-havadan-ve-karadan-mudahale-suruyor\/\" \/>\n<meta property=\"og:site_name\" content=\"Av. Deniz Can K\u0131z\u0131l\" \/>\n<meta property=\"article:published_time\" content=\"2025-06-25T15:42:14+00:00\" \/>\n<meta name=\"author\" content=\"admin\" \/>\n<meta name=\"twitter:card\" content=\"summary_large_image\" \/>\n<meta name=\"twitter:label1\" content=\"\u041d\u0430\u043f\u0438\u0441\u0430\u043d\u043e\" \/>\n\t<meta name=\"twitter:data1\" content=\"admin\" \/>\n\t<meta name=\"twitter:label2\" content=\"\u041f\u0440\u0438\u0431\u043b. \u0447\u0430\u0441 \u0447\u0438\u0442\u0430\u043d\u043d\u044f\" \/>\n\t<meta name=\"twitter:data2\" content=\"3 \u0445\u0432\u0438\u043b\u0438\u043d\u0438\" \/>\n<script type=\"application\/ld+json\" class=\"yoast-schema-graph\">{\"@context\":\"https:\/\/schema.org\",\"@graph\":[{\"@type\":\"Article\",\"@id\":\"https:\/\/denizcankizil.tr\/uk\/haberler\/gundem\/izmir-aliagada-orman-yangini-havadan-ve-karadan-mudahale-suruyor\/#article\",\"isPartOf\":{\"@id\":\"https:\/\/denizcankizil.tr\/uk\/haberler\/gundem\/izmir-aliagada-orman-yangini-havadan-ve-karadan-mudahale-suruyor\/\"},\"author\":{\"name\":\"admin\",\"@id\":\"https:\/\/denizcankizil.tr\/de\/#\/schema\/person\/be3c05fe6a12686905512445d8185489\"},\"headline\":\"\u0130zmir Alia\u011fa\u2019da orman yang\u0131n\u0131! Havadan ve karadan m\u00fcdahale s\u00fcr\u00fcyor\",\"datePublished\":\"2025-06-25T15:42:14+00:00\",\"mainEntityOfPage\":{\"@id\":\"https:\/\/denizcankizil.tr\/uk\/haberler\/gundem\/izmir-aliagada-orman-yangini-havadan-ve-karadan-mudahale-suruyor\/\"},\"wordCount\":573,\"publisher\":{\"@id\":\"https:\/\/denizcankizil.tr\/de\/#organization\"},\"articleSection\":[\"G\u00fcndem\"],\"inLanguage\":\"uk\"},{\"@type\":\"WebPage\",\"@id\":\"https:\/\/denizcankizil.tr\/uk\/haberler\/gundem\/izmir-aliagada-orman-yangini-havadan-ve-karadan-mudahale-suruyor\/\",\"url\":\"https:\/\/denizcankizil.tr\/uk\/haberler\/gundem\/izmir-aliagada-orman-yangini-havadan-ve-karadan-mudahale-suruyor\/\",\"name\":\"\u0130zmir Alia\u011fa\u2019da orman yang\u0131n\u0131! Havadan ve karadan m\u00fcdahale s\u00fcr\u00fcyor - Av. Deniz Can K\u0131z\u0131l\",\"isPartOf\":{\"@id\":\"https:\/\/denizcankizil.tr\/de\/#website\"},\"datePublished\":\"2025-06-25T15:42:14+00:00\",\"breadcrumb\":{\"@id\":\"https:\/\/denizcankizil.tr\/uk\/haberler\/gundem\/izmir-aliagada-orman-yangini-havadan-ve-karadan-mudahale-suruyor\/#breadcrumb\"},\"inLanguage\":\"uk\",\"potentialAction\":[{\"@type\":\"ReadAction\",\"target\":[\"https:\/\/denizcankizil.tr\/uk\/haberler\/gundem\/izmir-aliagada-orman-yangini-havadan-ve-karadan-mudahale-suruyor\/\"]}]},{\"@type\":\"BreadcrumbList\",\"@id\":\"https:\/\/denizcankizil.tr\/uk\/haberler\/gundem\/izmir-aliagada-orman-yangini-havadan-ve-karadan-mudahale-suruyor\/#breadcrumb\",\"itemListElement\":[{\"@type\":\"ListItem\",\"position\":1,\"name\":\"Home\",\"item\":\"https:\/\/denizcankizil.tr\/de\/\"},{\"@type\":\"ListItem\",\"position\":2,\"name\":\"\u0130zmir Alia\u011fa\u2019da orman yang\u0131n\u0131! Havadan ve karadan m\u00fcdahale s\u00fcr\u00fcyor\"}]},{\"@type\":\"WebSite\",\"@id\":\"https:\/\/denizcankizil.tr\/de\/#website\",\"url\":\"https:\/\/denizcankizil.tr\/de\/\",\"name\":\"Av. Deniz Can K\u0131z\u0131l\",\"description\":\"Avukat Deniz Can K\u0131z\u0131l Antalya Barosu\",\"publisher\":{\"@id\":\"https:\/\/denizcankizil.tr\/de\/#organization\"},\"potentialAction\":[{\"@type\":\"SearchAction\",\"target\":{\"@type\":\"EntryPoint\",\"urlTemplate\":\"https:\/\/denizcankizil.tr\/de\/?s={search_term_string}\"},\"query-input\":{\"@type\":\"PropertyValueSpecification\",\"valueRequired\":true,\"valueName\":\"search_term_string\"}}],\"inLanguage\":\"uk\"},{\"@type\":\"Organization\",\"@id\":\"https:\/\/denizcankizil.tr\/de\/#organization\",\"name\":\"Av. Deniz Can K\u0131z\u0131l\",\"url\":\"https:\/\/denizcankizil.tr\/de\/\",\"logo\":{\"@type\":\"ImageObject\",\"inLanguage\":\"uk\",\"@id\":\"https:\/\/denizcankizil.tr\/de\/#\/schema\/logo\/image\/\",\"url\":\"https:\/\/denizcankizil.tr\/wp-content\/uploads\/2024\/10\/siyah-logo-svg.svg\",\"contentUrl\":\"https:\/\/denizcankizil.tr\/wp-content\/uploads\/2024\/10\/siyah-logo-svg.svg\",\"width\":1080,\"height\":1080,\"caption\":\"Av. Deniz Can K\u0131z\u0131l\"},\"image\":{\"@id\":\"https:\/\/denizcankizil.tr\/de\/#\/schema\/logo\/image\/\"}},{\"@type\":\"Person\",\"@id\":\"https:\/\/denizcankizil.tr\/de\/#\/schema\/person\/be3c05fe6a12686905512445d8185489\",\"name\":\"admin\",\"image\":{\"@type\":\"ImageObject\",\"inLanguage\":\"uk\",\"@id\":\"https:\/\/denizcankizil.tr\/de\/#\/schema\/person\/image\/\",\"url\":\"https:\/\/secure.gravatar.com\/avatar\/c1fce94c830dc79107e174f890d7210541c4a63e8e5d816341794a2151c9d58c?s=96&d=mm&r=g\",\"contentUrl\":\"https:\/\/secure.gravatar.com\/avatar\/c1fce94c830dc79107e174f890d7210541c4a63e8e5d816341794a2151c9d58c?s=96&d=mm&r=g\",\"caption\":\"admin\"},\"sameAs\":[\"http:\/\/denizcankizil.tr\"],\"url\":\"https:\/\/www.iskenderun.org\/izmir-aliagada-orman-yangini-havadan-ve-karadan-mudahale-suruyor\"}]}<\/script>\n<!-- \/ Yoast SEO Premium plugin. -->","yoast_head_json":{"title":"\u0130zmir Alia\u011fa\u2019da orman yang\u0131n\u0131! Havadan ve karadan m\u00fcdahale s\u00fcr\u00fcyor - Av. Deniz Can K\u0131z\u0131l","robots":{"index":"index","follow":"follow","max-snippet":"max-snippet:-1","max-image-preview":"max-image-preview:large","max-video-preview":"max-video-preview:-1"},"canonical":"https:\/\/denizcankizil.tr\/uk\/haberler\/gundem\/izmir-aliagada-orman-yangini-havadan-ve-karadan-mudahale-suruyor\/","og_locale":"uk_UA","og_type":"article","og_title":"\u0130zmir Alia\u011fa\u2019da orman yang\u0131n\u0131! Havadan ve karadan m\u00fcdahale s\u00fcr\u00fcyor","og_description":"Orman Genel M\u00fcd\u00fcrl\u00fc\u011f\u00fc, \u0130zmir\u2019in Alia\u011fa il\u00e7esi Bozk\u00f6y mevkiinde \u00e7\u0131kan orman yang\u0131n\u0131na havadan ve karadan m\u00fcdahale edildi\u011fini duyurdu. Yang\u0131n\u0131 kontrol alt\u0131na alma \u00e7al\u0131\u015fmalar\u0131 devam ediyor.\u0130ZM\u0130R (\u0130GFA) &#8211; \u0130zmir\u2019in Alia\u011fa il\u00e7esi Bozk\u00f6y Mahallesi\u2019nde bug\u00fcn saat 12:30 s\u0131ralar\u0131nda ba\u015flayan orman yang\u0131n\u0131na, Orman Genel M\u00fcd\u00fcrl\u00fc\u011f\u00fc ekipleri taraf\u0131ndan yo\u011fun bir \u015fekilde m\u00fcdahale ediliyor. Orman Genel M\u00fcd\u00fcrl\u00fc\u011f\u00fc\u2019n\u00fcn resmi sosyal medya hesab\u0131ndan yap\u0131lan a\u00e7\u0131klamada, yang\u0131n\u0131n kontrol alt\u0131na al\u0131nmas\u0131 i\u00e7in havadan ve karadan m\u00fccadelenin s\u00fcrd\u00fcr\u00fcld\u00fc\u011f\u00fc belirtildi. Yang\u0131na, Orman Genel M\u00fcd\u00fcrl\u00fc\u011f\u00fc\u2019ne ait 11 u\u00e7ak, 13 helikopter, 32 araz\u00f6z, 10 su ikmal arac\u0131, 5 dozer ve 450 ki\u015filik bir ekiple m\u00fcdahale ediliyor. ???? \u0130zmir \/ Alia\u011faAlia\u011fa Bozk\u00f6y mevkiinde meydana gelen orman yang\u0131n\u0131na havadan ve karadan m\u00fcdahale ediyoruz. Yang\u0131n\u0131 en k\u0131sa s\u00fcrede kontrol alt\u0131na almak i\u00e7in m\u00fccadelemiz devam ediyor. #Ye\u015filVatan#Orman\u0131Koru#Yang\u0131n\u0131\u00d6nle pic.twitter.com\/Q64CEurBLw\u2014 Orman Genel M\u00fcd\u00fcrl\u00fc\u011f\u00fc (@OGMgovtr) June 25, 2025 R\u00fczgar\u0131n etkisiyle yay\u0131lan alevlerin, Fo\u00e7a il\u00e7esi Il\u0131p\u0131nar Mahallesi y\u00f6n\u00fcne ilerledi\u011fi ve b\u00f6lgedeki baz\u0131 evlerin tedbir ama\u00e7l\u0131 tahliye edildi\u011fi bildirildi. Orman Genel M\u00fcd\u00fcrl\u00fc\u011f\u00fc, \u201cYe\u015fil Vatan\u2019\u0131 koruma\u201d hedefiyle yang\u0131n\u0131 en k\u0131sa s\u00fcrede kontrol alt\u0131na almak i\u00e7in \u00e7al\u0131\u015fmalar\u0131n aral\u0131ks\u0131z devam etti\u011fini vurgulad\u0131. Yang\u0131n\u0131n \u00e7\u0131k\u0131\u015f nedeni hen\u00fcz belirlenemezken, ekiplerin yo\u011fun \u00e7abas\u0131 s\u00fcr\u00fcyor. \u200bOrman Genel M\u00fcd\u00fcrl\u00fc\u011f\u00fc, \u0130zmir\u2019in Alia\u011fa il\u00e7esi Bozk\u00f6y mevkiinde \u00e7\u0131kan orman yang\u0131n\u0131na havadan ve karadan m\u00fcdahale edildi\u011fini duyurdu. Yang\u0131n\u0131 kontrol alt\u0131na alma \u00e7al\u0131\u015fmalar\u0131 devam ediyor.\u0130ZM\u0130R (\u0130GFA) &hellip;","og_url":"https:\/\/denizcankizil.tr\/uk\/haberler\/gundem\/izmir-aliagada-orman-yangini-havadan-ve-karadan-mudahale-suruyor\/","og_site_name":"Av. Deniz Can K\u0131z\u0131l","article_published_time":"2025-06-25T15:42:14+00:00","author":"admin","twitter_card":"summary_large_image","twitter_misc":{"\u041d\u0430\u043f\u0438\u0441\u0430\u043d\u043e":"admin","\u041f\u0440\u0438\u0431\u043b. \u0447\u0430\u0441 \u0447\u0438\u0442\u0430\u043d\u043d\u044f":"3 \u0445\u0432\u0438\u043b\u0438\u043d\u0438"},"schema":{"@context":"https:\/\/schema.org","@graph":[{"@type":"Article","@id":"https:\/\/denizcankizil.tr\/uk\/haberler\/gundem\/izmir-aliagada-orman-yangini-havadan-ve-karadan-mudahale-suruyor\/#article","isPartOf":{"@id":"https:\/\/denizcankizil.tr\/uk\/haberler\/gundem\/izmir-aliagada-orman-yangini-havadan-ve-karadan-mudahale-suruyor\/"},"author":{"name":"admin","@id":"https:\/\/denizcankizil.tr\/de\/#\/schema\/person\/be3c05fe6a12686905512445d8185489"},"headline":"\u0130zmir Alia\u011fa\u2019da orman yang\u0131n\u0131! Havadan ve karadan m\u00fcdahale s\u00fcr\u00fcyor","datePublished":"2025-06-25T15:42:14+00:00","mainEntityOfPage":{"@id":"https:\/\/denizcankizil.tr\/uk\/haberler\/gundem\/izmir-aliagada-orman-yangini-havadan-ve-karadan-mudahale-suruyor\/"},"wordCount":573,"publisher":{"@id":"https:\/\/denizcankizil.tr\/de\/#organization"},"articleSection":["G\u00fcndem"],"inLanguage":"uk"},{"@type":"WebPage","@id":"https:\/\/denizcankizil.tr\/uk\/haberler\/gundem\/izmir-aliagada-orman-yangini-havadan-ve-karadan-mudahale-suruyor\/","url":"https:\/\/denizcankizil.tr\/uk\/haberler\/gundem\/izmir-aliagada-orman-yangini-havadan-ve-karadan-mudahale-suruyor\/","name":"\u0130zmir Alia\u011fa\u2019da orman yang\u0131n\u0131! Havadan ve karadan m\u00fcdahale s\u00fcr\u00fcyor - Av. Deniz Can K\u0131z\u0131l","isPartOf":{"@id":"https:\/\/denizcankizil.tr\/de\/#website"},"datePublished":"2025-06-25T15:42:14+00:00","breadcrumb":{"@id":"https:\/\/denizcankizil.tr\/uk\/haberler\/gundem\/izmir-aliagada-orman-yangini-havadan-ve-karadan-mudahale-suruyor\/#breadcrumb"},"inLanguage":"uk","potentialAction":[{"@type":"ReadAction","target":["https:\/\/denizcankizil.tr\/uk\/haberler\/gundem\/izmir-aliagada-orman-yangini-havadan-ve-karadan-mudahale-suruyor\/"]}]},{"@type":"BreadcrumbList","@id":"https:\/\/denizcankizil.tr\/uk\/haberler\/gundem\/izmir-aliagada-orman-yangini-havadan-ve-karadan-mudahale-suruyor\/#breadcrumb","itemListElement":[{"@type":"ListItem","position":1,"name":"Home","item":"https:\/\/denizcankizil.tr\/de\/"},{"@type":"ListItem","position":2,"name":"\u0130zmir Alia\u011fa\u2019da orman yang\u0131n\u0131! Havadan ve karadan m\u00fcdahale s\u00fcr\u00fcyor"}]},{"@type":"WebSite","@id":"https:\/\/denizcankizil.tr\/de\/#website","url":"https:\/\/denizcankizil.tr\/de\/","name":"Av. Deniz Can K\u0131z\u0131l","description":"Avukat Deniz Can K\u0131z\u0131l Antalya Barosu","publisher":{"@id":"https:\/\/denizcankizil.tr\/de\/#organization"},"potentialAction":[{"@type":"SearchAction","target":{"@type":"EntryPoint","urlTemplate":"https:\/\/denizcankizil.tr\/de\/?s={search_term_string}"},"query-input":{"@type":"PropertyValueSpecification","valueRequired":true,"valueName":"search_term_string"}}],"inLanguage":"uk"},{"@type":"Organization","@id":"https:\/\/denizcankizil.tr\/de\/#organization","name":"Av. Deniz Can K\u0131z\u0131l","url":"https:\/\/denizcankizil.tr\/de\/","logo":{"@type":"ImageObject","inLanguage":"uk","@id":"https:\/\/denizcankizil.tr\/de\/#\/schema\/logo\/image\/","url":"https:\/\/denizcankizil.tr\/wp-content\/uploads\/2024\/10\/siyah-logo-svg.svg","contentUrl":"https:\/\/denizcankizil.tr\/wp-content\/uploads\/2024\/10\/siyah-logo-svg.svg","width":1080,"height":1080,"caption":"Av. Deniz Can K\u0131z\u0131l"},"image":{"@id":"https:\/\/denizcankizil.tr\/de\/#\/schema\/logo\/image\/"}},{"@type":"Person","@id":"https:\/\/denizcankizil.tr\/de\/#\/schema\/person\/be3c05fe6a12686905512445d8185489","name":"\u0430\u0434\u043c\u0456\u043d","image":{"@type":"ImageObject","inLanguage":"uk","@id":"https:\/\/denizcankizil.tr\/de\/#\/schema\/person\/image\/","url":"https:\/\/secure.gravatar.com\/avatar\/c1fce94c830dc79107e174f890d7210541c4a63e8e5d816341794a2151c9d58c?s=96&d=mm&r=g","contentUrl":"https:\/\/secure.gravatar.com\/avatar\/c1fce94c830dc79107e174f890d7210541c4a63e8e5d816341794a2151c9d58c?s=96&d=mm&r=g","caption":"admin"},"sameAs":["http:\/\/denizcankizil.tr"],"url":"https:\/\/www.iskenderun.org\/izmir-aliagada-orman-yangini-havadan-ve-karadan-mudahale-suruyor"}]}},"_links":{"self":[{"href":"https:\/\/denizcankizil.tr\/uk\/wp-json\/wp\/v2\/posts\/126390","targetHints":{"allow":["GET"]}}],"collection":[{"href":"https:\/\/denizcankizil.tr\/uk\/wp-json\/wp\/v2\/posts"}],"about":[{"href":"https:\/\/denizcankizil.tr\/uk\/wp-json\/wp\/v2\/types\/post"}],"author":[{"embeddable":true,"href":"https:\/\/denizcankizil.tr\/uk\/wp-json\/wp\/v2\/users\/1"}],"replies":[{"embeddable":true,"href":"https:\/\/denizcankizil.tr\/uk\/wp-json\/wp\/v2\/comments?post=126390"}],"version-history":[{"count":0,"href":"https:\/\/denizcankizil.tr\/uk\/wp-json\/wp\/v2\/posts\/126390\/revisions"}],"wp:attachment":[{"href":"https:\/\/denizcankizil.tr\/uk\/wp-json\/wp\/v2\/media?parent=126390"}],"wp:term":[{"taxonomy":"category","embeddable":true,"href":"https:\/\/denizcankizil.tr\/uk\/wp-json\/wp\/v2\/categories?post=126390"},{"taxonomy":"post_tag","embeddable":true,"href":"https:\/\/denizcankizil.tr\/uk\/wp-json\/wp\/v2\/tags?post=126390"}],"curies":[{"name":"wp","href":"https:\/\/api.w.org\/{rel}","templated":true}]}}