{"id":126387,"date":"2025-06-25T18:42:11","date_gmt":"2025-06-25T15:42:11","guid":{"rendered":"https:\/\/denizcankizil.tr\/uncategorized-tr\/denizlinin-her-kosesi-modern-yol-agiyla-gucleniyor\/"},"modified":"2025-06-25T18:42:11","modified_gmt":"2025-06-25T15:42:11","slug":"denizlinin-her-kosesi-modern-yol-agiyla-gucleniyor","status":"publish","type":"post","link":"https:\/\/denizcankizil.tr\/uk\/haberler\/gundem\/denizlinin-her-kosesi-modern-yol-agiyla-gucleniyor\/","title":{"rendered":"Denizli&#8217;nin her k\u00f6\u015fesi modern yol a\u011f\u0131yla g\u00fc\u00e7leniyor"},"content":{"rendered":"<p>Denizli B\u00fcy\u00fck\u015fehir Belediyesi, kent genelinde vatanda\u015flar\u0131n daha konforlu ve g\u00fcvenli ula\u015f\u0131ma kavu\u015fmas\u0131 i\u00e7in \u00fcst yap\u0131 \u00e7al\u0131\u015fmalar\u0131na h\u0131z kesmeden devam ediyor.DEN\u0130ZL\u0130 (\u0130GFA) &#8211; Bu kapsamda ilk etapta \u00c7al, Bekilli ve \u00c7ivril il\u00e7elerinde toplam 175 bin metrekarelik alanda beton kilit parke tamirat ve in\u015fa \u00e7al\u0131\u015fmalar\u0131 ba\u015flat\u0131ld\u0131. Bu \u00e7al\u0131\u015fmalarla e\u015f zamanl\u0131 olarak Honaz il\u00e7esinde de beton kilit parke tamirat ve d\u00f6\u015feme i\u015flemleri ba\u015flad\u0131.<br \/>\nAltyap\u0131 kurulu\u015flar\u0131n\u0131n yapt\u0131\u011f\u0131 \u00e7al\u0131\u015fmalar s\u0131ras\u0131nda bozulan ve zamanla deforme olan sokak ve caddeler Denizli B\u00fcy\u00fck\u015fehir Belediyesi Fen \u0130\u015fleri Dairesi ekiplerince ba\u015ftan sona yenileniyor. B\u00f6ylece hem estetik bir g\u00f6r\u00fcn\u00fcm kazand\u0131r\u0131l\u0131yor hem de il\u00e7e sakinlerinin g\u00fcnl\u00fck ya\u015fam\u0131nda kar\u015f\u0131la\u015ft\u0131\u011f\u0131 ula\u015f\u0131m sorunlar\u0131 minimize ediliyor. Y\u0131pranan, \u00e7ukurla\u015fan veya ara\u00e7 ve yaya g\u00fcvenli\u011fini tehdit eden yollar; dayan\u0131kl\u0131, uzun \u00f6m\u00fcrl\u00fc ve modern beton kilit parke ta\u015flar\u0131yla d\u00f6\u015feniyor. \u00c7al\u0131\u015fmalar\u0131n tamamlanmas\u0131yla birlikte, bu b\u00f6lgelerde ula\u015f\u0131m standard\u0131n\u0131n y\u00fckselmesi ve \u00f6zellikle k\u0131\u015f aylar\u0131nda ya\u015fanan yol bozulmalar\u0131n\u0131n \u00f6n\u00fcne ge\u00e7ilmesi hedefleniyor.<br \/>\nYIPRANAN YOLLARA NE\u015eTER<br \/>\nDenizli B\u00fcy\u00fck\u015fehir Belediyesi, kent merkezi d\u0131\u015f\u0131ndaki t\u00fcm il\u00e7elerde y\u0131l boyunca toplamda 530 bin metrekare beton kilit parke d\u00f6\u015femeyi hedefliyor. Bu kapsamda y\u00fcr\u00fct\u00fclen \u00e7al\u0131\u015fmalar\u0131n 3 ayr\u0131 ihale \u00fczerinden planland\u0131\u011f\u0131 ve etap etap ilerletildi\u011fi belirtildi. Kentin d\u00f6rt bir yan\u0131nda hayata ge\u00e7irilen bu \u00e7al\u0131\u015fmalarla mahalle yollar\u0131 daha dayan\u0131kl\u0131, estetik ve g\u00fcvenli hale gelirken, vatanda\u015flar\u0131n ya\u015fam kalitesinin art\u0131r\u0131lmas\u0131 hedefleniyor.<\/p>\n<p>\u200bDenizli B\u00fcy\u00fck\u015fehir Belediyesi, kent genelinde vatanda\u015flar\u0131n daha konforlu ve g\u00fcvenli ula\u015f\u0131ma kavu\u015fmas\u0131 i\u00e7in \u00fcst yap\u0131 \u00e7al\u0131\u015fmalar\u0131na h\u0131z kesmeden devam ediyor.DEN\u0130ZL\u0130 (\u0130GFA) &#8211; Bu kapsamda ilk etapta \u00c7al, Bekilli ve \u00c7ivril il\u00e7elerinde toplam 175 bin metrekarelik alanda beton kilit parke tamirat ve in\u015fa \u00e7al\u0131\u015fmalar\u0131 ba\u015flat\u0131ld\u0131. Bu \u00e7al\u0131\u015fmalarla e\u015f zamanl\u0131 olarak Honaz il\u00e7esinde de beton kilit parke tamirat ve d\u00f6\u015feme i\u015flemleri ba\u015flad\u0131.<br \/>\nAltyap\u0131 kurulu\u015flar\u0131n\u0131n yapt\u0131\u011f\u0131 \u00e7al\u0131\u015fmalar s\u0131ras\u0131nda bozulan ve zamanla deforme olan sokak ve caddeler Denizli B\u00fcy\u00fck\u015fehir Belediyesi Fen \u0130\u015fleri Dairesi ekiplerince ba\u015ftan sona yenileniyor. B\u00f6ylece hem estetik bir g\u00f6r\u00fcn\u00fcm kazand\u0131r\u0131l\u0131yor hem de il\u00e7e sakinlerinin g\u00fcnl\u00fck ya\u015fam\u0131nda kar\u015f\u0131la\u015ft\u0131\u011f\u0131 ula\u015f\u0131m sorunlar\u0131 minimize ediliyor. Y\u0131pranan, \u00e7ukurla\u015fan veya ara\u00e7 ve yaya g\u00fcvenli\u011fini tehdit eden yollar; dayan\u0131kl\u0131, uzun \u00f6m\u00fcrl\u00fc ve modern beton kilit parke ta\u015flar\u0131yla d\u00f6\u015feniyor. \u00c7al\u0131\u015fmalar\u0131n tamamlanmas\u0131yla birlikte, bu b\u00f6lgelerde ula\u015f\u0131m standard\u0131n\u0131n y\u00fckselmesi ve \u00f6zellikle k\u0131\u015f aylar\u0131nda ya\u015fanan yol bozulmalar\u0131n\u0131n \u00f6n\u00fcne ge\u00e7ilmesi hedefleniyor.<br \/>\nYIPRANAN YOLLARA NE\u015eTER<br \/>\nDenizli B\u00fcy\u00fck\u015fehir Belediyesi, kent merkezi d\u0131\u015f\u0131ndaki t\u00fcm il\u00e7elerde y\u0131l boyunca toplamda 530 bin metrekare beton kilit parke d\u00f6\u015femeyi hedefliyor. Bu kapsamda y\u00fcr\u00fct\u00fclen \u00e7al\u0131\u015fmalar\u0131n 3 ayr\u0131 ihale \u00fczerinden planland\u0131\u011f\u0131 ve etap etap ilerletildi\u011fi belirtildi. Kentin d\u00f6rt bir yan\u0131nda hayata ge\u00e7irilen bu \u00e7al\u0131\u015fmalarla mahalle yollar\u0131 daha dayan\u0131kl\u0131, estetik ve g\u00fcvenli hale gelirken, vatanda\u015flar\u0131n ya\u015fam kalitesinin art\u0131r\u0131lmas\u0131 hedefleniyor.\u00a0<\/p>\n<p>\u200bHaberin Al\u0131nt\u0131land\u0131\u011f\u0131 Kaynak: www.iskenderun.org<\/p>","protected":false},"excerpt":{"rendered":"<p>Denizli B\u00fcy\u00fck\u015fehir Belediyesi, kent genelinde vatanda\u015flar\u0131n daha konforlu ve g\u00fcvenli ula\u015f\u0131ma kavu\u015fmas\u0131 i\u00e7in \u00fcst yap\u0131 \u00e7al\u0131\u015fmalar\u0131na h\u0131z kesmeden devam ediyor.DEN\u0130ZL\u0130 (\u0130GFA) &#8211; Bu kapsamda ilk etapta \u00c7al, Bekilli ve \u00c7ivril il\u00e7elerinde toplam 175 bin metrekarelik alanda beton kilit parke tamirat ve in\u015fa \u00e7al\u0131\u015fmalar\u0131 ba\u015flat\u0131ld\u0131. Bu \u00e7al\u0131\u015fmalarla e\u015f zamanl\u0131 olarak Honaz il\u00e7esinde de beton kilit parke tamirat ve d\u00f6\u015feme i\u015flemleri ba\u015flad\u0131. Altyap\u0131 kurulu\u015flar\u0131n\u0131n yapt\u0131\u011f\u0131 \u00e7al\u0131\u015fmalar s\u0131ras\u0131nda bozulan ve zamanla deforme olan sokak ve caddeler Denizli B\u00fcy\u00fck\u015fehir Belediyesi Fen \u0130\u015fleri Dairesi ekiplerince ba\u015ftan sona yenileniyor. B\u00f6ylece hem estetik bir g\u00f6r\u00fcn\u00fcm kazand\u0131r\u0131l\u0131yor hem de il\u00e7e sakinlerinin g\u00fcnl\u00fck ya\u015fam\u0131nda kar\u015f\u0131la\u015ft\u0131\u011f\u0131 ula\u015f\u0131m sorunlar\u0131 minimize ediliyor. Y\u0131pranan, \u00e7ukurla\u015fan veya ara\u00e7 ve yaya g\u00fcvenli\u011fini tehdit eden yollar; dayan\u0131kl\u0131, uzun \u00f6m\u00fcrl\u00fc ve modern beton kilit parke ta\u015flar\u0131yla d\u00f6\u015feniyor. \u00c7al\u0131\u015fmalar\u0131n tamamlanmas\u0131yla birlikte, bu b\u00f6lgelerde ula\u015f\u0131m standard\u0131n\u0131n y\u00fckselmesi ve \u00f6zellikle k\u0131\u015f aylar\u0131nda ya\u015fanan yol bozulmalar\u0131n\u0131n \u00f6n\u00fcne ge\u00e7ilmesi hedefleniyor. YIPRANAN YOLLARA NE\u015eTER Denizli B\u00fcy\u00fck\u015fehir Belediyesi, kent merkezi d\u0131\u015f\u0131ndaki t\u00fcm il\u00e7elerde y\u0131l boyunca toplamda 530 bin metrekare beton kilit parke d\u00f6\u015femeyi hedefliyor. Bu kapsamda y\u00fcr\u00fct\u00fclen \u00e7al\u0131\u015fmalar\u0131n 3 ayr\u0131 ihale \u00fczerinden planland\u0131\u011f\u0131 ve etap etap ilerletildi\u011fi belirtildi. Kentin d\u00f6rt bir yan\u0131nda hayata ge\u00e7irilen bu \u00e7al\u0131\u015fmalarla mahalle yollar\u0131 daha dayan\u0131kl\u0131, estetik ve g\u00fcvenli hale gelirken, vatanda\u015flar\u0131n ya\u015fam kalitesinin art\u0131r\u0131lmas\u0131 hedefleniyor. \u200bDenizli B\u00fcy\u00fck\u015fehir Belediyesi, kent &hellip;<\/p>","protected":false},"author":1,"featured_media":0,"comment_status":"","ping_status":"open","sticky":false,"template":"","format":"standard","meta":{"_acf_changed":false,"footnotes":""},"categories":[24],"tags":[],"class_list":["post-126387","post","type-post","status-publish","format-standard","has-post-thumbnail","hentry","category-gundem"],"acf":[],"yoast_head":"<!-- This site is optimized with the Yoast SEO Premium plugin v26.6 (Yoast SEO v27.1.1) - https:\/\/yoast.com\/product\/yoast-seo-premium-wordpress\/ -->\n<title>Denizli&#039;nin her k\u00f6\u015fesi modern yol a\u011f\u0131yla g\u00fc\u00e7leniyor - Av. Deniz Can K\u0131z\u0131l<\/title>\n<meta name=\"robots\" content=\"index, follow, max-snippet:-1, max-image-preview:large, max-video-preview:-1\" \/>\n<link rel=\"canonical\" href=\"https:\/\/denizcankizil.tr\/uk\/haberler\/gundem\/denizlinin-her-kosesi-modern-yol-agiyla-gucleniyor\/\" \/>\n<meta property=\"og:locale\" content=\"uk_UA\" \/>\n<meta property=\"og:type\" content=\"article\" \/>\n<meta property=\"og:title\" content=\"Denizli&#039;nin her k\u00f6\u015fesi modern yol a\u011f\u0131yla g\u00fc\u00e7leniyor\" \/>\n<meta property=\"og:description\" content=\"Denizli B\u00fcy\u00fck\u015fehir Belediyesi, kent genelinde vatanda\u015flar\u0131n daha konforlu ve g\u00fcvenli ula\u015f\u0131ma kavu\u015fmas\u0131 i\u00e7in \u00fcst yap\u0131 \u00e7al\u0131\u015fmalar\u0131na h\u0131z kesmeden devam ediyor.DEN\u0130ZL\u0130 (\u0130GFA) &#8211; Bu kapsamda ilk etapta \u00c7al, Bekilli ve \u00c7ivril il\u00e7elerinde toplam 175 bin metrekarelik alanda beton kilit parke tamirat ve in\u015fa \u00e7al\u0131\u015fmalar\u0131 ba\u015flat\u0131ld\u0131. Bu \u00e7al\u0131\u015fmalarla e\u015f zamanl\u0131 olarak Honaz il\u00e7esinde de beton kilit parke tamirat ve d\u00f6\u015feme i\u015flemleri ba\u015flad\u0131. Altyap\u0131 kurulu\u015flar\u0131n\u0131n yapt\u0131\u011f\u0131 \u00e7al\u0131\u015fmalar s\u0131ras\u0131nda bozulan ve zamanla deforme olan sokak ve caddeler Denizli B\u00fcy\u00fck\u015fehir Belediyesi Fen \u0130\u015fleri Dairesi ekiplerince ba\u015ftan sona yenileniyor. B\u00f6ylece hem estetik bir g\u00f6r\u00fcn\u00fcm kazand\u0131r\u0131l\u0131yor hem de il\u00e7e sakinlerinin g\u00fcnl\u00fck ya\u015fam\u0131nda kar\u015f\u0131la\u015ft\u0131\u011f\u0131 ula\u015f\u0131m sorunlar\u0131 minimize ediliyor. Y\u0131pranan, \u00e7ukurla\u015fan veya ara\u00e7 ve yaya g\u00fcvenli\u011fini tehdit eden yollar; dayan\u0131kl\u0131, uzun \u00f6m\u00fcrl\u00fc ve modern beton kilit parke ta\u015flar\u0131yla d\u00f6\u015feniyor. \u00c7al\u0131\u015fmalar\u0131n tamamlanmas\u0131yla birlikte, bu b\u00f6lgelerde ula\u015f\u0131m standard\u0131n\u0131n y\u00fckselmesi ve \u00f6zellikle k\u0131\u015f aylar\u0131nda ya\u015fanan yol bozulmalar\u0131n\u0131n \u00f6n\u00fcne ge\u00e7ilmesi hedefleniyor. YIPRANAN YOLLARA NE\u015eTER Denizli B\u00fcy\u00fck\u015fehir Belediyesi, kent merkezi d\u0131\u015f\u0131ndaki t\u00fcm il\u00e7elerde y\u0131l boyunca toplamda 530 bin metrekare beton kilit parke d\u00f6\u015femeyi hedefliyor. Bu kapsamda y\u00fcr\u00fct\u00fclen \u00e7al\u0131\u015fmalar\u0131n 3 ayr\u0131 ihale \u00fczerinden planland\u0131\u011f\u0131 ve etap etap ilerletildi\u011fi belirtildi. Kentin d\u00f6rt bir yan\u0131nda hayata ge\u00e7irilen bu \u00e7al\u0131\u015fmalarla mahalle yollar\u0131 daha dayan\u0131kl\u0131, estetik ve g\u00fcvenli hale gelirken, vatanda\u015flar\u0131n ya\u015fam kalitesinin art\u0131r\u0131lmas\u0131 hedefleniyor. \u200bDenizli B\u00fcy\u00fck\u015fehir Belediyesi, kent &hellip;\" \/>\n<meta property=\"og:url\" content=\"https:\/\/denizcankizil.tr\/uk\/haberler\/gundem\/denizlinin-her-kosesi-modern-yol-agiyla-gucleniyor\/\" \/>\n<meta property=\"og:site_name\" content=\"Av. Deniz Can K\u0131z\u0131l\" \/>\n<meta property=\"article:published_time\" content=\"2025-06-25T15:42:11+00:00\" \/>\n<meta name=\"author\" content=\"admin\" \/>\n<meta name=\"twitter:card\" content=\"summary_large_image\" \/>\n<meta name=\"twitter:label1\" content=\"\u041d\u0430\u043f\u0438\u0441\u0430\u043d\u043e\" \/>\n\t<meta name=\"twitter:data1\" content=\"admin\" \/>\n\t<meta name=\"twitter:label2\" content=\"\u041f\u0440\u0438\u0431\u043b. \u0447\u0430\u0441 \u0447\u0438\u0442\u0430\u043d\u043d\u044f\" \/>\n\t<meta name=\"twitter:data2\" content=\"3 \u0445\u0432\u0438\u043b\u0438\u043d\u0438\" \/>\n<script type=\"application\/ld+json\" class=\"yoast-schema-graph\">{\"@context\":\"https:\/\/schema.org\",\"@graph\":[{\"@type\":\"Article\",\"@id\":\"https:\/\/denizcankizil.tr\/ru\/haberler\/gundem\/denizlinin-her-kosesi-modern-yol-agiyla-gucleniyor\/#article\",\"isPartOf\":{\"@id\":\"https:\/\/denizcankizil.tr\/ru\/haberler\/gundem\/denizlinin-her-kosesi-modern-yol-agiyla-gucleniyor\/\"},\"author\":{\"name\":\"admin\",\"@id\":\"https:\/\/denizcankizil.tr\/de\/#\/schema\/person\/be3c05fe6a12686905512445d8185489\"},\"headline\":\"Denizli&#8217;nin her k\u00f6\u015fesi modern yol a\u011f\u0131yla g\u00fc\u00e7leniyor\",\"datePublished\":\"2025-06-25T15:42:11+00:00\",\"mainEntityOfPage\":{\"@id\":\"https:\/\/denizcankizil.tr\/ru\/haberler\/gundem\/denizlinin-her-kosesi-modern-yol-agiyla-gucleniyor\/\"},\"wordCount\":601,\"publisher\":{\"@id\":\"https:\/\/denizcankizil.tr\/de\/#organization\"},\"articleSection\":[\"G\u00fcndem\"],\"inLanguage\":\"uk\"},{\"@type\":\"WebPage\",\"@id\":\"https:\/\/denizcankizil.tr\/ru\/haberler\/gundem\/denizlinin-her-kosesi-modern-yol-agiyla-gucleniyor\/\",\"url\":\"https:\/\/denizcankizil.tr\/ru\/haberler\/gundem\/denizlinin-her-kosesi-modern-yol-agiyla-gucleniyor\/\",\"name\":\"Denizli'nin her k\u00f6\u015fesi modern yol a\u011f\u0131yla g\u00fc\u00e7leniyor - Av. Deniz Can K\u0131z\u0131l\",\"isPartOf\":{\"@id\":\"https:\/\/denizcankizil.tr\/de\/#website\"},\"datePublished\":\"2025-06-25T15:42:11+00:00\",\"breadcrumb\":{\"@id\":\"https:\/\/denizcankizil.tr\/ru\/haberler\/gundem\/denizlinin-her-kosesi-modern-yol-agiyla-gucleniyor\/#breadcrumb\"},\"inLanguage\":\"uk\",\"potentialAction\":[{\"@type\":\"ReadAction\",\"target\":[\"https:\/\/denizcankizil.tr\/ru\/haberler\/gundem\/denizlinin-her-kosesi-modern-yol-agiyla-gucleniyor\/\"]}]},{\"@type\":\"BreadcrumbList\",\"@id\":\"https:\/\/denizcankizil.tr\/ru\/haberler\/gundem\/denizlinin-her-kosesi-modern-yol-agiyla-gucleniyor\/#breadcrumb\",\"itemListElement\":[{\"@type\":\"ListItem\",\"position\":1,\"name\":\"Home\",\"item\":\"https:\/\/denizcankizil.tr\/de\/\"},{\"@type\":\"ListItem\",\"position\":2,\"name\":\"Denizli&#8217;nin her k\u00f6\u015fesi modern yol a\u011f\u0131yla g\u00fc\u00e7leniyor\"}]},{\"@type\":\"WebSite\",\"@id\":\"https:\/\/denizcankizil.tr\/de\/#website\",\"url\":\"https:\/\/denizcankizil.tr\/de\/\",\"name\":\"Av. Deniz Can K\u0131z\u0131l\",\"description\":\"Avukat Deniz Can K\u0131z\u0131l Antalya Barosu\",\"publisher\":{\"@id\":\"https:\/\/denizcankizil.tr\/de\/#organization\"},\"potentialAction\":[{\"@type\":\"SearchAction\",\"target\":{\"@type\":\"EntryPoint\",\"urlTemplate\":\"https:\/\/denizcankizil.tr\/de\/?s={search_term_string}\"},\"query-input\":{\"@type\":\"PropertyValueSpecification\",\"valueRequired\":true,\"valueName\":\"search_term_string\"}}],\"inLanguage\":\"uk\"},{\"@type\":\"Organization\",\"@id\":\"https:\/\/denizcankizil.tr\/de\/#organization\",\"name\":\"Av. Deniz Can K\u0131z\u0131l\",\"url\":\"https:\/\/denizcankizil.tr\/de\/\",\"logo\":{\"@type\":\"ImageObject\",\"inLanguage\":\"uk\",\"@id\":\"https:\/\/denizcankizil.tr\/de\/#\/schema\/logo\/image\/\",\"url\":\"https:\/\/denizcankizil.tr\/wp-content\/uploads\/2024\/10\/siyah-logo-svg.svg\",\"contentUrl\":\"https:\/\/denizcankizil.tr\/wp-content\/uploads\/2024\/10\/siyah-logo-svg.svg\",\"width\":1080,\"height\":1080,\"caption\":\"Av. Deniz Can K\u0131z\u0131l\"},\"image\":{\"@id\":\"https:\/\/denizcankizil.tr\/de\/#\/schema\/logo\/image\/\"}},{\"@type\":\"Person\",\"@id\":\"https:\/\/denizcankizil.tr\/de\/#\/schema\/person\/be3c05fe6a12686905512445d8185489\",\"name\":\"admin\",\"image\":{\"@type\":\"ImageObject\",\"inLanguage\":\"uk\",\"@id\":\"https:\/\/denizcankizil.tr\/de\/#\/schema\/person\/image\/\",\"url\":\"https:\/\/secure.gravatar.com\/avatar\/c1fce94c830dc79107e174f890d7210541c4a63e8e5d816341794a2151c9d58c?s=96&d=mm&r=g\",\"contentUrl\":\"https:\/\/secure.gravatar.com\/avatar\/c1fce94c830dc79107e174f890d7210541c4a63e8e5d816341794a2151c9d58c?s=96&d=mm&r=g\",\"caption\":\"admin\"},\"sameAs\":[\"http:\/\/denizcankizil.tr\"],\"url\":\"https:\/\/www.iskenderun.org\/denizlinin-her-kosesi-modern-yol-agiyla-gucleniyor\"}]}<\/script>\n<!-- \/ Yoast SEO Premium plugin. -->","yoast_head_json":{"title":"Denizli'nin her k\u00f6\u015fesi modern yol a\u011f\u0131yla g\u00fc\u00e7leniyor - Av. Deniz Can K\u0131z\u0131l","robots":{"index":"index","follow":"follow","max-snippet":"max-snippet:-1","max-image-preview":"max-image-preview:large","max-video-preview":"max-video-preview:-1"},"canonical":"https:\/\/denizcankizil.tr\/uk\/haberler\/gundem\/denizlinin-her-kosesi-modern-yol-agiyla-gucleniyor\/","og_locale":"uk_UA","og_type":"article","og_title":"Denizli'nin her k\u00f6\u015fesi modern yol a\u011f\u0131yla g\u00fc\u00e7leniyor","og_description":"Denizli B\u00fcy\u00fck\u015fehir Belediyesi, kent genelinde vatanda\u015flar\u0131n daha konforlu ve g\u00fcvenli ula\u015f\u0131ma kavu\u015fmas\u0131 i\u00e7in \u00fcst yap\u0131 \u00e7al\u0131\u015fmalar\u0131na h\u0131z kesmeden devam ediyor.DEN\u0130ZL\u0130 (\u0130GFA) &#8211; Bu kapsamda ilk etapta \u00c7al, Bekilli ve \u00c7ivril il\u00e7elerinde toplam 175 bin metrekarelik alanda beton kilit parke tamirat ve in\u015fa \u00e7al\u0131\u015fmalar\u0131 ba\u015flat\u0131ld\u0131. Bu \u00e7al\u0131\u015fmalarla e\u015f zamanl\u0131 olarak Honaz il\u00e7esinde de beton kilit parke tamirat ve d\u00f6\u015feme i\u015flemleri ba\u015flad\u0131. Altyap\u0131 kurulu\u015flar\u0131n\u0131n yapt\u0131\u011f\u0131 \u00e7al\u0131\u015fmalar s\u0131ras\u0131nda bozulan ve zamanla deforme olan sokak ve caddeler Denizli B\u00fcy\u00fck\u015fehir Belediyesi Fen \u0130\u015fleri Dairesi ekiplerince ba\u015ftan sona yenileniyor. B\u00f6ylece hem estetik bir g\u00f6r\u00fcn\u00fcm kazand\u0131r\u0131l\u0131yor hem de il\u00e7e sakinlerinin g\u00fcnl\u00fck ya\u015fam\u0131nda kar\u015f\u0131la\u015ft\u0131\u011f\u0131 ula\u015f\u0131m sorunlar\u0131 minimize ediliyor. Y\u0131pranan, \u00e7ukurla\u015fan veya ara\u00e7 ve yaya g\u00fcvenli\u011fini tehdit eden yollar; dayan\u0131kl\u0131, uzun \u00f6m\u00fcrl\u00fc ve modern beton kilit parke ta\u015flar\u0131yla d\u00f6\u015feniyor. \u00c7al\u0131\u015fmalar\u0131n tamamlanmas\u0131yla birlikte, bu b\u00f6lgelerde ula\u015f\u0131m standard\u0131n\u0131n y\u00fckselmesi ve \u00f6zellikle k\u0131\u015f aylar\u0131nda ya\u015fanan yol bozulmalar\u0131n\u0131n \u00f6n\u00fcne ge\u00e7ilmesi hedefleniyor. YIPRANAN YOLLARA NE\u015eTER Denizli B\u00fcy\u00fck\u015fehir Belediyesi, kent merkezi d\u0131\u015f\u0131ndaki t\u00fcm il\u00e7elerde y\u0131l boyunca toplamda 530 bin metrekare beton kilit parke d\u00f6\u015femeyi hedefliyor. Bu kapsamda y\u00fcr\u00fct\u00fclen \u00e7al\u0131\u015fmalar\u0131n 3 ayr\u0131 ihale \u00fczerinden planland\u0131\u011f\u0131 ve etap etap ilerletildi\u011fi belirtildi. Kentin d\u00f6rt bir yan\u0131nda hayata ge\u00e7irilen bu \u00e7al\u0131\u015fmalarla mahalle yollar\u0131 daha dayan\u0131kl\u0131, estetik ve g\u00fcvenli hale gelirken, vatanda\u015flar\u0131n ya\u015fam kalitesinin art\u0131r\u0131lmas\u0131 hedefleniyor. \u200bDenizli B\u00fcy\u00fck\u015fehir Belediyesi, kent &hellip;","og_url":"https:\/\/denizcankizil.tr\/uk\/haberler\/gundem\/denizlinin-her-kosesi-modern-yol-agiyla-gucleniyor\/","og_site_name":"Av. Deniz Can K\u0131z\u0131l","article_published_time":"2025-06-25T15:42:11+00:00","author":"admin","twitter_card":"summary_large_image","twitter_misc":{"\u041d\u0430\u043f\u0438\u0441\u0430\u043d\u043e":"admin","\u041f\u0440\u0438\u0431\u043b. \u0447\u0430\u0441 \u0447\u0438\u0442\u0430\u043d\u043d\u044f":"3 \u0445\u0432\u0438\u043b\u0438\u043d\u0438"},"schema":{"@context":"https:\/\/schema.org","@graph":[{"@type":"Article","@id":"https:\/\/denizcankizil.tr\/ru\/haberler\/gundem\/denizlinin-her-kosesi-modern-yol-agiyla-gucleniyor\/#article","isPartOf":{"@id":"https:\/\/denizcankizil.tr\/ru\/haberler\/gundem\/denizlinin-her-kosesi-modern-yol-agiyla-gucleniyor\/"},"author":{"name":"admin","@id":"https:\/\/denizcankizil.tr\/de\/#\/schema\/person\/be3c05fe6a12686905512445d8185489"},"headline":"Denizli&#8217;nin her k\u00f6\u015fesi modern yol a\u011f\u0131yla g\u00fc\u00e7leniyor","datePublished":"2025-06-25T15:42:11+00:00","mainEntityOfPage":{"@id":"https:\/\/denizcankizil.tr\/ru\/haberler\/gundem\/denizlinin-her-kosesi-modern-yol-agiyla-gucleniyor\/"},"wordCount":601,"publisher":{"@id":"https:\/\/denizcankizil.tr\/de\/#organization"},"articleSection":["G\u00fcndem"],"inLanguage":"uk"},{"@type":"WebPage","@id":"https:\/\/denizcankizil.tr\/ru\/haberler\/gundem\/denizlinin-her-kosesi-modern-yol-agiyla-gucleniyor\/","url":"https:\/\/denizcankizil.tr\/ru\/haberler\/gundem\/denizlinin-her-kosesi-modern-yol-agiyla-gucleniyor\/","name":"Denizli'nin her k\u00f6\u015fesi modern yol a\u011f\u0131yla g\u00fc\u00e7leniyor - Av. Deniz Can K\u0131z\u0131l","isPartOf":{"@id":"https:\/\/denizcankizil.tr\/de\/#website"},"datePublished":"2025-06-25T15:42:11+00:00","breadcrumb":{"@id":"https:\/\/denizcankizil.tr\/ru\/haberler\/gundem\/denizlinin-her-kosesi-modern-yol-agiyla-gucleniyor\/#breadcrumb"},"inLanguage":"uk","potentialAction":[{"@type":"ReadAction","target":["https:\/\/denizcankizil.tr\/ru\/haberler\/gundem\/denizlinin-her-kosesi-modern-yol-agiyla-gucleniyor\/"]}]},{"@type":"BreadcrumbList","@id":"https:\/\/denizcankizil.tr\/ru\/haberler\/gundem\/denizlinin-her-kosesi-modern-yol-agiyla-gucleniyor\/#breadcrumb","itemListElement":[{"@type":"ListItem","position":1,"name":"Home","item":"https:\/\/denizcankizil.tr\/de\/"},{"@type":"ListItem","position":2,"name":"Denizli&#8217;nin her k\u00f6\u015fesi modern yol a\u011f\u0131yla g\u00fc\u00e7leniyor"}]},{"@type":"WebSite","@id":"https:\/\/denizcankizil.tr\/de\/#website","url":"https:\/\/denizcankizil.tr\/de\/","name":"Av. Deniz Can K\u0131z\u0131l","description":"Avukat Deniz Can K\u0131z\u0131l Antalya Barosu","publisher":{"@id":"https:\/\/denizcankizil.tr\/de\/#organization"},"potentialAction":[{"@type":"SearchAction","target":{"@type":"EntryPoint","urlTemplate":"https:\/\/denizcankizil.tr\/de\/?s={search_term_string}"},"query-input":{"@type":"PropertyValueSpecification","valueRequired":true,"valueName":"search_term_string"}}],"inLanguage":"uk"},{"@type":"Organization","@id":"https:\/\/denizcankizil.tr\/de\/#organization","name":"Av. Deniz Can K\u0131z\u0131l","url":"https:\/\/denizcankizil.tr\/de\/","logo":{"@type":"ImageObject","inLanguage":"uk","@id":"https:\/\/denizcankizil.tr\/de\/#\/schema\/logo\/image\/","url":"https:\/\/denizcankizil.tr\/wp-content\/uploads\/2024\/10\/siyah-logo-svg.svg","contentUrl":"https:\/\/denizcankizil.tr\/wp-content\/uploads\/2024\/10\/siyah-logo-svg.svg","width":1080,"height":1080,"caption":"Av. Deniz Can K\u0131z\u0131l"},"image":{"@id":"https:\/\/denizcankizil.tr\/de\/#\/schema\/logo\/image\/"}},{"@type":"Person","@id":"https:\/\/denizcankizil.tr\/de\/#\/schema\/person\/be3c05fe6a12686905512445d8185489","name":"\u0430\u0434\u043c\u0456\u043d","image":{"@type":"ImageObject","inLanguage":"uk","@id":"https:\/\/denizcankizil.tr\/de\/#\/schema\/person\/image\/","url":"https:\/\/secure.gravatar.com\/avatar\/c1fce94c830dc79107e174f890d7210541c4a63e8e5d816341794a2151c9d58c?s=96&d=mm&r=g","contentUrl":"https:\/\/secure.gravatar.com\/avatar\/c1fce94c830dc79107e174f890d7210541c4a63e8e5d816341794a2151c9d58c?s=96&d=mm&r=g","caption":"admin"},"sameAs":["http:\/\/denizcankizil.tr"],"url":"https:\/\/www.iskenderun.org\/denizlinin-her-kosesi-modern-yol-agiyla-gucleniyor"}]}},"_links":{"self":[{"href":"https:\/\/denizcankizil.tr\/uk\/wp-json\/wp\/v2\/posts\/126387","targetHints":{"allow":["GET"]}}],"collection":[{"href":"https:\/\/denizcankizil.tr\/uk\/wp-json\/wp\/v2\/posts"}],"about":[{"href":"https:\/\/denizcankizil.tr\/uk\/wp-json\/wp\/v2\/types\/post"}],"author":[{"embeddable":true,"href":"https:\/\/denizcankizil.tr\/uk\/wp-json\/wp\/v2\/users\/1"}],"replies":[{"embeddable":true,"href":"https:\/\/denizcankizil.tr\/uk\/wp-json\/wp\/v2\/comments?post=126387"}],"version-history":[{"count":0,"href":"https:\/\/denizcankizil.tr\/uk\/wp-json\/wp\/v2\/posts\/126387\/revisions"}],"wp:attachment":[{"href":"https:\/\/denizcankizil.tr\/uk\/wp-json\/wp\/v2\/media?parent=126387"}],"wp:term":[{"taxonomy":"category","embeddable":true,"href":"https:\/\/denizcankizil.tr\/uk\/wp-json\/wp\/v2\/categories?post=126387"},{"taxonomy":"post_tag","embeddable":true,"href":"https:\/\/denizcankizil.tr\/uk\/wp-json\/wp\/v2\/tags?post=126387"}],"curies":[{"name":"wp","href":"https:\/\/api.w.org\/{rel}","templated":true}]}}