{"id":125342,"date":"2025-06-24T18:41:20","date_gmt":"2025-06-24T15:41:20","guid":{"rendered":"https:\/\/denizcankizil.tr\/uncategorized-tr\/baskan-boceke-denizliden-misafir\/"},"modified":"2025-06-24T18:41:20","modified_gmt":"2025-06-24T15:41:20","slug":"baskan-boceke-denizliden-misafir","status":"publish","type":"post","link":"https:\/\/denizcankizil.tr\/uk\/haberler\/antalya\/baskan-boceke-denizliden-misafir\/","title":{"rendered":"Ba\u015fkan B\u00f6cek&#8217;e Denizli&#8217;den misafir"},"content":{"rendered":"<p>Antalya B\u00fcy\u00fck\u015fehir Belediye Ba\u015fkan\u0131 ve Cittaslow T\u00fcrkiye Koordinat\u00f6r\u00fc Muhittin B\u00f6cek, May\u0131s ay\u0131nda Safranbolu&#8217;da d\u00fczenlenen Cittaslow T\u00fcrkiye Ulusal A\u011f Toplant\u0131s\u0131nda \u00c7ameli&#8217;nin s\u00fcreci resmen tamamlad\u0131\u011f\u0131n\u0131 ve T\u00fcrkiye&#8217;nin 27.&#8217;inci, D\u00fcnya&#8217;n\u0131n ise 306&#8217;nc\u0131 Cittaslow (Sakin \u015eehir) \u00fcnvan\u0131n\u0131 almaya hak kazand\u0131\u011f\u0131n\u0131 duyurmu\u015ftu. G\u00fcney Kore&#8217;de d\u00fczenlenen Cittaslow Genel Kurulu&#8217;nda Sakin \u015eehir sertifikas\u0131n\u0131 alan \u00c7ameli Belediye Ba\u015fkan\u0131 Cengiz Arslan ve \u00c7ameli Kaymakam\u0131 Talha Tunahan Y\u0131ld\u0131r\u0131m, Antalya B\u00fcy\u00fck\u015fehir Belediye Ba\u015fkan\u0131 Muhittin B\u00f6cek&#8217;i makam\u0131nda ziyaret ederek adayl\u0131k s\u00fcrecindeki deste\u011finden dolay\u0131 te\u015fekk\u00fcr etti.<\/p>\n<p>&#8220;\u00dclkemiz ve kentler i\u00e7in \u00f6nemli ba\u015far\u0131lar&#8221;<br \/>\nAntalya B\u00fcy\u00fck\u015fehir Belediye Ba\u015fkan\u0131 Muhittin B\u00f6cek \u00c7ameli&#8217;nin do\u011fas\u0131n\u0131, k\u00fclt\u00fcr\u00fcn\u00fc ve geleneklerini koruyarak sakin \u015fehir olma yolunda \u00f6rnek bir performans sergiledi\u011fini belirtti. Ba\u015fkan B\u00f6cek, &#8220;Antalya&#8217;da Finike ve \u0130brad\u0131&#8217;da da \u00e7al\u0131\u015fmalar\u0131m\u0131z oldu. Son olarak D\u00f6\u015femealt\u0131 Ye\u015filbay\u0131r Mahallemizde \u00e7al\u0131\u015fma y\u00fcr\u00fct\u00fcyoruz. Bunlar \u00fclkemiz ve kentlerimiz i\u00e7in son derecede \u00f6nemli. Benim \u00e7al\u0131\u015fmalar\u0131mda parti ve siyaset ayr\u0131m\u0131 yoktur, vatanda\u015f\u0131m\u0131z\u0131n lehine olacak hizmetler i\u00e7in \u00e7al\u0131\u015f\u0131yorum. Yedi kategoride 73 kriteri olan \u00e7ok kapsaml\u0131 bir proje. Bu \u00f6nemli belgenin \u00c7ameli il\u00e7esine hay\u0131rl\u0131 olmas\u0131n\u0131 diliyorum&#8221; diye konu\u015ftu.<br \/>\n\u00c7ameli Belediye Ba\u015fkan\u0131 Cengiz Arslan da 7 y\u0131ld\u0131r sakin \u015fehir olma yolunda \u00e7al\u0131\u015fmalar yapt\u0131klar\u0131n\u0131 s\u00f6yleyerek, &#8220;Sizin Cittaslow T\u00fcrkiye Koordinat\u00f6r\u00fc ve Genel Ba\u015fkan Yard\u0131mc\u0131s\u0131 olman\u0131z bizi motive etti. Antalya ekibiyle birlikte \u00e7ok g\u00fczel \u00e7al\u0131\u015fmalar\u0131m\u0131z oldu. Denizli&#8217;nin ilk sakin \u015fehir \u00fcnvan\u0131n\u0131 il\u00e7emiz kazand\u0131. Neden Muhittin B\u00f6cek Antalya&#8217;da 6 d\u00f6nemdir Belediye Ba\u015fkanl\u0131\u011f\u0131 yap\u0131yor diye bakt\u0131\u011f\u0131m\u0131zda; sebebini anlad\u0131m \u00e7ok ba\u015far\u0131l\u0131 bir ekip kurmu\u015fsunuz. Bir f\u0131rsat\u0131m olsayd\u0131 B\u00fcy\u00fck\u015fehir olarak da sizlerle \u00e7al\u0131\u015fmak isterdim. Bu s\u00fcre\u00e7te bizlere vermi\u015f oldu\u011funuz destekten dolay\u0131 \u00e7ok te\u015fekk\u00fcr ediyorum. Hem Akdeniz Belediyeler Birli\u011fi Ba\u015fkan\u0131 hem de Cittaslow T\u00fcrkiye Koordinat\u00f6r\u00fc olarak \u00c7ameli il\u00e7emizi de ziyaret ederseniz bizleri memnun edersiniz&#8221; diye konu\u015ftu.<br \/>\nAntalya B\u00fcy\u00fck\u015fehir Belediye Ba\u015fkan\u0131 Muhittin B\u00f6cek ve \u00c7ameli Belediye Ba\u015fkan\u0131 Cengiz Arslan ziyaretin sonunda Cittaslow Genel Kurulu&#8217;nda takdim edilen Sakin \u015eehir sertifikas\u0131yla hat\u0131ra foto\u011fraf\u0131 \u00e7ektirdi.<\/p>\n<p>Kaynak: www.kanalv.com.tr Haber Sitesinden Al\u0131nm\u0131\u015ft\u0131r.<\/p>","protected":false},"excerpt":{"rendered":"<p>Antalya B\u00fcy\u00fck\u015fehir Belediye Ba\u015fkan\u0131 ve Cittaslow T\u00fcrkiye Koordinat\u00f6r\u00fc Muhittin B\u00f6cek, May\u0131s ay\u0131nda Safranbolu&#8217;da d\u00fczenlenen Cittaslow T\u00fcrkiye Ulusal A\u011f Toplant\u0131s\u0131nda \u00c7ameli&#8217;nin s\u00fcreci resmen tamamlad\u0131\u011f\u0131n\u0131 ve T\u00fcrkiye&#8217;nin 27.&#8217;inci, D\u00fcnya&#8217;n\u0131n ise 306&#8217;nc\u0131 Cittaslow (Sakin \u015eehir) \u00fcnvan\u0131n\u0131 almaya hak kazand\u0131\u011f\u0131n\u0131 duyurmu\u015ftu. G\u00fcney Kore&#8217;de d\u00fczenlenen Cittaslow Genel Kurulu&#8217;nda Sakin \u015eehir sertifikas\u0131n\u0131 alan \u00c7ameli Belediye Ba\u015fkan\u0131 Cengiz Arslan ve \u00c7ameli Kaymakam\u0131 Talha Tunahan Y\u0131ld\u0131r\u0131m, Antalya B\u00fcy\u00fck\u015fehir Belediye Ba\u015fkan\u0131 Muhittin B\u00f6cek&#8217;i makam\u0131nda ziyaret ederek adayl\u0131k s\u00fcrecindeki deste\u011finden dolay\u0131 te\u015fekk\u00fcr etti. &#8220;\u00dclkemiz ve kentler i\u00e7in \u00f6nemli ba\u015far\u0131lar&#8221; Antalya B\u00fcy\u00fck\u015fehir Belediye Ba\u015fkan\u0131 Muhittin B\u00f6cek \u00c7ameli&#8217;nin do\u011fas\u0131n\u0131, k\u00fclt\u00fcr\u00fcn\u00fc ve geleneklerini koruyarak sakin \u015fehir olma yolunda \u00f6rnek bir performans sergiledi\u011fini belirtti. Ba\u015fkan B\u00f6cek, &#8220;Antalya&#8217;da Finike ve \u0130brad\u0131&#8217;da da \u00e7al\u0131\u015fmalar\u0131m\u0131z oldu. Son olarak D\u00f6\u015femealt\u0131 Ye\u015filbay\u0131r Mahallemizde \u00e7al\u0131\u015fma y\u00fcr\u00fct\u00fcyoruz. Bunlar \u00fclkemiz ve kentlerimiz i\u00e7in son derecede \u00f6nemli. Benim \u00e7al\u0131\u015fmalar\u0131mda parti ve siyaset ayr\u0131m\u0131 yoktur, vatanda\u015f\u0131m\u0131z\u0131n lehine olacak hizmetler i\u00e7in \u00e7al\u0131\u015f\u0131yorum. Yedi kategoride 73 kriteri olan \u00e7ok kapsaml\u0131 bir proje. Bu \u00f6nemli belgenin \u00c7ameli il\u00e7esine hay\u0131rl\u0131 olmas\u0131n\u0131 diliyorum&#8221; diye konu\u015ftu. \u00c7ameli Belediye Ba\u015fkan\u0131 Cengiz Arslan da 7 y\u0131ld\u0131r sakin \u015fehir olma yolunda \u00e7al\u0131\u015fmalar yapt\u0131klar\u0131n\u0131 s\u00f6yleyerek, &#8220;Sizin Cittaslow T\u00fcrkiye Koordinat\u00f6r\u00fc ve Genel Ba\u015fkan Yard\u0131mc\u0131s\u0131 olman\u0131z bizi motive etti. Antalya ekibiyle birlikte \u00e7ok g\u00fczel \u00e7al\u0131\u015fmalar\u0131m\u0131z oldu. Denizli&#8217;nin ilk sakin \u015fehir \u00fcnvan\u0131n\u0131 il\u00e7emiz kazand\u0131. Neden Muhittin B\u00f6cek &hellip;<\/p>","protected":false},"author":4,"featured_media":0,"comment_status":"","ping_status":"open","sticky":false,"template":"","format":"standard","meta":{"_acf_changed":false,"footnotes":""},"categories":[26],"tags":[],"class_list":["post-125342","post","type-post","status-publish","format-standard","hentry","category-antalya"],"acf":[],"yoast_head":"<!-- This site is optimized with the Yoast SEO Premium plugin v26.6 (Yoast SEO v27.1.1) - https:\/\/yoast.com\/product\/yoast-seo-premium-wordpress\/ -->\n<title>Ba\u015fkan B\u00f6cek&#039;e Denizli&#039;den misafir - Av. Deniz Can K\u0131z\u0131l<\/title>\n<meta name=\"robots\" content=\"index, follow, max-snippet:-1, max-image-preview:large, max-video-preview:-1\" \/>\n<link rel=\"canonical\" href=\"https:\/\/denizcankizil.tr\/uk\/haberler\/antalya\/baskan-boceke-denizliden-misafir\/\" \/>\n<meta property=\"og:locale\" content=\"uk_UA\" \/>\n<meta property=\"og:type\" content=\"article\" \/>\n<meta property=\"og:title\" content=\"Ba\u015fkan B\u00f6cek&#039;e Denizli&#039;den misafir\" \/>\n<meta property=\"og:description\" content=\"Antalya B\u00fcy\u00fck\u015fehir Belediye Ba\u015fkan\u0131 ve Cittaslow T\u00fcrkiye Koordinat\u00f6r\u00fc Muhittin B\u00f6cek, May\u0131s ay\u0131nda Safranbolu&#8217;da d\u00fczenlenen Cittaslow T\u00fcrkiye Ulusal A\u011f Toplant\u0131s\u0131nda \u00c7ameli&#8217;nin s\u00fcreci resmen tamamlad\u0131\u011f\u0131n\u0131 ve T\u00fcrkiye&#8217;nin 27.&#8217;inci, D\u00fcnya&#8217;n\u0131n ise 306&#8217;nc\u0131 Cittaslow (Sakin \u015eehir) \u00fcnvan\u0131n\u0131 almaya hak kazand\u0131\u011f\u0131n\u0131 duyurmu\u015ftu. G\u00fcney Kore&#8217;de d\u00fczenlenen Cittaslow Genel Kurulu&#8217;nda Sakin \u015eehir sertifikas\u0131n\u0131 alan \u00c7ameli Belediye Ba\u015fkan\u0131 Cengiz Arslan ve \u00c7ameli Kaymakam\u0131 Talha Tunahan Y\u0131ld\u0131r\u0131m, Antalya B\u00fcy\u00fck\u015fehir Belediye Ba\u015fkan\u0131 Muhittin B\u00f6cek&#8217;i makam\u0131nda ziyaret ederek adayl\u0131k s\u00fcrecindeki deste\u011finden dolay\u0131 te\u015fekk\u00fcr etti. &#8220;\u00dclkemiz ve kentler i\u00e7in \u00f6nemli ba\u015far\u0131lar&#8221; Antalya B\u00fcy\u00fck\u015fehir Belediye Ba\u015fkan\u0131 Muhittin B\u00f6cek \u00c7ameli&#8217;nin do\u011fas\u0131n\u0131, k\u00fclt\u00fcr\u00fcn\u00fc ve geleneklerini koruyarak sakin \u015fehir olma yolunda \u00f6rnek bir performans sergiledi\u011fini belirtti. Ba\u015fkan B\u00f6cek, &#8220;Antalya&#8217;da Finike ve \u0130brad\u0131&#8217;da da \u00e7al\u0131\u015fmalar\u0131m\u0131z oldu. Son olarak D\u00f6\u015femealt\u0131 Ye\u015filbay\u0131r Mahallemizde \u00e7al\u0131\u015fma y\u00fcr\u00fct\u00fcyoruz. Bunlar \u00fclkemiz ve kentlerimiz i\u00e7in son derecede \u00f6nemli. Benim \u00e7al\u0131\u015fmalar\u0131mda parti ve siyaset ayr\u0131m\u0131 yoktur, vatanda\u015f\u0131m\u0131z\u0131n lehine olacak hizmetler i\u00e7in \u00e7al\u0131\u015f\u0131yorum. Yedi kategoride 73 kriteri olan \u00e7ok kapsaml\u0131 bir proje. Bu \u00f6nemli belgenin \u00c7ameli il\u00e7esine hay\u0131rl\u0131 olmas\u0131n\u0131 diliyorum&#8221; diye konu\u015ftu. \u00c7ameli Belediye Ba\u015fkan\u0131 Cengiz Arslan da 7 y\u0131ld\u0131r sakin \u015fehir olma yolunda \u00e7al\u0131\u015fmalar yapt\u0131klar\u0131n\u0131 s\u00f6yleyerek, &#8220;Sizin Cittaslow T\u00fcrkiye Koordinat\u00f6r\u00fc ve Genel Ba\u015fkan Yard\u0131mc\u0131s\u0131 olman\u0131z bizi motive etti. Antalya ekibiyle birlikte \u00e7ok g\u00fczel \u00e7al\u0131\u015fmalar\u0131m\u0131z oldu. Denizli&#8217;nin ilk sakin \u015fehir \u00fcnvan\u0131n\u0131 il\u00e7emiz kazand\u0131. Neden Muhittin B\u00f6cek &hellip;\" \/>\n<meta property=\"og:url\" content=\"https:\/\/denizcankizil.tr\/uk\/haberler\/antalya\/baskan-boceke-denizliden-misafir\/\" \/>\n<meta property=\"og:site_name\" content=\"Av. Deniz Can K\u0131z\u0131l\" \/>\n<meta property=\"article:published_time\" content=\"2025-06-24T15:41:20+00:00\" \/>\n<meta name=\"author\" content=\"Av. Deniz Can K\u0131z\u0131l\" \/>\n<meta name=\"twitter:card\" content=\"summary_large_image\" \/>\n<meta name=\"twitter:label1\" content=\"\u041d\u0430\u043f\u0438\u0441\u0430\u043d\u043e\" \/>\n\t<meta name=\"twitter:data1\" content=\"Av. Deniz Can K\u0131z\u0131l\" \/>\n\t<meta name=\"twitter:label2\" content=\"\u041f\u0440\u0438\u0431\u043b. \u0447\u0430\u0441 \u0447\u0438\u0442\u0430\u043d\u043d\u044f\" \/>\n\t<meta name=\"twitter:data2\" content=\"2 \u0445\u0432\u0438\u043b\u0438\u043d\u0438\" \/>\n<script type=\"application\/ld+json\" class=\"yoast-schema-graph\">{\"@context\":\"https:\/\/schema.org\",\"@graph\":[{\"@type\":\"Article\",\"@id\":\"https:\/\/denizcankizil.tr\/uk\/haberler\/antalya\/baskan-boceke-denizliden-misafir\/#article\",\"isPartOf\":{\"@id\":\"https:\/\/denizcankizil.tr\/uk\/haberler\/antalya\/baskan-boceke-denizliden-misafir\/\"},\"author\":{\"name\":\"Av. Deniz Can K\u0131z\u0131l\",\"@id\":\"https:\/\/denizcankizil.tr\/de\/#\/schema\/person\/5dc1b22991bd7ac833867c10afc9b0ff\"},\"headline\":\"Ba\u015fkan B\u00f6cek&#8217;e Denizli&#8217;den misafir\",\"datePublished\":\"2025-06-24T15:41:20+00:00\",\"mainEntityOfPage\":{\"@id\":\"https:\/\/denizcankizil.tr\/uk\/haberler\/antalya\/baskan-boceke-denizliden-misafir\/\"},\"wordCount\":442,\"publisher\":{\"@id\":\"https:\/\/denizcankizil.tr\/de\/#organization\"},\"articleSection\":[\"Antalya\"],\"inLanguage\":\"uk\"},{\"@type\":\"WebPage\",\"@id\":\"https:\/\/denizcankizil.tr\/uk\/haberler\/antalya\/baskan-boceke-denizliden-misafir\/\",\"url\":\"https:\/\/denizcankizil.tr\/uk\/haberler\/antalya\/baskan-boceke-denizliden-misafir\/\",\"name\":\"Ba\u015fkan B\u00f6cek'e Denizli'den misafir - Av. Deniz Can K\u0131z\u0131l\",\"isPartOf\":{\"@id\":\"https:\/\/denizcankizil.tr\/de\/#website\"},\"datePublished\":\"2025-06-24T15:41:20+00:00\",\"breadcrumb\":{\"@id\":\"https:\/\/denizcankizil.tr\/uk\/haberler\/antalya\/baskan-boceke-denizliden-misafir\/#breadcrumb\"},\"inLanguage\":\"uk\",\"potentialAction\":[{\"@type\":\"ReadAction\",\"target\":[\"https:\/\/denizcankizil.tr\/uk\/haberler\/antalya\/baskan-boceke-denizliden-misafir\/\"]}]},{\"@type\":\"BreadcrumbList\",\"@id\":\"https:\/\/denizcankizil.tr\/uk\/haberler\/antalya\/baskan-boceke-denizliden-misafir\/#breadcrumb\",\"itemListElement\":[{\"@type\":\"ListItem\",\"position\":1,\"name\":\"Home\",\"item\":\"https:\/\/denizcankizil.tr\/de\/\"},{\"@type\":\"ListItem\",\"position\":2,\"name\":\"Ba\u015fkan B\u00f6cek&#8217;e Denizli&#8217;den misafir\"}]},{\"@type\":\"WebSite\",\"@id\":\"https:\/\/denizcankizil.tr\/de\/#website\",\"url\":\"https:\/\/denizcankizil.tr\/de\/\",\"name\":\"Av. Deniz Can K\u0131z\u0131l\",\"description\":\"Avukat Deniz Can K\u0131z\u0131l Antalya Barosu\",\"publisher\":{\"@id\":\"https:\/\/denizcankizil.tr\/de\/#organization\"},\"potentialAction\":[{\"@type\":\"SearchAction\",\"target\":{\"@type\":\"EntryPoint\",\"urlTemplate\":\"https:\/\/denizcankizil.tr\/de\/?s={search_term_string}\"},\"query-input\":{\"@type\":\"PropertyValueSpecification\",\"valueRequired\":true,\"valueName\":\"search_term_string\"}}],\"inLanguage\":\"uk\"},{\"@type\":\"Organization\",\"@id\":\"https:\/\/denizcankizil.tr\/de\/#organization\",\"name\":\"Av. Deniz Can K\u0131z\u0131l\",\"url\":\"https:\/\/denizcankizil.tr\/de\/\",\"logo\":{\"@type\":\"ImageObject\",\"inLanguage\":\"uk\",\"@id\":\"https:\/\/denizcankizil.tr\/de\/#\/schema\/logo\/image\/\",\"url\":\"https:\/\/denizcankizil.tr\/wp-content\/uploads\/2024\/10\/siyah-logo-svg.svg\",\"contentUrl\":\"https:\/\/denizcankizil.tr\/wp-content\/uploads\/2024\/10\/siyah-logo-svg.svg\",\"width\":1080,\"height\":1080,\"caption\":\"Av. Deniz Can K\u0131z\u0131l\"},\"image\":{\"@id\":\"https:\/\/denizcankizil.tr\/de\/#\/schema\/logo\/image\/\"}},{\"@type\":\"Person\",\"@id\":\"https:\/\/denizcankizil.tr\/de\/#\/schema\/person\/5dc1b22991bd7ac833867c10afc9b0ff\",\"name\":\"Av. Deniz Can K\u0131z\u0131l\",\"image\":{\"@type\":\"ImageObject\",\"inLanguage\":\"uk\",\"@id\":\"https:\/\/denizcankizil.tr\/de\/#\/schema\/person\/image\/\",\"url\":\"https:\/\/secure.gravatar.com\/avatar\/a0b128fb9855c79efc976d5640eedb31dc35ec297594d6016d2cf7c60e975bb6?s=96&d=mm&r=g\",\"contentUrl\":\"https:\/\/secure.gravatar.com\/avatar\/a0b128fb9855c79efc976d5640eedb31dc35ec297594d6016d2cf7c60e975bb6?s=96&d=mm&r=g\",\"caption\":\"Av. Deniz Can K\u0131z\u0131l\"},\"sameAs\":[\"http:\/\/www.denizcankizil.tr\"],\"url\":\"https:\/\/denizcankizil.tr\/uk\/author\/denizcankizil\/\"}]}<\/script>\n<!-- \/ Yoast SEO Premium plugin. -->","yoast_head_json":{"title":"Ba\u015fkan B\u00f6cek'e Denizli'den misafir - Av. Deniz Can K\u0131z\u0131l","robots":{"index":"index","follow":"follow","max-snippet":"max-snippet:-1","max-image-preview":"max-image-preview:large","max-video-preview":"max-video-preview:-1"},"canonical":"https:\/\/denizcankizil.tr\/uk\/haberler\/antalya\/baskan-boceke-denizliden-misafir\/","og_locale":"uk_UA","og_type":"article","og_title":"Ba\u015fkan B\u00f6cek'e Denizli'den misafir","og_description":"Antalya B\u00fcy\u00fck\u015fehir Belediye Ba\u015fkan\u0131 ve Cittaslow T\u00fcrkiye Koordinat\u00f6r\u00fc Muhittin B\u00f6cek, May\u0131s ay\u0131nda Safranbolu&#8217;da d\u00fczenlenen Cittaslow T\u00fcrkiye Ulusal A\u011f Toplant\u0131s\u0131nda \u00c7ameli&#8217;nin s\u00fcreci resmen tamamlad\u0131\u011f\u0131n\u0131 ve T\u00fcrkiye&#8217;nin 27.&#8217;inci, D\u00fcnya&#8217;n\u0131n ise 306&#8217;nc\u0131 Cittaslow (Sakin \u015eehir) \u00fcnvan\u0131n\u0131 almaya hak kazand\u0131\u011f\u0131n\u0131 duyurmu\u015ftu. G\u00fcney Kore&#8217;de d\u00fczenlenen Cittaslow Genel Kurulu&#8217;nda Sakin \u015eehir sertifikas\u0131n\u0131 alan \u00c7ameli Belediye Ba\u015fkan\u0131 Cengiz Arslan ve \u00c7ameli Kaymakam\u0131 Talha Tunahan Y\u0131ld\u0131r\u0131m, Antalya B\u00fcy\u00fck\u015fehir Belediye Ba\u015fkan\u0131 Muhittin B\u00f6cek&#8217;i makam\u0131nda ziyaret ederek adayl\u0131k s\u00fcrecindeki deste\u011finden dolay\u0131 te\u015fekk\u00fcr etti. &#8220;\u00dclkemiz ve kentler i\u00e7in \u00f6nemli ba\u015far\u0131lar&#8221; Antalya B\u00fcy\u00fck\u015fehir Belediye Ba\u015fkan\u0131 Muhittin B\u00f6cek \u00c7ameli&#8217;nin do\u011fas\u0131n\u0131, k\u00fclt\u00fcr\u00fcn\u00fc ve geleneklerini koruyarak sakin \u015fehir olma yolunda \u00f6rnek bir performans sergiledi\u011fini belirtti. Ba\u015fkan B\u00f6cek, &#8220;Antalya&#8217;da Finike ve \u0130brad\u0131&#8217;da da \u00e7al\u0131\u015fmalar\u0131m\u0131z oldu. Son olarak D\u00f6\u015femealt\u0131 Ye\u015filbay\u0131r Mahallemizde \u00e7al\u0131\u015fma y\u00fcr\u00fct\u00fcyoruz. Bunlar \u00fclkemiz ve kentlerimiz i\u00e7in son derecede \u00f6nemli. Benim \u00e7al\u0131\u015fmalar\u0131mda parti ve siyaset ayr\u0131m\u0131 yoktur, vatanda\u015f\u0131m\u0131z\u0131n lehine olacak hizmetler i\u00e7in \u00e7al\u0131\u015f\u0131yorum. Yedi kategoride 73 kriteri olan \u00e7ok kapsaml\u0131 bir proje. Bu \u00f6nemli belgenin \u00c7ameli il\u00e7esine hay\u0131rl\u0131 olmas\u0131n\u0131 diliyorum&#8221; diye konu\u015ftu. \u00c7ameli Belediye Ba\u015fkan\u0131 Cengiz Arslan da 7 y\u0131ld\u0131r sakin \u015fehir olma yolunda \u00e7al\u0131\u015fmalar yapt\u0131klar\u0131n\u0131 s\u00f6yleyerek, &#8220;Sizin Cittaslow T\u00fcrkiye Koordinat\u00f6r\u00fc ve Genel Ba\u015fkan Yard\u0131mc\u0131s\u0131 olman\u0131z bizi motive etti. Antalya ekibiyle birlikte \u00e7ok g\u00fczel \u00e7al\u0131\u015fmalar\u0131m\u0131z oldu. Denizli&#8217;nin ilk sakin \u015fehir \u00fcnvan\u0131n\u0131 il\u00e7emiz kazand\u0131. Neden Muhittin B\u00f6cek &hellip;","og_url":"https:\/\/denizcankizil.tr\/uk\/haberler\/antalya\/baskan-boceke-denizliden-misafir\/","og_site_name":"Av. Deniz Can K\u0131z\u0131l","article_published_time":"2025-06-24T15:41:20+00:00","author":"Av. Deniz Can K\u0131z\u0131l","twitter_card":"summary_large_image","twitter_misc":{"\u041d\u0430\u043f\u0438\u0441\u0430\u043d\u043e":"Av. Deniz Can K\u0131z\u0131l","\u041f\u0440\u0438\u0431\u043b. \u0447\u0430\u0441 \u0447\u0438\u0442\u0430\u043d\u043d\u044f":"2 \u0445\u0432\u0438\u043b\u0438\u043d\u0438"},"schema":{"@context":"https:\/\/schema.org","@graph":[{"@type":"Article","@id":"https:\/\/denizcankizil.tr\/uk\/haberler\/antalya\/baskan-boceke-denizliden-misafir\/#article","isPartOf":{"@id":"https:\/\/denizcankizil.tr\/uk\/haberler\/antalya\/baskan-boceke-denizliden-misafir\/"},"author":{"name":"Av. Deniz Can K\u0131z\u0131l","@id":"https:\/\/denizcankizil.tr\/de\/#\/schema\/person\/5dc1b22991bd7ac833867c10afc9b0ff"},"headline":"Ba\u015fkan B\u00f6cek&#8217;e Denizli&#8217;den misafir","datePublished":"2025-06-24T15:41:20+00:00","mainEntityOfPage":{"@id":"https:\/\/denizcankizil.tr\/uk\/haberler\/antalya\/baskan-boceke-denizliden-misafir\/"},"wordCount":442,"publisher":{"@id":"https:\/\/denizcankizil.tr\/de\/#organization"},"articleSection":["Antalya"],"inLanguage":"uk"},{"@type":"WebPage","@id":"https:\/\/denizcankizil.tr\/uk\/haberler\/antalya\/baskan-boceke-denizliden-misafir\/","url":"https:\/\/denizcankizil.tr\/uk\/haberler\/antalya\/baskan-boceke-denizliden-misafir\/","name":"Ba\u015fkan B\u00f6cek'e Denizli'den misafir - Av. Deniz Can K\u0131z\u0131l","isPartOf":{"@id":"https:\/\/denizcankizil.tr\/de\/#website"},"datePublished":"2025-06-24T15:41:20+00:00","breadcrumb":{"@id":"https:\/\/denizcankizil.tr\/uk\/haberler\/antalya\/baskan-boceke-denizliden-misafir\/#breadcrumb"},"inLanguage":"uk","potentialAction":[{"@type":"ReadAction","target":["https:\/\/denizcankizil.tr\/uk\/haberler\/antalya\/baskan-boceke-denizliden-misafir\/"]}]},{"@type":"BreadcrumbList","@id":"https:\/\/denizcankizil.tr\/uk\/haberler\/antalya\/baskan-boceke-denizliden-misafir\/#breadcrumb","itemListElement":[{"@type":"ListItem","position":1,"name":"Home","item":"https:\/\/denizcankizil.tr\/de\/"},{"@type":"ListItem","position":2,"name":"Ba\u015fkan B\u00f6cek&#8217;e Denizli&#8217;den misafir"}]},{"@type":"WebSite","@id":"https:\/\/denizcankizil.tr\/de\/#website","url":"https:\/\/denizcankizil.tr\/de\/","name":"Av. Deniz Can K\u0131z\u0131l","description":"Avukat Deniz Can K\u0131z\u0131l Antalya Barosu","publisher":{"@id":"https:\/\/denizcankizil.tr\/de\/#organization"},"potentialAction":[{"@type":"SearchAction","target":{"@type":"EntryPoint","urlTemplate":"https:\/\/denizcankizil.tr\/de\/?s={search_term_string}"},"query-input":{"@type":"PropertyValueSpecification","valueRequired":true,"valueName":"search_term_string"}}],"inLanguage":"uk"},{"@type":"Organization","@id":"https:\/\/denizcankizil.tr\/de\/#organization","name":"Av. Deniz Can K\u0131z\u0131l","url":"https:\/\/denizcankizil.tr\/de\/","logo":{"@type":"ImageObject","inLanguage":"uk","@id":"https:\/\/denizcankizil.tr\/de\/#\/schema\/logo\/image\/","url":"https:\/\/denizcankizil.tr\/wp-content\/uploads\/2024\/10\/siyah-logo-svg.svg","contentUrl":"https:\/\/denizcankizil.tr\/wp-content\/uploads\/2024\/10\/siyah-logo-svg.svg","width":1080,"height":1080,"caption":"Av. Deniz Can K\u0131z\u0131l"},"image":{"@id":"https:\/\/denizcankizil.tr\/de\/#\/schema\/logo\/image\/"}},{"@type":"Person","@id":"https:\/\/denizcankizil.tr\/de\/#\/schema\/person\/5dc1b22991bd7ac833867c10afc9b0ff","name":"Av. Deniz Can K\u0131z\u0131l","image":{"@type":"ImageObject","inLanguage":"uk","@id":"https:\/\/denizcankizil.tr\/de\/#\/schema\/person\/image\/","url":"https:\/\/secure.gravatar.com\/avatar\/a0b128fb9855c79efc976d5640eedb31dc35ec297594d6016d2cf7c60e975bb6?s=96&d=mm&r=g","contentUrl":"https:\/\/secure.gravatar.com\/avatar\/a0b128fb9855c79efc976d5640eedb31dc35ec297594d6016d2cf7c60e975bb6?s=96&d=mm&r=g","caption":"Av. Deniz Can K\u0131z\u0131l"},"sameAs":["http:\/\/www.denizcankizil.tr"],"url":"https:\/\/denizcankizil.tr\/uk\/author\/denizcankizil\/"}]}},"_links":{"self":[{"href":"https:\/\/denizcankizil.tr\/uk\/wp-json\/wp\/v2\/posts\/125342","targetHints":{"allow":["GET"]}}],"collection":[{"href":"https:\/\/denizcankizil.tr\/uk\/wp-json\/wp\/v2\/posts"}],"about":[{"href":"https:\/\/denizcankizil.tr\/uk\/wp-json\/wp\/v2\/types\/post"}],"author":[{"embeddable":true,"href":"https:\/\/denizcankizil.tr\/uk\/wp-json\/wp\/v2\/users\/4"}],"replies":[{"embeddable":true,"href":"https:\/\/denizcankizil.tr\/uk\/wp-json\/wp\/v2\/comments?post=125342"}],"version-history":[{"count":0,"href":"https:\/\/denizcankizil.tr\/uk\/wp-json\/wp\/v2\/posts\/125342\/revisions"}],"wp:attachment":[{"href":"https:\/\/denizcankizil.tr\/uk\/wp-json\/wp\/v2\/media?parent=125342"}],"wp:term":[{"taxonomy":"category","embeddable":true,"href":"https:\/\/denizcankizil.tr\/uk\/wp-json\/wp\/v2\/categories?post=125342"},{"taxonomy":"post_tag","embeddable":true,"href":"https:\/\/denizcankizil.tr\/uk\/wp-json\/wp\/v2\/tags?post=125342"}],"curies":[{"name":"wp","href":"https:\/\/api.w.org\/{rel}","templated":true}]}}