{"id":12522,"date":"2024-11-04T13:41:24","date_gmt":"2024-11-04T10:41:24","guid":{"rendered":"https:\/\/denizcankizil.tr\/uncategorized-tr\/mardin-batman-ve-halfeti-belediyelerine-kayyim-atandi\/"},"modified":"2024-11-04T13:41:24","modified_gmt":"2024-11-04T10:41:24","slug":"mardin-batman-ve-halfeti-belediyelerine-kayyim-atandi","status":"publish","type":"post","link":"https:\/\/denizcankizil.tr\/uk\/haberler\/gundem\/mardin-batman-ve-halfeti-belediyelerine-kayyim-atandi\/","title":{"rendered":"Mardin, Batman ve Halfeti belediyelerine kayy\u0131m atand\u0131!"},"content":{"rendered":"<p>\u0130\u00e7i\u015fleri Bakanl\u0131\u011f\u0131, Mardin B\u00fcy\u00fck\u015fehir ile Batman ve \u015eanl\u0131urfa Halfeti belediyelerine yeni g\u00f6revlendirme yap\u0131ld\u0131\u011f\u0131n\u0131 duyurdu.ANKARA (\u0130GFA) &#8211; A\u00e7\u0131klama \u0130\u00e7i\u015fleri Bakanl\u0131\u011f\u0131&#8217;ndan geldi. Bakanl\u0131k, ter\u00f6r soru\u015fturmas\u0131 kapsam\u0131nda Mardin B\u00fcy\u00fck\u015fehir Belediyesi ile Batman ve \u015eanl\u0131urfa Halfeti belediye ba\u015fkanlar\u0131n\u0131n g\u00f6revden uzakla\u015ft\u0131r\u0131ld\u0131\u011f\u0131n\u0131 duyururken, yeni g\u00f6revlendirmeleri a\u00e7\u0131klad\u0131.<br \/>\nA\u00e7\u0131klamada, Mardin B\u00fcy\u00fck\u015fehir Belediye Ba\u015fkan\u0131 Ahmet T\u00fcrk&#8217;\u00fcn Ankara 22. A\u011f\u0131r Ceza Mahkemesinin 2021\/6 esas say\u0131l\u0131 Kobani Davas\u0131 kapsam\u0131nda silahl\u0131 ter\u00f6r \u00f6rg\u00fct\u00fcne \u00fcye olma su\u00e7undan 10 y\u0131l hapis cezas\u0131 almas\u0131, Ankara 14. A\u011f\u0131r Ceza Mahkemesinin 2022\/142 esas say\u0131l\u0131 dosyas\u0131 kapsam\u0131nda ter\u00f6r \u00f6rg\u00fct\u00fc propagandas\u0131 yapmak su\u00e7undan davan\u0131n devam etmesi ve Mardin Cumhuriyet Ba\u015fsavc\u0131l\u0131\u011f\u0131n\u0131n 2024\/7685 say\u0131l\u0131 soru\u015fturma dosyas\u0131 kapsam\u0131nda silahl\u0131 ter\u00f6r \u00f6rg\u00fct\u00fcne \u00fcye olma su\u00e7undan y\u00fcr\u00fct\u00fclen soru\u015fturma nedeniyle Anayasa&#8217;n\u0131n 127&#8217;nci maddesi ile 5393 say\u0131l\u0131 Belediye Kanunu&#8217;nun 47&#8217;nci maddesi gere\u011fince ge\u00e7ici bir tedbir olarak \u0130\u00e7i\u015fleri Bakanl\u0131\u011f\u0131nca g\u00f6revden uzakla\u015ft\u0131r\u0131ld\u0131\u011f\u0131 belirtildi.<br \/>\nT\u00fcrk&#8217;\u00fcn yerine 5393 say\u0131l\u0131 Belediye Kanunu&#8217;nun 45 ve 46&#8217;nc\u0131 maddeleri uyar\u0131nca Mardin Valisi Tuncay Akkoyun&#8217;un, Mardin B\u00fcy\u00fck\u015fehir Belediye Ba\u015fkan Vekili olarak g\u00f6revlendirildi\u011fini aktar\u0131ld\u0131.<br \/>\nBatman Belediye Ba\u015fkan\u0131 G\u00fclistan S\u00f6n\u00fck&#8217;\u00fcn de, silahl\u0131 ter\u00f6r \u00f6rg\u00fct\u00fcne \u00fcye olma su\u00e7undan 6 y\u0131l 3 ay hapis cezas\u0131 almas\u0131n\u0131n yan\u0131 s\u0131ra y\u00fcr\u00fct\u00fclen soru\u015fturmalar dolay\u0131s\u0131yla g\u00f6revden uzakla\u015ft\u0131r\u0131ld\u0131\u011f\u0131 ve yerine Batman Valisi Ekrem Canalp&#8217;\u0131n Batman Belediye Ba\u015fkan Vekili olarak g\u00f6revlendirildi\u011fi aktar\u0131ld\u0131.<br \/>\n\u015eanl\u0131urfa Halfeti Belediye Ba\u015fkan\u0131 Mehmet Karay\u0131lan&#8217;\u0131n da, Gaziantep 2. A\u011f\u0131r Ceza Mahkemesinin 2020\/136 esas say\u0131l\u0131 dosyas\u0131 kapsam\u0131nda silahl\u0131 ter\u00f6r \u00f6rg\u00fct\u00fcne \u00fcye olma su\u00e7undan 6 y\u0131l 3 ay 15 g\u00fcn hapis cezas\u0131 almas\u0131 ve \u00e7e\u015fitli su\u00e7lar\u0131ndan dolay\u0131 g\u00f6revden uzakla\u015ft\u0131r\u0131ld\u0131\u011f\u0131 belirtilirken, Halfeti Kaymakam\u0131 Hakan Ba\u015fo\u011flu&#8217;nun Halfeti Belediye Ba\u015fkan Vekili olarak g\u00f6revlendirildi\u011fi a\u00e7\u0131kland\u0131.<\/p>\n<p>\u200b\u0130\u00e7i\u015fleri Bakanl\u0131\u011f\u0131, Mardin B\u00fcy\u00fck\u015fehir ile Batman ve \u015eanl\u0131urfa Halfeti belediyelerine yeni g\u00f6revlendirme yap\u0131ld\u0131\u011f\u0131n\u0131 duyurdu\u00a0<\/p>\n<p>\u200bHaberin Al\u0131nt\u0131land\u0131\u011f\u0131 Kaynak: www.iskenderun.org<\/p>","protected":false},"excerpt":{"rendered":"<p>\u0130\u00e7i\u015fleri Bakanl\u0131\u011f\u0131, Mardin B\u00fcy\u00fck\u015fehir ile Batman ve \u015eanl\u0131urfa Halfeti belediyelerine yeni g\u00f6revlendirme yap\u0131ld\u0131\u011f\u0131n\u0131 duyurdu.ANKARA (\u0130GFA) &#8211; A\u00e7\u0131klama \u0130\u00e7i\u015fleri Bakanl\u0131\u011f\u0131&#8217;ndan geldi. Bakanl\u0131k, ter\u00f6r soru\u015fturmas\u0131 kapsam\u0131nda Mardin B\u00fcy\u00fck\u015fehir Belediyesi ile Batman ve \u015eanl\u0131urfa Halfeti belediye ba\u015fkanlar\u0131n\u0131n g\u00f6revden uzakla\u015ft\u0131r\u0131ld\u0131\u011f\u0131n\u0131 duyururken, yeni g\u00f6revlendirmeleri a\u00e7\u0131klad\u0131. A\u00e7\u0131klamada, Mardin B\u00fcy\u00fck\u015fehir Belediye Ba\u015fkan\u0131 Ahmet T\u00fcrk&#8217;\u00fcn Ankara 22. A\u011f\u0131r Ceza Mahkemesinin 2021\/6 esas say\u0131l\u0131 Kobani Davas\u0131 kapsam\u0131nda silahl\u0131 ter\u00f6r \u00f6rg\u00fct\u00fcne \u00fcye olma su\u00e7undan 10 y\u0131l hapis cezas\u0131 almas\u0131, Ankara 14. A\u011f\u0131r Ceza Mahkemesinin 2022\/142 esas say\u0131l\u0131 dosyas\u0131 kapsam\u0131nda ter\u00f6r \u00f6rg\u00fct\u00fc propagandas\u0131 yapmak su\u00e7undan davan\u0131n devam etmesi ve Mardin Cumhuriyet Ba\u015fsavc\u0131l\u0131\u011f\u0131n\u0131n 2024\/7685 say\u0131l\u0131 soru\u015fturma dosyas\u0131 kapsam\u0131nda silahl\u0131 ter\u00f6r \u00f6rg\u00fct\u00fcne \u00fcye olma su\u00e7undan y\u00fcr\u00fct\u00fclen soru\u015fturma nedeniyle Anayasa&#8217;n\u0131n 127&#8217;nci maddesi ile 5393 say\u0131l\u0131 Belediye Kanunu&#8217;nun 47&#8217;nci maddesi gere\u011fince ge\u00e7ici bir tedbir olarak \u0130\u00e7i\u015fleri Bakanl\u0131\u011f\u0131nca g\u00f6revden uzakla\u015ft\u0131r\u0131ld\u0131\u011f\u0131 belirtildi. T\u00fcrk&#8217;\u00fcn yerine 5393 say\u0131l\u0131 Belediye Kanunu&#8217;nun 45 ve 46&#8217;nc\u0131 maddeleri uyar\u0131nca Mardin Valisi Tuncay Akkoyun&#8217;un, Mardin B\u00fcy\u00fck\u015fehir Belediye Ba\u015fkan Vekili olarak g\u00f6revlendirildi\u011fini aktar\u0131ld\u0131. Batman Belediye Ba\u015fkan\u0131 G\u00fclistan S\u00f6n\u00fck&#8217;\u00fcn de, silahl\u0131 ter\u00f6r \u00f6rg\u00fct\u00fcne \u00fcye olma su\u00e7undan 6 y\u0131l 3 ay hapis cezas\u0131 almas\u0131n\u0131n yan\u0131 s\u0131ra y\u00fcr\u00fct\u00fclen soru\u015fturmalar dolay\u0131s\u0131yla g\u00f6revden uzakla\u015ft\u0131r\u0131ld\u0131\u011f\u0131 ve yerine Batman Valisi Ekrem Canalp&#8217;\u0131n Batman Belediye Ba\u015fkan Vekili olarak g\u00f6revlendirildi\u011fi aktar\u0131ld\u0131. \u015eanl\u0131urfa Halfeti Belediye Ba\u015fkan\u0131 Mehmet Karay\u0131lan&#8217;\u0131n da, Gaziantep 2. A\u011f\u0131r Ceza Mahkemesinin 2020\/136 &hellip;<\/p>","protected":false},"author":0,"featured_media":0,"comment_status":"open","ping_status":"open","sticky":false,"template":"","format":"standard","meta":{"_acf_changed":false,"footnotes":""},"categories":[24,535],"tags":[],"class_list":["post-12522","post","type-post","status-publish","format-standard","has-post-thumbnail","hentry","category-gundem","category-uncategorized-tr"],"acf":[],"yoast_head":"<!-- This site is optimized with the Yoast SEO Premium plugin v26.6 (Yoast SEO v27.1.1) - https:\/\/yoast.com\/product\/yoast-seo-premium-wordpress\/ -->\n<title>Mardin, Batman ve Halfeti belediyelerine kayy\u0131m atand\u0131! - Av. Deniz Can K\u0131z\u0131l<\/title>\n<meta name=\"robots\" content=\"index, follow, max-snippet:-1, max-image-preview:large, max-video-preview:-1\" \/>\n<link rel=\"canonical\" href=\"https:\/\/denizcankizil.tr\/uk\/haberler\/gundem\/mardin-batman-ve-halfeti-belediyelerine-kayyim-atandi\/\" \/>\n<meta property=\"og:locale\" content=\"uk_UA\" \/>\n<meta property=\"og:type\" content=\"article\" \/>\n<meta property=\"og:title\" content=\"Mardin, Batman ve Halfeti belediyelerine kayy\u0131m atand\u0131!\" \/>\n<meta property=\"og:description\" content=\"\u0130\u00e7i\u015fleri Bakanl\u0131\u011f\u0131, Mardin B\u00fcy\u00fck\u015fehir ile Batman ve \u015eanl\u0131urfa Halfeti belediyelerine yeni g\u00f6revlendirme yap\u0131ld\u0131\u011f\u0131n\u0131 duyurdu.ANKARA (\u0130GFA) &#8211; A\u00e7\u0131klama \u0130\u00e7i\u015fleri Bakanl\u0131\u011f\u0131&#8217;ndan geldi. Bakanl\u0131k, ter\u00f6r soru\u015fturmas\u0131 kapsam\u0131nda Mardin B\u00fcy\u00fck\u015fehir Belediyesi ile Batman ve \u015eanl\u0131urfa Halfeti belediye ba\u015fkanlar\u0131n\u0131n g\u00f6revden uzakla\u015ft\u0131r\u0131ld\u0131\u011f\u0131n\u0131 duyururken, yeni g\u00f6revlendirmeleri a\u00e7\u0131klad\u0131. A\u00e7\u0131klamada, Mardin B\u00fcy\u00fck\u015fehir Belediye Ba\u015fkan\u0131 Ahmet T\u00fcrk&#8217;\u00fcn Ankara 22. A\u011f\u0131r Ceza Mahkemesinin 2021\/6 esas say\u0131l\u0131 Kobani Davas\u0131 kapsam\u0131nda silahl\u0131 ter\u00f6r \u00f6rg\u00fct\u00fcne \u00fcye olma su\u00e7undan 10 y\u0131l hapis cezas\u0131 almas\u0131, Ankara 14. A\u011f\u0131r Ceza Mahkemesinin 2022\/142 esas say\u0131l\u0131 dosyas\u0131 kapsam\u0131nda ter\u00f6r \u00f6rg\u00fct\u00fc propagandas\u0131 yapmak su\u00e7undan davan\u0131n devam etmesi ve Mardin Cumhuriyet Ba\u015fsavc\u0131l\u0131\u011f\u0131n\u0131n 2024\/7685 say\u0131l\u0131 soru\u015fturma dosyas\u0131 kapsam\u0131nda silahl\u0131 ter\u00f6r \u00f6rg\u00fct\u00fcne \u00fcye olma su\u00e7undan y\u00fcr\u00fct\u00fclen soru\u015fturma nedeniyle Anayasa&#8217;n\u0131n 127&#8217;nci maddesi ile 5393 say\u0131l\u0131 Belediye Kanunu&#8217;nun 47&#8217;nci maddesi gere\u011fince ge\u00e7ici bir tedbir olarak \u0130\u00e7i\u015fleri Bakanl\u0131\u011f\u0131nca g\u00f6revden uzakla\u015ft\u0131r\u0131ld\u0131\u011f\u0131 belirtildi. T\u00fcrk&#8217;\u00fcn yerine 5393 say\u0131l\u0131 Belediye Kanunu&#8217;nun 45 ve 46&#8217;nc\u0131 maddeleri uyar\u0131nca Mardin Valisi Tuncay Akkoyun&#8217;un, Mardin B\u00fcy\u00fck\u015fehir Belediye Ba\u015fkan Vekili olarak g\u00f6revlendirildi\u011fini aktar\u0131ld\u0131. Batman Belediye Ba\u015fkan\u0131 G\u00fclistan S\u00f6n\u00fck&#8217;\u00fcn de, silahl\u0131 ter\u00f6r \u00f6rg\u00fct\u00fcne \u00fcye olma su\u00e7undan 6 y\u0131l 3 ay hapis cezas\u0131 almas\u0131n\u0131n yan\u0131 s\u0131ra y\u00fcr\u00fct\u00fclen soru\u015fturmalar dolay\u0131s\u0131yla g\u00f6revden uzakla\u015ft\u0131r\u0131ld\u0131\u011f\u0131 ve yerine Batman Valisi Ekrem Canalp&#8217;\u0131n Batman Belediye Ba\u015fkan Vekili olarak g\u00f6revlendirildi\u011fi aktar\u0131ld\u0131. \u015eanl\u0131urfa Halfeti Belediye Ba\u015fkan\u0131 Mehmet Karay\u0131lan&#8217;\u0131n da, Gaziantep 2. A\u011f\u0131r Ceza Mahkemesinin 2020\/136 &hellip;\" \/>\n<meta property=\"og:url\" content=\"https:\/\/denizcankizil.tr\/uk\/haberler\/gundem\/mardin-batman-ve-halfeti-belediyelerine-kayyim-atandi\/\" \/>\n<meta property=\"og:site_name\" content=\"Av. Deniz Can K\u0131z\u0131l\" \/>\n<meta property=\"article:published_time\" content=\"2024-11-04T10:41:24+00:00\" \/>\n<meta name=\"twitter:card\" content=\"summary_large_image\" \/>\n<meta name=\"twitter:label1\" content=\"\u041f\u0440\u0438\u0431\u043b. \u0447\u0430\u0441 \u0447\u0438\u0442\u0430\u043d\u043d\u044f\" \/>\n\t<meta name=\"twitter:data1\" content=\"2 \u0445\u0432\u0438\u043b\u0438\u043d\u0438\" \/>\n<script type=\"application\/ld+json\" class=\"yoast-schema-graph\">{\"@context\":\"https:\/\/schema.org\",\"@graph\":[{\"@type\":\"Article\",\"@id\":\"https:\/\/denizcankizil.tr\/ru\/haberler\/gundem\/mardin-batman-ve-halfeti-belediyelerine-kayyim-atandi\/#article\",\"isPartOf\":{\"@id\":\"https:\/\/denizcankizil.tr\/ru\/haberler\/gundem\/mardin-batman-ve-halfeti-belediyelerine-kayyim-atandi\/\"},\"author\":{\"name\":\"\",\"@id\":\"\"},\"headline\":\"Mardin, Batman ve Halfeti belediyelerine kayy\u0131m atand\u0131!\",\"datePublished\":\"2024-11-04T10:41:24+00:00\",\"mainEntityOfPage\":{\"@id\":\"https:\/\/denizcankizil.tr\/ru\/haberler\/gundem\/mardin-batman-ve-halfeti-belediyelerine-kayyim-atandi\/\"},\"wordCount\":406,\"commentCount\":0,\"publisher\":{\"@id\":\"https:\/\/denizcankizil.tr\/#organization\"},\"articleSection\":[\"G\u00fcndem\",\"Uncategorized\"],\"inLanguage\":\"uk\",\"potentialAction\":[{\"@type\":\"CommentAction\",\"name\":\"Comment\",\"target\":[\"https:\/\/denizcankizil.tr\/ru\/haberler\/gundem\/mardin-batman-ve-halfeti-belediyelerine-kayyim-atandi\/#respond\"]}]},{\"@type\":\"WebPage\",\"@id\":\"https:\/\/denizcankizil.tr\/ru\/haberler\/gundem\/mardin-batman-ve-halfeti-belediyelerine-kayyim-atandi\/\",\"url\":\"https:\/\/denizcankizil.tr\/ru\/haberler\/gundem\/mardin-batman-ve-halfeti-belediyelerine-kayyim-atandi\/\",\"name\":\"Mardin, Batman ve Halfeti belediyelerine kayy\u0131m atand\u0131! - Av. Deniz Can K\u0131z\u0131l\",\"isPartOf\":{\"@id\":\"https:\/\/denizcankizil.tr\/#website\"},\"datePublished\":\"2024-11-04T10:41:24+00:00\",\"breadcrumb\":{\"@id\":\"https:\/\/denizcankizil.tr\/ru\/haberler\/gundem\/mardin-batman-ve-halfeti-belediyelerine-kayyim-atandi\/#breadcrumb\"},\"inLanguage\":\"uk\",\"potentialAction\":[{\"@type\":\"ReadAction\",\"target\":[\"https:\/\/denizcankizil.tr\/ru\/haberler\/gundem\/mardin-batman-ve-halfeti-belediyelerine-kayyim-atandi\/\"]}]},{\"@type\":\"BreadcrumbList\",\"@id\":\"https:\/\/denizcankizil.tr\/ru\/haberler\/gundem\/mardin-batman-ve-halfeti-belediyelerine-kayyim-atandi\/#breadcrumb\",\"itemListElement\":[{\"@type\":\"ListItem\",\"position\":1,\"name\":\"Home\",\"item\":\"https:\/\/denizcankizil.tr\/uk\/\"},{\"@type\":\"ListItem\",\"position\":2,\"name\":\"Mardin, Batman ve Halfeti belediyelerine kayy\u0131m atand\u0131!\"}]},{\"@type\":\"WebSite\",\"@id\":\"https:\/\/denizcankizil.tr\/#website\",\"url\":\"https:\/\/denizcankizil.tr\/\",\"name\":\"Av. Deniz Can K\u0131z\u0131l\",\"description\":\"Avukat Deniz Can K\u0131z\u0131l Antalya Barosu\",\"publisher\":{\"@id\":\"https:\/\/denizcankizil.tr\/#organization\"},\"potentialAction\":[{\"@type\":\"SearchAction\",\"target\":{\"@type\":\"EntryPoint\",\"urlTemplate\":\"https:\/\/denizcankizil.tr\/?s={search_term_string}\"},\"query-input\":{\"@type\":\"PropertyValueSpecification\",\"valueRequired\":true,\"valueName\":\"search_term_string\"}}],\"inLanguage\":\"uk\"},{\"@type\":\"Organization\",\"@id\":\"https:\/\/denizcankizil.tr\/#organization\",\"name\":\"Av. Deniz Can K\u0131z\u0131l\",\"url\":\"https:\/\/denizcankizil.tr\/\",\"logo\":{\"@type\":\"ImageObject\",\"inLanguage\":\"uk\",\"@id\":\"https:\/\/denizcankizil.tr\/#\/schema\/logo\/image\/\",\"url\":\"https:\/\/denizcankizil.tr\/wp-content\/uploads\/2024\/10\/siyah-logo-svg.svg\",\"contentUrl\":\"https:\/\/denizcankizil.tr\/wp-content\/uploads\/2024\/10\/siyah-logo-svg.svg\",\"width\":1080,\"height\":1080,\"caption\":\"Av. Deniz Can K\u0131z\u0131l\"},\"image\":{\"@id\":\"https:\/\/denizcankizil.tr\/#\/schema\/logo\/image\/\"}}]}<\/script>\n<!-- \/ Yoast SEO Premium plugin. -->","yoast_head_json":{"title":"Mardin, Batman ve Halfeti belediyelerine kayy\u0131m atand\u0131! - Av. Deniz Can K\u0131z\u0131l","robots":{"index":"index","follow":"follow","max-snippet":"max-snippet:-1","max-image-preview":"max-image-preview:large","max-video-preview":"max-video-preview:-1"},"canonical":"https:\/\/denizcankizil.tr\/uk\/haberler\/gundem\/mardin-batman-ve-halfeti-belediyelerine-kayyim-atandi\/","og_locale":"uk_UA","og_type":"article","og_title":"Mardin, Batman ve Halfeti belediyelerine kayy\u0131m atand\u0131!","og_description":"\u0130\u00e7i\u015fleri Bakanl\u0131\u011f\u0131, Mardin B\u00fcy\u00fck\u015fehir ile Batman ve \u015eanl\u0131urfa Halfeti belediyelerine yeni g\u00f6revlendirme yap\u0131ld\u0131\u011f\u0131n\u0131 duyurdu.ANKARA (\u0130GFA) &#8211; A\u00e7\u0131klama \u0130\u00e7i\u015fleri Bakanl\u0131\u011f\u0131&#8217;ndan geldi. Bakanl\u0131k, ter\u00f6r soru\u015fturmas\u0131 kapsam\u0131nda Mardin B\u00fcy\u00fck\u015fehir Belediyesi ile Batman ve \u015eanl\u0131urfa Halfeti belediye ba\u015fkanlar\u0131n\u0131n g\u00f6revden uzakla\u015ft\u0131r\u0131ld\u0131\u011f\u0131n\u0131 duyururken, yeni g\u00f6revlendirmeleri a\u00e7\u0131klad\u0131. A\u00e7\u0131klamada, Mardin B\u00fcy\u00fck\u015fehir Belediye Ba\u015fkan\u0131 Ahmet T\u00fcrk&#8217;\u00fcn Ankara 22. A\u011f\u0131r Ceza Mahkemesinin 2021\/6 esas say\u0131l\u0131 Kobani Davas\u0131 kapsam\u0131nda silahl\u0131 ter\u00f6r \u00f6rg\u00fct\u00fcne \u00fcye olma su\u00e7undan 10 y\u0131l hapis cezas\u0131 almas\u0131, Ankara 14. A\u011f\u0131r Ceza Mahkemesinin 2022\/142 esas say\u0131l\u0131 dosyas\u0131 kapsam\u0131nda ter\u00f6r \u00f6rg\u00fct\u00fc propagandas\u0131 yapmak su\u00e7undan davan\u0131n devam etmesi ve Mardin Cumhuriyet Ba\u015fsavc\u0131l\u0131\u011f\u0131n\u0131n 2024\/7685 say\u0131l\u0131 soru\u015fturma dosyas\u0131 kapsam\u0131nda silahl\u0131 ter\u00f6r \u00f6rg\u00fct\u00fcne \u00fcye olma su\u00e7undan y\u00fcr\u00fct\u00fclen soru\u015fturma nedeniyle Anayasa&#8217;n\u0131n 127&#8217;nci maddesi ile 5393 say\u0131l\u0131 Belediye Kanunu&#8217;nun 47&#8217;nci maddesi gere\u011fince ge\u00e7ici bir tedbir olarak \u0130\u00e7i\u015fleri Bakanl\u0131\u011f\u0131nca g\u00f6revden uzakla\u015ft\u0131r\u0131ld\u0131\u011f\u0131 belirtildi. T\u00fcrk&#8217;\u00fcn yerine 5393 say\u0131l\u0131 Belediye Kanunu&#8217;nun 45 ve 46&#8217;nc\u0131 maddeleri uyar\u0131nca Mardin Valisi Tuncay Akkoyun&#8217;un, Mardin B\u00fcy\u00fck\u015fehir Belediye Ba\u015fkan Vekili olarak g\u00f6revlendirildi\u011fini aktar\u0131ld\u0131. Batman Belediye Ba\u015fkan\u0131 G\u00fclistan S\u00f6n\u00fck&#8217;\u00fcn de, silahl\u0131 ter\u00f6r \u00f6rg\u00fct\u00fcne \u00fcye olma su\u00e7undan 6 y\u0131l 3 ay hapis cezas\u0131 almas\u0131n\u0131n yan\u0131 s\u0131ra y\u00fcr\u00fct\u00fclen soru\u015fturmalar dolay\u0131s\u0131yla g\u00f6revden uzakla\u015ft\u0131r\u0131ld\u0131\u011f\u0131 ve yerine Batman Valisi Ekrem Canalp&#8217;\u0131n Batman Belediye Ba\u015fkan Vekili olarak g\u00f6revlendirildi\u011fi aktar\u0131ld\u0131. \u015eanl\u0131urfa Halfeti Belediye Ba\u015fkan\u0131 Mehmet Karay\u0131lan&#8217;\u0131n da, Gaziantep 2. A\u011f\u0131r Ceza Mahkemesinin 2020\/136 &hellip;","og_url":"https:\/\/denizcankizil.tr\/uk\/haberler\/gundem\/mardin-batman-ve-halfeti-belediyelerine-kayyim-atandi\/","og_site_name":"Av. Deniz Can K\u0131z\u0131l","article_published_time":"2024-11-04T10:41:24+00:00","twitter_card":"summary_large_image","twitter_misc":{"\u041f\u0440\u0438\u0431\u043b. \u0447\u0430\u0441 \u0447\u0438\u0442\u0430\u043d\u043d\u044f":"2 \u0445\u0432\u0438\u043b\u0438\u043d\u0438"},"schema":{"@context":"https:\/\/schema.org","@graph":[{"@type":"Article","@id":"https:\/\/denizcankizil.tr\/ru\/haberler\/gundem\/mardin-batman-ve-halfeti-belediyelerine-kayyim-atandi\/#article","isPartOf":{"@id":"https:\/\/denizcankizil.tr\/ru\/haberler\/gundem\/mardin-batman-ve-halfeti-belediyelerine-kayyim-atandi\/"},"author":{"name":"","@id":""},"headline":"Mardin, Batman ve Halfeti belediyelerine kayy\u0131m atand\u0131!","datePublished":"2024-11-04T10:41:24+00:00","mainEntityOfPage":{"@id":"https:\/\/denizcankizil.tr\/ru\/haberler\/gundem\/mardin-batman-ve-halfeti-belediyelerine-kayyim-atandi\/"},"wordCount":406,"commentCount":0,"publisher":{"@id":"https:\/\/denizcankizil.tr\/#organization"},"articleSection":["G\u00fcndem","Uncategorized"],"inLanguage":"uk","potentialAction":[{"@type":"CommentAction","name":"Comment","target":["https:\/\/denizcankizil.tr\/ru\/haberler\/gundem\/mardin-batman-ve-halfeti-belediyelerine-kayyim-atandi\/#respond"]}]},{"@type":"WebPage","@id":"https:\/\/denizcankizil.tr\/ru\/haberler\/gundem\/mardin-batman-ve-halfeti-belediyelerine-kayyim-atandi\/","url":"https:\/\/denizcankizil.tr\/ru\/haberler\/gundem\/mardin-batman-ve-halfeti-belediyelerine-kayyim-atandi\/","name":"Mardin, Batman ve Halfeti belediyelerine kayy\u0131m atand\u0131! - Av. Deniz Can K\u0131z\u0131l","isPartOf":{"@id":"https:\/\/denizcankizil.tr\/#website"},"datePublished":"2024-11-04T10:41:24+00:00","breadcrumb":{"@id":"https:\/\/denizcankizil.tr\/ru\/haberler\/gundem\/mardin-batman-ve-halfeti-belediyelerine-kayyim-atandi\/#breadcrumb"},"inLanguage":"uk","potentialAction":[{"@type":"ReadAction","target":["https:\/\/denizcankizil.tr\/ru\/haberler\/gundem\/mardin-batman-ve-halfeti-belediyelerine-kayyim-atandi\/"]}]},{"@type":"BreadcrumbList","@id":"https:\/\/denizcankizil.tr\/ru\/haberler\/gundem\/mardin-batman-ve-halfeti-belediyelerine-kayyim-atandi\/#breadcrumb","itemListElement":[{"@type":"ListItem","position":1,"name":"Home","item":"https:\/\/denizcankizil.tr\/uk\/"},{"@type":"ListItem","position":2,"name":"Mardin, Batman ve Halfeti belediyelerine kayy\u0131m atand\u0131!"}]},{"@type":"WebSite","@id":"https:\/\/denizcankizil.tr\/#website","url":"https:\/\/denizcankizil.tr\/","name":"Av. Deniz Can K\u0131z\u0131l","description":"Avukat Deniz Can K\u0131z\u0131l Antalya Barosu","publisher":{"@id":"https:\/\/denizcankizil.tr\/#organization"},"potentialAction":[{"@type":"SearchAction","target":{"@type":"EntryPoint","urlTemplate":"https:\/\/denizcankizil.tr\/?s={search_term_string}"},"query-input":{"@type":"PropertyValueSpecification","valueRequired":true,"valueName":"search_term_string"}}],"inLanguage":"uk"},{"@type":"Organization","@id":"https:\/\/denizcankizil.tr\/#organization","name":"Av. Deniz Can K\u0131z\u0131l","url":"https:\/\/denizcankizil.tr\/","logo":{"@type":"ImageObject","inLanguage":"uk","@id":"https:\/\/denizcankizil.tr\/#\/schema\/logo\/image\/","url":"https:\/\/denizcankizil.tr\/wp-content\/uploads\/2024\/10\/siyah-logo-svg.svg","contentUrl":"https:\/\/denizcankizil.tr\/wp-content\/uploads\/2024\/10\/siyah-logo-svg.svg","width":1080,"height":1080,"caption":"Av. Deniz Can K\u0131z\u0131l"},"image":{"@id":"https:\/\/denizcankizil.tr\/#\/schema\/logo\/image\/"}}]}},"_links":{"self":[{"href":"https:\/\/denizcankizil.tr\/uk\/wp-json\/wp\/v2\/posts\/12522","targetHints":{"allow":["GET"]}}],"collection":[{"href":"https:\/\/denizcankizil.tr\/uk\/wp-json\/wp\/v2\/posts"}],"about":[{"href":"https:\/\/denizcankizil.tr\/uk\/wp-json\/wp\/v2\/types\/post"}],"replies":[{"embeddable":true,"href":"https:\/\/denizcankizil.tr\/uk\/wp-json\/wp\/v2\/comments?post=12522"}],"version-history":[{"count":0,"href":"https:\/\/denizcankizil.tr\/uk\/wp-json\/wp\/v2\/posts\/12522\/revisions"}],"wp:attachment":[{"href":"https:\/\/denizcankizil.tr\/uk\/wp-json\/wp\/v2\/media?parent=12522"}],"wp:term":[{"taxonomy":"category","embeddable":true,"href":"https:\/\/denizcankizil.tr\/uk\/wp-json\/wp\/v2\/categories?post=12522"},{"taxonomy":"post_tag","embeddable":true,"href":"https:\/\/denizcankizil.tr\/uk\/wp-json\/wp\/v2\/tags?post=12522"}],"curies":[{"name":"wp","href":"https:\/\/api.w.org\/{rel}","templated":true}]}}