{"id":12473,"date":"2024-11-04T10:41:25","date_gmt":"2024-11-04T07:41:25","guid":{"rendered":"https:\/\/denizcankizil.tr\/uncategorized-tr\/sehre-yeni-gelen-universite-ogrencileri-inegolu-taniyor\/"},"modified":"2024-11-04T10:41:25","modified_gmt":"2024-11-04T07:41:25","slug":"sehre-yeni-gelen-universite-ogrencileri-inegolu-taniyor","status":"publish","type":"post","link":"https:\/\/denizcankizil.tr\/uk\/haberler\/gundem\/sehre-yeni-gelen-universite-ogrencileri-inegolu-taniyor\/","title":{"rendered":"\u015eehre Yeni Gelen \u00dcniversite \u00d6\u011frencileri \u0130neg\u00f6l\u2019\u00fc Tan\u0131yor"},"content":{"rendered":"<p>\u00dcniversite e\u011fitimi i\u00e7in farkl\u0131 \u015fehirlerden \u0130neg\u00f6l\u2019e gelen 100 gen\u00e7, \u015fehri tan\u0131malar\u0131 ad\u0131na \u0130neg\u00f6l Belediyesi organizasyonuyla rehber e\u015fli\u011finde \u0130neg\u00f6l\u2019\u00fc gezdi. Belediye Ba\u015fkan\u0131 Alper Taban da Kent M\u00fczesi ziyaretinde bir \u00f6\u011frencilerle bir araya geldi.<\/p>\n<p>\u200b\u00dcniversite e\u011fitimi i\u00e7in farkl\u0131 \u015fehirlerden \u0130neg\u00f6l\u2019e gelen 100 gen\u00e7, \u015fehri tan\u0131malar\u0131 ad\u0131na \u0130neg\u00f6l Belediyesi organizasyonuyla rehber e\u015fli\u011finde \u0130neg\u00f6l\u2019\u00fc gezdi. Belediye Ba\u015fkan\u0131 Alper Taban da Kent M\u00fczesi ziyaretinde bir \u00f6\u011frencilerle bir araya geldi.\u00a0<\/p>\n<p>\u200bHaberin Al\u0131nt\u0131land\u0131\u011f\u0131 Kaynak: www.iskenderun.org<\/p>","protected":false},"excerpt":{"rendered":"<p>\u00dcniversite e\u011fitimi i\u00e7in farkl\u0131 \u015fehirlerden \u0130neg\u00f6l\u2019e gelen 100 gen\u00e7, \u015fehri tan\u0131malar\u0131 ad\u0131na \u0130neg\u00f6l Belediyesi organizasyonuyla rehber e\u015fli\u011finde \u0130neg\u00f6l\u2019\u00fc gezdi. Belediye Ba\u015fkan\u0131 Alper Taban da Kent M\u00fczesi ziyaretinde bir \u00f6\u011frencilerle bir araya geldi. \u200b\u00dcniversite e\u011fitimi i\u00e7in farkl\u0131 \u015fehirlerden \u0130neg\u00f6l\u2019e gelen 100 gen\u00e7, \u015fehri tan\u0131malar\u0131 ad\u0131na \u0130neg\u00f6l Belediyesi organizasyonuyla rehber e\u015fli\u011finde \u0130neg\u00f6l\u2019\u00fc gezdi. Belediye Ba\u015fkan\u0131 Alper Taban da Kent M\u00fczesi ziyaretinde bir \u00f6\u011frencilerle bir araya geldi.\u00a0 \u200bHaberin Al\u0131nt\u0131land\u0131\u011f\u0131 Kaynak: www.iskenderun.org<\/p>","protected":false},"author":0,"featured_media":0,"comment_status":"open","ping_status":"open","sticky":false,"template":"","format":"standard","meta":{"_acf_changed":false,"footnotes":""},"categories":[24,535],"tags":[],"class_list":["post-12473","post","type-post","status-publish","format-standard","has-post-thumbnail","hentry","category-gundem","category-uncategorized-tr"],"acf":[],"yoast_head":"<!-- This site is optimized with the Yoast SEO Premium plugin v26.6 (Yoast SEO v27.1.1) - https:\/\/yoast.com\/product\/yoast-seo-premium-wordpress\/ -->\n<title>\u015eehre Yeni Gelen \u00dcniversite \u00d6\u011frencileri \u0130neg\u00f6l\u2019\u00fc Tan\u0131yor - Av. Deniz Can K\u0131z\u0131l<\/title>\n<meta name=\"robots\" content=\"index, follow, max-snippet:-1, max-image-preview:large, max-video-preview:-1\" \/>\n<link rel=\"canonical\" href=\"http:\/\/denizcankizil.tr\/uk\/haberler\/gundem\/sehre-yeni-gelen-universite-ogrencileri-inegolu-taniyor\/\" \/>\n<meta property=\"og:locale\" content=\"uk_UA\" \/>\n<meta property=\"og:type\" content=\"article\" \/>\n<meta property=\"og:title\" content=\"\u015eehre Yeni Gelen \u00dcniversite \u00d6\u011frencileri \u0130neg\u00f6l\u2019\u00fc Tan\u0131yor\" \/>\n<meta property=\"og:description\" content=\"\u00dcniversite e\u011fitimi i\u00e7in farkl\u0131 \u015fehirlerden \u0130neg\u00f6l\u2019e gelen 100 gen\u00e7, \u015fehri tan\u0131malar\u0131 ad\u0131na \u0130neg\u00f6l Belediyesi organizasyonuyla rehber e\u015fli\u011finde \u0130neg\u00f6l\u2019\u00fc gezdi. Belediye Ba\u015fkan\u0131 Alper Taban da Kent M\u00fczesi ziyaretinde bir \u00f6\u011frencilerle bir araya geldi. \u200b\u00dcniversite e\u011fitimi i\u00e7in farkl\u0131 \u015fehirlerden \u0130neg\u00f6l\u2019e gelen 100 gen\u00e7, \u015fehri tan\u0131malar\u0131 ad\u0131na \u0130neg\u00f6l Belediyesi organizasyonuyla rehber e\u015fli\u011finde \u0130neg\u00f6l\u2019\u00fc gezdi. Belediye Ba\u015fkan\u0131 Alper Taban da Kent M\u00fczesi ziyaretinde bir \u00f6\u011frencilerle bir araya geldi.\u00a0 \u200bHaberin Al\u0131nt\u0131land\u0131\u011f\u0131 Kaynak: www.iskenderun.org\" \/>\n<meta property=\"og:url\" content=\"http:\/\/denizcankizil.tr\/uk\/haberler\/gundem\/sehre-yeni-gelen-universite-ogrencileri-inegolu-taniyor\/\" \/>\n<meta property=\"og:site_name\" content=\"Av. Deniz Can K\u0131z\u0131l\" \/>\n<meta property=\"article:published_time\" content=\"2024-11-04T07:41:25+00:00\" \/>\n<meta name=\"twitter:card\" content=\"summary_large_image\" \/>\n<script type=\"application\/ld+json\" class=\"yoast-schema-graph\">{\"@context\":\"https:\/\/schema.org\",\"@graph\":[{\"@type\":\"Article\",\"@id\":\"http:\/\/denizcankizil.tr\/ru\/haberler\/gundem\/sehre-yeni-gelen-universite-ogrencileri-inegolu-taniyor\/#article\",\"isPartOf\":{\"@id\":\"http:\/\/denizcankizil.tr\/ru\/haberler\/gundem\/sehre-yeni-gelen-universite-ogrencileri-inegolu-taniyor\/\"},\"author\":{\"name\":\"\",\"@id\":\"\"},\"headline\":\"\u015eehre Yeni Gelen \u00dcniversite \u00d6\u011frencileri \u0130neg\u00f6l\u2019\u00fc Tan\u0131yor\",\"datePublished\":\"2024-11-04T07:41:25+00:00\",\"mainEntityOfPage\":{\"@id\":\"http:\/\/denizcankizil.tr\/ru\/haberler\/gundem\/sehre-yeni-gelen-universite-ogrencileri-inegolu-taniyor\/\"},\"wordCount\":103,\"commentCount\":0,\"publisher\":{\"@id\":\"https:\/\/denizcankizil.tr\/de\/#organization\"},\"articleSection\":[\"G\u00fcndem\",\"Uncategorized\"],\"inLanguage\":\"uk\",\"potentialAction\":[{\"@type\":\"CommentAction\",\"name\":\"Comment\",\"target\":[\"http:\/\/denizcankizil.tr\/ru\/haberler\/gundem\/sehre-yeni-gelen-universite-ogrencileri-inegolu-taniyor\/#respond\"]}]},{\"@type\":\"WebPage\",\"@id\":\"http:\/\/denizcankizil.tr\/ru\/haberler\/gundem\/sehre-yeni-gelen-universite-ogrencileri-inegolu-taniyor\/\",\"url\":\"http:\/\/denizcankizil.tr\/ru\/haberler\/gundem\/sehre-yeni-gelen-universite-ogrencileri-inegolu-taniyor\/\",\"name\":\"\u015eehre Yeni Gelen \u00dcniversite \u00d6\u011frencileri \u0130neg\u00f6l\u2019\u00fc Tan\u0131yor - Av. Deniz Can K\u0131z\u0131l\",\"isPartOf\":{\"@id\":\"https:\/\/denizcankizil.tr\/de\/#website\"},\"datePublished\":\"2024-11-04T07:41:25+00:00\",\"breadcrumb\":{\"@id\":\"http:\/\/denizcankizil.tr\/ru\/haberler\/gundem\/sehre-yeni-gelen-universite-ogrencileri-inegolu-taniyor\/#breadcrumb\"},\"inLanguage\":\"uk\",\"potentialAction\":[{\"@type\":\"ReadAction\",\"target\":[\"http:\/\/denizcankizil.tr\/ru\/haberler\/gundem\/sehre-yeni-gelen-universite-ogrencileri-inegolu-taniyor\/\"]}]},{\"@type\":\"BreadcrumbList\",\"@id\":\"http:\/\/denizcankizil.tr\/ru\/haberler\/gundem\/sehre-yeni-gelen-universite-ogrencileri-inegolu-taniyor\/#breadcrumb\",\"itemListElement\":[{\"@type\":\"ListItem\",\"position\":1,\"name\":\"Home\",\"item\":\"https:\/\/denizcankizil.tr\/de\/\"},{\"@type\":\"ListItem\",\"position\":2,\"name\":\"\u015eehre Yeni Gelen \u00dcniversite \u00d6\u011frencileri \u0130neg\u00f6l\u2019\u00fc Tan\u0131yor\"}]},{\"@type\":\"WebSite\",\"@id\":\"https:\/\/denizcankizil.tr\/de\/#website\",\"url\":\"https:\/\/denizcankizil.tr\/de\/\",\"name\":\"Av. Deniz Can K\u0131z\u0131l\",\"description\":\"Avukat Deniz Can K\u0131z\u0131l Antalya Barosu\",\"publisher\":{\"@id\":\"https:\/\/denizcankizil.tr\/de\/#organization\"},\"potentialAction\":[{\"@type\":\"SearchAction\",\"target\":{\"@type\":\"EntryPoint\",\"urlTemplate\":\"https:\/\/denizcankizil.tr\/de\/?s={search_term_string}\"},\"query-input\":{\"@type\":\"PropertyValueSpecification\",\"valueRequired\":true,\"valueName\":\"search_term_string\"}}],\"inLanguage\":\"uk\"},{\"@type\":\"Organization\",\"@id\":\"https:\/\/denizcankizil.tr\/de\/#organization\",\"name\":\"Av. Deniz Can K\u0131z\u0131l\",\"url\":\"https:\/\/denizcankizil.tr\/de\/\",\"logo\":{\"@type\":\"ImageObject\",\"inLanguage\":\"uk\",\"@id\":\"https:\/\/denizcankizil.tr\/de\/#\/schema\/logo\/image\/\",\"url\":\"https:\/\/denizcankizil.tr\/wp-content\/uploads\/2024\/10\/siyah-logo-svg.svg\",\"contentUrl\":\"https:\/\/denizcankizil.tr\/wp-content\/uploads\/2024\/10\/siyah-logo-svg.svg\",\"width\":1080,\"height\":1080,\"caption\":\"Av. Deniz Can K\u0131z\u0131l\"},\"image\":{\"@id\":\"https:\/\/denizcankizil.tr\/de\/#\/schema\/logo\/image\/\"}}]}<\/script>\n<!-- \/ Yoast SEO Premium plugin. -->","yoast_head_json":{"title":"\u015eehre Yeni Gelen \u00dcniversite \u00d6\u011frencileri \u0130neg\u00f6l\u2019\u00fc Tan\u0131yor - Av. Deniz Can K\u0131z\u0131l","robots":{"index":"index","follow":"follow","max-snippet":"max-snippet:-1","max-image-preview":"max-image-preview:large","max-video-preview":"max-video-preview:-1"},"canonical":"http:\/\/denizcankizil.tr\/uk\/haberler\/gundem\/sehre-yeni-gelen-universite-ogrencileri-inegolu-taniyor\/","og_locale":"uk_UA","og_type":"article","og_title":"\u015eehre Yeni Gelen \u00dcniversite \u00d6\u011frencileri \u0130neg\u00f6l\u2019\u00fc Tan\u0131yor","og_description":"\u00dcniversite e\u011fitimi i\u00e7in farkl\u0131 \u015fehirlerden \u0130neg\u00f6l\u2019e gelen 100 gen\u00e7, \u015fehri tan\u0131malar\u0131 ad\u0131na \u0130neg\u00f6l Belediyesi organizasyonuyla rehber e\u015fli\u011finde \u0130neg\u00f6l\u2019\u00fc gezdi. Belediye Ba\u015fkan\u0131 Alper Taban da Kent M\u00fczesi ziyaretinde bir \u00f6\u011frencilerle bir araya geldi. \u200b\u00dcniversite e\u011fitimi i\u00e7in farkl\u0131 \u015fehirlerden \u0130neg\u00f6l\u2019e gelen 100 gen\u00e7, \u015fehri tan\u0131malar\u0131 ad\u0131na \u0130neg\u00f6l Belediyesi organizasyonuyla rehber e\u015fli\u011finde \u0130neg\u00f6l\u2019\u00fc gezdi. Belediye Ba\u015fkan\u0131 Alper Taban da Kent M\u00fczesi ziyaretinde bir \u00f6\u011frencilerle bir araya geldi.\u00a0 \u200bHaberin Al\u0131nt\u0131land\u0131\u011f\u0131 Kaynak: www.iskenderun.org","og_url":"http:\/\/denizcankizil.tr\/uk\/haberler\/gundem\/sehre-yeni-gelen-universite-ogrencileri-inegolu-taniyor\/","og_site_name":"Av. Deniz Can K\u0131z\u0131l","article_published_time":"2024-11-04T07:41:25+00:00","twitter_card":"summary_large_image","schema":{"@context":"https:\/\/schema.org","@graph":[{"@type":"Article","@id":"http:\/\/denizcankizil.tr\/ru\/haberler\/gundem\/sehre-yeni-gelen-universite-ogrencileri-inegolu-taniyor\/#article","isPartOf":{"@id":"http:\/\/denizcankizil.tr\/ru\/haberler\/gundem\/sehre-yeni-gelen-universite-ogrencileri-inegolu-taniyor\/"},"author":{"name":"","@id":""},"headline":"\u015eehre Yeni Gelen \u00dcniversite \u00d6\u011frencileri \u0130neg\u00f6l\u2019\u00fc Tan\u0131yor","datePublished":"2024-11-04T07:41:25+00:00","mainEntityOfPage":{"@id":"http:\/\/denizcankizil.tr\/ru\/haberler\/gundem\/sehre-yeni-gelen-universite-ogrencileri-inegolu-taniyor\/"},"wordCount":103,"commentCount":0,"publisher":{"@id":"https:\/\/denizcankizil.tr\/de\/#organization"},"articleSection":["G\u00fcndem","Uncategorized"],"inLanguage":"uk","potentialAction":[{"@type":"CommentAction","name":"Comment","target":["http:\/\/denizcankizil.tr\/ru\/haberler\/gundem\/sehre-yeni-gelen-universite-ogrencileri-inegolu-taniyor\/#respond"]}]},{"@type":"WebPage","@id":"http:\/\/denizcankizil.tr\/ru\/haberler\/gundem\/sehre-yeni-gelen-universite-ogrencileri-inegolu-taniyor\/","url":"http:\/\/denizcankizil.tr\/ru\/haberler\/gundem\/sehre-yeni-gelen-universite-ogrencileri-inegolu-taniyor\/","name":"\u015eehre Yeni Gelen \u00dcniversite \u00d6\u011frencileri \u0130neg\u00f6l\u2019\u00fc Tan\u0131yor - Av. Deniz Can K\u0131z\u0131l","isPartOf":{"@id":"https:\/\/denizcankizil.tr\/de\/#website"},"datePublished":"2024-11-04T07:41:25+00:00","breadcrumb":{"@id":"http:\/\/denizcankizil.tr\/ru\/haberler\/gundem\/sehre-yeni-gelen-universite-ogrencileri-inegolu-taniyor\/#breadcrumb"},"inLanguage":"uk","potentialAction":[{"@type":"ReadAction","target":["http:\/\/denizcankizil.tr\/ru\/haberler\/gundem\/sehre-yeni-gelen-universite-ogrencileri-inegolu-taniyor\/"]}]},{"@type":"BreadcrumbList","@id":"http:\/\/denizcankizil.tr\/ru\/haberler\/gundem\/sehre-yeni-gelen-universite-ogrencileri-inegolu-taniyor\/#breadcrumb","itemListElement":[{"@type":"ListItem","position":1,"name":"Home","item":"https:\/\/denizcankizil.tr\/de\/"},{"@type":"ListItem","position":2,"name":"\u015eehre Yeni Gelen \u00dcniversite \u00d6\u011frencileri \u0130neg\u00f6l\u2019\u00fc Tan\u0131yor"}]},{"@type":"WebSite","@id":"https:\/\/denizcankizil.tr\/de\/#website","url":"https:\/\/denizcankizil.tr\/de\/","name":"Av. Deniz Can K\u0131z\u0131l","description":"Avukat Deniz Can K\u0131z\u0131l Antalya Barosu","publisher":{"@id":"https:\/\/denizcankizil.tr\/de\/#organization"},"potentialAction":[{"@type":"SearchAction","target":{"@type":"EntryPoint","urlTemplate":"https:\/\/denizcankizil.tr\/de\/?s={search_term_string}"},"query-input":{"@type":"PropertyValueSpecification","valueRequired":true,"valueName":"search_term_string"}}],"inLanguage":"uk"},{"@type":"Organization","@id":"https:\/\/denizcankizil.tr\/de\/#organization","name":"Av. Deniz Can K\u0131z\u0131l","url":"https:\/\/denizcankizil.tr\/de\/","logo":{"@type":"ImageObject","inLanguage":"uk","@id":"https:\/\/denizcankizil.tr\/de\/#\/schema\/logo\/image\/","url":"https:\/\/denizcankizil.tr\/wp-content\/uploads\/2024\/10\/siyah-logo-svg.svg","contentUrl":"https:\/\/denizcankizil.tr\/wp-content\/uploads\/2024\/10\/siyah-logo-svg.svg","width":1080,"height":1080,"caption":"Av. Deniz Can K\u0131z\u0131l"},"image":{"@id":"https:\/\/denizcankizil.tr\/de\/#\/schema\/logo\/image\/"}}]}},"_links":{"self":[{"href":"https:\/\/denizcankizil.tr\/uk\/wp-json\/wp\/v2\/posts\/12473","targetHints":{"allow":["GET"]}}],"collection":[{"href":"https:\/\/denizcankizil.tr\/uk\/wp-json\/wp\/v2\/posts"}],"about":[{"href":"https:\/\/denizcankizil.tr\/uk\/wp-json\/wp\/v2\/types\/post"}],"replies":[{"embeddable":true,"href":"https:\/\/denizcankizil.tr\/uk\/wp-json\/wp\/v2\/comments?post=12473"}],"version-history":[{"count":0,"href":"https:\/\/denizcankizil.tr\/uk\/wp-json\/wp\/v2\/posts\/12473\/revisions"}],"wp:attachment":[{"href":"https:\/\/denizcankizil.tr\/uk\/wp-json\/wp\/v2\/media?parent=12473"}],"wp:term":[{"taxonomy":"category","embeddable":true,"href":"https:\/\/denizcankizil.tr\/uk\/wp-json\/wp\/v2\/categories?post=12473"},{"taxonomy":"post_tag","embeddable":true,"href":"https:\/\/denizcankizil.tr\/uk\/wp-json\/wp\/v2\/tags?post=12473"}],"curies":[{"name":"wp","href":"https:\/\/api.w.org\/{rel}","templated":true}]}}