{"id":124303,"date":"2025-06-23T17:41:18","date_gmt":"2025-06-23T14:41:18","guid":{"rendered":"https:\/\/denizcankizil.tr\/uncategorized-tr\/antalyada-7-katli-apartman-tahliye-edildi-kolonlar-catladi-bina-muhurlendi\/"},"modified":"2025-06-23T17:41:18","modified_gmt":"2025-06-23T14:41:18","slug":"antalyada-7-katli-apartman-tahliye-edildi-kolonlar-catladi-bina-muhurlendi","status":"publish","type":"post","link":"https:\/\/denizcankizil.tr\/uk\/haberler\/gundem\/antalyada-7-katli-apartman-tahliye-edildi-kolonlar-catladi-bina-muhurlendi\/","title":{"rendered":"Antalya&#8217;da 7 katl\u0131 apartman tahliye edildi: Kolonlar \u00e7atlad\u0131, bina m\u00fch\u00fcrlendi"},"content":{"rendered":"<p>Antalya&#8217;n\u0131n Muratpa\u015fa il\u00e7esi Alt\u0131nda\u011f Mahallesi&#8217;nde pazar sabah\u0131 meydana gelen olayda apartmanda ya\u015fayanlar, duvarlarda \u00e7atlaklar olu\u015ftu\u011funu fark edince durumu Antalya Valili\u011fi ve ilgili belediyelere bildirdi. Gelen ekiplerin yapt\u0131\u011f\u0131 ilk incelemenin ard\u0131ndan, binadaki t\u00fcm daire ve d\u00fckk\u00e2nlar\u0131n tahliye edilmesine karar verildi. Apartman\u0131n \u00e7evresi polis ekiplerince emniyet \u015feridiyle \u00e7evrilerek g\u00fcvenlik \u00f6nlemi al\u0131nd\u0131.<\/p>\n<p>\u0130\u015e YER\u0130NDEK\u0130 TA\u015eIYICI KOLON ZARAR G\u00d6RD\u00dc <\/p>\n<p>Zemin katta bulunan i\u015f yerindeki ta\u015f\u0131y\u0131c\u0131 kolonda ise ciddi hasar olu\u015ftu\u011fu g\u00f6r\u00fcld\u00fc. Kolonun s\u0131vas\u0131 d\u00f6k\u00fclm\u00fc\u015f, beton par\u00e7alanm\u0131\u015f ve i\u00e7indeki demir donat\u0131lar g\u00f6zle g\u00f6r\u00fcl\u00fcr \u015fekilde e\u011fildi. Yap\u0131sal b\u00fct\u00fcnl\u00fc\u011f\u00fcn\u00fc kaybetmi\u015f gibi g\u00f6r\u00fcnen kolonun \u00e7evresindeki molozlar, olu\u015fabilecek bir tehlikenin i\u015fareti olarak de\u011ferlendirildi.<\/p>\n<p>APARTMANDA SARSINTI H\u0130SSED\u0130LM\u0130\u015e<\/p>\n<p>Apartman sakinlerinden Ali Polat, cumartesiyi pazar g\u00fcn\u00fcne ba\u011flayan gece baz\u0131 sars\u0131nt\u0131lar hissettiklerini belirterek, sabah saatlerinde kolonun patlad\u0131\u011f\u0131n\u0131 g\u00f6rd\u00fcklerini s\u00f6yledi. Polat, &#8220;Cumartesiyi pazara ba\u011flayan gece k\u00fc\u00e7\u00fck k\u00fc\u00e7\u00fck sars\u0131nt\u0131lar olmu\u015ftu. O esnada \u2018tak&#8217; diye bir ses geldi. Sabah bakt\u0131\u011f\u0131m\u0131zda kolonun patlad\u0131\u011f\u0131n\u0131, demirlerin de e\u011fildi\u011fini fark ettik&#8221; dedi.<\/p>\n<p>&#8220;B\u0130NADA GE\u00c7M\u0130\u015eTE DE BENZER SORUNLAR YA\u015eANDI&#8221;<\/p>\n<p>Binada ge\u00e7mi\u015fte de benzer sorunlar ya\u015fand\u0131\u011f\u0131n\u0131 aktaran Polat, &#8220;10 y\u0131l \u00f6nce asans\u00f6r kolonunda da s\u0131k\u0131nt\u0131 olmu\u015ftu. Son depremlerle birlikte bu sorunlar b\u00fcy\u00fcm\u00fc\u015f olabilir. Zemin kattaki kolonun durumu ciddi. Di\u011fer kolonlar da diklemesine \u00e7atlayabilir&#8221; diye konu\u015ftu. Bina hakk\u0131nda al\u0131nan karar s\u00fcreciyle ilgili bilgi veren Polat, &#8220;Apartmanda 14 daire ve a\u015fa\u011f\u0131da i\u015f yerleri var. \u015eu anda bina m\u00fch\u00fcrlendi. Yetkililer g\u00fc\u00e7lendirme yap\u0131l\u0131p yap\u0131lamayaca\u011f\u0131n\u0131 de\u011ferlendirecek. E\u015fyalar\u0131 alabilmek i\u00e7in de kontroll\u00fc giri\u015fe izin verilmesini bekliyoruz&#8221; ifadelerini kulland\u0131.<\/p>\n<p>&#8220;NEREYE G\u0130DECE\u011e\u0130M\u0130Z BELL\u0130 DE\u011e\u0130L&#8221; <\/p>\n<p>Bir di\u011fer apartman sakini Maral Mehmetova ise &#8220;Sabah d\u00fckkan sahibi kap\u0131s\u0131n\u0131 a\u00e7\u0131nca kolonun par\u00e7aland\u0131\u011f\u0131n\u0131 g\u00f6rm\u00fc\u015f. Kom\u015fularla hemen topland\u0131k. Hi\u00e7bir e\u015fyam\u0131 alamad\u0131m, sadece \u00e7antam\u0131 ve kimli\u011fimi al\u0131p \u00e7\u0131kt\u0131m. Nereye gidece\u011fimiz belli de\u011fil. Bunu kimse yapmad\u0131, isteyerek de olmad\u0131, destek bekliyoruz&#8221; dedi.<\/p>\n<p>HASAR TESP\u0130T \u00c7ALI\u015eMALARI BA\u015eLADI <\/p>\n<p>Apartman\u0131n m\u00fch\u00fcrlenmesinin ard\u0131ndan \u00c7evre, \u015eehircilik ve \u0130klim De\u011fi\u015fikli\u011fi \u0130l M\u00fcd\u00fcrl\u00fc\u011f\u00fc ekiplerinin hasar tespiti i\u00e7in \u00e7al\u0131\u015fma ba\u015flatt\u0131\u011f\u0131 bildirildi. Binan\u0131n g\u00fc\u00e7lendirilip g\u00fc\u00e7lendirilemeyece\u011fine ili\u015fkin raporun ard\u0131ndan s\u00fcre\u00e7 netle\u015fecek.<\/p>\n<p>\u200bMuratpa\u015fa&#8217;da bir apartmanda ta\u015f\u0131y\u0131c\u0131 kolonun patlamas\u0131 ve demirlerinin e\u011filmesi \u00fczerine bina tahliye edilerek m\u00fch\u00fcrlendi. Zemin kattaki i\u015f yerinde en b\u00fcy\u00fck hasar\u0131n g\u00f6zlendi\u011fi olayda, ekipler binan\u0131n yap\u0131sal g\u00fcvenli\u011fini incelemeye ba\u015flad\u0131.\u00a0<\/p>\n<p>\u200bHaberin Al\u0131nt\u0131land\u0131\u011f\u0131 Kaynak: www.antalyakorfez.com<\/p>","protected":false},"excerpt":{"rendered":"<p>Antalya&#8217;n\u0131n Muratpa\u015fa il\u00e7esi Alt\u0131nda\u011f Mahallesi&#8217;nde pazar sabah\u0131 meydana gelen olayda apartmanda ya\u015fayanlar, duvarlarda \u00e7atlaklar olu\u015ftu\u011funu fark edince durumu Antalya Valili\u011fi ve ilgili belediyelere bildirdi. Gelen ekiplerin yapt\u0131\u011f\u0131 ilk incelemenin ard\u0131ndan, binadaki t\u00fcm daire ve d\u00fckk\u00e2nlar\u0131n tahliye edilmesine karar verildi. Apartman\u0131n \u00e7evresi polis ekiplerince emniyet \u015feridiyle \u00e7evrilerek g\u00fcvenlik \u00f6nlemi al\u0131nd\u0131. \u0130\u015e YER\u0130NDEK\u0130 TA\u015eIYICI KOLON ZARAR G\u00d6RD\u00dc Zemin katta bulunan i\u015f yerindeki ta\u015f\u0131y\u0131c\u0131 kolonda ise ciddi hasar olu\u015ftu\u011fu g\u00f6r\u00fcld\u00fc. Kolonun s\u0131vas\u0131 d\u00f6k\u00fclm\u00fc\u015f, beton par\u00e7alanm\u0131\u015f ve i\u00e7indeki demir donat\u0131lar g\u00f6zle g\u00f6r\u00fcl\u00fcr \u015fekilde e\u011fildi. Yap\u0131sal b\u00fct\u00fcnl\u00fc\u011f\u00fcn\u00fc kaybetmi\u015f gibi g\u00f6r\u00fcnen kolonun \u00e7evresindeki molozlar, olu\u015fabilecek bir tehlikenin i\u015fareti olarak de\u011ferlendirildi. APARTMANDA SARSINTI H\u0130SSED\u0130LM\u0130\u015e Apartman sakinlerinden Ali Polat, cumartesiyi pazar g\u00fcn\u00fcne ba\u011flayan gece baz\u0131 sars\u0131nt\u0131lar hissettiklerini belirterek, sabah saatlerinde kolonun patlad\u0131\u011f\u0131n\u0131 g\u00f6rd\u00fcklerini s\u00f6yledi. Polat, &#8220;Cumartesiyi pazara ba\u011flayan gece k\u00fc\u00e7\u00fck k\u00fc\u00e7\u00fck sars\u0131nt\u0131lar olmu\u015ftu. O esnada \u2018tak&#8217; diye bir ses geldi. Sabah bakt\u0131\u011f\u0131m\u0131zda kolonun patlad\u0131\u011f\u0131n\u0131, demirlerin de e\u011fildi\u011fini fark ettik&#8221; dedi. &#8220;B\u0130NADA GE\u00c7M\u0130\u015eTE DE BENZER SORUNLAR YA\u015eANDI&#8221; Binada ge\u00e7mi\u015fte de benzer sorunlar ya\u015fand\u0131\u011f\u0131n\u0131 aktaran Polat, &#8220;10 y\u0131l \u00f6nce asans\u00f6r kolonunda da s\u0131k\u0131nt\u0131 olmu\u015ftu. Son depremlerle birlikte bu sorunlar b\u00fcy\u00fcm\u00fc\u015f olabilir. Zemin kattaki kolonun durumu ciddi. Di\u011fer kolonlar da diklemesine \u00e7atlayabilir&#8221; diye konu\u015ftu. Bina hakk\u0131nda al\u0131nan karar s\u00fcreciyle ilgili bilgi veren Polat, &#8220;Apartmanda 14 daire ve a\u015fa\u011f\u0131da i\u015f yerleri var. &hellip;<\/p>","protected":false},"author":5,"featured_media":0,"comment_status":"","ping_status":"open","sticky":false,"template":"","format":"standard","meta":{"_acf_changed":false,"footnotes":""},"categories":[24],"tags":[],"class_list":["post-124303","post","type-post","status-publish","format-standard","has-post-thumbnail","hentry","category-gundem"],"acf":[],"yoast_head":"<!-- This site is optimized with the Yoast SEO Premium plugin v26.6 (Yoast SEO v27.1.1) - https:\/\/yoast.com\/product\/yoast-seo-premium-wordpress\/ -->\n<title>Antalya&#039;da 7 katl\u0131 apartman tahliye edildi: Kolonlar \u00e7atlad\u0131, bina m\u00fch\u00fcrlendi - Av. Deniz Can K\u0131z\u0131l<\/title>\n<meta name=\"robots\" content=\"index, follow, max-snippet:-1, max-image-preview:large, max-video-preview:-1\" \/>\n<link rel=\"canonical\" href=\"https:\/\/denizcankizil.tr\/uk\/haberler\/gundem\/antalyada-7-katli-apartman-tahliye-edildi-kolonlar-catladi-bina-muhurlendi\/\" \/>\n<meta property=\"og:locale\" content=\"uk_UA\" \/>\n<meta property=\"og:type\" content=\"article\" \/>\n<meta property=\"og:title\" content=\"Antalya&#039;da 7 katl\u0131 apartman tahliye edildi: Kolonlar \u00e7atlad\u0131, bina m\u00fch\u00fcrlendi\" \/>\n<meta property=\"og:description\" content=\"Antalya&#8217;n\u0131n Muratpa\u015fa il\u00e7esi Alt\u0131nda\u011f Mahallesi&#8217;nde pazar sabah\u0131 meydana gelen olayda apartmanda ya\u015fayanlar, duvarlarda \u00e7atlaklar olu\u015ftu\u011funu fark edince durumu Antalya Valili\u011fi ve ilgili belediyelere bildirdi. Gelen ekiplerin yapt\u0131\u011f\u0131 ilk incelemenin ard\u0131ndan, binadaki t\u00fcm daire ve d\u00fckk\u00e2nlar\u0131n tahliye edilmesine karar verildi. Apartman\u0131n \u00e7evresi polis ekiplerince emniyet \u015feridiyle \u00e7evrilerek g\u00fcvenlik \u00f6nlemi al\u0131nd\u0131. \u0130\u015e YER\u0130NDEK\u0130 TA\u015eIYICI KOLON ZARAR G\u00d6RD\u00dc Zemin katta bulunan i\u015f yerindeki ta\u015f\u0131y\u0131c\u0131 kolonda ise ciddi hasar olu\u015ftu\u011fu g\u00f6r\u00fcld\u00fc. Kolonun s\u0131vas\u0131 d\u00f6k\u00fclm\u00fc\u015f, beton par\u00e7alanm\u0131\u015f ve i\u00e7indeki demir donat\u0131lar g\u00f6zle g\u00f6r\u00fcl\u00fcr \u015fekilde e\u011fildi. Yap\u0131sal b\u00fct\u00fcnl\u00fc\u011f\u00fcn\u00fc kaybetmi\u015f gibi g\u00f6r\u00fcnen kolonun \u00e7evresindeki molozlar, olu\u015fabilecek bir tehlikenin i\u015fareti olarak de\u011ferlendirildi. APARTMANDA SARSINTI H\u0130SSED\u0130LM\u0130\u015e Apartman sakinlerinden Ali Polat, cumartesiyi pazar g\u00fcn\u00fcne ba\u011flayan gece baz\u0131 sars\u0131nt\u0131lar hissettiklerini belirterek, sabah saatlerinde kolonun patlad\u0131\u011f\u0131n\u0131 g\u00f6rd\u00fcklerini s\u00f6yledi. Polat, &#8220;Cumartesiyi pazara ba\u011flayan gece k\u00fc\u00e7\u00fck k\u00fc\u00e7\u00fck sars\u0131nt\u0131lar olmu\u015ftu. O esnada \u2018tak&#8217; diye bir ses geldi. Sabah bakt\u0131\u011f\u0131m\u0131zda kolonun patlad\u0131\u011f\u0131n\u0131, demirlerin de e\u011fildi\u011fini fark ettik&#8221; dedi. &#8220;B\u0130NADA GE\u00c7M\u0130\u015eTE DE BENZER SORUNLAR YA\u015eANDI&#8221; Binada ge\u00e7mi\u015fte de benzer sorunlar ya\u015fand\u0131\u011f\u0131n\u0131 aktaran Polat, &#8220;10 y\u0131l \u00f6nce asans\u00f6r kolonunda da s\u0131k\u0131nt\u0131 olmu\u015ftu. Son depremlerle birlikte bu sorunlar b\u00fcy\u00fcm\u00fc\u015f olabilir. Zemin kattaki kolonun durumu ciddi. Di\u011fer kolonlar da diklemesine \u00e7atlayabilir&#8221; diye konu\u015ftu. Bina hakk\u0131nda al\u0131nan karar s\u00fcreciyle ilgili bilgi veren Polat, &#8220;Apartmanda 14 daire ve a\u015fa\u011f\u0131da i\u015f yerleri var. &hellip;\" \/>\n<meta property=\"og:url\" content=\"https:\/\/denizcankizil.tr\/uk\/haberler\/gundem\/antalyada-7-katli-apartman-tahliye-edildi-kolonlar-catladi-bina-muhurlendi\/\" \/>\n<meta property=\"og:site_name\" content=\"Av. Deniz Can K\u0131z\u0131l\" \/>\n<meta property=\"article:published_time\" content=\"2025-06-23T14:41:18+00:00\" \/>\n<meta name=\"author\" content=\"Antalya K\u00f6rfez\" \/>\n<meta name=\"twitter:card\" content=\"summary_large_image\" \/>\n<meta name=\"twitter:label1\" content=\"\u041d\u0430\u043f\u0438\u0441\u0430\u043d\u043e\" \/>\n\t<meta name=\"twitter:data1\" content=\"Antalya K\u00f6rfez\" \/>\n\t<meta name=\"twitter:label2\" content=\"\u041f\u0440\u0438\u0431\u043b. \u0447\u0430\u0441 \u0447\u0438\u0442\u0430\u043d\u043d\u044f\" \/>\n\t<meta name=\"twitter:data2\" content=\"2 \u0445\u0432\u0438\u043b\u0438\u043d\u0438\" \/>\n<script type=\"application\/ld+json\" class=\"yoast-schema-graph\">{\"@context\":\"https:\/\/schema.org\",\"@graph\":[{\"@type\":\"Article\",\"@id\":\"https:\/\/denizcankizil.tr\/uk\/haberler\/gundem\/antalyada-7-katli-apartman-tahliye-edildi-kolonlar-catladi-bina-muhurlendi\/#article\",\"isPartOf\":{\"@id\":\"https:\/\/denizcankizil.tr\/uk\/haberler\/gundem\/antalyada-7-katli-apartman-tahliye-edildi-kolonlar-catladi-bina-muhurlendi\/\"},\"author\":{\"name\":\"Antalya K\u00f6rfez\",\"@id\":\"https:\/\/denizcankizil.tr\/de\/#\/schema\/person\/e1eb71bb4dd684d46563f0af307e1234\"},\"headline\":\"Antalya&#8217;da 7 katl\u0131 apartman tahliye edildi: Kolonlar \u00e7atlad\u0131, bina m\u00fch\u00fcrlendi\",\"datePublished\":\"2025-06-23T14:41:18+00:00\",\"mainEntityOfPage\":{\"@id\":\"https:\/\/denizcankizil.tr\/uk\/haberler\/gundem\/antalyada-7-katli-apartman-tahliye-edildi-kolonlar-catladi-bina-muhurlendi\/\"},\"wordCount\":503,\"publisher\":{\"@id\":\"https:\/\/denizcankizil.tr\/de\/#organization\"},\"articleSection\":[\"G\u00fcndem\"],\"inLanguage\":\"uk\"},{\"@type\":\"WebPage\",\"@id\":\"https:\/\/denizcankizil.tr\/uk\/haberler\/gundem\/antalyada-7-katli-apartman-tahliye-edildi-kolonlar-catladi-bina-muhurlendi\/\",\"url\":\"https:\/\/denizcankizil.tr\/uk\/haberler\/gundem\/antalyada-7-katli-apartman-tahliye-edildi-kolonlar-catladi-bina-muhurlendi\/\",\"name\":\"Antalya'da 7 katl\u0131 apartman tahliye edildi: Kolonlar \u00e7atlad\u0131, bina m\u00fch\u00fcrlendi - Av. Deniz Can K\u0131z\u0131l\",\"isPartOf\":{\"@id\":\"https:\/\/denizcankizil.tr\/de\/#website\"},\"datePublished\":\"2025-06-23T14:41:18+00:00\",\"breadcrumb\":{\"@id\":\"https:\/\/denizcankizil.tr\/uk\/haberler\/gundem\/antalyada-7-katli-apartman-tahliye-edildi-kolonlar-catladi-bina-muhurlendi\/#breadcrumb\"},\"inLanguage\":\"uk\",\"potentialAction\":[{\"@type\":\"ReadAction\",\"target\":[\"https:\/\/denizcankizil.tr\/uk\/haberler\/gundem\/antalyada-7-katli-apartman-tahliye-edildi-kolonlar-catladi-bina-muhurlendi\/\"]}]},{\"@type\":\"BreadcrumbList\",\"@id\":\"https:\/\/denizcankizil.tr\/uk\/haberler\/gundem\/antalyada-7-katli-apartman-tahliye-edildi-kolonlar-catladi-bina-muhurlendi\/#breadcrumb\",\"itemListElement\":[{\"@type\":\"ListItem\",\"position\":1,\"name\":\"Home\",\"item\":\"https:\/\/denizcankizil.tr\/de\/\"},{\"@type\":\"ListItem\",\"position\":2,\"name\":\"Antalya&#8217;da 7 katl\u0131 apartman tahliye edildi: Kolonlar \u00e7atlad\u0131, bina m\u00fch\u00fcrlendi\"}]},{\"@type\":\"WebSite\",\"@id\":\"https:\/\/denizcankizil.tr\/de\/#website\",\"url\":\"https:\/\/denizcankizil.tr\/de\/\",\"name\":\"Av. Deniz Can K\u0131z\u0131l\",\"description\":\"Avukat Deniz Can K\u0131z\u0131l Antalya Barosu\",\"publisher\":{\"@id\":\"https:\/\/denizcankizil.tr\/de\/#organization\"},\"potentialAction\":[{\"@type\":\"SearchAction\",\"target\":{\"@type\":\"EntryPoint\",\"urlTemplate\":\"https:\/\/denizcankizil.tr\/de\/?s={search_term_string}\"},\"query-input\":{\"@type\":\"PropertyValueSpecification\",\"valueRequired\":true,\"valueName\":\"search_term_string\"}}],\"inLanguage\":\"uk\"},{\"@type\":\"Organization\",\"@id\":\"https:\/\/denizcankizil.tr\/de\/#organization\",\"name\":\"Av. Deniz Can K\u0131z\u0131l\",\"url\":\"https:\/\/denizcankizil.tr\/de\/\",\"logo\":{\"@type\":\"ImageObject\",\"inLanguage\":\"uk\",\"@id\":\"https:\/\/denizcankizil.tr\/de\/#\/schema\/logo\/image\/\",\"url\":\"https:\/\/denizcankizil.tr\/wp-content\/uploads\/2024\/10\/siyah-logo-svg.svg\",\"contentUrl\":\"https:\/\/denizcankizil.tr\/wp-content\/uploads\/2024\/10\/siyah-logo-svg.svg\",\"width\":1080,\"height\":1080,\"caption\":\"Av. Deniz Can K\u0131z\u0131l\"},\"image\":{\"@id\":\"https:\/\/denizcankizil.tr\/de\/#\/schema\/logo\/image\/\"}},{\"@type\":\"Person\",\"@id\":\"https:\/\/denizcankizil.tr\/de\/#\/schema\/person\/e1eb71bb4dd684d46563f0af307e1234\",\"name\":\"Antalya K\u00f6rfez\",\"image\":{\"@type\":\"ImageObject\",\"inLanguage\":\"uk\",\"@id\":\"https:\/\/denizcankizil.tr\/de\/#\/schema\/person\/image\/\",\"url\":\"https:\/\/secure.gravatar.com\/avatar\/42b01982558a48a0b501fdcab6a408d3717ea5919095ee2e67b0e521799c5905?s=96&d=mm&r=g\",\"contentUrl\":\"https:\/\/secure.gravatar.com\/avatar\/42b01982558a48a0b501fdcab6a408d3717ea5919095ee2e67b0e521799c5905?s=96&d=mm&r=g\",\"caption\":\"Antalya K\u00f6rfez\"},\"sameAs\":[\"http:\/\/www.antalyakorfez.com\"],\"url\":\"https:\/\/www.antalyakorfez.com\/antalyada-7-katli-apartman-tahliye-edildi-kolonlar-catladi-bina-muhurlendi\"}]}<\/script>\n<!-- \/ Yoast SEO Premium plugin. -->","yoast_head_json":{"title":"Antalya'da 7 katl\u0131 apartman tahliye edildi: Kolonlar \u00e7atlad\u0131, bina m\u00fch\u00fcrlendi - Av. Deniz Can K\u0131z\u0131l","robots":{"index":"index","follow":"follow","max-snippet":"max-snippet:-1","max-image-preview":"max-image-preview:large","max-video-preview":"max-video-preview:-1"},"canonical":"https:\/\/denizcankizil.tr\/uk\/haberler\/gundem\/antalyada-7-katli-apartman-tahliye-edildi-kolonlar-catladi-bina-muhurlendi\/","og_locale":"uk_UA","og_type":"article","og_title":"Antalya'da 7 katl\u0131 apartman tahliye edildi: Kolonlar \u00e7atlad\u0131, bina m\u00fch\u00fcrlendi","og_description":"Antalya&#8217;n\u0131n Muratpa\u015fa il\u00e7esi Alt\u0131nda\u011f Mahallesi&#8217;nde pazar sabah\u0131 meydana gelen olayda apartmanda ya\u015fayanlar, duvarlarda \u00e7atlaklar olu\u015ftu\u011funu fark edince durumu Antalya Valili\u011fi ve ilgili belediyelere bildirdi. Gelen ekiplerin yapt\u0131\u011f\u0131 ilk incelemenin ard\u0131ndan, binadaki t\u00fcm daire ve d\u00fckk\u00e2nlar\u0131n tahliye edilmesine karar verildi. Apartman\u0131n \u00e7evresi polis ekiplerince emniyet \u015feridiyle \u00e7evrilerek g\u00fcvenlik \u00f6nlemi al\u0131nd\u0131. \u0130\u015e YER\u0130NDEK\u0130 TA\u015eIYICI KOLON ZARAR G\u00d6RD\u00dc Zemin katta bulunan i\u015f yerindeki ta\u015f\u0131y\u0131c\u0131 kolonda ise ciddi hasar olu\u015ftu\u011fu g\u00f6r\u00fcld\u00fc. Kolonun s\u0131vas\u0131 d\u00f6k\u00fclm\u00fc\u015f, beton par\u00e7alanm\u0131\u015f ve i\u00e7indeki demir donat\u0131lar g\u00f6zle g\u00f6r\u00fcl\u00fcr \u015fekilde e\u011fildi. Yap\u0131sal b\u00fct\u00fcnl\u00fc\u011f\u00fcn\u00fc kaybetmi\u015f gibi g\u00f6r\u00fcnen kolonun \u00e7evresindeki molozlar, olu\u015fabilecek bir tehlikenin i\u015fareti olarak de\u011ferlendirildi. APARTMANDA SARSINTI H\u0130SSED\u0130LM\u0130\u015e Apartman sakinlerinden Ali Polat, cumartesiyi pazar g\u00fcn\u00fcne ba\u011flayan gece baz\u0131 sars\u0131nt\u0131lar hissettiklerini belirterek, sabah saatlerinde kolonun patlad\u0131\u011f\u0131n\u0131 g\u00f6rd\u00fcklerini s\u00f6yledi. Polat, &#8220;Cumartesiyi pazara ba\u011flayan gece k\u00fc\u00e7\u00fck k\u00fc\u00e7\u00fck sars\u0131nt\u0131lar olmu\u015ftu. O esnada \u2018tak&#8217; diye bir ses geldi. Sabah bakt\u0131\u011f\u0131m\u0131zda kolonun patlad\u0131\u011f\u0131n\u0131, demirlerin de e\u011fildi\u011fini fark ettik&#8221; dedi. &#8220;B\u0130NADA GE\u00c7M\u0130\u015eTE DE BENZER SORUNLAR YA\u015eANDI&#8221; Binada ge\u00e7mi\u015fte de benzer sorunlar ya\u015fand\u0131\u011f\u0131n\u0131 aktaran Polat, &#8220;10 y\u0131l \u00f6nce asans\u00f6r kolonunda da s\u0131k\u0131nt\u0131 olmu\u015ftu. Son depremlerle birlikte bu sorunlar b\u00fcy\u00fcm\u00fc\u015f olabilir. Zemin kattaki kolonun durumu ciddi. Di\u011fer kolonlar da diklemesine \u00e7atlayabilir&#8221; diye konu\u015ftu. Bina hakk\u0131nda al\u0131nan karar s\u00fcreciyle ilgili bilgi veren Polat, &#8220;Apartmanda 14 daire ve a\u015fa\u011f\u0131da i\u015f yerleri var. &hellip;","og_url":"https:\/\/denizcankizil.tr\/uk\/haberler\/gundem\/antalyada-7-katli-apartman-tahliye-edildi-kolonlar-catladi-bina-muhurlendi\/","og_site_name":"Av. Deniz Can K\u0131z\u0131l","article_published_time":"2025-06-23T14:41:18+00:00","author":"Antalya K\u00f6rfez","twitter_card":"summary_large_image","twitter_misc":{"\u041d\u0430\u043f\u0438\u0441\u0430\u043d\u043e":"Antalya K\u00f6rfez","\u041f\u0440\u0438\u0431\u043b. \u0447\u0430\u0441 \u0447\u0438\u0442\u0430\u043d\u043d\u044f":"2 \u0445\u0432\u0438\u043b\u0438\u043d\u0438"},"schema":{"@context":"https:\/\/schema.org","@graph":[{"@type":"Article","@id":"https:\/\/denizcankizil.tr\/uk\/haberler\/gundem\/antalyada-7-katli-apartman-tahliye-edildi-kolonlar-catladi-bina-muhurlendi\/#article","isPartOf":{"@id":"https:\/\/denizcankizil.tr\/uk\/haberler\/gundem\/antalyada-7-katli-apartman-tahliye-edildi-kolonlar-catladi-bina-muhurlendi\/"},"author":{"name":"Antalya K\u00f6rfez","@id":"https:\/\/denizcankizil.tr\/de\/#\/schema\/person\/e1eb71bb4dd684d46563f0af307e1234"},"headline":"Antalya&#8217;da 7 katl\u0131 apartman tahliye edildi: Kolonlar \u00e7atlad\u0131, bina m\u00fch\u00fcrlendi","datePublished":"2025-06-23T14:41:18+00:00","mainEntityOfPage":{"@id":"https:\/\/denizcankizil.tr\/uk\/haberler\/gundem\/antalyada-7-katli-apartman-tahliye-edildi-kolonlar-catladi-bina-muhurlendi\/"},"wordCount":503,"publisher":{"@id":"https:\/\/denizcankizil.tr\/de\/#organization"},"articleSection":["G\u00fcndem"],"inLanguage":"uk"},{"@type":"WebPage","@id":"https:\/\/denizcankizil.tr\/uk\/haberler\/gundem\/antalyada-7-katli-apartman-tahliye-edildi-kolonlar-catladi-bina-muhurlendi\/","url":"https:\/\/denizcankizil.tr\/uk\/haberler\/gundem\/antalyada-7-katli-apartman-tahliye-edildi-kolonlar-catladi-bina-muhurlendi\/","name":"Antalya'da 7 katl\u0131 apartman tahliye edildi: Kolonlar \u00e7atlad\u0131, bina m\u00fch\u00fcrlendi - Av. Deniz Can K\u0131z\u0131l","isPartOf":{"@id":"https:\/\/denizcankizil.tr\/de\/#website"},"datePublished":"2025-06-23T14:41:18+00:00","breadcrumb":{"@id":"https:\/\/denizcankizil.tr\/uk\/haberler\/gundem\/antalyada-7-katli-apartman-tahliye-edildi-kolonlar-catladi-bina-muhurlendi\/#breadcrumb"},"inLanguage":"uk","potentialAction":[{"@type":"ReadAction","target":["https:\/\/denizcankizil.tr\/uk\/haberler\/gundem\/antalyada-7-katli-apartman-tahliye-edildi-kolonlar-catladi-bina-muhurlendi\/"]}]},{"@type":"BreadcrumbList","@id":"https:\/\/denizcankizil.tr\/uk\/haberler\/gundem\/antalyada-7-katli-apartman-tahliye-edildi-kolonlar-catladi-bina-muhurlendi\/#breadcrumb","itemListElement":[{"@type":"ListItem","position":1,"name":"Home","item":"https:\/\/denizcankizil.tr\/de\/"},{"@type":"ListItem","position":2,"name":"Antalya&#8217;da 7 katl\u0131 apartman tahliye edildi: Kolonlar \u00e7atlad\u0131, bina m\u00fch\u00fcrlendi"}]},{"@type":"WebSite","@id":"https:\/\/denizcankizil.tr\/de\/#website","url":"https:\/\/denizcankizil.tr\/de\/","name":"Av. Deniz Can K\u0131z\u0131l","description":"Avukat Deniz Can K\u0131z\u0131l Antalya Barosu","publisher":{"@id":"https:\/\/denizcankizil.tr\/de\/#organization"},"potentialAction":[{"@type":"SearchAction","target":{"@type":"EntryPoint","urlTemplate":"https:\/\/denizcankizil.tr\/de\/?s={search_term_string}"},"query-input":{"@type":"PropertyValueSpecification","valueRequired":true,"valueName":"search_term_string"}}],"inLanguage":"uk"},{"@type":"Organization","@id":"https:\/\/denizcankizil.tr\/de\/#organization","name":"Av. Deniz Can K\u0131z\u0131l","url":"https:\/\/denizcankizil.tr\/de\/","logo":{"@type":"ImageObject","inLanguage":"uk","@id":"https:\/\/denizcankizil.tr\/de\/#\/schema\/logo\/image\/","url":"https:\/\/denizcankizil.tr\/wp-content\/uploads\/2024\/10\/siyah-logo-svg.svg","contentUrl":"https:\/\/denizcankizil.tr\/wp-content\/uploads\/2024\/10\/siyah-logo-svg.svg","width":1080,"height":1080,"caption":"Av. Deniz Can K\u0131z\u0131l"},"image":{"@id":"https:\/\/denizcankizil.tr\/de\/#\/schema\/logo\/image\/"}},{"@type":"Person","@id":"https:\/\/denizcankizil.tr\/de\/#\/schema\/person\/e1eb71bb4dd684d46563f0af307e1234","name":"Antalya K\u00f6rfez","image":{"@type":"ImageObject","inLanguage":"uk","@id":"https:\/\/denizcankizil.tr\/de\/#\/schema\/person\/image\/","url":"https:\/\/secure.gravatar.com\/avatar\/42b01982558a48a0b501fdcab6a408d3717ea5919095ee2e67b0e521799c5905?s=96&d=mm&r=g","contentUrl":"https:\/\/secure.gravatar.com\/avatar\/42b01982558a48a0b501fdcab6a408d3717ea5919095ee2e67b0e521799c5905?s=96&d=mm&r=g","caption":"Antalya K\u00f6rfez"},"sameAs":["http:\/\/www.antalyakorfez.com"],"url":"https:\/\/www.antalyakorfez.com\/antalyada-7-katli-apartman-tahliye-edildi-kolonlar-catladi-bina-muhurlendi"}]}},"_links":{"self":[{"href":"https:\/\/denizcankizil.tr\/uk\/wp-json\/wp\/v2\/posts\/124303","targetHints":{"allow":["GET"]}}],"collection":[{"href":"https:\/\/denizcankizil.tr\/uk\/wp-json\/wp\/v2\/posts"}],"about":[{"href":"https:\/\/denizcankizil.tr\/uk\/wp-json\/wp\/v2\/types\/post"}],"author":[{"embeddable":true,"href":"https:\/\/denizcankizil.tr\/uk\/wp-json\/wp\/v2\/users\/5"}],"replies":[{"embeddable":true,"href":"https:\/\/denizcankizil.tr\/uk\/wp-json\/wp\/v2\/comments?post=124303"}],"version-history":[{"count":0,"href":"https:\/\/denizcankizil.tr\/uk\/wp-json\/wp\/v2\/posts\/124303\/revisions"}],"wp:attachment":[{"href":"https:\/\/denizcankizil.tr\/uk\/wp-json\/wp\/v2\/media?parent=124303"}],"wp:term":[{"taxonomy":"category","embeddable":true,"href":"https:\/\/denizcankizil.tr\/uk\/wp-json\/wp\/v2\/categories?post=124303"},{"taxonomy":"post_tag","embeddable":true,"href":"https:\/\/denizcankizil.tr\/uk\/wp-json\/wp\/v2\/tags?post=124303"}],"curies":[{"name":"wp","href":"https:\/\/api.w.org\/{rel}","templated":true}]}}