{"id":123275,"date":"2025-06-22T15:42:11","date_gmt":"2025-06-22T12:42:11","guid":{"rendered":"https:\/\/denizcankizil.tr\/uncategorized-tr\/konya-karataydan-temiz-enerji-hamlesi\/"},"modified":"2025-06-22T15:42:11","modified_gmt":"2025-06-22T12:42:11","slug":"konya-karataydan-temiz-enerji-hamlesi","status":"publish","type":"post","link":"https:\/\/denizcankizil.tr\/uk\/haberler\/gundem\/konya-karataydan-temiz-enerji-hamlesi\/","title":{"rendered":"Konya Karatay&#8217;dan temiz enerji hamlesi"},"content":{"rendered":"<p>Karatay Belediyesi, S\u00fcrd\u00fcr\u00fclebilir Enerji ve \u0130klim De\u011fi\u015fikli\u011fi Eylem Plan\u0131 (SECAP) ile g\u00fcne\u015f enerjisi yat\u0131r\u0131mlar\u0131n\u0131 h\u0131zland\u0131r\u0131yor. Uygun arazi ve bina \u00e7at\u0131lar\u0131na kurulacak GES projeleriyle temiz enerji \u00fcretimi artacak, enerji faturalar\u0131 d\u00fc\u015fecek ve T\u00fcrkiye\u2019nin emisyon hedeflerine katk\u0131 sa\u011flanacak.KONYA (\u0130GFA) &#8211; Karatay Belediyesi, \u00e7evresel ve ekonomik s\u00fcrd\u00fcr\u00fclebilirlik hedefleri do\u011frultusunda g\u00fcne\u015f enerjisi yat\u0131r\u0131mlar\u0131na a\u011f\u0131rl\u0131k veriyor.<br \/>\nBelediye Meclisi\u2019nde oy birli\u011fiyle kabul edilen S\u00fcrd\u00fcr\u00fclebilir Enerji ve \u0130klim De\u011fi\u015fikli\u011fi Eylem Plan\u0131 (SECAP), il\u00e7ede temiz enerji \u00fcretimini art\u0131rarak Karatay\u2019\u0131 iklim n\u00f6tr bir kent yapmay\u0131 hedefliyor. Uygun arazi ve bina \u00e7at\u0131lar\u0131, g\u00fcne\u015f enerjisi santralleri (GES) i\u00e7in de\u011ferlendirilecek, b\u00f6ylece hem enerji tasarrufu sa\u011flanacak hem de bu alanlar ekonomik de\u011fere d\u00f6n\u00fc\u015ft\u00fcr\u00fclecek.<br \/>\nHEDEF: 2035\u2019TE Y\u00dcZDE 55, 2050\u2019DE Y\u00dcZDE 80 EM\u0130SYON AZALTIMI<br \/>\nSECAP kapsam\u0131nda, Karatay\u2019da ki\u015fi ba\u015f\u0131na sera gaz\u0131 emisyonlar\u0131n\u0131n 2035\u2019e kadar y\u00fczde 55, 2050\u2019ye kadar y\u00fczde 80 azalt\u0131lmas\u0131 planlan\u0131yor. G\u00fcne\u015f enerjisi yat\u0131r\u0131mlar\u0131, belediye faaliyetlerinden kaynaklanan emisyonlar\u0131 b\u00fcy\u00fck \u00f6l\u00e7\u00fcde d\u00fc\u015f\u00fcrerek T\u00fcrkiye\u2019nin ulusal emisyon hedeflerine yerel katk\u0131 sa\u011flayacak. Plan, enerji verimlili\u011fi (bina yenileme, yal\u0131t\u0131m, ayd\u0131nlatma), iklim de\u011fi\u015fikli\u011fine uyum, s\u00fcrd\u00fcr\u00fclebilir kalk\u0131nma ve fark\u0131ndal\u0131k art\u0131rma gibi \u00e7ok y\u00f6nl\u00fc eylemleri de i\u00e7eriyor.<br \/>\nMEVCUT GES\u2019LERLE \u00d6NEML\u0130 TASARRUF<br \/>\nKaratay Belediyesi, halihaz\u0131rda faaliyet g\u00f6steren g\u00fcne\u015f enerji santralleriyle ciddi enerji ve maliyet tasarrufu sa\u011fl\u0131yor.<br \/>\nTatl\u0131cak Mahallesi\u2019ndeki 190 kWe santral: Y\u0131ll\u0131k 300 MWh elektrik \u00fcretiyor.<br \/>\nSara\u00e7o\u011flu Mahallesi\u2019ndeki 1000 kWe santral: Y\u0131ll\u0131k 1700 MWh enerji sa\u011fl\u0131yor.<br \/>\nKalenderhane Mahallesi pazar market \u00e7at\u0131s\u0131ndaki 300 kWe santral: Y\u0131ll\u0131k 450 MWh \u00fcretim yap\u0131yor.<br \/>\nB\u00fcy\u00fcksinan Mahallesi pazar market \u00e7at\u0131s\u0131ndaki 300 kWe santral: Y\u0131ll\u0131k 450 MWh enerji \u00fcretiyor.Ayr\u0131ca, \u0130smil Mahallesi\u2019nde 105 bin m\u00b2 alanda kurulan 5. GES projesi devam ediyor. 13 bin 440 panelin yer alaca\u011f\u0131 santral, il\u00e7enin enerji \u00fcretim kapasitesini art\u0131racak.<br \/>\nBelediye, kendi enerji ihtiyac\u0131n\u0131 kar\u015f\u0131laman\u0131n \u00f6tesinde, vatanda\u015flar\u0131 ve i\u015fletmeleri temiz enerjiye ge\u00e7i\u015fte te\u015fvik etmeyi ama\u00e7l\u0131yor. \u00dcretilen fazla enerji, yasal mevzuat \u00e7er\u00e7evesinde mahsupla\u015fma yoluyla de\u011ferlendirilecek, b\u00f6ylece enerji faturalar\u0131 d\u00fc\u015f\u00fcr\u00fclecek.<br \/>\nKaratay Belediye Ba\u015fkan\u0131 Hasan K\u0131lca, SECAP\u2019\u0131n il\u00e7enin s\u00fcrd\u00fcr\u00fclebilirlik vizyonu i\u00e7in d\u00f6n\u00fcm noktas\u0131 oldu\u011funu vurgulad\u0131. \u201cEnerjiye verdi\u011fimiz stratejik \u00f6nemle Karatay, ekonomik, \u00e7evresel ve ya\u015fanabilir bir gelece\u011fe ilerliyor. G\u00fcne\u015f enerjisi, Karatay\u2019\u0131n yeni simgesi olacak. SECAP, sadece bir belge de\u011fil; daha ye\u015fil, diren\u00e7li ve enerji ba\u011f\u0131ms\u0131z bir Karatay i\u00e7in taahh\u00fcd\u00fcm\u00fczd\u00fcr\u201d dedi. K\u0131lca, k\u0131sa, orta ve uzun vadeli projelerle 2050\u2019de iklim n\u00f6tr bir kent hedeflediklerini ekledi<\/p>\n<p>\u200bKaratay Belediyesi, S\u00fcrd\u00fcr\u00fclebilir Enerji ve \u0130klim De\u011fi\u015fikli\u011fi Eylem Plan\u0131 (SECAP) ile g\u00fcne\u015f enerjisi yat\u0131r\u0131mlar\u0131n\u0131 h\u0131zland\u0131r\u0131yor. Uygun arazi ve bina \u00e7at\u0131lar\u0131na kurulacak GES projeleriyle temiz enerji \u00fcretimi artacak, enerji faturalar\u0131 d\u00fc\u015fecek ve T\u00fcrkiye\u2019nin emisyon hedeflerine katk\u0131 sa\u011flanacak.KONYA (\u0130GFA) &#8211; Karatay Belediyesi, \u00e7evresel ve ekonomik s\u00fcrd\u00fcr\u00fclebilirlik hedefleri do\u011frultusunda g\u00fcne\u015f enerjisi yat\u0131r\u0131mlar\u0131na a\u011f\u0131rl\u0131k veriyor.<br \/>\nBelediye Meclisi\u2019nde oy birli\u011fiyle kabul edilen S\u00fcrd\u00fcr\u00fclebilir Enerji ve \u0130klim De\u011fi\u015fikli\u011fi Eylem Plan\u0131 (SECAP), il\u00e7ede temiz enerji \u00fcretimini art\u0131rarak Karatay\u2019\u0131 iklim n\u00f6tr bir kent yapmay\u0131 hedefliyor. Uygun arazi ve bina \u00e7at\u0131lar\u0131, g\u00fcne\u015f enerjisi santralleri (GES) i\u00e7in de\u011ferlendirilecek, b\u00f6ylece hem enerji tasarrufu sa\u011flanacak hem de bu alanlar ekonomik de\u011fere d\u00f6n\u00fc\u015ft\u00fcr\u00fclecek.<br \/>\nHEDEF: 2035\u2019TE Y\u00dcZDE 55, 2050\u2019DE Y\u00dcZDE 80 EM\u0130SYON AZALTIMI<br \/>\nSECAP kapsam\u0131nda, Karatay\u2019da ki\u015fi ba\u015f\u0131na sera gaz\u0131 emisyonlar\u0131n\u0131n 2035\u2019e kadar y\u00fczde 55, 2050\u2019ye kadar y\u00fczde 80 azalt\u0131lmas\u0131 planlan\u0131yor. G\u00fcne\u015f enerjisi yat\u0131r\u0131mlar\u0131, belediye faaliyetlerinden kaynaklanan emisyonlar\u0131 b\u00fcy\u00fck \u00f6l\u00e7\u00fcde d\u00fc\u015f\u00fcrerek T\u00fcrkiye\u2019nin ulusal emisyon hedeflerine yerel katk\u0131 sa\u011flayacak. Plan, enerji verimlili\u011fi (bina yenileme, yal\u0131t\u0131m, ayd\u0131nlatma), iklim de\u011fi\u015fikli\u011fine uyum, s\u00fcrd\u00fcr\u00fclebilir kalk\u0131nma ve fark\u0131ndal\u0131k art\u0131rma gibi \u00e7ok y\u00f6nl\u00fc eylemleri de i\u00e7eriyor.<br \/>\nMEVCUT GES\u2019LERLE \u00d6NEML\u0130 TASARRUF<br \/>\nKaratay Belediyesi, halihaz\u0131rda faaliyet g\u00f6steren g\u00fcne\u015f enerji santralleriyle ciddi enerji ve maliyet tasarrufu sa\u011fl\u0131yor.<br \/>\nTatl\u0131cak Mahallesi\u2019ndeki 190 kWe santral: Y\u0131ll\u0131k 300 MWh elektrik \u00fcretiyor.<br \/>\nSara\u00e7o\u011flu Mahallesi\u2019ndeki 1000 kWe santral: Y\u0131ll\u0131k 1700 MWh enerji sa\u011fl\u0131yor.<br \/>\nKalenderhane Mahallesi pazar market \u00e7at\u0131s\u0131ndaki 300 kWe santral: Y\u0131ll\u0131k 450 MWh \u00fcretim yap\u0131yor.<br \/>\nB\u00fcy\u00fcksinan Mahallesi pazar market \u00e7at\u0131s\u0131ndaki 300 kWe santral: Y\u0131ll\u0131k 450 MWh enerji \u00fcretiyor.Ayr\u0131ca, \u0130smil Mahallesi\u2019nde 105 bin m\u00b2 alanda kurulan 5. GES projesi devam ediyor. 13 bin 440 panelin yer alaca\u011f\u0131 santral, il\u00e7enin enerji \u00fcretim kapasitesini art\u0131racak.<br \/>\nBelediye, kendi enerji ihtiyac\u0131n\u0131 kar\u015f\u0131laman\u0131n \u00f6tesinde, vatanda\u015flar\u0131 ve i\u015fletmeleri temiz enerjiye ge\u00e7i\u015fte te\u015fvik etmeyi ama\u00e7l\u0131yor. \u00dcretilen fazla enerji, yasal mevzuat \u00e7er\u00e7evesinde mahsupla\u015fma yoluyla de\u011ferlendirilecek, b\u00f6ylece enerji faturalar\u0131 d\u00fc\u015f\u00fcr\u00fclecek.<br \/>\nKaratay Belediye Ba\u015fkan\u0131 Hasan K\u0131lca, SECAP\u2019\u0131n il\u00e7enin s\u00fcrd\u00fcr\u00fclebilirlik vizyonu i\u00e7in d\u00f6n\u00fcm noktas\u0131 oldu\u011funu vurgulad\u0131. \u201cEnerjiye verdi\u011fimiz stratejik \u00f6nemle Karatay, ekonomik, \u00e7evresel ve ya\u015fanabilir bir gelece\u011fe ilerliyor. G\u00fcne\u015f enerjisi, Karatay\u2019\u0131n yeni simgesi olacak. SECAP, sadece bir belge de\u011fil; daha ye\u015fil, diren\u00e7li ve enerji ba\u011f\u0131ms\u0131z bir Karatay i\u00e7in taahh\u00fcd\u00fcm\u00fczd\u00fcr\u201d dedi. K\u0131lca, k\u0131sa, orta ve uzun vadeli projelerle 2050\u2019de iklim n\u00f6tr bir kent hedeflediklerini ekledi\u00a0<\/p>\n<p>\u200bHaberin Al\u0131nt\u0131land\u0131\u011f\u0131 Kaynak: www.iskenderun.org<\/p>","protected":false},"excerpt":{"rendered":"<p>Karatay Belediyesi, S\u00fcrd\u00fcr\u00fclebilir Enerji ve \u0130klim De\u011fi\u015fikli\u011fi Eylem Plan\u0131 (SECAP) ile g\u00fcne\u015f enerjisi yat\u0131r\u0131mlar\u0131n\u0131 h\u0131zland\u0131r\u0131yor. Uygun arazi ve bina \u00e7at\u0131lar\u0131na kurulacak GES projeleriyle temiz enerji \u00fcretimi artacak, enerji faturalar\u0131 d\u00fc\u015fecek ve T\u00fcrkiye\u2019nin emisyon hedeflerine katk\u0131 sa\u011flanacak.KONYA (\u0130GFA) &#8211; Karatay Belediyesi, \u00e7evresel ve ekonomik s\u00fcrd\u00fcr\u00fclebilirlik hedefleri do\u011frultusunda g\u00fcne\u015f enerjisi yat\u0131r\u0131mlar\u0131na a\u011f\u0131rl\u0131k veriyor. Belediye Meclisi\u2019nde oy birli\u011fiyle kabul edilen S\u00fcrd\u00fcr\u00fclebilir Enerji ve \u0130klim De\u011fi\u015fikli\u011fi Eylem Plan\u0131 (SECAP), il\u00e7ede temiz enerji \u00fcretimini art\u0131rarak Karatay\u2019\u0131 iklim n\u00f6tr bir kent yapmay\u0131 hedefliyor. Uygun arazi ve bina \u00e7at\u0131lar\u0131, g\u00fcne\u015f enerjisi santralleri (GES) i\u00e7in de\u011ferlendirilecek, b\u00f6ylece hem enerji tasarrufu sa\u011flanacak hem de bu alanlar ekonomik de\u011fere d\u00f6n\u00fc\u015ft\u00fcr\u00fclecek. HEDEF: 2035\u2019TE Y\u00dcZDE 55, 2050\u2019DE Y\u00dcZDE 80 EM\u0130SYON AZALTIMI SECAP kapsam\u0131nda, Karatay\u2019da ki\u015fi ba\u015f\u0131na sera gaz\u0131 emisyonlar\u0131n\u0131n 2035\u2019e kadar y\u00fczde 55, 2050\u2019ye kadar y\u00fczde 80 azalt\u0131lmas\u0131 planlan\u0131yor. G\u00fcne\u015f enerjisi yat\u0131r\u0131mlar\u0131, belediye faaliyetlerinden kaynaklanan emisyonlar\u0131 b\u00fcy\u00fck \u00f6l\u00e7\u00fcde d\u00fc\u015f\u00fcrerek T\u00fcrkiye\u2019nin ulusal emisyon hedeflerine yerel katk\u0131 sa\u011flayacak. Plan, enerji verimlili\u011fi (bina yenileme, yal\u0131t\u0131m, ayd\u0131nlatma), iklim de\u011fi\u015fikli\u011fine uyum, s\u00fcrd\u00fcr\u00fclebilir kalk\u0131nma ve fark\u0131ndal\u0131k art\u0131rma gibi \u00e7ok y\u00f6nl\u00fc eylemleri de i\u00e7eriyor. MEVCUT GES\u2019LERLE \u00d6NEML\u0130 TASARRUF Karatay Belediyesi, halihaz\u0131rda faaliyet g\u00f6steren g\u00fcne\u015f enerji santralleriyle ciddi enerji ve maliyet tasarrufu sa\u011fl\u0131yor. Tatl\u0131cak Mahallesi\u2019ndeki 190 kWe santral: Y\u0131ll\u0131k 300 MWh elektrik \u00fcretiyor. Sara\u00e7o\u011flu Mahallesi\u2019ndeki 1000 kWe santral: Y\u0131ll\u0131k 1700 &hellip;<\/p>","protected":false},"author":1,"featured_media":0,"comment_status":"","ping_status":"open","sticky":false,"template":"","format":"standard","meta":{"_acf_changed":false,"footnotes":""},"categories":[24],"tags":[],"class_list":["post-123275","post","type-post","status-publish","format-standard","has-post-thumbnail","hentry","category-gundem"],"acf":[],"yoast_head":"<!-- This site is optimized with the Yoast SEO Premium plugin v26.6 (Yoast SEO v27.1.1) - https:\/\/yoast.com\/product\/yoast-seo-premium-wordpress\/ -->\n<title>Konya Karatay&#039;dan temiz enerji hamlesi - Av. Deniz Can K\u0131z\u0131l<\/title>\n<meta name=\"robots\" content=\"index, follow, max-snippet:-1, max-image-preview:large, max-video-preview:-1\" \/>\n<link rel=\"canonical\" href=\"https:\/\/denizcankizil.tr\/uk\/haberler\/gundem\/konya-karataydan-temiz-enerji-hamlesi\/\" \/>\n<meta property=\"og:locale\" content=\"uk_UA\" \/>\n<meta property=\"og:type\" content=\"article\" \/>\n<meta property=\"og:title\" content=\"Konya Karatay&#039;dan temiz enerji hamlesi\" \/>\n<meta property=\"og:description\" content=\"Karatay Belediyesi, S\u00fcrd\u00fcr\u00fclebilir Enerji ve \u0130klim De\u011fi\u015fikli\u011fi Eylem Plan\u0131 (SECAP) ile g\u00fcne\u015f enerjisi yat\u0131r\u0131mlar\u0131n\u0131 h\u0131zland\u0131r\u0131yor. Uygun arazi ve bina \u00e7at\u0131lar\u0131na kurulacak GES projeleriyle temiz enerji \u00fcretimi artacak, enerji faturalar\u0131 d\u00fc\u015fecek ve T\u00fcrkiye\u2019nin emisyon hedeflerine katk\u0131 sa\u011flanacak.KONYA (\u0130GFA) &#8211; Karatay Belediyesi, \u00e7evresel ve ekonomik s\u00fcrd\u00fcr\u00fclebilirlik hedefleri do\u011frultusunda g\u00fcne\u015f enerjisi yat\u0131r\u0131mlar\u0131na a\u011f\u0131rl\u0131k veriyor. Belediye Meclisi\u2019nde oy birli\u011fiyle kabul edilen S\u00fcrd\u00fcr\u00fclebilir Enerji ve \u0130klim De\u011fi\u015fikli\u011fi Eylem Plan\u0131 (SECAP), il\u00e7ede temiz enerji \u00fcretimini art\u0131rarak Karatay\u2019\u0131 iklim n\u00f6tr bir kent yapmay\u0131 hedefliyor. Uygun arazi ve bina \u00e7at\u0131lar\u0131, g\u00fcne\u015f enerjisi santralleri (GES) i\u00e7in de\u011ferlendirilecek, b\u00f6ylece hem enerji tasarrufu sa\u011flanacak hem de bu alanlar ekonomik de\u011fere d\u00f6n\u00fc\u015ft\u00fcr\u00fclecek. HEDEF: 2035\u2019TE Y\u00dcZDE 55, 2050\u2019DE Y\u00dcZDE 80 EM\u0130SYON AZALTIMI SECAP kapsam\u0131nda, Karatay\u2019da ki\u015fi ba\u015f\u0131na sera gaz\u0131 emisyonlar\u0131n\u0131n 2035\u2019e kadar y\u00fczde 55, 2050\u2019ye kadar y\u00fczde 80 azalt\u0131lmas\u0131 planlan\u0131yor. G\u00fcne\u015f enerjisi yat\u0131r\u0131mlar\u0131, belediye faaliyetlerinden kaynaklanan emisyonlar\u0131 b\u00fcy\u00fck \u00f6l\u00e7\u00fcde d\u00fc\u015f\u00fcrerek T\u00fcrkiye\u2019nin ulusal emisyon hedeflerine yerel katk\u0131 sa\u011flayacak. Plan, enerji verimlili\u011fi (bina yenileme, yal\u0131t\u0131m, ayd\u0131nlatma), iklim de\u011fi\u015fikli\u011fine uyum, s\u00fcrd\u00fcr\u00fclebilir kalk\u0131nma ve fark\u0131ndal\u0131k art\u0131rma gibi \u00e7ok y\u00f6nl\u00fc eylemleri de i\u00e7eriyor. MEVCUT GES\u2019LERLE \u00d6NEML\u0130 TASARRUF Karatay Belediyesi, halihaz\u0131rda faaliyet g\u00f6steren g\u00fcne\u015f enerji santralleriyle ciddi enerji ve maliyet tasarrufu sa\u011fl\u0131yor. Tatl\u0131cak Mahallesi\u2019ndeki 190 kWe santral: Y\u0131ll\u0131k 300 MWh elektrik \u00fcretiyor. Sara\u00e7o\u011flu Mahallesi\u2019ndeki 1000 kWe santral: Y\u0131ll\u0131k 1700 &hellip;\" \/>\n<meta property=\"og:url\" content=\"https:\/\/denizcankizil.tr\/uk\/haberler\/gundem\/konya-karataydan-temiz-enerji-hamlesi\/\" \/>\n<meta property=\"og:site_name\" content=\"Av. Deniz Can K\u0131z\u0131l\" \/>\n<meta property=\"article:published_time\" content=\"2025-06-22T12:42:11+00:00\" \/>\n<meta name=\"author\" content=\"admin\" \/>\n<meta name=\"twitter:card\" content=\"summary_large_image\" \/>\n<meta name=\"twitter:label1\" content=\"\u041d\u0430\u043f\u0438\u0441\u0430\u043d\u043e\" \/>\n\t<meta name=\"twitter:data1\" content=\"admin\" \/>\n\t<meta name=\"twitter:label2\" content=\"\u041f\u0440\u0438\u0431\u043b. \u0447\u0430\u0441 \u0447\u0438\u0442\u0430\u043d\u043d\u044f\" \/>\n\t<meta name=\"twitter:data2\" content=\"5 \u0445\u0432\u0438\u043b\u0438\u043d\" \/>\n<script type=\"application\/ld+json\" class=\"yoast-schema-graph\">{\"@context\":\"https:\/\/schema.org\",\"@graph\":[{\"@type\":\"Article\",\"@id\":\"https:\/\/denizcankizil.tr\/uk\/haberler\/gundem\/konya-karataydan-temiz-enerji-hamlesi\/#article\",\"isPartOf\":{\"@id\":\"https:\/\/denizcankizil.tr\/uk\/haberler\/gundem\/konya-karataydan-temiz-enerji-hamlesi\/\"},\"author\":{\"name\":\"admin\",\"@id\":\"https:\/\/denizcankizil.tr\/#\/schema\/person\/be3c05fe6a12686905512445d8185489\"},\"headline\":\"Konya Karatay&#8217;dan temiz enerji hamlesi\",\"datePublished\":\"2025-06-22T12:42:11+00:00\",\"mainEntityOfPage\":{\"@id\":\"https:\/\/denizcankizil.tr\/uk\/haberler\/gundem\/konya-karataydan-temiz-enerji-hamlesi\/\"},\"wordCount\":1006,\"publisher\":{\"@id\":\"https:\/\/denizcankizil.tr\/#organization\"},\"articleSection\":[\"G\u00fcndem\"],\"inLanguage\":\"uk\"},{\"@type\":\"WebPage\",\"@id\":\"https:\/\/denizcankizil.tr\/uk\/haberler\/gundem\/konya-karataydan-temiz-enerji-hamlesi\/\",\"url\":\"https:\/\/denizcankizil.tr\/uk\/haberler\/gundem\/konya-karataydan-temiz-enerji-hamlesi\/\",\"name\":\"Konya Karatay'dan temiz enerji hamlesi - Av. Deniz Can K\u0131z\u0131l\",\"isPartOf\":{\"@id\":\"https:\/\/denizcankizil.tr\/#website\"},\"datePublished\":\"2025-06-22T12:42:11+00:00\",\"breadcrumb\":{\"@id\":\"https:\/\/denizcankizil.tr\/uk\/haberler\/gundem\/konya-karataydan-temiz-enerji-hamlesi\/#breadcrumb\"},\"inLanguage\":\"uk\",\"potentialAction\":[{\"@type\":\"ReadAction\",\"target\":[\"https:\/\/denizcankizil.tr\/uk\/haberler\/gundem\/konya-karataydan-temiz-enerji-hamlesi\/\"]}]},{\"@type\":\"BreadcrumbList\",\"@id\":\"https:\/\/denizcankizil.tr\/uk\/haberler\/gundem\/konya-karataydan-temiz-enerji-hamlesi\/#breadcrumb\",\"itemListElement\":[{\"@type\":\"ListItem\",\"position\":1,\"name\":\"Home\",\"item\":\"https:\/\/denizcankizil.tr\/de\/\"},{\"@type\":\"ListItem\",\"position\":2,\"name\":\"Konya Karatay&#8217;dan temiz enerji hamlesi\"}]},{\"@type\":\"WebSite\",\"@id\":\"https:\/\/denizcankizil.tr\/#website\",\"url\":\"https:\/\/denizcankizil.tr\/\",\"name\":\"Av. Deniz Can K\u0131z\u0131l\",\"description\":\"Avukat Deniz Can K\u0131z\u0131l Antalya Barosu\",\"publisher\":{\"@id\":\"https:\/\/denizcankizil.tr\/#organization\"},\"potentialAction\":[{\"@type\":\"SearchAction\",\"target\":{\"@type\":\"EntryPoint\",\"urlTemplate\":\"https:\/\/denizcankizil.tr\/?s={search_term_string}\"},\"query-input\":{\"@type\":\"PropertyValueSpecification\",\"valueRequired\":true,\"valueName\":\"search_term_string\"}}],\"inLanguage\":\"uk\"},{\"@type\":\"Organization\",\"@id\":\"https:\/\/denizcankizil.tr\/#organization\",\"name\":\"Av. Deniz Can K\u0131z\u0131l\",\"url\":\"https:\/\/denizcankizil.tr\/\",\"logo\":{\"@type\":\"ImageObject\",\"inLanguage\":\"uk\",\"@id\":\"https:\/\/denizcankizil.tr\/#\/schema\/logo\/image\/\",\"url\":\"https:\/\/denizcankizil.tr\/wp-content\/uploads\/2024\/10\/siyah-logo-svg.svg\",\"contentUrl\":\"https:\/\/denizcankizil.tr\/wp-content\/uploads\/2024\/10\/siyah-logo-svg.svg\",\"width\":1080,\"height\":1080,\"caption\":\"Av. Deniz Can K\u0131z\u0131l\"},\"image\":{\"@id\":\"https:\/\/denizcankizil.tr\/#\/schema\/logo\/image\/\"}},{\"@type\":\"Person\",\"@id\":\"https:\/\/denizcankizil.tr\/#\/schema\/person\/be3c05fe6a12686905512445d8185489\",\"name\":\"admin\",\"image\":{\"@type\":\"ImageObject\",\"inLanguage\":\"uk\",\"@id\":\"https:\/\/denizcankizil.tr\/#\/schema\/person\/image\/\",\"url\":\"https:\/\/secure.gravatar.com\/avatar\/c1fce94c830dc79107e174f890d7210541c4a63e8e5d816341794a2151c9d58c?s=96&d=mm&r=g\",\"contentUrl\":\"https:\/\/secure.gravatar.com\/avatar\/c1fce94c830dc79107e174f890d7210541c4a63e8e5d816341794a2151c9d58c?s=96&d=mm&r=g\",\"caption\":\"admin\"},\"sameAs\":[\"http:\/\/denizcankizil.tr\"],\"url\":\"https:\/\/www.iskenderun.org\/konya-karataydan-temiz-enerji-hamlesi\"}]}<\/script>\n<!-- \/ Yoast SEO Premium plugin. -->","yoast_head_json":{"title":"Konya Karatay'dan temiz enerji hamlesi - Av. Deniz Can K\u0131z\u0131l","robots":{"index":"index","follow":"follow","max-snippet":"max-snippet:-1","max-image-preview":"max-image-preview:large","max-video-preview":"max-video-preview:-1"},"canonical":"https:\/\/denizcankizil.tr\/uk\/haberler\/gundem\/konya-karataydan-temiz-enerji-hamlesi\/","og_locale":"uk_UA","og_type":"article","og_title":"Konya Karatay'dan temiz enerji hamlesi","og_description":"Karatay Belediyesi, S\u00fcrd\u00fcr\u00fclebilir Enerji ve \u0130klim De\u011fi\u015fikli\u011fi Eylem Plan\u0131 (SECAP) ile g\u00fcne\u015f enerjisi yat\u0131r\u0131mlar\u0131n\u0131 h\u0131zland\u0131r\u0131yor. Uygun arazi ve bina \u00e7at\u0131lar\u0131na kurulacak GES projeleriyle temiz enerji \u00fcretimi artacak, enerji faturalar\u0131 d\u00fc\u015fecek ve T\u00fcrkiye\u2019nin emisyon hedeflerine katk\u0131 sa\u011flanacak.KONYA (\u0130GFA) &#8211; Karatay Belediyesi, \u00e7evresel ve ekonomik s\u00fcrd\u00fcr\u00fclebilirlik hedefleri do\u011frultusunda g\u00fcne\u015f enerjisi yat\u0131r\u0131mlar\u0131na a\u011f\u0131rl\u0131k veriyor. Belediye Meclisi\u2019nde oy birli\u011fiyle kabul edilen S\u00fcrd\u00fcr\u00fclebilir Enerji ve \u0130klim De\u011fi\u015fikli\u011fi Eylem Plan\u0131 (SECAP), il\u00e7ede temiz enerji \u00fcretimini art\u0131rarak Karatay\u2019\u0131 iklim n\u00f6tr bir kent yapmay\u0131 hedefliyor. Uygun arazi ve bina \u00e7at\u0131lar\u0131, g\u00fcne\u015f enerjisi santralleri (GES) i\u00e7in de\u011ferlendirilecek, b\u00f6ylece hem enerji tasarrufu sa\u011flanacak hem de bu alanlar ekonomik de\u011fere d\u00f6n\u00fc\u015ft\u00fcr\u00fclecek. HEDEF: 2035\u2019TE Y\u00dcZDE 55, 2050\u2019DE Y\u00dcZDE 80 EM\u0130SYON AZALTIMI SECAP kapsam\u0131nda, Karatay\u2019da ki\u015fi ba\u015f\u0131na sera gaz\u0131 emisyonlar\u0131n\u0131n 2035\u2019e kadar y\u00fczde 55, 2050\u2019ye kadar y\u00fczde 80 azalt\u0131lmas\u0131 planlan\u0131yor. G\u00fcne\u015f enerjisi yat\u0131r\u0131mlar\u0131, belediye faaliyetlerinden kaynaklanan emisyonlar\u0131 b\u00fcy\u00fck \u00f6l\u00e7\u00fcde d\u00fc\u015f\u00fcrerek T\u00fcrkiye\u2019nin ulusal emisyon hedeflerine yerel katk\u0131 sa\u011flayacak. Plan, enerji verimlili\u011fi (bina yenileme, yal\u0131t\u0131m, ayd\u0131nlatma), iklim de\u011fi\u015fikli\u011fine uyum, s\u00fcrd\u00fcr\u00fclebilir kalk\u0131nma ve fark\u0131ndal\u0131k art\u0131rma gibi \u00e7ok y\u00f6nl\u00fc eylemleri de i\u00e7eriyor. MEVCUT GES\u2019LERLE \u00d6NEML\u0130 TASARRUF Karatay Belediyesi, halihaz\u0131rda faaliyet g\u00f6steren g\u00fcne\u015f enerji santralleriyle ciddi enerji ve maliyet tasarrufu sa\u011fl\u0131yor. Tatl\u0131cak Mahallesi\u2019ndeki 190 kWe santral: Y\u0131ll\u0131k 300 MWh elektrik \u00fcretiyor. Sara\u00e7o\u011flu Mahallesi\u2019ndeki 1000 kWe santral: Y\u0131ll\u0131k 1700 &hellip;","og_url":"https:\/\/denizcankizil.tr\/uk\/haberler\/gundem\/konya-karataydan-temiz-enerji-hamlesi\/","og_site_name":"Av. Deniz Can K\u0131z\u0131l","article_published_time":"2025-06-22T12:42:11+00:00","author":"admin","twitter_card":"summary_large_image","twitter_misc":{"\u041d\u0430\u043f\u0438\u0441\u0430\u043d\u043e":"admin","\u041f\u0440\u0438\u0431\u043b. \u0447\u0430\u0441 \u0447\u0438\u0442\u0430\u043d\u043d\u044f":"5 \u0445\u0432\u0438\u043b\u0438\u043d"},"schema":{"@context":"https:\/\/schema.org","@graph":[{"@type":"Article","@id":"https:\/\/denizcankizil.tr\/uk\/haberler\/gundem\/konya-karataydan-temiz-enerji-hamlesi\/#article","isPartOf":{"@id":"https:\/\/denizcankizil.tr\/uk\/haberler\/gundem\/konya-karataydan-temiz-enerji-hamlesi\/"},"author":{"name":"admin","@id":"https:\/\/denizcankizil.tr\/#\/schema\/person\/be3c05fe6a12686905512445d8185489"},"headline":"Konya Karatay&#8217;dan temiz enerji hamlesi","datePublished":"2025-06-22T12:42:11+00:00","mainEntityOfPage":{"@id":"https:\/\/denizcankizil.tr\/uk\/haberler\/gundem\/konya-karataydan-temiz-enerji-hamlesi\/"},"wordCount":1006,"publisher":{"@id":"https:\/\/denizcankizil.tr\/#organization"},"articleSection":["G\u00fcndem"],"inLanguage":"uk"},{"@type":"WebPage","@id":"https:\/\/denizcankizil.tr\/uk\/haberler\/gundem\/konya-karataydan-temiz-enerji-hamlesi\/","url":"https:\/\/denizcankizil.tr\/uk\/haberler\/gundem\/konya-karataydan-temiz-enerji-hamlesi\/","name":"Konya Karatay'dan temiz enerji hamlesi - Av. Deniz Can K\u0131z\u0131l","isPartOf":{"@id":"https:\/\/denizcankizil.tr\/#website"},"datePublished":"2025-06-22T12:42:11+00:00","breadcrumb":{"@id":"https:\/\/denizcankizil.tr\/uk\/haberler\/gundem\/konya-karataydan-temiz-enerji-hamlesi\/#breadcrumb"},"inLanguage":"uk","potentialAction":[{"@type":"ReadAction","target":["https:\/\/denizcankizil.tr\/uk\/haberler\/gundem\/konya-karataydan-temiz-enerji-hamlesi\/"]}]},{"@type":"BreadcrumbList","@id":"https:\/\/denizcankizil.tr\/uk\/haberler\/gundem\/konya-karataydan-temiz-enerji-hamlesi\/#breadcrumb","itemListElement":[{"@type":"ListItem","position":1,"name":"Home","item":"https:\/\/denizcankizil.tr\/de\/"},{"@type":"ListItem","position":2,"name":"Konya Karatay&#8217;dan temiz enerji hamlesi"}]},{"@type":"WebSite","@id":"https:\/\/denizcankizil.tr\/#website","url":"https:\/\/denizcankizil.tr\/","name":"Av. Deniz Can K\u0131z\u0131l","description":"Avukat Deniz Can K\u0131z\u0131l Antalya Barosu","publisher":{"@id":"https:\/\/denizcankizil.tr\/#organization"},"potentialAction":[{"@type":"SearchAction","target":{"@type":"EntryPoint","urlTemplate":"https:\/\/denizcankizil.tr\/?s={search_term_string}"},"query-input":{"@type":"PropertyValueSpecification","valueRequired":true,"valueName":"search_term_string"}}],"inLanguage":"uk"},{"@type":"Organization","@id":"https:\/\/denizcankizil.tr\/#organization","name":"Av. Deniz Can K\u0131z\u0131l","url":"https:\/\/denizcankizil.tr\/","logo":{"@type":"ImageObject","inLanguage":"uk","@id":"https:\/\/denizcankizil.tr\/#\/schema\/logo\/image\/","url":"https:\/\/denizcankizil.tr\/wp-content\/uploads\/2024\/10\/siyah-logo-svg.svg","contentUrl":"https:\/\/denizcankizil.tr\/wp-content\/uploads\/2024\/10\/siyah-logo-svg.svg","width":1080,"height":1080,"caption":"Av. Deniz Can K\u0131z\u0131l"},"image":{"@id":"https:\/\/denizcankizil.tr\/#\/schema\/logo\/image\/"}},{"@type":"Person","@id":"https:\/\/denizcankizil.tr\/#\/schema\/person\/be3c05fe6a12686905512445d8185489","name":"\u0430\u0434\u043c\u0456\u043d","image":{"@type":"ImageObject","inLanguage":"uk","@id":"https:\/\/denizcankizil.tr\/#\/schema\/person\/image\/","url":"https:\/\/secure.gravatar.com\/avatar\/c1fce94c830dc79107e174f890d7210541c4a63e8e5d816341794a2151c9d58c?s=96&d=mm&r=g","contentUrl":"https:\/\/secure.gravatar.com\/avatar\/c1fce94c830dc79107e174f890d7210541c4a63e8e5d816341794a2151c9d58c?s=96&d=mm&r=g","caption":"admin"},"sameAs":["http:\/\/denizcankizil.tr"],"url":"https:\/\/www.iskenderun.org\/konya-karataydan-temiz-enerji-hamlesi"}]}},"_links":{"self":[{"href":"https:\/\/denizcankizil.tr\/uk\/wp-json\/wp\/v2\/posts\/123275","targetHints":{"allow":["GET"]}}],"collection":[{"href":"https:\/\/denizcankizil.tr\/uk\/wp-json\/wp\/v2\/posts"}],"about":[{"href":"https:\/\/denizcankizil.tr\/uk\/wp-json\/wp\/v2\/types\/post"}],"author":[{"embeddable":true,"href":"https:\/\/denizcankizil.tr\/uk\/wp-json\/wp\/v2\/users\/1"}],"replies":[{"embeddable":true,"href":"https:\/\/denizcankizil.tr\/uk\/wp-json\/wp\/v2\/comments?post=123275"}],"version-history":[{"count":0,"href":"https:\/\/denizcankizil.tr\/uk\/wp-json\/wp\/v2\/posts\/123275\/revisions"}],"wp:attachment":[{"href":"https:\/\/denizcankizil.tr\/uk\/wp-json\/wp\/v2\/media?parent=123275"}],"wp:term":[{"taxonomy":"category","embeddable":true,"href":"https:\/\/denizcankizil.tr\/uk\/wp-json\/wp\/v2\/categories?post=123275"},{"taxonomy":"post_tag","embeddable":true,"href":"https:\/\/denizcankizil.tr\/uk\/wp-json\/wp\/v2\/tags?post=123275"}],"curies":[{"name":"wp","href":"https:\/\/api.w.org\/{rel}","templated":true}]}}