{"id":122253,"date":"2025-06-21T15:41:16","date_gmt":"2025-06-21T12:41:16","guid":{"rendered":"https:\/\/denizcankizil.tr\/uncategorized-tr\/calilik-yangininda-1-donumluk-alan-zarar-gordu\/"},"modified":"2025-06-21T15:41:16","modified_gmt":"2025-06-21T12:41:16","slug":"calilik-yangininda-1-donumluk-alan-zarar-gordu","status":"publish","type":"post","link":"https:\/\/denizcankizil.tr\/uk\/haberler\/antalya\/calilik-yangininda-1-donumluk-alan-zarar-gordu\/","title":{"rendered":"\u00c7al\u0131l\u0131k yang\u0131n\u0131nda 1 d\u00f6n\u00fcml\u00fck alan zarar g\u00f6rd\u00fc"},"content":{"rendered":"<p>Yang\u0131n, d\u00fcn \u00f6\u011fle saatlerinde Alanya\u2019n\u0131n Okurcalar Mahallesi meydana geldi. Edinilen bilgiye g\u00f6re, Azak Pansiyon yak\u0131nlar\u0131ndaki sahil k\u0131sm\u0131nda bulunan \u00e7al\u0131l\u0131k alanda yang\u0131n \u00e7\u0131kt\u0131\u011f\u0131 ihbar\u0131 \u00fczerine olay yerine Antalya B\u00fcy\u00fck\u015fehir Belediyesine ba\u011fl\u0131 Alanya \u0130tfaiye Amirli\u011fi ekipleri sevk edildi. Ekiplerin m\u00fcdahalesi sonucu yang\u0131n k\u0131sa s\u00fcrede kontrol alt\u0131na al\u0131n\u0131rken, herhangi bir can ve mal kayb\u0131 ya\u015fanmad\u0131\u011f\u0131 \u00f6\u011frenildi. Yakla\u015f\u0131k 1 d\u00f6n\u00fcml\u00fck \u00e7al\u0131l\u0131k alan\u0131n zarar g\u00f6rd\u00fc\u011f\u00fc yang\u0131n\u0131n \u00e7\u0131k\u0131\u015f nedeni ile ilgili ara\u015ft\u0131rma ba\u015flat\u0131ld\u0131.<\/p>\n<p>Kaynak: www.kanalv.com.tr Haber Sitesinden Al\u0131nm\u0131\u015ft\u0131r.<\/p>","protected":false},"excerpt":{"rendered":"<p>Yang\u0131n, d\u00fcn \u00f6\u011fle saatlerinde Alanya\u2019n\u0131n Okurcalar Mahallesi meydana geldi. Edinilen bilgiye g\u00f6re, Azak Pansiyon yak\u0131nlar\u0131ndaki sahil k\u0131sm\u0131nda bulunan \u00e7al\u0131l\u0131k alanda yang\u0131n \u00e7\u0131kt\u0131\u011f\u0131 ihbar\u0131 \u00fczerine olay yerine Antalya B\u00fcy\u00fck\u015fehir Belediyesine ba\u011fl\u0131 Alanya \u0130tfaiye Amirli\u011fi ekipleri sevk edildi. Ekiplerin m\u00fcdahalesi sonucu yang\u0131n k\u0131sa s\u00fcrede kontrol alt\u0131na al\u0131n\u0131rken, herhangi bir can ve mal kayb\u0131 ya\u015fanmad\u0131\u011f\u0131 \u00f6\u011frenildi. Yakla\u015f\u0131k 1 d\u00f6n\u00fcml\u00fck \u00e7al\u0131l\u0131k alan\u0131n zarar g\u00f6rd\u00fc\u011f\u00fc yang\u0131n\u0131n \u00e7\u0131k\u0131\u015f nedeni ile ilgili ara\u015ft\u0131rma ba\u015flat\u0131ld\u0131. Kaynak: www.kanalv.com.tr Haber Sitesinden Al\u0131nm\u0131\u015ft\u0131r.<\/p>","protected":false},"author":4,"featured_media":0,"comment_status":"","ping_status":"open","sticky":false,"template":"","format":"standard","meta":{"_acf_changed":false,"footnotes":""},"categories":[26],"tags":[],"class_list":["post-122253","post","type-post","status-publish","format-standard","hentry","category-antalya"],"acf":[],"yoast_head":"<!-- This site is optimized with the Yoast SEO Premium plugin v26.6 (Yoast SEO v27.1.1) - https:\/\/yoast.com\/product\/yoast-seo-premium-wordpress\/ -->\n<title>\u00c7al\u0131l\u0131k yang\u0131n\u0131nda 1 d\u00f6n\u00fcml\u00fck alan zarar g\u00f6rd\u00fc - Av. Deniz Can K\u0131z\u0131l<\/title>\n<meta name=\"robots\" content=\"index, follow, max-snippet:-1, max-image-preview:large, max-video-preview:-1\" \/>\n<link rel=\"canonical\" href=\"https:\/\/denizcankizil.tr\/uk\/haberler\/antalya\/calilik-yangininda-1-donumluk-alan-zarar-gordu\/\" \/>\n<meta property=\"og:locale\" content=\"uk_UA\" \/>\n<meta property=\"og:type\" content=\"article\" \/>\n<meta property=\"og:title\" content=\"\u00c7al\u0131l\u0131k yang\u0131n\u0131nda 1 d\u00f6n\u00fcml\u00fck alan zarar g\u00f6rd\u00fc\" \/>\n<meta property=\"og:description\" content=\"Yang\u0131n, d\u00fcn \u00f6\u011fle saatlerinde Alanya\u2019n\u0131n Okurcalar Mahallesi meydana geldi. Edinilen bilgiye g\u00f6re, Azak Pansiyon yak\u0131nlar\u0131ndaki sahil k\u0131sm\u0131nda bulunan \u00e7al\u0131l\u0131k alanda yang\u0131n \u00e7\u0131kt\u0131\u011f\u0131 ihbar\u0131 \u00fczerine olay yerine Antalya B\u00fcy\u00fck\u015fehir Belediyesine ba\u011fl\u0131 Alanya \u0130tfaiye Amirli\u011fi ekipleri sevk edildi. Ekiplerin m\u00fcdahalesi sonucu yang\u0131n k\u0131sa s\u00fcrede kontrol alt\u0131na al\u0131n\u0131rken, herhangi bir can ve mal kayb\u0131 ya\u015fanmad\u0131\u011f\u0131 \u00f6\u011frenildi. Yakla\u015f\u0131k 1 d\u00f6n\u00fcml\u00fck \u00e7al\u0131l\u0131k alan\u0131n zarar g\u00f6rd\u00fc\u011f\u00fc yang\u0131n\u0131n \u00e7\u0131k\u0131\u015f nedeni ile ilgili ara\u015ft\u0131rma ba\u015flat\u0131ld\u0131. Kaynak: www.kanalv.com.tr Haber Sitesinden Al\u0131nm\u0131\u015ft\u0131r.\" \/>\n<meta property=\"og:url\" content=\"https:\/\/denizcankizil.tr\/uk\/haberler\/antalya\/calilik-yangininda-1-donumluk-alan-zarar-gordu\/\" \/>\n<meta property=\"og:site_name\" content=\"Av. Deniz Can K\u0131z\u0131l\" \/>\n<meta property=\"article:published_time\" content=\"2025-06-21T12:41:16+00:00\" \/>\n<meta name=\"author\" content=\"Av. Deniz Can K\u0131z\u0131l\" \/>\n<meta name=\"twitter:card\" content=\"summary_large_image\" \/>\n<meta name=\"twitter:label1\" content=\"\u041d\u0430\u043f\u0438\u0441\u0430\u043d\u043e\" \/>\n\t<meta name=\"twitter:data1\" content=\"Av. Deniz Can K\u0131z\u0131l\" \/>\n\t<meta name=\"twitter:label2\" content=\"\u041f\u0440\u0438\u0431\u043b. \u0447\u0430\u0441 \u0447\u0438\u0442\u0430\u043d\u043d\u044f\" \/>\n\t<meta name=\"twitter:data2\" content=\"1 \u0445\u0432\u0438\u043b\u0438\u043d\u0430\" \/>\n<script type=\"application\/ld+json\" class=\"yoast-schema-graph\">{\"@context\":\"https:\/\/schema.org\",\"@graph\":[{\"@type\":\"Article\",\"@id\":\"https:\/\/denizcankizil.tr\/uk\/haberler\/antalya\/calilik-yangininda-1-donumluk-alan-zarar-gordu\/#article\",\"isPartOf\":{\"@id\":\"https:\/\/denizcankizil.tr\/uk\/haberler\/antalya\/calilik-yangininda-1-donumluk-alan-zarar-gordu\/\"},\"author\":{\"name\":\"Av. Deniz Can K\u0131z\u0131l\",\"@id\":\"https:\/\/denizcankizil.tr\/de\/#\/schema\/person\/5dc1b22991bd7ac833867c10afc9b0ff\"},\"headline\":\"\u00c7al\u0131l\u0131k yang\u0131n\u0131nda 1 d\u00f6n\u00fcml\u00fck alan zarar g\u00f6rd\u00fc\",\"datePublished\":\"2025-06-21T12:41:16+00:00\",\"mainEntityOfPage\":{\"@id\":\"https:\/\/denizcankizil.tr\/uk\/haberler\/antalya\/calilik-yangininda-1-donumluk-alan-zarar-gordu\/\"},\"wordCount\":130,\"publisher\":{\"@id\":\"https:\/\/denizcankizil.tr\/de\/#organization\"},\"articleSection\":[\"Antalya\"],\"inLanguage\":\"uk\"},{\"@type\":\"WebPage\",\"@id\":\"https:\/\/denizcankizil.tr\/uk\/haberler\/antalya\/calilik-yangininda-1-donumluk-alan-zarar-gordu\/\",\"url\":\"https:\/\/denizcankizil.tr\/uk\/haberler\/antalya\/calilik-yangininda-1-donumluk-alan-zarar-gordu\/\",\"name\":\"\u00c7al\u0131l\u0131k yang\u0131n\u0131nda 1 d\u00f6n\u00fcml\u00fck alan zarar g\u00f6rd\u00fc - Av. Deniz Can K\u0131z\u0131l\",\"isPartOf\":{\"@id\":\"https:\/\/denizcankizil.tr\/de\/#website\"},\"datePublished\":\"2025-06-21T12:41:16+00:00\",\"breadcrumb\":{\"@id\":\"https:\/\/denizcankizil.tr\/uk\/haberler\/antalya\/calilik-yangininda-1-donumluk-alan-zarar-gordu\/#breadcrumb\"},\"inLanguage\":\"uk\",\"potentialAction\":[{\"@type\":\"ReadAction\",\"target\":[\"https:\/\/denizcankizil.tr\/uk\/haberler\/antalya\/calilik-yangininda-1-donumluk-alan-zarar-gordu\/\"]}]},{\"@type\":\"BreadcrumbList\",\"@id\":\"https:\/\/denizcankizil.tr\/uk\/haberler\/antalya\/calilik-yangininda-1-donumluk-alan-zarar-gordu\/#breadcrumb\",\"itemListElement\":[{\"@type\":\"ListItem\",\"position\":1,\"name\":\"Home\",\"item\":\"https:\/\/denizcankizil.tr\/de\/\"},{\"@type\":\"ListItem\",\"position\":2,\"name\":\"\u00c7al\u0131l\u0131k yang\u0131n\u0131nda 1 d\u00f6n\u00fcml\u00fck alan zarar g\u00f6rd\u00fc\"}]},{\"@type\":\"WebSite\",\"@id\":\"https:\/\/denizcankizil.tr\/de\/#website\",\"url\":\"https:\/\/denizcankizil.tr\/de\/\",\"name\":\"Av. Deniz Can K\u0131z\u0131l\",\"description\":\"Avukat Deniz Can K\u0131z\u0131l Antalya Barosu\",\"publisher\":{\"@id\":\"https:\/\/denizcankizil.tr\/de\/#organization\"},\"potentialAction\":[{\"@type\":\"SearchAction\",\"target\":{\"@type\":\"EntryPoint\",\"urlTemplate\":\"https:\/\/denizcankizil.tr\/de\/?s={search_term_string}\"},\"query-input\":{\"@type\":\"PropertyValueSpecification\",\"valueRequired\":true,\"valueName\":\"search_term_string\"}}],\"inLanguage\":\"uk\"},{\"@type\":\"Organization\",\"@id\":\"https:\/\/denizcankizil.tr\/de\/#organization\",\"name\":\"Av. Deniz Can K\u0131z\u0131l\",\"url\":\"https:\/\/denizcankizil.tr\/de\/\",\"logo\":{\"@type\":\"ImageObject\",\"inLanguage\":\"uk\",\"@id\":\"https:\/\/denizcankizil.tr\/de\/#\/schema\/logo\/image\/\",\"url\":\"https:\/\/denizcankizil.tr\/wp-content\/uploads\/2024\/10\/siyah-logo-svg.svg\",\"contentUrl\":\"https:\/\/denizcankizil.tr\/wp-content\/uploads\/2024\/10\/siyah-logo-svg.svg\",\"width\":1080,\"height\":1080,\"caption\":\"Av. Deniz Can K\u0131z\u0131l\"},\"image\":{\"@id\":\"https:\/\/denizcankizil.tr\/de\/#\/schema\/logo\/image\/\"}},{\"@type\":\"Person\",\"@id\":\"https:\/\/denizcankizil.tr\/de\/#\/schema\/person\/5dc1b22991bd7ac833867c10afc9b0ff\",\"name\":\"Av. Deniz Can K\u0131z\u0131l\",\"image\":{\"@type\":\"ImageObject\",\"inLanguage\":\"uk\",\"@id\":\"https:\/\/denizcankizil.tr\/de\/#\/schema\/person\/image\/\",\"url\":\"https:\/\/secure.gravatar.com\/avatar\/a0b128fb9855c79efc976d5640eedb31dc35ec297594d6016d2cf7c60e975bb6?s=96&d=mm&r=g\",\"contentUrl\":\"https:\/\/secure.gravatar.com\/avatar\/a0b128fb9855c79efc976d5640eedb31dc35ec297594d6016d2cf7c60e975bb6?s=96&d=mm&r=g\",\"caption\":\"Av. Deniz Can K\u0131z\u0131l\"},\"sameAs\":[\"http:\/\/www.denizcankizil.tr\"],\"url\":\"https:\/\/denizcankizil.tr\/uk\/author\/denizcankizil\/\"}]}<\/script>\n<!-- \/ Yoast SEO Premium plugin. -->","yoast_head_json":{"title":"\u00c7al\u0131l\u0131k yang\u0131n\u0131nda 1 d\u00f6n\u00fcml\u00fck alan zarar g\u00f6rd\u00fc - Av. Deniz Can K\u0131z\u0131l","robots":{"index":"index","follow":"follow","max-snippet":"max-snippet:-1","max-image-preview":"max-image-preview:large","max-video-preview":"max-video-preview:-1"},"canonical":"https:\/\/denizcankizil.tr\/uk\/haberler\/antalya\/calilik-yangininda-1-donumluk-alan-zarar-gordu\/","og_locale":"uk_UA","og_type":"article","og_title":"\u00c7al\u0131l\u0131k yang\u0131n\u0131nda 1 d\u00f6n\u00fcml\u00fck alan zarar g\u00f6rd\u00fc","og_description":"Yang\u0131n, d\u00fcn \u00f6\u011fle saatlerinde Alanya\u2019n\u0131n Okurcalar Mahallesi meydana geldi. Edinilen bilgiye g\u00f6re, Azak Pansiyon yak\u0131nlar\u0131ndaki sahil k\u0131sm\u0131nda bulunan \u00e7al\u0131l\u0131k alanda yang\u0131n \u00e7\u0131kt\u0131\u011f\u0131 ihbar\u0131 \u00fczerine olay yerine Antalya B\u00fcy\u00fck\u015fehir Belediyesine ba\u011fl\u0131 Alanya \u0130tfaiye Amirli\u011fi ekipleri sevk edildi. Ekiplerin m\u00fcdahalesi sonucu yang\u0131n k\u0131sa s\u00fcrede kontrol alt\u0131na al\u0131n\u0131rken, herhangi bir can ve mal kayb\u0131 ya\u015fanmad\u0131\u011f\u0131 \u00f6\u011frenildi. Yakla\u015f\u0131k 1 d\u00f6n\u00fcml\u00fck \u00e7al\u0131l\u0131k alan\u0131n zarar g\u00f6rd\u00fc\u011f\u00fc yang\u0131n\u0131n \u00e7\u0131k\u0131\u015f nedeni ile ilgili ara\u015ft\u0131rma ba\u015flat\u0131ld\u0131. Kaynak: www.kanalv.com.tr Haber Sitesinden Al\u0131nm\u0131\u015ft\u0131r.","og_url":"https:\/\/denizcankizil.tr\/uk\/haberler\/antalya\/calilik-yangininda-1-donumluk-alan-zarar-gordu\/","og_site_name":"Av. Deniz Can K\u0131z\u0131l","article_published_time":"2025-06-21T12:41:16+00:00","author":"Av. Deniz Can K\u0131z\u0131l","twitter_card":"summary_large_image","twitter_misc":{"\u041d\u0430\u043f\u0438\u0441\u0430\u043d\u043e":"Av. Deniz Can K\u0131z\u0131l","\u041f\u0440\u0438\u0431\u043b. \u0447\u0430\u0441 \u0447\u0438\u0442\u0430\u043d\u043d\u044f":"1 \u0445\u0432\u0438\u043b\u0438\u043d\u0430"},"schema":{"@context":"https:\/\/schema.org","@graph":[{"@type":"Article","@id":"https:\/\/denizcankizil.tr\/uk\/haberler\/antalya\/calilik-yangininda-1-donumluk-alan-zarar-gordu\/#article","isPartOf":{"@id":"https:\/\/denizcankizil.tr\/uk\/haberler\/antalya\/calilik-yangininda-1-donumluk-alan-zarar-gordu\/"},"author":{"name":"Av. Deniz Can K\u0131z\u0131l","@id":"https:\/\/denizcankizil.tr\/de\/#\/schema\/person\/5dc1b22991bd7ac833867c10afc9b0ff"},"headline":"\u00c7al\u0131l\u0131k yang\u0131n\u0131nda 1 d\u00f6n\u00fcml\u00fck alan zarar g\u00f6rd\u00fc","datePublished":"2025-06-21T12:41:16+00:00","mainEntityOfPage":{"@id":"https:\/\/denizcankizil.tr\/uk\/haberler\/antalya\/calilik-yangininda-1-donumluk-alan-zarar-gordu\/"},"wordCount":130,"publisher":{"@id":"https:\/\/denizcankizil.tr\/de\/#organization"},"articleSection":["Antalya"],"inLanguage":"uk"},{"@type":"WebPage","@id":"https:\/\/denizcankizil.tr\/uk\/haberler\/antalya\/calilik-yangininda-1-donumluk-alan-zarar-gordu\/","url":"https:\/\/denizcankizil.tr\/uk\/haberler\/antalya\/calilik-yangininda-1-donumluk-alan-zarar-gordu\/","name":"\u00c7al\u0131l\u0131k yang\u0131n\u0131nda 1 d\u00f6n\u00fcml\u00fck alan zarar g\u00f6rd\u00fc - Av. Deniz Can K\u0131z\u0131l","isPartOf":{"@id":"https:\/\/denizcankizil.tr\/de\/#website"},"datePublished":"2025-06-21T12:41:16+00:00","breadcrumb":{"@id":"https:\/\/denizcankizil.tr\/uk\/haberler\/antalya\/calilik-yangininda-1-donumluk-alan-zarar-gordu\/#breadcrumb"},"inLanguage":"uk","potentialAction":[{"@type":"ReadAction","target":["https:\/\/denizcankizil.tr\/uk\/haberler\/antalya\/calilik-yangininda-1-donumluk-alan-zarar-gordu\/"]}]},{"@type":"BreadcrumbList","@id":"https:\/\/denizcankizil.tr\/uk\/haberler\/antalya\/calilik-yangininda-1-donumluk-alan-zarar-gordu\/#breadcrumb","itemListElement":[{"@type":"ListItem","position":1,"name":"Home","item":"https:\/\/denizcankizil.tr\/de\/"},{"@type":"ListItem","position":2,"name":"\u00c7al\u0131l\u0131k yang\u0131n\u0131nda 1 d\u00f6n\u00fcml\u00fck alan zarar g\u00f6rd\u00fc"}]},{"@type":"WebSite","@id":"https:\/\/denizcankizil.tr\/de\/#website","url":"https:\/\/denizcankizil.tr\/de\/","name":"Av. Deniz Can K\u0131z\u0131l","description":"Avukat Deniz Can K\u0131z\u0131l Antalya Barosu","publisher":{"@id":"https:\/\/denizcankizil.tr\/de\/#organization"},"potentialAction":[{"@type":"SearchAction","target":{"@type":"EntryPoint","urlTemplate":"https:\/\/denizcankizil.tr\/de\/?s={search_term_string}"},"query-input":{"@type":"PropertyValueSpecification","valueRequired":true,"valueName":"search_term_string"}}],"inLanguage":"uk"},{"@type":"Organization","@id":"https:\/\/denizcankizil.tr\/de\/#organization","name":"Av. Deniz Can K\u0131z\u0131l","url":"https:\/\/denizcankizil.tr\/de\/","logo":{"@type":"ImageObject","inLanguage":"uk","@id":"https:\/\/denizcankizil.tr\/de\/#\/schema\/logo\/image\/","url":"https:\/\/denizcankizil.tr\/wp-content\/uploads\/2024\/10\/siyah-logo-svg.svg","contentUrl":"https:\/\/denizcankizil.tr\/wp-content\/uploads\/2024\/10\/siyah-logo-svg.svg","width":1080,"height":1080,"caption":"Av. Deniz Can K\u0131z\u0131l"},"image":{"@id":"https:\/\/denizcankizil.tr\/de\/#\/schema\/logo\/image\/"}},{"@type":"Person","@id":"https:\/\/denizcankizil.tr\/de\/#\/schema\/person\/5dc1b22991bd7ac833867c10afc9b0ff","name":"Av. Deniz Can K\u0131z\u0131l","image":{"@type":"ImageObject","inLanguage":"uk","@id":"https:\/\/denizcankizil.tr\/de\/#\/schema\/person\/image\/","url":"https:\/\/secure.gravatar.com\/avatar\/a0b128fb9855c79efc976d5640eedb31dc35ec297594d6016d2cf7c60e975bb6?s=96&d=mm&r=g","contentUrl":"https:\/\/secure.gravatar.com\/avatar\/a0b128fb9855c79efc976d5640eedb31dc35ec297594d6016d2cf7c60e975bb6?s=96&d=mm&r=g","caption":"Av. Deniz Can K\u0131z\u0131l"},"sameAs":["http:\/\/www.denizcankizil.tr"],"url":"https:\/\/denizcankizil.tr\/uk\/author\/denizcankizil\/"}]}},"_links":{"self":[{"href":"https:\/\/denizcankizil.tr\/uk\/wp-json\/wp\/v2\/posts\/122253","targetHints":{"allow":["GET"]}}],"collection":[{"href":"https:\/\/denizcankizil.tr\/uk\/wp-json\/wp\/v2\/posts"}],"about":[{"href":"https:\/\/denizcankizil.tr\/uk\/wp-json\/wp\/v2\/types\/post"}],"author":[{"embeddable":true,"href":"https:\/\/denizcankizil.tr\/uk\/wp-json\/wp\/v2\/users\/4"}],"replies":[{"embeddable":true,"href":"https:\/\/denizcankizil.tr\/uk\/wp-json\/wp\/v2\/comments?post=122253"}],"version-history":[{"count":0,"href":"https:\/\/denizcankizil.tr\/uk\/wp-json\/wp\/v2\/posts\/122253\/revisions"}],"wp:attachment":[{"href":"https:\/\/denizcankizil.tr\/uk\/wp-json\/wp\/v2\/media?parent=122253"}],"wp:term":[{"taxonomy":"category","embeddable":true,"href":"https:\/\/denizcankizil.tr\/uk\/wp-json\/wp\/v2\/categories?post=122253"},{"taxonomy":"post_tag","embeddable":true,"href":"https:\/\/denizcankizil.tr\/uk\/wp-json\/wp\/v2\/tags?post=122253"}],"curies":[{"name":"wp","href":"https:\/\/api.w.org\/{rel}","templated":true}]}}