{"id":122129,"date":"2025-06-21T12:41:18","date_gmt":"2025-06-21T09:41:18","guid":{"rendered":"https:\/\/denizcankizil.tr\/uncategorized-tr\/antalyada-tartismalara-konu-olan-mermerli-plajinin-kafeterya-bolumu-kapatildi\/"},"modified":"2025-06-21T12:41:18","modified_gmt":"2025-06-21T09:41:18","slug":"antalyada-tartismalara-konu-olan-mermerli-plajinin-kafeterya-bolumu-kapatildi","status":"publish","type":"post","link":"https:\/\/denizcankizil.tr\/uk\/haberler\/gundem\/antalyada-tartismalara-konu-olan-mermerli-plajinin-kafeterya-bolumu-kapatildi\/","title":{"rendered":"Antalya\u2019da tart\u0131\u015fmalara konu olan Mermerli Plaj\u0131\u2019n\u0131n kafeterya b\u00f6l\u00fcm\u00fc kapat\u0131ld\u0131!"},"content":{"rendered":"<p>Antalya Kalei\u00e7i Yat Liman\u0131&#8217;ndaki tarihi Mermerli Plaj\u0131\u2019nda giri\u015f \u00fccretlerinin 1000 TL\u2019den 500 TL\u2019ye indirilmi\u015fti. Ayn\u0131 i\u015fletme taraf\u0131ndan tadilata al\u0131nan ve daha \u00f6nce \u00fccretsiz olan tuvaletin giri\u015f \u00fccreti ise 1 Euro olarak belirlenmi\u015fti. Plaj\u0131n a\u00e7\u0131lmas\u0131na izin veren Antalya Valili\u011fi, plaja ait kafeterya b\u00f6l\u00fcm\u00fcn\u00fcn ise kapat\u0131lmas\u0131na karar verdi. \u0130\u015fletmeciler, kapanma karar\u0131n\u0131n ard\u0131ndan kafeteryada yer alan masa ve sandalyelerini ta\u015f\u0131d\u0131.<\/p>\n<p>KAFETERYA B\u00d6L\u00dcM\u00dc BO\u015eALTILDI<\/p>\n<p>Antalya Valili\u011fi taraf\u0131ndan restore edildikten sonra \u00f6zel bir firma i\u015fletmecili\u011fine verilen Mermerli Plaj\u0131nda tart\u0131\u015fmalar sona ermiyor. Plaj i\u015fletmecilerinin kafeterya b\u00f6l\u00fcm\u00fcnde yer alan masa ve sandalye gibi e\u015fyalar\u0131 ta\u015f\u0131d\u0131klar\u0131 g\u00f6zlendi. \u201cKafeterya neden kapal\u0131\u201d sorusuna bir firma yetkilisi, \u201cOnu Antalya Valili\u011fine sorun\u201d yan\u0131t\u0131n\u0131 verdi. Plaj\u0131, kafeteryas\u0131 ve tuvaleti ile tart\u0131\u015fma konusu olan i\u015fletmeyle ilgili \u00f6n\u00fcm\u00fczdeki g\u00fcnlerde nas\u0131l bir ad\u0131m at\u0131laca\u011f\u0131 merak konusu oldu.<\/p>\n<p>DAHA \u00d6NCE \u00dcCRETS\u0130Z OLAN TUVALETE G\u0130R\u0130\u015e \u00dcCRET\u0130 1 EURO OLDU!<\/p>\n<p>Antalya\u2019n\u0131n en \u00f6nemli plajlar\u0131 aras\u0131nda g\u00f6sterilen Mermerli Plaj\u0131, Antalya Valili\u011fi taraf\u0131ndan ger\u00e7ekle\u015ftirilen restorasyonun ard\u0131ndan hizmete a\u00e7\u0131lm\u0131\u015ft\u0131. Y\u00fcksek giri\u015f \u00fccreti nedeniyle tepkilere neden olan plajda tuvalet giri\u015f \u00fccretinin 1 Euro olarak belirledi\u011fi g\u00f6r\u00fcld\u00fc. 1 Euro, 21 Haziran 2025 Cumartesi g\u00fcn\u00fc (bug\u00fcn) olan kur baz al\u0131nd\u0131\u011f\u0131nda 50 TL\u2019nin \u00fczerinde yap\u0131yor. Tuvalet giri\u015f \u00fccretine yerli ve yabanc\u0131 turistlerden b\u00fcy\u00fck tepki geldi\u011fi ve bu nedenle tuvaletin kapat\u0131ld\u0131\u011f\u0131 ve sonras\u0131nda a\u00e7\u0131ld\u0131\u011f\u0131 ifade edildi.<\/p>\n<p>ANTALYA VAL\u0130S\u0130 HULUS\u0130 \u015eAH\u0130N A\u00c7IKLAMALARDA BULUNMU\u015eTU<\/p>\n<p>Antalya Valisi Hulusi \u015eahin, asayi\u015f bilgilendirme toplant\u0131s\u0131nda Mermerli Plaj\u0131\u2019nda y\u00fcr\u00fct\u00fclen yenileme ve \u00e7evre d\u00fczenleme \u00e7al\u0131\u015fmalar\u0131 hakk\u0131nda bilgi vermi\u015fti. Plaj\u0131n Antalya Valili\u011fi\u2019ne tahsis edildi\u011fini belirten \u015eahin a\u00e7\u0131klamalar\u0131nda \u015fu ifadelere yer vermi\u015fti:<\/p>\n<p>\u201c\u00c7evre, \u015eehircilik ve \u0130klim De\u011fi\u015fikli\u011fi Bakanl\u0131\u011f\u0131m\u0131z buray\u0131 Valili\u011fimize devretti. Orada ciddi bir \u00e7al\u0131\u015fma y\u00fcr\u00fct\u00fcyoruz. Yaln\u0131zca restoran de\u011fil, \u00e7evresi de olduk\u00e7a k\u00f6t\u00fc durumdayd\u0131. Surlar neredeyse \u00e7\u00f6kmek \u00fczereydi, baz\u0131 k\u0131s\u0131mlar \u00e7\u00f6pl\u00fc\u011fe d\u00f6nm\u00fc\u015ft\u00fc. Tuvaletler kullan\u0131lamaz haldeydi. Buras\u0131 Antalya&#8217;n\u0131n en g\u00fczel manzaras\u0131na sahip yerlerinden biri olmas\u0131na ra\u011fmen uzun s\u00fcredir ihmal edilmi\u015fti. 80 milyon TL\u2019yi a\u015fan harcamalar yap\u0131ld\u0131 ve \u00e7al\u0131\u015fmalar devam ediyor. Amac\u0131m\u0131z Antalyal\u0131lar\u0131n gurur duyaca\u011f\u0131 bir alan yaratmak. Plaj\u0131 Valilik i\u015ftiraki olan bir \u015firket \u00fczerinden i\u015fletmeyi planl\u0131yoruz. Dolay\u0131s\u0131yla fiyat\u0131 makul olsun istiyoruz. \u0130nsanlar buraya rahatl\u0131kla gelebilsin istiyoruz. Oradaki g\u00fcn bat\u0131m\u0131ndan t\u00fcm Antalyal\u0131lar ve turistler istifade etsin istiyoruz. \u00c7al\u0131\u015fmalar\u0131m\u0131z bu y\u00f6nde.\u201d<\/p>\n<p>\u200bAntalya\u2019n\u0131n en \u00f6nemli plajlar\u0131 aras\u0131nda g\u00f6sterilen ve \u015fehrin kalbinde yer alan Mermerli Plaj\u0131\u2019na 1000 TL\u2019lik giri\u015f \u00fccreti tart\u0131\u015fmalar yaratm\u0131\u015ft\u0131. Tepkilerinden ard\u0131ndan giri\u015f \u00fccreti 500 TL\u2019ye d\u00fc\u015f\u00fcr\u00fclse de Valilik plaja ait olan kafeterya b\u00f6l\u00fcm\u00fcn\u00fcn a\u00e7\u0131lmas\u0131na izin vermedi. Firma, kafeteryada yer alan e\u015fyalar\u0131n tamam\u0131n\u0131 ta\u015f\u0131d\u0131.\u00a0<\/p>\n<p>\u200bHaberin Al\u0131nt\u0131land\u0131\u011f\u0131 Kaynak: www.antalyakorfez.com<\/p>","protected":false},"excerpt":{"rendered":"<p>Antalya Kalei\u00e7i Yat Liman\u0131&#8217;ndaki tarihi Mermerli Plaj\u0131\u2019nda giri\u015f \u00fccretlerinin 1000 TL\u2019den 500 TL\u2019ye indirilmi\u015fti. Ayn\u0131 i\u015fletme taraf\u0131ndan tadilata al\u0131nan ve daha \u00f6nce \u00fccretsiz olan tuvaletin giri\u015f \u00fccreti ise 1 Euro olarak belirlenmi\u015fti. Plaj\u0131n a\u00e7\u0131lmas\u0131na izin veren Antalya Valili\u011fi, plaja ait kafeterya b\u00f6l\u00fcm\u00fcn\u00fcn ise kapat\u0131lmas\u0131na karar verdi. \u0130\u015fletmeciler, kapanma karar\u0131n\u0131n ard\u0131ndan kafeteryada yer alan masa ve sandalyelerini ta\u015f\u0131d\u0131. KAFETERYA B\u00d6L\u00dcM\u00dc BO\u015eALTILDI Antalya Valili\u011fi taraf\u0131ndan restore edildikten sonra \u00f6zel bir firma i\u015fletmecili\u011fine verilen Mermerli Plaj\u0131nda tart\u0131\u015fmalar sona ermiyor. Plaj i\u015fletmecilerinin kafeterya b\u00f6l\u00fcm\u00fcnde yer alan masa ve sandalye gibi e\u015fyalar\u0131 ta\u015f\u0131d\u0131klar\u0131 g\u00f6zlendi. \u201cKafeterya neden kapal\u0131\u201d sorusuna bir firma yetkilisi, \u201cOnu Antalya Valili\u011fine sorun\u201d yan\u0131t\u0131n\u0131 verdi. Plaj\u0131, kafeteryas\u0131 ve tuvaleti ile tart\u0131\u015fma konusu olan i\u015fletmeyle ilgili \u00f6n\u00fcm\u00fczdeki g\u00fcnlerde nas\u0131l bir ad\u0131m at\u0131laca\u011f\u0131 merak konusu oldu. DAHA \u00d6NCE \u00dcCRETS\u0130Z OLAN TUVALETE G\u0130R\u0130\u015e \u00dcCRET\u0130 1 EURO OLDU! Antalya\u2019n\u0131n en \u00f6nemli plajlar\u0131 aras\u0131nda g\u00f6sterilen Mermerli Plaj\u0131, Antalya Valili\u011fi taraf\u0131ndan ger\u00e7ekle\u015ftirilen restorasyonun ard\u0131ndan hizmete a\u00e7\u0131lm\u0131\u015ft\u0131. Y\u00fcksek giri\u015f \u00fccreti nedeniyle tepkilere neden olan plajda tuvalet giri\u015f \u00fccretinin 1 Euro olarak belirledi\u011fi g\u00f6r\u00fcld\u00fc. 1 Euro, 21 Haziran 2025 Cumartesi g\u00fcn\u00fc (bug\u00fcn) olan kur baz al\u0131nd\u0131\u011f\u0131nda 50 TL\u2019nin \u00fczerinde yap\u0131yor. Tuvalet giri\u015f \u00fccretine yerli ve yabanc\u0131 turistlerden b\u00fcy\u00fck tepki geldi\u011fi ve bu nedenle tuvaletin kapat\u0131ld\u0131\u011f\u0131 ve sonras\u0131nda a\u00e7\u0131ld\u0131\u011f\u0131 ifade edildi. ANTALYA &hellip;<\/p>","protected":false},"author":5,"featured_media":0,"comment_status":"","ping_status":"open","sticky":false,"template":"","format":"standard","meta":{"_acf_changed":false,"footnotes":""},"categories":[24],"tags":[],"class_list":["post-122129","post","type-post","status-publish","format-standard","has-post-thumbnail","hentry","category-gundem"],"acf":[],"yoast_head":"<!-- This site is optimized with the Yoast SEO Premium plugin v26.6 (Yoast SEO v27.1.1) - https:\/\/yoast.com\/product\/yoast-seo-premium-wordpress\/ -->\n<title>Antalya\u2019da tart\u0131\u015fmalara konu olan Mermerli Plaj\u0131\u2019n\u0131n kafeterya b\u00f6l\u00fcm\u00fc kapat\u0131ld\u0131! - Av. Deniz Can K\u0131z\u0131l<\/title>\n<meta name=\"robots\" content=\"index, follow, max-snippet:-1, max-image-preview:large, max-video-preview:-1\" \/>\n<link rel=\"canonical\" href=\"https:\/\/denizcankizil.tr\/uk\/haberler\/gundem\/antalyada-tartismalara-konu-olan-mermerli-plajinin-kafeterya-bolumu-kapatildi\/\" \/>\n<meta property=\"og:locale\" content=\"uk_UA\" \/>\n<meta property=\"og:type\" content=\"article\" \/>\n<meta property=\"og:title\" content=\"Antalya\u2019da tart\u0131\u015fmalara konu olan Mermerli Plaj\u0131\u2019n\u0131n kafeterya b\u00f6l\u00fcm\u00fc kapat\u0131ld\u0131!\" \/>\n<meta property=\"og:description\" content=\"Antalya Kalei\u00e7i Yat Liman\u0131&#8217;ndaki tarihi Mermerli Plaj\u0131\u2019nda giri\u015f \u00fccretlerinin 1000 TL\u2019den 500 TL\u2019ye indirilmi\u015fti. Ayn\u0131 i\u015fletme taraf\u0131ndan tadilata al\u0131nan ve daha \u00f6nce \u00fccretsiz olan tuvaletin giri\u015f \u00fccreti ise 1 Euro olarak belirlenmi\u015fti. Plaj\u0131n a\u00e7\u0131lmas\u0131na izin veren Antalya Valili\u011fi, plaja ait kafeterya b\u00f6l\u00fcm\u00fcn\u00fcn ise kapat\u0131lmas\u0131na karar verdi. \u0130\u015fletmeciler, kapanma karar\u0131n\u0131n ard\u0131ndan kafeteryada yer alan masa ve sandalyelerini ta\u015f\u0131d\u0131. KAFETERYA B\u00d6L\u00dcM\u00dc BO\u015eALTILDI Antalya Valili\u011fi taraf\u0131ndan restore edildikten sonra \u00f6zel bir firma i\u015fletmecili\u011fine verilen Mermerli Plaj\u0131nda tart\u0131\u015fmalar sona ermiyor. Plaj i\u015fletmecilerinin kafeterya b\u00f6l\u00fcm\u00fcnde yer alan masa ve sandalye gibi e\u015fyalar\u0131 ta\u015f\u0131d\u0131klar\u0131 g\u00f6zlendi. \u201cKafeterya neden kapal\u0131\u201d sorusuna bir firma yetkilisi, \u201cOnu Antalya Valili\u011fine sorun\u201d yan\u0131t\u0131n\u0131 verdi. Plaj\u0131, kafeteryas\u0131 ve tuvaleti ile tart\u0131\u015fma konusu olan i\u015fletmeyle ilgili \u00f6n\u00fcm\u00fczdeki g\u00fcnlerde nas\u0131l bir ad\u0131m at\u0131laca\u011f\u0131 merak konusu oldu. DAHA \u00d6NCE \u00dcCRETS\u0130Z OLAN TUVALETE G\u0130R\u0130\u015e \u00dcCRET\u0130 1 EURO OLDU! Antalya\u2019n\u0131n en \u00f6nemli plajlar\u0131 aras\u0131nda g\u00f6sterilen Mermerli Plaj\u0131, Antalya Valili\u011fi taraf\u0131ndan ger\u00e7ekle\u015ftirilen restorasyonun ard\u0131ndan hizmete a\u00e7\u0131lm\u0131\u015ft\u0131. Y\u00fcksek giri\u015f \u00fccreti nedeniyle tepkilere neden olan plajda tuvalet giri\u015f \u00fccretinin 1 Euro olarak belirledi\u011fi g\u00f6r\u00fcld\u00fc. 1 Euro, 21 Haziran 2025 Cumartesi g\u00fcn\u00fc (bug\u00fcn) olan kur baz al\u0131nd\u0131\u011f\u0131nda 50 TL\u2019nin \u00fczerinde yap\u0131yor. Tuvalet giri\u015f \u00fccretine yerli ve yabanc\u0131 turistlerden b\u00fcy\u00fck tepki geldi\u011fi ve bu nedenle tuvaletin kapat\u0131ld\u0131\u011f\u0131 ve sonras\u0131nda a\u00e7\u0131ld\u0131\u011f\u0131 ifade edildi. ANTALYA &hellip;\" \/>\n<meta property=\"og:url\" content=\"https:\/\/denizcankizil.tr\/uk\/haberler\/gundem\/antalyada-tartismalara-konu-olan-mermerli-plajinin-kafeterya-bolumu-kapatildi\/\" \/>\n<meta property=\"og:site_name\" content=\"Av. Deniz Can K\u0131z\u0131l\" \/>\n<meta property=\"article:published_time\" content=\"2025-06-21T09:41:18+00:00\" \/>\n<meta name=\"author\" content=\"Antalya K\u00f6rfez\" \/>\n<meta name=\"twitter:card\" content=\"summary_large_image\" \/>\n<meta name=\"twitter:label1\" content=\"\u041d\u0430\u043f\u0438\u0441\u0430\u043d\u043e\" \/>\n\t<meta name=\"twitter:data1\" content=\"Antalya K\u00f6rfez\" \/>\n\t<meta name=\"twitter:label2\" content=\"\u041f\u0440\u0438\u0431\u043b. \u0447\u0430\u0441 \u0447\u0438\u0442\u0430\u043d\u043d\u044f\" \/>\n\t<meta name=\"twitter:data2\" content=\"3 \u0445\u0432\u0438\u043b\u0438\u043d\u0438\" \/>\n<script type=\"application\/ld+json\" class=\"yoast-schema-graph\">{\"@context\":\"https:\/\/schema.org\",\"@graph\":[{\"@type\":\"Article\",\"@id\":\"https:\/\/denizcankizil.tr\/de\/haberler\/gundem\/antalyada-tartismalara-konu-olan-mermerli-plajinin-kafeterya-bolumu-kapatildi\/#article\",\"isPartOf\":{\"@id\":\"https:\/\/denizcankizil.tr\/de\/haberler\/gundem\/antalyada-tartismalara-konu-olan-mermerli-plajinin-kafeterya-bolumu-kapatildi\/\"},\"author\":{\"name\":\"Antalya K\u00f6rfez\",\"@id\":\"https:\/\/denizcankizil.tr\/#\/schema\/person\/e1eb71bb4dd684d46563f0af307e1234\"},\"headline\":\"Antalya\u2019da tart\u0131\u015fmalara konu olan Mermerli Plaj\u0131\u2019n\u0131n kafeterya b\u00f6l\u00fcm\u00fc kapat\u0131ld\u0131!\",\"datePublished\":\"2025-06-21T09:41:18+00:00\",\"mainEntityOfPage\":{\"@id\":\"https:\/\/denizcankizil.tr\/de\/haberler\/gundem\/antalyada-tartismalara-konu-olan-mermerli-plajinin-kafeterya-bolumu-kapatildi\/\"},\"wordCount\":561,\"publisher\":{\"@id\":\"https:\/\/denizcankizil.tr\/#organization\"},\"articleSection\":[\"G\u00fcndem\"],\"inLanguage\":\"uk\"},{\"@type\":\"WebPage\",\"@id\":\"https:\/\/denizcankizil.tr\/de\/haberler\/gundem\/antalyada-tartismalara-konu-olan-mermerli-plajinin-kafeterya-bolumu-kapatildi\/\",\"url\":\"https:\/\/denizcankizil.tr\/de\/haberler\/gundem\/antalyada-tartismalara-konu-olan-mermerli-plajinin-kafeterya-bolumu-kapatildi\/\",\"name\":\"Antalya\u2019da tart\u0131\u015fmalara konu olan Mermerli Plaj\u0131\u2019n\u0131n kafeterya b\u00f6l\u00fcm\u00fc kapat\u0131ld\u0131! - Av. Deniz Can K\u0131z\u0131l\",\"isPartOf\":{\"@id\":\"https:\/\/denizcankizil.tr\/#website\"},\"datePublished\":\"2025-06-21T09:41:18+00:00\",\"breadcrumb\":{\"@id\":\"https:\/\/denizcankizil.tr\/de\/haberler\/gundem\/antalyada-tartismalara-konu-olan-mermerli-plajinin-kafeterya-bolumu-kapatildi\/#breadcrumb\"},\"inLanguage\":\"uk\",\"potentialAction\":[{\"@type\":\"ReadAction\",\"target\":[\"https:\/\/denizcankizil.tr\/de\/haberler\/gundem\/antalyada-tartismalara-konu-olan-mermerli-plajinin-kafeterya-bolumu-kapatildi\/\"]}]},{\"@type\":\"BreadcrumbList\",\"@id\":\"https:\/\/denizcankizil.tr\/de\/haberler\/gundem\/antalyada-tartismalara-konu-olan-mermerli-plajinin-kafeterya-bolumu-kapatildi\/#breadcrumb\",\"itemListElement\":[{\"@type\":\"ListItem\",\"position\":1,\"name\":\"Home\",\"item\":\"https:\/\/denizcankizil.tr\/de\/\"},{\"@type\":\"ListItem\",\"position\":2,\"name\":\"Antalya\u2019da tart\u0131\u015fmalara konu olan Mermerli Plaj\u0131\u2019n\u0131n kafeterya b\u00f6l\u00fcm\u00fc kapat\u0131ld\u0131!\"}]},{\"@type\":\"WebSite\",\"@id\":\"https:\/\/denizcankizil.tr\/#website\",\"url\":\"https:\/\/denizcankizil.tr\/\",\"name\":\"Av. Deniz Can K\u0131z\u0131l\",\"description\":\"Avukat Deniz Can K\u0131z\u0131l Antalya Barosu\",\"publisher\":{\"@id\":\"https:\/\/denizcankizil.tr\/#organization\"},\"potentialAction\":[{\"@type\":\"SearchAction\",\"target\":{\"@type\":\"EntryPoint\",\"urlTemplate\":\"https:\/\/denizcankizil.tr\/?s={search_term_string}\"},\"query-input\":{\"@type\":\"PropertyValueSpecification\",\"valueRequired\":true,\"valueName\":\"search_term_string\"}}],\"inLanguage\":\"uk\"},{\"@type\":\"Organization\",\"@id\":\"https:\/\/denizcankizil.tr\/#organization\",\"name\":\"Av. Deniz Can K\u0131z\u0131l\",\"url\":\"https:\/\/denizcankizil.tr\/\",\"logo\":{\"@type\":\"ImageObject\",\"inLanguage\":\"uk\",\"@id\":\"https:\/\/denizcankizil.tr\/#\/schema\/logo\/image\/\",\"url\":\"https:\/\/denizcankizil.tr\/wp-content\/uploads\/2024\/10\/siyah-logo-svg.svg\",\"contentUrl\":\"https:\/\/denizcankizil.tr\/wp-content\/uploads\/2024\/10\/siyah-logo-svg.svg\",\"width\":1080,\"height\":1080,\"caption\":\"Av. Deniz Can K\u0131z\u0131l\"},\"image\":{\"@id\":\"https:\/\/denizcankizil.tr\/#\/schema\/logo\/image\/\"}},{\"@type\":\"Person\",\"@id\":\"https:\/\/denizcankizil.tr\/#\/schema\/person\/e1eb71bb4dd684d46563f0af307e1234\",\"name\":\"Antalya K\u00f6rfez\",\"image\":{\"@type\":\"ImageObject\",\"inLanguage\":\"uk\",\"@id\":\"https:\/\/denizcankizil.tr\/#\/schema\/person\/image\/\",\"url\":\"https:\/\/secure.gravatar.com\/avatar\/42b01982558a48a0b501fdcab6a408d3717ea5919095ee2e67b0e521799c5905?s=96&d=mm&r=g\",\"contentUrl\":\"https:\/\/secure.gravatar.com\/avatar\/42b01982558a48a0b501fdcab6a408d3717ea5919095ee2e67b0e521799c5905?s=96&d=mm&r=g\",\"caption\":\"Antalya K\u00f6rfez\"},\"sameAs\":[\"http:\/\/www.antalyakorfez.com\"],\"url\":\"https:\/\/www.antalyakorfez.com\/antalyada-tartismalara-konu-olan-mermerli-plajinin-kafeterya-bolumu-kapatildi\"}]}<\/script>\n<!-- \/ Yoast SEO Premium plugin. -->","yoast_head_json":{"title":"Antalya\u2019da tart\u0131\u015fmalara konu olan Mermerli Plaj\u0131\u2019n\u0131n kafeterya b\u00f6l\u00fcm\u00fc kapat\u0131ld\u0131! - Av. Deniz Can K\u0131z\u0131l","robots":{"index":"index","follow":"follow","max-snippet":"max-snippet:-1","max-image-preview":"max-image-preview:large","max-video-preview":"max-video-preview:-1"},"canonical":"https:\/\/denizcankizil.tr\/uk\/haberler\/gundem\/antalyada-tartismalara-konu-olan-mermerli-plajinin-kafeterya-bolumu-kapatildi\/","og_locale":"uk_UA","og_type":"article","og_title":"Antalya\u2019da tart\u0131\u015fmalara konu olan Mermerli Plaj\u0131\u2019n\u0131n kafeterya b\u00f6l\u00fcm\u00fc kapat\u0131ld\u0131!","og_description":"Antalya Kalei\u00e7i Yat Liman\u0131&#8217;ndaki tarihi Mermerli Plaj\u0131\u2019nda giri\u015f \u00fccretlerinin 1000 TL\u2019den 500 TL\u2019ye indirilmi\u015fti. Ayn\u0131 i\u015fletme taraf\u0131ndan tadilata al\u0131nan ve daha \u00f6nce \u00fccretsiz olan tuvaletin giri\u015f \u00fccreti ise 1 Euro olarak belirlenmi\u015fti. Plaj\u0131n a\u00e7\u0131lmas\u0131na izin veren Antalya Valili\u011fi, plaja ait kafeterya b\u00f6l\u00fcm\u00fcn\u00fcn ise kapat\u0131lmas\u0131na karar verdi. \u0130\u015fletmeciler, kapanma karar\u0131n\u0131n ard\u0131ndan kafeteryada yer alan masa ve sandalyelerini ta\u015f\u0131d\u0131. KAFETERYA B\u00d6L\u00dcM\u00dc BO\u015eALTILDI Antalya Valili\u011fi taraf\u0131ndan restore edildikten sonra \u00f6zel bir firma i\u015fletmecili\u011fine verilen Mermerli Plaj\u0131nda tart\u0131\u015fmalar sona ermiyor. Plaj i\u015fletmecilerinin kafeterya b\u00f6l\u00fcm\u00fcnde yer alan masa ve sandalye gibi e\u015fyalar\u0131 ta\u015f\u0131d\u0131klar\u0131 g\u00f6zlendi. \u201cKafeterya neden kapal\u0131\u201d sorusuna bir firma yetkilisi, \u201cOnu Antalya Valili\u011fine sorun\u201d yan\u0131t\u0131n\u0131 verdi. Plaj\u0131, kafeteryas\u0131 ve tuvaleti ile tart\u0131\u015fma konusu olan i\u015fletmeyle ilgili \u00f6n\u00fcm\u00fczdeki g\u00fcnlerde nas\u0131l bir ad\u0131m at\u0131laca\u011f\u0131 merak konusu oldu. DAHA \u00d6NCE \u00dcCRETS\u0130Z OLAN TUVALETE G\u0130R\u0130\u015e \u00dcCRET\u0130 1 EURO OLDU! Antalya\u2019n\u0131n en \u00f6nemli plajlar\u0131 aras\u0131nda g\u00f6sterilen Mermerli Plaj\u0131, Antalya Valili\u011fi taraf\u0131ndan ger\u00e7ekle\u015ftirilen restorasyonun ard\u0131ndan hizmete a\u00e7\u0131lm\u0131\u015ft\u0131. Y\u00fcksek giri\u015f \u00fccreti nedeniyle tepkilere neden olan plajda tuvalet giri\u015f \u00fccretinin 1 Euro olarak belirledi\u011fi g\u00f6r\u00fcld\u00fc. 1 Euro, 21 Haziran 2025 Cumartesi g\u00fcn\u00fc (bug\u00fcn) olan kur baz al\u0131nd\u0131\u011f\u0131nda 50 TL\u2019nin \u00fczerinde yap\u0131yor. Tuvalet giri\u015f \u00fccretine yerli ve yabanc\u0131 turistlerden b\u00fcy\u00fck tepki geldi\u011fi ve bu nedenle tuvaletin kapat\u0131ld\u0131\u011f\u0131 ve sonras\u0131nda a\u00e7\u0131ld\u0131\u011f\u0131 ifade edildi. ANTALYA &hellip;","og_url":"https:\/\/denizcankizil.tr\/uk\/haberler\/gundem\/antalyada-tartismalara-konu-olan-mermerli-plajinin-kafeterya-bolumu-kapatildi\/","og_site_name":"Av. Deniz Can K\u0131z\u0131l","article_published_time":"2025-06-21T09:41:18+00:00","author":"Antalya K\u00f6rfez","twitter_card":"summary_large_image","twitter_misc":{"\u041d\u0430\u043f\u0438\u0441\u0430\u043d\u043e":"Antalya K\u00f6rfez","\u041f\u0440\u0438\u0431\u043b. \u0447\u0430\u0441 \u0447\u0438\u0442\u0430\u043d\u043d\u044f":"3 \u0445\u0432\u0438\u043b\u0438\u043d\u0438"},"schema":{"@context":"https:\/\/schema.org","@graph":[{"@type":"Article","@id":"https:\/\/denizcankizil.tr\/de\/haberler\/gundem\/antalyada-tartismalara-konu-olan-mermerli-plajinin-kafeterya-bolumu-kapatildi\/#article","isPartOf":{"@id":"https:\/\/denizcankizil.tr\/de\/haberler\/gundem\/antalyada-tartismalara-konu-olan-mermerli-plajinin-kafeterya-bolumu-kapatildi\/"},"author":{"name":"Antalya K\u00f6rfez","@id":"https:\/\/denizcankizil.tr\/#\/schema\/person\/e1eb71bb4dd684d46563f0af307e1234"},"headline":"Antalya\u2019da tart\u0131\u015fmalara konu olan Mermerli Plaj\u0131\u2019n\u0131n kafeterya b\u00f6l\u00fcm\u00fc kapat\u0131ld\u0131!","datePublished":"2025-06-21T09:41:18+00:00","mainEntityOfPage":{"@id":"https:\/\/denizcankizil.tr\/de\/haberler\/gundem\/antalyada-tartismalara-konu-olan-mermerli-plajinin-kafeterya-bolumu-kapatildi\/"},"wordCount":561,"publisher":{"@id":"https:\/\/denizcankizil.tr\/#organization"},"articleSection":["G\u00fcndem"],"inLanguage":"uk"},{"@type":"WebPage","@id":"https:\/\/denizcankizil.tr\/de\/haberler\/gundem\/antalyada-tartismalara-konu-olan-mermerli-plajinin-kafeterya-bolumu-kapatildi\/","url":"https:\/\/denizcankizil.tr\/de\/haberler\/gundem\/antalyada-tartismalara-konu-olan-mermerli-plajinin-kafeterya-bolumu-kapatildi\/","name":"Antalya\u2019da tart\u0131\u015fmalara konu olan Mermerli Plaj\u0131\u2019n\u0131n kafeterya b\u00f6l\u00fcm\u00fc kapat\u0131ld\u0131! - Av. Deniz Can K\u0131z\u0131l","isPartOf":{"@id":"https:\/\/denizcankizil.tr\/#website"},"datePublished":"2025-06-21T09:41:18+00:00","breadcrumb":{"@id":"https:\/\/denizcankizil.tr\/de\/haberler\/gundem\/antalyada-tartismalara-konu-olan-mermerli-plajinin-kafeterya-bolumu-kapatildi\/#breadcrumb"},"inLanguage":"uk","potentialAction":[{"@type":"ReadAction","target":["https:\/\/denizcankizil.tr\/de\/haberler\/gundem\/antalyada-tartismalara-konu-olan-mermerli-plajinin-kafeterya-bolumu-kapatildi\/"]}]},{"@type":"BreadcrumbList","@id":"https:\/\/denizcankizil.tr\/de\/haberler\/gundem\/antalyada-tartismalara-konu-olan-mermerli-plajinin-kafeterya-bolumu-kapatildi\/#breadcrumb","itemListElement":[{"@type":"ListItem","position":1,"name":"Home","item":"https:\/\/denizcankizil.tr\/de\/"},{"@type":"ListItem","position":2,"name":"Antalya\u2019da tart\u0131\u015fmalara konu olan Mermerli Plaj\u0131\u2019n\u0131n kafeterya b\u00f6l\u00fcm\u00fc kapat\u0131ld\u0131!"}]},{"@type":"WebSite","@id":"https:\/\/denizcankizil.tr\/#website","url":"https:\/\/denizcankizil.tr\/","name":"Av. Deniz Can K\u0131z\u0131l","description":"Avukat Deniz Can K\u0131z\u0131l Antalya Barosu","publisher":{"@id":"https:\/\/denizcankizil.tr\/#organization"},"potentialAction":[{"@type":"SearchAction","target":{"@type":"EntryPoint","urlTemplate":"https:\/\/denizcankizil.tr\/?s={search_term_string}"},"query-input":{"@type":"PropertyValueSpecification","valueRequired":true,"valueName":"search_term_string"}}],"inLanguage":"uk"},{"@type":"Organization","@id":"https:\/\/denizcankizil.tr\/#organization","name":"Av. Deniz Can K\u0131z\u0131l","url":"https:\/\/denizcankizil.tr\/","logo":{"@type":"ImageObject","inLanguage":"uk","@id":"https:\/\/denizcankizil.tr\/#\/schema\/logo\/image\/","url":"https:\/\/denizcankizil.tr\/wp-content\/uploads\/2024\/10\/siyah-logo-svg.svg","contentUrl":"https:\/\/denizcankizil.tr\/wp-content\/uploads\/2024\/10\/siyah-logo-svg.svg","width":1080,"height":1080,"caption":"Av. Deniz Can K\u0131z\u0131l"},"image":{"@id":"https:\/\/denizcankizil.tr\/#\/schema\/logo\/image\/"}},{"@type":"Person","@id":"https:\/\/denizcankizil.tr\/#\/schema\/person\/e1eb71bb4dd684d46563f0af307e1234","name":"Antalya K\u00f6rfez","image":{"@type":"ImageObject","inLanguage":"uk","@id":"https:\/\/denizcankizil.tr\/#\/schema\/person\/image\/","url":"https:\/\/secure.gravatar.com\/avatar\/42b01982558a48a0b501fdcab6a408d3717ea5919095ee2e67b0e521799c5905?s=96&d=mm&r=g","contentUrl":"https:\/\/secure.gravatar.com\/avatar\/42b01982558a48a0b501fdcab6a408d3717ea5919095ee2e67b0e521799c5905?s=96&d=mm&r=g","caption":"Antalya K\u00f6rfez"},"sameAs":["http:\/\/www.antalyakorfez.com"],"url":"https:\/\/www.antalyakorfez.com\/antalyada-tartismalara-konu-olan-mermerli-plajinin-kafeterya-bolumu-kapatildi"}]}},"_links":{"self":[{"href":"https:\/\/denizcankizil.tr\/uk\/wp-json\/wp\/v2\/posts\/122129","targetHints":{"allow":["GET"]}}],"collection":[{"href":"https:\/\/denizcankizil.tr\/uk\/wp-json\/wp\/v2\/posts"}],"about":[{"href":"https:\/\/denizcankizil.tr\/uk\/wp-json\/wp\/v2\/types\/post"}],"author":[{"embeddable":true,"href":"https:\/\/denizcankizil.tr\/uk\/wp-json\/wp\/v2\/users\/5"}],"replies":[{"embeddable":true,"href":"https:\/\/denizcankizil.tr\/uk\/wp-json\/wp\/v2\/comments?post=122129"}],"version-history":[{"count":0,"href":"https:\/\/denizcankizil.tr\/uk\/wp-json\/wp\/v2\/posts\/122129\/revisions"}],"wp:attachment":[{"href":"https:\/\/denizcankizil.tr\/uk\/wp-json\/wp\/v2\/media?parent=122129"}],"wp:term":[{"taxonomy":"category","embeddable":true,"href":"https:\/\/denizcankizil.tr\/uk\/wp-json\/wp\/v2\/categories?post=122129"},{"taxonomy":"post_tag","embeddable":true,"href":"https:\/\/denizcankizil.tr\/uk\/wp-json\/wp\/v2\/tags?post=122129"}],"curies":[{"name":"wp","href":"https:\/\/api.w.org\/{rel}","templated":true}]}}