{"id":12209,"date":"2024-11-03T18:41:28","date_gmt":"2024-11-03T15:41:28","guid":{"rendered":"https:\/\/denizcankizil.tr\/uncategorized-tr\/kuvvetli-ruzgar-nedeniyle-canakkale-bogazi-gecislere-kapatildi\/"},"modified":"2024-11-03T18:41:28","modified_gmt":"2024-11-03T15:41:28","slug":"kuvvetli-ruzgar-nedeniyle-canakkale-bogazi-gecislere-kapatildi","status":"publish","type":"post","link":"https:\/\/denizcankizil.tr\/uk\/haberler\/gundem\/kuvvetli-ruzgar-nedeniyle-canakkale-bogazi-gecislere-kapatildi\/","title":{"rendered":"Kuvvetli r\u00fczgar nedeniyle \u00c7anakkale Bo\u011faz\u0131 ge\u00e7i\u015flere kapat\u0131ld\u0131"},"content":{"rendered":"<p>\u00c7anakkale Bo\u011faz\u0131&#8217;nda etkili olan kuvvetli ak\u0131nt\u0131 ve sert r\u00fczgar nedeniyle deniz ula\u015f\u0131m\u0131nda aksamalar ya\u015fan\u0131yor. Saat 16.00 itibariyle \u00c7anakkale Bo\u011faz\u0131 kuvvetli ak\u0131nt\u0131 ve sert r\u00fczgar nedeniyle maksimum manevra s\u00fcrati 10 knot alt\u0131nda olan t\u00fcm gemiler i\u00e7in \u00e7ift y\u00f6nl\u00fc olarak transit gemi ge\u00e7i\u015flerine kapat\u0131ld\u0131.\u00a0<\/p>\n<p>POYRAZ ULA\u015eIMDA AKSAMALARA NEDEN OLDU\u00a0<\/p>\n<p>Poyraz f\u0131rt\u0131nas\u0131, Marmara Denizi&#8217;nde uluslararas\u0131 y\u00fck ta\u015f\u0131mac\u0131l\u0131\u011f\u0131 yapan gemilerin rotas\u0131nda zorluklar olu\u015fturdu. F\u0131rt\u0131na ile beraber y\u00fckselen dalgalar, gemilerin g\u00fcvenli seyahatini engellerken, bir\u00e7ok b\u00fcy\u00fck gemi Tekirda\u011f k\u0131y\u0131lar\u0131na yak\u0131n b\u00f6lgede demir atmak zorunda kald\u0131. Tekirda\u011f&#8217;daki bal\u0131k\u00e7\u0131lar da f\u0131rt\u0131nan\u0131n etkisiyle denize a\u00e7\u0131lamazken, teknelerini bar\u0131naklarda r\u0131ht\u0131ma ba\u011flad\u0131. B\u00f6lgedeki yetkililer, poyraz\u0131n etkisinin azalmas\u0131n\u0131n ard\u0131ndan bal\u0131k\u00e7\u0131lar\u0131n tekrar denize a\u00e7\u0131larak avc\u0131l\u0131\u011fa devam edece\u011fini belirtti. Yetkililer, f\u0131rt\u0131nan\u0131n etkisini azaltmas\u0131 ve deniz \u015fartlar\u0131n\u0131n d\u00fczelmesiyle bal\u0131k\u00e7\u0131lar\u0131n faaliyetlerine devam edece\u011fini vurgularken, Tekirda\u011f&#8217;daki limanlarda bekleyen gemilerin de uygun \u015fartlar olu\u015ftu\u011funda yolculuklar\u0131na devam etmesi bekleniyor. Marmara Denizi&#8217;nde hava \u015fartlar\u0131n\u0131n d\u00fczelmesi, b\u00f6lgedeki deniz trafi\u011fini ve bal\u0131k\u00e7\u0131l\u0131k faaliyetlerini normal seyrine d\u00f6nd\u00fcrecek.<\/p>\n<p>\u00a0 \u00a0 \u00a0 \u00a0 \u00a0 \u00a0 \u00a0 \u00a0 \u00a0 \u00a0 \u00a0 \u00a0 \u00a0 \u00a0 \u00a0 \u00a0 \u00a0 \u00a0 \u00a0\u00a0<br \/>\n\u00a0<\/p>\n<p>\u200b\u00c7anakkale Bo\u011faz\u0131, kuvvetli ak\u0131nt\u0131 ve sert r\u00fczgar nedeniyle 10 knot alt\u0131nda olan t\u00fcm gemiler i\u00e7in transit gemi ge\u00e7i\u015flerine kapat\u0131ld\u0131\u00a0<\/p>\n<p>\u200bHaberin Al\u0131nt\u0131land\u0131\u011f\u0131 Kaynak: www.antalyakorfez.com<\/p>","protected":false},"excerpt":{"rendered":"<p>\u00c7anakkale Bo\u011faz\u0131&#8217;nda etkili olan kuvvetli ak\u0131nt\u0131 ve sert r\u00fczgar nedeniyle deniz ula\u015f\u0131m\u0131nda aksamalar ya\u015fan\u0131yor. Saat 16.00 itibariyle \u00c7anakkale Bo\u011faz\u0131 kuvvetli ak\u0131nt\u0131 ve sert r\u00fczgar nedeniyle maksimum manevra s\u00fcrati 10 knot alt\u0131nda olan t\u00fcm gemiler i\u00e7in \u00e7ift y\u00f6nl\u00fc olarak transit gemi ge\u00e7i\u015flerine kapat\u0131ld\u0131.\u00a0 POYRAZ ULA\u015eIMDA AKSAMALARA NEDEN OLDU\u00a0 Poyraz f\u0131rt\u0131nas\u0131, Marmara Denizi&#8217;nde uluslararas\u0131 y\u00fck ta\u015f\u0131mac\u0131l\u0131\u011f\u0131 yapan gemilerin rotas\u0131nda zorluklar olu\u015fturdu. F\u0131rt\u0131na ile beraber y\u00fckselen dalgalar, gemilerin g\u00fcvenli seyahatini engellerken, bir\u00e7ok b\u00fcy\u00fck gemi Tekirda\u011f k\u0131y\u0131lar\u0131na yak\u0131n b\u00f6lgede demir atmak zorunda kald\u0131. Tekirda\u011f&#8217;daki bal\u0131k\u00e7\u0131lar da f\u0131rt\u0131nan\u0131n etkisiyle denize a\u00e7\u0131lamazken, teknelerini bar\u0131naklarda r\u0131ht\u0131ma ba\u011flad\u0131. B\u00f6lgedeki yetkililer, poyraz\u0131n etkisinin azalmas\u0131n\u0131n ard\u0131ndan bal\u0131k\u00e7\u0131lar\u0131n tekrar denize a\u00e7\u0131larak avc\u0131l\u0131\u011fa devam edece\u011fini belirtti. Yetkililer, f\u0131rt\u0131nan\u0131n etkisini azaltmas\u0131 ve deniz \u015fartlar\u0131n\u0131n d\u00fczelmesiyle bal\u0131k\u00e7\u0131lar\u0131n faaliyetlerine devam edece\u011fini vurgularken, Tekirda\u011f&#8217;daki limanlarda bekleyen gemilerin de uygun \u015fartlar olu\u015ftu\u011funda yolculuklar\u0131na devam etmesi bekleniyor. Marmara Denizi&#8217;nde hava \u015fartlar\u0131n\u0131n d\u00fczelmesi, b\u00f6lgedeki deniz trafi\u011fini ve bal\u0131k\u00e7\u0131l\u0131k faaliyetlerini normal seyrine d\u00f6nd\u00fcrecek. \u00a0 \u00a0 \u00a0 \u00a0 \u00a0 \u00a0 \u00a0 \u00a0 \u00a0 \u00a0 \u00a0 \u00a0 \u00a0 \u00a0 \u00a0 \u00a0 \u00a0 \u00a0 \u00a0\u00a0 \u00a0 \u200b\u00c7anakkale Bo\u011faz\u0131, kuvvetli ak\u0131nt\u0131 ve sert r\u00fczgar nedeniyle 10 knot alt\u0131nda olan t\u00fcm gemiler i\u00e7in transit gemi ge\u00e7i\u015flerine kapat\u0131ld\u0131\u00a0 \u200bHaberin Al\u0131nt\u0131land\u0131\u011f\u0131 Kaynak: www.antalyakorfez.com<\/p>","protected":false},"author":0,"featured_media":0,"comment_status":"open","ping_status":"open","sticky":false,"template":"","format":"standard","meta":{"_acf_changed":false,"footnotes":""},"categories":[24,535],"tags":[],"class_list":["post-12209","post","type-post","status-publish","format-standard","has-post-thumbnail","hentry","category-gundem","category-uncategorized-tr"],"acf":[],"yoast_head":"<!-- This site is optimized with the Yoast SEO Premium plugin v26.6 (Yoast SEO v27.1.1) - https:\/\/yoast.com\/product\/yoast-seo-premium-wordpress\/ -->\n<title>Kuvvetli r\u00fczgar nedeniyle \u00c7anakkale Bo\u011faz\u0131 ge\u00e7i\u015flere kapat\u0131ld\u0131 - Av. Deniz Can K\u0131z\u0131l<\/title>\n<meta name=\"robots\" content=\"index, follow, max-snippet:-1, max-image-preview:large, max-video-preview:-1\" \/>\n<link rel=\"canonical\" href=\"https:\/\/denizcankizil.tr\/uk\/haberler\/gundem\/kuvvetli-ruzgar-nedeniyle-canakkale-bogazi-gecislere-kapatildi\/\" \/>\n<meta property=\"og:locale\" content=\"uk_UA\" \/>\n<meta property=\"og:type\" content=\"article\" \/>\n<meta property=\"og:title\" content=\"Kuvvetli r\u00fczgar nedeniyle \u00c7anakkale Bo\u011faz\u0131 ge\u00e7i\u015flere kapat\u0131ld\u0131\" \/>\n<meta property=\"og:description\" content=\"\u00c7anakkale Bo\u011faz\u0131&#8217;nda etkili olan kuvvetli ak\u0131nt\u0131 ve sert r\u00fczgar nedeniyle deniz ula\u015f\u0131m\u0131nda aksamalar ya\u015fan\u0131yor. Saat 16.00 itibariyle \u00c7anakkale Bo\u011faz\u0131 kuvvetli ak\u0131nt\u0131 ve sert r\u00fczgar nedeniyle maksimum manevra s\u00fcrati 10 knot alt\u0131nda olan t\u00fcm gemiler i\u00e7in \u00e7ift y\u00f6nl\u00fc olarak transit gemi ge\u00e7i\u015flerine kapat\u0131ld\u0131.\u00a0 POYRAZ ULA\u015eIMDA AKSAMALARA NEDEN OLDU\u00a0 Poyraz f\u0131rt\u0131nas\u0131, Marmara Denizi&#8217;nde uluslararas\u0131 y\u00fck ta\u015f\u0131mac\u0131l\u0131\u011f\u0131 yapan gemilerin rotas\u0131nda zorluklar olu\u015fturdu. F\u0131rt\u0131na ile beraber y\u00fckselen dalgalar, gemilerin g\u00fcvenli seyahatini engellerken, bir\u00e7ok b\u00fcy\u00fck gemi Tekirda\u011f k\u0131y\u0131lar\u0131na yak\u0131n b\u00f6lgede demir atmak zorunda kald\u0131. Tekirda\u011f&#8217;daki bal\u0131k\u00e7\u0131lar da f\u0131rt\u0131nan\u0131n etkisiyle denize a\u00e7\u0131lamazken, teknelerini bar\u0131naklarda r\u0131ht\u0131ma ba\u011flad\u0131. B\u00f6lgedeki yetkililer, poyraz\u0131n etkisinin azalmas\u0131n\u0131n ard\u0131ndan bal\u0131k\u00e7\u0131lar\u0131n tekrar denize a\u00e7\u0131larak avc\u0131l\u0131\u011fa devam edece\u011fini belirtti. Yetkililer, f\u0131rt\u0131nan\u0131n etkisini azaltmas\u0131 ve deniz \u015fartlar\u0131n\u0131n d\u00fczelmesiyle bal\u0131k\u00e7\u0131lar\u0131n faaliyetlerine devam edece\u011fini vurgularken, Tekirda\u011f&#8217;daki limanlarda bekleyen gemilerin de uygun \u015fartlar olu\u015ftu\u011funda yolculuklar\u0131na devam etmesi bekleniyor. Marmara Denizi&#8217;nde hava \u015fartlar\u0131n\u0131n d\u00fczelmesi, b\u00f6lgedeki deniz trafi\u011fini ve bal\u0131k\u00e7\u0131l\u0131k faaliyetlerini normal seyrine d\u00f6nd\u00fcrecek. \u00a0 \u00a0 \u00a0 \u00a0 \u00a0 \u00a0 \u00a0 \u00a0 \u00a0 \u00a0 \u00a0 \u00a0 \u00a0 \u00a0 \u00a0 \u00a0 \u00a0 \u00a0 \u00a0\u00a0 \u00a0 \u200b\u00c7anakkale Bo\u011faz\u0131, kuvvetli ak\u0131nt\u0131 ve sert r\u00fczgar nedeniyle 10 knot alt\u0131nda olan t\u00fcm gemiler i\u00e7in transit gemi ge\u00e7i\u015flerine kapat\u0131ld\u0131\u00a0 \u200bHaberin Al\u0131nt\u0131land\u0131\u011f\u0131 Kaynak: www.antalyakorfez.com\" \/>\n<meta property=\"og:url\" content=\"https:\/\/denizcankizil.tr\/uk\/haberler\/gundem\/kuvvetli-ruzgar-nedeniyle-canakkale-bogazi-gecislere-kapatildi\/\" \/>\n<meta property=\"og:site_name\" content=\"Av. Deniz Can K\u0131z\u0131l\" \/>\n<meta property=\"article:published_time\" content=\"2024-11-03T15:41:28+00:00\" \/>\n<meta name=\"twitter:card\" content=\"summary_large_image\" \/>\n<meta name=\"twitter:label1\" content=\"\u041f\u0440\u0438\u0431\u043b. \u0447\u0430\u0441 \u0447\u0438\u0442\u0430\u043d\u043d\u044f\" \/>\n\t<meta name=\"twitter:data1\" content=\"1 \u0445\u0432\u0438\u043b\u0438\u043d\u0430\" \/>\n<script type=\"application\/ld+json\" class=\"yoast-schema-graph\">{\"@context\":\"https:\/\/schema.org\",\"@graph\":[{\"@type\":\"Article\",\"@id\":\"https:\/\/denizcankizil.tr\/uk\/haberler\/gundem\/kuvvetli-ruzgar-nedeniyle-canakkale-bogazi-gecislere-kapatildi\/#article\",\"isPartOf\":{\"@id\":\"https:\/\/denizcankizil.tr\/uk\/haberler\/gundem\/kuvvetli-ruzgar-nedeniyle-canakkale-bogazi-gecislere-kapatildi\/\"},\"author\":{\"name\":\"\",\"@id\":\"\"},\"headline\":\"Kuvvetli r\u00fczgar nedeniyle \u00c7anakkale Bo\u011faz\u0131 ge\u00e7i\u015flere kapat\u0131ld\u0131\",\"datePublished\":\"2024-11-03T15:41:28+00:00\",\"mainEntityOfPage\":{\"@id\":\"https:\/\/denizcankizil.tr\/uk\/haberler\/gundem\/kuvvetli-ruzgar-nedeniyle-canakkale-bogazi-gecislere-kapatildi\/\"},\"wordCount\":276,\"commentCount\":0,\"publisher\":{\"@id\":\"https:\/\/denizcankizil.tr\/#organization\"},\"articleSection\":[\"G\u00fcndem\",\"Uncategorized\"],\"inLanguage\":\"uk\",\"potentialAction\":[{\"@type\":\"CommentAction\",\"name\":\"Comment\",\"target\":[\"https:\/\/denizcankizil.tr\/uk\/haberler\/gundem\/kuvvetli-ruzgar-nedeniyle-canakkale-bogazi-gecislere-kapatildi\/#respond\"]}]},{\"@type\":\"WebPage\",\"@id\":\"https:\/\/denizcankizil.tr\/uk\/haberler\/gundem\/kuvvetli-ruzgar-nedeniyle-canakkale-bogazi-gecislere-kapatildi\/\",\"url\":\"https:\/\/denizcankizil.tr\/uk\/haberler\/gundem\/kuvvetli-ruzgar-nedeniyle-canakkale-bogazi-gecislere-kapatildi\/\",\"name\":\"Kuvvetli r\u00fczgar nedeniyle \u00c7anakkale Bo\u011faz\u0131 ge\u00e7i\u015flere kapat\u0131ld\u0131 - Av. Deniz Can K\u0131z\u0131l\",\"isPartOf\":{\"@id\":\"https:\/\/denizcankizil.tr\/#website\"},\"datePublished\":\"2024-11-03T15:41:28+00:00\",\"breadcrumb\":{\"@id\":\"https:\/\/denizcankizil.tr\/uk\/haberler\/gundem\/kuvvetli-ruzgar-nedeniyle-canakkale-bogazi-gecislere-kapatildi\/#breadcrumb\"},\"inLanguage\":\"uk\",\"potentialAction\":[{\"@type\":\"ReadAction\",\"target\":[\"https:\/\/denizcankizil.tr\/uk\/haberler\/gundem\/kuvvetli-ruzgar-nedeniyle-canakkale-bogazi-gecislere-kapatildi\/\"]}]},{\"@type\":\"BreadcrumbList\",\"@id\":\"https:\/\/denizcankizil.tr\/uk\/haberler\/gundem\/kuvvetli-ruzgar-nedeniyle-canakkale-bogazi-gecislere-kapatildi\/#breadcrumb\",\"itemListElement\":[{\"@type\":\"ListItem\",\"position\":1,\"name\":\"Home\",\"item\":\"https:\/\/denizcankizil.tr\/de\/\"},{\"@type\":\"ListItem\",\"position\":2,\"name\":\"Kuvvetli r\u00fczgar nedeniyle \u00c7anakkale Bo\u011faz\u0131 ge\u00e7i\u015flere kapat\u0131ld\u0131\"}]},{\"@type\":\"WebSite\",\"@id\":\"https:\/\/denizcankizil.tr\/#website\",\"url\":\"https:\/\/denizcankizil.tr\/\",\"name\":\"Av. Deniz Can K\u0131z\u0131l\",\"description\":\"Avukat Deniz Can K\u0131z\u0131l Antalya Barosu\",\"publisher\":{\"@id\":\"https:\/\/denizcankizil.tr\/#organization\"},\"potentialAction\":[{\"@type\":\"SearchAction\",\"target\":{\"@type\":\"EntryPoint\",\"urlTemplate\":\"https:\/\/denizcankizil.tr\/?s={search_term_string}\"},\"query-input\":{\"@type\":\"PropertyValueSpecification\",\"valueRequired\":true,\"valueName\":\"search_term_string\"}}],\"inLanguage\":\"uk\"},{\"@type\":\"Organization\",\"@id\":\"https:\/\/denizcankizil.tr\/#organization\",\"name\":\"Av. Deniz Can K\u0131z\u0131l\",\"url\":\"https:\/\/denizcankizil.tr\/\",\"logo\":{\"@type\":\"ImageObject\",\"inLanguage\":\"uk\",\"@id\":\"https:\/\/denizcankizil.tr\/#\/schema\/logo\/image\/\",\"url\":\"https:\/\/denizcankizil.tr\/wp-content\/uploads\/2024\/10\/siyah-logo-svg.svg\",\"contentUrl\":\"https:\/\/denizcankizil.tr\/wp-content\/uploads\/2024\/10\/siyah-logo-svg.svg\",\"width\":1080,\"height\":1080,\"caption\":\"Av. Deniz Can K\u0131z\u0131l\"},\"image\":{\"@id\":\"https:\/\/denizcankizil.tr\/#\/schema\/logo\/image\/\"}}]}<\/script>\n<!-- \/ Yoast SEO Premium plugin. -->","yoast_head_json":{"title":"Kuvvetli r\u00fczgar nedeniyle \u00c7anakkale Bo\u011faz\u0131 ge\u00e7i\u015flere kapat\u0131ld\u0131 - Av. Deniz Can K\u0131z\u0131l","robots":{"index":"index","follow":"follow","max-snippet":"max-snippet:-1","max-image-preview":"max-image-preview:large","max-video-preview":"max-video-preview:-1"},"canonical":"https:\/\/denizcankizil.tr\/uk\/haberler\/gundem\/kuvvetli-ruzgar-nedeniyle-canakkale-bogazi-gecislere-kapatildi\/","og_locale":"uk_UA","og_type":"article","og_title":"Kuvvetli r\u00fczgar nedeniyle \u00c7anakkale Bo\u011faz\u0131 ge\u00e7i\u015flere kapat\u0131ld\u0131","og_description":"\u00c7anakkale Bo\u011faz\u0131&#8217;nda etkili olan kuvvetli ak\u0131nt\u0131 ve sert r\u00fczgar nedeniyle deniz ula\u015f\u0131m\u0131nda aksamalar ya\u015fan\u0131yor. Saat 16.00 itibariyle \u00c7anakkale Bo\u011faz\u0131 kuvvetli ak\u0131nt\u0131 ve sert r\u00fczgar nedeniyle maksimum manevra s\u00fcrati 10 knot alt\u0131nda olan t\u00fcm gemiler i\u00e7in \u00e7ift y\u00f6nl\u00fc olarak transit gemi ge\u00e7i\u015flerine kapat\u0131ld\u0131.\u00a0 POYRAZ ULA\u015eIMDA AKSAMALARA NEDEN OLDU\u00a0 Poyraz f\u0131rt\u0131nas\u0131, Marmara Denizi&#8217;nde uluslararas\u0131 y\u00fck ta\u015f\u0131mac\u0131l\u0131\u011f\u0131 yapan gemilerin rotas\u0131nda zorluklar olu\u015fturdu. F\u0131rt\u0131na ile beraber y\u00fckselen dalgalar, gemilerin g\u00fcvenli seyahatini engellerken, bir\u00e7ok b\u00fcy\u00fck gemi Tekirda\u011f k\u0131y\u0131lar\u0131na yak\u0131n b\u00f6lgede demir atmak zorunda kald\u0131. Tekirda\u011f&#8217;daki bal\u0131k\u00e7\u0131lar da f\u0131rt\u0131nan\u0131n etkisiyle denize a\u00e7\u0131lamazken, teknelerini bar\u0131naklarda r\u0131ht\u0131ma ba\u011flad\u0131. B\u00f6lgedeki yetkililer, poyraz\u0131n etkisinin azalmas\u0131n\u0131n ard\u0131ndan bal\u0131k\u00e7\u0131lar\u0131n tekrar denize a\u00e7\u0131larak avc\u0131l\u0131\u011fa devam edece\u011fini belirtti. Yetkililer, f\u0131rt\u0131nan\u0131n etkisini azaltmas\u0131 ve deniz \u015fartlar\u0131n\u0131n d\u00fczelmesiyle bal\u0131k\u00e7\u0131lar\u0131n faaliyetlerine devam edece\u011fini vurgularken, Tekirda\u011f&#8217;daki limanlarda bekleyen gemilerin de uygun \u015fartlar olu\u015ftu\u011funda yolculuklar\u0131na devam etmesi bekleniyor. Marmara Denizi&#8217;nde hava \u015fartlar\u0131n\u0131n d\u00fczelmesi, b\u00f6lgedeki deniz trafi\u011fini ve bal\u0131k\u00e7\u0131l\u0131k faaliyetlerini normal seyrine d\u00f6nd\u00fcrecek. \u00a0 \u00a0 \u00a0 \u00a0 \u00a0 \u00a0 \u00a0 \u00a0 \u00a0 \u00a0 \u00a0 \u00a0 \u00a0 \u00a0 \u00a0 \u00a0 \u00a0 \u00a0 \u00a0\u00a0 \u00a0 \u200b\u00c7anakkale Bo\u011faz\u0131, kuvvetli ak\u0131nt\u0131 ve sert r\u00fczgar nedeniyle 10 knot alt\u0131nda olan t\u00fcm gemiler i\u00e7in transit gemi ge\u00e7i\u015flerine kapat\u0131ld\u0131\u00a0 \u200bHaberin Al\u0131nt\u0131land\u0131\u011f\u0131 Kaynak: www.antalyakorfez.com","og_url":"https:\/\/denizcankizil.tr\/uk\/haberler\/gundem\/kuvvetli-ruzgar-nedeniyle-canakkale-bogazi-gecislere-kapatildi\/","og_site_name":"Av. Deniz Can K\u0131z\u0131l","article_published_time":"2024-11-03T15:41:28+00:00","twitter_card":"summary_large_image","twitter_misc":{"\u041f\u0440\u0438\u0431\u043b. \u0447\u0430\u0441 \u0447\u0438\u0442\u0430\u043d\u043d\u044f":"1 \u0445\u0432\u0438\u043b\u0438\u043d\u0430"},"schema":{"@context":"https:\/\/schema.org","@graph":[{"@type":"Article","@id":"https:\/\/denizcankizil.tr\/uk\/haberler\/gundem\/kuvvetli-ruzgar-nedeniyle-canakkale-bogazi-gecislere-kapatildi\/#article","isPartOf":{"@id":"https:\/\/denizcankizil.tr\/uk\/haberler\/gundem\/kuvvetli-ruzgar-nedeniyle-canakkale-bogazi-gecislere-kapatildi\/"},"author":{"name":"","@id":""},"headline":"Kuvvetli r\u00fczgar nedeniyle \u00c7anakkale Bo\u011faz\u0131 ge\u00e7i\u015flere kapat\u0131ld\u0131","datePublished":"2024-11-03T15:41:28+00:00","mainEntityOfPage":{"@id":"https:\/\/denizcankizil.tr\/uk\/haberler\/gundem\/kuvvetli-ruzgar-nedeniyle-canakkale-bogazi-gecislere-kapatildi\/"},"wordCount":276,"commentCount":0,"publisher":{"@id":"https:\/\/denizcankizil.tr\/#organization"},"articleSection":["G\u00fcndem","Uncategorized"],"inLanguage":"uk","potentialAction":[{"@type":"CommentAction","name":"Comment","target":["https:\/\/denizcankizil.tr\/uk\/haberler\/gundem\/kuvvetli-ruzgar-nedeniyle-canakkale-bogazi-gecislere-kapatildi\/#respond"]}]},{"@type":"WebPage","@id":"https:\/\/denizcankizil.tr\/uk\/haberler\/gundem\/kuvvetli-ruzgar-nedeniyle-canakkale-bogazi-gecislere-kapatildi\/","url":"https:\/\/denizcankizil.tr\/uk\/haberler\/gundem\/kuvvetli-ruzgar-nedeniyle-canakkale-bogazi-gecislere-kapatildi\/","name":"Kuvvetli r\u00fczgar nedeniyle \u00c7anakkale Bo\u011faz\u0131 ge\u00e7i\u015flere kapat\u0131ld\u0131 - Av. Deniz Can K\u0131z\u0131l","isPartOf":{"@id":"https:\/\/denizcankizil.tr\/#website"},"datePublished":"2024-11-03T15:41:28+00:00","breadcrumb":{"@id":"https:\/\/denizcankizil.tr\/uk\/haberler\/gundem\/kuvvetli-ruzgar-nedeniyle-canakkale-bogazi-gecislere-kapatildi\/#breadcrumb"},"inLanguage":"uk","potentialAction":[{"@type":"ReadAction","target":["https:\/\/denizcankizil.tr\/uk\/haberler\/gundem\/kuvvetli-ruzgar-nedeniyle-canakkale-bogazi-gecislere-kapatildi\/"]}]},{"@type":"BreadcrumbList","@id":"https:\/\/denizcankizil.tr\/uk\/haberler\/gundem\/kuvvetli-ruzgar-nedeniyle-canakkale-bogazi-gecislere-kapatildi\/#breadcrumb","itemListElement":[{"@type":"ListItem","position":1,"name":"Home","item":"https:\/\/denizcankizil.tr\/de\/"},{"@type":"ListItem","position":2,"name":"Kuvvetli r\u00fczgar nedeniyle \u00c7anakkale Bo\u011faz\u0131 ge\u00e7i\u015flere kapat\u0131ld\u0131"}]},{"@type":"WebSite","@id":"https:\/\/denizcankizil.tr\/#website","url":"https:\/\/denizcankizil.tr\/","name":"Av. Deniz Can K\u0131z\u0131l","description":"Avukat Deniz Can K\u0131z\u0131l Antalya Barosu","publisher":{"@id":"https:\/\/denizcankizil.tr\/#organization"},"potentialAction":[{"@type":"SearchAction","target":{"@type":"EntryPoint","urlTemplate":"https:\/\/denizcankizil.tr\/?s={search_term_string}"},"query-input":{"@type":"PropertyValueSpecification","valueRequired":true,"valueName":"search_term_string"}}],"inLanguage":"uk"},{"@type":"Organization","@id":"https:\/\/denizcankizil.tr\/#organization","name":"Av. Deniz Can K\u0131z\u0131l","url":"https:\/\/denizcankizil.tr\/","logo":{"@type":"ImageObject","inLanguage":"uk","@id":"https:\/\/denizcankizil.tr\/#\/schema\/logo\/image\/","url":"https:\/\/denizcankizil.tr\/wp-content\/uploads\/2024\/10\/siyah-logo-svg.svg","contentUrl":"https:\/\/denizcankizil.tr\/wp-content\/uploads\/2024\/10\/siyah-logo-svg.svg","width":1080,"height":1080,"caption":"Av. Deniz Can K\u0131z\u0131l"},"image":{"@id":"https:\/\/denizcankizil.tr\/#\/schema\/logo\/image\/"}}]}},"_links":{"self":[{"href":"https:\/\/denizcankizil.tr\/uk\/wp-json\/wp\/v2\/posts\/12209","targetHints":{"allow":["GET"]}}],"collection":[{"href":"https:\/\/denizcankizil.tr\/uk\/wp-json\/wp\/v2\/posts"}],"about":[{"href":"https:\/\/denizcankizil.tr\/uk\/wp-json\/wp\/v2\/types\/post"}],"replies":[{"embeddable":true,"href":"https:\/\/denizcankizil.tr\/uk\/wp-json\/wp\/v2\/comments?post=12209"}],"version-history":[{"count":0,"href":"https:\/\/denizcankizil.tr\/uk\/wp-json\/wp\/v2\/posts\/12209\/revisions"}],"wp:attachment":[{"href":"https:\/\/denizcankizil.tr\/uk\/wp-json\/wp\/v2\/media?parent=12209"}],"wp:term":[{"taxonomy":"category","embeddable":true,"href":"https:\/\/denizcankizil.tr\/uk\/wp-json\/wp\/v2\/categories?post=12209"},{"taxonomy":"post_tag","embeddable":true,"href":"https:\/\/denizcankizil.tr\/uk\/wp-json\/wp\/v2\/tags?post=12209"}],"curies":[{"name":"wp","href":"https:\/\/api.w.org\/{rel}","templated":true}]}}