{"id":122087,"date":"2025-06-21T11:41:17","date_gmt":"2025-06-21T08:41:17","guid":{"rendered":"https:\/\/denizcankizil.tr\/uncategorized-tr\/adanada-kimligini-unutan-ogrenciye-polisten-destek\/"},"modified":"2025-06-21T11:41:17","modified_gmt":"2025-06-21T08:41:17","slug":"adanada-kimligini-unutan-ogrenciye-polisten-destek","status":"publish","type":"post","link":"https:\/\/denizcankizil.tr\/uk\/haberler\/gundem\/adanada-kimligini-unutan-ogrenciye-polisten-destek\/","title":{"rendered":"Adana\u2019da kimli\u011fini unutan \u00f6\u011frenciye polisten destek"},"content":{"rendered":"<p>Adana\u2019da binlerce \u00f6\u011frenci, \u00fcniversite hayaline kavu\u015fmak i\u00e7in Y\u00fcksek\u00f6\u011fretim Kurumlar\u0131 S\u0131nav\u0131&#8217;na (YKS) girmek \u00fczere sabah saatlerinde s\u0131nav merkezlerine ak\u0131n etti. Kozan il\u00e7esinde kimli\u011fini unutan bir \u00f6\u011frenciye polis ekipleri yard\u0131mc\u0131 oldu. Kozan Yusuf Baysal Anadolu Lisesi&#8217;nde s\u0131nava girecek olan \u00f6\u011frencilerden Zeynep Ya\u011fmurca, kimlik kart\u0131n\u0131 evde unuttu\u011funu fark edince durumu polise bildirdi. Bunun \u00fczerine harekete ge\u00e7en ekipler, \u00f6\u011frencinin yeni kimli\u011fini \u0130l\u00e7e N\u00fcfus M\u00fcd\u00fcrl\u00fc\u011f\u00fc\u2019nden \u00e7\u0131kard\u0131.<\/p>\n<p>HEMEN K\u0130ML\u0130K \u00c7IKARILDI<\/p>\n<p>Vesikal\u0131k foto\u011fraf\u0131n\u0131n da olmamas\u0131 nedeniyle, \u00f6nce bir foto\u011fraf\u00e7\u0131ya g\u00f6t\u00fcr\u00fclen \u00f6\u011frenci, ard\u0131ndan trafik polisleri e\u015fli\u011finde s\u0131nav merkezine yeti\u015ftirildi. S\u0131nav\u0131n ba\u015flamas\u0131na 4 dakika kala okul kap\u0131s\u0131na ula\u015fan gen\u00e7, b\u00fcy\u00fck panik ya\u015fasa da s\u0131nava girmeyi ba\u015fard\u0131. O anlar \u00e7evrede bulunan aileler ve g\u00f6revliler taraf\u0131ndan takdirle kar\u015f\u0131land\u0131.<\/p>\n<p>SON ANDA G\u0130TT\u0130 AMA YET\u0130\u015eEMED\u0130<\/p>\n<p>\u00d6te yandan, s\u0131nav saati olan 10.00&#8217;u saniyeler ge\u00e7e kap\u0131ya ula\u015fan bir ba\u015fka \u00f6\u011frenci ise i\u00e7eri al\u0131nmad\u0131. Trafik nedeniyle ge\u00e7 kald\u0131\u011f\u0131n\u0131 belirten \u00f6\u011frenciye, polis memurlar\u0131 &#8220;Ke\u015fke bize haber verseydin, seni yeti\u015ftirirdik&#8221; diyerek teselli etmeye \u00e7al\u0131\u015ft\u0131. Okul kap\u0131s\u0131nda \u00e7ocuklar\u0131n\u0131 bekleyenlerden D\u00f6ne E\u015fe ise duygu dolu anlar ya\u015fad\u0131\u011f\u0131n\u0131 kaydetti. E\u015fe, &#8220;K\u0131z\u0131m g\u00fcnler \u00f6ncesinden haz\u0131rland\u0131, hi\u00e7 stres yapma dedim. Hayalleri in\u015fallah ger\u00e7ek olur&#8221; dedi.<\/p>\n<p>\u200bAdana\u2019da binlerce \u00f6\u011frenci, \u00fcniversiteye giri\u015f i\u00e7in sabah\u0131n erken saatlerinde Y\u00fcksek\u00f6\u011fretim Kurumlar\u0131 S\u0131nav\u0131\u2019na (YKS) girmek \u00fczere s\u0131nav merkezlerine ak\u0131n etti. Kozan il\u00e7esinde s\u0131nava girece\u011fi s\u0131rada kimli\u011fini unuttu\u011funu fark eden bir \u00f6\u011frenciye ise polis ekipleri h\u0131zl\u0131ca yard\u0131mc\u0131 olarak s\u0131nava yeti\u015fmesini sa\u011flad\u0131.\u00a0<\/p>\n<p>\u200bHaberin Al\u0131nt\u0131land\u0131\u011f\u0131 Kaynak: www.antalyakorfez.com<\/p>","protected":false},"excerpt":{"rendered":"<p>Adana\u2019da binlerce \u00f6\u011frenci, \u00fcniversite hayaline kavu\u015fmak i\u00e7in Y\u00fcksek\u00f6\u011fretim Kurumlar\u0131 S\u0131nav\u0131&#8217;na (YKS) girmek \u00fczere sabah saatlerinde s\u0131nav merkezlerine ak\u0131n etti. Kozan il\u00e7esinde kimli\u011fini unutan bir \u00f6\u011frenciye polis ekipleri yard\u0131mc\u0131 oldu. Kozan Yusuf Baysal Anadolu Lisesi&#8217;nde s\u0131nava girecek olan \u00f6\u011frencilerden Zeynep Ya\u011fmurca, kimlik kart\u0131n\u0131 evde unuttu\u011funu fark edince durumu polise bildirdi. Bunun \u00fczerine harekete ge\u00e7en ekipler, \u00f6\u011frencinin yeni kimli\u011fini \u0130l\u00e7e N\u00fcfus M\u00fcd\u00fcrl\u00fc\u011f\u00fc\u2019nden \u00e7\u0131kard\u0131. HEMEN K\u0130ML\u0130K \u00c7IKARILDI Vesikal\u0131k foto\u011fraf\u0131n\u0131n da olmamas\u0131 nedeniyle, \u00f6nce bir foto\u011fraf\u00e7\u0131ya g\u00f6t\u00fcr\u00fclen \u00f6\u011frenci, ard\u0131ndan trafik polisleri e\u015fli\u011finde s\u0131nav merkezine yeti\u015ftirildi. S\u0131nav\u0131n ba\u015flamas\u0131na 4 dakika kala okul kap\u0131s\u0131na ula\u015fan gen\u00e7, b\u00fcy\u00fck panik ya\u015fasa da s\u0131nava girmeyi ba\u015fard\u0131. O anlar \u00e7evrede bulunan aileler ve g\u00f6revliler taraf\u0131ndan takdirle kar\u015f\u0131land\u0131. SON ANDA G\u0130TT\u0130 AMA YET\u0130\u015eEMED\u0130 \u00d6te yandan, s\u0131nav saati olan 10.00&#8217;u saniyeler ge\u00e7e kap\u0131ya ula\u015fan bir ba\u015fka \u00f6\u011frenci ise i\u00e7eri al\u0131nmad\u0131. Trafik nedeniyle ge\u00e7 kald\u0131\u011f\u0131n\u0131 belirten \u00f6\u011frenciye, polis memurlar\u0131 &#8220;Ke\u015fke bize haber verseydin, seni yeti\u015ftirirdik&#8221; diyerek teselli etmeye \u00e7al\u0131\u015ft\u0131. Okul kap\u0131s\u0131nda \u00e7ocuklar\u0131n\u0131 bekleyenlerden D\u00f6ne E\u015fe ise duygu dolu anlar ya\u015fad\u0131\u011f\u0131n\u0131 kaydetti. E\u015fe, &#8220;K\u0131z\u0131m g\u00fcnler \u00f6ncesinden haz\u0131rland\u0131, hi\u00e7 stres yapma dedim. Hayalleri in\u015fallah ger\u00e7ek olur&#8221; dedi. \u200bAdana\u2019da binlerce \u00f6\u011frenci, \u00fcniversiteye giri\u015f i\u00e7in sabah\u0131n erken saatlerinde Y\u00fcksek\u00f6\u011fretim Kurumlar\u0131 S\u0131nav\u0131\u2019na (YKS) girmek \u00fczere s\u0131nav merkezlerine ak\u0131n etti. Kozan il\u00e7esinde s\u0131nava girece\u011fi s\u0131rada kimli\u011fini unuttu\u011funu fark eden &hellip;<\/p>","protected":false},"author":5,"featured_media":0,"comment_status":"","ping_status":"open","sticky":false,"template":"","format":"standard","meta":{"_acf_changed":false,"footnotes":""},"categories":[24],"tags":[],"class_list":["post-122087","post","type-post","status-publish","format-standard","has-post-thumbnail","hentry","category-gundem"],"acf":[],"yoast_head":"<!-- This site is optimized with the Yoast SEO Premium plugin v26.6 (Yoast SEO v27.1.1) - https:\/\/yoast.com\/product\/yoast-seo-premium-wordpress\/ -->\n<title>Adana\u2019da kimli\u011fini unutan \u00f6\u011frenciye polisten destek - Av. Deniz Can K\u0131z\u0131l<\/title>\n<meta name=\"robots\" content=\"index, follow, max-snippet:-1, max-image-preview:large, max-video-preview:-1\" \/>\n<link rel=\"canonical\" href=\"https:\/\/denizcankizil.tr\/uk\/haberler\/gundem\/adanada-kimligini-unutan-ogrenciye-polisten-destek\/\" \/>\n<meta property=\"og:locale\" content=\"uk_UA\" \/>\n<meta property=\"og:type\" content=\"article\" \/>\n<meta property=\"og:title\" content=\"Adana\u2019da kimli\u011fini unutan \u00f6\u011frenciye polisten destek\" \/>\n<meta property=\"og:description\" content=\"Adana\u2019da binlerce \u00f6\u011frenci, \u00fcniversite hayaline kavu\u015fmak i\u00e7in Y\u00fcksek\u00f6\u011fretim Kurumlar\u0131 S\u0131nav\u0131&#8217;na (YKS) girmek \u00fczere sabah saatlerinde s\u0131nav merkezlerine ak\u0131n etti. Kozan il\u00e7esinde kimli\u011fini unutan bir \u00f6\u011frenciye polis ekipleri yard\u0131mc\u0131 oldu. Kozan Yusuf Baysal Anadolu Lisesi&#8217;nde s\u0131nava girecek olan \u00f6\u011frencilerden Zeynep Ya\u011fmurca, kimlik kart\u0131n\u0131 evde unuttu\u011funu fark edince durumu polise bildirdi. Bunun \u00fczerine harekete ge\u00e7en ekipler, \u00f6\u011frencinin yeni kimli\u011fini \u0130l\u00e7e N\u00fcfus M\u00fcd\u00fcrl\u00fc\u011f\u00fc\u2019nden \u00e7\u0131kard\u0131. HEMEN K\u0130ML\u0130K \u00c7IKARILDI Vesikal\u0131k foto\u011fraf\u0131n\u0131n da olmamas\u0131 nedeniyle, \u00f6nce bir foto\u011fraf\u00e7\u0131ya g\u00f6t\u00fcr\u00fclen \u00f6\u011frenci, ard\u0131ndan trafik polisleri e\u015fli\u011finde s\u0131nav merkezine yeti\u015ftirildi. S\u0131nav\u0131n ba\u015flamas\u0131na 4 dakika kala okul kap\u0131s\u0131na ula\u015fan gen\u00e7, b\u00fcy\u00fck panik ya\u015fasa da s\u0131nava girmeyi ba\u015fard\u0131. O anlar \u00e7evrede bulunan aileler ve g\u00f6revliler taraf\u0131ndan takdirle kar\u015f\u0131land\u0131. SON ANDA G\u0130TT\u0130 AMA YET\u0130\u015eEMED\u0130 \u00d6te yandan, s\u0131nav saati olan 10.00&#8217;u saniyeler ge\u00e7e kap\u0131ya ula\u015fan bir ba\u015fka \u00f6\u011frenci ise i\u00e7eri al\u0131nmad\u0131. Trafik nedeniyle ge\u00e7 kald\u0131\u011f\u0131n\u0131 belirten \u00f6\u011frenciye, polis memurlar\u0131 &#8220;Ke\u015fke bize haber verseydin, seni yeti\u015ftirirdik&#8221; diyerek teselli etmeye \u00e7al\u0131\u015ft\u0131. Okul kap\u0131s\u0131nda \u00e7ocuklar\u0131n\u0131 bekleyenlerden D\u00f6ne E\u015fe ise duygu dolu anlar ya\u015fad\u0131\u011f\u0131n\u0131 kaydetti. E\u015fe, &#8220;K\u0131z\u0131m g\u00fcnler \u00f6ncesinden haz\u0131rland\u0131, hi\u00e7 stres yapma dedim. Hayalleri in\u015fallah ger\u00e7ek olur&#8221; dedi. \u200bAdana\u2019da binlerce \u00f6\u011frenci, \u00fcniversiteye giri\u015f i\u00e7in sabah\u0131n erken saatlerinde Y\u00fcksek\u00f6\u011fretim Kurumlar\u0131 S\u0131nav\u0131\u2019na (YKS) girmek \u00fczere s\u0131nav merkezlerine ak\u0131n etti. Kozan il\u00e7esinde s\u0131nava girece\u011fi s\u0131rada kimli\u011fini unuttu\u011funu fark eden &hellip;\" \/>\n<meta property=\"og:url\" content=\"https:\/\/denizcankizil.tr\/uk\/haberler\/gundem\/adanada-kimligini-unutan-ogrenciye-polisten-destek\/\" \/>\n<meta property=\"og:site_name\" content=\"Av. Deniz Can K\u0131z\u0131l\" \/>\n<meta property=\"article:published_time\" content=\"2025-06-21T08:41:17+00:00\" \/>\n<meta name=\"author\" content=\"Antalya K\u00f6rfez\" \/>\n<meta name=\"twitter:card\" content=\"summary_large_image\" \/>\n<meta name=\"twitter:label1\" content=\"\u041d\u0430\u043f\u0438\u0441\u0430\u043d\u043e\" \/>\n\t<meta name=\"twitter:data1\" content=\"Antalya K\u00f6rfez\" \/>\n\t<meta name=\"twitter:label2\" content=\"\u041f\u0440\u0438\u0431\u043b. \u0447\u0430\u0441 \u0447\u0438\u0442\u0430\u043d\u043d\u044f\" \/>\n\t<meta name=\"twitter:data2\" content=\"2 \u0445\u0432\u0438\u043b\u0438\u043d\u0438\" \/>\n<script type=\"application\/ld+json\" class=\"yoast-schema-graph\">{\"@context\":\"https:\/\/schema.org\",\"@graph\":[{\"@type\":\"Article\",\"@id\":\"https:\/\/denizcankizil.tr\/uk\/haberler\/gundem\/adanada-kimligini-unutan-ogrenciye-polisten-destek\/#article\",\"isPartOf\":{\"@id\":\"https:\/\/denizcankizil.tr\/uk\/haberler\/gundem\/adanada-kimligini-unutan-ogrenciye-polisten-destek\/\"},\"author\":{\"name\":\"Antalya K\u00f6rfez\",\"@id\":\"https:\/\/denizcankizil.tr\/de\/#\/schema\/person\/e1eb71bb4dd684d46563f0af307e1234\"},\"headline\":\"Adana\u2019da kimli\u011fini unutan \u00f6\u011frenciye polisten destek\",\"datePublished\":\"2025-06-21T08:41:17+00:00\",\"mainEntityOfPage\":{\"@id\":\"https:\/\/denizcankizil.tr\/uk\/haberler\/gundem\/adanada-kimligini-unutan-ogrenciye-polisten-destek\/\"},\"wordCount\":329,\"publisher\":{\"@id\":\"https:\/\/denizcankizil.tr\/de\/#organization\"},\"articleSection\":[\"G\u00fcndem\"],\"inLanguage\":\"uk\"},{\"@type\":\"WebPage\",\"@id\":\"https:\/\/denizcankizil.tr\/uk\/haberler\/gundem\/adanada-kimligini-unutan-ogrenciye-polisten-destek\/\",\"url\":\"https:\/\/denizcankizil.tr\/uk\/haberler\/gundem\/adanada-kimligini-unutan-ogrenciye-polisten-destek\/\",\"name\":\"Adana\u2019da kimli\u011fini unutan \u00f6\u011frenciye polisten destek - Av. Deniz Can K\u0131z\u0131l\",\"isPartOf\":{\"@id\":\"https:\/\/denizcankizil.tr\/de\/#website\"},\"datePublished\":\"2025-06-21T08:41:17+00:00\",\"breadcrumb\":{\"@id\":\"https:\/\/denizcankizil.tr\/uk\/haberler\/gundem\/adanada-kimligini-unutan-ogrenciye-polisten-destek\/#breadcrumb\"},\"inLanguage\":\"uk\",\"potentialAction\":[{\"@type\":\"ReadAction\",\"target\":[\"https:\/\/denizcankizil.tr\/uk\/haberler\/gundem\/adanada-kimligini-unutan-ogrenciye-polisten-destek\/\"]}]},{\"@type\":\"BreadcrumbList\",\"@id\":\"https:\/\/denizcankizil.tr\/uk\/haberler\/gundem\/adanada-kimligini-unutan-ogrenciye-polisten-destek\/#breadcrumb\",\"itemListElement\":[{\"@type\":\"ListItem\",\"position\":1,\"name\":\"Home\",\"item\":\"https:\/\/denizcankizil.tr\/de\/\"},{\"@type\":\"ListItem\",\"position\":2,\"name\":\"Adana\u2019da kimli\u011fini unutan \u00f6\u011frenciye polisten destek\"}]},{\"@type\":\"WebSite\",\"@id\":\"https:\/\/denizcankizil.tr\/de\/#website\",\"url\":\"https:\/\/denizcankizil.tr\/de\/\",\"name\":\"Av. Deniz Can K\u0131z\u0131l\",\"description\":\"Avukat Deniz Can K\u0131z\u0131l Antalya Barosu\",\"publisher\":{\"@id\":\"https:\/\/denizcankizil.tr\/de\/#organization\"},\"potentialAction\":[{\"@type\":\"SearchAction\",\"target\":{\"@type\":\"EntryPoint\",\"urlTemplate\":\"https:\/\/denizcankizil.tr\/de\/?s={search_term_string}\"},\"query-input\":{\"@type\":\"PropertyValueSpecification\",\"valueRequired\":true,\"valueName\":\"search_term_string\"}}],\"inLanguage\":\"uk\"},{\"@type\":\"Organization\",\"@id\":\"https:\/\/denizcankizil.tr\/de\/#organization\",\"name\":\"Av. Deniz Can K\u0131z\u0131l\",\"url\":\"https:\/\/denizcankizil.tr\/de\/\",\"logo\":{\"@type\":\"ImageObject\",\"inLanguage\":\"uk\",\"@id\":\"https:\/\/denizcankizil.tr\/de\/#\/schema\/logo\/image\/\",\"url\":\"https:\/\/denizcankizil.tr\/wp-content\/uploads\/2024\/10\/siyah-logo-svg.svg\",\"contentUrl\":\"https:\/\/denizcankizil.tr\/wp-content\/uploads\/2024\/10\/siyah-logo-svg.svg\",\"width\":1080,\"height\":1080,\"caption\":\"Av. Deniz Can K\u0131z\u0131l\"},\"image\":{\"@id\":\"https:\/\/denizcankizil.tr\/de\/#\/schema\/logo\/image\/\"}},{\"@type\":\"Person\",\"@id\":\"https:\/\/denizcankizil.tr\/de\/#\/schema\/person\/e1eb71bb4dd684d46563f0af307e1234\",\"name\":\"Antalya K\u00f6rfez\",\"image\":{\"@type\":\"ImageObject\",\"inLanguage\":\"uk\",\"@id\":\"https:\/\/denizcankizil.tr\/de\/#\/schema\/person\/image\/\",\"url\":\"https:\/\/secure.gravatar.com\/avatar\/42b01982558a48a0b501fdcab6a408d3717ea5919095ee2e67b0e521799c5905?s=96&d=mm&r=g\",\"contentUrl\":\"https:\/\/secure.gravatar.com\/avatar\/42b01982558a48a0b501fdcab6a408d3717ea5919095ee2e67b0e521799c5905?s=96&d=mm&r=g\",\"caption\":\"Antalya K\u00f6rfez\"},\"sameAs\":[\"http:\/\/www.antalyakorfez.com\"],\"url\":\"https:\/\/www.antalyakorfez.com\/adanada-kimligini-unutan-ogrenciye-polisten-destek\"}]}<\/script>\n<!-- \/ Yoast SEO Premium plugin. -->","yoast_head_json":{"title":"Adana\u2019da kimli\u011fini unutan \u00f6\u011frenciye polisten destek - Av. Deniz Can K\u0131z\u0131l","robots":{"index":"index","follow":"follow","max-snippet":"max-snippet:-1","max-image-preview":"max-image-preview:large","max-video-preview":"max-video-preview:-1"},"canonical":"https:\/\/denizcankizil.tr\/uk\/haberler\/gundem\/adanada-kimligini-unutan-ogrenciye-polisten-destek\/","og_locale":"uk_UA","og_type":"article","og_title":"Adana\u2019da kimli\u011fini unutan \u00f6\u011frenciye polisten destek","og_description":"Adana\u2019da binlerce \u00f6\u011frenci, \u00fcniversite hayaline kavu\u015fmak i\u00e7in Y\u00fcksek\u00f6\u011fretim Kurumlar\u0131 S\u0131nav\u0131&#8217;na (YKS) girmek \u00fczere sabah saatlerinde s\u0131nav merkezlerine ak\u0131n etti. Kozan il\u00e7esinde kimli\u011fini unutan bir \u00f6\u011frenciye polis ekipleri yard\u0131mc\u0131 oldu. Kozan Yusuf Baysal Anadolu Lisesi&#8217;nde s\u0131nava girecek olan \u00f6\u011frencilerden Zeynep Ya\u011fmurca, kimlik kart\u0131n\u0131 evde unuttu\u011funu fark edince durumu polise bildirdi. Bunun \u00fczerine harekete ge\u00e7en ekipler, \u00f6\u011frencinin yeni kimli\u011fini \u0130l\u00e7e N\u00fcfus M\u00fcd\u00fcrl\u00fc\u011f\u00fc\u2019nden \u00e7\u0131kard\u0131. HEMEN K\u0130ML\u0130K \u00c7IKARILDI Vesikal\u0131k foto\u011fraf\u0131n\u0131n da olmamas\u0131 nedeniyle, \u00f6nce bir foto\u011fraf\u00e7\u0131ya g\u00f6t\u00fcr\u00fclen \u00f6\u011frenci, ard\u0131ndan trafik polisleri e\u015fli\u011finde s\u0131nav merkezine yeti\u015ftirildi. S\u0131nav\u0131n ba\u015flamas\u0131na 4 dakika kala okul kap\u0131s\u0131na ula\u015fan gen\u00e7, b\u00fcy\u00fck panik ya\u015fasa da s\u0131nava girmeyi ba\u015fard\u0131. O anlar \u00e7evrede bulunan aileler ve g\u00f6revliler taraf\u0131ndan takdirle kar\u015f\u0131land\u0131. SON ANDA G\u0130TT\u0130 AMA YET\u0130\u015eEMED\u0130 \u00d6te yandan, s\u0131nav saati olan 10.00&#8217;u saniyeler ge\u00e7e kap\u0131ya ula\u015fan bir ba\u015fka \u00f6\u011frenci ise i\u00e7eri al\u0131nmad\u0131. Trafik nedeniyle ge\u00e7 kald\u0131\u011f\u0131n\u0131 belirten \u00f6\u011frenciye, polis memurlar\u0131 &#8220;Ke\u015fke bize haber verseydin, seni yeti\u015ftirirdik&#8221; diyerek teselli etmeye \u00e7al\u0131\u015ft\u0131. Okul kap\u0131s\u0131nda \u00e7ocuklar\u0131n\u0131 bekleyenlerden D\u00f6ne E\u015fe ise duygu dolu anlar ya\u015fad\u0131\u011f\u0131n\u0131 kaydetti. E\u015fe, &#8220;K\u0131z\u0131m g\u00fcnler \u00f6ncesinden haz\u0131rland\u0131, hi\u00e7 stres yapma dedim. Hayalleri in\u015fallah ger\u00e7ek olur&#8221; dedi. \u200bAdana\u2019da binlerce \u00f6\u011frenci, \u00fcniversiteye giri\u015f i\u00e7in sabah\u0131n erken saatlerinde Y\u00fcksek\u00f6\u011fretim Kurumlar\u0131 S\u0131nav\u0131\u2019na (YKS) girmek \u00fczere s\u0131nav merkezlerine ak\u0131n etti. Kozan il\u00e7esinde s\u0131nava girece\u011fi s\u0131rada kimli\u011fini unuttu\u011funu fark eden &hellip;","og_url":"https:\/\/denizcankizil.tr\/uk\/haberler\/gundem\/adanada-kimligini-unutan-ogrenciye-polisten-destek\/","og_site_name":"Av. Deniz Can K\u0131z\u0131l","article_published_time":"2025-06-21T08:41:17+00:00","author":"Antalya K\u00f6rfez","twitter_card":"summary_large_image","twitter_misc":{"\u041d\u0430\u043f\u0438\u0441\u0430\u043d\u043e":"Antalya K\u00f6rfez","\u041f\u0440\u0438\u0431\u043b. \u0447\u0430\u0441 \u0447\u0438\u0442\u0430\u043d\u043d\u044f":"2 \u0445\u0432\u0438\u043b\u0438\u043d\u0438"},"schema":{"@context":"https:\/\/schema.org","@graph":[{"@type":"Article","@id":"https:\/\/denizcankizil.tr\/uk\/haberler\/gundem\/adanada-kimligini-unutan-ogrenciye-polisten-destek\/#article","isPartOf":{"@id":"https:\/\/denizcankizil.tr\/uk\/haberler\/gundem\/adanada-kimligini-unutan-ogrenciye-polisten-destek\/"},"author":{"name":"Antalya K\u00f6rfez","@id":"https:\/\/denizcankizil.tr\/de\/#\/schema\/person\/e1eb71bb4dd684d46563f0af307e1234"},"headline":"Adana\u2019da kimli\u011fini unutan \u00f6\u011frenciye polisten destek","datePublished":"2025-06-21T08:41:17+00:00","mainEntityOfPage":{"@id":"https:\/\/denizcankizil.tr\/uk\/haberler\/gundem\/adanada-kimligini-unutan-ogrenciye-polisten-destek\/"},"wordCount":329,"publisher":{"@id":"https:\/\/denizcankizil.tr\/de\/#organization"},"articleSection":["G\u00fcndem"],"inLanguage":"uk"},{"@type":"WebPage","@id":"https:\/\/denizcankizil.tr\/uk\/haberler\/gundem\/adanada-kimligini-unutan-ogrenciye-polisten-destek\/","url":"https:\/\/denizcankizil.tr\/uk\/haberler\/gundem\/adanada-kimligini-unutan-ogrenciye-polisten-destek\/","name":"Adana\u2019da kimli\u011fini unutan \u00f6\u011frenciye polisten destek - Av. Deniz Can K\u0131z\u0131l","isPartOf":{"@id":"https:\/\/denizcankizil.tr\/de\/#website"},"datePublished":"2025-06-21T08:41:17+00:00","breadcrumb":{"@id":"https:\/\/denizcankizil.tr\/uk\/haberler\/gundem\/adanada-kimligini-unutan-ogrenciye-polisten-destek\/#breadcrumb"},"inLanguage":"uk","potentialAction":[{"@type":"ReadAction","target":["https:\/\/denizcankizil.tr\/uk\/haberler\/gundem\/adanada-kimligini-unutan-ogrenciye-polisten-destek\/"]}]},{"@type":"BreadcrumbList","@id":"https:\/\/denizcankizil.tr\/uk\/haberler\/gundem\/adanada-kimligini-unutan-ogrenciye-polisten-destek\/#breadcrumb","itemListElement":[{"@type":"ListItem","position":1,"name":"Home","item":"https:\/\/denizcankizil.tr\/de\/"},{"@type":"ListItem","position":2,"name":"Adana\u2019da kimli\u011fini unutan \u00f6\u011frenciye polisten destek"}]},{"@type":"WebSite","@id":"https:\/\/denizcankizil.tr\/de\/#website","url":"https:\/\/denizcankizil.tr\/de\/","name":"Av. Deniz Can K\u0131z\u0131l","description":"Avukat Deniz Can K\u0131z\u0131l Antalya Barosu","publisher":{"@id":"https:\/\/denizcankizil.tr\/de\/#organization"},"potentialAction":[{"@type":"SearchAction","target":{"@type":"EntryPoint","urlTemplate":"https:\/\/denizcankizil.tr\/de\/?s={search_term_string}"},"query-input":{"@type":"PropertyValueSpecification","valueRequired":true,"valueName":"search_term_string"}}],"inLanguage":"uk"},{"@type":"Organization","@id":"https:\/\/denizcankizil.tr\/de\/#organization","name":"Av. Deniz Can K\u0131z\u0131l","url":"https:\/\/denizcankizil.tr\/de\/","logo":{"@type":"ImageObject","inLanguage":"uk","@id":"https:\/\/denizcankizil.tr\/de\/#\/schema\/logo\/image\/","url":"https:\/\/denizcankizil.tr\/wp-content\/uploads\/2024\/10\/siyah-logo-svg.svg","contentUrl":"https:\/\/denizcankizil.tr\/wp-content\/uploads\/2024\/10\/siyah-logo-svg.svg","width":1080,"height":1080,"caption":"Av. Deniz Can K\u0131z\u0131l"},"image":{"@id":"https:\/\/denizcankizil.tr\/de\/#\/schema\/logo\/image\/"}},{"@type":"Person","@id":"https:\/\/denizcankizil.tr\/de\/#\/schema\/person\/e1eb71bb4dd684d46563f0af307e1234","name":"Antalya K\u00f6rfez","image":{"@type":"ImageObject","inLanguage":"uk","@id":"https:\/\/denizcankizil.tr\/de\/#\/schema\/person\/image\/","url":"https:\/\/secure.gravatar.com\/avatar\/42b01982558a48a0b501fdcab6a408d3717ea5919095ee2e67b0e521799c5905?s=96&d=mm&r=g","contentUrl":"https:\/\/secure.gravatar.com\/avatar\/42b01982558a48a0b501fdcab6a408d3717ea5919095ee2e67b0e521799c5905?s=96&d=mm&r=g","caption":"Antalya K\u00f6rfez"},"sameAs":["http:\/\/www.antalyakorfez.com"],"url":"https:\/\/www.antalyakorfez.com\/adanada-kimligini-unutan-ogrenciye-polisten-destek"}]}},"_links":{"self":[{"href":"https:\/\/denizcankizil.tr\/uk\/wp-json\/wp\/v2\/posts\/122087","targetHints":{"allow":["GET"]}}],"collection":[{"href":"https:\/\/denizcankizil.tr\/uk\/wp-json\/wp\/v2\/posts"}],"about":[{"href":"https:\/\/denizcankizil.tr\/uk\/wp-json\/wp\/v2\/types\/post"}],"author":[{"embeddable":true,"href":"https:\/\/denizcankizil.tr\/uk\/wp-json\/wp\/v2\/users\/5"}],"replies":[{"embeddable":true,"href":"https:\/\/denizcankizil.tr\/uk\/wp-json\/wp\/v2\/comments?post=122087"}],"version-history":[{"count":0,"href":"https:\/\/denizcankizil.tr\/uk\/wp-json\/wp\/v2\/posts\/122087\/revisions"}],"wp:attachment":[{"href":"https:\/\/denizcankizil.tr\/uk\/wp-json\/wp\/v2\/media?parent=122087"}],"wp:term":[{"taxonomy":"category","embeddable":true,"href":"https:\/\/denizcankizil.tr\/uk\/wp-json\/wp\/v2\/categories?post=122087"},{"taxonomy":"post_tag","embeddable":true,"href":"https:\/\/denizcankizil.tr\/uk\/wp-json\/wp\/v2\/tags?post=122087"}],"curies":[{"name":"wp","href":"https:\/\/api.w.org\/{rel}","templated":true}]}}