{"id":12170,"date":"2024-11-03T16:48:00","date_gmt":"2024-11-03T13:48:00","guid":{"rendered":"https:\/\/denizcankizil.tr\/uncategorized-tr\/mirasta-sakli-pay\/"},"modified":"2024-11-03T16:53:20","modified_gmt":"2024-11-03T13:53:20","slug":"mirasta-sakli-pay","status":"publish","type":"post","link":"https:\/\/denizcankizil.tr\/uk\/koseyazilari\/degerlendirme\/mirasta-sakli-pay\/","title":{"rendered":"\u0427\u0430\u0441\u0442\u043a\u0430, \u043f\u0440\u0438\u0445\u043e\u0432\u0430\u043d\u0430 \u0432 \u0441\u043f\u0430\u0434\u0449\u0438\u043d\u0456"},"content":{"rendered":"<p>Mirasa \u200ddair hukuk d\u00fczeninin \u00f6nemli bir par\u00e7as\u0131 olan sakl\u0131 pay kavram\u0131, miras\u200c b\u0131rakanlar\u0131n mal varl\u0131klar\u0131 \u00fczerindeki tasarruf yetkisini belirli s\u0131n\u0131rlarla \u00e7izer. Miras b\u0131rakan, mal varl\u0131\u011f\u0131n\u0131 \u2062diledi\u011fi gibi y\u00f6netme \u200dhakk\u0131na sahipken,\u200b kanun koyucu, miras\u00e7\u0131lar aras\u0131nda adaleti\u2064 sa\u011flamak amac\u0131yla baz\u0131 temel ilkeler ortaya\u2062 koymu\u015ftur. Bu ba\u011flamda, &#8220;sakl\u0131 pay&#8221; terimi, \u00f6zellikle \u2064\u00e7ocu\u011fun,\u2063 torunun, anne baban\u0131n\u2064 ve e\u015fin yasal miras paylar\u0131n\u0131n korunmas\u0131n\u0131 ama\u00e7layan bir d\u00fczenlemeyi ifade eder. Bu blog yaz\u0131s\u0131nda, mirasta sakl\u0131 pay\u0131n \u200chukuki\u200b yap\u0131s\u0131,\u2062 kapsam\u0131 ve uygulama alanlar\u0131 detayland\u0131r\u0131lacak; miras\u00e7\u0131lar aras\u0131ndaki dengeyi sa\u011flama\u2064 \u00e7abas\u0131n\u0131n alt\u0131nda\u2064 yatan \u200chukuki nedenler ele al\u0131nacakt\u0131r. Bu \u00e7al\u0131\u015fma, miras hukukunda sakl\u0131\u2063 pay\u0131n \u00f6nemli bir yere sahip oldu\u011fu ve uygulamalar\u0131n hangi \u2064kriterlere dayand\u0131\u011f\u0131na dair derinlemesine bir \u200bbak\u0131\u015f\u2063 sunmay\u0131 hedeflemektedir.<\/p>\n<h2 id=\"miras-birakma-yetkisi-ve-sinirlari\">Miras B\u0131rakma Yetkisi ve S\u0131n\u0131rlar\u0131<\/h2>\n<p><img decoding=\"async\" class=\"qimage_class lazyload\" data-src=\"https:\/\/denizcankizil.tr\/wp-content\/uploads\/2024\/11\/leri_1.jpg\" alt=\"Miras B\u0131rakma Yetkisi ve \u2063S\u0131n\u0131rlar\u0131\" src=\"data:image\/svg+xml;base64,PHN2ZyB3aWR0aD0iMSIgaGVpZ2h0PSIxIiB4bWxucz0iaHR0cDovL3d3dy53My5vcmcvMjAwMC9zdmciPjwvc3ZnPg==\" style=\"--smush-placeholder-width: 500px; --smush-placeholder-aspect-ratio: 500\/375;\" \/><\/p>\n<p>Miras b\u0131rakan, kendi mal varl\u0131\u011f\u0131 \u00fczerinde diledi\u011fi\u2062 gibi\u2064 tasarruf yetkisine sahiptir. Ancak, T\u00fcrk \u2064Medeni Kanunu&#8217;na g\u00f6re, miras b\u0131rakan\u0131n tasarruf yetkisi baz\u0131 \u200ds\u0131n\u0131rlamalara tabidir. Bu s\u0131n\u0131rlamalar, miras b\u0131rakan\u0131n yak\u0131n akrabalar\u0131n\u0131n, \u00f6zellikle \u00e7ocuklar\u0131 ve torunlar\u0131\u2063 gibi yasal \u200bmiras\u00e7\u0131lar\u0131n haklar\u0131n\u0131 korumak amac\u0131yla getirilmi\u015ftir.<\/p>\n<p>Yasal miras\u00e7\u0131lar, miras b\u0131rakan\u0131n alacak haklar\u0131 olan \u200den\u200b yak\u0131n \u2064ki\u015filerdir. T\u00fcrk Medeni\u200c Kanunu\u2019na g\u00f6re,\u200b yasal miras\u00e7\u0131lar\u0131n\u2063 sahip oldu\u011fu haklar belirli bir orana dayanmaktad\u0131r. \u200bBu oran, miras b\u0131rakan\u0131n tasarruf yetkisini k\u0131s\u0131tlayarak, miras\u00e7\u0131lar\u0131n\u0131n \u2064ma\u011fdur olmalar\u0131n\u0131 engellemeyi\u2062 ama\u00e7lar.<\/p>\n<p>Bu ba\u011flamda, \u2062 i\u015fleyi\u015finde \u00f6nemli bir kavram \u201csakl\u0131 pay\u201dd\u0131r. Sakl\u0131 pay, yasal miras\u00e7\u0131lara b\u0131rak\u0131lmas\u0131 zorunlu \u2063olan miras pay\u0131n\u0131 ifade eder. \u2064Miras b\u0131rakan, sakl\u0131 pay miktar\u0131n\u0131 a\u015fan k\u0131s\u0131mlar \u00fczerinde \u2063serbest\u00e7e tasarrufta bulunabilirken, sakl\u0131 paya dokunamaz. \u200cBu\u200d durum, miras\u00e7\u0131lar\u0131n haklar\u0131n\u0131n g\u00fcvence alt\u0131na al\u0131nmas\u0131 a\u00e7\u0131s\u0131ndan kritik bir \u00f6neme sahiptir.<\/p>\n<p>Sakl\u0131 pay,\u200c a\u015fa\u011f\u0131daki gibi belirli hesaplamalara\u200b dayanmaktad\u0131r:<\/p>\n<table class=\"wp-block-table\">\n<thead>\n<tr>\n<th>Yasal Miras\u00e7\u0131lar<\/th>\n<th>Sakl\u0131 Pay Oran\u0131<\/th>\n<\/tr>\n<\/thead>\n<tbody>\n<tr>\n<td>\u00c7ocuklar<\/td>\n<td>%50<\/td>\n<\/tr>\n<tr>\n<td>Torunlar<\/td>\n<td>%50<\/td>\n<\/tr>\n<tr>\n<td>E\u015f<\/td>\n<td>%25<\/td>\n<\/tr>\n<tr>\n<td>Anne-Baba<\/td>\n<td>%33.33<\/td>\n<\/tr>\n<\/tbody>\n<\/table>\n<p>Miras b\u0131rakan, yukar\u0131daki oranlar\u2062 do\u011frultusunda miras\u0131\u2062 \u00fczerinde tam bir tasarruf yetkisine sahip olamaz. \u00d6zellikle\u2063 belirtti\u011fimiz gibi, bu \u2064oranlar sakl\u0131 pay\u0131n ne \u2063kadar\u0131n\u0131n yasal miras\u00e7\u0131lara b\u0131rak\u0131lmas\u0131 gerekti\u011fini belirler. Miras b\u0131rakan, bu\u2063 paya dikkat etmeden \u2064bir malvarl\u0131\u011f\u0131n\u0131 devretse ya da ona y\u00f6n verse, sakl\u0131 payl\u0131 miras\u00e7\u0131lar \u2062bunun iptali i\u00e7in mahkemeye ba\u015fvurabilirler.<\/p>\n<p>Sonu\u00e7 olarak, miras\u200c b\u0131rakan\u0131n tasarruf yetkisi\u2064 k\u0131s\u0131tl\u0131d\u0131r \u2064ve bu\u2064 k\u0131s\u0131tlamalar, yasal miras\u00e7\u0131lar\u0131n haklar\u0131n\u0131\u2064 korumak \u2062ad\u0131na olduk\u00e7a \u00f6nemlidir. Miras b\u0131rakan\u0131n, miras\u0131n\u0131 \u200db\u0131rak\u0131rken bu s\u0131n\u0131rlamalar\u0131\u200b g\u00f6z \u00f6n\u00fcnde bulundurmas\u0131, miras\u00e7\u0131lar\u0131 \u00fczerinde yarataca\u011f\u0131 potansiyel sorunlar\u0131n \u00f6nlenmesi a\u00e7\u0131s\u0131ndan\u200c b\u00fcy\u00fck bir gerekliliktir.<\/p>\n<h2 id=\"yasal-miras-payi-ve-sakli-pay-arasindaki-farklar\">Yasal Miras Pay\u0131 ve \u2062Sakl\u0131 Pay Aras\u0131ndaki Farklar<\/h2>\n<section>Yasal miras pay\u0131,\u200c bir miras b\u0131rakan\u0131n mal varl\u0131\u011f\u0131n\u0131n, miras\u00e7\u0131lar\u0131 aras\u0131nda yasal olarak belirlenen en az \u200cpay\u2064 miktar\u0131n\u0131 ifade eder. Bu pay, T\u00fcrkiye&#8217;de Medeni Kanun\u200c taraf\u0131ndan d\u00fczenlenmi\u015ftir ve miras b\u0131rakan\u0131n iradesinin \u00f6tesinde koruma alt\u0131na al\u0131nm\u0131\u015ft\u0131r.\u200c Yasal miras\u00e7\u0131lar, belirli\u200b aile\u200d bireyleri \u200colarak tan\u0131mlanmakta ve bu bireyler aras\u0131nda\u2064 e\u015f, \u00e7ocuklar\u200c ve torunlar\u2064 yer almaktad\u0131r. \u200dYasal miras pay\u0131, bu\u200d bireylerin\u2063 birbirleri aras\u0131nda payla\u015f\u0131lacak olan asgari haklar\u0131n\u0131 g\u00fcvence alt\u0131na \u2063al\u0131r.<\/p>\n<p>Di\u011fer\u2063 taraftan,\u2064 sakl\u0131 pay ise, \u2062kanun taraf\u0131ndan korunan yasal miras pay\u0131n\u0131n alt s\u0131n\u0131r\u0131n\u0131 ifade etmektedir.\u200d Sakl\u0131 pay, baz\u0131 miras\u00e7\u0131lar\u0131n,\u200c \u00f6rne\u011fin \u00e7ocuklar\u0131n\u2062 ve torunlar\u0131n,\u200b miras b\u0131rakan\u0131n iradesine ra\u011fmen \u2062almas\u0131 gereken belirli bir miktard\u0131r.\u2062 Miras b\u0131rakan, malvarl\u0131\u011f\u0131n\u0131n tamam\u0131n\u0131 \u200ddiledi\u011fi gibi tasarruf edebilse de, bu sakl\u0131 pay\u0131 g\u00f6z ard\u0131 edemez. Sakl\u0131 pay uygulamas\u0131, miras\u00e7\u0131lara bir \u00e7e\u015fit g\u00fcvence sunmakta \u2062ve onlar\u0131n haklar\u0131n\u0131n korunmas\u0131n\u0131 sa\u011flamaktad\u0131r.<\/p>\n<p>Yasal miras pay\u0131 ile sakl\u0131 pay aras\u0131ndaki en \u2062belirgin fark, yasal miras pay\u0131n\u0131n miras\u00e7\u0131lar\u0131n almas\u0131 gereken minimum miktar iken, sakl\u0131 \u2063pay\u0131n\u2062 bu miktar\u0131n korunmas\u0131na y\u00f6nelik koruyucu bir mekanizma olmas\u0131d\u0131r. \u2063Miras b\u0131rakan, mal\u200b varl\u0131klar\u0131n\u0131\u200d belirlerken\u2062 sakl\u0131 paya sayg\u0131 g\u00f6stermeli\u200b ve bu pay\u0131 ihlal etmemelidir. Aksi halde, \u200dmiras\u00e7\u0131lar\u0131n bu\u200b sakl\u0131\u2064 pay\u0131 talep etme haklar\u0131 do\u011facakt\u0131r.<\/p>\n<p>Yasal miras pay\u0131, miras\u00e7\u0131lar\u0131n haklar\u0131n\u0131n ne olaca\u011f\u0131n\u0131 belirlerken, sakl\u0131 pay bu haklar\u0131n s\u0131n\u0131rlar\u0131n\u0131 \u00e7izerek koruma alt\u0131na\u200c al\u0131r. \u00d6rne\u011fin, bir miras b\u0131rakan, \u00f6zellikle \u00fc\u00e7\u00fcnc\u00fc \u015fah\u0131slara aktar\u0131m yaparken, sakl\u0131 paya dikkat etmelidir. \u2064E\u011fer sakl\u0131 pay ihlal edilirse,\u200d miras\u00e7\u0131lar, mahkeme\u2063 yolu ile bu paylar\u0131n\u0131 talep edebilirler.<\/p>\n<p>Yasal miras\u2063 pay\u0131 ve sakl\u0131 pay aras\u0131ndaki \u200bdi\u011fer bir\u200c farkl\u0131l\u0131k ise, hukuki i\u015flemler s\u0131ras\u0131nda kar\u015f\u0131la\u015f\u0131lan zorluklar ve s\u00fcre\u00e7lerdir. Yasal miras \u200cpay\u0131, genellikle do\u011frudan miras\u00e7\u0131lar\u0131n haklar\u0131n\u0131 belirledi\u011finden, daha \u00f6ng\u00f6r\u00fclebilir \u200dbir yap\u0131ya sahiptir. Sakl\u0131 pay ise, ihlal durumunda ortaya \u00e7\u0131kan \u2062davalarla birlikte hukuki belirsizliklere yol a\u00e7abilir, bu da miras\u2062 s\u00fcrecinin karma\u015f\u0131kla\u015fmas\u0131na neden olabilir.<\/p>\n<p>\u00d6zetle, yasal miras pay\u0131 ile \u2062sakl\u0131 pay\u0131n korunmas\u0131, miras\u00e7\u0131lar \u2062a\u00e7\u0131s\u0131ndan b\u00fcy\u00fck \u00f6nem ta\u015f\u0131maktad\u0131r. Yasalar, miras\u00e7\u0131lar\u0131n haklar\u0131n\u0131 g\u00fcvence alt\u0131na\u200b alarak, malvarl\u0131\u011f\u0131 aktar\u0131m\u0131nda adaletin sa\u011flanmas\u0131na yard\u0131mc\u0131\u2062 olmaktad\u0131r. Miras b\u0131rakan ki\u015filer, mal varl\u0131klar\u0131 \u00fczerindeki tasarruf yetkilerini kullan\u0131rken bu yasal d\u00fczenlemeleri dikkate almal\u0131d\u0131rlar.<\/p>\n<\/section>\n<h2 id=\"cocuk-ve-torunlarin-miras-haklari-uzerine-analiz\">\u00c7ocuk ve Torunlar\u0131n Miras Haklar\u0131 \u00dczerine \u2062Analiz<\/h2>\n<p><img decoding=\"async\" class=\"qimage_class lazyload\" data-src=\"https:\/\/denizcankizil.tr\/wp-content\/uploads\/2024\/11\/2.jpg\" alt=\"\u00c7ocuk ve Torunlar\u0131n Miras Haklar\u0131\u200c \u00dczerine Analiz\" src=\"data:image\/svg+xml;base64,PHN2ZyB3aWR0aD0iMSIgaGVpZ2h0PSIxIiB4bWxucz0iaHR0cDovL3d3dy53My5vcmcvMjAwMC9zdmciPjwvc3ZnPg==\" style=\"--smush-placeholder-width: 1920px; --smush-placeholder-aspect-ratio: 1920\/1280;\" \/><\/p>\n<section>\u200d Miras b\u0131rakan, sahip \u2063oldu\u011fu mal varl\u0131\u011f\u0131\u200d \u00fczerinde diledi\u011fi gibi tasarruf etme hakk\u0131na sahiptir. Ancak T\u00fcrk Medeni Kanunu \u00e7er\u00e7evesinde, miras b\u0131rakan\u0131n bu tasarruf\u2062 hakk\u0131 belirli\u2063 s\u0131n\u0131rlamalara tabidir. \u00d6zellikle,\u200d \u00e7ocuklar ve torunlar\u2063 i\u00e7in yasal \u200dmiras pay\u0131\u2063 olu\u015fturulmu\u015ftur. Bu\u2062 d\u00fczenleme,\u2064 miras b\u0131rakan\u0131n iradesini k\u0131s\u0131tlayarak, miras\u00e7\u0131lara kar\u015f\u0131 koruyucu bir mekanizma i\u015flevi g\u00f6rmektedir.<\/p>\n<p>\u2063 \u200c \u200c \u2063Kanun, \u2062miras b\u0131rakan\u0131n, \u00e7ocuklar\u0131na ve torunlar\u0131na b\u0131rakmak zorunda \u200doldu\u011fu minimum miras pay\u0131n\u0131 tan\u0131mlar. Bu\u200d pay, &#8220;sakl\u0131 pay&#8221;\u2064 olarak adland\u0131r\u0131lmakta olup, do\u011frudan \u00e7ocuklar ve torunlar\u0131n haklar\u0131n\u0131 \u200dg\u00fcvence alt\u0131na almaktad\u0131r. Sakl\u0131 pay\u0131n hesaplanmas\u0131nda,\u2064 miras b\u0131rakan\u0131n toplam \u2063mal varl\u0131\u011f\u0131 g\u00f6z \u00f6n\u00fcnde\u2064 bulundurulmal\u0131 ve \u2063bu varl\u0131\u011f\u0131n belirli bir oran\u0131 miras\u00e7\u0131lara aktar\u0131lmal\u0131d\u0131r.<\/p>\n<p>\u200d Miras da\u011f\u0131l\u0131m\u0131na ili\u015fkin kanun \u2063maddeleri, e\u015fin de yasal\u200c miras pay\u0131n\u0131n bulundu\u011fu durumlar\u0131 dikkate almaktad\u0131r.\u200d E\u015fin pay\u0131, \u00e7ocuklar\u0131n sakl\u0131 paylar\u0131ndan ayr\u0131 bir \u015fekilde de\u011ferlendirilmektedir. \u00d6rne\u011fin:<br \/>\n\u2063 \u200c<\/p>\n<ul>\n<li><strong>\u00c7ocuklar ve\u200c Torunlar:<\/strong> Sakl\u0131 paylar\u0131 \u2062korunur.<\/li>\n<li><strong>E\u015f:<\/strong> Yasal miras pay\u0131n\u0131n bir k\u0131sm\u0131ndan yararlan\u0131r.<\/li>\n<\/ul>\n<p>Sakl\u0131 pay, \u200dmiras b\u0131rakan\u0131n, mal varl\u0131\u011f\u0131n\u0131 diledi\u011fi gibi da\u011f\u0131tma haklar\u0131n\u0131 k\u0131s\u0131tlayan \u00f6nemli \u200cbir \u2063unsur olarak ortaya \u00e7\u0131kmaktad\u0131r. Bu durum, miras\u00e7\u0131lar aras\u0131nda olas\u0131 anla\u015fmazl\u0131klar\u0131n \u00f6nlenmesine katk\u0131 sa\u011flar. \u2062Miras b\u0131rakan, kanuni s\u0131n\u0131rlamalara uymak \u200dko\u015fuluyla, kalan mal\u2064 varl\u0131\u011f\u0131 \u00fczerinde tasarruf edebilir.<\/p>\n<p>\u2064 \u2063 T\u00fcrk Medeni Kanunu&#8217;na g\u00f6re, sakl\u0131 pay oranlar\u0131 belirli \u2064y\u00fczdelerle ifade edilmektedir. A\u015fa\u011f\u0131da, oranlar \u00f6zetlenmi\u015ftir:<\/p>\n<table class=\"wp-block-table\">\n<thead>\n<tr>\n<th>Miras\u00e7\u0131 Grubu<\/th>\n<th>Sakl\u0131 Pay Oran\u0131<\/th>\n<\/tr>\n<\/thead>\n<tbody>\n<tr>\n<td>Tek \u00e7ocuk<\/td>\n<td>%50<\/td>\n<\/tr>\n<tr>\n<td>Birden \u2062fazla \u00e7ocuk<\/td>\n<td>%1\/2 (her biri i\u00e7in)<\/td>\n<\/tr>\n<tr>\n<td>Torunlar<\/td>\n<td>%1\/2\u2063 (vekaleten)<\/td>\n<\/tr>\n<\/tbody>\n<\/table>\n<p>\u200d \u2062 \u2062Miras\u00e7\u0131lar aras\u0131ndaki dengeyi sa\u011flamak ad\u0131na, sakl\u0131 pay\u0131n korunmas\u0131 b\u00fcy\u00fck \u00f6nem ta\u015f\u0131r. Bu \u200cdurum, \u00f6zellikle evlilik birli\u011fi i\u00e7erisinde ya\u015fanan bo\u015fanma ve ayr\u0131l\u0131klar sonras\u0131nda, miras\u00e7\u0131lar \u200baras\u0131nda hak kay\u0131plar\u0131n\u0131 \u00f6nlemek amac\u0131yla gerekli bir tedbirdir. \u200cSonu\u00e7 olarak, miras\u0131n d\u00fczenlenmesi s\u0131ras\u0131nda, sakl\u0131 \u2062pay\u0131n dikkate al\u0131nmas\u0131,\u2064 miras\u00e7\u0131lar\u200c aras\u0131nda adaletli bir da\u011f\u0131l\u0131m sa\u011flayacakt\u0131r.<\/p>\n<\/section>\n<h2 id=\"esin-yasal-miras-payi-onemi-ve-kapsami\">E\u015fin Yasal Miras Pay\u0131: \u00d6nemi ve Kapsam\u0131<\/h2>\n<p><img decoding=\"async\" class=\"qimage_class lazyload\" data-src=\"https:\/\/denizcankizil.tr\/wp-content\/uploads\/2024\/11\/151855.jpg\" alt=\"E\u015fin Yasal Miras Pay\u0131:\u2064 \u00d6nemi ve Kapsam\u0131\" src=\"data:image\/svg+xml;base64,PHN2ZyB3aWR0aD0iMSIgaGVpZ2h0PSIxIiB4bWxucz0iaHR0cDovL3d3dy53My5vcmcvMjAwMC9zdmciPjwvc3ZnPg==\" style=\"--smush-placeholder-width: 350px; --smush-placeholder-aspect-ratio: 350\/513;\" \/><\/p>\n<p>Bir ki\u015finin vefat\u0131 durumunda, geride b\u0131rakt\u0131\u011f\u0131\u200c mal varl\u0131\u011f\u0131 \u2063\u00fczerinde miras\u00e7\u0131lar aras\u0131nda \u200dpayla\u015f\u0131m yap\u0131lmaktad\u0131r. Ancak, bu payla\u015f\u0131m s\u0131ras\u0131nda yasal d\u00fczenlemeler \u00f6nemli\u200b bir rol oynamaktad\u0131r. Kanun koyucu, miras\u200c b\u0131rakan\u0131n mal varl\u0131\u011f\u0131 \u00fczerinde diledi\u011fi gibi tasarruf yetkisi bulunsa\u2064 da, belirli miras\u00e7\u0131 gruplar\u0131na yasal miras pay\u0131 hakk\u0131 tan\u0131m\u0131\u015ft\u0131r.\u2064 Bu durum, \u200c\u00f6zellikle \u00e7ocuklar, torunlar, anne-baba ve \u2062e\u015f i\u00e7in ge\u00e7erlidir.<\/p>\n<p><strong>E\u015fin yasal \u2062miras pay\u0131<\/strong>,\u2062 miras b\u0131rakan\u0131n\u2063 vefat\u0131 sonras\u0131 e\u015fin sahip oldu\u011fu miras hakk\u0131n\u0131 ifade eder. E\u015f, miras hukuku \u00e7er\u00e7evesinde \u2063\u00f6nemli bir yere sahiptir ve yasal olarak belirlenen pay\u0131 do\u011frudan almaktad\u0131r. A\u015fa\u011f\u0131daki durumlar e\u015fin miras pay\u0131n\u0131n belirlenmesinde\u2062 dikkate al\u0131nmaktad\u0131r:<\/p>\n<ul>\n<li>\u00d6l\u00fcm tarihi itibar\u0131yla evlilik\u200b ili\u015fkisi devam \u2062ediyorsa, mermel \u200bbir pay al\u0131r.<\/li>\n<li>E\u015fin \u00e7ocuklar\u0131n\u0131n varl\u0131\u011f\u0131, yasal miras pay\u0131n\u0131 etkileyebilir.<\/li>\n<li>Gayrimenkul veya\u2063 ta\u015f\u0131nmazlar \u200b\u00fczerinde e\u015fin pay\u0131 belirlenebilir.<\/li>\n<\/ul>\n<p>E\u015fin yasal miras pay\u0131n\u0131n \u200bkapsam\u0131, miras b\u0131rakan\u0131n mal varl\u0131\u011f\u0131n\u0131n b\u00fcy\u00fckl\u00fc\u011f\u00fcne ve aile yap\u0131s\u0131na \u200bg\u00f6re \u00e7e\u015fitlilik g\u00f6sterebilir. \u0130ki farkl\u0131\u200c senaryo g\u00f6z\u2062 \u00f6n\u00fcne al\u0131nd\u0131\u011f\u0131nda, miras payla\u015f\u0131m\u0131\u2064 \u015fu \u015fekilde \u00f6zetlenebilir:<\/p>\n<table class=\"wp-block-table\">\n<thead>\n<tr>\n<th>Durum<\/th>\n<th>E\u015fin Miras Pay\u0131<\/th>\n<\/tr>\n<\/thead>\n<tbody>\n<tr>\n<td>\u00c7ocuklar ile\u2064 miras payla\u015f\u0131m\u0131<\/td>\n<td>1\/4<\/td>\n<\/tr>\n<tr>\n<td>\u00c7ocuk \u200dyok, ebeveynler \u200bvar<\/td>\n<td>1\/2<\/td>\n<\/tr>\n<\/tbody>\n<\/table>\n<p>Ayr\u0131ca, yasal\u200b miras pay\u0131na ek olarak, miras \u200cb\u0131rakan\u0131n \u200cb\u0131rakt\u0131\u011f\u0131\u2063 vasiyete ba\u011fl\u0131 olarak da e\u015fin pay\u0131 art\u0131r\u0131labilir.\u2062 Ancak, bu art\u0131rma hususu, \u2063&#8221;sakl\u0131 pay&#8221; hesaplamalar\u0131na\u2063 tabi olaca\u011f\u0131ndan, yasal temelinden sapmalar\u200b ya\u015fanabilir. Miras hukukunda sakl\u0131 pay kavram\u0131, yasal\u200c miras\u00e7\u0131lar\u0131n belli bir paylar\u0131n\u0131n koruma alt\u0131na al\u0131nmas\u0131n\u0131\u2063 sa\u011flar.<\/p>\n<p>K\u0131sacas\u0131, e\u015fin yasal miras pay\u0131, hem\u2064 bireysel haklar\u200b hem de aile yap\u0131s\u0131 a\u00e7\u0131s\u0131ndan kritik \u00f6nem ta\u015f\u0131maktad\u0131r. Bu \u200dkonu, miras payla\u015f\u0131m\u0131\u2064 s\u0131ras\u0131nda dikkatle de\u011ferlendirilmeli ve gerekli hukuki d\u00fczenlemelere uygun bir\u2062 \u015fekilde ele al\u0131nmal\u0131d\u0131r. E\u015fin sahip oldu\u011fu \u2064miras hakk\u0131, \u2064yaln\u0131zca ki\u015fisel \u00e7\u0131karlar\u2064 de\u011fil, aile dinamikleri a\u00e7\u0131s\u0131ndan da b\u00fcy\u00fck bir \u00f6neme sahiptir.<\/p>\n<h2 id=\"sakli-payin-korunmasi-ve-uygulamadaki-zorluklar\">Sakl\u0131 Pay\u0131n\u2063 Korunmas\u0131 ve Uygulamadaki Zorluklar<\/h2>\n<p><img decoding=\"async\" class=\"qimage_class lazyload\" data-src=\"https:\/\/denizcankizil.tr\/wp-content\/uploads\/2024\/11\/2-25BD.jpg\" alt=\"Sakl\u0131 Pay\u0131n Korunmas\u0131 ve Uygulamadaki Zorluklar\" src=\"data:image\/svg+xml;base64,PHN2ZyB3aWR0aD0iMSIgaGVpZ2h0PSIxIiB4bWxucz0iaHR0cDovL3d3dy53My5vcmcvMjAwMC9zdmciPjwvc3ZnPg==\" style=\"--smush-placeholder-width: 960px; --smush-placeholder-aspect-ratio: 960\/720;\" \/><\/p>\n<p>Miras b\u0131rakan, malvarl\u0131\u011f\u0131 \u00fczerinde diledi\u011fi gibi tasarruf\u2063 yetkisine sahiptir. \u200dAncak, yasal d\u00fczenlemeler nedeniyle, belirli\u2063 bir k\u0131sm\u0131, alt soy olarak adland\u0131r\u0131lan \u00e7ocuklar,\u2063 torunlar, anne, baba ve e\u015f gibi miras\u00e7\u0131lar\u0131n yasal\u2063 miras paylar\u0131na ayr\u0131lm\u0131\u015ft\u0131r. Bu pay, sakl\u0131 pay olarak \u2064bilinir ve malvarl\u0131\u011f\u0131n\u0131n \u00f6nemli bir b\u00f6l\u00fcm\u00fcn\u00fc olu\u015fturmaktad\u0131r.<\/p>\n<p>Sakl\u0131\u2062 pay\u200c kavram\u0131, miras\u0131n adil bir \u015fekilde da\u011f\u0131t\u0131lmas\u0131n\u0131 sa\u011flamak amac\u0131yla getirilmi\u015ftir. \u200c <strong>Sakl\u0131 pay\u0131n korunmas\u0131<\/strong> ile \u2063ilgili en \u00f6nemli\u2063 zorluklardan biri, miras b\u0131rakan\u0131n tasarruf yetkisinin s\u0131n\u0131rland\u0131r\u0131lmas\u0131d\u0131r. Miras b\u0131rakan, sakl\u0131 pay olarak\u200c adland\u0131r\u0131lan bu \u2064pay\u0131 d\u0131\u015flayarak, miras\u0131n\u0131 diledi\u011fi gibi da\u011f\u0131tamaz. Bu durum, \u00f6zellikle aile i\u00e7i anla\u015fmazl\u0131klara yol a\u00e7abilecek bir durumdur.<\/p>\n<p>Sakl\u0131 pay\u0131n korunmas\u0131ndaki di\u011fer bir zorluk ise, miras\u00e7\u0131lar\u0131n tan\u0131m\u0131 ve paylar\u0131n\u0131n belirlenmesiyle ilgilidir. Miras\u00e7\u0131lar\u0131n yasal\u2062 olarak sahip oldu\u011fu paylar\u0131n oranlar\u0131, belirli kriterlere g\u00f6re \u2062belirlenmektedir. Bu nedenle, miras payla\u015f\u0131m\u0131 s\u0131ras\u0131nda \u200c <strong>hukuki ihtilaflar<\/strong> \u00e7\u0131kabilir. Anla\u015fmazl\u0131k durumlar\u0131nda mahkemeye ba\u015fvurulmas\u0131 gerekebilir, bu da s\u00fcrecin uzamas\u0131na ve \u200cek maliyetlere yol\u200d a\u00e7abilmektedir.<\/p>\n<table class=\"wp-block-table\">\n<thead>\n<tr>\n<th>\u041a\u0440\u0438\u0442\u0435\u0440\u0456\u0439<\/th>\n<th>\u041f\u043e\u044f\u0441\u043d\u0435\u043d\u043d\u044f<\/th>\n<\/tr>\n<\/thead>\n<tbody>\n<tr>\n<td>Yasal Miras\u00e7\u0131lar<\/td>\n<td>Anne, baba, \u00e7ocuklar, torunlar<\/td>\n<\/tr>\n<tr>\n<td>Sakl\u0131 Pay Oran\u0131<\/td>\n<td>Miras\u0131n \u200cfarkl\u0131 payla\u015ft\u0131r\u0131lmas\u0131 \u2064durumunda %50&#8217;ye kadar<\/td>\n<\/tr>\n<tr>\n<td>Anla\u015fmazl\u0131k Durumu<\/td>\n<td>Hukuki s\u00fcre\u00e7ler \u2063ve\u200b mahkeme m\u00fcdahalesi<\/td>\n<\/tr>\n<\/tbody>\n<\/table>\n<p>Baz\u0131\u200b durumlarda miras b\u0131rakan, sakl\u0131 paya sayg\u0131 g\u00f6stererek, malvarl\u0131\u011f\u0131n\u0131n belirli\u200c bir k\u0131sm\u0131n\u0131 miras\u00e7\u0131lara b\u0131rakmay\u0131 tercih edebilir. Ancak, bu durumu\u200b y\u00f6netirken dikkatli olunmas\u0131 gerekmektedir. \u2064Herhangi bir hata veya eksiklik, sakl\u0131 pay \u200bsahiplerinin haklar\u0131n\u0131n ihlaline neden olabilir. Bu da aile i\u00e7indeki ili\u015fkilerin bozulmas\u0131na yol a\u00e7abilir.<\/p>\n<p>Uygulamada kar\u015f\u0131la\u015f\u0131lan bir di\u011fer zorluk, miras\u2064 b\u0131rakan\u0131n sa\u011fl\u0131\u011f\u0131nda veya vefat\u0131ndan sonra, miras\u00e7\u0131lar\u0131n bir araya gelerek durumu\u200b m\u00fczakere etmesi gereklili\u011fidir. Miras payla\u015f\u0131m\u0131nda ya\u015fanan bu t\u00fcr zorluklar, \u00e7o\u011fu zaman hukuki dan\u0131\u015fmanl\u0131k gerektiren karma\u015f\u0131k \u2064durumlar haline \u200cd\u00f6n\u00fc\u015febilir. Bu nedenle, miras\u200b b\u0131rakma s\u00fcre\u00e7lerinin \u00f6nceden planlanmas\u0131, olas\u0131 sorunlar\u0131n \u00f6n\u00fcne ge\u00e7ilmesinde \u00f6nemli bir ad\u0131m olacakt\u0131r.<\/p>\n<h2 id=\"miras-planlamasi-ve-sakli-payin-yonetimi-icin-oneriler\">Miras \u200cPlanlamas\u0131 \u200cve Sakl\u0131 \u2064Pay\u0131n Y\u00f6netimi i\u00e7in \u00d6neriler<\/h2>\n<section class=\"post-section\">Miras planlamas\u0131nda, \u2062miras b\u0131rakan ki\u015finin mal varl\u0131\u011f\u0131 \u00fczerinde\u200c tam tasarruf yetkisi bulunmakla birlikte, bu s\u00fcre\u00e7te g\u00f6z \u00f6n\u00fcnde bulundurulmas\u0131 gereken \u00f6nemli bir\u200b husus \u200dvard\u0131r: <strong>sakl\u0131 pay<\/strong>. Kanun, miras b\u0131rakan\u0131n \u200bmal varl\u0131\u011f\u0131n\u0131 diledi\u011fi gibi\u2063 tasarruf etme hakk\u0131n\u0131 \u2062tan\u0131rken, \u00f6zellikle <strong>\u00e7ocuklar, torunlar, anne-baba ve e\u015f<\/strong> gibi yasal miras\u00e7\u0131lara belirli bir oranla\u2062 sakl\u0131 pay tan\u0131maktad\u0131r. Bu durum, miras\u2063 b\u0131rakan\u0131n, miras\u0131 \u00fczerinde tamamen serbest hareket edemeyebilece\u011fi anlam\u0131na\u2064 gelir.<\/p>\n<p>Bu ba\u011flamda,\u200d miras b\u0131rak\u0131lacak ki\u015filerin haklar\u0131n\u0131 koruma\u200b alt\u0131na \u200balmak i\u00e7in, miras planlamas\u0131nda dikkat \u200dedilmesi gereken baz\u0131 noktalar bulunmaktad\u0131r. \u00d6zellikle, sakl\u0131 pay oranlar\u0131n\u0131n iyi bir \u015fekilde belirlenmesi, miras\u0131n payla\u015f\u0131lmas\u0131nda adaletin sa\u011flanmas\u0131 ad\u0131na \u00f6nem arz\u2063 eder. Sakl\u0131 pay, yasal miras pay\u0131n\u0131n bir k\u0131sm\u0131n\u0131 kapsad\u0131\u011f\u0131ndan, bu oranlar\u0131n dikkate al\u0131nmas\u0131 t\u00fcm \u2064miras\u00e7\u0131lar a\u00e7\u0131s\u0131ndan ka\u00e7\u0131n\u0131lmaz bir gerekliliktir.<\/p>\n<p>Miras planlamas\u0131 yaparken, yasal miras\u00e7\u0131lar\u0131n sakl\u0131 paylar\u0131n\u0131n y\u00f6netimi i\u00e7in a\u015fa\u011f\u0131daki \u00f6nerilere dikkat\u200c edilmesi faydal\u0131 olacakt\u0131r:<\/p>\n<ul>\n<li><strong>Sakl\u0131 Pay Oranlar\u0131n\u0131n\u2062 Belirlenmesi:<\/strong> Her\u2064 bir miras\u00e7\u0131n\u0131n yasal sakl\u0131 pay oranlar\u0131n\u0131n netle\u015ftirilmesi gerekmektedir.<\/li>\n<li><strong>Miras S\u00f6zle\u015fmeleri:<\/strong> Miras b\u0131rakma niyetlerini ve sakl\u0131 paylar\u0131 g\u00fcvence \u2064alt\u0131na almak\u200d amac\u0131yla miras s\u00f6zle\u015fmelerinin haz\u0131rlanmas\u0131 \u00f6nerilmektedir.<\/li>\n<li><strong>Planl\u0131 Da\u011f\u0131t\u0131m:<\/strong> Mal varl\u0131\u011f\u0131 \u00fczerinde etkili bir da\u011f\u0131t\u0131m plan\u0131 olu\u015fturulmal\u0131, t\u00fcm miras\u00e7\u0131lar\u0131n haklar\u0131 g\u00f6zetilmelidir.<\/li>\n<\/ul>\n<p>Bu t\u00fcr\u2063 planlamalar, ileride \u200bolu\u015fabilecek \u2063hukuki sorunlar\u0131n \u00f6n\u00fcne ge\u00e7mekte b\u00fcy\u00fck rol oynar. Miras\u0131n nas\u0131l payla\u015f\u0131laca\u011f\u0131 konusunda \u015feffaf bir ileti\u015fim sa\u011flamak, \u00f6zellikle\u200c aile i\u00e7indeki \u2063anla\u015fmazl\u0131klar\u0131n \u00f6nlenmesi \u2064a\u00e7\u0131s\u0131ndan son derece \u00f6nemlidir. Miras b\u0131rakan\u0131n iradesinin,\u2062 sakl\u0131 paylar\u0131n yan\u0131 s\u0131ra,\u200c di\u011fer \u200bmiras\u00e7\u0131lar\u0131n haklar\u0131yla birlikte dengeli ve adil bir bi\u00e7imde i\u015flemesi \u200dgerekmektedir.<\/p>\n<p>Yasal d\u00fczenlemelere \u200dg\u00f6re, sakl\u0131 pay\u0131n y\u00f6netimi, miras planlamas\u0131n\u0131n merkezinde yer almal\u0131d\u0131r. Bu disiplinin temel prensipleri, miras\u00e7\u0131lar\u0131n savunmas\u0131z durumlar\u0131 kar\u015f\u0131s\u0131nda onlara \u2064g\u00fcvence sa\u011flamaya y\u00f6nelik\u2063 y\u00f6ntemler i\u00e7ermektedir. Miras\u00e7\u0131lar aras\u0131ndaki ili\u015fkilerin sa\u011fl\u0131kl\u0131 bir \u015fekilde \u200bdevam etmesi ve miras b\u0131rakan\u0131n iradesinin do\u011fru bir bi\u00e7imde ifa edilmesi amac\u0131yla hukuki dan\u0131\u015fmanl\u0131k almak da \u00f6nerilmektedir.<\/p>\n<p>Sonu\u00e7 olarak, sakl\u0131\u200b pay\u0131n y\u00f6netimi, miras planlamas\u0131nda kritik \u200bbir unsur olup, yasal m\u00fckellefiyetler g\u00f6z \u00f6n\u00fcnde bulundurularak \u2064t\u00fcm \u200cmiras\u00e7\u0131lar\u0131n haklar\u0131n\u0131n\u2063 korunmas\u0131\u2064 sa\u011flanmal\u0131d\u0131r. Miras b\u0131rakan\u0131n iradesinin \u200cger\u00e7ekle\u015ftirilmesi i\u00e7in olu\u015fturulacak planlar, hem bireysel\u200b hem de ailevi ili\u015fkiler a\u00e7\u0131s\u0131ndan \u200bb\u00fcy\u00fck \u00f6nem\u200b ta\u015f\u0131maktad\u0131r.<\/p>\n<\/section>\n<h2 id=\"yasal-duzenlemeler-cercevesinde-sakli-payin-degerlendirilmesi\">Yasal D\u00fczenlemeler \u00c7er\u00e7evesinde Sakl\u0131 Pay\u0131n De\u011ferlendirilmesi<\/h2>\n<p>T\u00fcrk Medeni Kanunu&#8217;na g\u00f6re, miras b\u0131rakan mal\u200b varl\u0131\u011f\u0131 \u00fczerinde \u200bistedi\u011fi gibi tasarruf yetkisine sahiptir. Ancak, bu tasarruf yetkisi belirli s\u0131n\u0131rlar \u2063\u00e7er\u00e7evesinde kullan\u0131labilir. Kanun koyucu, miras\u00e7\u0131lar\u200c aras\u0131nda <strong>yasal miras pay\u0131<\/strong> belirleyerek, baz\u0131 ki\u015filerin,\u2063 \u00f6zellikle de \u00e7ocuklar\u0131n ve torunlar\u0131n, \u2062mirastan\u2063 daha\u2062 fazla pay almas\u0131n\u0131 g\u00fcvence alt\u0131na alm\u0131\u015ft\u0131r. Bu durum, toplumsal yap\u0131n\u0131n\u2063 korunmas\u0131 a\u00e7\u0131s\u0131ndan \u00f6nemli bir hukuki d\u00fczenleme olarak kar\u015f\u0131m\u0131za \u00e7\u0131kmaktad\u0131r.<\/p>\n<p>Bu ba\u011flamda, sakl\u0131 pay, yasal miras\u2064 pay\u0131n\u0131n alt s\u0131n\u0131r\u0131n\u0131 temsil etmektedir. Miras b\u0131rakan\u0131n, kanunen belirlenen bu sakl\u0131 \u2063pay\u0131 a\u015farak, miras\u00e7\u0131lar\u0131n\u2064 haklar\u0131n\u0131\u200d ihlal \u200bedecek \u015fekilde tasarrufta bulunmas\u0131 \u200dm\u00fcmk\u00fcn \u2063de\u011fildir. Dolay\u0131s\u0131yla, miras b\u0131rakan\u0131n \u2062irade beyan\u0131, sakl\u0131 paya sahip olan miras\u00e7\u0131lar\u0131 etkilemeyecektir. Bu durum, miras\u00e7\u0131lar\u0131n\u2064 haklar\u0131n\u0131 koruyan \u2064\u00f6nemli \u2064bir h\u00fck\u00fcm niteli\u011findedir.<\/p>\n<p>Sakl\u0131 pay\u0131n hesaplanabilmesi i\u00e7in, \u00f6ncelikle toplam miras\u2062 de\u011ferinin belirlenmesi\u200b gerekmektedir. Miras\u0131n toplam de\u011feri \u00fczerinden, <strong>yasal miras paylar\u0131<\/strong> ve dolay\u0131s\u0131yla sakl\u0131 paylar hesaplanmal\u0131d\u0131r. Yasal miras paylar\u0131, miras\u00e7\u0131n\u0131n t\u00fcr\u00fcne ve say\u0131s\u0131na g\u00f6re de\u011fi\u015fiklik g\u00f6stermektedir. Miras\u00e7\u0131lara d\u00fc\u015fen \u2063yasal paylar belirlendi\u011finde, sakl\u0131 pay\u0131n ne kadar olaca\u011f\u0131 da netle\u015fmi\u015f \u200bolacakt\u0131r.<\/p>\n<p>T\u00fcrk Medeni Kanunu&#8217;na g\u00f6re sakl\u0131 pay oranlar\u0131 \u015fu \u015fekildedir:<\/p>\n<table class=\"wp-block-table\">\n<thead>\n<tr>\n<th>Miras\u00e7\u0131 T\u00fcr\u00fc<\/th>\n<th>Sakl\u0131 Pay Oran\u0131<\/th>\n<\/tr>\n<\/thead>\n<tbody>\n<tr>\n<td>\u00c7ocuklar<\/td>\n<td>%50<\/td>\n<\/tr>\n<tr>\n<td>E\u015f<\/td>\n<td>%25<\/td>\n<\/tr>\n<tr>\n<td>Anne\/Baba<\/td>\n<td>%25<\/td>\n<\/tr>\n<\/tbody>\n<\/table>\n<p>Bu\u2062 oranlar, miras\u00e7\u0131lar aras\u0131nda payla\u015f\u0131m \u2062yap\u0131l\u0131rken sakl\u0131\u2064 pay\u0131n korunmas\u0131n\u0131 sa\u011flar. Miras b\u0131rakan, bu oranlara sayg\u0131\u2063 g\u00f6stermeden d\u00fczenledi\u011fi bir vasiyetname ile \u200bmiras\u00e7\u0131lara \u2062kar\u015f\u0131 olumsuz bir durum olu\u015fturamaz. Kanun,\u200d miras\u00e7\u0131lar\u0131n haklar\u0131n\u0131 g\u00f6zetmekte ve dolay\u0131s\u0131yla miras b\u0131rakan\u0131n diledi\u011fi gibi tasarruf etmesini \u200bs\u0131n\u0131rlamaktad\u0131r.<\/p>\n<p>Sonu\u00e7 olarak, sakl\u0131 pay, miras \u2062hukukundaki \u00f6nemli bir kavram olup, miras\u00e7\u0131lar\u0131n haklar\u0131n\u0131n g\u00fcvence alt\u0131na al\u0131nmas\u0131n\u0131\u2062 sa\u011flamaktad\u0131r. \u200cMiras b\u0131rakan her ne \u2062kadar \u200dmal varl\u0131\u011f\u0131 \u00fczerinde tasarruf yetkisine sahip olsa da,\u2063 bu tasarruf yetkisinin sakl\u0131 pay oranlar\u0131 i\u00e7inde kalmas\u0131 gerekmektedir.\u2064 B\u00f6ylece, miras\u00e7\u0131lar aras\u0131ndaki haklar korunmu\u015f olacak ve toplumda adalet sa\u011flanm\u0131\u015f olacakt\u0131r.<\/p>\n<h2 id=\"miras-hukuku-baglaminda-egitim-ve-bilinclendirme-ihtiyaci\">Miras Hukuku Ba\u011flam\u0131nda \u200cE\u011fitim ve Bilin\u00e7lendirme \u0130htiyac\u0131<\/h2>\n<p>Miras\u2062 hukuku, bireylerin \u200c\u00f6l\u00fcm\u00fcnden sonra mal varl\u0131klar\u0131n\u0131n nas\u0131l da\u011f\u0131t\u0131laca\u011f\u0131na dair yasal d\u00fczenlemeleri\u2064 kapsar.\u2064 Ancak \u2063bu s\u00fcre\u00e7te \u200dtaraflar\u0131n bilgi eksiklikleri ve bilin\u00e7sizlikleri,\u2064 miras payla\u015f\u0131m\u0131nda adaletin sa\u011flanmas\u0131n\u0131 zorla\u015ft\u0131rabilir. \u00d6nemli olan, herkesin \u200dyasal haklar\u0131na dair bilgi sahibi \u2063olmas\u0131d\u0131r. Miras b\u0131rak\u0131c\u0131lar, miras b\u0131rakt\u0131klar\u0131 m\u00fclkler \u00fczerinde istedikleri gibi tasarruf yetkisine\u2063 sahip olsalar da, kanun koyucunun belirledi\u011fi yasal miras paylar\u0131, miras\u00e7\u0131lar\u0131n haklar\u0131n\u0131 korumay\u0131 hedefler.<\/p>\n<p><strong>Yasal\u200b miras paylar\u0131<\/strong> hakk\u0131nda bilin\u00e7lendirme, miras alan\u0131nda ya\u015fanan uyu\u015fmazl\u0131klar\u0131n \u00f6nlenmesine yard\u0131mc\u0131 olabilir. Miras b\u0131rakan\u0131n mal varl\u0131\u011f\u0131n\u0131 diledi\u011fi gibi da\u011f\u0131tma yetkisi bulunmakla birlikte, \u00e7e\u015fitli ailevi \u2064ili\u015fkiler\u200b ve yasal d\u00fczenlemeler dolay\u0131s\u0131yla \u200cbaz\u0131 paylar sabit kalmaktad\u0131r. Bu \u00f6zellikle, ikinci evlilikler veya birle\u015fik aile yap\u0131lar\u0131nda daha da\u200c karma\u015f\u0131k\u2064 hale\u2063 gelebilir.<\/p>\n<ul>\n<li>\u00c7ocuklar: Miras\u00e7\u0131 olman\u0131n yan\u0131 s\u0131ra, yasal sakl\u0131 paylar\u0131 vard\u0131r.<\/li>\n<li>Torunlar: Miras\u00e7\u0131 olma durumu, alt soy olarak \u2062\u00f6nem ta\u015f\u0131r.<\/li>\n<li>Anne-baba: Yasal miras haklar\u0131,\u200c \u00e7ocuk ve\u200b torunlar\u0131n haklar\u0131 ile bir arada de\u011ferlendirilmelidir.<\/li>\n<li>E\u015f: E\u015fin miras pay\u0131 da \u2063yasal olarak koruma alt\u0131ndad\u0131r.<\/li>\n<\/ul>\n<p>\u00d6zellikle \u201csakl\u0131 pay\u201d \u200ckavram\u0131, miras \u200dpayla\u015f\u0131m\u0131nda anla\u015fmazl\u0131klar\u0131n en s\u0131k g\u00f6r\u00fcld\u00fc\u011f\u00fc konulardan biridir. Sakl\u0131 pay, yasal miras\u00e7\u0131lar\u0131n miras\u00e7\u0131l\u0131k s\u0131fat\u0131yla hakk\u0131n\u0131 korumalar\u0131na olanak\u200b tan\u0131r. Bu durumda, miras b\u0131rakan\u0131n sakl\u0131 paya\u200c dokunmas\u0131, miras\u00e7\u0131lar\u0131n haklar\u0131na zarar verebilir ve gelecekteki payla\u015f\u0131mlarda hukuki sorunlar\u200c do\u011furabilir.<\/p>\n<p><strong>E\u011fitim ve bilin\u00e7lendirme \u200dfaaliyetleri<\/strong>, miras hukukunun temel unsurlar\u0131n\u0131 a\u00e7\u0131klayarak bireylerin haklar\u0131n\u0131\u2064 anlamalar\u0131na\u2063 yard\u0131mc\u0131 olabilir. \u2064E\u011fitici seminerler, \u00e7e\u015fitli bro\u015f\u00fcrler ve online kaynaklar, toplumda genel bir fark\u0131ndal\u0131k yaratabilir. Ayr\u0131ca, hukuki dan\u0131\u015fmanl\u0131k\u200d hizmetlerinin yayg\u0131nla\u015ft\u0131r\u0131lmas\u0131 da, bireylerin yasal haklar\u0131n\u0131 \u00f6\u011frenmelerini kolayla\u015ft\u0131racakt\u0131r.<\/p>\n<table class=\"wp-table\">\n<thead>\n<tr>\n<th>Miras Pay\u0131 T\u00fcr\u00fc<\/th>\n<th>\u041f\u043e\u044f\u0441\u043d\u0435\u043d\u043d\u044f<\/th>\n<\/tr>\n<\/thead>\n<tbody>\n<tr>\n<td>\u00c7ocuk Pay\u0131<\/td>\n<td>Yasal miras\u00e7\u0131 olarak\u200b her \u00e7ocuk, \u2064belirli bir oranda pay al\u0131r.<\/td>\n<\/tr>\n<tr>\n<td>E\u015f \u2062Pay\u0131<\/td>\n<td>E\u015flerin yasal pay\u0131, genellikle \u00e7ocu\u011fun pay\u0131 ile e\u015fitlenir.<\/td>\n<\/tr>\n<tr>\n<td>Torun Pay\u0131<\/td>\n<td>Torunlar, kendi ebeveynleri \u00fczerinden miras alabilirler.<\/td>\n<\/tr>\n<\/tbody>\n<\/table>\n<h2 id=\"outro\">\u043e\u0442\u0436\u0435<\/h2>\n<p>Sonu\u00e7 olarak, &#8220;Mirasta Sakl\u0131 Pay&#8221; \u200bkonusunu ele \u200calan bu yaz\u0131da, miras\u0131n \u200chukuki yap\u0131s\u0131 ve \u00f6zellikle miras b\u0131rakan\u0131n\u2064 tasarruf yetkisi \u00fczerinde durulmu\u015ftur. Miras b\u0131rakan, mal varl\u0131\u011f\u0131 \u2063\u00fczerinde diledi\u011fi gibi tasarruf edebilme hakk\u0131na sahip olsa\u2062 da, yasal d\u00fczenlemelerle belirlenmi\u015f\u200c olan sakl\u0131 pay, miras alanlar\u0131n\u0131n korunmas\u0131 ad\u0131na \u00f6nemli\u2064 bir yer tutmaktad\u0131r. Kanun koyucunun \u00e7ocuklar, torunlar, e\u015f ve ebeveynlerin haklar\u0131n\u0131\u2062 g\u00fcvence alt\u0131na almak amac\u0131yla olu\u015fturdu\u011fu bu yap\u0131, miras payla\u015f\u0131m\u0131nda adaletin sa\u011flanmas\u0131na katk\u0131da bulunur. Sakl\u0131 pay, miras\u0131n nas\u0131l payla\u015f\u0131laca\u011f\u0131n\u0131 etkileyen bir unsur olarak, bireylerin\u200b hukuki durumlar\u0131n\u0131 ve \u2063mal varl\u0131\u011f\u0131n\u0131n gelece\u011fini\u200b \u015fekillendiren \u00f6nemli bir fakt\u00f6rd\u00fcr. T\u00fcm bu noktalar, miras hukuku\u200d \u00e7er\u00e7evesinde derinlemesine d\u00fc\u015f\u00fcn\u00fclmesi gereken konular olup, bireylerin hem haklar\u0131n\u0131 koruma hem de mal varl\u0131\u011f\u0131 y\u00f6netiminde dikkatli olmalar\u0131n\u0131 gerektirmektedir.<\/p>","protected":false},"excerpt":{"rendered":"<p>&#8220;Mirasta Sakl\u0131 Pay&#8221; ba\u015fl\u0131kl\u0131 video, miras b\u0131rakan\u0131n mal varl\u0131\u011f\u0131 \u00fczerindeki tasarruf yetkisi ile birlikte, yasal miras paylar\u0131n\u0131n nas\u0131l belirlendi\u011fini ele almaktad\u0131r. \u00d6zellikle, \u00e7ocuklar, torunlar, anne-baba ve e\u015fin haklar\u0131 ile miras hukuku aras\u0131ndaki dengeyi vurgulamaktad\u0131r.<\/p>","protected":false},"author":4,"featured_media":12177,"comment_status":"open","ping_status":"open","sticky":false,"template":"","format":"standard","meta":{"_acf_changed":false,"footnotes":""},"categories":[22],"tags":[],"class_list":["post-12170","post","type-post","status-publish","format-standard","has-post-thumbnail","hentry","category-degerlendirme"],"acf":[],"yoast_head":"<!-- This site is optimized with the Yoast SEO Premium plugin v26.6 (Yoast SEO v27.1.1) - https:\/\/yoast.com\/product\/yoast-seo-premium-wordpress\/ -->\n<title>Mirasta Sakl\u0131 Pay - Av. Deniz Can K\u0131z\u0131l<\/title>\n<meta name=\"robots\" content=\"index, follow, max-snippet:-1, max-image-preview:large, max-video-preview:-1\" \/>\n<link rel=\"canonical\" href=\"https:\/\/denizcankizil.tr\/uk\/koseyazilari\/degerlendirme\/mirasta-sakli-pay\/\" \/>\n<meta property=\"og:locale\" content=\"uk_UA\" \/>\n<meta property=\"og:type\" content=\"article\" \/>\n<meta property=\"og:title\" content=\"Mirasta Sakl\u0131 Pay\" \/>\n<meta property=\"og:description\" content=\"&quot;Mirasta Sakl\u0131 Pay&quot; ba\u015fl\u0131kl\u0131 video, miras b\u0131rakan\u0131n mal varl\u0131\u011f\u0131 \u00fczerindeki tasarruf yetkisi ile birlikte, yasal miras paylar\u0131n\u0131n nas\u0131l belirlendi\u011fini ele almaktad\u0131r. \u00d6zellikle, \u00e7ocuklar, torunlar, anne-baba ve e\u015fin haklar\u0131 ile miras hukuku aras\u0131ndaki dengeyi vurgulamaktad\u0131r.\" \/>\n<meta property=\"og:url\" content=\"https:\/\/denizcankizil.tr\/uk\/koseyazilari\/degerlendirme\/mirasta-sakli-pay\/\" \/>\n<meta property=\"og:site_name\" content=\"Av. Deniz Can K\u0131z\u0131l\" \/>\n<meta property=\"article:published_time\" content=\"2024-11-03T13:48:00+00:00\" \/>\n<meta property=\"article:modified_time\" content=\"2024-11-03T13:53:20+00:00\" \/>\n<meta property=\"og:image\" content=\"https:\/\/denizcankizil.tr\/wp-content\/uploads\/2024\/11\/9Fkisi.jpg\" \/>\n\t<meta property=\"og:image:width\" content=\"1100\" \/>\n\t<meta property=\"og:image:height\" content=\"500\" \/>\n\t<meta property=\"og:image:type\" content=\"image\/jpeg\" \/>\n<meta name=\"author\" content=\"Av. Deniz Can K\u0131z\u0131l\" \/>\n<meta name=\"twitter:card\" content=\"summary_large_image\" \/>\n<meta name=\"twitter:label1\" content=\"\u041d\u0430\u043f\u0438\u0441\u0430\u043d\u043e\" \/>\n\t<meta name=\"twitter:data1\" content=\"Av. Deniz Can K\u0131z\u0131l\" \/>\n\t<meta name=\"twitter:label2\" content=\"\u041f\u0440\u0438\u0431\u043b. \u0447\u0430\u0441 \u0447\u0438\u0442\u0430\u043d\u043d\u044f\" \/>\n\t<meta name=\"twitter:data2\" content=\"18 \u0445\u0432\u0438\u043b\u0438\u043d\" \/>\n<script type=\"application\/ld+json\" class=\"yoast-schema-graph\">{\"@context\":\"https:\/\/schema.org\",\"@graph\":[{\"@type\":\"Article\",\"@id\":\"https:\/\/denizcankizil.tr\/uk\/koseyazilari\/degerlendirme\/mirasta-sakli-pay\/#article\",\"isPartOf\":{\"@id\":\"https:\/\/denizcankizil.tr\/uk\/koseyazilari\/degerlendirme\/mirasta-sakli-pay\/\"},\"author\":{\"name\":\"Av. Deniz Can K\u0131z\u0131l\",\"@id\":\"https:\/\/denizcankizil.tr\/de\/#\/schema\/person\/5dc1b22991bd7ac833867c10afc9b0ff\"},\"headline\":\"Mirasta Sakl\u0131 Pay\",\"datePublished\":\"2024-11-03T13:48:00+00:00\",\"dateModified\":\"2024-11-03T13:53:20+00:00\",\"mainEntityOfPage\":{\"@id\":\"https:\/\/denizcankizil.tr\/uk\/koseyazilari\/degerlendirme\/mirasta-sakli-pay\/\"},\"wordCount\":3519,\"commentCount\":0,\"publisher\":{\"@id\":\"https:\/\/denizcankizil.tr\/de\/#organization\"},\"image\":{\"@id\":\"https:\/\/denizcankizil.tr\/uk\/koseyazilari\/degerlendirme\/mirasta-sakli-pay\/#primaryimage\"},\"thumbnailUrl\":\"https:\/\/denizcankizil.tr\/wp-content\/uploads\/2024\/11\/9Fkisi.jpg\",\"articleSection\":[\"De\u011ferlendirme\"],\"inLanguage\":\"uk\",\"potentialAction\":[{\"@type\":\"CommentAction\",\"name\":\"Comment\",\"target\":[\"https:\/\/denizcankizil.tr\/uk\/koseyazilari\/degerlendirme\/mirasta-sakli-pay\/#respond\"]}]},{\"@type\":\"WebPage\",\"@id\":\"https:\/\/denizcankizil.tr\/uk\/koseyazilari\/degerlendirme\/mirasta-sakli-pay\/\",\"url\":\"https:\/\/denizcankizil.tr\/uk\/koseyazilari\/degerlendirme\/mirasta-sakli-pay\/\",\"name\":\"Mirasta Sakl\u0131 Pay - Av. Deniz Can K\u0131z\u0131l\",\"isPartOf\":{\"@id\":\"https:\/\/denizcankizil.tr\/de\/#website\"},\"primaryImageOfPage\":{\"@id\":\"https:\/\/denizcankizil.tr\/uk\/koseyazilari\/degerlendirme\/mirasta-sakli-pay\/#primaryimage\"},\"image\":{\"@id\":\"https:\/\/denizcankizil.tr\/uk\/koseyazilari\/degerlendirme\/mirasta-sakli-pay\/#primaryimage\"},\"thumbnailUrl\":\"https:\/\/denizcankizil.tr\/wp-content\/uploads\/2024\/11\/9Fkisi.jpg\",\"datePublished\":\"2024-11-03T13:48:00+00:00\",\"dateModified\":\"2024-11-03T13:53:20+00:00\",\"breadcrumb\":{\"@id\":\"https:\/\/denizcankizil.tr\/uk\/koseyazilari\/degerlendirme\/mirasta-sakli-pay\/#breadcrumb\"},\"inLanguage\":\"uk\",\"potentialAction\":[{\"@type\":\"ReadAction\",\"target\":[\"https:\/\/denizcankizil.tr\/uk\/koseyazilari\/degerlendirme\/mirasta-sakli-pay\/\"]}]},{\"@type\":\"ImageObject\",\"inLanguage\":\"uk\",\"@id\":\"https:\/\/denizcankizil.tr\/uk\/koseyazilari\/degerlendirme\/mirasta-sakli-pay\/#primaryimage\",\"url\":\"https:\/\/denizcankizil.tr\/wp-content\/uploads\/2024\/11\/9Fkisi.jpg\",\"contentUrl\":\"https:\/\/denizcankizil.tr\/wp-content\/uploads\/2024\/11\/9Fkisi.jpg\",\"width\":1100,\"height\":500},{\"@type\":\"BreadcrumbList\",\"@id\":\"https:\/\/denizcankizil.tr\/uk\/koseyazilari\/degerlendirme\/mirasta-sakli-pay\/#breadcrumb\",\"itemListElement\":[{\"@type\":\"ListItem\",\"position\":1,\"name\":\"Home\",\"item\":\"https:\/\/denizcankizil.tr\/de\/\"},{\"@type\":\"ListItem\",\"position\":2,\"name\":\"Mirasta Sakl\u0131 Pay\"}]},{\"@type\":\"WebSite\",\"@id\":\"https:\/\/denizcankizil.tr\/de\/#website\",\"url\":\"https:\/\/denizcankizil.tr\/de\/\",\"name\":\"Av. Deniz Can K\u0131z\u0131l\",\"description\":\"Avukat Deniz Can K\u0131z\u0131l Antalya Barosu\",\"publisher\":{\"@id\":\"https:\/\/denizcankizil.tr\/de\/#organization\"},\"potentialAction\":[{\"@type\":\"SearchAction\",\"target\":{\"@type\":\"EntryPoint\",\"urlTemplate\":\"https:\/\/denizcankizil.tr\/de\/?s={search_term_string}\"},\"query-input\":{\"@type\":\"PropertyValueSpecification\",\"valueRequired\":true,\"valueName\":\"search_term_string\"}}],\"inLanguage\":\"uk\"},{\"@type\":\"Organization\",\"@id\":\"https:\/\/denizcankizil.tr\/de\/#organization\",\"name\":\"Av. Deniz Can K\u0131z\u0131l\",\"url\":\"https:\/\/denizcankizil.tr\/de\/\",\"logo\":{\"@type\":\"ImageObject\",\"inLanguage\":\"uk\",\"@id\":\"https:\/\/denizcankizil.tr\/de\/#\/schema\/logo\/image\/\",\"url\":\"https:\/\/denizcankizil.tr\/wp-content\/uploads\/2024\/10\/siyah-logo-svg.svg\",\"contentUrl\":\"https:\/\/denizcankizil.tr\/wp-content\/uploads\/2024\/10\/siyah-logo-svg.svg\",\"width\":1080,\"height\":1080,\"caption\":\"Av. Deniz Can K\u0131z\u0131l\"},\"image\":{\"@id\":\"https:\/\/denizcankizil.tr\/de\/#\/schema\/logo\/image\/\"}},{\"@type\":\"Person\",\"@id\":\"https:\/\/denizcankizil.tr\/de\/#\/schema\/person\/5dc1b22991bd7ac833867c10afc9b0ff\",\"name\":\"Av. Deniz Can K\u0131z\u0131l\",\"image\":{\"@type\":\"ImageObject\",\"inLanguage\":\"uk\",\"@id\":\"https:\/\/denizcankizil.tr\/de\/#\/schema\/person\/image\/\",\"url\":\"https:\/\/secure.gravatar.com\/avatar\/a0b128fb9855c79efc976d5640eedb31dc35ec297594d6016d2cf7c60e975bb6?s=96&d=mm&r=g\",\"contentUrl\":\"https:\/\/secure.gravatar.com\/avatar\/a0b128fb9855c79efc976d5640eedb31dc35ec297594d6016d2cf7c60e975bb6?s=96&d=mm&r=g\",\"caption\":\"Av. Deniz Can K\u0131z\u0131l\"},\"sameAs\":[\"http:\/\/www.denizcankizil.tr\"],\"url\":\"https:\/\/denizcankizil.tr\/uk\/author\/denizcankizil\/\"}]}<\/script>\n<!-- \/ Yoast SEO Premium plugin. -->","yoast_head_json":{"title":"Mirasta Sakl\u0131 Pay - Av. Deniz Can K\u0131z\u0131l","robots":{"index":"index","follow":"follow","max-snippet":"max-snippet:-1","max-image-preview":"max-image-preview:large","max-video-preview":"max-video-preview:-1"},"canonical":"https:\/\/denizcankizil.tr\/uk\/koseyazilari\/degerlendirme\/mirasta-sakli-pay\/","og_locale":"uk_UA","og_type":"article","og_title":"Mirasta Sakl\u0131 Pay","og_description":"\"Mirasta Sakl\u0131 Pay\" ba\u015fl\u0131kl\u0131 video, miras b\u0131rakan\u0131n mal varl\u0131\u011f\u0131 \u00fczerindeki tasarruf yetkisi ile birlikte, yasal miras paylar\u0131n\u0131n nas\u0131l belirlendi\u011fini ele almaktad\u0131r. \u00d6zellikle, \u00e7ocuklar, torunlar, anne-baba ve e\u015fin haklar\u0131 ile miras hukuku aras\u0131ndaki dengeyi vurgulamaktad\u0131r.","og_url":"https:\/\/denizcankizil.tr\/uk\/koseyazilari\/degerlendirme\/mirasta-sakli-pay\/","og_site_name":"Av. Deniz Can K\u0131z\u0131l","article_published_time":"2024-11-03T13:48:00+00:00","article_modified_time":"2024-11-03T13:53:20+00:00","og_image":[{"width":1100,"height":500,"url":"https:\/\/denizcankizil.tr\/wp-content\/uploads\/2024\/11\/9Fkisi.jpg","type":"image\/jpeg"}],"author":"Av. Deniz Can K\u0131z\u0131l","twitter_card":"summary_large_image","twitter_misc":{"\u041d\u0430\u043f\u0438\u0441\u0430\u043d\u043e":"Av. Deniz Can K\u0131z\u0131l","\u041f\u0440\u0438\u0431\u043b. \u0447\u0430\u0441 \u0447\u0438\u0442\u0430\u043d\u043d\u044f":"18 \u0445\u0432\u0438\u043b\u0438\u043d"},"schema":{"@context":"https:\/\/schema.org","@graph":[{"@type":"Article","@id":"https:\/\/denizcankizil.tr\/uk\/koseyazilari\/degerlendirme\/mirasta-sakli-pay\/#article","isPartOf":{"@id":"https:\/\/denizcankizil.tr\/uk\/koseyazilari\/degerlendirme\/mirasta-sakli-pay\/"},"author":{"name":"Av. Deniz Can K\u0131z\u0131l","@id":"https:\/\/denizcankizil.tr\/de\/#\/schema\/person\/5dc1b22991bd7ac833867c10afc9b0ff"},"headline":"Mirasta Sakl\u0131 Pay","datePublished":"2024-11-03T13:48:00+00:00","dateModified":"2024-11-03T13:53:20+00:00","mainEntityOfPage":{"@id":"https:\/\/denizcankizil.tr\/uk\/koseyazilari\/degerlendirme\/mirasta-sakli-pay\/"},"wordCount":3519,"commentCount":0,"publisher":{"@id":"https:\/\/denizcankizil.tr\/de\/#organization"},"image":{"@id":"https:\/\/denizcankizil.tr\/uk\/koseyazilari\/degerlendirme\/mirasta-sakli-pay\/#primaryimage"},"thumbnailUrl":"https:\/\/denizcankizil.tr\/wp-content\/uploads\/2024\/11\/9Fkisi.jpg","articleSection":["De\u011ferlendirme"],"inLanguage":"uk","potentialAction":[{"@type":"CommentAction","name":"Comment","target":["https:\/\/denizcankizil.tr\/uk\/koseyazilari\/degerlendirme\/mirasta-sakli-pay\/#respond"]}]},{"@type":"WebPage","@id":"https:\/\/denizcankizil.tr\/uk\/koseyazilari\/degerlendirme\/mirasta-sakli-pay\/","url":"https:\/\/denizcankizil.tr\/uk\/koseyazilari\/degerlendirme\/mirasta-sakli-pay\/","name":"Mirasta Sakl\u0131 Pay - Av. Deniz Can K\u0131z\u0131l","isPartOf":{"@id":"https:\/\/denizcankizil.tr\/de\/#website"},"primaryImageOfPage":{"@id":"https:\/\/denizcankizil.tr\/uk\/koseyazilari\/degerlendirme\/mirasta-sakli-pay\/#primaryimage"},"image":{"@id":"https:\/\/denizcankizil.tr\/uk\/koseyazilari\/degerlendirme\/mirasta-sakli-pay\/#primaryimage"},"thumbnailUrl":"https:\/\/denizcankizil.tr\/wp-content\/uploads\/2024\/11\/9Fkisi.jpg","datePublished":"2024-11-03T13:48:00+00:00","dateModified":"2024-11-03T13:53:20+00:00","breadcrumb":{"@id":"https:\/\/denizcankizil.tr\/uk\/koseyazilari\/degerlendirme\/mirasta-sakli-pay\/#breadcrumb"},"inLanguage":"uk","potentialAction":[{"@type":"ReadAction","target":["https:\/\/denizcankizil.tr\/uk\/koseyazilari\/degerlendirme\/mirasta-sakli-pay\/"]}]},{"@type":"ImageObject","inLanguage":"uk","@id":"https:\/\/denizcankizil.tr\/uk\/koseyazilari\/degerlendirme\/mirasta-sakli-pay\/#primaryimage","url":"https:\/\/denizcankizil.tr\/wp-content\/uploads\/2024\/11\/9Fkisi.jpg","contentUrl":"https:\/\/denizcankizil.tr\/wp-content\/uploads\/2024\/11\/9Fkisi.jpg","width":1100,"height":500},{"@type":"BreadcrumbList","@id":"https:\/\/denizcankizil.tr\/uk\/koseyazilari\/degerlendirme\/mirasta-sakli-pay\/#breadcrumb","itemListElement":[{"@type":"ListItem","position":1,"name":"Home","item":"https:\/\/denizcankizil.tr\/de\/"},{"@type":"ListItem","position":2,"name":"Mirasta Sakl\u0131 Pay"}]},{"@type":"WebSite","@id":"https:\/\/denizcankizil.tr\/de\/#website","url":"https:\/\/denizcankizil.tr\/de\/","name":"Av. Deniz Can K\u0131z\u0131l","description":"Avukat Deniz Can K\u0131z\u0131l Antalya Barosu","publisher":{"@id":"https:\/\/denizcankizil.tr\/de\/#organization"},"potentialAction":[{"@type":"SearchAction","target":{"@type":"EntryPoint","urlTemplate":"https:\/\/denizcankizil.tr\/de\/?s={search_term_string}"},"query-input":{"@type":"PropertyValueSpecification","valueRequired":true,"valueName":"search_term_string"}}],"inLanguage":"uk"},{"@type":"Organization","@id":"https:\/\/denizcankizil.tr\/de\/#organization","name":"Av. Deniz Can K\u0131z\u0131l","url":"https:\/\/denizcankizil.tr\/de\/","logo":{"@type":"ImageObject","inLanguage":"uk","@id":"https:\/\/denizcankizil.tr\/de\/#\/schema\/logo\/image\/","url":"https:\/\/denizcankizil.tr\/wp-content\/uploads\/2024\/10\/siyah-logo-svg.svg","contentUrl":"https:\/\/denizcankizil.tr\/wp-content\/uploads\/2024\/10\/siyah-logo-svg.svg","width":1080,"height":1080,"caption":"Av. Deniz Can K\u0131z\u0131l"},"image":{"@id":"https:\/\/denizcankizil.tr\/de\/#\/schema\/logo\/image\/"}},{"@type":"Person","@id":"https:\/\/denizcankizil.tr\/de\/#\/schema\/person\/5dc1b22991bd7ac833867c10afc9b0ff","name":"Av. Deniz Can K\u0131z\u0131l","image":{"@type":"ImageObject","inLanguage":"uk","@id":"https:\/\/denizcankizil.tr\/de\/#\/schema\/person\/image\/","url":"https:\/\/secure.gravatar.com\/avatar\/a0b128fb9855c79efc976d5640eedb31dc35ec297594d6016d2cf7c60e975bb6?s=96&d=mm&r=g","contentUrl":"https:\/\/secure.gravatar.com\/avatar\/a0b128fb9855c79efc976d5640eedb31dc35ec297594d6016d2cf7c60e975bb6?s=96&d=mm&r=g","caption":"Av. Deniz Can K\u0131z\u0131l"},"sameAs":["http:\/\/www.denizcankizil.tr"],"url":"https:\/\/denizcankizil.tr\/uk\/author\/denizcankizil\/"}]}},"_links":{"self":[{"href":"https:\/\/denizcankizil.tr\/uk\/wp-json\/wp\/v2\/posts\/12170","targetHints":{"allow":["GET"]}}],"collection":[{"href":"https:\/\/denizcankizil.tr\/uk\/wp-json\/wp\/v2\/posts"}],"about":[{"href":"https:\/\/denizcankizil.tr\/uk\/wp-json\/wp\/v2\/types\/post"}],"author":[{"embeddable":true,"href":"https:\/\/denizcankizil.tr\/uk\/wp-json\/wp\/v2\/users\/4"}],"replies":[{"embeddable":true,"href":"https:\/\/denizcankizil.tr\/uk\/wp-json\/wp\/v2\/comments?post=12170"}],"version-history":[{"count":1,"href":"https:\/\/denizcankizil.tr\/uk\/wp-json\/wp\/v2\/posts\/12170\/revisions"}],"predecessor-version":[{"id":12186,"href":"https:\/\/denizcankizil.tr\/uk\/wp-json\/wp\/v2\/posts\/12170\/revisions\/12186"}],"wp:featuredmedia":[{"embeddable":true,"href":"https:\/\/denizcankizil.tr\/uk\/wp-json\/wp\/v2\/media\/12177"}],"wp:attachment":[{"href":"https:\/\/denizcankizil.tr\/uk\/wp-json\/wp\/v2\/media?parent=12170"}],"wp:term":[{"taxonomy":"category","embeddable":true,"href":"https:\/\/denizcankizil.tr\/uk\/wp-json\/wp\/v2\/categories?post=12170"},{"taxonomy":"post_tag","embeddable":true,"href":"https:\/\/denizcankizil.tr\/uk\/wp-json\/wp\/v2\/tags?post=12170"}],"curies":[{"name":"wp","href":"https:\/\/api.w.org\/{rel}","templated":true}]}}