{"id":12145,"date":"2024-11-03T16:41:26","date_gmt":"2024-11-03T13:41:26","guid":{"rendered":"https:\/\/denizcankizil.tr\/uncategorized-tr\/hudut-kartallari-gecit-vermiyor\/"},"modified":"2024-11-03T16:41:26","modified_gmt":"2024-11-03T13:41:26","slug":"hudut-kartallari-gecit-vermiyor","status":"publish","type":"post","link":"https:\/\/denizcankizil.tr\/uk\/haberler\/gundem\/hudut-kartallari-gecit-vermiyor\/","title":{"rendered":"Hudut Kartallar\u0131 ge\u00e7it vermiyor!"},"content":{"rendered":"<p>T\u00fcrkiye&#8217;den Yunanistan\u2019a yasa d\u0131\u015f\u0131 yollarla ge\u00e7meye \u00e7al\u0131\u015fan 2 FET\u00d6 mensubu Hudut Kartallar\u0131 taraf\u0131ndan yakaland\u0131.ANKARA (\u0130GFA) &#8211; Ter\u00f6rle m\u00fccadeleyi operasyon b\u00f6lgelerinde s\u00fcrd\u00fcren T\u00fcrk Silahl\u0131 Kuvvetleri unsurlar\u0131na hudutlarda da s\u0131n\u0131r g\u00fcvenli\u011fini s\u00fcrd\u00fcr\u00fcyor.<br \/>\nMilli Savunma Bakanl\u0131\u011f\u0131&#8217;ndan yap\u0131lan a\u00e7\u0131klamada, T\u00fcrkiye&#8217;den Yunanistan\u2019a yasa d\u0131\u015f\u0131 yollarla ge\u00e7meye \u00e7al\u0131\u015fan iki \u015fah\u0131s hudut birliklerimiz taraf\u0131ndan yakaland\u0131.<br \/>\nYakalanan \u015fah\u0131slar\u0131n FET\u00d6 ter\u00f6r \u00f6rg\u00fct\u00fc mensubu oldu\u011fu belirlendi.<\/p>\n<p>https:\/\/twitter.com\/tcsavunma\/status\/1853027044809974109<\/p>\n<p>\u200bT\u00fcrkiye&#8217;den Yunanistan\u2019a yasa d\u0131\u015f\u0131 yollarla ge\u00e7meye \u00e7al\u0131\u015fan 2 FET\u00d6 mensubu Hudut Kartallar\u0131 taraf\u0131ndan yakaland\u0131\u00a0<\/p>\n<p>\u200bHaberin Al\u0131nt\u0131land\u0131\u011f\u0131 Kaynak: www.iskenderun.org<\/p>","protected":false},"excerpt":{"rendered":"<p>T\u00fcrkiye&#8217;den Yunanistan\u2019a yasa d\u0131\u015f\u0131 yollarla ge\u00e7meye \u00e7al\u0131\u015fan 2 FET\u00d6 mensubu Hudut Kartallar\u0131 taraf\u0131ndan yakaland\u0131.ANKARA (\u0130GFA) &#8211; Ter\u00f6rle m\u00fccadeleyi operasyon b\u00f6lgelerinde s\u00fcrd\u00fcren T\u00fcrk Silahl\u0131 Kuvvetleri unsurlar\u0131na hudutlarda da s\u0131n\u0131r g\u00fcvenli\u011fini s\u00fcrd\u00fcr\u00fcyor. Milli Savunma Bakanl\u0131\u011f\u0131&#8217;ndan yap\u0131lan a\u00e7\u0131klamada, T\u00fcrkiye&#8217;den Yunanistan\u2019a yasa d\u0131\u015f\u0131 yollarla ge\u00e7meye \u00e7al\u0131\u015fan iki \u015fah\u0131s hudut birliklerimiz taraf\u0131ndan yakaland\u0131. Yakalanan \u015fah\u0131slar\u0131n FET\u00d6 ter\u00f6r \u00f6rg\u00fct\u00fc mensubu oldu\u011fu belirlendi. https:\/\/twitter.com\/tcsavunma\/status\/1853027044809974109 \u200bT\u00fcrkiye&#8217;den Yunanistan\u2019a yasa d\u0131\u015f\u0131 yollarla ge\u00e7meye \u00e7al\u0131\u015fan 2 FET\u00d6 mensubu Hudut Kartallar\u0131 taraf\u0131ndan yakaland\u0131\u00a0 \u200bHaberin Al\u0131nt\u0131land\u0131\u011f\u0131 Kaynak: www.iskenderun.org<\/p>","protected":false},"author":0,"featured_media":0,"comment_status":"open","ping_status":"open","sticky":false,"template":"","format":"standard","meta":{"_acf_changed":false,"footnotes":""},"categories":[24,535],"tags":[],"class_list":["post-12145","post","type-post","status-publish","format-standard","has-post-thumbnail","hentry","category-gundem","category-uncategorized-tr"],"acf":[],"yoast_head":"<!-- This site is optimized with the Yoast SEO Premium plugin v26.6 (Yoast SEO v27.1.1) - https:\/\/yoast.com\/product\/yoast-seo-premium-wordpress\/ -->\n<title>Hudut Kartallar\u0131 ge\u00e7it vermiyor! - Av. Deniz Can K\u0131z\u0131l<\/title>\n<meta name=\"robots\" content=\"index, follow, max-snippet:-1, max-image-preview:large, max-video-preview:-1\" \/>\n<link rel=\"canonical\" href=\"https:\/\/denizcankizil.tr\/uk\/haberler\/gundem\/hudut-kartallari-gecit-vermiyor\/\" \/>\n<meta property=\"og:locale\" content=\"uk_UA\" \/>\n<meta property=\"og:type\" content=\"article\" \/>\n<meta property=\"og:title\" content=\"Hudut Kartallar\u0131 ge\u00e7it vermiyor!\" \/>\n<meta property=\"og:description\" content=\"T\u00fcrkiye&#8217;den Yunanistan\u2019a yasa d\u0131\u015f\u0131 yollarla ge\u00e7meye \u00e7al\u0131\u015fan 2 FET\u00d6 mensubu Hudut Kartallar\u0131 taraf\u0131ndan yakaland\u0131.ANKARA (\u0130GFA) &#8211; Ter\u00f6rle m\u00fccadeleyi operasyon b\u00f6lgelerinde s\u00fcrd\u00fcren T\u00fcrk Silahl\u0131 Kuvvetleri unsurlar\u0131na hudutlarda da s\u0131n\u0131r g\u00fcvenli\u011fini s\u00fcrd\u00fcr\u00fcyor. Milli Savunma Bakanl\u0131\u011f\u0131&#8217;ndan yap\u0131lan a\u00e7\u0131klamada, T\u00fcrkiye&#8217;den Yunanistan\u2019a yasa d\u0131\u015f\u0131 yollarla ge\u00e7meye \u00e7al\u0131\u015fan iki \u015fah\u0131s hudut birliklerimiz taraf\u0131ndan yakaland\u0131. Yakalanan \u015fah\u0131slar\u0131n FET\u00d6 ter\u00f6r \u00f6rg\u00fct\u00fc mensubu oldu\u011fu belirlendi. https:\/\/twitter.com\/tcsavunma\/status\/1853027044809974109 \u200bT\u00fcrkiye&#8217;den Yunanistan\u2019a yasa d\u0131\u015f\u0131 yollarla ge\u00e7meye \u00e7al\u0131\u015fan 2 FET\u00d6 mensubu Hudut Kartallar\u0131 taraf\u0131ndan yakaland\u0131\u00a0 \u200bHaberin Al\u0131nt\u0131land\u0131\u011f\u0131 Kaynak: www.iskenderun.org\" \/>\n<meta property=\"og:url\" content=\"https:\/\/denizcankizil.tr\/uk\/haberler\/gundem\/hudut-kartallari-gecit-vermiyor\/\" \/>\n<meta property=\"og:site_name\" content=\"Av. Deniz Can K\u0131z\u0131l\" \/>\n<meta property=\"article:published_time\" content=\"2024-11-03T13:41:26+00:00\" \/>\n<meta name=\"twitter:card\" content=\"summary_large_image\" \/>\n<meta name=\"twitter:label1\" content=\"\u041f\u0440\u0438\u0431\u043b. \u0447\u0430\u0441 \u0447\u0438\u0442\u0430\u043d\u043d\u044f\" \/>\n\t<meta name=\"twitter:data1\" content=\"1 \u0445\u0432\u0438\u043b\u0438\u043d\u0430\" \/>\n<script type=\"application\/ld+json\" class=\"yoast-schema-graph\">{\"@context\":\"https:\/\/schema.org\",\"@graph\":[{\"@type\":\"Article\",\"@id\":\"https:\/\/denizcankizil.tr\/uk\/haberler\/gundem\/hudut-kartallari-gecit-vermiyor\/#article\",\"isPartOf\":{\"@id\":\"https:\/\/denizcankizil.tr\/uk\/haberler\/gundem\/hudut-kartallari-gecit-vermiyor\/\"},\"author\":{\"name\":\"\",\"@id\":\"\"},\"headline\":\"Hudut Kartallar\u0131 ge\u00e7it vermiyor!\",\"datePublished\":\"2024-11-03T13:41:26+00:00\",\"mainEntityOfPage\":{\"@id\":\"https:\/\/denizcankizil.tr\/uk\/haberler\/gundem\/hudut-kartallari-gecit-vermiyor\/\"},\"wordCount\":128,\"commentCount\":0,\"publisher\":{\"@id\":\"https:\/\/denizcankizil.tr\/#organization\"},\"articleSection\":[\"G\u00fcndem\",\"Uncategorized\"],\"inLanguage\":\"uk\",\"potentialAction\":[{\"@type\":\"CommentAction\",\"name\":\"Comment\",\"target\":[\"https:\/\/denizcankizil.tr\/uk\/haberler\/gundem\/hudut-kartallari-gecit-vermiyor\/#respond\"]}]},{\"@type\":\"WebPage\",\"@id\":\"https:\/\/denizcankizil.tr\/uk\/haberler\/gundem\/hudut-kartallari-gecit-vermiyor\/\",\"url\":\"https:\/\/denizcankizil.tr\/uk\/haberler\/gundem\/hudut-kartallari-gecit-vermiyor\/\",\"name\":\"Hudut Kartallar\u0131 ge\u00e7it vermiyor! - Av. Deniz Can K\u0131z\u0131l\",\"isPartOf\":{\"@id\":\"https:\/\/denizcankizil.tr\/#website\"},\"datePublished\":\"2024-11-03T13:41:26+00:00\",\"breadcrumb\":{\"@id\":\"https:\/\/denizcankizil.tr\/uk\/haberler\/gundem\/hudut-kartallari-gecit-vermiyor\/#breadcrumb\"},\"inLanguage\":\"uk\",\"potentialAction\":[{\"@type\":\"ReadAction\",\"target\":[\"https:\/\/denizcankizil.tr\/uk\/haberler\/gundem\/hudut-kartallari-gecit-vermiyor\/\"]}]},{\"@type\":\"BreadcrumbList\",\"@id\":\"https:\/\/denizcankizil.tr\/uk\/haberler\/gundem\/hudut-kartallari-gecit-vermiyor\/#breadcrumb\",\"itemListElement\":[{\"@type\":\"ListItem\",\"position\":1,\"name\":\"Home\",\"item\":\"https:\/\/denizcankizil.tr\/uk\/\"},{\"@type\":\"ListItem\",\"position\":2,\"name\":\"Hudut Kartallar\u0131 ge\u00e7it vermiyor!\"}]},{\"@type\":\"WebSite\",\"@id\":\"https:\/\/denizcankizil.tr\/#website\",\"url\":\"https:\/\/denizcankizil.tr\/\",\"name\":\"Av. Deniz Can K\u0131z\u0131l\",\"description\":\"Avukat Deniz Can K\u0131z\u0131l Antalya Barosu\",\"publisher\":{\"@id\":\"https:\/\/denizcankizil.tr\/#organization\"},\"potentialAction\":[{\"@type\":\"SearchAction\",\"target\":{\"@type\":\"EntryPoint\",\"urlTemplate\":\"https:\/\/denizcankizil.tr\/?s={search_term_string}\"},\"query-input\":{\"@type\":\"PropertyValueSpecification\",\"valueRequired\":true,\"valueName\":\"search_term_string\"}}],\"inLanguage\":\"uk\"},{\"@type\":\"Organization\",\"@id\":\"https:\/\/denizcankizil.tr\/#organization\",\"name\":\"Av. Deniz Can K\u0131z\u0131l\",\"url\":\"https:\/\/denizcankizil.tr\/\",\"logo\":{\"@type\":\"ImageObject\",\"inLanguage\":\"uk\",\"@id\":\"https:\/\/denizcankizil.tr\/#\/schema\/logo\/image\/\",\"url\":\"https:\/\/denizcankizil.tr\/wp-content\/uploads\/2024\/10\/siyah-logo-svg.svg\",\"contentUrl\":\"https:\/\/denizcankizil.tr\/wp-content\/uploads\/2024\/10\/siyah-logo-svg.svg\",\"width\":1080,\"height\":1080,\"caption\":\"Av. Deniz Can K\u0131z\u0131l\"},\"image\":{\"@id\":\"https:\/\/denizcankizil.tr\/#\/schema\/logo\/image\/\"}}]}<\/script>\n<!-- \/ Yoast SEO Premium plugin. -->","yoast_head_json":{"title":"Hudut Kartallar\u0131 ge\u00e7it vermiyor! - Av. Deniz Can K\u0131z\u0131l","robots":{"index":"index","follow":"follow","max-snippet":"max-snippet:-1","max-image-preview":"max-image-preview:large","max-video-preview":"max-video-preview:-1"},"canonical":"https:\/\/denizcankizil.tr\/uk\/haberler\/gundem\/hudut-kartallari-gecit-vermiyor\/","og_locale":"uk_UA","og_type":"article","og_title":"Hudut Kartallar\u0131 ge\u00e7it vermiyor!","og_description":"T\u00fcrkiye&#8217;den Yunanistan\u2019a yasa d\u0131\u015f\u0131 yollarla ge\u00e7meye \u00e7al\u0131\u015fan 2 FET\u00d6 mensubu Hudut Kartallar\u0131 taraf\u0131ndan yakaland\u0131.ANKARA (\u0130GFA) &#8211; Ter\u00f6rle m\u00fccadeleyi operasyon b\u00f6lgelerinde s\u00fcrd\u00fcren T\u00fcrk Silahl\u0131 Kuvvetleri unsurlar\u0131na hudutlarda da s\u0131n\u0131r g\u00fcvenli\u011fini s\u00fcrd\u00fcr\u00fcyor. Milli Savunma Bakanl\u0131\u011f\u0131&#8217;ndan yap\u0131lan a\u00e7\u0131klamada, T\u00fcrkiye&#8217;den Yunanistan\u2019a yasa d\u0131\u015f\u0131 yollarla ge\u00e7meye \u00e7al\u0131\u015fan iki \u015fah\u0131s hudut birliklerimiz taraf\u0131ndan yakaland\u0131. Yakalanan \u015fah\u0131slar\u0131n FET\u00d6 ter\u00f6r \u00f6rg\u00fct\u00fc mensubu oldu\u011fu belirlendi. https:\/\/twitter.com\/tcsavunma\/status\/1853027044809974109 \u200bT\u00fcrkiye&#8217;den Yunanistan\u2019a yasa d\u0131\u015f\u0131 yollarla ge\u00e7meye \u00e7al\u0131\u015fan 2 FET\u00d6 mensubu Hudut Kartallar\u0131 taraf\u0131ndan yakaland\u0131\u00a0 \u200bHaberin Al\u0131nt\u0131land\u0131\u011f\u0131 Kaynak: www.iskenderun.org","og_url":"https:\/\/denizcankizil.tr\/uk\/haberler\/gundem\/hudut-kartallari-gecit-vermiyor\/","og_site_name":"Av. Deniz Can K\u0131z\u0131l","article_published_time":"2024-11-03T13:41:26+00:00","twitter_card":"summary_large_image","twitter_misc":{"\u041f\u0440\u0438\u0431\u043b. \u0447\u0430\u0441 \u0447\u0438\u0442\u0430\u043d\u043d\u044f":"1 \u0445\u0432\u0438\u043b\u0438\u043d\u0430"},"schema":{"@context":"https:\/\/schema.org","@graph":[{"@type":"Article","@id":"https:\/\/denizcankizil.tr\/uk\/haberler\/gundem\/hudut-kartallari-gecit-vermiyor\/#article","isPartOf":{"@id":"https:\/\/denizcankizil.tr\/uk\/haberler\/gundem\/hudut-kartallari-gecit-vermiyor\/"},"author":{"name":"","@id":""},"headline":"Hudut Kartallar\u0131 ge\u00e7it vermiyor!","datePublished":"2024-11-03T13:41:26+00:00","mainEntityOfPage":{"@id":"https:\/\/denizcankizil.tr\/uk\/haberler\/gundem\/hudut-kartallari-gecit-vermiyor\/"},"wordCount":128,"commentCount":0,"publisher":{"@id":"https:\/\/denizcankizil.tr\/#organization"},"articleSection":["G\u00fcndem","Uncategorized"],"inLanguage":"uk","potentialAction":[{"@type":"CommentAction","name":"Comment","target":["https:\/\/denizcankizil.tr\/uk\/haberler\/gundem\/hudut-kartallari-gecit-vermiyor\/#respond"]}]},{"@type":"WebPage","@id":"https:\/\/denizcankizil.tr\/uk\/haberler\/gundem\/hudut-kartallari-gecit-vermiyor\/","url":"https:\/\/denizcankizil.tr\/uk\/haberler\/gundem\/hudut-kartallari-gecit-vermiyor\/","name":"Hudut Kartallar\u0131 ge\u00e7it vermiyor! - Av. Deniz Can K\u0131z\u0131l","isPartOf":{"@id":"https:\/\/denizcankizil.tr\/#website"},"datePublished":"2024-11-03T13:41:26+00:00","breadcrumb":{"@id":"https:\/\/denizcankizil.tr\/uk\/haberler\/gundem\/hudut-kartallari-gecit-vermiyor\/#breadcrumb"},"inLanguage":"uk","potentialAction":[{"@type":"ReadAction","target":["https:\/\/denizcankizil.tr\/uk\/haberler\/gundem\/hudut-kartallari-gecit-vermiyor\/"]}]},{"@type":"BreadcrumbList","@id":"https:\/\/denizcankizil.tr\/uk\/haberler\/gundem\/hudut-kartallari-gecit-vermiyor\/#breadcrumb","itemListElement":[{"@type":"ListItem","position":1,"name":"Home","item":"https:\/\/denizcankizil.tr\/uk\/"},{"@type":"ListItem","position":2,"name":"Hudut Kartallar\u0131 ge\u00e7it vermiyor!"}]},{"@type":"WebSite","@id":"https:\/\/denizcankizil.tr\/#website","url":"https:\/\/denizcankizil.tr\/","name":"Av. Deniz Can K\u0131z\u0131l","description":"Avukat Deniz Can K\u0131z\u0131l Antalya Barosu","publisher":{"@id":"https:\/\/denizcankizil.tr\/#organization"},"potentialAction":[{"@type":"SearchAction","target":{"@type":"EntryPoint","urlTemplate":"https:\/\/denizcankizil.tr\/?s={search_term_string}"},"query-input":{"@type":"PropertyValueSpecification","valueRequired":true,"valueName":"search_term_string"}}],"inLanguage":"uk"},{"@type":"Organization","@id":"https:\/\/denizcankizil.tr\/#organization","name":"Av. Deniz Can K\u0131z\u0131l","url":"https:\/\/denizcankizil.tr\/","logo":{"@type":"ImageObject","inLanguage":"uk","@id":"https:\/\/denizcankizil.tr\/#\/schema\/logo\/image\/","url":"https:\/\/denizcankizil.tr\/wp-content\/uploads\/2024\/10\/siyah-logo-svg.svg","contentUrl":"https:\/\/denizcankizil.tr\/wp-content\/uploads\/2024\/10\/siyah-logo-svg.svg","width":1080,"height":1080,"caption":"Av. Deniz Can K\u0131z\u0131l"},"image":{"@id":"https:\/\/denizcankizil.tr\/#\/schema\/logo\/image\/"}}]}},"_links":{"self":[{"href":"https:\/\/denizcankizil.tr\/uk\/wp-json\/wp\/v2\/posts\/12145","targetHints":{"allow":["GET"]}}],"collection":[{"href":"https:\/\/denizcankizil.tr\/uk\/wp-json\/wp\/v2\/posts"}],"about":[{"href":"https:\/\/denizcankizil.tr\/uk\/wp-json\/wp\/v2\/types\/post"}],"replies":[{"embeddable":true,"href":"https:\/\/denizcankizil.tr\/uk\/wp-json\/wp\/v2\/comments?post=12145"}],"version-history":[{"count":0,"href":"https:\/\/denizcankizil.tr\/uk\/wp-json\/wp\/v2\/posts\/12145\/revisions"}],"wp:attachment":[{"href":"https:\/\/denizcankizil.tr\/uk\/wp-json\/wp\/v2\/media?parent=12145"}],"wp:term":[{"taxonomy":"category","embeddable":true,"href":"https:\/\/denizcankizil.tr\/uk\/wp-json\/wp\/v2\/categories?post=12145"},{"taxonomy":"post_tag","embeddable":true,"href":"https:\/\/denizcankizil.tr\/uk\/wp-json\/wp\/v2\/tags?post=12145"}],"curies":[{"name":"wp","href":"https:\/\/api.w.org\/{rel}","templated":true}]}}