{"id":121199,"date":"2025-06-20T12:42:24","date_gmt":"2025-06-20T09:42:24","guid":{"rendered":"https:\/\/denizcankizil.tr\/uncategorized-tr\/tarimsal-girdiler-nisanda-da-hiz-kesmedi-veteriner-harcamalari-ve-hayvan-yemi-revacta\/"},"modified":"2025-06-20T12:42:24","modified_gmt":"2025-06-20T09:42:24","slug":"tarimsal-girdiler-nisanda-da-hiz-kesmedi-veteriner-harcamalari-ve-hayvan-yemi-revacta","status":"publish","type":"post","link":"https:\/\/denizcankizil.tr\/uk\/haberler\/gundem\/tarimsal-girdiler-nisanda-da-hiz-kesmedi-veteriner-harcamalari-ve-hayvan-yemi-revacta\/","title":{"rendered":"Tar\u0131msal girdiler Nisan&#8217;da da h\u0131z kesmedi&#8230; Veteriner harcamalar\u0131 ve hayvan yemi  reva\u00e7ta"},"content":{"rendered":"<p>T\u00fcrkiye \u0130statistik Kurumu\u2019nun (T\u00dc\u0130K) verilerine g\u00f6re, Tar\u0131msal Girdi Fiyat Endeksi (Tar\u0131m-GFE) Nisan 2025\u2019te y\u0131ll\u0131k y\u00fczde 30,12, ayl\u0131k y\u00fczde 2,03 art\u0131\u015f g\u00f6sterdi.ANKARA (\u0130GFA) &#8211; T\u00dc\u0130K\u2019in a\u00e7\u0131klad\u0131\u011f\u0131 Tar\u0131m-GFE (2020=100) verilerine g\u00f6re, Nisan 2025\u2019te tar\u0131msal girdi fiyatlar\u0131 bir \u00f6nceki aya g\u00f6re y\u00fczde 2,03, bir \u00f6nceki y\u0131l\u0131n Aral\u0131k ay\u0131na g\u00f6re y\u00fczde 12,56, bir \u00f6nceki y\u0131l\u0131n Nisan ay\u0131na g\u00f6re y\u00fczde 30,12 ve on iki ayl\u0131k ortalamalara g\u00f6re y\u00fczde 34,54 y\u00fckseldi.<br \/>\nAna gruplar incelendi\u011finde, tar\u0131mda kullan\u0131lan mal ve hizmetler endeksi ayl\u0131k y\u00fczde 2,13, tar\u0131msal yat\u0131r\u0131ma katk\u0131 sa\u011flayan mal ve hizmetler endeksi ise y\u00fczde 1,45 artt\u0131. Y\u0131ll\u0131k bazda ise tar\u0131mda kullan\u0131lan mal ve hizmetler endeksinde y\u00fczde 29,65, tar\u0131msal yat\u0131r\u0131ma katk\u0131 sa\u011flayan mal ve hizmetler endeksinde y\u00fczde 32,98 art\u0131\u015f kaydedildi.<\/p>\n<p>EN Y\u00dcKSEK ARTI\u015e VETER\u0130NER HARCAMALARI VE HAYVAN YEM\u0130NDE<br \/>\nY\u0131ll\u0131k bazda en y\u00fcksek art\u0131\u015f y\u00fczde 56,94 ile veteriner harcamalar\u0131nda ger\u00e7ekle\u015firken, ayl\u0131k bazda en fazla y\u00fckseli\u015f y\u00fczde 3,61 ile hayvan yemi alt grubunda g\u00f6r\u00fcld\u00fc. Bu veriler, tar\u0131m sekt\u00f6r\u00fcndeki maliyet bask\u0131s\u0131n\u0131n devam etti\u011fini ortaya koydu.<\/p>\n<p>\u200bT\u00fcrkiye \u0130statistik Kurumu\u2019nun (T\u00dc\u0130K) verilerine g\u00f6re, Tar\u0131msal Girdi Fiyat Endeksi (Tar\u0131m-GFE) Nisan 2025\u2019te y\u0131ll\u0131k y\u00fczde 30,12, ayl\u0131k y\u00fczde 2,03 art\u0131\u015f g\u00f6sterdi.ANKARA (\u0130GFA) &#8211; T\u00dc\u0130K\u2019in a\u00e7\u0131klad\u0131\u011f\u0131 Tar\u0131m-GFE (2020=100) verilerine g\u00f6re, Nisan 2025\u2019te tar\u0131msal girdi fiyatlar\u0131 bir \u00f6nceki aya g\u00f6re y\u00fczde 2,03, bir \u00f6nceki y\u0131l\u0131n Aral\u0131k ay\u0131na g\u00f6re y\u00fczde 12,56, bir \u00f6nceki y\u0131l\u0131n Nisan ay\u0131na g\u00f6re y\u00fczde 30,12 ve on iki ayl\u0131k ortalamalara g\u00f6re y\u00fczde 34,54 y\u00fckseldi.<br \/>\nAna gruplar incelendi\u011finde, tar\u0131mda kullan\u0131lan mal ve hizmetler endeksi ayl\u0131k y\u00fczde 2,13, tar\u0131msal yat\u0131r\u0131ma katk\u0131 sa\u011flayan mal ve hizmetler endeksi ise y\u00fczde 1,45 artt\u0131. Y\u0131ll\u0131k bazda ise tar\u0131mda kullan\u0131lan mal ve hizmetler endeksinde y\u00fczde 29,65, tar\u0131msal yat\u0131r\u0131ma katk\u0131 sa\u011flayan mal ve hizmetler endeksinde y\u00fczde 32,98 art\u0131\u015f kaydedildi.<\/p>\n<p>EN Y\u00dcKSEK ARTI\u015e VETER\u0130NER HARCAMALARI VE HAYVAN YEM\u0130NDE<br \/>\nY\u0131ll\u0131k bazda en y\u00fcksek art\u0131\u015f y\u00fczde 56,94 ile veteriner harcamalar\u0131nda ger\u00e7ekle\u015firken, ayl\u0131k bazda en fazla y\u00fckseli\u015f y\u00fczde 3,61 ile hayvan yemi alt grubunda g\u00f6r\u00fcld\u00fc. Bu veriler, tar\u0131m sekt\u00f6r\u00fcndeki maliyet bask\u0131s\u0131n\u0131n devam etti\u011fini ortaya koydu.\u00a0<\/p>\n<p>\u200bHaberin Al\u0131nt\u0131land\u0131\u011f\u0131 Kaynak: www.iskenderun.org<\/p>","protected":false},"excerpt":{"rendered":"<p>T\u00fcrkiye \u0130statistik Kurumu\u2019nun (T\u00dc\u0130K) verilerine g\u00f6re, Tar\u0131msal Girdi Fiyat Endeksi (Tar\u0131m-GFE) Nisan 2025\u2019te y\u0131ll\u0131k y\u00fczde 30,12, ayl\u0131k y\u00fczde 2,03 art\u0131\u015f g\u00f6sterdi.ANKARA (\u0130GFA) &#8211; T\u00dc\u0130K\u2019in a\u00e7\u0131klad\u0131\u011f\u0131 Tar\u0131m-GFE (2020=100) verilerine g\u00f6re, Nisan 2025\u2019te tar\u0131msal girdi fiyatlar\u0131 bir \u00f6nceki aya g\u00f6re y\u00fczde 2,03, bir \u00f6nceki y\u0131l\u0131n Aral\u0131k ay\u0131na g\u00f6re y\u00fczde 12,56, bir \u00f6nceki y\u0131l\u0131n Nisan ay\u0131na g\u00f6re y\u00fczde 30,12 ve on iki ayl\u0131k ortalamalara g\u00f6re y\u00fczde 34,54 y\u00fckseldi. Ana gruplar incelendi\u011finde, tar\u0131mda kullan\u0131lan mal ve hizmetler endeksi ayl\u0131k y\u00fczde 2,13, tar\u0131msal yat\u0131r\u0131ma katk\u0131 sa\u011flayan mal ve hizmetler endeksi ise y\u00fczde 1,45 artt\u0131. Y\u0131ll\u0131k bazda ise tar\u0131mda kullan\u0131lan mal ve hizmetler endeksinde y\u00fczde 29,65, tar\u0131msal yat\u0131r\u0131ma katk\u0131 sa\u011flayan mal ve hizmetler endeksinde y\u00fczde 32,98 art\u0131\u015f kaydedildi. EN Y\u00dcKSEK ARTI\u015e VETER\u0130NER HARCAMALARI VE HAYVAN YEM\u0130NDE Y\u0131ll\u0131k bazda en y\u00fcksek art\u0131\u015f y\u00fczde 56,94 ile veteriner harcamalar\u0131nda ger\u00e7ekle\u015firken, ayl\u0131k bazda en fazla y\u00fckseli\u015f y\u00fczde 3,61 ile hayvan yemi alt grubunda g\u00f6r\u00fcld\u00fc. Bu veriler, tar\u0131m sekt\u00f6r\u00fcndeki maliyet bask\u0131s\u0131n\u0131n devam etti\u011fini ortaya koydu. \u200bT\u00fcrkiye \u0130statistik Kurumu\u2019nun (T\u00dc\u0130K) verilerine g\u00f6re, Tar\u0131msal Girdi Fiyat Endeksi (Tar\u0131m-GFE) Nisan 2025\u2019te y\u0131ll\u0131k y\u00fczde 30,12, ayl\u0131k y\u00fczde 2,03 art\u0131\u015f g\u00f6sterdi.ANKARA (\u0130GFA) &#8211; T\u00dc\u0130K\u2019in a\u00e7\u0131klad\u0131\u011f\u0131 Tar\u0131m-GFE (2020=100) verilerine g\u00f6re, Nisan 2025\u2019te tar\u0131msal girdi fiyatlar\u0131 bir \u00f6nceki aya g\u00f6re y\u00fczde 2,03, bir \u00f6nceki y\u0131l\u0131n Aral\u0131k ay\u0131na g\u00f6re &hellip;<\/p>","protected":false},"author":1,"featured_media":0,"comment_status":"","ping_status":"open","sticky":false,"template":"","format":"standard","meta":{"_acf_changed":false,"footnotes":""},"categories":[24],"tags":[],"class_list":["post-121199","post","type-post","status-publish","format-standard","has-post-thumbnail","hentry","category-gundem"],"acf":[],"yoast_head":"<!-- This site is optimized with the Yoast SEO Premium plugin v26.6 (Yoast SEO v27.1.1) - https:\/\/yoast.com\/product\/yoast-seo-premium-wordpress\/ -->\n<title>Tar\u0131msal girdiler Nisan&#039;da da h\u0131z kesmedi... Veteriner harcamalar\u0131 ve hayvan yemi reva\u00e7ta - Av. Deniz Can K\u0131z\u0131l<\/title>\n<meta name=\"robots\" content=\"index, follow, max-snippet:-1, max-image-preview:large, max-video-preview:-1\" \/>\n<link rel=\"canonical\" href=\"https:\/\/denizcankizil.tr\/uk\/haberler\/gundem\/tarimsal-girdiler-nisanda-da-hiz-kesmedi-veteriner-harcamalari-ve-hayvan-yemi-revacta\/\" \/>\n<meta property=\"og:locale\" content=\"uk_UA\" \/>\n<meta property=\"og:type\" content=\"article\" \/>\n<meta property=\"og:title\" content=\"Tar\u0131msal girdiler Nisan&#039;da da h\u0131z kesmedi... Veteriner harcamalar\u0131 ve hayvan yemi reva\u00e7ta\" \/>\n<meta property=\"og:description\" content=\"T\u00fcrkiye \u0130statistik Kurumu\u2019nun (T\u00dc\u0130K) verilerine g\u00f6re, Tar\u0131msal Girdi Fiyat Endeksi (Tar\u0131m-GFE) Nisan 2025\u2019te y\u0131ll\u0131k y\u00fczde 30,12, ayl\u0131k y\u00fczde 2,03 art\u0131\u015f g\u00f6sterdi.ANKARA (\u0130GFA) &#8211; T\u00dc\u0130K\u2019in a\u00e7\u0131klad\u0131\u011f\u0131 Tar\u0131m-GFE (2020=100) verilerine g\u00f6re, Nisan 2025\u2019te tar\u0131msal girdi fiyatlar\u0131 bir \u00f6nceki aya g\u00f6re y\u00fczde 2,03, bir \u00f6nceki y\u0131l\u0131n Aral\u0131k ay\u0131na g\u00f6re y\u00fczde 12,56, bir \u00f6nceki y\u0131l\u0131n Nisan ay\u0131na g\u00f6re y\u00fczde 30,12 ve on iki ayl\u0131k ortalamalara g\u00f6re y\u00fczde 34,54 y\u00fckseldi. Ana gruplar incelendi\u011finde, tar\u0131mda kullan\u0131lan mal ve hizmetler endeksi ayl\u0131k y\u00fczde 2,13, tar\u0131msal yat\u0131r\u0131ma katk\u0131 sa\u011flayan mal ve hizmetler endeksi ise y\u00fczde 1,45 artt\u0131. Y\u0131ll\u0131k bazda ise tar\u0131mda kullan\u0131lan mal ve hizmetler endeksinde y\u00fczde 29,65, tar\u0131msal yat\u0131r\u0131ma katk\u0131 sa\u011flayan mal ve hizmetler endeksinde y\u00fczde 32,98 art\u0131\u015f kaydedildi. EN Y\u00dcKSEK ARTI\u015e VETER\u0130NER HARCAMALARI VE HAYVAN YEM\u0130NDE Y\u0131ll\u0131k bazda en y\u00fcksek art\u0131\u015f y\u00fczde 56,94 ile veteriner harcamalar\u0131nda ger\u00e7ekle\u015firken, ayl\u0131k bazda en fazla y\u00fckseli\u015f y\u00fczde 3,61 ile hayvan yemi alt grubunda g\u00f6r\u00fcld\u00fc. Bu veriler, tar\u0131m sekt\u00f6r\u00fcndeki maliyet bask\u0131s\u0131n\u0131n devam etti\u011fini ortaya koydu. \u200bT\u00fcrkiye \u0130statistik Kurumu\u2019nun (T\u00dc\u0130K) verilerine g\u00f6re, Tar\u0131msal Girdi Fiyat Endeksi (Tar\u0131m-GFE) Nisan 2025\u2019te y\u0131ll\u0131k y\u00fczde 30,12, ayl\u0131k y\u00fczde 2,03 art\u0131\u015f g\u00f6sterdi.ANKARA (\u0130GFA) &#8211; T\u00dc\u0130K\u2019in a\u00e7\u0131klad\u0131\u011f\u0131 Tar\u0131m-GFE (2020=100) verilerine g\u00f6re, Nisan 2025\u2019te tar\u0131msal girdi fiyatlar\u0131 bir \u00f6nceki aya g\u00f6re y\u00fczde 2,03, bir \u00f6nceki y\u0131l\u0131n Aral\u0131k ay\u0131na g\u00f6re &hellip;\" \/>\n<meta property=\"og:url\" content=\"https:\/\/denizcankizil.tr\/uk\/haberler\/gundem\/tarimsal-girdiler-nisanda-da-hiz-kesmedi-veteriner-harcamalari-ve-hayvan-yemi-revacta\/\" \/>\n<meta property=\"og:site_name\" content=\"Av. Deniz Can K\u0131z\u0131l\" \/>\n<meta property=\"article:published_time\" content=\"2025-06-20T09:42:24+00:00\" \/>\n<meta name=\"author\" content=\"admin\" \/>\n<meta name=\"twitter:card\" content=\"summary_large_image\" \/>\n<meta name=\"twitter:label1\" content=\"\u041d\u0430\u043f\u0438\u0441\u0430\u043d\u043e\" \/>\n\t<meta name=\"twitter:data1\" content=\"admin\" \/>\n\t<meta name=\"twitter:label2\" content=\"\u041f\u0440\u0438\u0431\u043b. \u0447\u0430\u0441 \u0447\u0438\u0442\u0430\u043d\u043d\u044f\" \/>\n\t<meta name=\"twitter:data2\" content=\"2 \u0445\u0432\u0438\u043b\u0438\u043d\u0438\" \/>\n<script type=\"application\/ld+json\" class=\"yoast-schema-graph\">{\"@context\":\"https:\/\/schema.org\",\"@graph\":[{\"@type\":\"Article\",\"@id\":\"https:\/\/denizcankizil.tr\/uk\/haberler\/gundem\/tarimsal-girdiler-nisanda-da-hiz-kesmedi-veteriner-harcamalari-ve-hayvan-yemi-revacta\/#article\",\"isPartOf\":{\"@id\":\"https:\/\/denizcankizil.tr\/uk\/haberler\/gundem\/tarimsal-girdiler-nisanda-da-hiz-kesmedi-veteriner-harcamalari-ve-hayvan-yemi-revacta\/\"},\"author\":{\"name\":\"admin\",\"@id\":\"https:\/\/denizcankizil.tr\/de\/#\/schema\/person\/be3c05fe6a12686905512445d8185489\"},\"headline\":\"Tar\u0131msal girdiler Nisan&#8217;da da h\u0131z kesmedi&#8230; Veteriner harcamalar\u0131 ve hayvan yemi reva\u00e7ta\",\"datePublished\":\"2025-06-20T09:42:24+00:00\",\"mainEntityOfPage\":{\"@id\":\"https:\/\/denizcankizil.tr\/uk\/haberler\/gundem\/tarimsal-girdiler-nisanda-da-hiz-kesmedi-veteriner-harcamalari-ve-hayvan-yemi-revacta\/\"},\"wordCount\":462,\"publisher\":{\"@id\":\"https:\/\/denizcankizil.tr\/de\/#organization\"},\"articleSection\":[\"G\u00fcndem\"],\"inLanguage\":\"uk\"},{\"@type\":\"WebPage\",\"@id\":\"https:\/\/denizcankizil.tr\/uk\/haberler\/gundem\/tarimsal-girdiler-nisanda-da-hiz-kesmedi-veteriner-harcamalari-ve-hayvan-yemi-revacta\/\",\"url\":\"https:\/\/denizcankizil.tr\/uk\/haberler\/gundem\/tarimsal-girdiler-nisanda-da-hiz-kesmedi-veteriner-harcamalari-ve-hayvan-yemi-revacta\/\",\"name\":\"Tar\u0131msal girdiler Nisan'da da h\u0131z kesmedi... Veteriner harcamalar\u0131 ve hayvan yemi reva\u00e7ta - Av. Deniz Can K\u0131z\u0131l\",\"isPartOf\":{\"@id\":\"https:\/\/denizcankizil.tr\/de\/#website\"},\"datePublished\":\"2025-06-20T09:42:24+00:00\",\"breadcrumb\":{\"@id\":\"https:\/\/denizcankizil.tr\/uk\/haberler\/gundem\/tarimsal-girdiler-nisanda-da-hiz-kesmedi-veteriner-harcamalari-ve-hayvan-yemi-revacta\/#breadcrumb\"},\"inLanguage\":\"uk\",\"potentialAction\":[{\"@type\":\"ReadAction\",\"target\":[\"https:\/\/denizcankizil.tr\/uk\/haberler\/gundem\/tarimsal-girdiler-nisanda-da-hiz-kesmedi-veteriner-harcamalari-ve-hayvan-yemi-revacta\/\"]}]},{\"@type\":\"BreadcrumbList\",\"@id\":\"https:\/\/denizcankizil.tr\/uk\/haberler\/gundem\/tarimsal-girdiler-nisanda-da-hiz-kesmedi-veteriner-harcamalari-ve-hayvan-yemi-revacta\/#breadcrumb\",\"itemListElement\":[{\"@type\":\"ListItem\",\"position\":1,\"name\":\"Home\",\"item\":\"https:\/\/denizcankizil.tr\/de\/\"},{\"@type\":\"ListItem\",\"position\":2,\"name\":\"Tar\u0131msal girdiler Nisan&#8217;da da h\u0131z kesmedi&#8230; Veteriner harcamalar\u0131 ve hayvan yemi reva\u00e7ta\"}]},{\"@type\":\"WebSite\",\"@id\":\"https:\/\/denizcankizil.tr\/de\/#website\",\"url\":\"https:\/\/denizcankizil.tr\/de\/\",\"name\":\"Av. Deniz Can K\u0131z\u0131l\",\"description\":\"Avukat Deniz Can K\u0131z\u0131l Antalya Barosu\",\"publisher\":{\"@id\":\"https:\/\/denizcankizil.tr\/de\/#organization\"},\"potentialAction\":[{\"@type\":\"SearchAction\",\"target\":{\"@type\":\"EntryPoint\",\"urlTemplate\":\"https:\/\/denizcankizil.tr\/de\/?s={search_term_string}\"},\"query-input\":{\"@type\":\"PropertyValueSpecification\",\"valueRequired\":true,\"valueName\":\"search_term_string\"}}],\"inLanguage\":\"uk\"},{\"@type\":\"Organization\",\"@id\":\"https:\/\/denizcankizil.tr\/de\/#organization\",\"name\":\"Av. Deniz Can K\u0131z\u0131l\",\"url\":\"https:\/\/denizcankizil.tr\/de\/\",\"logo\":{\"@type\":\"ImageObject\",\"inLanguage\":\"uk\",\"@id\":\"https:\/\/denizcankizil.tr\/de\/#\/schema\/logo\/image\/\",\"url\":\"https:\/\/denizcankizil.tr\/wp-content\/uploads\/2024\/10\/siyah-logo-svg.svg\",\"contentUrl\":\"https:\/\/denizcankizil.tr\/wp-content\/uploads\/2024\/10\/siyah-logo-svg.svg\",\"width\":1080,\"height\":1080,\"caption\":\"Av. Deniz Can K\u0131z\u0131l\"},\"image\":{\"@id\":\"https:\/\/denizcankizil.tr\/de\/#\/schema\/logo\/image\/\"}},{\"@type\":\"Person\",\"@id\":\"https:\/\/denizcankizil.tr\/de\/#\/schema\/person\/be3c05fe6a12686905512445d8185489\",\"name\":\"admin\",\"image\":{\"@type\":\"ImageObject\",\"inLanguage\":\"uk\",\"@id\":\"https:\/\/denizcankizil.tr\/de\/#\/schema\/person\/image\/\",\"url\":\"https:\/\/secure.gravatar.com\/avatar\/c1fce94c830dc79107e174f890d7210541c4a63e8e5d816341794a2151c9d58c?s=96&d=mm&r=g\",\"contentUrl\":\"https:\/\/secure.gravatar.com\/avatar\/c1fce94c830dc79107e174f890d7210541c4a63e8e5d816341794a2151c9d58c?s=96&d=mm&r=g\",\"caption\":\"admin\"},\"sameAs\":[\"http:\/\/denizcankizil.tr\"],\"url\":\"https:\/\/www.iskenderun.org\/tarimsal-girdiler-nisanda-da-hiz-kesmedi-veteriner-harcamalari-ve-hayvan-yemi-revacta\"}]}<\/script>\n<!-- \/ Yoast SEO Premium plugin. -->","yoast_head_json":{"title":"Tar\u0131msal girdiler Nisan'da da h\u0131z kesmedi... Veteriner harcamalar\u0131 ve hayvan yemi reva\u00e7ta - Av. Deniz Can K\u0131z\u0131l","robots":{"index":"index","follow":"follow","max-snippet":"max-snippet:-1","max-image-preview":"max-image-preview:large","max-video-preview":"max-video-preview:-1"},"canonical":"https:\/\/denizcankizil.tr\/uk\/haberler\/gundem\/tarimsal-girdiler-nisanda-da-hiz-kesmedi-veteriner-harcamalari-ve-hayvan-yemi-revacta\/","og_locale":"uk_UA","og_type":"article","og_title":"Tar\u0131msal girdiler Nisan'da da h\u0131z kesmedi... Veteriner harcamalar\u0131 ve hayvan yemi reva\u00e7ta","og_description":"T\u00fcrkiye \u0130statistik Kurumu\u2019nun (T\u00dc\u0130K) verilerine g\u00f6re, Tar\u0131msal Girdi Fiyat Endeksi (Tar\u0131m-GFE) Nisan 2025\u2019te y\u0131ll\u0131k y\u00fczde 30,12, ayl\u0131k y\u00fczde 2,03 art\u0131\u015f g\u00f6sterdi.ANKARA (\u0130GFA) &#8211; T\u00dc\u0130K\u2019in a\u00e7\u0131klad\u0131\u011f\u0131 Tar\u0131m-GFE (2020=100) verilerine g\u00f6re, Nisan 2025\u2019te tar\u0131msal girdi fiyatlar\u0131 bir \u00f6nceki aya g\u00f6re y\u00fczde 2,03, bir \u00f6nceki y\u0131l\u0131n Aral\u0131k ay\u0131na g\u00f6re y\u00fczde 12,56, bir \u00f6nceki y\u0131l\u0131n Nisan ay\u0131na g\u00f6re y\u00fczde 30,12 ve on iki ayl\u0131k ortalamalara g\u00f6re y\u00fczde 34,54 y\u00fckseldi. Ana gruplar incelendi\u011finde, tar\u0131mda kullan\u0131lan mal ve hizmetler endeksi ayl\u0131k y\u00fczde 2,13, tar\u0131msal yat\u0131r\u0131ma katk\u0131 sa\u011flayan mal ve hizmetler endeksi ise y\u00fczde 1,45 artt\u0131. Y\u0131ll\u0131k bazda ise tar\u0131mda kullan\u0131lan mal ve hizmetler endeksinde y\u00fczde 29,65, tar\u0131msal yat\u0131r\u0131ma katk\u0131 sa\u011flayan mal ve hizmetler endeksinde y\u00fczde 32,98 art\u0131\u015f kaydedildi. EN Y\u00dcKSEK ARTI\u015e VETER\u0130NER HARCAMALARI VE HAYVAN YEM\u0130NDE Y\u0131ll\u0131k bazda en y\u00fcksek art\u0131\u015f y\u00fczde 56,94 ile veteriner harcamalar\u0131nda ger\u00e7ekle\u015firken, ayl\u0131k bazda en fazla y\u00fckseli\u015f y\u00fczde 3,61 ile hayvan yemi alt grubunda g\u00f6r\u00fcld\u00fc. Bu veriler, tar\u0131m sekt\u00f6r\u00fcndeki maliyet bask\u0131s\u0131n\u0131n devam etti\u011fini ortaya koydu. \u200bT\u00fcrkiye \u0130statistik Kurumu\u2019nun (T\u00dc\u0130K) verilerine g\u00f6re, Tar\u0131msal Girdi Fiyat Endeksi (Tar\u0131m-GFE) Nisan 2025\u2019te y\u0131ll\u0131k y\u00fczde 30,12, ayl\u0131k y\u00fczde 2,03 art\u0131\u015f g\u00f6sterdi.ANKARA (\u0130GFA) &#8211; T\u00dc\u0130K\u2019in a\u00e7\u0131klad\u0131\u011f\u0131 Tar\u0131m-GFE (2020=100) verilerine g\u00f6re, Nisan 2025\u2019te tar\u0131msal girdi fiyatlar\u0131 bir \u00f6nceki aya g\u00f6re y\u00fczde 2,03, bir \u00f6nceki y\u0131l\u0131n Aral\u0131k ay\u0131na g\u00f6re &hellip;","og_url":"https:\/\/denizcankizil.tr\/uk\/haberler\/gundem\/tarimsal-girdiler-nisanda-da-hiz-kesmedi-veteriner-harcamalari-ve-hayvan-yemi-revacta\/","og_site_name":"Av. Deniz Can K\u0131z\u0131l","article_published_time":"2025-06-20T09:42:24+00:00","author":"admin","twitter_card":"summary_large_image","twitter_misc":{"\u041d\u0430\u043f\u0438\u0441\u0430\u043d\u043e":"admin","\u041f\u0440\u0438\u0431\u043b. \u0447\u0430\u0441 \u0447\u0438\u0442\u0430\u043d\u043d\u044f":"2 \u0445\u0432\u0438\u043b\u0438\u043d\u0438"},"schema":{"@context":"https:\/\/schema.org","@graph":[{"@type":"Article","@id":"https:\/\/denizcankizil.tr\/uk\/haberler\/gundem\/tarimsal-girdiler-nisanda-da-hiz-kesmedi-veteriner-harcamalari-ve-hayvan-yemi-revacta\/#article","isPartOf":{"@id":"https:\/\/denizcankizil.tr\/uk\/haberler\/gundem\/tarimsal-girdiler-nisanda-da-hiz-kesmedi-veteriner-harcamalari-ve-hayvan-yemi-revacta\/"},"author":{"name":"admin","@id":"https:\/\/denizcankizil.tr\/de\/#\/schema\/person\/be3c05fe6a12686905512445d8185489"},"headline":"Tar\u0131msal girdiler Nisan&#8217;da da h\u0131z kesmedi&#8230; Veteriner harcamalar\u0131 ve hayvan yemi reva\u00e7ta","datePublished":"2025-06-20T09:42:24+00:00","mainEntityOfPage":{"@id":"https:\/\/denizcankizil.tr\/uk\/haberler\/gundem\/tarimsal-girdiler-nisanda-da-hiz-kesmedi-veteriner-harcamalari-ve-hayvan-yemi-revacta\/"},"wordCount":462,"publisher":{"@id":"https:\/\/denizcankizil.tr\/de\/#organization"},"articleSection":["G\u00fcndem"],"inLanguage":"uk"},{"@type":"WebPage","@id":"https:\/\/denizcankizil.tr\/uk\/haberler\/gundem\/tarimsal-girdiler-nisanda-da-hiz-kesmedi-veteriner-harcamalari-ve-hayvan-yemi-revacta\/","url":"https:\/\/denizcankizil.tr\/uk\/haberler\/gundem\/tarimsal-girdiler-nisanda-da-hiz-kesmedi-veteriner-harcamalari-ve-hayvan-yemi-revacta\/","name":"Tar\u0131msal girdiler Nisan'da da h\u0131z kesmedi... Veteriner harcamalar\u0131 ve hayvan yemi reva\u00e7ta - Av. Deniz Can K\u0131z\u0131l","isPartOf":{"@id":"https:\/\/denizcankizil.tr\/de\/#website"},"datePublished":"2025-06-20T09:42:24+00:00","breadcrumb":{"@id":"https:\/\/denizcankizil.tr\/uk\/haberler\/gundem\/tarimsal-girdiler-nisanda-da-hiz-kesmedi-veteriner-harcamalari-ve-hayvan-yemi-revacta\/#breadcrumb"},"inLanguage":"uk","potentialAction":[{"@type":"ReadAction","target":["https:\/\/denizcankizil.tr\/uk\/haberler\/gundem\/tarimsal-girdiler-nisanda-da-hiz-kesmedi-veteriner-harcamalari-ve-hayvan-yemi-revacta\/"]}]},{"@type":"BreadcrumbList","@id":"https:\/\/denizcankizil.tr\/uk\/haberler\/gundem\/tarimsal-girdiler-nisanda-da-hiz-kesmedi-veteriner-harcamalari-ve-hayvan-yemi-revacta\/#breadcrumb","itemListElement":[{"@type":"ListItem","position":1,"name":"Home","item":"https:\/\/denizcankizil.tr\/de\/"},{"@type":"ListItem","position":2,"name":"Tar\u0131msal girdiler Nisan&#8217;da da h\u0131z kesmedi&#8230; Veteriner harcamalar\u0131 ve hayvan yemi reva\u00e7ta"}]},{"@type":"WebSite","@id":"https:\/\/denizcankizil.tr\/de\/#website","url":"https:\/\/denizcankizil.tr\/de\/","name":"Av. Deniz Can K\u0131z\u0131l","description":"Avukat Deniz Can K\u0131z\u0131l Antalya Barosu","publisher":{"@id":"https:\/\/denizcankizil.tr\/de\/#organization"},"potentialAction":[{"@type":"SearchAction","target":{"@type":"EntryPoint","urlTemplate":"https:\/\/denizcankizil.tr\/de\/?s={search_term_string}"},"query-input":{"@type":"PropertyValueSpecification","valueRequired":true,"valueName":"search_term_string"}}],"inLanguage":"uk"},{"@type":"Organization","@id":"https:\/\/denizcankizil.tr\/de\/#organization","name":"Av. Deniz Can K\u0131z\u0131l","url":"https:\/\/denizcankizil.tr\/de\/","logo":{"@type":"ImageObject","inLanguage":"uk","@id":"https:\/\/denizcankizil.tr\/de\/#\/schema\/logo\/image\/","url":"https:\/\/denizcankizil.tr\/wp-content\/uploads\/2024\/10\/siyah-logo-svg.svg","contentUrl":"https:\/\/denizcankizil.tr\/wp-content\/uploads\/2024\/10\/siyah-logo-svg.svg","width":1080,"height":1080,"caption":"Av. Deniz Can K\u0131z\u0131l"},"image":{"@id":"https:\/\/denizcankizil.tr\/de\/#\/schema\/logo\/image\/"}},{"@type":"Person","@id":"https:\/\/denizcankizil.tr\/de\/#\/schema\/person\/be3c05fe6a12686905512445d8185489","name":"\u0430\u0434\u043c\u0456\u043d","image":{"@type":"ImageObject","inLanguage":"uk","@id":"https:\/\/denizcankizil.tr\/de\/#\/schema\/person\/image\/","url":"https:\/\/secure.gravatar.com\/avatar\/c1fce94c830dc79107e174f890d7210541c4a63e8e5d816341794a2151c9d58c?s=96&d=mm&r=g","contentUrl":"https:\/\/secure.gravatar.com\/avatar\/c1fce94c830dc79107e174f890d7210541c4a63e8e5d816341794a2151c9d58c?s=96&d=mm&r=g","caption":"admin"},"sameAs":["http:\/\/denizcankizil.tr"],"url":"https:\/\/www.iskenderun.org\/tarimsal-girdiler-nisanda-da-hiz-kesmedi-veteriner-harcamalari-ve-hayvan-yemi-revacta"}]}},"_links":{"self":[{"href":"https:\/\/denizcankizil.tr\/uk\/wp-json\/wp\/v2\/posts\/121199","targetHints":{"allow":["GET"]}}],"collection":[{"href":"https:\/\/denizcankizil.tr\/uk\/wp-json\/wp\/v2\/posts"}],"about":[{"href":"https:\/\/denizcankizil.tr\/uk\/wp-json\/wp\/v2\/types\/post"}],"author":[{"embeddable":true,"href":"https:\/\/denizcankizil.tr\/uk\/wp-json\/wp\/v2\/users\/1"}],"replies":[{"embeddable":true,"href":"https:\/\/denizcankizil.tr\/uk\/wp-json\/wp\/v2\/comments?post=121199"}],"version-history":[{"count":0,"href":"https:\/\/denizcankizil.tr\/uk\/wp-json\/wp\/v2\/posts\/121199\/revisions"}],"wp:attachment":[{"href":"https:\/\/denizcankizil.tr\/uk\/wp-json\/wp\/v2\/media?parent=121199"}],"wp:term":[{"taxonomy":"category","embeddable":true,"href":"https:\/\/denizcankizil.tr\/uk\/wp-json\/wp\/v2\/categories?post=121199"},{"taxonomy":"post_tag","embeddable":true,"href":"https:\/\/denizcankizil.tr\/uk\/wp-json\/wp\/v2\/tags?post=121199"}],"curies":[{"name":"wp","href":"https:\/\/api.w.org\/{rel}","templated":true}]}}