{"id":120572,"date":"2025-06-19T21:41:18","date_gmt":"2025-06-19T18:41:18","guid":{"rendered":"https:\/\/denizcankizil.tr\/uncategorized-tr\/igdirdan-antalyaya-direkt-ucus-talebi-mecliste\/"},"modified":"2025-06-19T21:41:18","modified_gmt":"2025-06-19T18:41:18","slug":"igdirdan-antalyaya-direkt-ucus-talebi-mecliste","status":"publish","type":"post","link":"https:\/\/denizcankizil.tr\/uk\/haberler\/gundem\/igdirdan-antalyaya-direkt-ucus-talebi-mecliste\/","title":{"rendered":"I\u011fd\u0131r&#8217;dan Antalya&#8217;ya direkt u\u00e7u\u015f talebi Meclis\u2019te!"},"content":{"rendered":"<p>DEM Parti I\u011fd\u0131r Milletvekili Y\u0131lmaz Hun, I\u011fd\u0131r Havaliman\u0131&#8217;n\u0131n 2024 y\u0131l\u0131 itibar\u0131yla yakla\u015f\u0131k 383 bin yolcuya hizmet verdi\u011fini belirtti. \u00dclkenin bat\u0131s\u0131ndaki b\u00fcy\u00fck \u015fehirlerden \u0130zmir ile I\u011fd\u0131r aras\u0131nda do\u011frudan (aktarmas\u0131z) u\u00e7u\u015f seferi bulunmamas\u0131n\u0131n b\u00fcy\u00fck bir eksiklik oldu\u011funu dile getiren Hun, \u00f6zellikle yaz aylar\u0131nda artan gurbet\u00e7i ve \u00f6\u011frenci trafi\u011finin bu g\u00fczergahta ciddi bir yolcu potansiyelinin bulundu\u011funu ifade etti.<\/p>\n<p>VATANDA\u015eLARIN MA\u011eDUR\u0130YET\u0130 G\u0130DEREK ARTIYOR<\/p>\n<p>I\u011fd\u0131rl\u0131 vatanda\u015flar\u0131n, \u0130ranl\u0131 ve Azerbaycanl\u0131 turistlerin I\u011fd\u0131r&#8217;dan \u0130zmir&#8217;e (ve dolay\u0131s\u0131yla aktarmal\u0131 olarak Antalya gibi \u015fehirlere) ula\u015fmak i\u00e7in Erzurum veya Ankara aktarmal\u0131 u\u00e7u\u015flara mecbur b\u0131rak\u0131ld\u0131\u011f\u0131n\u0131 ya da karayoluyla saatler s\u00fcren zorlu bir yolculuk yapmak zorunda kald\u0131\u011f\u0131n\u0131 belirten Hun, bu durumun hem zaman hem de ekonomik a\u00e7\u0131dan ciddi ma\u011fduriyet yaratt\u0131\u011f\u0131n\u0131 vurgulad\u0131. B\u00f6lge halk\u0131n\u0131n do\u011frudan u\u00e7u\u015flar\u0131n ba\u015flat\u0131lmas\u0131 y\u00f6n\u00fcnde uzun s\u00fcredir taleplerini dile getirdi\u011fini ancak bug\u00fcne kadar bu y\u00f6nde bir ad\u0131m at\u0131lmad\u0131\u011f\u0131n\u0131 kaydeden Milletvekili Hun, bu eksikli\u011fin b\u00f6lgenin geli\u015fimini de do\u011frudan etkiledi\u011finin alt\u0131n\u0131 \u00e7izdi.<\/p>\n<p>BAKANLI\u011eA Y\u00d6NELT\u0130LEN KR\u0130T\u0130K SORULAR<\/p>\n<p>Milletvekili Hun, Ula\u015ft\u0131rma ve Altyap\u0131 Bakanl\u0131\u011f\u0131&#8217;na \u015fu sorular\u0131 y\u00f6neltti:<\/p>\n<p> I\u011fd\u0131r-\u0130zmir aras\u0131nda neden hala do\u011frudan u\u00e7u\u015f seferi d\u00fczenlenmemektedir?<\/p>\n<p> Bakanl\u0131\u011f\u0131n\u0131z bu hatta aktarmas\u0131z sefer konulmas\u0131 y\u00f6n\u00fcnde herhangi bir \u00e7al\u0131\u015fma y\u00fcr\u00fctmekte midir?<\/p>\n<p> I\u011fd\u0131r Havaliman\u0131&#8217;n\u0131n y\u0131ll\u0131k yolcu kapasitesi g\u00f6z \u00f6n\u00fcnde bulunduruldu\u011funda, \u0130zmir y\u00f6nl\u00fc do\u011frudan u\u00e7u\u015flar i\u00e7in yeterli yolcu potansiyelinin oldu\u011fu Bakanl\u0131\u011f\u0131n\u0131z taraf\u0131ndan tespit edilmi\u015f midir?<\/p>\n<p> Son 5 y\u0131lda I\u011fd\u0131r Havaliman\u0131 \u00fczerinden \u0130zmir&#8217;e aktarmal\u0131 da olsa seyahat eden yolcu say\u0131s\u0131 ka\u00e7t\u0131r?<\/p>\n<p> Bu iki \u015fehir aras\u0131ndaki u\u00e7u\u015f ba\u011flant\u0131s\u0131n\u0131n olmamas\u0131 nedeniyle vatanda\u015flar\u0131m\u0131z\u0131n ya\u015fad\u0131\u011f\u0131 ma\u011fduriyetler hakk\u0131nda Bakanl\u0131\u011f\u0131n\u0131za ula\u015fan \u015fikayet, \u00f6neri veya ba\u015fvuru say\u0131s\u0131 nedir?<\/p>\n<p> Bakanl\u0131\u011f\u0131n\u0131z, I\u011fd\u0131r&#8217;\u0131n ula\u015f\u0131m a\u011f\u0131n\u0131n geni\u015fletilmesi, \u00f6zellikle bat\u0131 illerine do\u011frudan eri\u015fim sa\u011flanmas\u0131 i\u00e7in \u00f6n\u00fcm\u00fczdeki d\u00f6nemde ne gibi ad\u0131mlar atmay\u0131 planlamaktad\u0131r?<\/p>\n<p>Milletvekili Hun&#8217;un soru \u00f6nergesi, I\u011fd\u0131r&#8217;\u0131n ula\u015f\u0131m sorununa \u00e7\u00f6z\u00fcm bulunmas\u0131 ve b\u00f6lgenin ekonomik ile sosyal geli\u015fimine katk\u0131 sa\u011flanmas\u0131 a\u00e7\u0131s\u0131ndan b\u00fcy\u00fck \u00f6nem ta\u015f\u0131yor. Kamuoyu, Bakanl\u0131\u011f\u0131n bu sorulara verece\u011fi yan\u0131tlar\u0131 merakla bekliyor.<\/p>\n<p>\u200bDEM Parti I\u011fd\u0131r Milletvekili Y\u0131lmaz Hun, I\u011fd\u0131r&#8217;dan Antalya ve \u0130zmir\u2019e direkt u\u00e7ak seferlerinin ba\u015flat\u0131lmas\u0131 i\u00e7in TBMM\u2019ye soru \u00f6nergesi verdi. Milletvekili Hun, kara yolu ile 30 saati bulan yolculuklar nedeniyle direkt u\u00e7u\u015flar\u0131n ihtiya\u00e7 oldu\u011funa dikkat \u00e7ekti.\u00a0<\/p>\n<p>\u200bHaberin Al\u0131nt\u0131land\u0131\u011f\u0131 Kaynak: www.antalyakorfez.com<\/p>","protected":false},"excerpt":{"rendered":"<p>DEM Parti I\u011fd\u0131r Milletvekili Y\u0131lmaz Hun, I\u011fd\u0131r Havaliman\u0131&#8217;n\u0131n 2024 y\u0131l\u0131 itibar\u0131yla yakla\u015f\u0131k 383 bin yolcuya hizmet verdi\u011fini belirtti. \u00dclkenin bat\u0131s\u0131ndaki b\u00fcy\u00fck \u015fehirlerden \u0130zmir ile I\u011fd\u0131r aras\u0131nda do\u011frudan (aktarmas\u0131z) u\u00e7u\u015f seferi bulunmamas\u0131n\u0131n b\u00fcy\u00fck bir eksiklik oldu\u011funu dile getiren Hun, \u00f6zellikle yaz aylar\u0131nda artan gurbet\u00e7i ve \u00f6\u011frenci trafi\u011finin bu g\u00fczergahta ciddi bir yolcu potansiyelinin bulundu\u011funu ifade etti. VATANDA\u015eLARIN MA\u011eDUR\u0130YET\u0130 G\u0130DEREK ARTIYOR I\u011fd\u0131rl\u0131 vatanda\u015flar\u0131n, \u0130ranl\u0131 ve Azerbaycanl\u0131 turistlerin I\u011fd\u0131r&#8217;dan \u0130zmir&#8217;e (ve dolay\u0131s\u0131yla aktarmal\u0131 olarak Antalya gibi \u015fehirlere) ula\u015fmak i\u00e7in Erzurum veya Ankara aktarmal\u0131 u\u00e7u\u015flara mecbur b\u0131rak\u0131ld\u0131\u011f\u0131n\u0131 ya da karayoluyla saatler s\u00fcren zorlu bir yolculuk yapmak zorunda kald\u0131\u011f\u0131n\u0131 belirten Hun, bu durumun hem zaman hem de ekonomik a\u00e7\u0131dan ciddi ma\u011fduriyet yaratt\u0131\u011f\u0131n\u0131 vurgulad\u0131. B\u00f6lge halk\u0131n\u0131n do\u011frudan u\u00e7u\u015flar\u0131n ba\u015flat\u0131lmas\u0131 y\u00f6n\u00fcnde uzun s\u00fcredir taleplerini dile getirdi\u011fini ancak bug\u00fcne kadar bu y\u00f6nde bir ad\u0131m at\u0131lmad\u0131\u011f\u0131n\u0131 kaydeden Milletvekili Hun, bu eksikli\u011fin b\u00f6lgenin geli\u015fimini de do\u011frudan etkiledi\u011finin alt\u0131n\u0131 \u00e7izdi. BAKANLI\u011eA Y\u00d6NELT\u0130LEN KR\u0130T\u0130K SORULAR Milletvekili Hun, Ula\u015ft\u0131rma ve Altyap\u0131 Bakanl\u0131\u011f\u0131&#8217;na \u015fu sorular\u0131 y\u00f6neltti: I\u011fd\u0131r-\u0130zmir aras\u0131nda neden hala do\u011frudan u\u00e7u\u015f seferi d\u00fczenlenmemektedir? Bakanl\u0131\u011f\u0131n\u0131z bu hatta aktarmas\u0131z sefer konulmas\u0131 y\u00f6n\u00fcnde herhangi bir \u00e7al\u0131\u015fma y\u00fcr\u00fctmekte midir? I\u011fd\u0131r Havaliman\u0131&#8217;n\u0131n y\u0131ll\u0131k yolcu kapasitesi g\u00f6z \u00f6n\u00fcnde bulunduruldu\u011funda, \u0130zmir y\u00f6nl\u00fc do\u011frudan u\u00e7u\u015flar i\u00e7in yeterli yolcu potansiyelinin oldu\u011fu Bakanl\u0131\u011f\u0131n\u0131z taraf\u0131ndan tespit edilmi\u015f midir? Son 5 y\u0131lda I\u011fd\u0131r Havaliman\u0131 \u00fczerinden &hellip;<\/p>","protected":false},"author":5,"featured_media":0,"comment_status":"","ping_status":"open","sticky":false,"template":"","format":"standard","meta":{"_acf_changed":false,"footnotes":""},"categories":[24],"tags":[],"class_list":["post-120572","post","type-post","status-publish","format-standard","has-post-thumbnail","hentry","category-gundem"],"acf":[],"yoast_head":"<!-- This site is optimized with the Yoast SEO Premium plugin v26.6 (Yoast SEO v27.1.1) - https:\/\/yoast.com\/product\/yoast-seo-premium-wordpress\/ -->\n<title>I\u011fd\u0131r&#039;dan Antalya&#039;ya direkt u\u00e7u\u015f talebi Meclis\u2019te! - Av. Deniz Can K\u0131z\u0131l<\/title>\n<meta name=\"robots\" content=\"index, follow, max-snippet:-1, max-image-preview:large, max-video-preview:-1\" \/>\n<link rel=\"canonical\" href=\"https:\/\/denizcankizil.tr\/uk\/haberler\/gundem\/igdirdan-antalyaya-direkt-ucus-talebi-mecliste\/\" \/>\n<meta property=\"og:locale\" content=\"uk_UA\" \/>\n<meta property=\"og:type\" content=\"article\" \/>\n<meta property=\"og:title\" content=\"I\u011fd\u0131r&#039;dan Antalya&#039;ya direkt u\u00e7u\u015f talebi Meclis\u2019te!\" \/>\n<meta property=\"og:description\" content=\"DEM Parti I\u011fd\u0131r Milletvekili Y\u0131lmaz Hun, I\u011fd\u0131r Havaliman\u0131&#8217;n\u0131n 2024 y\u0131l\u0131 itibar\u0131yla yakla\u015f\u0131k 383 bin yolcuya hizmet verdi\u011fini belirtti. \u00dclkenin bat\u0131s\u0131ndaki b\u00fcy\u00fck \u015fehirlerden \u0130zmir ile I\u011fd\u0131r aras\u0131nda do\u011frudan (aktarmas\u0131z) u\u00e7u\u015f seferi bulunmamas\u0131n\u0131n b\u00fcy\u00fck bir eksiklik oldu\u011funu dile getiren Hun, \u00f6zellikle yaz aylar\u0131nda artan gurbet\u00e7i ve \u00f6\u011frenci trafi\u011finin bu g\u00fczergahta ciddi bir yolcu potansiyelinin bulundu\u011funu ifade etti. VATANDA\u015eLARIN MA\u011eDUR\u0130YET\u0130 G\u0130DEREK ARTIYOR I\u011fd\u0131rl\u0131 vatanda\u015flar\u0131n, \u0130ranl\u0131 ve Azerbaycanl\u0131 turistlerin I\u011fd\u0131r&#8217;dan \u0130zmir&#8217;e (ve dolay\u0131s\u0131yla aktarmal\u0131 olarak Antalya gibi \u015fehirlere) ula\u015fmak i\u00e7in Erzurum veya Ankara aktarmal\u0131 u\u00e7u\u015flara mecbur b\u0131rak\u0131ld\u0131\u011f\u0131n\u0131 ya da karayoluyla saatler s\u00fcren zorlu bir yolculuk yapmak zorunda kald\u0131\u011f\u0131n\u0131 belirten Hun, bu durumun hem zaman hem de ekonomik a\u00e7\u0131dan ciddi ma\u011fduriyet yaratt\u0131\u011f\u0131n\u0131 vurgulad\u0131. B\u00f6lge halk\u0131n\u0131n do\u011frudan u\u00e7u\u015flar\u0131n ba\u015flat\u0131lmas\u0131 y\u00f6n\u00fcnde uzun s\u00fcredir taleplerini dile getirdi\u011fini ancak bug\u00fcne kadar bu y\u00f6nde bir ad\u0131m at\u0131lmad\u0131\u011f\u0131n\u0131 kaydeden Milletvekili Hun, bu eksikli\u011fin b\u00f6lgenin geli\u015fimini de do\u011frudan etkiledi\u011finin alt\u0131n\u0131 \u00e7izdi. BAKANLI\u011eA Y\u00d6NELT\u0130LEN KR\u0130T\u0130K SORULAR Milletvekili Hun, Ula\u015ft\u0131rma ve Altyap\u0131 Bakanl\u0131\u011f\u0131&#8217;na \u015fu sorular\u0131 y\u00f6neltti: I\u011fd\u0131r-\u0130zmir aras\u0131nda neden hala do\u011frudan u\u00e7u\u015f seferi d\u00fczenlenmemektedir? Bakanl\u0131\u011f\u0131n\u0131z bu hatta aktarmas\u0131z sefer konulmas\u0131 y\u00f6n\u00fcnde herhangi bir \u00e7al\u0131\u015fma y\u00fcr\u00fctmekte midir? I\u011fd\u0131r Havaliman\u0131&#8217;n\u0131n y\u0131ll\u0131k yolcu kapasitesi g\u00f6z \u00f6n\u00fcnde bulunduruldu\u011funda, \u0130zmir y\u00f6nl\u00fc do\u011frudan u\u00e7u\u015flar i\u00e7in yeterli yolcu potansiyelinin oldu\u011fu Bakanl\u0131\u011f\u0131n\u0131z taraf\u0131ndan tespit edilmi\u015f midir? Son 5 y\u0131lda I\u011fd\u0131r Havaliman\u0131 \u00fczerinden &hellip;\" \/>\n<meta property=\"og:url\" content=\"https:\/\/denizcankizil.tr\/uk\/haberler\/gundem\/igdirdan-antalyaya-direkt-ucus-talebi-mecliste\/\" \/>\n<meta property=\"og:site_name\" content=\"Av. Deniz Can K\u0131z\u0131l\" \/>\n<meta property=\"article:published_time\" content=\"2025-06-19T18:41:18+00:00\" \/>\n<meta name=\"author\" content=\"Antalya K\u00f6rfez\" \/>\n<meta name=\"twitter:card\" content=\"summary_large_image\" \/>\n<meta name=\"twitter:label1\" content=\"\u041d\u0430\u043f\u0438\u0441\u0430\u043d\u043e\" \/>\n\t<meta name=\"twitter:data1\" content=\"Antalya K\u00f6rfez\" \/>\n\t<meta name=\"twitter:label2\" content=\"\u041f\u0440\u0438\u0431\u043b. \u0447\u0430\u0441 \u0447\u0438\u0442\u0430\u043d\u043d\u044f\" \/>\n\t<meta name=\"twitter:data2\" content=\"3 \u0445\u0432\u0438\u043b\u0438\u043d\u0438\" \/>\n<script type=\"application\/ld+json\" class=\"yoast-schema-graph\">{\"@context\":\"https:\/\/schema.org\",\"@graph\":[{\"@type\":\"Article\",\"@id\":\"https:\/\/denizcankizil.tr\/uk\/haberler\/gundem\/igdirdan-antalyaya-direkt-ucus-talebi-mecliste\/#article\",\"isPartOf\":{\"@id\":\"https:\/\/denizcankizil.tr\/uk\/haberler\/gundem\/igdirdan-antalyaya-direkt-ucus-talebi-mecliste\/\"},\"author\":{\"name\":\"Antalya K\u00f6rfez\",\"@id\":\"https:\/\/denizcankizil.tr\/#\/schema\/person\/e1eb71bb4dd684d46563f0af307e1234\"},\"headline\":\"I\u011fd\u0131r&#8217;dan Antalya&#8217;ya direkt u\u00e7u\u015f talebi Meclis\u2019te!\",\"datePublished\":\"2025-06-19T18:41:18+00:00\",\"mainEntityOfPage\":{\"@id\":\"https:\/\/denizcankizil.tr\/uk\/haberler\/gundem\/igdirdan-antalyaya-direkt-ucus-talebi-mecliste\/\"},\"wordCount\":527,\"publisher\":{\"@id\":\"https:\/\/denizcankizil.tr\/#organization\"},\"articleSection\":[\"G\u00fcndem\"],\"inLanguage\":\"uk\"},{\"@type\":\"WebPage\",\"@id\":\"https:\/\/denizcankizil.tr\/uk\/haberler\/gundem\/igdirdan-antalyaya-direkt-ucus-talebi-mecliste\/\",\"url\":\"https:\/\/denizcankizil.tr\/uk\/haberler\/gundem\/igdirdan-antalyaya-direkt-ucus-talebi-mecliste\/\",\"name\":\"I\u011fd\u0131r'dan Antalya'ya direkt u\u00e7u\u015f talebi Meclis\u2019te! - Av. Deniz Can K\u0131z\u0131l\",\"isPartOf\":{\"@id\":\"https:\/\/denizcankizil.tr\/#website\"},\"datePublished\":\"2025-06-19T18:41:18+00:00\",\"breadcrumb\":{\"@id\":\"https:\/\/denizcankizil.tr\/uk\/haberler\/gundem\/igdirdan-antalyaya-direkt-ucus-talebi-mecliste\/#breadcrumb\"},\"inLanguage\":\"uk\",\"potentialAction\":[{\"@type\":\"ReadAction\",\"target\":[\"https:\/\/denizcankizil.tr\/uk\/haberler\/gundem\/igdirdan-antalyaya-direkt-ucus-talebi-mecliste\/\"]}]},{\"@type\":\"BreadcrumbList\",\"@id\":\"https:\/\/denizcankizil.tr\/uk\/haberler\/gundem\/igdirdan-antalyaya-direkt-ucus-talebi-mecliste\/#breadcrumb\",\"itemListElement\":[{\"@type\":\"ListItem\",\"position\":1,\"name\":\"Home\",\"item\":\"https:\/\/denizcankizil.tr\/de\/\"},{\"@type\":\"ListItem\",\"position\":2,\"name\":\"I\u011fd\u0131r&#8217;dan Antalya&#8217;ya direkt u\u00e7u\u015f talebi Meclis\u2019te!\"}]},{\"@type\":\"WebSite\",\"@id\":\"https:\/\/denizcankizil.tr\/#website\",\"url\":\"https:\/\/denizcankizil.tr\/\",\"name\":\"Av. Deniz Can K\u0131z\u0131l\",\"description\":\"Avukat Deniz Can K\u0131z\u0131l Antalya Barosu\",\"publisher\":{\"@id\":\"https:\/\/denizcankizil.tr\/#organization\"},\"potentialAction\":[{\"@type\":\"SearchAction\",\"target\":{\"@type\":\"EntryPoint\",\"urlTemplate\":\"https:\/\/denizcankizil.tr\/?s={search_term_string}\"},\"query-input\":{\"@type\":\"PropertyValueSpecification\",\"valueRequired\":true,\"valueName\":\"search_term_string\"}}],\"inLanguage\":\"uk\"},{\"@type\":\"Organization\",\"@id\":\"https:\/\/denizcankizil.tr\/#organization\",\"name\":\"Av. Deniz Can K\u0131z\u0131l\",\"url\":\"https:\/\/denizcankizil.tr\/\",\"logo\":{\"@type\":\"ImageObject\",\"inLanguage\":\"uk\",\"@id\":\"https:\/\/denizcankizil.tr\/#\/schema\/logo\/image\/\",\"url\":\"https:\/\/denizcankizil.tr\/wp-content\/uploads\/2024\/10\/siyah-logo-svg.svg\",\"contentUrl\":\"https:\/\/denizcankizil.tr\/wp-content\/uploads\/2024\/10\/siyah-logo-svg.svg\",\"width\":1080,\"height\":1080,\"caption\":\"Av. Deniz Can K\u0131z\u0131l\"},\"image\":{\"@id\":\"https:\/\/denizcankizil.tr\/#\/schema\/logo\/image\/\"}},{\"@type\":\"Person\",\"@id\":\"https:\/\/denizcankizil.tr\/#\/schema\/person\/e1eb71bb4dd684d46563f0af307e1234\",\"name\":\"Antalya K\u00f6rfez\",\"image\":{\"@type\":\"ImageObject\",\"inLanguage\":\"uk\",\"@id\":\"https:\/\/denizcankizil.tr\/#\/schema\/person\/image\/\",\"url\":\"https:\/\/secure.gravatar.com\/avatar\/42b01982558a48a0b501fdcab6a408d3717ea5919095ee2e67b0e521799c5905?s=96&d=mm&r=g\",\"contentUrl\":\"https:\/\/secure.gravatar.com\/avatar\/42b01982558a48a0b501fdcab6a408d3717ea5919095ee2e67b0e521799c5905?s=96&d=mm&r=g\",\"caption\":\"Antalya K\u00f6rfez\"},\"sameAs\":[\"http:\/\/www.antalyakorfez.com\"],\"url\":\"https:\/\/www.antalyakorfez.com\/igdirdan-antalyaya-direkt-ucus-talebi-mecliste\"}]}<\/script>\n<!-- \/ Yoast SEO Premium plugin. -->","yoast_head_json":{"title":"I\u011fd\u0131r'dan Antalya'ya direkt u\u00e7u\u015f talebi Meclis\u2019te! - Av. Deniz Can K\u0131z\u0131l","robots":{"index":"index","follow":"follow","max-snippet":"max-snippet:-1","max-image-preview":"max-image-preview:large","max-video-preview":"max-video-preview:-1"},"canonical":"https:\/\/denizcankizil.tr\/uk\/haberler\/gundem\/igdirdan-antalyaya-direkt-ucus-talebi-mecliste\/","og_locale":"uk_UA","og_type":"article","og_title":"I\u011fd\u0131r'dan Antalya'ya direkt u\u00e7u\u015f talebi Meclis\u2019te!","og_description":"DEM Parti I\u011fd\u0131r Milletvekili Y\u0131lmaz Hun, I\u011fd\u0131r Havaliman\u0131&#8217;n\u0131n 2024 y\u0131l\u0131 itibar\u0131yla yakla\u015f\u0131k 383 bin yolcuya hizmet verdi\u011fini belirtti. \u00dclkenin bat\u0131s\u0131ndaki b\u00fcy\u00fck \u015fehirlerden \u0130zmir ile I\u011fd\u0131r aras\u0131nda do\u011frudan (aktarmas\u0131z) u\u00e7u\u015f seferi bulunmamas\u0131n\u0131n b\u00fcy\u00fck bir eksiklik oldu\u011funu dile getiren Hun, \u00f6zellikle yaz aylar\u0131nda artan gurbet\u00e7i ve \u00f6\u011frenci trafi\u011finin bu g\u00fczergahta ciddi bir yolcu potansiyelinin bulundu\u011funu ifade etti. VATANDA\u015eLARIN MA\u011eDUR\u0130YET\u0130 G\u0130DEREK ARTIYOR I\u011fd\u0131rl\u0131 vatanda\u015flar\u0131n, \u0130ranl\u0131 ve Azerbaycanl\u0131 turistlerin I\u011fd\u0131r&#8217;dan \u0130zmir&#8217;e (ve dolay\u0131s\u0131yla aktarmal\u0131 olarak Antalya gibi \u015fehirlere) ula\u015fmak i\u00e7in Erzurum veya Ankara aktarmal\u0131 u\u00e7u\u015flara mecbur b\u0131rak\u0131ld\u0131\u011f\u0131n\u0131 ya da karayoluyla saatler s\u00fcren zorlu bir yolculuk yapmak zorunda kald\u0131\u011f\u0131n\u0131 belirten Hun, bu durumun hem zaman hem de ekonomik a\u00e7\u0131dan ciddi ma\u011fduriyet yaratt\u0131\u011f\u0131n\u0131 vurgulad\u0131. B\u00f6lge halk\u0131n\u0131n do\u011frudan u\u00e7u\u015flar\u0131n ba\u015flat\u0131lmas\u0131 y\u00f6n\u00fcnde uzun s\u00fcredir taleplerini dile getirdi\u011fini ancak bug\u00fcne kadar bu y\u00f6nde bir ad\u0131m at\u0131lmad\u0131\u011f\u0131n\u0131 kaydeden Milletvekili Hun, bu eksikli\u011fin b\u00f6lgenin geli\u015fimini de do\u011frudan etkiledi\u011finin alt\u0131n\u0131 \u00e7izdi. BAKANLI\u011eA Y\u00d6NELT\u0130LEN KR\u0130T\u0130K SORULAR Milletvekili Hun, Ula\u015ft\u0131rma ve Altyap\u0131 Bakanl\u0131\u011f\u0131&#8217;na \u015fu sorular\u0131 y\u00f6neltti: I\u011fd\u0131r-\u0130zmir aras\u0131nda neden hala do\u011frudan u\u00e7u\u015f seferi d\u00fczenlenmemektedir? Bakanl\u0131\u011f\u0131n\u0131z bu hatta aktarmas\u0131z sefer konulmas\u0131 y\u00f6n\u00fcnde herhangi bir \u00e7al\u0131\u015fma y\u00fcr\u00fctmekte midir? I\u011fd\u0131r Havaliman\u0131&#8217;n\u0131n y\u0131ll\u0131k yolcu kapasitesi g\u00f6z \u00f6n\u00fcnde bulunduruldu\u011funda, \u0130zmir y\u00f6nl\u00fc do\u011frudan u\u00e7u\u015flar i\u00e7in yeterli yolcu potansiyelinin oldu\u011fu Bakanl\u0131\u011f\u0131n\u0131z taraf\u0131ndan tespit edilmi\u015f midir? Son 5 y\u0131lda I\u011fd\u0131r Havaliman\u0131 \u00fczerinden &hellip;","og_url":"https:\/\/denizcankizil.tr\/uk\/haberler\/gundem\/igdirdan-antalyaya-direkt-ucus-talebi-mecliste\/","og_site_name":"Av. Deniz Can K\u0131z\u0131l","article_published_time":"2025-06-19T18:41:18+00:00","author":"Antalya K\u00f6rfez","twitter_card":"summary_large_image","twitter_misc":{"\u041d\u0430\u043f\u0438\u0441\u0430\u043d\u043e":"Antalya K\u00f6rfez","\u041f\u0440\u0438\u0431\u043b. \u0447\u0430\u0441 \u0447\u0438\u0442\u0430\u043d\u043d\u044f":"3 \u0445\u0432\u0438\u043b\u0438\u043d\u0438"},"schema":{"@context":"https:\/\/schema.org","@graph":[{"@type":"Article","@id":"https:\/\/denizcankizil.tr\/uk\/haberler\/gundem\/igdirdan-antalyaya-direkt-ucus-talebi-mecliste\/#article","isPartOf":{"@id":"https:\/\/denizcankizil.tr\/uk\/haberler\/gundem\/igdirdan-antalyaya-direkt-ucus-talebi-mecliste\/"},"author":{"name":"Antalya K\u00f6rfez","@id":"https:\/\/denizcankizil.tr\/#\/schema\/person\/e1eb71bb4dd684d46563f0af307e1234"},"headline":"I\u011fd\u0131r&#8217;dan Antalya&#8217;ya direkt u\u00e7u\u015f talebi Meclis\u2019te!","datePublished":"2025-06-19T18:41:18+00:00","mainEntityOfPage":{"@id":"https:\/\/denizcankizil.tr\/uk\/haberler\/gundem\/igdirdan-antalyaya-direkt-ucus-talebi-mecliste\/"},"wordCount":527,"publisher":{"@id":"https:\/\/denizcankizil.tr\/#organization"},"articleSection":["G\u00fcndem"],"inLanguage":"uk"},{"@type":"WebPage","@id":"https:\/\/denizcankizil.tr\/uk\/haberler\/gundem\/igdirdan-antalyaya-direkt-ucus-talebi-mecliste\/","url":"https:\/\/denizcankizil.tr\/uk\/haberler\/gundem\/igdirdan-antalyaya-direkt-ucus-talebi-mecliste\/","name":"I\u011fd\u0131r'dan Antalya'ya direkt u\u00e7u\u015f talebi Meclis\u2019te! - Av. Deniz Can K\u0131z\u0131l","isPartOf":{"@id":"https:\/\/denizcankizil.tr\/#website"},"datePublished":"2025-06-19T18:41:18+00:00","breadcrumb":{"@id":"https:\/\/denizcankizil.tr\/uk\/haberler\/gundem\/igdirdan-antalyaya-direkt-ucus-talebi-mecliste\/#breadcrumb"},"inLanguage":"uk","potentialAction":[{"@type":"ReadAction","target":["https:\/\/denizcankizil.tr\/uk\/haberler\/gundem\/igdirdan-antalyaya-direkt-ucus-talebi-mecliste\/"]}]},{"@type":"BreadcrumbList","@id":"https:\/\/denizcankizil.tr\/uk\/haberler\/gundem\/igdirdan-antalyaya-direkt-ucus-talebi-mecliste\/#breadcrumb","itemListElement":[{"@type":"ListItem","position":1,"name":"Home","item":"https:\/\/denizcankizil.tr\/de\/"},{"@type":"ListItem","position":2,"name":"I\u011fd\u0131r&#8217;dan Antalya&#8217;ya direkt u\u00e7u\u015f talebi Meclis\u2019te!"}]},{"@type":"WebSite","@id":"https:\/\/denizcankizil.tr\/#website","url":"https:\/\/denizcankizil.tr\/","name":"Av. Deniz Can K\u0131z\u0131l","description":"Avukat Deniz Can K\u0131z\u0131l Antalya Barosu","publisher":{"@id":"https:\/\/denizcankizil.tr\/#organization"},"potentialAction":[{"@type":"SearchAction","target":{"@type":"EntryPoint","urlTemplate":"https:\/\/denizcankizil.tr\/?s={search_term_string}"},"query-input":{"@type":"PropertyValueSpecification","valueRequired":true,"valueName":"search_term_string"}}],"inLanguage":"uk"},{"@type":"Organization","@id":"https:\/\/denizcankizil.tr\/#organization","name":"Av. Deniz Can K\u0131z\u0131l","url":"https:\/\/denizcankizil.tr\/","logo":{"@type":"ImageObject","inLanguage":"uk","@id":"https:\/\/denizcankizil.tr\/#\/schema\/logo\/image\/","url":"https:\/\/denizcankizil.tr\/wp-content\/uploads\/2024\/10\/siyah-logo-svg.svg","contentUrl":"https:\/\/denizcankizil.tr\/wp-content\/uploads\/2024\/10\/siyah-logo-svg.svg","width":1080,"height":1080,"caption":"Av. Deniz Can K\u0131z\u0131l"},"image":{"@id":"https:\/\/denizcankizil.tr\/#\/schema\/logo\/image\/"}},{"@type":"Person","@id":"https:\/\/denizcankizil.tr\/#\/schema\/person\/e1eb71bb4dd684d46563f0af307e1234","name":"Antalya K\u00f6rfez","image":{"@type":"ImageObject","inLanguage":"uk","@id":"https:\/\/denizcankizil.tr\/#\/schema\/person\/image\/","url":"https:\/\/secure.gravatar.com\/avatar\/42b01982558a48a0b501fdcab6a408d3717ea5919095ee2e67b0e521799c5905?s=96&d=mm&r=g","contentUrl":"https:\/\/secure.gravatar.com\/avatar\/42b01982558a48a0b501fdcab6a408d3717ea5919095ee2e67b0e521799c5905?s=96&d=mm&r=g","caption":"Antalya K\u00f6rfez"},"sameAs":["http:\/\/www.antalyakorfez.com"],"url":"https:\/\/www.antalyakorfez.com\/igdirdan-antalyaya-direkt-ucus-talebi-mecliste"}]}},"_links":{"self":[{"href":"https:\/\/denizcankizil.tr\/uk\/wp-json\/wp\/v2\/posts\/120572","targetHints":{"allow":["GET"]}}],"collection":[{"href":"https:\/\/denizcankizil.tr\/uk\/wp-json\/wp\/v2\/posts"}],"about":[{"href":"https:\/\/denizcankizil.tr\/uk\/wp-json\/wp\/v2\/types\/post"}],"author":[{"embeddable":true,"href":"https:\/\/denizcankizil.tr\/uk\/wp-json\/wp\/v2\/users\/5"}],"replies":[{"embeddable":true,"href":"https:\/\/denizcankizil.tr\/uk\/wp-json\/wp\/v2\/comments?post=120572"}],"version-history":[{"count":0,"href":"https:\/\/denizcankizil.tr\/uk\/wp-json\/wp\/v2\/posts\/120572\/revisions"}],"wp:attachment":[{"href":"https:\/\/denizcankizil.tr\/uk\/wp-json\/wp\/v2\/media?parent=120572"}],"wp:term":[{"taxonomy":"category","embeddable":true,"href":"https:\/\/denizcankizil.tr\/uk\/wp-json\/wp\/v2\/categories?post=120572"},{"taxonomy":"post_tag","embeddable":true,"href":"https:\/\/denizcankizil.tr\/uk\/wp-json\/wp\/v2\/tags?post=120572"}],"curies":[{"name":"wp","href":"https:\/\/api.w.org\/{rel}","templated":true}]}}