{"id":120342,"date":"2025-06-19T15:41:37","date_gmt":"2025-06-19T12:41:37","guid":{"rendered":"https:\/\/denizcankizil.tr\/uncategorized-tr\/alanya-universitesi-uluslararasi-basariya-imza-atti\/"},"modified":"2025-06-19T15:41:37","modified_gmt":"2025-06-19T12:41:37","slug":"alanya-universitesi-uluslararasi-basariya-imza-atti","status":"publish","type":"post","link":"https:\/\/denizcankizil.tr\/uk\/haberler\/antalya\/alanya-universitesi-uluslararasi-basariya-imza-atti\/","title":{"rendered":"Alanya \u00dcniversitesi, uluslararas\u0131 ba\u015far\u0131ya imza att\u0131"},"content":{"rendered":"<p>\u00dcniversite; sa\u011fl\u0131k, e\u011fitim, toplumsal cinsiyet e\u015fitli\u011fi, bar\u0131\u015f ve sanayi gibi s\u00fcrd\u00fcr\u00fclebilir kalk\u0131nma hedeflerinde \u00fcst s\u0131ralarda yer ald\u0131. Rekt\u00f6r Prof. Dr. Turan Sa\u011fer, \u00fcniversitenin sadece akademik de\u011fil, etik ve toplumsal de\u011ferler a\u00e7\u0131s\u0131ndan da \u00f6n planda oldu\u011funu vurgulayarak bu ba\u015far\u0131n\u0131n t\u00fcm \u00fcniversite kadrosunun \u00f6zverili \u00e7al\u0131\u015fmas\u0131n\u0131n sonucu oldu\u011funu belirtti.<br \/>\nAlanya \u00dcniversitesi, y\u00fcksek\u00f6\u011fretim d\u00fcnyas\u0131n\u0131n en prestijli s\u0131ralamalar\u0131ndan biri olan Times Higher Education (THE) Impact Rankings 2025 listesine girerek b\u00fcy\u00fck bir ba\u015far\u0131ya imza att\u0131. \u00dcniversite; Sanayi, Yenilik\u00e7ilik ve Altyap\u0131, A\u00e7l\u0131\u011fa Son (SDG 2), Bar\u0131\u015f, Adalet ve G\u00fc\u00e7l\u00fc Kurumlar, Toplumsal Cinsiyet E\u015fitli\u011fi (SDG 5), Sa\u011fl\u0131k ve Kaliteli Ya\u015fam (SDG 3), \u0130nsana Yak\u0131\u015f\u0131r \u0130\u015f ve Ekonomik B\u00fcy\u00fcme, Nitelikli E\u011fitim (SDG 4) ve Ama\u00e7lar \u0130\u00e7in Ortakl\u0131klar (SDG 17) gibi bir\u00e7ok \u00f6nemli kategoride \u00fcst s\u0131ralarda yer ald\u0131.<\/p>\n<p>&#8220;Uluslararas\u0131 prestij artt\u0131&#8221;<br \/>\nTimes Higher Education (THE) Impact Rankings, \u00fcniversiteleri yaln\u0131zca akademik ba\u015far\u0131lar\u0131yla de\u011fil; topluma, \u00e7evreye ve k\u00fcresel sorunlara olan katk\u0131lar\u0131yla da de\u011ferlendiriyor. Bu \u00f6zelli\u011fiyle s\u00f6z konusu s\u0131ralama, Birle\u015fmi\u015f Milletler &#8216;in S\u00fcrd\u00fcr\u00fclebilir Kalk\u0131nma Ama\u00e7lar\u0131 do\u011frultusunda d\u00fcnya \u00fcniversitelerinin sosyal sorumluluk alan\u0131ndaki performanslar\u0131n\u0131 objektif bir bi\u00e7imde ortaya koyuyor. D\u00fcnya genelindeki \u00f6\u011frenciler, akademisyenler ve yat\u0131r\u0131mc\u0131lar i\u00e7in bu s\u0131ralamalar\u0131n \u00e7ok \u00f6nemli bir anlam\u0131 var. Alanya \u00dcniversitesi, bu s\u0131ralama ile sadece akademik de\u011fil, etik ve toplumsal de\u011ferler a\u00e7\u0131s\u0131ndan da g\u00fcvenilir bir kurum oldu\u011funu ortaya koymu\u015f oldu.<\/p>\n<p>&#8220;Topluma, \u00e7evreye duyarl\u0131y\u0131z&#8221;<br \/>\nAlanya \u00dcniversitesi Rekt\u00f6r\u00fc Prof. Dr. Turan Sa\u011fer, \u00fcniversitenin Times Higher Education (THE) Impact Rankings 2025 listesinde \u00fcst s\u0131ralarda yer almas\u0131yla ilgili de\u011ferlendirmelerde bulundu. Prof. Dr. Sa\u011fer, Alanya \u00dcniversitesi&#8217;nin yaln\u0131zca akademik ba\u015far\u0131larla de\u011fil, topluma, \u00e7evreye ve k\u00fcresel sorunlara duyarl\u0131 yakla\u015f\u0131m\u0131yla da fark olu\u015fturdu\u011funu vurgulad\u0131. Prof. Dr. Sa\u011fer, &#8220;THE Impact Rankings gibi sayg\u0131n bir uluslararas\u0131 de\u011ferlendirme platformunda yer almak, \u00fcniversitemizin sadece e\u011fitim ve ara\u015ft\u0131rma alan\u0131ndaki ba\u015far\u0131s\u0131n\u0131 de\u011fil; ayn\u0131 zamanda s\u00fcrd\u00fcr\u00fclebilir kalk\u0131nma, \u00e7evre bilinci ve toplumsal katk\u0131 konular\u0131ndaki g\u00fc\u00e7l\u00fc vizyonunu da ortaya koymaktad\u0131r. Alanya \u00dcniversitesi olarak bizler, \u00f6\u011frencilerimize yaln\u0131zca bilgi kazand\u0131rmakla yetinmiyor; ayn\u0131 zamanda etik de\u011ferler, sosyal sorumluluk ve k\u00fcresel fark\u0131ndal\u0131k da a\u015f\u0131l\u0131yoruz.&#8221; ifadelerini kulland\u0131. \u00dcniversitenin t\u00fcm akademik ve idari kadrosunun \u00f6zverili \u00e7al\u0131\u015fmalar\u0131 sayesinde bu ba\u015far\u0131n\u0131n elde edildi\u011fini belirten Sa\u011fer, &#8220;Bu gurur verici sonu\u00e7, hep birlikte ortaya koydu\u011fumuz azmin ve sorumlulu\u011fun bir yans\u0131mas\u0131d\u0131r. Bundan sonraki s\u00fcre\u00e7te daha b\u00fcy\u00fck hedeflerle yolumuza devam edece\u011fiz&#8221; dedi.<\/p>\n<p>Kaynak: www.kanalv.com.tr Haber Sitesinden Al\u0131nm\u0131\u015ft\u0131r.<\/p>","protected":false},"excerpt":{"rendered":"<p>\u00dcniversite; sa\u011fl\u0131k, e\u011fitim, toplumsal cinsiyet e\u015fitli\u011fi, bar\u0131\u015f ve sanayi gibi s\u00fcrd\u00fcr\u00fclebilir kalk\u0131nma hedeflerinde \u00fcst s\u0131ralarda yer ald\u0131. Rekt\u00f6r Prof. Dr. Turan Sa\u011fer, \u00fcniversitenin sadece akademik de\u011fil, etik ve toplumsal de\u011ferler a\u00e7\u0131s\u0131ndan da \u00f6n planda oldu\u011funu vurgulayarak bu ba\u015far\u0131n\u0131n t\u00fcm \u00fcniversite kadrosunun \u00f6zverili \u00e7al\u0131\u015fmas\u0131n\u0131n sonucu oldu\u011funu belirtti. Alanya \u00dcniversitesi, y\u00fcksek\u00f6\u011fretim d\u00fcnyas\u0131n\u0131n en prestijli s\u0131ralamalar\u0131ndan biri olan Times Higher Education (THE) Impact Rankings 2025 listesine girerek b\u00fcy\u00fck bir ba\u015far\u0131ya imza att\u0131. \u00dcniversite; Sanayi, Yenilik\u00e7ilik ve Altyap\u0131, A\u00e7l\u0131\u011fa Son (SDG 2), Bar\u0131\u015f, Adalet ve G\u00fc\u00e7l\u00fc Kurumlar, Toplumsal Cinsiyet E\u015fitli\u011fi (SDG 5), Sa\u011fl\u0131k ve Kaliteli Ya\u015fam (SDG 3), \u0130nsana Yak\u0131\u015f\u0131r \u0130\u015f ve Ekonomik B\u00fcy\u00fcme, Nitelikli E\u011fitim (SDG 4) ve Ama\u00e7lar \u0130\u00e7in Ortakl\u0131klar (SDG 17) gibi bir\u00e7ok \u00f6nemli kategoride \u00fcst s\u0131ralarda yer ald\u0131. &#8220;Uluslararas\u0131 prestij artt\u0131&#8221; Times Higher Education (THE) Impact Rankings, \u00fcniversiteleri yaln\u0131zca akademik ba\u015far\u0131lar\u0131yla de\u011fil; topluma, \u00e7evreye ve k\u00fcresel sorunlara olan katk\u0131lar\u0131yla da de\u011ferlendiriyor. Bu \u00f6zelli\u011fiyle s\u00f6z konusu s\u0131ralama, Birle\u015fmi\u015f Milletler &#8216;in S\u00fcrd\u00fcr\u00fclebilir Kalk\u0131nma Ama\u00e7lar\u0131 do\u011frultusunda d\u00fcnya \u00fcniversitelerinin sosyal sorumluluk alan\u0131ndaki performanslar\u0131n\u0131 objektif bir bi\u00e7imde ortaya koyuyor. D\u00fcnya genelindeki \u00f6\u011frenciler, akademisyenler ve yat\u0131r\u0131mc\u0131lar i\u00e7in bu s\u0131ralamalar\u0131n \u00e7ok \u00f6nemli bir anlam\u0131 var. Alanya \u00dcniversitesi, bu s\u0131ralama ile sadece akademik de\u011fil, etik ve toplumsal de\u011ferler a\u00e7\u0131s\u0131ndan da g\u00fcvenilir bir kurum oldu\u011funu ortaya koymu\u015f oldu. &#8220;Topluma, &hellip;<\/p>","protected":false},"author":4,"featured_media":120343,"comment_status":"","ping_status":"open","sticky":false,"template":"","format":"standard","meta":{"_acf_changed":false,"footnotes":""},"categories":[26],"tags":[],"class_list":["post-120342","post","type-post","status-publish","format-standard","has-post-thumbnail","hentry","category-antalya"],"acf":[],"yoast_head":"<!-- This site is optimized with the Yoast SEO Premium plugin v26.6 (Yoast SEO v27.1.1) - https:\/\/yoast.com\/product\/yoast-seo-premium-wordpress\/ -->\n<title>Alanya \u00dcniversitesi, uluslararas\u0131 ba\u015far\u0131ya imza att\u0131 - Av. Deniz Can K\u0131z\u0131l<\/title>\n<meta name=\"robots\" content=\"index, follow, max-snippet:-1, max-image-preview:large, max-video-preview:-1\" \/>\n<link rel=\"canonical\" href=\"https:\/\/denizcankizil.tr\/uk\/haberler\/antalya\/alanya-universitesi-uluslararasi-basariya-imza-atti\/\" \/>\n<meta property=\"og:locale\" content=\"uk_UA\" \/>\n<meta property=\"og:type\" content=\"article\" \/>\n<meta property=\"og:title\" content=\"Alanya \u00dcniversitesi, uluslararas\u0131 ba\u015far\u0131ya imza att\u0131\" \/>\n<meta property=\"og:description\" content=\"\u00dcniversite; sa\u011fl\u0131k, e\u011fitim, toplumsal cinsiyet e\u015fitli\u011fi, bar\u0131\u015f ve sanayi gibi s\u00fcrd\u00fcr\u00fclebilir kalk\u0131nma hedeflerinde \u00fcst s\u0131ralarda yer ald\u0131. Rekt\u00f6r Prof. Dr. Turan Sa\u011fer, \u00fcniversitenin sadece akademik de\u011fil, etik ve toplumsal de\u011ferler a\u00e7\u0131s\u0131ndan da \u00f6n planda oldu\u011funu vurgulayarak bu ba\u015far\u0131n\u0131n t\u00fcm \u00fcniversite kadrosunun \u00f6zverili \u00e7al\u0131\u015fmas\u0131n\u0131n sonucu oldu\u011funu belirtti. Alanya \u00dcniversitesi, y\u00fcksek\u00f6\u011fretim d\u00fcnyas\u0131n\u0131n en prestijli s\u0131ralamalar\u0131ndan biri olan Times Higher Education (THE) Impact Rankings 2025 listesine girerek b\u00fcy\u00fck bir ba\u015far\u0131ya imza att\u0131. \u00dcniversite; Sanayi, Yenilik\u00e7ilik ve Altyap\u0131, A\u00e7l\u0131\u011fa Son (SDG 2), Bar\u0131\u015f, Adalet ve G\u00fc\u00e7l\u00fc Kurumlar, Toplumsal Cinsiyet E\u015fitli\u011fi (SDG 5), Sa\u011fl\u0131k ve Kaliteli Ya\u015fam (SDG 3), \u0130nsana Yak\u0131\u015f\u0131r \u0130\u015f ve Ekonomik B\u00fcy\u00fcme, Nitelikli E\u011fitim (SDG 4) ve Ama\u00e7lar \u0130\u00e7in Ortakl\u0131klar (SDG 17) gibi bir\u00e7ok \u00f6nemli kategoride \u00fcst s\u0131ralarda yer ald\u0131. &#8220;Uluslararas\u0131 prestij artt\u0131&#8221; Times Higher Education (THE) Impact Rankings, \u00fcniversiteleri yaln\u0131zca akademik ba\u015far\u0131lar\u0131yla de\u011fil; topluma, \u00e7evreye ve k\u00fcresel sorunlara olan katk\u0131lar\u0131yla da de\u011ferlendiriyor. Bu \u00f6zelli\u011fiyle s\u00f6z konusu s\u0131ralama, Birle\u015fmi\u015f Milletler &#8216;in S\u00fcrd\u00fcr\u00fclebilir Kalk\u0131nma Ama\u00e7lar\u0131 do\u011frultusunda d\u00fcnya \u00fcniversitelerinin sosyal sorumluluk alan\u0131ndaki performanslar\u0131n\u0131 objektif bir bi\u00e7imde ortaya koyuyor. D\u00fcnya genelindeki \u00f6\u011frenciler, akademisyenler ve yat\u0131r\u0131mc\u0131lar i\u00e7in bu s\u0131ralamalar\u0131n \u00e7ok \u00f6nemli bir anlam\u0131 var. Alanya \u00dcniversitesi, bu s\u0131ralama ile sadece akademik de\u011fil, etik ve toplumsal de\u011ferler a\u00e7\u0131s\u0131ndan da g\u00fcvenilir bir kurum oldu\u011funu ortaya koymu\u015f oldu. &#8220;Topluma, &hellip;\" \/>\n<meta property=\"og:url\" content=\"https:\/\/denizcankizil.tr\/uk\/haberler\/antalya\/alanya-universitesi-uluslararasi-basariya-imza-atti\/\" \/>\n<meta property=\"og:site_name\" content=\"Av. Deniz Can K\u0131z\u0131l\" \/>\n<meta property=\"article:published_time\" content=\"2025-06-19T12:41:37+00:00\" \/>\n<meta property=\"og:image\" content=\"https:\/\/denizcankizil.tr\/wp-content\/uploads\/2025\/06\/6958-01-Aj406r.jpg\" \/>\n\t<meta property=\"og:image:width\" content=\"1280\" \/>\n\t<meta property=\"og:image:height\" content=\"720\" \/>\n\t<meta property=\"og:image:type\" content=\"image\/jpeg\" \/>\n<meta name=\"author\" content=\"Av. Deniz Can K\u0131z\u0131l\" \/>\n<meta name=\"twitter:card\" content=\"summary_large_image\" \/>\n<meta name=\"twitter:label1\" content=\"\u041d\u0430\u043f\u0438\u0441\u0430\u043d\u043e\" \/>\n\t<meta name=\"twitter:data1\" content=\"Av. Deniz Can K\u0131z\u0131l\" \/>\n\t<meta name=\"twitter:label2\" content=\"\u041f\u0440\u0438\u0431\u043b. \u0447\u0430\u0441 \u0447\u0438\u0442\u0430\u043d\u043d\u044f\" \/>\n\t<meta name=\"twitter:data2\" content=\"2 \u0445\u0432\u0438\u043b\u0438\u043d\u0438\" \/>\n<script type=\"application\/ld+json\" class=\"yoast-schema-graph\">{\"@context\":\"https:\/\/schema.org\",\"@graph\":[{\"@type\":\"Article\",\"@id\":\"https:\/\/denizcankizil.tr\/de\/haberler\/antalya\/alanya-universitesi-uluslararasi-basariya-imza-atti\/#article\",\"isPartOf\":{\"@id\":\"https:\/\/denizcankizil.tr\/de\/haberler\/antalya\/alanya-universitesi-uluslararasi-basariya-imza-atti\/\"},\"author\":{\"name\":\"Av. Deniz Can K\u0131z\u0131l\",\"@id\":\"https:\/\/denizcankizil.tr\/de\/#\/schema\/person\/5dc1b22991bd7ac833867c10afc9b0ff\"},\"headline\":\"Alanya \u00dcniversitesi, uluslararas\u0131 ba\u015far\u0131ya imza att\u0131\",\"datePublished\":\"2025-06-19T12:41:37+00:00\",\"mainEntityOfPage\":{\"@id\":\"https:\/\/denizcankizil.tr\/de\/haberler\/antalya\/alanya-universitesi-uluslararasi-basariya-imza-atti\/\"},\"wordCount\":504,\"publisher\":{\"@id\":\"https:\/\/denizcankizil.tr\/de\/#organization\"},\"image\":{\"@id\":\"https:\/\/denizcankizil.tr\/de\/haberler\/antalya\/alanya-universitesi-uluslararasi-basariya-imza-atti\/#primaryimage\"},\"thumbnailUrl\":\"https:\/\/denizcankizil.tr\/wp-content\/uploads\/2025\/06\/6958-01-Aj406r.jpg\",\"articleSection\":[\"Antalya\"],\"inLanguage\":\"uk\"},{\"@type\":\"WebPage\",\"@id\":\"https:\/\/denizcankizil.tr\/de\/haberler\/antalya\/alanya-universitesi-uluslararasi-basariya-imza-atti\/\",\"url\":\"https:\/\/denizcankizil.tr\/de\/haberler\/antalya\/alanya-universitesi-uluslararasi-basariya-imza-atti\/\",\"name\":\"Alanya \u00dcniversitesi, uluslararas\u0131 ba\u015far\u0131ya imza att\u0131 - Av. Deniz Can K\u0131z\u0131l\",\"isPartOf\":{\"@id\":\"https:\/\/denizcankizil.tr\/de\/#website\"},\"primaryImageOfPage\":{\"@id\":\"https:\/\/denizcankizil.tr\/de\/haberler\/antalya\/alanya-universitesi-uluslararasi-basariya-imza-atti\/#primaryimage\"},\"image\":{\"@id\":\"https:\/\/denizcankizil.tr\/de\/haberler\/antalya\/alanya-universitesi-uluslararasi-basariya-imza-atti\/#primaryimage\"},\"thumbnailUrl\":\"https:\/\/denizcankizil.tr\/wp-content\/uploads\/2025\/06\/6958-01-Aj406r.jpg\",\"datePublished\":\"2025-06-19T12:41:37+00:00\",\"breadcrumb\":{\"@id\":\"https:\/\/denizcankizil.tr\/de\/haberler\/antalya\/alanya-universitesi-uluslararasi-basariya-imza-atti\/#breadcrumb\"},\"inLanguage\":\"uk\",\"potentialAction\":[{\"@type\":\"ReadAction\",\"target\":[\"https:\/\/denizcankizil.tr\/de\/haberler\/antalya\/alanya-universitesi-uluslararasi-basariya-imza-atti\/\"]}]},{\"@type\":\"ImageObject\",\"inLanguage\":\"uk\",\"@id\":\"https:\/\/denizcankizil.tr\/de\/haberler\/antalya\/alanya-universitesi-uluslararasi-basariya-imza-atti\/#primaryimage\",\"url\":\"https:\/\/denizcankizil.tr\/wp-content\/uploads\/2025\/06\/6958-01-Aj406r.jpg\",\"contentUrl\":\"https:\/\/denizcankizil.tr\/wp-content\/uploads\/2025\/06\/6958-01-Aj406r.jpg\",\"width\":1280,\"height\":720},{\"@type\":\"BreadcrumbList\",\"@id\":\"https:\/\/denizcankizil.tr\/de\/haberler\/antalya\/alanya-universitesi-uluslararasi-basariya-imza-atti\/#breadcrumb\",\"itemListElement\":[{\"@type\":\"ListItem\",\"position\":1,\"name\":\"Home\",\"item\":\"https:\/\/denizcankizil.tr\/de\/\"},{\"@type\":\"ListItem\",\"position\":2,\"name\":\"Alanya \u00dcniversitesi, uluslararas\u0131 ba\u015far\u0131ya imza att\u0131\"}]},{\"@type\":\"WebSite\",\"@id\":\"https:\/\/denizcankizil.tr\/de\/#website\",\"url\":\"https:\/\/denizcankizil.tr\/de\/\",\"name\":\"Av. Deniz Can K\u0131z\u0131l\",\"description\":\"Avukat Deniz Can K\u0131z\u0131l Antalya Barosu\",\"publisher\":{\"@id\":\"https:\/\/denizcankizil.tr\/de\/#organization\"},\"potentialAction\":[{\"@type\":\"SearchAction\",\"target\":{\"@type\":\"EntryPoint\",\"urlTemplate\":\"https:\/\/denizcankizil.tr\/de\/?s={search_term_string}\"},\"query-input\":{\"@type\":\"PropertyValueSpecification\",\"valueRequired\":true,\"valueName\":\"search_term_string\"}}],\"inLanguage\":\"uk\"},{\"@type\":\"Organization\",\"@id\":\"https:\/\/denizcankizil.tr\/de\/#organization\",\"name\":\"Av. Deniz Can K\u0131z\u0131l\",\"url\":\"https:\/\/denizcankizil.tr\/de\/\",\"logo\":{\"@type\":\"ImageObject\",\"inLanguage\":\"uk\",\"@id\":\"https:\/\/denizcankizil.tr\/de\/#\/schema\/logo\/image\/\",\"url\":\"https:\/\/denizcankizil.tr\/wp-content\/uploads\/2024\/10\/siyah-logo-svg.svg\",\"contentUrl\":\"https:\/\/denizcankizil.tr\/wp-content\/uploads\/2024\/10\/siyah-logo-svg.svg\",\"width\":1080,\"height\":1080,\"caption\":\"Av. Deniz Can K\u0131z\u0131l\"},\"image\":{\"@id\":\"https:\/\/denizcankizil.tr\/de\/#\/schema\/logo\/image\/\"}},{\"@type\":\"Person\",\"@id\":\"https:\/\/denizcankizil.tr\/de\/#\/schema\/person\/5dc1b22991bd7ac833867c10afc9b0ff\",\"name\":\"Av. Deniz Can K\u0131z\u0131l\",\"image\":{\"@type\":\"ImageObject\",\"inLanguage\":\"uk\",\"@id\":\"https:\/\/denizcankizil.tr\/de\/#\/schema\/person\/image\/\",\"url\":\"https:\/\/secure.gravatar.com\/avatar\/a0b128fb9855c79efc976d5640eedb31dc35ec297594d6016d2cf7c60e975bb6?s=96&d=mm&r=g\",\"contentUrl\":\"https:\/\/secure.gravatar.com\/avatar\/a0b128fb9855c79efc976d5640eedb31dc35ec297594d6016d2cf7c60e975bb6?s=96&d=mm&r=g\",\"caption\":\"Av. Deniz Can K\u0131z\u0131l\"},\"sameAs\":[\"http:\/\/www.denizcankizil.tr\"],\"url\":\"https:\/\/denizcankizil.tr\/uk\/author\/denizcankizil\/\"}]}<\/script>\n<!-- \/ Yoast SEO Premium plugin. -->","yoast_head_json":{"title":"Alanya \u00dcniversitesi, uluslararas\u0131 ba\u015far\u0131ya imza att\u0131 - Av. Deniz Can K\u0131z\u0131l","robots":{"index":"index","follow":"follow","max-snippet":"max-snippet:-1","max-image-preview":"max-image-preview:large","max-video-preview":"max-video-preview:-1"},"canonical":"https:\/\/denizcankizil.tr\/uk\/haberler\/antalya\/alanya-universitesi-uluslararasi-basariya-imza-atti\/","og_locale":"uk_UA","og_type":"article","og_title":"Alanya \u00dcniversitesi, uluslararas\u0131 ba\u015far\u0131ya imza att\u0131","og_description":"\u00dcniversite; sa\u011fl\u0131k, e\u011fitim, toplumsal cinsiyet e\u015fitli\u011fi, bar\u0131\u015f ve sanayi gibi s\u00fcrd\u00fcr\u00fclebilir kalk\u0131nma hedeflerinde \u00fcst s\u0131ralarda yer ald\u0131. Rekt\u00f6r Prof. Dr. Turan Sa\u011fer, \u00fcniversitenin sadece akademik de\u011fil, etik ve toplumsal de\u011ferler a\u00e7\u0131s\u0131ndan da \u00f6n planda oldu\u011funu vurgulayarak bu ba\u015far\u0131n\u0131n t\u00fcm \u00fcniversite kadrosunun \u00f6zverili \u00e7al\u0131\u015fmas\u0131n\u0131n sonucu oldu\u011funu belirtti. Alanya \u00dcniversitesi, y\u00fcksek\u00f6\u011fretim d\u00fcnyas\u0131n\u0131n en prestijli s\u0131ralamalar\u0131ndan biri olan Times Higher Education (THE) Impact Rankings 2025 listesine girerek b\u00fcy\u00fck bir ba\u015far\u0131ya imza att\u0131. \u00dcniversite; Sanayi, Yenilik\u00e7ilik ve Altyap\u0131, A\u00e7l\u0131\u011fa Son (SDG 2), Bar\u0131\u015f, Adalet ve G\u00fc\u00e7l\u00fc Kurumlar, Toplumsal Cinsiyet E\u015fitli\u011fi (SDG 5), Sa\u011fl\u0131k ve Kaliteli Ya\u015fam (SDG 3), \u0130nsana Yak\u0131\u015f\u0131r \u0130\u015f ve Ekonomik B\u00fcy\u00fcme, Nitelikli E\u011fitim (SDG 4) ve Ama\u00e7lar \u0130\u00e7in Ortakl\u0131klar (SDG 17) gibi bir\u00e7ok \u00f6nemli kategoride \u00fcst s\u0131ralarda yer ald\u0131. &#8220;Uluslararas\u0131 prestij artt\u0131&#8221; Times Higher Education (THE) Impact Rankings, \u00fcniversiteleri yaln\u0131zca akademik ba\u015far\u0131lar\u0131yla de\u011fil; topluma, \u00e7evreye ve k\u00fcresel sorunlara olan katk\u0131lar\u0131yla da de\u011ferlendiriyor. Bu \u00f6zelli\u011fiyle s\u00f6z konusu s\u0131ralama, Birle\u015fmi\u015f Milletler &#8216;in S\u00fcrd\u00fcr\u00fclebilir Kalk\u0131nma Ama\u00e7lar\u0131 do\u011frultusunda d\u00fcnya \u00fcniversitelerinin sosyal sorumluluk alan\u0131ndaki performanslar\u0131n\u0131 objektif bir bi\u00e7imde ortaya koyuyor. D\u00fcnya genelindeki \u00f6\u011frenciler, akademisyenler ve yat\u0131r\u0131mc\u0131lar i\u00e7in bu s\u0131ralamalar\u0131n \u00e7ok \u00f6nemli bir anlam\u0131 var. Alanya \u00dcniversitesi, bu s\u0131ralama ile sadece akademik de\u011fil, etik ve toplumsal de\u011ferler a\u00e7\u0131s\u0131ndan da g\u00fcvenilir bir kurum oldu\u011funu ortaya koymu\u015f oldu. &#8220;Topluma, &hellip;","og_url":"https:\/\/denizcankizil.tr\/uk\/haberler\/antalya\/alanya-universitesi-uluslararasi-basariya-imza-atti\/","og_site_name":"Av. Deniz Can K\u0131z\u0131l","article_published_time":"2025-06-19T12:41:37+00:00","og_image":[{"width":1280,"height":720,"url":"https:\/\/denizcankizil.tr\/wp-content\/uploads\/2025\/06\/6958-01-Aj406r.jpg","type":"image\/jpeg"}],"author":"Av. Deniz Can K\u0131z\u0131l","twitter_card":"summary_large_image","twitter_misc":{"\u041d\u0430\u043f\u0438\u0441\u0430\u043d\u043e":"Av. Deniz Can K\u0131z\u0131l","\u041f\u0440\u0438\u0431\u043b. \u0447\u0430\u0441 \u0447\u0438\u0442\u0430\u043d\u043d\u044f":"2 \u0445\u0432\u0438\u043b\u0438\u043d\u0438"},"schema":{"@context":"https:\/\/schema.org","@graph":[{"@type":"Article","@id":"https:\/\/denizcankizil.tr\/de\/haberler\/antalya\/alanya-universitesi-uluslararasi-basariya-imza-atti\/#article","isPartOf":{"@id":"https:\/\/denizcankizil.tr\/de\/haberler\/antalya\/alanya-universitesi-uluslararasi-basariya-imza-atti\/"},"author":{"name":"Av. Deniz Can K\u0131z\u0131l","@id":"https:\/\/denizcankizil.tr\/de\/#\/schema\/person\/5dc1b22991bd7ac833867c10afc9b0ff"},"headline":"Alanya \u00dcniversitesi, uluslararas\u0131 ba\u015far\u0131ya imza att\u0131","datePublished":"2025-06-19T12:41:37+00:00","mainEntityOfPage":{"@id":"https:\/\/denizcankizil.tr\/de\/haberler\/antalya\/alanya-universitesi-uluslararasi-basariya-imza-atti\/"},"wordCount":504,"publisher":{"@id":"https:\/\/denizcankizil.tr\/de\/#organization"},"image":{"@id":"https:\/\/denizcankizil.tr\/de\/haberler\/antalya\/alanya-universitesi-uluslararasi-basariya-imza-atti\/#primaryimage"},"thumbnailUrl":"https:\/\/denizcankizil.tr\/wp-content\/uploads\/2025\/06\/6958-01-Aj406r.jpg","articleSection":["Antalya"],"inLanguage":"uk"},{"@type":"WebPage","@id":"https:\/\/denizcankizil.tr\/de\/haberler\/antalya\/alanya-universitesi-uluslararasi-basariya-imza-atti\/","url":"https:\/\/denizcankizil.tr\/de\/haberler\/antalya\/alanya-universitesi-uluslararasi-basariya-imza-atti\/","name":"Alanya \u00dcniversitesi, uluslararas\u0131 ba\u015far\u0131ya imza att\u0131 - Av. Deniz Can K\u0131z\u0131l","isPartOf":{"@id":"https:\/\/denizcankizil.tr\/de\/#website"},"primaryImageOfPage":{"@id":"https:\/\/denizcankizil.tr\/de\/haberler\/antalya\/alanya-universitesi-uluslararasi-basariya-imza-atti\/#primaryimage"},"image":{"@id":"https:\/\/denizcankizil.tr\/de\/haberler\/antalya\/alanya-universitesi-uluslararasi-basariya-imza-atti\/#primaryimage"},"thumbnailUrl":"https:\/\/denizcankizil.tr\/wp-content\/uploads\/2025\/06\/6958-01-Aj406r.jpg","datePublished":"2025-06-19T12:41:37+00:00","breadcrumb":{"@id":"https:\/\/denizcankizil.tr\/de\/haberler\/antalya\/alanya-universitesi-uluslararasi-basariya-imza-atti\/#breadcrumb"},"inLanguage":"uk","potentialAction":[{"@type":"ReadAction","target":["https:\/\/denizcankizil.tr\/de\/haberler\/antalya\/alanya-universitesi-uluslararasi-basariya-imza-atti\/"]}]},{"@type":"ImageObject","inLanguage":"uk","@id":"https:\/\/denizcankizil.tr\/de\/haberler\/antalya\/alanya-universitesi-uluslararasi-basariya-imza-atti\/#primaryimage","url":"https:\/\/denizcankizil.tr\/wp-content\/uploads\/2025\/06\/6958-01-Aj406r.jpg","contentUrl":"https:\/\/denizcankizil.tr\/wp-content\/uploads\/2025\/06\/6958-01-Aj406r.jpg","width":1280,"height":720},{"@type":"BreadcrumbList","@id":"https:\/\/denizcankizil.tr\/de\/haberler\/antalya\/alanya-universitesi-uluslararasi-basariya-imza-atti\/#breadcrumb","itemListElement":[{"@type":"ListItem","position":1,"name":"Home","item":"https:\/\/denizcankizil.tr\/de\/"},{"@type":"ListItem","position":2,"name":"Alanya \u00dcniversitesi, uluslararas\u0131 ba\u015far\u0131ya imza att\u0131"}]},{"@type":"WebSite","@id":"https:\/\/denizcankizil.tr\/de\/#website","url":"https:\/\/denizcankizil.tr\/de\/","name":"Av. Deniz Can K\u0131z\u0131l","description":"Avukat Deniz Can K\u0131z\u0131l Antalya Barosu","publisher":{"@id":"https:\/\/denizcankizil.tr\/de\/#organization"},"potentialAction":[{"@type":"SearchAction","target":{"@type":"EntryPoint","urlTemplate":"https:\/\/denizcankizil.tr\/de\/?s={search_term_string}"},"query-input":{"@type":"PropertyValueSpecification","valueRequired":true,"valueName":"search_term_string"}}],"inLanguage":"uk"},{"@type":"Organization","@id":"https:\/\/denizcankizil.tr\/de\/#organization","name":"Av. Deniz Can K\u0131z\u0131l","url":"https:\/\/denizcankizil.tr\/de\/","logo":{"@type":"ImageObject","inLanguage":"uk","@id":"https:\/\/denizcankizil.tr\/de\/#\/schema\/logo\/image\/","url":"https:\/\/denizcankizil.tr\/wp-content\/uploads\/2024\/10\/siyah-logo-svg.svg","contentUrl":"https:\/\/denizcankizil.tr\/wp-content\/uploads\/2024\/10\/siyah-logo-svg.svg","width":1080,"height":1080,"caption":"Av. Deniz Can K\u0131z\u0131l"},"image":{"@id":"https:\/\/denizcankizil.tr\/de\/#\/schema\/logo\/image\/"}},{"@type":"Person","@id":"https:\/\/denizcankizil.tr\/de\/#\/schema\/person\/5dc1b22991bd7ac833867c10afc9b0ff","name":"Av. Deniz Can K\u0131z\u0131l","image":{"@type":"ImageObject","inLanguage":"uk","@id":"https:\/\/denizcankizil.tr\/de\/#\/schema\/person\/image\/","url":"https:\/\/secure.gravatar.com\/avatar\/a0b128fb9855c79efc976d5640eedb31dc35ec297594d6016d2cf7c60e975bb6?s=96&d=mm&r=g","contentUrl":"https:\/\/secure.gravatar.com\/avatar\/a0b128fb9855c79efc976d5640eedb31dc35ec297594d6016d2cf7c60e975bb6?s=96&d=mm&r=g","caption":"Av. Deniz Can K\u0131z\u0131l"},"sameAs":["http:\/\/www.denizcankizil.tr"],"url":"https:\/\/denizcankizil.tr\/uk\/author\/denizcankizil\/"}]}},"_links":{"self":[{"href":"https:\/\/denizcankizil.tr\/uk\/wp-json\/wp\/v2\/posts\/120342","targetHints":{"allow":["GET"]}}],"collection":[{"href":"https:\/\/denizcankizil.tr\/uk\/wp-json\/wp\/v2\/posts"}],"about":[{"href":"https:\/\/denizcankizil.tr\/uk\/wp-json\/wp\/v2\/types\/post"}],"author":[{"embeddable":true,"href":"https:\/\/denizcankizil.tr\/uk\/wp-json\/wp\/v2\/users\/4"}],"replies":[{"embeddable":true,"href":"https:\/\/denizcankizil.tr\/uk\/wp-json\/wp\/v2\/comments?post=120342"}],"version-history":[{"count":0,"href":"https:\/\/denizcankizil.tr\/uk\/wp-json\/wp\/v2\/posts\/120342\/revisions"}],"wp:featuredmedia":[{"embeddable":true,"href":"https:\/\/denizcankizil.tr\/uk\/wp-json\/wp\/v2\/media\/120343"}],"wp:attachment":[{"href":"https:\/\/denizcankizil.tr\/uk\/wp-json\/wp\/v2\/media?parent=120342"}],"wp:term":[{"taxonomy":"category","embeddable":true,"href":"https:\/\/denizcankizil.tr\/uk\/wp-json\/wp\/v2\/categories?post=120342"},{"taxonomy":"post_tag","embeddable":true,"href":"https:\/\/denizcankizil.tr\/uk\/wp-json\/wp\/v2\/tags?post=120342"}],"curies":[{"name":"wp","href":"https:\/\/api.w.org\/{rel}","templated":true}]}}