{"id":120292,"date":"2025-06-19T13:42:48","date_gmt":"2025-06-19T10:42:48","guid":{"rendered":"https:\/\/denizcankizil.tr\/uncategorized-tr\/bakan-yerlikayadan-farkindalik-paylasimlarina-devam-hizdan-degil-hayattan-yana-olalim\/"},"modified":"2025-06-19T13:42:48","modified_gmt":"2025-06-19T10:42:48","slug":"bakan-yerlikayadan-farkindalik-paylasimlarina-devam-hizdan-degil-hayattan-yana-olalim","status":"publish","type":"post","link":"https:\/\/denizcankizil.tr\/uk\/haberler\/gundem\/bakan-yerlikayadan-farkindalik-paylasimlarina-devam-hizdan-degil-hayattan-yana-olalim\/","title":{"rendered":"Bakan Yerlikaya&#8217;dan fark\u0131ndal\u0131k payla\u015f\u0131mlar\u0131na devam&#8230; H\u0131zdan de\u011fil, hayattan yana olal\u0131m"},"content":{"rendered":"<p>\u0130\u00e7i\u015fleri Bakan\u0131 Ali Yerlikaya, Kahramanmara\u015f\u2019\u0131n Oniki\u015fubat il\u00e7esinde 2025 y\u0131l\u0131nda a\u015f\u0131r\u0131 h\u0131z nedeniyle ya\u015fanan \u00f6l\u00fcml\u00fc trafik kazas\u0131na dikkat \u00e7ekti. Kazada bir ki\u015fi hayat\u0131n\u0131 kaybederken, bir ki\u015fi yaraland\u0131. Bakan, 2024\u2019te h\u0131z ihlali nedeniyle 3 bin 657 ki\u015finin ya\u015fam\u0131n\u0131 yitirdi\u011fini vurgulayarak, \u201cTrafik kazalar\u0131nda can kayb\u0131n\u0131 \u00f6nlemek tek amac\u0131m\u0131z\u201d dedi.ANKARA (\u0130GFA)  &#8211; \u0130\u00e7i\u015fleri Bakan\u0131 Ali Yerlikaya, sosyal medya hesab\u0131ndan yapt\u0131\u011f\u0131 fark\u0131ndal\u0131k payla\u015f\u0131mlar\u0131n\u0131 s\u00fcrd\u00fcr\u00fcyor.<br \/>\nTrafik g\u00fcvenli\u011fine y\u00f6nelik fark\u0131ndal\u0131\u011f\u0131 art\u0131rmay\u0131 ve h\u0131z ihlallerinin yol a\u00e7t\u0131\u011f\u0131 trajedilere dikkat \u00e7eken Bakan Yerlikaya, son fark\u0131ndal\u0131\u011f\u0131 Kahramanmara\u015f\u2019\u0131n Oniki\u015fubat il\u00e7esinde 2025 y\u0131l\u0131nda a\u015f\u0131r\u0131 h\u0131z sonucu meydana gelen trafik kazas\u0131n\u0131n g\u00f6r\u00fcnt\u00fcleri ile  payla\u015farak yapt\u0131. Bir vatanda\u015f\u0131n hayat\u0131n\u0131 kaybetti\u011fi, bir vatanda\u015f\u0131nda yaraland\u0131\u011f\u0131 kazayla ilgili s\u00fcr\u00fcc\u00fclere uyar\u0131da bulunan Bakan Yerlikaya, \u201cA\u015f\u0131r\u0131 h\u0131z yapmasayd\u0131 bir can\u0131m\u0131z\u0131 daha yitirmeyecektik\u201d diyerek \u00fcz\u00fcnt\u00fcs\u00fcn\u00fc dile getirdi. <\/p>\n<p><blockquote class=\"twitter-tweet\" data-width=\"550\" data-dnt=\"true\"><p lang=\"tr\" dir=\"ltr\">A\u015eIRI HIZ YAPMASAYDI \u2757\ufe0f<br><br>2025 y\u0131l\u0131nda Kahramanmara\u015f&#39;\u0131n Oniki\u015fubat il\u00e7esinde s\u00fcr\u00fcc\u00fcn\u00fcn &quot;A\u015f\u0131r\u0131 H\u0131z&quot; yapmas\u0131 nedeniyle direksiyon hakimiyetini kaybetmesi sonucu \u00f6l\u00fcml\u00fc bir trafik kazas\u0131 meydana geldi.<br><br>Kazada 1 vatanda\u015f\u0131m\u0131z yaraland\u0131, maalesef 1 vatanda\u015f\u0131m\u0131z\u0131 ise kaybettik. A\u015f\u0131r\u0131\u2026 <a href=\"https:\/\/t.co\/W5EMwvTVLk\">pic.twitter.com\/W5EMwvTVLk<\/a><\/p>&mdash; Ali Yerlikaya (@AliYerlikaya) <a href=\"https:\/\/twitter.com\/AliYerlikaya\/status\/1935623742828261744?ref_src=twsrc%5Etfw\">June 19, 2025<\/a><\/blockquote><script async src=\"https:\/\/platform.twitter.com\/widgets.js\" charset=\"utf-8\"><\/script><\/p>\n<p>2024\u2019TE HIZ \u0130HLAL\u0130: G\u00dcNDE 10 CAN KAYBI<br \/>\nBakan Yerlikaya, 2024 y\u0131l\u0131nda 266 bin 854 \u00f6l\u00fcml\u00fc-yaralanmal\u0131 kazan\u0131n 107 bin 198\u2019inin h\u0131z kurallar\u0131na uymamaktan kaynakland\u0131\u011f\u0131n\u0131 belirtti.<br \/>\nH\u0131z ihlali dolay\u0131s\u0131yla 3 bin 657 ki\u015fi hayat\u0131n\u0131 kaybederken, bu rakam\u0131n her g\u00fcn ortalama 10 can kayb\u0131na denk geldi\u011fini vurgulad\u0131.<br \/>\n\u201cG\u00dcVENL\u0130 YOLLAR, HUZURLU YOLCULUKLAR\u201d<br \/>\nTrafik kazalar\u0131nda can kay\u0131plar\u0131n\u0131 \u00f6nlemenin tek ama\u00e7lar\u0131 oldu\u011funu ifade eden Bakan Yerlikaya, \u201cH\u0131zdan de\u011fil, hayattan yana olal\u0131m. G\u00fcvenli yollar, huzurlu yolculuklar,\u201d \u00e7a\u011fr\u0131s\u0131nda bulundu. Bakan, s\u00fcr\u00fcc\u00fcleri trafik kurallar\u0131na uymaya ve a\u015f\u0131r\u0131 h\u0131zdan ka\u00e7\u0131nmaya davet etti.<\/p>\n<p>\u200b\u0130\u00e7i\u015fleri Bakan\u0131 Ali Yerlikaya, Kahramanmara\u015f\u2019\u0131n Oniki\u015fubat il\u00e7esinde 2025 y\u0131l\u0131nda a\u015f\u0131r\u0131 h\u0131z nedeniyle ya\u015fanan \u00f6l\u00fcml\u00fc trafik kazas\u0131na dikkat \u00e7ekti. Kazada bir ki\u015fi hayat\u0131n\u0131 kaybederken, bir ki\u015fi yaraland\u0131. Bakan, 2024\u2019te h\u0131z ihlali nedeniyle 3 bin 657 ki\u015finin ya\u015fam\u0131n\u0131 yitirdi\u011fini vurgulayarak, \u201cTrafik kazalar\u0131nda can kayb\u0131n\u0131 \u00f6nlemek tek amac\u0131m\u0131z\u201d dedi.ANKARA (\u0130GFA)  &#8211; \u0130\u00e7i\u015fleri Bakan\u0131 Ali Yerlikaya, sosyal medya hesab\u0131ndan yapt\u0131\u011f\u0131 fark\u0131ndal\u0131k payla\u015f\u0131mlar\u0131n\u0131 s\u00fcrd\u00fcr\u00fcyor.<br \/>\nTrafik g\u00fcvenli\u011fine y\u00f6nelik fark\u0131ndal\u0131\u011f\u0131 art\u0131rmay\u0131 ve h\u0131z ihlallerinin yol a\u00e7t\u0131\u011f\u0131 trajedilere dikkat \u00e7eken Bakan Yerlikaya, son fark\u0131ndal\u0131\u011f\u0131 Kahramanmara\u015f\u2019\u0131n Oniki\u015fubat il\u00e7esinde 2025 y\u0131l\u0131nda a\u015f\u0131r\u0131 h\u0131z sonucu meydana gelen trafik kazas\u0131n\u0131n g\u00f6r\u00fcnt\u00fcleri ile  payla\u015farak yapt\u0131. Bir vatanda\u015f\u0131n hayat\u0131n\u0131 kaybetti\u011fi, bir vatanda\u015f\u0131nda yaraland\u0131\u011f\u0131 kazayla ilgili s\u00fcr\u00fcc\u00fclere uyar\u0131da bulunan Bakan Yerlikaya, \u201cA\u015f\u0131r\u0131 h\u0131z yapmasayd\u0131 bir can\u0131m\u0131z\u0131 daha yitirmeyecektik\u201d diyerek \u00fcz\u00fcnt\u00fcs\u00fcn\u00fc dile getirdi. <\/p>\n<p><blockquote class=\"twitter-tweet\" data-width=\"550\" data-dnt=\"true\"><p lang=\"tr\" dir=\"ltr\">A\u015eIRI HIZ YAPMASAYDI \u2757\ufe0f<br><br>2025 y\u0131l\u0131nda Kahramanmara\u015f&#39;\u0131n Oniki\u015fubat il\u00e7esinde s\u00fcr\u00fcc\u00fcn\u00fcn &quot;A\u015f\u0131r\u0131 H\u0131z&quot; yapmas\u0131 nedeniyle direksiyon hakimiyetini kaybetmesi sonucu \u00f6l\u00fcml\u00fc bir trafik kazas\u0131 meydana geldi.<br><br>Kazada 1 vatanda\u015f\u0131m\u0131z yaraland\u0131, maalesef 1 vatanda\u015f\u0131m\u0131z\u0131 ise kaybettik. A\u015f\u0131r\u0131\u2026 <a href=\"https:\/\/t.co\/W5EMwvTVLk\">pic.twitter.com\/W5EMwvTVLk<\/a><\/p>&mdash; Ali Yerlikaya (@AliYerlikaya) <a href=\"https:\/\/twitter.com\/AliYerlikaya\/status\/1935623742828261744?ref_src=twsrc%5Etfw\">June 19, 2025<\/a><\/blockquote><script async src=\"https:\/\/platform.twitter.com\/widgets.js\" charset=\"utf-8\"><\/script><\/p>\n<p>2024\u2019TE HIZ \u0130HLAL\u0130: G\u00dcNDE 10 CAN KAYBI<br \/>\nBakan Yerlikaya, 2024 y\u0131l\u0131nda 266 bin 854 \u00f6l\u00fcml\u00fc-yaralanmal\u0131 kazan\u0131n 107 bin 198\u2019inin h\u0131z kurallar\u0131na uymamaktan kaynakland\u0131\u011f\u0131n\u0131 belirtti.<br \/>\nH\u0131z ihlali dolay\u0131s\u0131yla 3 bin 657 ki\u015fi hayat\u0131n\u0131 kaybederken, bu rakam\u0131n her g\u00fcn ortalama 10 can kayb\u0131na denk geldi\u011fini vurgulad\u0131.<br \/>\n\u201cG\u00dcVENL\u0130 YOLLAR, HUZURLU YOLCULUKLAR\u201d<br \/>\nTrafik kazalar\u0131nda can kay\u0131plar\u0131n\u0131 \u00f6nlemenin tek ama\u00e7lar\u0131 oldu\u011funu ifade eden Bakan Yerlikaya, \u201cH\u0131zdan de\u011fil, hayattan yana olal\u0131m. G\u00fcvenli yollar, huzurlu yolculuklar,\u201d \u00e7a\u011fr\u0131s\u0131nda bulundu. Bakan, s\u00fcr\u00fcc\u00fcleri trafik kurallar\u0131na uymaya ve a\u015f\u0131r\u0131 h\u0131zdan ka\u00e7\u0131nmaya davet etti.\u00a0<\/p>\n<p>\u200bHaberin Al\u0131nt\u0131land\u0131\u011f\u0131 Kaynak: www.iskenderun.org<\/p>","protected":false},"excerpt":{"rendered":"<p>\u0130\u00e7i\u015fleri Bakan\u0131 Ali Yerlikaya, Kahramanmara\u015f\u2019\u0131n Oniki\u015fubat il\u00e7esinde 2025 y\u0131l\u0131nda a\u015f\u0131r\u0131 h\u0131z nedeniyle ya\u015fanan \u00f6l\u00fcml\u00fc trafik kazas\u0131na dikkat \u00e7ekti. Kazada bir ki\u015fi hayat\u0131n\u0131 kaybederken, bir ki\u015fi yaraland\u0131. Bakan, 2024\u2019te h\u0131z ihlali nedeniyle 3 bin 657 ki\u015finin ya\u015fam\u0131n\u0131 yitirdi\u011fini vurgulayarak, \u201cTrafik kazalar\u0131nda can kayb\u0131n\u0131 \u00f6nlemek tek amac\u0131m\u0131z\u201d dedi.ANKARA (\u0130GFA) &#8211; \u0130\u00e7i\u015fleri Bakan\u0131 Ali Yerlikaya, sosyal medya hesab\u0131ndan yapt\u0131\u011f\u0131 fark\u0131ndal\u0131k payla\u015f\u0131mlar\u0131n\u0131 s\u00fcrd\u00fcr\u00fcyor. Trafik g\u00fcvenli\u011fine y\u00f6nelik fark\u0131ndal\u0131\u011f\u0131 art\u0131rmay\u0131 ve h\u0131z ihlallerinin yol a\u00e7t\u0131\u011f\u0131 trajedilere dikkat \u00e7eken Bakan Yerlikaya, son fark\u0131ndal\u0131\u011f\u0131 Kahramanmara\u015f\u2019\u0131n Oniki\u015fubat il\u00e7esinde 2025 y\u0131l\u0131nda a\u015f\u0131r\u0131 h\u0131z sonucu meydana gelen trafik kazas\u0131n\u0131n g\u00f6r\u00fcnt\u00fcleri ile payla\u015farak yapt\u0131. Bir vatanda\u015f\u0131n hayat\u0131n\u0131 kaybetti\u011fi, bir vatanda\u015f\u0131nda yaraland\u0131\u011f\u0131 kazayla ilgili s\u00fcr\u00fcc\u00fclere uyar\u0131da bulunan Bakan Yerlikaya, \u201cA\u015f\u0131r\u0131 h\u0131z yapmasayd\u0131 bir can\u0131m\u0131z\u0131 daha yitirmeyecektik\u201d diyerek \u00fcz\u00fcnt\u00fcs\u00fcn\u00fc dile getirdi. A\u015eIRI HIZ YAPMASAYDI \u2757\ufe0f 2025 y\u0131l\u0131nda Kahramanmara\u015f&#39;\u0131n Oniki\u015fubat il\u00e7esinde s\u00fcr\u00fcc\u00fcn\u00fcn &quot;A\u015f\u0131r\u0131 H\u0131z&quot; yapmas\u0131 nedeniyle direksiyon hakimiyetini kaybetmesi sonucu \u00f6l\u00fcml\u00fc bir trafik kazas\u0131 meydana geldi. Kazada 1 vatanda\u015f\u0131m\u0131z yaraland\u0131, maalesef 1 vatanda\u015f\u0131m\u0131z\u0131 ise kaybettik. A\u015f\u0131r\u0131\u2026 pic.twitter.com\/W5EMwvTVLk &mdash; Ali Yerlikaya (@AliYerlikaya) June 19, 2025 2024\u2019TE HIZ \u0130HLAL\u0130: G\u00dcNDE 10 CAN KAYBI Bakan Yerlikaya, 2024 y\u0131l\u0131nda 266 bin 854 \u00f6l\u00fcml\u00fc-yaralanmal\u0131 kazan\u0131n 107 bin 198\u2019inin h\u0131z kurallar\u0131na uymamaktan kaynakland\u0131\u011f\u0131n\u0131 belirtti. H\u0131z ihlali dolay\u0131s\u0131yla 3 bin 657 ki\u015fi hayat\u0131n\u0131 kaybederken, bu rakam\u0131n her g\u00fcn ortalama 10 can kayb\u0131na &hellip;<\/p>","protected":false},"author":1,"featured_media":0,"comment_status":"","ping_status":"open","sticky":false,"template":"","format":"standard","meta":{"_acf_changed":false,"footnotes":""},"categories":[24],"tags":[],"class_list":["post-120292","post","type-post","status-publish","format-standard","has-post-thumbnail","hentry","category-gundem"],"acf":[],"yoast_head":"<!-- This site is optimized with the Yoast SEO Premium plugin v26.6 (Yoast SEO v27.1.1) - https:\/\/yoast.com\/product\/yoast-seo-premium-wordpress\/ -->\n<title>Bakan Yerlikaya&#039;dan fark\u0131ndal\u0131k payla\u015f\u0131mlar\u0131na devam... H\u0131zdan de\u011fil, hayattan yana olal\u0131m - Av. Deniz Can K\u0131z\u0131l<\/title>\n<meta name=\"robots\" content=\"index, follow, max-snippet:-1, max-image-preview:large, max-video-preview:-1\" \/>\n<link rel=\"canonical\" href=\"https:\/\/denizcankizil.tr\/uk\/haberler\/gundem\/bakan-yerlikayadan-farkindalik-paylasimlarina-devam-hizdan-degil-hayattan-yana-olalim\/\" \/>\n<meta property=\"og:locale\" content=\"uk_UA\" \/>\n<meta property=\"og:type\" content=\"article\" \/>\n<meta property=\"og:title\" content=\"Bakan Yerlikaya&#039;dan fark\u0131ndal\u0131k payla\u015f\u0131mlar\u0131na devam... H\u0131zdan de\u011fil, hayattan yana olal\u0131m\" \/>\n<meta property=\"og:description\" content=\"\u0130\u00e7i\u015fleri Bakan\u0131 Ali Yerlikaya, Kahramanmara\u015f\u2019\u0131n Oniki\u015fubat il\u00e7esinde 2025 y\u0131l\u0131nda a\u015f\u0131r\u0131 h\u0131z nedeniyle ya\u015fanan \u00f6l\u00fcml\u00fc trafik kazas\u0131na dikkat \u00e7ekti. Kazada bir ki\u015fi hayat\u0131n\u0131 kaybederken, bir ki\u015fi yaraland\u0131. Bakan, 2024\u2019te h\u0131z ihlali nedeniyle 3 bin 657 ki\u015finin ya\u015fam\u0131n\u0131 yitirdi\u011fini vurgulayarak, \u201cTrafik kazalar\u0131nda can kayb\u0131n\u0131 \u00f6nlemek tek amac\u0131m\u0131z\u201d dedi.ANKARA (\u0130GFA) &#8211; \u0130\u00e7i\u015fleri Bakan\u0131 Ali Yerlikaya, sosyal medya hesab\u0131ndan yapt\u0131\u011f\u0131 fark\u0131ndal\u0131k payla\u015f\u0131mlar\u0131n\u0131 s\u00fcrd\u00fcr\u00fcyor. Trafik g\u00fcvenli\u011fine y\u00f6nelik fark\u0131ndal\u0131\u011f\u0131 art\u0131rmay\u0131 ve h\u0131z ihlallerinin yol a\u00e7t\u0131\u011f\u0131 trajedilere dikkat \u00e7eken Bakan Yerlikaya, son fark\u0131ndal\u0131\u011f\u0131 Kahramanmara\u015f\u2019\u0131n Oniki\u015fubat il\u00e7esinde 2025 y\u0131l\u0131nda a\u015f\u0131r\u0131 h\u0131z sonucu meydana gelen trafik kazas\u0131n\u0131n g\u00f6r\u00fcnt\u00fcleri ile payla\u015farak yapt\u0131. Bir vatanda\u015f\u0131n hayat\u0131n\u0131 kaybetti\u011fi, bir vatanda\u015f\u0131nda yaraland\u0131\u011f\u0131 kazayla ilgili s\u00fcr\u00fcc\u00fclere uyar\u0131da bulunan Bakan Yerlikaya, \u201cA\u015f\u0131r\u0131 h\u0131z yapmasayd\u0131 bir can\u0131m\u0131z\u0131 daha yitirmeyecektik\u201d diyerek \u00fcz\u00fcnt\u00fcs\u00fcn\u00fc dile getirdi. A\u015eIRI HIZ YAPMASAYDI \u2757\ufe0f 2025 y\u0131l\u0131nda Kahramanmara\u015f&#039;\u0131n Oniki\u015fubat il\u00e7esinde s\u00fcr\u00fcc\u00fcn\u00fcn &quot;A\u015f\u0131r\u0131 H\u0131z&quot; yapmas\u0131 nedeniyle direksiyon hakimiyetini kaybetmesi sonucu \u00f6l\u00fcml\u00fc bir trafik kazas\u0131 meydana geldi. Kazada 1 vatanda\u015f\u0131m\u0131z yaraland\u0131, maalesef 1 vatanda\u015f\u0131m\u0131z\u0131 ise kaybettik. A\u015f\u0131r\u0131\u2026 pic.twitter.com\/W5EMwvTVLk &mdash; Ali Yerlikaya (@AliYerlikaya) June 19, 2025 2024\u2019TE HIZ \u0130HLAL\u0130: G\u00dcNDE 10 CAN KAYBI Bakan Yerlikaya, 2024 y\u0131l\u0131nda 266 bin 854 \u00f6l\u00fcml\u00fc-yaralanmal\u0131 kazan\u0131n 107 bin 198\u2019inin h\u0131z kurallar\u0131na uymamaktan kaynakland\u0131\u011f\u0131n\u0131 belirtti. H\u0131z ihlali dolay\u0131s\u0131yla 3 bin 657 ki\u015fi hayat\u0131n\u0131 kaybederken, bu rakam\u0131n her g\u00fcn ortalama 10 can kayb\u0131na &hellip;\" \/>\n<meta property=\"og:url\" content=\"https:\/\/denizcankizil.tr\/uk\/haberler\/gundem\/bakan-yerlikayadan-farkindalik-paylasimlarina-devam-hizdan-degil-hayattan-yana-olalim\/\" \/>\n<meta property=\"og:site_name\" content=\"Av. Deniz Can K\u0131z\u0131l\" \/>\n<meta property=\"article:published_time\" content=\"2025-06-19T10:42:48+00:00\" \/>\n<meta name=\"author\" content=\"admin\" \/>\n<meta name=\"twitter:card\" content=\"summary_large_image\" \/>\n<meta name=\"twitter:label1\" content=\"\u041d\u0430\u043f\u0438\u0441\u0430\u043d\u043e\" \/>\n\t<meta name=\"twitter:data1\" content=\"admin\" \/>\n\t<meta name=\"twitter:label2\" content=\"\u041f\u0440\u0438\u0431\u043b. \u0447\u0430\u0441 \u0447\u0438\u0442\u0430\u043d\u043d\u044f\" \/>\n\t<meta name=\"twitter:data2\" content=\"3 \u0445\u0432\u0438\u043b\u0438\u043d\u0438\" \/>\n<script type=\"application\/ld+json\" class=\"yoast-schema-graph\">{\"@context\":\"https:\/\/schema.org\",\"@graph\":[{\"@type\":\"Article\",\"@id\":\"https:\/\/denizcankizil.tr\/uk\/haberler\/gundem\/bakan-yerlikayadan-farkindalik-paylasimlarina-devam-hizdan-degil-hayattan-yana-olalim\/#article\",\"isPartOf\":{\"@id\":\"https:\/\/denizcankizil.tr\/uk\/haberler\/gundem\/bakan-yerlikayadan-farkindalik-paylasimlarina-devam-hizdan-degil-hayattan-yana-olalim\/\"},\"author\":{\"name\":\"admin\",\"@id\":\"https:\/\/denizcankizil.tr\/#\/schema\/person\/be3c05fe6a12686905512445d8185489\"},\"headline\":\"Bakan Yerlikaya&#8217;dan fark\u0131ndal\u0131k payla\u015f\u0131mlar\u0131na devam&#8230; H\u0131zdan de\u011fil, hayattan yana olal\u0131m\",\"datePublished\":\"2025-06-19T10:42:48+00:00\",\"mainEntityOfPage\":{\"@id\":\"https:\/\/denizcankizil.tr\/uk\/haberler\/gundem\/bakan-yerlikayadan-farkindalik-paylasimlarina-devam-hizdan-degil-hayattan-yana-olalim\/\"},\"wordCount\":624,\"publisher\":{\"@id\":\"https:\/\/denizcankizil.tr\/#organization\"},\"articleSection\":[\"G\u00fcndem\"],\"inLanguage\":\"uk\"},{\"@type\":\"WebPage\",\"@id\":\"https:\/\/denizcankizil.tr\/uk\/haberler\/gundem\/bakan-yerlikayadan-farkindalik-paylasimlarina-devam-hizdan-degil-hayattan-yana-olalim\/\",\"url\":\"https:\/\/denizcankizil.tr\/uk\/haberler\/gundem\/bakan-yerlikayadan-farkindalik-paylasimlarina-devam-hizdan-degil-hayattan-yana-olalim\/\",\"name\":\"Bakan Yerlikaya'dan fark\u0131ndal\u0131k payla\u015f\u0131mlar\u0131na devam... H\u0131zdan de\u011fil, hayattan yana olal\u0131m - Av. Deniz Can K\u0131z\u0131l\",\"isPartOf\":{\"@id\":\"https:\/\/denizcankizil.tr\/#website\"},\"datePublished\":\"2025-06-19T10:42:48+00:00\",\"breadcrumb\":{\"@id\":\"https:\/\/denizcankizil.tr\/uk\/haberler\/gundem\/bakan-yerlikayadan-farkindalik-paylasimlarina-devam-hizdan-degil-hayattan-yana-olalim\/#breadcrumb\"},\"inLanguage\":\"uk\",\"potentialAction\":[{\"@type\":\"ReadAction\",\"target\":[\"https:\/\/denizcankizil.tr\/uk\/haberler\/gundem\/bakan-yerlikayadan-farkindalik-paylasimlarina-devam-hizdan-degil-hayattan-yana-olalim\/\"]}]},{\"@type\":\"BreadcrumbList\",\"@id\":\"https:\/\/denizcankizil.tr\/uk\/haberler\/gundem\/bakan-yerlikayadan-farkindalik-paylasimlarina-devam-hizdan-degil-hayattan-yana-olalim\/#breadcrumb\",\"itemListElement\":[{\"@type\":\"ListItem\",\"position\":1,\"name\":\"Home\",\"item\":\"https:\/\/denizcankizil.tr\/de\/\"},{\"@type\":\"ListItem\",\"position\":2,\"name\":\"Bakan Yerlikaya&#8217;dan fark\u0131ndal\u0131k payla\u015f\u0131mlar\u0131na devam&#8230; H\u0131zdan de\u011fil, hayattan yana olal\u0131m\"}]},{\"@type\":\"WebSite\",\"@id\":\"https:\/\/denizcankizil.tr\/#website\",\"url\":\"https:\/\/denizcankizil.tr\/\",\"name\":\"Av. Deniz Can K\u0131z\u0131l\",\"description\":\"Avukat Deniz Can K\u0131z\u0131l Antalya Barosu\",\"publisher\":{\"@id\":\"https:\/\/denizcankizil.tr\/#organization\"},\"potentialAction\":[{\"@type\":\"SearchAction\",\"target\":{\"@type\":\"EntryPoint\",\"urlTemplate\":\"https:\/\/denizcankizil.tr\/?s={search_term_string}\"},\"query-input\":{\"@type\":\"PropertyValueSpecification\",\"valueRequired\":true,\"valueName\":\"search_term_string\"}}],\"inLanguage\":\"uk\"},{\"@type\":\"Organization\",\"@id\":\"https:\/\/denizcankizil.tr\/#organization\",\"name\":\"Av. Deniz Can K\u0131z\u0131l\",\"url\":\"https:\/\/denizcankizil.tr\/\",\"logo\":{\"@type\":\"ImageObject\",\"inLanguage\":\"uk\",\"@id\":\"https:\/\/denizcankizil.tr\/#\/schema\/logo\/image\/\",\"url\":\"https:\/\/denizcankizil.tr\/wp-content\/uploads\/2024\/10\/siyah-logo-svg.svg\",\"contentUrl\":\"https:\/\/denizcankizil.tr\/wp-content\/uploads\/2024\/10\/siyah-logo-svg.svg\",\"width\":1080,\"height\":1080,\"caption\":\"Av. Deniz Can K\u0131z\u0131l\"},\"image\":{\"@id\":\"https:\/\/denizcankizil.tr\/#\/schema\/logo\/image\/\"}},{\"@type\":\"Person\",\"@id\":\"https:\/\/denizcankizil.tr\/#\/schema\/person\/be3c05fe6a12686905512445d8185489\",\"name\":\"admin\",\"image\":{\"@type\":\"ImageObject\",\"inLanguage\":\"uk\",\"@id\":\"https:\/\/denizcankizil.tr\/#\/schema\/person\/image\/\",\"url\":\"https:\/\/secure.gravatar.com\/avatar\/c1fce94c830dc79107e174f890d7210541c4a63e8e5d816341794a2151c9d58c?s=96&d=mm&r=g\",\"contentUrl\":\"https:\/\/secure.gravatar.com\/avatar\/c1fce94c830dc79107e174f890d7210541c4a63e8e5d816341794a2151c9d58c?s=96&d=mm&r=g\",\"caption\":\"admin\"},\"sameAs\":[\"http:\/\/denizcankizil.tr\"],\"url\":\"https:\/\/www.iskenderun.org\/bakan-yerlikayadan-farkindalik-paylasimlarina-devam-hizdan-degil-hayattan-yana-olalim\"}]}<\/script>\n<!-- \/ Yoast SEO Premium plugin. -->","yoast_head_json":{"title":"Bakan Yerlikaya'dan fark\u0131ndal\u0131k payla\u015f\u0131mlar\u0131na devam... H\u0131zdan de\u011fil, hayattan yana olal\u0131m - Av. Deniz Can K\u0131z\u0131l","robots":{"index":"index","follow":"follow","max-snippet":"max-snippet:-1","max-image-preview":"max-image-preview:large","max-video-preview":"max-video-preview:-1"},"canonical":"https:\/\/denizcankizil.tr\/uk\/haberler\/gundem\/bakan-yerlikayadan-farkindalik-paylasimlarina-devam-hizdan-degil-hayattan-yana-olalim\/","og_locale":"uk_UA","og_type":"article","og_title":"Bakan Yerlikaya'dan fark\u0131ndal\u0131k payla\u015f\u0131mlar\u0131na devam... H\u0131zdan de\u011fil, hayattan yana olal\u0131m","og_description":"\u0130\u00e7i\u015fleri Bakan\u0131 Ali Yerlikaya, Kahramanmara\u015f\u2019\u0131n Oniki\u015fubat il\u00e7esinde 2025 y\u0131l\u0131nda a\u015f\u0131r\u0131 h\u0131z nedeniyle ya\u015fanan \u00f6l\u00fcml\u00fc trafik kazas\u0131na dikkat \u00e7ekti. Kazada bir ki\u015fi hayat\u0131n\u0131 kaybederken, bir ki\u015fi yaraland\u0131. Bakan, 2024\u2019te h\u0131z ihlali nedeniyle 3 bin 657 ki\u015finin ya\u015fam\u0131n\u0131 yitirdi\u011fini vurgulayarak, \u201cTrafik kazalar\u0131nda can kayb\u0131n\u0131 \u00f6nlemek tek amac\u0131m\u0131z\u201d dedi.ANKARA (\u0130GFA) &#8211; \u0130\u00e7i\u015fleri Bakan\u0131 Ali Yerlikaya, sosyal medya hesab\u0131ndan yapt\u0131\u011f\u0131 fark\u0131ndal\u0131k payla\u015f\u0131mlar\u0131n\u0131 s\u00fcrd\u00fcr\u00fcyor. Trafik g\u00fcvenli\u011fine y\u00f6nelik fark\u0131ndal\u0131\u011f\u0131 art\u0131rmay\u0131 ve h\u0131z ihlallerinin yol a\u00e7t\u0131\u011f\u0131 trajedilere dikkat \u00e7eken Bakan Yerlikaya, son fark\u0131ndal\u0131\u011f\u0131 Kahramanmara\u015f\u2019\u0131n Oniki\u015fubat il\u00e7esinde 2025 y\u0131l\u0131nda a\u015f\u0131r\u0131 h\u0131z sonucu meydana gelen trafik kazas\u0131n\u0131n g\u00f6r\u00fcnt\u00fcleri ile payla\u015farak yapt\u0131. Bir vatanda\u015f\u0131n hayat\u0131n\u0131 kaybetti\u011fi, bir vatanda\u015f\u0131nda yaraland\u0131\u011f\u0131 kazayla ilgili s\u00fcr\u00fcc\u00fclere uyar\u0131da bulunan Bakan Yerlikaya, \u201cA\u015f\u0131r\u0131 h\u0131z yapmasayd\u0131 bir can\u0131m\u0131z\u0131 daha yitirmeyecektik\u201d diyerek \u00fcz\u00fcnt\u00fcs\u00fcn\u00fc dile getirdi. A\u015eIRI HIZ YAPMASAYDI \u2757\ufe0f 2025 y\u0131l\u0131nda Kahramanmara\u015f&#39;\u0131n Oniki\u015fubat il\u00e7esinde s\u00fcr\u00fcc\u00fcn\u00fcn &quot;A\u015f\u0131r\u0131 H\u0131z&quot; yapmas\u0131 nedeniyle direksiyon hakimiyetini kaybetmesi sonucu \u00f6l\u00fcml\u00fc bir trafik kazas\u0131 meydana geldi. Kazada 1 vatanda\u015f\u0131m\u0131z yaraland\u0131, maalesef 1 vatanda\u015f\u0131m\u0131z\u0131 ise kaybettik. A\u015f\u0131r\u0131\u2026 pic.twitter.com\/W5EMwvTVLk &mdash; Ali Yerlikaya (@AliYerlikaya) June 19, 2025 2024\u2019TE HIZ \u0130HLAL\u0130: G\u00dcNDE 10 CAN KAYBI Bakan Yerlikaya, 2024 y\u0131l\u0131nda 266 bin 854 \u00f6l\u00fcml\u00fc-yaralanmal\u0131 kazan\u0131n 107 bin 198\u2019inin h\u0131z kurallar\u0131na uymamaktan kaynakland\u0131\u011f\u0131n\u0131 belirtti. H\u0131z ihlali dolay\u0131s\u0131yla 3 bin 657 ki\u015fi hayat\u0131n\u0131 kaybederken, bu rakam\u0131n her g\u00fcn ortalama 10 can kayb\u0131na &hellip;","og_url":"https:\/\/denizcankizil.tr\/uk\/haberler\/gundem\/bakan-yerlikayadan-farkindalik-paylasimlarina-devam-hizdan-degil-hayattan-yana-olalim\/","og_site_name":"Av. Deniz Can K\u0131z\u0131l","article_published_time":"2025-06-19T10:42:48+00:00","author":"admin","twitter_card":"summary_large_image","twitter_misc":{"\u041d\u0430\u043f\u0438\u0441\u0430\u043d\u043e":"admin","\u041f\u0440\u0438\u0431\u043b. \u0447\u0430\u0441 \u0447\u0438\u0442\u0430\u043d\u043d\u044f":"3 \u0445\u0432\u0438\u043b\u0438\u043d\u0438"},"schema":{"@context":"https:\/\/schema.org","@graph":[{"@type":"Article","@id":"https:\/\/denizcankizil.tr\/uk\/haberler\/gundem\/bakan-yerlikayadan-farkindalik-paylasimlarina-devam-hizdan-degil-hayattan-yana-olalim\/#article","isPartOf":{"@id":"https:\/\/denizcankizil.tr\/uk\/haberler\/gundem\/bakan-yerlikayadan-farkindalik-paylasimlarina-devam-hizdan-degil-hayattan-yana-olalim\/"},"author":{"name":"admin","@id":"https:\/\/denizcankizil.tr\/#\/schema\/person\/be3c05fe6a12686905512445d8185489"},"headline":"Bakan Yerlikaya&#8217;dan fark\u0131ndal\u0131k payla\u015f\u0131mlar\u0131na devam&#8230; H\u0131zdan de\u011fil, hayattan yana olal\u0131m","datePublished":"2025-06-19T10:42:48+00:00","mainEntityOfPage":{"@id":"https:\/\/denizcankizil.tr\/uk\/haberler\/gundem\/bakan-yerlikayadan-farkindalik-paylasimlarina-devam-hizdan-degil-hayattan-yana-olalim\/"},"wordCount":624,"publisher":{"@id":"https:\/\/denizcankizil.tr\/#organization"},"articleSection":["G\u00fcndem"],"inLanguage":"uk"},{"@type":"WebPage","@id":"https:\/\/denizcankizil.tr\/uk\/haberler\/gundem\/bakan-yerlikayadan-farkindalik-paylasimlarina-devam-hizdan-degil-hayattan-yana-olalim\/","url":"https:\/\/denizcankizil.tr\/uk\/haberler\/gundem\/bakan-yerlikayadan-farkindalik-paylasimlarina-devam-hizdan-degil-hayattan-yana-olalim\/","name":"Bakan Yerlikaya'dan fark\u0131ndal\u0131k payla\u015f\u0131mlar\u0131na devam... H\u0131zdan de\u011fil, hayattan yana olal\u0131m - Av. Deniz Can K\u0131z\u0131l","isPartOf":{"@id":"https:\/\/denizcankizil.tr\/#website"},"datePublished":"2025-06-19T10:42:48+00:00","breadcrumb":{"@id":"https:\/\/denizcankizil.tr\/uk\/haberler\/gundem\/bakan-yerlikayadan-farkindalik-paylasimlarina-devam-hizdan-degil-hayattan-yana-olalim\/#breadcrumb"},"inLanguage":"uk","potentialAction":[{"@type":"ReadAction","target":["https:\/\/denizcankizil.tr\/uk\/haberler\/gundem\/bakan-yerlikayadan-farkindalik-paylasimlarina-devam-hizdan-degil-hayattan-yana-olalim\/"]}]},{"@type":"BreadcrumbList","@id":"https:\/\/denizcankizil.tr\/uk\/haberler\/gundem\/bakan-yerlikayadan-farkindalik-paylasimlarina-devam-hizdan-degil-hayattan-yana-olalim\/#breadcrumb","itemListElement":[{"@type":"ListItem","position":1,"name":"Home","item":"https:\/\/denizcankizil.tr\/de\/"},{"@type":"ListItem","position":2,"name":"Bakan Yerlikaya&#8217;dan fark\u0131ndal\u0131k payla\u015f\u0131mlar\u0131na devam&#8230; H\u0131zdan de\u011fil, hayattan yana olal\u0131m"}]},{"@type":"WebSite","@id":"https:\/\/denizcankizil.tr\/#website","url":"https:\/\/denizcankizil.tr\/","name":"Av. Deniz Can K\u0131z\u0131l","description":"Avukat Deniz Can K\u0131z\u0131l Antalya Barosu","publisher":{"@id":"https:\/\/denizcankizil.tr\/#organization"},"potentialAction":[{"@type":"SearchAction","target":{"@type":"EntryPoint","urlTemplate":"https:\/\/denizcankizil.tr\/?s={search_term_string}"},"query-input":{"@type":"PropertyValueSpecification","valueRequired":true,"valueName":"search_term_string"}}],"inLanguage":"uk"},{"@type":"Organization","@id":"https:\/\/denizcankizil.tr\/#organization","name":"Av. Deniz Can K\u0131z\u0131l","url":"https:\/\/denizcankizil.tr\/","logo":{"@type":"ImageObject","inLanguage":"uk","@id":"https:\/\/denizcankizil.tr\/#\/schema\/logo\/image\/","url":"https:\/\/denizcankizil.tr\/wp-content\/uploads\/2024\/10\/siyah-logo-svg.svg","contentUrl":"https:\/\/denizcankizil.tr\/wp-content\/uploads\/2024\/10\/siyah-logo-svg.svg","width":1080,"height":1080,"caption":"Av. Deniz Can K\u0131z\u0131l"},"image":{"@id":"https:\/\/denizcankizil.tr\/#\/schema\/logo\/image\/"}},{"@type":"Person","@id":"https:\/\/denizcankizil.tr\/#\/schema\/person\/be3c05fe6a12686905512445d8185489","name":"\u0430\u0434\u043c\u0456\u043d","image":{"@type":"ImageObject","inLanguage":"uk","@id":"https:\/\/denizcankizil.tr\/#\/schema\/person\/image\/","url":"https:\/\/secure.gravatar.com\/avatar\/c1fce94c830dc79107e174f890d7210541c4a63e8e5d816341794a2151c9d58c?s=96&d=mm&r=g","contentUrl":"https:\/\/secure.gravatar.com\/avatar\/c1fce94c830dc79107e174f890d7210541c4a63e8e5d816341794a2151c9d58c?s=96&d=mm&r=g","caption":"admin"},"sameAs":["http:\/\/denizcankizil.tr"],"url":"https:\/\/www.iskenderun.org\/bakan-yerlikayadan-farkindalik-paylasimlarina-devam-hizdan-degil-hayattan-yana-olalim"}]}},"_links":{"self":[{"href":"https:\/\/denizcankizil.tr\/uk\/wp-json\/wp\/v2\/posts\/120292","targetHints":{"allow":["GET"]}}],"collection":[{"href":"https:\/\/denizcankizil.tr\/uk\/wp-json\/wp\/v2\/posts"}],"about":[{"href":"https:\/\/denizcankizil.tr\/uk\/wp-json\/wp\/v2\/types\/post"}],"author":[{"embeddable":true,"href":"https:\/\/denizcankizil.tr\/uk\/wp-json\/wp\/v2\/users\/1"}],"replies":[{"embeddable":true,"href":"https:\/\/denizcankizil.tr\/uk\/wp-json\/wp\/v2\/comments?post=120292"}],"version-history":[{"count":0,"href":"https:\/\/denizcankizil.tr\/uk\/wp-json\/wp\/v2\/posts\/120292\/revisions"}],"wp:attachment":[{"href":"https:\/\/denizcankizil.tr\/uk\/wp-json\/wp\/v2\/media?parent=120292"}],"wp:term":[{"taxonomy":"category","embeddable":true,"href":"https:\/\/denizcankizil.tr\/uk\/wp-json\/wp\/v2\/categories?post=120292"},{"taxonomy":"post_tag","embeddable":true,"href":"https:\/\/denizcankizil.tr\/uk\/wp-json\/wp\/v2\/tags?post=120292"}],"curies":[{"name":"wp","href":"https:\/\/api.w.org\/{rel}","templated":true}]}}