{"id":120290,"date":"2025-06-19T13:42:45","date_gmt":"2025-06-19T10:42:45","guid":{"rendered":"https:\/\/denizcankizil.tr\/uncategorized-tr\/konyada-ardicli-yolu-modernlesti-kampus-trafigi-rahatladi\/"},"modified":"2025-06-19T13:42:45","modified_gmt":"2025-06-19T10:42:45","slug":"konyada-ardicli-yolu-modernlesti-kampus-trafigi-rahatladi","status":"publish","type":"post","link":"https:\/\/denizcankizil.tr\/uk\/haberler\/gundem\/konyada-ardicli-yolu-modernlesti-kampus-trafigi-rahatladi\/","title":{"rendered":"Konya&#8217;da Ard\u0131\u00e7l\u0131 yolu modernle\u015fti, kamp\u00fcs trafi\u011fi rahatlad\u0131"},"content":{"rendered":"<p>Konya B\u00fcy\u00fck\u015fehir Belediyesi, yol yap\u0131m \u00e7al\u0131\u015fmalar\u0131 kapsam\u0131nda Sel\u00e7uk \u00dcniversitesi Kamp\u00fcs\u00fc i\u00e7inden ge\u00e7en Ard\u0131\u00e7l\u0131 Mahallesi Yolu\u2019nu kamp\u00fcs yerle\u015fkesinden ba\u011f\u0131ms\u0131z hale getirerek modern ve planl\u0131 bir yol a\u011f\u0131na d\u00f6n\u00fc\u015ft\u00fcrd\u00fc.KONYA (\u0130GFA) &#8211; Konya B\u00fcy\u00fck\u015fehir Belediye Ba\u015fkan\u0131 U\u011fur \u0130brahim Altay, \u201cArd\u0131\u00e7l\u0131 Mahallemize ula\u015f\u0131m, kamp\u00fcs d\u0131\u015f\u0131ndan kesintisiz ve modern bir yolla sa\u011flanm\u0131\u015f olacak\u201d dedi.<br \/>\nKonya B\u00fcy\u00fck\u015fehir Belediyesi, yeni yollar ve mevcut yollardaki bak\u0131m \u00e7al\u0131\u015fmalar\u0131yla \u015fehrin ula\u015f\u0131m altyap\u0131s\u0131 g\u00fc\u00e7lendirmeye devam ediyor.<br \/>\nKonya B\u00fcy\u00fck\u015fehir Belediye Ba\u015fkan\u0131 U\u011fur \u0130brahim Altay, Konya\u2019n\u0131n her noktas\u0131nda ula\u015f\u0131m\u0131 daha konforlu ve g\u00fcvenli hale getirmek i\u00e7in \u00f6nemli \u00e7al\u0131\u015fmalar\u0131 hayata ge\u00e7irdiklerini s\u00f6yledi.<br \/>\nSel\u00e7uk \u00dcniversitesi Kamp\u00fcs\u00fc\u2019nden ge\u00e7en Ard\u0131\u00e7l\u0131 Mahalle Yolu\u2019nda y\u00fcr\u00fctt\u00fckleri yol yap\u0131m \u00e7al\u0131\u015fmas\u0131n\u0131 tamamlad\u0131klar\u0131n\u0131 kaydeden Ba\u015fkan Altay, \u201cYapt\u0131\u011f\u0131m\u0131z \u00e7al\u0131\u015fmayla yol hem imar planlar\u0131na uygun hale getirildi hem de \u00fcniversite kamp\u00fcs\u00fc i\u00e7erisindeki trafik y\u00fck\u00fcn\u00fc azaltacak alternatif bir g\u00fczerg\u00e2h haline geldi. Art\u0131k Ard\u0131\u00e7l\u0131 Mahallemize ula\u015f\u0131m, kamp\u00fcs d\u0131\u015f\u0131ndan kesintisiz ve modern bir yolla sa\u011flanm\u0131\u015f olacak. 5 bu\u00e7uk milyon liraya mal olan yol \u00e7al\u0131\u015fmas\u0131n\u0131n hay\u0131rl\u0131 olmas\u0131n\u0131 diliyorum\u201d diye konu\u015ftu.<br \/>\nKamp\u00fcs yerle\u015fkesinden ba\u011f\u0131ms\u0131z hale getirilerek modern ve planl\u0131 bir yol a\u011f\u0131na d\u00f6n\u00fc\u015ft\u00fcr\u00fclen Ard\u0131\u00e7l\u0131 Mahalle yolu g\u00fczerg\u00e2h\u0131; kaz\u0131, dolgu, alt temel ve plent miks temel \u00e7al\u0131\u015fmalar\u0131n\u0131n ard\u0131ndan s\u0131cak asfaltla kaplanarak trafi\u011fe a\u00e7\u0131ld\u0131.<\/p>\n<p>\u200bKonya B\u00fcy\u00fck\u015fehir Belediyesi, yol yap\u0131m \u00e7al\u0131\u015fmalar\u0131 kapsam\u0131nda Sel\u00e7uk \u00dcniversitesi Kamp\u00fcs\u00fc i\u00e7inden ge\u00e7en Ard\u0131\u00e7l\u0131 Mahallesi Yolu\u2019nu kamp\u00fcs yerle\u015fkesinden ba\u011f\u0131ms\u0131z hale getirerek modern ve planl\u0131 bir yol a\u011f\u0131na d\u00f6n\u00fc\u015ft\u00fcrd\u00fc.KONYA (\u0130GFA) &#8211; Konya B\u00fcy\u00fck\u015fehir Belediye Ba\u015fkan\u0131 U\u011fur \u0130brahim Altay, \u201cArd\u0131\u00e7l\u0131 Mahallemize ula\u015f\u0131m, kamp\u00fcs d\u0131\u015f\u0131ndan kesintisiz ve modern bir yolla sa\u011flanm\u0131\u015f olacak\u201d dedi.<br \/>\nKonya B\u00fcy\u00fck\u015fehir Belediyesi, yeni yollar ve mevcut yollardaki bak\u0131m \u00e7al\u0131\u015fmalar\u0131yla \u015fehrin ula\u015f\u0131m altyap\u0131s\u0131 g\u00fc\u00e7lendirmeye devam ediyor.<br \/>\nKonya B\u00fcy\u00fck\u015fehir Belediye Ba\u015fkan\u0131 U\u011fur \u0130brahim Altay, Konya\u2019n\u0131n her noktas\u0131nda ula\u015f\u0131m\u0131 daha konforlu ve g\u00fcvenli hale getirmek i\u00e7in \u00f6nemli \u00e7al\u0131\u015fmalar\u0131 hayata ge\u00e7irdiklerini s\u00f6yledi.<br \/>\nSel\u00e7uk \u00dcniversitesi Kamp\u00fcs\u00fc\u2019nden ge\u00e7en Ard\u0131\u00e7l\u0131 Mahalle Yolu\u2019nda y\u00fcr\u00fctt\u00fckleri yol yap\u0131m \u00e7al\u0131\u015fmas\u0131n\u0131 tamamlad\u0131klar\u0131n\u0131 kaydeden Ba\u015fkan Altay, \u201cYapt\u0131\u011f\u0131m\u0131z \u00e7al\u0131\u015fmayla yol hem imar planlar\u0131na uygun hale getirildi hem de \u00fcniversite kamp\u00fcs\u00fc i\u00e7erisindeki trafik y\u00fck\u00fcn\u00fc azaltacak alternatif bir g\u00fczerg\u00e2h haline geldi. Art\u0131k Ard\u0131\u00e7l\u0131 Mahallemize ula\u015f\u0131m, kamp\u00fcs d\u0131\u015f\u0131ndan kesintisiz ve modern bir yolla sa\u011flanm\u0131\u015f olacak. 5 bu\u00e7uk milyon liraya mal olan yol \u00e7al\u0131\u015fmas\u0131n\u0131n hay\u0131rl\u0131 olmas\u0131n\u0131 diliyorum\u201d diye konu\u015ftu.<br \/>\nKamp\u00fcs yerle\u015fkesinden ba\u011f\u0131ms\u0131z hale getirilerek modern ve planl\u0131 bir yol a\u011f\u0131na d\u00f6n\u00fc\u015ft\u00fcr\u00fclen Ard\u0131\u00e7l\u0131 Mahalle yolu g\u00fczerg\u00e2h\u0131; kaz\u0131, dolgu, alt temel ve plent miks temel \u00e7al\u0131\u015fmalar\u0131n\u0131n ard\u0131ndan s\u0131cak asfaltla kaplanarak trafi\u011fe a\u00e7\u0131ld\u0131.\u00a0<\/p>\n<p>\u200bHaberin Al\u0131nt\u0131land\u0131\u011f\u0131 Kaynak: www.iskenderun.org<\/p>","protected":false},"excerpt":{"rendered":"<p>Konya B\u00fcy\u00fck\u015fehir Belediyesi, yol yap\u0131m \u00e7al\u0131\u015fmalar\u0131 kapsam\u0131nda Sel\u00e7uk \u00dcniversitesi Kamp\u00fcs\u00fc i\u00e7inden ge\u00e7en Ard\u0131\u00e7l\u0131 Mahallesi Yolu\u2019nu kamp\u00fcs yerle\u015fkesinden ba\u011f\u0131ms\u0131z hale getirerek modern ve planl\u0131 bir yol a\u011f\u0131na d\u00f6n\u00fc\u015ft\u00fcrd\u00fc.KONYA (\u0130GFA) &#8211; Konya B\u00fcy\u00fck\u015fehir Belediye Ba\u015fkan\u0131 U\u011fur \u0130brahim Altay, \u201cArd\u0131\u00e7l\u0131 Mahallemize ula\u015f\u0131m, kamp\u00fcs d\u0131\u015f\u0131ndan kesintisiz ve modern bir yolla sa\u011flanm\u0131\u015f olacak\u201d dedi. Konya B\u00fcy\u00fck\u015fehir Belediyesi, yeni yollar ve mevcut yollardaki bak\u0131m \u00e7al\u0131\u015fmalar\u0131yla \u015fehrin ula\u015f\u0131m altyap\u0131s\u0131 g\u00fc\u00e7lendirmeye devam ediyor. Konya B\u00fcy\u00fck\u015fehir Belediye Ba\u015fkan\u0131 U\u011fur \u0130brahim Altay, Konya\u2019n\u0131n her noktas\u0131nda ula\u015f\u0131m\u0131 daha konforlu ve g\u00fcvenli hale getirmek i\u00e7in \u00f6nemli \u00e7al\u0131\u015fmalar\u0131 hayata ge\u00e7irdiklerini s\u00f6yledi. Sel\u00e7uk \u00dcniversitesi Kamp\u00fcs\u00fc\u2019nden ge\u00e7en Ard\u0131\u00e7l\u0131 Mahalle Yolu\u2019nda y\u00fcr\u00fctt\u00fckleri yol yap\u0131m \u00e7al\u0131\u015fmas\u0131n\u0131 tamamlad\u0131klar\u0131n\u0131 kaydeden Ba\u015fkan Altay, \u201cYapt\u0131\u011f\u0131m\u0131z \u00e7al\u0131\u015fmayla yol hem imar planlar\u0131na uygun hale getirildi hem de \u00fcniversite kamp\u00fcs\u00fc i\u00e7erisindeki trafik y\u00fck\u00fcn\u00fc azaltacak alternatif bir g\u00fczerg\u00e2h haline geldi. Art\u0131k Ard\u0131\u00e7l\u0131 Mahallemize ula\u015f\u0131m, kamp\u00fcs d\u0131\u015f\u0131ndan kesintisiz ve modern bir yolla sa\u011flanm\u0131\u015f olacak. 5 bu\u00e7uk milyon liraya mal olan yol \u00e7al\u0131\u015fmas\u0131n\u0131n hay\u0131rl\u0131 olmas\u0131n\u0131 diliyorum\u201d diye konu\u015ftu. Kamp\u00fcs yerle\u015fkesinden ba\u011f\u0131ms\u0131z hale getirilerek modern ve planl\u0131 bir yol a\u011f\u0131na d\u00f6n\u00fc\u015ft\u00fcr\u00fclen Ard\u0131\u00e7l\u0131 Mahalle yolu g\u00fczerg\u00e2h\u0131; kaz\u0131, dolgu, alt temel ve plent miks temel \u00e7al\u0131\u015fmalar\u0131n\u0131n ard\u0131ndan s\u0131cak asfaltla kaplanarak trafi\u011fe a\u00e7\u0131ld\u0131. \u200bKonya B\u00fcy\u00fck\u015fehir Belediyesi, yol yap\u0131m \u00e7al\u0131\u015fmalar\u0131 kapsam\u0131nda Sel\u00e7uk \u00dcniversitesi Kamp\u00fcs\u00fc i\u00e7inden ge\u00e7en Ard\u0131\u00e7l\u0131 Mahallesi Yolu\u2019nu kamp\u00fcs yerle\u015fkesinden ba\u011f\u0131ms\u0131z &hellip;<\/p>","protected":false},"author":1,"featured_media":0,"comment_status":"","ping_status":"open","sticky":false,"template":"","format":"standard","meta":{"_acf_changed":false,"footnotes":""},"categories":[24],"tags":[],"class_list":["post-120290","post","type-post","status-publish","format-standard","has-post-thumbnail","hentry","category-gundem"],"acf":[],"yoast_head":"<!-- This site is optimized with the Yoast SEO Premium plugin v26.6 (Yoast SEO v27.1.1) - https:\/\/yoast.com\/product\/yoast-seo-premium-wordpress\/ -->\n<title>Konya&#039;da Ard\u0131\u00e7l\u0131 yolu modernle\u015fti, kamp\u00fcs trafi\u011fi rahatlad\u0131 - Av. Deniz Can K\u0131z\u0131l<\/title>\n<meta name=\"robots\" content=\"index, follow, max-snippet:-1, max-image-preview:large, max-video-preview:-1\" \/>\n<link rel=\"canonical\" href=\"https:\/\/denizcankizil.tr\/uk\/haberler\/gundem\/konyada-ardicli-yolu-modernlesti-kampus-trafigi-rahatladi\/\" \/>\n<meta property=\"og:locale\" content=\"uk_UA\" \/>\n<meta property=\"og:type\" content=\"article\" \/>\n<meta property=\"og:title\" content=\"Konya&#039;da Ard\u0131\u00e7l\u0131 yolu modernle\u015fti, kamp\u00fcs trafi\u011fi rahatlad\u0131\" \/>\n<meta property=\"og:description\" content=\"Konya B\u00fcy\u00fck\u015fehir Belediyesi, yol yap\u0131m \u00e7al\u0131\u015fmalar\u0131 kapsam\u0131nda Sel\u00e7uk \u00dcniversitesi Kamp\u00fcs\u00fc i\u00e7inden ge\u00e7en Ard\u0131\u00e7l\u0131 Mahallesi Yolu\u2019nu kamp\u00fcs yerle\u015fkesinden ba\u011f\u0131ms\u0131z hale getirerek modern ve planl\u0131 bir yol a\u011f\u0131na d\u00f6n\u00fc\u015ft\u00fcrd\u00fc.KONYA (\u0130GFA) &#8211; Konya B\u00fcy\u00fck\u015fehir Belediye Ba\u015fkan\u0131 U\u011fur \u0130brahim Altay, \u201cArd\u0131\u00e7l\u0131 Mahallemize ula\u015f\u0131m, kamp\u00fcs d\u0131\u015f\u0131ndan kesintisiz ve modern bir yolla sa\u011flanm\u0131\u015f olacak\u201d dedi. Konya B\u00fcy\u00fck\u015fehir Belediyesi, yeni yollar ve mevcut yollardaki bak\u0131m \u00e7al\u0131\u015fmalar\u0131yla \u015fehrin ula\u015f\u0131m altyap\u0131s\u0131 g\u00fc\u00e7lendirmeye devam ediyor. Konya B\u00fcy\u00fck\u015fehir Belediye Ba\u015fkan\u0131 U\u011fur \u0130brahim Altay, Konya\u2019n\u0131n her noktas\u0131nda ula\u015f\u0131m\u0131 daha konforlu ve g\u00fcvenli hale getirmek i\u00e7in \u00f6nemli \u00e7al\u0131\u015fmalar\u0131 hayata ge\u00e7irdiklerini s\u00f6yledi. Sel\u00e7uk \u00dcniversitesi Kamp\u00fcs\u00fc\u2019nden ge\u00e7en Ard\u0131\u00e7l\u0131 Mahalle Yolu\u2019nda y\u00fcr\u00fctt\u00fckleri yol yap\u0131m \u00e7al\u0131\u015fmas\u0131n\u0131 tamamlad\u0131klar\u0131n\u0131 kaydeden Ba\u015fkan Altay, \u201cYapt\u0131\u011f\u0131m\u0131z \u00e7al\u0131\u015fmayla yol hem imar planlar\u0131na uygun hale getirildi hem de \u00fcniversite kamp\u00fcs\u00fc i\u00e7erisindeki trafik y\u00fck\u00fcn\u00fc azaltacak alternatif bir g\u00fczerg\u00e2h haline geldi. Art\u0131k Ard\u0131\u00e7l\u0131 Mahallemize ula\u015f\u0131m, kamp\u00fcs d\u0131\u015f\u0131ndan kesintisiz ve modern bir yolla sa\u011flanm\u0131\u015f olacak. 5 bu\u00e7uk milyon liraya mal olan yol \u00e7al\u0131\u015fmas\u0131n\u0131n hay\u0131rl\u0131 olmas\u0131n\u0131 diliyorum\u201d diye konu\u015ftu. Kamp\u00fcs yerle\u015fkesinden ba\u011f\u0131ms\u0131z hale getirilerek modern ve planl\u0131 bir yol a\u011f\u0131na d\u00f6n\u00fc\u015ft\u00fcr\u00fclen Ard\u0131\u00e7l\u0131 Mahalle yolu g\u00fczerg\u00e2h\u0131; kaz\u0131, dolgu, alt temel ve plent miks temel \u00e7al\u0131\u015fmalar\u0131n\u0131n ard\u0131ndan s\u0131cak asfaltla kaplanarak trafi\u011fe a\u00e7\u0131ld\u0131. \u200bKonya B\u00fcy\u00fck\u015fehir Belediyesi, yol yap\u0131m \u00e7al\u0131\u015fmalar\u0131 kapsam\u0131nda Sel\u00e7uk \u00dcniversitesi Kamp\u00fcs\u00fc i\u00e7inden ge\u00e7en Ard\u0131\u00e7l\u0131 Mahallesi Yolu\u2019nu kamp\u00fcs yerle\u015fkesinden ba\u011f\u0131ms\u0131z &hellip;\" \/>\n<meta property=\"og:url\" content=\"https:\/\/denizcankizil.tr\/uk\/haberler\/gundem\/konyada-ardicli-yolu-modernlesti-kampus-trafigi-rahatladi\/\" \/>\n<meta property=\"og:site_name\" content=\"Av. Deniz Can K\u0131z\u0131l\" \/>\n<meta property=\"article:published_time\" content=\"2025-06-19T10:42:45+00:00\" \/>\n<meta name=\"author\" content=\"admin\" \/>\n<meta name=\"twitter:card\" content=\"summary_large_image\" \/>\n<meta name=\"twitter:label1\" content=\"\u041d\u0430\u043f\u0438\u0441\u0430\u043d\u043e\" \/>\n\t<meta name=\"twitter:data1\" content=\"admin\" \/>\n\t<meta name=\"twitter:label2\" content=\"\u041f\u0440\u0438\u0431\u043b. \u0447\u0430\u0441 \u0447\u0438\u0442\u0430\u043d\u043d\u044f\" \/>\n\t<meta name=\"twitter:data2\" content=\"3 \u0445\u0432\u0438\u043b\u0438\u043d\u0438\" \/>\n<script type=\"application\/ld+json\" class=\"yoast-schema-graph\">{\"@context\":\"https:\/\/schema.org\",\"@graph\":[{\"@type\":\"Article\",\"@id\":\"https:\/\/denizcankizil.tr\/uk\/haberler\/gundem\/konyada-ardicli-yolu-modernlesti-kampus-trafigi-rahatladi\/#article\",\"isPartOf\":{\"@id\":\"https:\/\/denizcankizil.tr\/uk\/haberler\/gundem\/konyada-ardicli-yolu-modernlesti-kampus-trafigi-rahatladi\/\"},\"author\":{\"name\":\"admin\",\"@id\":\"https:\/\/denizcankizil.tr\/#\/schema\/person\/be3c05fe6a12686905512445d8185489\"},\"headline\":\"Konya&#8217;da Ard\u0131\u00e7l\u0131 yolu modernle\u015fti, kamp\u00fcs trafi\u011fi rahatlad\u0131\",\"datePublished\":\"2025-06-19T10:42:45+00:00\",\"mainEntityOfPage\":{\"@id\":\"https:\/\/denizcankizil.tr\/uk\/haberler\/gundem\/konyada-ardicli-yolu-modernlesti-kampus-trafigi-rahatladi\/\"},\"wordCount\":604,\"publisher\":{\"@id\":\"https:\/\/denizcankizil.tr\/#organization\"},\"articleSection\":[\"G\u00fcndem\"],\"inLanguage\":\"uk\"},{\"@type\":\"WebPage\",\"@id\":\"https:\/\/denizcankizil.tr\/uk\/haberler\/gundem\/konyada-ardicli-yolu-modernlesti-kampus-trafigi-rahatladi\/\",\"url\":\"https:\/\/denizcankizil.tr\/uk\/haberler\/gundem\/konyada-ardicli-yolu-modernlesti-kampus-trafigi-rahatladi\/\",\"name\":\"Konya'da Ard\u0131\u00e7l\u0131 yolu modernle\u015fti, kamp\u00fcs trafi\u011fi rahatlad\u0131 - Av. Deniz Can K\u0131z\u0131l\",\"isPartOf\":{\"@id\":\"https:\/\/denizcankizil.tr\/#website\"},\"datePublished\":\"2025-06-19T10:42:45+00:00\",\"breadcrumb\":{\"@id\":\"https:\/\/denizcankizil.tr\/uk\/haberler\/gundem\/konyada-ardicli-yolu-modernlesti-kampus-trafigi-rahatladi\/#breadcrumb\"},\"inLanguage\":\"uk\",\"potentialAction\":[{\"@type\":\"ReadAction\",\"target\":[\"https:\/\/denizcankizil.tr\/uk\/haberler\/gundem\/konyada-ardicli-yolu-modernlesti-kampus-trafigi-rahatladi\/\"]}]},{\"@type\":\"BreadcrumbList\",\"@id\":\"https:\/\/denizcankizil.tr\/uk\/haberler\/gundem\/konyada-ardicli-yolu-modernlesti-kampus-trafigi-rahatladi\/#breadcrumb\",\"itemListElement\":[{\"@type\":\"ListItem\",\"position\":1,\"name\":\"Home\",\"item\":\"https:\/\/denizcankizil.tr\/uk\/\"},{\"@type\":\"ListItem\",\"position\":2,\"name\":\"Konya&#8217;da Ard\u0131\u00e7l\u0131 yolu modernle\u015fti, kamp\u00fcs trafi\u011fi rahatlad\u0131\"}]},{\"@type\":\"WebSite\",\"@id\":\"https:\/\/denizcankizil.tr\/#website\",\"url\":\"https:\/\/denizcankizil.tr\/\",\"name\":\"Av. Deniz Can K\u0131z\u0131l\",\"description\":\"Avukat Deniz Can K\u0131z\u0131l Antalya Barosu\",\"publisher\":{\"@id\":\"https:\/\/denizcankizil.tr\/#organization\"},\"potentialAction\":[{\"@type\":\"SearchAction\",\"target\":{\"@type\":\"EntryPoint\",\"urlTemplate\":\"https:\/\/denizcankizil.tr\/?s={search_term_string}\"},\"query-input\":{\"@type\":\"PropertyValueSpecification\",\"valueRequired\":true,\"valueName\":\"search_term_string\"}}],\"inLanguage\":\"uk\"},{\"@type\":\"Organization\",\"@id\":\"https:\/\/denizcankizil.tr\/#organization\",\"name\":\"Av. Deniz Can K\u0131z\u0131l\",\"url\":\"https:\/\/denizcankizil.tr\/\",\"logo\":{\"@type\":\"ImageObject\",\"inLanguage\":\"uk\",\"@id\":\"https:\/\/denizcankizil.tr\/#\/schema\/logo\/image\/\",\"url\":\"https:\/\/denizcankizil.tr\/wp-content\/uploads\/2024\/10\/siyah-logo-svg.svg\",\"contentUrl\":\"https:\/\/denizcankizil.tr\/wp-content\/uploads\/2024\/10\/siyah-logo-svg.svg\",\"width\":1080,\"height\":1080,\"caption\":\"Av. Deniz Can K\u0131z\u0131l\"},\"image\":{\"@id\":\"https:\/\/denizcankizil.tr\/#\/schema\/logo\/image\/\"}},{\"@type\":\"Person\",\"@id\":\"https:\/\/denizcankizil.tr\/#\/schema\/person\/be3c05fe6a12686905512445d8185489\",\"name\":\"admin\",\"image\":{\"@type\":\"ImageObject\",\"inLanguage\":\"uk\",\"@id\":\"https:\/\/denizcankizil.tr\/#\/schema\/person\/image\/\",\"url\":\"https:\/\/secure.gravatar.com\/avatar\/c1fce94c830dc79107e174f890d7210541c4a63e8e5d816341794a2151c9d58c?s=96&d=mm&r=g\",\"contentUrl\":\"https:\/\/secure.gravatar.com\/avatar\/c1fce94c830dc79107e174f890d7210541c4a63e8e5d816341794a2151c9d58c?s=96&d=mm&r=g\",\"caption\":\"admin\"},\"sameAs\":[\"http:\/\/denizcankizil.tr\"],\"url\":\"https:\/\/www.iskenderun.org\/konyada-ardicli-yolu-modernlesti-kampus-trafigi-rahatladi\"}]}<\/script>\n<!-- \/ Yoast SEO Premium plugin. -->","yoast_head_json":{"title":"Konya'da Ard\u0131\u00e7l\u0131 yolu modernle\u015fti, kamp\u00fcs trafi\u011fi rahatlad\u0131 - Av. Deniz Can K\u0131z\u0131l","robots":{"index":"index","follow":"follow","max-snippet":"max-snippet:-1","max-image-preview":"max-image-preview:large","max-video-preview":"max-video-preview:-1"},"canonical":"https:\/\/denizcankizil.tr\/uk\/haberler\/gundem\/konyada-ardicli-yolu-modernlesti-kampus-trafigi-rahatladi\/","og_locale":"uk_UA","og_type":"article","og_title":"Konya'da Ard\u0131\u00e7l\u0131 yolu modernle\u015fti, kamp\u00fcs trafi\u011fi rahatlad\u0131","og_description":"Konya B\u00fcy\u00fck\u015fehir Belediyesi, yol yap\u0131m \u00e7al\u0131\u015fmalar\u0131 kapsam\u0131nda Sel\u00e7uk \u00dcniversitesi Kamp\u00fcs\u00fc i\u00e7inden ge\u00e7en Ard\u0131\u00e7l\u0131 Mahallesi Yolu\u2019nu kamp\u00fcs yerle\u015fkesinden ba\u011f\u0131ms\u0131z hale getirerek modern ve planl\u0131 bir yol a\u011f\u0131na d\u00f6n\u00fc\u015ft\u00fcrd\u00fc.KONYA (\u0130GFA) &#8211; Konya B\u00fcy\u00fck\u015fehir Belediye Ba\u015fkan\u0131 U\u011fur \u0130brahim Altay, \u201cArd\u0131\u00e7l\u0131 Mahallemize ula\u015f\u0131m, kamp\u00fcs d\u0131\u015f\u0131ndan kesintisiz ve modern bir yolla sa\u011flanm\u0131\u015f olacak\u201d dedi. Konya B\u00fcy\u00fck\u015fehir Belediyesi, yeni yollar ve mevcut yollardaki bak\u0131m \u00e7al\u0131\u015fmalar\u0131yla \u015fehrin ula\u015f\u0131m altyap\u0131s\u0131 g\u00fc\u00e7lendirmeye devam ediyor. Konya B\u00fcy\u00fck\u015fehir Belediye Ba\u015fkan\u0131 U\u011fur \u0130brahim Altay, Konya\u2019n\u0131n her noktas\u0131nda ula\u015f\u0131m\u0131 daha konforlu ve g\u00fcvenli hale getirmek i\u00e7in \u00f6nemli \u00e7al\u0131\u015fmalar\u0131 hayata ge\u00e7irdiklerini s\u00f6yledi. Sel\u00e7uk \u00dcniversitesi Kamp\u00fcs\u00fc\u2019nden ge\u00e7en Ard\u0131\u00e7l\u0131 Mahalle Yolu\u2019nda y\u00fcr\u00fctt\u00fckleri yol yap\u0131m \u00e7al\u0131\u015fmas\u0131n\u0131 tamamlad\u0131klar\u0131n\u0131 kaydeden Ba\u015fkan Altay, \u201cYapt\u0131\u011f\u0131m\u0131z \u00e7al\u0131\u015fmayla yol hem imar planlar\u0131na uygun hale getirildi hem de \u00fcniversite kamp\u00fcs\u00fc i\u00e7erisindeki trafik y\u00fck\u00fcn\u00fc azaltacak alternatif bir g\u00fczerg\u00e2h haline geldi. Art\u0131k Ard\u0131\u00e7l\u0131 Mahallemize ula\u015f\u0131m, kamp\u00fcs d\u0131\u015f\u0131ndan kesintisiz ve modern bir yolla sa\u011flanm\u0131\u015f olacak. 5 bu\u00e7uk milyon liraya mal olan yol \u00e7al\u0131\u015fmas\u0131n\u0131n hay\u0131rl\u0131 olmas\u0131n\u0131 diliyorum\u201d diye konu\u015ftu. Kamp\u00fcs yerle\u015fkesinden ba\u011f\u0131ms\u0131z hale getirilerek modern ve planl\u0131 bir yol a\u011f\u0131na d\u00f6n\u00fc\u015ft\u00fcr\u00fclen Ard\u0131\u00e7l\u0131 Mahalle yolu g\u00fczerg\u00e2h\u0131; kaz\u0131, dolgu, alt temel ve plent miks temel \u00e7al\u0131\u015fmalar\u0131n\u0131n ard\u0131ndan s\u0131cak asfaltla kaplanarak trafi\u011fe a\u00e7\u0131ld\u0131. \u200bKonya B\u00fcy\u00fck\u015fehir Belediyesi, yol yap\u0131m \u00e7al\u0131\u015fmalar\u0131 kapsam\u0131nda Sel\u00e7uk \u00dcniversitesi Kamp\u00fcs\u00fc i\u00e7inden ge\u00e7en Ard\u0131\u00e7l\u0131 Mahallesi Yolu\u2019nu kamp\u00fcs yerle\u015fkesinden ba\u011f\u0131ms\u0131z &hellip;","og_url":"https:\/\/denizcankizil.tr\/uk\/haberler\/gundem\/konyada-ardicli-yolu-modernlesti-kampus-trafigi-rahatladi\/","og_site_name":"Av. Deniz Can K\u0131z\u0131l","article_published_time":"2025-06-19T10:42:45+00:00","author":"admin","twitter_card":"summary_large_image","twitter_misc":{"\u041d\u0430\u043f\u0438\u0441\u0430\u043d\u043e":"admin","\u041f\u0440\u0438\u0431\u043b. \u0447\u0430\u0441 \u0447\u0438\u0442\u0430\u043d\u043d\u044f":"3 \u0445\u0432\u0438\u043b\u0438\u043d\u0438"},"schema":{"@context":"https:\/\/schema.org","@graph":[{"@type":"Article","@id":"https:\/\/denizcankizil.tr\/uk\/haberler\/gundem\/konyada-ardicli-yolu-modernlesti-kampus-trafigi-rahatladi\/#article","isPartOf":{"@id":"https:\/\/denizcankizil.tr\/uk\/haberler\/gundem\/konyada-ardicli-yolu-modernlesti-kampus-trafigi-rahatladi\/"},"author":{"name":"admin","@id":"https:\/\/denizcankizil.tr\/#\/schema\/person\/be3c05fe6a12686905512445d8185489"},"headline":"Konya&#8217;da Ard\u0131\u00e7l\u0131 yolu modernle\u015fti, kamp\u00fcs trafi\u011fi rahatlad\u0131","datePublished":"2025-06-19T10:42:45+00:00","mainEntityOfPage":{"@id":"https:\/\/denizcankizil.tr\/uk\/haberler\/gundem\/konyada-ardicli-yolu-modernlesti-kampus-trafigi-rahatladi\/"},"wordCount":604,"publisher":{"@id":"https:\/\/denizcankizil.tr\/#organization"},"articleSection":["G\u00fcndem"],"inLanguage":"uk"},{"@type":"WebPage","@id":"https:\/\/denizcankizil.tr\/uk\/haberler\/gundem\/konyada-ardicli-yolu-modernlesti-kampus-trafigi-rahatladi\/","url":"https:\/\/denizcankizil.tr\/uk\/haberler\/gundem\/konyada-ardicli-yolu-modernlesti-kampus-trafigi-rahatladi\/","name":"Konya'da Ard\u0131\u00e7l\u0131 yolu modernle\u015fti, kamp\u00fcs trafi\u011fi rahatlad\u0131 - Av. Deniz Can K\u0131z\u0131l","isPartOf":{"@id":"https:\/\/denizcankizil.tr\/#website"},"datePublished":"2025-06-19T10:42:45+00:00","breadcrumb":{"@id":"https:\/\/denizcankizil.tr\/uk\/haberler\/gundem\/konyada-ardicli-yolu-modernlesti-kampus-trafigi-rahatladi\/#breadcrumb"},"inLanguage":"uk","potentialAction":[{"@type":"ReadAction","target":["https:\/\/denizcankizil.tr\/uk\/haberler\/gundem\/konyada-ardicli-yolu-modernlesti-kampus-trafigi-rahatladi\/"]}]},{"@type":"BreadcrumbList","@id":"https:\/\/denizcankizil.tr\/uk\/haberler\/gundem\/konyada-ardicli-yolu-modernlesti-kampus-trafigi-rahatladi\/#breadcrumb","itemListElement":[{"@type":"ListItem","position":1,"name":"Home","item":"https:\/\/denizcankizil.tr\/uk\/"},{"@type":"ListItem","position":2,"name":"Konya&#8217;da Ard\u0131\u00e7l\u0131 yolu modernle\u015fti, kamp\u00fcs trafi\u011fi rahatlad\u0131"}]},{"@type":"WebSite","@id":"https:\/\/denizcankizil.tr\/#website","url":"https:\/\/denizcankizil.tr\/","name":"Av. Deniz Can K\u0131z\u0131l","description":"Avukat Deniz Can K\u0131z\u0131l Antalya Barosu","publisher":{"@id":"https:\/\/denizcankizil.tr\/#organization"},"potentialAction":[{"@type":"SearchAction","target":{"@type":"EntryPoint","urlTemplate":"https:\/\/denizcankizil.tr\/?s={search_term_string}"},"query-input":{"@type":"PropertyValueSpecification","valueRequired":true,"valueName":"search_term_string"}}],"inLanguage":"uk"},{"@type":"Organization","@id":"https:\/\/denizcankizil.tr\/#organization","name":"Av. Deniz Can K\u0131z\u0131l","url":"https:\/\/denizcankizil.tr\/","logo":{"@type":"ImageObject","inLanguage":"uk","@id":"https:\/\/denizcankizil.tr\/#\/schema\/logo\/image\/","url":"https:\/\/denizcankizil.tr\/wp-content\/uploads\/2024\/10\/siyah-logo-svg.svg","contentUrl":"https:\/\/denizcankizil.tr\/wp-content\/uploads\/2024\/10\/siyah-logo-svg.svg","width":1080,"height":1080,"caption":"Av. Deniz Can K\u0131z\u0131l"},"image":{"@id":"https:\/\/denizcankizil.tr\/#\/schema\/logo\/image\/"}},{"@type":"Person","@id":"https:\/\/denizcankizil.tr\/#\/schema\/person\/be3c05fe6a12686905512445d8185489","name":"\u0430\u0434\u043c\u0456\u043d","image":{"@type":"ImageObject","inLanguage":"uk","@id":"https:\/\/denizcankizil.tr\/#\/schema\/person\/image\/","url":"https:\/\/secure.gravatar.com\/avatar\/c1fce94c830dc79107e174f890d7210541c4a63e8e5d816341794a2151c9d58c?s=96&d=mm&r=g","contentUrl":"https:\/\/secure.gravatar.com\/avatar\/c1fce94c830dc79107e174f890d7210541c4a63e8e5d816341794a2151c9d58c?s=96&d=mm&r=g","caption":"admin"},"sameAs":["http:\/\/denizcankizil.tr"],"url":"https:\/\/www.iskenderun.org\/konyada-ardicli-yolu-modernlesti-kampus-trafigi-rahatladi"}]}},"_links":{"self":[{"href":"https:\/\/denizcankizil.tr\/uk\/wp-json\/wp\/v2\/posts\/120290","targetHints":{"allow":["GET"]}}],"collection":[{"href":"https:\/\/denizcankizil.tr\/uk\/wp-json\/wp\/v2\/posts"}],"about":[{"href":"https:\/\/denizcankizil.tr\/uk\/wp-json\/wp\/v2\/types\/post"}],"author":[{"embeddable":true,"href":"https:\/\/denizcankizil.tr\/uk\/wp-json\/wp\/v2\/users\/1"}],"replies":[{"embeddable":true,"href":"https:\/\/denizcankizil.tr\/uk\/wp-json\/wp\/v2\/comments?post=120290"}],"version-history":[{"count":0,"href":"https:\/\/denizcankizil.tr\/uk\/wp-json\/wp\/v2\/posts\/120290\/revisions"}],"wp:attachment":[{"href":"https:\/\/denizcankizil.tr\/uk\/wp-json\/wp\/v2\/media?parent=120290"}],"wp:term":[{"taxonomy":"category","embeddable":true,"href":"https:\/\/denizcankizil.tr\/uk\/wp-json\/wp\/v2\/categories?post=120290"},{"taxonomy":"post_tag","embeddable":true,"href":"https:\/\/denizcankizil.tr\/uk\/wp-json\/wp\/v2\/tags?post=120290"}],"curies":[{"name":"wp","href":"https:\/\/api.w.org\/{rel}","templated":true}]}}