{"id":120285,"date":"2025-06-19T13:42:38","date_gmt":"2025-06-19T10:42:38","guid":{"rendered":"https:\/\/denizcankizil.tr\/uncategorized-tr\/konya-buyuksehir-ardicli-yolunda-standardi-yukseltti\/"},"modified":"2025-06-19T13:42:38","modified_gmt":"2025-06-19T10:42:38","slug":"konya-buyuksehir-ardicli-yolunda-standardi-yukseltti","status":"publish","type":"post","link":"https:\/\/denizcankizil.tr\/uk\/haberler\/gundem\/konya-buyuksehir-ardicli-yolunda-standardi-yukseltti\/","title":{"rendered":"Konya B\u00fcy\u00fck\u015fehir Ard\u0131\u00e7l\u0131 Yolu\u2019nda Standard\u0131 Y\u00fckseltti"},"content":{"rendered":"<p>Konya B\u00fcy\u00fck\u015fehir Belediyesi, yol yap\u0131m \u00e7al\u0131\u015fmalar\u0131 kapsam\u0131nda Sel\u00e7uk \u00dcniversitesi Kamp\u00fcs\u00fc i\u00e7inden ge\u00e7en Ard\u0131\u00e7l\u0131 Mahallesi Yolu\u2019nu kamp\u00fcs yerle\u015fkesinden ba\u011f\u0131ms\u0131z hale getirerek modern ve planl\u0131 bir yol a\u011f\u0131na d\u00f6n\u00fc\u015ft\u00fcrd\u00fc.<\/p>\n<p>\u200bKonya B\u00fcy\u00fck\u015fehir Belediyesi, yol yap\u0131m \u00e7al\u0131\u015fmalar\u0131 kapsam\u0131nda Sel\u00e7uk \u00dcniversitesi Kamp\u00fcs\u00fc i\u00e7inden ge\u00e7en Ard\u0131\u00e7l\u0131 Mahallesi Yolu\u2019nu kamp\u00fcs yerle\u015fkesinden ba\u011f\u0131ms\u0131z hale getirerek modern ve planl\u0131 bir yol a\u011f\u0131na d\u00f6n\u00fc\u015ft\u00fcrd\u00fc.\u00a0<\/p>\n<p>\u200bHaberin Al\u0131nt\u0131land\u0131\u011f\u0131 Kaynak: www.iskenderun.org<\/p>","protected":false},"excerpt":{"rendered":"<p>Konya B\u00fcy\u00fck\u015fehir Belediyesi, yol yap\u0131m \u00e7al\u0131\u015fmalar\u0131 kapsam\u0131nda Sel\u00e7uk \u00dcniversitesi Kamp\u00fcs\u00fc i\u00e7inden ge\u00e7en Ard\u0131\u00e7l\u0131 Mahallesi Yolu\u2019nu kamp\u00fcs yerle\u015fkesinden ba\u011f\u0131ms\u0131z hale getirerek modern ve planl\u0131 bir yol a\u011f\u0131na d\u00f6n\u00fc\u015ft\u00fcrd\u00fc. \u200bKonya B\u00fcy\u00fck\u015fehir Belediyesi, yol yap\u0131m \u00e7al\u0131\u015fmalar\u0131 kapsam\u0131nda Sel\u00e7uk \u00dcniversitesi Kamp\u00fcs\u00fc i\u00e7inden ge\u00e7en Ard\u0131\u00e7l\u0131 Mahallesi Yolu\u2019nu kamp\u00fcs yerle\u015fkesinden ba\u011f\u0131ms\u0131z hale getirerek modern ve planl\u0131 bir yol a\u011f\u0131na d\u00f6n\u00fc\u015ft\u00fcrd\u00fc.\u00a0 \u200bHaberin Al\u0131nt\u0131land\u0131\u011f\u0131 Kaynak: www.iskenderun.org<\/p>","protected":false},"author":1,"featured_media":0,"comment_status":"","ping_status":"open","sticky":false,"template":"","format":"standard","meta":{"_acf_changed":false,"footnotes":""},"categories":[24],"tags":[],"class_list":["post-120285","post","type-post","status-publish","format-standard","has-post-thumbnail","hentry","category-gundem"],"acf":[],"yoast_head":"<!-- This site is optimized with the Yoast SEO Premium plugin v26.6 (Yoast SEO v27.1.1) - https:\/\/yoast.com\/product\/yoast-seo-premium-wordpress\/ -->\n<title>Konya B\u00fcy\u00fck\u015fehir Ard\u0131\u00e7l\u0131 Yolu\u2019nda Standard\u0131 Y\u00fckseltti - Av. Deniz Can K\u0131z\u0131l<\/title>\n<meta name=\"robots\" content=\"index, follow, max-snippet:-1, max-image-preview:large, max-video-preview:-1\" \/>\n<link rel=\"canonical\" href=\"https:\/\/denizcankizil.tr\/uk\/haberler\/gundem\/konya-buyuksehir-ardicli-yolunda-standardi-yukseltti\/\" \/>\n<meta property=\"og:locale\" content=\"uk_UA\" \/>\n<meta property=\"og:type\" content=\"article\" \/>\n<meta property=\"og:title\" content=\"Konya B\u00fcy\u00fck\u015fehir Ard\u0131\u00e7l\u0131 Yolu\u2019nda Standard\u0131 Y\u00fckseltti\" \/>\n<meta property=\"og:description\" content=\"Konya B\u00fcy\u00fck\u015fehir Belediyesi, yol yap\u0131m \u00e7al\u0131\u015fmalar\u0131 kapsam\u0131nda Sel\u00e7uk \u00dcniversitesi Kamp\u00fcs\u00fc i\u00e7inden ge\u00e7en Ard\u0131\u00e7l\u0131 Mahallesi Yolu\u2019nu kamp\u00fcs yerle\u015fkesinden ba\u011f\u0131ms\u0131z hale getirerek modern ve planl\u0131 bir yol a\u011f\u0131na d\u00f6n\u00fc\u015ft\u00fcrd\u00fc. \u200bKonya B\u00fcy\u00fck\u015fehir Belediyesi, yol yap\u0131m \u00e7al\u0131\u015fmalar\u0131 kapsam\u0131nda Sel\u00e7uk \u00dcniversitesi Kamp\u00fcs\u00fc i\u00e7inden ge\u00e7en Ard\u0131\u00e7l\u0131 Mahallesi Yolu\u2019nu kamp\u00fcs yerle\u015fkesinden ba\u011f\u0131ms\u0131z hale getirerek modern ve planl\u0131 bir yol a\u011f\u0131na d\u00f6n\u00fc\u015ft\u00fcrd\u00fc.\u00a0 \u200bHaberin Al\u0131nt\u0131land\u0131\u011f\u0131 Kaynak: www.iskenderun.org\" \/>\n<meta property=\"og:url\" content=\"https:\/\/denizcankizil.tr\/uk\/haberler\/gundem\/konya-buyuksehir-ardicli-yolunda-standardi-yukseltti\/\" \/>\n<meta property=\"og:site_name\" content=\"Av. Deniz Can K\u0131z\u0131l\" \/>\n<meta property=\"article:published_time\" content=\"2025-06-19T10:42:38+00:00\" \/>\n<meta name=\"author\" content=\"admin\" \/>\n<meta name=\"twitter:card\" content=\"summary_large_image\" \/>\n<meta name=\"twitter:label1\" content=\"\u041d\u0430\u043f\u0438\u0441\u0430\u043d\u043e\" \/>\n\t<meta name=\"twitter:data1\" content=\"admin\" \/>\n\t<meta name=\"twitter:label2\" content=\"\u041f\u0440\u0438\u0431\u043b. \u0447\u0430\u0441 \u0447\u0438\u0442\u0430\u043d\u043d\u044f\" \/>\n\t<meta name=\"twitter:data2\" content=\"1 \u0445\u0432\u0438\u043b\u0438\u043d\u0430\" \/>\n<script type=\"application\/ld+json\" class=\"yoast-schema-graph\">{\"@context\":\"https:\/\/schema.org\",\"@graph\":[{\"@type\":\"Article\",\"@id\":\"https:\/\/denizcankizil.tr\/uk\/haberler\/gundem\/konya-buyuksehir-ardicli-yolunda-standardi-yukseltti\/#article\",\"isPartOf\":{\"@id\":\"https:\/\/denizcankizil.tr\/uk\/haberler\/gundem\/konya-buyuksehir-ardicli-yolunda-standardi-yukseltti\/\"},\"author\":{\"name\":\"admin\",\"@id\":\"https:\/\/denizcankizil.tr\/#\/schema\/person\/be3c05fe6a12686905512445d8185489\"},\"headline\":\"Konya B\u00fcy\u00fck\u015fehir Ard\u0131\u00e7l\u0131 Yolu\u2019nda Standard\u0131 Y\u00fckseltti\",\"datePublished\":\"2025-06-19T10:42:38+00:00\",\"mainEntityOfPage\":{\"@id\":\"https:\/\/denizcankizil.tr\/uk\/haberler\/gundem\/konya-buyuksehir-ardicli-yolunda-standardi-yukseltti\/\"},\"wordCount\":114,\"publisher\":{\"@id\":\"https:\/\/denizcankizil.tr\/#organization\"},\"articleSection\":[\"G\u00fcndem\"],\"inLanguage\":\"uk\"},{\"@type\":\"WebPage\",\"@id\":\"https:\/\/denizcankizil.tr\/uk\/haberler\/gundem\/konya-buyuksehir-ardicli-yolunda-standardi-yukseltti\/\",\"url\":\"https:\/\/denizcankizil.tr\/uk\/haberler\/gundem\/konya-buyuksehir-ardicli-yolunda-standardi-yukseltti\/\",\"name\":\"Konya B\u00fcy\u00fck\u015fehir Ard\u0131\u00e7l\u0131 Yolu\u2019nda Standard\u0131 Y\u00fckseltti - Av. Deniz Can K\u0131z\u0131l\",\"isPartOf\":{\"@id\":\"https:\/\/denizcankizil.tr\/#website\"},\"datePublished\":\"2025-06-19T10:42:38+00:00\",\"breadcrumb\":{\"@id\":\"https:\/\/denizcankizil.tr\/uk\/haberler\/gundem\/konya-buyuksehir-ardicli-yolunda-standardi-yukseltti\/#breadcrumb\"},\"inLanguage\":\"uk\",\"potentialAction\":[{\"@type\":\"ReadAction\",\"target\":[\"https:\/\/denizcankizil.tr\/uk\/haberler\/gundem\/konya-buyuksehir-ardicli-yolunda-standardi-yukseltti\/\"]}]},{\"@type\":\"BreadcrumbList\",\"@id\":\"https:\/\/denizcankizil.tr\/uk\/haberler\/gundem\/konya-buyuksehir-ardicli-yolunda-standardi-yukseltti\/#breadcrumb\",\"itemListElement\":[{\"@type\":\"ListItem\",\"position\":1,\"name\":\"Home\",\"item\":\"https:\/\/denizcankizil.tr\/de\/\"},{\"@type\":\"ListItem\",\"position\":2,\"name\":\"Konya B\u00fcy\u00fck\u015fehir Ard\u0131\u00e7l\u0131 Yolu\u2019nda Standard\u0131 Y\u00fckseltti\"}]},{\"@type\":\"WebSite\",\"@id\":\"https:\/\/denizcankizil.tr\/#website\",\"url\":\"https:\/\/denizcankizil.tr\/\",\"name\":\"Av. Deniz Can K\u0131z\u0131l\",\"description\":\"Avukat Deniz Can K\u0131z\u0131l Antalya Barosu\",\"publisher\":{\"@id\":\"https:\/\/denizcankizil.tr\/#organization\"},\"potentialAction\":[{\"@type\":\"SearchAction\",\"target\":{\"@type\":\"EntryPoint\",\"urlTemplate\":\"https:\/\/denizcankizil.tr\/?s={search_term_string}\"},\"query-input\":{\"@type\":\"PropertyValueSpecification\",\"valueRequired\":true,\"valueName\":\"search_term_string\"}}],\"inLanguage\":\"uk\"},{\"@type\":\"Organization\",\"@id\":\"https:\/\/denizcankizil.tr\/#organization\",\"name\":\"Av. Deniz Can K\u0131z\u0131l\",\"url\":\"https:\/\/denizcankizil.tr\/\",\"logo\":{\"@type\":\"ImageObject\",\"inLanguage\":\"uk\",\"@id\":\"https:\/\/denizcankizil.tr\/#\/schema\/logo\/image\/\",\"url\":\"https:\/\/denizcankizil.tr\/wp-content\/uploads\/2024\/10\/siyah-logo-svg.svg\",\"contentUrl\":\"https:\/\/denizcankizil.tr\/wp-content\/uploads\/2024\/10\/siyah-logo-svg.svg\",\"width\":1080,\"height\":1080,\"caption\":\"Av. Deniz Can K\u0131z\u0131l\"},\"image\":{\"@id\":\"https:\/\/denizcankizil.tr\/#\/schema\/logo\/image\/\"}},{\"@type\":\"Person\",\"@id\":\"https:\/\/denizcankizil.tr\/#\/schema\/person\/be3c05fe6a12686905512445d8185489\",\"name\":\"admin\",\"image\":{\"@type\":\"ImageObject\",\"inLanguage\":\"uk\",\"@id\":\"https:\/\/denizcankizil.tr\/#\/schema\/person\/image\/\",\"url\":\"https:\/\/secure.gravatar.com\/avatar\/c1fce94c830dc79107e174f890d7210541c4a63e8e5d816341794a2151c9d58c?s=96&d=mm&r=g\",\"contentUrl\":\"https:\/\/secure.gravatar.com\/avatar\/c1fce94c830dc79107e174f890d7210541c4a63e8e5d816341794a2151c9d58c?s=96&d=mm&r=g\",\"caption\":\"admin\"},\"sameAs\":[\"http:\/\/denizcankizil.tr\"],\"url\":\"https:\/\/www.iskenderun.org\/konya-buyuksehir-ardicli-yolunda-standardi-yukseltti\"}]}<\/script>\n<!-- \/ Yoast SEO Premium plugin. -->","yoast_head_json":{"title":"Konya B\u00fcy\u00fck\u015fehir Ard\u0131\u00e7l\u0131 Yolu\u2019nda Standard\u0131 Y\u00fckseltti - Av. Deniz Can K\u0131z\u0131l","robots":{"index":"index","follow":"follow","max-snippet":"max-snippet:-1","max-image-preview":"max-image-preview:large","max-video-preview":"max-video-preview:-1"},"canonical":"https:\/\/denizcankizil.tr\/uk\/haberler\/gundem\/konya-buyuksehir-ardicli-yolunda-standardi-yukseltti\/","og_locale":"uk_UA","og_type":"article","og_title":"Konya B\u00fcy\u00fck\u015fehir Ard\u0131\u00e7l\u0131 Yolu\u2019nda Standard\u0131 Y\u00fckseltti","og_description":"Konya B\u00fcy\u00fck\u015fehir Belediyesi, yol yap\u0131m \u00e7al\u0131\u015fmalar\u0131 kapsam\u0131nda Sel\u00e7uk \u00dcniversitesi Kamp\u00fcs\u00fc i\u00e7inden ge\u00e7en Ard\u0131\u00e7l\u0131 Mahallesi Yolu\u2019nu kamp\u00fcs yerle\u015fkesinden ba\u011f\u0131ms\u0131z hale getirerek modern ve planl\u0131 bir yol a\u011f\u0131na d\u00f6n\u00fc\u015ft\u00fcrd\u00fc. \u200bKonya B\u00fcy\u00fck\u015fehir Belediyesi, yol yap\u0131m \u00e7al\u0131\u015fmalar\u0131 kapsam\u0131nda Sel\u00e7uk \u00dcniversitesi Kamp\u00fcs\u00fc i\u00e7inden ge\u00e7en Ard\u0131\u00e7l\u0131 Mahallesi Yolu\u2019nu kamp\u00fcs yerle\u015fkesinden ba\u011f\u0131ms\u0131z hale getirerek modern ve planl\u0131 bir yol a\u011f\u0131na d\u00f6n\u00fc\u015ft\u00fcrd\u00fc.\u00a0 \u200bHaberin Al\u0131nt\u0131land\u0131\u011f\u0131 Kaynak: www.iskenderun.org","og_url":"https:\/\/denizcankizil.tr\/uk\/haberler\/gundem\/konya-buyuksehir-ardicli-yolunda-standardi-yukseltti\/","og_site_name":"Av. Deniz Can K\u0131z\u0131l","article_published_time":"2025-06-19T10:42:38+00:00","author":"admin","twitter_card":"summary_large_image","twitter_misc":{"\u041d\u0430\u043f\u0438\u0441\u0430\u043d\u043e":"admin","\u041f\u0440\u0438\u0431\u043b. \u0447\u0430\u0441 \u0447\u0438\u0442\u0430\u043d\u043d\u044f":"1 \u0445\u0432\u0438\u043b\u0438\u043d\u0430"},"schema":{"@context":"https:\/\/schema.org","@graph":[{"@type":"Article","@id":"https:\/\/denizcankizil.tr\/uk\/haberler\/gundem\/konya-buyuksehir-ardicli-yolunda-standardi-yukseltti\/#article","isPartOf":{"@id":"https:\/\/denizcankizil.tr\/uk\/haberler\/gundem\/konya-buyuksehir-ardicli-yolunda-standardi-yukseltti\/"},"author":{"name":"admin","@id":"https:\/\/denizcankizil.tr\/#\/schema\/person\/be3c05fe6a12686905512445d8185489"},"headline":"Konya B\u00fcy\u00fck\u015fehir Ard\u0131\u00e7l\u0131 Yolu\u2019nda Standard\u0131 Y\u00fckseltti","datePublished":"2025-06-19T10:42:38+00:00","mainEntityOfPage":{"@id":"https:\/\/denizcankizil.tr\/uk\/haberler\/gundem\/konya-buyuksehir-ardicli-yolunda-standardi-yukseltti\/"},"wordCount":114,"publisher":{"@id":"https:\/\/denizcankizil.tr\/#organization"},"articleSection":["G\u00fcndem"],"inLanguage":"uk"},{"@type":"WebPage","@id":"https:\/\/denizcankizil.tr\/uk\/haberler\/gundem\/konya-buyuksehir-ardicli-yolunda-standardi-yukseltti\/","url":"https:\/\/denizcankizil.tr\/uk\/haberler\/gundem\/konya-buyuksehir-ardicli-yolunda-standardi-yukseltti\/","name":"Konya B\u00fcy\u00fck\u015fehir Ard\u0131\u00e7l\u0131 Yolu\u2019nda Standard\u0131 Y\u00fckseltti - Av. Deniz Can K\u0131z\u0131l","isPartOf":{"@id":"https:\/\/denizcankizil.tr\/#website"},"datePublished":"2025-06-19T10:42:38+00:00","breadcrumb":{"@id":"https:\/\/denizcankizil.tr\/uk\/haberler\/gundem\/konya-buyuksehir-ardicli-yolunda-standardi-yukseltti\/#breadcrumb"},"inLanguage":"uk","potentialAction":[{"@type":"ReadAction","target":["https:\/\/denizcankizil.tr\/uk\/haberler\/gundem\/konya-buyuksehir-ardicli-yolunda-standardi-yukseltti\/"]}]},{"@type":"BreadcrumbList","@id":"https:\/\/denizcankizil.tr\/uk\/haberler\/gundem\/konya-buyuksehir-ardicli-yolunda-standardi-yukseltti\/#breadcrumb","itemListElement":[{"@type":"ListItem","position":1,"name":"Home","item":"https:\/\/denizcankizil.tr\/de\/"},{"@type":"ListItem","position":2,"name":"Konya B\u00fcy\u00fck\u015fehir Ard\u0131\u00e7l\u0131 Yolu\u2019nda Standard\u0131 Y\u00fckseltti"}]},{"@type":"WebSite","@id":"https:\/\/denizcankizil.tr\/#website","url":"https:\/\/denizcankizil.tr\/","name":"Av. Deniz Can K\u0131z\u0131l","description":"Avukat Deniz Can K\u0131z\u0131l Antalya Barosu","publisher":{"@id":"https:\/\/denizcankizil.tr\/#organization"},"potentialAction":[{"@type":"SearchAction","target":{"@type":"EntryPoint","urlTemplate":"https:\/\/denizcankizil.tr\/?s={search_term_string}"},"query-input":{"@type":"PropertyValueSpecification","valueRequired":true,"valueName":"search_term_string"}}],"inLanguage":"uk"},{"@type":"Organization","@id":"https:\/\/denizcankizil.tr\/#organization","name":"Av. Deniz Can K\u0131z\u0131l","url":"https:\/\/denizcankizil.tr\/","logo":{"@type":"ImageObject","inLanguage":"uk","@id":"https:\/\/denizcankizil.tr\/#\/schema\/logo\/image\/","url":"https:\/\/denizcankizil.tr\/wp-content\/uploads\/2024\/10\/siyah-logo-svg.svg","contentUrl":"https:\/\/denizcankizil.tr\/wp-content\/uploads\/2024\/10\/siyah-logo-svg.svg","width":1080,"height":1080,"caption":"Av. Deniz Can K\u0131z\u0131l"},"image":{"@id":"https:\/\/denizcankizil.tr\/#\/schema\/logo\/image\/"}},{"@type":"Person","@id":"https:\/\/denizcankizil.tr\/#\/schema\/person\/be3c05fe6a12686905512445d8185489","name":"\u0430\u0434\u043c\u0456\u043d","image":{"@type":"ImageObject","inLanguage":"uk","@id":"https:\/\/denizcankizil.tr\/#\/schema\/person\/image\/","url":"https:\/\/secure.gravatar.com\/avatar\/c1fce94c830dc79107e174f890d7210541c4a63e8e5d816341794a2151c9d58c?s=96&d=mm&r=g","contentUrl":"https:\/\/secure.gravatar.com\/avatar\/c1fce94c830dc79107e174f890d7210541c4a63e8e5d816341794a2151c9d58c?s=96&d=mm&r=g","caption":"admin"},"sameAs":["http:\/\/denizcankizil.tr"],"url":"https:\/\/www.iskenderun.org\/konya-buyuksehir-ardicli-yolunda-standardi-yukseltti"}]}},"_links":{"self":[{"href":"https:\/\/denizcankizil.tr\/uk\/wp-json\/wp\/v2\/posts\/120285","targetHints":{"allow":["GET"]}}],"collection":[{"href":"https:\/\/denizcankizil.tr\/uk\/wp-json\/wp\/v2\/posts"}],"about":[{"href":"https:\/\/denizcankizil.tr\/uk\/wp-json\/wp\/v2\/types\/post"}],"author":[{"embeddable":true,"href":"https:\/\/denizcankizil.tr\/uk\/wp-json\/wp\/v2\/users\/1"}],"replies":[{"embeddable":true,"href":"https:\/\/denizcankizil.tr\/uk\/wp-json\/wp\/v2\/comments?post=120285"}],"version-history":[{"count":0,"href":"https:\/\/denizcankizil.tr\/uk\/wp-json\/wp\/v2\/posts\/120285\/revisions"}],"wp:attachment":[{"href":"https:\/\/denizcankizil.tr\/uk\/wp-json\/wp\/v2\/media?parent=120285"}],"wp:term":[{"taxonomy":"category","embeddable":true,"href":"https:\/\/denizcankizil.tr\/uk\/wp-json\/wp\/v2\/categories?post=120285"},{"taxonomy":"post_tag","embeddable":true,"href":"https:\/\/denizcankizil.tr\/uk\/wp-json\/wp\/v2\/tags?post=120285"}],"curies":[{"name":"wp","href":"https:\/\/api.w.org\/{rel}","templated":true}]}}