{"id":119520,"date":"2025-06-18T17:42:34","date_gmt":"2025-06-18T14:42:34","guid":{"rendered":"https:\/\/denizcankizil.tr\/uncategorized-tr\/muglada-genclik-meclisi-kuruluyor\/"},"modified":"2025-06-18T17:42:34","modified_gmt":"2025-06-18T14:42:34","slug":"muglada-genclik-meclisi-kuruluyor","status":"publish","type":"post","link":"https:\/\/denizcankizil.tr\/uk\/haberler\/gundem\/muglada-genclik-meclisi-kuruluyor\/","title":{"rendered":"Mu\u011fla\u2019da Gen\u00e7lik Meclisi kuruluyor"},"content":{"rendered":"<p>Mu\u011fla B\u00fcy\u00fck\u015fehir Belediyesi gen\u00e7lerin yerel y\u00f6netimde ve kent ya\u015fam\u0131nda aktif rol almas\u0131n\u0131 sa\u011flamak amac\u0131yla Gen\u00e7lik Meclisi olu\u015fturuyor.MU\u011eLA (\u0130GFA) &#8211; Mu\u011fla B\u00fcy\u00fck\u015fehir Belediyesi, gen\u00e7lerin yerel y\u00f6netim s\u00fcre\u00e7lerine do\u011frudan kat\u0131l\u0131m\u0131n\u0131 sa\u011flamak, fikirlerini ifade edebilecekleri ve projelerini hayata ge\u00e7irebilecekleri bir platform olu\u015fturmak amac\u0131yla \u00f6nemli bir ad\u0131m att\u0131. Gen\u00e7lerin toplumsal ya\u015fama daha aktif kat\u0131l\u0131m\u0131n\u0131 hedefleyen &#8220;Gen\u00e7lik Meclisi&#8221; projesi, Haziran Ay\u0131 B\u00fcy\u00fck\u015fehir Belediye Meclisi\u2019nde oy birli\u011fiyle kabul edildi.<br \/>\nYeni kurulacak Gen\u00e7lik Meclisi, kentte ya\u015fayan gen\u00e7lerin yerel y\u00f6netime kat\u0131l\u0131m\u0131n\u0131 g\u00fc\u00e7lendirmekle kalmayacak, ayn\u0131 zamanda demokratik s\u00fcre\u00e7lerde deneyim kazanmalar\u0131na da olanak tan\u0131yacak. Bu platform sayesinde gen\u00e7ler, kent ya\u015fam\u0131na dair \u00f6nerilerini ve ele\u015ftirilerini do\u011frudan y\u00f6netime iletebilecek, sosyal, k\u00fclt\u00fcrel, \u00e7evresel ve e\u011fitim alanlar\u0131nda kendi projelerini geli\u015ftirme f\u0131rsat\u0131 bulacak.<br \/>\nMU\u011eLA GEN\u00c7L\u0130K MECL\u0130S\u0130 70 GEN\u00c7LE KURULUYOR<br \/>\nMu\u011fla B\u00fcy\u00fck\u015fehir Belediyesi, gen\u00e7lerin kent y\u00f6netiminde s\u00f6z sahibi olmas\u0131n\u0131 sa\u011flamak amac\u0131yla Mu\u011fla Gen\u00e7lik Meclisini kuruyor. Meclis, toplam 70 gen\u00e7 \u00fcyeden olu\u015facak ve \u00fcyeler, Belediye Meclisi\u2019nin E\u011fitim, K\u00fclt\u00fcr, Gen\u00e7lik ve Spor Komisyonu taraf\u0131ndan ba\u015fvuru yapan adaylar aras\u0131ndan belirlenecek.<br \/>\nGen\u00e7lik Meclisi\u2019nin olu\u015fturulmas\u0131nda temsil \u00e7e\u015fitlili\u011fi ve adil kat\u0131l\u0131m ilkeleri g\u00f6zetilecek. \u00dcyelik yap\u0131s\u0131nda \u015fu kontenjanlar esas al\u0131nacak:  Y\u00fczde 40 oran\u0131nda Mu\u011fla\u2019da bulunan liseler ve \u00fcniversitelerde e\u011fitim g\u00f6ren \u00f6\u011frencilerden, y\u00fczde 20 oran\u0131nda Mu\u011fla\u2019daki gen\u00e7lik odakl\u0131 sivil toplum kurulu\u015flar\u0131 ile gen\u00e7lik yap\u0131lanmalar\u0131ndan, y\u00fczde 10 oran\u0131nda kamu kurumlar\u0131n\u0131n gen\u00e7lik temsilcilerinden,  y\u00fczde 30 oran\u0131nda, ba\u011f\u0131ms\u0131z olarak ba\u015fvuran, Mu\u011fla\u2019da ikamet eden gen\u00e7lerden se\u00e7ilecek.<br \/>\nGen\u00e7lik meclisine, Mu\u011fla il s\u0131n\u0131rlar\u0131 i\u00e7erisinde ikamet eden 15-30 ya\u015f aras\u0131ndaki gen\u00e7ler ba\u015fvuruda bulunabilecek. \u00dcyelik ba\u015fvurular\u0131, Mu\u011fla B\u00fcy\u00fck\u015fehir Belediyesi\u2019nin resmi internet adresi www.mugla.bel.tr \u00fczerinden yay\u0131nlanan form arac\u0131l\u0131\u011f\u0131yla yap\u0131labilecek. Ba\u015fvuruda bulunmak isteyen gen\u00e7lerin formu eksiksiz \u015fekilde doldurarak sisteme iletmeleri yeterli olacak.<\/p>\n<p>\u200bMu\u011fla B\u00fcy\u00fck\u015fehir Belediyesi gen\u00e7lerin yerel y\u00f6netimde ve kent ya\u015fam\u0131nda aktif rol almas\u0131n\u0131 sa\u011flamak amac\u0131yla Gen\u00e7lik Meclisi olu\u015fturuyor.MU\u011eLA (\u0130GFA) &#8211; Mu\u011fla B\u00fcy\u00fck\u015fehir Belediyesi, gen\u00e7lerin yerel y\u00f6netim s\u00fcre\u00e7lerine do\u011frudan kat\u0131l\u0131m\u0131n\u0131 sa\u011flamak, fikirlerini ifade edebilecekleri ve projelerini hayata ge\u00e7irebilecekleri bir platform olu\u015fturmak amac\u0131yla \u00f6nemli bir ad\u0131m att\u0131. Gen\u00e7lerin toplumsal ya\u015fama daha aktif kat\u0131l\u0131m\u0131n\u0131 hedefleyen &#8220;Gen\u00e7lik Meclisi&#8221; projesi, Haziran Ay\u0131 B\u00fcy\u00fck\u015fehir Belediye Meclisi\u2019nde oy birli\u011fiyle kabul edildi.<br \/>\nYeni kurulacak Gen\u00e7lik Meclisi, kentte ya\u015fayan gen\u00e7lerin yerel y\u00f6netime kat\u0131l\u0131m\u0131n\u0131 g\u00fc\u00e7lendirmekle kalmayacak, ayn\u0131 zamanda demokratik s\u00fcre\u00e7lerde deneyim kazanmalar\u0131na da olanak tan\u0131yacak. Bu platform sayesinde gen\u00e7ler, kent ya\u015fam\u0131na dair \u00f6nerilerini ve ele\u015ftirilerini do\u011frudan y\u00f6netime iletebilecek, sosyal, k\u00fclt\u00fcrel, \u00e7evresel ve e\u011fitim alanlar\u0131nda kendi projelerini geli\u015ftirme f\u0131rsat\u0131 bulacak.<br \/>\nMU\u011eLA GEN\u00c7L\u0130K MECL\u0130S\u0130 70 GEN\u00c7LE KURULUYOR<br \/>\nMu\u011fla B\u00fcy\u00fck\u015fehir Belediyesi, gen\u00e7lerin kent y\u00f6netiminde s\u00f6z sahibi olmas\u0131n\u0131 sa\u011flamak amac\u0131yla Mu\u011fla Gen\u00e7lik Meclisini kuruyor. Meclis, toplam 70 gen\u00e7 \u00fcyeden olu\u015facak ve \u00fcyeler, Belediye Meclisi\u2019nin E\u011fitim, K\u00fclt\u00fcr, Gen\u00e7lik ve Spor Komisyonu taraf\u0131ndan ba\u015fvuru yapan adaylar aras\u0131ndan belirlenecek.<br \/>\nGen\u00e7lik Meclisi\u2019nin olu\u015fturulmas\u0131nda temsil \u00e7e\u015fitlili\u011fi ve adil kat\u0131l\u0131m ilkeleri g\u00f6zetilecek. \u00dcyelik yap\u0131s\u0131nda \u015fu kontenjanlar esas al\u0131nacak:  Y\u00fczde 40 oran\u0131nda Mu\u011fla\u2019da bulunan liseler ve \u00fcniversitelerde e\u011fitim g\u00f6ren \u00f6\u011frencilerden, y\u00fczde 20 oran\u0131nda Mu\u011fla\u2019daki gen\u00e7lik odakl\u0131 sivil toplum kurulu\u015flar\u0131 ile gen\u00e7lik yap\u0131lanmalar\u0131ndan, y\u00fczde 10 oran\u0131nda kamu kurumlar\u0131n\u0131n gen\u00e7lik temsilcilerinden,  y\u00fczde 30 oran\u0131nda, ba\u011f\u0131ms\u0131z olarak ba\u015fvuran, Mu\u011fla\u2019da ikamet eden gen\u00e7lerden se\u00e7ilecek.<br \/>\nGen\u00e7lik meclisine, Mu\u011fla il s\u0131n\u0131rlar\u0131 i\u00e7erisinde ikamet eden 15-30 ya\u015f aras\u0131ndaki gen\u00e7ler ba\u015fvuruda bulunabilecek. \u00dcyelik ba\u015fvurular\u0131, Mu\u011fla B\u00fcy\u00fck\u015fehir Belediyesi\u2019nin resmi internet adresi www.mugla.bel.tr \u00fczerinden yay\u0131nlanan form arac\u0131l\u0131\u011f\u0131yla yap\u0131labilecek. Ba\u015fvuruda bulunmak isteyen gen\u00e7lerin formu eksiksiz \u015fekilde doldurarak sisteme iletmeleri yeterli olacak.\u00a0<\/p>\n<p>\u200bHaberin Al\u0131nt\u0131land\u0131\u011f\u0131 Kaynak: www.iskenderun.org<\/p>","protected":false},"excerpt":{"rendered":"<p>Mu\u011fla B\u00fcy\u00fck\u015fehir Belediyesi gen\u00e7lerin yerel y\u00f6netimde ve kent ya\u015fam\u0131nda aktif rol almas\u0131n\u0131 sa\u011flamak amac\u0131yla Gen\u00e7lik Meclisi olu\u015fturuyor.MU\u011eLA (\u0130GFA) &#8211; Mu\u011fla B\u00fcy\u00fck\u015fehir Belediyesi, gen\u00e7lerin yerel y\u00f6netim s\u00fcre\u00e7lerine do\u011frudan kat\u0131l\u0131m\u0131n\u0131 sa\u011flamak, fikirlerini ifade edebilecekleri ve projelerini hayata ge\u00e7irebilecekleri bir platform olu\u015fturmak amac\u0131yla \u00f6nemli bir ad\u0131m att\u0131. Gen\u00e7lerin toplumsal ya\u015fama daha aktif kat\u0131l\u0131m\u0131n\u0131 hedefleyen &#8220;Gen\u00e7lik Meclisi&#8221; projesi, Haziran Ay\u0131 B\u00fcy\u00fck\u015fehir Belediye Meclisi\u2019nde oy birli\u011fiyle kabul edildi. Yeni kurulacak Gen\u00e7lik Meclisi, kentte ya\u015fayan gen\u00e7lerin yerel y\u00f6netime kat\u0131l\u0131m\u0131n\u0131 g\u00fc\u00e7lendirmekle kalmayacak, ayn\u0131 zamanda demokratik s\u00fcre\u00e7lerde deneyim kazanmalar\u0131na da olanak tan\u0131yacak. Bu platform sayesinde gen\u00e7ler, kent ya\u015fam\u0131na dair \u00f6nerilerini ve ele\u015ftirilerini do\u011frudan y\u00f6netime iletebilecek, sosyal, k\u00fclt\u00fcrel, \u00e7evresel ve e\u011fitim alanlar\u0131nda kendi projelerini geli\u015ftirme f\u0131rsat\u0131 bulacak. MU\u011eLA GEN\u00c7L\u0130K MECL\u0130S\u0130 70 GEN\u00c7LE KURULUYOR Mu\u011fla B\u00fcy\u00fck\u015fehir Belediyesi, gen\u00e7lerin kent y\u00f6netiminde s\u00f6z sahibi olmas\u0131n\u0131 sa\u011flamak amac\u0131yla Mu\u011fla Gen\u00e7lik Meclisini kuruyor. Meclis, toplam 70 gen\u00e7 \u00fcyeden olu\u015facak ve \u00fcyeler, Belediye Meclisi\u2019nin E\u011fitim, K\u00fclt\u00fcr, Gen\u00e7lik ve Spor Komisyonu taraf\u0131ndan ba\u015fvuru yapan adaylar aras\u0131ndan belirlenecek. Gen\u00e7lik Meclisi\u2019nin olu\u015fturulmas\u0131nda temsil \u00e7e\u015fitlili\u011fi ve adil kat\u0131l\u0131m ilkeleri g\u00f6zetilecek. \u00dcyelik yap\u0131s\u0131nda \u015fu kontenjanlar esas al\u0131nacak: Y\u00fczde 40 oran\u0131nda Mu\u011fla\u2019da bulunan liseler ve \u00fcniversitelerde e\u011fitim g\u00f6ren \u00f6\u011frencilerden, y\u00fczde 20 oran\u0131nda Mu\u011fla\u2019daki gen\u00e7lik odakl\u0131 sivil toplum kurulu\u015flar\u0131 ile gen\u00e7lik yap\u0131lanmalar\u0131ndan, y\u00fczde 10 oran\u0131nda kamu kurumlar\u0131n\u0131n gen\u00e7lik temsilcilerinden, y\u00fczde 30 oran\u0131nda, &hellip;<\/p>","protected":false},"author":1,"featured_media":0,"comment_status":"","ping_status":"open","sticky":false,"template":"","format":"standard","meta":{"_acf_changed":false,"footnotes":""},"categories":[24],"tags":[],"class_list":["post-119520","post","type-post","status-publish","format-standard","has-post-thumbnail","hentry","category-gundem"],"acf":[],"yoast_head":"<!-- This site is optimized with the Yoast SEO Premium plugin v26.6 (Yoast SEO v27.1.1) - https:\/\/yoast.com\/product\/yoast-seo-premium-wordpress\/ -->\n<title>Mu\u011fla\u2019da Gen\u00e7lik Meclisi kuruluyor - Av. Deniz Can K\u0131z\u0131l<\/title>\n<meta name=\"robots\" content=\"index, follow, max-snippet:-1, max-image-preview:large, max-video-preview:-1\" \/>\n<link rel=\"canonical\" href=\"http:\/\/denizcankizil.tr\/uk\/haberler\/gundem\/muglada-genclik-meclisi-kuruluyor\/\" \/>\n<meta property=\"og:locale\" content=\"uk_UA\" \/>\n<meta property=\"og:type\" content=\"article\" \/>\n<meta property=\"og:title\" content=\"Mu\u011fla\u2019da Gen\u00e7lik Meclisi kuruluyor\" \/>\n<meta property=\"og:description\" content=\"Mu\u011fla B\u00fcy\u00fck\u015fehir Belediyesi gen\u00e7lerin yerel y\u00f6netimde ve kent ya\u015fam\u0131nda aktif rol almas\u0131n\u0131 sa\u011flamak amac\u0131yla Gen\u00e7lik Meclisi olu\u015fturuyor.MU\u011eLA (\u0130GFA) &#8211; Mu\u011fla B\u00fcy\u00fck\u015fehir Belediyesi, gen\u00e7lerin yerel y\u00f6netim s\u00fcre\u00e7lerine do\u011frudan kat\u0131l\u0131m\u0131n\u0131 sa\u011flamak, fikirlerini ifade edebilecekleri ve projelerini hayata ge\u00e7irebilecekleri bir platform olu\u015fturmak amac\u0131yla \u00f6nemli bir ad\u0131m att\u0131. Gen\u00e7lerin toplumsal ya\u015fama daha aktif kat\u0131l\u0131m\u0131n\u0131 hedefleyen &#8220;Gen\u00e7lik Meclisi&#8221; projesi, Haziran Ay\u0131 B\u00fcy\u00fck\u015fehir Belediye Meclisi\u2019nde oy birli\u011fiyle kabul edildi. Yeni kurulacak Gen\u00e7lik Meclisi, kentte ya\u015fayan gen\u00e7lerin yerel y\u00f6netime kat\u0131l\u0131m\u0131n\u0131 g\u00fc\u00e7lendirmekle kalmayacak, ayn\u0131 zamanda demokratik s\u00fcre\u00e7lerde deneyim kazanmalar\u0131na da olanak tan\u0131yacak. Bu platform sayesinde gen\u00e7ler, kent ya\u015fam\u0131na dair \u00f6nerilerini ve ele\u015ftirilerini do\u011frudan y\u00f6netime iletebilecek, sosyal, k\u00fclt\u00fcrel, \u00e7evresel ve e\u011fitim alanlar\u0131nda kendi projelerini geli\u015ftirme f\u0131rsat\u0131 bulacak. MU\u011eLA GEN\u00c7L\u0130K MECL\u0130S\u0130 70 GEN\u00c7LE KURULUYOR Mu\u011fla B\u00fcy\u00fck\u015fehir Belediyesi, gen\u00e7lerin kent y\u00f6netiminde s\u00f6z sahibi olmas\u0131n\u0131 sa\u011flamak amac\u0131yla Mu\u011fla Gen\u00e7lik Meclisini kuruyor. Meclis, toplam 70 gen\u00e7 \u00fcyeden olu\u015facak ve \u00fcyeler, Belediye Meclisi\u2019nin E\u011fitim, K\u00fclt\u00fcr, Gen\u00e7lik ve Spor Komisyonu taraf\u0131ndan ba\u015fvuru yapan adaylar aras\u0131ndan belirlenecek. Gen\u00e7lik Meclisi\u2019nin olu\u015fturulmas\u0131nda temsil \u00e7e\u015fitlili\u011fi ve adil kat\u0131l\u0131m ilkeleri g\u00f6zetilecek. \u00dcyelik yap\u0131s\u0131nda \u015fu kontenjanlar esas al\u0131nacak: Y\u00fczde 40 oran\u0131nda Mu\u011fla\u2019da bulunan liseler ve \u00fcniversitelerde e\u011fitim g\u00f6ren \u00f6\u011frencilerden, y\u00fczde 20 oran\u0131nda Mu\u011fla\u2019daki gen\u00e7lik odakl\u0131 sivil toplum kurulu\u015flar\u0131 ile gen\u00e7lik yap\u0131lanmalar\u0131ndan, y\u00fczde 10 oran\u0131nda kamu kurumlar\u0131n\u0131n gen\u00e7lik temsilcilerinden, y\u00fczde 30 oran\u0131nda, &hellip;\" \/>\n<meta property=\"og:url\" content=\"http:\/\/denizcankizil.tr\/uk\/haberler\/gundem\/muglada-genclik-meclisi-kuruluyor\/\" \/>\n<meta property=\"og:site_name\" content=\"Av. Deniz Can K\u0131z\u0131l\" \/>\n<meta property=\"article:published_time\" content=\"2025-06-18T14:42:34+00:00\" \/>\n<meta name=\"author\" content=\"admin\" \/>\n<meta name=\"twitter:card\" content=\"summary_large_image\" \/>\n<meta name=\"twitter:label1\" content=\"\u041d\u0430\u043f\u0438\u0441\u0430\u043d\u043e\" \/>\n\t<meta name=\"twitter:data1\" content=\"admin\" \/>\n\t<meta name=\"twitter:label2\" content=\"\u041f\u0440\u0438\u0431\u043b. \u0447\u0430\u0441 \u0447\u0438\u0442\u0430\u043d\u043d\u044f\" \/>\n\t<meta name=\"twitter:data2\" content=\"4 \u0445\u0432\u0438\u043b\u0438\u043d\u0438\" \/>\n<script type=\"application\/ld+json\" class=\"yoast-schema-graph\">{\"@context\":\"https:\/\/schema.org\",\"@graph\":[{\"@type\":\"Article\",\"@id\":\"http:\/\/denizcankizil.tr\/ru\/haberler\/gundem\/muglada-genclik-meclisi-kuruluyor\/#article\",\"isPartOf\":{\"@id\":\"http:\/\/denizcankizil.tr\/ru\/haberler\/gundem\/muglada-genclik-meclisi-kuruluyor\/\"},\"author\":{\"name\":\"admin\",\"@id\":\"https:\/\/denizcankizil.tr\/de\/#\/schema\/person\/be3c05fe6a12686905512445d8185489\"},\"headline\":\"Mu\u011fla\u2019da Gen\u00e7lik Meclisi kuruluyor\",\"datePublished\":\"2025-06-18T14:42:34+00:00\",\"mainEntityOfPage\":{\"@id\":\"http:\/\/denizcankizil.tr\/ru\/haberler\/gundem\/muglada-genclik-meclisi-kuruluyor\/\"},\"wordCount\":813,\"publisher\":{\"@id\":\"https:\/\/denizcankizil.tr\/de\/#organization\"},\"articleSection\":[\"G\u00fcndem\"],\"inLanguage\":\"uk\"},{\"@type\":\"WebPage\",\"@id\":\"http:\/\/denizcankizil.tr\/ru\/haberler\/gundem\/muglada-genclik-meclisi-kuruluyor\/\",\"url\":\"http:\/\/denizcankizil.tr\/ru\/haberler\/gundem\/muglada-genclik-meclisi-kuruluyor\/\",\"name\":\"Mu\u011fla\u2019da Gen\u00e7lik Meclisi kuruluyor - Av. Deniz Can K\u0131z\u0131l\",\"isPartOf\":{\"@id\":\"https:\/\/denizcankizil.tr\/de\/#website\"},\"datePublished\":\"2025-06-18T14:42:34+00:00\",\"breadcrumb\":{\"@id\":\"http:\/\/denizcankizil.tr\/ru\/haberler\/gundem\/muglada-genclik-meclisi-kuruluyor\/#breadcrumb\"},\"inLanguage\":\"uk\",\"potentialAction\":[{\"@type\":\"ReadAction\",\"target\":[\"http:\/\/denizcankizil.tr\/ru\/haberler\/gundem\/muglada-genclik-meclisi-kuruluyor\/\"]}]},{\"@type\":\"BreadcrumbList\",\"@id\":\"http:\/\/denizcankizil.tr\/ru\/haberler\/gundem\/muglada-genclik-meclisi-kuruluyor\/#breadcrumb\",\"itemListElement\":[{\"@type\":\"ListItem\",\"position\":1,\"name\":\"Home\",\"item\":\"https:\/\/denizcankizil.tr\/de\/\"},{\"@type\":\"ListItem\",\"position\":2,\"name\":\"Mu\u011fla\u2019da Gen\u00e7lik Meclisi kuruluyor\"}]},{\"@type\":\"WebSite\",\"@id\":\"https:\/\/denizcankizil.tr\/de\/#website\",\"url\":\"https:\/\/denizcankizil.tr\/de\/\",\"name\":\"Av. Deniz Can K\u0131z\u0131l\",\"description\":\"Avukat Deniz Can K\u0131z\u0131l Antalya Barosu\",\"publisher\":{\"@id\":\"https:\/\/denizcankizil.tr\/de\/#organization\"},\"potentialAction\":[{\"@type\":\"SearchAction\",\"target\":{\"@type\":\"EntryPoint\",\"urlTemplate\":\"https:\/\/denizcankizil.tr\/de\/?s={search_term_string}\"},\"query-input\":{\"@type\":\"PropertyValueSpecification\",\"valueRequired\":true,\"valueName\":\"search_term_string\"}}],\"inLanguage\":\"uk\"},{\"@type\":\"Organization\",\"@id\":\"https:\/\/denizcankizil.tr\/de\/#organization\",\"name\":\"Av. Deniz Can K\u0131z\u0131l\",\"url\":\"https:\/\/denizcankizil.tr\/de\/\",\"logo\":{\"@type\":\"ImageObject\",\"inLanguage\":\"uk\",\"@id\":\"https:\/\/denizcankizil.tr\/de\/#\/schema\/logo\/image\/\",\"url\":\"https:\/\/denizcankizil.tr\/wp-content\/uploads\/2024\/10\/siyah-logo-svg.svg\",\"contentUrl\":\"https:\/\/denizcankizil.tr\/wp-content\/uploads\/2024\/10\/siyah-logo-svg.svg\",\"width\":1080,\"height\":1080,\"caption\":\"Av. Deniz Can K\u0131z\u0131l\"},\"image\":{\"@id\":\"https:\/\/denizcankizil.tr\/de\/#\/schema\/logo\/image\/\"}},{\"@type\":\"Person\",\"@id\":\"https:\/\/denizcankizil.tr\/de\/#\/schema\/person\/be3c05fe6a12686905512445d8185489\",\"name\":\"admin\",\"image\":{\"@type\":\"ImageObject\",\"inLanguage\":\"uk\",\"@id\":\"https:\/\/denizcankizil.tr\/de\/#\/schema\/person\/image\/\",\"url\":\"https:\/\/secure.gravatar.com\/avatar\/c1fce94c830dc79107e174f890d7210541c4a63e8e5d816341794a2151c9d58c?s=96&d=mm&r=g\",\"contentUrl\":\"https:\/\/secure.gravatar.com\/avatar\/c1fce94c830dc79107e174f890d7210541c4a63e8e5d816341794a2151c9d58c?s=96&d=mm&r=g\",\"caption\":\"admin\"},\"sameAs\":[\"http:\/\/denizcankizil.tr\"],\"url\":\"https:\/\/www.iskenderun.org\/muglada-genclik-meclisi-kuruluyor\"}]}<\/script>\n<!-- \/ Yoast SEO Premium plugin. -->","yoast_head_json":{"title":"Mu\u011fla\u2019da Gen\u00e7lik Meclisi kuruluyor - Av. Deniz Can K\u0131z\u0131l","robots":{"index":"index","follow":"follow","max-snippet":"max-snippet:-1","max-image-preview":"max-image-preview:large","max-video-preview":"max-video-preview:-1"},"canonical":"http:\/\/denizcankizil.tr\/uk\/haberler\/gundem\/muglada-genclik-meclisi-kuruluyor\/","og_locale":"uk_UA","og_type":"article","og_title":"Mu\u011fla\u2019da Gen\u00e7lik Meclisi kuruluyor","og_description":"Mu\u011fla B\u00fcy\u00fck\u015fehir Belediyesi gen\u00e7lerin yerel y\u00f6netimde ve kent ya\u015fam\u0131nda aktif rol almas\u0131n\u0131 sa\u011flamak amac\u0131yla Gen\u00e7lik Meclisi olu\u015fturuyor.MU\u011eLA (\u0130GFA) &#8211; Mu\u011fla B\u00fcy\u00fck\u015fehir Belediyesi, gen\u00e7lerin yerel y\u00f6netim s\u00fcre\u00e7lerine do\u011frudan kat\u0131l\u0131m\u0131n\u0131 sa\u011flamak, fikirlerini ifade edebilecekleri ve projelerini hayata ge\u00e7irebilecekleri bir platform olu\u015fturmak amac\u0131yla \u00f6nemli bir ad\u0131m att\u0131. Gen\u00e7lerin toplumsal ya\u015fama daha aktif kat\u0131l\u0131m\u0131n\u0131 hedefleyen &#8220;Gen\u00e7lik Meclisi&#8221; projesi, Haziran Ay\u0131 B\u00fcy\u00fck\u015fehir Belediye Meclisi\u2019nde oy birli\u011fiyle kabul edildi. Yeni kurulacak Gen\u00e7lik Meclisi, kentte ya\u015fayan gen\u00e7lerin yerel y\u00f6netime kat\u0131l\u0131m\u0131n\u0131 g\u00fc\u00e7lendirmekle kalmayacak, ayn\u0131 zamanda demokratik s\u00fcre\u00e7lerde deneyim kazanmalar\u0131na da olanak tan\u0131yacak. Bu platform sayesinde gen\u00e7ler, kent ya\u015fam\u0131na dair \u00f6nerilerini ve ele\u015ftirilerini do\u011frudan y\u00f6netime iletebilecek, sosyal, k\u00fclt\u00fcrel, \u00e7evresel ve e\u011fitim alanlar\u0131nda kendi projelerini geli\u015ftirme f\u0131rsat\u0131 bulacak. MU\u011eLA GEN\u00c7L\u0130K MECL\u0130S\u0130 70 GEN\u00c7LE KURULUYOR Mu\u011fla B\u00fcy\u00fck\u015fehir Belediyesi, gen\u00e7lerin kent y\u00f6netiminde s\u00f6z sahibi olmas\u0131n\u0131 sa\u011flamak amac\u0131yla Mu\u011fla Gen\u00e7lik Meclisini kuruyor. Meclis, toplam 70 gen\u00e7 \u00fcyeden olu\u015facak ve \u00fcyeler, Belediye Meclisi\u2019nin E\u011fitim, K\u00fclt\u00fcr, Gen\u00e7lik ve Spor Komisyonu taraf\u0131ndan ba\u015fvuru yapan adaylar aras\u0131ndan belirlenecek. Gen\u00e7lik Meclisi\u2019nin olu\u015fturulmas\u0131nda temsil \u00e7e\u015fitlili\u011fi ve adil kat\u0131l\u0131m ilkeleri g\u00f6zetilecek. \u00dcyelik yap\u0131s\u0131nda \u015fu kontenjanlar esas al\u0131nacak: Y\u00fczde 40 oran\u0131nda Mu\u011fla\u2019da bulunan liseler ve \u00fcniversitelerde e\u011fitim g\u00f6ren \u00f6\u011frencilerden, y\u00fczde 20 oran\u0131nda Mu\u011fla\u2019daki gen\u00e7lik odakl\u0131 sivil toplum kurulu\u015flar\u0131 ile gen\u00e7lik yap\u0131lanmalar\u0131ndan, y\u00fczde 10 oran\u0131nda kamu kurumlar\u0131n\u0131n gen\u00e7lik temsilcilerinden, y\u00fczde 30 oran\u0131nda, &hellip;","og_url":"http:\/\/denizcankizil.tr\/uk\/haberler\/gundem\/muglada-genclik-meclisi-kuruluyor\/","og_site_name":"Av. Deniz Can K\u0131z\u0131l","article_published_time":"2025-06-18T14:42:34+00:00","author":"admin","twitter_card":"summary_large_image","twitter_misc":{"\u041d\u0430\u043f\u0438\u0441\u0430\u043d\u043e":"admin","\u041f\u0440\u0438\u0431\u043b. \u0447\u0430\u0441 \u0447\u0438\u0442\u0430\u043d\u043d\u044f":"4 \u0445\u0432\u0438\u043b\u0438\u043d\u0438"},"schema":{"@context":"https:\/\/schema.org","@graph":[{"@type":"Article","@id":"http:\/\/denizcankizil.tr\/ru\/haberler\/gundem\/muglada-genclik-meclisi-kuruluyor\/#article","isPartOf":{"@id":"http:\/\/denizcankizil.tr\/ru\/haberler\/gundem\/muglada-genclik-meclisi-kuruluyor\/"},"author":{"name":"admin","@id":"https:\/\/denizcankizil.tr\/de\/#\/schema\/person\/be3c05fe6a12686905512445d8185489"},"headline":"Mu\u011fla\u2019da Gen\u00e7lik Meclisi kuruluyor","datePublished":"2025-06-18T14:42:34+00:00","mainEntityOfPage":{"@id":"http:\/\/denizcankizil.tr\/ru\/haberler\/gundem\/muglada-genclik-meclisi-kuruluyor\/"},"wordCount":813,"publisher":{"@id":"https:\/\/denizcankizil.tr\/de\/#organization"},"articleSection":["G\u00fcndem"],"inLanguage":"uk"},{"@type":"WebPage","@id":"http:\/\/denizcankizil.tr\/ru\/haberler\/gundem\/muglada-genclik-meclisi-kuruluyor\/","url":"http:\/\/denizcankizil.tr\/ru\/haberler\/gundem\/muglada-genclik-meclisi-kuruluyor\/","name":"Mu\u011fla\u2019da Gen\u00e7lik Meclisi kuruluyor - Av. Deniz Can K\u0131z\u0131l","isPartOf":{"@id":"https:\/\/denizcankizil.tr\/de\/#website"},"datePublished":"2025-06-18T14:42:34+00:00","breadcrumb":{"@id":"http:\/\/denizcankizil.tr\/ru\/haberler\/gundem\/muglada-genclik-meclisi-kuruluyor\/#breadcrumb"},"inLanguage":"uk","potentialAction":[{"@type":"ReadAction","target":["http:\/\/denizcankizil.tr\/ru\/haberler\/gundem\/muglada-genclik-meclisi-kuruluyor\/"]}]},{"@type":"BreadcrumbList","@id":"http:\/\/denizcankizil.tr\/ru\/haberler\/gundem\/muglada-genclik-meclisi-kuruluyor\/#breadcrumb","itemListElement":[{"@type":"ListItem","position":1,"name":"Home","item":"https:\/\/denizcankizil.tr\/de\/"},{"@type":"ListItem","position":2,"name":"Mu\u011fla\u2019da Gen\u00e7lik Meclisi kuruluyor"}]},{"@type":"WebSite","@id":"https:\/\/denizcankizil.tr\/de\/#website","url":"https:\/\/denizcankizil.tr\/de\/","name":"Av. Deniz Can K\u0131z\u0131l","description":"Avukat Deniz Can K\u0131z\u0131l Antalya Barosu","publisher":{"@id":"https:\/\/denizcankizil.tr\/de\/#organization"},"potentialAction":[{"@type":"SearchAction","target":{"@type":"EntryPoint","urlTemplate":"https:\/\/denizcankizil.tr\/de\/?s={search_term_string}"},"query-input":{"@type":"PropertyValueSpecification","valueRequired":true,"valueName":"search_term_string"}}],"inLanguage":"uk"},{"@type":"Organization","@id":"https:\/\/denizcankizil.tr\/de\/#organization","name":"Av. Deniz Can K\u0131z\u0131l","url":"https:\/\/denizcankizil.tr\/de\/","logo":{"@type":"ImageObject","inLanguage":"uk","@id":"https:\/\/denizcankizil.tr\/de\/#\/schema\/logo\/image\/","url":"https:\/\/denizcankizil.tr\/wp-content\/uploads\/2024\/10\/siyah-logo-svg.svg","contentUrl":"https:\/\/denizcankizil.tr\/wp-content\/uploads\/2024\/10\/siyah-logo-svg.svg","width":1080,"height":1080,"caption":"Av. Deniz Can K\u0131z\u0131l"},"image":{"@id":"https:\/\/denizcankizil.tr\/de\/#\/schema\/logo\/image\/"}},{"@type":"Person","@id":"https:\/\/denizcankizil.tr\/de\/#\/schema\/person\/be3c05fe6a12686905512445d8185489","name":"\u0430\u0434\u043c\u0456\u043d","image":{"@type":"ImageObject","inLanguage":"uk","@id":"https:\/\/denizcankizil.tr\/de\/#\/schema\/person\/image\/","url":"https:\/\/secure.gravatar.com\/avatar\/c1fce94c830dc79107e174f890d7210541c4a63e8e5d816341794a2151c9d58c?s=96&d=mm&r=g","contentUrl":"https:\/\/secure.gravatar.com\/avatar\/c1fce94c830dc79107e174f890d7210541c4a63e8e5d816341794a2151c9d58c?s=96&d=mm&r=g","caption":"admin"},"sameAs":["http:\/\/denizcankizil.tr"],"url":"https:\/\/www.iskenderun.org\/muglada-genclik-meclisi-kuruluyor"}]}},"_links":{"self":[{"href":"https:\/\/denizcankizil.tr\/uk\/wp-json\/wp\/v2\/posts\/119520","targetHints":{"allow":["GET"]}}],"collection":[{"href":"https:\/\/denizcankizil.tr\/uk\/wp-json\/wp\/v2\/posts"}],"about":[{"href":"https:\/\/denizcankizil.tr\/uk\/wp-json\/wp\/v2\/types\/post"}],"author":[{"embeddable":true,"href":"https:\/\/denizcankizil.tr\/uk\/wp-json\/wp\/v2\/users\/1"}],"replies":[{"embeddable":true,"href":"https:\/\/denizcankizil.tr\/uk\/wp-json\/wp\/v2\/comments?post=119520"}],"version-history":[{"count":0,"href":"https:\/\/denizcankizil.tr\/uk\/wp-json\/wp\/v2\/posts\/119520\/revisions"}],"wp:attachment":[{"href":"https:\/\/denizcankizil.tr\/uk\/wp-json\/wp\/v2\/media?parent=119520"}],"wp:term":[{"taxonomy":"category","embeddable":true,"href":"https:\/\/denizcankizil.tr\/uk\/wp-json\/wp\/v2\/categories?post=119520"},{"taxonomy":"post_tag","embeddable":true,"href":"https:\/\/denizcankizil.tr\/uk\/wp-json\/wp\/v2\/tags?post=119520"}],"curies":[{"name":"wp","href":"https:\/\/api.w.org\/{rel}","templated":true}]}}