{"id":119516,"date":"2025-06-18T17:42:29","date_gmt":"2025-06-18T14:42:29","guid":{"rendered":"https:\/\/denizcankizil.tr\/uncategorized-tr\/36-uluslararasi-cocuk-resimleri-yarismasinin-odulleri-sahiplerini-buldu\/"},"modified":"2025-06-18T17:42:29","modified_gmt":"2025-06-18T14:42:29","slug":"36-uluslararasi-cocuk-resimleri-yarismasinin-odulleri-sahiplerini-buldu","status":"publish","type":"post","link":"https:\/\/denizcankizil.tr\/uk\/haberler\/gundem\/36-uluslararasi-cocuk-resimleri-yarismasinin-odulleri-sahiplerini-buldu\/","title":{"rendered":"36. Uluslararas\u0131 \u00e7ocuk resimleri yar\u0131\u015fmas\u0131n\u0131n \u00f6d\u00fclleri sahiplerini buldu"},"content":{"rendered":"<p>Gaziantep B\u00fcy\u00fck\u015fehir Belediyesi ile Mizyal Sanat Evi i\u015f birli\u011finde bu y\u0131l 36\u2019nc\u0131s\u0131 d\u00fczenlenen Uluslararas\u0131 \u00c7ocuk Resimleri Yar\u0131\u015fmas\u0131&#8217;n\u0131n \u00f6d\u00fclleri sahiplerini buldu.GAZ\u0130ANTEP (\u0130GFA) &#8211; Sanat\u0131n olanaklar\u0131yla bar\u0131\u015f i\u00e7inde bir d\u00fcnyada \u00e7ocuklar\u0131n ve gen\u00e7lerin mutlulu\u011funu art\u0131rmak, uluslararas\u0131 k\u00fclt\u00fcrel dostluklar\u0131 g\u00fc\u00e7lendirmek amac\u0131yla d\u00fczenlenen yar\u0131\u015fmaya, 20 \u00fclkeden 184 okul ve 244 \u00f6\u011fretmenin koordinasyonunda, 3 ila 19 ya\u015f aral\u0131\u011f\u0131nda 2 bin 839 \u00f6\u011frenci toplam 3 bin 366 resim ile kat\u0131ld\u0131. De\u011ferlendirme s\u00fcrecinde \u00e7ok say\u0131da sanat\u00e7\u0131 j\u00fcri \u00fcyesi olarak g\u00f6rev ald\u0131.<br \/>\nFERAY YILMAZ: T\u00dcM \u00c7OCUKLAR B\u0130Z\u0130M \u0130\u00c7\u0130N B\u0130R\u0130NC\u0130<br \/>\nGaziantep B\u00fcy\u00fck\u015fehir Belediyesi Ba\u015fkan Vekili Feray Y\u0131lmaz, \u00f6d\u00fcl t\u00f6reninde yapt\u0131\u011f\u0131 konu\u015fmada, \u00e7ocuklar\u0131n hayal g\u00fcc\u00fcn\u00fc yans\u0131tt\u0131klar\u0131 eserlerle yar\u0131\u015fmaya renk katt\u0131\u011f\u0131n\u0131 belirterek \u015funlar\u0131 s\u00f6yledi:<br \/>\n\u201cBirbirinden k\u0131ymetli eserler var. J\u00fcrimizin i\u015fi \u00e7ok zordu. Rekor say\u0131da kat\u0131l\u0131mc\u0131 vard\u0131. \u00c7ocuklar\u0131m\u0131z\u0131 \u00f6zg\u00fcvenleri i\u00e7in tebrik ediyorum. Ailelerimize destekleri i\u00e7in \u00e7ok te\u015fekk\u00fcr ediyorum. T\u00fcm \u00e7ocuklar bizim i\u00e7in birinci.\u201d<br \/>\nNACARO\u011eLU: SANAT HER \u0130NSAN \u0130\u00c7\u0130N \u00d6NEML\u0130<br \/>\nMizyal Sanat Evi Kurucusu Mizyal Karabiber Nacaro\u011flu ise konu\u015fmas\u0131nda, yar\u0131\u015fman\u0131n s\u00fcrd\u00fcr\u00fclebilirli\u011fini sa\u011flayan kat\u0131l\u0131mc\u0131lara te\u015fekk\u00fcr ederek \u015fu ifadeleri kulland\u0131:<br \/>\n\u201cBu yar\u0131\u015fman\u0131n uzun soluklu olmas\u0131n\u0131n sebebi siz kat\u0131l\u0131mc\u0131lar sayesinde. 36 y\u0131l \u00f6nce ba\u015flad\u0131\u011f\u0131m\u0131z bu yolda hala devam ediyoruz. B\u00fcy\u00fck\u015fehir Belediyesinin de destekleriyle bu noktaya geldik. Gittik\u00e7e b\u00fcy\u00fcd\u00fc\u011f\u00fcm\u00fcz\u00fcn fark\u0131nday\u0131z. Sanat her insan i\u00e7in \u00f6nemli.\u201d<br \/>\nJ\u00dcR\u0130 \u00d6ZEL\u0130NDE \u00d6D\u00dcLLER TAKD\u0130M ED\u0130LD\u0130<br \/>\nGBB Onat Kutlar Salonu\u2019nda d\u00fczenlenen \u00f6d\u00fcl t\u00f6reninde, 3-12 ve 13-19 ya\u015f gruplar\u0131ndaki \u00e7ocuklara j\u00fcri de\u011ferlendirmesi sonucunda sergileme, bronz, g\u00fcm\u00fc\u015f ve alt\u0131n madalya ile sertifikalar takdim edildi.<\/p>\n<p>\u200bGaziantep B\u00fcy\u00fck\u015fehir Belediyesi ile Mizyal Sanat Evi i\u015f birli\u011finde bu y\u0131l 36\u2019nc\u0131s\u0131 d\u00fczenlenen Uluslararas\u0131 \u00c7ocuk Resimleri Yar\u0131\u015fmas\u0131&#8217;n\u0131n \u00f6d\u00fclleri sahiplerini buldu.GAZ\u0130ANTEP (\u0130GFA) &#8211; Sanat\u0131n olanaklar\u0131yla bar\u0131\u015f i\u00e7inde bir d\u00fcnyada \u00e7ocuklar\u0131n ve gen\u00e7lerin mutlulu\u011funu art\u0131rmak, uluslararas\u0131 k\u00fclt\u00fcrel dostluklar\u0131 g\u00fc\u00e7lendirmek amac\u0131yla d\u00fczenlenen yar\u0131\u015fmaya, 20 \u00fclkeden 184 okul ve 244 \u00f6\u011fretmenin koordinasyonunda, 3 ila 19 ya\u015f aral\u0131\u011f\u0131nda 2 bin 839 \u00f6\u011frenci toplam 3 bin 366 resim ile kat\u0131ld\u0131. De\u011ferlendirme s\u00fcrecinde \u00e7ok say\u0131da sanat\u00e7\u0131 j\u00fcri \u00fcyesi olarak g\u00f6rev ald\u0131.<br \/>\nFERAY YILMAZ: T\u00dcM \u00c7OCUKLAR B\u0130Z\u0130M \u0130\u00c7\u0130N B\u0130R\u0130NC\u0130<br \/>\nGaziantep B\u00fcy\u00fck\u015fehir Belediyesi Ba\u015fkan Vekili Feray Y\u0131lmaz, \u00f6d\u00fcl t\u00f6reninde yapt\u0131\u011f\u0131 konu\u015fmada, \u00e7ocuklar\u0131n hayal g\u00fcc\u00fcn\u00fc yans\u0131tt\u0131klar\u0131 eserlerle yar\u0131\u015fmaya renk katt\u0131\u011f\u0131n\u0131 belirterek \u015funlar\u0131 s\u00f6yledi:<br \/>\n\u201cBirbirinden k\u0131ymetli eserler var. J\u00fcrimizin i\u015fi \u00e7ok zordu. Rekor say\u0131da kat\u0131l\u0131mc\u0131 vard\u0131. \u00c7ocuklar\u0131m\u0131z\u0131 \u00f6zg\u00fcvenleri i\u00e7in tebrik ediyorum. Ailelerimize destekleri i\u00e7in \u00e7ok te\u015fekk\u00fcr ediyorum. T\u00fcm \u00e7ocuklar bizim i\u00e7in birinci.\u201d<br \/>\nNACARO\u011eLU: SANAT HER \u0130NSAN \u0130\u00c7\u0130N \u00d6NEML\u0130<br \/>\nMizyal Sanat Evi Kurucusu Mizyal Karabiber Nacaro\u011flu ise konu\u015fmas\u0131nda, yar\u0131\u015fman\u0131n s\u00fcrd\u00fcr\u00fclebilirli\u011fini sa\u011flayan kat\u0131l\u0131mc\u0131lara te\u015fekk\u00fcr ederek \u015fu ifadeleri kulland\u0131:<br \/>\n\u201cBu yar\u0131\u015fman\u0131n uzun soluklu olmas\u0131n\u0131n sebebi siz kat\u0131l\u0131mc\u0131lar sayesinde. 36 y\u0131l \u00f6nce ba\u015flad\u0131\u011f\u0131m\u0131z bu yolda hala devam ediyoruz. B\u00fcy\u00fck\u015fehir Belediyesinin de destekleriyle bu noktaya geldik. Gittik\u00e7e b\u00fcy\u00fcd\u00fc\u011f\u00fcm\u00fcz\u00fcn fark\u0131nday\u0131z. Sanat her insan i\u00e7in \u00f6nemli.\u201d<br \/>\nJ\u00dcR\u0130 \u00d6ZEL\u0130NDE \u00d6D\u00dcLLER TAKD\u0130M ED\u0130LD\u0130<br \/>\nGBB Onat Kutlar Salonu\u2019nda d\u00fczenlenen \u00f6d\u00fcl t\u00f6reninde, 3-12 ve 13-19 ya\u015f gruplar\u0131ndaki \u00e7ocuklara j\u00fcri de\u011ferlendirmesi sonucunda sergileme, bronz, g\u00fcm\u00fc\u015f ve alt\u0131n madalya ile sertifikalar takdim edildi.\u00a0<\/p>\n<p>\u200bHaberin Al\u0131nt\u0131land\u0131\u011f\u0131 Kaynak: www.iskenderun.org<\/p>","protected":false},"excerpt":{"rendered":"<p>Gaziantep B\u00fcy\u00fck\u015fehir Belediyesi ile Mizyal Sanat Evi i\u015f birli\u011finde bu y\u0131l 36\u2019nc\u0131s\u0131 d\u00fczenlenen Uluslararas\u0131 \u00c7ocuk Resimleri Yar\u0131\u015fmas\u0131&#8217;n\u0131n \u00f6d\u00fclleri sahiplerini buldu.GAZ\u0130ANTEP (\u0130GFA) &#8211; Sanat\u0131n olanaklar\u0131yla bar\u0131\u015f i\u00e7inde bir d\u00fcnyada \u00e7ocuklar\u0131n ve gen\u00e7lerin mutlulu\u011funu art\u0131rmak, uluslararas\u0131 k\u00fclt\u00fcrel dostluklar\u0131 g\u00fc\u00e7lendirmek amac\u0131yla d\u00fczenlenen yar\u0131\u015fmaya, 20 \u00fclkeden 184 okul ve 244 \u00f6\u011fretmenin koordinasyonunda, 3 ila 19 ya\u015f aral\u0131\u011f\u0131nda 2 bin 839 \u00f6\u011frenci toplam 3 bin 366 resim ile kat\u0131ld\u0131. De\u011ferlendirme s\u00fcrecinde \u00e7ok say\u0131da sanat\u00e7\u0131 j\u00fcri \u00fcyesi olarak g\u00f6rev ald\u0131. FERAY YILMAZ: T\u00dcM \u00c7OCUKLAR B\u0130Z\u0130M \u0130\u00c7\u0130N B\u0130R\u0130NC\u0130 Gaziantep B\u00fcy\u00fck\u015fehir Belediyesi Ba\u015fkan Vekili Feray Y\u0131lmaz, \u00f6d\u00fcl t\u00f6reninde yapt\u0131\u011f\u0131 konu\u015fmada, \u00e7ocuklar\u0131n hayal g\u00fcc\u00fcn\u00fc yans\u0131tt\u0131klar\u0131 eserlerle yar\u0131\u015fmaya renk katt\u0131\u011f\u0131n\u0131 belirterek \u015funlar\u0131 s\u00f6yledi: \u201cBirbirinden k\u0131ymetli eserler var. J\u00fcrimizin i\u015fi \u00e7ok zordu. Rekor say\u0131da kat\u0131l\u0131mc\u0131 vard\u0131. \u00c7ocuklar\u0131m\u0131z\u0131 \u00f6zg\u00fcvenleri i\u00e7in tebrik ediyorum. Ailelerimize destekleri i\u00e7in \u00e7ok te\u015fekk\u00fcr ediyorum. T\u00fcm \u00e7ocuklar bizim i\u00e7in birinci.\u201d NACARO\u011eLU: SANAT HER \u0130NSAN \u0130\u00c7\u0130N \u00d6NEML\u0130 Mizyal Sanat Evi Kurucusu Mizyal Karabiber Nacaro\u011flu ise konu\u015fmas\u0131nda, yar\u0131\u015fman\u0131n s\u00fcrd\u00fcr\u00fclebilirli\u011fini sa\u011flayan kat\u0131l\u0131mc\u0131lara te\u015fekk\u00fcr ederek \u015fu ifadeleri kulland\u0131: \u201cBu yar\u0131\u015fman\u0131n uzun soluklu olmas\u0131n\u0131n sebebi siz kat\u0131l\u0131mc\u0131lar sayesinde. 36 y\u0131l \u00f6nce ba\u015flad\u0131\u011f\u0131m\u0131z bu yolda hala devam ediyoruz. B\u00fcy\u00fck\u015fehir Belediyesinin de destekleriyle bu noktaya geldik. Gittik\u00e7e b\u00fcy\u00fcd\u00fc\u011f\u00fcm\u00fcz\u00fcn fark\u0131nday\u0131z. Sanat her insan i\u00e7in \u00f6nemli.\u201d J\u00dcR\u0130 \u00d6ZEL\u0130NDE \u00d6D\u00dcLLER TAKD\u0130M ED\u0130LD\u0130 GBB Onat Kutlar Salonu\u2019nda d\u00fczenlenen \u00f6d\u00fcl t\u00f6reninde, &hellip;<\/p>","protected":false},"author":1,"featured_media":0,"comment_status":"","ping_status":"open","sticky":false,"template":"","format":"standard","meta":{"_acf_changed":false,"footnotes":""},"categories":[24],"tags":[],"class_list":["post-119516","post","type-post","status-publish","format-standard","has-post-thumbnail","hentry","category-gundem"],"acf":[],"yoast_head":"<!-- This site is optimized with the Yoast SEO Premium plugin v26.6 (Yoast SEO v27.1.1) - https:\/\/yoast.com\/product\/yoast-seo-premium-wordpress\/ -->\n<title>36. Uluslararas\u0131 \u00e7ocuk resimleri yar\u0131\u015fmas\u0131n\u0131n \u00f6d\u00fclleri sahiplerini buldu - Av. Deniz Can K\u0131z\u0131l<\/title>\n<meta name=\"robots\" content=\"index, follow, max-snippet:-1, max-image-preview:large, max-video-preview:-1\" \/>\n<link rel=\"canonical\" href=\"https:\/\/denizcankizil.tr\/uk\/haberler\/gundem\/36-uluslararasi-cocuk-resimleri-yarismasinin-odulleri-sahiplerini-buldu\/\" \/>\n<meta property=\"og:locale\" content=\"uk_UA\" \/>\n<meta property=\"og:type\" content=\"article\" \/>\n<meta property=\"og:title\" content=\"36. Uluslararas\u0131 \u00e7ocuk resimleri yar\u0131\u015fmas\u0131n\u0131n \u00f6d\u00fclleri sahiplerini buldu\" \/>\n<meta property=\"og:description\" content=\"Gaziantep B\u00fcy\u00fck\u015fehir Belediyesi ile Mizyal Sanat Evi i\u015f birli\u011finde bu y\u0131l 36\u2019nc\u0131s\u0131 d\u00fczenlenen Uluslararas\u0131 \u00c7ocuk Resimleri Yar\u0131\u015fmas\u0131&#8217;n\u0131n \u00f6d\u00fclleri sahiplerini buldu.GAZ\u0130ANTEP (\u0130GFA) &#8211; Sanat\u0131n olanaklar\u0131yla bar\u0131\u015f i\u00e7inde bir d\u00fcnyada \u00e7ocuklar\u0131n ve gen\u00e7lerin mutlulu\u011funu art\u0131rmak, uluslararas\u0131 k\u00fclt\u00fcrel dostluklar\u0131 g\u00fc\u00e7lendirmek amac\u0131yla d\u00fczenlenen yar\u0131\u015fmaya, 20 \u00fclkeden 184 okul ve 244 \u00f6\u011fretmenin koordinasyonunda, 3 ila 19 ya\u015f aral\u0131\u011f\u0131nda 2 bin 839 \u00f6\u011frenci toplam 3 bin 366 resim ile kat\u0131ld\u0131. De\u011ferlendirme s\u00fcrecinde \u00e7ok say\u0131da sanat\u00e7\u0131 j\u00fcri \u00fcyesi olarak g\u00f6rev ald\u0131. FERAY YILMAZ: T\u00dcM \u00c7OCUKLAR B\u0130Z\u0130M \u0130\u00c7\u0130N B\u0130R\u0130NC\u0130 Gaziantep B\u00fcy\u00fck\u015fehir Belediyesi Ba\u015fkan Vekili Feray Y\u0131lmaz, \u00f6d\u00fcl t\u00f6reninde yapt\u0131\u011f\u0131 konu\u015fmada, \u00e7ocuklar\u0131n hayal g\u00fcc\u00fcn\u00fc yans\u0131tt\u0131klar\u0131 eserlerle yar\u0131\u015fmaya renk katt\u0131\u011f\u0131n\u0131 belirterek \u015funlar\u0131 s\u00f6yledi: \u201cBirbirinden k\u0131ymetli eserler var. J\u00fcrimizin i\u015fi \u00e7ok zordu. Rekor say\u0131da kat\u0131l\u0131mc\u0131 vard\u0131. \u00c7ocuklar\u0131m\u0131z\u0131 \u00f6zg\u00fcvenleri i\u00e7in tebrik ediyorum. Ailelerimize destekleri i\u00e7in \u00e7ok te\u015fekk\u00fcr ediyorum. T\u00fcm \u00e7ocuklar bizim i\u00e7in birinci.\u201d NACARO\u011eLU: SANAT HER \u0130NSAN \u0130\u00c7\u0130N \u00d6NEML\u0130 Mizyal Sanat Evi Kurucusu Mizyal Karabiber Nacaro\u011flu ise konu\u015fmas\u0131nda, yar\u0131\u015fman\u0131n s\u00fcrd\u00fcr\u00fclebilirli\u011fini sa\u011flayan kat\u0131l\u0131mc\u0131lara te\u015fekk\u00fcr ederek \u015fu ifadeleri kulland\u0131: \u201cBu yar\u0131\u015fman\u0131n uzun soluklu olmas\u0131n\u0131n sebebi siz kat\u0131l\u0131mc\u0131lar sayesinde. 36 y\u0131l \u00f6nce ba\u015flad\u0131\u011f\u0131m\u0131z bu yolda hala devam ediyoruz. B\u00fcy\u00fck\u015fehir Belediyesinin de destekleriyle bu noktaya geldik. Gittik\u00e7e b\u00fcy\u00fcd\u00fc\u011f\u00fcm\u00fcz\u00fcn fark\u0131nday\u0131z. Sanat her insan i\u00e7in \u00f6nemli.\u201d J\u00dcR\u0130 \u00d6ZEL\u0130NDE \u00d6D\u00dcLLER TAKD\u0130M ED\u0130LD\u0130 GBB Onat Kutlar Salonu\u2019nda d\u00fczenlenen \u00f6d\u00fcl t\u00f6reninde, &hellip;\" \/>\n<meta property=\"og:url\" content=\"https:\/\/denizcankizil.tr\/uk\/haberler\/gundem\/36-uluslararasi-cocuk-resimleri-yarismasinin-odulleri-sahiplerini-buldu\/\" \/>\n<meta property=\"og:site_name\" content=\"Av. Deniz Can K\u0131z\u0131l\" \/>\n<meta property=\"article:published_time\" content=\"2025-06-18T14:42:29+00:00\" \/>\n<meta name=\"author\" content=\"admin\" \/>\n<meta name=\"twitter:card\" content=\"summary_large_image\" \/>\n<meta name=\"twitter:label1\" content=\"\u041d\u0430\u043f\u0438\u0441\u0430\u043d\u043e\" \/>\n\t<meta name=\"twitter:data1\" content=\"admin\" \/>\n\t<meta name=\"twitter:label2\" content=\"\u041f\u0440\u0438\u0431\u043b. \u0447\u0430\u0441 \u0447\u0438\u0442\u0430\u043d\u043d\u044f\" \/>\n\t<meta name=\"twitter:data2\" content=\"3 \u0445\u0432\u0438\u043b\u0438\u043d\u0438\" \/>\n<script type=\"application\/ld+json\" class=\"yoast-schema-graph\">{\"@context\":\"https:\/\/schema.org\",\"@graph\":[{\"@type\":\"Article\",\"@id\":\"https:\/\/denizcankizil.tr\/uk\/haberler\/gundem\/36-uluslararasi-cocuk-resimleri-yarismasinin-odulleri-sahiplerini-buldu\/#article\",\"isPartOf\":{\"@id\":\"https:\/\/denizcankizil.tr\/uk\/haberler\/gundem\/36-uluslararasi-cocuk-resimleri-yarismasinin-odulleri-sahiplerini-buldu\/\"},\"author\":{\"name\":\"admin\",\"@id\":\"https:\/\/denizcankizil.tr\/de\/#\/schema\/person\/be3c05fe6a12686905512445d8185489\"},\"headline\":\"36. Uluslararas\u0131 \u00e7ocuk resimleri yar\u0131\u015fmas\u0131n\u0131n \u00f6d\u00fclleri sahiplerini buldu\",\"datePublished\":\"2025-06-18T14:42:29+00:00\",\"mainEntityOfPage\":{\"@id\":\"https:\/\/denizcankizil.tr\/uk\/haberler\/gundem\/36-uluslararasi-cocuk-resimleri-yarismasinin-odulleri-sahiplerini-buldu\/\"},\"wordCount\":683,\"publisher\":{\"@id\":\"https:\/\/denizcankizil.tr\/de\/#organization\"},\"articleSection\":[\"G\u00fcndem\"],\"inLanguage\":\"uk\"},{\"@type\":\"WebPage\",\"@id\":\"https:\/\/denizcankizil.tr\/uk\/haberler\/gundem\/36-uluslararasi-cocuk-resimleri-yarismasinin-odulleri-sahiplerini-buldu\/\",\"url\":\"https:\/\/denizcankizil.tr\/uk\/haberler\/gundem\/36-uluslararasi-cocuk-resimleri-yarismasinin-odulleri-sahiplerini-buldu\/\",\"name\":\"36. Uluslararas\u0131 \u00e7ocuk resimleri yar\u0131\u015fmas\u0131n\u0131n \u00f6d\u00fclleri sahiplerini buldu - Av. Deniz Can K\u0131z\u0131l\",\"isPartOf\":{\"@id\":\"https:\/\/denizcankizil.tr\/de\/#website\"},\"datePublished\":\"2025-06-18T14:42:29+00:00\",\"breadcrumb\":{\"@id\":\"https:\/\/denizcankizil.tr\/uk\/haberler\/gundem\/36-uluslararasi-cocuk-resimleri-yarismasinin-odulleri-sahiplerini-buldu\/#breadcrumb\"},\"inLanguage\":\"uk\",\"potentialAction\":[{\"@type\":\"ReadAction\",\"target\":[\"https:\/\/denizcankizil.tr\/uk\/haberler\/gundem\/36-uluslararasi-cocuk-resimleri-yarismasinin-odulleri-sahiplerini-buldu\/\"]}]},{\"@type\":\"BreadcrumbList\",\"@id\":\"https:\/\/denizcankizil.tr\/uk\/haberler\/gundem\/36-uluslararasi-cocuk-resimleri-yarismasinin-odulleri-sahiplerini-buldu\/#breadcrumb\",\"itemListElement\":[{\"@type\":\"ListItem\",\"position\":1,\"name\":\"Home\",\"item\":\"https:\/\/denizcankizil.tr\/de\/\"},{\"@type\":\"ListItem\",\"position\":2,\"name\":\"36. Uluslararas\u0131 \u00e7ocuk resimleri yar\u0131\u015fmas\u0131n\u0131n \u00f6d\u00fclleri sahiplerini buldu\"}]},{\"@type\":\"WebSite\",\"@id\":\"https:\/\/denizcankizil.tr\/de\/#website\",\"url\":\"https:\/\/denizcankizil.tr\/de\/\",\"name\":\"Av. Deniz Can K\u0131z\u0131l\",\"description\":\"Avukat Deniz Can K\u0131z\u0131l Antalya Barosu\",\"publisher\":{\"@id\":\"https:\/\/denizcankizil.tr\/de\/#organization\"},\"potentialAction\":[{\"@type\":\"SearchAction\",\"target\":{\"@type\":\"EntryPoint\",\"urlTemplate\":\"https:\/\/denizcankizil.tr\/de\/?s={search_term_string}\"},\"query-input\":{\"@type\":\"PropertyValueSpecification\",\"valueRequired\":true,\"valueName\":\"search_term_string\"}}],\"inLanguage\":\"uk\"},{\"@type\":\"Organization\",\"@id\":\"https:\/\/denizcankizil.tr\/de\/#organization\",\"name\":\"Av. Deniz Can K\u0131z\u0131l\",\"url\":\"https:\/\/denizcankizil.tr\/de\/\",\"logo\":{\"@type\":\"ImageObject\",\"inLanguage\":\"uk\",\"@id\":\"https:\/\/denizcankizil.tr\/de\/#\/schema\/logo\/image\/\",\"url\":\"https:\/\/denizcankizil.tr\/wp-content\/uploads\/2024\/10\/siyah-logo-svg.svg\",\"contentUrl\":\"https:\/\/denizcankizil.tr\/wp-content\/uploads\/2024\/10\/siyah-logo-svg.svg\",\"width\":1080,\"height\":1080,\"caption\":\"Av. Deniz Can K\u0131z\u0131l\"},\"image\":{\"@id\":\"https:\/\/denizcankizil.tr\/de\/#\/schema\/logo\/image\/\"}},{\"@type\":\"Person\",\"@id\":\"https:\/\/denizcankizil.tr\/de\/#\/schema\/person\/be3c05fe6a12686905512445d8185489\",\"name\":\"admin\",\"image\":{\"@type\":\"ImageObject\",\"inLanguage\":\"uk\",\"@id\":\"https:\/\/denizcankizil.tr\/de\/#\/schema\/person\/image\/\",\"url\":\"https:\/\/secure.gravatar.com\/avatar\/c1fce94c830dc79107e174f890d7210541c4a63e8e5d816341794a2151c9d58c?s=96&d=mm&r=g\",\"contentUrl\":\"https:\/\/secure.gravatar.com\/avatar\/c1fce94c830dc79107e174f890d7210541c4a63e8e5d816341794a2151c9d58c?s=96&d=mm&r=g\",\"caption\":\"admin\"},\"sameAs\":[\"http:\/\/denizcankizil.tr\"],\"url\":\"https:\/\/www.iskenderun.org\/36-uluslararasi-cocuk-resimleri-yarismasinin-odulleri-sahiplerini-buldu\"}]}<\/script>\n<!-- \/ Yoast SEO Premium plugin. -->","yoast_head_json":{"title":"36. Uluslararas\u0131 \u00e7ocuk resimleri yar\u0131\u015fmas\u0131n\u0131n \u00f6d\u00fclleri sahiplerini buldu - Av. Deniz Can K\u0131z\u0131l","robots":{"index":"index","follow":"follow","max-snippet":"max-snippet:-1","max-image-preview":"max-image-preview:large","max-video-preview":"max-video-preview:-1"},"canonical":"https:\/\/denizcankizil.tr\/uk\/haberler\/gundem\/36-uluslararasi-cocuk-resimleri-yarismasinin-odulleri-sahiplerini-buldu\/","og_locale":"uk_UA","og_type":"article","og_title":"36. Uluslararas\u0131 \u00e7ocuk resimleri yar\u0131\u015fmas\u0131n\u0131n \u00f6d\u00fclleri sahiplerini buldu","og_description":"Gaziantep B\u00fcy\u00fck\u015fehir Belediyesi ile Mizyal Sanat Evi i\u015f birli\u011finde bu y\u0131l 36\u2019nc\u0131s\u0131 d\u00fczenlenen Uluslararas\u0131 \u00c7ocuk Resimleri Yar\u0131\u015fmas\u0131&#8217;n\u0131n \u00f6d\u00fclleri sahiplerini buldu.GAZ\u0130ANTEP (\u0130GFA) &#8211; Sanat\u0131n olanaklar\u0131yla bar\u0131\u015f i\u00e7inde bir d\u00fcnyada \u00e7ocuklar\u0131n ve gen\u00e7lerin mutlulu\u011funu art\u0131rmak, uluslararas\u0131 k\u00fclt\u00fcrel dostluklar\u0131 g\u00fc\u00e7lendirmek amac\u0131yla d\u00fczenlenen yar\u0131\u015fmaya, 20 \u00fclkeden 184 okul ve 244 \u00f6\u011fretmenin koordinasyonunda, 3 ila 19 ya\u015f aral\u0131\u011f\u0131nda 2 bin 839 \u00f6\u011frenci toplam 3 bin 366 resim ile kat\u0131ld\u0131. De\u011ferlendirme s\u00fcrecinde \u00e7ok say\u0131da sanat\u00e7\u0131 j\u00fcri \u00fcyesi olarak g\u00f6rev ald\u0131. FERAY YILMAZ: T\u00dcM \u00c7OCUKLAR B\u0130Z\u0130M \u0130\u00c7\u0130N B\u0130R\u0130NC\u0130 Gaziantep B\u00fcy\u00fck\u015fehir Belediyesi Ba\u015fkan Vekili Feray Y\u0131lmaz, \u00f6d\u00fcl t\u00f6reninde yapt\u0131\u011f\u0131 konu\u015fmada, \u00e7ocuklar\u0131n hayal g\u00fcc\u00fcn\u00fc yans\u0131tt\u0131klar\u0131 eserlerle yar\u0131\u015fmaya renk katt\u0131\u011f\u0131n\u0131 belirterek \u015funlar\u0131 s\u00f6yledi: \u201cBirbirinden k\u0131ymetli eserler var. J\u00fcrimizin i\u015fi \u00e7ok zordu. Rekor say\u0131da kat\u0131l\u0131mc\u0131 vard\u0131. \u00c7ocuklar\u0131m\u0131z\u0131 \u00f6zg\u00fcvenleri i\u00e7in tebrik ediyorum. Ailelerimize destekleri i\u00e7in \u00e7ok te\u015fekk\u00fcr ediyorum. T\u00fcm \u00e7ocuklar bizim i\u00e7in birinci.\u201d NACARO\u011eLU: SANAT HER \u0130NSAN \u0130\u00c7\u0130N \u00d6NEML\u0130 Mizyal Sanat Evi Kurucusu Mizyal Karabiber Nacaro\u011flu ise konu\u015fmas\u0131nda, yar\u0131\u015fman\u0131n s\u00fcrd\u00fcr\u00fclebilirli\u011fini sa\u011flayan kat\u0131l\u0131mc\u0131lara te\u015fekk\u00fcr ederek \u015fu ifadeleri kulland\u0131: \u201cBu yar\u0131\u015fman\u0131n uzun soluklu olmas\u0131n\u0131n sebebi siz kat\u0131l\u0131mc\u0131lar sayesinde. 36 y\u0131l \u00f6nce ba\u015flad\u0131\u011f\u0131m\u0131z bu yolda hala devam ediyoruz. B\u00fcy\u00fck\u015fehir Belediyesinin de destekleriyle bu noktaya geldik. Gittik\u00e7e b\u00fcy\u00fcd\u00fc\u011f\u00fcm\u00fcz\u00fcn fark\u0131nday\u0131z. Sanat her insan i\u00e7in \u00f6nemli.\u201d J\u00dcR\u0130 \u00d6ZEL\u0130NDE \u00d6D\u00dcLLER TAKD\u0130M ED\u0130LD\u0130 GBB Onat Kutlar Salonu\u2019nda d\u00fczenlenen \u00f6d\u00fcl t\u00f6reninde, &hellip;","og_url":"https:\/\/denizcankizil.tr\/uk\/haberler\/gundem\/36-uluslararasi-cocuk-resimleri-yarismasinin-odulleri-sahiplerini-buldu\/","og_site_name":"Av. Deniz Can K\u0131z\u0131l","article_published_time":"2025-06-18T14:42:29+00:00","author":"admin","twitter_card":"summary_large_image","twitter_misc":{"\u041d\u0430\u043f\u0438\u0441\u0430\u043d\u043e":"admin","\u041f\u0440\u0438\u0431\u043b. \u0447\u0430\u0441 \u0447\u0438\u0442\u0430\u043d\u043d\u044f":"3 \u0445\u0432\u0438\u043b\u0438\u043d\u0438"},"schema":{"@context":"https:\/\/schema.org","@graph":[{"@type":"Article","@id":"https:\/\/denizcankizil.tr\/uk\/haberler\/gundem\/36-uluslararasi-cocuk-resimleri-yarismasinin-odulleri-sahiplerini-buldu\/#article","isPartOf":{"@id":"https:\/\/denizcankizil.tr\/uk\/haberler\/gundem\/36-uluslararasi-cocuk-resimleri-yarismasinin-odulleri-sahiplerini-buldu\/"},"author":{"name":"admin","@id":"https:\/\/denizcankizil.tr\/de\/#\/schema\/person\/be3c05fe6a12686905512445d8185489"},"headline":"36. Uluslararas\u0131 \u00e7ocuk resimleri yar\u0131\u015fmas\u0131n\u0131n \u00f6d\u00fclleri sahiplerini buldu","datePublished":"2025-06-18T14:42:29+00:00","mainEntityOfPage":{"@id":"https:\/\/denizcankizil.tr\/uk\/haberler\/gundem\/36-uluslararasi-cocuk-resimleri-yarismasinin-odulleri-sahiplerini-buldu\/"},"wordCount":683,"publisher":{"@id":"https:\/\/denizcankizil.tr\/de\/#organization"},"articleSection":["G\u00fcndem"],"inLanguage":"uk"},{"@type":"WebPage","@id":"https:\/\/denizcankizil.tr\/uk\/haberler\/gundem\/36-uluslararasi-cocuk-resimleri-yarismasinin-odulleri-sahiplerini-buldu\/","url":"https:\/\/denizcankizil.tr\/uk\/haberler\/gundem\/36-uluslararasi-cocuk-resimleri-yarismasinin-odulleri-sahiplerini-buldu\/","name":"36. Uluslararas\u0131 \u00e7ocuk resimleri yar\u0131\u015fmas\u0131n\u0131n \u00f6d\u00fclleri sahiplerini buldu - Av. Deniz Can K\u0131z\u0131l","isPartOf":{"@id":"https:\/\/denizcankizil.tr\/de\/#website"},"datePublished":"2025-06-18T14:42:29+00:00","breadcrumb":{"@id":"https:\/\/denizcankizil.tr\/uk\/haberler\/gundem\/36-uluslararasi-cocuk-resimleri-yarismasinin-odulleri-sahiplerini-buldu\/#breadcrumb"},"inLanguage":"uk","potentialAction":[{"@type":"ReadAction","target":["https:\/\/denizcankizil.tr\/uk\/haberler\/gundem\/36-uluslararasi-cocuk-resimleri-yarismasinin-odulleri-sahiplerini-buldu\/"]}]},{"@type":"BreadcrumbList","@id":"https:\/\/denizcankizil.tr\/uk\/haberler\/gundem\/36-uluslararasi-cocuk-resimleri-yarismasinin-odulleri-sahiplerini-buldu\/#breadcrumb","itemListElement":[{"@type":"ListItem","position":1,"name":"Home","item":"https:\/\/denizcankizil.tr\/de\/"},{"@type":"ListItem","position":2,"name":"36. Uluslararas\u0131 \u00e7ocuk resimleri yar\u0131\u015fmas\u0131n\u0131n \u00f6d\u00fclleri sahiplerini buldu"}]},{"@type":"WebSite","@id":"https:\/\/denizcankizil.tr\/de\/#website","url":"https:\/\/denizcankizil.tr\/de\/","name":"Av. Deniz Can K\u0131z\u0131l","description":"Avukat Deniz Can K\u0131z\u0131l Antalya Barosu","publisher":{"@id":"https:\/\/denizcankizil.tr\/de\/#organization"},"potentialAction":[{"@type":"SearchAction","target":{"@type":"EntryPoint","urlTemplate":"https:\/\/denizcankizil.tr\/de\/?s={search_term_string}"},"query-input":{"@type":"PropertyValueSpecification","valueRequired":true,"valueName":"search_term_string"}}],"inLanguage":"uk"},{"@type":"Organization","@id":"https:\/\/denizcankizil.tr\/de\/#organization","name":"Av. Deniz Can K\u0131z\u0131l","url":"https:\/\/denizcankizil.tr\/de\/","logo":{"@type":"ImageObject","inLanguage":"uk","@id":"https:\/\/denizcankizil.tr\/de\/#\/schema\/logo\/image\/","url":"https:\/\/denizcankizil.tr\/wp-content\/uploads\/2024\/10\/siyah-logo-svg.svg","contentUrl":"https:\/\/denizcankizil.tr\/wp-content\/uploads\/2024\/10\/siyah-logo-svg.svg","width":1080,"height":1080,"caption":"Av. Deniz Can K\u0131z\u0131l"},"image":{"@id":"https:\/\/denizcankizil.tr\/de\/#\/schema\/logo\/image\/"}},{"@type":"Person","@id":"https:\/\/denizcankizil.tr\/de\/#\/schema\/person\/be3c05fe6a12686905512445d8185489","name":"\u0430\u0434\u043c\u0456\u043d","image":{"@type":"ImageObject","inLanguage":"uk","@id":"https:\/\/denizcankizil.tr\/de\/#\/schema\/person\/image\/","url":"https:\/\/secure.gravatar.com\/avatar\/c1fce94c830dc79107e174f890d7210541c4a63e8e5d816341794a2151c9d58c?s=96&d=mm&r=g","contentUrl":"https:\/\/secure.gravatar.com\/avatar\/c1fce94c830dc79107e174f890d7210541c4a63e8e5d816341794a2151c9d58c?s=96&d=mm&r=g","caption":"admin"},"sameAs":["http:\/\/denizcankizil.tr"],"url":"https:\/\/www.iskenderun.org\/36-uluslararasi-cocuk-resimleri-yarismasinin-odulleri-sahiplerini-buldu"}]}},"_links":{"self":[{"href":"https:\/\/denizcankizil.tr\/uk\/wp-json\/wp\/v2\/posts\/119516","targetHints":{"allow":["GET"]}}],"collection":[{"href":"https:\/\/denizcankizil.tr\/uk\/wp-json\/wp\/v2\/posts"}],"about":[{"href":"https:\/\/denizcankizil.tr\/uk\/wp-json\/wp\/v2\/types\/post"}],"author":[{"embeddable":true,"href":"https:\/\/denizcankizil.tr\/uk\/wp-json\/wp\/v2\/users\/1"}],"replies":[{"embeddable":true,"href":"https:\/\/denizcankizil.tr\/uk\/wp-json\/wp\/v2\/comments?post=119516"}],"version-history":[{"count":0,"href":"https:\/\/denizcankizil.tr\/uk\/wp-json\/wp\/v2\/posts\/119516\/revisions"}],"wp:attachment":[{"href":"https:\/\/denizcankizil.tr\/uk\/wp-json\/wp\/v2\/media?parent=119516"}],"wp:term":[{"taxonomy":"category","embeddable":true,"href":"https:\/\/denizcankizil.tr\/uk\/wp-json\/wp\/v2\/categories?post=119516"},{"taxonomy":"post_tag","embeddable":true,"href":"https:\/\/denizcankizil.tr\/uk\/wp-json\/wp\/v2\/tags?post=119516"}],"curies":[{"name":"wp","href":"https:\/\/api.w.org\/{rel}","templated":true}]}}