{"id":118463,"date":"2025-06-17T11:41:22","date_gmt":"2025-06-17T08:41:22","guid":{"rendered":"https:\/\/denizcankizil.tr\/uncategorized-tr\/manavgatta-otomobil-tur-aracina-carpti\/"},"modified":"2025-06-17T11:41:22","modified_gmt":"2025-06-17T08:41:22","slug":"manavgatta-otomobil-tur-aracina-carpti","status":"publish","type":"post","link":"https:\/\/denizcankizil.tr\/uk\/haberler\/antalya\/manavgatta-otomobil-tur-aracina-carpti\/","title":{"rendered":"Manavgat&#8217;ta otomobil tur arac\u0131na \u00e7arpt\u0131"},"content":{"rendered":"<p>Kaza, Manavgat il\u00e7esi Evrenseki Mahallesi Cumhuriyet Caddesi&#8217;nde meydana geldi. Edinilen bilgiye g\u00f6re, Kumk\u00f6y y\u00f6n\u00fcne seyreden H\u00fclya A.&#8217;\u0131n kulland\u0131\u011f\u0131 07 LKP 28 plakal\u0131 otomobil, kav\u015fakta \u015e\u00fckr\u00fc \u0130.&#8217;nin kulland\u0131\u011f\u0131 07 AEV 458 plakal\u0131 tur arac\u0131na yandan \u00e7arpt\u0131. Kazada otomobil s\u00fcr\u00fcc\u00fcs\u00fc H\u00fclya A. ve yan\u0131ndaki Burcu A. ile tur arac\u0131ndaki Stefan Zellmer, Luca Marv\u0131n Merl\u0131ng ve Helena Longen isimli Alman turistler yaraland\u0131. Yaral\u0131lar, 112 sa\u011fl\u0131k ekiplerinin olay yerindeki m\u00fcdahalelerinin ard\u0131ndan ambulanslarla Manavgat Devlet Hastanesi, \u00d6zel Side Anadolu Hastanesi ve \u00d6zel Akdeniz Hastanesine kald\u0131r\u0131ld\u0131. G\u00fcvenlik kameras\u0131na anbean yans\u0131yan kazayla ilgili inceleme ba\u015flat\u0131ld\u0131.<\/p>\n<p>Kaynak: www.kanalv.com.tr Haber Sitesinden Al\u0131nm\u0131\u015ft\u0131r.<\/p>","protected":false},"excerpt":{"rendered":"<p>Kaza, Manavgat il\u00e7esi Evrenseki Mahallesi Cumhuriyet Caddesi&#8217;nde meydana geldi. Edinilen bilgiye g\u00f6re, Kumk\u00f6y y\u00f6n\u00fcne seyreden H\u00fclya A.&#8217;\u0131n kulland\u0131\u011f\u0131 07 LKP 28 plakal\u0131 otomobil, kav\u015fakta \u015e\u00fckr\u00fc \u0130.&#8217;nin kulland\u0131\u011f\u0131 07 AEV 458 plakal\u0131 tur arac\u0131na yandan \u00e7arpt\u0131. Kazada otomobil s\u00fcr\u00fcc\u00fcs\u00fc H\u00fclya A. ve yan\u0131ndaki Burcu A. ile tur arac\u0131ndaki Stefan Zellmer, Luca Marv\u0131n Merl\u0131ng ve Helena Longen isimli Alman turistler yaraland\u0131. Yaral\u0131lar, 112 sa\u011fl\u0131k ekiplerinin olay yerindeki m\u00fcdahalelerinin ard\u0131ndan ambulanslarla Manavgat Devlet Hastanesi, \u00d6zel Side Anadolu Hastanesi ve \u00d6zel Akdeniz Hastanesine kald\u0131r\u0131ld\u0131. G\u00fcvenlik kameras\u0131na anbean yans\u0131yan kazayla ilgili inceleme ba\u015flat\u0131ld\u0131. Kaynak: www.kanalv.com.tr Haber Sitesinden Al\u0131nm\u0131\u015ft\u0131r.<\/p>","protected":false},"author":4,"featured_media":0,"comment_status":"","ping_status":"open","sticky":false,"template":"","format":"standard","meta":{"_acf_changed":false,"footnotes":""},"categories":[26],"tags":[],"class_list":["post-118463","post","type-post","status-publish","format-standard","hentry","category-antalya"],"acf":[],"yoast_head":"<!-- This site is optimized with the Yoast SEO Premium plugin v26.6 (Yoast SEO v27.1.1) - https:\/\/yoast.com\/product\/yoast-seo-premium-wordpress\/ -->\n<title>Manavgat&#039;ta otomobil tur arac\u0131na \u00e7arpt\u0131 - Av. Deniz Can K\u0131z\u0131l<\/title>\n<meta name=\"robots\" content=\"index, follow, max-snippet:-1, max-image-preview:large, max-video-preview:-1\" \/>\n<link rel=\"canonical\" href=\"https:\/\/denizcankizil.tr\/uk\/haberler\/antalya\/manavgatta-otomobil-tur-aracina-carpti\/\" \/>\n<meta property=\"og:locale\" content=\"uk_UA\" \/>\n<meta property=\"og:type\" content=\"article\" \/>\n<meta property=\"og:title\" content=\"Manavgat&#039;ta otomobil tur arac\u0131na \u00e7arpt\u0131\" \/>\n<meta property=\"og:description\" content=\"Kaza, Manavgat il\u00e7esi Evrenseki Mahallesi Cumhuriyet Caddesi&#8217;nde meydana geldi. Edinilen bilgiye g\u00f6re, Kumk\u00f6y y\u00f6n\u00fcne seyreden H\u00fclya A.&#8217;\u0131n kulland\u0131\u011f\u0131 07 LKP 28 plakal\u0131 otomobil, kav\u015fakta \u015e\u00fckr\u00fc \u0130.&#8217;nin kulland\u0131\u011f\u0131 07 AEV 458 plakal\u0131 tur arac\u0131na yandan \u00e7arpt\u0131. Kazada otomobil s\u00fcr\u00fcc\u00fcs\u00fc H\u00fclya A. ve yan\u0131ndaki Burcu A. ile tur arac\u0131ndaki Stefan Zellmer, Luca Marv\u0131n Merl\u0131ng ve Helena Longen isimli Alman turistler yaraland\u0131. Yaral\u0131lar, 112 sa\u011fl\u0131k ekiplerinin olay yerindeki m\u00fcdahalelerinin ard\u0131ndan ambulanslarla Manavgat Devlet Hastanesi, \u00d6zel Side Anadolu Hastanesi ve \u00d6zel Akdeniz Hastanesine kald\u0131r\u0131ld\u0131. G\u00fcvenlik kameras\u0131na anbean yans\u0131yan kazayla ilgili inceleme ba\u015flat\u0131ld\u0131. Kaynak: www.kanalv.com.tr Haber Sitesinden Al\u0131nm\u0131\u015ft\u0131r.\" \/>\n<meta property=\"og:url\" content=\"https:\/\/denizcankizil.tr\/uk\/haberler\/antalya\/manavgatta-otomobil-tur-aracina-carpti\/\" \/>\n<meta property=\"og:site_name\" content=\"Av. Deniz Can K\u0131z\u0131l\" \/>\n<meta property=\"article:published_time\" content=\"2025-06-17T08:41:22+00:00\" \/>\n<meta name=\"author\" content=\"Av. Deniz Can K\u0131z\u0131l\" \/>\n<meta name=\"twitter:card\" content=\"summary_large_image\" \/>\n<meta name=\"twitter:label1\" content=\"\u041d\u0430\u043f\u0438\u0441\u0430\u043d\u043e\" \/>\n\t<meta name=\"twitter:data1\" content=\"Av. Deniz Can K\u0131z\u0131l\" \/>\n\t<meta name=\"twitter:label2\" content=\"\u041f\u0440\u0438\u0431\u043b. \u0447\u0430\u0441 \u0447\u0438\u0442\u0430\u043d\u043d\u044f\" \/>\n\t<meta name=\"twitter:data2\" content=\"1 \u0445\u0432\u0438\u043b\u0438\u043d\u0430\" \/>\n<script type=\"application\/ld+json\" class=\"yoast-schema-graph\">{\"@context\":\"https:\/\/schema.org\",\"@graph\":[{\"@type\":\"Article\",\"@id\":\"https:\/\/denizcankizil.tr\/uk\/haberler\/antalya\/manavgatta-otomobil-tur-aracina-carpti\/#article\",\"isPartOf\":{\"@id\":\"https:\/\/denizcankizil.tr\/uk\/haberler\/antalya\/manavgatta-otomobil-tur-aracina-carpti\/\"},\"author\":{\"name\":\"Av. Deniz Can K\u0131z\u0131l\",\"@id\":\"https:\/\/denizcankizil.tr\/#\/schema\/person\/5dc1b22991bd7ac833867c10afc9b0ff\"},\"headline\":\"Manavgat&#8217;ta otomobil tur arac\u0131na \u00e7arpt\u0131\",\"datePublished\":\"2025-06-17T08:41:22+00:00\",\"mainEntityOfPage\":{\"@id\":\"https:\/\/denizcankizil.tr\/uk\/haberler\/antalya\/manavgatta-otomobil-tur-aracina-carpti\/\"},\"wordCount\":131,\"publisher\":{\"@id\":\"https:\/\/denizcankizil.tr\/#organization\"},\"articleSection\":[\"Antalya\"],\"inLanguage\":\"uk\"},{\"@type\":\"WebPage\",\"@id\":\"https:\/\/denizcankizil.tr\/uk\/haberler\/antalya\/manavgatta-otomobil-tur-aracina-carpti\/\",\"url\":\"https:\/\/denizcankizil.tr\/uk\/haberler\/antalya\/manavgatta-otomobil-tur-aracina-carpti\/\",\"name\":\"Manavgat'ta otomobil tur arac\u0131na \u00e7arpt\u0131 - Av. Deniz Can K\u0131z\u0131l\",\"isPartOf\":{\"@id\":\"https:\/\/denizcankizil.tr\/#website\"},\"datePublished\":\"2025-06-17T08:41:22+00:00\",\"breadcrumb\":{\"@id\":\"https:\/\/denizcankizil.tr\/uk\/haberler\/antalya\/manavgatta-otomobil-tur-aracina-carpti\/#breadcrumb\"},\"inLanguage\":\"uk\",\"potentialAction\":[{\"@type\":\"ReadAction\",\"target\":[\"https:\/\/denizcankizil.tr\/uk\/haberler\/antalya\/manavgatta-otomobil-tur-aracina-carpti\/\"]}]},{\"@type\":\"BreadcrumbList\",\"@id\":\"https:\/\/denizcankizil.tr\/uk\/haberler\/antalya\/manavgatta-otomobil-tur-aracina-carpti\/#breadcrumb\",\"itemListElement\":[{\"@type\":\"ListItem\",\"position\":1,\"name\":\"Home\",\"item\":\"https:\/\/denizcankizil.tr\/uk\/\"},{\"@type\":\"ListItem\",\"position\":2,\"name\":\"Manavgat&#8217;ta otomobil tur arac\u0131na \u00e7arpt\u0131\"}]},{\"@type\":\"WebSite\",\"@id\":\"https:\/\/denizcankizil.tr\/#website\",\"url\":\"https:\/\/denizcankizil.tr\/\",\"name\":\"Av. Deniz Can K\u0131z\u0131l\",\"description\":\"Avukat Deniz Can K\u0131z\u0131l Antalya Barosu\",\"publisher\":{\"@id\":\"https:\/\/denizcankizil.tr\/#organization\"},\"potentialAction\":[{\"@type\":\"SearchAction\",\"target\":{\"@type\":\"EntryPoint\",\"urlTemplate\":\"https:\/\/denizcankizil.tr\/?s={search_term_string}\"},\"query-input\":{\"@type\":\"PropertyValueSpecification\",\"valueRequired\":true,\"valueName\":\"search_term_string\"}}],\"inLanguage\":\"uk\"},{\"@type\":\"Organization\",\"@id\":\"https:\/\/denizcankizil.tr\/#organization\",\"name\":\"Av. Deniz Can K\u0131z\u0131l\",\"url\":\"https:\/\/denizcankizil.tr\/\",\"logo\":{\"@type\":\"ImageObject\",\"inLanguage\":\"uk\",\"@id\":\"https:\/\/denizcankizil.tr\/#\/schema\/logo\/image\/\",\"url\":\"https:\/\/denizcankizil.tr\/wp-content\/uploads\/2024\/10\/siyah-logo-svg.svg\",\"contentUrl\":\"https:\/\/denizcankizil.tr\/wp-content\/uploads\/2024\/10\/siyah-logo-svg.svg\",\"width\":1080,\"height\":1080,\"caption\":\"Av. Deniz Can K\u0131z\u0131l\"},\"image\":{\"@id\":\"https:\/\/denizcankizil.tr\/#\/schema\/logo\/image\/\"}},{\"@type\":\"Person\",\"@id\":\"https:\/\/denizcankizil.tr\/#\/schema\/person\/5dc1b22991bd7ac833867c10afc9b0ff\",\"name\":\"Av. Deniz Can K\u0131z\u0131l\",\"image\":{\"@type\":\"ImageObject\",\"inLanguage\":\"uk\",\"@id\":\"https:\/\/denizcankizil.tr\/#\/schema\/person\/image\/\",\"url\":\"https:\/\/secure.gravatar.com\/avatar\/a0b128fb9855c79efc976d5640eedb31dc35ec297594d6016d2cf7c60e975bb6?s=96&d=mm&r=g\",\"contentUrl\":\"https:\/\/secure.gravatar.com\/avatar\/a0b128fb9855c79efc976d5640eedb31dc35ec297594d6016d2cf7c60e975bb6?s=96&d=mm&r=g\",\"caption\":\"Av. Deniz Can K\u0131z\u0131l\"},\"sameAs\":[\"http:\/\/www.denizcankizil.tr\"],\"url\":\"https:\/\/denizcankizil.tr\/uk\/author\/denizcankizil\/\"}]}<\/script>\n<!-- \/ Yoast SEO Premium plugin. -->","yoast_head_json":{"title":"Manavgat'ta otomobil tur arac\u0131na \u00e7arpt\u0131 - Av. Deniz Can K\u0131z\u0131l","robots":{"index":"index","follow":"follow","max-snippet":"max-snippet:-1","max-image-preview":"max-image-preview:large","max-video-preview":"max-video-preview:-1"},"canonical":"https:\/\/denizcankizil.tr\/uk\/haberler\/antalya\/manavgatta-otomobil-tur-aracina-carpti\/","og_locale":"uk_UA","og_type":"article","og_title":"Manavgat'ta otomobil tur arac\u0131na \u00e7arpt\u0131","og_description":"Kaza, Manavgat il\u00e7esi Evrenseki Mahallesi Cumhuriyet Caddesi&#8217;nde meydana geldi. Edinilen bilgiye g\u00f6re, Kumk\u00f6y y\u00f6n\u00fcne seyreden H\u00fclya A.&#8217;\u0131n kulland\u0131\u011f\u0131 07 LKP 28 plakal\u0131 otomobil, kav\u015fakta \u015e\u00fckr\u00fc \u0130.&#8217;nin kulland\u0131\u011f\u0131 07 AEV 458 plakal\u0131 tur arac\u0131na yandan \u00e7arpt\u0131. Kazada otomobil s\u00fcr\u00fcc\u00fcs\u00fc H\u00fclya A. ve yan\u0131ndaki Burcu A. ile tur arac\u0131ndaki Stefan Zellmer, Luca Marv\u0131n Merl\u0131ng ve Helena Longen isimli Alman turistler yaraland\u0131. Yaral\u0131lar, 112 sa\u011fl\u0131k ekiplerinin olay yerindeki m\u00fcdahalelerinin ard\u0131ndan ambulanslarla Manavgat Devlet Hastanesi, \u00d6zel Side Anadolu Hastanesi ve \u00d6zel Akdeniz Hastanesine kald\u0131r\u0131ld\u0131. G\u00fcvenlik kameras\u0131na anbean yans\u0131yan kazayla ilgili inceleme ba\u015flat\u0131ld\u0131. Kaynak: www.kanalv.com.tr Haber Sitesinden Al\u0131nm\u0131\u015ft\u0131r.","og_url":"https:\/\/denizcankizil.tr\/uk\/haberler\/antalya\/manavgatta-otomobil-tur-aracina-carpti\/","og_site_name":"Av. Deniz Can K\u0131z\u0131l","article_published_time":"2025-06-17T08:41:22+00:00","author":"Av. Deniz Can K\u0131z\u0131l","twitter_card":"summary_large_image","twitter_misc":{"\u041d\u0430\u043f\u0438\u0441\u0430\u043d\u043e":"Av. Deniz Can K\u0131z\u0131l","\u041f\u0440\u0438\u0431\u043b. \u0447\u0430\u0441 \u0447\u0438\u0442\u0430\u043d\u043d\u044f":"1 \u0445\u0432\u0438\u043b\u0438\u043d\u0430"},"schema":{"@context":"https:\/\/schema.org","@graph":[{"@type":"Article","@id":"https:\/\/denizcankizil.tr\/uk\/haberler\/antalya\/manavgatta-otomobil-tur-aracina-carpti\/#article","isPartOf":{"@id":"https:\/\/denizcankizil.tr\/uk\/haberler\/antalya\/manavgatta-otomobil-tur-aracina-carpti\/"},"author":{"name":"Av. Deniz Can K\u0131z\u0131l","@id":"https:\/\/denizcankizil.tr\/#\/schema\/person\/5dc1b22991bd7ac833867c10afc9b0ff"},"headline":"Manavgat&#8217;ta otomobil tur arac\u0131na \u00e7arpt\u0131","datePublished":"2025-06-17T08:41:22+00:00","mainEntityOfPage":{"@id":"https:\/\/denizcankizil.tr\/uk\/haberler\/antalya\/manavgatta-otomobil-tur-aracina-carpti\/"},"wordCount":131,"publisher":{"@id":"https:\/\/denizcankizil.tr\/#organization"},"articleSection":["Antalya"],"inLanguage":"uk"},{"@type":"WebPage","@id":"https:\/\/denizcankizil.tr\/uk\/haberler\/antalya\/manavgatta-otomobil-tur-aracina-carpti\/","url":"https:\/\/denizcankizil.tr\/uk\/haberler\/antalya\/manavgatta-otomobil-tur-aracina-carpti\/","name":"Manavgat'ta otomobil tur arac\u0131na \u00e7arpt\u0131 - Av. Deniz Can K\u0131z\u0131l","isPartOf":{"@id":"https:\/\/denizcankizil.tr\/#website"},"datePublished":"2025-06-17T08:41:22+00:00","breadcrumb":{"@id":"https:\/\/denizcankizil.tr\/uk\/haberler\/antalya\/manavgatta-otomobil-tur-aracina-carpti\/#breadcrumb"},"inLanguage":"uk","potentialAction":[{"@type":"ReadAction","target":["https:\/\/denizcankizil.tr\/uk\/haberler\/antalya\/manavgatta-otomobil-tur-aracina-carpti\/"]}]},{"@type":"BreadcrumbList","@id":"https:\/\/denizcankizil.tr\/uk\/haberler\/antalya\/manavgatta-otomobil-tur-aracina-carpti\/#breadcrumb","itemListElement":[{"@type":"ListItem","position":1,"name":"Home","item":"https:\/\/denizcankizil.tr\/uk\/"},{"@type":"ListItem","position":2,"name":"Manavgat&#8217;ta otomobil tur arac\u0131na \u00e7arpt\u0131"}]},{"@type":"WebSite","@id":"https:\/\/denizcankizil.tr\/#website","url":"https:\/\/denizcankizil.tr\/","name":"Av. Deniz Can K\u0131z\u0131l","description":"Avukat Deniz Can K\u0131z\u0131l Antalya Barosu","publisher":{"@id":"https:\/\/denizcankizil.tr\/#organization"},"potentialAction":[{"@type":"SearchAction","target":{"@type":"EntryPoint","urlTemplate":"https:\/\/denizcankizil.tr\/?s={search_term_string}"},"query-input":{"@type":"PropertyValueSpecification","valueRequired":true,"valueName":"search_term_string"}}],"inLanguage":"uk"},{"@type":"Organization","@id":"https:\/\/denizcankizil.tr\/#organization","name":"Av. Deniz Can K\u0131z\u0131l","url":"https:\/\/denizcankizil.tr\/","logo":{"@type":"ImageObject","inLanguage":"uk","@id":"https:\/\/denizcankizil.tr\/#\/schema\/logo\/image\/","url":"https:\/\/denizcankizil.tr\/wp-content\/uploads\/2024\/10\/siyah-logo-svg.svg","contentUrl":"https:\/\/denizcankizil.tr\/wp-content\/uploads\/2024\/10\/siyah-logo-svg.svg","width":1080,"height":1080,"caption":"Av. Deniz Can K\u0131z\u0131l"},"image":{"@id":"https:\/\/denizcankizil.tr\/#\/schema\/logo\/image\/"}},{"@type":"Person","@id":"https:\/\/denizcankizil.tr\/#\/schema\/person\/5dc1b22991bd7ac833867c10afc9b0ff","name":"Av. Deniz Can K\u0131z\u0131l","image":{"@type":"ImageObject","inLanguage":"uk","@id":"https:\/\/denizcankizil.tr\/#\/schema\/person\/image\/","url":"https:\/\/secure.gravatar.com\/avatar\/a0b128fb9855c79efc976d5640eedb31dc35ec297594d6016d2cf7c60e975bb6?s=96&d=mm&r=g","contentUrl":"https:\/\/secure.gravatar.com\/avatar\/a0b128fb9855c79efc976d5640eedb31dc35ec297594d6016d2cf7c60e975bb6?s=96&d=mm&r=g","caption":"Av. Deniz Can K\u0131z\u0131l"},"sameAs":["http:\/\/www.denizcankizil.tr"],"url":"https:\/\/denizcankizil.tr\/uk\/author\/denizcankizil\/"}]}},"_links":{"self":[{"href":"https:\/\/denizcankizil.tr\/uk\/wp-json\/wp\/v2\/posts\/118463","targetHints":{"allow":["GET"]}}],"collection":[{"href":"https:\/\/denizcankizil.tr\/uk\/wp-json\/wp\/v2\/posts"}],"about":[{"href":"https:\/\/denizcankizil.tr\/uk\/wp-json\/wp\/v2\/types\/post"}],"author":[{"embeddable":true,"href":"https:\/\/denizcankizil.tr\/uk\/wp-json\/wp\/v2\/users\/4"}],"replies":[{"embeddable":true,"href":"https:\/\/denizcankizil.tr\/uk\/wp-json\/wp\/v2\/comments?post=118463"}],"version-history":[{"count":0,"href":"https:\/\/denizcankizil.tr\/uk\/wp-json\/wp\/v2\/posts\/118463\/revisions"}],"wp:attachment":[{"href":"https:\/\/denizcankizil.tr\/uk\/wp-json\/wp\/v2\/media?parent=118463"}],"wp:term":[{"taxonomy":"category","embeddable":true,"href":"https:\/\/denizcankizil.tr\/uk\/wp-json\/wp\/v2\/categories?post=118463"},{"taxonomy":"post_tag","embeddable":true,"href":"https:\/\/denizcankizil.tr\/uk\/wp-json\/wp\/v2\/tags?post=118463"}],"curies":[{"name":"wp","href":"https:\/\/api.w.org\/{rel}","templated":true}]}}