{"id":117558,"date":"2025-06-16T12:42:08","date_gmt":"2025-06-16T09:42:08","guid":{"rendered":"https:\/\/denizcankizil.tr\/uncategorized-tr\/antalyada-ev-iscisi-kadinlar-isyan-etti-artik-olmek-istemiyoruz\/"},"modified":"2025-06-16T12:42:08","modified_gmt":"2025-06-16T09:42:08","slug":"antalyada-ev-iscisi-kadinlar-isyan-etti-artik-olmek-istemiyoruz","status":"publish","type":"post","link":"https:\/\/denizcankizil.tr\/uk\/haberler\/gundem\/antalyada-ev-iscisi-kadinlar-isyan-etti-artik-olmek-istemiyoruz\/","title":{"rendered":"Antalya\u2019da ev i\u015f\u00e7isi kad\u0131nlar isyan etti: \u201cArt\u0131k \u00f6lmek istemiyoruz\u201d"},"content":{"rendered":"<p>16 Haziran D\u00fcnya Ev \u0130\u015f\u00e7ileri G\u00fcn\u00fc dolay\u0131s\u0131yla bas\u0131n a\u00e7\u0131klamas\u0131 yapan \u0130MECE \u00dcyesi Nazire Terzi, ILO C189 s\u00f6zle\u015fmesine at\u0131fta bulundu. Terzi, \u201cGaziantep&#8217;te \u00e7al\u0131\u015f\u0131rken 7. kattan d\u00fc\u015ferek ya\u015fam\u0131n\u0131 yitiren 44 ya\u015f\u0131ndaki ev i\u015f\u00e7isi Eylem Sefi&#8217;yi sayg\u0131yla anarak ba\u015flamak istiyorum. Kaza de\u011fil, i\u015f cinayetidir, sorumlular hesap vermelidir. \u0130mece Ev \u0130\u015f\u00e7ileri Sendikas\u0131 olarak Eylem Sefi&#8217;nin ailesinin ve sevenlerinin ac\u0131s\u0131n\u0131 payla\u015f\u0131yor, dayan\u0131\u015fma duygular\u0131m\u0131zla ba\u015fsa\u011fl\u0131\u011f\u0131 diliyoruz. Bug\u00fcn, 16 Haziran D\u00fcnya Ev \u0130\u015f\u00e7ileri G\u00fcn\u00fc. Ev i\u015f\u00e7ileri olarak temizlik yap\u0131yor, \u00e7ocuk, hasta, ya\u015fl\u0131, engelli bak\u0131yoruz. Hayat\u0131n \u00e7ark\u0131 d\u00f6ns\u00fcn diye sevdiklerinize bak\u0131yor, evlerinizi temizliyor, hayat\u0131 yeniden \u00fcretiyoruz. Bak\u0131m eme\u011fimiz olmasayd\u0131 evde, i\u015fte ya\u015fam s\u00fcrd\u00fcr\u00fclemez olurdu\u201d dedi.<\/p>\n<p>T\u00dcRK\u0130YE\u2019DE 1 M\u0130LYONA YAKIN EV \u0130\u015e\u00c7\u0130S\u0130 VAR<\/p>\n<p>T\u00fcrkiye\u2019de 1 milyona yak\u0131n ev i\u015f\u00e7isi oldu\u011funu ve bu i\u015f\u00e7ilerin insan onuruna yak\u0131\u015f\u0131r bir \u015fekilde i\u015f istediklerine vurgu yapan Terzi, \u201cD\u00fcnyada 70 milyona yak\u0131n ev i\u015f\u00e7isi var. T\u00fcrkiye&#8217;de ise tahminimize g\u00f6re 1 milyona yak\u0131n ev i\u015f\u00e7isi var. Ancak bug\u00fcne kadar ev i\u015f\u00e7ilerinin yasal haklar\u0131 tan\u0131nmad\u0131, k\u00f6t\u00fc \u00e7al\u0131\u015fma ko\u015fullar\u0131 ile kar\u015f\u0131 kar\u015f\u0131ya olmaya devam ediyoruz. Ev i\u015f\u00e7ilerine insan onuruna yak\u0131\u015f\u0131r i\u015f istemek i\u00e7in bug\u00fcn burada ve d\u00fcnyan\u0131n pek \u00e7ok yerinde ev i\u015f\u00e7ileri olarak sesimizi y\u00fckseltiyoruz. Kararl\u0131y\u0131z, haklar\u0131m\u0131z\u0131 alaca\u011f\u0131z. Varl\u0131k-yokluk m\u00fccadelesi vererek buraya geldik. Bundan 14 y\u0131l \u00f6nce m\u00fccadelemizle, Uluslararas\u0131 \u00c7al\u0131\u015fma \u00d6rg\u00fct\u00fc ILO\u2019nun 100. oturumunda, ev i\u015finin i\u015f, ev i\u015f\u00e7isinin i\u015f\u00e7i oldu\u011fu ilan edildi. 16 Haziran 2011&#8217;de yasal \u00e7er\u00e7eveye al\u0131narak eme\u011fimiz g\u00fcn \u0131\u015f\u0131\u011f\u0131na \u00e7\u0131km\u0131\u015f oldu. Bu, ev i\u015f\u00e7ileri i\u00e7in tarihi bir kazan\u0131m olmu\u015ftur. Birle\u015ferek bu hakk\u0131 kazand\u0131k. D\u00fcnya Ev \u0130\u015f\u00e7ileri G\u00fcn\u00fcm\u00fcz kutlu olsun. Ya\u015fas\u0131n ev i\u015f\u00e7ilerinin birle\u015fik m\u00fccadelesi ve \u00f6rg\u00fctleri\u201d \u015feklinde konu\u015ftu.<\/p>\n<p>14 YILDIR \u0130MZA ATILMIYOR<\/p>\n<p>Aradan 14 y\u0131l ge\u00e7mesine ra\u011fmen, ILO C189 s\u00f6zle\u015fmesini bug\u00fcne kadar sadece 40 \u00fclke imzalad\u0131, bu durum m\u00fccadelemizin ne kadar zorluklarla dolu oldu\u011funun bir g\u00f6stergesidir. ILOC189&#8217;u imzalayan \u00fclkeler aras\u0131nda T\u00fcrkiye&#8217;nin olmamas\u0131 ise utan\u00e7 verici oldu\u011funa de\u011finen Terzi, \u201cY\u0131llard\u0131r ev i\u015f\u00e7ileri olarak kampanyalar yap\u0131yoruz, Ankara&#8217;ya bir\u00e7ok kez gittik. Bu s\u00fcre boyunca \u00c7al\u0131\u015fma Bakanl\u0131\u011f\u0131&#8217;na imzalar\u0131m\u0131z\u0131 ve dosyalar\u0131m\u0131z\u0131 sunduk. Ev i\u015f\u00e7ilerinin taleplerine kulak veren milletvekilleri taraf\u0131ndan \u00e7ok say\u0131da \u00f6nerge ve kanun teklifi verilmesini sa\u011flad\u0131k. Her y\u0131l Ankara&#8217;da ev i\u00e7i emekle ilgili paneller, konferanslar d\u00fczenleniyor. Hepsine kat\u0131l\u0131yoruz ve neden ILOC189\u2019un imzalanmas\u0131n\u0131 ve uygulanmas\u0131n\u0131 istiyoruz. Sorunlar\u0131m\u0131z\u0131 ve taleplerimiz bilinmesine ra\u011fmen bu g\u00fcne kadar sonu\u00e7 al\u0131namamas\u0131 kabul edilemez. Soruyoruz; Ankara, ILO C189\u2019un imzalanmas\u0131 ve uygulanmas\u0131 i\u00e7in ne bekliyor?\u201d ifadelerini kulland\u0131.<\/p>\n<p>\u201cARTIK \u00d6NLEM ALINSIN\u201d<\/p>\n<p>ILO C189 s\u00f6zle\u015fmesinin uygulanmas\u0131 i\u00e7in \u00c7al\u0131\u015fma Bakanl\u0131\u011f\u0131\u2019na \u00e7a\u011fr\u0131da bulunan Terzi, \u201c\u00c7al\u0131\u015fma Bakanl\u0131\u011f\u0131&#8217;ndan bir an \u00f6nce ILOC189 konusuna ad\u0131m atmas\u0131n\u0131 bekliyoruz. Neden ILO C189 \u00f6nemli? \u00c7\u00fcnk\u00fc bu s\u00f6zle\u015fme, ev i\u015f\u00e7ilerinin i\u015f\u00e7i oldu\u011funu ilan ediyor ve temel haklar\u0131n\u0131 g\u00fcvence alt\u0131na al\u0131yor. Sosyal g\u00fcvence, insanca \u00e7al\u0131\u015fma ko\u015fullar\u0131, taciz ve \u015fiddete kar\u015f\u0131 yasal koruma getiriyor. Elbette bu s\u00f6zle\u015fme imzaland\u0131\u011f\u0131nda, ka\u011f\u0131t \u00fcst\u00fcnde kalmayarak uygulamaya da ge\u00e7ilmesi \u00f6nemlidir. \u0130mzalanmas\u0131n\u0131 ve ayn\u0131 zamanda uygulanmas\u0131n\u0131 istiyoruz. Bizler, ev i\u015f\u00e7ilerinin \u0130\u015f Yasas\u0131 kapsam\u0131 d\u0131\u015f\u0131nda tutulmas\u0131n\u0131 kabul etmiyoruz. Bu bir ayr\u0131mc\u0131l\u0131kt\u0131r. Ev i\u015f\u00e7ileri 4857 say\u0131l\u0131 \u0130\u015f Yasas\u0131\u2019na al\u0131ns\u0131n! 1 g\u00fcn de \u00e7al\u0131\u015fsak, 10 g\u00fcn de \u00e7al\u0131\u015fsak i\u015f\u00e7iyiz! Ev i\u015f\u00e7ileri olarak; 10 g\u00fcnden az \u00e7al\u0131\u015fan ev i\u015f\u00e7ilerinin sigorta hakk\u0131n\u0131 elinden alan, 10 g\u00fcn ayr\u0131m\u0131 getiren yasan\u0131n y\u00fcr\u00fcrl\u00fckten kald\u0131r\u0131lmas\u0131n\u0131 istiyoruz. Ev i\u015f\u00e7ilerine g\u00fcvenceli \u00e7al\u0131\u015fma ko\u015fullar\u0131 sa\u011flans\u0131n ve denetlensin. Kay\u0131tl\u0131 \u00e7al\u0131\u015fman\u0131n \u00f6n\u00fcndeki fiili ve hukuki engeller kald\u0131r\u0131ls\u0131n. Sigorta i\u015flemleri kolayla\u015ft\u0131r\u0131ls\u0131n ve te\u015fvik edilsin. \u0130\u015f yerlerinde ayr\u0131mc\u0131l\u0131k, \u015fiddet ve tacize kar\u015f\u0131, yat\u0131l\u0131 ev i\u015f\u00e7ilerinin k\u00f6t\u00fc bar\u0131nma ko\u015fullar\u0131na kar\u015f\u0131 \u00f6nlem al\u0131ns\u0131n\u201d dedi.<\/p>\n<p>\u200bAntalya\u2019da 16 Haziran D\u00fcnya Ev \u0130\u015f\u00e7ileri G\u00fcn\u00fc dolay\u0131s\u0131yla a\u00e7\u0131klama yapan \u0130mece Kad\u0131n Dayan\u0131\u015fma Derne\u011fi \u00dcyesi Nazire Terzi, ev i\u015f\u00e7isi kad\u0131nlar\u0131n ya\u015fad\u0131\u011f\u0131 sorunlara de\u011findi. Terzi, &#8220;Art\u0131k \u00f6lmek istemiyoruz&#8221; dedi\u00a0<\/p>\n<p>\u200bHaberin Al\u0131nt\u0131land\u0131\u011f\u0131 Kaynak: www.antalyakorfez.com<\/p>","protected":false},"excerpt":{"rendered":"<p>16 Haziran D\u00fcnya Ev \u0130\u015f\u00e7ileri G\u00fcn\u00fc dolay\u0131s\u0131yla bas\u0131n a\u00e7\u0131klamas\u0131 yapan \u0130MECE \u00dcyesi Nazire Terzi, ILO C189 s\u00f6zle\u015fmesine at\u0131fta bulundu. Terzi, \u201cGaziantep&#8217;te \u00e7al\u0131\u015f\u0131rken 7. kattan d\u00fc\u015ferek ya\u015fam\u0131n\u0131 yitiren 44 ya\u015f\u0131ndaki ev i\u015f\u00e7isi Eylem Sefi&#8217;yi sayg\u0131yla anarak ba\u015flamak istiyorum. Kaza de\u011fil, i\u015f cinayetidir, sorumlular hesap vermelidir. \u0130mece Ev \u0130\u015f\u00e7ileri Sendikas\u0131 olarak Eylem Sefi&#8217;nin ailesinin ve sevenlerinin ac\u0131s\u0131n\u0131 payla\u015f\u0131yor, dayan\u0131\u015fma duygular\u0131m\u0131zla ba\u015fsa\u011fl\u0131\u011f\u0131 diliyoruz. Bug\u00fcn, 16 Haziran D\u00fcnya Ev \u0130\u015f\u00e7ileri G\u00fcn\u00fc. Ev i\u015f\u00e7ileri olarak temizlik yap\u0131yor, \u00e7ocuk, hasta, ya\u015fl\u0131, engelli bak\u0131yoruz. Hayat\u0131n \u00e7ark\u0131 d\u00f6ns\u00fcn diye sevdiklerinize bak\u0131yor, evlerinizi temizliyor, hayat\u0131 yeniden \u00fcretiyoruz. Bak\u0131m eme\u011fimiz olmasayd\u0131 evde, i\u015fte ya\u015fam s\u00fcrd\u00fcr\u00fclemez olurdu\u201d dedi. T\u00dcRK\u0130YE\u2019DE 1 M\u0130LYONA YAKIN EV \u0130\u015e\u00c7\u0130S\u0130 VAR T\u00fcrkiye\u2019de 1 milyona yak\u0131n ev i\u015f\u00e7isi oldu\u011funu ve bu i\u015f\u00e7ilerin insan onuruna yak\u0131\u015f\u0131r bir \u015fekilde i\u015f istediklerine vurgu yapan Terzi, \u201cD\u00fcnyada 70 milyona yak\u0131n ev i\u015f\u00e7isi var. T\u00fcrkiye&#8217;de ise tahminimize g\u00f6re 1 milyona yak\u0131n ev i\u015f\u00e7isi var. Ancak bug\u00fcne kadar ev i\u015f\u00e7ilerinin yasal haklar\u0131 tan\u0131nmad\u0131, k\u00f6t\u00fc \u00e7al\u0131\u015fma ko\u015fullar\u0131 ile kar\u015f\u0131 kar\u015f\u0131ya olmaya devam ediyoruz. Ev i\u015f\u00e7ilerine insan onuruna yak\u0131\u015f\u0131r i\u015f istemek i\u00e7in bug\u00fcn burada ve d\u00fcnyan\u0131n pek \u00e7ok yerinde ev i\u015f\u00e7ileri olarak sesimizi y\u00fckseltiyoruz. Kararl\u0131y\u0131z, haklar\u0131m\u0131z\u0131 alaca\u011f\u0131z. Varl\u0131k-yokluk m\u00fccadelesi vererek buraya geldik. Bundan 14 y\u0131l \u00f6nce m\u00fccadelemizle, Uluslararas\u0131 \u00c7al\u0131\u015fma \u00d6rg\u00fct\u00fc ILO\u2019nun 100. oturumunda, ev i\u015finin i\u015f, &hellip;<\/p>","protected":false},"author":5,"featured_media":0,"comment_status":"","ping_status":"open","sticky":false,"template":"","format":"standard","meta":{"_acf_changed":false,"footnotes":""},"categories":[24],"tags":[],"class_list":["post-117558","post","type-post","status-publish","format-standard","has-post-thumbnail","hentry","category-gundem"],"acf":[],"yoast_head":"<!-- This site is optimized with the Yoast SEO Premium plugin v26.6 (Yoast SEO v27.1.1) - https:\/\/yoast.com\/product\/yoast-seo-premium-wordpress\/ -->\n<title>Antalya\u2019da ev i\u015f\u00e7isi kad\u0131nlar isyan etti: \u201cArt\u0131k \u00f6lmek istemiyoruz\u201d - Av. Deniz Can K\u0131z\u0131l<\/title>\n<meta name=\"robots\" content=\"index, follow, max-snippet:-1, max-image-preview:large, max-video-preview:-1\" \/>\n<link rel=\"canonical\" href=\"https:\/\/denizcankizil.tr\/uk\/haberler\/gundem\/antalyada-ev-iscisi-kadinlar-isyan-etti-artik-olmek-istemiyoruz\/\" \/>\n<meta property=\"og:locale\" content=\"uk_UA\" \/>\n<meta property=\"og:type\" content=\"article\" \/>\n<meta property=\"og:title\" content=\"Antalya\u2019da ev i\u015f\u00e7isi kad\u0131nlar isyan etti: \u201cArt\u0131k \u00f6lmek istemiyoruz\u201d\" \/>\n<meta property=\"og:description\" content=\"16 Haziran D\u00fcnya Ev \u0130\u015f\u00e7ileri G\u00fcn\u00fc dolay\u0131s\u0131yla bas\u0131n a\u00e7\u0131klamas\u0131 yapan \u0130MECE \u00dcyesi Nazire Terzi, ILO C189 s\u00f6zle\u015fmesine at\u0131fta bulundu. Terzi, \u201cGaziantep&#8217;te \u00e7al\u0131\u015f\u0131rken 7. kattan d\u00fc\u015ferek ya\u015fam\u0131n\u0131 yitiren 44 ya\u015f\u0131ndaki ev i\u015f\u00e7isi Eylem Sefi&#8217;yi sayg\u0131yla anarak ba\u015flamak istiyorum. Kaza de\u011fil, i\u015f cinayetidir, sorumlular hesap vermelidir. \u0130mece Ev \u0130\u015f\u00e7ileri Sendikas\u0131 olarak Eylem Sefi&#8217;nin ailesinin ve sevenlerinin ac\u0131s\u0131n\u0131 payla\u015f\u0131yor, dayan\u0131\u015fma duygular\u0131m\u0131zla ba\u015fsa\u011fl\u0131\u011f\u0131 diliyoruz. Bug\u00fcn, 16 Haziran D\u00fcnya Ev \u0130\u015f\u00e7ileri G\u00fcn\u00fc. Ev i\u015f\u00e7ileri olarak temizlik yap\u0131yor, \u00e7ocuk, hasta, ya\u015fl\u0131, engelli bak\u0131yoruz. Hayat\u0131n \u00e7ark\u0131 d\u00f6ns\u00fcn diye sevdiklerinize bak\u0131yor, evlerinizi temizliyor, hayat\u0131 yeniden \u00fcretiyoruz. Bak\u0131m eme\u011fimiz olmasayd\u0131 evde, i\u015fte ya\u015fam s\u00fcrd\u00fcr\u00fclemez olurdu\u201d dedi. T\u00dcRK\u0130YE\u2019DE 1 M\u0130LYONA YAKIN EV \u0130\u015e\u00c7\u0130S\u0130 VAR T\u00fcrkiye\u2019de 1 milyona yak\u0131n ev i\u015f\u00e7isi oldu\u011funu ve bu i\u015f\u00e7ilerin insan onuruna yak\u0131\u015f\u0131r bir \u015fekilde i\u015f istediklerine vurgu yapan Terzi, \u201cD\u00fcnyada 70 milyona yak\u0131n ev i\u015f\u00e7isi var. T\u00fcrkiye&#8217;de ise tahminimize g\u00f6re 1 milyona yak\u0131n ev i\u015f\u00e7isi var. Ancak bug\u00fcne kadar ev i\u015f\u00e7ilerinin yasal haklar\u0131 tan\u0131nmad\u0131, k\u00f6t\u00fc \u00e7al\u0131\u015fma ko\u015fullar\u0131 ile kar\u015f\u0131 kar\u015f\u0131ya olmaya devam ediyoruz. Ev i\u015f\u00e7ilerine insan onuruna yak\u0131\u015f\u0131r i\u015f istemek i\u00e7in bug\u00fcn burada ve d\u00fcnyan\u0131n pek \u00e7ok yerinde ev i\u015f\u00e7ileri olarak sesimizi y\u00fckseltiyoruz. Kararl\u0131y\u0131z, haklar\u0131m\u0131z\u0131 alaca\u011f\u0131z. Varl\u0131k-yokluk m\u00fccadelesi vererek buraya geldik. Bundan 14 y\u0131l \u00f6nce m\u00fccadelemizle, Uluslararas\u0131 \u00c7al\u0131\u015fma \u00d6rg\u00fct\u00fc ILO\u2019nun 100. oturumunda, ev i\u015finin i\u015f, &hellip;\" \/>\n<meta property=\"og:url\" content=\"https:\/\/denizcankizil.tr\/uk\/haberler\/gundem\/antalyada-ev-iscisi-kadinlar-isyan-etti-artik-olmek-istemiyoruz\/\" \/>\n<meta property=\"og:site_name\" content=\"Av. Deniz Can K\u0131z\u0131l\" \/>\n<meta property=\"article:published_time\" content=\"2025-06-16T09:42:08+00:00\" \/>\n<meta name=\"author\" content=\"Antalya K\u00f6rfez\" \/>\n<meta name=\"twitter:card\" content=\"summary_large_image\" \/>\n<meta name=\"twitter:label1\" content=\"\u041d\u0430\u043f\u0438\u0441\u0430\u043d\u043e\" \/>\n\t<meta name=\"twitter:data1\" content=\"Antalya K\u00f6rfez\" \/>\n\t<meta name=\"twitter:label2\" content=\"\u041f\u0440\u0438\u0431\u043b. \u0447\u0430\u0441 \u0447\u0438\u0442\u0430\u043d\u043d\u044f\" \/>\n\t<meta name=\"twitter:data2\" content=\"4 \u0445\u0432\u0438\u043b\u0438\u043d\u0438\" \/>\n<script type=\"application\/ld+json\" class=\"yoast-schema-graph\">{\"@context\":\"https:\/\/schema.org\",\"@graph\":[{\"@type\":\"Article\",\"@id\":\"https:\/\/denizcankizil.tr\/uk\/haberler\/gundem\/antalyada-ev-iscisi-kadinlar-isyan-etti-artik-olmek-istemiyoruz\/#article\",\"isPartOf\":{\"@id\":\"https:\/\/denizcankizil.tr\/uk\/haberler\/gundem\/antalyada-ev-iscisi-kadinlar-isyan-etti-artik-olmek-istemiyoruz\/\"},\"author\":{\"name\":\"Antalya K\u00f6rfez\",\"@id\":\"https:\/\/denizcankizil.tr\/de\/#\/schema\/person\/e1eb71bb4dd684d46563f0af307e1234\"},\"headline\":\"Antalya\u2019da ev i\u015f\u00e7isi kad\u0131nlar isyan etti: \u201cArt\u0131k \u00f6lmek istemiyoruz\u201d\",\"datePublished\":\"2025-06-16T09:42:08+00:00\",\"mainEntityOfPage\":{\"@id\":\"https:\/\/denizcankizil.tr\/uk\/haberler\/gundem\/antalyada-ev-iscisi-kadinlar-isyan-etti-artik-olmek-istemiyoruz\/\"},\"wordCount\":821,\"publisher\":{\"@id\":\"https:\/\/denizcankizil.tr\/de\/#organization\"},\"articleSection\":[\"G\u00fcndem\"],\"inLanguage\":\"uk\"},{\"@type\":\"WebPage\",\"@id\":\"https:\/\/denizcankizil.tr\/uk\/haberler\/gundem\/antalyada-ev-iscisi-kadinlar-isyan-etti-artik-olmek-istemiyoruz\/\",\"url\":\"https:\/\/denizcankizil.tr\/uk\/haberler\/gundem\/antalyada-ev-iscisi-kadinlar-isyan-etti-artik-olmek-istemiyoruz\/\",\"name\":\"Antalya\u2019da ev i\u015f\u00e7isi kad\u0131nlar isyan etti: \u201cArt\u0131k \u00f6lmek istemiyoruz\u201d - Av. Deniz Can K\u0131z\u0131l\",\"isPartOf\":{\"@id\":\"https:\/\/denizcankizil.tr\/de\/#website\"},\"datePublished\":\"2025-06-16T09:42:08+00:00\",\"breadcrumb\":{\"@id\":\"https:\/\/denizcankizil.tr\/uk\/haberler\/gundem\/antalyada-ev-iscisi-kadinlar-isyan-etti-artik-olmek-istemiyoruz\/#breadcrumb\"},\"inLanguage\":\"uk\",\"potentialAction\":[{\"@type\":\"ReadAction\",\"target\":[\"https:\/\/denizcankizil.tr\/uk\/haberler\/gundem\/antalyada-ev-iscisi-kadinlar-isyan-etti-artik-olmek-istemiyoruz\/\"]}]},{\"@type\":\"BreadcrumbList\",\"@id\":\"https:\/\/denizcankizil.tr\/uk\/haberler\/gundem\/antalyada-ev-iscisi-kadinlar-isyan-etti-artik-olmek-istemiyoruz\/#breadcrumb\",\"itemListElement\":[{\"@type\":\"ListItem\",\"position\":1,\"name\":\"Home\",\"item\":\"https:\/\/denizcankizil.tr\/de\/\"},{\"@type\":\"ListItem\",\"position\":2,\"name\":\"Antalya\u2019da ev i\u015f\u00e7isi kad\u0131nlar isyan etti: \u201cArt\u0131k \u00f6lmek istemiyoruz\u201d\"}]},{\"@type\":\"WebSite\",\"@id\":\"https:\/\/denizcankizil.tr\/de\/#website\",\"url\":\"https:\/\/denizcankizil.tr\/de\/\",\"name\":\"Av. Deniz Can K\u0131z\u0131l\",\"description\":\"Avukat Deniz Can K\u0131z\u0131l Antalya Barosu\",\"publisher\":{\"@id\":\"https:\/\/denizcankizil.tr\/de\/#organization\"},\"potentialAction\":[{\"@type\":\"SearchAction\",\"target\":{\"@type\":\"EntryPoint\",\"urlTemplate\":\"https:\/\/denizcankizil.tr\/de\/?s={search_term_string}\"},\"query-input\":{\"@type\":\"PropertyValueSpecification\",\"valueRequired\":true,\"valueName\":\"search_term_string\"}}],\"inLanguage\":\"uk\"},{\"@type\":\"Organization\",\"@id\":\"https:\/\/denizcankizil.tr\/de\/#organization\",\"name\":\"Av. Deniz Can K\u0131z\u0131l\",\"url\":\"https:\/\/denizcankizil.tr\/de\/\",\"logo\":{\"@type\":\"ImageObject\",\"inLanguage\":\"uk\",\"@id\":\"https:\/\/denizcankizil.tr\/de\/#\/schema\/logo\/image\/\",\"url\":\"https:\/\/denizcankizil.tr\/wp-content\/uploads\/2024\/10\/siyah-logo-svg.svg\",\"contentUrl\":\"https:\/\/denizcankizil.tr\/wp-content\/uploads\/2024\/10\/siyah-logo-svg.svg\",\"width\":1080,\"height\":1080,\"caption\":\"Av. Deniz Can K\u0131z\u0131l\"},\"image\":{\"@id\":\"https:\/\/denizcankizil.tr\/de\/#\/schema\/logo\/image\/\"}},{\"@type\":\"Person\",\"@id\":\"https:\/\/denizcankizil.tr\/de\/#\/schema\/person\/e1eb71bb4dd684d46563f0af307e1234\",\"name\":\"Antalya K\u00f6rfez\",\"image\":{\"@type\":\"ImageObject\",\"inLanguage\":\"uk\",\"@id\":\"https:\/\/denizcankizil.tr\/de\/#\/schema\/person\/image\/\",\"url\":\"https:\/\/secure.gravatar.com\/avatar\/42b01982558a48a0b501fdcab6a408d3717ea5919095ee2e67b0e521799c5905?s=96&d=mm&r=g\",\"contentUrl\":\"https:\/\/secure.gravatar.com\/avatar\/42b01982558a48a0b501fdcab6a408d3717ea5919095ee2e67b0e521799c5905?s=96&d=mm&r=g\",\"caption\":\"Antalya K\u00f6rfez\"},\"sameAs\":[\"http:\/\/www.antalyakorfez.com\"],\"url\":\"https:\/\/www.antalyakorfez.com\/antalyada-ev-iscisi-kadinlar-isyan-etti-artik-olmek-istemiyoruz\"}]}<\/script>\n<!-- \/ Yoast SEO Premium plugin. -->","yoast_head_json":{"title":"Antalya\u2019da ev i\u015f\u00e7isi kad\u0131nlar isyan etti: \u201cArt\u0131k \u00f6lmek istemiyoruz\u201d - Av. Deniz Can K\u0131z\u0131l","robots":{"index":"index","follow":"follow","max-snippet":"max-snippet:-1","max-image-preview":"max-image-preview:large","max-video-preview":"max-video-preview:-1"},"canonical":"https:\/\/denizcankizil.tr\/uk\/haberler\/gundem\/antalyada-ev-iscisi-kadinlar-isyan-etti-artik-olmek-istemiyoruz\/","og_locale":"uk_UA","og_type":"article","og_title":"Antalya\u2019da ev i\u015f\u00e7isi kad\u0131nlar isyan etti: \u201cArt\u0131k \u00f6lmek istemiyoruz\u201d","og_description":"16 Haziran D\u00fcnya Ev \u0130\u015f\u00e7ileri G\u00fcn\u00fc dolay\u0131s\u0131yla bas\u0131n a\u00e7\u0131klamas\u0131 yapan \u0130MECE \u00dcyesi Nazire Terzi, ILO C189 s\u00f6zle\u015fmesine at\u0131fta bulundu. Terzi, \u201cGaziantep&#8217;te \u00e7al\u0131\u015f\u0131rken 7. kattan d\u00fc\u015ferek ya\u015fam\u0131n\u0131 yitiren 44 ya\u015f\u0131ndaki ev i\u015f\u00e7isi Eylem Sefi&#8217;yi sayg\u0131yla anarak ba\u015flamak istiyorum. Kaza de\u011fil, i\u015f cinayetidir, sorumlular hesap vermelidir. \u0130mece Ev \u0130\u015f\u00e7ileri Sendikas\u0131 olarak Eylem Sefi&#8217;nin ailesinin ve sevenlerinin ac\u0131s\u0131n\u0131 payla\u015f\u0131yor, dayan\u0131\u015fma duygular\u0131m\u0131zla ba\u015fsa\u011fl\u0131\u011f\u0131 diliyoruz. Bug\u00fcn, 16 Haziran D\u00fcnya Ev \u0130\u015f\u00e7ileri G\u00fcn\u00fc. Ev i\u015f\u00e7ileri olarak temizlik yap\u0131yor, \u00e7ocuk, hasta, ya\u015fl\u0131, engelli bak\u0131yoruz. Hayat\u0131n \u00e7ark\u0131 d\u00f6ns\u00fcn diye sevdiklerinize bak\u0131yor, evlerinizi temizliyor, hayat\u0131 yeniden \u00fcretiyoruz. Bak\u0131m eme\u011fimiz olmasayd\u0131 evde, i\u015fte ya\u015fam s\u00fcrd\u00fcr\u00fclemez olurdu\u201d dedi. T\u00dcRK\u0130YE\u2019DE 1 M\u0130LYONA YAKIN EV \u0130\u015e\u00c7\u0130S\u0130 VAR T\u00fcrkiye\u2019de 1 milyona yak\u0131n ev i\u015f\u00e7isi oldu\u011funu ve bu i\u015f\u00e7ilerin insan onuruna yak\u0131\u015f\u0131r bir \u015fekilde i\u015f istediklerine vurgu yapan Terzi, \u201cD\u00fcnyada 70 milyona yak\u0131n ev i\u015f\u00e7isi var. T\u00fcrkiye&#8217;de ise tahminimize g\u00f6re 1 milyona yak\u0131n ev i\u015f\u00e7isi var. Ancak bug\u00fcne kadar ev i\u015f\u00e7ilerinin yasal haklar\u0131 tan\u0131nmad\u0131, k\u00f6t\u00fc \u00e7al\u0131\u015fma ko\u015fullar\u0131 ile kar\u015f\u0131 kar\u015f\u0131ya olmaya devam ediyoruz. Ev i\u015f\u00e7ilerine insan onuruna yak\u0131\u015f\u0131r i\u015f istemek i\u00e7in bug\u00fcn burada ve d\u00fcnyan\u0131n pek \u00e7ok yerinde ev i\u015f\u00e7ileri olarak sesimizi y\u00fckseltiyoruz. Kararl\u0131y\u0131z, haklar\u0131m\u0131z\u0131 alaca\u011f\u0131z. Varl\u0131k-yokluk m\u00fccadelesi vererek buraya geldik. Bundan 14 y\u0131l \u00f6nce m\u00fccadelemizle, Uluslararas\u0131 \u00c7al\u0131\u015fma \u00d6rg\u00fct\u00fc ILO\u2019nun 100. oturumunda, ev i\u015finin i\u015f, &hellip;","og_url":"https:\/\/denizcankizil.tr\/uk\/haberler\/gundem\/antalyada-ev-iscisi-kadinlar-isyan-etti-artik-olmek-istemiyoruz\/","og_site_name":"Av. Deniz Can K\u0131z\u0131l","article_published_time":"2025-06-16T09:42:08+00:00","author":"Antalya K\u00f6rfez","twitter_card":"summary_large_image","twitter_misc":{"\u041d\u0430\u043f\u0438\u0441\u0430\u043d\u043e":"Antalya K\u00f6rfez","\u041f\u0440\u0438\u0431\u043b. \u0447\u0430\u0441 \u0447\u0438\u0442\u0430\u043d\u043d\u044f":"4 \u0445\u0432\u0438\u043b\u0438\u043d\u0438"},"schema":{"@context":"https:\/\/schema.org","@graph":[{"@type":"Article","@id":"https:\/\/denizcankizil.tr\/uk\/haberler\/gundem\/antalyada-ev-iscisi-kadinlar-isyan-etti-artik-olmek-istemiyoruz\/#article","isPartOf":{"@id":"https:\/\/denizcankizil.tr\/uk\/haberler\/gundem\/antalyada-ev-iscisi-kadinlar-isyan-etti-artik-olmek-istemiyoruz\/"},"author":{"name":"Antalya K\u00f6rfez","@id":"https:\/\/denizcankizil.tr\/de\/#\/schema\/person\/e1eb71bb4dd684d46563f0af307e1234"},"headline":"Antalya\u2019da ev i\u015f\u00e7isi kad\u0131nlar isyan etti: \u201cArt\u0131k \u00f6lmek istemiyoruz\u201d","datePublished":"2025-06-16T09:42:08+00:00","mainEntityOfPage":{"@id":"https:\/\/denizcankizil.tr\/uk\/haberler\/gundem\/antalyada-ev-iscisi-kadinlar-isyan-etti-artik-olmek-istemiyoruz\/"},"wordCount":821,"publisher":{"@id":"https:\/\/denizcankizil.tr\/de\/#organization"},"articleSection":["G\u00fcndem"],"inLanguage":"uk"},{"@type":"WebPage","@id":"https:\/\/denizcankizil.tr\/uk\/haberler\/gundem\/antalyada-ev-iscisi-kadinlar-isyan-etti-artik-olmek-istemiyoruz\/","url":"https:\/\/denizcankizil.tr\/uk\/haberler\/gundem\/antalyada-ev-iscisi-kadinlar-isyan-etti-artik-olmek-istemiyoruz\/","name":"Antalya\u2019da ev i\u015f\u00e7isi kad\u0131nlar isyan etti: \u201cArt\u0131k \u00f6lmek istemiyoruz\u201d - Av. Deniz Can K\u0131z\u0131l","isPartOf":{"@id":"https:\/\/denizcankizil.tr\/de\/#website"},"datePublished":"2025-06-16T09:42:08+00:00","breadcrumb":{"@id":"https:\/\/denizcankizil.tr\/uk\/haberler\/gundem\/antalyada-ev-iscisi-kadinlar-isyan-etti-artik-olmek-istemiyoruz\/#breadcrumb"},"inLanguage":"uk","potentialAction":[{"@type":"ReadAction","target":["https:\/\/denizcankizil.tr\/uk\/haberler\/gundem\/antalyada-ev-iscisi-kadinlar-isyan-etti-artik-olmek-istemiyoruz\/"]}]},{"@type":"BreadcrumbList","@id":"https:\/\/denizcankizil.tr\/uk\/haberler\/gundem\/antalyada-ev-iscisi-kadinlar-isyan-etti-artik-olmek-istemiyoruz\/#breadcrumb","itemListElement":[{"@type":"ListItem","position":1,"name":"Home","item":"https:\/\/denizcankizil.tr\/de\/"},{"@type":"ListItem","position":2,"name":"Antalya\u2019da ev i\u015f\u00e7isi kad\u0131nlar isyan etti: \u201cArt\u0131k \u00f6lmek istemiyoruz\u201d"}]},{"@type":"WebSite","@id":"https:\/\/denizcankizil.tr\/de\/#website","url":"https:\/\/denizcankizil.tr\/de\/","name":"Av. Deniz Can K\u0131z\u0131l","description":"Avukat Deniz Can K\u0131z\u0131l Antalya Barosu","publisher":{"@id":"https:\/\/denizcankizil.tr\/de\/#organization"},"potentialAction":[{"@type":"SearchAction","target":{"@type":"EntryPoint","urlTemplate":"https:\/\/denizcankizil.tr\/de\/?s={search_term_string}"},"query-input":{"@type":"PropertyValueSpecification","valueRequired":true,"valueName":"search_term_string"}}],"inLanguage":"uk"},{"@type":"Organization","@id":"https:\/\/denizcankizil.tr\/de\/#organization","name":"Av. Deniz Can K\u0131z\u0131l","url":"https:\/\/denizcankizil.tr\/de\/","logo":{"@type":"ImageObject","inLanguage":"uk","@id":"https:\/\/denizcankizil.tr\/de\/#\/schema\/logo\/image\/","url":"https:\/\/denizcankizil.tr\/wp-content\/uploads\/2024\/10\/siyah-logo-svg.svg","contentUrl":"https:\/\/denizcankizil.tr\/wp-content\/uploads\/2024\/10\/siyah-logo-svg.svg","width":1080,"height":1080,"caption":"Av. Deniz Can K\u0131z\u0131l"},"image":{"@id":"https:\/\/denizcankizil.tr\/de\/#\/schema\/logo\/image\/"}},{"@type":"Person","@id":"https:\/\/denizcankizil.tr\/de\/#\/schema\/person\/e1eb71bb4dd684d46563f0af307e1234","name":"Antalya K\u00f6rfez","image":{"@type":"ImageObject","inLanguage":"uk","@id":"https:\/\/denizcankizil.tr\/de\/#\/schema\/person\/image\/","url":"https:\/\/secure.gravatar.com\/avatar\/42b01982558a48a0b501fdcab6a408d3717ea5919095ee2e67b0e521799c5905?s=96&d=mm&r=g","contentUrl":"https:\/\/secure.gravatar.com\/avatar\/42b01982558a48a0b501fdcab6a408d3717ea5919095ee2e67b0e521799c5905?s=96&d=mm&r=g","caption":"Antalya K\u00f6rfez"},"sameAs":["http:\/\/www.antalyakorfez.com"],"url":"https:\/\/www.antalyakorfez.com\/antalyada-ev-iscisi-kadinlar-isyan-etti-artik-olmek-istemiyoruz"}]}},"_links":{"self":[{"href":"https:\/\/denizcankizil.tr\/uk\/wp-json\/wp\/v2\/posts\/117558","targetHints":{"allow":["GET"]}}],"collection":[{"href":"https:\/\/denizcankizil.tr\/uk\/wp-json\/wp\/v2\/posts"}],"about":[{"href":"https:\/\/denizcankizil.tr\/uk\/wp-json\/wp\/v2\/types\/post"}],"author":[{"embeddable":true,"href":"https:\/\/denizcankizil.tr\/uk\/wp-json\/wp\/v2\/users\/5"}],"replies":[{"embeddable":true,"href":"https:\/\/denizcankizil.tr\/uk\/wp-json\/wp\/v2\/comments?post=117558"}],"version-history":[{"count":0,"href":"https:\/\/denizcankizil.tr\/uk\/wp-json\/wp\/v2\/posts\/117558\/revisions"}],"wp:attachment":[{"href":"https:\/\/denizcankizil.tr\/uk\/wp-json\/wp\/v2\/media?parent=117558"}],"wp:term":[{"taxonomy":"category","embeddable":true,"href":"https:\/\/denizcankizil.tr\/uk\/wp-json\/wp\/v2\/categories?post=117558"},{"taxonomy":"post_tag","embeddable":true,"href":"https:\/\/denizcankizil.tr\/uk\/wp-json\/wp\/v2\/tags?post=117558"}],"curies":[{"name":"wp","href":"https:\/\/api.w.org\/{rel}","templated":true}]}}