{"id":117528,"date":"2025-06-16T11:41:18","date_gmt":"2025-06-16T08:41:18","guid":{"rendered":"https:\/\/denizcankizil.tr\/uncategorized-tr\/antalyada-yasayan-ukraynalilarin-rusyaya-ofkesi-dinmiyor\/"},"modified":"2025-06-16T11:41:18","modified_gmt":"2025-06-16T08:41:18","slug":"antalyada-yasayan-ukraynalilarin-rusyaya-ofkesi-dinmiyor","status":"publish","type":"post","link":"https:\/\/denizcankizil.tr\/uk\/haberler\/gundem\/antalyada-yasayan-ukraynalilarin-rusyaya-ofkesi-dinmiyor\/","title":{"rendered":"Antalya\u2019da ya\u015fayan Ukraynal\u0131lar\u0131n Rusya&#8217;ya \u00f6fkesi dinmiyor"},"content":{"rendered":"<p>Rusya ile Ukrayna aras\u0131nda devam eden sava\u015f, 3. y\u0131l\u0131na girdi. Sava\u015f\u0131n ba\u015flad\u0131\u011f\u0131 g\u00fcnden bu yana hem Rusya&#8217;dan hem de Ukrayna&#8217;dan \u00e7ok say\u0131da ki\u015fi T\u00fcrkiye&#8217;ye g\u00f6\u00e7 etti. Evlerine d\u00f6nmek isteyen Ukraynal\u0131lar, Rusya&#8217;ya her kanaldan mesaj vermeye \u00e7al\u0131\u015f\u0131yor.<\/p>\n<p>5 M\u0130LYON M\u00dcLTEC\u0130!<\/p>\n<p>Antalya\u2019da ya\u015fayan Ukraynal\u0131lar, seslerini duyurmak i\u00e7in afi\u015f haz\u0131rlay\u0131p \u015fehrin farkl\u0131 notlar\u0131na ast\u0131. Haz\u0131rlana el afi\u015flerinde; \u201cBen m\u00fclteciyim ve Ukrayna&#8217;dan ayr\u0131ld\u0131m \u00e7\u00fcnk\u00fc ya\u015famak istiyorum. Rusya y\u00fcz\u00fcnden 5 milyondan fazla Ukraynal\u0131 m\u00fclteci var\u201d s\u00f6zleri dikkat \u00e7ekti. Y\u0131llard\u0131r memleketlerinde uzak m\u00fclteci ya\u015fam s\u00fcrd\u00fcrd\u00fcklerini ifade eden Ukraynal\u0131lar\u0131n Rusya\u2019ya olan \u00f6fkeleri bitmiyor. Antalya\u2019da Ukrayna\u2019da ya\u015fam\u0131n\u0131 yitiren soyda\u015flar\u0131 i\u00e7in s\u0131k s\u0131k t\u00f6renlerde d\u00fczenleyen Ukraynal\u0131lar sava\u015f\u0131n bir an sona ermesini ve \u00fclkelerine d\u00f6nmek istediklerini ifade ediyorlar.<\/p>\n<p>ANTALYA\u2019DA \u00c7OK SAYIDA UKRAYNALI YA\u015eIYOR<\/p>\n<p>Antalya&#8217;da ikamet izni olan 15 bin 272 Ukraynal\u0131 ya\u015f\u0131yor. Ukrayna vatanda\u015flar\u0131 in\u015faat, tekstil, g\u0131da sanayi, bilgi teknolojisi, turizm, ula\u015f\u0131m ve hizmet sekt\u00f6r\u00fc gibi alanlarda aktif olarak ticari faaliyetlerde bulunuyor. T\u00fcrkiye&#8217;nin Ukrayna vatanda\u015flar\u0131n\u0131n ge\u00e7ici bar\u0131nma yeri aray\u0131\u015f\u0131nda maksimum d\u00fczeyde uygun bir ortam sundu\u011funa dikkat \u00e7eken Ukrayna Antalya Konsolosu Oleksandr Voronin, 2022 y\u0131l\u0131n\u0131n \u015eubat ay\u0131ndan A\u011fustos ay\u0131na kadar, 50 bin ile 70 bin aras\u0131nda Ukraynal\u0131 vatanda\u015f\u0131n Antalya&#8217;ya g\u00f6\u00e7 etti\u011fini a\u00e7\u0131klam\u0131\u015ft\u0131. Bu say\u0131 zaman i\u00e7erisinde \u00f6nemli oranda d\u00fc\u015ft\u00fc.<\/p>\n<p>\u200bRusya sava\u015f\u0131ndan dolay\u0131 T\u00fcrkiye\u2019ye s\u0131\u011f\u0131nan Ukraynal\u0131lar evlerine d\u00f6nmek istiyor. Sava\u015f\u0131n ba\u015flad\u0131\u011f\u0131 g\u00fcnden bu yana Antalya\u2019da ya\u015fayan ve memleket hasreti \u00e7eken Ukraynal\u0131lar, haz\u0131rlad\u0131klar\u0131 sitem dolu afi\u015fleri duvarlara as\u0131ld\u0131.\u00a0<\/p>\n<p>\u200bHaberin Al\u0131nt\u0131land\u0131\u011f\u0131 Kaynak: www.antalyakorfez.com<\/p>","protected":false},"excerpt":{"rendered":"<p>Rusya ile Ukrayna aras\u0131nda devam eden sava\u015f, 3. y\u0131l\u0131na girdi. Sava\u015f\u0131n ba\u015flad\u0131\u011f\u0131 g\u00fcnden bu yana hem Rusya&#8217;dan hem de Ukrayna&#8217;dan \u00e7ok say\u0131da ki\u015fi T\u00fcrkiye&#8217;ye g\u00f6\u00e7 etti. Evlerine d\u00f6nmek isteyen Ukraynal\u0131lar, Rusya&#8217;ya her kanaldan mesaj vermeye \u00e7al\u0131\u015f\u0131yor. 5 M\u0130LYON M\u00dcLTEC\u0130! Antalya\u2019da ya\u015fayan Ukraynal\u0131lar, seslerini duyurmak i\u00e7in afi\u015f haz\u0131rlay\u0131p \u015fehrin farkl\u0131 notlar\u0131na ast\u0131. Haz\u0131rlana el afi\u015flerinde; \u201cBen m\u00fclteciyim ve Ukrayna&#8217;dan ayr\u0131ld\u0131m \u00e7\u00fcnk\u00fc ya\u015famak istiyorum. Rusya y\u00fcz\u00fcnden 5 milyondan fazla Ukraynal\u0131 m\u00fclteci var\u201d s\u00f6zleri dikkat \u00e7ekti. Y\u0131llard\u0131r memleketlerinde uzak m\u00fclteci ya\u015fam s\u00fcrd\u00fcrd\u00fcklerini ifade eden Ukraynal\u0131lar\u0131n Rusya\u2019ya olan \u00f6fkeleri bitmiyor. Antalya\u2019da Ukrayna\u2019da ya\u015fam\u0131n\u0131 yitiren soyda\u015flar\u0131 i\u00e7in s\u0131k s\u0131k t\u00f6renlerde d\u00fczenleyen Ukraynal\u0131lar sava\u015f\u0131n bir an sona ermesini ve \u00fclkelerine d\u00f6nmek istediklerini ifade ediyorlar. ANTALYA\u2019DA \u00c7OK SAYIDA UKRAYNALI YA\u015eIYOR Antalya&#8217;da ikamet izni olan 15 bin 272 Ukraynal\u0131 ya\u015f\u0131yor. Ukrayna vatanda\u015flar\u0131 in\u015faat, tekstil, g\u0131da sanayi, bilgi teknolojisi, turizm, ula\u015f\u0131m ve hizmet sekt\u00f6r\u00fc gibi alanlarda aktif olarak ticari faaliyetlerde bulunuyor. T\u00fcrkiye&#8217;nin Ukrayna vatanda\u015flar\u0131n\u0131n ge\u00e7ici bar\u0131nma yeri aray\u0131\u015f\u0131nda maksimum d\u00fczeyde uygun bir ortam sundu\u011funa dikkat \u00e7eken Ukrayna Antalya Konsolosu Oleksandr Voronin, 2022 y\u0131l\u0131n\u0131n \u015eubat ay\u0131ndan A\u011fustos ay\u0131na kadar, 50 bin ile 70 bin aras\u0131nda Ukraynal\u0131 vatanda\u015f\u0131n Antalya&#8217;ya g\u00f6\u00e7 etti\u011fini a\u00e7\u0131klam\u0131\u015ft\u0131. Bu say\u0131 zaman i\u00e7erisinde \u00f6nemli oranda d\u00fc\u015ft\u00fc. \u200bRusya sava\u015f\u0131ndan dolay\u0131 T\u00fcrkiye\u2019ye s\u0131\u011f\u0131nan Ukraynal\u0131lar evlerine d\u00f6nmek istiyor. Sava\u015f\u0131n ba\u015flad\u0131\u011f\u0131 g\u00fcnden &hellip;<\/p>","protected":false},"author":5,"featured_media":0,"comment_status":"","ping_status":"open","sticky":false,"template":"","format":"standard","meta":{"_acf_changed":false,"footnotes":""},"categories":[24],"tags":[],"class_list":["post-117528","post","type-post","status-publish","format-standard","has-post-thumbnail","hentry","category-gundem"],"acf":[],"yoast_head":"<!-- This site is optimized with the Yoast SEO Premium plugin v26.6 (Yoast SEO v27.1.1) - https:\/\/yoast.com\/product\/yoast-seo-premium-wordpress\/ -->\n<title>Antalya\u2019da ya\u015fayan Ukraynal\u0131lar\u0131n Rusya&#039;ya \u00f6fkesi dinmiyor - Av. Deniz Can K\u0131z\u0131l<\/title>\n<meta name=\"robots\" content=\"index, follow, max-snippet:-1, max-image-preview:large, max-video-preview:-1\" \/>\n<link rel=\"canonical\" href=\"https:\/\/denizcankizil.tr\/uk\/haberler\/gundem\/antalyada-yasayan-ukraynalilarin-rusyaya-ofkesi-dinmiyor\/\" \/>\n<meta property=\"og:locale\" content=\"uk_UA\" \/>\n<meta property=\"og:type\" content=\"article\" \/>\n<meta property=\"og:title\" content=\"Antalya\u2019da ya\u015fayan Ukraynal\u0131lar\u0131n Rusya&#039;ya \u00f6fkesi dinmiyor\" \/>\n<meta property=\"og:description\" content=\"Rusya ile Ukrayna aras\u0131nda devam eden sava\u015f, 3. y\u0131l\u0131na girdi. Sava\u015f\u0131n ba\u015flad\u0131\u011f\u0131 g\u00fcnden bu yana hem Rusya&#8217;dan hem de Ukrayna&#8217;dan \u00e7ok say\u0131da ki\u015fi T\u00fcrkiye&#8217;ye g\u00f6\u00e7 etti. Evlerine d\u00f6nmek isteyen Ukraynal\u0131lar, Rusya&#8217;ya her kanaldan mesaj vermeye \u00e7al\u0131\u015f\u0131yor. 5 M\u0130LYON M\u00dcLTEC\u0130! Antalya\u2019da ya\u015fayan Ukraynal\u0131lar, seslerini duyurmak i\u00e7in afi\u015f haz\u0131rlay\u0131p \u015fehrin farkl\u0131 notlar\u0131na ast\u0131. Haz\u0131rlana el afi\u015flerinde; \u201cBen m\u00fclteciyim ve Ukrayna&#8217;dan ayr\u0131ld\u0131m \u00e7\u00fcnk\u00fc ya\u015famak istiyorum. Rusya y\u00fcz\u00fcnden 5 milyondan fazla Ukraynal\u0131 m\u00fclteci var\u201d s\u00f6zleri dikkat \u00e7ekti. Y\u0131llard\u0131r memleketlerinde uzak m\u00fclteci ya\u015fam s\u00fcrd\u00fcrd\u00fcklerini ifade eden Ukraynal\u0131lar\u0131n Rusya\u2019ya olan \u00f6fkeleri bitmiyor. Antalya\u2019da Ukrayna\u2019da ya\u015fam\u0131n\u0131 yitiren soyda\u015flar\u0131 i\u00e7in s\u0131k s\u0131k t\u00f6renlerde d\u00fczenleyen Ukraynal\u0131lar sava\u015f\u0131n bir an sona ermesini ve \u00fclkelerine d\u00f6nmek istediklerini ifade ediyorlar. ANTALYA\u2019DA \u00c7OK SAYIDA UKRAYNALI YA\u015eIYOR Antalya&#8217;da ikamet izni olan 15 bin 272 Ukraynal\u0131 ya\u015f\u0131yor. Ukrayna vatanda\u015flar\u0131 in\u015faat, tekstil, g\u0131da sanayi, bilgi teknolojisi, turizm, ula\u015f\u0131m ve hizmet sekt\u00f6r\u00fc gibi alanlarda aktif olarak ticari faaliyetlerde bulunuyor. T\u00fcrkiye&#8217;nin Ukrayna vatanda\u015flar\u0131n\u0131n ge\u00e7ici bar\u0131nma yeri aray\u0131\u015f\u0131nda maksimum d\u00fczeyde uygun bir ortam sundu\u011funa dikkat \u00e7eken Ukrayna Antalya Konsolosu Oleksandr Voronin, 2022 y\u0131l\u0131n\u0131n \u015eubat ay\u0131ndan A\u011fustos ay\u0131na kadar, 50 bin ile 70 bin aras\u0131nda Ukraynal\u0131 vatanda\u015f\u0131n Antalya&#8217;ya g\u00f6\u00e7 etti\u011fini a\u00e7\u0131klam\u0131\u015ft\u0131. Bu say\u0131 zaman i\u00e7erisinde \u00f6nemli oranda d\u00fc\u015ft\u00fc. \u200bRusya sava\u015f\u0131ndan dolay\u0131 T\u00fcrkiye\u2019ye s\u0131\u011f\u0131nan Ukraynal\u0131lar evlerine d\u00f6nmek istiyor. Sava\u015f\u0131n ba\u015flad\u0131\u011f\u0131 g\u00fcnden &hellip;\" \/>\n<meta property=\"og:url\" content=\"https:\/\/denizcankizil.tr\/uk\/haberler\/gundem\/antalyada-yasayan-ukraynalilarin-rusyaya-ofkesi-dinmiyor\/\" \/>\n<meta property=\"og:site_name\" content=\"Av. Deniz Can K\u0131z\u0131l\" \/>\n<meta property=\"article:published_time\" content=\"2025-06-16T08:41:18+00:00\" \/>\n<meta name=\"author\" content=\"Antalya K\u00f6rfez\" \/>\n<meta name=\"twitter:card\" content=\"summary_large_image\" \/>\n<meta name=\"twitter:label1\" content=\"\u041d\u0430\u043f\u0438\u0441\u0430\u043d\u043e\" \/>\n\t<meta name=\"twitter:data1\" content=\"Antalya K\u00f6rfez\" \/>\n\t<meta name=\"twitter:label2\" content=\"\u041f\u0440\u0438\u0431\u043b. \u0447\u0430\u0441 \u0447\u0438\u0442\u0430\u043d\u043d\u044f\" \/>\n\t<meta name=\"twitter:data2\" content=\"2 \u0445\u0432\u0438\u043b\u0438\u043d\u0438\" \/>\n<script type=\"application\/ld+json\" class=\"yoast-schema-graph\">{\"@context\":\"https:\/\/schema.org\",\"@graph\":[{\"@type\":\"Article\",\"@id\":\"https:\/\/denizcankizil.tr\/uk\/haberler\/gundem\/antalyada-yasayan-ukraynalilarin-rusyaya-ofkesi-dinmiyor\/#article\",\"isPartOf\":{\"@id\":\"https:\/\/denizcankizil.tr\/uk\/haberler\/gundem\/antalyada-yasayan-ukraynalilarin-rusyaya-ofkesi-dinmiyor\/\"},\"author\":{\"name\":\"Antalya K\u00f6rfez\",\"@id\":\"https:\/\/denizcankizil.tr\/#\/schema\/person\/e1eb71bb4dd684d46563f0af307e1234\"},\"headline\":\"Antalya\u2019da ya\u015fayan Ukraynal\u0131lar\u0131n Rusya&#8217;ya \u00f6fkesi dinmiyor\",\"datePublished\":\"2025-06-16T08:41:18+00:00\",\"mainEntityOfPage\":{\"@id\":\"https:\/\/denizcankizil.tr\/uk\/haberler\/gundem\/antalyada-yasayan-ukraynalilarin-rusyaya-ofkesi-dinmiyor\/\"},\"wordCount\":334,\"publisher\":{\"@id\":\"https:\/\/denizcankizil.tr\/#organization\"},\"articleSection\":[\"G\u00fcndem\"],\"inLanguage\":\"uk\"},{\"@type\":\"WebPage\",\"@id\":\"https:\/\/denizcankizil.tr\/uk\/haberler\/gundem\/antalyada-yasayan-ukraynalilarin-rusyaya-ofkesi-dinmiyor\/\",\"url\":\"https:\/\/denizcankizil.tr\/uk\/haberler\/gundem\/antalyada-yasayan-ukraynalilarin-rusyaya-ofkesi-dinmiyor\/\",\"name\":\"Antalya\u2019da ya\u015fayan Ukraynal\u0131lar\u0131n Rusya'ya \u00f6fkesi dinmiyor - Av. Deniz Can K\u0131z\u0131l\",\"isPartOf\":{\"@id\":\"https:\/\/denizcankizil.tr\/#website\"},\"datePublished\":\"2025-06-16T08:41:18+00:00\",\"breadcrumb\":{\"@id\":\"https:\/\/denizcankizil.tr\/uk\/haberler\/gundem\/antalyada-yasayan-ukraynalilarin-rusyaya-ofkesi-dinmiyor\/#breadcrumb\"},\"inLanguage\":\"uk\",\"potentialAction\":[{\"@type\":\"ReadAction\",\"target\":[\"https:\/\/denizcankizil.tr\/uk\/haberler\/gundem\/antalyada-yasayan-ukraynalilarin-rusyaya-ofkesi-dinmiyor\/\"]}]},{\"@type\":\"BreadcrumbList\",\"@id\":\"https:\/\/denizcankizil.tr\/uk\/haberler\/gundem\/antalyada-yasayan-ukraynalilarin-rusyaya-ofkesi-dinmiyor\/#breadcrumb\",\"itemListElement\":[{\"@type\":\"ListItem\",\"position\":1,\"name\":\"Home\",\"item\":\"https:\/\/denizcankizil.tr\/de\/\"},{\"@type\":\"ListItem\",\"position\":2,\"name\":\"Antalya\u2019da ya\u015fayan Ukraynal\u0131lar\u0131n Rusya&#8217;ya \u00f6fkesi dinmiyor\"}]},{\"@type\":\"WebSite\",\"@id\":\"https:\/\/denizcankizil.tr\/#website\",\"url\":\"https:\/\/denizcankizil.tr\/\",\"name\":\"Av. Deniz Can K\u0131z\u0131l\",\"description\":\"Avukat Deniz Can K\u0131z\u0131l Antalya Barosu\",\"publisher\":{\"@id\":\"https:\/\/denizcankizil.tr\/#organization\"},\"potentialAction\":[{\"@type\":\"SearchAction\",\"target\":{\"@type\":\"EntryPoint\",\"urlTemplate\":\"https:\/\/denizcankizil.tr\/?s={search_term_string}\"},\"query-input\":{\"@type\":\"PropertyValueSpecification\",\"valueRequired\":true,\"valueName\":\"search_term_string\"}}],\"inLanguage\":\"uk\"},{\"@type\":\"Organization\",\"@id\":\"https:\/\/denizcankizil.tr\/#organization\",\"name\":\"Av. Deniz Can K\u0131z\u0131l\",\"url\":\"https:\/\/denizcankizil.tr\/\",\"logo\":{\"@type\":\"ImageObject\",\"inLanguage\":\"uk\",\"@id\":\"https:\/\/denizcankizil.tr\/#\/schema\/logo\/image\/\",\"url\":\"https:\/\/denizcankizil.tr\/wp-content\/uploads\/2024\/10\/siyah-logo-svg.svg\",\"contentUrl\":\"https:\/\/denizcankizil.tr\/wp-content\/uploads\/2024\/10\/siyah-logo-svg.svg\",\"width\":1080,\"height\":1080,\"caption\":\"Av. Deniz Can K\u0131z\u0131l\"},\"image\":{\"@id\":\"https:\/\/denizcankizil.tr\/#\/schema\/logo\/image\/\"}},{\"@type\":\"Person\",\"@id\":\"https:\/\/denizcankizil.tr\/#\/schema\/person\/e1eb71bb4dd684d46563f0af307e1234\",\"name\":\"Antalya K\u00f6rfez\",\"image\":{\"@type\":\"ImageObject\",\"inLanguage\":\"uk\",\"@id\":\"https:\/\/denizcankizil.tr\/#\/schema\/person\/image\/\",\"url\":\"https:\/\/secure.gravatar.com\/avatar\/42b01982558a48a0b501fdcab6a408d3717ea5919095ee2e67b0e521799c5905?s=96&d=mm&r=g\",\"contentUrl\":\"https:\/\/secure.gravatar.com\/avatar\/42b01982558a48a0b501fdcab6a408d3717ea5919095ee2e67b0e521799c5905?s=96&d=mm&r=g\",\"caption\":\"Antalya K\u00f6rfez\"},\"sameAs\":[\"http:\/\/www.antalyakorfez.com\"],\"url\":\"https:\/\/www.antalyakorfez.com\/antalyada-yasayan-ukraynalilarin-rusyaya-ofkesi-dinmiyor\"}]}<\/script>\n<!-- \/ Yoast SEO Premium plugin. -->","yoast_head_json":{"title":"Antalya\u2019da ya\u015fayan Ukraynal\u0131lar\u0131n Rusya'ya \u00f6fkesi dinmiyor - Av. Deniz Can K\u0131z\u0131l","robots":{"index":"index","follow":"follow","max-snippet":"max-snippet:-1","max-image-preview":"max-image-preview:large","max-video-preview":"max-video-preview:-1"},"canonical":"https:\/\/denizcankizil.tr\/uk\/haberler\/gundem\/antalyada-yasayan-ukraynalilarin-rusyaya-ofkesi-dinmiyor\/","og_locale":"uk_UA","og_type":"article","og_title":"Antalya\u2019da ya\u015fayan Ukraynal\u0131lar\u0131n Rusya'ya \u00f6fkesi dinmiyor","og_description":"Rusya ile Ukrayna aras\u0131nda devam eden sava\u015f, 3. y\u0131l\u0131na girdi. Sava\u015f\u0131n ba\u015flad\u0131\u011f\u0131 g\u00fcnden bu yana hem Rusya&#8217;dan hem de Ukrayna&#8217;dan \u00e7ok say\u0131da ki\u015fi T\u00fcrkiye&#8217;ye g\u00f6\u00e7 etti. Evlerine d\u00f6nmek isteyen Ukraynal\u0131lar, Rusya&#8217;ya her kanaldan mesaj vermeye \u00e7al\u0131\u015f\u0131yor. 5 M\u0130LYON M\u00dcLTEC\u0130! Antalya\u2019da ya\u015fayan Ukraynal\u0131lar, seslerini duyurmak i\u00e7in afi\u015f haz\u0131rlay\u0131p \u015fehrin farkl\u0131 notlar\u0131na ast\u0131. Haz\u0131rlana el afi\u015flerinde; \u201cBen m\u00fclteciyim ve Ukrayna&#8217;dan ayr\u0131ld\u0131m \u00e7\u00fcnk\u00fc ya\u015famak istiyorum. Rusya y\u00fcz\u00fcnden 5 milyondan fazla Ukraynal\u0131 m\u00fclteci var\u201d s\u00f6zleri dikkat \u00e7ekti. Y\u0131llard\u0131r memleketlerinde uzak m\u00fclteci ya\u015fam s\u00fcrd\u00fcrd\u00fcklerini ifade eden Ukraynal\u0131lar\u0131n Rusya\u2019ya olan \u00f6fkeleri bitmiyor. Antalya\u2019da Ukrayna\u2019da ya\u015fam\u0131n\u0131 yitiren soyda\u015flar\u0131 i\u00e7in s\u0131k s\u0131k t\u00f6renlerde d\u00fczenleyen Ukraynal\u0131lar sava\u015f\u0131n bir an sona ermesini ve \u00fclkelerine d\u00f6nmek istediklerini ifade ediyorlar. ANTALYA\u2019DA \u00c7OK SAYIDA UKRAYNALI YA\u015eIYOR Antalya&#8217;da ikamet izni olan 15 bin 272 Ukraynal\u0131 ya\u015f\u0131yor. Ukrayna vatanda\u015flar\u0131 in\u015faat, tekstil, g\u0131da sanayi, bilgi teknolojisi, turizm, ula\u015f\u0131m ve hizmet sekt\u00f6r\u00fc gibi alanlarda aktif olarak ticari faaliyetlerde bulunuyor. T\u00fcrkiye&#8217;nin Ukrayna vatanda\u015flar\u0131n\u0131n ge\u00e7ici bar\u0131nma yeri aray\u0131\u015f\u0131nda maksimum d\u00fczeyde uygun bir ortam sundu\u011funa dikkat \u00e7eken Ukrayna Antalya Konsolosu Oleksandr Voronin, 2022 y\u0131l\u0131n\u0131n \u015eubat ay\u0131ndan A\u011fustos ay\u0131na kadar, 50 bin ile 70 bin aras\u0131nda Ukraynal\u0131 vatanda\u015f\u0131n Antalya&#8217;ya g\u00f6\u00e7 etti\u011fini a\u00e7\u0131klam\u0131\u015ft\u0131. Bu say\u0131 zaman i\u00e7erisinde \u00f6nemli oranda d\u00fc\u015ft\u00fc. \u200bRusya sava\u015f\u0131ndan dolay\u0131 T\u00fcrkiye\u2019ye s\u0131\u011f\u0131nan Ukraynal\u0131lar evlerine d\u00f6nmek istiyor. Sava\u015f\u0131n ba\u015flad\u0131\u011f\u0131 g\u00fcnden &hellip;","og_url":"https:\/\/denizcankizil.tr\/uk\/haberler\/gundem\/antalyada-yasayan-ukraynalilarin-rusyaya-ofkesi-dinmiyor\/","og_site_name":"Av. Deniz Can K\u0131z\u0131l","article_published_time":"2025-06-16T08:41:18+00:00","author":"Antalya K\u00f6rfez","twitter_card":"summary_large_image","twitter_misc":{"\u041d\u0430\u043f\u0438\u0441\u0430\u043d\u043e":"Antalya K\u00f6rfez","\u041f\u0440\u0438\u0431\u043b. \u0447\u0430\u0441 \u0447\u0438\u0442\u0430\u043d\u043d\u044f":"2 \u0445\u0432\u0438\u043b\u0438\u043d\u0438"},"schema":{"@context":"https:\/\/schema.org","@graph":[{"@type":"Article","@id":"https:\/\/denizcankizil.tr\/uk\/haberler\/gundem\/antalyada-yasayan-ukraynalilarin-rusyaya-ofkesi-dinmiyor\/#article","isPartOf":{"@id":"https:\/\/denizcankizil.tr\/uk\/haberler\/gundem\/antalyada-yasayan-ukraynalilarin-rusyaya-ofkesi-dinmiyor\/"},"author":{"name":"Antalya K\u00f6rfez","@id":"https:\/\/denizcankizil.tr\/#\/schema\/person\/e1eb71bb4dd684d46563f0af307e1234"},"headline":"Antalya\u2019da ya\u015fayan Ukraynal\u0131lar\u0131n Rusya&#8217;ya \u00f6fkesi dinmiyor","datePublished":"2025-06-16T08:41:18+00:00","mainEntityOfPage":{"@id":"https:\/\/denizcankizil.tr\/uk\/haberler\/gundem\/antalyada-yasayan-ukraynalilarin-rusyaya-ofkesi-dinmiyor\/"},"wordCount":334,"publisher":{"@id":"https:\/\/denizcankizil.tr\/#organization"},"articleSection":["G\u00fcndem"],"inLanguage":"uk"},{"@type":"WebPage","@id":"https:\/\/denizcankizil.tr\/uk\/haberler\/gundem\/antalyada-yasayan-ukraynalilarin-rusyaya-ofkesi-dinmiyor\/","url":"https:\/\/denizcankizil.tr\/uk\/haberler\/gundem\/antalyada-yasayan-ukraynalilarin-rusyaya-ofkesi-dinmiyor\/","name":"Antalya\u2019da ya\u015fayan Ukraynal\u0131lar\u0131n Rusya'ya \u00f6fkesi dinmiyor - Av. Deniz Can K\u0131z\u0131l","isPartOf":{"@id":"https:\/\/denizcankizil.tr\/#website"},"datePublished":"2025-06-16T08:41:18+00:00","breadcrumb":{"@id":"https:\/\/denizcankizil.tr\/uk\/haberler\/gundem\/antalyada-yasayan-ukraynalilarin-rusyaya-ofkesi-dinmiyor\/#breadcrumb"},"inLanguage":"uk","potentialAction":[{"@type":"ReadAction","target":["https:\/\/denizcankizil.tr\/uk\/haberler\/gundem\/antalyada-yasayan-ukraynalilarin-rusyaya-ofkesi-dinmiyor\/"]}]},{"@type":"BreadcrumbList","@id":"https:\/\/denizcankizil.tr\/uk\/haberler\/gundem\/antalyada-yasayan-ukraynalilarin-rusyaya-ofkesi-dinmiyor\/#breadcrumb","itemListElement":[{"@type":"ListItem","position":1,"name":"Home","item":"https:\/\/denizcankizil.tr\/de\/"},{"@type":"ListItem","position":2,"name":"Antalya\u2019da ya\u015fayan Ukraynal\u0131lar\u0131n Rusya&#8217;ya \u00f6fkesi dinmiyor"}]},{"@type":"WebSite","@id":"https:\/\/denizcankizil.tr\/#website","url":"https:\/\/denizcankizil.tr\/","name":"Av. Deniz Can K\u0131z\u0131l","description":"Avukat Deniz Can K\u0131z\u0131l Antalya Barosu","publisher":{"@id":"https:\/\/denizcankizil.tr\/#organization"},"potentialAction":[{"@type":"SearchAction","target":{"@type":"EntryPoint","urlTemplate":"https:\/\/denizcankizil.tr\/?s={search_term_string}"},"query-input":{"@type":"PropertyValueSpecification","valueRequired":true,"valueName":"search_term_string"}}],"inLanguage":"uk"},{"@type":"Organization","@id":"https:\/\/denizcankizil.tr\/#organization","name":"Av. Deniz Can K\u0131z\u0131l","url":"https:\/\/denizcankizil.tr\/","logo":{"@type":"ImageObject","inLanguage":"uk","@id":"https:\/\/denizcankizil.tr\/#\/schema\/logo\/image\/","url":"https:\/\/denizcankizil.tr\/wp-content\/uploads\/2024\/10\/siyah-logo-svg.svg","contentUrl":"https:\/\/denizcankizil.tr\/wp-content\/uploads\/2024\/10\/siyah-logo-svg.svg","width":1080,"height":1080,"caption":"Av. Deniz Can K\u0131z\u0131l"},"image":{"@id":"https:\/\/denizcankizil.tr\/#\/schema\/logo\/image\/"}},{"@type":"Person","@id":"https:\/\/denizcankizil.tr\/#\/schema\/person\/e1eb71bb4dd684d46563f0af307e1234","name":"Antalya K\u00f6rfez","image":{"@type":"ImageObject","inLanguage":"uk","@id":"https:\/\/denizcankizil.tr\/#\/schema\/person\/image\/","url":"https:\/\/secure.gravatar.com\/avatar\/42b01982558a48a0b501fdcab6a408d3717ea5919095ee2e67b0e521799c5905?s=96&d=mm&r=g","contentUrl":"https:\/\/secure.gravatar.com\/avatar\/42b01982558a48a0b501fdcab6a408d3717ea5919095ee2e67b0e521799c5905?s=96&d=mm&r=g","caption":"Antalya K\u00f6rfez"},"sameAs":["http:\/\/www.antalyakorfez.com"],"url":"https:\/\/www.antalyakorfez.com\/antalyada-yasayan-ukraynalilarin-rusyaya-ofkesi-dinmiyor"}]}},"_links":{"self":[{"href":"https:\/\/denizcankizil.tr\/uk\/wp-json\/wp\/v2\/posts\/117528","targetHints":{"allow":["GET"]}}],"collection":[{"href":"https:\/\/denizcankizil.tr\/uk\/wp-json\/wp\/v2\/posts"}],"about":[{"href":"https:\/\/denizcankizil.tr\/uk\/wp-json\/wp\/v2\/types\/post"}],"author":[{"embeddable":true,"href":"https:\/\/denizcankizil.tr\/uk\/wp-json\/wp\/v2\/users\/5"}],"replies":[{"embeddable":true,"href":"https:\/\/denizcankizil.tr\/uk\/wp-json\/wp\/v2\/comments?post=117528"}],"version-history":[{"count":0,"href":"https:\/\/denizcankizil.tr\/uk\/wp-json\/wp\/v2\/posts\/117528\/revisions"}],"wp:attachment":[{"href":"https:\/\/denizcankizil.tr\/uk\/wp-json\/wp\/v2\/media?parent=117528"}],"wp:term":[{"taxonomy":"category","embeddable":true,"href":"https:\/\/denizcankizil.tr\/uk\/wp-json\/wp\/v2\/categories?post=117528"},{"taxonomy":"post_tag","embeddable":true,"href":"https:\/\/denizcankizil.tr\/uk\/wp-json\/wp\/v2\/tags?post=117528"}],"curies":[{"name":"wp","href":"https:\/\/api.w.org\/{rel}","templated":true}]}}