{"id":117410,"date":"2025-06-16T06:42:12","date_gmt":"2025-06-16T03:42:12","guid":{"rendered":"https:\/\/denizcankizil.tr\/uncategorized-tr\/izmirde-plastik-deposunda-yangin\/"},"modified":"2025-06-16T06:42:12","modified_gmt":"2025-06-16T03:42:12","slug":"izmirde-plastik-deposunda-yangin","status":"publish","type":"post","link":"https:\/\/denizcankizil.tr\/uk\/haberler\/gundem\/izmirde-plastik-deposunda-yangin\/","title":{"rendered":"\u0130zmir\u2019de plastik deposunda yang\u0131n!"},"content":{"rendered":"<p>\u0130zmir\u2019de Medicana Hastanesi yak\u0131n\u0131ndaki plastik deposunda \u00e7\u0131kan yang\u0131na itfaiye ekipleri yo\u011fun \u015fekilde m\u00fcdahale ediyor. Yang\u0131n\u0131n hastaneye s\u0131\u00e7ramas\u0131 engellenirken, hastalar \u00f6nlem ama\u00e7l\u0131 tahliye edildi.\u0130ZM\u0130R (\u0130GFA) &#8211; \u0130zmir\u2019de, Medicana Hastanesi\u2019ne yak\u0131n bir noktada bulunan plastik deposunda saat 16:57\u2019de yang\u0131n \u00e7\u0131kt\u0131.<br \/>\n\u0130lk olarak ot yang\u0131n\u0131 ihbar\u0131 \u00fczerine b\u00f6lgeye sevk edilen \u0130zmir \u0130tfaiyesi ekipleri, yang\u0131n\u0131n depolarda oldu\u011funu tespit etti.<br \/>\nYang\u0131na 16 itfaiye arac\u0131, Park Bah\u00e7eler ve \u0130ZSU\u2019ya ba\u011fl\u0131 su tankerleri ile il\u00e7e belediyelerinden gelen destek ara\u00e7lar\u0131yla m\u00fcdahale ediliyor. Ayr\u0131ca Alia\u011fa b\u00f6lgesinden 7 araz\u00f6z, 3 tonajl\u0131 ara\u00e7, 2 end\u00fcstriyel tip yang\u0131n s\u00f6nd\u00fcr\u00fcc\u00fc ara\u00e7 ve 3 merdivenli ara\u00e7 da olay yerine y\u00f6nlendirildi.<\/p>\n<p>Ekipler, yang\u0131n\u0131n Medicana Hastanesi\u2019ne s\u0131\u00e7ramas\u0131n\u0131 \u00f6nlemek i\u00e7in yo\u011fun \u00e7aba sarf etti ve bu konuda ba\u015far\u0131 sa\u011fland\u0131. \u00d6nlem ama\u00e7l\u0131 hastanedeki hastalar tahliye edildi. Yang\u0131n dolay\u0131s\u0131yla \u0130ZBAN seferlerinde ya\u015fanan k\u0131sa s\u00fcreli sinyalizasyon sorunu ise giderilerek seferler normale d\u00f6nd\u00fc.<br \/>\n\u0130tfaiye ekiplerinin yang\u0131n\u0131 kontrol alt\u0131na alma \u00e7al\u0131\u015fmalar\u0131 devam ederken, olayla ilgili tahkikat ba\u015flat\u0131ld\u0131.<\/p>\n<p>\u200b\u0130zmir\u2019de Medicana Hastanesi yak\u0131n\u0131ndaki plastik deposunda \u00e7\u0131kan yang\u0131na itfaiye ekipleri yo\u011fun \u015fekilde m\u00fcdahale ediyor. Yang\u0131n\u0131n hastaneye s\u0131\u00e7ramas\u0131 engellenirken, hastalar \u00f6nlem ama\u00e7l\u0131 tahliye edildi.\u0130ZM\u0130R (\u0130GFA) &#8211; \u0130zmir\u2019de, Medicana Hastanesi\u2019ne yak\u0131n bir noktada bulunan plastik deposunda saat 16:57\u2019de yang\u0131n \u00e7\u0131kt\u0131.<br \/>\n\u0130lk olarak ot yang\u0131n\u0131 ihbar\u0131 \u00fczerine b\u00f6lgeye sevk edilen \u0130zmir \u0130tfaiyesi ekipleri, yang\u0131n\u0131n depolarda oldu\u011funu tespit etti.<br \/>\nYang\u0131na 16 itfaiye arac\u0131, Park Bah\u00e7eler ve \u0130ZSU\u2019ya ba\u011fl\u0131 su tankerleri ile il\u00e7e belediyelerinden gelen destek ara\u00e7lar\u0131yla m\u00fcdahale ediliyor. Ayr\u0131ca Alia\u011fa b\u00f6lgesinden 7 araz\u00f6z, 3 tonajl\u0131 ara\u00e7, 2 end\u00fcstriyel tip yang\u0131n s\u00f6nd\u00fcr\u00fcc\u00fc ara\u00e7 ve 3 merdivenli ara\u00e7 da olay yerine y\u00f6nlendirildi.<\/p>\n<p>Ekipler, yang\u0131n\u0131n Medicana Hastanesi\u2019ne s\u0131\u00e7ramas\u0131n\u0131 \u00f6nlemek i\u00e7in yo\u011fun \u00e7aba sarf etti ve bu konuda ba\u015far\u0131 sa\u011fland\u0131. \u00d6nlem ama\u00e7l\u0131 hastanedeki hastalar tahliye edildi. Yang\u0131n dolay\u0131s\u0131yla \u0130ZBAN seferlerinde ya\u015fanan k\u0131sa s\u00fcreli sinyalizasyon sorunu ise giderilerek seferler normale d\u00f6nd\u00fc.<br \/>\n\u0130tfaiye ekiplerinin yang\u0131n\u0131 kontrol alt\u0131na alma \u00e7al\u0131\u015fmalar\u0131 devam ederken, olayla ilgili tahkikat ba\u015flat\u0131ld\u0131.\u00a0<\/p>\n<p>\u200bHaberin Al\u0131nt\u0131land\u0131\u011f\u0131 Kaynak: www.iskenderun.org<\/p>","protected":false},"excerpt":{"rendered":"<p>\u0130zmir\u2019de Medicana Hastanesi yak\u0131n\u0131ndaki plastik deposunda \u00e7\u0131kan yang\u0131na itfaiye ekipleri yo\u011fun \u015fekilde m\u00fcdahale ediyor. Yang\u0131n\u0131n hastaneye s\u0131\u00e7ramas\u0131 engellenirken, hastalar \u00f6nlem ama\u00e7l\u0131 tahliye edildi.\u0130ZM\u0130R (\u0130GFA) &#8211; \u0130zmir\u2019de, Medicana Hastanesi\u2019ne yak\u0131n bir noktada bulunan plastik deposunda saat 16:57\u2019de yang\u0131n \u00e7\u0131kt\u0131. \u0130lk olarak ot yang\u0131n\u0131 ihbar\u0131 \u00fczerine b\u00f6lgeye sevk edilen \u0130zmir \u0130tfaiyesi ekipleri, yang\u0131n\u0131n depolarda oldu\u011funu tespit etti. Yang\u0131na 16 itfaiye arac\u0131, Park Bah\u00e7eler ve \u0130ZSU\u2019ya ba\u011fl\u0131 su tankerleri ile il\u00e7e belediyelerinden gelen destek ara\u00e7lar\u0131yla m\u00fcdahale ediliyor. Ayr\u0131ca Alia\u011fa b\u00f6lgesinden 7 araz\u00f6z, 3 tonajl\u0131 ara\u00e7, 2 end\u00fcstriyel tip yang\u0131n s\u00f6nd\u00fcr\u00fcc\u00fc ara\u00e7 ve 3 merdivenli ara\u00e7 da olay yerine y\u00f6nlendirildi. Ekipler, yang\u0131n\u0131n Medicana Hastanesi\u2019ne s\u0131\u00e7ramas\u0131n\u0131 \u00f6nlemek i\u00e7in yo\u011fun \u00e7aba sarf etti ve bu konuda ba\u015far\u0131 sa\u011fland\u0131. \u00d6nlem ama\u00e7l\u0131 hastanedeki hastalar tahliye edildi. Yang\u0131n dolay\u0131s\u0131yla \u0130ZBAN seferlerinde ya\u015fanan k\u0131sa s\u00fcreli sinyalizasyon sorunu ise giderilerek seferler normale d\u00f6nd\u00fc. \u0130tfaiye ekiplerinin yang\u0131n\u0131 kontrol alt\u0131na alma \u00e7al\u0131\u015fmalar\u0131 devam ederken, olayla ilgili tahkikat ba\u015flat\u0131ld\u0131. \u200b\u0130zmir\u2019de Medicana Hastanesi yak\u0131n\u0131ndaki plastik deposunda \u00e7\u0131kan yang\u0131na itfaiye ekipleri yo\u011fun \u015fekilde m\u00fcdahale ediyor. Yang\u0131n\u0131n hastaneye s\u0131\u00e7ramas\u0131 engellenirken, hastalar \u00f6nlem ama\u00e7l\u0131 tahliye edildi.\u0130ZM\u0130R (\u0130GFA) &#8211; \u0130zmir\u2019de, Medicana Hastanesi\u2019ne yak\u0131n bir noktada bulunan plastik deposunda saat 16:57\u2019de yang\u0131n \u00e7\u0131kt\u0131. \u0130lk olarak ot yang\u0131n\u0131 ihbar\u0131 \u00fczerine b\u00f6lgeye sevk edilen \u0130zmir \u0130tfaiyesi ekipleri, yang\u0131n\u0131n depolarda oldu\u011funu tespit etti. &hellip;<\/p>","protected":false},"author":1,"featured_media":0,"comment_status":"","ping_status":"open","sticky":false,"template":"","format":"standard","meta":{"_acf_changed":false,"footnotes":""},"categories":[24],"tags":[],"class_list":["post-117410","post","type-post","status-publish","format-standard","has-post-thumbnail","hentry","category-gundem"],"acf":[],"yoast_head":"<!-- This site is optimized with the Yoast SEO Premium plugin v26.6 (Yoast SEO v27.1.1) - https:\/\/yoast.com\/product\/yoast-seo-premium-wordpress\/ -->\n<title>\u0130zmir\u2019de plastik deposunda yang\u0131n! - Av. Deniz Can K\u0131z\u0131l<\/title>\n<meta name=\"robots\" content=\"index, follow, max-snippet:-1, max-image-preview:large, max-video-preview:-1\" \/>\n<link rel=\"canonical\" href=\"https:\/\/denizcankizil.tr\/uk\/haberler\/gundem\/izmirde-plastik-deposunda-yangin\/\" \/>\n<meta property=\"og:locale\" content=\"uk_UA\" \/>\n<meta property=\"og:type\" content=\"article\" \/>\n<meta property=\"og:title\" content=\"\u0130zmir\u2019de plastik deposunda yang\u0131n!\" \/>\n<meta property=\"og:description\" content=\"\u0130zmir\u2019de Medicana Hastanesi yak\u0131n\u0131ndaki plastik deposunda \u00e7\u0131kan yang\u0131na itfaiye ekipleri yo\u011fun \u015fekilde m\u00fcdahale ediyor. Yang\u0131n\u0131n hastaneye s\u0131\u00e7ramas\u0131 engellenirken, hastalar \u00f6nlem ama\u00e7l\u0131 tahliye edildi.\u0130ZM\u0130R (\u0130GFA) &#8211; \u0130zmir\u2019de, Medicana Hastanesi\u2019ne yak\u0131n bir noktada bulunan plastik deposunda saat 16:57\u2019de yang\u0131n \u00e7\u0131kt\u0131. \u0130lk olarak ot yang\u0131n\u0131 ihbar\u0131 \u00fczerine b\u00f6lgeye sevk edilen \u0130zmir \u0130tfaiyesi ekipleri, yang\u0131n\u0131n depolarda oldu\u011funu tespit etti. Yang\u0131na 16 itfaiye arac\u0131, Park Bah\u00e7eler ve \u0130ZSU\u2019ya ba\u011fl\u0131 su tankerleri ile il\u00e7e belediyelerinden gelen destek ara\u00e7lar\u0131yla m\u00fcdahale ediliyor. Ayr\u0131ca Alia\u011fa b\u00f6lgesinden 7 araz\u00f6z, 3 tonajl\u0131 ara\u00e7, 2 end\u00fcstriyel tip yang\u0131n s\u00f6nd\u00fcr\u00fcc\u00fc ara\u00e7 ve 3 merdivenli ara\u00e7 da olay yerine y\u00f6nlendirildi. Ekipler, yang\u0131n\u0131n Medicana Hastanesi\u2019ne s\u0131\u00e7ramas\u0131n\u0131 \u00f6nlemek i\u00e7in yo\u011fun \u00e7aba sarf etti ve bu konuda ba\u015far\u0131 sa\u011fland\u0131. \u00d6nlem ama\u00e7l\u0131 hastanedeki hastalar tahliye edildi. Yang\u0131n dolay\u0131s\u0131yla \u0130ZBAN seferlerinde ya\u015fanan k\u0131sa s\u00fcreli sinyalizasyon sorunu ise giderilerek seferler normale d\u00f6nd\u00fc. \u0130tfaiye ekiplerinin yang\u0131n\u0131 kontrol alt\u0131na alma \u00e7al\u0131\u015fmalar\u0131 devam ederken, olayla ilgili tahkikat ba\u015flat\u0131ld\u0131. \u200b\u0130zmir\u2019de Medicana Hastanesi yak\u0131n\u0131ndaki plastik deposunda \u00e7\u0131kan yang\u0131na itfaiye ekipleri yo\u011fun \u015fekilde m\u00fcdahale ediyor. Yang\u0131n\u0131n hastaneye s\u0131\u00e7ramas\u0131 engellenirken, hastalar \u00f6nlem ama\u00e7l\u0131 tahliye edildi.\u0130ZM\u0130R (\u0130GFA) &#8211; \u0130zmir\u2019de, Medicana Hastanesi\u2019ne yak\u0131n bir noktada bulunan plastik deposunda saat 16:57\u2019de yang\u0131n \u00e7\u0131kt\u0131. \u0130lk olarak ot yang\u0131n\u0131 ihbar\u0131 \u00fczerine b\u00f6lgeye sevk edilen \u0130zmir \u0130tfaiyesi ekipleri, yang\u0131n\u0131n depolarda oldu\u011funu tespit etti. &hellip;\" \/>\n<meta property=\"og:url\" content=\"https:\/\/denizcankizil.tr\/uk\/haberler\/gundem\/izmirde-plastik-deposunda-yangin\/\" \/>\n<meta property=\"og:site_name\" content=\"Av. Deniz Can K\u0131z\u0131l\" \/>\n<meta property=\"article:published_time\" content=\"2025-06-16T03:42:12+00:00\" \/>\n<meta name=\"author\" content=\"admin\" \/>\n<meta name=\"twitter:card\" content=\"summary_large_image\" \/>\n<meta name=\"twitter:label1\" content=\"\u041d\u0430\u043f\u0438\u0441\u0430\u043d\u043e\" \/>\n\t<meta name=\"twitter:data1\" content=\"admin\" \/>\n\t<meta name=\"twitter:label2\" content=\"\u041f\u0440\u0438\u0431\u043b. \u0447\u0430\u0441 \u0447\u0438\u0442\u0430\u043d\u043d\u044f\" \/>\n\t<meta name=\"twitter:data2\" content=\"2 \u0445\u0432\u0438\u043b\u0438\u043d\u0438\" \/>\n<script type=\"application\/ld+json\" class=\"yoast-schema-graph\">{\"@context\":\"https:\/\/schema.org\",\"@graph\":[{\"@type\":\"Article\",\"@id\":\"https:\/\/denizcankizil.tr\/uk\/haberler\/gundem\/izmirde-plastik-deposunda-yangin\/#article\",\"isPartOf\":{\"@id\":\"https:\/\/denizcankizil.tr\/uk\/haberler\/gundem\/izmirde-plastik-deposunda-yangin\/\"},\"author\":{\"name\":\"admin\",\"@id\":\"https:\/\/denizcankizil.tr\/#\/schema\/person\/be3c05fe6a12686905512445d8185489\"},\"headline\":\"\u0130zmir\u2019de plastik deposunda yang\u0131n!\",\"datePublished\":\"2025-06-16T03:42:12+00:00\",\"mainEntityOfPage\":{\"@id\":\"https:\/\/denizcankizil.tr\/uk\/haberler\/gundem\/izmirde-plastik-deposunda-yangin\/\"},\"wordCount\":416,\"publisher\":{\"@id\":\"https:\/\/denizcankizil.tr\/#organization\"},\"articleSection\":[\"G\u00fcndem\"],\"inLanguage\":\"uk\"},{\"@type\":\"WebPage\",\"@id\":\"https:\/\/denizcankizil.tr\/uk\/haberler\/gundem\/izmirde-plastik-deposunda-yangin\/\",\"url\":\"https:\/\/denizcankizil.tr\/uk\/haberler\/gundem\/izmirde-plastik-deposunda-yangin\/\",\"name\":\"\u0130zmir\u2019de plastik deposunda yang\u0131n! - Av. Deniz Can K\u0131z\u0131l\",\"isPartOf\":{\"@id\":\"https:\/\/denizcankizil.tr\/#website\"},\"datePublished\":\"2025-06-16T03:42:12+00:00\",\"breadcrumb\":{\"@id\":\"https:\/\/denizcankizil.tr\/uk\/haberler\/gundem\/izmirde-plastik-deposunda-yangin\/#breadcrumb\"},\"inLanguage\":\"uk\",\"potentialAction\":[{\"@type\":\"ReadAction\",\"target\":[\"https:\/\/denizcankizil.tr\/uk\/haberler\/gundem\/izmirde-plastik-deposunda-yangin\/\"]}]},{\"@type\":\"BreadcrumbList\",\"@id\":\"https:\/\/denizcankizil.tr\/uk\/haberler\/gundem\/izmirde-plastik-deposunda-yangin\/#breadcrumb\",\"itemListElement\":[{\"@type\":\"ListItem\",\"position\":1,\"name\":\"Home\",\"item\":\"https:\/\/denizcankizil.tr\/de\/\"},{\"@type\":\"ListItem\",\"position\":2,\"name\":\"\u0130zmir\u2019de plastik deposunda yang\u0131n!\"}]},{\"@type\":\"WebSite\",\"@id\":\"https:\/\/denizcankizil.tr\/#website\",\"url\":\"https:\/\/denizcankizil.tr\/\",\"name\":\"Av. Deniz Can K\u0131z\u0131l\",\"description\":\"Avukat Deniz Can K\u0131z\u0131l Antalya Barosu\",\"publisher\":{\"@id\":\"https:\/\/denizcankizil.tr\/#organization\"},\"potentialAction\":[{\"@type\":\"SearchAction\",\"target\":{\"@type\":\"EntryPoint\",\"urlTemplate\":\"https:\/\/denizcankizil.tr\/?s={search_term_string}\"},\"query-input\":{\"@type\":\"PropertyValueSpecification\",\"valueRequired\":true,\"valueName\":\"search_term_string\"}}],\"inLanguage\":\"uk\"},{\"@type\":\"Organization\",\"@id\":\"https:\/\/denizcankizil.tr\/#organization\",\"name\":\"Av. Deniz Can K\u0131z\u0131l\",\"url\":\"https:\/\/denizcankizil.tr\/\",\"logo\":{\"@type\":\"ImageObject\",\"inLanguage\":\"uk\",\"@id\":\"https:\/\/denizcankizil.tr\/#\/schema\/logo\/image\/\",\"url\":\"https:\/\/denizcankizil.tr\/wp-content\/uploads\/2024\/10\/siyah-logo-svg.svg\",\"contentUrl\":\"https:\/\/denizcankizil.tr\/wp-content\/uploads\/2024\/10\/siyah-logo-svg.svg\",\"width\":1080,\"height\":1080,\"caption\":\"Av. Deniz Can K\u0131z\u0131l\"},\"image\":{\"@id\":\"https:\/\/denizcankizil.tr\/#\/schema\/logo\/image\/\"}},{\"@type\":\"Person\",\"@id\":\"https:\/\/denizcankizil.tr\/#\/schema\/person\/be3c05fe6a12686905512445d8185489\",\"name\":\"admin\",\"image\":{\"@type\":\"ImageObject\",\"inLanguage\":\"uk\",\"@id\":\"https:\/\/denizcankizil.tr\/#\/schema\/person\/image\/\",\"url\":\"https:\/\/secure.gravatar.com\/avatar\/c1fce94c830dc79107e174f890d7210541c4a63e8e5d816341794a2151c9d58c?s=96&d=mm&r=g\",\"contentUrl\":\"https:\/\/secure.gravatar.com\/avatar\/c1fce94c830dc79107e174f890d7210541c4a63e8e5d816341794a2151c9d58c?s=96&d=mm&r=g\",\"caption\":\"admin\"},\"sameAs\":[\"http:\/\/denizcankizil.tr\"],\"url\":\"https:\/\/www.iskenderun.org\/izmirde-plastik-deposunda-yangin\"}]}<\/script>\n<!-- \/ Yoast SEO Premium plugin. -->","yoast_head_json":{"title":"\u0130zmir\u2019de plastik deposunda yang\u0131n! - Av. Deniz Can K\u0131z\u0131l","robots":{"index":"index","follow":"follow","max-snippet":"max-snippet:-1","max-image-preview":"max-image-preview:large","max-video-preview":"max-video-preview:-1"},"canonical":"https:\/\/denizcankizil.tr\/uk\/haberler\/gundem\/izmirde-plastik-deposunda-yangin\/","og_locale":"uk_UA","og_type":"article","og_title":"\u0130zmir\u2019de plastik deposunda yang\u0131n!","og_description":"\u0130zmir\u2019de Medicana Hastanesi yak\u0131n\u0131ndaki plastik deposunda \u00e7\u0131kan yang\u0131na itfaiye ekipleri yo\u011fun \u015fekilde m\u00fcdahale ediyor. Yang\u0131n\u0131n hastaneye s\u0131\u00e7ramas\u0131 engellenirken, hastalar \u00f6nlem ama\u00e7l\u0131 tahliye edildi.\u0130ZM\u0130R (\u0130GFA) &#8211; \u0130zmir\u2019de, Medicana Hastanesi\u2019ne yak\u0131n bir noktada bulunan plastik deposunda saat 16:57\u2019de yang\u0131n \u00e7\u0131kt\u0131. \u0130lk olarak ot yang\u0131n\u0131 ihbar\u0131 \u00fczerine b\u00f6lgeye sevk edilen \u0130zmir \u0130tfaiyesi ekipleri, yang\u0131n\u0131n depolarda oldu\u011funu tespit etti. Yang\u0131na 16 itfaiye arac\u0131, Park Bah\u00e7eler ve \u0130ZSU\u2019ya ba\u011fl\u0131 su tankerleri ile il\u00e7e belediyelerinden gelen destek ara\u00e7lar\u0131yla m\u00fcdahale ediliyor. Ayr\u0131ca Alia\u011fa b\u00f6lgesinden 7 araz\u00f6z, 3 tonajl\u0131 ara\u00e7, 2 end\u00fcstriyel tip yang\u0131n s\u00f6nd\u00fcr\u00fcc\u00fc ara\u00e7 ve 3 merdivenli ara\u00e7 da olay yerine y\u00f6nlendirildi. Ekipler, yang\u0131n\u0131n Medicana Hastanesi\u2019ne s\u0131\u00e7ramas\u0131n\u0131 \u00f6nlemek i\u00e7in yo\u011fun \u00e7aba sarf etti ve bu konuda ba\u015far\u0131 sa\u011fland\u0131. \u00d6nlem ama\u00e7l\u0131 hastanedeki hastalar tahliye edildi. Yang\u0131n dolay\u0131s\u0131yla \u0130ZBAN seferlerinde ya\u015fanan k\u0131sa s\u00fcreli sinyalizasyon sorunu ise giderilerek seferler normale d\u00f6nd\u00fc. \u0130tfaiye ekiplerinin yang\u0131n\u0131 kontrol alt\u0131na alma \u00e7al\u0131\u015fmalar\u0131 devam ederken, olayla ilgili tahkikat ba\u015flat\u0131ld\u0131. \u200b\u0130zmir\u2019de Medicana Hastanesi yak\u0131n\u0131ndaki plastik deposunda \u00e7\u0131kan yang\u0131na itfaiye ekipleri yo\u011fun \u015fekilde m\u00fcdahale ediyor. Yang\u0131n\u0131n hastaneye s\u0131\u00e7ramas\u0131 engellenirken, hastalar \u00f6nlem ama\u00e7l\u0131 tahliye edildi.\u0130ZM\u0130R (\u0130GFA) &#8211; \u0130zmir\u2019de, Medicana Hastanesi\u2019ne yak\u0131n bir noktada bulunan plastik deposunda saat 16:57\u2019de yang\u0131n \u00e7\u0131kt\u0131. \u0130lk olarak ot yang\u0131n\u0131 ihbar\u0131 \u00fczerine b\u00f6lgeye sevk edilen \u0130zmir \u0130tfaiyesi ekipleri, yang\u0131n\u0131n depolarda oldu\u011funu tespit etti. &hellip;","og_url":"https:\/\/denizcankizil.tr\/uk\/haberler\/gundem\/izmirde-plastik-deposunda-yangin\/","og_site_name":"Av. Deniz Can K\u0131z\u0131l","article_published_time":"2025-06-16T03:42:12+00:00","author":"admin","twitter_card":"summary_large_image","twitter_misc":{"\u041d\u0430\u043f\u0438\u0441\u0430\u043d\u043e":"admin","\u041f\u0440\u0438\u0431\u043b. \u0447\u0430\u0441 \u0447\u0438\u0442\u0430\u043d\u043d\u044f":"2 \u0445\u0432\u0438\u043b\u0438\u043d\u0438"},"schema":{"@context":"https:\/\/schema.org","@graph":[{"@type":"Article","@id":"https:\/\/denizcankizil.tr\/uk\/haberler\/gundem\/izmirde-plastik-deposunda-yangin\/#article","isPartOf":{"@id":"https:\/\/denizcankizil.tr\/uk\/haberler\/gundem\/izmirde-plastik-deposunda-yangin\/"},"author":{"name":"admin","@id":"https:\/\/denizcankizil.tr\/#\/schema\/person\/be3c05fe6a12686905512445d8185489"},"headline":"\u0130zmir\u2019de plastik deposunda yang\u0131n!","datePublished":"2025-06-16T03:42:12+00:00","mainEntityOfPage":{"@id":"https:\/\/denizcankizil.tr\/uk\/haberler\/gundem\/izmirde-plastik-deposunda-yangin\/"},"wordCount":416,"publisher":{"@id":"https:\/\/denizcankizil.tr\/#organization"},"articleSection":["G\u00fcndem"],"inLanguage":"uk"},{"@type":"WebPage","@id":"https:\/\/denizcankizil.tr\/uk\/haberler\/gundem\/izmirde-plastik-deposunda-yangin\/","url":"https:\/\/denizcankizil.tr\/uk\/haberler\/gundem\/izmirde-plastik-deposunda-yangin\/","name":"\u0130zmir\u2019de plastik deposunda yang\u0131n! - Av. Deniz Can K\u0131z\u0131l","isPartOf":{"@id":"https:\/\/denizcankizil.tr\/#website"},"datePublished":"2025-06-16T03:42:12+00:00","breadcrumb":{"@id":"https:\/\/denizcankizil.tr\/uk\/haberler\/gundem\/izmirde-plastik-deposunda-yangin\/#breadcrumb"},"inLanguage":"uk","potentialAction":[{"@type":"ReadAction","target":["https:\/\/denizcankizil.tr\/uk\/haberler\/gundem\/izmirde-plastik-deposunda-yangin\/"]}]},{"@type":"BreadcrumbList","@id":"https:\/\/denizcankizil.tr\/uk\/haberler\/gundem\/izmirde-plastik-deposunda-yangin\/#breadcrumb","itemListElement":[{"@type":"ListItem","position":1,"name":"Home","item":"https:\/\/denizcankizil.tr\/de\/"},{"@type":"ListItem","position":2,"name":"\u0130zmir\u2019de plastik deposunda yang\u0131n!"}]},{"@type":"WebSite","@id":"https:\/\/denizcankizil.tr\/#website","url":"https:\/\/denizcankizil.tr\/","name":"Av. Deniz Can K\u0131z\u0131l","description":"Avukat Deniz Can K\u0131z\u0131l Antalya Barosu","publisher":{"@id":"https:\/\/denizcankizil.tr\/#organization"},"potentialAction":[{"@type":"SearchAction","target":{"@type":"EntryPoint","urlTemplate":"https:\/\/denizcankizil.tr\/?s={search_term_string}"},"query-input":{"@type":"PropertyValueSpecification","valueRequired":true,"valueName":"search_term_string"}}],"inLanguage":"uk"},{"@type":"Organization","@id":"https:\/\/denizcankizil.tr\/#organization","name":"Av. Deniz Can K\u0131z\u0131l","url":"https:\/\/denizcankizil.tr\/","logo":{"@type":"ImageObject","inLanguage":"uk","@id":"https:\/\/denizcankizil.tr\/#\/schema\/logo\/image\/","url":"https:\/\/denizcankizil.tr\/wp-content\/uploads\/2024\/10\/siyah-logo-svg.svg","contentUrl":"https:\/\/denizcankizil.tr\/wp-content\/uploads\/2024\/10\/siyah-logo-svg.svg","width":1080,"height":1080,"caption":"Av. Deniz Can K\u0131z\u0131l"},"image":{"@id":"https:\/\/denizcankizil.tr\/#\/schema\/logo\/image\/"}},{"@type":"Person","@id":"https:\/\/denizcankizil.tr\/#\/schema\/person\/be3c05fe6a12686905512445d8185489","name":"\u0430\u0434\u043c\u0456\u043d","image":{"@type":"ImageObject","inLanguage":"uk","@id":"https:\/\/denizcankizil.tr\/#\/schema\/person\/image\/","url":"https:\/\/secure.gravatar.com\/avatar\/c1fce94c830dc79107e174f890d7210541c4a63e8e5d816341794a2151c9d58c?s=96&d=mm&r=g","contentUrl":"https:\/\/secure.gravatar.com\/avatar\/c1fce94c830dc79107e174f890d7210541c4a63e8e5d816341794a2151c9d58c?s=96&d=mm&r=g","caption":"admin"},"sameAs":["http:\/\/denizcankizil.tr"],"url":"https:\/\/www.iskenderun.org\/izmirde-plastik-deposunda-yangin"}]}},"_links":{"self":[{"href":"https:\/\/denizcankizil.tr\/uk\/wp-json\/wp\/v2\/posts\/117410","targetHints":{"allow":["GET"]}}],"collection":[{"href":"https:\/\/denizcankizil.tr\/uk\/wp-json\/wp\/v2\/posts"}],"about":[{"href":"https:\/\/denizcankizil.tr\/uk\/wp-json\/wp\/v2\/types\/post"}],"author":[{"embeddable":true,"href":"https:\/\/denizcankizil.tr\/uk\/wp-json\/wp\/v2\/users\/1"}],"replies":[{"embeddable":true,"href":"https:\/\/denizcankizil.tr\/uk\/wp-json\/wp\/v2\/comments?post=117410"}],"version-history":[{"count":0,"href":"https:\/\/denizcankizil.tr\/uk\/wp-json\/wp\/v2\/posts\/117410\/revisions"}],"wp:attachment":[{"href":"https:\/\/denizcankizil.tr\/uk\/wp-json\/wp\/v2\/media?parent=117410"}],"wp:term":[{"taxonomy":"category","embeddable":true,"href":"https:\/\/denizcankizil.tr\/uk\/wp-json\/wp\/v2\/categories?post=117410"},{"taxonomy":"post_tag","embeddable":true,"href":"https:\/\/denizcankizil.tr\/uk\/wp-json\/wp\/v2\/tags?post=117410"}],"curies":[{"name":"wp","href":"https:\/\/api.w.org\/{rel}","templated":true}]}}