{"id":116268,"date":"2025-06-14T23:41:18","date_gmt":"2025-06-14T20:41:18","guid":{"rendered":"https:\/\/denizcankizil.tr\/uncategorized-tr\/erdogandan-lgsye-girecek-ogrencilere-basari-mesaji\/"},"modified":"2025-06-14T23:41:18","modified_gmt":"2025-06-14T20:41:18","slug":"erdogandan-lgsye-girecek-ogrencilere-basari-mesaji","status":"publish","type":"post","link":"https:\/\/denizcankizil.tr\/uk\/haberler\/gundem\/erdogandan-lgsye-girecek-ogrencilere-basari-mesaji\/","title":{"rendered":"Erdo\u011fan&#8217;dan LGS&#8217;ye girecek \u00f6\u011frencilere ba\u015far\u0131 mesaj\u0131"},"content":{"rendered":"<p>Cumhurba\u015fkan\u0131 Recep Tayyip Erdo\u011fan, yar\u0131n yap\u0131lacak olan Liselere Ge\u00e7i\u015f Sistemi (LGS) kapsam\u0131ndaki merkezi s\u0131nava girecek \u00f6\u011frenciler i\u00e7in sosyal medya hesab\u0131 \u00fczerinden bir mesaj yay\u0131mlad\u0131.<\/p>\n<p>&#8220;G\u00d6ZLER\u0130NDEN \u00d6P\u00dcYORUM&#8221;<\/p>\n<p>Cumhurba\u015fkan\u0131 Erdo\u011fan, payla\u015f\u0131m\u0131nda \u015fu ifadelere yer verdi: &#8220;Yar\u0131n sabah LGS\u2019ye girecek evlatlar\u0131m\u0131za ba\u015far\u0131lar diliyor, her birini g\u00f6zlerinden \u00f6p\u00fcyorum. S\u0131nav\u0131n gen\u00e7 karde\u015flerim ve k\u0131ymetli aileleri i\u00e7in hay\u0131rlara vesile olmas\u0131n\u0131 diliyorum. Rabb\u2019im zihin a\u00e7\u0131kl\u0131\u011f\u0131 versin.&#8221;<\/p>\n<p>\u200bCumhurba\u015fkan\u0131 Recep Tayyip Erdo\u011fan, yar\u0131n Liselere Ge\u00e7i\u015f Sistemi (LGS) kapsam\u0131nda merkezi s\u0131nava girecek t\u00fcm \u00f6\u011frencilere ba\u015far\u0131lar diledi.\u00a0<\/p>\n<p>\u200bHaberin Al\u0131nt\u0131land\u0131\u011f\u0131 Kaynak: www.antalyakorfez.com<\/p>","protected":false},"excerpt":{"rendered":"<p>Cumhurba\u015fkan\u0131 Recep Tayyip Erdo\u011fan, yar\u0131n yap\u0131lacak olan Liselere Ge\u00e7i\u015f Sistemi (LGS) kapsam\u0131ndaki merkezi s\u0131nava girecek \u00f6\u011frenciler i\u00e7in sosyal medya hesab\u0131 \u00fczerinden bir mesaj yay\u0131mlad\u0131. &#8220;G\u00d6ZLER\u0130NDEN \u00d6P\u00dcYORUM&#8221; Cumhurba\u015fkan\u0131 Erdo\u011fan, payla\u015f\u0131m\u0131nda \u015fu ifadelere yer verdi: &#8220;Yar\u0131n sabah LGS\u2019ye girecek evlatlar\u0131m\u0131za ba\u015far\u0131lar diliyor, her birini g\u00f6zlerinden \u00f6p\u00fcyorum. S\u0131nav\u0131n gen\u00e7 karde\u015flerim ve k\u0131ymetli aileleri i\u00e7in hay\u0131rlara vesile olmas\u0131n\u0131 diliyorum. Rabb\u2019im zihin a\u00e7\u0131kl\u0131\u011f\u0131 versin.&#8221; \u200bCumhurba\u015fkan\u0131 Recep Tayyip Erdo\u011fan, yar\u0131n Liselere Ge\u00e7i\u015f Sistemi (LGS) kapsam\u0131nda merkezi s\u0131nava girecek t\u00fcm \u00f6\u011frencilere ba\u015far\u0131lar diledi.\u00a0 \u200bHaberin Al\u0131nt\u0131land\u0131\u011f\u0131 Kaynak: www.antalyakorfez.com<\/p>","protected":false},"author":5,"featured_media":0,"comment_status":"","ping_status":"open","sticky":false,"template":"","format":"standard","meta":{"_acf_changed":false,"footnotes":""},"categories":[24],"tags":[],"class_list":["post-116268","post","type-post","status-publish","format-standard","has-post-thumbnail","hentry","category-gundem"],"acf":[],"yoast_head":"<!-- This site is optimized with the Yoast SEO Premium plugin v26.6 (Yoast SEO v27.1.1) - https:\/\/yoast.com\/product\/yoast-seo-premium-wordpress\/ -->\n<title>Erdo\u011fan&#039;dan LGS&#039;ye girecek \u00f6\u011frencilere ba\u015far\u0131 mesaj\u0131 - Av. Deniz Can K\u0131z\u0131l<\/title>\n<meta name=\"robots\" content=\"index, follow, max-snippet:-1, max-image-preview:large, max-video-preview:-1\" \/>\n<link rel=\"canonical\" href=\"https:\/\/denizcankizil.tr\/uk\/haberler\/gundem\/erdogandan-lgsye-girecek-ogrencilere-basari-mesaji\/\" \/>\n<meta property=\"og:locale\" content=\"uk_UA\" \/>\n<meta property=\"og:type\" content=\"article\" \/>\n<meta property=\"og:title\" content=\"Erdo\u011fan&#039;dan LGS&#039;ye girecek \u00f6\u011frencilere ba\u015far\u0131 mesaj\u0131\" \/>\n<meta property=\"og:description\" content=\"Cumhurba\u015fkan\u0131 Recep Tayyip Erdo\u011fan, yar\u0131n yap\u0131lacak olan Liselere Ge\u00e7i\u015f Sistemi (LGS) kapsam\u0131ndaki merkezi s\u0131nava girecek \u00f6\u011frenciler i\u00e7in sosyal medya hesab\u0131 \u00fczerinden bir mesaj yay\u0131mlad\u0131. &#8220;G\u00d6ZLER\u0130NDEN \u00d6P\u00dcYORUM&#8221; Cumhurba\u015fkan\u0131 Erdo\u011fan, payla\u015f\u0131m\u0131nda \u015fu ifadelere yer verdi: &#8220;Yar\u0131n sabah LGS\u2019ye girecek evlatlar\u0131m\u0131za ba\u015far\u0131lar diliyor, her birini g\u00f6zlerinden \u00f6p\u00fcyorum. S\u0131nav\u0131n gen\u00e7 karde\u015flerim ve k\u0131ymetli aileleri i\u00e7in hay\u0131rlara vesile olmas\u0131n\u0131 diliyorum. Rabb\u2019im zihin a\u00e7\u0131kl\u0131\u011f\u0131 versin.&#8221; \u200bCumhurba\u015fkan\u0131 Recep Tayyip Erdo\u011fan, yar\u0131n Liselere Ge\u00e7i\u015f Sistemi (LGS) kapsam\u0131nda merkezi s\u0131nava girecek t\u00fcm \u00f6\u011frencilere ba\u015far\u0131lar diledi.\u00a0 \u200bHaberin Al\u0131nt\u0131land\u0131\u011f\u0131 Kaynak: www.antalyakorfez.com\" \/>\n<meta property=\"og:url\" content=\"https:\/\/denizcankizil.tr\/uk\/haberler\/gundem\/erdogandan-lgsye-girecek-ogrencilere-basari-mesaji\/\" \/>\n<meta property=\"og:site_name\" content=\"Av. Deniz Can K\u0131z\u0131l\" \/>\n<meta property=\"article:published_time\" content=\"2025-06-14T20:41:18+00:00\" \/>\n<meta name=\"author\" content=\"Antalya K\u00f6rfez\" \/>\n<meta name=\"twitter:card\" content=\"summary_large_image\" \/>\n<meta name=\"twitter:label1\" content=\"\u041d\u0430\u043f\u0438\u0441\u0430\u043d\u043e\" \/>\n\t<meta name=\"twitter:data1\" content=\"Antalya K\u00f6rfez\" \/>\n\t<meta name=\"twitter:label2\" content=\"\u041f\u0440\u0438\u0431\u043b. \u0447\u0430\u0441 \u0447\u0438\u0442\u0430\u043d\u043d\u044f\" \/>\n\t<meta name=\"twitter:data2\" content=\"1 \u0445\u0432\u0438\u043b\u0438\u043d\u0430\" \/>\n<script type=\"application\/ld+json\" class=\"yoast-schema-graph\">{\"@context\":\"https:\/\/schema.org\",\"@graph\":[{\"@type\":\"Article\",\"@id\":\"https:\/\/denizcankizil.tr\/uk\/haberler\/gundem\/erdogandan-lgsye-girecek-ogrencilere-basari-mesaji\/#article\",\"isPartOf\":{\"@id\":\"https:\/\/denizcankizil.tr\/uk\/haberler\/gundem\/erdogandan-lgsye-girecek-ogrencilere-basari-mesaji\/\"},\"author\":{\"name\":\"Antalya K\u00f6rfez\",\"@id\":\"https:\/\/denizcankizil.tr\/#\/schema\/person\/e1eb71bb4dd684d46563f0af307e1234\"},\"headline\":\"Erdo\u011fan&#8217;dan LGS&#8217;ye girecek \u00f6\u011frencilere ba\u015far\u0131 mesaj\u0131\",\"datePublished\":\"2025-06-14T20:41:18+00:00\",\"mainEntityOfPage\":{\"@id\":\"https:\/\/denizcankizil.tr\/uk\/haberler\/gundem\/erdogandan-lgsye-girecek-ogrencilere-basari-mesaji\/\"},\"wordCount\":136,\"publisher\":{\"@id\":\"https:\/\/denizcankizil.tr\/#organization\"},\"articleSection\":[\"G\u00fcndem\"],\"inLanguage\":\"uk\"},{\"@type\":\"WebPage\",\"@id\":\"https:\/\/denizcankizil.tr\/uk\/haberler\/gundem\/erdogandan-lgsye-girecek-ogrencilere-basari-mesaji\/\",\"url\":\"https:\/\/denizcankizil.tr\/uk\/haberler\/gundem\/erdogandan-lgsye-girecek-ogrencilere-basari-mesaji\/\",\"name\":\"Erdo\u011fan'dan LGS'ye girecek \u00f6\u011frencilere ba\u015far\u0131 mesaj\u0131 - Av. Deniz Can K\u0131z\u0131l\",\"isPartOf\":{\"@id\":\"https:\/\/denizcankizil.tr\/#website\"},\"datePublished\":\"2025-06-14T20:41:18+00:00\",\"breadcrumb\":{\"@id\":\"https:\/\/denizcankizil.tr\/uk\/haberler\/gundem\/erdogandan-lgsye-girecek-ogrencilere-basari-mesaji\/#breadcrumb\"},\"inLanguage\":\"uk\",\"potentialAction\":[{\"@type\":\"ReadAction\",\"target\":[\"https:\/\/denizcankizil.tr\/uk\/haberler\/gundem\/erdogandan-lgsye-girecek-ogrencilere-basari-mesaji\/\"]}]},{\"@type\":\"BreadcrumbList\",\"@id\":\"https:\/\/denizcankizil.tr\/uk\/haberler\/gundem\/erdogandan-lgsye-girecek-ogrencilere-basari-mesaji\/#breadcrumb\",\"itemListElement\":[{\"@type\":\"ListItem\",\"position\":1,\"name\":\"Home\",\"item\":\"https:\/\/denizcankizil.tr\/de\/\"},{\"@type\":\"ListItem\",\"position\":2,\"name\":\"Erdo\u011fan&#8217;dan LGS&#8217;ye girecek \u00f6\u011frencilere ba\u015far\u0131 mesaj\u0131\"}]},{\"@type\":\"WebSite\",\"@id\":\"https:\/\/denizcankizil.tr\/#website\",\"url\":\"https:\/\/denizcankizil.tr\/\",\"name\":\"Av. Deniz Can K\u0131z\u0131l\",\"description\":\"Avukat Deniz Can K\u0131z\u0131l Antalya Barosu\",\"publisher\":{\"@id\":\"https:\/\/denizcankizil.tr\/#organization\"},\"potentialAction\":[{\"@type\":\"SearchAction\",\"target\":{\"@type\":\"EntryPoint\",\"urlTemplate\":\"https:\/\/denizcankizil.tr\/?s={search_term_string}\"},\"query-input\":{\"@type\":\"PropertyValueSpecification\",\"valueRequired\":true,\"valueName\":\"search_term_string\"}}],\"inLanguage\":\"uk\"},{\"@type\":\"Organization\",\"@id\":\"https:\/\/denizcankizil.tr\/#organization\",\"name\":\"Av. Deniz Can K\u0131z\u0131l\",\"url\":\"https:\/\/denizcankizil.tr\/\",\"logo\":{\"@type\":\"ImageObject\",\"inLanguage\":\"uk\",\"@id\":\"https:\/\/denizcankizil.tr\/#\/schema\/logo\/image\/\",\"url\":\"https:\/\/denizcankizil.tr\/wp-content\/uploads\/2024\/10\/siyah-logo-svg.svg\",\"contentUrl\":\"https:\/\/denizcankizil.tr\/wp-content\/uploads\/2024\/10\/siyah-logo-svg.svg\",\"width\":1080,\"height\":1080,\"caption\":\"Av. Deniz Can K\u0131z\u0131l\"},\"image\":{\"@id\":\"https:\/\/denizcankizil.tr\/#\/schema\/logo\/image\/\"}},{\"@type\":\"Person\",\"@id\":\"https:\/\/denizcankizil.tr\/#\/schema\/person\/e1eb71bb4dd684d46563f0af307e1234\",\"name\":\"Antalya K\u00f6rfez\",\"image\":{\"@type\":\"ImageObject\",\"inLanguage\":\"uk\",\"@id\":\"https:\/\/denizcankizil.tr\/#\/schema\/person\/image\/\",\"url\":\"https:\/\/secure.gravatar.com\/avatar\/42b01982558a48a0b501fdcab6a408d3717ea5919095ee2e67b0e521799c5905?s=96&d=mm&r=g\",\"contentUrl\":\"https:\/\/secure.gravatar.com\/avatar\/42b01982558a48a0b501fdcab6a408d3717ea5919095ee2e67b0e521799c5905?s=96&d=mm&r=g\",\"caption\":\"Antalya K\u00f6rfez\"},\"sameAs\":[\"http:\/\/www.antalyakorfez.com\"],\"url\":\"https:\/\/www.antalyakorfez.com\/erdogandan-lgsye-girecek-ogrencilere-basari-mesaji\"}]}<\/script>\n<!-- \/ Yoast SEO Premium plugin. -->","yoast_head_json":{"title":"Erdo\u011fan'dan LGS'ye girecek \u00f6\u011frencilere ba\u015far\u0131 mesaj\u0131 - Av. Deniz Can K\u0131z\u0131l","robots":{"index":"index","follow":"follow","max-snippet":"max-snippet:-1","max-image-preview":"max-image-preview:large","max-video-preview":"max-video-preview:-1"},"canonical":"https:\/\/denizcankizil.tr\/uk\/haberler\/gundem\/erdogandan-lgsye-girecek-ogrencilere-basari-mesaji\/","og_locale":"uk_UA","og_type":"article","og_title":"Erdo\u011fan'dan LGS'ye girecek \u00f6\u011frencilere ba\u015far\u0131 mesaj\u0131","og_description":"Cumhurba\u015fkan\u0131 Recep Tayyip Erdo\u011fan, yar\u0131n yap\u0131lacak olan Liselere Ge\u00e7i\u015f Sistemi (LGS) kapsam\u0131ndaki merkezi s\u0131nava girecek \u00f6\u011frenciler i\u00e7in sosyal medya hesab\u0131 \u00fczerinden bir mesaj yay\u0131mlad\u0131. &#8220;G\u00d6ZLER\u0130NDEN \u00d6P\u00dcYORUM&#8221; Cumhurba\u015fkan\u0131 Erdo\u011fan, payla\u015f\u0131m\u0131nda \u015fu ifadelere yer verdi: &#8220;Yar\u0131n sabah LGS\u2019ye girecek evlatlar\u0131m\u0131za ba\u015far\u0131lar diliyor, her birini g\u00f6zlerinden \u00f6p\u00fcyorum. S\u0131nav\u0131n gen\u00e7 karde\u015flerim ve k\u0131ymetli aileleri i\u00e7in hay\u0131rlara vesile olmas\u0131n\u0131 diliyorum. Rabb\u2019im zihin a\u00e7\u0131kl\u0131\u011f\u0131 versin.&#8221; \u200bCumhurba\u015fkan\u0131 Recep Tayyip Erdo\u011fan, yar\u0131n Liselere Ge\u00e7i\u015f Sistemi (LGS) kapsam\u0131nda merkezi s\u0131nava girecek t\u00fcm \u00f6\u011frencilere ba\u015far\u0131lar diledi.\u00a0 \u200bHaberin Al\u0131nt\u0131land\u0131\u011f\u0131 Kaynak: www.antalyakorfez.com","og_url":"https:\/\/denizcankizil.tr\/uk\/haberler\/gundem\/erdogandan-lgsye-girecek-ogrencilere-basari-mesaji\/","og_site_name":"Av. Deniz Can K\u0131z\u0131l","article_published_time":"2025-06-14T20:41:18+00:00","author":"Antalya K\u00f6rfez","twitter_card":"summary_large_image","twitter_misc":{"\u041d\u0430\u043f\u0438\u0441\u0430\u043d\u043e":"Antalya K\u00f6rfez","\u041f\u0440\u0438\u0431\u043b. \u0447\u0430\u0441 \u0447\u0438\u0442\u0430\u043d\u043d\u044f":"1 \u0445\u0432\u0438\u043b\u0438\u043d\u0430"},"schema":{"@context":"https:\/\/schema.org","@graph":[{"@type":"Article","@id":"https:\/\/denizcankizil.tr\/uk\/haberler\/gundem\/erdogandan-lgsye-girecek-ogrencilere-basari-mesaji\/#article","isPartOf":{"@id":"https:\/\/denizcankizil.tr\/uk\/haberler\/gundem\/erdogandan-lgsye-girecek-ogrencilere-basari-mesaji\/"},"author":{"name":"Antalya K\u00f6rfez","@id":"https:\/\/denizcankizil.tr\/#\/schema\/person\/e1eb71bb4dd684d46563f0af307e1234"},"headline":"Erdo\u011fan&#8217;dan LGS&#8217;ye girecek \u00f6\u011frencilere ba\u015far\u0131 mesaj\u0131","datePublished":"2025-06-14T20:41:18+00:00","mainEntityOfPage":{"@id":"https:\/\/denizcankizil.tr\/uk\/haberler\/gundem\/erdogandan-lgsye-girecek-ogrencilere-basari-mesaji\/"},"wordCount":136,"publisher":{"@id":"https:\/\/denizcankizil.tr\/#organization"},"articleSection":["G\u00fcndem"],"inLanguage":"uk"},{"@type":"WebPage","@id":"https:\/\/denizcankizil.tr\/uk\/haberler\/gundem\/erdogandan-lgsye-girecek-ogrencilere-basari-mesaji\/","url":"https:\/\/denizcankizil.tr\/uk\/haberler\/gundem\/erdogandan-lgsye-girecek-ogrencilere-basari-mesaji\/","name":"Erdo\u011fan'dan LGS'ye girecek \u00f6\u011frencilere ba\u015far\u0131 mesaj\u0131 - Av. Deniz Can K\u0131z\u0131l","isPartOf":{"@id":"https:\/\/denizcankizil.tr\/#website"},"datePublished":"2025-06-14T20:41:18+00:00","breadcrumb":{"@id":"https:\/\/denizcankizil.tr\/uk\/haberler\/gundem\/erdogandan-lgsye-girecek-ogrencilere-basari-mesaji\/#breadcrumb"},"inLanguage":"uk","potentialAction":[{"@type":"ReadAction","target":["https:\/\/denizcankizil.tr\/uk\/haberler\/gundem\/erdogandan-lgsye-girecek-ogrencilere-basari-mesaji\/"]}]},{"@type":"BreadcrumbList","@id":"https:\/\/denizcankizil.tr\/uk\/haberler\/gundem\/erdogandan-lgsye-girecek-ogrencilere-basari-mesaji\/#breadcrumb","itemListElement":[{"@type":"ListItem","position":1,"name":"Home","item":"https:\/\/denizcankizil.tr\/de\/"},{"@type":"ListItem","position":2,"name":"Erdo\u011fan&#8217;dan LGS&#8217;ye girecek \u00f6\u011frencilere ba\u015far\u0131 mesaj\u0131"}]},{"@type":"WebSite","@id":"https:\/\/denizcankizil.tr\/#website","url":"https:\/\/denizcankizil.tr\/","name":"Av. Deniz Can K\u0131z\u0131l","description":"Avukat Deniz Can K\u0131z\u0131l Antalya Barosu","publisher":{"@id":"https:\/\/denizcankizil.tr\/#organization"},"potentialAction":[{"@type":"SearchAction","target":{"@type":"EntryPoint","urlTemplate":"https:\/\/denizcankizil.tr\/?s={search_term_string}"},"query-input":{"@type":"PropertyValueSpecification","valueRequired":true,"valueName":"search_term_string"}}],"inLanguage":"uk"},{"@type":"Organization","@id":"https:\/\/denizcankizil.tr\/#organization","name":"Av. Deniz Can K\u0131z\u0131l","url":"https:\/\/denizcankizil.tr\/","logo":{"@type":"ImageObject","inLanguage":"uk","@id":"https:\/\/denizcankizil.tr\/#\/schema\/logo\/image\/","url":"https:\/\/denizcankizil.tr\/wp-content\/uploads\/2024\/10\/siyah-logo-svg.svg","contentUrl":"https:\/\/denizcankizil.tr\/wp-content\/uploads\/2024\/10\/siyah-logo-svg.svg","width":1080,"height":1080,"caption":"Av. Deniz Can K\u0131z\u0131l"},"image":{"@id":"https:\/\/denizcankizil.tr\/#\/schema\/logo\/image\/"}},{"@type":"Person","@id":"https:\/\/denizcankizil.tr\/#\/schema\/person\/e1eb71bb4dd684d46563f0af307e1234","name":"Antalya K\u00f6rfez","image":{"@type":"ImageObject","inLanguage":"uk","@id":"https:\/\/denizcankizil.tr\/#\/schema\/person\/image\/","url":"https:\/\/secure.gravatar.com\/avatar\/42b01982558a48a0b501fdcab6a408d3717ea5919095ee2e67b0e521799c5905?s=96&d=mm&r=g","contentUrl":"https:\/\/secure.gravatar.com\/avatar\/42b01982558a48a0b501fdcab6a408d3717ea5919095ee2e67b0e521799c5905?s=96&d=mm&r=g","caption":"Antalya K\u00f6rfez"},"sameAs":["http:\/\/www.antalyakorfez.com"],"url":"https:\/\/www.antalyakorfez.com\/erdogandan-lgsye-girecek-ogrencilere-basari-mesaji"}]}},"_links":{"self":[{"href":"https:\/\/denizcankizil.tr\/uk\/wp-json\/wp\/v2\/posts\/116268","targetHints":{"allow":["GET"]}}],"collection":[{"href":"https:\/\/denizcankizil.tr\/uk\/wp-json\/wp\/v2\/posts"}],"about":[{"href":"https:\/\/denizcankizil.tr\/uk\/wp-json\/wp\/v2\/types\/post"}],"author":[{"embeddable":true,"href":"https:\/\/denizcankizil.tr\/uk\/wp-json\/wp\/v2\/users\/5"}],"replies":[{"embeddable":true,"href":"https:\/\/denizcankizil.tr\/uk\/wp-json\/wp\/v2\/comments?post=116268"}],"version-history":[{"count":0,"href":"https:\/\/denizcankizil.tr\/uk\/wp-json\/wp\/v2\/posts\/116268\/revisions"}],"wp:attachment":[{"href":"https:\/\/denizcankizil.tr\/uk\/wp-json\/wp\/v2\/media?parent=116268"}],"wp:term":[{"taxonomy":"category","embeddable":true,"href":"https:\/\/denizcankizil.tr\/uk\/wp-json\/wp\/v2\/categories?post=116268"},{"taxonomy":"post_tag","embeddable":true,"href":"https:\/\/denizcankizil.tr\/uk\/wp-json\/wp\/v2\/tags?post=116268"}],"curies":[{"name":"wp","href":"https:\/\/api.w.org\/{rel}","templated":true}]}}