{"id":115698,"date":"2025-06-14T08:42:12","date_gmt":"2025-06-14T05:42:12","guid":{"rendered":"https:\/\/denizcankizil.tr\/uncategorized-tr\/duzcede-otomobil-yayaya-carpti\/"},"modified":"2025-06-14T08:42:12","modified_gmt":"2025-06-14T05:42:12","slug":"duzcede-otomobil-yayaya-carpti","status":"publish","type":"post","link":"https:\/\/denizcankizil.tr\/uk\/haberler\/gundem\/duzcede-otomobil-yayaya-carpti\/","title":{"rendered":"D\u00fczce\u2019de otomobil yayaya \u00e7arpt\u0131"},"content":{"rendered":"<p>D\u00fczce\u2019de Ak\u00e7akoca ba\u011flant\u0131 yolunda bir otomobilin yayaya \u00e7arpmas\u0131 sonucu 48 ya\u015f\u0131ndaki bir kad\u0131n a\u011f\u0131r yaraland\u0131.Sefer DEM\u0130R \/ D\u00dcZCE (\u0130GFA) &#8211; D\u00fczce\u2019nin Beyciler Mahallesi\u2019nde, D-655 Ak\u00e7akoca ba\u011flant\u0131 yolunda trafik kazas\u0131 meydana geldi.<br \/>\nP\u0131nar H. y\u00f6netimindeki 81 KH 908 plakal\u0131 otomobil, yolun kar\u015f\u0131s\u0131na ge\u00e7meye \u00e7al\u0131\u015fan 48 ya\u015f\u0131ndaki Ay\u015fe Y. a \u00e7arpt\u0131.<br \/>\n\u00c7arpman\u0131n etkisiyle yola savrulan Y., a\u011f\u0131r yaraland\u0131.<br \/>\n\u00c7evredekilerin ihbar\u0131 \u00fczerine olay yerine sa\u011fl\u0131k ve polis ekipleri sevk edildi. Yaral\u0131 kad\u0131n, ilk m\u00fcdahalenin ard\u0131ndan ambulansla D\u00fczce \u00dcniversitesi Ara\u015ft\u0131rma ve Uygulama Hastanesi\u2019ne kald\u0131r\u0131ld\u0131. Y\u0131ld\u0131z\u2019\u0131n durumunun a\u011f\u0131r oldu\u011fu ve yo\u011fun bak\u0131m \u00fcnitesinde tedavisinin s\u00fcrd\u00fc\u011f\u00fc belirtildi.<br \/>\nPolis, kazayla ilgili tahkikat ba\u015flatt\u0131.<\/p>\n<p>\u200bD\u00fczce\u2019de Ak\u00e7akoca ba\u011flant\u0131 yolunda bir otomobilin yayaya \u00e7arpmas\u0131 sonucu 48 ya\u015f\u0131ndaki bir kad\u0131n a\u011f\u0131r yaraland\u0131.Sefer DEM\u0130R \/ D\u00dcZCE (\u0130GFA) &#8211; D\u00fczce\u2019nin Beyciler Mahallesi\u2019nde, D-655 Ak\u00e7akoca ba\u011flant\u0131 yolunda trafik kazas\u0131 meydana geldi.<br \/>\nP\u0131nar H. y\u00f6netimindeki 81 KH 908 plakal\u0131 otomobil, yolun kar\u015f\u0131s\u0131na ge\u00e7meye \u00e7al\u0131\u015fan 48 ya\u015f\u0131ndaki Ay\u015fe Y. a \u00e7arpt\u0131.<br \/>\n\u00c7arpman\u0131n etkisiyle yola savrulan Y., a\u011f\u0131r yaraland\u0131.<br \/>\n\u00c7evredekilerin ihbar\u0131 \u00fczerine olay yerine sa\u011fl\u0131k ve polis ekipleri sevk edildi. Yaral\u0131 kad\u0131n, ilk m\u00fcdahalenin ard\u0131ndan ambulansla D\u00fczce \u00dcniversitesi Ara\u015ft\u0131rma ve Uygulama Hastanesi\u2019ne kald\u0131r\u0131ld\u0131. Y\u0131ld\u0131z\u2019\u0131n durumunun a\u011f\u0131r oldu\u011fu ve yo\u011fun bak\u0131m \u00fcnitesinde tedavisinin s\u00fcrd\u00fc\u011f\u00fc belirtildi.<br \/>\nPolis, kazayla ilgili tahkikat ba\u015flatt\u0131.\u00a0<\/p>\n<p>\u200bHaberin Al\u0131nt\u0131land\u0131\u011f\u0131 Kaynak: www.iskenderun.org<\/p>","protected":false},"excerpt":{"rendered":"<p>D\u00fczce\u2019de Ak\u00e7akoca ba\u011flant\u0131 yolunda bir otomobilin yayaya \u00e7arpmas\u0131 sonucu 48 ya\u015f\u0131ndaki bir kad\u0131n a\u011f\u0131r yaraland\u0131.Sefer DEM\u0130R \/ D\u00dcZCE (\u0130GFA) &#8211; D\u00fczce\u2019nin Beyciler Mahallesi\u2019nde, D-655 Ak\u00e7akoca ba\u011flant\u0131 yolunda trafik kazas\u0131 meydana geldi. P\u0131nar H. y\u00f6netimindeki 81 KH 908 plakal\u0131 otomobil, yolun kar\u015f\u0131s\u0131na ge\u00e7meye \u00e7al\u0131\u015fan 48 ya\u015f\u0131ndaki Ay\u015fe Y. a \u00e7arpt\u0131. \u00c7arpman\u0131n etkisiyle yola savrulan Y., a\u011f\u0131r yaraland\u0131. \u00c7evredekilerin ihbar\u0131 \u00fczerine olay yerine sa\u011fl\u0131k ve polis ekipleri sevk edildi. Yaral\u0131 kad\u0131n, ilk m\u00fcdahalenin ard\u0131ndan ambulansla D\u00fczce \u00dcniversitesi Ara\u015ft\u0131rma ve Uygulama Hastanesi\u2019ne kald\u0131r\u0131ld\u0131. Y\u0131ld\u0131z\u2019\u0131n durumunun a\u011f\u0131r oldu\u011fu ve yo\u011fun bak\u0131m \u00fcnitesinde tedavisinin s\u00fcrd\u00fc\u011f\u00fc belirtildi. Polis, kazayla ilgili tahkikat ba\u015flatt\u0131. \u200bD\u00fczce\u2019de Ak\u00e7akoca ba\u011flant\u0131 yolunda bir otomobilin yayaya \u00e7arpmas\u0131 sonucu 48 ya\u015f\u0131ndaki bir kad\u0131n a\u011f\u0131r yaraland\u0131.Sefer DEM\u0130R \/ D\u00dcZCE (\u0130GFA) &#8211; D\u00fczce\u2019nin Beyciler Mahallesi\u2019nde, D-655 Ak\u00e7akoca ba\u011flant\u0131 yolunda trafik kazas\u0131 meydana geldi. P\u0131nar H. y\u00f6netimindeki 81 KH 908 plakal\u0131 otomobil, yolun kar\u015f\u0131s\u0131na ge\u00e7meye \u00e7al\u0131\u015fan 48 ya\u015f\u0131ndaki Ay\u015fe Y. a \u00e7arpt\u0131. \u00c7arpman\u0131n etkisiyle yola savrulan Y., a\u011f\u0131r yaraland\u0131. \u00c7evredekilerin ihbar\u0131 \u00fczerine olay yerine sa\u011fl\u0131k ve polis ekipleri sevk edildi. Yaral\u0131 kad\u0131n, ilk m\u00fcdahalenin ard\u0131ndan ambulansla D\u00fczce \u00dcniversitesi Ara\u015ft\u0131rma ve Uygulama Hastanesi\u2019ne kald\u0131r\u0131ld\u0131. Y\u0131ld\u0131z\u2019\u0131n durumunun a\u011f\u0131r oldu\u011fu ve yo\u011fun bak\u0131m \u00fcnitesinde tedavisinin s\u00fcrd\u00fc\u011f\u00fc belirtildi. Polis, kazayla ilgili tahkikat ba\u015flatt\u0131.\u00a0 \u200bHaberin Al\u0131nt\u0131land\u0131\u011f\u0131 Kaynak: www.iskenderun.org<\/p>","protected":false},"author":1,"featured_media":0,"comment_status":"","ping_status":"open","sticky":false,"template":"","format":"standard","meta":{"_acf_changed":false,"footnotes":""},"categories":[24],"tags":[],"class_list":["post-115698","post","type-post","status-publish","format-standard","has-post-thumbnail","hentry","category-gundem"],"acf":[],"yoast_head":"<!-- This site is optimized with the Yoast SEO Premium plugin v26.6 (Yoast SEO v27.1.1) - https:\/\/yoast.com\/product\/yoast-seo-premium-wordpress\/ -->\n<title>D\u00fczce\u2019de otomobil yayaya \u00e7arpt\u0131 - Av. Deniz Can K\u0131z\u0131l<\/title>\n<meta name=\"robots\" content=\"index, follow, max-snippet:-1, max-image-preview:large, max-video-preview:-1\" \/>\n<link rel=\"canonical\" href=\"https:\/\/denizcankizil.tr\/uk\/haberler\/gundem\/duzcede-otomobil-yayaya-carpti\/\" \/>\n<meta property=\"og:locale\" content=\"uk_UA\" \/>\n<meta property=\"og:type\" content=\"article\" \/>\n<meta property=\"og:title\" content=\"D\u00fczce\u2019de otomobil yayaya \u00e7arpt\u0131\" \/>\n<meta property=\"og:description\" content=\"D\u00fczce\u2019de Ak\u00e7akoca ba\u011flant\u0131 yolunda bir otomobilin yayaya \u00e7arpmas\u0131 sonucu 48 ya\u015f\u0131ndaki bir kad\u0131n a\u011f\u0131r yaraland\u0131.Sefer DEM\u0130R \/ D\u00dcZCE (\u0130GFA) &#8211; D\u00fczce\u2019nin Beyciler Mahallesi\u2019nde, D-655 Ak\u00e7akoca ba\u011flant\u0131 yolunda trafik kazas\u0131 meydana geldi. P\u0131nar H. y\u00f6netimindeki 81 KH 908 plakal\u0131 otomobil, yolun kar\u015f\u0131s\u0131na ge\u00e7meye \u00e7al\u0131\u015fan 48 ya\u015f\u0131ndaki Ay\u015fe Y. a \u00e7arpt\u0131. \u00c7arpman\u0131n etkisiyle yola savrulan Y., a\u011f\u0131r yaraland\u0131. \u00c7evredekilerin ihbar\u0131 \u00fczerine olay yerine sa\u011fl\u0131k ve polis ekipleri sevk edildi. Yaral\u0131 kad\u0131n, ilk m\u00fcdahalenin ard\u0131ndan ambulansla D\u00fczce \u00dcniversitesi Ara\u015ft\u0131rma ve Uygulama Hastanesi\u2019ne kald\u0131r\u0131ld\u0131. Y\u0131ld\u0131z\u2019\u0131n durumunun a\u011f\u0131r oldu\u011fu ve yo\u011fun bak\u0131m \u00fcnitesinde tedavisinin s\u00fcrd\u00fc\u011f\u00fc belirtildi. Polis, kazayla ilgili tahkikat ba\u015flatt\u0131. \u200bD\u00fczce\u2019de Ak\u00e7akoca ba\u011flant\u0131 yolunda bir otomobilin yayaya \u00e7arpmas\u0131 sonucu 48 ya\u015f\u0131ndaki bir kad\u0131n a\u011f\u0131r yaraland\u0131.Sefer DEM\u0130R \/ D\u00dcZCE (\u0130GFA) &#8211; D\u00fczce\u2019nin Beyciler Mahallesi\u2019nde, D-655 Ak\u00e7akoca ba\u011flant\u0131 yolunda trafik kazas\u0131 meydana geldi. P\u0131nar H. y\u00f6netimindeki 81 KH 908 plakal\u0131 otomobil, yolun kar\u015f\u0131s\u0131na ge\u00e7meye \u00e7al\u0131\u015fan 48 ya\u015f\u0131ndaki Ay\u015fe Y. a \u00e7arpt\u0131. \u00c7arpman\u0131n etkisiyle yola savrulan Y., a\u011f\u0131r yaraland\u0131. \u00c7evredekilerin ihbar\u0131 \u00fczerine olay yerine sa\u011fl\u0131k ve polis ekipleri sevk edildi. Yaral\u0131 kad\u0131n, ilk m\u00fcdahalenin ard\u0131ndan ambulansla D\u00fczce \u00dcniversitesi Ara\u015ft\u0131rma ve Uygulama Hastanesi\u2019ne kald\u0131r\u0131ld\u0131. Y\u0131ld\u0131z\u2019\u0131n durumunun a\u011f\u0131r oldu\u011fu ve yo\u011fun bak\u0131m \u00fcnitesinde tedavisinin s\u00fcrd\u00fc\u011f\u00fc belirtildi. Polis, kazayla ilgili tahkikat ba\u015flatt\u0131.\u00a0 \u200bHaberin Al\u0131nt\u0131land\u0131\u011f\u0131 Kaynak: www.iskenderun.org\" \/>\n<meta property=\"og:url\" content=\"https:\/\/denizcankizil.tr\/uk\/haberler\/gundem\/duzcede-otomobil-yayaya-carpti\/\" \/>\n<meta property=\"og:site_name\" content=\"Av. Deniz Can K\u0131z\u0131l\" \/>\n<meta property=\"article:published_time\" content=\"2025-06-14T05:42:12+00:00\" \/>\n<meta name=\"author\" content=\"admin\" \/>\n<meta name=\"twitter:card\" content=\"summary_large_image\" \/>\n<meta name=\"twitter:label1\" content=\"\u041d\u0430\u043f\u0438\u0441\u0430\u043d\u043e\" \/>\n\t<meta name=\"twitter:data1\" content=\"admin\" \/>\n\t<meta name=\"twitter:label2\" content=\"\u041f\u0440\u0438\u0431\u043b. \u0447\u0430\u0441 \u0447\u0438\u0442\u0430\u043d\u043d\u044f\" \/>\n\t<meta name=\"twitter:data2\" content=\"1 \u0445\u0432\u0438\u043b\u0438\u043d\u0430\" \/>\n<script type=\"application\/ld+json\" class=\"yoast-schema-graph\">{\"@context\":\"https:\/\/schema.org\",\"@graph\":[{\"@type\":\"Article\",\"@id\":\"https:\/\/denizcankizil.tr\/uk\/haberler\/gundem\/duzcede-otomobil-yayaya-carpti\/#article\",\"isPartOf\":{\"@id\":\"https:\/\/denizcankizil.tr\/uk\/haberler\/gundem\/duzcede-otomobil-yayaya-carpti\/\"},\"author\":{\"name\":\"admin\",\"@id\":\"https:\/\/denizcankizil.tr\/#\/schema\/person\/be3c05fe6a12686905512445d8185489\"},\"headline\":\"D\u00fczce\u2019de otomobil yayaya \u00e7arpt\u0131\",\"datePublished\":\"2025-06-14T05:42:12+00:00\",\"mainEntityOfPage\":{\"@id\":\"https:\/\/denizcankizil.tr\/uk\/haberler\/gundem\/duzcede-otomobil-yayaya-carpti\/\"},\"wordCount\":286,\"publisher\":{\"@id\":\"https:\/\/denizcankizil.tr\/#organization\"},\"articleSection\":[\"G\u00fcndem\"],\"inLanguage\":\"uk\"},{\"@type\":\"WebPage\",\"@id\":\"https:\/\/denizcankizil.tr\/uk\/haberler\/gundem\/duzcede-otomobil-yayaya-carpti\/\",\"url\":\"https:\/\/denizcankizil.tr\/uk\/haberler\/gundem\/duzcede-otomobil-yayaya-carpti\/\",\"name\":\"D\u00fczce\u2019de otomobil yayaya \u00e7arpt\u0131 - Av. Deniz Can K\u0131z\u0131l\",\"isPartOf\":{\"@id\":\"https:\/\/denizcankizil.tr\/#website\"},\"datePublished\":\"2025-06-14T05:42:12+00:00\",\"breadcrumb\":{\"@id\":\"https:\/\/denizcankizil.tr\/uk\/haberler\/gundem\/duzcede-otomobil-yayaya-carpti\/#breadcrumb\"},\"inLanguage\":\"uk\",\"potentialAction\":[{\"@type\":\"ReadAction\",\"target\":[\"https:\/\/denizcankizil.tr\/uk\/haberler\/gundem\/duzcede-otomobil-yayaya-carpti\/\"]}]},{\"@type\":\"BreadcrumbList\",\"@id\":\"https:\/\/denizcankizil.tr\/uk\/haberler\/gundem\/duzcede-otomobil-yayaya-carpti\/#breadcrumb\",\"itemListElement\":[{\"@type\":\"ListItem\",\"position\":1,\"name\":\"Home\",\"item\":\"https:\/\/denizcankizil.tr\/de\/\"},{\"@type\":\"ListItem\",\"position\":2,\"name\":\"D\u00fczce\u2019de otomobil yayaya \u00e7arpt\u0131\"}]},{\"@type\":\"WebSite\",\"@id\":\"https:\/\/denizcankizil.tr\/#website\",\"url\":\"https:\/\/denizcankizil.tr\/\",\"name\":\"Av. Deniz Can K\u0131z\u0131l\",\"description\":\"Avukat Deniz Can K\u0131z\u0131l Antalya Barosu\",\"publisher\":{\"@id\":\"https:\/\/denizcankizil.tr\/#organization\"},\"potentialAction\":[{\"@type\":\"SearchAction\",\"target\":{\"@type\":\"EntryPoint\",\"urlTemplate\":\"https:\/\/denizcankizil.tr\/?s={search_term_string}\"},\"query-input\":{\"@type\":\"PropertyValueSpecification\",\"valueRequired\":true,\"valueName\":\"search_term_string\"}}],\"inLanguage\":\"uk\"},{\"@type\":\"Organization\",\"@id\":\"https:\/\/denizcankizil.tr\/#organization\",\"name\":\"Av. Deniz Can K\u0131z\u0131l\",\"url\":\"https:\/\/denizcankizil.tr\/\",\"logo\":{\"@type\":\"ImageObject\",\"inLanguage\":\"uk\",\"@id\":\"https:\/\/denizcankizil.tr\/#\/schema\/logo\/image\/\",\"url\":\"https:\/\/denizcankizil.tr\/wp-content\/uploads\/2024\/10\/siyah-logo-svg.svg\",\"contentUrl\":\"https:\/\/denizcankizil.tr\/wp-content\/uploads\/2024\/10\/siyah-logo-svg.svg\",\"width\":1080,\"height\":1080,\"caption\":\"Av. Deniz Can K\u0131z\u0131l\"},\"image\":{\"@id\":\"https:\/\/denizcankizil.tr\/#\/schema\/logo\/image\/\"}},{\"@type\":\"Person\",\"@id\":\"https:\/\/denizcankizil.tr\/#\/schema\/person\/be3c05fe6a12686905512445d8185489\",\"name\":\"admin\",\"image\":{\"@type\":\"ImageObject\",\"inLanguage\":\"uk\",\"@id\":\"https:\/\/denizcankizil.tr\/#\/schema\/person\/image\/\",\"url\":\"https:\/\/secure.gravatar.com\/avatar\/c1fce94c830dc79107e174f890d7210541c4a63e8e5d816341794a2151c9d58c?s=96&d=mm&r=g\",\"contentUrl\":\"https:\/\/secure.gravatar.com\/avatar\/c1fce94c830dc79107e174f890d7210541c4a63e8e5d816341794a2151c9d58c?s=96&d=mm&r=g\",\"caption\":\"admin\"},\"sameAs\":[\"http:\/\/denizcankizil.tr\"],\"url\":\"https:\/\/www.iskenderun.org\/duzcede-otomobil-yayaya-carpti\"}]}<\/script>\n<!-- \/ Yoast SEO Premium plugin. -->","yoast_head_json":{"title":"D\u00fczce\u2019de otomobil yayaya \u00e7arpt\u0131 - Av. Deniz Can K\u0131z\u0131l","robots":{"index":"index","follow":"follow","max-snippet":"max-snippet:-1","max-image-preview":"max-image-preview:large","max-video-preview":"max-video-preview:-1"},"canonical":"https:\/\/denizcankizil.tr\/uk\/haberler\/gundem\/duzcede-otomobil-yayaya-carpti\/","og_locale":"uk_UA","og_type":"article","og_title":"D\u00fczce\u2019de otomobil yayaya \u00e7arpt\u0131","og_description":"D\u00fczce\u2019de Ak\u00e7akoca ba\u011flant\u0131 yolunda bir otomobilin yayaya \u00e7arpmas\u0131 sonucu 48 ya\u015f\u0131ndaki bir kad\u0131n a\u011f\u0131r yaraland\u0131.Sefer DEM\u0130R \/ D\u00dcZCE (\u0130GFA) &#8211; D\u00fczce\u2019nin Beyciler Mahallesi\u2019nde, D-655 Ak\u00e7akoca ba\u011flant\u0131 yolunda trafik kazas\u0131 meydana geldi. P\u0131nar H. y\u00f6netimindeki 81 KH 908 plakal\u0131 otomobil, yolun kar\u015f\u0131s\u0131na ge\u00e7meye \u00e7al\u0131\u015fan 48 ya\u015f\u0131ndaki Ay\u015fe Y. a \u00e7arpt\u0131. \u00c7arpman\u0131n etkisiyle yola savrulan Y., a\u011f\u0131r yaraland\u0131. \u00c7evredekilerin ihbar\u0131 \u00fczerine olay yerine sa\u011fl\u0131k ve polis ekipleri sevk edildi. Yaral\u0131 kad\u0131n, ilk m\u00fcdahalenin ard\u0131ndan ambulansla D\u00fczce \u00dcniversitesi Ara\u015ft\u0131rma ve Uygulama Hastanesi\u2019ne kald\u0131r\u0131ld\u0131. Y\u0131ld\u0131z\u2019\u0131n durumunun a\u011f\u0131r oldu\u011fu ve yo\u011fun bak\u0131m \u00fcnitesinde tedavisinin s\u00fcrd\u00fc\u011f\u00fc belirtildi. Polis, kazayla ilgili tahkikat ba\u015flatt\u0131. \u200bD\u00fczce\u2019de Ak\u00e7akoca ba\u011flant\u0131 yolunda bir otomobilin yayaya \u00e7arpmas\u0131 sonucu 48 ya\u015f\u0131ndaki bir kad\u0131n a\u011f\u0131r yaraland\u0131.Sefer DEM\u0130R \/ D\u00dcZCE (\u0130GFA) &#8211; D\u00fczce\u2019nin Beyciler Mahallesi\u2019nde, D-655 Ak\u00e7akoca ba\u011flant\u0131 yolunda trafik kazas\u0131 meydana geldi. P\u0131nar H. y\u00f6netimindeki 81 KH 908 plakal\u0131 otomobil, yolun kar\u015f\u0131s\u0131na ge\u00e7meye \u00e7al\u0131\u015fan 48 ya\u015f\u0131ndaki Ay\u015fe Y. a \u00e7arpt\u0131. \u00c7arpman\u0131n etkisiyle yola savrulan Y., a\u011f\u0131r yaraland\u0131. \u00c7evredekilerin ihbar\u0131 \u00fczerine olay yerine sa\u011fl\u0131k ve polis ekipleri sevk edildi. Yaral\u0131 kad\u0131n, ilk m\u00fcdahalenin ard\u0131ndan ambulansla D\u00fczce \u00dcniversitesi Ara\u015ft\u0131rma ve Uygulama Hastanesi\u2019ne kald\u0131r\u0131ld\u0131. Y\u0131ld\u0131z\u2019\u0131n durumunun a\u011f\u0131r oldu\u011fu ve yo\u011fun bak\u0131m \u00fcnitesinde tedavisinin s\u00fcrd\u00fc\u011f\u00fc belirtildi. Polis, kazayla ilgili tahkikat ba\u015flatt\u0131.\u00a0 \u200bHaberin Al\u0131nt\u0131land\u0131\u011f\u0131 Kaynak: www.iskenderun.org","og_url":"https:\/\/denizcankizil.tr\/uk\/haberler\/gundem\/duzcede-otomobil-yayaya-carpti\/","og_site_name":"Av. Deniz Can K\u0131z\u0131l","article_published_time":"2025-06-14T05:42:12+00:00","author":"admin","twitter_card":"summary_large_image","twitter_misc":{"\u041d\u0430\u043f\u0438\u0441\u0430\u043d\u043e":"admin","\u041f\u0440\u0438\u0431\u043b. \u0447\u0430\u0441 \u0447\u0438\u0442\u0430\u043d\u043d\u044f":"1 \u0445\u0432\u0438\u043b\u0438\u043d\u0430"},"schema":{"@context":"https:\/\/schema.org","@graph":[{"@type":"Article","@id":"https:\/\/denizcankizil.tr\/uk\/haberler\/gundem\/duzcede-otomobil-yayaya-carpti\/#article","isPartOf":{"@id":"https:\/\/denizcankizil.tr\/uk\/haberler\/gundem\/duzcede-otomobil-yayaya-carpti\/"},"author":{"name":"admin","@id":"https:\/\/denizcankizil.tr\/#\/schema\/person\/be3c05fe6a12686905512445d8185489"},"headline":"D\u00fczce\u2019de otomobil yayaya \u00e7arpt\u0131","datePublished":"2025-06-14T05:42:12+00:00","mainEntityOfPage":{"@id":"https:\/\/denizcankizil.tr\/uk\/haberler\/gundem\/duzcede-otomobil-yayaya-carpti\/"},"wordCount":286,"publisher":{"@id":"https:\/\/denizcankizil.tr\/#organization"},"articleSection":["G\u00fcndem"],"inLanguage":"uk"},{"@type":"WebPage","@id":"https:\/\/denizcankizil.tr\/uk\/haberler\/gundem\/duzcede-otomobil-yayaya-carpti\/","url":"https:\/\/denizcankizil.tr\/uk\/haberler\/gundem\/duzcede-otomobil-yayaya-carpti\/","name":"D\u00fczce\u2019de otomobil yayaya \u00e7arpt\u0131 - Av. Deniz Can K\u0131z\u0131l","isPartOf":{"@id":"https:\/\/denizcankizil.tr\/#website"},"datePublished":"2025-06-14T05:42:12+00:00","breadcrumb":{"@id":"https:\/\/denizcankizil.tr\/uk\/haberler\/gundem\/duzcede-otomobil-yayaya-carpti\/#breadcrumb"},"inLanguage":"uk","potentialAction":[{"@type":"ReadAction","target":["https:\/\/denizcankizil.tr\/uk\/haberler\/gundem\/duzcede-otomobil-yayaya-carpti\/"]}]},{"@type":"BreadcrumbList","@id":"https:\/\/denizcankizil.tr\/uk\/haberler\/gundem\/duzcede-otomobil-yayaya-carpti\/#breadcrumb","itemListElement":[{"@type":"ListItem","position":1,"name":"Home","item":"https:\/\/denizcankizil.tr\/de\/"},{"@type":"ListItem","position":2,"name":"D\u00fczce\u2019de otomobil yayaya \u00e7arpt\u0131"}]},{"@type":"WebSite","@id":"https:\/\/denizcankizil.tr\/#website","url":"https:\/\/denizcankizil.tr\/","name":"Av. Deniz Can K\u0131z\u0131l","description":"Avukat Deniz Can K\u0131z\u0131l Antalya Barosu","publisher":{"@id":"https:\/\/denizcankizil.tr\/#organization"},"potentialAction":[{"@type":"SearchAction","target":{"@type":"EntryPoint","urlTemplate":"https:\/\/denizcankizil.tr\/?s={search_term_string}"},"query-input":{"@type":"PropertyValueSpecification","valueRequired":true,"valueName":"search_term_string"}}],"inLanguage":"uk"},{"@type":"Organization","@id":"https:\/\/denizcankizil.tr\/#organization","name":"Av. Deniz Can K\u0131z\u0131l","url":"https:\/\/denizcankizil.tr\/","logo":{"@type":"ImageObject","inLanguage":"uk","@id":"https:\/\/denizcankizil.tr\/#\/schema\/logo\/image\/","url":"https:\/\/denizcankizil.tr\/wp-content\/uploads\/2024\/10\/siyah-logo-svg.svg","contentUrl":"https:\/\/denizcankizil.tr\/wp-content\/uploads\/2024\/10\/siyah-logo-svg.svg","width":1080,"height":1080,"caption":"Av. Deniz Can K\u0131z\u0131l"},"image":{"@id":"https:\/\/denizcankizil.tr\/#\/schema\/logo\/image\/"}},{"@type":"Person","@id":"https:\/\/denizcankizil.tr\/#\/schema\/person\/be3c05fe6a12686905512445d8185489","name":"\u0430\u0434\u043c\u0456\u043d","image":{"@type":"ImageObject","inLanguage":"uk","@id":"https:\/\/denizcankizil.tr\/#\/schema\/person\/image\/","url":"https:\/\/secure.gravatar.com\/avatar\/c1fce94c830dc79107e174f890d7210541c4a63e8e5d816341794a2151c9d58c?s=96&d=mm&r=g","contentUrl":"https:\/\/secure.gravatar.com\/avatar\/c1fce94c830dc79107e174f890d7210541c4a63e8e5d816341794a2151c9d58c?s=96&d=mm&r=g","caption":"admin"},"sameAs":["http:\/\/denizcankizil.tr"],"url":"https:\/\/www.iskenderun.org\/duzcede-otomobil-yayaya-carpti"}]}},"_links":{"self":[{"href":"https:\/\/denizcankizil.tr\/uk\/wp-json\/wp\/v2\/posts\/115698","targetHints":{"allow":["GET"]}}],"collection":[{"href":"https:\/\/denizcankizil.tr\/uk\/wp-json\/wp\/v2\/posts"}],"about":[{"href":"https:\/\/denizcankizil.tr\/uk\/wp-json\/wp\/v2\/types\/post"}],"author":[{"embeddable":true,"href":"https:\/\/denizcankizil.tr\/uk\/wp-json\/wp\/v2\/users\/1"}],"replies":[{"embeddable":true,"href":"https:\/\/denizcankizil.tr\/uk\/wp-json\/wp\/v2\/comments?post=115698"}],"version-history":[{"count":0,"href":"https:\/\/denizcankizil.tr\/uk\/wp-json\/wp\/v2\/posts\/115698\/revisions"}],"wp:attachment":[{"href":"https:\/\/denizcankizil.tr\/uk\/wp-json\/wp\/v2\/media?parent=115698"}],"wp:term":[{"taxonomy":"category","embeddable":true,"href":"https:\/\/denizcankizil.tr\/uk\/wp-json\/wp\/v2\/categories?post=115698"},{"taxonomy":"post_tag","embeddable":true,"href":"https:\/\/denizcankizil.tr\/uk\/wp-json\/wp\/v2\/tags?post=115698"}],"curies":[{"name":"wp","href":"https:\/\/api.w.org\/{rel}","templated":true}]}}