{"id":11498,"date":"2024-11-02T14:39:49","date_gmt":"2024-11-02T11:39:49","guid":{"rendered":"https:\/\/denizcankizil.tr\/uncategorized-tr\/evlatlik-iliskilerinde-ivazli-tasarruflarin-anayasa-anlami\/"},"modified":"2024-11-02T14:39:49","modified_gmt":"2024-11-02T11:39:49","slug":"evlatlik-iliskilerinde-ivazli-tasarruflarin-anayasa-anlami","status":"publish","type":"post","link":"https:\/\/denizcankizil.tr\/uk\/seo\/evlatlik-iliskilerinde-ivazli-tasarruflarin-anayasa-anlami\/","title":{"rendered":"Evlatl\u0131k \u0130li\u015fkilerinde \u0130vazl\u0131 Tasarruflar\u0131n Anayasa Anlam\u0131"},"content":{"rendered":"<p> <strong>Evlatl\u0131k \u0130li\u015fkilerinde \u0130vazl\u0131 Tasarruflar\u0131n Anayasa\u200c Anlam\u0131<\/strong><\/p>\n<p>Evlatl\u0131k ili\u015fkileri, bireylerin ve ailenin temel yap\u0131s\u0131 \u2064\u00fczerinde \u00f6nemli bir etkiye sahip olan karma\u015f\u0131k\u2064 sosyal ve hukuki dinamikler i\u00e7ermektedir. Bu ili\u015fkilerin varl\u0131\u011f\u0131, toplumsal a\u00e7\u0131dan\u200c \u00e7ocuk haklar\u0131n\u0131n korunmas\u0131 ve <a href=\"https:\/\/denizcankizil.tr\/uk\/seo\/miras-hukuku-avukati-hangi-dava-turlerine-bakar-antalyadaki-adliye-ve-mahkemeler-listesi-nelerdir-antalyanin-ilceleri-hangileridir\/\" title=\"Miras Hukuku Avukat\u0131 Hangi Dava T\u00fcrlerine Bakar ? Antalya&#039;daki Adliye ve Mahkemeler Listesi Nelerdir? Antalya&#039;n\u0131n il\u00e7eleri hangileridir?\">aile yap\u0131s\u0131<\/a>n\u0131n g\u00fc\u00e7lendirilmesi gibi hayati \u00f6nem\u200b ta\u015f\u0131yan meseleleri g\u00fcndeme getirirken, ayn\u0131 \u200czamanda hukukun \u00fcst\u00fcnl\u00fc\u011f\u00fc ve \u2064bireysel haklar\u0131n g\u00f6zetilmesi\u2063 a\u00e7\u0131s\u0131ndan da dikkate de\u011fer birtak\u0131m meseleleri beraberinde getirmektedir. Bu ba\u011flamda, evlatl\u0131k ili\u015fkilerinde ivazl\u0131 tasarruflar\u0131n anayasa anlam\u0131, hem Anayasa hukuku a\u00e7\u0131s\u0131ndan hem de medeni hukuk \u2063perspektifinden kapsaml\u0131 bir de\u011ferlendirme gerektirmektedir.\u200c \u0130vazl\u0131 tasarruflar, evlat \u200dedinmenin getirdi\u011fi hukuki sonu\u00e7lar ve taraflar\u0131n y\u00fck\u00fcml\u00fcl\u00fckleri a\u00e7\u0131s\u0131ndan titizlikle incelenmesi gereken bir\u200d konu olup, aile hukuku i\u00e7erisindeki yeri, \u00e7ocuklar\u0131n \u200dve \u2062hakimlerin koruma alt\u0131na al\u0131nmas\u0131n\u0131 sa\u011flamaktad\u0131r. Bu \u00e7al\u0131\u015fmada, \u2063evlatl\u0131k ili\u015fkilerinde ivazl\u0131 tasarruflar\u0131n anayasal boyutlar\u0131 ele al\u0131nacak, mevcut mevzuat ile doktrin \u00e7er\u00e7evesinde tasarruflar\u0131n\u2062 hukuki anlam\u0131 ve Anayasa ile uyumlu olup olmad\u0131\u011f\u0131 \u00fczerinde durulacakt\u0131r. B\u00f6ylece, evlatl\u0131k ili\u015fkisinin\u200d toplumsal ve hukuki boyutlar\u0131 daha iyi anla\u015f\u0131lacak ve bu alandaki eksikliklerin giderilmesine y\u00f6nelik \u00f6neriler sunulacakt\u0131r.<br \/><img decoding=\"async\" class=\"kimage_class lazyload\" data-src=\"https:\/\/denizcankizil.tr\/wp-content\/uploads\/2024\/10\/IIKHg-253D.jpg\" alt=\"Evlatl\u0131k \u0130li\u015fkilerinde \u0130vazl\u0131 Tasarruflar\u0131n Hukuki \u2063Temelleri\" src=\"data:image\/svg+xml;base64,PHN2ZyB3aWR0aD0iMSIgaGVpZ2h0PSIxIiB4bWxucz0iaHR0cDovL3d3dy53My5vcmcvMjAwMC9zdmciPjwvc3ZnPg==\"><\/p>\n<h2 id=\"evlatlik-iliskilerinde-ivazli-tasarruflarin-hukuki-temelleri\">Evlatl\u0131k \u2063\u0130li\u015fkilerinde \u0130vazl\u0131 Tasarruflar\u0131n Hukuki Temelleri<\/h2>\n<p>Evlatl\u0131k ili\u015fkileri, bireyler aras\u0131nda duygusal ve hukuki bir ba\u011f olu\u015ftururken, bu ili\u015fkilerin \u200b\u00e7e\u015fitli hukuki temelleri de bulunmaktad\u0131r. \u0130vazl\u0131 tasarruflar, evlatl\u0131k ili\u015fkileri \u00e7er\u00e7evesinde,\u200c evlatl\u0131k edilen ki\u015fi ile ana-baba aras\u0131nda kar\u015f\u0131l\u0131kl\u0131 fayday\u0131 hedefleyen d\u00fczenlemeleri ifade eder. Bu t\u00fcr tasarruflar, \u00e7o\u011fu zaman miras ile ilgili konularda \u00f6nemli bir rol\u200d oynamakta ve \u200cevlatl\u0131k ili\u015fkisinin hukuki a\u00e7\u0131dan g\u00fc\u00e7l\u00fc bir dayana\u011fa sahip olmas\u0131na katk\u0131da bulunmaktad\u0131r.<\/p>\n<p>\u0130vazl\u0131 tasarruflar\u0131n hukuki temelleri, \u2064T\u00fcrk Medeni Kanunu ve ilgili di\u011fer mevzuatlarda detayl\u0131 olarak ele al\u0131nmaktad\u0131r. Ayr\u0131ca, bu tasarruflar\u0131n\u2062 ge\u00e7erlili\u011fi i\u00e7in\u2062 baz\u0131 \u015fartlar\u0131n sa\u011flanmas\u0131 gerekmektedir. A\u015fa\u011f\u0131daki unsurlar, ivazl\u0131 tasarruflar\u0131n hukuki\u2064 ge\u00e7erlili\u011fi i\u00e7in kritik \u00f6neme\u2064 sahiptir:<\/p>\n<ul>\n<li><strong>Tasarrufun \u2063Yaz\u0131l\u0131 Olmas\u0131:<\/strong> \u2063 \u0130vazl\u0131 tasarruflar,\u200d yaz\u0131l\u0131 bir bi\u00e7imde d\u00fczenlenmelidir.<\/li>\n<li><strong>Kar\u015f\u0131l\u0131kl\u0131 \u0130htiya\u00e7:<\/strong> Hem evlatl\u0131k eden hem de evlatl\u0131k edilen\u2063 ki\u015fi aras\u0131nda kar\u015f\u0131l\u0131kl\u0131 bir ihtiya\u00e7 \u2063ve fayda ili\u015fkisi olmal\u0131d\u0131r.<\/li>\n<li><strong>Hukuka Ayk\u0131r\u0131l\u0131k Olmamas\u0131:<\/strong> Yap\u0131lan tasarruflar\u0131n hukuka ayk\u0131r\u0131\u200d olmamas\u0131 esast\u0131r.<\/li>\n<\/ul>\n<p>Sonu\u00e7 \u2063olarak, <a href=\"https:\/\/denizcankizil.tr\/uk\/koseyazilari\/degerlendirme\/evlatlik-iliskilerinde-ivazli-tasarruflarin-anayasa-ile-celiskisi\/\" title=\"Evlatl\u0131k \u0130li\u015fkilerinde \u0130vazl\u0131 Tasarruflar\u0131n Anayasa \u0130le \u00c7eli\u015fkisi\">evlatl\u0131k ili\u015fkilerinde ivazl\u0131 tasarruflar\u0131n\u200b ge\u00e7erlili\u011fi<\/a>, bu\u2062 ili\u015fkilerin hukuki \u00e7er\u00e7evesinin g\u00fc\u00e7lendirilmesi ad\u0131na b\u00fcy\u00fck \u00f6nem ta\u015f\u0131maktad\u0131r. Bu tasarruflar \u2063sadece duygusal de\u011fil, ayn\u0131 zamanda ekonomik ve hukuki a\u00e7\u0131dan da\u2064 bir zemin \u2064olu\u015fturmakta, evlatl\u0131k edilen ki\u015finin haklar\u0131n\u0131n korunmas\u0131na katk\u0131 sa\u011flamaktad\u0131r. B\u00f6ylelikle, evlatl\u0131k ili\u015fkisinin taraflar\u0131 aras\u0131ndaki ba\u011f, hukuki zeminde daha sa\u011flam bir hale getirilmi\u015f\u2063 olur.<\/p>\n<h2 id=\"anayasa-kapsaminda-evlatlik-iliskilerinin-korunmasi\">Anayasa Kapsam\u0131nda Evlatl\u0131k\u200c \u0130li\u015fkilerinin Korunmas\u0131<\/h2>\n<p><strong>Anayasa, evlatl\u0131k ili\u015fkilerinin korunmas\u0131nda \u00f6nemli bir rol oynamaktad\u0131r.<\/strong> \u200cT\u00fcrkiye&#8217;de evlatl\u0131k alman\u0131n yasal \u00e7er\u00e7evesi, hem \u200devlatl\u0131k ili\u015fkilerini d\u00fczenleyen kanunlarla hem de Anayasa&#8217;n\u0131n temel hak ve \u00f6zg\u00fcrl\u00fckleri ile do\u011frudan ba\u011flant\u0131l\u0131d\u0131r. Anayasa, her bireyin\u2063 e\u015fit haklara sahip oldu\u011funu ve\u2064 Aile i\u00e7in \u00f6zel koruma sa\u011flad\u0131\u011f\u0131n\u0131 vurgular. Bu ba\u011flamda, evlatl\u0131k\u200c ili\u015fkileri de ailenin temel yap\u0131s\u0131 i\u00e7erisinde de\u011ferlendirilmektedir.<\/p>\n<p><strong>Evlatl\u0131k,\u200b bireyler aras\u0131nda \u200d\u00e7ok y\u00f6nl\u00fc bir ili\u015fkiyi temsil eder<\/strong> ve \u200bbu ili\u015fkinin, yaln\u0131zca hukuki bir ba\u011fdan \u00f6te manevi bir boyutu da bulunmaktad\u0131r. Evlatl\u0131k ili\u015fkilerinin korunmas\u0131, anayasasal bir zorunluluk olmas\u0131n\u0131n yan\u0131 s\u0131ra toplumsal yap\u0131 i\u00e7inde de \u200db\u00fcy\u00fck bir \u00f6neme sahiptir. Bunun yan\u0131 s\u0131ra, evlat \u2063edinmenin getirdi\u011fi \u200bhukuki sonu\u00e7lar\u0131n yan\u0131 s\u0131ra, psikolojik, sosyal ve k\u00fclt\u00fcrel boyutlar\u0131 da g\u00f6z \u00f6n\u00fcnde\u2062 bulundurulmal\u0131d\u0131r. Bu nedenle, \u200bevlatl\u0131k ili\u015fkilerini korumak i\u00e7in y\u00fcr\u00fct\u00fclen d\u00fczenlemeler, bireylerin ve toplumun\u2063 yarar\u0131na\u200b olacak \u015fekilde titizlikle y\u00fcr\u00fct\u00fclmelidir.<\/p>\n<p><strong>Evlatl\u0131k ili\u015fkilerinin korunmas\u0131nda, baz\u0131 temel ilkeleri de belirlemek m\u00fcmk\u00fcnd\u00fcr:<\/strong><\/p>\n<ul>\n<li>Hukuki g\u00fcvenlik ve belirlilik sa\u011flanmas\u0131.<\/li>\n<li>Aile b\u00fct\u00fcnl\u00fc\u011f\u00fcn\u00fcn korunmas\u0131.<\/li>\n<li>Bireylerin psikososyal\u200d geli\u015fimlerini destekleyici \u00f6nlemler al\u0131n\u0131lmas\u0131.<\/li>\n<\/ul>\n<p>Bu ilkeler, evlatl\u0131k ili\u015fkilerinin\u200d Anayasa \u00e7er\u00e7evesinde g\u00fcvence alt\u0131na al\u0131nmas\u0131n\u0131n gereklili\u011fini g\u00f6stermektedir. Anayasa&#8217;n\u0131n sa\u011flad\u0131\u011f\u0131 bu koruma, sadece hukuki bir \u00e7er\u00e7eve\u200b olu\u015fturmakla kalmaz, ayn\u0131 zamanda evlatl\u0131k ili\u015fkilerinin\u2064 sosyal kabul g\u00f6rmesi i\u00e7in de \u00f6nem arz\u200c etmektedir.<\/p>\n<p><img decoding=\"async\" class=\"kimage_class lazyload\" data-src=\"https:\/\/denizcankizil.tr\/wp-content\/uploads\/2024\/10\/78x381.jpg\" alt=\"\u0130vazl\u0131 Tasarruflar\u0131n Uygulanmas\u0131nda Kar\u015f\u0131la\u015f\u0131lan Sorunlar\" src=\"data:image\/svg+xml;base64,PHN2ZyB3aWR0aD0iMSIgaGVpZ2h0PSIxIiB4bWxucz0iaHR0cDovL3d3dy53My5vcmcvMjAwMC9zdmciPjwvc3ZnPg==\"><\/p>\n<h2 id=\"ivazli-tasarruflarin-uygulanmasinda-karsilasilan-sorunlar\">\u0130vazl\u0131 Tasarruflar\u0131n Uygulanmas\u0131nda Kar\u015f\u0131la\u015f\u0131lan Sorunlar<\/h2>\n<section>\n<p>\u0130vazl\u0131 tasarruflar, evlatl\u0131k ili\u015fkilerinde \u00f6nemli bir rol oynamakta ancak uygulama a\u015famas\u0131nda \u200d\u00e7e\u015fitli sorunlarla kar\u015f\u0131la\u015f\u0131lmaktad\u0131r. <strong>Bu sorunlar<\/strong>, hukuki belirsizliklerden \u2063ekonomik etkenlere kadar uzanmaktad\u0131r. \u00dclkemizde \u2062evlatl\u0131k\u2062 ili\u015fkileri, her ne kadar belirli yasalarla \u200c\u00e7er\u00e7evelenmi\u015f olsa da, ivazl\u0131 tasarruflar\u0131n nas\u0131l uygulanaca\u011f\u0131 konusunda net bir k\u0131lavuz eksikli\u011fi bulunmaktad\u0131r. Bu durum, \u2062taraflar aras\u0131nda anla\u015fmazl\u0131klar ve hukuki davalara neden olmaktad\u0131r.<\/p>\n<p>Ayr\u0131ca, \u200b <strong>ivazl\u0131 tasarruflar\u0131n ger\u00e7ekle\u015ftirilmesinde<\/strong> k\u00fclt\u00fcrel ve sosyal fakt\u00f6rler de dikkate \u2063al\u0131nmal\u0131d\u0131r. \u200dAile yap\u0131s\u0131, bireylerin ekonomik durumu ve\u200c toplumsal normlar, ivazl\u0131 \u2062tasarruflar\u0131n kabul\u00fc ve uygulanabilirli\u011finde etkili\u200b fakt\u00f6rlerdendir. T\u00fcrkiye\u2019de\u2063 evlatl\u0131k ili\u015fkileri, geleneksel ve modern de\u011ferlerin \u200b\u00e7at\u0131\u015ft\u0131\u011f\u0131 bir alan oldu\u011fundan, <a href=\"https:\/\/denizcankizil.tr\/uk\/hukukihaber\/evlatlik-ve-evlat-edinen-arasinda-yapilan-ivazli-tasarruflarin-bagislama-gibi-kabul-edildigini-ongoren-kuralin-anayasaya-aykiri-oldugu\/\" title=\"Evlatl\u0131k ve Evlat Edinen Aras\u0131nda Yap\u0131lan \u0130vazl\u0131 Tasarruflar\u0131n Ba\u011f\u0131\u015flama Gibi Kabul Edildi\u011fini \u00d6ng\u00f6ren Kural\u0131n Anayasa\u2019ya Ayk\u0131r\u0131 Oldu\u011fu\">bu t\u00fcr tasarruflar<\/a>\u0131n uygulamas\u0131 \u200bs\u0131k s\u0131k sorunlarla kar\u015f\u0131la\u015fmaktad\u0131r. Bu ba\u011flamda, evlatl\u0131k ili\u015fkilerinin toplumsal alg\u0131s\u0131n\u0131n \u2064de\u011fi\u015fmesi ve hukuki d\u00fczenlemelerin \u200dg\u00fcncellenmesi b\u00fcy\u00fck bir \u00f6nem ta\u015f\u0131maktad\u0131r.<\/p>\n<p>Sonu\u00e7 olarak, <strong>ivazl\u0131 tasarruflar\u0131n uygulanmas\u0131nda<\/strong> kar\u015f\u0131la\u015f\u0131lan sorunlar\u0131n \u2063a\u015f\u0131labilmesi\u2064 i\u00e7in \u200cyasal \u200cd\u00fczenlemelerin yan\u0131 s\u0131ra toplumsal fark\u0131ndal\u0131\u011f\u0131n art\u0131r\u0131lmas\u0131 gerekmektedir. \u0130vazl\u0131 tasarruflar, sadece yasal bir terim de\u011fil, ayn\u0131 zamanda \u2063evlatl\u0131k ili\u015fkilerinin psikolojik ve sosyal boyutlar\u0131n\u0131 da etkileyen bir unsurdur. Bu \u2064y\u00fczden hem hukuki hem de sosyal a\u00e7\u0131dan \u00e7\u00f6z\u00fcmler \u00fcretilmesi, gelecekte bu t\u00fcr sorunlar\u0131n \u00f6n\u00fcne ge\u00e7ilmesi ad\u0131na kritik bir \u00f6neme sahiptir.<\/p>\n<\/section>\n<h2 id=\"hukuki-reform-onerileri-ve-gelecek-perspektifleri\">Hukuki Reform \u00d6nerileri ve Gelecek Perspektifleri<\/h2>\n<section class=\"hukuki-reform-onerileri\">\n<p>Evlatl\u0131k ili\u015fkilerinde ivazl\u0131 tasarruflar\u0131n anayasa\u2062 anlam\u0131, hukuki reform\u2063 \u00f6nerileri a\u00e7\u0131s\u0131ndan b\u00fcy\u00fck bir \u00f6nem ta\u015f\u0131maktad\u0131r. Bu\u2063 ba\u011flamda, ivazl\u0131 tasarruflar, aile hukuku alan\u0131nda evlatl\u0131k edinim s\u00fcrecinde, yasal d\u00fczenlemeler \u00e7er\u00e7evesinde de\u011ferlendirilmelidir. Anayasan\u0131n temel hak\u200c ve \u00f6zg\u00fcrl\u00fckler ba\u015fta olmak \u00fczere, evlatl\u0131k ili\u015fkilerine dair ilke ve prensiplerle uyumlu bir \u015fekilde ele al\u0131nmas\u0131, toplumsal adaletin sa\u011flanmas\u0131\u200c a\u00e7\u0131s\u0131ndan kritik bir \u00f6neme sahiptir.<\/p>\n<p>Hukuki reform \u00f6nerilerinin somut \u00f6rnekleri aras\u0131nda \u015funlar bulunmaktad\u0131r:<\/p>\n<ul>\n<li><strong>Yasal d\u00fczenlemelerin\u2062 g\u00fcncellenmesi:<\/strong> Mevcut yasalar\u0131n, g\u00fcn\u00fcm\u00fcz\u00fcn\u200d sosyal ve hukuki dinamiklerine uygun hale\u2064 getirilmesi.<\/li>\n<li><strong>\u0130vazl\u0131 tasarruflar i\u00e7in net tan\u0131mlar:<\/strong> Evlatl\u0131k ili\u015fkilerinde ivazl\u0131 tasarruflar\u0131n ne anlama\u200b geldi\u011finin, hukuki metinlerde a\u00e7\u0131k bir \u015fekilde belirtilmesi.<\/li>\n<li><strong>Denetim mekanizmalar\u0131n\u0131n g\u00fc\u00e7lendirilmesi:<\/strong> \u2062Evlatl\u0131k s\u00fcre\u00e7lerinde \u015feffafl\u0131\u011f\u0131n artt\u0131r\u0131lmas\u0131 i\u00e7in gerekli denetim \u2063ve denge mekanizmalar\u0131n\u0131n kurulmas\u0131.<\/li>\n<\/ul>\n<p>Gelecek perspektifleri a\u00e7\u0131s\u0131ndan, evlatl\u0131k ili\u015fkileri \u00fczerine yap\u0131lacak\u2062 reformlar\u0131n, <a href=\"https:\/\/denizcankizil.tr\/uk\/seo\/antalya-miras-tasinmaz-ve-arsa-avukatinin-rolu-ve-onemi\/\" title=\"Antalya Miras, Ta\u015f\u0131nmaz ve Arsa Avukat\u0131n\u0131n Rol\u00fc ve \u00d6nemi\">sadece hukuki bir zorunluluk de\u011fil<\/a>, ayn\u0131 zamanda toplumsal bir gereklilik oldu\u011fu a\u015fikard\u0131r. Bu \u2064reformsal yakla\u015f\u0131mlar, evlatl\u0131k ili\u015fkilerinin daha sa\u011fl\u0131kl\u0131 bir \u00e7er\u00e7eveye oturtulmas\u0131n\u0131 sa\u011flayacak ve b\u00f6ylece toplumsal\u200b huzuru art\u0131racakt\u0131r. Sonu\u00e7 olarak, evlatl\u0131k ili\u015fkilerinde ivazl\u0131 tasarruflar\u0131n anayasa anlam\u0131 hakk\u0131ndaki tart\u0131\u015fmalar, hukukun\u2062 \u00fcst\u00fcnl\u00fc\u011f\u00fc ilkesine dayal\u0131 \u2064bir toplum olu\u015fturma \u00e7abalar\u0131n\u0131n bir par\u00e7as\u0131 \u2064olmal\u0131d\u0131r.<\/p>\n<\/section>\n<p>Sonu\u00e7 olarak, evlatl\u0131k ili\u015fkilerinde\u2063 ivazl\u0131 tasarruflar\u0131n anayasal anlam\u0131, hem\u200b bireysel haklar\u0131n korunmas\u0131\u200d hem de toplumsal\u2064 de\u011ferlerin \u2064ya\u015fat\u0131lmas\u0131 a\u00e7\u0131s\u0131ndan kritik bir \u00f6neme sahiptir. Anayasa, aile yap\u0131s\u0131n\u0131n korunmas\u0131n\u0131 hedefleyen ilkeler\u2063 ve d\u00fczenlemeler i\u00e7ermekte, bu ba\u011flamda, evlat edinme s\u00fcre\u00e7leriyle ilgili olarak ivazl\u0131 tasarruflar\u0131n\u200c yeri ve\u2064 \u00f6nemi belirginle\u015fmektedir. T\u00fcrk hukuk sisteminde evlatl\u0131k \u2064ili\u015fkileri,\u2062 sadece hukuki\u200c bir\u2062 ba\u011f de\u011fil, ayn\u0131 zamanda toplumsal sorumluluklar\u0131 ve insani ili\u015fkileri de kapsamaktad\u0131r. Bu nedenle, ivazl\u0131 tasarruflar\u0131n de\u011ferlendirilmesi, hukuk\u00e7ular, sosyologlar ve psikologlar gibi farkl\u0131 \u200bdisiplinlerin\u2064 bir araya gelerek y\u00fcr\u00fctmesi gereken \u00e7ok\u200c disiplinli bir \u00e7al\u0131\u015fmay\u0131 gerektirmektedir. <\/p>\n<p>Gelecek \u00e7al\u0131\u015fmalar, bu konudaki bo\u015fluklar\u0131 doldurmak ve mevcut d\u00fczenlemelerin \u2064toplumsal dinamiklerle ne denli uyumlu oldu\u011funu ortaya koymak ad\u0131na b\u00fcy\u00fck\u2062 bir\u200d \u00f6nem ta\u015f\u0131maktad\u0131r. Sonu\u00e7 olarak, evlatl\u0131k ili\u015fkilerinin hukuk\u00ee boyutlar\u0131n\u0131n yan\u0131 s\u0131ra, sosyal ve etik boyutlar\u0131n\u0131n da\u2062 g\u00f6z\u200d \u00f6n\u00fcnde bulundurulmas\u0131, daha sa\u011fl\u0131kl\u0131 bireyler ve toplumlar yeti\u015ftirilmesi hedefinde kritik bir ad\u0131m olacakt\u0131r. <\/p>","protected":false},"excerpt":{"rendered":"<p>Evlatl\u0131k ili\u015fkilerinde ivazl\u0131 tasarruflar, hem bireysel haklar hem de toplumsal normlar a\u00e7\u0131s\u0131ndan \u00f6nemli bir tart\u0131\u015fma alan\u0131d\u0131r. Anayasa \u00e7er\u00e7evesinde bu ili\u015fkilerin d\u00fczenlenmesi, \u00f6zel hayat\u0131n korunmas\u0131 ve e\u015fitlik ilkeleri ile do\u011frudan ili\u015fkilidir.<\/p>","protected":false},"author":1,"featured_media":11499,"comment_status":"open","ping_status":"open","sticky":false,"template":"","format":"standard","meta":{"_acf_changed":false,"footnotes":""},"categories":[28],"tags":[],"class_list":["post-11498","post","type-post","status-publish","format-standard","has-post-thumbnail","hentry","category-seo"],"acf":[],"yoast_head":"<!-- This site is optimized with the Yoast SEO Premium plugin v26.6 (Yoast SEO v27.1.1) - https:\/\/yoast.com\/product\/yoast-seo-premium-wordpress\/ -->\n<title>Evlatl\u0131k \u0130li\u015fkilerinde \u0130vazl\u0131 Tasarruflar\u0131n Anayasa Anlam\u0131 - Av. Deniz Can K\u0131z\u0131l<\/title>\n<meta name=\"robots\" content=\"index, follow, max-snippet:-1, max-image-preview:large, max-video-preview:-1\" \/>\n<link rel=\"canonical\" href=\"https:\/\/denizcankizil.tr\/uk\/seo\/evlatlik-iliskilerinde-ivazli-tasarruflarin-anayasa-anlami\/\" \/>\n<meta property=\"og:locale\" content=\"uk_UA\" \/>\n<meta property=\"og:type\" content=\"article\" \/>\n<meta property=\"og:title\" content=\"Evlatl\u0131k \u0130li\u015fkilerinde \u0130vazl\u0131 Tasarruflar\u0131n Anayasa Anlam\u0131\" \/>\n<meta property=\"og:description\" content=\"Evlatl\u0131k ili\u015fkilerinde ivazl\u0131 tasarruflar, hem bireysel haklar hem de toplumsal normlar a\u00e7\u0131s\u0131ndan \u00f6nemli bir tart\u0131\u015fma alan\u0131d\u0131r. Anayasa \u00e7er\u00e7evesinde bu ili\u015fkilerin d\u00fczenlenmesi, \u00f6zel hayat\u0131n korunmas\u0131 ve e\u015fitlik ilkeleri ile do\u011frudan ili\u015fkilidir.\" \/>\n<meta property=\"og:url\" content=\"https:\/\/denizcankizil.tr\/uk\/seo\/evlatlik-iliskilerinde-ivazli-tasarruflarin-anayasa-anlami\/\" \/>\n<meta property=\"og:site_name\" content=\"Av. Deniz Can K\u0131z\u0131l\" \/>\n<meta property=\"article:published_time\" content=\"2024-11-02T11:39:49+00:00\" \/>\n<meta property=\"og:image\" content=\"https:\/\/denizcankizil.tr\/wp-content\/uploads\/2024\/11\/11498-evlatlik-iliskilerinde-ivazli-tasarruflarin-anayasa-anlami.jpg\" \/>\n\t<meta property=\"og:image:width\" content=\"1200\" \/>\n\t<meta property=\"og:image:height\" content=\"800\" \/>\n\t<meta property=\"og:image:type\" content=\"image\/jpeg\" \/>\n<meta name=\"author\" content=\"admin\" \/>\n<meta name=\"twitter:card\" content=\"summary_large_image\" \/>\n<meta name=\"twitter:label1\" content=\"\u041d\u0430\u043f\u0438\u0441\u0430\u043d\u043e\" \/>\n\t<meta name=\"twitter:data1\" content=\"admin\" \/>\n\t<meta name=\"twitter:label2\" content=\"\u041f\u0440\u0438\u0431\u043b. \u0447\u0430\u0441 \u0447\u0438\u0442\u0430\u043d\u043d\u044f\" \/>\n\t<meta name=\"twitter:data2\" content=\"8 \u0445\u0432\u0438\u043b\u0438\u043d\" \/>\n<script type=\"application\/ld+json\" class=\"yoast-schema-graph\">{\"@context\":\"https:\/\/schema.org\",\"@graph\":[{\"@type\":\"Article\",\"@id\":\"https:\/\/denizcankizil.tr\/de\/seo\/evlatlik-iliskilerinde-ivazli-tasarruflarin-anayasa-anlami\/#article\",\"isPartOf\":{\"@id\":\"https:\/\/denizcankizil.tr\/de\/seo\/evlatlik-iliskilerinde-ivazli-tasarruflarin-anayasa-anlami\/\"},\"author\":{\"name\":\"admin\",\"@id\":\"https:\/\/denizcankizil.tr\/#\/schema\/person\/be3c05fe6a12686905512445d8185489\"},\"headline\":\"Evlatl\u0131k \u0130li\u015fkilerinde \u0130vazl\u0131 Tasarruflar\u0131n Anayasa Anlam\u0131\",\"datePublished\":\"2024-11-02T11:39:49+00:00\",\"mainEntityOfPage\":{\"@id\":\"https:\/\/denizcankizil.tr\/de\/seo\/evlatlik-iliskilerinde-ivazli-tasarruflarin-anayasa-anlami\/\"},\"wordCount\":1516,\"commentCount\":0,\"publisher\":{\"@id\":\"https:\/\/denizcankizil.tr\/#organization\"},\"image\":{\"@id\":\"https:\/\/denizcankizil.tr\/de\/seo\/evlatlik-iliskilerinde-ivazli-tasarruflarin-anayasa-anlami\/#primaryimage\"},\"thumbnailUrl\":\"https:\/\/denizcankizil.tr\/wp-content\/uploads\/2024\/11\/11498-evlatlik-iliskilerinde-ivazli-tasarruflarin-anayasa-anlami.jpg\",\"articleSection\":[\"Seo\"],\"inLanguage\":\"uk\",\"potentialAction\":[{\"@type\":\"CommentAction\",\"name\":\"Comment\",\"target\":[\"https:\/\/denizcankizil.tr\/de\/seo\/evlatlik-iliskilerinde-ivazli-tasarruflarin-anayasa-anlami\/#respond\"]}]},{\"@type\":\"WebPage\",\"@id\":\"https:\/\/denizcankizil.tr\/de\/seo\/evlatlik-iliskilerinde-ivazli-tasarruflarin-anayasa-anlami\/\",\"url\":\"https:\/\/denizcankizil.tr\/de\/seo\/evlatlik-iliskilerinde-ivazli-tasarruflarin-anayasa-anlami\/\",\"name\":\"Evlatl\u0131k \u0130li\u015fkilerinde \u0130vazl\u0131 Tasarruflar\u0131n Anayasa Anlam\u0131 - Av. Deniz Can K\u0131z\u0131l\",\"isPartOf\":{\"@id\":\"https:\/\/denizcankizil.tr\/#website\"},\"primaryImageOfPage\":{\"@id\":\"https:\/\/denizcankizil.tr\/de\/seo\/evlatlik-iliskilerinde-ivazli-tasarruflarin-anayasa-anlami\/#primaryimage\"},\"image\":{\"@id\":\"https:\/\/denizcankizil.tr\/de\/seo\/evlatlik-iliskilerinde-ivazli-tasarruflarin-anayasa-anlami\/#primaryimage\"},\"thumbnailUrl\":\"https:\/\/denizcankizil.tr\/wp-content\/uploads\/2024\/11\/11498-evlatlik-iliskilerinde-ivazli-tasarruflarin-anayasa-anlami.jpg\",\"datePublished\":\"2024-11-02T11:39:49+00:00\",\"breadcrumb\":{\"@id\":\"https:\/\/denizcankizil.tr\/de\/seo\/evlatlik-iliskilerinde-ivazli-tasarruflarin-anayasa-anlami\/#breadcrumb\"},\"inLanguage\":\"uk\",\"potentialAction\":[{\"@type\":\"ReadAction\",\"target\":[\"https:\/\/denizcankizil.tr\/de\/seo\/evlatlik-iliskilerinde-ivazli-tasarruflarin-anayasa-anlami\/\"]}]},{\"@type\":\"ImageObject\",\"inLanguage\":\"uk\",\"@id\":\"https:\/\/denizcankizil.tr\/de\/seo\/evlatlik-iliskilerinde-ivazli-tasarruflarin-anayasa-anlami\/#primaryimage\",\"url\":\"https:\/\/denizcankizil.tr\/wp-content\/uploads\/2024\/11\/11498-evlatlik-iliskilerinde-ivazli-tasarruflarin-anayasa-anlami.jpg\",\"contentUrl\":\"https:\/\/denizcankizil.tr\/wp-content\/uploads\/2024\/11\/11498-evlatlik-iliskilerinde-ivazli-tasarruflarin-anayasa-anlami.jpg\",\"width\":1200,\"height\":800,\"caption\":\"Evlatl\u0131k \u0130li\u015fkilerinde \u0130vazl\u0131 Tasarruflar\u0131n Anayasa Anlam\u0131\"},{\"@type\":\"BreadcrumbList\",\"@id\":\"https:\/\/denizcankizil.tr\/de\/seo\/evlatlik-iliskilerinde-ivazli-tasarruflarin-anayasa-anlami\/#breadcrumb\",\"itemListElement\":[{\"@type\":\"ListItem\",\"position\":1,\"name\":\"Home\",\"item\":\"https:\/\/denizcankizil.tr\/uk\/\"},{\"@type\":\"ListItem\",\"position\":2,\"name\":\"Evlatl\u0131k \u0130li\u015fkilerinde \u0130vazl\u0131 Tasarruflar\u0131n Anayasa Anlam\u0131\"}]},{\"@type\":\"WebSite\",\"@id\":\"https:\/\/denizcankizil.tr\/#website\",\"url\":\"https:\/\/denizcankizil.tr\/\",\"name\":\"Av. Deniz Can K\u0131z\u0131l\",\"description\":\"Avukat Deniz Can K\u0131z\u0131l Antalya Barosu\",\"publisher\":{\"@id\":\"https:\/\/denizcankizil.tr\/#organization\"},\"potentialAction\":[{\"@type\":\"SearchAction\",\"target\":{\"@type\":\"EntryPoint\",\"urlTemplate\":\"https:\/\/denizcankizil.tr\/?s={search_term_string}\"},\"query-input\":{\"@type\":\"PropertyValueSpecification\",\"valueRequired\":true,\"valueName\":\"search_term_string\"}}],\"inLanguage\":\"uk\"},{\"@type\":\"Organization\",\"@id\":\"https:\/\/denizcankizil.tr\/#organization\",\"name\":\"Av. Deniz Can K\u0131z\u0131l\",\"url\":\"https:\/\/denizcankizil.tr\/\",\"logo\":{\"@type\":\"ImageObject\",\"inLanguage\":\"uk\",\"@id\":\"https:\/\/denizcankizil.tr\/#\/schema\/logo\/image\/\",\"url\":\"https:\/\/denizcankizil.tr\/wp-content\/uploads\/2024\/10\/siyah-logo-svg.svg\",\"contentUrl\":\"https:\/\/denizcankizil.tr\/wp-content\/uploads\/2024\/10\/siyah-logo-svg.svg\",\"width\":1080,\"height\":1080,\"caption\":\"Av. Deniz Can K\u0131z\u0131l\"},\"image\":{\"@id\":\"https:\/\/denizcankizil.tr\/#\/schema\/logo\/image\/\"}},{\"@type\":\"Person\",\"@id\":\"https:\/\/denizcankizil.tr\/#\/schema\/person\/be3c05fe6a12686905512445d8185489\",\"name\":\"admin\",\"image\":{\"@type\":\"ImageObject\",\"inLanguage\":\"uk\",\"@id\":\"https:\/\/denizcankizil.tr\/#\/schema\/person\/image\/\",\"url\":\"https:\/\/secure.gravatar.com\/avatar\/c1fce94c830dc79107e174f890d7210541c4a63e8e5d816341794a2151c9d58c?s=96&d=mm&r=g\",\"contentUrl\":\"https:\/\/secure.gravatar.com\/avatar\/c1fce94c830dc79107e174f890d7210541c4a63e8e5d816341794a2151c9d58c?s=96&d=mm&r=g\",\"caption\":\"admin\"},\"sameAs\":[\"http:\/\/denizcankizil.tr\"],\"url\":\"https:\/\/denizcankizil.tr\/uk\/author\/admin\/\"}]}<\/script>\n<!-- \/ Yoast SEO Premium plugin. -->","yoast_head_json":{"title":"Evlatl\u0131k \u0130li\u015fkilerinde \u0130vazl\u0131 Tasarruflar\u0131n Anayasa Anlam\u0131 - Av. Deniz Can K\u0131z\u0131l","robots":{"index":"index","follow":"follow","max-snippet":"max-snippet:-1","max-image-preview":"max-image-preview:large","max-video-preview":"max-video-preview:-1"},"canonical":"https:\/\/denizcankizil.tr\/uk\/seo\/evlatlik-iliskilerinde-ivazli-tasarruflarin-anayasa-anlami\/","og_locale":"uk_UA","og_type":"article","og_title":"Evlatl\u0131k \u0130li\u015fkilerinde \u0130vazl\u0131 Tasarruflar\u0131n Anayasa Anlam\u0131","og_description":"Evlatl\u0131k ili\u015fkilerinde ivazl\u0131 tasarruflar, hem bireysel haklar hem de toplumsal normlar a\u00e7\u0131s\u0131ndan \u00f6nemli bir tart\u0131\u015fma alan\u0131d\u0131r. Anayasa \u00e7er\u00e7evesinde bu ili\u015fkilerin d\u00fczenlenmesi, \u00f6zel hayat\u0131n korunmas\u0131 ve e\u015fitlik ilkeleri ile do\u011frudan ili\u015fkilidir.","og_url":"https:\/\/denizcankizil.tr\/uk\/seo\/evlatlik-iliskilerinde-ivazli-tasarruflarin-anayasa-anlami\/","og_site_name":"Av. Deniz Can K\u0131z\u0131l","article_published_time":"2024-11-02T11:39:49+00:00","og_image":[{"width":1200,"height":800,"url":"https:\/\/denizcankizil.tr\/wp-content\/uploads\/2024\/11\/11498-evlatlik-iliskilerinde-ivazli-tasarruflarin-anayasa-anlami.jpg","type":"image\/jpeg"}],"author":"admin","twitter_card":"summary_large_image","twitter_misc":{"\u041d\u0430\u043f\u0438\u0441\u0430\u043d\u043e":"admin","\u041f\u0440\u0438\u0431\u043b. \u0447\u0430\u0441 \u0447\u0438\u0442\u0430\u043d\u043d\u044f":"8 \u0445\u0432\u0438\u043b\u0438\u043d"},"schema":{"@context":"https:\/\/schema.org","@graph":[{"@type":"Article","@id":"https:\/\/denizcankizil.tr\/de\/seo\/evlatlik-iliskilerinde-ivazli-tasarruflarin-anayasa-anlami\/#article","isPartOf":{"@id":"https:\/\/denizcankizil.tr\/de\/seo\/evlatlik-iliskilerinde-ivazli-tasarruflarin-anayasa-anlami\/"},"author":{"name":"admin","@id":"https:\/\/denizcankizil.tr\/#\/schema\/person\/be3c05fe6a12686905512445d8185489"},"headline":"Evlatl\u0131k \u0130li\u015fkilerinde \u0130vazl\u0131 Tasarruflar\u0131n Anayasa Anlam\u0131","datePublished":"2024-11-02T11:39:49+00:00","mainEntityOfPage":{"@id":"https:\/\/denizcankizil.tr\/de\/seo\/evlatlik-iliskilerinde-ivazli-tasarruflarin-anayasa-anlami\/"},"wordCount":1516,"commentCount":0,"publisher":{"@id":"https:\/\/denizcankizil.tr\/#organization"},"image":{"@id":"https:\/\/denizcankizil.tr\/de\/seo\/evlatlik-iliskilerinde-ivazli-tasarruflarin-anayasa-anlami\/#primaryimage"},"thumbnailUrl":"https:\/\/denizcankizil.tr\/wp-content\/uploads\/2024\/11\/11498-evlatlik-iliskilerinde-ivazli-tasarruflarin-anayasa-anlami.jpg","articleSection":["Seo"],"inLanguage":"uk","potentialAction":[{"@type":"CommentAction","name":"Comment","target":["https:\/\/denizcankizil.tr\/de\/seo\/evlatlik-iliskilerinde-ivazli-tasarruflarin-anayasa-anlami\/#respond"]}]},{"@type":"WebPage","@id":"https:\/\/denizcankizil.tr\/de\/seo\/evlatlik-iliskilerinde-ivazli-tasarruflarin-anayasa-anlami\/","url":"https:\/\/denizcankizil.tr\/de\/seo\/evlatlik-iliskilerinde-ivazli-tasarruflarin-anayasa-anlami\/","name":"Evlatl\u0131k \u0130li\u015fkilerinde \u0130vazl\u0131 Tasarruflar\u0131n Anayasa Anlam\u0131 - Av. Deniz Can K\u0131z\u0131l","isPartOf":{"@id":"https:\/\/denizcankizil.tr\/#website"},"primaryImageOfPage":{"@id":"https:\/\/denizcankizil.tr\/de\/seo\/evlatlik-iliskilerinde-ivazli-tasarruflarin-anayasa-anlami\/#primaryimage"},"image":{"@id":"https:\/\/denizcankizil.tr\/de\/seo\/evlatlik-iliskilerinde-ivazli-tasarruflarin-anayasa-anlami\/#primaryimage"},"thumbnailUrl":"https:\/\/denizcankizil.tr\/wp-content\/uploads\/2024\/11\/11498-evlatlik-iliskilerinde-ivazli-tasarruflarin-anayasa-anlami.jpg","datePublished":"2024-11-02T11:39:49+00:00","breadcrumb":{"@id":"https:\/\/denizcankizil.tr\/de\/seo\/evlatlik-iliskilerinde-ivazli-tasarruflarin-anayasa-anlami\/#breadcrumb"},"inLanguage":"uk","potentialAction":[{"@type":"ReadAction","target":["https:\/\/denizcankizil.tr\/de\/seo\/evlatlik-iliskilerinde-ivazli-tasarruflarin-anayasa-anlami\/"]}]},{"@type":"ImageObject","inLanguage":"uk","@id":"https:\/\/denizcankizil.tr\/de\/seo\/evlatlik-iliskilerinde-ivazli-tasarruflarin-anayasa-anlami\/#primaryimage","url":"https:\/\/denizcankizil.tr\/wp-content\/uploads\/2024\/11\/11498-evlatlik-iliskilerinde-ivazli-tasarruflarin-anayasa-anlami.jpg","contentUrl":"https:\/\/denizcankizil.tr\/wp-content\/uploads\/2024\/11\/11498-evlatlik-iliskilerinde-ivazli-tasarruflarin-anayasa-anlami.jpg","width":1200,"height":800,"caption":"Evlatl\u0131k \u0130li\u015fkilerinde \u0130vazl\u0131 Tasarruflar\u0131n Anayasa Anlam\u0131"},{"@type":"BreadcrumbList","@id":"https:\/\/denizcankizil.tr\/de\/seo\/evlatlik-iliskilerinde-ivazli-tasarruflarin-anayasa-anlami\/#breadcrumb","itemListElement":[{"@type":"ListItem","position":1,"name":"Home","item":"https:\/\/denizcankizil.tr\/uk\/"},{"@type":"ListItem","position":2,"name":"Evlatl\u0131k \u0130li\u015fkilerinde \u0130vazl\u0131 Tasarruflar\u0131n Anayasa Anlam\u0131"}]},{"@type":"WebSite","@id":"https:\/\/denizcankizil.tr\/#website","url":"https:\/\/denizcankizil.tr\/","name":"Av. Deniz Can K\u0131z\u0131l","description":"Avukat Deniz Can K\u0131z\u0131l Antalya Barosu","publisher":{"@id":"https:\/\/denizcankizil.tr\/#organization"},"potentialAction":[{"@type":"SearchAction","target":{"@type":"EntryPoint","urlTemplate":"https:\/\/denizcankizil.tr\/?s={search_term_string}"},"query-input":{"@type":"PropertyValueSpecification","valueRequired":true,"valueName":"search_term_string"}}],"inLanguage":"uk"},{"@type":"Organization","@id":"https:\/\/denizcankizil.tr\/#organization","name":"Av. Deniz Can K\u0131z\u0131l","url":"https:\/\/denizcankizil.tr\/","logo":{"@type":"ImageObject","inLanguage":"uk","@id":"https:\/\/denizcankizil.tr\/#\/schema\/logo\/image\/","url":"https:\/\/denizcankizil.tr\/wp-content\/uploads\/2024\/10\/siyah-logo-svg.svg","contentUrl":"https:\/\/denizcankizil.tr\/wp-content\/uploads\/2024\/10\/siyah-logo-svg.svg","width":1080,"height":1080,"caption":"Av. Deniz Can K\u0131z\u0131l"},"image":{"@id":"https:\/\/denizcankizil.tr\/#\/schema\/logo\/image\/"}},{"@type":"Person","@id":"https:\/\/denizcankizil.tr\/#\/schema\/person\/be3c05fe6a12686905512445d8185489","name":"\u0430\u0434\u043c\u0456\u043d","image":{"@type":"ImageObject","inLanguage":"uk","@id":"https:\/\/denizcankizil.tr\/#\/schema\/person\/image\/","url":"https:\/\/secure.gravatar.com\/avatar\/c1fce94c830dc79107e174f890d7210541c4a63e8e5d816341794a2151c9d58c?s=96&d=mm&r=g","contentUrl":"https:\/\/secure.gravatar.com\/avatar\/c1fce94c830dc79107e174f890d7210541c4a63e8e5d816341794a2151c9d58c?s=96&d=mm&r=g","caption":"admin"},"sameAs":["http:\/\/denizcankizil.tr"],"url":"https:\/\/denizcankizil.tr\/uk\/author\/admin\/"}]}},"_links":{"self":[{"href":"https:\/\/denizcankizil.tr\/uk\/wp-json\/wp\/v2\/posts\/11498","targetHints":{"allow":["GET"]}}],"collection":[{"href":"https:\/\/denizcankizil.tr\/uk\/wp-json\/wp\/v2\/posts"}],"about":[{"href":"https:\/\/denizcankizil.tr\/uk\/wp-json\/wp\/v2\/types\/post"}],"author":[{"embeddable":true,"href":"https:\/\/denizcankizil.tr\/uk\/wp-json\/wp\/v2\/users\/1"}],"replies":[{"embeddable":true,"href":"https:\/\/denizcankizil.tr\/uk\/wp-json\/wp\/v2\/comments?post=11498"}],"version-history":[{"count":0,"href":"https:\/\/denizcankizil.tr\/uk\/wp-json\/wp\/v2\/posts\/11498\/revisions"}],"wp:featuredmedia":[{"embeddable":true,"href":"https:\/\/denizcankizil.tr\/uk\/wp-json\/wp\/v2\/media\/11499"}],"wp:attachment":[{"href":"https:\/\/denizcankizil.tr\/uk\/wp-json\/wp\/v2\/media?parent=11498"}],"wp:term":[{"taxonomy":"category","embeddable":true,"href":"https:\/\/denizcankizil.tr\/uk\/wp-json\/wp\/v2\/categories?post=11498"},{"taxonomy":"post_tag","embeddable":true,"href":"https:\/\/denizcankizil.tr\/uk\/wp-json\/wp\/v2\/tags?post=11498"}],"curies":[{"name":"wp","href":"https:\/\/api.w.org\/{rel}","templated":true}]}}