{"id":114957,"date":"2025-06-13T12:41:13","date_gmt":"2025-06-13T09:41:13","guid":{"rendered":"https:\/\/denizcankizil.tr\/uncategorized-tr\/gazeteci-zeki-ozer-hayatini-kaybetti\/"},"modified":"2025-06-13T12:41:13","modified_gmt":"2025-06-13T09:41:13","slug":"gazeteci-zeki-ozer-hayatini-kaybetti","status":"publish","type":"post","link":"https:\/\/denizcankizil.tr\/uk\/haberler\/antalya\/gazeteci-zeki-ozer-hayatini-kaybetti\/","title":{"rendered":"Gazeteci Zeki \u00d6zer hayat\u0131n\u0131 kaybetti"},"content":{"rendered":"<p>Antalya&#8217;da bir s\u00fcredir hastal\u0131\u011f\u0131 nedeniyle \u00f6zel bir hastanenin yo\u011fun bak\u0131m servisinde tedavi g\u00f6ren gazeteci Zeki \u00d6zer, hastal\u0131\u011f\u0131n\u0131n ilerlemesi redeniyle hayat\u0131n\u0131 kaybetti. Zeki \u00d6zer&#8217;in bir s\u00fcredir hem \u0130stanbul hem Antalya&#8217;da tedavi g\u00f6rd\u00fc\u011f\u00fc \u00f6\u011frenildi. \u00d6zer&#8217;e mart ay\u0131nda siroz te\u015fhisi konulmu\u015f, hastal\u0131\u011f\u0131n\u0131 sosyal medya hesab\u0131ndan duyurmu\u015ftu. \u00d6zer&#8217;in yar\u0131n topra\u011fa verilece\u011fi belirtildi.<\/p>\n<p>Kaynak: www.kanalv.com.tr Haber Sitesinden Al\u0131nm\u0131\u015ft\u0131r.<\/p>","protected":false},"excerpt":{"rendered":"<p>Antalya&#8217;da bir s\u00fcredir hastal\u0131\u011f\u0131 nedeniyle \u00f6zel bir hastanenin yo\u011fun bak\u0131m servisinde tedavi g\u00f6ren gazeteci Zeki \u00d6zer, hastal\u0131\u011f\u0131n\u0131n ilerlemesi redeniyle hayat\u0131n\u0131 kaybetti. Zeki \u00d6zer&#8217;in bir s\u00fcredir hem \u0130stanbul hem Antalya&#8217;da tedavi g\u00f6rd\u00fc\u011f\u00fc \u00f6\u011frenildi. \u00d6zer&#8217;e mart ay\u0131nda siroz te\u015fhisi konulmu\u015f, hastal\u0131\u011f\u0131n\u0131 sosyal medya hesab\u0131ndan duyurmu\u015ftu. \u00d6zer&#8217;in yar\u0131n topra\u011fa verilece\u011fi belirtildi. Kaynak: www.kanalv.com.tr Haber Sitesinden Al\u0131nm\u0131\u015ft\u0131r.<\/p>","protected":false},"author":4,"featured_media":0,"comment_status":"","ping_status":"open","sticky":false,"template":"","format":"standard","meta":{"_acf_changed":false,"footnotes":""},"categories":[26],"tags":[],"class_list":["post-114957","post","type-post","status-publish","format-standard","hentry","category-antalya"],"acf":[],"yoast_head":"<!-- This site is optimized with the Yoast SEO Premium plugin v26.6 (Yoast SEO v27.1.1) - https:\/\/yoast.com\/product\/yoast-seo-premium-wordpress\/ -->\n<title>Gazeteci Zeki \u00d6zer hayat\u0131n\u0131 kaybetti - Av. Deniz Can K\u0131z\u0131l<\/title>\n<meta name=\"robots\" content=\"index, follow, max-snippet:-1, max-image-preview:large, max-video-preview:-1\" \/>\n<link rel=\"canonical\" href=\"https:\/\/denizcankizil.tr\/uk\/haberler\/antalya\/gazeteci-zeki-ozer-hayatini-kaybetti\/\" \/>\n<meta property=\"og:locale\" content=\"uk_UA\" \/>\n<meta property=\"og:type\" content=\"article\" \/>\n<meta property=\"og:title\" content=\"Gazeteci Zeki \u00d6zer hayat\u0131n\u0131 kaybetti\" \/>\n<meta property=\"og:description\" content=\"Antalya&#8217;da bir s\u00fcredir hastal\u0131\u011f\u0131 nedeniyle \u00f6zel bir hastanenin yo\u011fun bak\u0131m servisinde tedavi g\u00f6ren gazeteci Zeki \u00d6zer, hastal\u0131\u011f\u0131n\u0131n ilerlemesi redeniyle hayat\u0131n\u0131 kaybetti. Zeki \u00d6zer&#8217;in bir s\u00fcredir hem \u0130stanbul hem Antalya&#8217;da tedavi g\u00f6rd\u00fc\u011f\u00fc \u00f6\u011frenildi. \u00d6zer&#8217;e mart ay\u0131nda siroz te\u015fhisi konulmu\u015f, hastal\u0131\u011f\u0131n\u0131 sosyal medya hesab\u0131ndan duyurmu\u015ftu. \u00d6zer&#8217;in yar\u0131n topra\u011fa verilece\u011fi belirtildi. Kaynak: www.kanalv.com.tr Haber Sitesinden Al\u0131nm\u0131\u015ft\u0131r.\" \/>\n<meta property=\"og:url\" content=\"https:\/\/denizcankizil.tr\/uk\/haberler\/antalya\/gazeteci-zeki-ozer-hayatini-kaybetti\/\" \/>\n<meta property=\"og:site_name\" content=\"Av. Deniz Can K\u0131z\u0131l\" \/>\n<meta property=\"article:published_time\" content=\"2025-06-13T09:41:13+00:00\" \/>\n<meta name=\"author\" content=\"Av. Deniz Can K\u0131z\u0131l\" \/>\n<meta name=\"twitter:card\" content=\"summary_large_image\" \/>\n<meta name=\"twitter:label1\" content=\"\u041d\u0430\u043f\u0438\u0441\u0430\u043d\u043e\" \/>\n\t<meta name=\"twitter:data1\" content=\"Av. Deniz Can K\u0131z\u0131l\" \/>\n<script type=\"application\/ld+json\" class=\"yoast-schema-graph\">{\"@context\":\"https:\/\/schema.org\",\"@graph\":[{\"@type\":\"Article\",\"@id\":\"https:\/\/denizcankizil.tr\/de\/haberler\/antalya\/gazeteci-zeki-ozer-hayatini-kaybetti\/#article\",\"isPartOf\":{\"@id\":\"https:\/\/denizcankizil.tr\/de\/haberler\/antalya\/gazeteci-zeki-ozer-hayatini-kaybetti\/\"},\"author\":{\"name\":\"Av. Deniz Can K\u0131z\u0131l\",\"@id\":\"https:\/\/denizcankizil.tr\/#\/schema\/person\/5dc1b22991bd7ac833867c10afc9b0ff\"},\"headline\":\"Gazeteci Zeki \u00d6zer hayat\u0131n\u0131 kaybetti\",\"datePublished\":\"2025-06-13T09:41:13+00:00\",\"mainEntityOfPage\":{\"@id\":\"https:\/\/denizcankizil.tr\/de\/haberler\/antalya\/gazeteci-zeki-ozer-hayatini-kaybetti\/\"},\"wordCount\":87,\"publisher\":{\"@id\":\"https:\/\/denizcankizil.tr\/#organization\"},\"articleSection\":[\"Antalya\"],\"inLanguage\":\"uk\"},{\"@type\":\"WebPage\",\"@id\":\"https:\/\/denizcankizil.tr\/de\/haberler\/antalya\/gazeteci-zeki-ozer-hayatini-kaybetti\/\",\"url\":\"https:\/\/denizcankizil.tr\/de\/haberler\/antalya\/gazeteci-zeki-ozer-hayatini-kaybetti\/\",\"name\":\"Gazeteci Zeki \u00d6zer hayat\u0131n\u0131 kaybetti - Av. Deniz Can K\u0131z\u0131l\",\"isPartOf\":{\"@id\":\"https:\/\/denizcankizil.tr\/#website\"},\"datePublished\":\"2025-06-13T09:41:13+00:00\",\"breadcrumb\":{\"@id\":\"https:\/\/denizcankizil.tr\/de\/haberler\/antalya\/gazeteci-zeki-ozer-hayatini-kaybetti\/#breadcrumb\"},\"inLanguage\":\"uk\",\"potentialAction\":[{\"@type\":\"ReadAction\",\"target\":[\"https:\/\/denizcankizil.tr\/de\/haberler\/antalya\/gazeteci-zeki-ozer-hayatini-kaybetti\/\"]}]},{\"@type\":\"BreadcrumbList\",\"@id\":\"https:\/\/denizcankizil.tr\/de\/haberler\/antalya\/gazeteci-zeki-ozer-hayatini-kaybetti\/#breadcrumb\",\"itemListElement\":[{\"@type\":\"ListItem\",\"position\":1,\"name\":\"Home\",\"item\":\"https:\/\/denizcankizil.tr\/de\/\"},{\"@type\":\"ListItem\",\"position\":2,\"name\":\"Gazeteci Zeki \u00d6zer hayat\u0131n\u0131 kaybetti\"}]},{\"@type\":\"WebSite\",\"@id\":\"https:\/\/denizcankizil.tr\/#website\",\"url\":\"https:\/\/denizcankizil.tr\/\",\"name\":\"Av. Deniz Can K\u0131z\u0131l\",\"description\":\"Avukat Deniz Can K\u0131z\u0131l Antalya Barosu\",\"publisher\":{\"@id\":\"https:\/\/denizcankizil.tr\/#organization\"},\"potentialAction\":[{\"@type\":\"SearchAction\",\"target\":{\"@type\":\"EntryPoint\",\"urlTemplate\":\"https:\/\/denizcankizil.tr\/?s={search_term_string}\"},\"query-input\":{\"@type\":\"PropertyValueSpecification\",\"valueRequired\":true,\"valueName\":\"search_term_string\"}}],\"inLanguage\":\"uk\"},{\"@type\":\"Organization\",\"@id\":\"https:\/\/denizcankizil.tr\/#organization\",\"name\":\"Av. Deniz Can K\u0131z\u0131l\",\"url\":\"https:\/\/denizcankizil.tr\/\",\"logo\":{\"@type\":\"ImageObject\",\"inLanguage\":\"uk\",\"@id\":\"https:\/\/denizcankizil.tr\/#\/schema\/logo\/image\/\",\"url\":\"https:\/\/denizcankizil.tr\/wp-content\/uploads\/2024\/10\/siyah-logo-svg.svg\",\"contentUrl\":\"https:\/\/denizcankizil.tr\/wp-content\/uploads\/2024\/10\/siyah-logo-svg.svg\",\"width\":1080,\"height\":1080,\"caption\":\"Av. Deniz Can K\u0131z\u0131l\"},\"image\":{\"@id\":\"https:\/\/denizcankizil.tr\/#\/schema\/logo\/image\/\"}},{\"@type\":\"Person\",\"@id\":\"https:\/\/denizcankizil.tr\/#\/schema\/person\/5dc1b22991bd7ac833867c10afc9b0ff\",\"name\":\"Av. Deniz Can K\u0131z\u0131l\",\"image\":{\"@type\":\"ImageObject\",\"inLanguage\":\"uk\",\"@id\":\"https:\/\/denizcankizil.tr\/#\/schema\/person\/image\/\",\"url\":\"https:\/\/secure.gravatar.com\/avatar\/a0b128fb9855c79efc976d5640eedb31dc35ec297594d6016d2cf7c60e975bb6?s=96&d=mm&r=g\",\"contentUrl\":\"https:\/\/secure.gravatar.com\/avatar\/a0b128fb9855c79efc976d5640eedb31dc35ec297594d6016d2cf7c60e975bb6?s=96&d=mm&r=g\",\"caption\":\"Av. Deniz Can K\u0131z\u0131l\"},\"sameAs\":[\"http:\/\/www.denizcankizil.tr\"],\"url\":\"https:\/\/denizcankizil.tr\/uk\/author\/denizcankizil\/\"}]}<\/script>\n<!-- \/ Yoast SEO Premium plugin. -->","yoast_head_json":{"title":"Gazeteci Zeki \u00d6zer hayat\u0131n\u0131 kaybetti - Av. Deniz Can K\u0131z\u0131l","robots":{"index":"index","follow":"follow","max-snippet":"max-snippet:-1","max-image-preview":"max-image-preview:large","max-video-preview":"max-video-preview:-1"},"canonical":"https:\/\/denizcankizil.tr\/uk\/haberler\/antalya\/gazeteci-zeki-ozer-hayatini-kaybetti\/","og_locale":"uk_UA","og_type":"article","og_title":"Gazeteci Zeki \u00d6zer hayat\u0131n\u0131 kaybetti","og_description":"Antalya&#8217;da bir s\u00fcredir hastal\u0131\u011f\u0131 nedeniyle \u00f6zel bir hastanenin yo\u011fun bak\u0131m servisinde tedavi g\u00f6ren gazeteci Zeki \u00d6zer, hastal\u0131\u011f\u0131n\u0131n ilerlemesi redeniyle hayat\u0131n\u0131 kaybetti. Zeki \u00d6zer&#8217;in bir s\u00fcredir hem \u0130stanbul hem Antalya&#8217;da tedavi g\u00f6rd\u00fc\u011f\u00fc \u00f6\u011frenildi. \u00d6zer&#8217;e mart ay\u0131nda siroz te\u015fhisi konulmu\u015f, hastal\u0131\u011f\u0131n\u0131 sosyal medya hesab\u0131ndan duyurmu\u015ftu. \u00d6zer&#8217;in yar\u0131n topra\u011fa verilece\u011fi belirtildi. Kaynak: www.kanalv.com.tr Haber Sitesinden Al\u0131nm\u0131\u015ft\u0131r.","og_url":"https:\/\/denizcankizil.tr\/uk\/haberler\/antalya\/gazeteci-zeki-ozer-hayatini-kaybetti\/","og_site_name":"Av. Deniz Can K\u0131z\u0131l","article_published_time":"2025-06-13T09:41:13+00:00","author":"Av. Deniz Can K\u0131z\u0131l","twitter_card":"summary_large_image","twitter_misc":{"\u041d\u0430\u043f\u0438\u0441\u0430\u043d\u043e":"Av. Deniz Can K\u0131z\u0131l"},"schema":{"@context":"https:\/\/schema.org","@graph":[{"@type":"Article","@id":"https:\/\/denizcankizil.tr\/de\/haberler\/antalya\/gazeteci-zeki-ozer-hayatini-kaybetti\/#article","isPartOf":{"@id":"https:\/\/denizcankizil.tr\/de\/haberler\/antalya\/gazeteci-zeki-ozer-hayatini-kaybetti\/"},"author":{"name":"Av. Deniz Can K\u0131z\u0131l","@id":"https:\/\/denizcankizil.tr\/#\/schema\/person\/5dc1b22991bd7ac833867c10afc9b0ff"},"headline":"Gazeteci Zeki \u00d6zer hayat\u0131n\u0131 kaybetti","datePublished":"2025-06-13T09:41:13+00:00","mainEntityOfPage":{"@id":"https:\/\/denizcankizil.tr\/de\/haberler\/antalya\/gazeteci-zeki-ozer-hayatini-kaybetti\/"},"wordCount":87,"publisher":{"@id":"https:\/\/denizcankizil.tr\/#organization"},"articleSection":["Antalya"],"inLanguage":"uk"},{"@type":"WebPage","@id":"https:\/\/denizcankizil.tr\/de\/haberler\/antalya\/gazeteci-zeki-ozer-hayatini-kaybetti\/","url":"https:\/\/denizcankizil.tr\/de\/haberler\/antalya\/gazeteci-zeki-ozer-hayatini-kaybetti\/","name":"Gazeteci Zeki \u00d6zer hayat\u0131n\u0131 kaybetti - Av. Deniz Can K\u0131z\u0131l","isPartOf":{"@id":"https:\/\/denizcankizil.tr\/#website"},"datePublished":"2025-06-13T09:41:13+00:00","breadcrumb":{"@id":"https:\/\/denizcankizil.tr\/de\/haberler\/antalya\/gazeteci-zeki-ozer-hayatini-kaybetti\/#breadcrumb"},"inLanguage":"uk","potentialAction":[{"@type":"ReadAction","target":["https:\/\/denizcankizil.tr\/de\/haberler\/antalya\/gazeteci-zeki-ozer-hayatini-kaybetti\/"]}]},{"@type":"BreadcrumbList","@id":"https:\/\/denizcankizil.tr\/de\/haberler\/antalya\/gazeteci-zeki-ozer-hayatini-kaybetti\/#breadcrumb","itemListElement":[{"@type":"ListItem","position":1,"name":"Home","item":"https:\/\/denizcankizil.tr\/de\/"},{"@type":"ListItem","position":2,"name":"Gazeteci Zeki \u00d6zer hayat\u0131n\u0131 kaybetti"}]},{"@type":"WebSite","@id":"https:\/\/denizcankizil.tr\/#website","url":"https:\/\/denizcankizil.tr\/","name":"Av. Deniz Can K\u0131z\u0131l","description":"Avukat Deniz Can K\u0131z\u0131l Antalya Barosu","publisher":{"@id":"https:\/\/denizcankizil.tr\/#organization"},"potentialAction":[{"@type":"SearchAction","target":{"@type":"EntryPoint","urlTemplate":"https:\/\/denizcankizil.tr\/?s={search_term_string}"},"query-input":{"@type":"PropertyValueSpecification","valueRequired":true,"valueName":"search_term_string"}}],"inLanguage":"uk"},{"@type":"Organization","@id":"https:\/\/denizcankizil.tr\/#organization","name":"Av. Deniz Can K\u0131z\u0131l","url":"https:\/\/denizcankizil.tr\/","logo":{"@type":"ImageObject","inLanguage":"uk","@id":"https:\/\/denizcankizil.tr\/#\/schema\/logo\/image\/","url":"https:\/\/denizcankizil.tr\/wp-content\/uploads\/2024\/10\/siyah-logo-svg.svg","contentUrl":"https:\/\/denizcankizil.tr\/wp-content\/uploads\/2024\/10\/siyah-logo-svg.svg","width":1080,"height":1080,"caption":"Av. Deniz Can K\u0131z\u0131l"},"image":{"@id":"https:\/\/denizcankizil.tr\/#\/schema\/logo\/image\/"}},{"@type":"Person","@id":"https:\/\/denizcankizil.tr\/#\/schema\/person\/5dc1b22991bd7ac833867c10afc9b0ff","name":"Av. Deniz Can K\u0131z\u0131l","image":{"@type":"ImageObject","inLanguage":"uk","@id":"https:\/\/denizcankizil.tr\/#\/schema\/person\/image\/","url":"https:\/\/secure.gravatar.com\/avatar\/a0b128fb9855c79efc976d5640eedb31dc35ec297594d6016d2cf7c60e975bb6?s=96&d=mm&r=g","contentUrl":"https:\/\/secure.gravatar.com\/avatar\/a0b128fb9855c79efc976d5640eedb31dc35ec297594d6016d2cf7c60e975bb6?s=96&d=mm&r=g","caption":"Av. Deniz Can K\u0131z\u0131l"},"sameAs":["http:\/\/www.denizcankizil.tr"],"url":"https:\/\/denizcankizil.tr\/uk\/author\/denizcankizil\/"}]}},"_links":{"self":[{"href":"https:\/\/denizcankizil.tr\/uk\/wp-json\/wp\/v2\/posts\/114957","targetHints":{"allow":["GET"]}}],"collection":[{"href":"https:\/\/denizcankizil.tr\/uk\/wp-json\/wp\/v2\/posts"}],"about":[{"href":"https:\/\/denizcankizil.tr\/uk\/wp-json\/wp\/v2\/types\/post"}],"author":[{"embeddable":true,"href":"https:\/\/denizcankizil.tr\/uk\/wp-json\/wp\/v2\/users\/4"}],"replies":[{"embeddable":true,"href":"https:\/\/denizcankizil.tr\/uk\/wp-json\/wp\/v2\/comments?post=114957"}],"version-history":[{"count":0,"href":"https:\/\/denizcankizil.tr\/uk\/wp-json\/wp\/v2\/posts\/114957\/revisions"}],"wp:attachment":[{"href":"https:\/\/denizcankizil.tr\/uk\/wp-json\/wp\/v2\/media?parent=114957"}],"wp:term":[{"taxonomy":"category","embeddable":true,"href":"https:\/\/denizcankizil.tr\/uk\/wp-json\/wp\/v2\/categories?post=114957"},{"taxonomy":"post_tag","embeddable":true,"href":"https:\/\/denizcankizil.tr\/uk\/wp-json\/wp\/v2\/tags?post=114957"}],"curies":[{"name":"wp","href":"https:\/\/api.w.org\/{rel}","templated":true}]}}