{"id":114484,"date":"2025-06-12T18:42:59","date_gmt":"2025-06-12T15:42:59","guid":{"rendered":"https:\/\/denizcankizil.tr\/uncategorized-tr\/izmitte-kotu-muameleli-pazarciya-tezgah-men-cezasi\/"},"modified":"2025-06-12T18:42:59","modified_gmt":"2025-06-12T15:42:59","slug":"izmitte-kotu-muameleli-pazarciya-tezgah-men-cezasi","status":"publish","type":"post","link":"https:\/\/denizcankizil.tr\/uk\/haberler\/gundem\/izmitte-kotu-muameleli-pazarciya-tezgah-men-cezasi\/","title":{"rendered":"\u0130zmit&#8217;te k\u00f6t\u00fc muameleli pazarc\u0131ya &#8216;tezg\u00e2h men&#8217; cezas\u0131!"},"content":{"rendered":"<p>\u0130zmit Do\u011fu K\u0131\u015fla Per\u015fembe Pazar\u0131\u2019nda vatanda\u015fa k\u00f6t\u00fc muamelede bulunan bir pazarc\u0131 esnaf\u0131, \u0130zmit zab\u0131ta ekiplerinin denetimi sonucu 1 hafta tezg\u00e2h a\u00e7maktan men edildiKOCAEL\u0130 (\u0130GFA) &#8211; \u0130zmit Belediyesi Zab\u0131ta M\u00fcd\u00fcrl\u00fc\u011f\u00fc ekipleri, pazar alanlar\u0131nda s\u00fcrd\u00fcrd\u00fc\u011f\u00fc denetimlerle halk\u0131n huzur ve g\u00fcvenli\u011fini sa\u011flamaya devam ediyor.<br \/>\nBu kapsamda Do\u011fu K\u0131\u015fla Per\u015fembe Pazar\u0131\u2019nda 29 May\u0131s tarihinde yap\u0131lan kontrollerde, bir pazarc\u0131 esnaf\u0131n\u0131n vatanda\u015fa s\u00f6zl\u00fc ve fiil\u00ee m\u00fcdahalede bulundu\u011fu tespit edildi.<br \/>\nYap\u0131lan tespitler do\u011frultusunda, s\u00f6z konusu esnaf\u0131n pazar tezg\u00e2h yeri, Pazar Yerleri Y\u00f6netmeli\u011fi h\u00fck\u00fcmlerine g\u00f6re \u0130zmit Belediyesi Enc\u00fcmeni taraf\u0131ndan 5 Haziran tarihinde al\u0131nan kararla 1 hafta s\u00fcreyle faaliyetten men edildi.<\/p>\n<p>Esnaf\u0131n tezg\u00e2h a\u00e7mas\u0131na izin verilmedi.<br \/>\nMen edilen alan\u0131n \u00fczerine, vatanda\u015flar\u0131n bilgilendirilmesi amac\u0131yla, \u201cPazar yerinde t\u00fcketiciye kar\u015f\u0131 s\u00f6zl\u00fc ve fiil\u00ee k\u00f6t\u00fc muamelede bulunulmas\u0131 nedeniyle bu alan bir hafta s\u00fcreyle faaliyetten men edilmi\u015ftir\u201d yaz\u0131s\u0131 as\u0131ld\u0131.<\/p>\n<p>\u200b\u0130zmit Do\u011fu K\u0131\u015fla Per\u015fembe Pazar\u0131\u2019nda vatanda\u015fa k\u00f6t\u00fc muamelede bulunan bir pazarc\u0131 esnaf\u0131, \u0130zmit zab\u0131ta ekiplerinin denetimi sonucu 1 hafta tezg\u00e2h a\u00e7maktan men edildiKOCAEL\u0130 (\u0130GFA) &#8211; \u0130zmit Belediyesi Zab\u0131ta M\u00fcd\u00fcrl\u00fc\u011f\u00fc ekipleri, pazar alanlar\u0131nda s\u00fcrd\u00fcrd\u00fc\u011f\u00fc denetimlerle halk\u0131n huzur ve g\u00fcvenli\u011fini sa\u011flamaya devam ediyor.<br \/>\nBu kapsamda Do\u011fu K\u0131\u015fla Per\u015fembe Pazar\u0131\u2019nda 29 May\u0131s tarihinde yap\u0131lan kontrollerde, bir pazarc\u0131 esnaf\u0131n\u0131n vatanda\u015fa s\u00f6zl\u00fc ve fiil\u00ee m\u00fcdahalede bulundu\u011fu tespit edildi.<br \/>\nYap\u0131lan tespitler do\u011frultusunda, s\u00f6z konusu esnaf\u0131n pazar tezg\u00e2h yeri, Pazar Yerleri Y\u00f6netmeli\u011fi h\u00fck\u00fcmlerine g\u00f6re \u0130zmit Belediyesi Enc\u00fcmeni taraf\u0131ndan 5 Haziran tarihinde al\u0131nan kararla 1 hafta s\u00fcreyle faaliyetten men edildi.<\/p>\n<p>Esnaf\u0131n tezg\u00e2h a\u00e7mas\u0131na izin verilmedi.<br \/>\nMen edilen alan\u0131n \u00fczerine, vatanda\u015flar\u0131n bilgilendirilmesi amac\u0131yla, \u201cPazar yerinde t\u00fcketiciye kar\u015f\u0131 s\u00f6zl\u00fc ve fiil\u00ee k\u00f6t\u00fc muamelede bulunulmas\u0131 nedeniyle bu alan bir hafta s\u00fcreyle faaliyetten men edilmi\u015ftir\u201d yaz\u0131s\u0131 as\u0131ld\u0131.\u00a0<\/p>\n<p>\u200bHaberin Al\u0131nt\u0131land\u0131\u011f\u0131 Kaynak: www.iskenderun.org<\/p>","protected":false},"excerpt":{"rendered":"<p>\u0130zmit Do\u011fu K\u0131\u015fla Per\u015fembe Pazar\u0131\u2019nda vatanda\u015fa k\u00f6t\u00fc muamelede bulunan bir pazarc\u0131 esnaf\u0131, \u0130zmit zab\u0131ta ekiplerinin denetimi sonucu 1 hafta tezg\u00e2h a\u00e7maktan men edildiKOCAEL\u0130 (\u0130GFA) &#8211; \u0130zmit Belediyesi Zab\u0131ta M\u00fcd\u00fcrl\u00fc\u011f\u00fc ekipleri, pazar alanlar\u0131nda s\u00fcrd\u00fcrd\u00fc\u011f\u00fc denetimlerle halk\u0131n huzur ve g\u00fcvenli\u011fini sa\u011flamaya devam ediyor. Bu kapsamda Do\u011fu K\u0131\u015fla Per\u015fembe Pazar\u0131\u2019nda 29 May\u0131s tarihinde yap\u0131lan kontrollerde, bir pazarc\u0131 esnaf\u0131n\u0131n vatanda\u015fa s\u00f6zl\u00fc ve fiil\u00ee m\u00fcdahalede bulundu\u011fu tespit edildi. Yap\u0131lan tespitler do\u011frultusunda, s\u00f6z konusu esnaf\u0131n pazar tezg\u00e2h yeri, Pazar Yerleri Y\u00f6netmeli\u011fi h\u00fck\u00fcmlerine g\u00f6re \u0130zmit Belediyesi Enc\u00fcmeni taraf\u0131ndan 5 Haziran tarihinde al\u0131nan kararla 1 hafta s\u00fcreyle faaliyetten men edildi. Esnaf\u0131n tezg\u00e2h a\u00e7mas\u0131na izin verilmedi. Men edilen alan\u0131n \u00fczerine, vatanda\u015flar\u0131n bilgilendirilmesi amac\u0131yla, \u201cPazar yerinde t\u00fcketiciye kar\u015f\u0131 s\u00f6zl\u00fc ve fiil\u00ee k\u00f6t\u00fc muamelede bulunulmas\u0131 nedeniyle bu alan bir hafta s\u00fcreyle faaliyetten men edilmi\u015ftir\u201d yaz\u0131s\u0131 as\u0131ld\u0131. \u200b\u0130zmit Do\u011fu K\u0131\u015fla Per\u015fembe Pazar\u0131\u2019nda vatanda\u015fa k\u00f6t\u00fc muamelede bulunan bir pazarc\u0131 esnaf\u0131, \u0130zmit zab\u0131ta ekiplerinin denetimi sonucu 1 hafta tezg\u00e2h a\u00e7maktan men edildiKOCAEL\u0130 (\u0130GFA) &#8211; \u0130zmit Belediyesi Zab\u0131ta M\u00fcd\u00fcrl\u00fc\u011f\u00fc ekipleri, pazar alanlar\u0131nda s\u00fcrd\u00fcrd\u00fc\u011f\u00fc denetimlerle halk\u0131n huzur ve g\u00fcvenli\u011fini sa\u011flamaya devam ediyor. Bu kapsamda Do\u011fu K\u0131\u015fla Per\u015fembe Pazar\u0131\u2019nda 29 May\u0131s tarihinde yap\u0131lan kontrollerde, bir pazarc\u0131 esnaf\u0131n\u0131n vatanda\u015fa s\u00f6zl\u00fc ve fiil\u00ee m\u00fcdahalede bulundu\u011fu tespit edildi. Yap\u0131lan tespitler do\u011frultusunda, s\u00f6z konusu esnaf\u0131n pazar tezg\u00e2h yeri, Pazar Yerleri Y\u00f6netmeli\u011fi &hellip;<\/p>","protected":false},"author":1,"featured_media":0,"comment_status":"","ping_status":"open","sticky":false,"template":"","format":"standard","meta":{"_acf_changed":false,"footnotes":""},"categories":[24],"tags":[],"class_list":["post-114484","post","type-post","status-publish","format-standard","has-post-thumbnail","hentry","category-gundem"],"acf":[],"yoast_head":"<!-- This site is optimized with the Yoast SEO Premium plugin v26.6 (Yoast SEO v27.1.1) - https:\/\/yoast.com\/product\/yoast-seo-premium-wordpress\/ -->\n<title>\u0130zmit&#039;te k\u00f6t\u00fc muameleli pazarc\u0131ya &#039;tezg\u00e2h men&#039; cezas\u0131! - Av. Deniz Can K\u0131z\u0131l<\/title>\n<meta name=\"robots\" content=\"index, follow, max-snippet:-1, max-image-preview:large, max-video-preview:-1\" \/>\n<link rel=\"canonical\" href=\"https:\/\/denizcankizil.tr\/uk\/haberler\/gundem\/izmitte-kotu-muameleli-pazarciya-tezgah-men-cezasi\/\" \/>\n<meta property=\"og:locale\" content=\"uk_UA\" \/>\n<meta property=\"og:type\" content=\"article\" \/>\n<meta property=\"og:title\" content=\"\u0130zmit&#039;te k\u00f6t\u00fc muameleli pazarc\u0131ya &#039;tezg\u00e2h men&#039; cezas\u0131!\" \/>\n<meta property=\"og:description\" content=\"\u0130zmit Do\u011fu K\u0131\u015fla Per\u015fembe Pazar\u0131\u2019nda vatanda\u015fa k\u00f6t\u00fc muamelede bulunan bir pazarc\u0131 esnaf\u0131, \u0130zmit zab\u0131ta ekiplerinin denetimi sonucu 1 hafta tezg\u00e2h a\u00e7maktan men edildiKOCAEL\u0130 (\u0130GFA) &#8211; \u0130zmit Belediyesi Zab\u0131ta M\u00fcd\u00fcrl\u00fc\u011f\u00fc ekipleri, pazar alanlar\u0131nda s\u00fcrd\u00fcrd\u00fc\u011f\u00fc denetimlerle halk\u0131n huzur ve g\u00fcvenli\u011fini sa\u011flamaya devam ediyor. Bu kapsamda Do\u011fu K\u0131\u015fla Per\u015fembe Pazar\u0131\u2019nda 29 May\u0131s tarihinde yap\u0131lan kontrollerde, bir pazarc\u0131 esnaf\u0131n\u0131n vatanda\u015fa s\u00f6zl\u00fc ve fiil\u00ee m\u00fcdahalede bulundu\u011fu tespit edildi. Yap\u0131lan tespitler do\u011frultusunda, s\u00f6z konusu esnaf\u0131n pazar tezg\u00e2h yeri, Pazar Yerleri Y\u00f6netmeli\u011fi h\u00fck\u00fcmlerine g\u00f6re \u0130zmit Belediyesi Enc\u00fcmeni taraf\u0131ndan 5 Haziran tarihinde al\u0131nan kararla 1 hafta s\u00fcreyle faaliyetten men edildi. Esnaf\u0131n tezg\u00e2h a\u00e7mas\u0131na izin verilmedi. Men edilen alan\u0131n \u00fczerine, vatanda\u015flar\u0131n bilgilendirilmesi amac\u0131yla, \u201cPazar yerinde t\u00fcketiciye kar\u015f\u0131 s\u00f6zl\u00fc ve fiil\u00ee k\u00f6t\u00fc muamelede bulunulmas\u0131 nedeniyle bu alan bir hafta s\u00fcreyle faaliyetten men edilmi\u015ftir\u201d yaz\u0131s\u0131 as\u0131ld\u0131. \u200b\u0130zmit Do\u011fu K\u0131\u015fla Per\u015fembe Pazar\u0131\u2019nda vatanda\u015fa k\u00f6t\u00fc muamelede bulunan bir pazarc\u0131 esnaf\u0131, \u0130zmit zab\u0131ta ekiplerinin denetimi sonucu 1 hafta tezg\u00e2h a\u00e7maktan men edildiKOCAEL\u0130 (\u0130GFA) &#8211; \u0130zmit Belediyesi Zab\u0131ta M\u00fcd\u00fcrl\u00fc\u011f\u00fc ekipleri, pazar alanlar\u0131nda s\u00fcrd\u00fcrd\u00fc\u011f\u00fc denetimlerle halk\u0131n huzur ve g\u00fcvenli\u011fini sa\u011flamaya devam ediyor. Bu kapsamda Do\u011fu K\u0131\u015fla Per\u015fembe Pazar\u0131\u2019nda 29 May\u0131s tarihinde yap\u0131lan kontrollerde, bir pazarc\u0131 esnaf\u0131n\u0131n vatanda\u015fa s\u00f6zl\u00fc ve fiil\u00ee m\u00fcdahalede bulundu\u011fu tespit edildi. Yap\u0131lan tespitler do\u011frultusunda, s\u00f6z konusu esnaf\u0131n pazar tezg\u00e2h yeri, Pazar Yerleri Y\u00f6netmeli\u011fi &hellip;\" \/>\n<meta property=\"og:url\" content=\"https:\/\/denizcankizil.tr\/uk\/haberler\/gundem\/izmitte-kotu-muameleli-pazarciya-tezgah-men-cezasi\/\" \/>\n<meta property=\"og:site_name\" content=\"Av. Deniz Can K\u0131z\u0131l\" \/>\n<meta property=\"article:published_time\" content=\"2025-06-12T15:42:59+00:00\" \/>\n<meta name=\"author\" content=\"admin\" \/>\n<meta name=\"twitter:card\" content=\"summary_large_image\" \/>\n<meta name=\"twitter:label1\" content=\"\u041d\u0430\u043f\u0438\u0441\u0430\u043d\u043e\" \/>\n\t<meta name=\"twitter:data1\" content=\"admin\" \/>\n\t<meta name=\"twitter:label2\" content=\"\u041f\u0440\u0438\u0431\u043b. \u0447\u0430\u0441 \u0447\u0438\u0442\u0430\u043d\u043d\u044f\" \/>\n\t<meta name=\"twitter:data2\" content=\"2 \u0445\u0432\u0438\u043b\u0438\u043d\u0438\" \/>\n<script type=\"application\/ld+json\" class=\"yoast-schema-graph\">{\"@context\":\"https:\/\/schema.org\",\"@graph\":[{\"@type\":\"Article\",\"@id\":\"https:\/\/denizcankizil.tr\/en\/haberler\/gundem\/izmitte-kotu-muameleli-pazarciya-tezgah-men-cezasi\/#article\",\"isPartOf\":{\"@id\":\"https:\/\/denizcankizil.tr\/en\/haberler\/gundem\/izmitte-kotu-muameleli-pazarciya-tezgah-men-cezasi\/\"},\"author\":{\"name\":\"admin\",\"@id\":\"https:\/\/denizcankizil.tr\/de\/#\/schema\/person\/be3c05fe6a12686905512445d8185489\"},\"headline\":\"\u0130zmit&#8217;te k\u00f6t\u00fc muameleli pazarc\u0131ya &#8216;tezg\u00e2h men&#8217; cezas\u0131!\",\"datePublished\":\"2025-06-12T15:42:59+00:00\",\"mainEntityOfPage\":{\"@id\":\"https:\/\/denizcankizil.tr\/en\/haberler\/gundem\/izmitte-kotu-muameleli-pazarciya-tezgah-men-cezasi\/\"},\"wordCount\":381,\"publisher\":{\"@id\":\"https:\/\/denizcankizil.tr\/de\/#organization\"},\"articleSection\":[\"G\u00fcndem\"],\"inLanguage\":\"uk\"},{\"@type\":\"WebPage\",\"@id\":\"https:\/\/denizcankizil.tr\/en\/haberler\/gundem\/izmitte-kotu-muameleli-pazarciya-tezgah-men-cezasi\/\",\"url\":\"https:\/\/denizcankizil.tr\/en\/haberler\/gundem\/izmitte-kotu-muameleli-pazarciya-tezgah-men-cezasi\/\",\"name\":\"\u0130zmit'te k\u00f6t\u00fc muameleli pazarc\u0131ya 'tezg\u00e2h men' cezas\u0131! - Av. Deniz Can K\u0131z\u0131l\",\"isPartOf\":{\"@id\":\"https:\/\/denizcankizil.tr\/de\/#website\"},\"datePublished\":\"2025-06-12T15:42:59+00:00\",\"breadcrumb\":{\"@id\":\"https:\/\/denizcankizil.tr\/en\/haberler\/gundem\/izmitte-kotu-muameleli-pazarciya-tezgah-men-cezasi\/#breadcrumb\"},\"inLanguage\":\"uk\",\"potentialAction\":[{\"@type\":\"ReadAction\",\"target\":[\"https:\/\/denizcankizil.tr\/en\/haberler\/gundem\/izmitte-kotu-muameleli-pazarciya-tezgah-men-cezasi\/\"]}]},{\"@type\":\"BreadcrumbList\",\"@id\":\"https:\/\/denizcankizil.tr\/en\/haberler\/gundem\/izmitte-kotu-muameleli-pazarciya-tezgah-men-cezasi\/#breadcrumb\",\"itemListElement\":[{\"@type\":\"ListItem\",\"position\":1,\"name\":\"Home\",\"item\":\"https:\/\/denizcankizil.tr\/de\/\"},{\"@type\":\"ListItem\",\"position\":2,\"name\":\"\u0130zmit&#8217;te k\u00f6t\u00fc muameleli pazarc\u0131ya &#8216;tezg\u00e2h men&#8217; cezas\u0131!\"}]},{\"@type\":\"WebSite\",\"@id\":\"https:\/\/denizcankizil.tr\/de\/#website\",\"url\":\"https:\/\/denizcankizil.tr\/de\/\",\"name\":\"Av. Deniz Can K\u0131z\u0131l\",\"description\":\"Avukat Deniz Can K\u0131z\u0131l Antalya Barosu\",\"publisher\":{\"@id\":\"https:\/\/denizcankizil.tr\/de\/#organization\"},\"potentialAction\":[{\"@type\":\"SearchAction\",\"target\":{\"@type\":\"EntryPoint\",\"urlTemplate\":\"https:\/\/denizcankizil.tr\/de\/?s={search_term_string}\"},\"query-input\":{\"@type\":\"PropertyValueSpecification\",\"valueRequired\":true,\"valueName\":\"search_term_string\"}}],\"inLanguage\":\"uk\"},{\"@type\":\"Organization\",\"@id\":\"https:\/\/denizcankizil.tr\/de\/#organization\",\"name\":\"Av. Deniz Can K\u0131z\u0131l\",\"url\":\"https:\/\/denizcankizil.tr\/de\/\",\"logo\":{\"@type\":\"ImageObject\",\"inLanguage\":\"uk\",\"@id\":\"https:\/\/denizcankizil.tr\/de\/#\/schema\/logo\/image\/\",\"url\":\"https:\/\/denizcankizil.tr\/wp-content\/uploads\/2024\/10\/siyah-logo-svg.svg\",\"contentUrl\":\"https:\/\/denizcankizil.tr\/wp-content\/uploads\/2024\/10\/siyah-logo-svg.svg\",\"width\":1080,\"height\":1080,\"caption\":\"Av. Deniz Can K\u0131z\u0131l\"},\"image\":{\"@id\":\"https:\/\/denizcankizil.tr\/de\/#\/schema\/logo\/image\/\"}},{\"@type\":\"Person\",\"@id\":\"https:\/\/denizcankizil.tr\/de\/#\/schema\/person\/be3c05fe6a12686905512445d8185489\",\"name\":\"admin\",\"image\":{\"@type\":\"ImageObject\",\"inLanguage\":\"uk\",\"@id\":\"https:\/\/denizcankizil.tr\/de\/#\/schema\/person\/image\/\",\"url\":\"https:\/\/secure.gravatar.com\/avatar\/c1fce94c830dc79107e174f890d7210541c4a63e8e5d816341794a2151c9d58c?s=96&d=mm&r=g\",\"contentUrl\":\"https:\/\/secure.gravatar.com\/avatar\/c1fce94c830dc79107e174f890d7210541c4a63e8e5d816341794a2151c9d58c?s=96&d=mm&r=g\",\"caption\":\"admin\"},\"sameAs\":[\"http:\/\/denizcankizil.tr\"],\"url\":\"https:\/\/www.iskenderun.org\/izmitte-kotu-muameleli-pazarciya-tezgah-men-cezasi\"}]}<\/script>\n<!-- \/ Yoast SEO Premium plugin. -->","yoast_head_json":{"title":"\u0130zmit'te k\u00f6t\u00fc muameleli pazarc\u0131ya 'tezg\u00e2h men' cezas\u0131! - Av. Deniz Can K\u0131z\u0131l","robots":{"index":"index","follow":"follow","max-snippet":"max-snippet:-1","max-image-preview":"max-image-preview:large","max-video-preview":"max-video-preview:-1"},"canonical":"https:\/\/denizcankizil.tr\/uk\/haberler\/gundem\/izmitte-kotu-muameleli-pazarciya-tezgah-men-cezasi\/","og_locale":"uk_UA","og_type":"article","og_title":"\u0130zmit'te k\u00f6t\u00fc muameleli pazarc\u0131ya 'tezg\u00e2h men' cezas\u0131!","og_description":"\u0130zmit Do\u011fu K\u0131\u015fla Per\u015fembe Pazar\u0131\u2019nda vatanda\u015fa k\u00f6t\u00fc muamelede bulunan bir pazarc\u0131 esnaf\u0131, \u0130zmit zab\u0131ta ekiplerinin denetimi sonucu 1 hafta tezg\u00e2h a\u00e7maktan men edildiKOCAEL\u0130 (\u0130GFA) &#8211; \u0130zmit Belediyesi Zab\u0131ta M\u00fcd\u00fcrl\u00fc\u011f\u00fc ekipleri, pazar alanlar\u0131nda s\u00fcrd\u00fcrd\u00fc\u011f\u00fc denetimlerle halk\u0131n huzur ve g\u00fcvenli\u011fini sa\u011flamaya devam ediyor. Bu kapsamda Do\u011fu K\u0131\u015fla Per\u015fembe Pazar\u0131\u2019nda 29 May\u0131s tarihinde yap\u0131lan kontrollerde, bir pazarc\u0131 esnaf\u0131n\u0131n vatanda\u015fa s\u00f6zl\u00fc ve fiil\u00ee m\u00fcdahalede bulundu\u011fu tespit edildi. Yap\u0131lan tespitler do\u011frultusunda, s\u00f6z konusu esnaf\u0131n pazar tezg\u00e2h yeri, Pazar Yerleri Y\u00f6netmeli\u011fi h\u00fck\u00fcmlerine g\u00f6re \u0130zmit Belediyesi Enc\u00fcmeni taraf\u0131ndan 5 Haziran tarihinde al\u0131nan kararla 1 hafta s\u00fcreyle faaliyetten men edildi. Esnaf\u0131n tezg\u00e2h a\u00e7mas\u0131na izin verilmedi. Men edilen alan\u0131n \u00fczerine, vatanda\u015flar\u0131n bilgilendirilmesi amac\u0131yla, \u201cPazar yerinde t\u00fcketiciye kar\u015f\u0131 s\u00f6zl\u00fc ve fiil\u00ee k\u00f6t\u00fc muamelede bulunulmas\u0131 nedeniyle bu alan bir hafta s\u00fcreyle faaliyetten men edilmi\u015ftir\u201d yaz\u0131s\u0131 as\u0131ld\u0131. \u200b\u0130zmit Do\u011fu K\u0131\u015fla Per\u015fembe Pazar\u0131\u2019nda vatanda\u015fa k\u00f6t\u00fc muamelede bulunan bir pazarc\u0131 esnaf\u0131, \u0130zmit zab\u0131ta ekiplerinin denetimi sonucu 1 hafta tezg\u00e2h a\u00e7maktan men edildiKOCAEL\u0130 (\u0130GFA) &#8211; \u0130zmit Belediyesi Zab\u0131ta M\u00fcd\u00fcrl\u00fc\u011f\u00fc ekipleri, pazar alanlar\u0131nda s\u00fcrd\u00fcrd\u00fc\u011f\u00fc denetimlerle halk\u0131n huzur ve g\u00fcvenli\u011fini sa\u011flamaya devam ediyor. Bu kapsamda Do\u011fu K\u0131\u015fla Per\u015fembe Pazar\u0131\u2019nda 29 May\u0131s tarihinde yap\u0131lan kontrollerde, bir pazarc\u0131 esnaf\u0131n\u0131n vatanda\u015fa s\u00f6zl\u00fc ve fiil\u00ee m\u00fcdahalede bulundu\u011fu tespit edildi. Yap\u0131lan tespitler do\u011frultusunda, s\u00f6z konusu esnaf\u0131n pazar tezg\u00e2h yeri, Pazar Yerleri Y\u00f6netmeli\u011fi &hellip;","og_url":"https:\/\/denizcankizil.tr\/uk\/haberler\/gundem\/izmitte-kotu-muameleli-pazarciya-tezgah-men-cezasi\/","og_site_name":"Av. Deniz Can K\u0131z\u0131l","article_published_time":"2025-06-12T15:42:59+00:00","author":"admin","twitter_card":"summary_large_image","twitter_misc":{"\u041d\u0430\u043f\u0438\u0441\u0430\u043d\u043e":"admin","\u041f\u0440\u0438\u0431\u043b. \u0447\u0430\u0441 \u0447\u0438\u0442\u0430\u043d\u043d\u044f":"2 \u0445\u0432\u0438\u043b\u0438\u043d\u0438"},"schema":{"@context":"https:\/\/schema.org","@graph":[{"@type":"Article","@id":"https:\/\/denizcankizil.tr\/en\/haberler\/gundem\/izmitte-kotu-muameleli-pazarciya-tezgah-men-cezasi\/#article","isPartOf":{"@id":"https:\/\/denizcankizil.tr\/en\/haberler\/gundem\/izmitte-kotu-muameleli-pazarciya-tezgah-men-cezasi\/"},"author":{"name":"admin","@id":"https:\/\/denizcankizil.tr\/de\/#\/schema\/person\/be3c05fe6a12686905512445d8185489"},"headline":"\u0130zmit&#8217;te k\u00f6t\u00fc muameleli pazarc\u0131ya &#8216;tezg\u00e2h men&#8217; cezas\u0131!","datePublished":"2025-06-12T15:42:59+00:00","mainEntityOfPage":{"@id":"https:\/\/denizcankizil.tr\/en\/haberler\/gundem\/izmitte-kotu-muameleli-pazarciya-tezgah-men-cezasi\/"},"wordCount":381,"publisher":{"@id":"https:\/\/denizcankizil.tr\/de\/#organization"},"articleSection":["G\u00fcndem"],"inLanguage":"uk"},{"@type":"WebPage","@id":"https:\/\/denizcankizil.tr\/en\/haberler\/gundem\/izmitte-kotu-muameleli-pazarciya-tezgah-men-cezasi\/","url":"https:\/\/denizcankizil.tr\/en\/haberler\/gundem\/izmitte-kotu-muameleli-pazarciya-tezgah-men-cezasi\/","name":"\u0130zmit'te k\u00f6t\u00fc muameleli pazarc\u0131ya 'tezg\u00e2h men' cezas\u0131! - Av. Deniz Can K\u0131z\u0131l","isPartOf":{"@id":"https:\/\/denizcankizil.tr\/de\/#website"},"datePublished":"2025-06-12T15:42:59+00:00","breadcrumb":{"@id":"https:\/\/denizcankizil.tr\/en\/haberler\/gundem\/izmitte-kotu-muameleli-pazarciya-tezgah-men-cezasi\/#breadcrumb"},"inLanguage":"uk","potentialAction":[{"@type":"ReadAction","target":["https:\/\/denizcankizil.tr\/en\/haberler\/gundem\/izmitte-kotu-muameleli-pazarciya-tezgah-men-cezasi\/"]}]},{"@type":"BreadcrumbList","@id":"https:\/\/denizcankizil.tr\/en\/haberler\/gundem\/izmitte-kotu-muameleli-pazarciya-tezgah-men-cezasi\/#breadcrumb","itemListElement":[{"@type":"ListItem","position":1,"name":"Home","item":"https:\/\/denizcankizil.tr\/de\/"},{"@type":"ListItem","position":2,"name":"\u0130zmit&#8217;te k\u00f6t\u00fc muameleli pazarc\u0131ya &#8216;tezg\u00e2h men&#8217; cezas\u0131!"}]},{"@type":"WebSite","@id":"https:\/\/denizcankizil.tr\/de\/#website","url":"https:\/\/denizcankizil.tr\/de\/","name":"Av. Deniz Can K\u0131z\u0131l","description":"Avukat Deniz Can K\u0131z\u0131l Antalya Barosu","publisher":{"@id":"https:\/\/denizcankizil.tr\/de\/#organization"},"potentialAction":[{"@type":"SearchAction","target":{"@type":"EntryPoint","urlTemplate":"https:\/\/denizcankizil.tr\/de\/?s={search_term_string}"},"query-input":{"@type":"PropertyValueSpecification","valueRequired":true,"valueName":"search_term_string"}}],"inLanguage":"uk"},{"@type":"Organization","@id":"https:\/\/denizcankizil.tr\/de\/#organization","name":"Av. Deniz Can K\u0131z\u0131l","url":"https:\/\/denizcankizil.tr\/de\/","logo":{"@type":"ImageObject","inLanguage":"uk","@id":"https:\/\/denizcankizil.tr\/de\/#\/schema\/logo\/image\/","url":"https:\/\/denizcankizil.tr\/wp-content\/uploads\/2024\/10\/siyah-logo-svg.svg","contentUrl":"https:\/\/denizcankizil.tr\/wp-content\/uploads\/2024\/10\/siyah-logo-svg.svg","width":1080,"height":1080,"caption":"Av. Deniz Can K\u0131z\u0131l"},"image":{"@id":"https:\/\/denizcankizil.tr\/de\/#\/schema\/logo\/image\/"}},{"@type":"Person","@id":"https:\/\/denizcankizil.tr\/de\/#\/schema\/person\/be3c05fe6a12686905512445d8185489","name":"\u0430\u0434\u043c\u0456\u043d","image":{"@type":"ImageObject","inLanguage":"uk","@id":"https:\/\/denizcankizil.tr\/de\/#\/schema\/person\/image\/","url":"https:\/\/secure.gravatar.com\/avatar\/c1fce94c830dc79107e174f890d7210541c4a63e8e5d816341794a2151c9d58c?s=96&d=mm&r=g","contentUrl":"https:\/\/secure.gravatar.com\/avatar\/c1fce94c830dc79107e174f890d7210541c4a63e8e5d816341794a2151c9d58c?s=96&d=mm&r=g","caption":"admin"},"sameAs":["http:\/\/denizcankizil.tr"],"url":"https:\/\/www.iskenderun.org\/izmitte-kotu-muameleli-pazarciya-tezgah-men-cezasi"}]}},"_links":{"self":[{"href":"https:\/\/denizcankizil.tr\/uk\/wp-json\/wp\/v2\/posts\/114484","targetHints":{"allow":["GET"]}}],"collection":[{"href":"https:\/\/denizcankizil.tr\/uk\/wp-json\/wp\/v2\/posts"}],"about":[{"href":"https:\/\/denizcankizil.tr\/uk\/wp-json\/wp\/v2\/types\/post"}],"author":[{"embeddable":true,"href":"https:\/\/denizcankizil.tr\/uk\/wp-json\/wp\/v2\/users\/1"}],"replies":[{"embeddable":true,"href":"https:\/\/denizcankizil.tr\/uk\/wp-json\/wp\/v2\/comments?post=114484"}],"version-history":[{"count":0,"href":"https:\/\/denizcankizil.tr\/uk\/wp-json\/wp\/v2\/posts\/114484\/revisions"}],"wp:attachment":[{"href":"https:\/\/denizcankizil.tr\/uk\/wp-json\/wp\/v2\/media?parent=114484"}],"wp:term":[{"taxonomy":"category","embeddable":true,"href":"https:\/\/denizcankizil.tr\/uk\/wp-json\/wp\/v2\/categories?post=114484"},{"taxonomy":"post_tag","embeddable":true,"href":"https:\/\/denizcankizil.tr\/uk\/wp-json\/wp\/v2\/tags?post=114484"}],"curies":[{"name":"wp","href":"https:\/\/api.w.org\/{rel}","templated":true}]}}